{"id":32560,"date":"2024-01-25T13:53:22","date_gmt":"2024-01-25T12:53:22","guid":{"rendered":"https:\/\/digidem-bayern.de\/?p=32560"},"modified":"2024-01-26T11:01:21","modified_gmt":"2024-01-26T10:01:21","slug":"digital-die-stigmatisierung-von-demenz-reduzieren-2","status":"publish","type":"post","link":"https:\/\/digidem-bayern.de\/en\/digital-die-stigmatisierung-von-demenz-reduzieren-2\/","title":{"rendered":"Digital die Stigmatisierung von Demenz reduzieren"},"content":{"rendered":"<p><strong>Demenz gilt als stigmatisierte Erkrankung. Vorurteile zu ertragen oder Diskriminierung aushalten zu m\u00fcssen: In der \u00d6ffentlichkeit ist Demenz mit einer Stigmatisierung verbunden, die zu geringem Selbstwertgef\u00fchl, Isolation oder schlechter psychischer Gesundheit f\u00fchren kann.<\/strong><\/p>\n\n\n\n<p>Die Stigmatisierung von Demenz in der \u00d6ffentlichkeit zu reduzieren \u2013 darauf zielte das DESeRvE ab, ein Programm zur Steigerung des demenzbezogenen Wissens und der Reduzierung von Stigmata in der Bev\u00f6lkerung unter anderem mit Hilfe des Einsatzes von Technik. Wie wirksam das Programm ist, haben australische und israelische Wissenschaftlerinnen untersucht. Im Ergebnis kommen sie zu dem Schluss: Speziell Menschen \u201emit einem h\u00f6heren Grad an Stigmatisierung\u201c profitieren von dem Programm. An der Studie nahmen insgesamt 1024 Australier*innen im Alter zwischen 40 und 87 Jahren teil. Jede teilnehmende Person absolvierte das Programm \u00fcber einen Zeitraum von 12 Wochen.<\/p>\n\n\n\n<div style=\"height:10px\" aria-hidden=\"true\" class=\"wp-block-spacer\"><\/div>\n\n\n\n<div class=\"wp-block-columns is-layout-flex wp-container-core-columns-is-layout-9d6595d7 wp-block-columns-is-layout-flex\">\n<div class=\"wp-block-column is-layout-flow wp-block-column-is-layout-flow\" style=\"flex-basis:20%\"><\/div>\n\n\n\n<div class=\"wp-block-column is-layout-flow wp-block-column-is-layout-flow\" style=\"flex-basis:60%\">\n<p class=\"has-text-align-center\"><strong>\u201eDie Ergebnisse zeigen, dass digitale Programme das Potential haben, das demenzbezogene Wissen in der Gesellschaft zu erh\u00f6hen und Stigmata abzubauen. Allerdings ben\u00f6tigt letzteres durchaus Zeit.\u201c<\/strong><\/p>\n\n\n\n<p class=\"has-text-align-center\"><strong>Nikolas Dietzel, digiDEM Bayern-Wissenschaftler<\/strong><\/p>\n<\/div>\n\n\n\n<div class=\"wp-block-column is-layout-flow wp-block-column-is-layout-flow\" style=\"flex-basis:20%\"><\/div>\n<\/div>\n\n\n\n<div style=\"height:10px\" aria-hidden=\"true\" class=\"wp-block-spacer\"><\/div>\n\n\n\n<p>In der Studie kam zum Beispiel ein Online-Ma\u00dfnahmenprogramm zum Einsatz. Hierbei erhielten die Studienteilnehmenden der Gruppe \u201eBildung\u201c demenzbezogene Informationen hinsichtlich Definition, Symptomen, Krankheitsursachen und Behandlungen von und bei Demenz.<\/p>\n\n\n\n<p>In der Gruppe \u201eKontakt\u201c sahen sich die Teilnehmenden Videoclips an, die veranschaulichten, wie es ist, mit Demenz zu leben und wie es ist, wenn man sich um einen Menschen mit Demenz k\u00fcmmert. Au\u00dferdem durften die Teilnehmenden ausw\u00e4hlen, was sie von Menschen mit Demenz oder Menschen, die jemanden mit Demenz unterst\u00fctzen, lernen m\u00f6chten. Als Antwort wurden ihnen relevante, zuvor aufgezeichnete Videoclips zugespielt. Diese Vorgehensweise entsprach einem simulierten Kontakt mit Menschen mit Demenz und Betreuenden.<\/p>\n\n\n\n<p>Bildung und Kontakt mit Betroffenen, alleine oder in Kombination, zeigten Effekte f\u00fcr die Reduktion von Stigmata. Auch das Wissen zum Thema Demenz verbesserte sich nach Teilnahme an dem Programm signifikant.<\/p>\n\n\n\n<p><strong>Tipp f\u00fcr die Praxis:<\/strong><\/p>\n\n\n\n<p>Die F\u00f6rderung und Nutzung digitaler Programme zur Verbesserung des demenzbezogenen Wissens und zum Abbau von Vorurteilen ist zu grunds\u00e4tzlich empfehlen. F\u00fcr jedes Programm gilt jedoch, die individuelle Wirksamkeit zu \u00fcberpr\u00fcfen.<\/p>\n\n\n\n<p><a href=\"https:\/\/pubmed.ncbi.nlm.nih.gov\/33517746\/\">Hier gelangen Sie zur Studie.<\/a><\/p>\n\n\n\n<p style=\"font-size:20px\"><\/p>\n\n\n\n<div style=\"height:20px\" aria-hidden=\"true\" class=\"wp-block-spacer\"><\/div>\n\n\n\n<div style=\"height:20px\" aria-hidden=\"true\" class=\"wp-block-spacer\"><\/div>","protected":false},"excerpt":{"rendered":"<p>Demenz gilt als stigmatisierte Erkrankung. Vorurteile zu ertragen oder Diskriminierung aushalten zu m\u00fcssen: In der \u00d6ffentlichkeit ist Demenz mit einer Stigmatisierung verbunden, die zu geringem Selbstwertgef\u00fchl, Isolation oder schlechter psychischer Gesundheit f\u00fchren kann. Die Stigmatisierung von Demenz in der \u00d6ffentlichkeit zu reduzieren \u2013 darauf zielte das DESeRvE ab, ein Programm &hellip;<\/p>","protected":false},"author":12,"featured_media":32635,"comment_status":"open","ping_status":"closed","sticky":false,"template":"","format":"standard","meta":{"qubely_global_settings":"","qubely_interactions":"","_uag_custom_page_level_css":"","footnotes":""},"categories":[8,5],"tags":[13,920,28,12,112,17,919,918,55,921,79,922,923,487],"class_list":["post-32560","post","type-post","status-publish","format-standard","has-post-thumbnail","hentry","category-aktuelles-zu-digidem","category-wissenschaft-forschung","tag-alzheimer","tag-australien","tag-bayern","tag-demenz-2","tag-demenzdiagnose","tag-digidem-bayern","tag-digidem-bayern-digital-update","tag-digital-update","tag-digitales-demenzregister-bayern","tag-israel","tag-stigmatisierung","tag-videoclip","tag-vorurteile","tag-wirksamkeit"],"qubely_featured_image_url":{"full":["https:\/\/digidem-bayern.de\/wp-content\/uploads\/2024\/01\/2024-01-25_fi-DIGITAL_UPDATE_QUADRAT_v2.png",1080,1080,false],"landscape":["https:\/\/digidem-bayern.de\/wp-content\/uploads\/2024\/01\/2024-01-25_fi-DIGITAL_UPDATE_QUADRAT_v2-1080x750.png",1080,750,true],"portraits":["https:\/\/digidem-bayern.de\/wp-content\/uploads\/2024\/01\/2024-01-25_fi-DIGITAL_UPDATE_QUADRAT_v2-540x320.png",540,320,true],"thumbnail":["https:\/\/digidem-bayern.de\/wp-content\/uploads\/2024\/01\/2024-01-25_fi-DIGITAL_UPDATE_QUADRAT_v2-80x80.png",80,80,true],"medium":["https:\/\/digidem-bayern.de\/wp-content\/uploads\/2024\/01\/2024-01-25_fi-DIGITAL_UPDATE_QUADRAT_v2-300x300.png",300,300,true],"medium_large":["https:\/\/digidem-bayern.de\/wp-content\/uploads\/2024\/01\/2024-01-25_fi-DIGITAL_UPDATE_QUADRAT_v2-768x768.png",768,768,true],"large":["https:\/\/digidem-bayern.de\/wp-content\/uploads\/2024\/01\/2024-01-25_fi-DIGITAL_UPDATE_QUADRAT_v2-1030x1030.png",1030,1030,true],"1536x1536":["https:\/\/digidem-bayern.de\/wp-content\/uploads\/2024\/01\/2024-01-25_fi-DIGITAL_UPDATE_QUADRAT_v2.png",1080,1080,false],"2048x2048":["https:\/\/digidem-bayern.de\/wp-content\/uploads\/2024\/01\/2024-01-25_fi-DIGITAL_UPDATE_QUADRAT_v2.png",1080,1080,false],"trp-custom-language-flag":["https:\/\/digidem-bayern.de\/wp-content\/uploads\/2024\/01\/2024-01-25_fi-DIGITAL_UPDATE_QUADRAT_v2.png",12,12,false],"qubely_landscape":["https:\/\/digidem-bayern.de\/wp-content\/uploads\/2024\/01\/2024-01-25_fi-DIGITAL_UPDATE_QUADRAT_v2-1080x750.png",1080,750,true],"qubely_portrait":["https:\/\/digidem-bayern.de\/wp-content\/uploads\/2024\/01\/2024-01-25_fi-DIGITAL_UPDATE_QUADRAT_v2-540x320.png",540,320,true],"qubely_thumbnail":["https:\/\/digidem-bayern.de\/wp-content\/uploads\/2024\/01\/2024-01-25_fi-DIGITAL_UPDATE_QUADRAT_v2-140x100.png",140,100,true],"post-thumbnail":["https:\/\/digidem-bayern.de\/wp-content\/uploads\/2024\/01\/2024-01-25_fi-DIGITAL_UPDATE_QUADRAT_v2-350x350.png",350,350,true],"kahuna-featured":["https:\/\/digidem-bayern.de\/wp-content\/uploads\/2024\/01\/2024-01-25_fi-DIGITAL_UPDATE_QUADRAT_v2-734x350.png",734,350,true],"kahuna-featured-lp":["https:\/\/digidem-bayern.de\/wp-content\/uploads\/2024\/01\/2024-01-25_fi-DIGITAL_UPDATE_QUADRAT_v2-520x350.png",520,350,true],"kahuna-featured-half":["https:\/\/digidem-bayern.de\/wp-content\/uploads\/2024\/01\/2024-01-25_fi-DIGITAL_UPDATE_QUADRAT_v2-800x350.png",800,350,true],"kahuna-featured-third":["https:\/\/digidem-bayern.de\/wp-content\/uploads\/2024\/01\/2024-01-25_fi-DIGITAL_UPDATE_QUADRAT_v2-512x350.png",512,350,true],"kahuna-lpbox-1":["https:\/\/digidem-bayern.de\/wp-content\/uploads\/2024\/01\/2024-01-25_fi-DIGITAL_UPDATE_QUADRAT_v2-520x300.png",520,300,true],"kahuna-lpbox-2":["https:\/\/digidem-bayern.de\/wp-content\/uploads\/2024\/01\/2024-01-25_fi-DIGITAL_UPDATE_QUADRAT_v2-520x350.png",520,350,true],"demand-language-flag":["https:\/\/digidem-bayern.de\/wp-content\/uploads\/2024\/01\/2024-01-25_fi-DIGITAL_UPDATE_QUADRAT_v2-36x36.png",36,36,true],"dddkt-language-flag":["https:\/\/digidem-bayern.de\/wp-content\/uploads\/2024\/01\/2024-01-25_fi-DIGITAL_UPDATE_QUADRAT_v2-36x36.png",36,36,true],"ddiqc-language-flag":["https:\/\/digidem-bayern.de\/wp-content\/uploads\/2024\/01\/2024-01-25_fi-DIGITAL_UPDATE_QUADRAT_v2-36x36.png",36,36,true],"ddtl-language-flag":["https:\/\/digidem-bayern.de\/wp-content\/uploads\/2024\/01\/2024-01-25_fi-DIGITAL_UPDATE_QUADRAT_v2-36x36.png",36,36,true],"mailpoet_newsletter_max":["https:\/\/digidem-bayern.de\/wp-content\/uploads\/2024\/01\/2024-01-25_fi-DIGITAL_UPDATE_QUADRAT_v2.png",1080,1080,false],"kahuna-lpbox-3":["https:\/\/digidem-bayern.de\/wp-content\/uploads\/2024\/01\/2024-01-25_fi-DIGITAL_UPDATE_QUADRAT_v2-520x350.png",520,350,true],"kahuna-featured-square":["https:\/\/digidem-bayern.de\/wp-content\/uploads\/2024\/01\/2024-01-25_fi-DIGITAL_UPDATE_QUADRAT_v2-512x512.png",512,512,true],"kahuna-featured-square-large":["https:\/\/digidem-bayern.de\/wp-content\/uploads\/2024\/01\/2024-01-25_fi-DIGITAL_UPDATE_QUADRAT_v2-1024x1024.png",1024,1024,true]},"qubely_author":{"display_name":"Ilona H\u00f6rath","author_link":"https:\/\/digidem-bayern.de\/en\/author\/hoeratia\/"},"qubely_comment":0,"qubely_category":"<a href=\"https:\/\/digidem-bayern.de\/en\/category\/aktuelles-zu-digidem\/\" rel=\"category tag\">Aktuelles zu digiDEM<\/a> <a href=\"https:\/\/digidem-bayern.de\/en\/category\/wissenschaft-forschung\/\" rel=\"category tag\">Wissenschaft &amp; Forschung<\/a>","qubely_excerpt":"Demenz gilt als stigmatisierte Erkrankung. Vorurteile zu ertragen oder Diskriminierung aushalten zu m\u00fcssen: In der \u00d6ffentlichkeit ist Demenz mit einer Stigmatisierung verbunden, die zu geringem Selbstwertgef\u00fchl, Isolation oder schlechter psychischer Gesundheit f\u00fchren kann. Die Stigmatisierung von Demenz in der \u00d6ffentlichkeit zu reduzieren \u2013 darauf zielte das DESeRvE ab, ein Programm &hellip;","featured_image_urls_v2":{"full":["https:\/\/digidem-bayern.de\/wp-content\/uploads\/2024\/01\/2024-01-25_fi-DIGITAL_UPDATE_QUADRAT_v2.png",1080,1080,false],"thumbnail":["https:\/\/digidem-bayern.de\/wp-content\/uploads\/2024\/01\/2024-01-25_fi-DIGITAL_UPDATE_QUADRAT_v2-80x80.png",80,80,true],"medium":["https:\/\/digidem-bayern.de\/wp-content\/uploads\/2024\/01\/2024-01-25_fi-DIGITAL_UPDATE_QUADRAT_v2-300x300.png",300,300,true],"medium_large":["https:\/\/digidem-bayern.de\/wp-content\/uploads\/2024\/01\/2024-01-25_fi-DIGITAL_UPDATE_QUADRAT_v2-768x768.png",768,768,true],"large":["https:\/\/digidem-bayern.de\/wp-content\/uploads\/2024\/01\/2024-01-25_fi-DIGITAL_UPDATE_QUADRAT_v2-1030x1030.png",1030,1030,true],"1536x1536":["https:\/\/digidem-bayern.de\/wp-content\/uploads\/2024\/01\/2024-01-25_fi-DIGITAL_UPDATE_QUADRAT_v2.png",1080,1080,false],"2048x2048":["https:\/\/digidem-bayern.de\/wp-content\/uploads\/2024\/01\/2024-01-25_fi-DIGITAL_UPDATE_QUADRAT_v2.png",1080,1080,false],"trp-custom-language-flag":["https:\/\/digidem-bayern.de\/wp-content\/uploads\/2024\/01\/2024-01-25_fi-DIGITAL_UPDATE_QUADRAT_v2.png",12,12,false],"qubely_landscape":["https:\/\/digidem-bayern.de\/wp-content\/uploads\/2024\/01\/2024-01-25_fi-DIGITAL_UPDATE_QUADRAT_v2-1080x750.png",1080,750,true],"qubely_portrait":["https:\/\/digidem-bayern.de\/wp-content\/uploads\/2024\/01\/2024-01-25_fi-DIGITAL_UPDATE_QUADRAT_v2-540x320.png",540,320,true],"qubely_thumbnail":["https:\/\/digidem-bayern.de\/wp-content\/uploads\/2024\/01\/2024-01-25_fi-DIGITAL_UPDATE_QUADRAT_v2-140x100.png",140,100,true],"post-thumbnail":["https:\/\/digidem-bayern.de\/wp-content\/uploads\/2024\/01\/2024-01-25_fi-DIGITAL_UPDATE_QUADRAT_v2-350x350.png",350,350,true],"kahuna-featured":["https:\/\/digidem-bayern.de\/wp-content\/uploads\/2024\/01\/2024-01-25_fi-DIGITAL_UPDATE_QUADRAT_v2-734x350.png",734,350,true],"kahuna-featured-lp":["https:\/\/digidem-bayern.de\/wp-content\/uploads\/2024\/01\/2024-01-25_fi-DIGITAL_UPDATE_QUADRAT_v2-520x350.png",520,350,true],"kahuna-featured-half":["https:\/\/digidem-bayern.de\/wp-content\/uploads\/2024\/01\/2024-01-25_fi-DIGITAL_UPDATE_QUADRAT_v2-800x350.png",800,350,true],"kahuna-featured-third":["https:\/\/digidem-bayern.de\/wp-content\/uploads\/2024\/01\/2024-01-25_fi-DIGITAL_UPDATE_QUADRAT_v2-512x350.png",512,350,true],"kahuna-lpbox-1":["https:\/\/digidem-bayern.de\/wp-content\/uploads\/2024\/01\/2024-01-25_fi-DIGITAL_UPDATE_QUADRAT_v2-520x300.png",520,300,true],"kahuna-lpbox-2":["https:\/\/digidem-bayern.de\/wp-content\/uploads\/2024\/01\/2024-01-25_fi-DIGITAL_UPDATE_QUADRAT_v2-520x350.png",520,350,true],"demand-language-flag":["https:\/\/digidem-bayern.de\/wp-content\/uploads\/2024\/01\/2024-01-25_fi-DIGITAL_UPDATE_QUADRAT_v2-36x36.png",36,36,true],"dddkt-language-flag":["https:\/\/digidem-bayern.de\/wp-content\/uploads\/2024\/01\/2024-01-25_fi-DIGITAL_UPDATE_QUADRAT_v2-36x36.png",36,36,true],"ddiqc-language-flag":["https:\/\/digidem-bayern.de\/wp-content\/uploads\/2024\/01\/2024-01-25_fi-DIGITAL_UPDATE_QUADRAT_v2-36x36.png",36,36,true],"ddtl-language-flag":["https:\/\/digidem-bayern.de\/wp-content\/uploads\/2024\/01\/2024-01-25_fi-DIGITAL_UPDATE_QUADRAT_v2-36x36.png",36,36,true],"mailpoet_newsletter_max":["https:\/\/digidem-bayern.de\/wp-content\/uploads\/2024\/01\/2024-01-25_fi-DIGITAL_UPDATE_QUADRAT_v2.png",1080,1080,false],"kahuna-lpbox-3":["https:\/\/digidem-bayern.de\/wp-content\/uploads\/2024\/01\/2024-01-25_fi-DIGITAL_UPDATE_QUADRAT_v2-520x350.png",520,350,true],"kahuna-featured-square":["https:\/\/digidem-bayern.de\/wp-content\/uploads\/2024\/01\/2024-01-25_fi-DIGITAL_UPDATE_QUADRAT_v2-512x512.png",512,512,true],"kahuna-featured-square-large":["https:\/\/digidem-bayern.de\/wp-content\/uploads\/2024\/01\/2024-01-25_fi-DIGITAL_UPDATE_QUADRAT_v2-1024x1024.png",1024,1024,true]},"post_excerpt_stackable_v2":"<p>Demenz gilt als stigmatisierte Erkrankung. Vorurteile zu ertragen oder Diskriminierung aushalten zu m\u00fcssen: In der \u00d6ffentlichkeit ist Demenz mit einer Stigmatisierung verbunden, die zu geringem Selbstwertgef\u00fchl, Isolation oder schlechter psychischer Gesundheit f\u00fchren kann. Die Stigmatisierung von Demenz in der \u00d6ffentlichkeit zu reduzieren \u2013 darauf zielte das DESeRvE ab, ein Programm zur Steigerung des demenzbezogenen Wissens und der Reduzierung von Stigmata in der Bev\u00f6lkerung unter anderem mit Hilfe des Einsatzes von Technik. Wie wirksam das Programm ist, haben australische und israelische Wissenschaftlerinnen untersucht. Im Ergebnis kommen sie zu dem Schluss: Speziell Menschen \u201emit einem h\u00f6heren Grad an Stigmatisierung\u201c profitieren von dem&hellip;<\/p>\n","category_list_v2":"<a href=\"https:\/\/digidem-bayern.de\/en\/category\/aktuelles-zu-digidem\/\" rel=\"category tag\">Aktuelles zu digiDEM<\/a>, <a href=\"https:\/\/digidem-bayern.de\/en\/category\/wissenschaft-forschung\/\" rel=\"category tag\">Wissenschaft &amp; Forschung<\/a>","author_info_v2":{"name":"Ilona H\u00f6rath","url":"https:\/\/digidem-bayern.de\/en\/author\/hoeratia\/"},"comments_num_v2":"0 comments","yoast_head":"<!-- This site is optimized with the Yoast SEO plugin v27.5 - https:\/\/yoast.com\/product\/yoast-seo-wordpress\/ -->\n<title>Digital die Stigmatisierung von Demenz reduzieren - digiDEM Bayern<\/title>\n<meta name=\"description\" content=\"Der Bayerische Landesapothekerkammer unterst\u00fctzt digiDEM Bayern mit Hilfe des Netzwerks &quot;Demenzfreundliche Apotheken&quot;.\" \/>\n<meta name=\"robots\" content=\"index, follow, max-snippet:-1, max-image-preview:large, max-video-preview:-1\" \/>\n<link rel=\"canonical\" href=\"https:\/\/digidem-bayern.de\/en\/digital-die-stigmatisierung-von-demenz-reduzieren-2\/\" \/>\n<meta property=\"og:locale\" content=\"en_US\" \/>\n<meta property=\"og:type\" content=\"article\" \/>\n<meta property=\"og:title\" content=\"Digital die Stigmatisierung von Demenz reduzieren - digiDEM Bayern\" \/>\n<meta property=\"og:description\" content=\"Der Bayerische Landesapothekerkammer unterst\u00fctzt digiDEM Bayern mit Hilfe des Netzwerks &quot;Demenzfreundliche Apotheken&quot;.\" \/>\n<meta property=\"og:url\" content=\"https:\/\/digidem-bayern.de\/en\/digital-die-stigmatisierung-von-demenz-reduzieren-2\/\" \/>\n<meta property=\"og:site_name\" content=\"digiDEM Bayern\" \/>\n<meta property=\"article:publisher\" content=\"https:\/\/www.facebook.com\/digiDEMBayern\/\" \/>\n<meta property=\"article:published_time\" content=\"2024-01-25T12:53:22+00:00\" \/>\n<meta property=\"article:modified_time\" content=\"2024-01-26T10:01:21+00:00\" \/>\n<meta property=\"og:image\" content=\"https:\/\/digidem-bayern.de\/wp-content\/uploads\/2024\/01\/2024-01-25_fi-DIGITAL_UPDATE_QUADRAT_v2.png\" \/>\n\t<meta property=\"og:image:width\" content=\"1080\" \/>\n\t<meta property=\"og:image:height\" content=\"1080\" \/>\n\t<meta property=\"og:image:type\" content=\"image\/png\" \/>\n<meta name=\"author\" content=\"Ilona H\u00f6rath\" \/>\n<meta name=\"twitter:label1\" content=\"Written by\" \/>\n\t<meta name=\"twitter:data1\" content=\"Ilona H\u00f6rath\" \/>\n\t<meta name=\"twitter:label2\" content=\"Est. reading time\" \/>\n\t<meta name=\"twitter:data2\" content=\"2 minutes\" \/>\n<script type=\"application\/ld+json\" class=\"yoast-schema-graph\">{\"@context\":\"https:\\\/\\\/schema.org\",\"@graph\":[{\"@type\":\"Article\",\"@id\":\"https:\\\/\\\/digidem-bayern.de\\\/digital-die-stigmatisierung-von-demenz-reduzieren-2\\\/#article\",\"isPartOf\":{\"@id\":\"https:\\\/\\\/digidem-bayern.de\\\/digital-die-stigmatisierung-von-demenz-reduzieren-2\\\/\"},\"author\":{\"name\":\"Ilona H\u00f6rath\",\"@id\":\"\\\/#\\\/schema\\\/person\\\/0bc1494f46fc2a051c761322a80e0941\"},\"headline\":\"Digital die Stigmatisierung von Demenz reduzieren\",\"datePublished\":\"2024-01-25T12:53:22+00:00\",\"dateModified\":\"2024-01-26T10:01:21+00:00\",\"mainEntityOfPage\":{\"@id\":\"https:\\\/\\\/digidem-bayern.de\\\/digital-die-stigmatisierung-von-demenz-reduzieren-2\\\/\"},\"wordCount\":349,\"commentCount\":0,\"publisher\":{\"@id\":\"\\\/#organization\"},\"image\":{\"@id\":\"https:\\\/\\\/digidem-bayern.de\\\/digital-die-stigmatisierung-von-demenz-reduzieren-2\\\/#primaryimage\"},\"thumbnailUrl\":\"https:\\\/\\\/digidem-bayern.de\\\/wp-content\\\/uploads\\\/2024\\\/01\\\/2024-01-25_fi-DIGITAL_UPDATE_QUADRAT_v2.png\",\"keywords\":[\"Alzheimer\",\"Australien\",\"Bayern\",\"Demenz\",\"Demenzdiagnose\",\"digidem Bayern\",\"digiDEM Bayern DIGITAL UPDATE\",\"DIGITAL UPDATE\",\"Digitales Demenzregister Bayern\",\"Israel\",\"Stigmatisierung\",\"Videoclip\",\"Vorurteile\",\"Wirksamkeit\"],\"articleSection\":[\"Aktuelles zu digiDEM\",\"Wissenschaft &amp; Forschung\"],\"inLanguage\":\"en-US\",\"potentialAction\":[{\"@type\":\"CommentAction\",\"name\":\"Comment\",\"target\":[\"https:\\\/\\\/digidem-bayern.de\\\/digital-die-stigmatisierung-von-demenz-reduzieren-2\\\/#respond\"]}]},{\"@type\":\"WebPage\",\"@id\":\"https:\\\/\\\/digidem-bayern.de\\\/digital-die-stigmatisierung-von-demenz-reduzieren-2\\\/\",\"url\":\"https:\\\/\\\/digidem-bayern.de\\\/digital-die-stigmatisierung-von-demenz-reduzieren-2\\\/\",\"name\":\"Digital die Stigmatisierung von Demenz reduzieren - digiDEM Bayern\",\"isPartOf\":{\"@id\":\"\\\/#website\"},\"primaryImageOfPage\":{\"@id\":\"https:\\\/\\\/digidem-bayern.de\\\/digital-die-stigmatisierung-von-demenz-reduzieren-2\\\/#primaryimage\"},\"image\":{\"@id\":\"https:\\\/\\\/digidem-bayern.de\\\/digital-die-stigmatisierung-von-demenz-reduzieren-2\\\/#primaryimage\"},\"thumbnailUrl\":\"https:\\\/\\\/digidem-bayern.de\\\/wp-content\\\/uploads\\\/2024\\\/01\\\/2024-01-25_fi-DIGITAL_UPDATE_QUADRAT_v2.png\",\"datePublished\":\"2024-01-25T12:53:22+00:00\",\"dateModified\":\"2024-01-26T10:01:21+00:00\",\"description\":\"Der Bayerische Landesapothekerkammer unterst\u00fctzt digiDEM Bayern mit Hilfe des Netzwerks \\\"Demenzfreundliche Apotheken\\\".\",\"breadcrumb\":{\"@id\":\"https:\\\/\\\/digidem-bayern.de\\\/digital-die-stigmatisierung-von-demenz-reduzieren-2\\\/#breadcrumb\"},\"inLanguage\":\"en-US\",\"potentialAction\":[{\"@type\":\"ReadAction\",\"target\":[\"https:\\\/\\\/digidem-bayern.de\\\/digital-die-stigmatisierung-von-demenz-reduzieren-2\\\/\"]}]},{\"@type\":\"ImageObject\",\"inLanguage\":\"en-US\",\"@id\":\"https:\\\/\\\/digidem-bayern.de\\\/digital-die-stigmatisierung-von-demenz-reduzieren-2\\\/#primaryimage\",\"url\":\"https:\\\/\\\/digidem-bayern.de\\\/wp-content\\\/uploads\\\/2024\\\/01\\\/2024-01-25_fi-DIGITAL_UPDATE_QUADRAT_v2.png\",\"contentUrl\":\"https:\\\/\\\/digidem-bayern.de\\\/wp-content\\\/uploads\\\/2024\\\/01\\\/2024-01-25_fi-DIGITAL_UPDATE_QUADRAT_v2.png\",\"width\":1080,\"height\":1080},{\"@type\":\"BreadcrumbList\",\"@id\":\"https:\\\/\\\/digidem-bayern.de\\\/digital-die-stigmatisierung-von-demenz-reduzieren-2\\\/#breadcrumb\",\"itemListElement\":[{\"@type\":\"ListItem\",\"position\":1,\"name\":\"Startseite\",\"item\":\"https:\\\/\\\/digidem-bayern.de\\\/\"},{\"@type\":\"ListItem\",\"position\":2,\"name\":\"Digital die Stigmatisierung von Demenz reduzieren\"}]},{\"@type\":\"WebSite\",\"@id\":\"\\\/#website\",\"url\":\"\\\/\",\"name\":\"digiDEM Bayern\",\"description\":\"Das digitale Demenzregister Bayern erforscht und verbessert die Angebotsstuktur f\u00fcr Menschen mit Demenz und deren Angeh\u00f6rige\",\"publisher\":{\"@id\":\"\\\/#organization\"},\"potentialAction\":[{\"@type\":\"SearchAction\",\"target\":{\"@type\":\"EntryPoint\",\"urlTemplate\":\"\\\/?s={search_term_string}\"},\"query-input\":{\"@type\":\"PropertyValueSpecification\",\"valueRequired\":true,\"valueName\":\"search_term_string\"}}],\"inLanguage\":\"en-US\"},{\"@type\":\"Organization\",\"@id\":\"\\\/#organization\",\"name\":\"digiDEM Bayern\",\"url\":\"\\\/\",\"logo\":{\"@type\":\"ImageObject\",\"inLanguage\":\"en-US\",\"@id\":\"\\\/#\\\/schema\\\/logo\\\/image\\\/\",\"url\":\"https:\\\/\\\/digidem-bayern.de\\\/wp-content\\\/uploads\\\/2022\\\/03\\\/cropped-Allgemeines_digiDEMLOGO-removebg-preview.png\",\"contentUrl\":\"https:\\\/\\\/digidem-bayern.de\\\/wp-content\\\/uploads\\\/2022\\\/03\\\/cropped-Allgemeines_digiDEMLOGO-removebg-preview.png\",\"width\":612,\"height\":357,\"caption\":\"digiDEM Bayern\"},\"image\":{\"@id\":\"\\\/#\\\/schema\\\/logo\\\/image\\\/\"},\"sameAs\":[\"https:\\\/\\\/www.facebook.com\\\/digiDEMBayern\\\/\",\"https:\\\/\\\/x.com\\\/digidem_bayern\",\"https:\\\/\\\/www.instagram.com\\\/digidem.bayern\",\"https:\\\/\\\/www.linkedin.com\\\/company\\\/digidem-bayern\\\/\"]},{\"@type\":\"Person\",\"@id\":\"\\\/#\\\/schema\\\/person\\\/0bc1494f46fc2a051c761322a80e0941\",\"name\":\"Ilona H\u00f6rath\",\"url\":\"https:\\\/\\\/digidem-bayern.de\\\/en\\\/author\\\/hoeratia\\\/\"}]}<\/script>\n<!-- \/ Yoast SEO plugin. -->","yoast_head_json":{"title":"Digital die Stigmatisierung von Demenz reduzieren - digiDEM Bayern","description":"Der Bayerische Landesapothekerkammer unterst\u00fctzt digiDEM Bayern mit Hilfe des Netzwerks \"Demenzfreundliche Apotheken\".","robots":{"index":"index","follow":"follow","max-snippet":"max-snippet:-1","max-image-preview":"max-image-preview:large","max-video-preview":"max-video-preview:-1"},"canonical":"https:\/\/digidem-bayern.de\/en\/digital-die-stigmatisierung-von-demenz-reduzieren-2\/","og_locale":"en_US","og_type":"article","og_title":"Digital die Stigmatisierung von Demenz reduzieren - digiDEM Bayern","og_description":"Der Bayerische Landesapothekerkammer unterst\u00fctzt digiDEM Bayern mit Hilfe des Netzwerks \"Demenzfreundliche Apotheken\".","og_url":"https:\/\/digidem-bayern.de\/en\/digital-die-stigmatisierung-von-demenz-reduzieren-2\/","og_site_name":"digiDEM Bayern","article_publisher":"https:\/\/www.facebook.com\/digiDEMBayern\/","article_published_time":"2024-01-25T12:53:22+00:00","article_modified_time":"2024-01-26T10:01:21+00:00","og_image":[{"width":1080,"height":1080,"url":"https:\/\/digidem-bayern.de\/wp-content\/uploads\/2024\/01\/2024-01-25_fi-DIGITAL_UPDATE_QUADRAT_v2.png","type":"image\/png"}],"author":"Ilona H\u00f6rath","twitter_misc":{"Written by":"Ilona H\u00f6rath","Est. reading time":"2 minutes"},"schema":{"@context":"https:\/\/schema.org","@graph":[{"@type":"Article","@id":"https:\/\/digidem-bayern.de\/digital-die-stigmatisierung-von-demenz-reduzieren-2\/#article","isPartOf":{"@id":"https:\/\/digidem-bayern.de\/digital-die-stigmatisierung-von-demenz-reduzieren-2\/"},"author":{"name":"Ilona H\u00f6rath","@id":"\/#\/schema\/person\/0bc1494f46fc2a051c761322a80e0941"},"headline":"Digital die Stigmatisierung von Demenz reduzieren","datePublished":"2024-01-25T12:53:22+00:00","dateModified":"2024-01-26T10:01:21+00:00","mainEntityOfPage":{"@id":"https:\/\/digidem-bayern.de\/digital-die-stigmatisierung-von-demenz-reduzieren-2\/"},"wordCount":349,"commentCount":0,"publisher":{"@id":"\/#organization"},"image":{"@id":"https:\/\/digidem-bayern.de\/digital-die-stigmatisierung-von-demenz-reduzieren-2\/#primaryimage"},"thumbnailUrl":"https:\/\/digidem-bayern.de\/wp-content\/uploads\/2024\/01\/2024-01-25_fi-DIGITAL_UPDATE_QUADRAT_v2.png","keywords":["Alzheimer","Australien","Bayern","Demenz","Demenzdiagnose","digidem Bayern","digiDEM Bayern DIGITAL UPDATE","DIGITAL UPDATE","Digitales Demenzregister Bayern","Israel","Stigmatisierung","Videoclip","Vorurteile","Wirksamkeit"],"articleSection":["Aktuelles zu digiDEM","Wissenschaft &amp; Forschung"],"inLanguage":"en-US","potentialAction":[{"@type":"CommentAction","name":"Comment","target":["https:\/\/digidem-bayern.de\/digital-die-stigmatisierung-von-demenz-reduzieren-2\/#respond"]}]},{"@type":"WebPage","@id":"https:\/\/digidem-bayern.de\/digital-die-stigmatisierung-von-demenz-reduzieren-2\/","url":"https:\/\/digidem-bayern.de\/digital-die-stigmatisierung-von-demenz-reduzieren-2\/","name":"Digital die Stigmatisierung von Demenz reduzieren - digiDEM Bayern","isPartOf":{"@id":"\/#website"},"primaryImageOfPage":{"@id":"https:\/\/digidem-bayern.de\/digital-die-stigmatisierung-von-demenz-reduzieren-2\/#primaryimage"},"image":{"@id":"https:\/\/digidem-bayern.de\/digital-die-stigmatisierung-von-demenz-reduzieren-2\/#primaryimage"},"thumbnailUrl":"https:\/\/digidem-bayern.de\/wp-content\/uploads\/2024\/01\/2024-01-25_fi-DIGITAL_UPDATE_QUADRAT_v2.png","datePublished":"2024-01-25T12:53:22+00:00","dateModified":"2024-01-26T10:01:21+00:00","description":"Der Bayerische Landesapothekerkammer unterst\u00fctzt digiDEM Bayern mit Hilfe des Netzwerks \"Demenzfreundliche Apotheken\".","breadcrumb":{"@id":"https:\/\/digidem-bayern.de\/digital-die-stigmatisierung-von-demenz-reduzieren-2\/#breadcrumb"},"inLanguage":"en-US","potentialAction":[{"@type":"ReadAction","target":["https:\/\/digidem-bayern.de\/digital-die-stigmatisierung-von-demenz-reduzieren-2\/"]}]},{"@type":"ImageObject","inLanguage":"en-US","@id":"https:\/\/digidem-bayern.de\/digital-die-stigmatisierung-von-demenz-reduzieren-2\/#primaryimage","url":"https:\/\/digidem-bayern.de\/wp-content\/uploads\/2024\/01\/2024-01-25_fi-DIGITAL_UPDATE_QUADRAT_v2.png","contentUrl":"https:\/\/digidem-bayern.de\/wp-content\/uploads\/2024\/01\/2024-01-25_fi-DIGITAL_UPDATE_QUADRAT_v2.png","width":1080,"height":1080},{"@type":"BreadcrumbList","@id":"https:\/\/digidem-bayern.de\/digital-die-stigmatisierung-von-demenz-reduzieren-2\/#breadcrumb","itemListElement":[{"@type":"ListItem","position":1,"name":"Startseite","item":"https:\/\/digidem-bayern.de\/"},{"@type":"ListItem","position":2,"name":"Digital die Stigmatisierung von Demenz reduzieren"}]},{"@type":"WebSite","@id":"\/#website","url":"\/","name":"digiDEM Bavaria","description":"The digital dementia register in Bavaria researches and improves the structure of services for people with dementia and their relatives","publisher":{"@id":"\/#organization"},"potentialAction":[{"@type":"SearchAction","target":{"@type":"EntryPoint","urlTemplate":"\/?s={search_term_string}"},"query-input":{"@type":"PropertyValueSpecification","valueRequired":true,"valueName":"search_term_string"}}],"inLanguage":"en-US"},{"@type":"Organization","@id":"\/#organization","name":"digiDEM Bavaria","url":"\/","logo":{"@type":"ImageObject","inLanguage":"en-US","@id":"\/#\/schema\/logo\/image\/","url":"https:\/\/digidem-bayern.de\/wp-content\/uploads\/2022\/03\/cropped-Allgemeines_digiDEMLOGO-removebg-preview.png","contentUrl":"https:\/\/digidem-bayern.de\/wp-content\/uploads\/2022\/03\/cropped-Allgemeines_digiDEMLOGO-removebg-preview.png","width":612,"height":357,"caption":"digiDEM Bayern"},"image":{"@id":"\/#\/schema\/logo\/image\/"},"sameAs":["https:\/\/www.facebook.com\/digiDEMBayern\/","https:\/\/x.com\/digidem_bayern","https:\/\/www.instagram.com\/digidem.bayern","https:\/\/www.linkedin.com\/company\/digidem-bayern\/"]},{"@type":"Person","@id":"\/#\/schema\/person\/0bc1494f46fc2a051c761322a80e0941","name":"Ilona H\u00f6rath","url":"https:\/\/digidem-bayern.de\/en\/author\/hoeratia\/"}]}},"uagb_featured_image_src":{"full":["https:\/\/digidem-bayern.de\/wp-content\/uploads\/2024\/01\/2024-01-25_fi-DIGITAL_UPDATE_QUADRAT_v2.png",1080,1080,false],"thumbnail":["https:\/\/digidem-bayern.de\/wp-content\/uploads\/2024\/01\/2024-01-25_fi-DIGITAL_UPDATE_QUADRAT_v2-80x80.png",80,80,true],"medium":["https:\/\/digidem-bayern.de\/wp-content\/uploads\/2024\/01\/2024-01-25_fi-DIGITAL_UPDATE_QUADRAT_v2-300x300.png",300,300,true],"medium_large":["https:\/\/digidem-bayern.de\/wp-content\/uploads\/2024\/01\/2024-01-25_fi-DIGITAL_UPDATE_QUADRAT_v2-768x768.png",768,768,true],"large":["https:\/\/digidem-bayern.de\/wp-content\/uploads\/2024\/01\/2024-01-25_fi-DIGITAL_UPDATE_QUADRAT_v2-1030x1030.png",1030,1030,true],"1536x1536":["https:\/\/digidem-bayern.de\/wp-content\/uploads\/2024\/01\/2024-01-25_fi-DIGITAL_UPDATE_QUADRAT_v2.png",1080,1080,false],"2048x2048":["https:\/\/digidem-bayern.de\/wp-content\/uploads\/2024\/01\/2024-01-25_fi-DIGITAL_UPDATE_QUADRAT_v2.png",1080,1080,false],"trp-custom-language-flag":["https:\/\/digidem-bayern.de\/wp-content\/uploads\/2024\/01\/2024-01-25_fi-DIGITAL_UPDATE_QUADRAT_v2.png",12,12,false],"qubely_landscape":["https:\/\/digidem-bayern.de\/wp-content\/uploads\/2024\/01\/2024-01-25_fi-DIGITAL_UPDATE_QUADRAT_v2-1080x750.png",1080,750,true],"qubely_portrait":["https:\/\/digidem-bayern.de\/wp-content\/uploads\/2024\/01\/2024-01-25_fi-DIGITAL_UPDATE_QUADRAT_v2-540x320.png",540,320,true],"qubely_thumbnail":["https:\/\/digidem-bayern.de\/wp-content\/uploads\/2024\/01\/2024-01-25_fi-DIGITAL_UPDATE_QUADRAT_v2-140x100.png",140,100,true],"post-thumbnail":["https:\/\/digidem-bayern.de\/wp-content\/uploads\/2024\/01\/2024-01-25_fi-DIGITAL_UPDATE_QUADRAT_v2-350x350.png",350,350,true],"kahuna-featured":["https:\/\/digidem-bayern.de\/wp-content\/uploads\/2024\/01\/2024-01-25_fi-DIGITAL_UPDATE_QUADRAT_v2-734x350.png",734,350,true],"kahuna-featured-lp":["https:\/\/digidem-bayern.de\/wp-content\/uploads\/2024\/01\/2024-01-25_fi-DIGITAL_UPDATE_QUADRAT_v2-520x350.png",520,350,true],"kahuna-featured-half":["https:\/\/digidem-bayern.de\/wp-content\/uploads\/2024\/01\/2024-01-25_fi-DIGITAL_UPDATE_QUADRAT_v2-800x350.png",800,350,true],"kahuna-featured-third":["https:\/\/digidem-bayern.de\/wp-content\/uploads\/2024\/01\/2024-01-25_fi-DIGITAL_UPDATE_QUADRAT_v2-512x350.png",512,350,true],"kahuna-lpbox-1":["https:\/\/digidem-bayern.de\/wp-content\/uploads\/2024\/01\/2024-01-25_fi-DIGITAL_UPDATE_QUADRAT_v2-520x300.png",520,300,true],"kahuna-lpbox-2":["https:\/\/digidem-bayern.de\/wp-content\/uploads\/2024\/01\/2024-01-25_fi-DIGITAL_UPDATE_QUADRAT_v2-520x350.png",520,350,true],"demand-language-flag":["https:\/\/digidem-bayern.de\/wp-content\/uploads\/2024\/01\/2024-01-25_fi-DIGITAL_UPDATE_QUADRAT_v2-36x36.png",36,36,true],"dddkt-language-flag":["https:\/\/digidem-bayern.de\/wp-content\/uploads\/2024\/01\/2024-01-25_fi-DIGITAL_UPDATE_QUADRAT_v2-36x36.png",36,36,true],"ddiqc-language-flag":["https:\/\/digidem-bayern.de\/wp-content\/uploads\/2024\/01\/2024-01-25_fi-DIGITAL_UPDATE_QUADRAT_v2-36x36.png",36,36,true],"ddtl-language-flag":["https:\/\/digidem-bayern.de\/wp-content\/uploads\/2024\/01\/2024-01-25_fi-DIGITAL_UPDATE_QUADRAT_v2-36x36.png",36,36,true],"mailpoet_newsletter_max":["https:\/\/digidem-bayern.de\/wp-content\/uploads\/2024\/01\/2024-01-25_fi-DIGITAL_UPDATE_QUADRAT_v2.png",1080,1080,false],"kahuna-lpbox-3":["https:\/\/digidem-bayern.de\/wp-content\/uploads\/2024\/01\/2024-01-25_fi-DIGITAL_UPDATE_QUADRAT_v2-520x350.png",520,350,true],"kahuna-featured-square":["https:\/\/digidem-bayern.de\/wp-content\/uploads\/2024\/01\/2024-01-25_fi-DIGITAL_UPDATE_QUADRAT_v2-512x512.png",512,512,true],"kahuna-featured-square-large":["https:\/\/digidem-bayern.de\/wp-content\/uploads\/2024\/01\/2024-01-25_fi-DIGITAL_UPDATE_QUADRAT_v2-1024x1024.png",1024,1024,true]},"uagb_author_info":{"display_name":"Ilona H\u00f6rath","author_link":"https:\/\/digidem-bayern.de\/en\/author\/hoeratia\/"},"uagb_comment_info":0,"uagb_excerpt":"Demenz gilt als stigmatisierte Erkrankung. Vorurteile zu ertragen oder Diskriminierung aushalten zu m\u00fcssen: In der \u00d6ffentlichkeit ist Demenz mit einer Stigmatisierung verbunden, die zu geringem Selbstwertgef\u00fchl, Isolation oder schlechter psychischer Gesundheit f\u00fchren kann. Die Stigmatisierung von Demenz in der \u00d6ffentlichkeit zu reduzieren \u2013 darauf zielte das DESeRvE ab, ein Programm &hellip;","_links":{"self":[{"href":"https:\/\/digidem-bayern.de\/en\/wp-json\/wp\/v2\/posts\/32560","targetHints":{"allow":["GET"]}}],"collection":[{"href":"https:\/\/digidem-bayern.de\/en\/wp-json\/wp\/v2\/posts"}],"about":[{"href":"https:\/\/digidem-bayern.de\/en\/wp-json\/wp\/v2\/types\/post"}],"author":[{"embeddable":true,"href":"https:\/\/digidem-bayern.de\/en\/wp-json\/wp\/v2\/users\/12"}],"replies":[{"embeddable":true,"href":"https:\/\/digidem-bayern.de\/en\/wp-json\/wp\/v2\/comments?post=32560"}],"version-history":[{"count":2,"href":"https:\/\/digidem-bayern.de\/en\/wp-json\/wp\/v2\/posts\/32560\/revisions"}],"predecessor-version":[{"id":32567,"href":"https:\/\/digidem-bayern.de\/en\/wp-json\/wp\/v2\/posts\/32560\/revisions\/32567"}],"wp:featuredmedia":[{"embeddable":true,"href":"https:\/\/digidem-bayern.de\/en\/wp-json\/wp\/v2\/media\/32635"}],"wp:attachment":[{"href":"https:\/\/digidem-bayern.de\/en\/wp-json\/wp\/v2\/media?parent=32560"}],"wp:term":[{"taxonomy":"category","embeddable":true,"href":"https:\/\/digidem-bayern.de\/en\/wp-json\/wp\/v2\/categories?post=32560"},{"taxonomy":"post_tag","embeddable":true,"href":"https:\/\/digidem-bayern.de\/en\/wp-json\/wp\/v2\/tags?post=32560"}],"curies":[{"name":"wp","href":"https:\/\/api.w.org\/{rel}","templated":true}]}}