{"id":32388,"date":"2024-01-15T14:11:02","date_gmt":"2024-01-15T13:11:02","guid":{"rendered":"https:\/\/digidem-bayern.de\/?p=32388"},"modified":"2024-01-31T09:52:17","modified_gmt":"2024-01-31T08:52:17","slug":"webinar-die-bayerische-demenzstrategie-vielfaeltige-moeglichkeiten-der-mitwirkung","status":"publish","type":"post","link":"https:\/\/digidem-bayern.de\/en\/webinar-die-bayerische-demenzstrategie-vielfaeltige-moeglichkeiten-der-mitwirkung\/","title":{"rendered":"Webinar: Die Bayerische Demenzstrategie \u2013 Vielf\u00e4ltige M\u00f6glichkeiten der Mitwirkung"},"content":{"rendered":"<p>Festhalten was verbindet \u2013 unter diesem Motto setzt die Bayerische Staatsregierung bereits seit 2013 im Rahmen der Bayerischen Demenzstrategie eine Vielzahl an Ma\u00dfnahmen und Projekten um. Dazu geh\u00f6rt beispielsweise die j\u00e4hrlich stattfindende Bayerische Demenzwoche, an der sich 2023 bayernweit \u00fcber 1.000 Akteurinnen und Akteure beteiligt haben.<\/p>\n\n\n\n<p>Leitziele der Bayerischen Demenzstrategie sind der Bewusstseinswandel in der Gesellschaft im Umgang mit dem Thema Demenz und die Bewahrung der Selbstbestimmung und W\u00fcrde der Betroffenen in allen Phasen der Erkrankung. Durch die Bayerische Demenzstrategie sollen sowohl die Lebensbedingungen und die Lebensqualit\u00e4t f\u00fcr die Betroffenen und ihre An- und Zugeh\u00f6rigen als auch deren M\u00f6glichkeiten zur Teilhabe am gesellschaftlichen Leben verbessert und eine angemessene, an den Bedarfen orientierte Betreuung, Pflege und medizinische Versorgung sichergestellt werden. Diese umfassende Zielsetzung ist eine gesamtgesellschaftliche Aufgabe. Doch wie k\u00f6nnen Einzelpersonen, Gemeinden, Vereine oder andere Organisationen aktiv daran mitwirken? <\/p>\n\n\n\n<p>Christine Leike ist Regierungsdirektorin im Bayerischen Staatsministerium f\u00fcr Gesundheit, Pflege und Pr\u00e4vention (StMGP). Sie ist seit vielen Jahren mit der Umsetzung der Bayerischen Demenzstrategie befasst. Im kommenden Webinar wird Christine Leike die Bayerische Demenzstrategie vorstellen. Dabei informiert sie \u00fcber M\u00f6glichkeiten der aktiven Mitwirkung und zeigt Unterst\u00fctzungsm\u00f6glichkeiten durch das StMGP auf.<\/p>\n\n\n\n<h2 class=\"wp-block-heading has-text-align-center\" id=\"2---mittwoch-03062020-1100-1130-uhr--\"><strong><strong>Dienstag, 30.01.2024, 11.00 &#8211; 11.45 Uhr<\/strong><\/strong><\/h2>\n\n\n\n<p><\/p>\n\n\n\n<div class=\"wp-block-qubely-button qubely-block-064651\"><div class=\"qubely-block-btn-wrapper\"><div class=\"qubely-block-btn\"><a class=\"qubely-block-btn-anchor is-large\" href=\"https:\/\/attendee.gotowebinar.com\/register\/6590067413061624926\">\u00a0Melden Sie sich hier an<\/a><\/div><\/div><\/div>\n\n\n\n<div class=\"wp-block-stackable-columns stk-block-columns stk-block stk-1abb464\" data-block-id=\"1abb464\"><div class=\"stk-row stk-inner-blocks stk-block-content stk-content-align stk-1abb464-column\">\n<div class=\"wp-block-stackable-column stk-block-column stk-column stk-block stk-38a7c84\" data-v=\"4\" data-block-id=\"38a7c84\"><div class=\"stk-column-wrapper stk-block-column__content stk-container stk-38a7c84-container stk--no-background stk--no-padding\"><div class=\"stk-block-content stk-inner-blocks stk-38a7c84-inner-blocks\">\n<div class=\"wp-block-uagb-team uagb-team__image-position-above uagb-team__align-center uagb-team__stack-tablet uagb-block-3cf16ce1\"><div class=\"uagb-team__content\"><img decoding=\"async\" class=\"uagb-team__image-crop-circle\" src=\"https:\/\/digidem-bayern.de\/wp-content\/uploads\/2022\/11\/AKE_NEU_Qudarat.jpg\" alt=\"\" height=\"120\" width=\"120\" loading=\"lazy\"\/><h3 class=\"uagb-team__title\">Anne Keefer<\/h3><span class=\"uagb-team__prefix\">Wissenschaftliche Mitarbeiterin M. Sc.<\/span><p class=\"uagb-team__desc\">Moderation<\/p><\/div><\/div>\n<\/div><\/div><\/div>\n\n\n\n<div class=\"wp-block-stackable-column stk-block-column stk-column stk-block stk-3aae72b\" data-v=\"4\" data-block-id=\"3aae72b\"><div class=\"stk-column-wrapper stk-block-column__content stk-container stk-3aae72b-container stk--no-background stk--no-padding\"><div class=\"stk-block-content stk-inner-blocks stk-3aae72b-inner-blocks\">\n<div class=\"wp-block-uagb-team uagb-team__image-position-above uagb-team__align-center uagb-team__stack-tablet uagb-block-23a79212\"><div class=\"uagb-team__content\"><img decoding=\"async\" class=\"uagb-team__image-crop-circle\" src=\"https:\/\/digidem-bayern.de\/wp-content\/uploads\/2022\/11\/FWE_NEU_Quadrat.jpg\" alt=\"Florian Weidinger\" height=\"120\" width=\"120\" loading=\"lazy\"\/><h3 class=\"uagb-team__title\">Florian Weidinger<\/h3><span class=\"uagb-team__prefix\">Wissenschaftlicher Mitarbeiter M.Sc.<\/span><p class=\"uagb-team__desc\">Chatroom und Betreuung<\/p><\/div><\/div>\n<\/div><\/div><\/div>\n<\/div><\/div>","protected":false},"excerpt":{"rendered":"<p>Festhalten was verbindet \u2013 unter diesem Motto setzt die Bayerische Staatsregierung bereits seit 2013 im Rahmen der Bayerischen Demenzstrategie eine Vielzahl an Ma\u00dfnahmen und Projekten um. Dazu geh\u00f6rt beispielsweise die j\u00e4hrlich stattfindende Bayerische Demenzwoche, an der sich 2023 bayernweit \u00fcber 1.000 Akteurinnen und Akteure beteiligt haben. Leitziele der Bayerischen Demenzstrategie &hellip;<\/p>","protected":false},"author":12,"featured_media":32414,"comment_status":"open","ping_status":"closed","sticky":false,"template":"","format":"standard","meta":{"qubely_global_settings":"true","qubely_interactions":"","_uag_custom_page_level_css":"","footnotes":""},"categories":[350],"tags":[13,913,916,914,12,14,17,55,915,531,94],"class_list":["post-32388","post","type-post","status-publish","format-standard","has-post-thumbnail","hentry","category-kommendes-webinar","tag-alzheimer","tag-bayerische-demenzstrategie","tag-bayerische-demenzwoche","tag-christine-leike","tag-demenz-2","tag-digidem","tag-digidem-bayern","tag-digitales-demenzregister-bayern","tag-judith-gerlach","tag-stmgp","tag-webinar"],"qubely_featured_image_url":{"full":["https:\/\/digidem-bayern.de\/wp-content\/uploads\/2024\/01\/Demenzstrategie-quadrat.png",1600,1067,false],"landscape":["https:\/\/digidem-bayern.de\/wp-content\/uploads\/2024\/01\/Demenzstrategie-quadrat-1200x750.png",1200,750,true],"portraits":["https:\/\/digidem-bayern.de\/wp-content\/uploads\/2024\/01\/Demenzstrategie-quadrat-540x320.png",540,320,true],"thumbnail":["https:\/\/digidem-bayern.de\/wp-content\/uploads\/2024\/01\/Demenzstrategie-quadrat-80x80.png",80,80,true],"medium":["https:\/\/digidem-bayern.de\/wp-content\/uploads\/2024\/01\/Demenzstrategie-quadrat-300x200.png",300,200,true],"medium_large":["https:\/\/digidem-bayern.de\/wp-content\/uploads\/2024\/01\/Demenzstrategie-quadrat-768x512.png",768,512,true],"large":["https:\/\/digidem-bayern.de\/wp-content\/uploads\/2024\/01\/Demenzstrategie-quadrat-1030x687.png",1030,687,true],"1536x1536":["https:\/\/digidem-bayern.de\/wp-content\/uploads\/2024\/01\/Demenzstrategie-quadrat-1536x1024.png",1536,1024,true],"2048x2048":["https:\/\/digidem-bayern.de\/wp-content\/uploads\/2024\/01\/Demenzstrategie-quadrat.png",1600,1067,false],"trp-custom-language-flag":["https:\/\/digidem-bayern.de\/wp-content\/uploads\/2024\/01\/Demenzstrategie-quadrat.png",18,12,false],"qubely_landscape":["https:\/\/digidem-bayern.de\/wp-content\/uploads\/2024\/01\/Demenzstrategie-quadrat-1200x750.png",1200,750,true],"qubely_portrait":["https:\/\/digidem-bayern.de\/wp-content\/uploads\/2024\/01\/Demenzstrategie-quadrat-540x320.png",540,320,true],"qubely_thumbnail":["https:\/\/digidem-bayern.de\/wp-content\/uploads\/2024\/01\/Demenzstrategie-quadrat-140x100.png",140,100,true],"post-thumbnail":["https:\/\/digidem-bayern.de\/wp-content\/uploads\/2024\/01\/Demenzstrategie-quadrat-525x350.png",525,350,true],"kahuna-featured":["https:\/\/digidem-bayern.de\/wp-content\/uploads\/2024\/01\/Demenzstrategie-quadrat-734x350.png",734,350,true],"kahuna-featured-lp":["https:\/\/digidem-bayern.de\/wp-content\/uploads\/2024\/01\/Demenzstrategie-quadrat-520x350.png",520,350,true],"kahuna-featured-half":["https:\/\/digidem-bayern.de\/wp-content\/uploads\/2024\/01\/Demenzstrategie-quadrat-800x350.png",800,350,true],"kahuna-featured-third":["https:\/\/digidem-bayern.de\/wp-content\/uploads\/2024\/01\/Demenzstrategie-quadrat-512x350.png",512,350,true],"kahuna-lpbox-1":["https:\/\/digidem-bayern.de\/wp-content\/uploads\/2024\/01\/Demenzstrategie-quadrat-520x300.png",520,300,true],"kahuna-lpbox-2":["https:\/\/digidem-bayern.de\/wp-content\/uploads\/2024\/01\/Demenzstrategie-quadrat-520x350.png",520,350,true],"demand-language-flag":["https:\/\/digidem-bayern.de\/wp-content\/uploads\/2024\/01\/Demenzstrategie-quadrat-36x36.png",36,36,true],"dddkt-language-flag":["https:\/\/digidem-bayern.de\/wp-content\/uploads\/2024\/01\/Demenzstrategie-quadrat-36x36.png",36,36,true],"ddiqc-language-flag":["https:\/\/digidem-bayern.de\/wp-content\/uploads\/2024\/01\/Demenzstrategie-quadrat-36x36.png",36,36,true],"ddtl-language-flag":["https:\/\/digidem-bayern.de\/wp-content\/uploads\/2024\/01\/Demenzstrategie-quadrat-36x36.png",36,36,true],"mailpoet_newsletter_max":["https:\/\/digidem-bayern.de\/wp-content\/uploads\/2024\/01\/Demenzstrategie-quadrat-1320x880.png",1320,880,true],"kahuna-lpbox-3":["https:\/\/digidem-bayern.de\/wp-content\/uploads\/2024\/01\/Demenzstrategie-quadrat-520x350.png",520,350,true],"kahuna-featured-square":["https:\/\/digidem-bayern.de\/wp-content\/uploads\/2024\/01\/Demenzstrategie-quadrat-512x512.png",512,512,true],"kahuna-featured-square-large":["https:\/\/digidem-bayern.de\/wp-content\/uploads\/2024\/01\/Demenzstrategie-quadrat-1024x1024.png",1024,1024,true]},"qubely_author":{"display_name":"Ilona H\u00f6rath","author_link":"https:\/\/digidem-bayern.de\/en\/author\/hoeratia\/"},"qubely_comment":2,"qubely_category":"<a href=\"https:\/\/digidem-bayern.de\/en\/category\/kommendes-webinar\/\" rel=\"category tag\">Kommendes Webinar<\/a>","qubely_excerpt":"Festhalten was verbindet \u2013 unter diesem Motto setzt die Bayerische Staatsregierung bereits seit 2013 im Rahmen der Bayerischen Demenzstrategie eine Vielzahl an Ma\u00dfnahmen und Projekten um. Dazu geh\u00f6rt beispielsweise die j\u00e4hrlich stattfindende Bayerische Demenzwoche, an der sich 2023 bayernweit \u00fcber 1.000 Akteurinnen und Akteure beteiligt haben. Leitziele der Bayerischen Demenzstrategie &hellip;","featured_image_urls_v2":{"full":["https:\/\/digidem-bayern.de\/wp-content\/uploads\/2024\/01\/Demenzstrategie-quadrat.png",1600,1067,false],"thumbnail":["https:\/\/digidem-bayern.de\/wp-content\/uploads\/2024\/01\/Demenzstrategie-quadrat-80x80.png",80,80,true],"medium":["https:\/\/digidem-bayern.de\/wp-content\/uploads\/2024\/01\/Demenzstrategie-quadrat-300x200.png",300,200,true],"medium_large":["https:\/\/digidem-bayern.de\/wp-content\/uploads\/2024\/01\/Demenzstrategie-quadrat-768x512.png",768,512,true],"large":["https:\/\/digidem-bayern.de\/wp-content\/uploads\/2024\/01\/Demenzstrategie-quadrat-1030x687.png",1030,687,true],"1536x1536":["https:\/\/digidem-bayern.de\/wp-content\/uploads\/2024\/01\/Demenzstrategie-quadrat-1536x1024.png",1536,1024,true],"2048x2048":["https:\/\/digidem-bayern.de\/wp-content\/uploads\/2024\/01\/Demenzstrategie-quadrat.png",1600,1067,false],"trp-custom-language-flag":["https:\/\/digidem-bayern.de\/wp-content\/uploads\/2024\/01\/Demenzstrategie-quadrat.png",18,12,false],"qubely_landscape":["https:\/\/digidem-bayern.de\/wp-content\/uploads\/2024\/01\/Demenzstrategie-quadrat-1200x750.png",1200,750,true],"qubely_portrait":["https:\/\/digidem-bayern.de\/wp-content\/uploads\/2024\/01\/Demenzstrategie-quadrat-540x320.png",540,320,true],"qubely_thumbnail":["https:\/\/digidem-bayern.de\/wp-content\/uploads\/2024\/01\/Demenzstrategie-quadrat-140x100.png",140,100,true],"post-thumbnail":["https:\/\/digidem-bayern.de\/wp-content\/uploads\/2024\/01\/Demenzstrategie-quadrat-525x350.png",525,350,true],"kahuna-featured":["https:\/\/digidem-bayern.de\/wp-content\/uploads\/2024\/01\/Demenzstrategie-quadrat-734x350.png",734,350,true],"kahuna-featured-lp":["https:\/\/digidem-bayern.de\/wp-content\/uploads\/2024\/01\/Demenzstrategie-quadrat-520x350.png",520,350,true],"kahuna-featured-half":["https:\/\/digidem-bayern.de\/wp-content\/uploads\/2024\/01\/Demenzstrategie-quadrat-800x350.png",800,350,true],"kahuna-featured-third":["https:\/\/digidem-bayern.de\/wp-content\/uploads\/2024\/01\/Demenzstrategie-quadrat-512x350.png",512,350,true],"kahuna-lpbox-1":["https:\/\/digidem-bayern.de\/wp-content\/uploads\/2024\/01\/Demenzstrategie-quadrat-520x300.png",520,300,true],"kahuna-lpbox-2":["https:\/\/digidem-bayern.de\/wp-content\/uploads\/2024\/01\/Demenzstrategie-quadrat-520x350.png",520,350,true],"demand-language-flag":["https:\/\/digidem-bayern.de\/wp-content\/uploads\/2024\/01\/Demenzstrategie-quadrat-36x36.png",36,36,true],"dddkt-language-flag":["https:\/\/digidem-bayern.de\/wp-content\/uploads\/2024\/01\/Demenzstrategie-quadrat-36x36.png",36,36,true],"ddiqc-language-flag":["https:\/\/digidem-bayern.de\/wp-content\/uploads\/2024\/01\/Demenzstrategie-quadrat-36x36.png",36,36,true],"ddtl-language-flag":["https:\/\/digidem-bayern.de\/wp-content\/uploads\/2024\/01\/Demenzstrategie-quadrat-36x36.png",36,36,true],"mailpoet_newsletter_max":["https:\/\/digidem-bayern.de\/wp-content\/uploads\/2024\/01\/Demenzstrategie-quadrat-1320x880.png",1320,880,true],"kahuna-lpbox-3":["https:\/\/digidem-bayern.de\/wp-content\/uploads\/2024\/01\/Demenzstrategie-quadrat-520x350.png",520,350,true],"kahuna-featured-square":["https:\/\/digidem-bayern.de\/wp-content\/uploads\/2024\/01\/Demenzstrategie-quadrat-512x512.png",512,512,true],"kahuna-featured-square-large":["https:\/\/digidem-bayern.de\/wp-content\/uploads\/2024\/01\/Demenzstrategie-quadrat-1024x1024.png",1024,1024,true]},"post_excerpt_stackable_v2":"<p>Festhalten was verbindet \u2013 unter diesem Motto setzt die Bayerische Staatsregierung bereits seit 2013 im Rahmen der Bayerischen Demenzstrategie eine Vielzahl an Ma\u00dfnahmen und Projekten um. Dazu geh\u00f6rt beispielsweise die j\u00e4hrlich stattfindende Bayerische Demenzwoche, an der sich 2023 bayernweit \u00fcber 1.000 Akteurinnen und Akteure beteiligt haben. Leitziele der Bayerischen Demenzstrategie sind der Bewusstseinswandel in der Gesellschaft im Umgang mit dem Thema Demenz und die Bewahrung der Selbstbestimmung und W\u00fcrde der Betroffenen in allen Phasen der Erkrankung. Durch die Bayerische Demenzstrategie sollen sowohl die Lebensbedingungen und die Lebensqualit\u00e4t f\u00fcr die Betroffenen und ihre An- und Zugeh\u00f6rigen als auch deren M\u00f6glichkeiten zur&hellip;<\/p>\n","category_list_v2":"<a href=\"https:\/\/digidem-bayern.de\/en\/category\/kommendes-webinar\/\" rel=\"category tag\">Kommendes Webinar<\/a>","author_info_v2":{"name":"Ilona H\u00f6rath","url":"https:\/\/digidem-bayern.de\/en\/author\/hoeratia\/"},"comments_num_v2":"0 comments","yoast_head":"<!-- This site is optimized with the Yoast SEO plugin v27.4 - https:\/\/yoast.com\/product\/yoast-seo-wordpress\/ -->\n<title>Webinar: Die Bayerische Demenzstrategie \u2013 Vielf\u00e4ltige M\u00f6glichkeiten der Mitwirkung - digiDEM Bayern<\/title>\n<meta name=\"description\" content=\"Im Webinar &quot;digiDEM Bayern Science Watch LIVE&quot; behandeln Wissenschaftler ein Thema aus der Demenzforschung und stehen live f\u00fcr Fragen zur Verf\u00fcgung.\" \/>\n<meta name=\"robots\" content=\"index, follow, max-snippet:-1, max-image-preview:large, max-video-preview:-1\" \/>\n<link rel=\"canonical\" href=\"https:\/\/digidem-bayern.de\/en\/webinar-die-bayerische-demenzstrategie-vielfaeltige-moeglichkeiten-der-mitwirkung\/\" \/>\n<meta property=\"og:locale\" content=\"en_US\" \/>\n<meta property=\"og:type\" content=\"article\" \/>\n<meta property=\"og:title\" content=\"Webinar: Die Bayerische Demenzstrategie \u2013 Vielf\u00e4ltige M\u00f6glichkeiten der Mitwirkung - digiDEM Bayern\" \/>\n<meta property=\"og:description\" content=\"Im Webinar &quot;digiDEM Bayern Science Watch LIVE&quot; behandeln Wissenschaftler ein Thema aus der Demenzforschung und stehen live f\u00fcr Fragen zur Verf\u00fcgung.\" \/>\n<meta property=\"og:url\" content=\"https:\/\/digidem-bayern.de\/en\/webinar-die-bayerische-demenzstrategie-vielfaeltige-moeglichkeiten-der-mitwirkung\/\" \/>\n<meta property=\"og:site_name\" content=\"digiDEM Bayern\" \/>\n<meta property=\"article:publisher\" content=\"https:\/\/www.facebook.com\/digiDEMBayern\/\" \/>\n<meta property=\"article:published_time\" content=\"2024-01-15T13:11:02+00:00\" \/>\n<meta property=\"article:modified_time\" content=\"2024-01-31T08:52:17+00:00\" \/>\n<meta property=\"og:image\" content=\"https:\/\/digidem-bayern.de\/wp-content\/uploads\/2024\/01\/Demenzstrategie-quadrat.png\" \/>\n\t<meta property=\"og:image:width\" content=\"1600\" \/>\n\t<meta property=\"og:image:height\" content=\"1067\" \/>\n\t<meta property=\"og:image:type\" content=\"image\/png\" \/>\n<meta name=\"author\" content=\"Ilona H\u00f6rath\" \/>\n<meta name=\"twitter:label1\" content=\"Written by\" \/>\n\t<meta name=\"twitter:data1\" content=\"Ilona H\u00f6rath\" \/>\n\t<meta name=\"twitter:label2\" content=\"Est. reading time\" \/>\n\t<meta name=\"twitter:data2\" content=\"2 minutes\" \/>\n<script type=\"application\/ld+json\" class=\"yoast-schema-graph\">{\"@context\":\"https:\\\/\\\/schema.org\",\"@graph\":[{\"@type\":\"Article\",\"@id\":\"https:\\\/\\\/digidem-bayern.de\\\/webinar-die-bayerische-demenzstrategie-vielfaeltige-moeglichkeiten-der-mitwirkung\\\/#article\",\"isPartOf\":{\"@id\":\"https:\\\/\\\/digidem-bayern.de\\\/webinar-die-bayerische-demenzstrategie-vielfaeltige-moeglichkeiten-der-mitwirkung\\\/\"},\"author\":{\"name\":\"Ilona H\u00f6rath\",\"@id\":\"\\\/#\\\/schema\\\/person\\\/0bc1494f46fc2a051c761322a80e0941\"},\"headline\":\"Webinar: Die Bayerische Demenzstrategie \u2013 Vielf\u00e4ltige M\u00f6glichkeiten der Mitwirkung\",\"datePublished\":\"2024-01-15T13:11:02+00:00\",\"dateModified\":\"2024-01-31T08:52:17+00:00\",\"mainEntityOfPage\":{\"@id\":\"https:\\\/\\\/digidem-bayern.de\\\/webinar-die-bayerische-demenzstrategie-vielfaeltige-moeglichkeiten-der-mitwirkung\\\/\"},\"wordCount\":232,\"commentCount\":0,\"publisher\":{\"@id\":\"\\\/#organization\"},\"image\":{\"@id\":\"https:\\\/\\\/digidem-bayern.de\\\/webinar-die-bayerische-demenzstrategie-vielfaeltige-moeglichkeiten-der-mitwirkung\\\/#primaryimage\"},\"thumbnailUrl\":\"https:\\\/\\\/digidem-bayern.de\\\/wp-content\\\/uploads\\\/2024\\\/01\\\/Demenzstrategie-quadrat.png\",\"keywords\":[\"Alzheimer\",\"Bayerische Demenzstrategie\",\"Bayerische Demenzwoche\",\"Christine Leike\",\"Demenz\",\"digidem\",\"digidem Bayern\",\"Digitales Demenzregister Bayern\",\"Judith Gerlach\",\"StMGP\",\"Webinar\"],\"articleSection\":[\"Kommendes Webinar\"],\"inLanguage\":\"en-US\",\"potentialAction\":[{\"@type\":\"CommentAction\",\"name\":\"Comment\",\"target\":[\"https:\\\/\\\/digidem-bayern.de\\\/webinar-die-bayerische-demenzstrategie-vielfaeltige-moeglichkeiten-der-mitwirkung\\\/#respond\"]}]},{\"@type\":\"WebPage\",\"@id\":\"https:\\\/\\\/digidem-bayern.de\\\/webinar-die-bayerische-demenzstrategie-vielfaeltige-moeglichkeiten-der-mitwirkung\\\/\",\"url\":\"https:\\\/\\\/digidem-bayern.de\\\/webinar-die-bayerische-demenzstrategie-vielfaeltige-moeglichkeiten-der-mitwirkung\\\/\",\"name\":\"Webinar: Die Bayerische Demenzstrategie \u2013 Vielf\u00e4ltige M\u00f6glichkeiten der Mitwirkung - digiDEM Bayern\",\"isPartOf\":{\"@id\":\"\\\/#website\"},\"primaryImageOfPage\":{\"@id\":\"https:\\\/\\\/digidem-bayern.de\\\/webinar-die-bayerische-demenzstrategie-vielfaeltige-moeglichkeiten-der-mitwirkung\\\/#primaryimage\"},\"image\":{\"@id\":\"https:\\\/\\\/digidem-bayern.de\\\/webinar-die-bayerische-demenzstrategie-vielfaeltige-moeglichkeiten-der-mitwirkung\\\/#primaryimage\"},\"thumbnailUrl\":\"https:\\\/\\\/digidem-bayern.de\\\/wp-content\\\/uploads\\\/2024\\\/01\\\/Demenzstrategie-quadrat.png\",\"datePublished\":\"2024-01-15T13:11:02+00:00\",\"dateModified\":\"2024-01-31T08:52:17+00:00\",\"description\":\"Im Webinar \\\"digiDEM Bayern Science Watch LIVE\\\" behandeln Wissenschaftler ein Thema aus der Demenzforschung und stehen live f\u00fcr Fragen zur Verf\u00fcgung.\",\"breadcrumb\":{\"@id\":\"https:\\\/\\\/digidem-bayern.de\\\/webinar-die-bayerische-demenzstrategie-vielfaeltige-moeglichkeiten-der-mitwirkung\\\/#breadcrumb\"},\"inLanguage\":\"en-US\",\"potentialAction\":[{\"@type\":\"ReadAction\",\"target\":[\"https:\\\/\\\/digidem-bayern.de\\\/webinar-die-bayerische-demenzstrategie-vielfaeltige-moeglichkeiten-der-mitwirkung\\\/\"]}]},{\"@type\":\"ImageObject\",\"inLanguage\":\"en-US\",\"@id\":\"https:\\\/\\\/digidem-bayern.de\\\/webinar-die-bayerische-demenzstrategie-vielfaeltige-moeglichkeiten-der-mitwirkung\\\/#primaryimage\",\"url\":\"https:\\\/\\\/digidem-bayern.de\\\/wp-content\\\/uploads\\\/2024\\\/01\\\/Demenzstrategie-quadrat.png\",\"contentUrl\":\"https:\\\/\\\/digidem-bayern.de\\\/wp-content\\\/uploads\\\/2024\\\/01\\\/Demenzstrategie-quadrat.png\",\"width\":1600,\"height\":1067},{\"@type\":\"BreadcrumbList\",\"@id\":\"https:\\\/\\\/digidem-bayern.de\\\/webinar-die-bayerische-demenzstrategie-vielfaeltige-moeglichkeiten-der-mitwirkung\\\/#breadcrumb\",\"itemListElement\":[{\"@type\":\"ListItem\",\"position\":1,\"name\":\"Startseite\",\"item\":\"https:\\\/\\\/digidem-bayern.de\\\/\"},{\"@type\":\"ListItem\",\"position\":2,\"name\":\"Webinar: Die Bayerische Demenzstrategie \u2013 Vielf\u00e4ltige M\u00f6glichkeiten der Mitwirkung\"}]},{\"@type\":\"WebSite\",\"@id\":\"\\\/#website\",\"url\":\"\\\/\",\"name\":\"digiDEM Bayern\",\"description\":\"Das digitale Demenzregister Bayern erforscht und verbessert die Angebotsstuktur f\u00fcr Menschen mit Demenz und deren Angeh\u00f6rige\",\"publisher\":{\"@id\":\"\\\/#organization\"},\"potentialAction\":[{\"@type\":\"SearchAction\",\"target\":{\"@type\":\"EntryPoint\",\"urlTemplate\":\"\\\/?s={search_term_string}\"},\"query-input\":{\"@type\":\"PropertyValueSpecification\",\"valueRequired\":true,\"valueName\":\"search_term_string\"}}],\"inLanguage\":\"en-US\"},{\"@type\":\"Organization\",\"@id\":\"\\\/#organization\",\"name\":\"digiDEM Bayern\",\"url\":\"\\\/\",\"logo\":{\"@type\":\"ImageObject\",\"inLanguage\":\"en-US\",\"@id\":\"\\\/#\\\/schema\\\/logo\\\/image\\\/\",\"url\":\"https:\\\/\\\/digidem-bayern.de\\\/wp-content\\\/uploads\\\/2022\\\/03\\\/cropped-Allgemeines_digiDEMLOGO-removebg-preview.png\",\"contentUrl\":\"https:\\\/\\\/digidem-bayern.de\\\/wp-content\\\/uploads\\\/2022\\\/03\\\/cropped-Allgemeines_digiDEMLOGO-removebg-preview.png\",\"width\":612,\"height\":357,\"caption\":\"digiDEM Bayern\"},\"image\":{\"@id\":\"\\\/#\\\/schema\\\/logo\\\/image\\\/\"},\"sameAs\":[\"https:\\\/\\\/www.facebook.com\\\/digiDEMBayern\\\/\",\"https:\\\/\\\/x.com\\\/digidem_bayern\",\"https:\\\/\\\/www.instagram.com\\\/digidem.bayern\",\"https:\\\/\\\/www.linkedin.com\\\/company\\\/digidem-bayern\\\/\"]},{\"@type\":\"Person\",\"@id\":\"\\\/#\\\/schema\\\/person\\\/0bc1494f46fc2a051c761322a80e0941\",\"name\":\"Ilona H\u00f6rath\",\"url\":\"https:\\\/\\\/digidem-bayern.de\\\/en\\\/author\\\/hoeratia\\\/\"}]}<\/script>\n<!-- \/ Yoast SEO plugin. -->","yoast_head_json":{"title":"Webinar: Die Bayerische Demenzstrategie \u2013 Vielf\u00e4ltige M\u00f6glichkeiten der Mitwirkung - digiDEM Bayern","description":"Im Webinar \"digiDEM Bayern Science Watch LIVE\" behandeln Wissenschaftler ein Thema aus der Demenzforschung und stehen live f\u00fcr Fragen zur Verf\u00fcgung.","robots":{"index":"index","follow":"follow","max-snippet":"max-snippet:-1","max-image-preview":"max-image-preview:large","max-video-preview":"max-video-preview:-1"},"canonical":"https:\/\/digidem-bayern.de\/en\/webinar-die-bayerische-demenzstrategie-vielfaeltige-moeglichkeiten-der-mitwirkung\/","og_locale":"en_US","og_type":"article","og_title":"Webinar: Die Bayerische Demenzstrategie \u2013 Vielf\u00e4ltige M\u00f6glichkeiten der Mitwirkung - digiDEM Bayern","og_description":"Im Webinar \"digiDEM Bayern Science Watch LIVE\" behandeln Wissenschaftler ein Thema aus der Demenzforschung und stehen live f\u00fcr Fragen zur Verf\u00fcgung.","og_url":"https:\/\/digidem-bayern.de\/en\/webinar-die-bayerische-demenzstrategie-vielfaeltige-moeglichkeiten-der-mitwirkung\/","og_site_name":"digiDEM Bayern","article_publisher":"https:\/\/www.facebook.com\/digiDEMBayern\/","article_published_time":"2024-01-15T13:11:02+00:00","article_modified_time":"2024-01-31T08:52:17+00:00","og_image":[{"width":1600,"height":1067,"url":"https:\/\/digidem-bayern.de\/wp-content\/uploads\/2024\/01\/Demenzstrategie-quadrat.png","type":"image\/png"}],"author":"Ilona H\u00f6rath","twitter_misc":{"Written by":"Ilona H\u00f6rath","Est. reading time":"2 minutes"},"schema":{"@context":"https:\/\/schema.org","@graph":[{"@type":"Article","@id":"https:\/\/digidem-bayern.de\/webinar-die-bayerische-demenzstrategie-vielfaeltige-moeglichkeiten-der-mitwirkung\/#article","isPartOf":{"@id":"https:\/\/digidem-bayern.de\/webinar-die-bayerische-demenzstrategie-vielfaeltige-moeglichkeiten-der-mitwirkung\/"},"author":{"name":"Ilona H\u00f6rath","@id":"\/#\/schema\/person\/0bc1494f46fc2a051c761322a80e0941"},"headline":"Webinar: Die Bayerische Demenzstrategie \u2013 Vielf\u00e4ltige M\u00f6glichkeiten der Mitwirkung","datePublished":"2024-01-15T13:11:02+00:00","dateModified":"2024-01-31T08:52:17+00:00","mainEntityOfPage":{"@id":"https:\/\/digidem-bayern.de\/webinar-die-bayerische-demenzstrategie-vielfaeltige-moeglichkeiten-der-mitwirkung\/"},"wordCount":232,"commentCount":0,"publisher":{"@id":"\/#organization"},"image":{"@id":"https:\/\/digidem-bayern.de\/webinar-die-bayerische-demenzstrategie-vielfaeltige-moeglichkeiten-der-mitwirkung\/#primaryimage"},"thumbnailUrl":"https:\/\/digidem-bayern.de\/wp-content\/uploads\/2024\/01\/Demenzstrategie-quadrat.png","keywords":["Alzheimer","Bayerische Demenzstrategie","Bayerische Demenzwoche","Christine Leike","Demenz","digidem","digidem Bayern","Digitales Demenzregister Bayern","Judith Gerlach","StMGP","Webinar"],"articleSection":["Kommendes Webinar"],"inLanguage":"en-US","potentialAction":[{"@type":"CommentAction","name":"Comment","target":["https:\/\/digidem-bayern.de\/webinar-die-bayerische-demenzstrategie-vielfaeltige-moeglichkeiten-der-mitwirkung\/#respond"]}]},{"@type":"WebPage","@id":"https:\/\/digidem-bayern.de\/webinar-die-bayerische-demenzstrategie-vielfaeltige-moeglichkeiten-der-mitwirkung\/","url":"https:\/\/digidem-bayern.de\/webinar-die-bayerische-demenzstrategie-vielfaeltige-moeglichkeiten-der-mitwirkung\/","name":"Webinar: Die Bayerische Demenzstrategie \u2013 Vielf\u00e4ltige M\u00f6glichkeiten der Mitwirkung - digiDEM Bayern","isPartOf":{"@id":"\/#website"},"primaryImageOfPage":{"@id":"https:\/\/digidem-bayern.de\/webinar-die-bayerische-demenzstrategie-vielfaeltige-moeglichkeiten-der-mitwirkung\/#primaryimage"},"image":{"@id":"https:\/\/digidem-bayern.de\/webinar-die-bayerische-demenzstrategie-vielfaeltige-moeglichkeiten-der-mitwirkung\/#primaryimage"},"thumbnailUrl":"https:\/\/digidem-bayern.de\/wp-content\/uploads\/2024\/01\/Demenzstrategie-quadrat.png","datePublished":"2024-01-15T13:11:02+00:00","dateModified":"2024-01-31T08:52:17+00:00","description":"Im Webinar \"digiDEM Bayern Science Watch LIVE\" behandeln Wissenschaftler ein Thema aus der Demenzforschung und stehen live f\u00fcr Fragen zur Verf\u00fcgung.","breadcrumb":{"@id":"https:\/\/digidem-bayern.de\/webinar-die-bayerische-demenzstrategie-vielfaeltige-moeglichkeiten-der-mitwirkung\/#breadcrumb"},"inLanguage":"en-US","potentialAction":[{"@type":"ReadAction","target":["https:\/\/digidem-bayern.de\/webinar-die-bayerische-demenzstrategie-vielfaeltige-moeglichkeiten-der-mitwirkung\/"]}]},{"@type":"ImageObject","inLanguage":"en-US","@id":"https:\/\/digidem-bayern.de\/webinar-die-bayerische-demenzstrategie-vielfaeltige-moeglichkeiten-der-mitwirkung\/#primaryimage","url":"https:\/\/digidem-bayern.de\/wp-content\/uploads\/2024\/01\/Demenzstrategie-quadrat.png","contentUrl":"https:\/\/digidem-bayern.de\/wp-content\/uploads\/2024\/01\/Demenzstrategie-quadrat.png","width":1600,"height":1067},{"@type":"BreadcrumbList","@id":"https:\/\/digidem-bayern.de\/webinar-die-bayerische-demenzstrategie-vielfaeltige-moeglichkeiten-der-mitwirkung\/#breadcrumb","itemListElement":[{"@type":"ListItem","position":1,"name":"Startseite","item":"https:\/\/digidem-bayern.de\/"},{"@type":"ListItem","position":2,"name":"Webinar: Die Bayerische Demenzstrategie \u2013 Vielf\u00e4ltige M\u00f6glichkeiten der Mitwirkung"}]},{"@type":"WebSite","@id":"\/#website","url":"\/","name":"digiDEM Bavaria","description":"The digital dementia register in Bavaria researches and improves the structure of services for people with dementia and their relatives","publisher":{"@id":"\/#organization"},"potentialAction":[{"@type":"SearchAction","target":{"@type":"EntryPoint","urlTemplate":"\/?s={search_term_string}"},"query-input":{"@type":"PropertyValueSpecification","valueRequired":true,"valueName":"search_term_string"}}],"inLanguage":"en-US"},{"@type":"Organization","@id":"\/#organization","name":"digiDEM Bavaria","url":"\/","logo":{"@type":"ImageObject","inLanguage":"en-US","@id":"\/#\/schema\/logo\/image\/","url":"https:\/\/digidem-bayern.de\/wp-content\/uploads\/2022\/03\/cropped-Allgemeines_digiDEMLOGO-removebg-preview.png","contentUrl":"https:\/\/digidem-bayern.de\/wp-content\/uploads\/2022\/03\/cropped-Allgemeines_digiDEMLOGO-removebg-preview.png","width":612,"height":357,"caption":"digiDEM Bayern"},"image":{"@id":"\/#\/schema\/logo\/image\/"},"sameAs":["https:\/\/www.facebook.com\/digiDEMBayern\/","https:\/\/x.com\/digidem_bayern","https:\/\/www.instagram.com\/digidem.bayern","https:\/\/www.linkedin.com\/company\/digidem-bayern\/"]},{"@type":"Person","@id":"\/#\/schema\/person\/0bc1494f46fc2a051c761322a80e0941","name":"Ilona H\u00f6rath","url":"https:\/\/digidem-bayern.de\/en\/author\/hoeratia\/"}]}},"uagb_featured_image_src":{"full":["https:\/\/digidem-bayern.de\/wp-content\/uploads\/2024\/01\/Demenzstrategie-quadrat.png",1600,1067,false],"thumbnail":["https:\/\/digidem-bayern.de\/wp-content\/uploads\/2024\/01\/Demenzstrategie-quadrat-80x80.png",80,80,true],"medium":["https:\/\/digidem-bayern.de\/wp-content\/uploads\/2024\/01\/Demenzstrategie-quadrat-300x200.png",300,200,true],"medium_large":["https:\/\/digidem-bayern.de\/wp-content\/uploads\/2024\/01\/Demenzstrategie-quadrat-768x512.png",768,512,true],"large":["https:\/\/digidem-bayern.de\/wp-content\/uploads\/2024\/01\/Demenzstrategie-quadrat-1030x687.png",1030,687,true],"1536x1536":["https:\/\/digidem-bayern.de\/wp-content\/uploads\/2024\/01\/Demenzstrategie-quadrat-1536x1024.png",1536,1024,true],"2048x2048":["https:\/\/digidem-bayern.de\/wp-content\/uploads\/2024\/01\/Demenzstrategie-quadrat.png",1600,1067,false],"trp-custom-language-flag":["https:\/\/digidem-bayern.de\/wp-content\/uploads\/2024\/01\/Demenzstrategie-quadrat.png",18,12,false],"qubely_landscape":["https:\/\/digidem-bayern.de\/wp-content\/uploads\/2024\/01\/Demenzstrategie-quadrat-1200x750.png",1200,750,true],"qubely_portrait":["https:\/\/digidem-bayern.de\/wp-content\/uploads\/2024\/01\/Demenzstrategie-quadrat-540x320.png",540,320,true],"qubely_thumbnail":["https:\/\/digidem-bayern.de\/wp-content\/uploads\/2024\/01\/Demenzstrategie-quadrat-140x100.png",140,100,true],"post-thumbnail":["https:\/\/digidem-bayern.de\/wp-content\/uploads\/2024\/01\/Demenzstrategie-quadrat-525x350.png",525,350,true],"kahuna-featured":["https:\/\/digidem-bayern.de\/wp-content\/uploads\/2024\/01\/Demenzstrategie-quadrat-734x350.png",734,350,true],"kahuna-featured-lp":["https:\/\/digidem-bayern.de\/wp-content\/uploads\/2024\/01\/Demenzstrategie-quadrat-520x350.png",520,350,true],"kahuna-featured-half":["https:\/\/digidem-bayern.de\/wp-content\/uploads\/2024\/01\/Demenzstrategie-quadrat-800x350.png",800,350,true],"kahuna-featured-third":["https:\/\/digidem-bayern.de\/wp-content\/uploads\/2024\/01\/Demenzstrategie-quadrat-512x350.png",512,350,true],"kahuna-lpbox-1":["https:\/\/digidem-bayern.de\/wp-content\/uploads\/2024\/01\/Demenzstrategie-quadrat-520x300.png",520,300,true],"kahuna-lpbox-2":["https:\/\/digidem-bayern.de\/wp-content\/uploads\/2024\/01\/Demenzstrategie-quadrat-520x350.png",520,350,true],"demand-language-flag":["https:\/\/digidem-bayern.de\/wp-content\/uploads\/2024\/01\/Demenzstrategie-quadrat-36x36.png",36,36,true],"dddkt-language-flag":["https:\/\/digidem-bayern.de\/wp-content\/uploads\/2024\/01\/Demenzstrategie-quadrat-36x36.png",36,36,true],"ddiqc-language-flag":["https:\/\/digidem-bayern.de\/wp-content\/uploads\/2024\/01\/Demenzstrategie-quadrat-36x36.png",36,36,true],"ddtl-language-flag":["https:\/\/digidem-bayern.de\/wp-content\/uploads\/2024\/01\/Demenzstrategie-quadrat-36x36.png",36,36,true],"mailpoet_newsletter_max":["https:\/\/digidem-bayern.de\/wp-content\/uploads\/2024\/01\/Demenzstrategie-quadrat-1320x880.png",1320,880,true],"kahuna-lpbox-3":["https:\/\/digidem-bayern.de\/wp-content\/uploads\/2024\/01\/Demenzstrategie-quadrat-520x350.png",520,350,true],"kahuna-featured-square":["https:\/\/digidem-bayern.de\/wp-content\/uploads\/2024\/01\/Demenzstrategie-quadrat-512x512.png",512,512,true],"kahuna-featured-square-large":["https:\/\/digidem-bayern.de\/wp-content\/uploads\/2024\/01\/Demenzstrategie-quadrat-1024x1024.png",1024,1024,true]},"uagb_author_info":{"display_name":"Ilona H\u00f6rath","author_link":"https:\/\/digidem-bayern.de\/en\/author\/hoeratia\/"},"uagb_comment_info":2,"uagb_excerpt":"Festhalten was verbindet \u2013 unter diesem Motto setzt die Bayerische Staatsregierung bereits seit 2013 im Rahmen der Bayerischen Demenzstrategie eine Vielzahl an Ma\u00dfnahmen und Projekten um. Dazu geh\u00f6rt beispielsweise die j\u00e4hrlich stattfindende Bayerische Demenzwoche, an der sich 2023 bayernweit \u00fcber 1.000 Akteurinnen und Akteure beteiligt haben. Leitziele der Bayerischen Demenzstrategie &hellip;","_links":{"self":[{"href":"https:\/\/digidem-bayern.de\/en\/wp-json\/wp\/v2\/posts\/32388","targetHints":{"allow":["GET"]}}],"collection":[{"href":"https:\/\/digidem-bayern.de\/en\/wp-json\/wp\/v2\/posts"}],"about":[{"href":"https:\/\/digidem-bayern.de\/en\/wp-json\/wp\/v2\/types\/post"}],"author":[{"embeddable":true,"href":"https:\/\/digidem-bayern.de\/en\/wp-json\/wp\/v2\/users\/12"}],"replies":[{"embeddable":true,"href":"https:\/\/digidem-bayern.de\/en\/wp-json\/wp\/v2\/comments?post=32388"}],"version-history":[{"count":10,"href":"https:\/\/digidem-bayern.de\/en\/wp-json\/wp\/v2\/posts\/32388\/revisions"}],"predecessor-version":[{"id":32420,"href":"https:\/\/digidem-bayern.de\/en\/wp-json\/wp\/v2\/posts\/32388\/revisions\/32420"}],"wp:featuredmedia":[{"embeddable":true,"href":"https:\/\/digidem-bayern.de\/en\/wp-json\/wp\/v2\/media\/32414"}],"wp:attachment":[{"href":"https:\/\/digidem-bayern.de\/en\/wp-json\/wp\/v2\/media?parent=32388"}],"wp:term":[{"taxonomy":"category","embeddable":true,"href":"https:\/\/digidem-bayern.de\/en\/wp-json\/wp\/v2\/categories?post=32388"},{"taxonomy":"post_tag","embeddable":true,"href":"https:\/\/digidem-bayern.de\/en\/wp-json\/wp\/v2\/tags?post=32388"}],"curies":[{"name":"wp","href":"https:\/\/api.w.org\/{rel}","templated":true}]}}