{"id":3206,"date":"2019-09-03T08:16:52","date_gmt":"2019-09-03T06:16:52","guid":{"rendered":"https:\/\/bw0b74.myraidbox.de\/?p=3206"},"modified":"2019-09-23T13:34:10","modified_gmt":"2019-09-23T11:34:10","slug":"die-digitalisierung-wird-die-gesundheitswirtschaft-deutlich-veraendern","status":"publish","type":"post","link":"https:\/\/digidem-bayern.de\/en\/die-digitalisierung-wird-die-gesundheitswirtschaft-deutlich-veraendern\/","title":{"rendered":"\u201eDie Digitalisierung wird die Gesundheitswirtschaft deutlich ver\u00e4ndern\u201c"},"content":{"rendered":"<h4 class=\"wp-block-heading\">Damit die wissenschaftlichen Erkenntnisse und die digitalen \nUnterst\u00fctzungsangebote von digiDEM Bayern tats\u00e4chlich bei den \nBetroffenen und den pflegenden Angeh\u00f6rigen ankommen, soll \u00fcber die \nProjektlaufzeit bayernweit ein fl\u00e4chendeckendes Netzwerk etabliert \nwerden. J\u00f6rg Trinkwalter, Mitglied der Gesch\u00e4ftsleitung des Vereins \nMedical Valley Europ\u00e4ische Metropolregion N\u00fcrnberg, hat langj\u00e4hrige \nErfahrung im Aufbau und Management von Netzwerkstrukturen.<\/h4>\n\n\n\n<h3 class=\"wp-block-heading\">Was war Ihre Motivation sich mit Medical Valley an dem Projekt zu beteiligen?<\/h3>\n\n\n\n<div class=\"wp-block-image\"><figure class=\"alignleft\"><img loading=\"lazy\" decoding=\"async\" width=\"300\" height=\"232\" src=\"https:\/\/bw0b74.myraidbox.de\/wp-content\/uploads\/Medical-Valley-J\u00f6rg-Trinkwalter-1-e1566292995376-300x232.jpg\" alt=\"\" class=\"wp-image-3209\" srcset=\"https:\/\/digidem-bayern.de\/wp-content\/uploads\/Medical-Valley-J\u00f6rg-Trinkwalter-1-e1566292995376-300x232.jpg 300w, https:\/\/digidem-bayern.de\/wp-content\/uploads\/Medical-Valley-J\u00f6rg-Trinkwalter-1-e1566292995376-768x594.jpg 768w, https:\/\/digidem-bayern.de\/wp-content\/uploads\/Medical-Valley-J\u00f6rg-Trinkwalter-1-e1566292995376-1030x797.jpg 1030w, https:\/\/digidem-bayern.de\/wp-content\/uploads\/Medical-Valley-J\u00f6rg-Trinkwalter-1-e1566292995376-452x350.jpg 452w, https:\/\/digidem-bayern.de\/wp-content\/uploads\/Medical-Valley-J\u00f6rg-Trinkwalter-1-e1566292995376.jpg 1060w\" sizes=\"auto, (max-width: 300px) 100vw, 300px\" \/><figcaption>Medical Valley J\u00f6rg Trinkwalter<\/figcaption><\/figure><\/div>\n\n\n\n<p>Die Digitalisierung wird die Gesundheitswirtschaft deutlich \nver\u00e4ndern. Es werden neue Strukturen entstehen, Versorgungsabl\u00e4ufe \nwerden sich ver\u00e4ndern und es werden disruptive Gesch\u00e4ftsmodelle zur \nAnwendung kommen, die alle das Potential haben, die Versorgung \neffektiver und effizienter zu machen. Bayern kann ein Vorreiter werden, \nwenn es darum geht, diese Potenziale schnell f\u00fcr jeden einzelnen B\u00fcrger \nin Bayern erlebbar zu machen. Grundvoraussetzung ist, dass die \nverschiedenen Akteure aus Politik, Wirtschaft, Wissenschaft und \nGesundheitsversorgung zielorientiert zusammen arbeiten. Das ist der Kern\n von Medical Valley, und genau das ist auch in digiDEM Bayern gegeben. \nDas motiviert uns sehr!<\/p>\n\n\n\n<h3 class=\"wp-block-heading\">digiDEM Bayern wird von einem Netzwerk aus verschiedenen Experten \ngetragen. Wie wirkt sich diese transdisziplin\u00e4re Zusammenarbeit auf das \nProjekt aus?<\/h3>\n\n\n\n<p>Im Projektteam von digiDEM Bayern kooperieren zum Beispiel \nExpert*innen aus der Demenzversorgung eng mit Versorgungsforscher*innen \nund Medizininformatiker*innen. Zus\u00e4tzlich unterst\u00fctzen assoziierte \nPartner wie Patientenverb\u00e4nde oder das bayerische Gesundheitsministerium\n die Realisierung der Zielsetzungen von digiDEM. Wir sind fest \n\u00fcberzeugt, dass nur in solchen Konstellationen nachhaltige L\u00f6sungen \nentstehen k\u00f6nnen.<\/p>\n\n\n\n<h3 class=\"wp-block-heading\">Welche Art von Netzwerk entsteht bei digiDEM Bayern und wie k\u00f6nnen Betroffene davon profitieren?<\/h3>\n\n\n\n<p>Unser Plan ist es, in jedem bayerischen Regierungsbezirk ein Netzwerk\n aus Koordinator*innen und Ansprechpartner*innen aufzubauen. Die ersten \nSchritte hierzu wurden bereits gemacht. Wir hatten Anfang Juli 2019 eine\n Auftaktveranstaltung, bei der rund 150 Akteure aus der Demenzversorgung\n aus ganz Bayern zusammengekommen sind. Hier wurde \u00fcber die \nZielsetzungen von digiDEM Bayern informiert und diskutiert. Anschlie\u00dfend\n wurden in Gespr\u00e4chskreisen pro Regierungsbezirk die spezifischen \nAnforderungen und Herausforderungen erfasst. Mit dieser Struktur wollen \nwir eine bedarfsorientierte Entwicklung von digiDEM Bayern gew\u00e4hrleisten\n und den Kontakt zu den bereits etablierten lokalen \nVersorgungsstrukturen haben.<\/p>\n\n\n\n<h3 class=\"wp-block-heading\">Inwiefern sind Menschen mit Demenz und deren Angeh\u00f6rige ein Teil dieses Netzwerks?<\/h3>\n\n\n\n<p>Man kann sagen, dass diese Menschen den Kern des Netzwerks bilden. \nUnsere Arbeit dreht sich um sie und Veranstaltungen wie die Bayerischen \nDemenzwochen sollen ihnen Zugang zu den verschiedenen Infrastrukturen \ndes Netzwerks bieten, so dass aktive Teilhabe m\u00f6glich ist. Einer der \nwichtigsten Aspekte ist sicherlich, dass digiDEM Bayern auch die \nVernetzung der Betroffenen untereinander erm\u00f6glicht und ihnen so \nhoffentlich das Gef\u00fchl gibt, dass sie Teil einer starken Gemeinschaft \nsind, die ihre Bed\u00fcrfnisse wahrnimmt und sich f\u00fcr sie einsetzt.<\/p>\n\n\n\n<div style=\"height:100px\" aria-hidden=\"true\" class=\"wp-block-spacer\"><\/div>","protected":false},"excerpt":{"rendered":"<p>Damit die wissenschaftlichen Erkenntnisse und die digitalen Unterst\u00fctzungsangebote von digiDEM Bayern tats\u00e4chlich bei den Betroffenen und den pflegenden Angeh\u00f6rigen ankommen, soll \u00fcber die Projektlaufzeit bayernweit ein fl\u00e4chendeckendes Netzwerk etabliert werden. J\u00f6rg Trinkwalter, Mitglied der Gesch\u00e4ftsleitung des Vereins Medical Valley Europ\u00e4ische Metropolregion N\u00fcrnberg, hat langj\u00e4hrige Erfahrung im Aufbau und Management von &hellip;<\/p>","protected":false},"author":11,"featured_media":3209,"comment_status":"closed","ping_status":"closed","sticky":false,"template":"","format":"standard","meta":{"qubely_global_settings":"","qubely_interactions":"","_uag_custom_page_level_css":"","footnotes":""},"categories":[8],"tags":[],"class_list":["post-3206","post","type-post","status-publish","format-standard","has-post-thumbnail","hentry","category-aktuelles-zu-digidem"],"qubely_featured_image_url":{"full":["https:\/\/digidem-bayern.de\/wp-content\/uploads\/Medical-Valley-J\u00f6rg-Trinkwalter-1-e1566292995376.jpg",1060,820,false],"landscape":["https:\/\/digidem-bayern.de\/wp-content\/uploads\/Medical-Valley-J\u00f6rg-Trinkwalter-1-e1566292995376-1060x750.jpg",1060,750,true],"portraits":["https:\/\/digidem-bayern.de\/wp-content\/uploads\/Medical-Valley-J\u00f6rg-Trinkwalter-1-e1566292995376-540x320.jpg",540,320,true],"thumbnail":["https:\/\/digidem-bayern.de\/wp-content\/uploads\/Medical-Valley-J\u00f6rg-Trinkwalter-1-e1566292995376-80x80.jpg",80,80,true],"medium":["https:\/\/digidem-bayern.de\/wp-content\/uploads\/Medical-Valley-J\u00f6rg-Trinkwalter-1-e1566292995376-300x232.jpg",300,232,true],"medium_large":["https:\/\/digidem-bayern.de\/wp-content\/uploads\/Medical-Valley-J\u00f6rg-Trinkwalter-1-e1566292995376-768x594.jpg",768,594,true],"large":["https:\/\/digidem-bayern.de\/wp-content\/uploads\/Medical-Valley-J\u00f6rg-Trinkwalter-1-e1566292995376-1030x797.jpg",1030,797,true],"1536x1536":["https:\/\/digidem-bayern.de\/wp-content\/uploads\/Medical-Valley-J\u00f6rg-Trinkwalter-1-e1566292995376.jpg",1060,820,false],"2048x2048":["https:\/\/digidem-bayern.de\/wp-content\/uploads\/Medical-Valley-J\u00f6rg-Trinkwalter-1-e1566292995376.jpg",1060,820,false],"trp-custom-language-flag":["https:\/\/digidem-bayern.de\/wp-content\/uploads\/Medical-Valley-J\u00f6rg-Trinkwalter-1-e1566292995376.jpg",16,12,false],"qubely_landscape":["https:\/\/digidem-bayern.de\/wp-content\/uploads\/Medical-Valley-J\u00f6rg-Trinkwalter-1-e1566292995376-1060x750.jpg",1060,750,true],"qubely_portrait":["https:\/\/digidem-bayern.de\/wp-content\/uploads\/Medical-Valley-J\u00f6rg-Trinkwalter-1-e1566292995376-540x320.jpg",540,320,true],"qubely_thumbnail":["https:\/\/digidem-bayern.de\/wp-content\/uploads\/Medical-Valley-J\u00f6rg-Trinkwalter-1-e1566292995376-140x100.jpg",140,100,true],"post-thumbnail":["https:\/\/digidem-bayern.de\/wp-content\/uploads\/Medical-Valley-J\u00f6rg-Trinkwalter-1-e1566292995376-452x350.jpg",452,350,true],"kahuna-featured":["https:\/\/digidem-bayern.de\/wp-content\/uploads\/Medical-Valley-J\u00f6rg-Trinkwalter-1-e1566292995376-495x350.jpg",495,350,true],"kahuna-featured-lp":["https:\/\/digidem-bayern.de\/wp-content\/uploads\/Medical-Valley-J\u00f6rg-Trinkwalter-1-e1566292995376-690x350.jpg",520,264,true],"kahuna-featured-half":["https:\/\/digidem-bayern.de\/wp-content\/uploads\/Medical-Valley-J\u00f6rg-Trinkwalter-1-e1566292995376-800x350.jpg",800,350,true],"kahuna-featured-third":["https:\/\/digidem-bayern.de\/wp-content\/uploads\/Medical-Valley-J\u00f6rg-Trinkwalter-1-e1566292995376-512x350.jpg",512,350,true],"kahuna-lpbox-1":["https:\/\/digidem-bayern.de\/wp-content\/uploads\/Medical-Valley-J\u00f6rg-Trinkwalter-1-e1566292995376-460x350.jpg",394,300,true],"kahuna-lpbox-2":["https:\/\/digidem-bayern.de\/wp-content\/uploads\/Medical-Valley-J\u00f6rg-Trinkwalter-1-e1566292995376-460x350.jpg",460,350,true],"demand-language-flag":["https:\/\/digidem-bayern.de\/wp-content\/uploads\/Medical-Valley-J\u00f6rg-Trinkwalter-1-e1566292995376.jpg",36,28,false],"dddkt-language-flag":["https:\/\/digidem-bayern.de\/wp-content\/uploads\/Medical-Valley-J\u00f6rg-Trinkwalter-1-e1566292995376.jpg",36,28,false],"ddiqc-language-flag":["https:\/\/digidem-bayern.de\/wp-content\/uploads\/Medical-Valley-J\u00f6rg-Trinkwalter-1-e1566292995376.jpg",36,28,false],"ddtl-language-flag":["https:\/\/digidem-bayern.de\/wp-content\/uploads\/Medical-Valley-J\u00f6rg-Trinkwalter-1-e1566292995376.jpg",36,28,false],"mailpoet_newsletter_max":["https:\/\/digidem-bayern.de\/wp-content\/uploads\/Medical-Valley-J\u00f6rg-Trinkwalter-1-e1566292995376.jpg",1060,820,false],"kahuna-lpbox-3":["https:\/\/digidem-bayern.de\/wp-content\/uploads\/Medical-Valley-J\u00f6rg-Trinkwalter-1-e1566292995376-460x350.jpg",460,350,true],"kahuna-featured-square":["https:\/\/digidem-bayern.de\/wp-content\/uploads\/Medical-Valley-J\u00f6rg-Trinkwalter-1-e1566292995376-512x512.jpg",512,512,true],"kahuna-featured-square-large":["https:\/\/digidem-bayern.de\/wp-content\/uploads\/Medical-Valley-J\u00f6rg-Trinkwalter-1-e1566292995376-1024x820.jpg",1024,820,true]},"qubely_author":{"display_name":"Michael Zeiler","author_link":"https:\/\/digidem-bayern.de\/en\/author\/michael-zeiler\/"},"qubely_comment":0,"qubely_category":"<a href=\"https:\/\/digidem-bayern.de\/en\/category\/aktuelles-zu-digidem\/\" rel=\"category tag\">Aktuelles zu digiDEM<\/a>","qubely_excerpt":"Damit die wissenschaftlichen Erkenntnisse und die digitalen Unterst\u00fctzungsangebote von digiDEM Bayern tats\u00e4chlich bei den Betroffenen und den pflegenden Angeh\u00f6rigen ankommen, soll \u00fcber die Projektlaufzeit bayernweit ein fl\u00e4chendeckendes Netzwerk etabliert werden. J\u00f6rg Trinkwalter, Mitglied der Gesch\u00e4ftsleitung des Vereins Medical Valley Europ\u00e4ische Metropolregion N\u00fcrnberg, hat langj\u00e4hrige Erfahrung im Aufbau und Management von &hellip;","featured_image_urls_v2":{"full":["https:\/\/digidem-bayern.de\/wp-content\/uploads\/Medical-Valley-J\u00f6rg-Trinkwalter-1-e1566292995376.jpg",1060,820,false],"thumbnail":["https:\/\/digidem-bayern.de\/wp-content\/uploads\/Medical-Valley-J\u00f6rg-Trinkwalter-1-e1566292995376-80x80.jpg",80,80,true],"medium":["https:\/\/digidem-bayern.de\/wp-content\/uploads\/Medical-Valley-J\u00f6rg-Trinkwalter-1-e1566292995376-300x232.jpg",300,232,true],"medium_large":["https:\/\/digidem-bayern.de\/wp-content\/uploads\/Medical-Valley-J\u00f6rg-Trinkwalter-1-e1566292995376-768x594.jpg",768,594,true],"large":["https:\/\/digidem-bayern.de\/wp-content\/uploads\/Medical-Valley-J\u00f6rg-Trinkwalter-1-e1566292995376-1030x797.jpg",1030,797,true],"1536x1536":["https:\/\/digidem-bayern.de\/wp-content\/uploads\/Medical-Valley-J\u00f6rg-Trinkwalter-1-e1566292995376.jpg",1060,820,false],"2048x2048":["https:\/\/digidem-bayern.de\/wp-content\/uploads\/Medical-Valley-J\u00f6rg-Trinkwalter-1-e1566292995376.jpg",1060,820,false],"trp-custom-language-flag":["https:\/\/digidem-bayern.de\/wp-content\/uploads\/Medical-Valley-J\u00f6rg-Trinkwalter-1-e1566292995376.jpg",16,12,false],"qubely_landscape":["https:\/\/digidem-bayern.de\/wp-content\/uploads\/Medical-Valley-J\u00f6rg-Trinkwalter-1-e1566292995376-1060x750.jpg",1060,750,true],"qubely_portrait":["https:\/\/digidem-bayern.de\/wp-content\/uploads\/Medical-Valley-J\u00f6rg-Trinkwalter-1-e1566292995376-540x320.jpg",540,320,true],"qubely_thumbnail":["https:\/\/digidem-bayern.de\/wp-content\/uploads\/Medical-Valley-J\u00f6rg-Trinkwalter-1-e1566292995376-140x100.jpg",140,100,true],"post-thumbnail":["https:\/\/digidem-bayern.de\/wp-content\/uploads\/Medical-Valley-J\u00f6rg-Trinkwalter-1-e1566292995376-452x350.jpg",452,350,true],"kahuna-featured":["https:\/\/digidem-bayern.de\/wp-content\/uploads\/Medical-Valley-J\u00f6rg-Trinkwalter-1-e1566292995376-495x350.jpg",495,350,true],"kahuna-featured-lp":["https:\/\/digidem-bayern.de\/wp-content\/uploads\/Medical-Valley-J\u00f6rg-Trinkwalter-1-e1566292995376-690x350.jpg",520,264,true],"kahuna-featured-half":["https:\/\/digidem-bayern.de\/wp-content\/uploads\/Medical-Valley-J\u00f6rg-Trinkwalter-1-e1566292995376-800x350.jpg",800,350,true],"kahuna-featured-third":["https:\/\/digidem-bayern.de\/wp-content\/uploads\/Medical-Valley-J\u00f6rg-Trinkwalter-1-e1566292995376-512x350.jpg",512,350,true],"kahuna-lpbox-1":["https:\/\/digidem-bayern.de\/wp-content\/uploads\/Medical-Valley-J\u00f6rg-Trinkwalter-1-e1566292995376-460x350.jpg",394,300,true],"kahuna-lpbox-2":["https:\/\/digidem-bayern.de\/wp-content\/uploads\/Medical-Valley-J\u00f6rg-Trinkwalter-1-e1566292995376-460x350.jpg",460,350,true],"demand-language-flag":["https:\/\/digidem-bayern.de\/wp-content\/uploads\/Medical-Valley-J\u00f6rg-Trinkwalter-1-e1566292995376.jpg",36,28,false],"dddkt-language-flag":["https:\/\/digidem-bayern.de\/wp-content\/uploads\/Medical-Valley-J\u00f6rg-Trinkwalter-1-e1566292995376.jpg",36,28,false],"ddiqc-language-flag":["https:\/\/digidem-bayern.de\/wp-content\/uploads\/Medical-Valley-J\u00f6rg-Trinkwalter-1-e1566292995376.jpg",36,28,false],"ddtl-language-flag":["https:\/\/digidem-bayern.de\/wp-content\/uploads\/Medical-Valley-J\u00f6rg-Trinkwalter-1-e1566292995376.jpg",36,28,false],"mailpoet_newsletter_max":["https:\/\/digidem-bayern.de\/wp-content\/uploads\/Medical-Valley-J\u00f6rg-Trinkwalter-1-e1566292995376.jpg",1060,820,false],"kahuna-lpbox-3":["https:\/\/digidem-bayern.de\/wp-content\/uploads\/Medical-Valley-J\u00f6rg-Trinkwalter-1-e1566292995376-460x350.jpg",460,350,true],"kahuna-featured-square":["https:\/\/digidem-bayern.de\/wp-content\/uploads\/Medical-Valley-J\u00f6rg-Trinkwalter-1-e1566292995376-512x512.jpg",512,512,true],"kahuna-featured-square-large":["https:\/\/digidem-bayern.de\/wp-content\/uploads\/Medical-Valley-J\u00f6rg-Trinkwalter-1-e1566292995376-1024x820.jpg",1024,820,true]},"post_excerpt_stackable_v2":"<p>Damit die wissenschaftlichen Erkenntnisse und die digitalen Unterst\u00fctzungsangebote von digiDEM Bayern tats\u00e4chlich bei den Betroffenen und den pflegenden Angeh\u00f6rigen ankommen, soll \u00fcber die Projektlaufzeit bayernweit ein fl\u00e4chendeckendes Netzwerk etabliert werden. J\u00f6rg Trinkwalter, Mitglied der Gesch\u00e4ftsleitung des Vereins Medical Valley Europ\u00e4ische Metropolregion N\u00fcrnberg, hat langj\u00e4hrige Erfahrung im Aufbau und Management von Netzwerkstrukturen. Was war Ihre Motivation sich mit Medical Valley an dem Projekt zu beteiligen? Medical Valley J\u00f6rg Trinkwalter Die Digitalisierung wird die Gesundheitswirtschaft deutlich ver\u00e4ndern. Es werden neue Strukturen entstehen, Versorgungsabl\u00e4ufe werden sich ver\u00e4ndern und es werden disruptive Gesch\u00e4ftsmodelle zur Anwendung kommen, die alle das Potential haben, die Versorgung effektiver&hellip;<\/p>\n","category_list_v2":"<a href=\"https:\/\/digidem-bayern.de\/en\/category\/aktuelles-zu-digidem\/\" rel=\"category tag\">Aktuelles zu digiDEM<\/a>","author_info_v2":{"name":"Michael Zeiler","url":"https:\/\/digidem-bayern.de\/en\/author\/michael-zeiler\/"},"comments_num_v2":"0 comments","yoast_head":"<!-- This site is optimized with the Yoast SEO plugin v27.4 - https:\/\/yoast.com\/product\/yoast-seo-wordpress\/ -->\n<title>\u201eDie Digitalisierung wird die Gesundheitswirtschaft deutlich ver\u00e4ndern\u201c - digiDEM Bayern<\/title>\n<meta name=\"description\" content=\"Ziel des bayernweiten Projektes digiDEM ist die nachhaltige Verbesserung der Versorgungssituation von Menschen mit Demenz sowie deren pflegenden Angeh\u00f6rigen\" \/>\n<meta name=\"robots\" content=\"index, follow, max-snippet:-1, max-image-preview:large, max-video-preview:-1\" \/>\n<link rel=\"canonical\" href=\"https:\/\/digidem-bayern.de\/en\/die-digitalisierung-wird-die-gesundheitswirtschaft-deutlich-veraendern\/\" \/>\n<meta property=\"og:locale\" content=\"en_US\" \/>\n<meta property=\"og:type\" content=\"article\" \/>\n<meta property=\"og:title\" content=\"\u201eDie Digitalisierung wird die Gesundheitswirtschaft deutlich ver\u00e4ndern\u201c - digiDEM Bayern\" \/>\n<meta property=\"og:description\" content=\"Ziel des bayernweiten Projektes digiDEM ist die nachhaltige Verbesserung der Versorgungssituation von Menschen mit Demenz sowie deren pflegenden Angeh\u00f6rigen\" \/>\n<meta property=\"og:url\" content=\"https:\/\/digidem-bayern.de\/en\/die-digitalisierung-wird-die-gesundheitswirtschaft-deutlich-veraendern\/\" \/>\n<meta property=\"og:site_name\" content=\"digiDEM Bayern\" \/>\n<meta property=\"article:publisher\" content=\"https:\/\/www.facebook.com\/digiDEMBayern\/\" \/>\n<meta property=\"article:published_time\" content=\"2019-09-03T06:16:52+00:00\" \/>\n<meta property=\"article:modified_time\" content=\"2019-09-23T11:34:10+00:00\" \/>\n<meta property=\"og:image\" content=\"https:\/\/digidem-bayern.de\/wp-content\/uploads\/Medical-Valley-J\u00f6rg-Trinkwalter-1-e1566292995376.jpg\" \/>\n\t<meta property=\"og:image:width\" content=\"1060\" \/>\n\t<meta property=\"og:image:height\" content=\"820\" \/>\n\t<meta property=\"og:image:type\" content=\"image\/jpeg\" \/>\n<meta name=\"author\" content=\"Michael Zeiler\" \/>\n<meta name=\"twitter:label1\" content=\"Written by\" \/>\n\t<meta name=\"twitter:data1\" content=\"Michael Zeiler\" \/>\n\t<meta name=\"twitter:label2\" content=\"Est. reading time\" \/>\n\t<meta name=\"twitter:data2\" content=\"2 minutes\" \/>\n<script type=\"application\/ld+json\" class=\"yoast-schema-graph\">{\"@context\":\"https:\\\/\\\/schema.org\",\"@graph\":[{\"@type\":\"Article\",\"@id\":\"https:\\\/\\\/digidem-bayern.de\\\/die-digitalisierung-wird-die-gesundheitswirtschaft-deutlich-veraendern\\\/#article\",\"isPartOf\":{\"@id\":\"https:\\\/\\\/digidem-bayern.de\\\/die-digitalisierung-wird-die-gesundheitswirtschaft-deutlich-veraendern\\\/\"},\"author\":{\"name\":\"Michael Zeiler\",\"@id\":\"\\\/#\\\/schema\\\/person\\\/92754ad381f49b3c358d1d8d2c4f90b8\"},\"headline\":\"\u201eDie Digitalisierung wird die Gesundheitswirtschaft deutlich ver\u00e4ndern\u201c\",\"datePublished\":\"2019-09-03T06:16:52+00:00\",\"dateModified\":\"2019-09-23T11:34:10+00:00\",\"mainEntityOfPage\":{\"@id\":\"https:\\\/\\\/digidem-bayern.de\\\/die-digitalisierung-wird-die-gesundheitswirtschaft-deutlich-veraendern\\\/\"},\"wordCount\":460,\"publisher\":{\"@id\":\"\\\/#organization\"},\"image\":{\"@id\":\"https:\\\/\\\/digidem-bayern.de\\\/die-digitalisierung-wird-die-gesundheitswirtschaft-deutlich-veraendern\\\/#primaryimage\"},\"thumbnailUrl\":\"https:\\\/\\\/digidem-bayern.de\\\/wp-content\\\/uploads\\\/Medical-Valley-J\u00f6rg-Trinkwalter-1-e1566292995376.jpg\",\"articleSection\":[\"Aktuelles zu digiDEM\"],\"inLanguage\":\"en-US\"},{\"@type\":\"WebPage\",\"@id\":\"https:\\\/\\\/digidem-bayern.de\\\/die-digitalisierung-wird-die-gesundheitswirtschaft-deutlich-veraendern\\\/\",\"url\":\"https:\\\/\\\/digidem-bayern.de\\\/die-digitalisierung-wird-die-gesundheitswirtschaft-deutlich-veraendern\\\/\",\"name\":\"\u201eDie Digitalisierung wird die Gesundheitswirtschaft deutlich ver\u00e4ndern\u201c - digiDEM Bayern\",\"isPartOf\":{\"@id\":\"\\\/#website\"},\"primaryImageOfPage\":{\"@id\":\"https:\\\/\\\/digidem-bayern.de\\\/die-digitalisierung-wird-die-gesundheitswirtschaft-deutlich-veraendern\\\/#primaryimage\"},\"image\":{\"@id\":\"https:\\\/\\\/digidem-bayern.de\\\/die-digitalisierung-wird-die-gesundheitswirtschaft-deutlich-veraendern\\\/#primaryimage\"},\"thumbnailUrl\":\"https:\\\/\\\/digidem-bayern.de\\\/wp-content\\\/uploads\\\/Medical-Valley-J\u00f6rg-Trinkwalter-1-e1566292995376.jpg\",\"datePublished\":\"2019-09-03T06:16:52+00:00\",\"dateModified\":\"2019-09-23T11:34:10+00:00\",\"description\":\"Ziel des bayernweiten Projektes digiDEM ist die nachhaltige Verbesserung der Versorgungssituation von Menschen mit Demenz sowie deren pflegenden Angeh\u00f6rigen\",\"breadcrumb\":{\"@id\":\"https:\\\/\\\/digidem-bayern.de\\\/die-digitalisierung-wird-die-gesundheitswirtschaft-deutlich-veraendern\\\/#breadcrumb\"},\"inLanguage\":\"en-US\",\"potentialAction\":[{\"@type\":\"ReadAction\",\"target\":[\"https:\\\/\\\/digidem-bayern.de\\\/die-digitalisierung-wird-die-gesundheitswirtschaft-deutlich-veraendern\\\/\"]}]},{\"@type\":\"ImageObject\",\"inLanguage\":\"en-US\",\"@id\":\"https:\\\/\\\/digidem-bayern.de\\\/die-digitalisierung-wird-die-gesundheitswirtschaft-deutlich-veraendern\\\/#primaryimage\",\"url\":\"https:\\\/\\\/digidem-bayern.de\\\/wp-content\\\/uploads\\\/Medical-Valley-J\u00f6rg-Trinkwalter-1-e1566292995376.jpg\",\"contentUrl\":\"https:\\\/\\\/digidem-bayern.de\\\/wp-content\\\/uploads\\\/Medical-Valley-J\u00f6rg-Trinkwalter-1-e1566292995376.jpg\",\"width\":1060,\"height\":820,\"caption\":\"Medical Valley J\u00f6rg Trinkwalter\"},{\"@type\":\"BreadcrumbList\",\"@id\":\"https:\\\/\\\/digidem-bayern.de\\\/die-digitalisierung-wird-die-gesundheitswirtschaft-deutlich-veraendern\\\/#breadcrumb\",\"itemListElement\":[{\"@type\":\"ListItem\",\"position\":1,\"name\":\"Startseite\",\"item\":\"https:\\\/\\\/digidem-bayern.de\\\/\"},{\"@type\":\"ListItem\",\"position\":2,\"name\":\"\u201eDie Digitalisierung wird die Gesundheitswirtschaft deutlich ver\u00e4ndern\u201c\"}]},{\"@type\":\"WebSite\",\"@id\":\"\\\/#website\",\"url\":\"\\\/\",\"name\":\"digiDEM Bayern\",\"description\":\"Das digitale Demenzregister Bayern erforscht und verbessert die Angebotsstuktur f\u00fcr Menschen mit Demenz und deren Angeh\u00f6rige\",\"publisher\":{\"@id\":\"\\\/#organization\"},\"potentialAction\":[{\"@type\":\"SearchAction\",\"target\":{\"@type\":\"EntryPoint\",\"urlTemplate\":\"\\\/?s={search_term_string}\"},\"query-input\":{\"@type\":\"PropertyValueSpecification\",\"valueRequired\":true,\"valueName\":\"search_term_string\"}}],\"inLanguage\":\"en-US\"},{\"@type\":\"Organization\",\"@id\":\"\\\/#organization\",\"name\":\"digiDEM Bayern\",\"url\":\"\\\/\",\"logo\":{\"@type\":\"ImageObject\",\"inLanguage\":\"en-US\",\"@id\":\"\\\/#\\\/schema\\\/logo\\\/image\\\/\",\"url\":\"https:\\\/\\\/digidem-bayern.de\\\/wp-content\\\/uploads\\\/2022\\\/03\\\/cropped-Allgemeines_digiDEMLOGO-removebg-preview.png\",\"contentUrl\":\"https:\\\/\\\/digidem-bayern.de\\\/wp-content\\\/uploads\\\/2022\\\/03\\\/cropped-Allgemeines_digiDEMLOGO-removebg-preview.png\",\"width\":612,\"height\":357,\"caption\":\"digiDEM Bayern\"},\"image\":{\"@id\":\"\\\/#\\\/schema\\\/logo\\\/image\\\/\"},\"sameAs\":[\"https:\\\/\\\/www.facebook.com\\\/digiDEMBayern\\\/\",\"https:\\\/\\\/x.com\\\/digidem_bayern\",\"https:\\\/\\\/www.instagram.com\\\/digidem.bayern\",\"https:\\\/\\\/www.linkedin.com\\\/company\\\/digidem-bayern\\\/\"]},{\"@type\":\"Person\",\"@id\":\"\\\/#\\\/schema\\\/person\\\/92754ad381f49b3c358d1d8d2c4f90b8\",\"name\":\"Michael Zeiler\",\"url\":\"https:\\\/\\\/digidem-bayern.de\\\/en\\\/author\\\/michael-zeiler\\\/\"}]}<\/script>\n<!-- \/ Yoast SEO plugin. -->","yoast_head_json":{"title":"\u201eDie Digitalisierung wird die Gesundheitswirtschaft deutlich ver\u00e4ndern\u201c - digiDEM Bayern","description":"Ziel des bayernweiten Projektes digiDEM ist die nachhaltige Verbesserung der Versorgungssituation von Menschen mit Demenz sowie deren pflegenden Angeh\u00f6rigen","robots":{"index":"index","follow":"follow","max-snippet":"max-snippet:-1","max-image-preview":"max-image-preview:large","max-video-preview":"max-video-preview:-1"},"canonical":"https:\/\/digidem-bayern.de\/en\/die-digitalisierung-wird-die-gesundheitswirtschaft-deutlich-veraendern\/","og_locale":"en_US","og_type":"article","og_title":"\u201eDie Digitalisierung wird die Gesundheitswirtschaft deutlich ver\u00e4ndern\u201c - digiDEM Bayern","og_description":"Ziel des bayernweiten Projektes digiDEM ist die nachhaltige Verbesserung der Versorgungssituation von Menschen mit Demenz sowie deren pflegenden Angeh\u00f6rigen","og_url":"https:\/\/digidem-bayern.de\/en\/die-digitalisierung-wird-die-gesundheitswirtschaft-deutlich-veraendern\/","og_site_name":"digiDEM Bayern","article_publisher":"https:\/\/www.facebook.com\/digiDEMBayern\/","article_published_time":"2019-09-03T06:16:52+00:00","article_modified_time":"2019-09-23T11:34:10+00:00","og_image":[{"width":1060,"height":820,"url":"https:\/\/digidem-bayern.de\/wp-content\/uploads\/Medical-Valley-J\u00f6rg-Trinkwalter-1-e1566292995376.jpg","type":"image\/jpeg"}],"author":"Michael Zeiler","twitter_misc":{"Written by":"Michael Zeiler","Est. reading time":"2 minutes"},"schema":{"@context":"https:\/\/schema.org","@graph":[{"@type":"Article","@id":"https:\/\/digidem-bayern.de\/die-digitalisierung-wird-die-gesundheitswirtschaft-deutlich-veraendern\/#article","isPartOf":{"@id":"https:\/\/digidem-bayern.de\/die-digitalisierung-wird-die-gesundheitswirtschaft-deutlich-veraendern\/"},"author":{"name":"Michael Zeiler","@id":"\/#\/schema\/person\/92754ad381f49b3c358d1d8d2c4f90b8"},"headline":"\u201eDie Digitalisierung wird die Gesundheitswirtschaft deutlich ver\u00e4ndern\u201c","datePublished":"2019-09-03T06:16:52+00:00","dateModified":"2019-09-23T11:34:10+00:00","mainEntityOfPage":{"@id":"https:\/\/digidem-bayern.de\/die-digitalisierung-wird-die-gesundheitswirtschaft-deutlich-veraendern\/"},"wordCount":460,"publisher":{"@id":"\/#organization"},"image":{"@id":"https:\/\/digidem-bayern.de\/die-digitalisierung-wird-die-gesundheitswirtschaft-deutlich-veraendern\/#primaryimage"},"thumbnailUrl":"https:\/\/digidem-bayern.de\/wp-content\/uploads\/Medical-Valley-J\u00f6rg-Trinkwalter-1-e1566292995376.jpg","articleSection":["Aktuelles zu digiDEM"],"inLanguage":"en-US"},{"@type":"WebPage","@id":"https:\/\/digidem-bayern.de\/die-digitalisierung-wird-die-gesundheitswirtschaft-deutlich-veraendern\/","url":"https:\/\/digidem-bayern.de\/die-digitalisierung-wird-die-gesundheitswirtschaft-deutlich-veraendern\/","name":"\u201eDie Digitalisierung wird die Gesundheitswirtschaft deutlich ver\u00e4ndern\u201c - digiDEM Bayern","isPartOf":{"@id":"\/#website"},"primaryImageOfPage":{"@id":"https:\/\/digidem-bayern.de\/die-digitalisierung-wird-die-gesundheitswirtschaft-deutlich-veraendern\/#primaryimage"},"image":{"@id":"https:\/\/digidem-bayern.de\/die-digitalisierung-wird-die-gesundheitswirtschaft-deutlich-veraendern\/#primaryimage"},"thumbnailUrl":"https:\/\/digidem-bayern.de\/wp-content\/uploads\/Medical-Valley-J\u00f6rg-Trinkwalter-1-e1566292995376.jpg","datePublished":"2019-09-03T06:16:52+00:00","dateModified":"2019-09-23T11:34:10+00:00","description":"Ziel des bayernweiten Projektes digiDEM ist die nachhaltige Verbesserung der Versorgungssituation von Menschen mit Demenz sowie deren pflegenden Angeh\u00f6rigen","breadcrumb":{"@id":"https:\/\/digidem-bayern.de\/die-digitalisierung-wird-die-gesundheitswirtschaft-deutlich-veraendern\/#breadcrumb"},"inLanguage":"en-US","potentialAction":[{"@type":"ReadAction","target":["https:\/\/digidem-bayern.de\/die-digitalisierung-wird-die-gesundheitswirtschaft-deutlich-veraendern\/"]}]},{"@type":"ImageObject","inLanguage":"en-US","@id":"https:\/\/digidem-bayern.de\/die-digitalisierung-wird-die-gesundheitswirtschaft-deutlich-veraendern\/#primaryimage","url":"https:\/\/digidem-bayern.de\/wp-content\/uploads\/Medical-Valley-J\u00f6rg-Trinkwalter-1-e1566292995376.jpg","contentUrl":"https:\/\/digidem-bayern.de\/wp-content\/uploads\/Medical-Valley-J\u00f6rg-Trinkwalter-1-e1566292995376.jpg","width":1060,"height":820,"caption":"Medical Valley J\u00f6rg Trinkwalter"},{"@type":"BreadcrumbList","@id":"https:\/\/digidem-bayern.de\/die-digitalisierung-wird-die-gesundheitswirtschaft-deutlich-veraendern\/#breadcrumb","itemListElement":[{"@type":"ListItem","position":1,"name":"Startseite","item":"https:\/\/digidem-bayern.de\/"},{"@type":"ListItem","position":2,"name":"\u201eDie Digitalisierung wird die Gesundheitswirtschaft deutlich ver\u00e4ndern\u201c"}]},{"@type":"WebSite","@id":"\/#website","url":"\/","name":"digiDEM Bavaria","description":"The digital dementia register in Bavaria researches and improves the structure of services for people with dementia and their relatives","publisher":{"@id":"\/#organization"},"potentialAction":[{"@type":"SearchAction","target":{"@type":"EntryPoint","urlTemplate":"\/?s={search_term_string}"},"query-input":{"@type":"PropertyValueSpecification","valueRequired":true,"valueName":"search_term_string"}}],"inLanguage":"en-US"},{"@type":"Organization","@id":"\/#organization","name":"digiDEM Bavaria","url":"\/","logo":{"@type":"ImageObject","inLanguage":"en-US","@id":"\/#\/schema\/logo\/image\/","url":"https:\/\/digidem-bayern.de\/wp-content\/uploads\/2022\/03\/cropped-Allgemeines_digiDEMLOGO-removebg-preview.png","contentUrl":"https:\/\/digidem-bayern.de\/wp-content\/uploads\/2022\/03\/cropped-Allgemeines_digiDEMLOGO-removebg-preview.png","width":612,"height":357,"caption":"digiDEM Bayern"},"image":{"@id":"\/#\/schema\/logo\/image\/"},"sameAs":["https:\/\/www.facebook.com\/digiDEMBayern\/","https:\/\/x.com\/digidem_bayern","https:\/\/www.instagram.com\/digidem.bayern","https:\/\/www.linkedin.com\/company\/digidem-bayern\/"]},{"@type":"Person","@id":"\/#\/schema\/person\/92754ad381f49b3c358d1d8d2c4f90b8","name":"Michael Zeiler","url":"https:\/\/digidem-bayern.de\/en\/author\/michael-zeiler\/"}]}},"uagb_featured_image_src":{"full":["https:\/\/digidem-bayern.de\/wp-content\/uploads\/Medical-Valley-J\u00f6rg-Trinkwalter-1-e1566292995376.jpg",1060,820,false],"thumbnail":["https:\/\/digidem-bayern.de\/wp-content\/uploads\/Medical-Valley-J\u00f6rg-Trinkwalter-1-e1566292995376-80x80.jpg",80,80,true],"medium":["https:\/\/digidem-bayern.de\/wp-content\/uploads\/Medical-Valley-J\u00f6rg-Trinkwalter-1-e1566292995376-300x232.jpg",300,232,true],"medium_large":["https:\/\/digidem-bayern.de\/wp-content\/uploads\/Medical-Valley-J\u00f6rg-Trinkwalter-1-e1566292995376-768x594.jpg",768,594,true],"large":["https:\/\/digidem-bayern.de\/wp-content\/uploads\/Medical-Valley-J\u00f6rg-Trinkwalter-1-e1566292995376-1030x797.jpg",1030,797,true],"1536x1536":["https:\/\/digidem-bayern.de\/wp-content\/uploads\/Medical-Valley-J\u00f6rg-Trinkwalter-1-e1566292995376.jpg",1060,820,false],"2048x2048":["https:\/\/digidem-bayern.de\/wp-content\/uploads\/Medical-Valley-J\u00f6rg-Trinkwalter-1-e1566292995376.jpg",1060,820,false],"trp-custom-language-flag":["https:\/\/digidem-bayern.de\/wp-content\/uploads\/Medical-Valley-J\u00f6rg-Trinkwalter-1-e1566292995376.jpg",16,12,false],"qubely_landscape":["https:\/\/digidem-bayern.de\/wp-content\/uploads\/Medical-Valley-J\u00f6rg-Trinkwalter-1-e1566292995376-1060x750.jpg",1060,750,true],"qubely_portrait":["https:\/\/digidem-bayern.de\/wp-content\/uploads\/Medical-Valley-J\u00f6rg-Trinkwalter-1-e1566292995376-540x320.jpg",540,320,true],"qubely_thumbnail":["https:\/\/digidem-bayern.de\/wp-content\/uploads\/Medical-Valley-J\u00f6rg-Trinkwalter-1-e1566292995376-140x100.jpg",140,100,true],"post-thumbnail":["https:\/\/digidem-bayern.de\/wp-content\/uploads\/Medical-Valley-J\u00f6rg-Trinkwalter-1-e1566292995376-452x350.jpg",452,350,true],"kahuna-featured":["https:\/\/digidem-bayern.de\/wp-content\/uploads\/Medical-Valley-J\u00f6rg-Trinkwalter-1-e1566292995376-495x350.jpg",495,350,true],"kahuna-featured-lp":["https:\/\/digidem-bayern.de\/wp-content\/uploads\/Medical-Valley-J\u00f6rg-Trinkwalter-1-e1566292995376-690x350.jpg",520,264,true],"kahuna-featured-half":["https:\/\/digidem-bayern.de\/wp-content\/uploads\/Medical-Valley-J\u00f6rg-Trinkwalter-1-e1566292995376-800x350.jpg",800,350,true],"kahuna-featured-third":["https:\/\/digidem-bayern.de\/wp-content\/uploads\/Medical-Valley-J\u00f6rg-Trinkwalter-1-e1566292995376-512x350.jpg",512,350,true],"kahuna-lpbox-1":["https:\/\/digidem-bayern.de\/wp-content\/uploads\/Medical-Valley-J\u00f6rg-Trinkwalter-1-e1566292995376-460x350.jpg",394,300,true],"kahuna-lpbox-2":["https:\/\/digidem-bayern.de\/wp-content\/uploads\/Medical-Valley-J\u00f6rg-Trinkwalter-1-e1566292995376-460x350.jpg",460,350,true],"demand-language-flag":["https:\/\/digidem-bayern.de\/wp-content\/uploads\/Medical-Valley-J\u00f6rg-Trinkwalter-1-e1566292995376.jpg",36,28,false],"dddkt-language-flag":["https:\/\/digidem-bayern.de\/wp-content\/uploads\/Medical-Valley-J\u00f6rg-Trinkwalter-1-e1566292995376.jpg",36,28,false],"ddiqc-language-flag":["https:\/\/digidem-bayern.de\/wp-content\/uploads\/Medical-Valley-J\u00f6rg-Trinkwalter-1-e1566292995376.jpg",36,28,false],"ddtl-language-flag":["https:\/\/digidem-bayern.de\/wp-content\/uploads\/Medical-Valley-J\u00f6rg-Trinkwalter-1-e1566292995376.jpg",36,28,false],"mailpoet_newsletter_max":["https:\/\/digidem-bayern.de\/wp-content\/uploads\/Medical-Valley-J\u00f6rg-Trinkwalter-1-e1566292995376.jpg",1060,820,false],"kahuna-lpbox-3":["https:\/\/digidem-bayern.de\/wp-content\/uploads\/Medical-Valley-J\u00f6rg-Trinkwalter-1-e1566292995376-460x350.jpg",460,350,true],"kahuna-featured-square":["https:\/\/digidem-bayern.de\/wp-content\/uploads\/Medical-Valley-J\u00f6rg-Trinkwalter-1-e1566292995376-512x512.jpg",512,512,true],"kahuna-featured-square-large":["https:\/\/digidem-bayern.de\/wp-content\/uploads\/Medical-Valley-J\u00f6rg-Trinkwalter-1-e1566292995376-1024x820.jpg",1024,820,true]},"uagb_author_info":{"display_name":"Michael Zeiler","author_link":"https:\/\/digidem-bayern.de\/en\/author\/michael-zeiler\/"},"uagb_comment_info":0,"uagb_excerpt":"Damit die wissenschaftlichen Erkenntnisse und die digitalen Unterst\u00fctzungsangebote von digiDEM Bayern tats\u00e4chlich bei den Betroffenen und den pflegenden Angeh\u00f6rigen ankommen, soll \u00fcber die Projektlaufzeit bayernweit ein fl\u00e4chendeckendes Netzwerk etabliert werden. J\u00f6rg Trinkwalter, Mitglied der Gesch\u00e4ftsleitung des Vereins Medical Valley Europ\u00e4ische Metropolregion N\u00fcrnberg, hat langj\u00e4hrige Erfahrung im Aufbau und Management von &hellip;","_links":{"self":[{"href":"https:\/\/digidem-bayern.de\/en\/wp-json\/wp\/v2\/posts\/3206","targetHints":{"allow":["GET"]}}],"collection":[{"href":"https:\/\/digidem-bayern.de\/en\/wp-json\/wp\/v2\/posts"}],"about":[{"href":"https:\/\/digidem-bayern.de\/en\/wp-json\/wp\/v2\/types\/post"}],"author":[{"embeddable":true,"href":"https:\/\/digidem-bayern.de\/en\/wp-json\/wp\/v2\/users\/11"}],"replies":[{"embeddable":true,"href":"https:\/\/digidem-bayern.de\/en\/wp-json\/wp\/v2\/comments?post=3206"}],"version-history":[{"count":0,"href":"https:\/\/digidem-bayern.de\/en\/wp-json\/wp\/v2\/posts\/3206\/revisions"}],"wp:featuredmedia":[{"embeddable":true,"href":"https:\/\/digidem-bayern.de\/en\/wp-json\/wp\/v2\/media\/3209"}],"wp:attachment":[{"href":"https:\/\/digidem-bayern.de\/en\/wp-json\/wp\/v2\/media?parent=3206"}],"wp:term":[{"taxonomy":"category","embeddable":true,"href":"https:\/\/digidem-bayern.de\/en\/wp-json\/wp\/v2\/categories?post=3206"},{"taxonomy":"post_tag","embeddable":true,"href":"https:\/\/digidem-bayern.de\/en\/wp-json\/wp\/v2\/tags?post=3206"}],"curies":[{"name":"wp","href":"https:\/\/api.w.org\/{rel}","templated":true}]}}