{"id":31884,"date":"2023-11-30T08:21:00","date_gmt":"2023-11-30T07:21:00","guid":{"rendered":"https:\/\/digidem-bayern.de\/?p=31884"},"modified":"2024-01-22T15:04:02","modified_gmt":"2024-01-22T14:04:02","slug":"anlaufstelle-gedaechtnisambulanz","status":"publish","type":"post","link":"https:\/\/digidem-bayern.de\/en\/anlaufstelle-gedaechtnisambulanz\/","title":{"rendered":"Anlaufstelle Ged\u00e4chtnisambulanz"},"content":{"rendered":"<p><strong>Ged\u00e4chtnisambulanzen sind h\u00e4ufig eine Anlaufstelle f\u00fcr Menschen mit Verdacht auf Demenz. Zwei Wissenschaftler aus Irland sind der Frage nachgegangen, welche Erfahrungen genau jene gemacht haben, die nach dem Aufsuchen der Ged\u00e4chtnisambulanz eine Demenzdiagnose erhalten haben.<\/strong><\/p>\n\n\n\n<p>Wer als Mensch mit Verdacht auf Demenz eine Ged\u00e4chtnisklink aufsucht, m\u00f6chte Gewissheit erlangen. Es gibt jedoch nur wenige Studien, die sich mit den pers\u00f6nlichen Erlebnissen von Menschen mit Demenz in einer Ged\u00e4chtnisambulanz befassen, berichten zwei Wissenschaftler aus Irland. Sie haben daher die Perspektive ge\u00e4ndert und sich auf die Erforschung individueller Erfahrungen konzentriert. <strong><\/strong><\/p>\n\n\n<div class=\"wp-block-image\">\n<figure class=\"alignright size-full is-resized\"><img loading=\"lazy\" decoding=\"async\" width=\"1000\" height=\"667\" src=\"https:\/\/digidem-bayern.de\/wp-content\/uploads\/2023\/11\/shutterstock_Gedaechtnisambulanz-Diagnose-2036344094.jpg\" alt=\"Wer als Mensch mit Verdacht auf Demenz eine Ged\u00e4chtnisklink aufsucht, m\u00f6chte Gewissheit erlangen.\" class=\"wp-image-31888\" style=\"aspect-ratio:1.4992503748125936;width:560px;height:auto\" srcset=\"https:\/\/digidem-bayern.de\/wp-content\/uploads\/2023\/11\/shutterstock_Gedaechtnisambulanz-Diagnose-2036344094.jpg 1000w, https:\/\/digidem-bayern.de\/wp-content\/uploads\/2023\/11\/shutterstock_Gedaechtnisambulanz-Diagnose-2036344094-300x200.jpg 300w, https:\/\/digidem-bayern.de\/wp-content\/uploads\/2023\/11\/shutterstock_Gedaechtnisambulanz-Diagnose-2036344094-768x512.jpg 768w, https:\/\/digidem-bayern.de\/wp-content\/uploads\/2023\/11\/shutterstock_Gedaechtnisambulanz-Diagnose-2036344094-525x350.jpg 525w\" sizes=\"auto, (max-width: 1000px) 100vw, 1000px\" \/><figcaption class=\"wp-element-caption\">Foto: Shutterstock<\/figcaption><\/figure>\n<\/div>\n\n\n<p><strong>Bewusstsein f\u00fcr Demenz sch\u00e4rfen<\/strong><\/p>\n\n\n\n<p>Die Ergebnisse der \u00dcbersichtsarbeit, in der zehn Studien ausgewertet wurden, \u201everdeutlichten die Notwendigkeit\u201c, das Bewusstsein f\u00fcr Demenz und die Rolle von Ged\u00e4chtnisambulanzen zu sch\u00e4rfen und die Betroffenen in jeder Phase \u00fcber den Diagnostikprozess auf dem Laufenden zu halten.\u201c Dies k\u00f6nne, so die Autoren, dazu beitragen, \u201eeinige der herausfordernden Emotionen zu lindern, die mit dem Besuch einer Ged\u00e4chtnisambulanz verbunden sind.\u201c Dar\u00fcber hinaus deuten die Forschungsergebnisse darauf hin, wie wichtig zus\u00e4tzliche Kommunikationsschulungen f\u00fcr Kliniker*innen sind. Besonders dann, wenn sich bei einer best\u00e4tigten Demenz das \u00dcberbringen der Diagnoseergebnisse als schwierig und komplex gestaltet.<\/p>\n\n\n\n<p><strong>Drei wichtige Themenbereiche<\/strong><\/p>\n\n\n\n<p>In ihrer Analyse haben die Forschenden drei Themen identifiziert. \u201eBeurteilung und Diagnose: eine emotionale Reise\u201c bewies dabei, \u201edass der Besuch einer Ged\u00e4chtnisambulanz ein breites Spektrum an Emotionen beinhalten kann.\u201c&nbsp; Unter dem Titel \u201eBeurteilung: eine Beziehungserfahrung\u201c wurde die Bedeutung der Art und Qualit\u00e4t der Beziehung zwischen \u00c4rzt*innen und der betreffenden Person hervorgehoben. Nicht zuletzt unterstrich der dritte Themenkomplex \u201eInformationen: eine variable Erfahrung\u201c die Bedeutung von Informationen und deren zeitgerechter Vermittlung. Publiziert wurden die Ergebnisse in der Fachzeitschrift <strong>Age and Ageing<\/strong>, eine der f\u00fchrenden medizinischen Fachzeitschriften.<\/p>\n\n\n\n<p><strong>Tipp f\u00fcr die Praxis:<\/strong> Mitarbeitende in Ged\u00e4chtnisambulanzen sollten auf emotionale Reaktionen von Patient*innen gut vorbereitet sein und eine positive Beziehung zum Menschen mit Demenz aufbauen. Des Weiteren sollten sie zu passender Zeit \u00fcber die Schritte der Diagnostik informieren. Daher ist ein spezielles Kommunikationstraining f\u00fcr Kliniker*innen in Ged\u00e4chtnisambulanzen empfehlenswert.<\/p>\n\n\n\n<p>Hier geht&#8217;s zu einer kurzen Zusammenfassung der Studie:<\/p>\n\n\n\n<p><a href=\"https:\/\/academic.oup.com\/ageing\/article-abstract\/52\/Supplement_3\/afad156.279\/7273301?redirectedFrom=fulltext\">Attending a memory clinic for assessment and diagnosis of dementia: a qualitative systematic review<\/a><\/p>\n\n\n\n<p style=\"font-size:20px\"><\/p>\n\n\n\n<div style=\"height:20px\" aria-hidden=\"true\" class=\"wp-block-spacer\"><\/div>\n\n\n\n<div style=\"height:20px\" aria-hidden=\"true\" class=\"wp-block-spacer\"><\/div>","protected":false},"excerpt":{"rendered":"<p>Ged\u00e4chtnisambulanzen sind h\u00e4ufig eine Anlaufstelle f\u00fcr Menschen mit Verdacht auf Demenz. Zwei Wissenschaftler aus Irland sind der Frage nachgegangen, welche Erfahrungen genau jene gemacht haben, die nach dem Aufsuchen der Ged\u00e4chtnisambulanz eine Demenzdiagnose erhalten haben. Wer als Mensch mit Verdacht auf Demenz eine Ged\u00e4chtnisklink aufsucht, m\u00f6chte Gewissheit erlangen. Es gibt &hellip;<\/p>","protected":false},"author":12,"featured_media":31888,"comment_status":"open","ping_status":"closed","sticky":false,"template":"","format":"standard","meta":{"qubely_global_settings":"","qubely_interactions":"","_uag_custom_page_level_css":"","footnotes":""},"categories":[5],"tags":[904,13,12,112,177,14,17,55,903,384,902,905,791],"class_list":["post-31884","post","type-post","status-publish","format-standard","has-post-thumbnail","hentry","category-wissenschaft-forschung","tag-age-and-ageing","tag-alzheimer","tag-demenz-2","tag-demenzdiagnose","tag-demenzrisiko","tag-digidem","tag-digidem-bayern","tag-digitales-demenzregister-bayern","tag-emotion","tag-gedaechtnisambulanz","tag-irland","tag-kliniker","tag-kommunikationstraining"],"qubely_featured_image_url":{"full":["https:\/\/digidem-bayern.de\/wp-content\/uploads\/2023\/11\/shutterstock_Gedaechtnisambulanz-Diagnose-2036344094.jpg",1000,667,false],"landscape":["https:\/\/digidem-bayern.de\/wp-content\/uploads\/2023\/11\/shutterstock_Gedaechtnisambulanz-Diagnose-2036344094.jpg",1000,667,false],"portraits":["https:\/\/digidem-bayern.de\/wp-content\/uploads\/2023\/11\/shutterstock_Gedaechtnisambulanz-Diagnose-2036344094-540x320.jpg",540,320,true],"thumbnail":["https:\/\/digidem-bayern.de\/wp-content\/uploads\/2023\/11\/shutterstock_Gedaechtnisambulanz-Diagnose-2036344094-80x80.jpg",80,80,true],"medium":["https:\/\/digidem-bayern.de\/wp-content\/uploads\/2023\/11\/shutterstock_Gedaechtnisambulanz-Diagnose-2036344094-300x200.jpg",300,200,true],"medium_large":["https:\/\/digidem-bayern.de\/wp-content\/uploads\/2023\/11\/shutterstock_Gedaechtnisambulanz-Diagnose-2036344094-768x512.jpg",768,512,true],"large":["https:\/\/digidem-bayern.de\/wp-content\/uploads\/2023\/11\/shutterstock_Gedaechtnisambulanz-Diagnose-2036344094.jpg",1000,667,false],"1536x1536":["https:\/\/digidem-bayern.de\/wp-content\/uploads\/2023\/11\/shutterstock_Gedaechtnisambulanz-Diagnose-2036344094.jpg",1000,667,false],"2048x2048":["https:\/\/digidem-bayern.de\/wp-content\/uploads\/2023\/11\/shutterstock_Gedaechtnisambulanz-Diagnose-2036344094.jpg",1000,667,false],"trp-custom-language-flag":["https:\/\/digidem-bayern.de\/wp-content\/uploads\/2023\/11\/shutterstock_Gedaechtnisambulanz-Diagnose-2036344094.jpg",18,12,false],"qubely_landscape":["https:\/\/digidem-bayern.de\/wp-content\/uploads\/2023\/11\/shutterstock_Gedaechtnisambulanz-Diagnose-2036344094.jpg",1000,667,false],"qubely_portrait":["https:\/\/digidem-bayern.de\/wp-content\/uploads\/2023\/11\/shutterstock_Gedaechtnisambulanz-Diagnose-2036344094-540x320.jpg",540,320,true],"qubely_thumbnail":["https:\/\/digidem-bayern.de\/wp-content\/uploads\/2023\/11\/shutterstock_Gedaechtnisambulanz-Diagnose-2036344094-140x100.jpg",140,100,true],"post-thumbnail":["https:\/\/digidem-bayern.de\/wp-content\/uploads\/2023\/11\/shutterstock_Gedaechtnisambulanz-Diagnose-2036344094-525x350.jpg",525,350,true],"kahuna-featured":["https:\/\/digidem-bayern.de\/wp-content\/uploads\/2023\/11\/shutterstock_Gedaechtnisambulanz-Diagnose-2036344094-734x350.jpg",734,350,true],"kahuna-featured-lp":["https:\/\/digidem-bayern.de\/wp-content\/uploads\/2023\/11\/shutterstock_Gedaechtnisambulanz-Diagnose-2036344094-520x350.jpg",520,350,true],"kahuna-featured-half":["https:\/\/digidem-bayern.de\/wp-content\/uploads\/2023\/11\/shutterstock_Gedaechtnisambulanz-Diagnose-2036344094-800x350.jpg",800,350,true],"kahuna-featured-third":["https:\/\/digidem-bayern.de\/wp-content\/uploads\/2023\/11\/shutterstock_Gedaechtnisambulanz-Diagnose-2036344094-512x350.jpg",512,350,true],"kahuna-lpbox-1":["https:\/\/digidem-bayern.de\/wp-content\/uploads\/2023\/11\/shutterstock_Gedaechtnisambulanz-Diagnose-2036344094-520x300.jpg",520,300,true],"kahuna-lpbox-2":["https:\/\/digidem-bayern.de\/wp-content\/uploads\/2023\/11\/shutterstock_Gedaechtnisambulanz-Diagnose-2036344094-520x350.jpg",520,350,true],"demand-language-flag":["https:\/\/digidem-bayern.de\/wp-content\/uploads\/2023\/11\/shutterstock_Gedaechtnisambulanz-Diagnose-2036344094-36x36.jpg",36,36,true],"dddkt-language-flag":["https:\/\/digidem-bayern.de\/wp-content\/uploads\/2023\/11\/shutterstock_Gedaechtnisambulanz-Diagnose-2036344094-36x36.jpg",36,36,true],"ddiqc-language-flag":["https:\/\/digidem-bayern.de\/wp-content\/uploads\/2023\/11\/shutterstock_Gedaechtnisambulanz-Diagnose-2036344094-36x36.jpg",36,36,true],"ddtl-language-flag":["https:\/\/digidem-bayern.de\/wp-content\/uploads\/2023\/11\/shutterstock_Gedaechtnisambulanz-Diagnose-2036344094-36x36.jpg",36,36,true],"mailpoet_newsletter_max":["https:\/\/digidem-bayern.de\/wp-content\/uploads\/2023\/11\/shutterstock_Gedaechtnisambulanz-Diagnose-2036344094.jpg",1000,667,false],"kahuna-lpbox-3":["https:\/\/digidem-bayern.de\/wp-content\/uploads\/2023\/11\/shutterstock_Gedaechtnisambulanz-Diagnose-2036344094-520x350.jpg",520,350,true],"kahuna-featured-square":["https:\/\/digidem-bayern.de\/wp-content\/uploads\/2023\/11\/shutterstock_Gedaechtnisambulanz-Diagnose-2036344094-512x512.jpg",512,512,true],"kahuna-featured-square-large":["https:\/\/digidem-bayern.de\/wp-content\/uploads\/2023\/11\/shutterstock_Gedaechtnisambulanz-Diagnose-2036344094.jpg",1000,667,false]},"qubely_author":{"display_name":"Ilona H\u00f6rath","author_link":"https:\/\/digidem-bayern.de\/en\/author\/hoeratia\/"},"qubely_comment":0,"qubely_category":"<a href=\"https:\/\/digidem-bayern.de\/en\/category\/wissenschaft-forschung\/\" rel=\"category tag\">Wissenschaft &amp; Forschung<\/a>","qubely_excerpt":"Ged\u00e4chtnisambulanzen sind h\u00e4ufig eine Anlaufstelle f\u00fcr Menschen mit Verdacht auf Demenz. Zwei Wissenschaftler aus Irland sind der Frage nachgegangen, welche Erfahrungen genau jene gemacht haben, die nach dem Aufsuchen der Ged\u00e4chtnisambulanz eine Demenzdiagnose erhalten haben. Wer als Mensch mit Verdacht auf Demenz eine Ged\u00e4chtnisklink aufsucht, m\u00f6chte Gewissheit erlangen. Es gibt &hellip;","featured_image_urls_v2":{"full":["https:\/\/digidem-bayern.de\/wp-content\/uploads\/2023\/11\/shutterstock_Gedaechtnisambulanz-Diagnose-2036344094.jpg",1000,667,false],"thumbnail":["https:\/\/digidem-bayern.de\/wp-content\/uploads\/2023\/11\/shutterstock_Gedaechtnisambulanz-Diagnose-2036344094-80x80.jpg",80,80,true],"medium":["https:\/\/digidem-bayern.de\/wp-content\/uploads\/2023\/11\/shutterstock_Gedaechtnisambulanz-Diagnose-2036344094-300x200.jpg",300,200,true],"medium_large":["https:\/\/digidem-bayern.de\/wp-content\/uploads\/2023\/11\/shutterstock_Gedaechtnisambulanz-Diagnose-2036344094-768x512.jpg",768,512,true],"large":["https:\/\/digidem-bayern.de\/wp-content\/uploads\/2023\/11\/shutterstock_Gedaechtnisambulanz-Diagnose-2036344094.jpg",1000,667,false],"1536x1536":["https:\/\/digidem-bayern.de\/wp-content\/uploads\/2023\/11\/shutterstock_Gedaechtnisambulanz-Diagnose-2036344094.jpg",1000,667,false],"2048x2048":["https:\/\/digidem-bayern.de\/wp-content\/uploads\/2023\/11\/shutterstock_Gedaechtnisambulanz-Diagnose-2036344094.jpg",1000,667,false],"trp-custom-language-flag":["https:\/\/digidem-bayern.de\/wp-content\/uploads\/2023\/11\/shutterstock_Gedaechtnisambulanz-Diagnose-2036344094.jpg",18,12,false],"qubely_landscape":["https:\/\/digidem-bayern.de\/wp-content\/uploads\/2023\/11\/shutterstock_Gedaechtnisambulanz-Diagnose-2036344094.jpg",1000,667,false],"qubely_portrait":["https:\/\/digidem-bayern.de\/wp-content\/uploads\/2023\/11\/shutterstock_Gedaechtnisambulanz-Diagnose-2036344094-540x320.jpg",540,320,true],"qubely_thumbnail":["https:\/\/digidem-bayern.de\/wp-content\/uploads\/2023\/11\/shutterstock_Gedaechtnisambulanz-Diagnose-2036344094-140x100.jpg",140,100,true],"post-thumbnail":["https:\/\/digidem-bayern.de\/wp-content\/uploads\/2023\/11\/shutterstock_Gedaechtnisambulanz-Diagnose-2036344094-525x350.jpg",525,350,true],"kahuna-featured":["https:\/\/digidem-bayern.de\/wp-content\/uploads\/2023\/11\/shutterstock_Gedaechtnisambulanz-Diagnose-2036344094-734x350.jpg",734,350,true],"kahuna-featured-lp":["https:\/\/digidem-bayern.de\/wp-content\/uploads\/2023\/11\/shutterstock_Gedaechtnisambulanz-Diagnose-2036344094-520x350.jpg",520,350,true],"kahuna-featured-half":["https:\/\/digidem-bayern.de\/wp-content\/uploads\/2023\/11\/shutterstock_Gedaechtnisambulanz-Diagnose-2036344094-800x350.jpg",800,350,true],"kahuna-featured-third":["https:\/\/digidem-bayern.de\/wp-content\/uploads\/2023\/11\/shutterstock_Gedaechtnisambulanz-Diagnose-2036344094-512x350.jpg",512,350,true],"kahuna-lpbox-1":["https:\/\/digidem-bayern.de\/wp-content\/uploads\/2023\/11\/shutterstock_Gedaechtnisambulanz-Diagnose-2036344094-520x300.jpg",520,300,true],"kahuna-lpbox-2":["https:\/\/digidem-bayern.de\/wp-content\/uploads\/2023\/11\/shutterstock_Gedaechtnisambulanz-Diagnose-2036344094-520x350.jpg",520,350,true],"demand-language-flag":["https:\/\/digidem-bayern.de\/wp-content\/uploads\/2023\/11\/shutterstock_Gedaechtnisambulanz-Diagnose-2036344094-36x36.jpg",36,36,true],"dddkt-language-flag":["https:\/\/digidem-bayern.de\/wp-content\/uploads\/2023\/11\/shutterstock_Gedaechtnisambulanz-Diagnose-2036344094-36x36.jpg",36,36,true],"ddiqc-language-flag":["https:\/\/digidem-bayern.de\/wp-content\/uploads\/2023\/11\/shutterstock_Gedaechtnisambulanz-Diagnose-2036344094-36x36.jpg",36,36,true],"ddtl-language-flag":["https:\/\/digidem-bayern.de\/wp-content\/uploads\/2023\/11\/shutterstock_Gedaechtnisambulanz-Diagnose-2036344094-36x36.jpg",36,36,true],"mailpoet_newsletter_max":["https:\/\/digidem-bayern.de\/wp-content\/uploads\/2023\/11\/shutterstock_Gedaechtnisambulanz-Diagnose-2036344094.jpg",1000,667,false],"kahuna-lpbox-3":["https:\/\/digidem-bayern.de\/wp-content\/uploads\/2023\/11\/shutterstock_Gedaechtnisambulanz-Diagnose-2036344094-520x350.jpg",520,350,true],"kahuna-featured-square":["https:\/\/digidem-bayern.de\/wp-content\/uploads\/2023\/11\/shutterstock_Gedaechtnisambulanz-Diagnose-2036344094-512x512.jpg",512,512,true],"kahuna-featured-square-large":["https:\/\/digidem-bayern.de\/wp-content\/uploads\/2023\/11\/shutterstock_Gedaechtnisambulanz-Diagnose-2036344094.jpg",1000,667,false]},"post_excerpt_stackable_v2":"<p>Ged\u00e4chtnisambulanzen sind h\u00e4ufig eine Anlaufstelle f\u00fcr Menschen mit Verdacht auf Demenz. Zwei Wissenschaftler aus Irland sind der Frage nachgegangen, welche Erfahrungen genau jene gemacht haben, die nach dem Aufsuchen der Ged\u00e4chtnisambulanz eine Demenzdiagnose erhalten haben. Wer als Mensch mit Verdacht auf Demenz eine Ged\u00e4chtnisklink aufsucht, m\u00f6chte Gewissheit erlangen. Es gibt jedoch nur wenige Studien, die sich mit den pers\u00f6nlichen Erlebnissen von Menschen mit Demenz in einer Ged\u00e4chtnisambulanz befassen, berichten zwei Wissenschaftler aus Irland. Sie haben daher die Perspektive ge\u00e4ndert und sich auf die Erforschung individueller Erfahrungen konzentriert. Foto: Shutterstock Bewusstsein f\u00fcr Demenz sch\u00e4rfen Die Ergebnisse der \u00dcbersichtsarbeit, in der zehn&hellip;<\/p>\n","category_list_v2":"<a href=\"https:\/\/digidem-bayern.de\/en\/category\/wissenschaft-forschung\/\" rel=\"category tag\">Wissenschaft &amp; Forschung<\/a>","author_info_v2":{"name":"Ilona H\u00f6rath","url":"https:\/\/digidem-bayern.de\/en\/author\/hoeratia\/"},"comments_num_v2":"0 comments","yoast_head":"<!-- This site is optimized with the Yoast SEO plugin v27.4 - https:\/\/yoast.com\/product\/yoast-seo-wordpress\/ -->\n<title>Anlaufstelle Ged\u00e4chtnisambulanz - digiDEM Bayern<\/title>\n<meta name=\"description\" content=\"Der Bayerische Landesapothekerkammer unterst\u00fctzt digiDEM Bayern mit Hilfe des Netzwerks &quot;Demenzfreundliche Apotheken&quot;.\" \/>\n<meta name=\"robots\" content=\"index, follow, max-snippet:-1, max-image-preview:large, max-video-preview:-1\" \/>\n<link rel=\"canonical\" href=\"https:\/\/digidem-bayern.de\/en\/anlaufstelle-gedaechtnisambulanz\/\" \/>\n<meta property=\"og:locale\" content=\"en_US\" \/>\n<meta property=\"og:type\" content=\"article\" \/>\n<meta property=\"og:title\" content=\"Anlaufstelle Ged\u00e4chtnisambulanz - digiDEM Bayern\" \/>\n<meta property=\"og:description\" content=\"Der Bayerische Landesapothekerkammer unterst\u00fctzt digiDEM Bayern mit Hilfe des Netzwerks &quot;Demenzfreundliche Apotheken&quot;.\" \/>\n<meta property=\"og:url\" content=\"https:\/\/digidem-bayern.de\/en\/anlaufstelle-gedaechtnisambulanz\/\" \/>\n<meta property=\"og:site_name\" content=\"digiDEM Bayern\" \/>\n<meta property=\"article:publisher\" content=\"https:\/\/www.facebook.com\/digiDEMBayern\/\" \/>\n<meta property=\"article:published_time\" content=\"2023-11-30T07:21:00+00:00\" \/>\n<meta property=\"article:modified_time\" content=\"2024-01-22T14:04:02+00:00\" \/>\n<meta property=\"og:image\" content=\"https:\/\/digidem-bayern.de\/wp-content\/uploads\/2023\/11\/shutterstock_Gedaechtnisambulanz-Diagnose-2036344094.jpg\" \/>\n\t<meta property=\"og:image:width\" content=\"1000\" \/>\n\t<meta property=\"og:image:height\" content=\"667\" \/>\n\t<meta property=\"og:image:type\" content=\"image\/jpeg\" \/>\n<meta name=\"author\" content=\"Ilona H\u00f6rath\" \/>\n<meta name=\"twitter:label1\" content=\"Written by\" \/>\n\t<meta name=\"twitter:data1\" content=\"Ilona H\u00f6rath\" \/>\n\t<meta name=\"twitter:label2\" content=\"Est. reading time\" \/>\n\t<meta name=\"twitter:data2\" content=\"2 minutes\" \/>\n<script type=\"application\/ld+json\" class=\"yoast-schema-graph\">{\"@context\":\"https:\\\/\\\/schema.org\",\"@graph\":[{\"@type\":\"Article\",\"@id\":\"https:\\\/\\\/digidem-bayern.de\\\/anlaufstelle-gedaechtnisambulanz\\\/#article\",\"isPartOf\":{\"@id\":\"https:\\\/\\\/digidem-bayern.de\\\/anlaufstelle-gedaechtnisambulanz\\\/\"},\"author\":{\"name\":\"Ilona H\u00f6rath\",\"@id\":\"\\\/#\\\/schema\\\/person\\\/0bc1494f46fc2a051c761322a80e0941\"},\"headline\":\"Anlaufstelle Ged\u00e4chtnisambulanz\",\"datePublished\":\"2023-11-30T07:21:00+00:00\",\"dateModified\":\"2024-01-22T14:04:02+00:00\",\"mainEntityOfPage\":{\"@id\":\"https:\\\/\\\/digidem-bayern.de\\\/anlaufstelle-gedaechtnisambulanz\\\/\"},\"wordCount\":376,\"commentCount\":0,\"publisher\":{\"@id\":\"\\\/#organization\"},\"image\":{\"@id\":\"https:\\\/\\\/digidem-bayern.de\\\/anlaufstelle-gedaechtnisambulanz\\\/#primaryimage\"},\"thumbnailUrl\":\"https:\\\/\\\/digidem-bayern.de\\\/wp-content\\\/uploads\\\/2023\\\/11\\\/shutterstock_Gedaechtnisambulanz-Diagnose-2036344094.jpg\",\"keywords\":[\"Age and Ageing\",\"Alzheimer\",\"Demenz\",\"Demenzdiagnose\",\"Demenzrisiko\",\"digidem\",\"digidem Bayern\",\"Digitales Demenzregister Bayern\",\"Emotion\",\"Ged\u00e4chtnisambulanz\",\"Irland\",\"Kliniker\",\"Kommunikationstraining\"],\"articleSection\":[\"Wissenschaft &amp; Forschung\"],\"inLanguage\":\"en-US\",\"potentialAction\":[{\"@type\":\"CommentAction\",\"name\":\"Comment\",\"target\":[\"https:\\\/\\\/digidem-bayern.de\\\/anlaufstelle-gedaechtnisambulanz\\\/#respond\"]}]},{\"@type\":\"WebPage\",\"@id\":\"https:\\\/\\\/digidem-bayern.de\\\/anlaufstelle-gedaechtnisambulanz\\\/\",\"url\":\"https:\\\/\\\/digidem-bayern.de\\\/anlaufstelle-gedaechtnisambulanz\\\/\",\"name\":\"Anlaufstelle Ged\u00e4chtnisambulanz - digiDEM Bayern\",\"isPartOf\":{\"@id\":\"\\\/#website\"},\"primaryImageOfPage\":{\"@id\":\"https:\\\/\\\/digidem-bayern.de\\\/anlaufstelle-gedaechtnisambulanz\\\/#primaryimage\"},\"image\":{\"@id\":\"https:\\\/\\\/digidem-bayern.de\\\/anlaufstelle-gedaechtnisambulanz\\\/#primaryimage\"},\"thumbnailUrl\":\"https:\\\/\\\/digidem-bayern.de\\\/wp-content\\\/uploads\\\/2023\\\/11\\\/shutterstock_Gedaechtnisambulanz-Diagnose-2036344094.jpg\",\"datePublished\":\"2023-11-30T07:21:00+00:00\",\"dateModified\":\"2024-01-22T14:04:02+00:00\",\"description\":\"Der Bayerische Landesapothekerkammer unterst\u00fctzt digiDEM Bayern mit Hilfe des Netzwerks \\\"Demenzfreundliche Apotheken\\\".\",\"breadcrumb\":{\"@id\":\"https:\\\/\\\/digidem-bayern.de\\\/anlaufstelle-gedaechtnisambulanz\\\/#breadcrumb\"},\"inLanguage\":\"en-US\",\"potentialAction\":[{\"@type\":\"ReadAction\",\"target\":[\"https:\\\/\\\/digidem-bayern.de\\\/anlaufstelle-gedaechtnisambulanz\\\/\"]}]},{\"@type\":\"ImageObject\",\"inLanguage\":\"en-US\",\"@id\":\"https:\\\/\\\/digidem-bayern.de\\\/anlaufstelle-gedaechtnisambulanz\\\/#primaryimage\",\"url\":\"https:\\\/\\\/digidem-bayern.de\\\/wp-content\\\/uploads\\\/2023\\\/11\\\/shutterstock_Gedaechtnisambulanz-Diagnose-2036344094.jpg\",\"contentUrl\":\"https:\\\/\\\/digidem-bayern.de\\\/wp-content\\\/uploads\\\/2023\\\/11\\\/shutterstock_Gedaechtnisambulanz-Diagnose-2036344094.jpg\",\"width\":1000,\"height\":667,\"caption\":\"Foto: Shutterstock\"},{\"@type\":\"BreadcrumbList\",\"@id\":\"https:\\\/\\\/digidem-bayern.de\\\/anlaufstelle-gedaechtnisambulanz\\\/#breadcrumb\",\"itemListElement\":[{\"@type\":\"ListItem\",\"position\":1,\"name\":\"Startseite\",\"item\":\"https:\\\/\\\/digidem-bayern.de\\\/\"},{\"@type\":\"ListItem\",\"position\":2,\"name\":\"Anlaufstelle Ged\u00e4chtnisambulanz\"}]},{\"@type\":\"WebSite\",\"@id\":\"\\\/#website\",\"url\":\"\\\/\",\"name\":\"digiDEM Bayern\",\"description\":\"Das digitale Demenzregister Bayern erforscht und verbessert die Angebotsstuktur f\u00fcr Menschen mit Demenz und deren Angeh\u00f6rige\",\"publisher\":{\"@id\":\"\\\/#organization\"},\"potentialAction\":[{\"@type\":\"SearchAction\",\"target\":{\"@type\":\"EntryPoint\",\"urlTemplate\":\"\\\/?s={search_term_string}\"},\"query-input\":{\"@type\":\"PropertyValueSpecification\",\"valueRequired\":true,\"valueName\":\"search_term_string\"}}],\"inLanguage\":\"en-US\"},{\"@type\":\"Organization\",\"@id\":\"\\\/#organization\",\"name\":\"digiDEM Bayern\",\"url\":\"\\\/\",\"logo\":{\"@type\":\"ImageObject\",\"inLanguage\":\"en-US\",\"@id\":\"\\\/#\\\/schema\\\/logo\\\/image\\\/\",\"url\":\"https:\\\/\\\/digidem-bayern.de\\\/wp-content\\\/uploads\\\/2022\\\/03\\\/cropped-Allgemeines_digiDEMLOGO-removebg-preview.png\",\"contentUrl\":\"https:\\\/\\\/digidem-bayern.de\\\/wp-content\\\/uploads\\\/2022\\\/03\\\/cropped-Allgemeines_digiDEMLOGO-removebg-preview.png\",\"width\":612,\"height\":357,\"caption\":\"digiDEM Bayern\"},\"image\":{\"@id\":\"\\\/#\\\/schema\\\/logo\\\/image\\\/\"},\"sameAs\":[\"https:\\\/\\\/www.facebook.com\\\/digiDEMBayern\\\/\",\"https:\\\/\\\/x.com\\\/digidem_bayern\",\"https:\\\/\\\/www.instagram.com\\\/digidem.bayern\",\"https:\\\/\\\/www.linkedin.com\\\/company\\\/digidem-bayern\\\/\"]},{\"@type\":\"Person\",\"@id\":\"\\\/#\\\/schema\\\/person\\\/0bc1494f46fc2a051c761322a80e0941\",\"name\":\"Ilona H\u00f6rath\",\"url\":\"https:\\\/\\\/digidem-bayern.de\\\/en\\\/author\\\/hoeratia\\\/\"}]}<\/script>\n<!-- \/ Yoast SEO plugin. -->","yoast_head_json":{"title":"Anlaufstelle Ged\u00e4chtnisambulanz - digiDEM Bayern","description":"Der Bayerische Landesapothekerkammer unterst\u00fctzt digiDEM Bayern mit Hilfe des Netzwerks \"Demenzfreundliche Apotheken\".","robots":{"index":"index","follow":"follow","max-snippet":"max-snippet:-1","max-image-preview":"max-image-preview:large","max-video-preview":"max-video-preview:-1"},"canonical":"https:\/\/digidem-bayern.de\/en\/anlaufstelle-gedaechtnisambulanz\/","og_locale":"en_US","og_type":"article","og_title":"Anlaufstelle Ged\u00e4chtnisambulanz - digiDEM Bayern","og_description":"Der Bayerische Landesapothekerkammer unterst\u00fctzt digiDEM Bayern mit Hilfe des Netzwerks \"Demenzfreundliche Apotheken\".","og_url":"https:\/\/digidem-bayern.de\/en\/anlaufstelle-gedaechtnisambulanz\/","og_site_name":"digiDEM Bayern","article_publisher":"https:\/\/www.facebook.com\/digiDEMBayern\/","article_published_time":"2023-11-30T07:21:00+00:00","article_modified_time":"2024-01-22T14:04:02+00:00","og_image":[{"width":1000,"height":667,"url":"https:\/\/digidem-bayern.de\/wp-content\/uploads\/2023\/11\/shutterstock_Gedaechtnisambulanz-Diagnose-2036344094.jpg","type":"image\/jpeg"}],"author":"Ilona H\u00f6rath","twitter_misc":{"Written by":"Ilona H\u00f6rath","Est. reading time":"2 minutes"},"schema":{"@context":"https:\/\/schema.org","@graph":[{"@type":"Article","@id":"https:\/\/digidem-bayern.de\/anlaufstelle-gedaechtnisambulanz\/#article","isPartOf":{"@id":"https:\/\/digidem-bayern.de\/anlaufstelle-gedaechtnisambulanz\/"},"author":{"name":"Ilona H\u00f6rath","@id":"\/#\/schema\/person\/0bc1494f46fc2a051c761322a80e0941"},"headline":"Anlaufstelle Ged\u00e4chtnisambulanz","datePublished":"2023-11-30T07:21:00+00:00","dateModified":"2024-01-22T14:04:02+00:00","mainEntityOfPage":{"@id":"https:\/\/digidem-bayern.de\/anlaufstelle-gedaechtnisambulanz\/"},"wordCount":376,"commentCount":0,"publisher":{"@id":"\/#organization"},"image":{"@id":"https:\/\/digidem-bayern.de\/anlaufstelle-gedaechtnisambulanz\/#primaryimage"},"thumbnailUrl":"https:\/\/digidem-bayern.de\/wp-content\/uploads\/2023\/11\/shutterstock_Gedaechtnisambulanz-Diagnose-2036344094.jpg","keywords":["Age and Ageing","Alzheimer","Demenz","Demenzdiagnose","Demenzrisiko","digidem","digidem Bayern","Digitales Demenzregister Bayern","Emotion","Ged\u00e4chtnisambulanz","Irland","Kliniker","Kommunikationstraining"],"articleSection":["Wissenschaft &amp; Forschung"],"inLanguage":"en-US","potentialAction":[{"@type":"CommentAction","name":"Comment","target":["https:\/\/digidem-bayern.de\/anlaufstelle-gedaechtnisambulanz\/#respond"]}]},{"@type":"WebPage","@id":"https:\/\/digidem-bayern.de\/anlaufstelle-gedaechtnisambulanz\/","url":"https:\/\/digidem-bayern.de\/anlaufstelle-gedaechtnisambulanz\/","name":"Anlaufstelle Ged\u00e4chtnisambulanz - digiDEM Bayern","isPartOf":{"@id":"\/#website"},"primaryImageOfPage":{"@id":"https:\/\/digidem-bayern.de\/anlaufstelle-gedaechtnisambulanz\/#primaryimage"},"image":{"@id":"https:\/\/digidem-bayern.de\/anlaufstelle-gedaechtnisambulanz\/#primaryimage"},"thumbnailUrl":"https:\/\/digidem-bayern.de\/wp-content\/uploads\/2023\/11\/shutterstock_Gedaechtnisambulanz-Diagnose-2036344094.jpg","datePublished":"2023-11-30T07:21:00+00:00","dateModified":"2024-01-22T14:04:02+00:00","description":"Der Bayerische Landesapothekerkammer unterst\u00fctzt digiDEM Bayern mit Hilfe des Netzwerks \"Demenzfreundliche Apotheken\".","breadcrumb":{"@id":"https:\/\/digidem-bayern.de\/anlaufstelle-gedaechtnisambulanz\/#breadcrumb"},"inLanguage":"en-US","potentialAction":[{"@type":"ReadAction","target":["https:\/\/digidem-bayern.de\/anlaufstelle-gedaechtnisambulanz\/"]}]},{"@type":"ImageObject","inLanguage":"en-US","@id":"https:\/\/digidem-bayern.de\/anlaufstelle-gedaechtnisambulanz\/#primaryimage","url":"https:\/\/digidem-bayern.de\/wp-content\/uploads\/2023\/11\/shutterstock_Gedaechtnisambulanz-Diagnose-2036344094.jpg","contentUrl":"https:\/\/digidem-bayern.de\/wp-content\/uploads\/2023\/11\/shutterstock_Gedaechtnisambulanz-Diagnose-2036344094.jpg","width":1000,"height":667,"caption":"Foto: Shutterstock"},{"@type":"BreadcrumbList","@id":"https:\/\/digidem-bayern.de\/anlaufstelle-gedaechtnisambulanz\/#breadcrumb","itemListElement":[{"@type":"ListItem","position":1,"name":"Startseite","item":"https:\/\/digidem-bayern.de\/"},{"@type":"ListItem","position":2,"name":"Anlaufstelle Ged\u00e4chtnisambulanz"}]},{"@type":"WebSite","@id":"\/#website","url":"\/","name":"digiDEM Bavaria","description":"The digital dementia register in Bavaria researches and improves the structure of services for people with dementia and their relatives","publisher":{"@id":"\/#organization"},"potentialAction":[{"@type":"SearchAction","target":{"@type":"EntryPoint","urlTemplate":"\/?s={search_term_string}"},"query-input":{"@type":"PropertyValueSpecification","valueRequired":true,"valueName":"search_term_string"}}],"inLanguage":"en-US"},{"@type":"Organization","@id":"\/#organization","name":"digiDEM Bavaria","url":"\/","logo":{"@type":"ImageObject","inLanguage":"en-US","@id":"\/#\/schema\/logo\/image\/","url":"https:\/\/digidem-bayern.de\/wp-content\/uploads\/2022\/03\/cropped-Allgemeines_digiDEMLOGO-removebg-preview.png","contentUrl":"https:\/\/digidem-bayern.de\/wp-content\/uploads\/2022\/03\/cropped-Allgemeines_digiDEMLOGO-removebg-preview.png","width":612,"height":357,"caption":"digiDEM Bayern"},"image":{"@id":"\/#\/schema\/logo\/image\/"},"sameAs":["https:\/\/www.facebook.com\/digiDEMBayern\/","https:\/\/x.com\/digidem_bayern","https:\/\/www.instagram.com\/digidem.bayern","https:\/\/www.linkedin.com\/company\/digidem-bayern\/"]},{"@type":"Person","@id":"\/#\/schema\/person\/0bc1494f46fc2a051c761322a80e0941","name":"Ilona H\u00f6rath","url":"https:\/\/digidem-bayern.de\/en\/author\/hoeratia\/"}]}},"uagb_featured_image_src":{"full":["https:\/\/digidem-bayern.de\/wp-content\/uploads\/2023\/11\/shutterstock_Gedaechtnisambulanz-Diagnose-2036344094.jpg",1000,667,false],"thumbnail":["https:\/\/digidem-bayern.de\/wp-content\/uploads\/2023\/11\/shutterstock_Gedaechtnisambulanz-Diagnose-2036344094-80x80.jpg",80,80,true],"medium":["https:\/\/digidem-bayern.de\/wp-content\/uploads\/2023\/11\/shutterstock_Gedaechtnisambulanz-Diagnose-2036344094-300x200.jpg",300,200,true],"medium_large":["https:\/\/digidem-bayern.de\/wp-content\/uploads\/2023\/11\/shutterstock_Gedaechtnisambulanz-Diagnose-2036344094-768x512.jpg",768,512,true],"large":["https:\/\/digidem-bayern.de\/wp-content\/uploads\/2023\/11\/shutterstock_Gedaechtnisambulanz-Diagnose-2036344094.jpg",1000,667,false],"1536x1536":["https:\/\/digidem-bayern.de\/wp-content\/uploads\/2023\/11\/shutterstock_Gedaechtnisambulanz-Diagnose-2036344094.jpg",1000,667,false],"2048x2048":["https:\/\/digidem-bayern.de\/wp-content\/uploads\/2023\/11\/shutterstock_Gedaechtnisambulanz-Diagnose-2036344094.jpg",1000,667,false],"trp-custom-language-flag":["https:\/\/digidem-bayern.de\/wp-content\/uploads\/2023\/11\/shutterstock_Gedaechtnisambulanz-Diagnose-2036344094.jpg",18,12,false],"qubely_landscape":["https:\/\/digidem-bayern.de\/wp-content\/uploads\/2023\/11\/shutterstock_Gedaechtnisambulanz-Diagnose-2036344094.jpg",1000,667,false],"qubely_portrait":["https:\/\/digidem-bayern.de\/wp-content\/uploads\/2023\/11\/shutterstock_Gedaechtnisambulanz-Diagnose-2036344094-540x320.jpg",540,320,true],"qubely_thumbnail":["https:\/\/digidem-bayern.de\/wp-content\/uploads\/2023\/11\/shutterstock_Gedaechtnisambulanz-Diagnose-2036344094-140x100.jpg",140,100,true],"post-thumbnail":["https:\/\/digidem-bayern.de\/wp-content\/uploads\/2023\/11\/shutterstock_Gedaechtnisambulanz-Diagnose-2036344094-525x350.jpg",525,350,true],"kahuna-featured":["https:\/\/digidem-bayern.de\/wp-content\/uploads\/2023\/11\/shutterstock_Gedaechtnisambulanz-Diagnose-2036344094-734x350.jpg",734,350,true],"kahuna-featured-lp":["https:\/\/digidem-bayern.de\/wp-content\/uploads\/2023\/11\/shutterstock_Gedaechtnisambulanz-Diagnose-2036344094-520x350.jpg",520,350,true],"kahuna-featured-half":["https:\/\/digidem-bayern.de\/wp-content\/uploads\/2023\/11\/shutterstock_Gedaechtnisambulanz-Diagnose-2036344094-800x350.jpg",800,350,true],"kahuna-featured-third":["https:\/\/digidem-bayern.de\/wp-content\/uploads\/2023\/11\/shutterstock_Gedaechtnisambulanz-Diagnose-2036344094-512x350.jpg",512,350,true],"kahuna-lpbox-1":["https:\/\/digidem-bayern.de\/wp-content\/uploads\/2023\/11\/shutterstock_Gedaechtnisambulanz-Diagnose-2036344094-520x300.jpg",520,300,true],"kahuna-lpbox-2":["https:\/\/digidem-bayern.de\/wp-content\/uploads\/2023\/11\/shutterstock_Gedaechtnisambulanz-Diagnose-2036344094-520x350.jpg",520,350,true],"demand-language-flag":["https:\/\/digidem-bayern.de\/wp-content\/uploads\/2023\/11\/shutterstock_Gedaechtnisambulanz-Diagnose-2036344094-36x36.jpg",36,36,true],"dddkt-language-flag":["https:\/\/digidem-bayern.de\/wp-content\/uploads\/2023\/11\/shutterstock_Gedaechtnisambulanz-Diagnose-2036344094-36x36.jpg",36,36,true],"ddiqc-language-flag":["https:\/\/digidem-bayern.de\/wp-content\/uploads\/2023\/11\/shutterstock_Gedaechtnisambulanz-Diagnose-2036344094-36x36.jpg",36,36,true],"ddtl-language-flag":["https:\/\/digidem-bayern.de\/wp-content\/uploads\/2023\/11\/shutterstock_Gedaechtnisambulanz-Diagnose-2036344094-36x36.jpg",36,36,true],"mailpoet_newsletter_max":["https:\/\/digidem-bayern.de\/wp-content\/uploads\/2023\/11\/shutterstock_Gedaechtnisambulanz-Diagnose-2036344094.jpg",1000,667,false],"kahuna-lpbox-3":["https:\/\/digidem-bayern.de\/wp-content\/uploads\/2023\/11\/shutterstock_Gedaechtnisambulanz-Diagnose-2036344094-520x350.jpg",520,350,true],"kahuna-featured-square":["https:\/\/digidem-bayern.de\/wp-content\/uploads\/2023\/11\/shutterstock_Gedaechtnisambulanz-Diagnose-2036344094-512x512.jpg",512,512,true],"kahuna-featured-square-large":["https:\/\/digidem-bayern.de\/wp-content\/uploads\/2023\/11\/shutterstock_Gedaechtnisambulanz-Diagnose-2036344094.jpg",1000,667,false]},"uagb_author_info":{"display_name":"Ilona H\u00f6rath","author_link":"https:\/\/digidem-bayern.de\/en\/author\/hoeratia\/"},"uagb_comment_info":0,"uagb_excerpt":"Ged\u00e4chtnisambulanzen sind h\u00e4ufig eine Anlaufstelle f\u00fcr Menschen mit Verdacht auf Demenz. Zwei Wissenschaftler aus Irland sind der Frage nachgegangen, welche Erfahrungen genau jene gemacht haben, die nach dem Aufsuchen der Ged\u00e4chtnisambulanz eine Demenzdiagnose erhalten haben. Wer als Mensch mit Verdacht auf Demenz eine Ged\u00e4chtnisklink aufsucht, m\u00f6chte Gewissheit erlangen. Es gibt &hellip;","_links":{"self":[{"href":"https:\/\/digidem-bayern.de\/en\/wp-json\/wp\/v2\/posts\/31884","targetHints":{"allow":["GET"]}}],"collection":[{"href":"https:\/\/digidem-bayern.de\/en\/wp-json\/wp\/v2\/posts"}],"about":[{"href":"https:\/\/digidem-bayern.de\/en\/wp-json\/wp\/v2\/types\/post"}],"author":[{"embeddable":true,"href":"https:\/\/digidem-bayern.de\/en\/wp-json\/wp\/v2\/users\/12"}],"replies":[{"embeddable":true,"href":"https:\/\/digidem-bayern.de\/en\/wp-json\/wp\/v2\/comments?post=31884"}],"version-history":[{"count":3,"href":"https:\/\/digidem-bayern.de\/en\/wp-json\/wp\/v2\/posts\/31884\/revisions"}],"predecessor-version":[{"id":32482,"href":"https:\/\/digidem-bayern.de\/en\/wp-json\/wp\/v2\/posts\/31884\/revisions\/32482"}],"wp:featuredmedia":[{"embeddable":true,"href":"https:\/\/digidem-bayern.de\/en\/wp-json\/wp\/v2\/media\/31888"}],"wp:attachment":[{"href":"https:\/\/digidem-bayern.de\/en\/wp-json\/wp\/v2\/media?parent=31884"}],"wp:term":[{"taxonomy":"category","embeddable":true,"href":"https:\/\/digidem-bayern.de\/en\/wp-json\/wp\/v2\/categories?post=31884"},{"taxonomy":"post_tag","embeddable":true,"href":"https:\/\/digidem-bayern.de\/en\/wp-json\/wp\/v2\/tags?post=31884"}],"curies":[{"name":"wp","href":"https:\/\/api.w.org\/{rel}","templated":true}]}}