{"id":31878,"date":"2023-11-30T09:32:00","date_gmt":"2023-11-30T08:32:00","guid":{"rendered":"https:\/\/digidem-bayern.de\/?p=31878"},"modified":"2024-01-22T15:03:17","modified_gmt":"2024-01-22T14:03:17","slug":"kognitive-reserve-reduziert-demenzrisiko","status":"publish","type":"post","link":"https:\/\/digidem-bayern.de\/en\/kognitive-reserve-reduziert-demenzrisiko\/","title":{"rendered":"\u201eKognitive Reserve\u201c reduziert Demenzrisiko"},"content":{"rendered":"<p><strong>Das menschliche Gehirn verf\u00fcgt \u00fcber eine besondere F\u00e4higkeit. Es kann zum Beispiel Sch\u00e4digungen durch Krankheiten oder Alterungsprozesse ausgleichen. Auf diese Weise bildet sich eine lebenslange \u201ekognitive Reserve\u201c. Diese muss man jedoch aufbauen, etwa durch lebenslanges Lernen. Wie die kognitive Reserve mit leichter kognitiver Beeintr\u00e4chtigung (Mild Cognitive Impairment, MCI) und Demenz bei \u00e4lteren Erwachsenen mit niedrigem Bildungsgrad zusammenh\u00e4ngt, haben Forschende aus China untersucht.<\/strong><\/p>\n\n\n<div class=\"wp-block-image\">\n<figure class=\"alignright size-full is-resized\"><img loading=\"lazy\" decoding=\"async\" width=\"1000\" height=\"667\" src=\"https:\/\/digidem-bayern.de\/wp-content\/uploads\/2023\/11\/shutterstock_kognitive-reserve-lebenslang-lernen-1715441719.jpg\" alt=\"Das Gehirn verf\u00fcgt \u00fcber eine besondere F\u00e4higkeit. Es kann zum Beispiel Sch\u00e4digungen durch Krankheiten oder Alterungsprozesse ausgleichen.\" class=\"wp-image-31889\" style=\"aspect-ratio:1.4992503748125936;width:552px;height:auto\" srcset=\"https:\/\/digidem-bayern.de\/wp-content\/uploads\/2023\/11\/shutterstock_kognitive-reserve-lebenslang-lernen-1715441719.jpg 1000w, https:\/\/digidem-bayern.de\/wp-content\/uploads\/2023\/11\/shutterstock_kognitive-reserve-lebenslang-lernen-1715441719-300x200.jpg 300w, https:\/\/digidem-bayern.de\/wp-content\/uploads\/2023\/11\/shutterstock_kognitive-reserve-lebenslang-lernen-1715441719-768x512.jpg 768w, https:\/\/digidem-bayern.de\/wp-content\/uploads\/2023\/11\/shutterstock_kognitive-reserve-lebenslang-lernen-1715441719-525x350.jpg 525w\" sizes=\"auto, (max-width: 1000px) 100vw, 1000px\" \/><figcaption class=\"wp-element-caption\">Foto: Shutterstock<\/figcaption><\/figure>\n<\/div>\n\n\n<p>Die Studie aus China belegt eindrucksvoll, wie wichtig lebenslanges Lernen auch und gerade f\u00fcr Menschen mit einer niedrigen fomalen Bildung wie etwa der Schulbildung ist, um die geistige Gesundheit der sp\u00e4teren Lebensjahre aufrechtzuerhalten. Denn die Studienergebnisse deuten darauf hin: Ein Zusammenhang zwischen einer h\u00f6heren kognitiven Reserve und einem verringerten Risiko, eine Demenz oder eine Alzheimer-Demenz zu entwickeln, war bei Personen in der jungen Altersgruppe von 60 bis 74 Jahren wahrscheinlich. \u00c4hnliches gilt f\u00fcr das Risiko, eine leichte kognitive Beeintr\u00e4chtigung (MCI) zu entwickeln. F\u00fcr Menschen ab 75 Jahren sowie f\u00fcr die Entwicklung einer vaskul\u00e4ren Demenz konnte der Zusammenhang jedoch nicht nachgewiesen werden.<\/p>\n\n\n\n<p><strong>Unterrepr\u00e4sentierte Gruppe<\/strong><\/p>\n\n\n\n<p>An der Studie nahmen \u00e4ltere Erwachsene teil, die in l\u00e4ndlichen Regionen Chinas leben und keine oder eine nur sehr begrenzte formale Bildung hatten. Diese soziodemografische Gruppe ist in der Demenzforschung \u201eerheblich unterrepr\u00e4sentiert\u201c. Das Durchschnittsalter der 2.127 Teilnehmenden zu Studienbeginn betrug 70,1 Jahre, 59,4 Prozent waren Frauen und 81,5 Prozent hatten keine formelle Schulausbildung oder besuchten nur die Grundschule.<\/p>\n\n\n\n<p>Die Daten zu den Teilnehmenden haben die Forschenden mit Hilfe pers\u00f6nlicher Interviews durch medizinisches Personal, klinischer Untersuchungen und Labortests erhoben. Abgefragt wurden zum Beispiel Alter, Geschlecht, formale Bildung, Beruf und Familienstand und Lebensstile wie etwa Rauchen, k\u00f6rperliche und soziale Aktivit\u00e4t. Auch gesundheitliche Angaben wie etwa Bluthochdruck, Diabetes und Herzerkrankungen kamen dazu.<\/p>\n\n\n\n<p><strong>3,7 Jahre Nachbeobachtungszeit<\/strong><\/p>\n\n\n\n<p>W\u00e4hrend der durchschnittlichen Nachbeobachtungszeit von 3,7 Jahren pro Person wurde bei 101 Teilnehmenden eine Demenz diagnostiziert. 74 Menschen entwickelten eine Alzheimer-Demenz, 26 eine vaskul\u00e4re Demenz und eine Person eine andere Art von Demenz. \u201eJeder Anstieg des Gesamtwerts f\u00fcr die lebenslange kognitive Reserve um einen Punkt zu Studienbeginn war mit einem um etwa 20 Prozent verringerten Risiko f\u00fcr Demenz und Alzheimer verbunden, jedoch nicht mit dem Auftreten von vaskul\u00e4rer Demenz\u201c, schreiben die Forschenden.<\/p>\n\n\n\n<p>Bei den Teilnehmenden, die zu Studienbeginn keine leichten kognitiven Beeintr\u00e4chtigungen (MCI) hatten, bedeutete ein jeweils um einen Punkt verbesserter Messwert ein etwa 15 Prozent niedrigeres Risiko, MCI zu entwickeln.<\/p>\n\n\n\n<p><strong>Geistig gesund bis ins hohe Alter<\/strong><\/p>\n\n\n\n<p>Die Forschenden fassen zusammen, dass ihre Ergebnisse die Bedeutung einer hohen lebenslangen kognitiven Reserve unterstreichen \u00ad\u2013 \u201ef\u00fcr die Aufrechterhaltung der kognitiven Gesundheit bis ins hohe Alter und f\u00fcr die Verz\u00f6gerung kognitiver Dysfunktionen selbst bei Menschen ohne oder mit nur sehr begrenztem Bildungsniveau.\u201c Da die Studienteilnehmenden aus lediglich einem l\u00e4ndlichen Raum kamen, k\u00f6nnen die Ergebnisse nur in geringem Umfang generalisiert werden.<\/p>\n\n\n\n<p><strong>Tipp f\u00fcr die Praxis:<\/strong> Eine kognitive Reserve kann den Ausbruch und Verlauf einer Demenzerkrankung verz\u00f6gern. Der Grundstein zum Aufbau einer kognitiven Reserve wird w\u00e4hrend der Schulzeit gelegt, trotzdem ist es sehr wichtig, auch im Verlauf des Lebens k\u00f6rperlich und geistig aktiv zu bleiben und stetig neue Dinge dazuzulernen.<\/p>\n\n\n\n<p>Hier geht&#8217;s zur Studie: <\/p>\n\n\n\n<p><a href=\"https:\/\/karger.com\/dem\/article\/52\/4\/258\/860657\/Association-of-Lifelong-Cognitive-Reserve-with\">Association of Lifelong Cognitive Reserve with Dementia and Mild Cognitive Impairment among Older Adults with Limited Formal Education: A Population-Based Cohort Study<\/a><\/p>\n\n\n\n<p style=\"font-size:20px\"><\/p>\n\n\n\n<div style=\"height:20px\" aria-hidden=\"true\" class=\"wp-block-spacer\"><\/div>\n\n\n\n<div style=\"height:20px\" aria-hidden=\"true\" class=\"wp-block-spacer\"><\/div>","protected":false},"excerpt":{"rendered":"<p>Das menschliche Gehirn verf\u00fcgt \u00fcber eine besondere F\u00e4higkeit. Es kann zum Beispiel Sch\u00e4digungen durch Krankheiten oder Alterungsprozesse ausgleichen. Auf diese Weise bildet sich eine lebenslange \u201ekognitive Reserve\u201c. Diese muss man jedoch aufbauen, etwa durch lebenslanges Lernen. Wie die kognitive Reserve mit leichter kognitiver Beeintr\u00e4chtigung (Mild Cognitive Impairment, MCI) und Demenz &hellip;<\/p>","protected":false},"author":12,"featured_media":31889,"comment_status":"open","ping_status":"closed","sticky":false,"template":"","format":"standard","meta":{"qubely_global_settings":"","qubely_interactions":"","_uag_custom_page_level_css":"","footnotes":""},"categories":[5],"tags":[13,842,535,12,112,177,14,17,55,893,309,894,118,895],"class_list":["post-31878","post","type-post","status-publish","format-standard","has-post-thumbnail","hentry","category-wissenschaft-forschung","tag-alzheimer","tag-beduerfnisse","tag-china","tag-demenz-2","tag-demenzdiagnose","tag-demenzrisiko","tag-digidem","tag-digidem-bayern","tag-digitales-demenzregister-bayern","tag-gehirn","tag-kognitive-reserve","tag-lebenslanges-lernen","tag-mci","tag-schulzeit"],"qubely_featured_image_url":{"full":["https:\/\/digidem-bayern.de\/wp-content\/uploads\/2023\/11\/shutterstock_kognitive-reserve-lebenslang-lernen-1715441719.jpg",1000,667,false],"landscape":["https:\/\/digidem-bayern.de\/wp-content\/uploads\/2023\/11\/shutterstock_kognitive-reserve-lebenslang-lernen-1715441719.jpg",1000,667,false],"portraits":["https:\/\/digidem-bayern.de\/wp-content\/uploads\/2023\/11\/shutterstock_kognitive-reserve-lebenslang-lernen-1715441719-540x320.jpg",540,320,true],"thumbnail":["https:\/\/digidem-bayern.de\/wp-content\/uploads\/2023\/11\/shutterstock_kognitive-reserve-lebenslang-lernen-1715441719-80x80.jpg",80,80,true],"medium":["https:\/\/digidem-bayern.de\/wp-content\/uploads\/2023\/11\/shutterstock_kognitive-reserve-lebenslang-lernen-1715441719-300x200.jpg",300,200,true],"medium_large":["https:\/\/digidem-bayern.de\/wp-content\/uploads\/2023\/11\/shutterstock_kognitive-reserve-lebenslang-lernen-1715441719-768x512.jpg",768,512,true],"large":["https:\/\/digidem-bayern.de\/wp-content\/uploads\/2023\/11\/shutterstock_kognitive-reserve-lebenslang-lernen-1715441719.jpg",1000,667,false],"1536x1536":["https:\/\/digidem-bayern.de\/wp-content\/uploads\/2023\/11\/shutterstock_kognitive-reserve-lebenslang-lernen-1715441719.jpg",1000,667,false],"2048x2048":["https:\/\/digidem-bayern.de\/wp-content\/uploads\/2023\/11\/shutterstock_kognitive-reserve-lebenslang-lernen-1715441719.jpg",1000,667,false],"trp-custom-language-flag":["https:\/\/digidem-bayern.de\/wp-content\/uploads\/2023\/11\/shutterstock_kognitive-reserve-lebenslang-lernen-1715441719.jpg",18,12,false],"qubely_landscape":["https:\/\/digidem-bayern.de\/wp-content\/uploads\/2023\/11\/shutterstock_kognitive-reserve-lebenslang-lernen-1715441719.jpg",1000,667,false],"qubely_portrait":["https:\/\/digidem-bayern.de\/wp-content\/uploads\/2023\/11\/shutterstock_kognitive-reserve-lebenslang-lernen-1715441719-540x320.jpg",540,320,true],"qubely_thumbnail":["https:\/\/digidem-bayern.de\/wp-content\/uploads\/2023\/11\/shutterstock_kognitive-reserve-lebenslang-lernen-1715441719-140x100.jpg",140,100,true],"post-thumbnail":["https:\/\/digidem-bayern.de\/wp-content\/uploads\/2023\/11\/shutterstock_kognitive-reserve-lebenslang-lernen-1715441719-525x350.jpg",525,350,true],"kahuna-featured":["https:\/\/digidem-bayern.de\/wp-content\/uploads\/2023\/11\/shutterstock_kognitive-reserve-lebenslang-lernen-1715441719-734x350.jpg",734,350,true],"kahuna-featured-lp":["https:\/\/digidem-bayern.de\/wp-content\/uploads\/2023\/11\/shutterstock_kognitive-reserve-lebenslang-lernen-1715441719-520x350.jpg",520,350,true],"kahuna-featured-half":["https:\/\/digidem-bayern.de\/wp-content\/uploads\/2023\/11\/shutterstock_kognitive-reserve-lebenslang-lernen-1715441719-800x350.jpg",800,350,true],"kahuna-featured-third":["https:\/\/digidem-bayern.de\/wp-content\/uploads\/2023\/11\/shutterstock_kognitive-reserve-lebenslang-lernen-1715441719-512x350.jpg",512,350,true],"kahuna-lpbox-1":["https:\/\/digidem-bayern.de\/wp-content\/uploads\/2023\/11\/shutterstock_kognitive-reserve-lebenslang-lernen-1715441719-520x300.jpg",520,300,true],"kahuna-lpbox-2":["https:\/\/digidem-bayern.de\/wp-content\/uploads\/2023\/11\/shutterstock_kognitive-reserve-lebenslang-lernen-1715441719-520x350.jpg",520,350,true],"demand-language-flag":["https:\/\/digidem-bayern.de\/wp-content\/uploads\/2023\/11\/shutterstock_kognitive-reserve-lebenslang-lernen-1715441719-36x36.jpg",36,36,true],"dddkt-language-flag":["https:\/\/digidem-bayern.de\/wp-content\/uploads\/2023\/11\/shutterstock_kognitive-reserve-lebenslang-lernen-1715441719-36x36.jpg",36,36,true],"ddiqc-language-flag":["https:\/\/digidem-bayern.de\/wp-content\/uploads\/2023\/11\/shutterstock_kognitive-reserve-lebenslang-lernen-1715441719-36x36.jpg",36,36,true],"ddtl-language-flag":["https:\/\/digidem-bayern.de\/wp-content\/uploads\/2023\/11\/shutterstock_kognitive-reserve-lebenslang-lernen-1715441719-36x36.jpg",36,36,true],"mailpoet_newsletter_max":["https:\/\/digidem-bayern.de\/wp-content\/uploads\/2023\/11\/shutterstock_kognitive-reserve-lebenslang-lernen-1715441719.jpg",1000,667,false],"kahuna-lpbox-3":["https:\/\/digidem-bayern.de\/wp-content\/uploads\/2023\/11\/shutterstock_kognitive-reserve-lebenslang-lernen-1715441719-520x350.jpg",520,350,true],"kahuna-featured-square":["https:\/\/digidem-bayern.de\/wp-content\/uploads\/2023\/11\/shutterstock_kognitive-reserve-lebenslang-lernen-1715441719-512x512.jpg",512,512,true],"kahuna-featured-square-large":["https:\/\/digidem-bayern.de\/wp-content\/uploads\/2023\/11\/shutterstock_kognitive-reserve-lebenslang-lernen-1715441719.jpg",1000,667,false]},"qubely_author":{"display_name":"Ilona H\u00f6rath","author_link":"https:\/\/digidem-bayern.de\/en\/author\/hoeratia\/"},"qubely_comment":0,"qubely_category":"<a href=\"https:\/\/digidem-bayern.de\/en\/category\/wissenschaft-forschung\/\" rel=\"category tag\">Wissenschaft &amp; Forschung<\/a>","qubely_excerpt":"Das menschliche Gehirn verf\u00fcgt \u00fcber eine besondere F\u00e4higkeit. Es kann zum Beispiel Sch\u00e4digungen durch Krankheiten oder Alterungsprozesse ausgleichen. Auf diese Weise bildet sich eine lebenslange \u201ekognitive Reserve\u201c. Diese muss man jedoch aufbauen, etwa durch lebenslanges Lernen. Wie die kognitive Reserve mit leichter kognitiver Beeintr\u00e4chtigung (Mild Cognitive Impairment, MCI) und Demenz &hellip;","featured_image_urls_v2":{"full":["https:\/\/digidem-bayern.de\/wp-content\/uploads\/2023\/11\/shutterstock_kognitive-reserve-lebenslang-lernen-1715441719.jpg",1000,667,false],"thumbnail":["https:\/\/digidem-bayern.de\/wp-content\/uploads\/2023\/11\/shutterstock_kognitive-reserve-lebenslang-lernen-1715441719-80x80.jpg",80,80,true],"medium":["https:\/\/digidem-bayern.de\/wp-content\/uploads\/2023\/11\/shutterstock_kognitive-reserve-lebenslang-lernen-1715441719-300x200.jpg",300,200,true],"medium_large":["https:\/\/digidem-bayern.de\/wp-content\/uploads\/2023\/11\/shutterstock_kognitive-reserve-lebenslang-lernen-1715441719-768x512.jpg",768,512,true],"large":["https:\/\/digidem-bayern.de\/wp-content\/uploads\/2023\/11\/shutterstock_kognitive-reserve-lebenslang-lernen-1715441719.jpg",1000,667,false],"1536x1536":["https:\/\/digidem-bayern.de\/wp-content\/uploads\/2023\/11\/shutterstock_kognitive-reserve-lebenslang-lernen-1715441719.jpg",1000,667,false],"2048x2048":["https:\/\/digidem-bayern.de\/wp-content\/uploads\/2023\/11\/shutterstock_kognitive-reserve-lebenslang-lernen-1715441719.jpg",1000,667,false],"trp-custom-language-flag":["https:\/\/digidem-bayern.de\/wp-content\/uploads\/2023\/11\/shutterstock_kognitive-reserve-lebenslang-lernen-1715441719.jpg",18,12,false],"qubely_landscape":["https:\/\/digidem-bayern.de\/wp-content\/uploads\/2023\/11\/shutterstock_kognitive-reserve-lebenslang-lernen-1715441719.jpg",1000,667,false],"qubely_portrait":["https:\/\/digidem-bayern.de\/wp-content\/uploads\/2023\/11\/shutterstock_kognitive-reserve-lebenslang-lernen-1715441719-540x320.jpg",540,320,true],"qubely_thumbnail":["https:\/\/digidem-bayern.de\/wp-content\/uploads\/2023\/11\/shutterstock_kognitive-reserve-lebenslang-lernen-1715441719-140x100.jpg",140,100,true],"post-thumbnail":["https:\/\/digidem-bayern.de\/wp-content\/uploads\/2023\/11\/shutterstock_kognitive-reserve-lebenslang-lernen-1715441719-525x350.jpg",525,350,true],"kahuna-featured":["https:\/\/digidem-bayern.de\/wp-content\/uploads\/2023\/11\/shutterstock_kognitive-reserve-lebenslang-lernen-1715441719-734x350.jpg",734,350,true],"kahuna-featured-lp":["https:\/\/digidem-bayern.de\/wp-content\/uploads\/2023\/11\/shutterstock_kognitive-reserve-lebenslang-lernen-1715441719-520x350.jpg",520,350,true],"kahuna-featured-half":["https:\/\/digidem-bayern.de\/wp-content\/uploads\/2023\/11\/shutterstock_kognitive-reserve-lebenslang-lernen-1715441719-800x350.jpg",800,350,true],"kahuna-featured-third":["https:\/\/digidem-bayern.de\/wp-content\/uploads\/2023\/11\/shutterstock_kognitive-reserve-lebenslang-lernen-1715441719-512x350.jpg",512,350,true],"kahuna-lpbox-1":["https:\/\/digidem-bayern.de\/wp-content\/uploads\/2023\/11\/shutterstock_kognitive-reserve-lebenslang-lernen-1715441719-520x300.jpg",520,300,true],"kahuna-lpbox-2":["https:\/\/digidem-bayern.de\/wp-content\/uploads\/2023\/11\/shutterstock_kognitive-reserve-lebenslang-lernen-1715441719-520x350.jpg",520,350,true],"demand-language-flag":["https:\/\/digidem-bayern.de\/wp-content\/uploads\/2023\/11\/shutterstock_kognitive-reserve-lebenslang-lernen-1715441719-36x36.jpg",36,36,true],"dddkt-language-flag":["https:\/\/digidem-bayern.de\/wp-content\/uploads\/2023\/11\/shutterstock_kognitive-reserve-lebenslang-lernen-1715441719-36x36.jpg",36,36,true],"ddiqc-language-flag":["https:\/\/digidem-bayern.de\/wp-content\/uploads\/2023\/11\/shutterstock_kognitive-reserve-lebenslang-lernen-1715441719-36x36.jpg",36,36,true],"ddtl-language-flag":["https:\/\/digidem-bayern.de\/wp-content\/uploads\/2023\/11\/shutterstock_kognitive-reserve-lebenslang-lernen-1715441719-36x36.jpg",36,36,true],"mailpoet_newsletter_max":["https:\/\/digidem-bayern.de\/wp-content\/uploads\/2023\/11\/shutterstock_kognitive-reserve-lebenslang-lernen-1715441719.jpg",1000,667,false],"kahuna-lpbox-3":["https:\/\/digidem-bayern.de\/wp-content\/uploads\/2023\/11\/shutterstock_kognitive-reserve-lebenslang-lernen-1715441719-520x350.jpg",520,350,true],"kahuna-featured-square":["https:\/\/digidem-bayern.de\/wp-content\/uploads\/2023\/11\/shutterstock_kognitive-reserve-lebenslang-lernen-1715441719-512x512.jpg",512,512,true],"kahuna-featured-square-large":["https:\/\/digidem-bayern.de\/wp-content\/uploads\/2023\/11\/shutterstock_kognitive-reserve-lebenslang-lernen-1715441719.jpg",1000,667,false]},"post_excerpt_stackable_v2":"<p>Das menschliche Gehirn verf\u00fcgt \u00fcber eine besondere F\u00e4higkeit. Es kann zum Beispiel Sch\u00e4digungen durch Krankheiten oder Alterungsprozesse ausgleichen. Auf diese Weise bildet sich eine lebenslange \u201ekognitive Reserve\u201c. Diese muss man jedoch aufbauen, etwa durch lebenslanges Lernen. Wie die kognitive Reserve mit leichter kognitiver Beeintr\u00e4chtigung (Mild Cognitive Impairment, MCI) und Demenz bei \u00e4lteren Erwachsenen mit niedrigem Bildungsgrad zusammenh\u00e4ngt, haben Forschende aus China untersucht. Foto: Shutterstock Die Studie aus China belegt eindrucksvoll, wie wichtig lebenslanges Lernen auch und gerade f\u00fcr Menschen mit einer niedrigen fomalen Bildung wie etwa der Schulbildung ist, um die geistige Gesundheit der sp\u00e4teren Lebensjahre aufrechtzuerhalten. Denn die Studienergebnisse&hellip;<\/p>\n","category_list_v2":"<a href=\"https:\/\/digidem-bayern.de\/en\/category\/wissenschaft-forschung\/\" rel=\"category tag\">Wissenschaft &amp; Forschung<\/a>","author_info_v2":{"name":"Ilona H\u00f6rath","url":"https:\/\/digidem-bayern.de\/en\/author\/hoeratia\/"},"comments_num_v2":"0 comments","yoast_head":"<!-- This site is optimized with the Yoast SEO plugin v27.5 - https:\/\/yoast.com\/product\/yoast-seo-wordpress\/ -->\n<title>\u201eKognitive Reserve\u201c reduziert Demenzrisiko - digiDEM Bayern<\/title>\n<meta name=\"description\" content=\"Der Bayerische Landesapothekerkammer unterst\u00fctzt digiDEM Bayern mit Hilfe des Netzwerks &quot;Demenzfreundliche Apotheken&quot;.\" \/>\n<meta name=\"robots\" content=\"index, follow, max-snippet:-1, max-image-preview:large, max-video-preview:-1\" \/>\n<link rel=\"canonical\" href=\"https:\/\/digidem-bayern.de\/en\/kognitive-reserve-reduziert-demenzrisiko\/\" \/>\n<meta property=\"og:locale\" content=\"en_US\" \/>\n<meta property=\"og:type\" content=\"article\" \/>\n<meta property=\"og:title\" content=\"\u201eKognitive Reserve\u201c reduziert Demenzrisiko - digiDEM Bayern\" \/>\n<meta property=\"og:description\" content=\"Der Bayerische Landesapothekerkammer unterst\u00fctzt digiDEM Bayern mit Hilfe des Netzwerks &quot;Demenzfreundliche Apotheken&quot;.\" \/>\n<meta property=\"og:url\" content=\"https:\/\/digidem-bayern.de\/en\/kognitive-reserve-reduziert-demenzrisiko\/\" \/>\n<meta property=\"og:site_name\" content=\"digiDEM Bayern\" \/>\n<meta property=\"article:publisher\" content=\"https:\/\/www.facebook.com\/digiDEMBayern\/\" \/>\n<meta property=\"article:published_time\" content=\"2023-11-30T08:32:00+00:00\" \/>\n<meta property=\"article:modified_time\" content=\"2024-01-22T14:03:17+00:00\" \/>\n<meta property=\"og:image\" content=\"https:\/\/digidem-bayern.de\/wp-content\/uploads\/2023\/11\/shutterstock_kognitive-reserve-lebenslang-lernen-1715441719.jpg\" \/>\n\t<meta property=\"og:image:width\" content=\"1000\" \/>\n\t<meta property=\"og:image:height\" content=\"667\" \/>\n\t<meta property=\"og:image:type\" content=\"image\/jpeg\" \/>\n<meta name=\"author\" content=\"Ilona H\u00f6rath\" \/>\n<meta name=\"twitter:label1\" content=\"Written by\" \/>\n\t<meta name=\"twitter:data1\" content=\"Ilona H\u00f6rath\" \/>\n\t<meta name=\"twitter:label2\" content=\"Est. reading time\" \/>\n\t<meta name=\"twitter:data2\" content=\"2 minutes\" \/>\n<script type=\"application\/ld+json\" class=\"yoast-schema-graph\">{\"@context\":\"https:\\\/\\\/schema.org\",\"@graph\":[{\"@type\":\"Article\",\"@id\":\"https:\\\/\\\/digidem-bayern.de\\\/kognitive-reserve-reduziert-demenzrisiko\\\/#article\",\"isPartOf\":{\"@id\":\"https:\\\/\\\/digidem-bayern.de\\\/kognitive-reserve-reduziert-demenzrisiko\\\/\"},\"author\":{\"name\":\"Ilona H\u00f6rath\",\"@id\":\"\\\/#\\\/schema\\\/person\\\/0bc1494f46fc2a051c761322a80e0941\"},\"headline\":\"\u201eKognitive Reserve\u201c reduziert Demenzrisiko\",\"datePublished\":\"2023-11-30T08:32:00+00:00\",\"dateModified\":\"2024-01-22T14:03:17+00:00\",\"mainEntityOfPage\":{\"@id\":\"https:\\\/\\\/digidem-bayern.de\\\/kognitive-reserve-reduziert-demenzrisiko\\\/\"},\"wordCount\":544,\"commentCount\":0,\"publisher\":{\"@id\":\"\\\/#organization\"},\"image\":{\"@id\":\"https:\\\/\\\/digidem-bayern.de\\\/kognitive-reserve-reduziert-demenzrisiko\\\/#primaryimage\"},\"thumbnailUrl\":\"https:\\\/\\\/digidem-bayern.de\\\/wp-content\\\/uploads\\\/2023\\\/11\\\/shutterstock_kognitive-reserve-lebenslang-lernen-1715441719.jpg\",\"keywords\":[\"Alzheimer\",\"Bed\u00fcrfnisse\",\"China\",\"Demenz\",\"Demenzdiagnose\",\"Demenzrisiko\",\"digidem\",\"digidem Bayern\",\"Digitales Demenzregister Bayern\",\"Gehirn\",\"kognitive Reserve\",\"lebenslanges Lernen\",\"MCI\",\"Schulzeit\"],\"articleSection\":[\"Wissenschaft &amp; Forschung\"],\"inLanguage\":\"en-US\",\"potentialAction\":[{\"@type\":\"CommentAction\",\"name\":\"Comment\",\"target\":[\"https:\\\/\\\/digidem-bayern.de\\\/kognitive-reserve-reduziert-demenzrisiko\\\/#respond\"]}]},{\"@type\":\"WebPage\",\"@id\":\"https:\\\/\\\/digidem-bayern.de\\\/kognitive-reserve-reduziert-demenzrisiko\\\/\",\"url\":\"https:\\\/\\\/digidem-bayern.de\\\/kognitive-reserve-reduziert-demenzrisiko\\\/\",\"name\":\"\u201eKognitive Reserve\u201c reduziert Demenzrisiko - digiDEM Bayern\",\"isPartOf\":{\"@id\":\"\\\/#website\"},\"primaryImageOfPage\":{\"@id\":\"https:\\\/\\\/digidem-bayern.de\\\/kognitive-reserve-reduziert-demenzrisiko\\\/#primaryimage\"},\"image\":{\"@id\":\"https:\\\/\\\/digidem-bayern.de\\\/kognitive-reserve-reduziert-demenzrisiko\\\/#primaryimage\"},\"thumbnailUrl\":\"https:\\\/\\\/digidem-bayern.de\\\/wp-content\\\/uploads\\\/2023\\\/11\\\/shutterstock_kognitive-reserve-lebenslang-lernen-1715441719.jpg\",\"datePublished\":\"2023-11-30T08:32:00+00:00\",\"dateModified\":\"2024-01-22T14:03:17+00:00\",\"description\":\"Der Bayerische Landesapothekerkammer unterst\u00fctzt digiDEM Bayern mit Hilfe des Netzwerks \\\"Demenzfreundliche Apotheken\\\".\",\"breadcrumb\":{\"@id\":\"https:\\\/\\\/digidem-bayern.de\\\/kognitive-reserve-reduziert-demenzrisiko\\\/#breadcrumb\"},\"inLanguage\":\"en-US\",\"potentialAction\":[{\"@type\":\"ReadAction\",\"target\":[\"https:\\\/\\\/digidem-bayern.de\\\/kognitive-reserve-reduziert-demenzrisiko\\\/\"]}]},{\"@type\":\"ImageObject\",\"inLanguage\":\"en-US\",\"@id\":\"https:\\\/\\\/digidem-bayern.de\\\/kognitive-reserve-reduziert-demenzrisiko\\\/#primaryimage\",\"url\":\"https:\\\/\\\/digidem-bayern.de\\\/wp-content\\\/uploads\\\/2023\\\/11\\\/shutterstock_kognitive-reserve-lebenslang-lernen-1715441719.jpg\",\"contentUrl\":\"https:\\\/\\\/digidem-bayern.de\\\/wp-content\\\/uploads\\\/2023\\\/11\\\/shutterstock_kognitive-reserve-lebenslang-lernen-1715441719.jpg\",\"width\":1000,\"height\":667,\"caption\":\"Foto: Shutterstock\"},{\"@type\":\"BreadcrumbList\",\"@id\":\"https:\\\/\\\/digidem-bayern.de\\\/kognitive-reserve-reduziert-demenzrisiko\\\/#breadcrumb\",\"itemListElement\":[{\"@type\":\"ListItem\",\"position\":1,\"name\":\"Startseite\",\"item\":\"https:\\\/\\\/digidem-bayern.de\\\/\"},{\"@type\":\"ListItem\",\"position\":2,\"name\":\"\u201eKognitive Reserve\u201c reduziert Demenzrisiko\"}]},{\"@type\":\"WebSite\",\"@id\":\"\\\/#website\",\"url\":\"\\\/\",\"name\":\"digiDEM Bayern\",\"description\":\"Das digitale Demenzregister Bayern erforscht und verbessert die Angebotsstuktur f\u00fcr Menschen mit Demenz und deren Angeh\u00f6rige\",\"publisher\":{\"@id\":\"\\\/#organization\"},\"potentialAction\":[{\"@type\":\"SearchAction\",\"target\":{\"@type\":\"EntryPoint\",\"urlTemplate\":\"\\\/?s={search_term_string}\"},\"query-input\":{\"@type\":\"PropertyValueSpecification\",\"valueRequired\":true,\"valueName\":\"search_term_string\"}}],\"inLanguage\":\"en-US\"},{\"@type\":\"Organization\",\"@id\":\"\\\/#organization\",\"name\":\"digiDEM Bayern\",\"url\":\"\\\/\",\"logo\":{\"@type\":\"ImageObject\",\"inLanguage\":\"en-US\",\"@id\":\"\\\/#\\\/schema\\\/logo\\\/image\\\/\",\"url\":\"https:\\\/\\\/digidem-bayern.de\\\/wp-content\\\/uploads\\\/2022\\\/03\\\/cropped-Allgemeines_digiDEMLOGO-removebg-preview.png\",\"contentUrl\":\"https:\\\/\\\/digidem-bayern.de\\\/wp-content\\\/uploads\\\/2022\\\/03\\\/cropped-Allgemeines_digiDEMLOGO-removebg-preview.png\",\"width\":612,\"height\":357,\"caption\":\"digiDEM Bayern\"},\"image\":{\"@id\":\"\\\/#\\\/schema\\\/logo\\\/image\\\/\"},\"sameAs\":[\"https:\\\/\\\/www.facebook.com\\\/digiDEMBayern\\\/\",\"https:\\\/\\\/x.com\\\/digidem_bayern\",\"https:\\\/\\\/www.instagram.com\\\/digidem.bayern\",\"https:\\\/\\\/www.linkedin.com\\\/company\\\/digidem-bayern\\\/\"]},{\"@type\":\"Person\",\"@id\":\"\\\/#\\\/schema\\\/person\\\/0bc1494f46fc2a051c761322a80e0941\",\"name\":\"Ilona H\u00f6rath\",\"url\":\"https:\\\/\\\/digidem-bayern.de\\\/en\\\/author\\\/hoeratia\\\/\"}]}<\/script>\n<!-- \/ Yoast SEO plugin. -->","yoast_head_json":{"title":"\u201eKognitive Reserve\u201c reduziert Demenzrisiko - digiDEM Bayern","description":"Der Bayerische Landesapothekerkammer unterst\u00fctzt digiDEM Bayern mit Hilfe des Netzwerks \"Demenzfreundliche Apotheken\".","robots":{"index":"index","follow":"follow","max-snippet":"max-snippet:-1","max-image-preview":"max-image-preview:large","max-video-preview":"max-video-preview:-1"},"canonical":"https:\/\/digidem-bayern.de\/en\/kognitive-reserve-reduziert-demenzrisiko\/","og_locale":"en_US","og_type":"article","og_title":"\u201eKognitive Reserve\u201c reduziert Demenzrisiko - digiDEM Bayern","og_description":"Der Bayerische Landesapothekerkammer unterst\u00fctzt digiDEM Bayern mit Hilfe des Netzwerks \"Demenzfreundliche Apotheken\".","og_url":"https:\/\/digidem-bayern.de\/en\/kognitive-reserve-reduziert-demenzrisiko\/","og_site_name":"digiDEM Bayern","article_publisher":"https:\/\/www.facebook.com\/digiDEMBayern\/","article_published_time":"2023-11-30T08:32:00+00:00","article_modified_time":"2024-01-22T14:03:17+00:00","og_image":[{"width":1000,"height":667,"url":"https:\/\/digidem-bayern.de\/wp-content\/uploads\/2023\/11\/shutterstock_kognitive-reserve-lebenslang-lernen-1715441719.jpg","type":"image\/jpeg"}],"author":"Ilona H\u00f6rath","twitter_misc":{"Written by":"Ilona H\u00f6rath","Est. reading time":"2 minutes"},"schema":{"@context":"https:\/\/schema.org","@graph":[{"@type":"Article","@id":"https:\/\/digidem-bayern.de\/kognitive-reserve-reduziert-demenzrisiko\/#article","isPartOf":{"@id":"https:\/\/digidem-bayern.de\/kognitive-reserve-reduziert-demenzrisiko\/"},"author":{"name":"Ilona H\u00f6rath","@id":"\/#\/schema\/person\/0bc1494f46fc2a051c761322a80e0941"},"headline":"\u201eKognitive Reserve\u201c reduziert Demenzrisiko","datePublished":"2023-11-30T08:32:00+00:00","dateModified":"2024-01-22T14:03:17+00:00","mainEntityOfPage":{"@id":"https:\/\/digidem-bayern.de\/kognitive-reserve-reduziert-demenzrisiko\/"},"wordCount":544,"commentCount":0,"publisher":{"@id":"\/#organization"},"image":{"@id":"https:\/\/digidem-bayern.de\/kognitive-reserve-reduziert-demenzrisiko\/#primaryimage"},"thumbnailUrl":"https:\/\/digidem-bayern.de\/wp-content\/uploads\/2023\/11\/shutterstock_kognitive-reserve-lebenslang-lernen-1715441719.jpg","keywords":["Alzheimer","Bed\u00fcrfnisse","China","Demenz","Demenzdiagnose","Demenzrisiko","digidem","digidem Bayern","Digitales Demenzregister Bayern","Gehirn","kognitive Reserve","lebenslanges Lernen","MCI","Schulzeit"],"articleSection":["Wissenschaft &amp; Forschung"],"inLanguage":"en-US","potentialAction":[{"@type":"CommentAction","name":"Comment","target":["https:\/\/digidem-bayern.de\/kognitive-reserve-reduziert-demenzrisiko\/#respond"]}]},{"@type":"WebPage","@id":"https:\/\/digidem-bayern.de\/kognitive-reserve-reduziert-demenzrisiko\/","url":"https:\/\/digidem-bayern.de\/kognitive-reserve-reduziert-demenzrisiko\/","name":"\u201eKognitive Reserve\u201c reduziert Demenzrisiko - digiDEM Bayern","isPartOf":{"@id":"\/#website"},"primaryImageOfPage":{"@id":"https:\/\/digidem-bayern.de\/kognitive-reserve-reduziert-demenzrisiko\/#primaryimage"},"image":{"@id":"https:\/\/digidem-bayern.de\/kognitive-reserve-reduziert-demenzrisiko\/#primaryimage"},"thumbnailUrl":"https:\/\/digidem-bayern.de\/wp-content\/uploads\/2023\/11\/shutterstock_kognitive-reserve-lebenslang-lernen-1715441719.jpg","datePublished":"2023-11-30T08:32:00+00:00","dateModified":"2024-01-22T14:03:17+00:00","description":"Der Bayerische Landesapothekerkammer unterst\u00fctzt digiDEM Bayern mit Hilfe des Netzwerks \"Demenzfreundliche Apotheken\".","breadcrumb":{"@id":"https:\/\/digidem-bayern.de\/kognitive-reserve-reduziert-demenzrisiko\/#breadcrumb"},"inLanguage":"en-US","potentialAction":[{"@type":"ReadAction","target":["https:\/\/digidem-bayern.de\/kognitive-reserve-reduziert-demenzrisiko\/"]}]},{"@type":"ImageObject","inLanguage":"en-US","@id":"https:\/\/digidem-bayern.de\/kognitive-reserve-reduziert-demenzrisiko\/#primaryimage","url":"https:\/\/digidem-bayern.de\/wp-content\/uploads\/2023\/11\/shutterstock_kognitive-reserve-lebenslang-lernen-1715441719.jpg","contentUrl":"https:\/\/digidem-bayern.de\/wp-content\/uploads\/2023\/11\/shutterstock_kognitive-reserve-lebenslang-lernen-1715441719.jpg","width":1000,"height":667,"caption":"Foto: Shutterstock"},{"@type":"BreadcrumbList","@id":"https:\/\/digidem-bayern.de\/kognitive-reserve-reduziert-demenzrisiko\/#breadcrumb","itemListElement":[{"@type":"ListItem","position":1,"name":"Startseite","item":"https:\/\/digidem-bayern.de\/"},{"@type":"ListItem","position":2,"name":"\u201eKognitive Reserve\u201c reduziert Demenzrisiko"}]},{"@type":"WebSite","@id":"\/#website","url":"\/","name":"digiDEM Bavaria","description":"The digital dementia register in Bavaria researches and improves the structure of services for people with dementia and their relatives","publisher":{"@id":"\/#organization"},"potentialAction":[{"@type":"SearchAction","target":{"@type":"EntryPoint","urlTemplate":"\/?s={search_term_string}"},"query-input":{"@type":"PropertyValueSpecification","valueRequired":true,"valueName":"search_term_string"}}],"inLanguage":"en-US"},{"@type":"Organization","@id":"\/#organization","name":"digiDEM Bavaria","url":"\/","logo":{"@type":"ImageObject","inLanguage":"en-US","@id":"\/#\/schema\/logo\/image\/","url":"https:\/\/digidem-bayern.de\/wp-content\/uploads\/2022\/03\/cropped-Allgemeines_digiDEMLOGO-removebg-preview.png","contentUrl":"https:\/\/digidem-bayern.de\/wp-content\/uploads\/2022\/03\/cropped-Allgemeines_digiDEMLOGO-removebg-preview.png","width":612,"height":357,"caption":"digiDEM Bayern"},"image":{"@id":"\/#\/schema\/logo\/image\/"},"sameAs":["https:\/\/www.facebook.com\/digiDEMBayern\/","https:\/\/x.com\/digidem_bayern","https:\/\/www.instagram.com\/digidem.bayern","https:\/\/www.linkedin.com\/company\/digidem-bayern\/"]},{"@type":"Person","@id":"\/#\/schema\/person\/0bc1494f46fc2a051c761322a80e0941","name":"Ilona H\u00f6rath","url":"https:\/\/digidem-bayern.de\/en\/author\/hoeratia\/"}]}},"uagb_featured_image_src":{"full":["https:\/\/digidem-bayern.de\/wp-content\/uploads\/2023\/11\/shutterstock_kognitive-reserve-lebenslang-lernen-1715441719.jpg",1000,667,false],"thumbnail":["https:\/\/digidem-bayern.de\/wp-content\/uploads\/2023\/11\/shutterstock_kognitive-reserve-lebenslang-lernen-1715441719-80x80.jpg",80,80,true],"medium":["https:\/\/digidem-bayern.de\/wp-content\/uploads\/2023\/11\/shutterstock_kognitive-reserve-lebenslang-lernen-1715441719-300x200.jpg",300,200,true],"medium_large":["https:\/\/digidem-bayern.de\/wp-content\/uploads\/2023\/11\/shutterstock_kognitive-reserve-lebenslang-lernen-1715441719-768x512.jpg",768,512,true],"large":["https:\/\/digidem-bayern.de\/wp-content\/uploads\/2023\/11\/shutterstock_kognitive-reserve-lebenslang-lernen-1715441719.jpg",1000,667,false],"1536x1536":["https:\/\/digidem-bayern.de\/wp-content\/uploads\/2023\/11\/shutterstock_kognitive-reserve-lebenslang-lernen-1715441719.jpg",1000,667,false],"2048x2048":["https:\/\/digidem-bayern.de\/wp-content\/uploads\/2023\/11\/shutterstock_kognitive-reserve-lebenslang-lernen-1715441719.jpg",1000,667,false],"trp-custom-language-flag":["https:\/\/digidem-bayern.de\/wp-content\/uploads\/2023\/11\/shutterstock_kognitive-reserve-lebenslang-lernen-1715441719.jpg",18,12,false],"qubely_landscape":["https:\/\/digidem-bayern.de\/wp-content\/uploads\/2023\/11\/shutterstock_kognitive-reserve-lebenslang-lernen-1715441719.jpg",1000,667,false],"qubely_portrait":["https:\/\/digidem-bayern.de\/wp-content\/uploads\/2023\/11\/shutterstock_kognitive-reserve-lebenslang-lernen-1715441719-540x320.jpg",540,320,true],"qubely_thumbnail":["https:\/\/digidem-bayern.de\/wp-content\/uploads\/2023\/11\/shutterstock_kognitive-reserve-lebenslang-lernen-1715441719-140x100.jpg",140,100,true],"post-thumbnail":["https:\/\/digidem-bayern.de\/wp-content\/uploads\/2023\/11\/shutterstock_kognitive-reserve-lebenslang-lernen-1715441719-525x350.jpg",525,350,true],"kahuna-featured":["https:\/\/digidem-bayern.de\/wp-content\/uploads\/2023\/11\/shutterstock_kognitive-reserve-lebenslang-lernen-1715441719-734x350.jpg",734,350,true],"kahuna-featured-lp":["https:\/\/digidem-bayern.de\/wp-content\/uploads\/2023\/11\/shutterstock_kognitive-reserve-lebenslang-lernen-1715441719-520x350.jpg",520,350,true],"kahuna-featured-half":["https:\/\/digidem-bayern.de\/wp-content\/uploads\/2023\/11\/shutterstock_kognitive-reserve-lebenslang-lernen-1715441719-800x350.jpg",800,350,true],"kahuna-featured-third":["https:\/\/digidem-bayern.de\/wp-content\/uploads\/2023\/11\/shutterstock_kognitive-reserve-lebenslang-lernen-1715441719-512x350.jpg",512,350,true],"kahuna-lpbox-1":["https:\/\/digidem-bayern.de\/wp-content\/uploads\/2023\/11\/shutterstock_kognitive-reserve-lebenslang-lernen-1715441719-520x300.jpg",520,300,true],"kahuna-lpbox-2":["https:\/\/digidem-bayern.de\/wp-content\/uploads\/2023\/11\/shutterstock_kognitive-reserve-lebenslang-lernen-1715441719-520x350.jpg",520,350,true],"demand-language-flag":["https:\/\/digidem-bayern.de\/wp-content\/uploads\/2023\/11\/shutterstock_kognitive-reserve-lebenslang-lernen-1715441719-36x36.jpg",36,36,true],"dddkt-language-flag":["https:\/\/digidem-bayern.de\/wp-content\/uploads\/2023\/11\/shutterstock_kognitive-reserve-lebenslang-lernen-1715441719-36x36.jpg",36,36,true],"ddiqc-language-flag":["https:\/\/digidem-bayern.de\/wp-content\/uploads\/2023\/11\/shutterstock_kognitive-reserve-lebenslang-lernen-1715441719-36x36.jpg",36,36,true],"ddtl-language-flag":["https:\/\/digidem-bayern.de\/wp-content\/uploads\/2023\/11\/shutterstock_kognitive-reserve-lebenslang-lernen-1715441719-36x36.jpg",36,36,true],"mailpoet_newsletter_max":["https:\/\/digidem-bayern.de\/wp-content\/uploads\/2023\/11\/shutterstock_kognitive-reserve-lebenslang-lernen-1715441719.jpg",1000,667,false],"kahuna-lpbox-3":["https:\/\/digidem-bayern.de\/wp-content\/uploads\/2023\/11\/shutterstock_kognitive-reserve-lebenslang-lernen-1715441719-520x350.jpg",520,350,true],"kahuna-featured-square":["https:\/\/digidem-bayern.de\/wp-content\/uploads\/2023\/11\/shutterstock_kognitive-reserve-lebenslang-lernen-1715441719-512x512.jpg",512,512,true],"kahuna-featured-square-large":["https:\/\/digidem-bayern.de\/wp-content\/uploads\/2023\/11\/shutterstock_kognitive-reserve-lebenslang-lernen-1715441719.jpg",1000,667,false]},"uagb_author_info":{"display_name":"Ilona H\u00f6rath","author_link":"https:\/\/digidem-bayern.de\/en\/author\/hoeratia\/"},"uagb_comment_info":0,"uagb_excerpt":"Das menschliche Gehirn verf\u00fcgt \u00fcber eine besondere F\u00e4higkeit. Es kann zum Beispiel Sch\u00e4digungen durch Krankheiten oder Alterungsprozesse ausgleichen. Auf diese Weise bildet sich eine lebenslange \u201ekognitive Reserve\u201c. Diese muss man jedoch aufbauen, etwa durch lebenslanges Lernen. Wie die kognitive Reserve mit leichter kognitiver Beeintr\u00e4chtigung (Mild Cognitive Impairment, MCI) und Demenz &hellip;","_links":{"self":[{"href":"https:\/\/digidem-bayern.de\/en\/wp-json\/wp\/v2\/posts\/31878","targetHints":{"allow":["GET"]}}],"collection":[{"href":"https:\/\/digidem-bayern.de\/en\/wp-json\/wp\/v2\/posts"}],"about":[{"href":"https:\/\/digidem-bayern.de\/en\/wp-json\/wp\/v2\/types\/post"}],"author":[{"embeddable":true,"href":"https:\/\/digidem-bayern.de\/en\/wp-json\/wp\/v2\/users\/12"}],"replies":[{"embeddable":true,"href":"https:\/\/digidem-bayern.de\/en\/wp-json\/wp\/v2\/comments?post=31878"}],"version-history":[{"count":3,"href":"https:\/\/digidem-bayern.de\/en\/wp-json\/wp\/v2\/posts\/31878\/revisions"}],"predecessor-version":[{"id":32485,"href":"https:\/\/digidem-bayern.de\/en\/wp-json\/wp\/v2\/posts\/31878\/revisions\/32485"}],"wp:featuredmedia":[{"embeddable":true,"href":"https:\/\/digidem-bayern.de\/en\/wp-json\/wp\/v2\/media\/31889"}],"wp:attachment":[{"href":"https:\/\/digidem-bayern.de\/en\/wp-json\/wp\/v2\/media?parent=31878"}],"wp:term":[{"taxonomy":"category","embeddable":true,"href":"https:\/\/digidem-bayern.de\/en\/wp-json\/wp\/v2\/categories?post=31878"},{"taxonomy":"post_tag","embeddable":true,"href":"https:\/\/digidem-bayern.de\/en\/wp-json\/wp\/v2\/tags?post=31878"}],"curies":[{"name":"wp","href":"https:\/\/api.w.org\/{rel}","templated":true}]}}