{"id":31683,"date":"2023-11-15T13:44:38","date_gmt":"2023-11-15T12:44:38","guid":{"rendered":"https:\/\/digidem-bayern.de\/?p=31683"},"modified":"2023-12-04T17:00:42","modified_gmt":"2023-12-04T16:00:42","slug":"tagung-herausforderungen-und-perspektiven-der-haeuslichen-pflege","status":"publish","type":"post","link":"https:\/\/digidem-bayern.de\/en\/tagung-herausforderungen-und-perspektiven-der-haeuslichen-pflege\/","title":{"rendered":"Tagung: Herausforderungen und Perspektiven der h\u00e4uslichen Pflege"},"content":{"rendered":"<p><strong>Direkt vor Ort oder \u00fcber einen Livestream zuh\u00f6ren: Expertinnen und Experten aus ganz Deutschland beleuchten am Donnerstag, 23. November 2023, im Rahmen des \u00f6ffentlichen Teils der Tagung \u201eH\u00e4usliche Pflege \u2013 Herausforderungen, Konsequenzen und Perspektiven\u201c zahlreiche Fragen zu diesem Thema. Die Tagung richtet sich an pflegende An- und Zugeh\u00f6rige, Betroffene, Fachleute aus der Praxis und Interessierte und findet in Erlangen statt. Es besteht auch die M\u00f6glichkeit, die Vortr\u00e4ge \u00fcber einen Livestream mitzuverfolgen.<\/strong><\/p>\n\n\n<div class=\"wp-block-image\">\n<figure class=\"alignright size-large is-resized\"><img loading=\"lazy\" decoding=\"async\" width=\"1030\" height=\"825\" src=\"https:\/\/digidem-bayern.de\/wp-content\/uploads\/2023\/11\/Tagung-Pendergrass-AdobeStock_264619531_verkleinert-1030x825.jpeg\" alt=\"\u201eDas aktuelle Gesundheitssystem w\u00fcrde ohne pflegende Angeh\u00f6rige nicht funktionieren, denn Pl\u00e4tze in Pflegeheimen sind rar und f\u00fcr viele Familien zu teuer\u201c, erl\u00e4utert PD Dr. Anna Pendergrass, wissenschaftliche Leiterin der Tagung.\" class=\"wp-image-31682\" style=\"aspect-ratio:1.2484848484848485;width:467px;height:auto\" srcset=\"https:\/\/digidem-bayern.de\/wp-content\/uploads\/2023\/11\/Tagung-Pendergrass-AdobeStock_264619531_verkleinert-1030x825.jpeg 1030w, https:\/\/digidem-bayern.de\/wp-content\/uploads\/2023\/11\/Tagung-Pendergrass-AdobeStock_264619531_verkleinert-300x240.jpeg 300w, https:\/\/digidem-bayern.de\/wp-content\/uploads\/2023\/11\/Tagung-Pendergrass-AdobeStock_264619531_verkleinert-768x615.jpeg 768w, https:\/\/digidem-bayern.de\/wp-content\/uploads\/2023\/11\/Tagung-Pendergrass-AdobeStock_264619531_verkleinert-1536x1230.jpeg 1536w, https:\/\/digidem-bayern.de\/wp-content\/uploads\/2023\/11\/Tagung-Pendergrass-AdobeStock_264619531_verkleinert-2048x1640.jpeg 2048w, https:\/\/digidem-bayern.de\/wp-content\/uploads\/2023\/11\/Tagung-Pendergrass-AdobeStock_264619531_verkleinert-437x350.jpeg 437w, https:\/\/digidem-bayern.de\/wp-content\/uploads\/2023\/11\/Tagung-Pendergrass-AdobeStock_264619531_verkleinert-1320x1057.jpeg 1320w, https:\/\/digidem-bayern.de\/wp-content\/uploads\/2023\/11\/Tagung-Pendergrass-AdobeStock_264619531_verkleinert.jpeg 1600w\" sizes=\"auto, (max-width: 1030px) 100vw, 1030px\" \/><figcaption class=\"wp-element-caption\">Foto: AdobeStock<\/figcaption><\/figure>\n<\/div>\n\n\n<p>Ohne pflegende Angeh\u00f6rige und ihre Bereitschaft, eine andere Person mit einer Erkrankung oder Behinderung zu unterst\u00fctzen, zu betreuen und zu pflegen, w\u00e4re die h\u00e4usliche Pflege in Deutschland undenkbar. F\u00fcr die Pflegenden, zum Gro\u00dfteil Frauen, geht diese verantwortungsvolle Aufgabe h\u00e4ufig mit gro\u00dfen Belastungen und finanziellen Einschr\u00e4nkungen einher. Was zeigen aktuelle wissenschaftliche Studien zu den Konsequenzen dieser Pflege? Was k\u00f6nnten m\u00f6gliche L\u00f6sungen f\u00fcr diese Situation sein? Was w\u00fcnschen sich Pflegende? Und wo und wie muss die Gesellschaft sie unterst\u00fctzen?<\/p>\n\n\n\n<p><strong>Herzliche Einladung<\/strong><\/p>\n\n\n\n<p>Diese und weitere Fragen beleuchten Expertinnen und Experten am Donnerstag, 23. November 2023, im Rahmen des \u00f6ffentlichen Teils der Tagung \u201eH\u00e4usliche Pflege \u2013 Herausforderungen, Konsequenzen und Perspektiven\u201c. Das Zentrum f\u00fcr Medizinische Versorgungsforschung (Leiter: Prof. Dr. Elmar Gr\u00e4\u00dfel) der Psychiatrischen und Psychotherapeutischen Klinik (Direktor: Prof. Dr. Johannes Kornhuber) des Uniklinikums Erlangen l\u00e4dt alle Interessierten herzlich dazu ein.<\/p>\n\n\n\n<p><strong>L\u00f6sungen finden<\/strong><\/p>\n\n\n\n<p>\u201eDas aktuelle Gesundheitssystem w\u00fcrde ohne pflegende Angeh\u00f6rige nicht funktionieren, denn Pl\u00e4tze in Pflegeheimen sind rar und f\u00fcr viele Familien zu teuer\u201c, erl\u00e4utert PD Dr. Anna Pendergrass, wissenschaftliche Leiterin der Tagung und wissenschaftliche Mitarbeiterin in der Psychiatrie des Uniklinikums Erlangen. \u201eBei den Pflegenden selbst zeigt sich eine gro\u00dfe Geschlechterungleichheit, denn der Gro\u00dfteil von ihnen sind Frauen, die diese wichtige Aufgabe \u00fcbernehmen. H\u00e4ufig leidet ihre eigene k\u00f6rperliche und seelische Gesundheit durch die Pflege. Das darf nicht sein und die Gesellschaft muss L\u00f6sungen daf\u00fcr finden!\u201c Dies sei allerdings kein deutsches Problem, sondern zeige sich in vielen L\u00e4ndern weltweit.<\/p>\n\n\n\n<p><strong>Programm: unterschiedliche Perspektiven und Aspekte<\/strong><\/p>\n\n\n\n<p>F\u00fcr die f\u00fcnf Vortr\u00e4ge konnten acht renommierte Expertinnen und Experten aus ganz Deutschland gewonnen werden. Sie widmen sich unterschiedlichen Aspekten des Themas. So werden beispielsweise die Ergebnisse einer repr\u00e4sentativen Studie in Bayern zur Situation pflegender Angeh\u00f6riger vorgestellt und es wird er\u00f6rtert, welche Rollen die Familie und die Nachbarschaft in der h\u00e4uslichen Pflege spielen k\u00f6nnen. Dar\u00fcber hinaus kommen Betroffene selbst mit ihren Erfahrungsberichten zu Wort. Zudem stellen sich Vertreterinnen und Vertreter von Unterst\u00fctzungs- und Entlastungsangeboten aus der Region vor. \u201eNeben dem inhaltlichen Input ist gen\u00fcgend Zeit, um sich mit anderen pflegenden Angeh\u00f6rigen auszutauschen\u201c, sagt Johanna Schmidt, wissenschaftliche Mitarbeiterin der Psychiatrie des Uniklinikums Erlangen. \u201eAn Infost\u00e4nden gibt es zudem viele Materialien, Beratung und Vermittlung.\u201c<\/p>\n\n\n\n<p><strong>Bis 22.11.2023 anmelden<\/strong><\/p>\n\n\n\n<p>Die Tagung richtet sich an Betroffene, pflegende An- und Zugeh\u00f6rige, Arbeitende und Forschende des Bereichs h\u00e4usliche Pflege sowie Interessierte und findet am <strong>Donnerstag, 23. November 2023, von 15.00 bis 19.00 Uhr <\/strong>im Ernst-Freiberger-sen.-H\u00f6rsaal, Schwabachanlage 6, in Erlangen statt.<\/p>\n\n\n\n<p>Au\u00dferdem besteht die M\u00f6glichkeit, die Vortr\u00e4ge \u00fcber einen Livestream mitzuverfolgen. Die Teilnahme ist kostenlos. Um Anmeldung bis sp\u00e4testens 22.11.2023 via E-Mail an&nbsp;<a href=\"https:\/\/www.uk-erlangen.de\/presse\/pressemitteilungen\/ansicht\/detail\/herausforderungen-und-perspektiven-der-haeuslichen-pflege\/\">geschlechterungleichheit-pfl.ps(at)uk-erlangen.de<\/a>&nbsp;oder telefonisch unter 09131 85-44112 (bitte mit Art der Teilnahme) wird gebeten. Personen, die online teilnehmen, erhalten rechtzeitig vor der Veranstaltung eine E-Mail mit dem Zugangslink.<\/p>\n\n\n\n<p><\/p>\n\n\n\n<p><\/p>\n\n\n\n<p><\/p>\n\n\n\n<p><\/p>\n\n\n\n<p><\/p>\n\n\n\n<p><\/p>\n\n\n\n<p><\/p>\n\n\n\n<p><\/p>","protected":false},"excerpt":{"rendered":"<p>Direkt vor Ort oder \u00fcber einen Livestream zuh\u00f6ren: Expertinnen und Experten aus ganz Deutschland beleuchten am Donnerstag, 23. November 2023, im Rahmen des \u00f6ffentlichen Teils der Tagung \u201eH\u00e4usliche Pflege \u2013 Herausforderungen, Konsequenzen und Perspektiven\u201c zahlreiche Fragen zu diesem Thema. Die Tagung richtet sich an pflegende An- und Zugeh\u00f6rige, Betroffene, Fachleute &hellip;<\/p>","protected":false},"author":12,"featured_media":31682,"comment_status":"open","ping_status":"closed","sticky":false,"template":"","format":"standard","meta":{"qubely_global_settings":"","qubely_interactions":"","_uag_custom_page_level_css":"","footnotes":""},"categories":[5],"tags":[13,723,834,830,821,831,803,12,689,454,93,877],"class_list":["post-31683","post","type-post","status-publish","format-standard","has-post-thumbnail","hentry","category-wissenschaft-forschung","tag-alzheimer","tag-anna-pendergrass","tag-ard","tag-bayerischer-rundfunk","tag-bayerisches-staastministerium-fuer-gesundheit-und-pflege","tag-br","tag-demand","tag-demenz-2","tag-gesundheitssystem","tag-haeusliche-pflege","tag-pflegende-angehoerige","tag-tagung"],"qubely_featured_image_url":{"full":["https:\/\/digidem-bayern.de\/wp-content\/uploads\/2023\/11\/Tagung-Pendergrass-AdobeStock_264619531_verkleinert.jpeg",1600,1281,false],"landscape":["https:\/\/digidem-bayern.de\/wp-content\/uploads\/2023\/11\/Tagung-Pendergrass-AdobeStock_264619531_verkleinert-1200x750.jpeg",1200,750,true],"portraits":["https:\/\/digidem-bayern.de\/wp-content\/uploads\/2023\/11\/Tagung-Pendergrass-AdobeStock_264619531_verkleinert-540x320.jpeg",540,320,true],"thumbnail":["https:\/\/digidem-bayern.de\/wp-content\/uploads\/2023\/11\/Tagung-Pendergrass-AdobeStock_264619531_verkleinert-80x80.jpeg",80,80,true],"medium":["https:\/\/digidem-bayern.de\/wp-content\/uploads\/2023\/11\/Tagung-Pendergrass-AdobeStock_264619531_verkleinert-300x240.jpeg",300,240,true],"medium_large":["https:\/\/digidem-bayern.de\/wp-content\/uploads\/2023\/11\/Tagung-Pendergrass-AdobeStock_264619531_verkleinert-768x615.jpeg",768,615,true],"large":["https:\/\/digidem-bayern.de\/wp-content\/uploads\/2023\/11\/Tagung-Pendergrass-AdobeStock_264619531_verkleinert-1030x825.jpeg",1030,825,true],"1536x1536":["https:\/\/digidem-bayern.de\/wp-content\/uploads\/2023\/11\/Tagung-Pendergrass-AdobeStock_264619531_verkleinert-1536x1230.jpeg",1536,1230,true],"2048x2048":["https:\/\/digidem-bayern.de\/wp-content\/uploads\/2023\/11\/Tagung-Pendergrass-AdobeStock_264619531_verkleinert-2048x1640.jpeg",2048,1640,true],"trp-custom-language-flag":["https:\/\/digidem-bayern.de\/wp-content\/uploads\/2023\/11\/Tagung-Pendergrass-AdobeStock_264619531_verkleinert.jpeg",15,12,false],"qubely_landscape":["https:\/\/digidem-bayern.de\/wp-content\/uploads\/2023\/11\/Tagung-Pendergrass-AdobeStock_264619531_verkleinert-1200x750.jpeg",1200,750,true],"qubely_portrait":["https:\/\/digidem-bayern.de\/wp-content\/uploads\/2023\/11\/Tagung-Pendergrass-AdobeStock_264619531_verkleinert-540x320.jpeg",540,320,true],"qubely_thumbnail":["https:\/\/digidem-bayern.de\/wp-content\/uploads\/2023\/11\/Tagung-Pendergrass-AdobeStock_264619531_verkleinert-140x100.jpeg",140,100,true],"post-thumbnail":["https:\/\/digidem-bayern.de\/wp-content\/uploads\/2023\/11\/Tagung-Pendergrass-AdobeStock_264619531_verkleinert-437x350.jpeg",437,350,true],"kahuna-featured":["https:\/\/digidem-bayern.de\/wp-content\/uploads\/2023\/11\/Tagung-Pendergrass-AdobeStock_264619531_verkleinert-734x350.jpeg",734,350,true],"kahuna-featured-lp":["https:\/\/digidem-bayern.de\/wp-content\/uploads\/2023\/11\/Tagung-Pendergrass-AdobeStock_264619531_verkleinert-520x350.jpeg",520,350,true],"kahuna-featured-half":["https:\/\/digidem-bayern.de\/wp-content\/uploads\/2023\/11\/Tagung-Pendergrass-AdobeStock_264619531_verkleinert-800x350.jpeg",800,350,true],"kahuna-featured-third":["https:\/\/digidem-bayern.de\/wp-content\/uploads\/2023\/11\/Tagung-Pendergrass-AdobeStock_264619531_verkleinert-512x350.jpeg",512,350,true],"kahuna-lpbox-1":["https:\/\/digidem-bayern.de\/wp-content\/uploads\/2023\/11\/Tagung-Pendergrass-AdobeStock_264619531_verkleinert-520x300.jpeg",520,300,true],"kahuna-lpbox-2":["https:\/\/digidem-bayern.de\/wp-content\/uploads\/2023\/11\/Tagung-Pendergrass-AdobeStock_264619531_verkleinert-520x350.jpeg",520,350,true],"demand-language-flag":["https:\/\/digidem-bayern.de\/wp-content\/uploads\/2023\/11\/Tagung-Pendergrass-AdobeStock_264619531_verkleinert-36x36.jpeg",36,36,true],"dddkt-language-flag":["https:\/\/digidem-bayern.de\/wp-content\/uploads\/2023\/11\/Tagung-Pendergrass-AdobeStock_264619531_verkleinert-36x36.jpeg",36,36,true],"ddiqc-language-flag":["https:\/\/digidem-bayern.de\/wp-content\/uploads\/2023\/11\/Tagung-Pendergrass-AdobeStock_264619531_verkleinert-36x36.jpeg",36,36,true],"ddtl-language-flag":["https:\/\/digidem-bayern.de\/wp-content\/uploads\/2023\/11\/Tagung-Pendergrass-AdobeStock_264619531_verkleinert-36x36.jpeg",36,36,true],"mailpoet_newsletter_max":["https:\/\/digidem-bayern.de\/wp-content\/uploads\/2023\/11\/Tagung-Pendergrass-AdobeStock_264619531_verkleinert-1320x1057.jpeg",1320,1057,true],"kahuna-lpbox-3":["https:\/\/digidem-bayern.de\/wp-content\/uploads\/2023\/11\/Tagung-Pendergrass-AdobeStock_264619531_verkleinert-520x350.jpeg",520,350,true],"kahuna-featured-square":["https:\/\/digidem-bayern.de\/wp-content\/uploads\/2023\/11\/Tagung-Pendergrass-AdobeStock_264619531_verkleinert-512x512.jpeg",512,512,true],"kahuna-featured-square-large":["https:\/\/digidem-bayern.de\/wp-content\/uploads\/2023\/11\/Tagung-Pendergrass-AdobeStock_264619531_verkleinert-1024x1024.jpeg",1024,1024,true]},"qubely_author":{"display_name":"Ilona H\u00f6rath","author_link":"https:\/\/digidem-bayern.de\/en\/author\/hoeratia\/"},"qubely_comment":0,"qubely_category":"<a href=\"https:\/\/digidem-bayern.de\/en\/category\/wissenschaft-forschung\/\" rel=\"category tag\">Wissenschaft &amp; Forschung<\/a>","qubely_excerpt":"Direkt vor Ort oder \u00fcber einen Livestream zuh\u00f6ren: Expertinnen und Experten aus ganz Deutschland beleuchten am Donnerstag, 23. November 2023, im Rahmen des \u00f6ffentlichen Teils der Tagung \u201eH\u00e4usliche Pflege \u2013 Herausforderungen, Konsequenzen und Perspektiven\u201c zahlreiche Fragen zu diesem Thema. Die Tagung richtet sich an pflegende An- und Zugeh\u00f6rige, Betroffene, Fachleute &hellip;","featured_image_urls_v2":{"full":["https:\/\/digidem-bayern.de\/wp-content\/uploads\/2023\/11\/Tagung-Pendergrass-AdobeStock_264619531_verkleinert.jpeg",1600,1281,false],"thumbnail":["https:\/\/digidem-bayern.de\/wp-content\/uploads\/2023\/11\/Tagung-Pendergrass-AdobeStock_264619531_verkleinert-80x80.jpeg",80,80,true],"medium":["https:\/\/digidem-bayern.de\/wp-content\/uploads\/2023\/11\/Tagung-Pendergrass-AdobeStock_264619531_verkleinert-300x240.jpeg",300,240,true],"medium_large":["https:\/\/digidem-bayern.de\/wp-content\/uploads\/2023\/11\/Tagung-Pendergrass-AdobeStock_264619531_verkleinert-768x615.jpeg",768,615,true],"large":["https:\/\/digidem-bayern.de\/wp-content\/uploads\/2023\/11\/Tagung-Pendergrass-AdobeStock_264619531_verkleinert-1030x825.jpeg",1030,825,true],"1536x1536":["https:\/\/digidem-bayern.de\/wp-content\/uploads\/2023\/11\/Tagung-Pendergrass-AdobeStock_264619531_verkleinert-1536x1230.jpeg",1536,1230,true],"2048x2048":["https:\/\/digidem-bayern.de\/wp-content\/uploads\/2023\/11\/Tagung-Pendergrass-AdobeStock_264619531_verkleinert-2048x1640.jpeg",2048,1640,true],"trp-custom-language-flag":["https:\/\/digidem-bayern.de\/wp-content\/uploads\/2023\/11\/Tagung-Pendergrass-AdobeStock_264619531_verkleinert.jpeg",15,12,false],"qubely_landscape":["https:\/\/digidem-bayern.de\/wp-content\/uploads\/2023\/11\/Tagung-Pendergrass-AdobeStock_264619531_verkleinert-1200x750.jpeg",1200,750,true],"qubely_portrait":["https:\/\/digidem-bayern.de\/wp-content\/uploads\/2023\/11\/Tagung-Pendergrass-AdobeStock_264619531_verkleinert-540x320.jpeg",540,320,true],"qubely_thumbnail":["https:\/\/digidem-bayern.de\/wp-content\/uploads\/2023\/11\/Tagung-Pendergrass-AdobeStock_264619531_verkleinert-140x100.jpeg",140,100,true],"post-thumbnail":["https:\/\/digidem-bayern.de\/wp-content\/uploads\/2023\/11\/Tagung-Pendergrass-AdobeStock_264619531_verkleinert-437x350.jpeg",437,350,true],"kahuna-featured":["https:\/\/digidem-bayern.de\/wp-content\/uploads\/2023\/11\/Tagung-Pendergrass-AdobeStock_264619531_verkleinert-734x350.jpeg",734,350,true],"kahuna-featured-lp":["https:\/\/digidem-bayern.de\/wp-content\/uploads\/2023\/11\/Tagung-Pendergrass-AdobeStock_264619531_verkleinert-520x350.jpeg",520,350,true],"kahuna-featured-half":["https:\/\/digidem-bayern.de\/wp-content\/uploads\/2023\/11\/Tagung-Pendergrass-AdobeStock_264619531_verkleinert-800x350.jpeg",800,350,true],"kahuna-featured-third":["https:\/\/digidem-bayern.de\/wp-content\/uploads\/2023\/11\/Tagung-Pendergrass-AdobeStock_264619531_verkleinert-512x350.jpeg",512,350,true],"kahuna-lpbox-1":["https:\/\/digidem-bayern.de\/wp-content\/uploads\/2023\/11\/Tagung-Pendergrass-AdobeStock_264619531_verkleinert-520x300.jpeg",520,300,true],"kahuna-lpbox-2":["https:\/\/digidem-bayern.de\/wp-content\/uploads\/2023\/11\/Tagung-Pendergrass-AdobeStock_264619531_verkleinert-520x350.jpeg",520,350,true],"demand-language-flag":["https:\/\/digidem-bayern.de\/wp-content\/uploads\/2023\/11\/Tagung-Pendergrass-AdobeStock_264619531_verkleinert-36x36.jpeg",36,36,true],"dddkt-language-flag":["https:\/\/digidem-bayern.de\/wp-content\/uploads\/2023\/11\/Tagung-Pendergrass-AdobeStock_264619531_verkleinert-36x36.jpeg",36,36,true],"ddiqc-language-flag":["https:\/\/digidem-bayern.de\/wp-content\/uploads\/2023\/11\/Tagung-Pendergrass-AdobeStock_264619531_verkleinert-36x36.jpeg",36,36,true],"ddtl-language-flag":["https:\/\/digidem-bayern.de\/wp-content\/uploads\/2023\/11\/Tagung-Pendergrass-AdobeStock_264619531_verkleinert-36x36.jpeg",36,36,true],"mailpoet_newsletter_max":["https:\/\/digidem-bayern.de\/wp-content\/uploads\/2023\/11\/Tagung-Pendergrass-AdobeStock_264619531_verkleinert-1320x1057.jpeg",1320,1057,true],"kahuna-lpbox-3":["https:\/\/digidem-bayern.de\/wp-content\/uploads\/2023\/11\/Tagung-Pendergrass-AdobeStock_264619531_verkleinert-520x350.jpeg",520,350,true],"kahuna-featured-square":["https:\/\/digidem-bayern.de\/wp-content\/uploads\/2023\/11\/Tagung-Pendergrass-AdobeStock_264619531_verkleinert-512x512.jpeg",512,512,true],"kahuna-featured-square-large":["https:\/\/digidem-bayern.de\/wp-content\/uploads\/2023\/11\/Tagung-Pendergrass-AdobeStock_264619531_verkleinert-1024x1024.jpeg",1024,1024,true]},"post_excerpt_stackable_v2":"<p>Direkt vor Ort oder \u00fcber einen Livestream zuh\u00f6ren: Expertinnen und Experten aus ganz Deutschland beleuchten am Donnerstag, 23. November 2023, im Rahmen des \u00f6ffentlichen Teils der Tagung \u201eH\u00e4usliche Pflege \u2013 Herausforderungen, Konsequenzen und Perspektiven\u201c zahlreiche Fragen zu diesem Thema. Die Tagung richtet sich an pflegende An- und Zugeh\u00f6rige, Betroffene, Fachleute aus der Praxis und Interessierte und findet in Erlangen statt. Es besteht auch die M\u00f6glichkeit, die Vortr\u00e4ge \u00fcber einen Livestream mitzuverfolgen. Foto: AdobeStock Ohne pflegende Angeh\u00f6rige und ihre Bereitschaft, eine andere Person mit einer Erkrankung oder Behinderung zu unterst\u00fctzen, zu betreuen und zu pflegen, w\u00e4re die h\u00e4usliche Pflege in Deutschland&hellip;<\/p>\n","category_list_v2":"<a href=\"https:\/\/digidem-bayern.de\/en\/category\/wissenschaft-forschung\/\" rel=\"category tag\">Wissenschaft &amp; Forschung<\/a>","author_info_v2":{"name":"Ilona H\u00f6rath","url":"https:\/\/digidem-bayern.de\/en\/author\/hoeratia\/"},"comments_num_v2":"0 comments","yoast_head":"<!-- This site is optimized with the Yoast SEO plugin v27.5 - https:\/\/yoast.com\/product\/yoast-seo-wordpress\/ -->\n<title>Tagung: Herausforderungen und Perspektiven der h\u00e4uslichen Pflege - digiDEM Bayern<\/title>\n<meta name=\"description\" content=\"Der Bayerische Landesapothekerkammer unterst\u00fctzt digiDEM Bayern mit Hilfe des Netzwerks &quot;Demenzfreundliche Apotheken&quot;.\" \/>\n<meta name=\"robots\" content=\"index, follow, max-snippet:-1, max-image-preview:large, max-video-preview:-1\" \/>\n<link rel=\"canonical\" href=\"https:\/\/digidem-bayern.de\/en\/tagung-herausforderungen-und-perspektiven-der-haeuslichen-pflege\/\" \/>\n<meta property=\"og:locale\" content=\"en_US\" \/>\n<meta property=\"og:type\" content=\"article\" \/>\n<meta property=\"og:title\" content=\"Tagung: Herausforderungen und Perspektiven der h\u00e4uslichen Pflege - digiDEM Bayern\" \/>\n<meta property=\"og:description\" content=\"Der Bayerische Landesapothekerkammer unterst\u00fctzt digiDEM Bayern mit Hilfe des Netzwerks &quot;Demenzfreundliche Apotheken&quot;.\" \/>\n<meta property=\"og:url\" content=\"https:\/\/digidem-bayern.de\/en\/tagung-herausforderungen-und-perspektiven-der-haeuslichen-pflege\/\" \/>\n<meta property=\"og:site_name\" content=\"digiDEM Bayern\" \/>\n<meta property=\"article:publisher\" content=\"https:\/\/www.facebook.com\/digiDEMBayern\/\" \/>\n<meta property=\"article:published_time\" content=\"2023-11-15T12:44:38+00:00\" \/>\n<meta property=\"article:modified_time\" content=\"2023-12-04T16:00:42+00:00\" \/>\n<meta property=\"og:image\" content=\"https:\/\/digidem-bayern.de\/wp-content\/uploads\/2023\/11\/Tagung-Pendergrass-AdobeStock_264619531_verkleinert-1030x825.jpeg\" \/>\n\t<meta property=\"og:image:width\" content=\"1030\" \/>\n\t<meta property=\"og:image:height\" content=\"825\" \/>\n\t<meta property=\"og:image:type\" content=\"image\/jpeg\" \/>\n<meta name=\"author\" content=\"Ilona H\u00f6rath\" \/>\n<meta name=\"twitter:label1\" content=\"Written by\" \/>\n\t<meta name=\"twitter:data1\" content=\"Ilona H\u00f6rath\" \/>\n\t<meta name=\"twitter:label2\" content=\"Est. reading time\" \/>\n\t<meta name=\"twitter:data2\" content=\"2 minutes\" \/>\n<script type=\"application\/ld+json\" class=\"yoast-schema-graph\">{\"@context\":\"https:\\\/\\\/schema.org\",\"@graph\":[{\"@type\":\"Article\",\"@id\":\"https:\\\/\\\/digidem-bayern.de\\\/tagung-herausforderungen-und-perspektiven-der-haeuslichen-pflege\\\/#article\",\"isPartOf\":{\"@id\":\"https:\\\/\\\/digidem-bayern.de\\\/tagung-herausforderungen-und-perspektiven-der-haeuslichen-pflege\\\/\"},\"author\":{\"name\":\"Ilona H\u00f6rath\",\"@id\":\"\\\/#\\\/schema\\\/person\\\/0bc1494f46fc2a051c761322a80e0941\"},\"headline\":\"Tagung: Herausforderungen und Perspektiven der h\u00e4uslichen Pflege\",\"datePublished\":\"2023-11-15T12:44:38+00:00\",\"dateModified\":\"2023-12-04T16:00:42+00:00\",\"mainEntityOfPage\":{\"@id\":\"https:\\\/\\\/digidem-bayern.de\\\/tagung-herausforderungen-und-perspektiven-der-haeuslichen-pflege\\\/\"},\"wordCount\":570,\"commentCount\":0,\"publisher\":{\"@id\":\"\\\/#organization\"},\"image\":{\"@id\":\"https:\\\/\\\/digidem-bayern.de\\\/tagung-herausforderungen-und-perspektiven-der-haeuslichen-pflege\\\/#primaryimage\"},\"thumbnailUrl\":\"https:\\\/\\\/digidem-bayern.de\\\/wp-content\\\/uploads\\\/2023\\\/11\\\/Tagung-Pendergrass-AdobeStock_264619531_verkleinert.jpeg\",\"keywords\":[\"Alzheimer\",\"Anna Pendergrass\",\"ARD\",\"Bayerischer Rundfunk\",\"Bayerisches Staastministerium f\u00fcr Gesundheit und Pflege\",\"BR\",\"Demand\",\"Demenz\",\"Gesundheitssystem\",\"H\u00e4usliche Pflege\",\"pflegende Angeh\u00f6rige\",\"Tagung\"],\"articleSection\":[\"Wissenschaft &amp; Forschung\"],\"inLanguage\":\"en-US\",\"potentialAction\":[{\"@type\":\"CommentAction\",\"name\":\"Comment\",\"target\":[\"https:\\\/\\\/digidem-bayern.de\\\/tagung-herausforderungen-und-perspektiven-der-haeuslichen-pflege\\\/#respond\"]}]},{\"@type\":\"WebPage\",\"@id\":\"https:\\\/\\\/digidem-bayern.de\\\/tagung-herausforderungen-und-perspektiven-der-haeuslichen-pflege\\\/\",\"url\":\"https:\\\/\\\/digidem-bayern.de\\\/tagung-herausforderungen-und-perspektiven-der-haeuslichen-pflege\\\/\",\"name\":\"Tagung: Herausforderungen und Perspektiven der h\u00e4uslichen Pflege - digiDEM Bayern\",\"isPartOf\":{\"@id\":\"\\\/#website\"},\"primaryImageOfPage\":{\"@id\":\"https:\\\/\\\/digidem-bayern.de\\\/tagung-herausforderungen-und-perspektiven-der-haeuslichen-pflege\\\/#primaryimage\"},\"image\":{\"@id\":\"https:\\\/\\\/digidem-bayern.de\\\/tagung-herausforderungen-und-perspektiven-der-haeuslichen-pflege\\\/#primaryimage\"},\"thumbnailUrl\":\"https:\\\/\\\/digidem-bayern.de\\\/wp-content\\\/uploads\\\/2023\\\/11\\\/Tagung-Pendergrass-AdobeStock_264619531_verkleinert.jpeg\",\"datePublished\":\"2023-11-15T12:44:38+00:00\",\"dateModified\":\"2023-12-04T16:00:42+00:00\",\"description\":\"Der Bayerische Landesapothekerkammer unterst\u00fctzt digiDEM Bayern mit Hilfe des Netzwerks \\\"Demenzfreundliche Apotheken\\\".\",\"breadcrumb\":{\"@id\":\"https:\\\/\\\/digidem-bayern.de\\\/tagung-herausforderungen-und-perspektiven-der-haeuslichen-pflege\\\/#breadcrumb\"},\"inLanguage\":\"en-US\",\"potentialAction\":[{\"@type\":\"ReadAction\",\"target\":[\"https:\\\/\\\/digidem-bayern.de\\\/tagung-herausforderungen-und-perspektiven-der-haeuslichen-pflege\\\/\"]}]},{\"@type\":\"ImageObject\",\"inLanguage\":\"en-US\",\"@id\":\"https:\\\/\\\/digidem-bayern.de\\\/tagung-herausforderungen-und-perspektiven-der-haeuslichen-pflege\\\/#primaryimage\",\"url\":\"https:\\\/\\\/digidem-bayern.de\\\/wp-content\\\/uploads\\\/2023\\\/11\\\/Tagung-Pendergrass-AdobeStock_264619531_verkleinert.jpeg\",\"contentUrl\":\"https:\\\/\\\/digidem-bayern.de\\\/wp-content\\\/uploads\\\/2023\\\/11\\\/Tagung-Pendergrass-AdobeStock_264619531_verkleinert.jpeg\",\"width\":1600,\"height\":1281,\"caption\":\"Foto: AdobeStock\"},{\"@type\":\"BreadcrumbList\",\"@id\":\"https:\\\/\\\/digidem-bayern.de\\\/tagung-herausforderungen-und-perspektiven-der-haeuslichen-pflege\\\/#breadcrumb\",\"itemListElement\":[{\"@type\":\"ListItem\",\"position\":1,\"name\":\"Startseite\",\"item\":\"https:\\\/\\\/digidem-bayern.de\\\/\"},{\"@type\":\"ListItem\",\"position\":2,\"name\":\"Tagung: Herausforderungen und Perspektiven der h\u00e4uslichen Pflege\"}]},{\"@type\":\"WebSite\",\"@id\":\"\\\/#website\",\"url\":\"\\\/\",\"name\":\"digiDEM Bayern\",\"description\":\"Das digitale Demenzregister Bayern erforscht und verbessert die Angebotsstuktur f\u00fcr Menschen mit Demenz und deren Angeh\u00f6rige\",\"publisher\":{\"@id\":\"\\\/#organization\"},\"potentialAction\":[{\"@type\":\"SearchAction\",\"target\":{\"@type\":\"EntryPoint\",\"urlTemplate\":\"\\\/?s={search_term_string}\"},\"query-input\":{\"@type\":\"PropertyValueSpecification\",\"valueRequired\":true,\"valueName\":\"search_term_string\"}}],\"inLanguage\":\"en-US\"},{\"@type\":\"Organization\",\"@id\":\"\\\/#organization\",\"name\":\"digiDEM Bayern\",\"url\":\"\\\/\",\"logo\":{\"@type\":\"ImageObject\",\"inLanguage\":\"en-US\",\"@id\":\"\\\/#\\\/schema\\\/logo\\\/image\\\/\",\"url\":\"https:\\\/\\\/digidem-bayern.de\\\/wp-content\\\/uploads\\\/2022\\\/03\\\/cropped-Allgemeines_digiDEMLOGO-removebg-preview.png\",\"contentUrl\":\"https:\\\/\\\/digidem-bayern.de\\\/wp-content\\\/uploads\\\/2022\\\/03\\\/cropped-Allgemeines_digiDEMLOGO-removebg-preview.png\",\"width\":612,\"height\":357,\"caption\":\"digiDEM Bayern\"},\"image\":{\"@id\":\"\\\/#\\\/schema\\\/logo\\\/image\\\/\"},\"sameAs\":[\"https:\\\/\\\/www.facebook.com\\\/digiDEMBayern\\\/\",\"https:\\\/\\\/x.com\\\/digidem_bayern\",\"https:\\\/\\\/www.instagram.com\\\/digidem.bayern\",\"https:\\\/\\\/www.linkedin.com\\\/company\\\/digidem-bayern\\\/\"]},{\"@type\":\"Person\",\"@id\":\"\\\/#\\\/schema\\\/person\\\/0bc1494f46fc2a051c761322a80e0941\",\"name\":\"Ilona H\u00f6rath\",\"url\":\"https:\\\/\\\/digidem-bayern.de\\\/en\\\/author\\\/hoeratia\\\/\"}]}<\/script>\n<!-- \/ Yoast SEO plugin. -->","yoast_head_json":{"title":"Tagung: Herausforderungen und Perspektiven der h\u00e4uslichen Pflege - digiDEM Bayern","description":"Der Bayerische Landesapothekerkammer unterst\u00fctzt digiDEM Bayern mit Hilfe des Netzwerks \"Demenzfreundliche Apotheken\".","robots":{"index":"index","follow":"follow","max-snippet":"max-snippet:-1","max-image-preview":"max-image-preview:large","max-video-preview":"max-video-preview:-1"},"canonical":"https:\/\/digidem-bayern.de\/en\/tagung-herausforderungen-und-perspektiven-der-haeuslichen-pflege\/","og_locale":"en_US","og_type":"article","og_title":"Tagung: Herausforderungen und Perspektiven der h\u00e4uslichen Pflege - digiDEM Bayern","og_description":"Der Bayerische Landesapothekerkammer unterst\u00fctzt digiDEM Bayern mit Hilfe des Netzwerks \"Demenzfreundliche Apotheken\".","og_url":"https:\/\/digidem-bayern.de\/en\/tagung-herausforderungen-und-perspektiven-der-haeuslichen-pflege\/","og_site_name":"digiDEM Bayern","article_publisher":"https:\/\/www.facebook.com\/digiDEMBayern\/","article_published_time":"2023-11-15T12:44:38+00:00","article_modified_time":"2023-12-04T16:00:42+00:00","og_image":[{"width":1030,"height":825,"url":"https:\/\/digidem-bayern.de\/wp-content\/uploads\/2023\/11\/Tagung-Pendergrass-AdobeStock_264619531_verkleinert-1030x825.jpeg","type":"image\/jpeg"}],"author":"Ilona H\u00f6rath","twitter_misc":{"Written by":"Ilona H\u00f6rath","Est. reading time":"2 minutes"},"schema":{"@context":"https:\/\/schema.org","@graph":[{"@type":"Article","@id":"https:\/\/digidem-bayern.de\/tagung-herausforderungen-und-perspektiven-der-haeuslichen-pflege\/#article","isPartOf":{"@id":"https:\/\/digidem-bayern.de\/tagung-herausforderungen-und-perspektiven-der-haeuslichen-pflege\/"},"author":{"name":"Ilona H\u00f6rath","@id":"\/#\/schema\/person\/0bc1494f46fc2a051c761322a80e0941"},"headline":"Tagung: Herausforderungen und Perspektiven der h\u00e4uslichen Pflege","datePublished":"2023-11-15T12:44:38+00:00","dateModified":"2023-12-04T16:00:42+00:00","mainEntityOfPage":{"@id":"https:\/\/digidem-bayern.de\/tagung-herausforderungen-und-perspektiven-der-haeuslichen-pflege\/"},"wordCount":570,"commentCount":0,"publisher":{"@id":"\/#organization"},"image":{"@id":"https:\/\/digidem-bayern.de\/tagung-herausforderungen-und-perspektiven-der-haeuslichen-pflege\/#primaryimage"},"thumbnailUrl":"https:\/\/digidem-bayern.de\/wp-content\/uploads\/2023\/11\/Tagung-Pendergrass-AdobeStock_264619531_verkleinert.jpeg","keywords":["Alzheimer","Anna Pendergrass","ARD","Bayerischer Rundfunk","Bayerisches Staastministerium f\u00fcr Gesundheit und Pflege","BR","Demand","Demenz","Gesundheitssystem","H\u00e4usliche Pflege","pflegende Angeh\u00f6rige","Tagung"],"articleSection":["Wissenschaft &amp; Forschung"],"inLanguage":"en-US","potentialAction":[{"@type":"CommentAction","name":"Comment","target":["https:\/\/digidem-bayern.de\/tagung-herausforderungen-und-perspektiven-der-haeuslichen-pflege\/#respond"]}]},{"@type":"WebPage","@id":"https:\/\/digidem-bayern.de\/tagung-herausforderungen-und-perspektiven-der-haeuslichen-pflege\/","url":"https:\/\/digidem-bayern.de\/tagung-herausforderungen-und-perspektiven-der-haeuslichen-pflege\/","name":"Tagung: Herausforderungen und Perspektiven der h\u00e4uslichen Pflege - digiDEM Bayern","isPartOf":{"@id":"\/#website"},"primaryImageOfPage":{"@id":"https:\/\/digidem-bayern.de\/tagung-herausforderungen-und-perspektiven-der-haeuslichen-pflege\/#primaryimage"},"image":{"@id":"https:\/\/digidem-bayern.de\/tagung-herausforderungen-und-perspektiven-der-haeuslichen-pflege\/#primaryimage"},"thumbnailUrl":"https:\/\/digidem-bayern.de\/wp-content\/uploads\/2023\/11\/Tagung-Pendergrass-AdobeStock_264619531_verkleinert.jpeg","datePublished":"2023-11-15T12:44:38+00:00","dateModified":"2023-12-04T16:00:42+00:00","description":"Der Bayerische Landesapothekerkammer unterst\u00fctzt digiDEM Bayern mit Hilfe des Netzwerks \"Demenzfreundliche Apotheken\".","breadcrumb":{"@id":"https:\/\/digidem-bayern.de\/tagung-herausforderungen-und-perspektiven-der-haeuslichen-pflege\/#breadcrumb"},"inLanguage":"en-US","potentialAction":[{"@type":"ReadAction","target":["https:\/\/digidem-bayern.de\/tagung-herausforderungen-und-perspektiven-der-haeuslichen-pflege\/"]}]},{"@type":"ImageObject","inLanguage":"en-US","@id":"https:\/\/digidem-bayern.de\/tagung-herausforderungen-und-perspektiven-der-haeuslichen-pflege\/#primaryimage","url":"https:\/\/digidem-bayern.de\/wp-content\/uploads\/2023\/11\/Tagung-Pendergrass-AdobeStock_264619531_verkleinert.jpeg","contentUrl":"https:\/\/digidem-bayern.de\/wp-content\/uploads\/2023\/11\/Tagung-Pendergrass-AdobeStock_264619531_verkleinert.jpeg","width":1600,"height":1281,"caption":"Foto: AdobeStock"},{"@type":"BreadcrumbList","@id":"https:\/\/digidem-bayern.de\/tagung-herausforderungen-und-perspektiven-der-haeuslichen-pflege\/#breadcrumb","itemListElement":[{"@type":"ListItem","position":1,"name":"Startseite","item":"https:\/\/digidem-bayern.de\/"},{"@type":"ListItem","position":2,"name":"Tagung: Herausforderungen und Perspektiven der h\u00e4uslichen Pflege"}]},{"@type":"WebSite","@id":"\/#website","url":"\/","name":"digiDEM Bavaria","description":"The digital dementia register in Bavaria researches and improves the structure of services for people with dementia and their relatives","publisher":{"@id":"\/#organization"},"potentialAction":[{"@type":"SearchAction","target":{"@type":"EntryPoint","urlTemplate":"\/?s={search_term_string}"},"query-input":{"@type":"PropertyValueSpecification","valueRequired":true,"valueName":"search_term_string"}}],"inLanguage":"en-US"},{"@type":"Organization","@id":"\/#organization","name":"digiDEM Bavaria","url":"\/","logo":{"@type":"ImageObject","inLanguage":"en-US","@id":"\/#\/schema\/logo\/image\/","url":"https:\/\/digidem-bayern.de\/wp-content\/uploads\/2022\/03\/cropped-Allgemeines_digiDEMLOGO-removebg-preview.png","contentUrl":"https:\/\/digidem-bayern.de\/wp-content\/uploads\/2022\/03\/cropped-Allgemeines_digiDEMLOGO-removebg-preview.png","width":612,"height":357,"caption":"digiDEM Bayern"},"image":{"@id":"\/#\/schema\/logo\/image\/"},"sameAs":["https:\/\/www.facebook.com\/digiDEMBayern\/","https:\/\/x.com\/digidem_bayern","https:\/\/www.instagram.com\/digidem.bayern","https:\/\/www.linkedin.com\/company\/digidem-bayern\/"]},{"@type":"Person","@id":"\/#\/schema\/person\/0bc1494f46fc2a051c761322a80e0941","name":"Ilona H\u00f6rath","url":"https:\/\/digidem-bayern.de\/en\/author\/hoeratia\/"}]}},"uagb_featured_image_src":{"full":["https:\/\/digidem-bayern.de\/wp-content\/uploads\/2023\/11\/Tagung-Pendergrass-AdobeStock_264619531_verkleinert.jpeg",1600,1281,false],"thumbnail":["https:\/\/digidem-bayern.de\/wp-content\/uploads\/2023\/11\/Tagung-Pendergrass-AdobeStock_264619531_verkleinert-80x80.jpeg",80,80,true],"medium":["https:\/\/digidem-bayern.de\/wp-content\/uploads\/2023\/11\/Tagung-Pendergrass-AdobeStock_264619531_verkleinert-300x240.jpeg",300,240,true],"medium_large":["https:\/\/digidem-bayern.de\/wp-content\/uploads\/2023\/11\/Tagung-Pendergrass-AdobeStock_264619531_verkleinert-768x615.jpeg",768,615,true],"large":["https:\/\/digidem-bayern.de\/wp-content\/uploads\/2023\/11\/Tagung-Pendergrass-AdobeStock_264619531_verkleinert-1030x825.jpeg",1030,825,true],"1536x1536":["https:\/\/digidem-bayern.de\/wp-content\/uploads\/2023\/11\/Tagung-Pendergrass-AdobeStock_264619531_verkleinert-1536x1230.jpeg",1536,1230,true],"2048x2048":["https:\/\/digidem-bayern.de\/wp-content\/uploads\/2023\/11\/Tagung-Pendergrass-AdobeStock_264619531_verkleinert-2048x1640.jpeg",2048,1640,true],"trp-custom-language-flag":["https:\/\/digidem-bayern.de\/wp-content\/uploads\/2023\/11\/Tagung-Pendergrass-AdobeStock_264619531_verkleinert.jpeg",15,12,false],"qubely_landscape":["https:\/\/digidem-bayern.de\/wp-content\/uploads\/2023\/11\/Tagung-Pendergrass-AdobeStock_264619531_verkleinert-1200x750.jpeg",1200,750,true],"qubely_portrait":["https:\/\/digidem-bayern.de\/wp-content\/uploads\/2023\/11\/Tagung-Pendergrass-AdobeStock_264619531_verkleinert-540x320.jpeg",540,320,true],"qubely_thumbnail":["https:\/\/digidem-bayern.de\/wp-content\/uploads\/2023\/11\/Tagung-Pendergrass-AdobeStock_264619531_verkleinert-140x100.jpeg",140,100,true],"post-thumbnail":["https:\/\/digidem-bayern.de\/wp-content\/uploads\/2023\/11\/Tagung-Pendergrass-AdobeStock_264619531_verkleinert-437x350.jpeg",437,350,true],"kahuna-featured":["https:\/\/digidem-bayern.de\/wp-content\/uploads\/2023\/11\/Tagung-Pendergrass-AdobeStock_264619531_verkleinert-734x350.jpeg",734,350,true],"kahuna-featured-lp":["https:\/\/digidem-bayern.de\/wp-content\/uploads\/2023\/11\/Tagung-Pendergrass-AdobeStock_264619531_verkleinert-520x350.jpeg",520,350,true],"kahuna-featured-half":["https:\/\/digidem-bayern.de\/wp-content\/uploads\/2023\/11\/Tagung-Pendergrass-AdobeStock_264619531_verkleinert-800x350.jpeg",800,350,true],"kahuna-featured-third":["https:\/\/digidem-bayern.de\/wp-content\/uploads\/2023\/11\/Tagung-Pendergrass-AdobeStock_264619531_verkleinert-512x350.jpeg",512,350,true],"kahuna-lpbox-1":["https:\/\/digidem-bayern.de\/wp-content\/uploads\/2023\/11\/Tagung-Pendergrass-AdobeStock_264619531_verkleinert-520x300.jpeg",520,300,true],"kahuna-lpbox-2":["https:\/\/digidem-bayern.de\/wp-content\/uploads\/2023\/11\/Tagung-Pendergrass-AdobeStock_264619531_verkleinert-520x350.jpeg",520,350,true],"demand-language-flag":["https:\/\/digidem-bayern.de\/wp-content\/uploads\/2023\/11\/Tagung-Pendergrass-AdobeStock_264619531_verkleinert-36x36.jpeg",36,36,true],"dddkt-language-flag":["https:\/\/digidem-bayern.de\/wp-content\/uploads\/2023\/11\/Tagung-Pendergrass-AdobeStock_264619531_verkleinert-36x36.jpeg",36,36,true],"ddiqc-language-flag":["https:\/\/digidem-bayern.de\/wp-content\/uploads\/2023\/11\/Tagung-Pendergrass-AdobeStock_264619531_verkleinert-36x36.jpeg",36,36,true],"ddtl-language-flag":["https:\/\/digidem-bayern.de\/wp-content\/uploads\/2023\/11\/Tagung-Pendergrass-AdobeStock_264619531_verkleinert-36x36.jpeg",36,36,true],"mailpoet_newsletter_max":["https:\/\/digidem-bayern.de\/wp-content\/uploads\/2023\/11\/Tagung-Pendergrass-AdobeStock_264619531_verkleinert-1320x1057.jpeg",1320,1057,true],"kahuna-lpbox-3":["https:\/\/digidem-bayern.de\/wp-content\/uploads\/2023\/11\/Tagung-Pendergrass-AdobeStock_264619531_verkleinert-520x350.jpeg",520,350,true],"kahuna-featured-square":["https:\/\/digidem-bayern.de\/wp-content\/uploads\/2023\/11\/Tagung-Pendergrass-AdobeStock_264619531_verkleinert-512x512.jpeg",512,512,true],"kahuna-featured-square-large":["https:\/\/digidem-bayern.de\/wp-content\/uploads\/2023\/11\/Tagung-Pendergrass-AdobeStock_264619531_verkleinert-1024x1024.jpeg",1024,1024,true]},"uagb_author_info":{"display_name":"Ilona H\u00f6rath","author_link":"https:\/\/digidem-bayern.de\/en\/author\/hoeratia\/"},"uagb_comment_info":0,"uagb_excerpt":"Direkt vor Ort oder \u00fcber einen Livestream zuh\u00f6ren: Expertinnen und Experten aus ganz Deutschland beleuchten am Donnerstag, 23. November 2023, im Rahmen des \u00f6ffentlichen Teils der Tagung \u201eH\u00e4usliche Pflege \u2013 Herausforderungen, Konsequenzen und Perspektiven\u201c zahlreiche Fragen zu diesem Thema. Die Tagung richtet sich an pflegende An- und Zugeh\u00f6rige, Betroffene, Fachleute &hellip;","_links":{"self":[{"href":"https:\/\/digidem-bayern.de\/en\/wp-json\/wp\/v2\/posts\/31683","targetHints":{"allow":["GET"]}}],"collection":[{"href":"https:\/\/digidem-bayern.de\/en\/wp-json\/wp\/v2\/posts"}],"about":[{"href":"https:\/\/digidem-bayern.de\/en\/wp-json\/wp\/v2\/types\/post"}],"author":[{"embeddable":true,"href":"https:\/\/digidem-bayern.de\/en\/wp-json\/wp\/v2\/users\/12"}],"replies":[{"embeddable":true,"href":"https:\/\/digidem-bayern.de\/en\/wp-json\/wp\/v2\/comments?post=31683"}],"version-history":[{"count":4,"href":"https:\/\/digidem-bayern.de\/en\/wp-json\/wp\/v2\/posts\/31683\/revisions"}],"predecessor-version":[{"id":31688,"href":"https:\/\/digidem-bayern.de\/en\/wp-json\/wp\/v2\/posts\/31683\/revisions\/31688"}],"wp:featuredmedia":[{"embeddable":true,"href":"https:\/\/digidem-bayern.de\/en\/wp-json\/wp\/v2\/media\/31682"}],"wp:attachment":[{"href":"https:\/\/digidem-bayern.de\/en\/wp-json\/wp\/v2\/media?parent=31683"}],"wp:term":[{"taxonomy":"category","embeddable":true,"href":"https:\/\/digidem-bayern.de\/en\/wp-json\/wp\/v2\/categories?post=31683"},{"taxonomy":"post_tag","embeddable":true,"href":"https:\/\/digidem-bayern.de\/en\/wp-json\/wp\/v2\/tags?post=31683"}],"curies":[{"name":"wp","href":"https:\/\/api.w.org\/{rel}","templated":true}]}}