{"id":31607,"date":"2023-10-13T08:43:00","date_gmt":"2023-10-13T06:43:00","guid":{"rendered":"https:\/\/digidem-bayern.de\/?p=31607"},"modified":"2023-11-14T10:26:21","modified_gmt":"2023-11-14T09:26:21","slug":"digidem-bayern-auf-dem-dkvf-in-berlin","status":"publish","type":"post","link":"https:\/\/digidem-bayern.de\/en\/digidem-bayern-auf-dem-dkvf-in-berlin\/","title":{"rendered":"digiDEM Bayern auf dem DKVF in Berlin"},"content":{"rendered":"<p><strong>digiDEM Bayern in Berlin: Unter dem Kongressmotto \u201eGesundheitsbezogene Versorgungsforschung &#8211; Motor evidenzbasierter Gesundheitspolitik&#8220; nahm das digiDEM Bayern-Team am 22. Deutschen Kongress f\u00fcr Versorgungsforschung (DKVF) teil. Der Wissenschaftstreff fand vom 04. bis 06. Oktober 2023 statt.<\/strong><\/p>\n\n\n<div class=\"wp-block-image\">\n<figure class=\"alignright size-large is-resized\"><img loading=\"lazy\" decoding=\"async\" width=\"1030\" height=\"773\" src=\"https:\/\/digidem-bayern.de\/wp-content\/uploads\/2023\/11\/12-22023-10-04f-Gruppe-alle-Foto-digiDEM-Bayern-Ilona-Hoerath-1030x773.jpeg\" alt=\"Der Kongress f\u00fcr Versorgungsforschung gilt als wichtiger Treffpunkt f\u00fcr den Austausch insbesondere unter Nachwuchswissenschaftlern.\" class=\"wp-image-31605\" style=\"aspect-ratio:1.332470892626132;width:492px;height:auto\" srcset=\"https:\/\/digidem-bayern.de\/wp-content\/uploads\/2023\/11\/12-22023-10-04f-Gruppe-alle-Foto-digiDEM-Bayern-Ilona-Hoerath-1030x773.jpeg 1030w, https:\/\/digidem-bayern.de\/wp-content\/uploads\/2023\/11\/12-22023-10-04f-Gruppe-alle-Foto-digiDEM-Bayern-Ilona-Hoerath-300x225.jpeg 300w, https:\/\/digidem-bayern.de\/wp-content\/uploads\/2023\/11\/12-22023-10-04f-Gruppe-alle-Foto-digiDEM-Bayern-Ilona-Hoerath-768x576.jpeg 768w, https:\/\/digidem-bayern.de\/wp-content\/uploads\/2023\/11\/12-22023-10-04f-Gruppe-alle-Foto-digiDEM-Bayern-Ilona-Hoerath-1536x1152.jpeg 1536w, https:\/\/digidem-bayern.de\/wp-content\/uploads\/2023\/11\/12-22023-10-04f-Gruppe-alle-Foto-digiDEM-Bayern-Ilona-Hoerath-2048x1536.jpeg 2048w, https:\/\/digidem-bayern.de\/wp-content\/uploads\/2023\/11\/12-22023-10-04f-Gruppe-alle-Foto-digiDEM-Bayern-Ilona-Hoerath-467x350.jpeg 467w, https:\/\/digidem-bayern.de\/wp-content\/uploads\/2023\/11\/12-22023-10-04f-Gruppe-alle-Foto-digiDEM-Bayern-Ilona-Hoerath-1320x990.jpeg 1320w, https:\/\/digidem-bayern.de\/wp-content\/uploads\/2023\/11\/12-22023-10-04f-Gruppe-alle-Foto-digiDEM-Bayern-Ilona-Hoerath.jpeg 1600w\" sizes=\"auto, (max-width: 1030px) 100vw, 1030px\" \/><figcaption class=\"wp-element-caption\">Gut gelaunt zwischen den wissenschaftlichen Vortr\u00e4gen: Das digiDEM Bayern-Team tauschte sich mit zahlreichen Fachkolleg*innen aus. \nFoto: digiDEM Bayern<\/figcaption><\/figure>\n<\/div>\n\n\n<p>Versorgungsforscher*innen befassen sich mit der \u201eletzten Meile\u201c im Gesundheitssystem. Sie erforschen zum Beispiel, ob neue Therapien \u00fcberhaupt genutzt werden und wo genau es Versorgungsl\u00fccken bei Betroffenen und bei pflegenden An- und Zugeh\u00f6rigen gibt.<\/p>\n\n\n\n<p><strong>Wertvoller Beitrag<\/strong><\/p>\n\n\n\n<p>In seinem Gru\u00dfwort sagte Bundesgesundheitsminister Karl Lauterbach: \u201eWenn wir das Gesundheitssystem wirklich verbessern wollen, ist wissenschaftliche Orientierung der beste Weg. Dazu leistet die Versorgungsforschung einen wertvollen Beitrag\u201c. Versorgungsforschung sei auch dann gefragt, wenn Medizin Neuland betritt und noch nicht ausreichend wissenschaftlich nachpr\u00fcfbare Ergebnisse vorliegen, wie dies zum Beispiel bei Nachwirkungen von COVID-19 der Fall ist. Gesundheitsbezogene Versorgungsforschung liefert der Gesundheitspolitik daher evidenzbasierte Fakten.<\/p>\n\n\n\n<p><strong>Pr\u00e4sentieren und vernetzen<\/strong><\/p>\n\n\n\n<p>Der Kongress f\u00fcr Versorgungsforschung gilt als wichtiger Treffpunkt f\u00fcr den Austausch insbesondere unter Nachwuchswissenschaftlern. Gerade f\u00fcr sie ist es eine besondere Ehre, dort ihre neuesten Forschungserkenntnisse zu pr\u00e4sentieren und sich zu vernetzen.<\/p>\n\n\n\n<p>Ein in der Wissenschaft bew\u00e4hrtes Mittel sind dabei sogenannte Postersessions. Zun\u00e4chst referieren Wissenschaftler*innen ihre einzelnen Ergebnisse und stellen diese danach kompakt und \u00fcbersichtlich auf \u00fcbergro\u00dfen Postern, die an Stellw\u00e4nde gepinnt sind, dar. Im Anschluss daran folgt, direkt am Poster, die intensive Diskussion mit den Kongressteilnehmenden.<\/p>\n\n\n\n<p><strong>Mit wissenschaftlicher Leidenschaft<\/strong><\/p>\n\n\n\n<p>Genau dies taten die jungen Wissenschaftler*innen von digiDEM Bayern mit viel wissenschaftlicher Leidenschaft. Als digiDEM Bayern-Referenten berichteten Nikolas Dietzel, Jana R\u00fchl und Michael Zeiler ausf\u00fchrlich \u00fcber ihre Forschung. In zahlreichen Gespr\u00e4chen tauschten sich die digiDEM Bayern-Mitarbeitenden mit Fachkolleg*innen aus ganz Deutschland aus. Zur\u00fcck kehrte das digiDEM Bayern-Team mit vielen Eindr\u00fccken und neuesten Erkenntnissen aus der Demenzforschung.<\/p>\n\n\n<div class=\"wp-block-image\">\n<figure class=\"alignright size-large is-resized\"><img loading=\"lazy\" decoding=\"async\" width=\"1030\" height=\"773\" src=\"https:\/\/digidem-bayern.de\/wp-content\/uploads\/2023\/11\/25-2023-10-04f-Urania-innen-Foto-digiDEM-Bayern-Ilona-Hoerath-1030x773.jpeg\" alt=\"In zahlreichen Gespr\u00e4chen tauschten sie sich mit Fachkolleg*innen aus.\" class=\"wp-image-31606\" style=\"aspect-ratio:1.332470892626132;width:532px;height:auto\" srcset=\"https:\/\/digidem-bayern.de\/wp-content\/uploads\/2023\/11\/25-2023-10-04f-Urania-innen-Foto-digiDEM-Bayern-Ilona-Hoerath-1030x773.jpeg 1030w, https:\/\/digidem-bayern.de\/wp-content\/uploads\/2023\/11\/25-2023-10-04f-Urania-innen-Foto-digiDEM-Bayern-Ilona-Hoerath-300x225.jpeg 300w, https:\/\/digidem-bayern.de\/wp-content\/uploads\/2023\/11\/25-2023-10-04f-Urania-innen-Foto-digiDEM-Bayern-Ilona-Hoerath-768x576.jpeg 768w, https:\/\/digidem-bayern.de\/wp-content\/uploads\/2023\/11\/25-2023-10-04f-Urania-innen-Foto-digiDEM-Bayern-Ilona-Hoerath-1536x1152.jpeg 1536w, https:\/\/digidem-bayern.de\/wp-content\/uploads\/2023\/11\/25-2023-10-04f-Urania-innen-Foto-digiDEM-Bayern-Ilona-Hoerath-2048x1536.jpeg 2048w, https:\/\/digidem-bayern.de\/wp-content\/uploads\/2023\/11\/25-2023-10-04f-Urania-innen-Foto-digiDEM-Bayern-Ilona-Hoerath-467x350.jpeg 467w, https:\/\/digidem-bayern.de\/wp-content\/uploads\/2023\/11\/25-2023-10-04f-Urania-innen-Foto-digiDEM-Bayern-Ilona-Hoerath-1320x990.jpeg 1320w, https:\/\/digidem-bayern.de\/wp-content\/uploads\/2023\/11\/25-2023-10-04f-Urania-innen-Foto-digiDEM-Bayern-Ilona-Hoerath.jpeg 1600w\" sizes=\"auto, (max-width: 1030px) 100vw, 1030px\" \/><figcaption class=\"wp-element-caption\">Blick in das Kongressfoyer. Foto: digiDEM Bayern \/ Ilona H\u00f6rath<\/figcaption><\/figure>\n<\/div>\n\n<div class=\"wp-block-image\">\n<figure class=\"alignleft size-large is-resized\"><img loading=\"lazy\" decoding=\"async\" width=\"1030\" height=\"773\" src=\"https:\/\/digidem-bayern.de\/wp-content\/uploads\/2023\/11\/28-2023-10-04f-Gruppe-Donath-et-al-digiDEM-Bayern-Ilona-Hoerath-1030x773.jpeg\" alt=\"In zahlreichen Gespr\u00e4chen tauschten sich die digiDEM Bayern-Wissenschaftler*innen mit Fachkolleg*innen aus ganz Deutschland aus.\" class=\"wp-image-31646\" style=\"aspect-ratio:1.332470892626132;width:522px;height:auto\" srcset=\"https:\/\/digidem-bayern.de\/wp-content\/uploads\/2023\/11\/28-2023-10-04f-Gruppe-Donath-et-al-digiDEM-Bayern-Ilona-Hoerath-1030x773.jpeg 1030w, https:\/\/digidem-bayern.de\/wp-content\/uploads\/2023\/11\/28-2023-10-04f-Gruppe-Donath-et-al-digiDEM-Bayern-Ilona-Hoerath-300x225.jpeg 300w, https:\/\/digidem-bayern.de\/wp-content\/uploads\/2023\/11\/28-2023-10-04f-Gruppe-Donath-et-al-digiDEM-Bayern-Ilona-Hoerath-768x576.jpeg 768w, https:\/\/digidem-bayern.de\/wp-content\/uploads\/2023\/11\/28-2023-10-04f-Gruppe-Donath-et-al-digiDEM-Bayern-Ilona-Hoerath-1536x1152.jpeg 1536w, https:\/\/digidem-bayern.de\/wp-content\/uploads\/2023\/11\/28-2023-10-04f-Gruppe-Donath-et-al-digiDEM-Bayern-Ilona-Hoerath-2048x1536.jpeg 2048w, https:\/\/digidem-bayern.de\/wp-content\/uploads\/2023\/11\/28-2023-10-04f-Gruppe-Donath-et-al-digiDEM-Bayern-Ilona-Hoerath-467x350.jpeg 467w, https:\/\/digidem-bayern.de\/wp-content\/uploads\/2023\/11\/28-2023-10-04f-Gruppe-Donath-et-al-digiDEM-Bayern-Ilona-Hoerath-1320x990.jpeg 1320w, https:\/\/digidem-bayern.de\/wp-content\/uploads\/2023\/11\/28-2023-10-04f-Gruppe-Donath-et-al-digiDEM-Bayern-Ilona-Hoerath.jpeg 1600w\" sizes=\"auto, (max-width: 1030px) 100vw, 1030px\" \/><figcaption class=\"wp-element-caption\"> digiDEM Bayern-Wissenschaftler Nikolas Dietzel (re.) im Austausch mit Dr. Andr\u00e9 Kratzer, Antonia Keck (2. v. li.) und Prof. Carolin Donath vom Bereich Medizinische Psychologie und Medizinische Soziologie des Uniklinikums Erlangen. Foto: digiDEM Bayern \/ Ilona H\u00f6rath<\/figcaption><\/figure>\n<\/div>\n\n\n<p><\/p>\n\n\n\n<p><\/p>\n\n\n\n<p><\/p>\n\n\n\n<p><\/p>\n\n\n\n<p><\/p>","protected":false},"excerpt":{"rendered":"<p>digiDEM Bayern in Berlin: Unter dem Kongressmotto \u201eGesundheitsbezogene Versorgungsforschung &#8211; Motor evidenzbasierter Gesundheitspolitik&#8220; nahm das digiDEM Bayern-Team am 22. Deutschen Kongress f\u00fcr Versorgungsforschung (DKVF) teil. Der Wissenschaftstreff fand vom 04. bis 06. Oktober 2023 statt. Versorgungsforscher*innen befassen sich mit der \u201eletzten Meile\u201c im Gesundheitssystem. Sie erforschen zum Beispiel, ob neue &hellip;<\/p>","protected":false},"author":12,"featured_media":31605,"comment_status":"open","ping_status":"closed","sticky":false,"template":"","format":"standard","meta":{"qubely_global_settings":"","qubely_interactions":"","_uag_custom_page_level_css":"","footnotes":""},"categories":[8],"tags":[13,834,830,821,831,803,12,871,870,869,167],"class_list":["post-31607","post","type-post","status-publish","format-standard","has-post-thumbnail","hentry","category-aktuelles-zu-digidem","tag-alzheimer","tag-ard","tag-bayerischer-rundfunk","tag-bayerisches-staastministerium-fuer-gesundheit-und-pflege","tag-br","tag-demand","tag-demenz-2","tag-forschungerkenntnisse","tag-gesundheitspolitik","tag-karl-lauterbach","tag-versorgungsforschung"],"qubely_featured_image_url":{"full":["https:\/\/digidem-bayern.de\/wp-content\/uploads\/2023\/11\/12-22023-10-04f-Gruppe-alle-Foto-digiDEM-Bayern-Ilona-Hoerath.jpeg",1600,1200,false],"landscape":["https:\/\/digidem-bayern.de\/wp-content\/uploads\/2023\/11\/12-22023-10-04f-Gruppe-alle-Foto-digiDEM-Bayern-Ilona-Hoerath-1200x750.jpeg",1200,750,true],"portraits":["https:\/\/digidem-bayern.de\/wp-content\/uploads\/2023\/11\/12-22023-10-04f-Gruppe-alle-Foto-digiDEM-Bayern-Ilona-Hoerath-540x320.jpeg",540,320,true],"thumbnail":["https:\/\/digidem-bayern.de\/wp-content\/uploads\/2023\/11\/12-22023-10-04f-Gruppe-alle-Foto-digiDEM-Bayern-Ilona-Hoerath-80x80.jpeg",80,80,true],"medium":["https:\/\/digidem-bayern.de\/wp-content\/uploads\/2023\/11\/12-22023-10-04f-Gruppe-alle-Foto-digiDEM-Bayern-Ilona-Hoerath-300x225.jpeg",300,225,true],"medium_large":["https:\/\/digidem-bayern.de\/wp-content\/uploads\/2023\/11\/12-22023-10-04f-Gruppe-alle-Foto-digiDEM-Bayern-Ilona-Hoerath-768x576.jpeg",768,576,true],"large":["https:\/\/digidem-bayern.de\/wp-content\/uploads\/2023\/11\/12-22023-10-04f-Gruppe-alle-Foto-digiDEM-Bayern-Ilona-Hoerath-1030x773.jpeg",1030,773,true],"1536x1536":["https:\/\/digidem-bayern.de\/wp-content\/uploads\/2023\/11\/12-22023-10-04f-Gruppe-alle-Foto-digiDEM-Bayern-Ilona-Hoerath-1536x1152.jpeg",1536,1152,true],"2048x2048":["https:\/\/digidem-bayern.de\/wp-content\/uploads\/2023\/11\/12-22023-10-04f-Gruppe-alle-Foto-digiDEM-Bayern-Ilona-Hoerath-2048x1536.jpeg",2048,1536,true],"trp-custom-language-flag":["https:\/\/digidem-bayern.de\/wp-content\/uploads\/2023\/11\/12-22023-10-04f-Gruppe-alle-Foto-digiDEM-Bayern-Ilona-Hoerath.jpeg",16,12,false],"qubely_landscape":["https:\/\/digidem-bayern.de\/wp-content\/uploads\/2023\/11\/12-22023-10-04f-Gruppe-alle-Foto-digiDEM-Bayern-Ilona-Hoerath-1200x750.jpeg",1200,750,true],"qubely_portrait":["https:\/\/digidem-bayern.de\/wp-content\/uploads\/2023\/11\/12-22023-10-04f-Gruppe-alle-Foto-digiDEM-Bayern-Ilona-Hoerath-540x320.jpeg",540,320,true],"qubely_thumbnail":["https:\/\/digidem-bayern.de\/wp-content\/uploads\/2023\/11\/12-22023-10-04f-Gruppe-alle-Foto-digiDEM-Bayern-Ilona-Hoerath-140x100.jpeg",140,100,true],"post-thumbnail":["https:\/\/digidem-bayern.de\/wp-content\/uploads\/2023\/11\/12-22023-10-04f-Gruppe-alle-Foto-digiDEM-Bayern-Ilona-Hoerath-467x350.jpeg",467,350,true],"kahuna-featured":["https:\/\/digidem-bayern.de\/wp-content\/uploads\/2023\/11\/12-22023-10-04f-Gruppe-alle-Foto-digiDEM-Bayern-Ilona-Hoerath-734x350.jpeg",734,350,true],"kahuna-featured-lp":["https:\/\/digidem-bayern.de\/wp-content\/uploads\/2023\/11\/12-22023-10-04f-Gruppe-alle-Foto-digiDEM-Bayern-Ilona-Hoerath-520x350.jpeg",520,350,true],"kahuna-featured-half":["https:\/\/digidem-bayern.de\/wp-content\/uploads\/2023\/11\/12-22023-10-04f-Gruppe-alle-Foto-digiDEM-Bayern-Ilona-Hoerath-800x350.jpeg",800,350,true],"kahuna-featured-third":["https:\/\/digidem-bayern.de\/wp-content\/uploads\/2023\/11\/12-22023-10-04f-Gruppe-alle-Foto-digiDEM-Bayern-Ilona-Hoerath-512x350.jpeg",512,350,true],"kahuna-lpbox-1":["https:\/\/digidem-bayern.de\/wp-content\/uploads\/2023\/11\/12-22023-10-04f-Gruppe-alle-Foto-digiDEM-Bayern-Ilona-Hoerath-520x300.jpeg",520,300,true],"kahuna-lpbox-2":["https:\/\/digidem-bayern.de\/wp-content\/uploads\/2023\/11\/12-22023-10-04f-Gruppe-alle-Foto-digiDEM-Bayern-Ilona-Hoerath-520x350.jpeg",520,350,true],"demand-language-flag":["https:\/\/digidem-bayern.de\/wp-content\/uploads\/2023\/11\/12-22023-10-04f-Gruppe-alle-Foto-digiDEM-Bayern-Ilona-Hoerath-36x36.jpeg",36,36,true],"dddkt-language-flag":["https:\/\/digidem-bayern.de\/wp-content\/uploads\/2023\/11\/12-22023-10-04f-Gruppe-alle-Foto-digiDEM-Bayern-Ilona-Hoerath-36x36.jpeg",36,36,true],"ddiqc-language-flag":["https:\/\/digidem-bayern.de\/wp-content\/uploads\/2023\/11\/12-22023-10-04f-Gruppe-alle-Foto-digiDEM-Bayern-Ilona-Hoerath-36x36.jpeg",36,36,true],"ddtl-language-flag":["https:\/\/digidem-bayern.de\/wp-content\/uploads\/2023\/11\/12-22023-10-04f-Gruppe-alle-Foto-digiDEM-Bayern-Ilona-Hoerath-36x36.jpeg",36,36,true],"mailpoet_newsletter_max":["https:\/\/digidem-bayern.de\/wp-content\/uploads\/2023\/11\/12-22023-10-04f-Gruppe-alle-Foto-digiDEM-Bayern-Ilona-Hoerath-1320x990.jpeg",1320,990,true],"kahuna-lpbox-3":["https:\/\/digidem-bayern.de\/wp-content\/uploads\/2023\/11\/12-22023-10-04f-Gruppe-alle-Foto-digiDEM-Bayern-Ilona-Hoerath-520x350.jpeg",520,350,true],"kahuna-featured-square":["https:\/\/digidem-bayern.de\/wp-content\/uploads\/2023\/11\/12-22023-10-04f-Gruppe-alle-Foto-digiDEM-Bayern-Ilona-Hoerath-512x512.jpeg",512,512,true],"kahuna-featured-square-large":["https:\/\/digidem-bayern.de\/wp-content\/uploads\/2023\/11\/12-22023-10-04f-Gruppe-alle-Foto-digiDEM-Bayern-Ilona-Hoerath-1024x1024.jpeg",1024,1024,true]},"qubely_author":{"display_name":"Ilona H\u00f6rath","author_link":"https:\/\/digidem-bayern.de\/en\/author\/hoeratia\/"},"qubely_comment":0,"qubely_category":"<a href=\"https:\/\/digidem-bayern.de\/en\/category\/aktuelles-zu-digidem\/\" rel=\"category tag\">Aktuelles zu digiDEM<\/a>","qubely_excerpt":"digiDEM Bayern in Berlin: Unter dem Kongressmotto \u201eGesundheitsbezogene Versorgungsforschung &#8211; Motor evidenzbasierter Gesundheitspolitik&#8220; nahm das digiDEM Bayern-Team am 22. Deutschen Kongress f\u00fcr Versorgungsforschung (DKVF) teil. Der Wissenschaftstreff fand vom 04. bis 06. Oktober 2023 statt. Versorgungsforscher*innen befassen sich mit der \u201eletzten Meile\u201c im Gesundheitssystem. Sie erforschen zum Beispiel, ob neue &hellip;","featured_image_urls_v2":{"full":["https:\/\/digidem-bayern.de\/wp-content\/uploads\/2023\/11\/12-22023-10-04f-Gruppe-alle-Foto-digiDEM-Bayern-Ilona-Hoerath.jpeg",1600,1200,false],"thumbnail":["https:\/\/digidem-bayern.de\/wp-content\/uploads\/2023\/11\/12-22023-10-04f-Gruppe-alle-Foto-digiDEM-Bayern-Ilona-Hoerath-80x80.jpeg",80,80,true],"medium":["https:\/\/digidem-bayern.de\/wp-content\/uploads\/2023\/11\/12-22023-10-04f-Gruppe-alle-Foto-digiDEM-Bayern-Ilona-Hoerath-300x225.jpeg",300,225,true],"medium_large":["https:\/\/digidem-bayern.de\/wp-content\/uploads\/2023\/11\/12-22023-10-04f-Gruppe-alle-Foto-digiDEM-Bayern-Ilona-Hoerath-768x576.jpeg",768,576,true],"large":["https:\/\/digidem-bayern.de\/wp-content\/uploads\/2023\/11\/12-22023-10-04f-Gruppe-alle-Foto-digiDEM-Bayern-Ilona-Hoerath-1030x773.jpeg",1030,773,true],"1536x1536":["https:\/\/digidem-bayern.de\/wp-content\/uploads\/2023\/11\/12-22023-10-04f-Gruppe-alle-Foto-digiDEM-Bayern-Ilona-Hoerath-1536x1152.jpeg",1536,1152,true],"2048x2048":["https:\/\/digidem-bayern.de\/wp-content\/uploads\/2023\/11\/12-22023-10-04f-Gruppe-alle-Foto-digiDEM-Bayern-Ilona-Hoerath-2048x1536.jpeg",2048,1536,true],"trp-custom-language-flag":["https:\/\/digidem-bayern.de\/wp-content\/uploads\/2023\/11\/12-22023-10-04f-Gruppe-alle-Foto-digiDEM-Bayern-Ilona-Hoerath.jpeg",16,12,false],"qubely_landscape":["https:\/\/digidem-bayern.de\/wp-content\/uploads\/2023\/11\/12-22023-10-04f-Gruppe-alle-Foto-digiDEM-Bayern-Ilona-Hoerath-1200x750.jpeg",1200,750,true],"qubely_portrait":["https:\/\/digidem-bayern.de\/wp-content\/uploads\/2023\/11\/12-22023-10-04f-Gruppe-alle-Foto-digiDEM-Bayern-Ilona-Hoerath-540x320.jpeg",540,320,true],"qubely_thumbnail":["https:\/\/digidem-bayern.de\/wp-content\/uploads\/2023\/11\/12-22023-10-04f-Gruppe-alle-Foto-digiDEM-Bayern-Ilona-Hoerath-140x100.jpeg",140,100,true],"post-thumbnail":["https:\/\/digidem-bayern.de\/wp-content\/uploads\/2023\/11\/12-22023-10-04f-Gruppe-alle-Foto-digiDEM-Bayern-Ilona-Hoerath-467x350.jpeg",467,350,true],"kahuna-featured":["https:\/\/digidem-bayern.de\/wp-content\/uploads\/2023\/11\/12-22023-10-04f-Gruppe-alle-Foto-digiDEM-Bayern-Ilona-Hoerath-734x350.jpeg",734,350,true],"kahuna-featured-lp":["https:\/\/digidem-bayern.de\/wp-content\/uploads\/2023\/11\/12-22023-10-04f-Gruppe-alle-Foto-digiDEM-Bayern-Ilona-Hoerath-520x350.jpeg",520,350,true],"kahuna-featured-half":["https:\/\/digidem-bayern.de\/wp-content\/uploads\/2023\/11\/12-22023-10-04f-Gruppe-alle-Foto-digiDEM-Bayern-Ilona-Hoerath-800x350.jpeg",800,350,true],"kahuna-featured-third":["https:\/\/digidem-bayern.de\/wp-content\/uploads\/2023\/11\/12-22023-10-04f-Gruppe-alle-Foto-digiDEM-Bayern-Ilona-Hoerath-512x350.jpeg",512,350,true],"kahuna-lpbox-1":["https:\/\/digidem-bayern.de\/wp-content\/uploads\/2023\/11\/12-22023-10-04f-Gruppe-alle-Foto-digiDEM-Bayern-Ilona-Hoerath-520x300.jpeg",520,300,true],"kahuna-lpbox-2":["https:\/\/digidem-bayern.de\/wp-content\/uploads\/2023\/11\/12-22023-10-04f-Gruppe-alle-Foto-digiDEM-Bayern-Ilona-Hoerath-520x350.jpeg",520,350,true],"demand-language-flag":["https:\/\/digidem-bayern.de\/wp-content\/uploads\/2023\/11\/12-22023-10-04f-Gruppe-alle-Foto-digiDEM-Bayern-Ilona-Hoerath-36x36.jpeg",36,36,true],"dddkt-language-flag":["https:\/\/digidem-bayern.de\/wp-content\/uploads\/2023\/11\/12-22023-10-04f-Gruppe-alle-Foto-digiDEM-Bayern-Ilona-Hoerath-36x36.jpeg",36,36,true],"ddiqc-language-flag":["https:\/\/digidem-bayern.de\/wp-content\/uploads\/2023\/11\/12-22023-10-04f-Gruppe-alle-Foto-digiDEM-Bayern-Ilona-Hoerath-36x36.jpeg",36,36,true],"ddtl-language-flag":["https:\/\/digidem-bayern.de\/wp-content\/uploads\/2023\/11\/12-22023-10-04f-Gruppe-alle-Foto-digiDEM-Bayern-Ilona-Hoerath-36x36.jpeg",36,36,true],"mailpoet_newsletter_max":["https:\/\/digidem-bayern.de\/wp-content\/uploads\/2023\/11\/12-22023-10-04f-Gruppe-alle-Foto-digiDEM-Bayern-Ilona-Hoerath-1320x990.jpeg",1320,990,true],"kahuna-lpbox-3":["https:\/\/digidem-bayern.de\/wp-content\/uploads\/2023\/11\/12-22023-10-04f-Gruppe-alle-Foto-digiDEM-Bayern-Ilona-Hoerath-520x350.jpeg",520,350,true],"kahuna-featured-square":["https:\/\/digidem-bayern.de\/wp-content\/uploads\/2023\/11\/12-22023-10-04f-Gruppe-alle-Foto-digiDEM-Bayern-Ilona-Hoerath-512x512.jpeg",512,512,true],"kahuna-featured-square-large":["https:\/\/digidem-bayern.de\/wp-content\/uploads\/2023\/11\/12-22023-10-04f-Gruppe-alle-Foto-digiDEM-Bayern-Ilona-Hoerath-1024x1024.jpeg",1024,1024,true]},"post_excerpt_stackable_v2":"<p>digiDEM Bayern in Berlin: Unter dem Kongressmotto \u201eGesundheitsbezogene Versorgungsforschung &#8211; Motor evidenzbasierter Gesundheitspolitik&#8220; nahm das digiDEM Bayern-Team am 22. Deutschen Kongress f\u00fcr Versorgungsforschung (DKVF) teil. Der Wissenschaftstreff fand vom 04. bis 06. Oktober 2023 statt. Gut gelaunt zwischen den wissenschaftlichen Vortr\u00e4gen: Das digiDEM Bayern-Team tauschte sich mit zahlreichen Fachkolleg*innen aus. Foto: digiDEM Bayern Versorgungsforscher*innen befassen sich mit der \u201eletzten Meile\u201c im Gesundheitssystem. Sie erforschen zum Beispiel, ob neue Therapien \u00fcberhaupt genutzt werden und wo genau es Versorgungsl\u00fccken bei Betroffenen und bei pflegenden An- und Zugeh\u00f6rigen gibt. Wertvoller Beitrag In seinem Gru\u00dfwort sagte Bundesgesundheitsminister Karl Lauterbach: \u201eWenn wir das Gesundheitssystem wirklich&hellip;<\/p>\n","category_list_v2":"<a href=\"https:\/\/digidem-bayern.de\/en\/category\/aktuelles-zu-digidem\/\" rel=\"category tag\">Aktuelles zu digiDEM<\/a>","author_info_v2":{"name":"Ilona H\u00f6rath","url":"https:\/\/digidem-bayern.de\/en\/author\/hoeratia\/"},"comments_num_v2":"0 comments","yoast_head":"<!-- This site is optimized with the Yoast SEO plugin v27.5 - https:\/\/yoast.com\/product\/yoast-seo-wordpress\/ -->\n<title>digiDEM Bayern auf dem DKVF in Berlin - digiDEM Bayern<\/title>\n<meta name=\"description\" content=\"Der Bayerische Landesapothekerkammer unterst\u00fctzt digiDEM Bayern mit Hilfe des Netzwerks &quot;Demenzfreundliche Apotheken&quot;.\" \/>\n<meta name=\"robots\" content=\"index, follow, max-snippet:-1, max-image-preview:large, max-video-preview:-1\" \/>\n<link rel=\"canonical\" href=\"https:\/\/digidem-bayern.de\/en\/digidem-bayern-auf-dem-dkvf-in-berlin\/\" \/>\n<meta property=\"og:locale\" content=\"en_US\" \/>\n<meta property=\"og:type\" content=\"article\" \/>\n<meta property=\"og:title\" content=\"digiDEM Bayern auf dem DKVF in Berlin - digiDEM Bayern\" \/>\n<meta property=\"og:description\" content=\"Der Bayerische Landesapothekerkammer unterst\u00fctzt digiDEM Bayern mit Hilfe des Netzwerks &quot;Demenzfreundliche Apotheken&quot;.\" \/>\n<meta property=\"og:url\" content=\"https:\/\/digidem-bayern.de\/en\/digidem-bayern-auf-dem-dkvf-in-berlin\/\" \/>\n<meta property=\"og:site_name\" content=\"digiDEM Bayern\" \/>\n<meta property=\"article:publisher\" content=\"https:\/\/www.facebook.com\/digiDEMBayern\/\" \/>\n<meta property=\"article:published_time\" content=\"2023-10-13T06:43:00+00:00\" \/>\n<meta property=\"article:modified_time\" content=\"2023-11-14T09:26:21+00:00\" \/>\n<meta property=\"og:image\" content=\"https:\/\/digidem-bayern.de\/wp-content\/uploads\/2023\/11\/12-22023-10-04f-Gruppe-alle-Foto-digiDEM-Bayern-Ilona-Hoerath-1030x773.jpeg\" \/>\n\t<meta property=\"og:image:width\" content=\"1030\" \/>\n\t<meta property=\"og:image:height\" content=\"773\" \/>\n\t<meta property=\"og:image:type\" content=\"image\/jpeg\" \/>\n<meta name=\"author\" content=\"Ilona H\u00f6rath\" \/>\n<meta name=\"twitter:label1\" content=\"Written by\" \/>\n\t<meta name=\"twitter:data1\" content=\"Ilona H\u00f6rath\" \/>\n\t<meta name=\"twitter:label2\" content=\"Est. reading time\" \/>\n\t<meta name=\"twitter:data2\" content=\"2 minutes\" \/>\n<script type=\"application\/ld+json\" class=\"yoast-schema-graph\">{\"@context\":\"https:\\\/\\\/schema.org\",\"@graph\":[{\"@type\":\"Article\",\"@id\":\"https:\\\/\\\/digidem-bayern.de\\\/digidem-bayern-auf-dem-dkvf-in-berlin\\\/#article\",\"isPartOf\":{\"@id\":\"https:\\\/\\\/digidem-bayern.de\\\/digidem-bayern-auf-dem-dkvf-in-berlin\\\/\"},\"author\":{\"name\":\"Ilona H\u00f6rath\",\"@id\":\"\\\/#\\\/schema\\\/person\\\/0bc1494f46fc2a051c761322a80e0941\"},\"headline\":\"digiDEM Bayern auf dem DKVF in Berlin\",\"datePublished\":\"2023-10-13T06:43:00+00:00\",\"dateModified\":\"2023-11-14T09:26:21+00:00\",\"mainEntityOfPage\":{\"@id\":\"https:\\\/\\\/digidem-bayern.de\\\/digidem-bayern-auf-dem-dkvf-in-berlin\\\/\"},\"wordCount\":363,\"commentCount\":0,\"publisher\":{\"@id\":\"\\\/#organization\"},\"image\":{\"@id\":\"https:\\\/\\\/digidem-bayern.de\\\/digidem-bayern-auf-dem-dkvf-in-berlin\\\/#primaryimage\"},\"thumbnailUrl\":\"https:\\\/\\\/digidem-bayern.de\\\/wp-content\\\/uploads\\\/2023\\\/11\\\/12-22023-10-04f-Gruppe-alle-Foto-digiDEM-Bayern-Ilona-Hoerath.jpeg\",\"keywords\":[\"Alzheimer\",\"ARD\",\"Bayerischer Rundfunk\",\"Bayerisches Staastministerium f\u00fcr Gesundheit und Pflege\",\"BR\",\"Demand\",\"Demenz\",\"Forschungerkenntnisse\",\"Gesundheitspolitik\",\"Karl Lauterbach\",\"Versorgungsforschung\"],\"articleSection\":[\"Aktuelles zu digiDEM\"],\"inLanguage\":\"en-US\",\"potentialAction\":[{\"@type\":\"CommentAction\",\"name\":\"Comment\",\"target\":[\"https:\\\/\\\/digidem-bayern.de\\\/digidem-bayern-auf-dem-dkvf-in-berlin\\\/#respond\"]}]},{\"@type\":\"WebPage\",\"@id\":\"https:\\\/\\\/digidem-bayern.de\\\/digidem-bayern-auf-dem-dkvf-in-berlin\\\/\",\"url\":\"https:\\\/\\\/digidem-bayern.de\\\/digidem-bayern-auf-dem-dkvf-in-berlin\\\/\",\"name\":\"digiDEM Bayern auf dem DKVF in Berlin - digiDEM Bayern\",\"isPartOf\":{\"@id\":\"\\\/#website\"},\"primaryImageOfPage\":{\"@id\":\"https:\\\/\\\/digidem-bayern.de\\\/digidem-bayern-auf-dem-dkvf-in-berlin\\\/#primaryimage\"},\"image\":{\"@id\":\"https:\\\/\\\/digidem-bayern.de\\\/digidem-bayern-auf-dem-dkvf-in-berlin\\\/#primaryimage\"},\"thumbnailUrl\":\"https:\\\/\\\/digidem-bayern.de\\\/wp-content\\\/uploads\\\/2023\\\/11\\\/12-22023-10-04f-Gruppe-alle-Foto-digiDEM-Bayern-Ilona-Hoerath.jpeg\",\"datePublished\":\"2023-10-13T06:43:00+00:00\",\"dateModified\":\"2023-11-14T09:26:21+00:00\",\"description\":\"Der Bayerische Landesapothekerkammer unterst\u00fctzt digiDEM Bayern mit Hilfe des Netzwerks \\\"Demenzfreundliche Apotheken\\\".\",\"breadcrumb\":{\"@id\":\"https:\\\/\\\/digidem-bayern.de\\\/digidem-bayern-auf-dem-dkvf-in-berlin\\\/#breadcrumb\"},\"inLanguage\":\"en-US\",\"potentialAction\":[{\"@type\":\"ReadAction\",\"target\":[\"https:\\\/\\\/digidem-bayern.de\\\/digidem-bayern-auf-dem-dkvf-in-berlin\\\/\"]}]},{\"@type\":\"ImageObject\",\"inLanguage\":\"en-US\",\"@id\":\"https:\\\/\\\/digidem-bayern.de\\\/digidem-bayern-auf-dem-dkvf-in-berlin\\\/#primaryimage\",\"url\":\"https:\\\/\\\/digidem-bayern.de\\\/wp-content\\\/uploads\\\/2023\\\/11\\\/12-22023-10-04f-Gruppe-alle-Foto-digiDEM-Bayern-Ilona-Hoerath.jpeg\",\"contentUrl\":\"https:\\\/\\\/digidem-bayern.de\\\/wp-content\\\/uploads\\\/2023\\\/11\\\/12-22023-10-04f-Gruppe-alle-Foto-digiDEM-Bayern-Ilona-Hoerath.jpeg\",\"width\":1600,\"height\":1200,\"caption\":\"Gut gelaunt zwischen den wissenschaftlichen Vortr\u00e4gen: Das digiDEM Bayern-Team tauschte sich mit zahlreichen Fachkolleg*innen aus. Foto: digiDEM Bayern\"},{\"@type\":\"BreadcrumbList\",\"@id\":\"https:\\\/\\\/digidem-bayern.de\\\/digidem-bayern-auf-dem-dkvf-in-berlin\\\/#breadcrumb\",\"itemListElement\":[{\"@type\":\"ListItem\",\"position\":1,\"name\":\"Startseite\",\"item\":\"https:\\\/\\\/digidem-bayern.de\\\/\"},{\"@type\":\"ListItem\",\"position\":2,\"name\":\"digiDEM Bayern auf dem DKVF in Berlin\"}]},{\"@type\":\"WebSite\",\"@id\":\"\\\/#website\",\"url\":\"\\\/\",\"name\":\"digiDEM Bayern\",\"description\":\"Das digitale Demenzregister Bayern erforscht und verbessert die Angebotsstuktur f\u00fcr Menschen mit Demenz und deren Angeh\u00f6rige\",\"publisher\":{\"@id\":\"\\\/#organization\"},\"potentialAction\":[{\"@type\":\"SearchAction\",\"target\":{\"@type\":\"EntryPoint\",\"urlTemplate\":\"\\\/?s={search_term_string}\"},\"query-input\":{\"@type\":\"PropertyValueSpecification\",\"valueRequired\":true,\"valueName\":\"search_term_string\"}}],\"inLanguage\":\"en-US\"},{\"@type\":\"Organization\",\"@id\":\"\\\/#organization\",\"name\":\"digiDEM Bayern\",\"url\":\"\\\/\",\"logo\":{\"@type\":\"ImageObject\",\"inLanguage\":\"en-US\",\"@id\":\"\\\/#\\\/schema\\\/logo\\\/image\\\/\",\"url\":\"https:\\\/\\\/digidem-bayern.de\\\/wp-content\\\/uploads\\\/2022\\\/03\\\/cropped-Allgemeines_digiDEMLOGO-removebg-preview.png\",\"contentUrl\":\"https:\\\/\\\/digidem-bayern.de\\\/wp-content\\\/uploads\\\/2022\\\/03\\\/cropped-Allgemeines_digiDEMLOGO-removebg-preview.png\",\"width\":612,\"height\":357,\"caption\":\"digiDEM Bayern\"},\"image\":{\"@id\":\"\\\/#\\\/schema\\\/logo\\\/image\\\/\"},\"sameAs\":[\"https:\\\/\\\/www.facebook.com\\\/digiDEMBayern\\\/\",\"https:\\\/\\\/x.com\\\/digidem_bayern\",\"https:\\\/\\\/www.instagram.com\\\/digidem.bayern\",\"https:\\\/\\\/www.linkedin.com\\\/company\\\/digidem-bayern\\\/\"]},{\"@type\":\"Person\",\"@id\":\"\\\/#\\\/schema\\\/person\\\/0bc1494f46fc2a051c761322a80e0941\",\"name\":\"Ilona H\u00f6rath\",\"url\":\"https:\\\/\\\/digidem-bayern.de\\\/en\\\/author\\\/hoeratia\\\/\"}]}<\/script>\n<!-- \/ Yoast SEO plugin. -->","yoast_head_json":{"title":"digiDEM Bayern auf dem DKVF in Berlin - digiDEM Bayern","description":"Der Bayerische Landesapothekerkammer unterst\u00fctzt digiDEM Bayern mit Hilfe des Netzwerks \"Demenzfreundliche Apotheken\".","robots":{"index":"index","follow":"follow","max-snippet":"max-snippet:-1","max-image-preview":"max-image-preview:large","max-video-preview":"max-video-preview:-1"},"canonical":"https:\/\/digidem-bayern.de\/en\/digidem-bayern-auf-dem-dkvf-in-berlin\/","og_locale":"en_US","og_type":"article","og_title":"digiDEM Bayern auf dem DKVF in Berlin - digiDEM Bayern","og_description":"Der Bayerische Landesapothekerkammer unterst\u00fctzt digiDEM Bayern mit Hilfe des Netzwerks \"Demenzfreundliche Apotheken\".","og_url":"https:\/\/digidem-bayern.de\/en\/digidem-bayern-auf-dem-dkvf-in-berlin\/","og_site_name":"digiDEM Bayern","article_publisher":"https:\/\/www.facebook.com\/digiDEMBayern\/","article_published_time":"2023-10-13T06:43:00+00:00","article_modified_time":"2023-11-14T09:26:21+00:00","og_image":[{"width":1030,"height":773,"url":"https:\/\/digidem-bayern.de\/wp-content\/uploads\/2023\/11\/12-22023-10-04f-Gruppe-alle-Foto-digiDEM-Bayern-Ilona-Hoerath-1030x773.jpeg","type":"image\/jpeg"}],"author":"Ilona H\u00f6rath","twitter_misc":{"Written by":"Ilona H\u00f6rath","Est. reading time":"2 minutes"},"schema":{"@context":"https:\/\/schema.org","@graph":[{"@type":"Article","@id":"https:\/\/digidem-bayern.de\/digidem-bayern-auf-dem-dkvf-in-berlin\/#article","isPartOf":{"@id":"https:\/\/digidem-bayern.de\/digidem-bayern-auf-dem-dkvf-in-berlin\/"},"author":{"name":"Ilona H\u00f6rath","@id":"\/#\/schema\/person\/0bc1494f46fc2a051c761322a80e0941"},"headline":"digiDEM Bayern auf dem DKVF in Berlin","datePublished":"2023-10-13T06:43:00+00:00","dateModified":"2023-11-14T09:26:21+00:00","mainEntityOfPage":{"@id":"https:\/\/digidem-bayern.de\/digidem-bayern-auf-dem-dkvf-in-berlin\/"},"wordCount":363,"commentCount":0,"publisher":{"@id":"\/#organization"},"image":{"@id":"https:\/\/digidem-bayern.de\/digidem-bayern-auf-dem-dkvf-in-berlin\/#primaryimage"},"thumbnailUrl":"https:\/\/digidem-bayern.de\/wp-content\/uploads\/2023\/11\/12-22023-10-04f-Gruppe-alle-Foto-digiDEM-Bayern-Ilona-Hoerath.jpeg","keywords":["Alzheimer","ARD","Bayerischer Rundfunk","Bayerisches Staastministerium f\u00fcr Gesundheit und Pflege","BR","Demand","Demenz","Forschungerkenntnisse","Gesundheitspolitik","Karl Lauterbach","Versorgungsforschung"],"articleSection":["Aktuelles zu digiDEM"],"inLanguage":"en-US","potentialAction":[{"@type":"CommentAction","name":"Comment","target":["https:\/\/digidem-bayern.de\/digidem-bayern-auf-dem-dkvf-in-berlin\/#respond"]}]},{"@type":"WebPage","@id":"https:\/\/digidem-bayern.de\/digidem-bayern-auf-dem-dkvf-in-berlin\/","url":"https:\/\/digidem-bayern.de\/digidem-bayern-auf-dem-dkvf-in-berlin\/","name":"digiDEM Bayern auf dem DKVF in Berlin - digiDEM Bayern","isPartOf":{"@id":"\/#website"},"primaryImageOfPage":{"@id":"https:\/\/digidem-bayern.de\/digidem-bayern-auf-dem-dkvf-in-berlin\/#primaryimage"},"image":{"@id":"https:\/\/digidem-bayern.de\/digidem-bayern-auf-dem-dkvf-in-berlin\/#primaryimage"},"thumbnailUrl":"https:\/\/digidem-bayern.de\/wp-content\/uploads\/2023\/11\/12-22023-10-04f-Gruppe-alle-Foto-digiDEM-Bayern-Ilona-Hoerath.jpeg","datePublished":"2023-10-13T06:43:00+00:00","dateModified":"2023-11-14T09:26:21+00:00","description":"Der Bayerische Landesapothekerkammer unterst\u00fctzt digiDEM Bayern mit Hilfe des Netzwerks \"Demenzfreundliche Apotheken\".","breadcrumb":{"@id":"https:\/\/digidem-bayern.de\/digidem-bayern-auf-dem-dkvf-in-berlin\/#breadcrumb"},"inLanguage":"en-US","potentialAction":[{"@type":"ReadAction","target":["https:\/\/digidem-bayern.de\/digidem-bayern-auf-dem-dkvf-in-berlin\/"]}]},{"@type":"ImageObject","inLanguage":"en-US","@id":"https:\/\/digidem-bayern.de\/digidem-bayern-auf-dem-dkvf-in-berlin\/#primaryimage","url":"https:\/\/digidem-bayern.de\/wp-content\/uploads\/2023\/11\/12-22023-10-04f-Gruppe-alle-Foto-digiDEM-Bayern-Ilona-Hoerath.jpeg","contentUrl":"https:\/\/digidem-bayern.de\/wp-content\/uploads\/2023\/11\/12-22023-10-04f-Gruppe-alle-Foto-digiDEM-Bayern-Ilona-Hoerath.jpeg","width":1600,"height":1200,"caption":"Gut gelaunt zwischen den wissenschaftlichen Vortr\u00e4gen: Das digiDEM Bayern-Team tauschte sich mit zahlreichen Fachkolleg*innen aus. Foto: digiDEM Bayern"},{"@type":"BreadcrumbList","@id":"https:\/\/digidem-bayern.de\/digidem-bayern-auf-dem-dkvf-in-berlin\/#breadcrumb","itemListElement":[{"@type":"ListItem","position":1,"name":"Startseite","item":"https:\/\/digidem-bayern.de\/"},{"@type":"ListItem","position":2,"name":"digiDEM Bayern auf dem DKVF in Berlin"}]},{"@type":"WebSite","@id":"\/#website","url":"\/","name":"digiDEM Bavaria","description":"The digital dementia register in Bavaria researches and improves the structure of services for people with dementia and their relatives","publisher":{"@id":"\/#organization"},"potentialAction":[{"@type":"SearchAction","target":{"@type":"EntryPoint","urlTemplate":"\/?s={search_term_string}"},"query-input":{"@type":"PropertyValueSpecification","valueRequired":true,"valueName":"search_term_string"}}],"inLanguage":"en-US"},{"@type":"Organization","@id":"\/#organization","name":"digiDEM Bavaria","url":"\/","logo":{"@type":"ImageObject","inLanguage":"en-US","@id":"\/#\/schema\/logo\/image\/","url":"https:\/\/digidem-bayern.de\/wp-content\/uploads\/2022\/03\/cropped-Allgemeines_digiDEMLOGO-removebg-preview.png","contentUrl":"https:\/\/digidem-bayern.de\/wp-content\/uploads\/2022\/03\/cropped-Allgemeines_digiDEMLOGO-removebg-preview.png","width":612,"height":357,"caption":"digiDEM Bayern"},"image":{"@id":"\/#\/schema\/logo\/image\/"},"sameAs":["https:\/\/www.facebook.com\/digiDEMBayern\/","https:\/\/x.com\/digidem_bayern","https:\/\/www.instagram.com\/digidem.bayern","https:\/\/www.linkedin.com\/company\/digidem-bayern\/"]},{"@type":"Person","@id":"\/#\/schema\/person\/0bc1494f46fc2a051c761322a80e0941","name":"Ilona H\u00f6rath","url":"https:\/\/digidem-bayern.de\/en\/author\/hoeratia\/"}]}},"uagb_featured_image_src":{"full":["https:\/\/digidem-bayern.de\/wp-content\/uploads\/2023\/11\/12-22023-10-04f-Gruppe-alle-Foto-digiDEM-Bayern-Ilona-Hoerath.jpeg",1600,1200,false],"thumbnail":["https:\/\/digidem-bayern.de\/wp-content\/uploads\/2023\/11\/12-22023-10-04f-Gruppe-alle-Foto-digiDEM-Bayern-Ilona-Hoerath-80x80.jpeg",80,80,true],"medium":["https:\/\/digidem-bayern.de\/wp-content\/uploads\/2023\/11\/12-22023-10-04f-Gruppe-alle-Foto-digiDEM-Bayern-Ilona-Hoerath-300x225.jpeg",300,225,true],"medium_large":["https:\/\/digidem-bayern.de\/wp-content\/uploads\/2023\/11\/12-22023-10-04f-Gruppe-alle-Foto-digiDEM-Bayern-Ilona-Hoerath-768x576.jpeg",768,576,true],"large":["https:\/\/digidem-bayern.de\/wp-content\/uploads\/2023\/11\/12-22023-10-04f-Gruppe-alle-Foto-digiDEM-Bayern-Ilona-Hoerath-1030x773.jpeg",1030,773,true],"1536x1536":["https:\/\/digidem-bayern.de\/wp-content\/uploads\/2023\/11\/12-22023-10-04f-Gruppe-alle-Foto-digiDEM-Bayern-Ilona-Hoerath-1536x1152.jpeg",1536,1152,true],"2048x2048":["https:\/\/digidem-bayern.de\/wp-content\/uploads\/2023\/11\/12-22023-10-04f-Gruppe-alle-Foto-digiDEM-Bayern-Ilona-Hoerath-2048x1536.jpeg",2048,1536,true],"trp-custom-language-flag":["https:\/\/digidem-bayern.de\/wp-content\/uploads\/2023\/11\/12-22023-10-04f-Gruppe-alle-Foto-digiDEM-Bayern-Ilona-Hoerath.jpeg",16,12,false],"qubely_landscape":["https:\/\/digidem-bayern.de\/wp-content\/uploads\/2023\/11\/12-22023-10-04f-Gruppe-alle-Foto-digiDEM-Bayern-Ilona-Hoerath-1200x750.jpeg",1200,750,true],"qubely_portrait":["https:\/\/digidem-bayern.de\/wp-content\/uploads\/2023\/11\/12-22023-10-04f-Gruppe-alle-Foto-digiDEM-Bayern-Ilona-Hoerath-540x320.jpeg",540,320,true],"qubely_thumbnail":["https:\/\/digidem-bayern.de\/wp-content\/uploads\/2023\/11\/12-22023-10-04f-Gruppe-alle-Foto-digiDEM-Bayern-Ilona-Hoerath-140x100.jpeg",140,100,true],"post-thumbnail":["https:\/\/digidem-bayern.de\/wp-content\/uploads\/2023\/11\/12-22023-10-04f-Gruppe-alle-Foto-digiDEM-Bayern-Ilona-Hoerath-467x350.jpeg",467,350,true],"kahuna-featured":["https:\/\/digidem-bayern.de\/wp-content\/uploads\/2023\/11\/12-22023-10-04f-Gruppe-alle-Foto-digiDEM-Bayern-Ilona-Hoerath-734x350.jpeg",734,350,true],"kahuna-featured-lp":["https:\/\/digidem-bayern.de\/wp-content\/uploads\/2023\/11\/12-22023-10-04f-Gruppe-alle-Foto-digiDEM-Bayern-Ilona-Hoerath-520x350.jpeg",520,350,true],"kahuna-featured-half":["https:\/\/digidem-bayern.de\/wp-content\/uploads\/2023\/11\/12-22023-10-04f-Gruppe-alle-Foto-digiDEM-Bayern-Ilona-Hoerath-800x350.jpeg",800,350,true],"kahuna-featured-third":["https:\/\/digidem-bayern.de\/wp-content\/uploads\/2023\/11\/12-22023-10-04f-Gruppe-alle-Foto-digiDEM-Bayern-Ilona-Hoerath-512x350.jpeg",512,350,true],"kahuna-lpbox-1":["https:\/\/digidem-bayern.de\/wp-content\/uploads\/2023\/11\/12-22023-10-04f-Gruppe-alle-Foto-digiDEM-Bayern-Ilona-Hoerath-520x300.jpeg",520,300,true],"kahuna-lpbox-2":["https:\/\/digidem-bayern.de\/wp-content\/uploads\/2023\/11\/12-22023-10-04f-Gruppe-alle-Foto-digiDEM-Bayern-Ilona-Hoerath-520x350.jpeg",520,350,true],"demand-language-flag":["https:\/\/digidem-bayern.de\/wp-content\/uploads\/2023\/11\/12-22023-10-04f-Gruppe-alle-Foto-digiDEM-Bayern-Ilona-Hoerath-36x36.jpeg",36,36,true],"dddkt-language-flag":["https:\/\/digidem-bayern.de\/wp-content\/uploads\/2023\/11\/12-22023-10-04f-Gruppe-alle-Foto-digiDEM-Bayern-Ilona-Hoerath-36x36.jpeg",36,36,true],"ddiqc-language-flag":["https:\/\/digidem-bayern.de\/wp-content\/uploads\/2023\/11\/12-22023-10-04f-Gruppe-alle-Foto-digiDEM-Bayern-Ilona-Hoerath-36x36.jpeg",36,36,true],"ddtl-language-flag":["https:\/\/digidem-bayern.de\/wp-content\/uploads\/2023\/11\/12-22023-10-04f-Gruppe-alle-Foto-digiDEM-Bayern-Ilona-Hoerath-36x36.jpeg",36,36,true],"mailpoet_newsletter_max":["https:\/\/digidem-bayern.de\/wp-content\/uploads\/2023\/11\/12-22023-10-04f-Gruppe-alle-Foto-digiDEM-Bayern-Ilona-Hoerath-1320x990.jpeg",1320,990,true],"kahuna-lpbox-3":["https:\/\/digidem-bayern.de\/wp-content\/uploads\/2023\/11\/12-22023-10-04f-Gruppe-alle-Foto-digiDEM-Bayern-Ilona-Hoerath-520x350.jpeg",520,350,true],"kahuna-featured-square":["https:\/\/digidem-bayern.de\/wp-content\/uploads\/2023\/11\/12-22023-10-04f-Gruppe-alle-Foto-digiDEM-Bayern-Ilona-Hoerath-512x512.jpeg",512,512,true],"kahuna-featured-square-large":["https:\/\/digidem-bayern.de\/wp-content\/uploads\/2023\/11\/12-22023-10-04f-Gruppe-alle-Foto-digiDEM-Bayern-Ilona-Hoerath-1024x1024.jpeg",1024,1024,true]},"uagb_author_info":{"display_name":"Ilona H\u00f6rath","author_link":"https:\/\/digidem-bayern.de\/en\/author\/hoeratia\/"},"uagb_comment_info":0,"uagb_excerpt":"digiDEM Bayern in Berlin: Unter dem Kongressmotto \u201eGesundheitsbezogene Versorgungsforschung &#8211; Motor evidenzbasierter Gesundheitspolitik&#8220; nahm das digiDEM Bayern-Team am 22. Deutschen Kongress f\u00fcr Versorgungsforschung (DKVF) teil. Der Wissenschaftstreff fand vom 04. bis 06. Oktober 2023 statt. Versorgungsforscher*innen befassen sich mit der \u201eletzten Meile\u201c im Gesundheitssystem. Sie erforschen zum Beispiel, ob neue &hellip;","_links":{"self":[{"href":"https:\/\/digidem-bayern.de\/en\/wp-json\/wp\/v2\/posts\/31607","targetHints":{"allow":["GET"]}}],"collection":[{"href":"https:\/\/digidem-bayern.de\/en\/wp-json\/wp\/v2\/posts"}],"about":[{"href":"https:\/\/digidem-bayern.de\/en\/wp-json\/wp\/v2\/types\/post"}],"author":[{"embeddable":true,"href":"https:\/\/digidem-bayern.de\/en\/wp-json\/wp\/v2\/users\/12"}],"replies":[{"embeddable":true,"href":"https:\/\/digidem-bayern.de\/en\/wp-json\/wp\/v2\/comments?post=31607"}],"version-history":[{"count":6,"href":"https:\/\/digidem-bayern.de\/en\/wp-json\/wp\/v2\/posts\/31607\/revisions"}],"predecessor-version":[{"id":31650,"href":"https:\/\/digidem-bayern.de\/en\/wp-json\/wp\/v2\/posts\/31607\/revisions\/31650"}],"wp:featuredmedia":[{"embeddable":true,"href":"https:\/\/digidem-bayern.de\/en\/wp-json\/wp\/v2\/media\/31605"}],"wp:attachment":[{"href":"https:\/\/digidem-bayern.de\/en\/wp-json\/wp\/v2\/media?parent=31607"}],"wp:term":[{"taxonomy":"category","embeddable":true,"href":"https:\/\/digidem-bayern.de\/en\/wp-json\/wp\/v2\/categories?post=31607"},{"taxonomy":"post_tag","embeddable":true,"href":"https:\/\/digidem-bayern.de\/en\/wp-json\/wp\/v2\/tags?post=31607"}],"curies":[{"name":"wp","href":"https:\/\/api.w.org\/{rel}","templated":true}]}}