{"id":31564,"date":"2023-11-10T13:15:15","date_gmt":"2023-11-10T12:15:15","guid":{"rendered":"https:\/\/digidem-bayern.de\/?p=31564"},"modified":"2023-12-21T06:56:32","modified_gmt":"2023-12-21T05:56:32","slug":"besonderes-jubilaeum-digidem-bayern-feiert-den-55-demenz-screeningtag","status":"publish","type":"post","link":"https:\/\/digidem-bayern.de\/en\/besonderes-jubilaeum-digidem-bayern-feiert-den-55-demenz-screeningtag\/","title":{"rendered":"Besonderes Jubil\u00e4um: digiDEM Bayern feiert den 55. Demenz-Screeningtag"},"content":{"rendered":"<p><strong>Im Sommer 2022 hat das Digitale Demenzregister Bayern (digiDEM Bayern), das der der Friedrich-Alexander-Universit\u00e4t Erlangen-N\u00fcrnberg (FAU) zugeordnet ist, erstmals zu einem kostenlosen Demenz-Screeningtag eingeladen. Jetzt freuen sich die Wissenschaftler*innen \u00fcber ein besonderes Jubil\u00e4um. In W\u00fcrzburg fand nun der bayernweit 55. Demenz-Screeningtag statt. Das Angebot in Form eines wissenschaftlichen Kurztests nahmen mittlerweile 1.032 Menschen in 54 St\u00e4dten und Gemeinden in Anspruch.<\/strong><\/p>\n\n\n<div class=\"wp-block-image\">\n<figure class=\"alignright size-large is-resized\"><img loading=\"lazy\" decoding=\"async\" width=\"1030\" height=\"686\" src=\"https:\/\/digidem-bayern.de\/wp-content\/uploads\/2023\/11\/Grafik-55-Demenz-Screeningtage_digiDEM-Bayern-1030x686.png\" alt=\"digiDEM Bayern steht f\u00fcr erfolgreiches Demenz-Screening in den Regionen Bayerns.\" class=\"wp-image-31562\" style=\"aspect-ratio:1.501457725947522;width:533px;height:auto\" srcset=\"https:\/\/digidem-bayern.de\/wp-content\/uploads\/2023\/11\/Grafik-55-Demenz-Screeningtage_digiDEM-Bayern-1030x686.png 1030w, https:\/\/digidem-bayern.de\/wp-content\/uploads\/2023\/11\/Grafik-55-Demenz-Screeningtage_digiDEM-Bayern-300x200.png 300w, https:\/\/digidem-bayern.de\/wp-content\/uploads\/2023\/11\/Grafik-55-Demenz-Screeningtage_digiDEM-Bayern-768x512.png 768w, https:\/\/digidem-bayern.de\/wp-content\/uploads\/2023\/11\/Grafik-55-Demenz-Screeningtage_digiDEM-Bayern-1536x1024.png 1536w, https:\/\/digidem-bayern.de\/wp-content\/uploads\/2023\/11\/Grafik-55-Demenz-Screeningtage_digiDEM-Bayern-525x350.png 525w, https:\/\/digidem-bayern.de\/wp-content\/uploads\/2023\/11\/Grafik-55-Demenz-Screeningtage_digiDEM-Bayern-1320x880.png 1320w, https:\/\/digidem-bayern.de\/wp-content\/uploads\/2023\/11\/Grafik-55-Demenz-Screeningtage_digiDEM-Bayern.png 1600w\" sizes=\"auto, (max-width: 1030px) 100vw, 1030px\" \/><\/figure>\n<\/div>\n\n\n<p>Ein Bleistift, ein Blatt Papier, eine Uhr \u2013 viel mehr Utensilien sind nicht n\u00f6tig, wenn das Digitale Demenzregister Bayern (digiDEM Bayern) B\u00fcrgerinnen und B\u00fcrger in ganz Bayern dazu einl\u00e4dt, die eigene Ged\u00e4chtnisleistung kostenlos \u00fcberpr\u00fcfen zu lassen. Ob in der Gemeinde Michelau in Oberfranken, im niederbayerischen Landshut, in Hohenpei\u00dfenberg in Oberbayern, im schw\u00e4bischen Memmingen oder in W\u00fcrzburg: In ganz Bayern ist das Interesse an den kostenlosen Demenz-Voruntersuchungen gro\u00df.<\/p>\n\n\n\n<p>\u201eAuf 55 erfolgreich durchgef\u00fchrte Demenz-Screeningtage k\u00f6nnen wir stolz sein\u201c, freut sich Prof. Dr. Peter Kolominsky-Rabas, Neurologe und einer der Projektleiter von digiDEM Bayern. \u201eGerade in l\u00e4ndlichen R\u00e4umen ist der Weg zu medizinischen Einrichtungen, die auf Demenz spezialisiert sind, oft weit. Deshalb ist es uns wichtig, zu den Menschen vor Ort zu kommen und ihnen einen ersten Befund zu erm\u00f6glichen.\u201c<\/p>\n\n\n\n<p><strong>Steckt eine Demenzerkrankung dahinter?<\/strong><\/p>\n\n\n\n<p>\u201eImmer mehr Menschen sind sich ihrer geistigen Leistungsf\u00e4higkeit nicht mehr sicher. Sie m\u00f6chten sich vergewissern, ob zum Beispiel Vergesslichkeit in ihrem Alter normal ist oder ob eine Demenzerkrankung dahintersteckt\u201c, erl\u00e4utert Prof. Dr. Peter Kolominsky-Rabas. \u201eViele Betroffene wissen nicht, dass sie an Demenz erkrankt sind.\u201c<\/p>\n\n\n\n<p>Das erste regionale Demenz-Bev\u00f6lkerungsscreening fand im Sommer 2022 im unterfr\u00e4nkischen Th\u00fcngersheim statt. Seitdem haben insgesamt 1.032 Menschen in 54 bayerischen St\u00e4dten und Gemeindendas kostenlose Angebot genutzt. \u201eBei 34,8 Prozent davon lag ein abkl\u00e4rungsbed\u00fcrftiger Befund vor\u201c, berichtet Prof. Dr. Peter Kolominsky-Rabas. Dies unterstreicht, wie bedeutsam Demenz-Fr\u00fcherkennung ist. Wer eine gesicherte Diagnose hat, kann gezielt Beratungs- und Unterst\u00fctzungsangebote in Anspruch nehmen, die das Leben mit Demenz erleichtern k\u00f6nnen.<\/p>\n\n\n\n<p><strong>Erste Abkl\u00e4rung vor Ort<\/strong><\/p>\n\n\n\n<p>In W\u00fcrzburg, wo am 8. November 2023 der 55. digiDEM Bayern-Demenz-Screeningtag stattfand, war der Zuspruch gro\u00df. Tatkr\u00e4ftig unterst\u00fctzt vom Team um Ursula Weber, der Gesch\u00e4ftsleitung des digiDEM Bayern-Kooperationspartners HALMA e. V. &#8211; Fachstelle f\u00fcr Demenz und Pflege Unterfranken, lie\u00dfen sich viele W\u00fcrzburgerinnen und W\u00fcrzburger von drei digiDEM Bayern-Mitarbeiter*innen und digiDEM Bayern-Forschungspartnerin Brigitte Kriesinger testen. Bei abkl\u00e4rungsbed\u00fcrftigen Befunden empfiehlt Prof. Dr. Peter Kolominsky-Rabas, \u201edringend und zeitnah eine Ged\u00e4chtnisambulanz, Ged\u00e4chtnissprechstunde oder Memory-Klinik aufzusuchen und sich dort sorgf\u00e4ltig testen und untersuchen zu lassen.\u201c Wenn n\u00f6tig kann der Hausarzt bzw. die Haus\u00e4rztin eine \u00dcberweisung ausstellen.<\/p>\n\n\n\n<p><strong>Forschungspartner*innen in ganz Bayern<\/strong><strong><\/strong><\/p>\n\n\n\n<p>Bei den Demenz-Screeningtagen kooperiert digiDEM Bayern mit St\u00e4dten, Gemeinden, Pflegest\u00fctzpunkten oder Fachstellen f\u00fcr pflegende Angeh\u00f6rige. Besonders wichtig ist dem Demenz-Forschungsprojekt das bayernweite Netz aus Forschungspartner*innen und Projektassistenzen, die in allen bayerischen Regierungsbezirken individuelle Demenztests durchf\u00fchren. Zum Einsatz kommt jeweils der sogenannte Montreal Cognitive Assessment-Test (MoCA), ein wissenschaftlich g\u00fcltiges Verfahren zur Erfassung kognitiver F\u00e4higkeiten wie etwa dem Kurzzeitged\u00e4chtnis.<\/p>\n\n\n\n<p><strong>Forschungsprojekt mit Praxisrelevanz<\/strong><\/p>\n\n\n\n<p>Im Rahmen einer Studie befragt digiDEM Bayern bereits seit Januar 2021 Menschen mit kognitiven Einschr\u00e4nkungen sowie ihre pflegenden An- und Zugeh\u00f6rige. Prof. Dr. Peter Kolominsky-Rabas betont: \u201eUnser Ziel ist es, mit Hilfe der gewonnenen Erkenntnisse die Lebensbedingungen der Betroffenen zu verbessern und ihnen digitale Unterst\u00fctzungsangebote bereitzustellen. Auch f\u00fcr Entscheider aus der Politik sind unsere Forschungserkenntnisse bedeutsam.\u201c <\/p>\n\n\n\n<p><strong>Jetzt mitmachen<\/strong><\/p>\n\n\n\n<p>Wer als Mensch mit leichten kognitiven Beeintr\u00e4chtigungen oder einer leichten Demenz am digiDEM Bayern-Forschungsprojekt teilnehmen und zur Demenzforschung beitragen m\u00f6chte, wendet sich an unsere digiDEM Bayern-Forschungspartner*innen in ganz Bayern und in Ihrer N\u00e4he. Sie informieren und beraten gerne. <\/p>\n\n\n\n<p><\/p>\n\n\n\n<p><a href=\"https:\/\/digidem-bayern.de\/en\/digidem-in-ihrer-naehe\/\">Hier finden Sie eine \u00dcbersicht \u00fcber unsere digiDEM Bayern-Forschungspartner*innen.<\/a><\/p>\n\n\n\n<p><\/p>\n\n\n\n<p><\/p>\n\n\n\n<p><\/p>\n\n\n\n<p><\/p>\n\n\n\n<p><\/p>\n\n\n\n<p><\/p>","protected":false},"excerpt":{"rendered":"<p>Im Sommer 2022 hat das Digitale Demenzregister Bayern (digiDEM Bayern), das der der Friedrich-Alexander-Universit\u00e4t Erlangen-N\u00fcrnberg (FAU) zugeordnet ist, erstmals zu einem kostenlosen Demenz-Screeningtag eingeladen. Jetzt freuen sich die Wissenschaftler*innen \u00fcber ein besonderes Jubil\u00e4um. In W\u00fcrzburg fand nun der bayernweit 55. Demenz-Screeningtag statt. Das Angebot in Form eines wissenschaftlichen Kurztests nahmen &hellip;<\/p>","protected":false},"author":12,"featured_media":31562,"comment_status":"open","ping_status":"closed","sticky":false,"template":"","format":"standard","meta":{"qubely_global_settings":"","qubely_interactions":"","_uag_custom_page_level_css":"","footnotes":""},"categories":[8,443],"tags":[13,834,830,821,831,803,12,868,696,17,420,30,502,508],"class_list":["post-31564","post","type-post","status-publish","format-standard","has-post-thumbnail","hentry","category-aktuelles-zu-digidem","category-pressemitteilungen","tag-alzheimer","tag-ard","tag-bayerischer-rundfunk","tag-bayerisches-staastministerium-fuer-gesundheit-und-pflege","tag-br","tag-demand","tag-demenz-2","tag-demenz-frueherkennung","tag-demenz-screeningtag","tag-digidem-bayern","tag-gedaechtnisleistung","tag-kolominsky-rabas","tag-thuengersheim","tag-wuerzburg"],"qubely_featured_image_url":{"full":["https:\/\/digidem-bayern.de\/wp-content\/uploads\/2023\/11\/Grafik-55-Demenz-Screeningtage_digiDEM-Bayern.png",1600,1066,false],"landscape":["https:\/\/digidem-bayern.de\/wp-content\/uploads\/2023\/11\/Grafik-55-Demenz-Screeningtage_digiDEM-Bayern-1200x750.png",1200,750,true],"portraits":["https:\/\/digidem-bayern.de\/wp-content\/uploads\/2023\/11\/Grafik-55-Demenz-Screeningtage_digiDEM-Bayern-540x320.png",540,320,true],"thumbnail":["https:\/\/digidem-bayern.de\/wp-content\/uploads\/2023\/11\/Grafik-55-Demenz-Screeningtage_digiDEM-Bayern-80x80.png",80,80,true],"medium":["https:\/\/digidem-bayern.de\/wp-content\/uploads\/2023\/11\/Grafik-55-Demenz-Screeningtage_digiDEM-Bayern-300x200.png",300,200,true],"medium_large":["https:\/\/digidem-bayern.de\/wp-content\/uploads\/2023\/11\/Grafik-55-Demenz-Screeningtage_digiDEM-Bayern-768x512.png",768,512,true],"large":["https:\/\/digidem-bayern.de\/wp-content\/uploads\/2023\/11\/Grafik-55-Demenz-Screeningtage_digiDEM-Bayern-1030x686.png",1030,686,true],"1536x1536":["https:\/\/digidem-bayern.de\/wp-content\/uploads\/2023\/11\/Grafik-55-Demenz-Screeningtage_digiDEM-Bayern-1536x1024.png",1536,1024,true],"2048x2048":["https:\/\/digidem-bayern.de\/wp-content\/uploads\/2023\/11\/Grafik-55-Demenz-Screeningtage_digiDEM-Bayern.png",1600,1066,false],"trp-custom-language-flag":["https:\/\/digidem-bayern.de\/wp-content\/uploads\/2023\/11\/Grafik-55-Demenz-Screeningtage_digiDEM-Bayern.png",18,12,false],"qubely_landscape":["https:\/\/digidem-bayern.de\/wp-content\/uploads\/2023\/11\/Grafik-55-Demenz-Screeningtage_digiDEM-Bayern-1200x750.png",1200,750,true],"qubely_portrait":["https:\/\/digidem-bayern.de\/wp-content\/uploads\/2023\/11\/Grafik-55-Demenz-Screeningtage_digiDEM-Bayern-540x320.png",540,320,true],"qubely_thumbnail":["https:\/\/digidem-bayern.de\/wp-content\/uploads\/2023\/11\/Grafik-55-Demenz-Screeningtage_digiDEM-Bayern-140x100.png",140,100,true],"post-thumbnail":["https:\/\/digidem-bayern.de\/wp-content\/uploads\/2023\/11\/Grafik-55-Demenz-Screeningtage_digiDEM-Bayern-525x350.png",525,350,true],"kahuna-featured":["https:\/\/digidem-bayern.de\/wp-content\/uploads\/2023\/11\/Grafik-55-Demenz-Screeningtage_digiDEM-Bayern-734x350.png",734,350,true],"kahuna-featured-lp":["https:\/\/digidem-bayern.de\/wp-content\/uploads\/2023\/11\/Grafik-55-Demenz-Screeningtage_digiDEM-Bayern-520x350.png",520,350,true],"kahuna-featured-half":["https:\/\/digidem-bayern.de\/wp-content\/uploads\/2023\/11\/Grafik-55-Demenz-Screeningtage_digiDEM-Bayern-800x350.png",800,350,true],"kahuna-featured-third":["https:\/\/digidem-bayern.de\/wp-content\/uploads\/2023\/11\/Grafik-55-Demenz-Screeningtage_digiDEM-Bayern-512x350.png",512,350,true],"kahuna-lpbox-1":["https:\/\/digidem-bayern.de\/wp-content\/uploads\/2023\/11\/Grafik-55-Demenz-Screeningtage_digiDEM-Bayern-520x300.png",520,300,true],"kahuna-lpbox-2":["https:\/\/digidem-bayern.de\/wp-content\/uploads\/2023\/11\/Grafik-55-Demenz-Screeningtage_digiDEM-Bayern-520x350.png",520,350,true],"demand-language-flag":["https:\/\/digidem-bayern.de\/wp-content\/uploads\/2023\/11\/Grafik-55-Demenz-Screeningtage_digiDEM-Bayern-36x36.png",36,36,true],"dddkt-language-flag":["https:\/\/digidem-bayern.de\/wp-content\/uploads\/2023\/11\/Grafik-55-Demenz-Screeningtage_digiDEM-Bayern-36x36.png",36,36,true],"ddiqc-language-flag":["https:\/\/digidem-bayern.de\/wp-content\/uploads\/2023\/11\/Grafik-55-Demenz-Screeningtage_digiDEM-Bayern-36x36.png",36,36,true],"ddtl-language-flag":["https:\/\/digidem-bayern.de\/wp-content\/uploads\/2023\/11\/Grafik-55-Demenz-Screeningtage_digiDEM-Bayern-36x36.png",36,36,true],"mailpoet_newsletter_max":["https:\/\/digidem-bayern.de\/wp-content\/uploads\/2023\/11\/Grafik-55-Demenz-Screeningtage_digiDEM-Bayern-1320x880.png",1320,880,true],"kahuna-lpbox-3":["https:\/\/digidem-bayern.de\/wp-content\/uploads\/2023\/11\/Grafik-55-Demenz-Screeningtage_digiDEM-Bayern-520x350.png",520,350,true],"kahuna-featured-square":["https:\/\/digidem-bayern.de\/wp-content\/uploads\/2023\/11\/Grafik-55-Demenz-Screeningtage_digiDEM-Bayern-512x512.png",512,512,true],"kahuna-featured-square-large":["https:\/\/digidem-bayern.de\/wp-content\/uploads\/2023\/11\/Grafik-55-Demenz-Screeningtage_digiDEM-Bayern-1024x1024.png",1024,1024,true]},"qubely_author":{"display_name":"Ilona H\u00f6rath","author_link":"https:\/\/digidem-bayern.de\/en\/author\/hoeratia\/"},"qubely_comment":76,"qubely_category":"<a href=\"https:\/\/digidem-bayern.de\/en\/category\/aktuelles-zu-digidem\/\" rel=\"category tag\">Aktuelles zu digiDEM<\/a> <a href=\"https:\/\/digidem-bayern.de\/en\/category\/pressemitteilungen\/\" rel=\"category tag\">Pressemitteilungen<\/a>","qubely_excerpt":"Im Sommer 2022 hat das Digitale Demenzregister Bayern (digiDEM Bayern), das der der Friedrich-Alexander-Universit\u00e4t Erlangen-N\u00fcrnberg (FAU) zugeordnet ist, erstmals zu einem kostenlosen Demenz-Screeningtag eingeladen. Jetzt freuen sich die Wissenschaftler*innen \u00fcber ein besonderes Jubil\u00e4um. In W\u00fcrzburg fand nun der bayernweit 55. Demenz-Screeningtag statt. Das Angebot in Form eines wissenschaftlichen Kurztests nahmen &hellip;","featured_image_urls_v2":{"full":["https:\/\/digidem-bayern.de\/wp-content\/uploads\/2023\/11\/Grafik-55-Demenz-Screeningtage_digiDEM-Bayern.png",1600,1066,false],"thumbnail":["https:\/\/digidem-bayern.de\/wp-content\/uploads\/2023\/11\/Grafik-55-Demenz-Screeningtage_digiDEM-Bayern-80x80.png",80,80,true],"medium":["https:\/\/digidem-bayern.de\/wp-content\/uploads\/2023\/11\/Grafik-55-Demenz-Screeningtage_digiDEM-Bayern-300x200.png",300,200,true],"medium_large":["https:\/\/digidem-bayern.de\/wp-content\/uploads\/2023\/11\/Grafik-55-Demenz-Screeningtage_digiDEM-Bayern-768x512.png",768,512,true],"large":["https:\/\/digidem-bayern.de\/wp-content\/uploads\/2023\/11\/Grafik-55-Demenz-Screeningtage_digiDEM-Bayern-1030x686.png",1030,686,true],"1536x1536":["https:\/\/digidem-bayern.de\/wp-content\/uploads\/2023\/11\/Grafik-55-Demenz-Screeningtage_digiDEM-Bayern-1536x1024.png",1536,1024,true],"2048x2048":["https:\/\/digidem-bayern.de\/wp-content\/uploads\/2023\/11\/Grafik-55-Demenz-Screeningtage_digiDEM-Bayern.png",1600,1066,false],"trp-custom-language-flag":["https:\/\/digidem-bayern.de\/wp-content\/uploads\/2023\/11\/Grafik-55-Demenz-Screeningtage_digiDEM-Bayern.png",18,12,false],"qubely_landscape":["https:\/\/digidem-bayern.de\/wp-content\/uploads\/2023\/11\/Grafik-55-Demenz-Screeningtage_digiDEM-Bayern-1200x750.png",1200,750,true],"qubely_portrait":["https:\/\/digidem-bayern.de\/wp-content\/uploads\/2023\/11\/Grafik-55-Demenz-Screeningtage_digiDEM-Bayern-540x320.png",540,320,true],"qubely_thumbnail":["https:\/\/digidem-bayern.de\/wp-content\/uploads\/2023\/11\/Grafik-55-Demenz-Screeningtage_digiDEM-Bayern-140x100.png",140,100,true],"post-thumbnail":["https:\/\/digidem-bayern.de\/wp-content\/uploads\/2023\/11\/Grafik-55-Demenz-Screeningtage_digiDEM-Bayern-525x350.png",525,350,true],"kahuna-featured":["https:\/\/digidem-bayern.de\/wp-content\/uploads\/2023\/11\/Grafik-55-Demenz-Screeningtage_digiDEM-Bayern-734x350.png",734,350,true],"kahuna-featured-lp":["https:\/\/digidem-bayern.de\/wp-content\/uploads\/2023\/11\/Grafik-55-Demenz-Screeningtage_digiDEM-Bayern-520x350.png",520,350,true],"kahuna-featured-half":["https:\/\/digidem-bayern.de\/wp-content\/uploads\/2023\/11\/Grafik-55-Demenz-Screeningtage_digiDEM-Bayern-800x350.png",800,350,true],"kahuna-featured-third":["https:\/\/digidem-bayern.de\/wp-content\/uploads\/2023\/11\/Grafik-55-Demenz-Screeningtage_digiDEM-Bayern-512x350.png",512,350,true],"kahuna-lpbox-1":["https:\/\/digidem-bayern.de\/wp-content\/uploads\/2023\/11\/Grafik-55-Demenz-Screeningtage_digiDEM-Bayern-520x300.png",520,300,true],"kahuna-lpbox-2":["https:\/\/digidem-bayern.de\/wp-content\/uploads\/2023\/11\/Grafik-55-Demenz-Screeningtage_digiDEM-Bayern-520x350.png",520,350,true],"demand-language-flag":["https:\/\/digidem-bayern.de\/wp-content\/uploads\/2023\/11\/Grafik-55-Demenz-Screeningtage_digiDEM-Bayern-36x36.png",36,36,true],"dddkt-language-flag":["https:\/\/digidem-bayern.de\/wp-content\/uploads\/2023\/11\/Grafik-55-Demenz-Screeningtage_digiDEM-Bayern-36x36.png",36,36,true],"ddiqc-language-flag":["https:\/\/digidem-bayern.de\/wp-content\/uploads\/2023\/11\/Grafik-55-Demenz-Screeningtage_digiDEM-Bayern-36x36.png",36,36,true],"ddtl-language-flag":["https:\/\/digidem-bayern.de\/wp-content\/uploads\/2023\/11\/Grafik-55-Demenz-Screeningtage_digiDEM-Bayern-36x36.png",36,36,true],"mailpoet_newsletter_max":["https:\/\/digidem-bayern.de\/wp-content\/uploads\/2023\/11\/Grafik-55-Demenz-Screeningtage_digiDEM-Bayern-1320x880.png",1320,880,true],"kahuna-lpbox-3":["https:\/\/digidem-bayern.de\/wp-content\/uploads\/2023\/11\/Grafik-55-Demenz-Screeningtage_digiDEM-Bayern-520x350.png",520,350,true],"kahuna-featured-square":["https:\/\/digidem-bayern.de\/wp-content\/uploads\/2023\/11\/Grafik-55-Demenz-Screeningtage_digiDEM-Bayern-512x512.png",512,512,true],"kahuna-featured-square-large":["https:\/\/digidem-bayern.de\/wp-content\/uploads\/2023\/11\/Grafik-55-Demenz-Screeningtage_digiDEM-Bayern-1024x1024.png",1024,1024,true]},"post_excerpt_stackable_v2":"<p>Im Sommer 2022 hat das Digitale Demenzregister Bayern (digiDEM Bayern), das der der Friedrich-Alexander-Universit\u00e4t Erlangen-N\u00fcrnberg (FAU) zugeordnet ist, erstmals zu einem kostenlosen Demenz-Screeningtag eingeladen. Jetzt freuen sich die Wissenschaftler*innen \u00fcber ein besonderes Jubil\u00e4um. In W\u00fcrzburg fand nun der bayernweit 55. Demenz-Screeningtag statt. Das Angebot in Form eines wissenschaftlichen Kurztests nahmen mittlerweile 1.032 Menschen in 54 St\u00e4dten und Gemeinden in Anspruch. Ein Bleistift, ein Blatt Papier, eine Uhr \u2013 viel mehr Utensilien sind nicht n\u00f6tig, wenn das Digitale Demenzregister Bayern (digiDEM Bayern) B\u00fcrgerinnen und B\u00fcrger in ganz Bayern dazu einl\u00e4dt, die eigene Ged\u00e4chtnisleistung kostenlos \u00fcberpr\u00fcfen zu lassen. Ob in der Gemeinde&hellip;<\/p>\n","category_list_v2":"<a href=\"https:\/\/digidem-bayern.de\/en\/category\/aktuelles-zu-digidem\/\" rel=\"category tag\">Aktuelles zu digiDEM<\/a>, <a href=\"https:\/\/digidem-bayern.de\/en\/category\/pressemitteilungen\/\" rel=\"category tag\">Pressemitteilungen<\/a>","author_info_v2":{"name":"Ilona H\u00f6rath","url":"https:\/\/digidem-bayern.de\/en\/author\/hoeratia\/"},"comments_num_v2":"0 comments","yoast_head":"<!-- This site is optimized with the Yoast SEO plugin v27.5 - https:\/\/yoast.com\/product\/yoast-seo-wordpress\/ -->\n<title>Besonderes Jubil\u00e4um: digiDEM Bayern feiert den 55. Demenz-Screeningtag - digiDEM Bayern<\/title>\n<meta name=\"description\" content=\"Der Bayerische Landesapothekerkammer unterst\u00fctzt digiDEM Bayern mit Hilfe des Netzwerks &quot;Demenzfreundliche Apotheken&quot;.\" \/>\n<meta name=\"robots\" content=\"index, follow, max-snippet:-1, max-image-preview:large, max-video-preview:-1\" \/>\n<link rel=\"canonical\" href=\"https:\/\/digidem-bayern.de\/en\/besonderes-jubilaeum-digidem-bayern-feiert-den-55-demenz-screeningtag\/\" \/>\n<meta property=\"og:locale\" content=\"en_US\" \/>\n<meta property=\"og:type\" content=\"article\" \/>\n<meta property=\"og:title\" content=\"Besonderes Jubil\u00e4um: digiDEM Bayern feiert den 55. Demenz-Screeningtag - digiDEM Bayern\" \/>\n<meta property=\"og:description\" content=\"Der Bayerische Landesapothekerkammer unterst\u00fctzt digiDEM Bayern mit Hilfe des Netzwerks &quot;Demenzfreundliche Apotheken&quot;.\" \/>\n<meta property=\"og:url\" content=\"https:\/\/digidem-bayern.de\/en\/besonderes-jubilaeum-digidem-bayern-feiert-den-55-demenz-screeningtag\/\" \/>\n<meta property=\"og:site_name\" content=\"digiDEM Bayern\" \/>\n<meta property=\"article:publisher\" content=\"https:\/\/www.facebook.com\/digiDEMBayern\/\" \/>\n<meta property=\"article:published_time\" content=\"2023-11-10T12:15:15+00:00\" \/>\n<meta property=\"article:modified_time\" content=\"2023-12-21T05:56:32+00:00\" \/>\n<meta property=\"og:image\" content=\"https:\/\/digidem-bayern.de\/wp-content\/uploads\/2023\/11\/Grafik-55-Demenz-Screeningtage_digiDEM-Bayern-1030x686.png\" \/>\n\t<meta property=\"og:image:width\" content=\"1030\" \/>\n\t<meta property=\"og:image:height\" content=\"686\" \/>\n\t<meta property=\"og:image:type\" content=\"image\/png\" \/>\n<meta name=\"author\" content=\"Ilona H\u00f6rath\" \/>\n<meta name=\"twitter:label1\" content=\"Written by\" \/>\n\t<meta name=\"twitter:data1\" content=\"Ilona H\u00f6rath\" \/>\n\t<meta name=\"twitter:label2\" content=\"Est. reading time\" \/>\n\t<meta name=\"twitter:data2\" content=\"2 minutes\" \/>\n<script type=\"application\/ld+json\" class=\"yoast-schema-graph\">{\"@context\":\"https:\\\/\\\/schema.org\",\"@graph\":[{\"@type\":\"Article\",\"@id\":\"https:\\\/\\\/digidem-bayern.de\\\/besonderes-jubilaeum-digidem-bayern-feiert-den-55-demenz-screeningtag\\\/#article\",\"isPartOf\":{\"@id\":\"https:\\\/\\\/digidem-bayern.de\\\/besonderes-jubilaeum-digidem-bayern-feiert-den-55-demenz-screeningtag\\\/\"},\"author\":{\"name\":\"Ilona H\u00f6rath\",\"@id\":\"\\\/#\\\/schema\\\/person\\\/0bc1494f46fc2a051c761322a80e0941\"},\"headline\":\"Besonderes Jubil\u00e4um: digiDEM Bayern feiert den 55. Demenz-Screeningtag\",\"datePublished\":\"2023-11-10T12:15:15+00:00\",\"dateModified\":\"2023-12-21T05:56:32+00:00\",\"mainEntityOfPage\":{\"@id\":\"https:\\\/\\\/digidem-bayern.de\\\/besonderes-jubilaeum-digidem-bayern-feiert-den-55-demenz-screeningtag\\\/\"},\"wordCount\":626,\"commentCount\":0,\"publisher\":{\"@id\":\"\\\/#organization\"},\"image\":{\"@id\":\"https:\\\/\\\/digidem-bayern.de\\\/besonderes-jubilaeum-digidem-bayern-feiert-den-55-demenz-screeningtag\\\/#primaryimage\"},\"thumbnailUrl\":\"https:\\\/\\\/digidem-bayern.de\\\/wp-content\\\/uploads\\\/2023\\\/11\\\/Grafik-55-Demenz-Screeningtage_digiDEM-Bayern.png\",\"keywords\":[\"Alzheimer\",\"ARD\",\"Bayerischer Rundfunk\",\"Bayerisches Staastministerium f\u00fcr Gesundheit und Pflege\",\"BR\",\"Demand\",\"Demenz\",\"Demenz-Fr\u00fcherkennung\",\"Demenz-Screeningtag\",\"digidem Bayern\",\"Ged\u00e4chtnisleistung\",\"Kolominsky-Rabas\",\"Th\u00fcngersheim\",\"W\u00fcrzburg\"],\"articleSection\":[\"Aktuelles zu digiDEM\",\"Pressemitteilungen\"],\"inLanguage\":\"en-US\",\"potentialAction\":[{\"@type\":\"CommentAction\",\"name\":\"Comment\",\"target\":[\"https:\\\/\\\/digidem-bayern.de\\\/besonderes-jubilaeum-digidem-bayern-feiert-den-55-demenz-screeningtag\\\/#respond\"]}]},{\"@type\":\"WebPage\",\"@id\":\"https:\\\/\\\/digidem-bayern.de\\\/besonderes-jubilaeum-digidem-bayern-feiert-den-55-demenz-screeningtag\\\/\",\"url\":\"https:\\\/\\\/digidem-bayern.de\\\/besonderes-jubilaeum-digidem-bayern-feiert-den-55-demenz-screeningtag\\\/\",\"name\":\"Besonderes Jubil\u00e4um: digiDEM Bayern feiert den 55. Demenz-Screeningtag - digiDEM Bayern\",\"isPartOf\":{\"@id\":\"\\\/#website\"},\"primaryImageOfPage\":{\"@id\":\"https:\\\/\\\/digidem-bayern.de\\\/besonderes-jubilaeum-digidem-bayern-feiert-den-55-demenz-screeningtag\\\/#primaryimage\"},\"image\":{\"@id\":\"https:\\\/\\\/digidem-bayern.de\\\/besonderes-jubilaeum-digidem-bayern-feiert-den-55-demenz-screeningtag\\\/#primaryimage\"},\"thumbnailUrl\":\"https:\\\/\\\/digidem-bayern.de\\\/wp-content\\\/uploads\\\/2023\\\/11\\\/Grafik-55-Demenz-Screeningtage_digiDEM-Bayern.png\",\"datePublished\":\"2023-11-10T12:15:15+00:00\",\"dateModified\":\"2023-12-21T05:56:32+00:00\",\"description\":\"Der Bayerische Landesapothekerkammer unterst\u00fctzt digiDEM Bayern mit Hilfe des Netzwerks \\\"Demenzfreundliche Apotheken\\\".\",\"breadcrumb\":{\"@id\":\"https:\\\/\\\/digidem-bayern.de\\\/besonderes-jubilaeum-digidem-bayern-feiert-den-55-demenz-screeningtag\\\/#breadcrumb\"},\"inLanguage\":\"en-US\",\"potentialAction\":[{\"@type\":\"ReadAction\",\"target\":[\"https:\\\/\\\/digidem-bayern.de\\\/besonderes-jubilaeum-digidem-bayern-feiert-den-55-demenz-screeningtag\\\/\"]}]},{\"@type\":\"ImageObject\",\"inLanguage\":\"en-US\",\"@id\":\"https:\\\/\\\/digidem-bayern.de\\\/besonderes-jubilaeum-digidem-bayern-feiert-den-55-demenz-screeningtag\\\/#primaryimage\",\"url\":\"https:\\\/\\\/digidem-bayern.de\\\/wp-content\\\/uploads\\\/2023\\\/11\\\/Grafik-55-Demenz-Screeningtage_digiDEM-Bayern.png\",\"contentUrl\":\"https:\\\/\\\/digidem-bayern.de\\\/wp-content\\\/uploads\\\/2023\\\/11\\\/Grafik-55-Demenz-Screeningtage_digiDEM-Bayern.png\",\"width\":1600,\"height\":1066,\"caption\":\"digiDEM Bayern steht f\u00fcr erfolgreiches Demenz-Screening in den Regionen Bayerns.\"},{\"@type\":\"BreadcrumbList\",\"@id\":\"https:\\\/\\\/digidem-bayern.de\\\/besonderes-jubilaeum-digidem-bayern-feiert-den-55-demenz-screeningtag\\\/#breadcrumb\",\"itemListElement\":[{\"@type\":\"ListItem\",\"position\":1,\"name\":\"Startseite\",\"item\":\"https:\\\/\\\/digidem-bayern.de\\\/\"},{\"@type\":\"ListItem\",\"position\":2,\"name\":\"Besonderes Jubil\u00e4um: digiDEM Bayern feiert den 55. Demenz-Screeningtag\"}]},{\"@type\":\"WebSite\",\"@id\":\"\\\/#website\",\"url\":\"\\\/\",\"name\":\"digiDEM Bayern\",\"description\":\"Das digitale Demenzregister Bayern erforscht und verbessert die Angebotsstuktur f\u00fcr Menschen mit Demenz und deren Angeh\u00f6rige\",\"publisher\":{\"@id\":\"\\\/#organization\"},\"potentialAction\":[{\"@type\":\"SearchAction\",\"target\":{\"@type\":\"EntryPoint\",\"urlTemplate\":\"\\\/?s={search_term_string}\"},\"query-input\":{\"@type\":\"PropertyValueSpecification\",\"valueRequired\":true,\"valueName\":\"search_term_string\"}}],\"inLanguage\":\"en-US\"},{\"@type\":\"Organization\",\"@id\":\"\\\/#organization\",\"name\":\"digiDEM Bayern\",\"url\":\"\\\/\",\"logo\":{\"@type\":\"ImageObject\",\"inLanguage\":\"en-US\",\"@id\":\"\\\/#\\\/schema\\\/logo\\\/image\\\/\",\"url\":\"https:\\\/\\\/digidem-bayern.de\\\/wp-content\\\/uploads\\\/2022\\\/03\\\/cropped-Allgemeines_digiDEMLOGO-removebg-preview.png\",\"contentUrl\":\"https:\\\/\\\/digidem-bayern.de\\\/wp-content\\\/uploads\\\/2022\\\/03\\\/cropped-Allgemeines_digiDEMLOGO-removebg-preview.png\",\"width\":612,\"height\":357,\"caption\":\"digiDEM Bayern\"},\"image\":{\"@id\":\"\\\/#\\\/schema\\\/logo\\\/image\\\/\"},\"sameAs\":[\"https:\\\/\\\/www.facebook.com\\\/digiDEMBayern\\\/\",\"https:\\\/\\\/x.com\\\/digidem_bayern\",\"https:\\\/\\\/www.instagram.com\\\/digidem.bayern\",\"https:\\\/\\\/www.linkedin.com\\\/company\\\/digidem-bayern\\\/\"]},{\"@type\":\"Person\",\"@id\":\"\\\/#\\\/schema\\\/person\\\/0bc1494f46fc2a051c761322a80e0941\",\"name\":\"Ilona H\u00f6rath\",\"url\":\"https:\\\/\\\/digidem-bayern.de\\\/en\\\/author\\\/hoeratia\\\/\"}]}<\/script>\n<!-- \/ Yoast SEO plugin. -->","yoast_head_json":{"title":"Besonderes Jubil\u00e4um: digiDEM Bayern feiert den 55. Demenz-Screeningtag - digiDEM Bayern","description":"Der Bayerische Landesapothekerkammer unterst\u00fctzt digiDEM Bayern mit Hilfe des Netzwerks \"Demenzfreundliche Apotheken\".","robots":{"index":"index","follow":"follow","max-snippet":"max-snippet:-1","max-image-preview":"max-image-preview:large","max-video-preview":"max-video-preview:-1"},"canonical":"https:\/\/digidem-bayern.de\/en\/besonderes-jubilaeum-digidem-bayern-feiert-den-55-demenz-screeningtag\/","og_locale":"en_US","og_type":"article","og_title":"Besonderes Jubil\u00e4um: digiDEM Bayern feiert den 55. Demenz-Screeningtag - digiDEM Bayern","og_description":"Der Bayerische Landesapothekerkammer unterst\u00fctzt digiDEM Bayern mit Hilfe des Netzwerks \"Demenzfreundliche Apotheken\".","og_url":"https:\/\/digidem-bayern.de\/en\/besonderes-jubilaeum-digidem-bayern-feiert-den-55-demenz-screeningtag\/","og_site_name":"digiDEM Bayern","article_publisher":"https:\/\/www.facebook.com\/digiDEMBayern\/","article_published_time":"2023-11-10T12:15:15+00:00","article_modified_time":"2023-12-21T05:56:32+00:00","og_image":[{"width":1030,"height":686,"url":"https:\/\/digidem-bayern.de\/wp-content\/uploads\/2023\/11\/Grafik-55-Demenz-Screeningtage_digiDEM-Bayern-1030x686.png","type":"image\/png"}],"author":"Ilona H\u00f6rath","twitter_misc":{"Written by":"Ilona H\u00f6rath","Est. reading time":"2 minutes"},"schema":{"@context":"https:\/\/schema.org","@graph":[{"@type":"Article","@id":"https:\/\/digidem-bayern.de\/besonderes-jubilaeum-digidem-bayern-feiert-den-55-demenz-screeningtag\/#article","isPartOf":{"@id":"https:\/\/digidem-bayern.de\/besonderes-jubilaeum-digidem-bayern-feiert-den-55-demenz-screeningtag\/"},"author":{"name":"Ilona H\u00f6rath","@id":"\/#\/schema\/person\/0bc1494f46fc2a051c761322a80e0941"},"headline":"Besonderes Jubil\u00e4um: digiDEM Bayern feiert den 55. Demenz-Screeningtag","datePublished":"2023-11-10T12:15:15+00:00","dateModified":"2023-12-21T05:56:32+00:00","mainEntityOfPage":{"@id":"https:\/\/digidem-bayern.de\/besonderes-jubilaeum-digidem-bayern-feiert-den-55-demenz-screeningtag\/"},"wordCount":626,"commentCount":0,"publisher":{"@id":"\/#organization"},"image":{"@id":"https:\/\/digidem-bayern.de\/besonderes-jubilaeum-digidem-bayern-feiert-den-55-demenz-screeningtag\/#primaryimage"},"thumbnailUrl":"https:\/\/digidem-bayern.de\/wp-content\/uploads\/2023\/11\/Grafik-55-Demenz-Screeningtage_digiDEM-Bayern.png","keywords":["Alzheimer","ARD","Bayerischer Rundfunk","Bayerisches Staastministerium f\u00fcr Gesundheit und Pflege","BR","Demand","Demenz","Demenz-Fr\u00fcherkennung","Demenz-Screeningtag","digidem Bayern","Ged\u00e4chtnisleistung","Kolominsky-Rabas","Th\u00fcngersheim","W\u00fcrzburg"],"articleSection":["Aktuelles zu digiDEM","Pressemitteilungen"],"inLanguage":"en-US","potentialAction":[{"@type":"CommentAction","name":"Comment","target":["https:\/\/digidem-bayern.de\/besonderes-jubilaeum-digidem-bayern-feiert-den-55-demenz-screeningtag\/#respond"]}]},{"@type":"WebPage","@id":"https:\/\/digidem-bayern.de\/besonderes-jubilaeum-digidem-bayern-feiert-den-55-demenz-screeningtag\/","url":"https:\/\/digidem-bayern.de\/besonderes-jubilaeum-digidem-bayern-feiert-den-55-demenz-screeningtag\/","name":"Besonderes Jubil\u00e4um: digiDEM Bayern feiert den 55. Demenz-Screeningtag - digiDEM Bayern","isPartOf":{"@id":"\/#website"},"primaryImageOfPage":{"@id":"https:\/\/digidem-bayern.de\/besonderes-jubilaeum-digidem-bayern-feiert-den-55-demenz-screeningtag\/#primaryimage"},"image":{"@id":"https:\/\/digidem-bayern.de\/besonderes-jubilaeum-digidem-bayern-feiert-den-55-demenz-screeningtag\/#primaryimage"},"thumbnailUrl":"https:\/\/digidem-bayern.de\/wp-content\/uploads\/2023\/11\/Grafik-55-Demenz-Screeningtage_digiDEM-Bayern.png","datePublished":"2023-11-10T12:15:15+00:00","dateModified":"2023-12-21T05:56:32+00:00","description":"Der Bayerische Landesapothekerkammer unterst\u00fctzt digiDEM Bayern mit Hilfe des Netzwerks \"Demenzfreundliche Apotheken\".","breadcrumb":{"@id":"https:\/\/digidem-bayern.de\/besonderes-jubilaeum-digidem-bayern-feiert-den-55-demenz-screeningtag\/#breadcrumb"},"inLanguage":"en-US","potentialAction":[{"@type":"ReadAction","target":["https:\/\/digidem-bayern.de\/besonderes-jubilaeum-digidem-bayern-feiert-den-55-demenz-screeningtag\/"]}]},{"@type":"ImageObject","inLanguage":"en-US","@id":"https:\/\/digidem-bayern.de\/besonderes-jubilaeum-digidem-bayern-feiert-den-55-demenz-screeningtag\/#primaryimage","url":"https:\/\/digidem-bayern.de\/wp-content\/uploads\/2023\/11\/Grafik-55-Demenz-Screeningtage_digiDEM-Bayern.png","contentUrl":"https:\/\/digidem-bayern.de\/wp-content\/uploads\/2023\/11\/Grafik-55-Demenz-Screeningtage_digiDEM-Bayern.png","width":1600,"height":1066,"caption":"digiDEM Bayern steht f\u00fcr erfolgreiches Demenz-Screening in den Regionen Bayerns."},{"@type":"BreadcrumbList","@id":"https:\/\/digidem-bayern.de\/besonderes-jubilaeum-digidem-bayern-feiert-den-55-demenz-screeningtag\/#breadcrumb","itemListElement":[{"@type":"ListItem","position":1,"name":"Startseite","item":"https:\/\/digidem-bayern.de\/"},{"@type":"ListItem","position":2,"name":"Besonderes Jubil\u00e4um: digiDEM Bayern feiert den 55. Demenz-Screeningtag"}]},{"@type":"WebSite","@id":"\/#website","url":"\/","name":"digiDEM Bavaria","description":"The digital dementia register in Bavaria researches and improves the structure of services for people with dementia and their relatives","publisher":{"@id":"\/#organization"},"potentialAction":[{"@type":"SearchAction","target":{"@type":"EntryPoint","urlTemplate":"\/?s={search_term_string}"},"query-input":{"@type":"PropertyValueSpecification","valueRequired":true,"valueName":"search_term_string"}}],"inLanguage":"en-US"},{"@type":"Organization","@id":"\/#organization","name":"digiDEM Bavaria","url":"\/","logo":{"@type":"ImageObject","inLanguage":"en-US","@id":"\/#\/schema\/logo\/image\/","url":"https:\/\/digidem-bayern.de\/wp-content\/uploads\/2022\/03\/cropped-Allgemeines_digiDEMLOGO-removebg-preview.png","contentUrl":"https:\/\/digidem-bayern.de\/wp-content\/uploads\/2022\/03\/cropped-Allgemeines_digiDEMLOGO-removebg-preview.png","width":612,"height":357,"caption":"digiDEM Bayern"},"image":{"@id":"\/#\/schema\/logo\/image\/"},"sameAs":["https:\/\/www.facebook.com\/digiDEMBayern\/","https:\/\/x.com\/digidem_bayern","https:\/\/www.instagram.com\/digidem.bayern","https:\/\/www.linkedin.com\/company\/digidem-bayern\/"]},{"@type":"Person","@id":"\/#\/schema\/person\/0bc1494f46fc2a051c761322a80e0941","name":"Ilona H\u00f6rath","url":"https:\/\/digidem-bayern.de\/en\/author\/hoeratia\/"}]}},"uagb_featured_image_src":{"full":["https:\/\/digidem-bayern.de\/wp-content\/uploads\/2023\/11\/Grafik-55-Demenz-Screeningtage_digiDEM-Bayern.png",1600,1066,false],"thumbnail":["https:\/\/digidem-bayern.de\/wp-content\/uploads\/2023\/11\/Grafik-55-Demenz-Screeningtage_digiDEM-Bayern-80x80.png",80,80,true],"medium":["https:\/\/digidem-bayern.de\/wp-content\/uploads\/2023\/11\/Grafik-55-Demenz-Screeningtage_digiDEM-Bayern-300x200.png",300,200,true],"medium_large":["https:\/\/digidem-bayern.de\/wp-content\/uploads\/2023\/11\/Grafik-55-Demenz-Screeningtage_digiDEM-Bayern-768x512.png",768,512,true],"large":["https:\/\/digidem-bayern.de\/wp-content\/uploads\/2023\/11\/Grafik-55-Demenz-Screeningtage_digiDEM-Bayern-1030x686.png",1030,686,true],"1536x1536":["https:\/\/digidem-bayern.de\/wp-content\/uploads\/2023\/11\/Grafik-55-Demenz-Screeningtage_digiDEM-Bayern-1536x1024.png",1536,1024,true],"2048x2048":["https:\/\/digidem-bayern.de\/wp-content\/uploads\/2023\/11\/Grafik-55-Demenz-Screeningtage_digiDEM-Bayern.png",1600,1066,false],"trp-custom-language-flag":["https:\/\/digidem-bayern.de\/wp-content\/uploads\/2023\/11\/Grafik-55-Demenz-Screeningtage_digiDEM-Bayern.png",18,12,false],"qubely_landscape":["https:\/\/digidem-bayern.de\/wp-content\/uploads\/2023\/11\/Grafik-55-Demenz-Screeningtage_digiDEM-Bayern-1200x750.png",1200,750,true],"qubely_portrait":["https:\/\/digidem-bayern.de\/wp-content\/uploads\/2023\/11\/Grafik-55-Demenz-Screeningtage_digiDEM-Bayern-540x320.png",540,320,true],"qubely_thumbnail":["https:\/\/digidem-bayern.de\/wp-content\/uploads\/2023\/11\/Grafik-55-Demenz-Screeningtage_digiDEM-Bayern-140x100.png",140,100,true],"post-thumbnail":["https:\/\/digidem-bayern.de\/wp-content\/uploads\/2023\/11\/Grafik-55-Demenz-Screeningtage_digiDEM-Bayern-525x350.png",525,350,true],"kahuna-featured":["https:\/\/digidem-bayern.de\/wp-content\/uploads\/2023\/11\/Grafik-55-Demenz-Screeningtage_digiDEM-Bayern-734x350.png",734,350,true],"kahuna-featured-lp":["https:\/\/digidem-bayern.de\/wp-content\/uploads\/2023\/11\/Grafik-55-Demenz-Screeningtage_digiDEM-Bayern-520x350.png",520,350,true],"kahuna-featured-half":["https:\/\/digidem-bayern.de\/wp-content\/uploads\/2023\/11\/Grafik-55-Demenz-Screeningtage_digiDEM-Bayern-800x350.png",800,350,true],"kahuna-featured-third":["https:\/\/digidem-bayern.de\/wp-content\/uploads\/2023\/11\/Grafik-55-Demenz-Screeningtage_digiDEM-Bayern-512x350.png",512,350,true],"kahuna-lpbox-1":["https:\/\/digidem-bayern.de\/wp-content\/uploads\/2023\/11\/Grafik-55-Demenz-Screeningtage_digiDEM-Bayern-520x300.png",520,300,true],"kahuna-lpbox-2":["https:\/\/digidem-bayern.de\/wp-content\/uploads\/2023\/11\/Grafik-55-Demenz-Screeningtage_digiDEM-Bayern-520x350.png",520,350,true],"demand-language-flag":["https:\/\/digidem-bayern.de\/wp-content\/uploads\/2023\/11\/Grafik-55-Demenz-Screeningtage_digiDEM-Bayern-36x36.png",36,36,true],"dddkt-language-flag":["https:\/\/digidem-bayern.de\/wp-content\/uploads\/2023\/11\/Grafik-55-Demenz-Screeningtage_digiDEM-Bayern-36x36.png",36,36,true],"ddiqc-language-flag":["https:\/\/digidem-bayern.de\/wp-content\/uploads\/2023\/11\/Grafik-55-Demenz-Screeningtage_digiDEM-Bayern-36x36.png",36,36,true],"ddtl-language-flag":["https:\/\/digidem-bayern.de\/wp-content\/uploads\/2023\/11\/Grafik-55-Demenz-Screeningtage_digiDEM-Bayern-36x36.png",36,36,true],"mailpoet_newsletter_max":["https:\/\/digidem-bayern.de\/wp-content\/uploads\/2023\/11\/Grafik-55-Demenz-Screeningtage_digiDEM-Bayern-1320x880.png",1320,880,true],"kahuna-lpbox-3":["https:\/\/digidem-bayern.de\/wp-content\/uploads\/2023\/11\/Grafik-55-Demenz-Screeningtage_digiDEM-Bayern-520x350.png",520,350,true],"kahuna-featured-square":["https:\/\/digidem-bayern.de\/wp-content\/uploads\/2023\/11\/Grafik-55-Demenz-Screeningtage_digiDEM-Bayern-512x512.png",512,512,true],"kahuna-featured-square-large":["https:\/\/digidem-bayern.de\/wp-content\/uploads\/2023\/11\/Grafik-55-Demenz-Screeningtage_digiDEM-Bayern-1024x1024.png",1024,1024,true]},"uagb_author_info":{"display_name":"Ilona H\u00f6rath","author_link":"https:\/\/digidem-bayern.de\/en\/author\/hoeratia\/"},"uagb_comment_info":76,"uagb_excerpt":"Im Sommer 2022 hat das Digitale Demenzregister Bayern (digiDEM Bayern), das der der Friedrich-Alexander-Universit\u00e4t Erlangen-N\u00fcrnberg (FAU) zugeordnet ist, erstmals zu einem kostenlosen Demenz-Screeningtag eingeladen. Jetzt freuen sich die Wissenschaftler*innen \u00fcber ein besonderes Jubil\u00e4um. In W\u00fcrzburg fand nun der bayernweit 55. Demenz-Screeningtag statt. Das Angebot in Form eines wissenschaftlichen Kurztests nahmen &hellip;","_links":{"self":[{"href":"https:\/\/digidem-bayern.de\/en\/wp-json\/wp\/v2\/posts\/31564","targetHints":{"allow":["GET"]}}],"collection":[{"href":"https:\/\/digidem-bayern.de\/en\/wp-json\/wp\/v2\/posts"}],"about":[{"href":"https:\/\/digidem-bayern.de\/en\/wp-json\/wp\/v2\/types\/post"}],"author":[{"embeddable":true,"href":"https:\/\/digidem-bayern.de\/en\/wp-json\/wp\/v2\/users\/12"}],"replies":[{"embeddable":true,"href":"https:\/\/digidem-bayern.de\/en\/wp-json\/wp\/v2\/comments?post=31564"}],"version-history":[{"count":2,"href":"https:\/\/digidem-bayern.de\/en\/wp-json\/wp\/v2\/posts\/31564\/revisions"}],"predecessor-version":[{"id":32158,"href":"https:\/\/digidem-bayern.de\/en\/wp-json\/wp\/v2\/posts\/31564\/revisions\/32158"}],"wp:featuredmedia":[{"embeddable":true,"href":"https:\/\/digidem-bayern.de\/en\/wp-json\/wp\/v2\/media\/31562"}],"wp:attachment":[{"href":"https:\/\/digidem-bayern.de\/en\/wp-json\/wp\/v2\/media?parent=31564"}],"wp:term":[{"taxonomy":"category","embeddable":true,"href":"https:\/\/digidem-bayern.de\/en\/wp-json\/wp\/v2\/categories?post=31564"},{"taxonomy":"post_tag","embeddable":true,"href":"https:\/\/digidem-bayern.de\/en\/wp-json\/wp\/v2\/tags?post=31564"}],"curies":[{"name":"wp","href":"https:\/\/api.w.org\/{rel}","templated":true}]}}