{"id":31267,"date":"2023-10-26T09:58:00","date_gmt":"2023-10-26T07:58:00","guid":{"rendered":"https:\/\/digidem-bayern.de\/?p=31267"},"modified":"2023-12-04T17:04:49","modified_gmt":"2023-12-04T16:04:49","slug":"hoeheres-sterblichkeitsrisiko-bei-schweren-symptomen","status":"publish","type":"post","link":"https:\/\/digidem-bayern.de\/en\/hoeheres-sterblichkeitsrisiko-bei-schweren-symptomen\/","title":{"rendered":"H\u00f6heres Sterblichkeitsrisiko bei schweren Symptomen"},"content":{"rendered":"<p><strong>Je schwerer die verhaltensbezogenen und psychologischen Symptome (BPSD) bei Menschen mit Demenz sind, desto mehr steigt das Sterblichkeitsrisiko an \u2013 insbesondere bei Menschen mit mittelschwerer und schwerer Demenz. Zu diesem Ergebnis kommen Wissenschaftler*innen der Lund Universit\u00e4t in Schweden.<\/strong><\/p>\n\n\n\n<p>Mit ihrer Studie aus dem Jahr 2020 unterstreichen die Forschenden aus Schweden die Bedeutung einer \u201eangemessenen Behandlung\u201c von verhaltensbezogenen und psychologischen Symptomen (englisch f\u00fcr \u201eBehavioural and Psychological Symptomes\u201c, BPSD). Denn die Wissenschaftler*innen wiesen nach: Sind h\u00e4ufige Symptome wie zum Beispiel Unruhe, Halluzinationen, Wahnvorstellungen, Apathie und Depression stark ausgepr\u00e4gt, f\u00fchrt dies zu einem schrittweisen Anstieg des Sterblichkeitsrisikos. \u201eDieser Befund war unabh\u00e4ngig von Alter, Geschlecht, Demenzdiagnose, Medikamenteneinnahme, fr\u00fcherer H\u00fcftfraktur, Herzinfarkt und Schlaganfall\u201c, erl\u00e4utern die Wissenschaftler*innen.<\/p>\n\n\n<div class=\"wp-block-image\">\n<figure class=\"alignright size-full is-resized\"><img loading=\"lazy\" decoding=\"async\" width=\"1000\" height=\"564\" src=\"https:\/\/digidem-bayern.de\/wp-content\/uploads\/2023\/10\/shutterstock_Flagge-Schweden-571139953.jpg\" alt=\"H\u00f6heres Sterblichkeitsrisiko bei schweren Symptomen\" class=\"wp-image-31305\" style=\"aspect-ratio:1.7730496453900708;width:527px;height:auto\" srcset=\"https:\/\/digidem-bayern.de\/wp-content\/uploads\/2023\/10\/shutterstock_Flagge-Schweden-571139953.jpg 1000w, https:\/\/digidem-bayern.de\/wp-content\/uploads\/2023\/10\/shutterstock_Flagge-Schweden-571139953-300x169.jpg 300w, https:\/\/digidem-bayern.de\/wp-content\/uploads\/2023\/10\/shutterstock_Flagge-Schweden-571139953-768x433.jpg 768w, https:\/\/digidem-bayern.de\/wp-content\/uploads\/2023\/10\/shutterstock_Flagge-Schweden-571139953-621x350.jpg 621w\" sizes=\"auto, (max-width: 1000px) 100vw, 1000px\" \/><figcaption class=\"wp-element-caption\">Foto: Shutterstock<\/figcaption><\/figure>\n<\/div>\n\n\n<p>Sind die Symptome beispielsweise mittelschwer ausgepr\u00e4gt, erh\u00f6ht sich das Sterberisiko um 31 Prozent. Um 74 Prozent steigt es hingegen in der Kategorie \u201eschwere Symptomatik\u201c an. Die Studie best\u00e4tigt also einen Zusammenhang zwischen dem Sterblichkeitsrisiko und BPSD, wobei schon allein das Vorhandensein von BPSD selbst zu einem erh\u00f6hten Sterblichkeitsrisiko f\u00fchrt.<\/p>\n\n\n\n<p>Des Weiteren fanden die Forschenden heraus: Insbesondere die spezifischen Symptome Essst\u00f6rungen, Unruhe, Apathie und Halluzinationen waren mit einem h\u00f6heren Sterblichkeitsrisiko verbunden. Um 18 bis 19 Prozent verringert war das Sterblichkeitsrisiko jedoch, wenn Menschen mit Demenz mit Antidepressiva behandelt wurden.<\/p>\n\n\n\n<p><strong>Daten von 11.448 Personen kombiniert<\/strong><\/p>\n\n\n\n<p>Ausgewertet wurden die Daten von 11.448 Personen, die im schwedischen BPSD-Register erfasst sind. Diese Informationen kombinierten die Forschenden mit Angaben aus dem Nationalen Patientenregister und dem Todesursachenregister. An der Studie nahmen 7.485 Frauen und 3.963 M\u00e4nner teil. Mit 87,3 Prozent stellten Pflegeheimbewohner*innen die Mehrheit dar. Registriert war auch die Art der Demenz, darunter Alzheimer-Demenz, Vaskul\u00e4re Demenz, Demenz mit Lewy-K\u00f6rperchen oder Parkinson-Demenz. <\/p>\n\n\n\n<p>In ihrem Fazit fassen die Wissenschaftler zusammen: \u201eDie Ergebnisse k\u00f6nnten wichtig sein, da ein besseres und gezielteres Management von BPSD in der Demenzversorgung das Potenzial haben k\u00f6nnte, zu einer Verringerung der Sterblichkeit bei Menschen mit Demenz beizutragen.\u201c<\/p>\n\n\n\n<p><strong>Tipp f\u00fcr die Praxis:<\/strong> Eine gezielte Behandlung von BPSD kann die Sterblichkeit von Menschen mit Demenz verringern.<\/p>\n\n\n\n<p>Hier geht&#8217;s zur Studie: <\/p>\n\n\n\n<p><a href=\"https:\/\/www.tandfonline.com\/doi\/full\/10.1080\/13607863.2020.1727848\">Mortality in patients with behavioural and psychological symptoms of dementia: a registry-based study<\/a><\/p>\n\n\n\n<p style=\"font-size:20px\"><\/p>\n\n\n\n<div style=\"height:20px\" aria-hidden=\"true\" class=\"wp-block-spacer\"><\/div>\n\n\n\n<div style=\"height:20px\" aria-hidden=\"true\" class=\"wp-block-spacer\"><\/div>","protected":false},"excerpt":{"rendered":"<p>Je schwerer die verhaltensbezogenen und psychologischen Symptome (BPSD) bei Menschen mit Demenz sind, desto mehr steigt das Sterblichkeitsrisiko an \u2013 insbesondere bei Menschen mit mittelschwerer und schwerer Demenz. Zu diesem Ergebnis kommen Wissenschaftler*innen der Lund Universit\u00e4t in Schweden. Mit ihrer Studie aus dem Jahr 2020 unterstreichen die Forschenden aus Schweden &hellip;<\/p>","protected":false},"author":12,"featured_media":31305,"comment_status":"open","ping_status":"closed","sticky":false,"template":"","format":"standard","meta":{"qubely_global_settings":"","qubely_interactions":"","_uag_custom_page_level_css":"","footnotes":""},"categories":[5],"tags":[13,850,795,843,12,112,544,14,17,55,851,412,848,849,395,844],"class_list":["post-31267","post","type-post","status-publish","format-standard","has-post-thumbnail","hentry","category-wissenschaft-forschung","tag-alzheimer","tag-apathie","tag-behandlungskosten","tag-bpsd","tag-demenz-2","tag-demenzdiagnose","tag-demenzversorgung","tag-digidem","tag-digidem-bayern","tag-digitales-demenzregister-bayern","tag-halluzinationen","tag-schweden","tag-sterblichkeitsrisiko","tag-symptomatik","tag-unruhe","tag-verhaltensbezogene-und-psychologische-symptome"],"qubely_featured_image_url":{"full":["https:\/\/digidem-bayern.de\/wp-content\/uploads\/2023\/10\/shutterstock_Flagge-Schweden-571139953.jpg",1000,564,false],"landscape":["https:\/\/digidem-bayern.de\/wp-content\/uploads\/2023\/10\/shutterstock_Flagge-Schweden-571139953.jpg",1000,564,false],"portraits":["https:\/\/digidem-bayern.de\/wp-content\/uploads\/2023\/10\/shutterstock_Flagge-Schweden-571139953-540x320.jpg",540,320,true],"thumbnail":["https:\/\/digidem-bayern.de\/wp-content\/uploads\/2023\/10\/shutterstock_Flagge-Schweden-571139953-80x80.jpg",80,80,true],"medium":["https:\/\/digidem-bayern.de\/wp-content\/uploads\/2023\/10\/shutterstock_Flagge-Schweden-571139953-300x169.jpg",300,169,true],"medium_large":["https:\/\/digidem-bayern.de\/wp-content\/uploads\/2023\/10\/shutterstock_Flagge-Schweden-571139953-768x433.jpg",768,433,true],"large":["https:\/\/digidem-bayern.de\/wp-content\/uploads\/2023\/10\/shutterstock_Flagge-Schweden-571139953.jpg",1000,564,false],"1536x1536":["https:\/\/digidem-bayern.de\/wp-content\/uploads\/2023\/10\/shutterstock_Flagge-Schweden-571139953.jpg",1000,564,false],"2048x2048":["https:\/\/digidem-bayern.de\/wp-content\/uploads\/2023\/10\/shutterstock_Flagge-Schweden-571139953.jpg",1000,564,false],"trp-custom-language-flag":["https:\/\/digidem-bayern.de\/wp-content\/uploads\/2023\/10\/shutterstock_Flagge-Schweden-571139953.jpg",18,10,false],"qubely_landscape":["https:\/\/digidem-bayern.de\/wp-content\/uploads\/2023\/10\/shutterstock_Flagge-Schweden-571139953.jpg",1000,564,false],"qubely_portrait":["https:\/\/digidem-bayern.de\/wp-content\/uploads\/2023\/10\/shutterstock_Flagge-Schweden-571139953-540x320.jpg",540,320,true],"qubely_thumbnail":["https:\/\/digidem-bayern.de\/wp-content\/uploads\/2023\/10\/shutterstock_Flagge-Schweden-571139953-140x100.jpg",140,100,true],"post-thumbnail":["https:\/\/digidem-bayern.de\/wp-content\/uploads\/2023\/10\/shutterstock_Flagge-Schweden-571139953-621x350.jpg",621,350,true],"kahuna-featured":["https:\/\/digidem-bayern.de\/wp-content\/uploads\/2023\/10\/shutterstock_Flagge-Schweden-571139953-734x350.jpg",734,350,true],"kahuna-featured-lp":["https:\/\/digidem-bayern.de\/wp-content\/uploads\/2023\/10\/shutterstock_Flagge-Schweden-571139953-520x350.jpg",520,350,true],"kahuna-featured-half":["https:\/\/digidem-bayern.de\/wp-content\/uploads\/2023\/10\/shutterstock_Flagge-Schweden-571139953-800x350.jpg",800,350,true],"kahuna-featured-third":["https:\/\/digidem-bayern.de\/wp-content\/uploads\/2023\/10\/shutterstock_Flagge-Schweden-571139953-512x350.jpg",512,350,true],"kahuna-lpbox-1":["https:\/\/digidem-bayern.de\/wp-content\/uploads\/2023\/10\/shutterstock_Flagge-Schweden-571139953-520x300.jpg",520,300,true],"kahuna-lpbox-2":["https:\/\/digidem-bayern.de\/wp-content\/uploads\/2023\/10\/shutterstock_Flagge-Schweden-571139953-520x350.jpg",520,350,true],"demand-language-flag":["https:\/\/digidem-bayern.de\/wp-content\/uploads\/2023\/10\/shutterstock_Flagge-Schweden-571139953-36x36.jpg",36,36,true],"dddkt-language-flag":["https:\/\/digidem-bayern.de\/wp-content\/uploads\/2023\/10\/shutterstock_Flagge-Schweden-571139953-36x36.jpg",36,36,true],"ddiqc-language-flag":["https:\/\/digidem-bayern.de\/wp-content\/uploads\/2023\/10\/shutterstock_Flagge-Schweden-571139953-36x36.jpg",36,36,true],"ddtl-language-flag":["https:\/\/digidem-bayern.de\/wp-content\/uploads\/2023\/10\/shutterstock_Flagge-Schweden-571139953-36x36.jpg",36,36,true],"mailpoet_newsletter_max":["https:\/\/digidem-bayern.de\/wp-content\/uploads\/2023\/10\/shutterstock_Flagge-Schweden-571139953.jpg",1000,564,false],"kahuna-lpbox-3":["https:\/\/digidem-bayern.de\/wp-content\/uploads\/2023\/10\/shutterstock_Flagge-Schweden-571139953-520x350.jpg",520,350,true],"kahuna-featured-square":["https:\/\/digidem-bayern.de\/wp-content\/uploads\/2023\/10\/shutterstock_Flagge-Schweden-571139953-512x512.jpg",512,512,true],"kahuna-featured-square-large":["https:\/\/digidem-bayern.de\/wp-content\/uploads\/2023\/10\/shutterstock_Flagge-Schweden-571139953.jpg",1000,564,false]},"qubely_author":{"display_name":"Ilona H\u00f6rath","author_link":"https:\/\/digidem-bayern.de\/en\/author\/hoeratia\/"},"qubely_comment":0,"qubely_category":"<a href=\"https:\/\/digidem-bayern.de\/en\/category\/wissenschaft-forschung\/\" rel=\"category tag\">Wissenschaft &amp; Forschung<\/a>","qubely_excerpt":"Je schwerer die verhaltensbezogenen und psychologischen Symptome (BPSD) bei Menschen mit Demenz sind, desto mehr steigt das Sterblichkeitsrisiko an \u2013 insbesondere bei Menschen mit mittelschwerer und schwerer Demenz. Zu diesem Ergebnis kommen Wissenschaftler*innen der Lund Universit\u00e4t in Schweden. Mit ihrer Studie aus dem Jahr 2020 unterstreichen die Forschenden aus Schweden &hellip;","featured_image_urls_v2":{"full":["https:\/\/digidem-bayern.de\/wp-content\/uploads\/2023\/10\/shutterstock_Flagge-Schweden-571139953.jpg",1000,564,false],"thumbnail":["https:\/\/digidem-bayern.de\/wp-content\/uploads\/2023\/10\/shutterstock_Flagge-Schweden-571139953-80x80.jpg",80,80,true],"medium":["https:\/\/digidem-bayern.de\/wp-content\/uploads\/2023\/10\/shutterstock_Flagge-Schweden-571139953-300x169.jpg",300,169,true],"medium_large":["https:\/\/digidem-bayern.de\/wp-content\/uploads\/2023\/10\/shutterstock_Flagge-Schweden-571139953-768x433.jpg",768,433,true],"large":["https:\/\/digidem-bayern.de\/wp-content\/uploads\/2023\/10\/shutterstock_Flagge-Schweden-571139953.jpg",1000,564,false],"1536x1536":["https:\/\/digidem-bayern.de\/wp-content\/uploads\/2023\/10\/shutterstock_Flagge-Schweden-571139953.jpg",1000,564,false],"2048x2048":["https:\/\/digidem-bayern.de\/wp-content\/uploads\/2023\/10\/shutterstock_Flagge-Schweden-571139953.jpg",1000,564,false],"trp-custom-language-flag":["https:\/\/digidem-bayern.de\/wp-content\/uploads\/2023\/10\/shutterstock_Flagge-Schweden-571139953.jpg",18,10,false],"qubely_landscape":["https:\/\/digidem-bayern.de\/wp-content\/uploads\/2023\/10\/shutterstock_Flagge-Schweden-571139953.jpg",1000,564,false],"qubely_portrait":["https:\/\/digidem-bayern.de\/wp-content\/uploads\/2023\/10\/shutterstock_Flagge-Schweden-571139953-540x320.jpg",540,320,true],"qubely_thumbnail":["https:\/\/digidem-bayern.de\/wp-content\/uploads\/2023\/10\/shutterstock_Flagge-Schweden-571139953-140x100.jpg",140,100,true],"post-thumbnail":["https:\/\/digidem-bayern.de\/wp-content\/uploads\/2023\/10\/shutterstock_Flagge-Schweden-571139953-621x350.jpg",621,350,true],"kahuna-featured":["https:\/\/digidem-bayern.de\/wp-content\/uploads\/2023\/10\/shutterstock_Flagge-Schweden-571139953-734x350.jpg",734,350,true],"kahuna-featured-lp":["https:\/\/digidem-bayern.de\/wp-content\/uploads\/2023\/10\/shutterstock_Flagge-Schweden-571139953-520x350.jpg",520,350,true],"kahuna-featured-half":["https:\/\/digidem-bayern.de\/wp-content\/uploads\/2023\/10\/shutterstock_Flagge-Schweden-571139953-800x350.jpg",800,350,true],"kahuna-featured-third":["https:\/\/digidem-bayern.de\/wp-content\/uploads\/2023\/10\/shutterstock_Flagge-Schweden-571139953-512x350.jpg",512,350,true],"kahuna-lpbox-1":["https:\/\/digidem-bayern.de\/wp-content\/uploads\/2023\/10\/shutterstock_Flagge-Schweden-571139953-520x300.jpg",520,300,true],"kahuna-lpbox-2":["https:\/\/digidem-bayern.de\/wp-content\/uploads\/2023\/10\/shutterstock_Flagge-Schweden-571139953-520x350.jpg",520,350,true],"demand-language-flag":["https:\/\/digidem-bayern.de\/wp-content\/uploads\/2023\/10\/shutterstock_Flagge-Schweden-571139953-36x36.jpg",36,36,true],"dddkt-language-flag":["https:\/\/digidem-bayern.de\/wp-content\/uploads\/2023\/10\/shutterstock_Flagge-Schweden-571139953-36x36.jpg",36,36,true],"ddiqc-language-flag":["https:\/\/digidem-bayern.de\/wp-content\/uploads\/2023\/10\/shutterstock_Flagge-Schweden-571139953-36x36.jpg",36,36,true],"ddtl-language-flag":["https:\/\/digidem-bayern.de\/wp-content\/uploads\/2023\/10\/shutterstock_Flagge-Schweden-571139953-36x36.jpg",36,36,true],"mailpoet_newsletter_max":["https:\/\/digidem-bayern.de\/wp-content\/uploads\/2023\/10\/shutterstock_Flagge-Schweden-571139953.jpg",1000,564,false],"kahuna-lpbox-3":["https:\/\/digidem-bayern.de\/wp-content\/uploads\/2023\/10\/shutterstock_Flagge-Schweden-571139953-520x350.jpg",520,350,true],"kahuna-featured-square":["https:\/\/digidem-bayern.de\/wp-content\/uploads\/2023\/10\/shutterstock_Flagge-Schweden-571139953-512x512.jpg",512,512,true],"kahuna-featured-square-large":["https:\/\/digidem-bayern.de\/wp-content\/uploads\/2023\/10\/shutterstock_Flagge-Schweden-571139953.jpg",1000,564,false]},"post_excerpt_stackable_v2":"<p>Je schwerer die verhaltensbezogenen und psychologischen Symptome (BPSD) bei Menschen mit Demenz sind, desto mehr steigt das Sterblichkeitsrisiko an \u2013 insbesondere bei Menschen mit mittelschwerer und schwerer Demenz. Zu diesem Ergebnis kommen Wissenschaftler*innen der Lund Universit\u00e4t in Schweden. Mit ihrer Studie aus dem Jahr 2020 unterstreichen die Forschenden aus Schweden die Bedeutung einer \u201eangemessenen Behandlung\u201c von verhaltensbezogenen und psychologischen Symptomen (englisch f\u00fcr \u201eBehavioural and Psychological Symptomes\u201c, BPSD). Denn die Wissenschaftler*innen wiesen nach: Sind h\u00e4ufige Symptome wie zum Beispiel Unruhe, Halluzinationen, Wahnvorstellungen, Apathie und Depression stark ausgepr\u00e4gt, f\u00fchrt dies zu einem schrittweisen Anstieg des Sterblichkeitsrisikos. \u201eDieser Befund war unabh\u00e4ngig von Alter,&hellip;<\/p>\n","category_list_v2":"<a href=\"https:\/\/digidem-bayern.de\/en\/category\/wissenschaft-forschung\/\" rel=\"category tag\">Wissenschaft &amp; Forschung<\/a>","author_info_v2":{"name":"Ilona H\u00f6rath","url":"https:\/\/digidem-bayern.de\/en\/author\/hoeratia\/"},"comments_num_v2":"0 comments","yoast_head":"<!-- This site is optimized with the Yoast SEO plugin v27.4 - https:\/\/yoast.com\/product\/yoast-seo-wordpress\/ -->\n<title>H\u00f6heres Sterblichkeitsrisiko bei schweren Symptomen - digiDEM Bayern<\/title>\n<meta name=\"description\" content=\"Der Bayerische Landesapothekerkammer unterst\u00fctzt digiDEM Bayern mit Hilfe des Netzwerks &quot;Demenzfreundliche Apotheken&quot;.\" \/>\n<meta name=\"robots\" content=\"index, follow, max-snippet:-1, max-image-preview:large, max-video-preview:-1\" \/>\n<link rel=\"canonical\" href=\"https:\/\/digidem-bayern.de\/en\/hoeheres-sterblichkeitsrisiko-bei-schweren-symptomen\/\" \/>\n<meta property=\"og:locale\" content=\"en_US\" \/>\n<meta property=\"og:type\" content=\"article\" \/>\n<meta property=\"og:title\" content=\"H\u00f6heres Sterblichkeitsrisiko bei schweren Symptomen - digiDEM Bayern\" \/>\n<meta property=\"og:description\" content=\"Der Bayerische Landesapothekerkammer unterst\u00fctzt digiDEM Bayern mit Hilfe des Netzwerks &quot;Demenzfreundliche Apotheken&quot;.\" \/>\n<meta property=\"og:url\" content=\"https:\/\/digidem-bayern.de\/en\/hoeheres-sterblichkeitsrisiko-bei-schweren-symptomen\/\" \/>\n<meta property=\"og:site_name\" content=\"digiDEM Bayern\" \/>\n<meta property=\"article:publisher\" content=\"https:\/\/www.facebook.com\/digiDEMBayern\/\" \/>\n<meta property=\"article:published_time\" content=\"2023-10-26T07:58:00+00:00\" \/>\n<meta property=\"article:modified_time\" content=\"2023-12-04T16:04:49+00:00\" \/>\n<meta property=\"og:image\" content=\"https:\/\/digidem-bayern.de\/wp-content\/uploads\/2023\/10\/shutterstock_Flagge-Schweden-571139953.jpg\" \/>\n\t<meta property=\"og:image:width\" content=\"1000\" \/>\n\t<meta property=\"og:image:height\" content=\"564\" \/>\n\t<meta property=\"og:image:type\" content=\"image\/jpeg\" \/>\n<meta name=\"author\" content=\"Ilona H\u00f6rath\" \/>\n<meta name=\"twitter:label1\" content=\"Written by\" \/>\n\t<meta name=\"twitter:data1\" content=\"Ilona H\u00f6rath\" \/>\n\t<meta name=\"twitter:label2\" content=\"Est. reading time\" \/>\n\t<meta name=\"twitter:data2\" content=\"2 minutes\" \/>\n<script type=\"application\/ld+json\" class=\"yoast-schema-graph\">{\"@context\":\"https:\\\/\\\/schema.org\",\"@graph\":[{\"@type\":\"Article\",\"@id\":\"https:\\\/\\\/digidem-bayern.de\\\/hoeheres-sterblichkeitsrisiko-bei-schweren-symptomen\\\/#article\",\"isPartOf\":{\"@id\":\"https:\\\/\\\/digidem-bayern.de\\\/hoeheres-sterblichkeitsrisiko-bei-schweren-symptomen\\\/\"},\"author\":{\"name\":\"Ilona H\u00f6rath\",\"@id\":\"\\\/#\\\/schema\\\/person\\\/0bc1494f46fc2a051c761322a80e0941\"},\"headline\":\"H\u00f6heres Sterblichkeitsrisiko bei schweren Symptomen\",\"datePublished\":\"2023-10-26T07:58:00+00:00\",\"dateModified\":\"2023-12-04T16:04:49+00:00\",\"mainEntityOfPage\":{\"@id\":\"https:\\\/\\\/digidem-bayern.de\\\/hoeheres-sterblichkeitsrisiko-bei-schweren-symptomen\\\/\"},\"wordCount\":360,\"commentCount\":0,\"publisher\":{\"@id\":\"\\\/#organization\"},\"image\":{\"@id\":\"https:\\\/\\\/digidem-bayern.de\\\/hoeheres-sterblichkeitsrisiko-bei-schweren-symptomen\\\/#primaryimage\"},\"thumbnailUrl\":\"https:\\\/\\\/digidem-bayern.de\\\/wp-content\\\/uploads\\\/2023\\\/10\\\/shutterstock_Flagge-Schweden-571139953.jpg\",\"keywords\":[\"Alzheimer\",\"Apathie\",\"Behandlungskosten\",\"BPSD\",\"Demenz\",\"Demenzdiagnose\",\"Demenzversorgung\",\"digidem\",\"digidem Bayern\",\"Digitales Demenzregister Bayern\",\"Halluzinationen\",\"Schweden\",\"Sterblichkeitsrisiko\",\"Symptomatik\",\"Unruhe\",\"verhaltensbezogene und psychologische Symptome\"],\"articleSection\":[\"Wissenschaft &amp; Forschung\"],\"inLanguage\":\"en-US\",\"potentialAction\":[{\"@type\":\"CommentAction\",\"name\":\"Comment\",\"target\":[\"https:\\\/\\\/digidem-bayern.de\\\/hoeheres-sterblichkeitsrisiko-bei-schweren-symptomen\\\/#respond\"]}]},{\"@type\":\"WebPage\",\"@id\":\"https:\\\/\\\/digidem-bayern.de\\\/hoeheres-sterblichkeitsrisiko-bei-schweren-symptomen\\\/\",\"url\":\"https:\\\/\\\/digidem-bayern.de\\\/hoeheres-sterblichkeitsrisiko-bei-schweren-symptomen\\\/\",\"name\":\"H\u00f6heres Sterblichkeitsrisiko bei schweren Symptomen - digiDEM Bayern\",\"isPartOf\":{\"@id\":\"\\\/#website\"},\"primaryImageOfPage\":{\"@id\":\"https:\\\/\\\/digidem-bayern.de\\\/hoeheres-sterblichkeitsrisiko-bei-schweren-symptomen\\\/#primaryimage\"},\"image\":{\"@id\":\"https:\\\/\\\/digidem-bayern.de\\\/hoeheres-sterblichkeitsrisiko-bei-schweren-symptomen\\\/#primaryimage\"},\"thumbnailUrl\":\"https:\\\/\\\/digidem-bayern.de\\\/wp-content\\\/uploads\\\/2023\\\/10\\\/shutterstock_Flagge-Schweden-571139953.jpg\",\"datePublished\":\"2023-10-26T07:58:00+00:00\",\"dateModified\":\"2023-12-04T16:04:49+00:00\",\"description\":\"Der Bayerische Landesapothekerkammer unterst\u00fctzt digiDEM Bayern mit Hilfe des Netzwerks \\\"Demenzfreundliche Apotheken\\\".\",\"breadcrumb\":{\"@id\":\"https:\\\/\\\/digidem-bayern.de\\\/hoeheres-sterblichkeitsrisiko-bei-schweren-symptomen\\\/#breadcrumb\"},\"inLanguage\":\"en-US\",\"potentialAction\":[{\"@type\":\"ReadAction\",\"target\":[\"https:\\\/\\\/digidem-bayern.de\\\/hoeheres-sterblichkeitsrisiko-bei-schweren-symptomen\\\/\"]}]},{\"@type\":\"ImageObject\",\"inLanguage\":\"en-US\",\"@id\":\"https:\\\/\\\/digidem-bayern.de\\\/hoeheres-sterblichkeitsrisiko-bei-schweren-symptomen\\\/#primaryimage\",\"url\":\"https:\\\/\\\/digidem-bayern.de\\\/wp-content\\\/uploads\\\/2023\\\/10\\\/shutterstock_Flagge-Schweden-571139953.jpg\",\"contentUrl\":\"https:\\\/\\\/digidem-bayern.de\\\/wp-content\\\/uploads\\\/2023\\\/10\\\/shutterstock_Flagge-Schweden-571139953.jpg\",\"width\":1000,\"height\":564,\"caption\":\"Foto: Shutterstock\"},{\"@type\":\"BreadcrumbList\",\"@id\":\"https:\\\/\\\/digidem-bayern.de\\\/hoeheres-sterblichkeitsrisiko-bei-schweren-symptomen\\\/#breadcrumb\",\"itemListElement\":[{\"@type\":\"ListItem\",\"position\":1,\"name\":\"Startseite\",\"item\":\"https:\\\/\\\/digidem-bayern.de\\\/\"},{\"@type\":\"ListItem\",\"position\":2,\"name\":\"H\u00f6heres Sterblichkeitsrisiko bei schweren Symptomen\"}]},{\"@type\":\"WebSite\",\"@id\":\"\\\/#website\",\"url\":\"\\\/\",\"name\":\"digiDEM Bayern\",\"description\":\"Das digitale Demenzregister Bayern erforscht und verbessert die Angebotsstuktur f\u00fcr Menschen mit Demenz und deren Angeh\u00f6rige\",\"publisher\":{\"@id\":\"\\\/#organization\"},\"potentialAction\":[{\"@type\":\"SearchAction\",\"target\":{\"@type\":\"EntryPoint\",\"urlTemplate\":\"\\\/?s={search_term_string}\"},\"query-input\":{\"@type\":\"PropertyValueSpecification\",\"valueRequired\":true,\"valueName\":\"search_term_string\"}}],\"inLanguage\":\"en-US\"},{\"@type\":\"Organization\",\"@id\":\"\\\/#organization\",\"name\":\"digiDEM Bayern\",\"url\":\"\\\/\",\"logo\":{\"@type\":\"ImageObject\",\"inLanguage\":\"en-US\",\"@id\":\"\\\/#\\\/schema\\\/logo\\\/image\\\/\",\"url\":\"https:\\\/\\\/digidem-bayern.de\\\/wp-content\\\/uploads\\\/2022\\\/03\\\/cropped-Allgemeines_digiDEMLOGO-removebg-preview.png\",\"contentUrl\":\"https:\\\/\\\/digidem-bayern.de\\\/wp-content\\\/uploads\\\/2022\\\/03\\\/cropped-Allgemeines_digiDEMLOGO-removebg-preview.png\",\"width\":612,\"height\":357,\"caption\":\"digiDEM Bayern\"},\"image\":{\"@id\":\"\\\/#\\\/schema\\\/logo\\\/image\\\/\"},\"sameAs\":[\"https:\\\/\\\/www.facebook.com\\\/digiDEMBayern\\\/\",\"https:\\\/\\\/x.com\\\/digidem_bayern\",\"https:\\\/\\\/www.instagram.com\\\/digidem.bayern\",\"https:\\\/\\\/www.linkedin.com\\\/company\\\/digidem-bayern\\\/\"]},{\"@type\":\"Person\",\"@id\":\"\\\/#\\\/schema\\\/person\\\/0bc1494f46fc2a051c761322a80e0941\",\"name\":\"Ilona H\u00f6rath\",\"url\":\"https:\\\/\\\/digidem-bayern.de\\\/en\\\/author\\\/hoeratia\\\/\"}]}<\/script>\n<!-- \/ Yoast SEO plugin. -->","yoast_head_json":{"title":"H\u00f6heres Sterblichkeitsrisiko bei schweren Symptomen - digiDEM Bayern","description":"Der Bayerische Landesapothekerkammer unterst\u00fctzt digiDEM Bayern mit Hilfe des Netzwerks \"Demenzfreundliche Apotheken\".","robots":{"index":"index","follow":"follow","max-snippet":"max-snippet:-1","max-image-preview":"max-image-preview:large","max-video-preview":"max-video-preview:-1"},"canonical":"https:\/\/digidem-bayern.de\/en\/hoeheres-sterblichkeitsrisiko-bei-schweren-symptomen\/","og_locale":"en_US","og_type":"article","og_title":"H\u00f6heres Sterblichkeitsrisiko bei schweren Symptomen - digiDEM Bayern","og_description":"Der Bayerische Landesapothekerkammer unterst\u00fctzt digiDEM Bayern mit Hilfe des Netzwerks \"Demenzfreundliche Apotheken\".","og_url":"https:\/\/digidem-bayern.de\/en\/hoeheres-sterblichkeitsrisiko-bei-schweren-symptomen\/","og_site_name":"digiDEM Bayern","article_publisher":"https:\/\/www.facebook.com\/digiDEMBayern\/","article_published_time":"2023-10-26T07:58:00+00:00","article_modified_time":"2023-12-04T16:04:49+00:00","og_image":[{"width":1000,"height":564,"url":"https:\/\/digidem-bayern.de\/wp-content\/uploads\/2023\/10\/shutterstock_Flagge-Schweden-571139953.jpg","type":"image\/jpeg"}],"author":"Ilona H\u00f6rath","twitter_misc":{"Written by":"Ilona H\u00f6rath","Est. reading time":"2 minutes"},"schema":{"@context":"https:\/\/schema.org","@graph":[{"@type":"Article","@id":"https:\/\/digidem-bayern.de\/hoeheres-sterblichkeitsrisiko-bei-schweren-symptomen\/#article","isPartOf":{"@id":"https:\/\/digidem-bayern.de\/hoeheres-sterblichkeitsrisiko-bei-schweren-symptomen\/"},"author":{"name":"Ilona H\u00f6rath","@id":"\/#\/schema\/person\/0bc1494f46fc2a051c761322a80e0941"},"headline":"H\u00f6heres Sterblichkeitsrisiko bei schweren Symptomen","datePublished":"2023-10-26T07:58:00+00:00","dateModified":"2023-12-04T16:04:49+00:00","mainEntityOfPage":{"@id":"https:\/\/digidem-bayern.de\/hoeheres-sterblichkeitsrisiko-bei-schweren-symptomen\/"},"wordCount":360,"commentCount":0,"publisher":{"@id":"\/#organization"},"image":{"@id":"https:\/\/digidem-bayern.de\/hoeheres-sterblichkeitsrisiko-bei-schweren-symptomen\/#primaryimage"},"thumbnailUrl":"https:\/\/digidem-bayern.de\/wp-content\/uploads\/2023\/10\/shutterstock_Flagge-Schweden-571139953.jpg","keywords":["Alzheimer","Apathie","Behandlungskosten","BPSD","Demenz","Demenzdiagnose","Demenzversorgung","digidem","digidem Bayern","Digitales Demenzregister Bayern","Halluzinationen","Schweden","Sterblichkeitsrisiko","Symptomatik","Unruhe","verhaltensbezogene und psychologische Symptome"],"articleSection":["Wissenschaft &amp; Forschung"],"inLanguage":"en-US","potentialAction":[{"@type":"CommentAction","name":"Comment","target":["https:\/\/digidem-bayern.de\/hoeheres-sterblichkeitsrisiko-bei-schweren-symptomen\/#respond"]}]},{"@type":"WebPage","@id":"https:\/\/digidem-bayern.de\/hoeheres-sterblichkeitsrisiko-bei-schweren-symptomen\/","url":"https:\/\/digidem-bayern.de\/hoeheres-sterblichkeitsrisiko-bei-schweren-symptomen\/","name":"H\u00f6heres Sterblichkeitsrisiko bei schweren Symptomen - digiDEM Bayern","isPartOf":{"@id":"\/#website"},"primaryImageOfPage":{"@id":"https:\/\/digidem-bayern.de\/hoeheres-sterblichkeitsrisiko-bei-schweren-symptomen\/#primaryimage"},"image":{"@id":"https:\/\/digidem-bayern.de\/hoeheres-sterblichkeitsrisiko-bei-schweren-symptomen\/#primaryimage"},"thumbnailUrl":"https:\/\/digidem-bayern.de\/wp-content\/uploads\/2023\/10\/shutterstock_Flagge-Schweden-571139953.jpg","datePublished":"2023-10-26T07:58:00+00:00","dateModified":"2023-12-04T16:04:49+00:00","description":"Der Bayerische Landesapothekerkammer unterst\u00fctzt digiDEM Bayern mit Hilfe des Netzwerks \"Demenzfreundliche Apotheken\".","breadcrumb":{"@id":"https:\/\/digidem-bayern.de\/hoeheres-sterblichkeitsrisiko-bei-schweren-symptomen\/#breadcrumb"},"inLanguage":"en-US","potentialAction":[{"@type":"ReadAction","target":["https:\/\/digidem-bayern.de\/hoeheres-sterblichkeitsrisiko-bei-schweren-symptomen\/"]}]},{"@type":"ImageObject","inLanguage":"en-US","@id":"https:\/\/digidem-bayern.de\/hoeheres-sterblichkeitsrisiko-bei-schweren-symptomen\/#primaryimage","url":"https:\/\/digidem-bayern.de\/wp-content\/uploads\/2023\/10\/shutterstock_Flagge-Schweden-571139953.jpg","contentUrl":"https:\/\/digidem-bayern.de\/wp-content\/uploads\/2023\/10\/shutterstock_Flagge-Schweden-571139953.jpg","width":1000,"height":564,"caption":"Foto: Shutterstock"},{"@type":"BreadcrumbList","@id":"https:\/\/digidem-bayern.de\/hoeheres-sterblichkeitsrisiko-bei-schweren-symptomen\/#breadcrumb","itemListElement":[{"@type":"ListItem","position":1,"name":"Startseite","item":"https:\/\/digidem-bayern.de\/"},{"@type":"ListItem","position":2,"name":"H\u00f6heres Sterblichkeitsrisiko bei schweren Symptomen"}]},{"@type":"WebSite","@id":"\/#website","url":"\/","name":"digiDEM Bavaria","description":"The digital dementia register in Bavaria researches and improves the structure of services for people with dementia and their relatives","publisher":{"@id":"\/#organization"},"potentialAction":[{"@type":"SearchAction","target":{"@type":"EntryPoint","urlTemplate":"\/?s={search_term_string}"},"query-input":{"@type":"PropertyValueSpecification","valueRequired":true,"valueName":"search_term_string"}}],"inLanguage":"en-US"},{"@type":"Organization","@id":"\/#organization","name":"digiDEM Bavaria","url":"\/","logo":{"@type":"ImageObject","inLanguage":"en-US","@id":"\/#\/schema\/logo\/image\/","url":"https:\/\/digidem-bayern.de\/wp-content\/uploads\/2022\/03\/cropped-Allgemeines_digiDEMLOGO-removebg-preview.png","contentUrl":"https:\/\/digidem-bayern.de\/wp-content\/uploads\/2022\/03\/cropped-Allgemeines_digiDEMLOGO-removebg-preview.png","width":612,"height":357,"caption":"digiDEM Bayern"},"image":{"@id":"\/#\/schema\/logo\/image\/"},"sameAs":["https:\/\/www.facebook.com\/digiDEMBayern\/","https:\/\/x.com\/digidem_bayern","https:\/\/www.instagram.com\/digidem.bayern","https:\/\/www.linkedin.com\/company\/digidem-bayern\/"]},{"@type":"Person","@id":"\/#\/schema\/person\/0bc1494f46fc2a051c761322a80e0941","name":"Ilona H\u00f6rath","url":"https:\/\/digidem-bayern.de\/en\/author\/hoeratia\/"}]}},"uagb_featured_image_src":{"full":["https:\/\/digidem-bayern.de\/wp-content\/uploads\/2023\/10\/shutterstock_Flagge-Schweden-571139953.jpg",1000,564,false],"thumbnail":["https:\/\/digidem-bayern.de\/wp-content\/uploads\/2023\/10\/shutterstock_Flagge-Schweden-571139953-80x80.jpg",80,80,true],"medium":["https:\/\/digidem-bayern.de\/wp-content\/uploads\/2023\/10\/shutterstock_Flagge-Schweden-571139953-300x169.jpg",300,169,true],"medium_large":["https:\/\/digidem-bayern.de\/wp-content\/uploads\/2023\/10\/shutterstock_Flagge-Schweden-571139953-768x433.jpg",768,433,true],"large":["https:\/\/digidem-bayern.de\/wp-content\/uploads\/2023\/10\/shutterstock_Flagge-Schweden-571139953.jpg",1000,564,false],"1536x1536":["https:\/\/digidem-bayern.de\/wp-content\/uploads\/2023\/10\/shutterstock_Flagge-Schweden-571139953.jpg",1000,564,false],"2048x2048":["https:\/\/digidem-bayern.de\/wp-content\/uploads\/2023\/10\/shutterstock_Flagge-Schweden-571139953.jpg",1000,564,false],"trp-custom-language-flag":["https:\/\/digidem-bayern.de\/wp-content\/uploads\/2023\/10\/shutterstock_Flagge-Schweden-571139953.jpg",18,10,false],"qubely_landscape":["https:\/\/digidem-bayern.de\/wp-content\/uploads\/2023\/10\/shutterstock_Flagge-Schweden-571139953.jpg",1000,564,false],"qubely_portrait":["https:\/\/digidem-bayern.de\/wp-content\/uploads\/2023\/10\/shutterstock_Flagge-Schweden-571139953-540x320.jpg",540,320,true],"qubely_thumbnail":["https:\/\/digidem-bayern.de\/wp-content\/uploads\/2023\/10\/shutterstock_Flagge-Schweden-571139953-140x100.jpg",140,100,true],"post-thumbnail":["https:\/\/digidem-bayern.de\/wp-content\/uploads\/2023\/10\/shutterstock_Flagge-Schweden-571139953-621x350.jpg",621,350,true],"kahuna-featured":["https:\/\/digidem-bayern.de\/wp-content\/uploads\/2023\/10\/shutterstock_Flagge-Schweden-571139953-734x350.jpg",734,350,true],"kahuna-featured-lp":["https:\/\/digidem-bayern.de\/wp-content\/uploads\/2023\/10\/shutterstock_Flagge-Schweden-571139953-520x350.jpg",520,350,true],"kahuna-featured-half":["https:\/\/digidem-bayern.de\/wp-content\/uploads\/2023\/10\/shutterstock_Flagge-Schweden-571139953-800x350.jpg",800,350,true],"kahuna-featured-third":["https:\/\/digidem-bayern.de\/wp-content\/uploads\/2023\/10\/shutterstock_Flagge-Schweden-571139953-512x350.jpg",512,350,true],"kahuna-lpbox-1":["https:\/\/digidem-bayern.de\/wp-content\/uploads\/2023\/10\/shutterstock_Flagge-Schweden-571139953-520x300.jpg",520,300,true],"kahuna-lpbox-2":["https:\/\/digidem-bayern.de\/wp-content\/uploads\/2023\/10\/shutterstock_Flagge-Schweden-571139953-520x350.jpg",520,350,true],"demand-language-flag":["https:\/\/digidem-bayern.de\/wp-content\/uploads\/2023\/10\/shutterstock_Flagge-Schweden-571139953-36x36.jpg",36,36,true],"dddkt-language-flag":["https:\/\/digidem-bayern.de\/wp-content\/uploads\/2023\/10\/shutterstock_Flagge-Schweden-571139953-36x36.jpg",36,36,true],"ddiqc-language-flag":["https:\/\/digidem-bayern.de\/wp-content\/uploads\/2023\/10\/shutterstock_Flagge-Schweden-571139953-36x36.jpg",36,36,true],"ddtl-language-flag":["https:\/\/digidem-bayern.de\/wp-content\/uploads\/2023\/10\/shutterstock_Flagge-Schweden-571139953-36x36.jpg",36,36,true],"mailpoet_newsletter_max":["https:\/\/digidem-bayern.de\/wp-content\/uploads\/2023\/10\/shutterstock_Flagge-Schweden-571139953.jpg",1000,564,false],"kahuna-lpbox-3":["https:\/\/digidem-bayern.de\/wp-content\/uploads\/2023\/10\/shutterstock_Flagge-Schweden-571139953-520x350.jpg",520,350,true],"kahuna-featured-square":["https:\/\/digidem-bayern.de\/wp-content\/uploads\/2023\/10\/shutterstock_Flagge-Schweden-571139953-512x512.jpg",512,512,true],"kahuna-featured-square-large":["https:\/\/digidem-bayern.de\/wp-content\/uploads\/2023\/10\/shutterstock_Flagge-Schweden-571139953.jpg",1000,564,false]},"uagb_author_info":{"display_name":"Ilona H\u00f6rath","author_link":"https:\/\/digidem-bayern.de\/en\/author\/hoeratia\/"},"uagb_comment_info":0,"uagb_excerpt":"Je schwerer die verhaltensbezogenen und psychologischen Symptome (BPSD) bei Menschen mit Demenz sind, desto mehr steigt das Sterblichkeitsrisiko an \u2013 insbesondere bei Menschen mit mittelschwerer und schwerer Demenz. Zu diesem Ergebnis kommen Wissenschaftler*innen der Lund Universit\u00e4t in Schweden. Mit ihrer Studie aus dem Jahr 2020 unterstreichen die Forschenden aus Schweden &hellip;","_links":{"self":[{"href":"https:\/\/digidem-bayern.de\/en\/wp-json\/wp\/v2\/posts\/31267","targetHints":{"allow":["GET"]}}],"collection":[{"href":"https:\/\/digidem-bayern.de\/en\/wp-json\/wp\/v2\/posts"}],"about":[{"href":"https:\/\/digidem-bayern.de\/en\/wp-json\/wp\/v2\/types\/post"}],"author":[{"embeddable":true,"href":"https:\/\/digidem-bayern.de\/en\/wp-json\/wp\/v2\/users\/12"}],"replies":[{"embeddable":true,"href":"https:\/\/digidem-bayern.de\/en\/wp-json\/wp\/v2\/comments?post=31267"}],"version-history":[{"count":3,"href":"https:\/\/digidem-bayern.de\/en\/wp-json\/wp\/v2\/posts\/31267\/revisions"}],"predecessor-version":[{"id":31317,"href":"https:\/\/digidem-bayern.de\/en\/wp-json\/wp\/v2\/posts\/31267\/revisions\/31317"}],"wp:featuredmedia":[{"embeddable":true,"href":"https:\/\/digidem-bayern.de\/en\/wp-json\/wp\/v2\/media\/31305"}],"wp:attachment":[{"href":"https:\/\/digidem-bayern.de\/en\/wp-json\/wp\/v2\/media?parent=31267"}],"wp:term":[{"taxonomy":"category","embeddable":true,"href":"https:\/\/digidem-bayern.de\/en\/wp-json\/wp\/v2\/categories?post=31267"},{"taxonomy":"post_tag","embeddable":true,"href":"https:\/\/digidem-bayern.de\/en\/wp-json\/wp\/v2\/tags?post=31267"}],"curies":[{"name":"wp","href":"https:\/\/api.w.org\/{rel}","templated":true}]}}