{"id":31259,"date":"2023-10-26T08:21:00","date_gmt":"2023-10-26T06:21:00","guid":{"rendered":"https:\/\/digidem-bayern.de\/?p=31259"},"modified":"2023-12-04T17:06:58","modified_gmt":"2023-12-04T16:06:58","slug":"herausforderndes-verhalten-bei-demenz","status":"publish","type":"post","link":"https:\/\/digidem-bayern.de\/en\/herausforderndes-verhalten-bei-demenz\/","title":{"rendered":"\u201eHerausforderndes Verhalten\u201c bei Demenz?"},"content":{"rendered":"<p><strong>Oft ist die Rede von \u201eherausforderndem Verhalten\u201c bei Menschen mit Demenz und von sogenannten verhaltensbezogenen und psychologischen Symptomen. Wir erkl\u00e4ren, was sich hinter den Begriffen verbirgt.<\/strong><\/p>\n\n\n\n<p>BPSD ist die Abk\u00fcrzung f\u00fcr \u201eBehavioural and Psychological Symptomes\u201c. Der englischsprachige Fachbegriff hat sich in der Fachwelt l\u00e4ngst durchgesetzt. Im Deutschen sind damit die sogenannten verhaltensbezogenen und psychologischen Symptome gemeint, die bei Menschen mit Demenz auftreten k\u00f6nnen wie zum Beispiel Halluzinationen, Euphorie, Reizbarkeit, Apathie, Depression und Angst. Je nach Krankheitsverlauf und Schweregrad der Demenz sind diese Symptome unterschiedlich ausgepr\u00e4gt, manchen treten nebeneinander auf, sie reichen von schwach bis sehr stark. Die \u00dcberg\u00e4nge sind dabei flie\u00dfend.<\/p>\n\n\n<div class=\"wp-block-image\">\n<figure class=\"alignright size-full is-resized\"><img loading=\"lazy\" decoding=\"async\" width=\"1000\" height=\"608\" src=\"https:\/\/digidem-bayern.de\/wp-content\/uploads\/2023\/10\/shutterstock_sprechen-1285858291.jpg\" alt=\"Herausforderndes Verhalten\u201c bei Demenz?\" class=\"wp-image-31308\" style=\"aspect-ratio:1.644736842105263;width:469px;height:auto\" srcset=\"https:\/\/digidem-bayern.de\/wp-content\/uploads\/2023\/10\/shutterstock_sprechen-1285858291.jpg 1000w, https:\/\/digidem-bayern.de\/wp-content\/uploads\/2023\/10\/shutterstock_sprechen-1285858291-300x182.jpg 300w, https:\/\/digidem-bayern.de\/wp-content\/uploads\/2023\/10\/shutterstock_sprechen-1285858291-768x467.jpg 768w, https:\/\/digidem-bayern.de\/wp-content\/uploads\/2023\/10\/shutterstock_sprechen-1285858291-576x350.jpg 576w\" sizes=\"auto, (max-width: 1000px) 100vw, 1000px\" \/><figcaption class=\"wp-element-caption\">Foto: Shutterstock<\/figcaption><\/figure>\n<\/div>\n\n\n<p>Sowohl f\u00fcr Menschen mit Demenz als auch ihre pflegenden An- und Zugeh\u00f6rigen stellen die verhaltensbezogenen und psychologischen Symptome oft eine gro\u00dfe Herausforderung dar, die den Einsatz aller Kr\u00e4fte einfordert.<\/p>\n\n\n\n<p><strong>Wenn der Geduldsfaden rei\u00dft<\/strong><\/p>\n\n\n\n<p>Die Anforderungen sind dann vielf\u00e4ltig und k\u00f6nnen zu schweren psychischen Belastungen und Beeintr\u00e4chtigungen f\u00fchren. Weil zum Beispiel die Kommunikation mit den Betroffenen nicht mehr gelingt. Weil der Geduldsfaden rei\u00dft, wenn Menschen mit Demenz anders als gewohnt reagieren. Weil die Betroffenen sich \u2013 aus Sicht der Pflegenden \u00ad\u2013 \u201eherausfordernd\u201c verhalten. Absichtlich geschieht dies nicht. Dessen sollten sich pflegende An- und Zugeh\u00f6rige immer bewusst sein.<\/p>\n\n\n\n<p><strong>Begriff mit vielen Bedeutungen<\/strong><\/p>\n\n\n\n<p>Der Begriff \u201eherausforderndes Verhalten\u201c habe sich in der professionellen Demenzversorgung etabliert, hei\u00dft es unter manchen Fachleuten. Er umfasst die vielf\u00e4ltigen Reaktionen von Menschen mit Demenz auf ihre unterschiedlichsten Gef\u00fchle, Befindlichkeiten und Bed\u00fcrfnisse, die teilweise nicht mehr ge\u00e4u\u00dfert werden k\u00f6nnen.<\/p>\n\n\n\n<p>Wir bei digiDEM Bayern nehmen von der Begrifflichkeit \u201eherausfordernd\u201c Abstand. Denn unserer Ansicht nach schreibt der Begriff \u2013 zu Unrecht \u2013 Menschen mit Demenz eine gewisse Eigenverantwortung bez\u00fcglich ihrer krankheitsbedingten Verhaltensweisen zu. Vielmehr sollte der zusammenfassende Begriff \u201everhaltensbezogene und psychologische Symptome\u201c in unserer Sprache das widerspiegeln, was notwendig ist: Menschen mit Demenz Respekt zu zollen, ihre Menschenw\u00fcrde zu wahren und sie nicht zu stigmatisieren.<\/p>\n\n\n\n<p>Die im November 2023 erscheinende, \u00fcberarbeitete S-3-Leitlinie &#8222;Demenzen&#8220; tr\u00e4gt dieser Entwicklung Rechnung und hat diese Begrifflichkeit \u00fcbernommen.<\/p>\n\n\n\n<p>Menschen mit Demenz ben\u00f6tigen die Unterst\u00fctzung aller. Gleichwohl ist auch die physische und psychische Gesundheit jener zu ber\u00fccksichtigen, die oft \u00fcber ihre Grenzen hinaus gehen: die pflegenden An- und Zugeh\u00f6rigen.<\/p>\n\n\n\n<p>Hier gelangen Sie zu weiterf\u00fchrenden Informationen: <\/p>\n\n\n\n<p><a href=\"https:\/\/www.deutsche-alzheimer.de\/fileadmin\/Alz\/pdf\/Broschueren\/Sprachleitfaden-Demenz-INTERNET.pdf\">Sprachleitfaden Demenz der Deutschen Alzheimer Gesellschaft<\/a><\/p>\n\n\n\n<p style=\"font-size:20px\"><a href=\"https:\/\/www.stmgp.bayern.de\/pflege\/demenz\/\">Demenz \u2013 Lebensbedingungen Betroffener verbessern<\/a><\/p>\n\n\n\n<div style=\"height:20px\" aria-hidden=\"true\" class=\"wp-block-spacer\"><\/div>\n\n\n\n<div style=\"height:20px\" aria-hidden=\"true\" class=\"wp-block-spacer\"><\/div>","protected":false},"excerpt":{"rendered":"<p>Oft ist die Rede von \u201eherausforderndem Verhalten\u201c bei Menschen mit Demenz und von sogenannten verhaltensbezogenen und psychologischen Symptomen. Wir erkl\u00e4ren, was sich hinter den Begriffen verbirgt. BPSD ist die Abk\u00fcrzung f\u00fcr \u201eBehavioural and Psychological Symptomes\u201c. Der englischsprachige Fachbegriff hat sich in der Fachwelt l\u00e4ngst durchgesetzt. Im Deutschen sind damit die &hellip;<\/p>","protected":false},"author":12,"featured_media":31308,"comment_status":"open","ping_status":"closed","sticky":false,"template":"","format":"standard","meta":{"qubely_global_settings":"","qubely_interactions":"","_uag_custom_page_level_css":"","footnotes":""},"categories":[8,5],"tags":[13,850,795,843,12,858,541,14,17,55,16,861,862,607,857,844],"class_list":["post-31259","post","type-post","status-publish","format-standard","has-post-thumbnail","hentry","category-aktuelles-zu-digidem","category-wissenschaft-forschung","tag-alzheimer","tag-apathie","tag-behandlungskosten","tag-bpsd","tag-demenz-2","tag-demenzsymptome","tag-depression","tag-digidem","tag-digidem-bayern","tag-digitales-demenzregister-bayern","tag-herausforderndes-verhalten","tag-herausforderung","tag-leitlinie-demenzen","tag-pflegende","tag-reizbarkeit","tag-verhaltensbezogene-und-psychologische-symptome"],"qubely_featured_image_url":{"full":["https:\/\/digidem-bayern.de\/wp-content\/uploads\/2023\/10\/shutterstock_sprechen-1285858291.jpg",1000,608,false],"landscape":["https:\/\/digidem-bayern.de\/wp-content\/uploads\/2023\/10\/shutterstock_sprechen-1285858291.jpg",1000,608,false],"portraits":["https:\/\/digidem-bayern.de\/wp-content\/uploads\/2023\/10\/shutterstock_sprechen-1285858291-540x320.jpg",540,320,true],"thumbnail":["https:\/\/digidem-bayern.de\/wp-content\/uploads\/2023\/10\/shutterstock_sprechen-1285858291-80x80.jpg",80,80,true],"medium":["https:\/\/digidem-bayern.de\/wp-content\/uploads\/2023\/10\/shutterstock_sprechen-1285858291-300x182.jpg",300,182,true],"medium_large":["https:\/\/digidem-bayern.de\/wp-content\/uploads\/2023\/10\/shutterstock_sprechen-1285858291-768x467.jpg",768,467,true],"large":["https:\/\/digidem-bayern.de\/wp-content\/uploads\/2023\/10\/shutterstock_sprechen-1285858291.jpg",1000,608,false],"1536x1536":["https:\/\/digidem-bayern.de\/wp-content\/uploads\/2023\/10\/shutterstock_sprechen-1285858291.jpg",1000,608,false],"2048x2048":["https:\/\/digidem-bayern.de\/wp-content\/uploads\/2023\/10\/shutterstock_sprechen-1285858291.jpg",1000,608,false],"trp-custom-language-flag":["https:\/\/digidem-bayern.de\/wp-content\/uploads\/2023\/10\/shutterstock_sprechen-1285858291.jpg",18,12,false],"qubely_landscape":["https:\/\/digidem-bayern.de\/wp-content\/uploads\/2023\/10\/shutterstock_sprechen-1285858291.jpg",1000,608,false],"qubely_portrait":["https:\/\/digidem-bayern.de\/wp-content\/uploads\/2023\/10\/shutterstock_sprechen-1285858291-540x320.jpg",540,320,true],"qubely_thumbnail":["https:\/\/digidem-bayern.de\/wp-content\/uploads\/2023\/10\/shutterstock_sprechen-1285858291-140x100.jpg",140,100,true],"post-thumbnail":["https:\/\/digidem-bayern.de\/wp-content\/uploads\/2023\/10\/shutterstock_sprechen-1285858291-576x350.jpg",576,350,true],"kahuna-featured":["https:\/\/digidem-bayern.de\/wp-content\/uploads\/2023\/10\/shutterstock_sprechen-1285858291-734x350.jpg",734,350,true],"kahuna-featured-lp":["https:\/\/digidem-bayern.de\/wp-content\/uploads\/2023\/10\/shutterstock_sprechen-1285858291-520x350.jpg",520,350,true],"kahuna-featured-half":["https:\/\/digidem-bayern.de\/wp-content\/uploads\/2023\/10\/shutterstock_sprechen-1285858291-800x350.jpg",800,350,true],"kahuna-featured-third":["https:\/\/digidem-bayern.de\/wp-content\/uploads\/2023\/10\/shutterstock_sprechen-1285858291-512x350.jpg",512,350,true],"kahuna-lpbox-1":["https:\/\/digidem-bayern.de\/wp-content\/uploads\/2023\/10\/shutterstock_sprechen-1285858291-520x300.jpg",520,300,true],"kahuna-lpbox-2":["https:\/\/digidem-bayern.de\/wp-content\/uploads\/2023\/10\/shutterstock_sprechen-1285858291-520x350.jpg",520,350,true],"demand-language-flag":["https:\/\/digidem-bayern.de\/wp-content\/uploads\/2023\/10\/shutterstock_sprechen-1285858291-36x36.jpg",36,36,true],"dddkt-language-flag":["https:\/\/digidem-bayern.de\/wp-content\/uploads\/2023\/10\/shutterstock_sprechen-1285858291-36x36.jpg",36,36,true],"ddiqc-language-flag":["https:\/\/digidem-bayern.de\/wp-content\/uploads\/2023\/10\/shutterstock_sprechen-1285858291-36x36.jpg",36,36,true],"ddtl-language-flag":["https:\/\/digidem-bayern.de\/wp-content\/uploads\/2023\/10\/shutterstock_sprechen-1285858291-36x36.jpg",36,36,true],"mailpoet_newsletter_max":["https:\/\/digidem-bayern.de\/wp-content\/uploads\/2023\/10\/shutterstock_sprechen-1285858291.jpg",1000,608,false],"kahuna-lpbox-3":["https:\/\/digidem-bayern.de\/wp-content\/uploads\/2023\/10\/shutterstock_sprechen-1285858291-520x350.jpg",520,350,true],"kahuna-featured-square":["https:\/\/digidem-bayern.de\/wp-content\/uploads\/2023\/10\/shutterstock_sprechen-1285858291-512x512.jpg",512,512,true],"kahuna-featured-square-large":["https:\/\/digidem-bayern.de\/wp-content\/uploads\/2023\/10\/shutterstock_sprechen-1285858291.jpg",1000,608,false]},"qubely_author":{"display_name":"Ilona H\u00f6rath","author_link":"https:\/\/digidem-bayern.de\/en\/author\/hoeratia\/"},"qubely_comment":2,"qubely_category":"<a href=\"https:\/\/digidem-bayern.de\/en\/category\/aktuelles-zu-digidem\/\" rel=\"category tag\">Aktuelles zu digiDEM<\/a> <a href=\"https:\/\/digidem-bayern.de\/en\/category\/wissenschaft-forschung\/\" rel=\"category tag\">Wissenschaft &amp; Forschung<\/a>","qubely_excerpt":"Oft ist die Rede von \u201eherausforderndem Verhalten\u201c bei Menschen mit Demenz und von sogenannten verhaltensbezogenen und psychologischen Symptomen. Wir erkl\u00e4ren, was sich hinter den Begriffen verbirgt. BPSD ist die Abk\u00fcrzung f\u00fcr \u201eBehavioural and Psychological Symptomes\u201c. Der englischsprachige Fachbegriff hat sich in der Fachwelt l\u00e4ngst durchgesetzt. Im Deutschen sind damit die &hellip;","featured_image_urls_v2":{"full":["https:\/\/digidem-bayern.de\/wp-content\/uploads\/2023\/10\/shutterstock_sprechen-1285858291.jpg",1000,608,false],"thumbnail":["https:\/\/digidem-bayern.de\/wp-content\/uploads\/2023\/10\/shutterstock_sprechen-1285858291-80x80.jpg",80,80,true],"medium":["https:\/\/digidem-bayern.de\/wp-content\/uploads\/2023\/10\/shutterstock_sprechen-1285858291-300x182.jpg",300,182,true],"medium_large":["https:\/\/digidem-bayern.de\/wp-content\/uploads\/2023\/10\/shutterstock_sprechen-1285858291-768x467.jpg",768,467,true],"large":["https:\/\/digidem-bayern.de\/wp-content\/uploads\/2023\/10\/shutterstock_sprechen-1285858291.jpg",1000,608,false],"1536x1536":["https:\/\/digidem-bayern.de\/wp-content\/uploads\/2023\/10\/shutterstock_sprechen-1285858291.jpg",1000,608,false],"2048x2048":["https:\/\/digidem-bayern.de\/wp-content\/uploads\/2023\/10\/shutterstock_sprechen-1285858291.jpg",1000,608,false],"trp-custom-language-flag":["https:\/\/digidem-bayern.de\/wp-content\/uploads\/2023\/10\/shutterstock_sprechen-1285858291.jpg",18,12,false],"qubely_landscape":["https:\/\/digidem-bayern.de\/wp-content\/uploads\/2023\/10\/shutterstock_sprechen-1285858291.jpg",1000,608,false],"qubely_portrait":["https:\/\/digidem-bayern.de\/wp-content\/uploads\/2023\/10\/shutterstock_sprechen-1285858291-540x320.jpg",540,320,true],"qubely_thumbnail":["https:\/\/digidem-bayern.de\/wp-content\/uploads\/2023\/10\/shutterstock_sprechen-1285858291-140x100.jpg",140,100,true],"post-thumbnail":["https:\/\/digidem-bayern.de\/wp-content\/uploads\/2023\/10\/shutterstock_sprechen-1285858291-576x350.jpg",576,350,true],"kahuna-featured":["https:\/\/digidem-bayern.de\/wp-content\/uploads\/2023\/10\/shutterstock_sprechen-1285858291-734x350.jpg",734,350,true],"kahuna-featured-lp":["https:\/\/digidem-bayern.de\/wp-content\/uploads\/2023\/10\/shutterstock_sprechen-1285858291-520x350.jpg",520,350,true],"kahuna-featured-half":["https:\/\/digidem-bayern.de\/wp-content\/uploads\/2023\/10\/shutterstock_sprechen-1285858291-800x350.jpg",800,350,true],"kahuna-featured-third":["https:\/\/digidem-bayern.de\/wp-content\/uploads\/2023\/10\/shutterstock_sprechen-1285858291-512x350.jpg",512,350,true],"kahuna-lpbox-1":["https:\/\/digidem-bayern.de\/wp-content\/uploads\/2023\/10\/shutterstock_sprechen-1285858291-520x300.jpg",520,300,true],"kahuna-lpbox-2":["https:\/\/digidem-bayern.de\/wp-content\/uploads\/2023\/10\/shutterstock_sprechen-1285858291-520x350.jpg",520,350,true],"demand-language-flag":["https:\/\/digidem-bayern.de\/wp-content\/uploads\/2023\/10\/shutterstock_sprechen-1285858291-36x36.jpg",36,36,true],"dddkt-language-flag":["https:\/\/digidem-bayern.de\/wp-content\/uploads\/2023\/10\/shutterstock_sprechen-1285858291-36x36.jpg",36,36,true],"ddiqc-language-flag":["https:\/\/digidem-bayern.de\/wp-content\/uploads\/2023\/10\/shutterstock_sprechen-1285858291-36x36.jpg",36,36,true],"ddtl-language-flag":["https:\/\/digidem-bayern.de\/wp-content\/uploads\/2023\/10\/shutterstock_sprechen-1285858291-36x36.jpg",36,36,true],"mailpoet_newsletter_max":["https:\/\/digidem-bayern.de\/wp-content\/uploads\/2023\/10\/shutterstock_sprechen-1285858291.jpg",1000,608,false],"kahuna-lpbox-3":["https:\/\/digidem-bayern.de\/wp-content\/uploads\/2023\/10\/shutterstock_sprechen-1285858291-520x350.jpg",520,350,true],"kahuna-featured-square":["https:\/\/digidem-bayern.de\/wp-content\/uploads\/2023\/10\/shutterstock_sprechen-1285858291-512x512.jpg",512,512,true],"kahuna-featured-square-large":["https:\/\/digidem-bayern.de\/wp-content\/uploads\/2023\/10\/shutterstock_sprechen-1285858291.jpg",1000,608,false]},"post_excerpt_stackable_v2":"<p>Oft ist die Rede von \u201eherausforderndem Verhalten\u201c bei Menschen mit Demenz und von sogenannten verhaltensbezogenen und psychologischen Symptomen. Wir erkl\u00e4ren, was sich hinter den Begriffen verbirgt. BPSD ist die Abk\u00fcrzung f\u00fcr \u201eBehavioural and Psychological Symptomes\u201c. Der englischsprachige Fachbegriff hat sich in der Fachwelt l\u00e4ngst durchgesetzt. Im Deutschen sind damit die sogenannten verhaltensbezogenen und psychologischen Symptome gemeint, die bei Menschen mit Demenz auftreten k\u00f6nnen wie zum Beispiel Halluzinationen, Euphorie, Reizbarkeit, Apathie, Depression und Angst. Je nach Krankheitsverlauf und Schweregrad der Demenz sind diese Symptome unterschiedlich ausgepr\u00e4gt, manchen treten nebeneinander auf, sie reichen von schwach bis sehr stark. Die \u00dcberg\u00e4nge sind dabei&hellip;<\/p>\n","category_list_v2":"<a href=\"https:\/\/digidem-bayern.de\/en\/category\/aktuelles-zu-digidem\/\" rel=\"category tag\">Aktuelles zu digiDEM<\/a>, <a href=\"https:\/\/digidem-bayern.de\/en\/category\/wissenschaft-forschung\/\" rel=\"category tag\">Wissenschaft &amp; Forschung<\/a>","author_info_v2":{"name":"Ilona H\u00f6rath","url":"https:\/\/digidem-bayern.de\/en\/author\/hoeratia\/"},"comments_num_v2":"0 comments","yoast_head":"<!-- This site is optimized with the Yoast SEO plugin v27.4 - https:\/\/yoast.com\/product\/yoast-seo-wordpress\/ -->\n<title>\u201eHerausforderndes Verhalten\u201c bei Demenz? - digiDEM Bayern<\/title>\n<meta name=\"description\" content=\"Der Bayerische Landesapothekerkammer unterst\u00fctzt digiDEM Bayern mit Hilfe des Netzwerks &quot;Demenzfreundliche Apotheken&quot;.\" \/>\n<meta name=\"robots\" content=\"index, follow, max-snippet:-1, max-image-preview:large, max-video-preview:-1\" \/>\n<link rel=\"canonical\" href=\"https:\/\/digidem-bayern.de\/en\/herausforderndes-verhalten-bei-demenz\/\" \/>\n<meta property=\"og:locale\" content=\"en_US\" \/>\n<meta property=\"og:type\" content=\"article\" \/>\n<meta property=\"og:title\" content=\"\u201eHerausforderndes Verhalten\u201c bei Demenz? - digiDEM Bayern\" \/>\n<meta property=\"og:description\" content=\"Der Bayerische Landesapothekerkammer unterst\u00fctzt digiDEM Bayern mit Hilfe des Netzwerks &quot;Demenzfreundliche Apotheken&quot;.\" \/>\n<meta property=\"og:url\" content=\"https:\/\/digidem-bayern.de\/en\/herausforderndes-verhalten-bei-demenz\/\" \/>\n<meta property=\"og:site_name\" content=\"digiDEM Bayern\" \/>\n<meta property=\"article:publisher\" content=\"https:\/\/www.facebook.com\/digiDEMBayern\/\" \/>\n<meta property=\"article:published_time\" content=\"2023-10-26T06:21:00+00:00\" \/>\n<meta property=\"article:modified_time\" content=\"2023-12-04T16:06:58+00:00\" \/>\n<meta property=\"og:image\" content=\"https:\/\/digidem-bayern.de\/wp-content\/uploads\/2023\/10\/shutterstock_sprechen-1285858291.jpg\" \/>\n\t<meta property=\"og:image:width\" content=\"1000\" \/>\n\t<meta property=\"og:image:height\" content=\"608\" \/>\n\t<meta property=\"og:image:type\" content=\"image\/jpeg\" \/>\n<meta name=\"author\" content=\"Ilona H\u00f6rath\" \/>\n<meta name=\"twitter:label1\" content=\"Written by\" \/>\n\t<meta name=\"twitter:data1\" content=\"Ilona H\u00f6rath\" \/>\n\t<meta name=\"twitter:label2\" content=\"Est. reading time\" \/>\n\t<meta name=\"twitter:data2\" content=\"2 minutes\" \/>\n<script type=\"application\/ld+json\" class=\"yoast-schema-graph\">{\"@context\":\"https:\\\/\\\/schema.org\",\"@graph\":[{\"@type\":\"Article\",\"@id\":\"https:\\\/\\\/digidem-bayern.de\\\/herausforderndes-verhalten-bei-demenz\\\/#article\",\"isPartOf\":{\"@id\":\"https:\\\/\\\/digidem-bayern.de\\\/herausforderndes-verhalten-bei-demenz\\\/\"},\"author\":{\"name\":\"Ilona H\u00f6rath\",\"@id\":\"\\\/#\\\/schema\\\/person\\\/0bc1494f46fc2a051c761322a80e0941\"},\"headline\":\"\u201eHerausforderndes Verhalten\u201c bei Demenz?\",\"datePublished\":\"2023-10-26T06:21:00+00:00\",\"dateModified\":\"2023-12-04T16:06:58+00:00\",\"mainEntityOfPage\":{\"@id\":\"https:\\\/\\\/digidem-bayern.de\\\/herausforderndes-verhalten-bei-demenz\\\/\"},\"wordCount\":403,\"commentCount\":0,\"publisher\":{\"@id\":\"\\\/#organization\"},\"image\":{\"@id\":\"https:\\\/\\\/digidem-bayern.de\\\/herausforderndes-verhalten-bei-demenz\\\/#primaryimage\"},\"thumbnailUrl\":\"https:\\\/\\\/digidem-bayern.de\\\/wp-content\\\/uploads\\\/2023\\\/10\\\/shutterstock_sprechen-1285858291.jpg\",\"keywords\":[\"Alzheimer\",\"Apathie\",\"Behandlungskosten\",\"BPSD\",\"Demenz\",\"Demenzsymptome\",\"Depression\",\"digidem\",\"digidem Bayern\",\"Digitales Demenzregister Bayern\",\"herausforderndes Verhalten\",\"Herausforderung\",\"Leitlinie Demenzen\",\"Pflegende\",\"Reizbarkeit\",\"verhaltensbezogene und psychologische Symptome\"],\"articleSection\":[\"Aktuelles zu digiDEM\",\"Wissenschaft &amp; Forschung\"],\"inLanguage\":\"en-US\",\"potentialAction\":[{\"@type\":\"CommentAction\",\"name\":\"Comment\",\"target\":[\"https:\\\/\\\/digidem-bayern.de\\\/herausforderndes-verhalten-bei-demenz\\\/#respond\"]}]},{\"@type\":\"WebPage\",\"@id\":\"https:\\\/\\\/digidem-bayern.de\\\/herausforderndes-verhalten-bei-demenz\\\/\",\"url\":\"https:\\\/\\\/digidem-bayern.de\\\/herausforderndes-verhalten-bei-demenz\\\/\",\"name\":\"\u201eHerausforderndes Verhalten\u201c bei Demenz? - digiDEM Bayern\",\"isPartOf\":{\"@id\":\"\\\/#website\"},\"primaryImageOfPage\":{\"@id\":\"https:\\\/\\\/digidem-bayern.de\\\/herausforderndes-verhalten-bei-demenz\\\/#primaryimage\"},\"image\":{\"@id\":\"https:\\\/\\\/digidem-bayern.de\\\/herausforderndes-verhalten-bei-demenz\\\/#primaryimage\"},\"thumbnailUrl\":\"https:\\\/\\\/digidem-bayern.de\\\/wp-content\\\/uploads\\\/2023\\\/10\\\/shutterstock_sprechen-1285858291.jpg\",\"datePublished\":\"2023-10-26T06:21:00+00:00\",\"dateModified\":\"2023-12-04T16:06:58+00:00\",\"description\":\"Der Bayerische Landesapothekerkammer unterst\u00fctzt digiDEM Bayern mit Hilfe des Netzwerks \\\"Demenzfreundliche Apotheken\\\".\",\"breadcrumb\":{\"@id\":\"https:\\\/\\\/digidem-bayern.de\\\/herausforderndes-verhalten-bei-demenz\\\/#breadcrumb\"},\"inLanguage\":\"en-US\",\"potentialAction\":[{\"@type\":\"ReadAction\",\"target\":[\"https:\\\/\\\/digidem-bayern.de\\\/herausforderndes-verhalten-bei-demenz\\\/\"]}]},{\"@type\":\"ImageObject\",\"inLanguage\":\"en-US\",\"@id\":\"https:\\\/\\\/digidem-bayern.de\\\/herausforderndes-verhalten-bei-demenz\\\/#primaryimage\",\"url\":\"https:\\\/\\\/digidem-bayern.de\\\/wp-content\\\/uploads\\\/2023\\\/10\\\/shutterstock_sprechen-1285858291.jpg\",\"contentUrl\":\"https:\\\/\\\/digidem-bayern.de\\\/wp-content\\\/uploads\\\/2023\\\/10\\\/shutterstock_sprechen-1285858291.jpg\",\"width\":1000,\"height\":608,\"caption\":\"Foto: Shutterstock\"},{\"@type\":\"BreadcrumbList\",\"@id\":\"https:\\\/\\\/digidem-bayern.de\\\/herausforderndes-verhalten-bei-demenz\\\/#breadcrumb\",\"itemListElement\":[{\"@type\":\"ListItem\",\"position\":1,\"name\":\"Startseite\",\"item\":\"https:\\\/\\\/digidem-bayern.de\\\/\"},{\"@type\":\"ListItem\",\"position\":2,\"name\":\"\u201eHerausforderndes Verhalten\u201c bei Demenz?\"}]},{\"@type\":\"WebSite\",\"@id\":\"\\\/#website\",\"url\":\"\\\/\",\"name\":\"digiDEM Bayern\",\"description\":\"Das digitale Demenzregister Bayern erforscht und verbessert die Angebotsstuktur f\u00fcr Menschen mit Demenz und deren Angeh\u00f6rige\",\"publisher\":{\"@id\":\"\\\/#organization\"},\"potentialAction\":[{\"@type\":\"SearchAction\",\"target\":{\"@type\":\"EntryPoint\",\"urlTemplate\":\"\\\/?s={search_term_string}\"},\"query-input\":{\"@type\":\"PropertyValueSpecification\",\"valueRequired\":true,\"valueName\":\"search_term_string\"}}],\"inLanguage\":\"en-US\"},{\"@type\":\"Organization\",\"@id\":\"\\\/#organization\",\"name\":\"digiDEM Bayern\",\"url\":\"\\\/\",\"logo\":{\"@type\":\"ImageObject\",\"inLanguage\":\"en-US\",\"@id\":\"\\\/#\\\/schema\\\/logo\\\/image\\\/\",\"url\":\"https:\\\/\\\/digidem-bayern.de\\\/wp-content\\\/uploads\\\/2022\\\/03\\\/cropped-Allgemeines_digiDEMLOGO-removebg-preview.png\",\"contentUrl\":\"https:\\\/\\\/digidem-bayern.de\\\/wp-content\\\/uploads\\\/2022\\\/03\\\/cropped-Allgemeines_digiDEMLOGO-removebg-preview.png\",\"width\":612,\"height\":357,\"caption\":\"digiDEM Bayern\"},\"image\":{\"@id\":\"\\\/#\\\/schema\\\/logo\\\/image\\\/\"},\"sameAs\":[\"https:\\\/\\\/www.facebook.com\\\/digiDEMBayern\\\/\",\"https:\\\/\\\/x.com\\\/digidem_bayern\",\"https:\\\/\\\/www.instagram.com\\\/digidem.bayern\",\"https:\\\/\\\/www.linkedin.com\\\/company\\\/digidem-bayern\\\/\"]},{\"@type\":\"Person\",\"@id\":\"\\\/#\\\/schema\\\/person\\\/0bc1494f46fc2a051c761322a80e0941\",\"name\":\"Ilona H\u00f6rath\",\"url\":\"https:\\\/\\\/digidem-bayern.de\\\/en\\\/author\\\/hoeratia\\\/\"}]}<\/script>\n<!-- \/ Yoast SEO plugin. -->","yoast_head_json":{"title":"\u201eHerausforderndes Verhalten\u201c bei Demenz? - digiDEM Bayern","description":"Der Bayerische Landesapothekerkammer unterst\u00fctzt digiDEM Bayern mit Hilfe des Netzwerks \"Demenzfreundliche Apotheken\".","robots":{"index":"index","follow":"follow","max-snippet":"max-snippet:-1","max-image-preview":"max-image-preview:large","max-video-preview":"max-video-preview:-1"},"canonical":"https:\/\/digidem-bayern.de\/en\/herausforderndes-verhalten-bei-demenz\/","og_locale":"en_US","og_type":"article","og_title":"\u201eHerausforderndes Verhalten\u201c bei Demenz? - digiDEM Bayern","og_description":"Der Bayerische Landesapothekerkammer unterst\u00fctzt digiDEM Bayern mit Hilfe des Netzwerks \"Demenzfreundliche Apotheken\".","og_url":"https:\/\/digidem-bayern.de\/en\/herausforderndes-verhalten-bei-demenz\/","og_site_name":"digiDEM Bayern","article_publisher":"https:\/\/www.facebook.com\/digiDEMBayern\/","article_published_time":"2023-10-26T06:21:00+00:00","article_modified_time":"2023-12-04T16:06:58+00:00","og_image":[{"width":1000,"height":608,"url":"https:\/\/digidem-bayern.de\/wp-content\/uploads\/2023\/10\/shutterstock_sprechen-1285858291.jpg","type":"image\/jpeg"}],"author":"Ilona H\u00f6rath","twitter_misc":{"Written by":"Ilona H\u00f6rath","Est. reading time":"2 minutes"},"schema":{"@context":"https:\/\/schema.org","@graph":[{"@type":"Article","@id":"https:\/\/digidem-bayern.de\/herausforderndes-verhalten-bei-demenz\/#article","isPartOf":{"@id":"https:\/\/digidem-bayern.de\/herausforderndes-verhalten-bei-demenz\/"},"author":{"name":"Ilona H\u00f6rath","@id":"\/#\/schema\/person\/0bc1494f46fc2a051c761322a80e0941"},"headline":"\u201eHerausforderndes Verhalten\u201c bei Demenz?","datePublished":"2023-10-26T06:21:00+00:00","dateModified":"2023-12-04T16:06:58+00:00","mainEntityOfPage":{"@id":"https:\/\/digidem-bayern.de\/herausforderndes-verhalten-bei-demenz\/"},"wordCount":403,"commentCount":0,"publisher":{"@id":"\/#organization"},"image":{"@id":"https:\/\/digidem-bayern.de\/herausforderndes-verhalten-bei-demenz\/#primaryimage"},"thumbnailUrl":"https:\/\/digidem-bayern.de\/wp-content\/uploads\/2023\/10\/shutterstock_sprechen-1285858291.jpg","keywords":["Alzheimer","Apathie","Behandlungskosten","BPSD","Demenz","Demenzsymptome","Depression","digidem","digidem Bayern","Digitales Demenzregister Bayern","herausforderndes Verhalten","Herausforderung","Leitlinie Demenzen","Pflegende","Reizbarkeit","verhaltensbezogene und psychologische Symptome"],"articleSection":["Aktuelles zu digiDEM","Wissenschaft &amp; Forschung"],"inLanguage":"en-US","potentialAction":[{"@type":"CommentAction","name":"Comment","target":["https:\/\/digidem-bayern.de\/herausforderndes-verhalten-bei-demenz\/#respond"]}]},{"@type":"WebPage","@id":"https:\/\/digidem-bayern.de\/herausforderndes-verhalten-bei-demenz\/","url":"https:\/\/digidem-bayern.de\/herausforderndes-verhalten-bei-demenz\/","name":"\u201eHerausforderndes Verhalten\u201c bei Demenz? - digiDEM Bayern","isPartOf":{"@id":"\/#website"},"primaryImageOfPage":{"@id":"https:\/\/digidem-bayern.de\/herausforderndes-verhalten-bei-demenz\/#primaryimage"},"image":{"@id":"https:\/\/digidem-bayern.de\/herausforderndes-verhalten-bei-demenz\/#primaryimage"},"thumbnailUrl":"https:\/\/digidem-bayern.de\/wp-content\/uploads\/2023\/10\/shutterstock_sprechen-1285858291.jpg","datePublished":"2023-10-26T06:21:00+00:00","dateModified":"2023-12-04T16:06:58+00:00","description":"Der Bayerische Landesapothekerkammer unterst\u00fctzt digiDEM Bayern mit Hilfe des Netzwerks \"Demenzfreundliche Apotheken\".","breadcrumb":{"@id":"https:\/\/digidem-bayern.de\/herausforderndes-verhalten-bei-demenz\/#breadcrumb"},"inLanguage":"en-US","potentialAction":[{"@type":"ReadAction","target":["https:\/\/digidem-bayern.de\/herausforderndes-verhalten-bei-demenz\/"]}]},{"@type":"ImageObject","inLanguage":"en-US","@id":"https:\/\/digidem-bayern.de\/herausforderndes-verhalten-bei-demenz\/#primaryimage","url":"https:\/\/digidem-bayern.de\/wp-content\/uploads\/2023\/10\/shutterstock_sprechen-1285858291.jpg","contentUrl":"https:\/\/digidem-bayern.de\/wp-content\/uploads\/2023\/10\/shutterstock_sprechen-1285858291.jpg","width":1000,"height":608,"caption":"Foto: Shutterstock"},{"@type":"BreadcrumbList","@id":"https:\/\/digidem-bayern.de\/herausforderndes-verhalten-bei-demenz\/#breadcrumb","itemListElement":[{"@type":"ListItem","position":1,"name":"Startseite","item":"https:\/\/digidem-bayern.de\/"},{"@type":"ListItem","position":2,"name":"\u201eHerausforderndes Verhalten\u201c bei Demenz?"}]},{"@type":"WebSite","@id":"\/#website","url":"\/","name":"digiDEM Bavaria","description":"The digital dementia register in Bavaria researches and improves the structure of services for people with dementia and their relatives","publisher":{"@id":"\/#organization"},"potentialAction":[{"@type":"SearchAction","target":{"@type":"EntryPoint","urlTemplate":"\/?s={search_term_string}"},"query-input":{"@type":"PropertyValueSpecification","valueRequired":true,"valueName":"search_term_string"}}],"inLanguage":"en-US"},{"@type":"Organization","@id":"\/#organization","name":"digiDEM Bavaria","url":"\/","logo":{"@type":"ImageObject","inLanguage":"en-US","@id":"\/#\/schema\/logo\/image\/","url":"https:\/\/digidem-bayern.de\/wp-content\/uploads\/2022\/03\/cropped-Allgemeines_digiDEMLOGO-removebg-preview.png","contentUrl":"https:\/\/digidem-bayern.de\/wp-content\/uploads\/2022\/03\/cropped-Allgemeines_digiDEMLOGO-removebg-preview.png","width":612,"height":357,"caption":"digiDEM Bayern"},"image":{"@id":"\/#\/schema\/logo\/image\/"},"sameAs":["https:\/\/www.facebook.com\/digiDEMBayern\/","https:\/\/x.com\/digidem_bayern","https:\/\/www.instagram.com\/digidem.bayern","https:\/\/www.linkedin.com\/company\/digidem-bayern\/"]},{"@type":"Person","@id":"\/#\/schema\/person\/0bc1494f46fc2a051c761322a80e0941","name":"Ilona H\u00f6rath","url":"https:\/\/digidem-bayern.de\/en\/author\/hoeratia\/"}]}},"uagb_featured_image_src":{"full":["https:\/\/digidem-bayern.de\/wp-content\/uploads\/2023\/10\/shutterstock_sprechen-1285858291.jpg",1000,608,false],"thumbnail":["https:\/\/digidem-bayern.de\/wp-content\/uploads\/2023\/10\/shutterstock_sprechen-1285858291-80x80.jpg",80,80,true],"medium":["https:\/\/digidem-bayern.de\/wp-content\/uploads\/2023\/10\/shutterstock_sprechen-1285858291-300x182.jpg",300,182,true],"medium_large":["https:\/\/digidem-bayern.de\/wp-content\/uploads\/2023\/10\/shutterstock_sprechen-1285858291-768x467.jpg",768,467,true],"large":["https:\/\/digidem-bayern.de\/wp-content\/uploads\/2023\/10\/shutterstock_sprechen-1285858291.jpg",1000,608,false],"1536x1536":["https:\/\/digidem-bayern.de\/wp-content\/uploads\/2023\/10\/shutterstock_sprechen-1285858291.jpg",1000,608,false],"2048x2048":["https:\/\/digidem-bayern.de\/wp-content\/uploads\/2023\/10\/shutterstock_sprechen-1285858291.jpg",1000,608,false],"trp-custom-language-flag":["https:\/\/digidem-bayern.de\/wp-content\/uploads\/2023\/10\/shutterstock_sprechen-1285858291.jpg",18,12,false],"qubely_landscape":["https:\/\/digidem-bayern.de\/wp-content\/uploads\/2023\/10\/shutterstock_sprechen-1285858291.jpg",1000,608,false],"qubely_portrait":["https:\/\/digidem-bayern.de\/wp-content\/uploads\/2023\/10\/shutterstock_sprechen-1285858291-540x320.jpg",540,320,true],"qubely_thumbnail":["https:\/\/digidem-bayern.de\/wp-content\/uploads\/2023\/10\/shutterstock_sprechen-1285858291-140x100.jpg",140,100,true],"post-thumbnail":["https:\/\/digidem-bayern.de\/wp-content\/uploads\/2023\/10\/shutterstock_sprechen-1285858291-576x350.jpg",576,350,true],"kahuna-featured":["https:\/\/digidem-bayern.de\/wp-content\/uploads\/2023\/10\/shutterstock_sprechen-1285858291-734x350.jpg",734,350,true],"kahuna-featured-lp":["https:\/\/digidem-bayern.de\/wp-content\/uploads\/2023\/10\/shutterstock_sprechen-1285858291-520x350.jpg",520,350,true],"kahuna-featured-half":["https:\/\/digidem-bayern.de\/wp-content\/uploads\/2023\/10\/shutterstock_sprechen-1285858291-800x350.jpg",800,350,true],"kahuna-featured-third":["https:\/\/digidem-bayern.de\/wp-content\/uploads\/2023\/10\/shutterstock_sprechen-1285858291-512x350.jpg",512,350,true],"kahuna-lpbox-1":["https:\/\/digidem-bayern.de\/wp-content\/uploads\/2023\/10\/shutterstock_sprechen-1285858291-520x300.jpg",520,300,true],"kahuna-lpbox-2":["https:\/\/digidem-bayern.de\/wp-content\/uploads\/2023\/10\/shutterstock_sprechen-1285858291-520x350.jpg",520,350,true],"demand-language-flag":["https:\/\/digidem-bayern.de\/wp-content\/uploads\/2023\/10\/shutterstock_sprechen-1285858291-36x36.jpg",36,36,true],"dddkt-language-flag":["https:\/\/digidem-bayern.de\/wp-content\/uploads\/2023\/10\/shutterstock_sprechen-1285858291-36x36.jpg",36,36,true],"ddiqc-language-flag":["https:\/\/digidem-bayern.de\/wp-content\/uploads\/2023\/10\/shutterstock_sprechen-1285858291-36x36.jpg",36,36,true],"ddtl-language-flag":["https:\/\/digidem-bayern.de\/wp-content\/uploads\/2023\/10\/shutterstock_sprechen-1285858291-36x36.jpg",36,36,true],"mailpoet_newsletter_max":["https:\/\/digidem-bayern.de\/wp-content\/uploads\/2023\/10\/shutterstock_sprechen-1285858291.jpg",1000,608,false],"kahuna-lpbox-3":["https:\/\/digidem-bayern.de\/wp-content\/uploads\/2023\/10\/shutterstock_sprechen-1285858291-520x350.jpg",520,350,true],"kahuna-featured-square":["https:\/\/digidem-bayern.de\/wp-content\/uploads\/2023\/10\/shutterstock_sprechen-1285858291-512x512.jpg",512,512,true],"kahuna-featured-square-large":["https:\/\/digidem-bayern.de\/wp-content\/uploads\/2023\/10\/shutterstock_sprechen-1285858291.jpg",1000,608,false]},"uagb_author_info":{"display_name":"Ilona H\u00f6rath","author_link":"https:\/\/digidem-bayern.de\/en\/author\/hoeratia\/"},"uagb_comment_info":2,"uagb_excerpt":"Oft ist die Rede von \u201eherausforderndem Verhalten\u201c bei Menschen mit Demenz und von sogenannten verhaltensbezogenen und psychologischen Symptomen. Wir erkl\u00e4ren, was sich hinter den Begriffen verbirgt. BPSD ist die Abk\u00fcrzung f\u00fcr \u201eBehavioural and Psychological Symptomes\u201c. Der englischsprachige Fachbegriff hat sich in der Fachwelt l\u00e4ngst durchgesetzt. Im Deutschen sind damit die &hellip;","_links":{"self":[{"href":"https:\/\/digidem-bayern.de\/en\/wp-json\/wp\/v2\/posts\/31259","targetHints":{"allow":["GET"]}}],"collection":[{"href":"https:\/\/digidem-bayern.de\/en\/wp-json\/wp\/v2\/posts"}],"about":[{"href":"https:\/\/digidem-bayern.de\/en\/wp-json\/wp\/v2\/types\/post"}],"author":[{"embeddable":true,"href":"https:\/\/digidem-bayern.de\/en\/wp-json\/wp\/v2\/users\/12"}],"replies":[{"embeddable":true,"href":"https:\/\/digidem-bayern.de\/en\/wp-json\/wp\/v2\/comments?post=31259"}],"version-history":[{"count":3,"href":"https:\/\/digidem-bayern.de\/en\/wp-json\/wp\/v2\/posts\/31259\/revisions"}],"predecessor-version":[{"id":31310,"href":"https:\/\/digidem-bayern.de\/en\/wp-json\/wp\/v2\/posts\/31259\/revisions\/31310"}],"wp:featuredmedia":[{"embeddable":true,"href":"https:\/\/digidem-bayern.de\/en\/wp-json\/wp\/v2\/media\/31308"}],"wp:attachment":[{"href":"https:\/\/digidem-bayern.de\/en\/wp-json\/wp\/v2\/media?parent=31259"}],"wp:term":[{"taxonomy":"category","embeddable":true,"href":"https:\/\/digidem-bayern.de\/en\/wp-json\/wp\/v2\/categories?post=31259"},{"taxonomy":"post_tag","embeddable":true,"href":"https:\/\/digidem-bayern.de\/en\/wp-json\/wp\/v2\/tags?post=31259"}],"curies":[{"name":"wp","href":"https:\/\/api.w.org\/{rel}","templated":true}]}}