{"id":31146,"date":"2023-10-12T14:36:13","date_gmt":"2023-10-12T12:36:13","guid":{"rendered":"https:\/\/digidem-bayern.de\/?p=31146"},"modified":"2023-10-12T15:10:25","modified_gmt":"2023-10-12T13:10:25","slug":"psychosoziale-behandlungsformen-bei-demenz","status":"publish","type":"post","link":"https:\/\/digidem-bayern.de\/en\/psychosoziale-behandlungsformen-bei-demenz\/","title":{"rendered":"Psychosoziale Behandlungsformen bei Demenz"},"content":{"rendered":"<p>Eine Demenz ist nicht heilbar, aber sie ist behandelbar. Deshalb schenken wir in unserem Webinar einem besonderen Thema Aufmerksamkeit: Psychosoziale Behandlungsformen bei Demenz. Denn die M\u00f6glichkeiten, Menschen mit Demenz ohne Medikamente zu therapieren, sind vielf\u00e4ltig.<\/p>\n\n\n\n<p>Musiktherapie, Kunsttherapie, Aromatherapie, Yoga oder die Reminiszenztherapie \u2013 Psychosoziale Ma\u00dfnahmen dienen auch bei Menschen mit Demenz dem Ziel, die Herausforderungen des Alltags bew\u00e4ltigen zu k\u00f6nnen und Hilfestellung zu leisten. Dies bedeutet: die (noch) vorhandenen St\u00e4rken zu st\u00e4rken, die Selbstst\u00e4ndigkeit so lange wie m\u00f6glich aufrechtzuerhalten und ein positives Umfeld zu schaffen, in dem sich Menschen mit Demenz und ihre Familien wohlf\u00fchlen.<\/p>\n\n\n\n<p>Anne Keefer, Gerontologin M. Sc. und wissenschaftliche Mitarbeiterin bei digiDEM Bayern, referiert stellvertretend f\u00fcr das digiDEM Bayern-Team \u00fcber die Bedeutung Psychosozialer Ma\u00dfnahmen f\u00fcr die Gesellschaft, f\u00fcr Betroffene und ihre An- und Zugeh\u00f6rigen. In dem \u00dcberblick stellt sie eine gro\u00dfe Bandbreite unterschiedlicher psychosozialer Behandlungsformen vor \u2013 von kognitiven Verfahren und dem Training der Alltagsfunktionen \u00fcber k\u00f6rperliche Aktivierung und kreativtherapeutische Angebote bis hin zu (multi-)sensorischer Stimulation sowie Angeboten f\u00fcr An- und Zugeh\u00f6rige. Au\u00dferdem bewertet Anne Keefer den Nutzen der vorgestellten psychosozialen Behandlungsformen anhand aktueller wissenschaftlicher Publikationen.<\/p>\n\n\n\n<figure class=\"wp-block-embed is-type-video is-provider-youtube wp-block-embed-youtube wp-embed-aspect-16-9 wp-has-aspect-ratio\"><div class=\"wp-block-embed__wrapper\">\n<iframe loading=\"lazy\" title=\"Webinar: Psychosoziale Behandlungsformen bei Demenz\" width=\"1223\" height=\"688\" src=\"https:\/\/www.youtube.com\/embed\/GJlaBHmhtnw?feature=oembed\" frameborder=\"0\" allow=\"accelerometer; autoplay; clipboard-write; encrypted-media; gyroscope; picture-in-picture; web-share\" allowfullscreen><\/iframe>\n<\/div><\/figure>\n\n\n\n<p> <\/p>\n\n\n\n<p class=\"has-text-align-center\"><a href=\"https:\/\/digidem-bayern.de\/wp-content\/uploads\/2023\/10\/2023-10-10_digiDEM-Webinar_Nr.51_Copyright.pdf\"><strong>Hier gibt es das Webinar als PDF zum\u00a0Download<\/strong>.<\/a><\/p>\n\n\n\n<p><\/p>\n\n\n\n<p><\/p>\n\n\n\n<div class=\"wp-block-stackable-columns stk-block-columns stk-block stk-1abb464\" data-block-id=\"1abb464\"><div class=\"stk-row stk-inner-blocks stk-block-content stk-content-align stk-1abb464-column\">\n<div class=\"wp-block-stackable-column stk-block-column stk-column stk-block stk-38a7c84\" data-block-id=\"38a7c84\"><div class=\"stk-column-wrapper stk-block-column__content stk-container stk-38a7c84-container stk--no-background stk--no-padding\"><div class=\"stk-block-content stk-inner-blocks\">\n<div class=\"wp-block-uagb-team uagb-team__image-position-above uagb-team__align-center uagb-team__stack-tablet uagb-block-df5b540b\"><div class=\"uagb-team__content\"><img decoding=\"async\" class=\"uagb-team__image-crop-circle\" src=\"https:\/\/digidem-bayern.de\/wp-content\/uploads\/2022\/11\/AKE_NEU_Qudarat.jpg\" alt=\"\" height=\"120\" width=\"120\" loading=\"lazy\"\/><h3 class=\"uagb-team__title\">Anne Keefer<\/h3><span class=\"uagb-team__prefix\">Wissenschaftliche Mitarbeiterin M.Sc.<\/span><p class=\"uagb-team__desc\">Referentin<\/p><\/div><\/div>\n<\/div><\/div><\/div>\n\n\n\n<div class=\"wp-block-stackable-column stk-block-column stk-column stk-block stk-3aae72b\" data-block-id=\"3aae72b\"><div class=\"stk-column-wrapper stk-block-column__content stk-container stk-3aae72b-container stk--no-background stk--no-padding\"><div class=\"stk-block-content stk-inner-blocks\">\n<div class=\"wp-block-uagb-team uagb-team__image-position-above uagb-team__align-center uagb-team__stack-tablet uagb-block-7e64a8eb\"><div class=\"uagb-team__content\"><img decoding=\"async\" class=\"uagb-team__image-crop-circle\" src=\"https:\/\/digidem-bayern.de\/wp-content\/uploads\/2022\/11\/FWE_NEU_Quadrat.jpg\" alt=\"Florian Weidinger\" height=\"120\" width=\"120\" loading=\"lazy\"\/><h3 class=\"uagb-team__title\">Florian Weidinger<\/h3><span class=\"uagb-team__prefix\">Wissenschaftlicher Mitarbeiter M. Sc.<\/span><p class=\"uagb-team__desc\">Chatroom und Betreuung<\/p><\/div><\/div>\n<\/div><\/div><\/div>\n<\/div><\/div>","protected":false},"excerpt":{"rendered":"<p>Eine Demenz ist nicht heilbar, aber sie ist behandelbar. Deshalb schenken wir in unserem Webinar einem besonderen Thema Aufmerksamkeit: Psychosoziale Behandlungsformen bei Demenz. Denn die M\u00f6glichkeiten, Menschen mit Demenz ohne Medikamente zu therapieren, sind vielf\u00e4ltig. Musiktherapie, Kunsttherapie, Aromatherapie, Yoga oder die Reminiszenztherapie \u2013 Psychosoziale Ma\u00dfnahmen dienen auch bei Menschen mit &hellip;<\/p>","protected":false},"author":12,"featured_media":31003,"comment_status":"open","ping_status":"closed","sticky":false,"template":"","format":"standard","meta":{"qubely_global_settings":"true","qubely_interactions":"","_uag_custom_page_level_css":"","footnotes":""},"categories":[123],"tags":[13,798,12,14,17,55,753,841,296,752,94],"class_list":["post-31146","post","type-post","status-publish","format-standard","has-post-thumbnail","hentry","category-sciene-watch-live-archiv","tag-alzheimer","tag-biografiearbeit","tag-demenz-2","tag-digidem","tag-digidem-bayern","tag-digitales-demenzregister-bayern","tag-psychosozial","tag-psychosoziale-behandlungsform","tag-psychosoziale-intervention","tag-therapie","tag-webinar"],"qubely_featured_image_url":{"full":["https:\/\/digidem-bayern.de\/wp-content\/uploads\/2023\/10\/shutterstock_319148717.jpg",1000,667,false],"landscape":["https:\/\/digidem-bayern.de\/wp-content\/uploads\/2023\/10\/shutterstock_319148717.jpg",1000,667,false],"portraits":["https:\/\/digidem-bayern.de\/wp-content\/uploads\/2023\/10\/shutterstock_319148717-540x320.jpg",540,320,true],"thumbnail":["https:\/\/digidem-bayern.de\/wp-content\/uploads\/2023\/10\/shutterstock_319148717-80x80.jpg",80,80,true],"medium":["https:\/\/digidem-bayern.de\/wp-content\/uploads\/2023\/10\/shutterstock_319148717-300x200.jpg",300,200,true],"medium_large":["https:\/\/digidem-bayern.de\/wp-content\/uploads\/2023\/10\/shutterstock_319148717-768x512.jpg",768,512,true],"large":["https:\/\/digidem-bayern.de\/wp-content\/uploads\/2023\/10\/shutterstock_319148717.jpg",1000,667,false],"1536x1536":["https:\/\/digidem-bayern.de\/wp-content\/uploads\/2023\/10\/shutterstock_319148717.jpg",1000,667,false],"2048x2048":["https:\/\/digidem-bayern.de\/wp-content\/uploads\/2023\/10\/shutterstock_319148717.jpg",1000,667,false],"trp-custom-language-flag":["https:\/\/digidem-bayern.de\/wp-content\/uploads\/2023\/10\/shutterstock_319148717.jpg",18,12,false],"qubely_landscape":["https:\/\/digidem-bayern.de\/wp-content\/uploads\/2023\/10\/shutterstock_319148717.jpg",1000,667,false],"qubely_portrait":["https:\/\/digidem-bayern.de\/wp-content\/uploads\/2023\/10\/shutterstock_319148717-540x320.jpg",540,320,true],"qubely_thumbnail":["https:\/\/digidem-bayern.de\/wp-content\/uploads\/2023\/10\/shutterstock_319148717-140x100.jpg",140,100,true],"post-thumbnail":["https:\/\/digidem-bayern.de\/wp-content\/uploads\/2023\/10\/shutterstock_319148717-525x350.jpg",525,350,true],"kahuna-featured":["https:\/\/digidem-bayern.de\/wp-content\/uploads\/2023\/10\/shutterstock_319148717-734x350.jpg",734,350,true],"kahuna-featured-lp":["https:\/\/digidem-bayern.de\/wp-content\/uploads\/2023\/10\/shutterstock_319148717-520x350.jpg",520,350,true],"kahuna-featured-half":["https:\/\/digidem-bayern.de\/wp-content\/uploads\/2023\/10\/shutterstock_319148717-800x350.jpg",800,350,true],"kahuna-featured-third":["https:\/\/digidem-bayern.de\/wp-content\/uploads\/2023\/10\/shutterstock_319148717-512x350.jpg",512,350,true],"kahuna-lpbox-1":["https:\/\/digidem-bayern.de\/wp-content\/uploads\/2023\/10\/shutterstock_319148717-520x300.jpg",520,300,true],"kahuna-lpbox-2":["https:\/\/digidem-bayern.de\/wp-content\/uploads\/2023\/10\/shutterstock_319148717-520x350.jpg",520,350,true],"demand-language-flag":["https:\/\/digidem-bayern.de\/wp-content\/uploads\/2023\/10\/shutterstock_319148717-36x36.jpg",36,36,true],"dddkt-language-flag":["https:\/\/digidem-bayern.de\/wp-content\/uploads\/2023\/10\/shutterstock_319148717-36x36.jpg",36,36,true],"ddiqc-language-flag":["https:\/\/digidem-bayern.de\/wp-content\/uploads\/2023\/10\/shutterstock_319148717-36x36.jpg",36,36,true],"ddtl-language-flag":["https:\/\/digidem-bayern.de\/wp-content\/uploads\/2023\/10\/shutterstock_319148717-36x36.jpg",36,36,true],"mailpoet_newsletter_max":["https:\/\/digidem-bayern.de\/wp-content\/uploads\/2023\/10\/shutterstock_319148717.jpg",1000,667,false],"kahuna-lpbox-3":["https:\/\/digidem-bayern.de\/wp-content\/uploads\/2023\/10\/shutterstock_319148717-520x350.jpg",520,350,true],"kahuna-featured-square":["https:\/\/digidem-bayern.de\/wp-content\/uploads\/2023\/10\/shutterstock_319148717-512x512.jpg",512,512,true],"kahuna-featured-square-large":["https:\/\/digidem-bayern.de\/wp-content\/uploads\/2023\/10\/shutterstock_319148717.jpg",1000,667,false]},"qubely_author":{"display_name":"Ilona H\u00f6rath","author_link":"https:\/\/digidem-bayern.de\/en\/author\/hoeratia\/"},"qubely_comment":0,"qubely_category":"<a href=\"https:\/\/digidem-bayern.de\/en\/category\/sciene-watch-live-archiv\/\" rel=\"category tag\">Sciene Watch Live ARCHIV<\/a>","qubely_excerpt":"Eine Demenz ist nicht heilbar, aber sie ist behandelbar. Deshalb schenken wir in unserem Webinar einem besonderen Thema Aufmerksamkeit: Psychosoziale Behandlungsformen bei Demenz. Denn die M\u00f6glichkeiten, Menschen mit Demenz ohne Medikamente zu therapieren, sind vielf\u00e4ltig. Musiktherapie, Kunsttherapie, Aromatherapie, Yoga oder die Reminiszenztherapie \u2013 Psychosoziale Ma\u00dfnahmen dienen auch bei Menschen mit &hellip;","featured_image_urls_v2":{"full":["https:\/\/digidem-bayern.de\/wp-content\/uploads\/2023\/10\/shutterstock_319148717.jpg",1000,667,false],"thumbnail":["https:\/\/digidem-bayern.de\/wp-content\/uploads\/2023\/10\/shutterstock_319148717-80x80.jpg",80,80,true],"medium":["https:\/\/digidem-bayern.de\/wp-content\/uploads\/2023\/10\/shutterstock_319148717-300x200.jpg",300,200,true],"medium_large":["https:\/\/digidem-bayern.de\/wp-content\/uploads\/2023\/10\/shutterstock_319148717-768x512.jpg",768,512,true],"large":["https:\/\/digidem-bayern.de\/wp-content\/uploads\/2023\/10\/shutterstock_319148717.jpg",1000,667,false],"1536x1536":["https:\/\/digidem-bayern.de\/wp-content\/uploads\/2023\/10\/shutterstock_319148717.jpg",1000,667,false],"2048x2048":["https:\/\/digidem-bayern.de\/wp-content\/uploads\/2023\/10\/shutterstock_319148717.jpg",1000,667,false],"trp-custom-language-flag":["https:\/\/digidem-bayern.de\/wp-content\/uploads\/2023\/10\/shutterstock_319148717.jpg",18,12,false],"qubely_landscape":["https:\/\/digidem-bayern.de\/wp-content\/uploads\/2023\/10\/shutterstock_319148717.jpg",1000,667,false],"qubely_portrait":["https:\/\/digidem-bayern.de\/wp-content\/uploads\/2023\/10\/shutterstock_319148717-540x320.jpg",540,320,true],"qubely_thumbnail":["https:\/\/digidem-bayern.de\/wp-content\/uploads\/2023\/10\/shutterstock_319148717-140x100.jpg",140,100,true],"post-thumbnail":["https:\/\/digidem-bayern.de\/wp-content\/uploads\/2023\/10\/shutterstock_319148717-525x350.jpg",525,350,true],"kahuna-featured":["https:\/\/digidem-bayern.de\/wp-content\/uploads\/2023\/10\/shutterstock_319148717-734x350.jpg",734,350,true],"kahuna-featured-lp":["https:\/\/digidem-bayern.de\/wp-content\/uploads\/2023\/10\/shutterstock_319148717-520x350.jpg",520,350,true],"kahuna-featured-half":["https:\/\/digidem-bayern.de\/wp-content\/uploads\/2023\/10\/shutterstock_319148717-800x350.jpg",800,350,true],"kahuna-featured-third":["https:\/\/digidem-bayern.de\/wp-content\/uploads\/2023\/10\/shutterstock_319148717-512x350.jpg",512,350,true],"kahuna-lpbox-1":["https:\/\/digidem-bayern.de\/wp-content\/uploads\/2023\/10\/shutterstock_319148717-520x300.jpg",520,300,true],"kahuna-lpbox-2":["https:\/\/digidem-bayern.de\/wp-content\/uploads\/2023\/10\/shutterstock_319148717-520x350.jpg",520,350,true],"demand-language-flag":["https:\/\/digidem-bayern.de\/wp-content\/uploads\/2023\/10\/shutterstock_319148717-36x36.jpg",36,36,true],"dddkt-language-flag":["https:\/\/digidem-bayern.de\/wp-content\/uploads\/2023\/10\/shutterstock_319148717-36x36.jpg",36,36,true],"ddiqc-language-flag":["https:\/\/digidem-bayern.de\/wp-content\/uploads\/2023\/10\/shutterstock_319148717-36x36.jpg",36,36,true],"ddtl-language-flag":["https:\/\/digidem-bayern.de\/wp-content\/uploads\/2023\/10\/shutterstock_319148717-36x36.jpg",36,36,true],"mailpoet_newsletter_max":["https:\/\/digidem-bayern.de\/wp-content\/uploads\/2023\/10\/shutterstock_319148717.jpg",1000,667,false],"kahuna-lpbox-3":["https:\/\/digidem-bayern.de\/wp-content\/uploads\/2023\/10\/shutterstock_319148717-520x350.jpg",520,350,true],"kahuna-featured-square":["https:\/\/digidem-bayern.de\/wp-content\/uploads\/2023\/10\/shutterstock_319148717-512x512.jpg",512,512,true],"kahuna-featured-square-large":["https:\/\/digidem-bayern.de\/wp-content\/uploads\/2023\/10\/shutterstock_319148717.jpg",1000,667,false]},"post_excerpt_stackable_v2":"<p>Eine Demenz ist nicht heilbar, aber sie ist behandelbar. Deshalb schenken wir in unserem Webinar einem besonderen Thema Aufmerksamkeit: Psychosoziale Behandlungsformen bei Demenz. Denn die M\u00f6glichkeiten, Menschen mit Demenz ohne Medikamente zu therapieren, sind vielf\u00e4ltig. Musiktherapie, Kunsttherapie, Aromatherapie, Yoga oder die Reminiszenztherapie \u2013 Psychosoziale Ma\u00dfnahmen dienen auch bei Menschen mit Demenz dem Ziel, die Herausforderungen des Alltags bew\u00e4ltigen zu k\u00f6nnen und Hilfestellung zu leisten. Dies bedeutet: die (noch) vorhandenen St\u00e4rken zu st\u00e4rken, die Selbstst\u00e4ndigkeit so lange wie m\u00f6glich aufrechtzuerhalten und ein positives Umfeld zu schaffen, in dem sich Menschen mit Demenz und ihre Familien wohlf\u00fchlen. Anne Keefer, Gerontologin M. Sc.&hellip;<\/p>\n","category_list_v2":"<a href=\"https:\/\/digidem-bayern.de\/en\/category\/sciene-watch-live-archiv\/\" rel=\"category tag\">Sciene Watch Live ARCHIV<\/a>","author_info_v2":{"name":"Ilona H\u00f6rath","url":"https:\/\/digidem-bayern.de\/en\/author\/hoeratia\/"},"comments_num_v2":"0 comments","yoast_head":"<!-- This site is optimized with the Yoast SEO plugin v27.4 - https:\/\/yoast.com\/product\/yoast-seo-wordpress\/ -->\n<title>Psychosoziale Behandlungsformen bei Demenz - digiDEM Bayern<\/title>\n<meta name=\"description\" content=\"Im Webinar &quot;digiDEM Bayern Science Watch LIVE&quot; behandeln Wissenschaftler ein Thema aus der Demenzforschung und stehen live f\u00fcr Fragen zur Verf\u00fcgung.\" \/>\n<meta name=\"robots\" content=\"index, follow, max-snippet:-1, max-image-preview:large, max-video-preview:-1\" \/>\n<link rel=\"canonical\" href=\"https:\/\/digidem-bayern.de\/en\/psychosoziale-behandlungsformen-bei-demenz\/\" \/>\n<meta property=\"og:locale\" content=\"en_US\" \/>\n<meta property=\"og:type\" content=\"article\" \/>\n<meta property=\"og:title\" content=\"Psychosoziale Behandlungsformen bei Demenz - digiDEM Bayern\" \/>\n<meta property=\"og:description\" content=\"Im Webinar &quot;digiDEM Bayern Science Watch LIVE&quot; behandeln Wissenschaftler ein Thema aus der Demenzforschung und stehen live f\u00fcr Fragen zur Verf\u00fcgung.\" \/>\n<meta property=\"og:url\" content=\"https:\/\/digidem-bayern.de\/en\/psychosoziale-behandlungsformen-bei-demenz\/\" \/>\n<meta property=\"og:site_name\" content=\"digiDEM Bayern\" \/>\n<meta property=\"article:publisher\" content=\"https:\/\/www.facebook.com\/digiDEMBayern\/\" \/>\n<meta property=\"article:published_time\" content=\"2023-10-12T12:36:13+00:00\" \/>\n<meta property=\"article:modified_time\" content=\"2023-10-12T13:10:25+00:00\" \/>\n<meta property=\"og:image\" content=\"https:\/\/digidem-bayern.de\/wp-content\/uploads\/2023\/10\/shutterstock_319148717.jpg\" \/>\n\t<meta property=\"og:image:width\" content=\"1000\" \/>\n\t<meta property=\"og:image:height\" content=\"667\" \/>\n\t<meta property=\"og:image:type\" content=\"image\/jpeg\" \/>\n<meta name=\"author\" content=\"Ilona H\u00f6rath\" \/>\n<meta name=\"twitter:label1\" content=\"Written by\" \/>\n\t<meta name=\"twitter:data1\" content=\"Ilona H\u00f6rath\" \/>\n\t<meta name=\"twitter:label2\" content=\"Est. reading time\" \/>\n\t<meta name=\"twitter:data2\" content=\"2 minutes\" \/>\n<script type=\"application\/ld+json\" class=\"yoast-schema-graph\">{\"@context\":\"https:\\\/\\\/schema.org\",\"@graph\":[{\"@type\":\"Article\",\"@id\":\"https:\\\/\\\/digidem-bayern.de\\\/psychosoziale-behandlungsformen-bei-demenz\\\/#article\",\"isPartOf\":{\"@id\":\"https:\\\/\\\/digidem-bayern.de\\\/psychosoziale-behandlungsformen-bei-demenz\\\/\"},\"author\":{\"name\":\"Ilona H\u00f6rath\",\"@id\":\"\\\/#\\\/schema\\\/person\\\/0bc1494f46fc2a051c761322a80e0941\"},\"headline\":\"Psychosoziale Behandlungsformen bei Demenz\",\"datePublished\":\"2023-10-12T12:36:13+00:00\",\"dateModified\":\"2023-10-12T13:10:25+00:00\",\"mainEntityOfPage\":{\"@id\":\"https:\\\/\\\/digidem-bayern.de\\\/psychosoziale-behandlungsformen-bei-demenz\\\/\"},\"wordCount\":231,\"commentCount\":0,\"publisher\":{\"@id\":\"\\\/#organization\"},\"image\":{\"@id\":\"https:\\\/\\\/digidem-bayern.de\\\/psychosoziale-behandlungsformen-bei-demenz\\\/#primaryimage\"},\"thumbnailUrl\":\"https:\\\/\\\/digidem-bayern.de\\\/wp-content\\\/uploads\\\/2023\\\/10\\\/shutterstock_319148717.jpg\",\"keywords\":[\"Alzheimer\",\"Biografiearbeit\",\"Demenz\",\"digidem\",\"digidem Bayern\",\"Digitales Demenzregister Bayern\",\"psychosozial\",\"psychosoziale Behandlungsform\",\"Psychosoziale Intervention\",\"Therapie\",\"Webinar\"],\"articleSection\":[\"Sciene Watch Live ARCHIV\"],\"inLanguage\":\"en-US\",\"potentialAction\":[{\"@type\":\"CommentAction\",\"name\":\"Comment\",\"target\":[\"https:\\\/\\\/digidem-bayern.de\\\/psychosoziale-behandlungsformen-bei-demenz\\\/#respond\"]}]},{\"@type\":\"WebPage\",\"@id\":\"https:\\\/\\\/digidem-bayern.de\\\/psychosoziale-behandlungsformen-bei-demenz\\\/\",\"url\":\"https:\\\/\\\/digidem-bayern.de\\\/psychosoziale-behandlungsformen-bei-demenz\\\/\",\"name\":\"Psychosoziale Behandlungsformen bei Demenz - digiDEM Bayern\",\"isPartOf\":{\"@id\":\"\\\/#website\"},\"primaryImageOfPage\":{\"@id\":\"https:\\\/\\\/digidem-bayern.de\\\/psychosoziale-behandlungsformen-bei-demenz\\\/#primaryimage\"},\"image\":{\"@id\":\"https:\\\/\\\/digidem-bayern.de\\\/psychosoziale-behandlungsformen-bei-demenz\\\/#primaryimage\"},\"thumbnailUrl\":\"https:\\\/\\\/digidem-bayern.de\\\/wp-content\\\/uploads\\\/2023\\\/10\\\/shutterstock_319148717.jpg\",\"datePublished\":\"2023-10-12T12:36:13+00:00\",\"dateModified\":\"2023-10-12T13:10:25+00:00\",\"description\":\"Im Webinar \\\"digiDEM Bayern Science Watch LIVE\\\" behandeln Wissenschaftler ein Thema aus der Demenzforschung und stehen live f\u00fcr Fragen zur Verf\u00fcgung.\",\"breadcrumb\":{\"@id\":\"https:\\\/\\\/digidem-bayern.de\\\/psychosoziale-behandlungsformen-bei-demenz\\\/#breadcrumb\"},\"inLanguage\":\"en-US\",\"potentialAction\":[{\"@type\":\"ReadAction\",\"target\":[\"https:\\\/\\\/digidem-bayern.de\\\/psychosoziale-behandlungsformen-bei-demenz\\\/\"]}]},{\"@type\":\"ImageObject\",\"inLanguage\":\"en-US\",\"@id\":\"https:\\\/\\\/digidem-bayern.de\\\/psychosoziale-behandlungsformen-bei-demenz\\\/#primaryimage\",\"url\":\"https:\\\/\\\/digidem-bayern.de\\\/wp-content\\\/uploads\\\/2023\\\/10\\\/shutterstock_319148717.jpg\",\"contentUrl\":\"https:\\\/\\\/digidem-bayern.de\\\/wp-content\\\/uploads\\\/2023\\\/10\\\/shutterstock_319148717.jpg\",\"width\":1000,\"height\":667,\"caption\":\"Foto: Shutterstock\"},{\"@type\":\"BreadcrumbList\",\"@id\":\"https:\\\/\\\/digidem-bayern.de\\\/psychosoziale-behandlungsformen-bei-demenz\\\/#breadcrumb\",\"itemListElement\":[{\"@type\":\"ListItem\",\"position\":1,\"name\":\"Startseite\",\"item\":\"https:\\\/\\\/digidem-bayern.de\\\/\"},{\"@type\":\"ListItem\",\"position\":2,\"name\":\"Psychosoziale Behandlungsformen bei Demenz\"}]},{\"@type\":\"WebSite\",\"@id\":\"\\\/#website\",\"url\":\"\\\/\",\"name\":\"digiDEM Bayern\",\"description\":\"Das digitale Demenzregister Bayern erforscht und verbessert die Angebotsstuktur f\u00fcr Menschen mit Demenz und deren Angeh\u00f6rige\",\"publisher\":{\"@id\":\"\\\/#organization\"},\"potentialAction\":[{\"@type\":\"SearchAction\",\"target\":{\"@type\":\"EntryPoint\",\"urlTemplate\":\"\\\/?s={search_term_string}\"},\"query-input\":{\"@type\":\"PropertyValueSpecification\",\"valueRequired\":true,\"valueName\":\"search_term_string\"}}],\"inLanguage\":\"en-US\"},{\"@type\":\"Organization\",\"@id\":\"\\\/#organization\",\"name\":\"digiDEM Bayern\",\"url\":\"\\\/\",\"logo\":{\"@type\":\"ImageObject\",\"inLanguage\":\"en-US\",\"@id\":\"\\\/#\\\/schema\\\/logo\\\/image\\\/\",\"url\":\"https:\\\/\\\/digidem-bayern.de\\\/wp-content\\\/uploads\\\/2022\\\/03\\\/cropped-Allgemeines_digiDEMLOGO-removebg-preview.png\",\"contentUrl\":\"https:\\\/\\\/digidem-bayern.de\\\/wp-content\\\/uploads\\\/2022\\\/03\\\/cropped-Allgemeines_digiDEMLOGO-removebg-preview.png\",\"width\":612,\"height\":357,\"caption\":\"digiDEM Bayern\"},\"image\":{\"@id\":\"\\\/#\\\/schema\\\/logo\\\/image\\\/\"},\"sameAs\":[\"https:\\\/\\\/www.facebook.com\\\/digiDEMBayern\\\/\",\"https:\\\/\\\/x.com\\\/digidem_bayern\",\"https:\\\/\\\/www.instagram.com\\\/digidem.bayern\",\"https:\\\/\\\/www.linkedin.com\\\/company\\\/digidem-bayern\\\/\"]},{\"@type\":\"Person\",\"@id\":\"\\\/#\\\/schema\\\/person\\\/0bc1494f46fc2a051c761322a80e0941\",\"name\":\"Ilona H\u00f6rath\",\"url\":\"https:\\\/\\\/digidem-bayern.de\\\/en\\\/author\\\/hoeratia\\\/\"}]}<\/script>\n<!-- \/ Yoast SEO plugin. -->","yoast_head_json":{"title":"Psychosoziale Behandlungsformen bei Demenz - digiDEM Bayern","description":"Im Webinar \"digiDEM Bayern Science Watch LIVE\" behandeln Wissenschaftler ein Thema aus der Demenzforschung und stehen live f\u00fcr Fragen zur Verf\u00fcgung.","robots":{"index":"index","follow":"follow","max-snippet":"max-snippet:-1","max-image-preview":"max-image-preview:large","max-video-preview":"max-video-preview:-1"},"canonical":"https:\/\/digidem-bayern.de\/en\/psychosoziale-behandlungsformen-bei-demenz\/","og_locale":"en_US","og_type":"article","og_title":"Psychosoziale Behandlungsformen bei Demenz - digiDEM Bayern","og_description":"Im Webinar \"digiDEM Bayern Science Watch LIVE\" behandeln Wissenschaftler ein Thema aus der Demenzforschung und stehen live f\u00fcr Fragen zur Verf\u00fcgung.","og_url":"https:\/\/digidem-bayern.de\/en\/psychosoziale-behandlungsformen-bei-demenz\/","og_site_name":"digiDEM Bayern","article_publisher":"https:\/\/www.facebook.com\/digiDEMBayern\/","article_published_time":"2023-10-12T12:36:13+00:00","article_modified_time":"2023-10-12T13:10:25+00:00","og_image":[{"width":1000,"height":667,"url":"https:\/\/digidem-bayern.de\/wp-content\/uploads\/2023\/10\/shutterstock_319148717.jpg","type":"image\/jpeg"}],"author":"Ilona H\u00f6rath","twitter_misc":{"Written by":"Ilona H\u00f6rath","Est. reading time":"2 minutes"},"schema":{"@context":"https:\/\/schema.org","@graph":[{"@type":"Article","@id":"https:\/\/digidem-bayern.de\/psychosoziale-behandlungsformen-bei-demenz\/#article","isPartOf":{"@id":"https:\/\/digidem-bayern.de\/psychosoziale-behandlungsformen-bei-demenz\/"},"author":{"name":"Ilona H\u00f6rath","@id":"\/#\/schema\/person\/0bc1494f46fc2a051c761322a80e0941"},"headline":"Psychosoziale Behandlungsformen bei Demenz","datePublished":"2023-10-12T12:36:13+00:00","dateModified":"2023-10-12T13:10:25+00:00","mainEntityOfPage":{"@id":"https:\/\/digidem-bayern.de\/psychosoziale-behandlungsformen-bei-demenz\/"},"wordCount":231,"commentCount":0,"publisher":{"@id":"\/#organization"},"image":{"@id":"https:\/\/digidem-bayern.de\/psychosoziale-behandlungsformen-bei-demenz\/#primaryimage"},"thumbnailUrl":"https:\/\/digidem-bayern.de\/wp-content\/uploads\/2023\/10\/shutterstock_319148717.jpg","keywords":["Alzheimer","Biografiearbeit","Demenz","digidem","digidem Bayern","Digitales Demenzregister Bayern","psychosozial","psychosoziale Behandlungsform","Psychosoziale Intervention","Therapie","Webinar"],"articleSection":["Sciene Watch Live ARCHIV"],"inLanguage":"en-US","potentialAction":[{"@type":"CommentAction","name":"Comment","target":["https:\/\/digidem-bayern.de\/psychosoziale-behandlungsformen-bei-demenz\/#respond"]}]},{"@type":"WebPage","@id":"https:\/\/digidem-bayern.de\/psychosoziale-behandlungsformen-bei-demenz\/","url":"https:\/\/digidem-bayern.de\/psychosoziale-behandlungsformen-bei-demenz\/","name":"Psychosoziale Behandlungsformen bei Demenz - digiDEM Bayern","isPartOf":{"@id":"\/#website"},"primaryImageOfPage":{"@id":"https:\/\/digidem-bayern.de\/psychosoziale-behandlungsformen-bei-demenz\/#primaryimage"},"image":{"@id":"https:\/\/digidem-bayern.de\/psychosoziale-behandlungsformen-bei-demenz\/#primaryimage"},"thumbnailUrl":"https:\/\/digidem-bayern.de\/wp-content\/uploads\/2023\/10\/shutterstock_319148717.jpg","datePublished":"2023-10-12T12:36:13+00:00","dateModified":"2023-10-12T13:10:25+00:00","description":"Im Webinar \"digiDEM Bayern Science Watch LIVE\" behandeln Wissenschaftler ein Thema aus der Demenzforschung und stehen live f\u00fcr Fragen zur Verf\u00fcgung.","breadcrumb":{"@id":"https:\/\/digidem-bayern.de\/psychosoziale-behandlungsformen-bei-demenz\/#breadcrumb"},"inLanguage":"en-US","potentialAction":[{"@type":"ReadAction","target":["https:\/\/digidem-bayern.de\/psychosoziale-behandlungsformen-bei-demenz\/"]}]},{"@type":"ImageObject","inLanguage":"en-US","@id":"https:\/\/digidem-bayern.de\/psychosoziale-behandlungsformen-bei-demenz\/#primaryimage","url":"https:\/\/digidem-bayern.de\/wp-content\/uploads\/2023\/10\/shutterstock_319148717.jpg","contentUrl":"https:\/\/digidem-bayern.de\/wp-content\/uploads\/2023\/10\/shutterstock_319148717.jpg","width":1000,"height":667,"caption":"Foto: Shutterstock"},{"@type":"BreadcrumbList","@id":"https:\/\/digidem-bayern.de\/psychosoziale-behandlungsformen-bei-demenz\/#breadcrumb","itemListElement":[{"@type":"ListItem","position":1,"name":"Startseite","item":"https:\/\/digidem-bayern.de\/"},{"@type":"ListItem","position":2,"name":"Psychosoziale Behandlungsformen bei Demenz"}]},{"@type":"WebSite","@id":"\/#website","url":"\/","name":"digiDEM Bavaria","description":"The digital dementia register in Bavaria researches and improves the structure of services for people with dementia and their relatives","publisher":{"@id":"\/#organization"},"potentialAction":[{"@type":"SearchAction","target":{"@type":"EntryPoint","urlTemplate":"\/?s={search_term_string}"},"query-input":{"@type":"PropertyValueSpecification","valueRequired":true,"valueName":"search_term_string"}}],"inLanguage":"en-US"},{"@type":"Organization","@id":"\/#organization","name":"digiDEM Bavaria","url":"\/","logo":{"@type":"ImageObject","inLanguage":"en-US","@id":"\/#\/schema\/logo\/image\/","url":"https:\/\/digidem-bayern.de\/wp-content\/uploads\/2022\/03\/cropped-Allgemeines_digiDEMLOGO-removebg-preview.png","contentUrl":"https:\/\/digidem-bayern.de\/wp-content\/uploads\/2022\/03\/cropped-Allgemeines_digiDEMLOGO-removebg-preview.png","width":612,"height":357,"caption":"digiDEM Bayern"},"image":{"@id":"\/#\/schema\/logo\/image\/"},"sameAs":["https:\/\/www.facebook.com\/digiDEMBayern\/","https:\/\/x.com\/digidem_bayern","https:\/\/www.instagram.com\/digidem.bayern","https:\/\/www.linkedin.com\/company\/digidem-bayern\/"]},{"@type":"Person","@id":"\/#\/schema\/person\/0bc1494f46fc2a051c761322a80e0941","name":"Ilona H\u00f6rath","url":"https:\/\/digidem-bayern.de\/en\/author\/hoeratia\/"}]}},"uagb_featured_image_src":{"full":["https:\/\/digidem-bayern.de\/wp-content\/uploads\/2023\/10\/shutterstock_319148717.jpg",1000,667,false],"thumbnail":["https:\/\/digidem-bayern.de\/wp-content\/uploads\/2023\/10\/shutterstock_319148717-80x80.jpg",80,80,true],"medium":["https:\/\/digidem-bayern.de\/wp-content\/uploads\/2023\/10\/shutterstock_319148717-300x200.jpg",300,200,true],"medium_large":["https:\/\/digidem-bayern.de\/wp-content\/uploads\/2023\/10\/shutterstock_319148717-768x512.jpg",768,512,true],"large":["https:\/\/digidem-bayern.de\/wp-content\/uploads\/2023\/10\/shutterstock_319148717.jpg",1000,667,false],"1536x1536":["https:\/\/digidem-bayern.de\/wp-content\/uploads\/2023\/10\/shutterstock_319148717.jpg",1000,667,false],"2048x2048":["https:\/\/digidem-bayern.de\/wp-content\/uploads\/2023\/10\/shutterstock_319148717.jpg",1000,667,false],"trp-custom-language-flag":["https:\/\/digidem-bayern.de\/wp-content\/uploads\/2023\/10\/shutterstock_319148717.jpg",18,12,false],"qubely_landscape":["https:\/\/digidem-bayern.de\/wp-content\/uploads\/2023\/10\/shutterstock_319148717.jpg",1000,667,false],"qubely_portrait":["https:\/\/digidem-bayern.de\/wp-content\/uploads\/2023\/10\/shutterstock_319148717-540x320.jpg",540,320,true],"qubely_thumbnail":["https:\/\/digidem-bayern.de\/wp-content\/uploads\/2023\/10\/shutterstock_319148717-140x100.jpg",140,100,true],"post-thumbnail":["https:\/\/digidem-bayern.de\/wp-content\/uploads\/2023\/10\/shutterstock_319148717-525x350.jpg",525,350,true],"kahuna-featured":["https:\/\/digidem-bayern.de\/wp-content\/uploads\/2023\/10\/shutterstock_319148717-734x350.jpg",734,350,true],"kahuna-featured-lp":["https:\/\/digidem-bayern.de\/wp-content\/uploads\/2023\/10\/shutterstock_319148717-520x350.jpg",520,350,true],"kahuna-featured-half":["https:\/\/digidem-bayern.de\/wp-content\/uploads\/2023\/10\/shutterstock_319148717-800x350.jpg",800,350,true],"kahuna-featured-third":["https:\/\/digidem-bayern.de\/wp-content\/uploads\/2023\/10\/shutterstock_319148717-512x350.jpg",512,350,true],"kahuna-lpbox-1":["https:\/\/digidem-bayern.de\/wp-content\/uploads\/2023\/10\/shutterstock_319148717-520x300.jpg",520,300,true],"kahuna-lpbox-2":["https:\/\/digidem-bayern.de\/wp-content\/uploads\/2023\/10\/shutterstock_319148717-520x350.jpg",520,350,true],"demand-language-flag":["https:\/\/digidem-bayern.de\/wp-content\/uploads\/2023\/10\/shutterstock_319148717-36x36.jpg",36,36,true],"dddkt-language-flag":["https:\/\/digidem-bayern.de\/wp-content\/uploads\/2023\/10\/shutterstock_319148717-36x36.jpg",36,36,true],"ddiqc-language-flag":["https:\/\/digidem-bayern.de\/wp-content\/uploads\/2023\/10\/shutterstock_319148717-36x36.jpg",36,36,true],"ddtl-language-flag":["https:\/\/digidem-bayern.de\/wp-content\/uploads\/2023\/10\/shutterstock_319148717-36x36.jpg",36,36,true],"mailpoet_newsletter_max":["https:\/\/digidem-bayern.de\/wp-content\/uploads\/2023\/10\/shutterstock_319148717.jpg",1000,667,false],"kahuna-lpbox-3":["https:\/\/digidem-bayern.de\/wp-content\/uploads\/2023\/10\/shutterstock_319148717-520x350.jpg",520,350,true],"kahuna-featured-square":["https:\/\/digidem-bayern.de\/wp-content\/uploads\/2023\/10\/shutterstock_319148717-512x512.jpg",512,512,true],"kahuna-featured-square-large":["https:\/\/digidem-bayern.de\/wp-content\/uploads\/2023\/10\/shutterstock_319148717.jpg",1000,667,false]},"uagb_author_info":{"display_name":"Ilona H\u00f6rath","author_link":"https:\/\/digidem-bayern.de\/en\/author\/hoeratia\/"},"uagb_comment_info":0,"uagb_excerpt":"Eine Demenz ist nicht heilbar, aber sie ist behandelbar. Deshalb schenken wir in unserem Webinar einem besonderen Thema Aufmerksamkeit: Psychosoziale Behandlungsformen bei Demenz. Denn die M\u00f6glichkeiten, Menschen mit Demenz ohne Medikamente zu therapieren, sind vielf\u00e4ltig. Musiktherapie, Kunsttherapie, Aromatherapie, Yoga oder die Reminiszenztherapie \u2013 Psychosoziale Ma\u00dfnahmen dienen auch bei Menschen mit &hellip;","_links":{"self":[{"href":"https:\/\/digidem-bayern.de\/en\/wp-json\/wp\/v2\/posts\/31146","targetHints":{"allow":["GET"]}}],"collection":[{"href":"https:\/\/digidem-bayern.de\/en\/wp-json\/wp\/v2\/posts"}],"about":[{"href":"https:\/\/digidem-bayern.de\/en\/wp-json\/wp\/v2\/types\/post"}],"author":[{"embeddable":true,"href":"https:\/\/digidem-bayern.de\/en\/wp-json\/wp\/v2\/users\/12"}],"replies":[{"embeddable":true,"href":"https:\/\/digidem-bayern.de\/en\/wp-json\/wp\/v2\/comments?post=31146"}],"version-history":[{"count":2,"href":"https:\/\/digidem-bayern.de\/en\/wp-json\/wp\/v2\/posts\/31146\/revisions"}],"predecessor-version":[{"id":31152,"href":"https:\/\/digidem-bayern.de\/en\/wp-json\/wp\/v2\/posts\/31146\/revisions\/31152"}],"wp:featuredmedia":[{"embeddable":true,"href":"https:\/\/digidem-bayern.de\/en\/wp-json\/wp\/v2\/media\/31003"}],"wp:attachment":[{"href":"https:\/\/digidem-bayern.de\/en\/wp-json\/wp\/v2\/media?parent=31146"}],"wp:term":[{"taxonomy":"category","embeddable":true,"href":"https:\/\/digidem-bayern.de\/en\/wp-json\/wp\/v2\/categories?post=31146"},{"taxonomy":"post_tag","embeddable":true,"href":"https:\/\/digidem-bayern.de\/en\/wp-json\/wp\/v2\/tags?post=31146"}],"curies":[{"name":"wp","href":"https:\/\/api.w.org\/{rel}","templated":true}]}}