{"id":31018,"date":"2023-10-02T19:34:16","date_gmt":"2023-10-02T17:34:16","guid":{"rendered":"https:\/\/digidem-bayern.de\/?p=31018"},"modified":"2023-10-02T19:34:16","modified_gmt":"2023-10-02T17:34:16","slug":"digidem-bayern-begruesst-frankenfernsehen","status":"publish","type":"post","link":"https:\/\/digidem-bayern.de\/en\/digidem-bayern-begruesst-frankenfernsehen\/","title":{"rendered":"digiDEM Bayern begr\u00fc\u00dft Frankenfernsehen"},"content":{"rendered":"<p><strong>Der Online-Fragebogen<\/strong> <strong>\u201edigiDEM Bayern DEMAND<sup>\u00ae\u201c<\/sup> steht im Mittelpunkt des Berichts von Cathrin Kuhl, Redakteurin bei Frankenfernsehen in N\u00fcrnberg. Mit Kamerafrau Katharina Mitrov besuchte sie digiDEM Bayern, um mit Nikolas Dietzel, dem Mitentwickler des Online-Fragebogens, zu sprechen.<\/strong><\/p>\n\n\n<div class=\"wp-block-image\">\n<figure class=\"alignright size-large is-resized\"><img loading=\"lazy\" decoding=\"async\" src=\"https:\/\/digidem-bayern.de\/wp-content\/uploads\/2023\/10\/2023-09-28-02-P-Kolominsky-Rabas-Dietzel-Cathrin-Kuhl-und-Kamerafrau-Katharina-Mitrov-Foto-digiDEM-Bayern-Ilona-Hoerath-1030x838.jpeg\" alt=\"Der Online-Fragebogen \u201edigiDEM Bayern DEMAND\u00ae\u201c steht im Mittelpunkt des Berichts von Cathrin Kuhl, Redakteurin bei Frankenfernsehen in N\u00fcrnberg.\" class=\"wp-image-31017\" style=\"width:401px;height:326px\" width=\"401\" height=\"326\" srcset=\"https:\/\/digidem-bayern.de\/wp-content\/uploads\/2023\/10\/2023-09-28-02-P-Kolominsky-Rabas-Dietzel-Cathrin-Kuhl-und-Kamerafrau-Katharina-Mitrov-Foto-digiDEM-Bayern-Ilona-Hoerath-1030x838.jpeg 1030w, https:\/\/digidem-bayern.de\/wp-content\/uploads\/2023\/10\/2023-09-28-02-P-Kolominsky-Rabas-Dietzel-Cathrin-Kuhl-und-Kamerafrau-Katharina-Mitrov-Foto-digiDEM-Bayern-Ilona-Hoerath-300x244.jpeg 300w, https:\/\/digidem-bayern.de\/wp-content\/uploads\/2023\/10\/2023-09-28-02-P-Kolominsky-Rabas-Dietzel-Cathrin-Kuhl-und-Kamerafrau-Katharina-Mitrov-Foto-digiDEM-Bayern-Ilona-Hoerath-768x625.jpeg 768w, https:\/\/digidem-bayern.de\/wp-content\/uploads\/2023\/10\/2023-09-28-02-P-Kolominsky-Rabas-Dietzel-Cathrin-Kuhl-und-Kamerafrau-Katharina-Mitrov-Foto-digiDEM-Bayern-Ilona-Hoerath-1536x1250.jpeg 1536w, https:\/\/digidem-bayern.de\/wp-content\/uploads\/2023\/10\/2023-09-28-02-P-Kolominsky-Rabas-Dietzel-Cathrin-Kuhl-und-Kamerafrau-Katharina-Mitrov-Foto-digiDEM-Bayern-Ilona-Hoerath-2048x1667.jpeg 2048w, https:\/\/digidem-bayern.de\/wp-content\/uploads\/2023\/10\/2023-09-28-02-P-Kolominsky-Rabas-Dietzel-Cathrin-Kuhl-und-Kamerafrau-Katharina-Mitrov-Foto-digiDEM-Bayern-Ilona-Hoerath-430x350.jpeg 430w, https:\/\/digidem-bayern.de\/wp-content\/uploads\/2023\/10\/2023-09-28-02-P-Kolominsky-Rabas-Dietzel-Cathrin-Kuhl-und-Kamerafrau-Katharina-Mitrov-Foto-digiDEM-Bayern-Ilona-Hoerath-1320x1074.jpeg 1320w, https:\/\/digidem-bayern.de\/wp-content\/uploads\/2023\/10\/2023-09-28-02-P-Kolominsky-Rabas-Dietzel-Cathrin-Kuhl-und-Kamerafrau-Katharina-Mitrov-Foto-digiDEM-Bayern-Ilona-Hoerath.jpeg 1600w\" sizes=\"auto, (max-width: 401px) 100vw, 401px\" \/><figcaption class=\"wp-element-caption\">digiDEM Bayern-Projektleiter Prof. Dr. Peter Kolominsky-Rabas freut sich \u00fcber den Besuch von Frankenfernsehen-Redakteurin Cathrin Kuhl und Kamerafrau Katharina Mitrov (re.). Foto: digiDEM Bayern\/Ilona H\u00f6rath<\/figcaption><\/figure>\n<\/div>\n\n\n<p>Ein besonderes Unterst\u00fctzungsangebot hilft Menschen mit Demenz und ihren pflegenden An- und Zugeh\u00f6rigen, die eigenen Versorgungsbedarfe zu erkennen: Der Online-Fragebogen \u201edigiDEM Bayern DEMAND<sup>\u00ae\u201c<\/sup>steht im Mittelpunkt des Berichts von Frankenfernsehen-Redakteurin Cathrin Kuhl. Nikolas Dietzel, wissenschaftlicher Mitarbeiter bei digiDEM Bayern und Mitentwickler des Online-Fragebogens, spricht dar\u00fcber, warum es wichtig ist, die Menschen mit Unterst\u00fctzungsangeboten zu entlasten.<\/p>\n\n\n\n<p>Im Interview erl\u00e4utert digiDEM Bayern-Projektleiter Prof. Dr. Peter Kolominsky-Rabas au\u00dferdem unterschiedliche Stressfaktoren, die pflegende An- und Zugeh\u00f6rige bei der Pflege von Menschen mit Demenz erfahren.<\/p>\n\n\n\n<p><a href=\"https:\/\/www.frankenfernsehen.tv\/mediathek\/video\/zur-entlastung-von-angehoerigen-demand-fragebogen-bei-demenz\/\">Der TV-Bericht vom 28.09.2023 ist in der Mediathek von Frankenfernsehen hier abrufbar.<\/a><\/p>\n\n\n\n<p><\/p>\n\n\n\n<p><\/p>\n\n\n\n<p><\/p>\n\n\n\n<p><\/p>","protected":false},"excerpt":{"rendered":"<p>Der Online-Fragebogen \u201edigiDEM Bayern DEMAND\u00ae\u201c steht im Mittelpunkt des Berichts von Cathrin Kuhl, Redakteurin bei Frankenfernsehen in N\u00fcrnberg. Mit Kamerafrau Katharina Mitrov besuchte sie digiDEM Bayern, um mit Nikolas Dietzel, dem Mitentwickler des Online-Fragebogens, zu sprechen. Ein besonderes Unterst\u00fctzungsangebot hilft Menschen mit Demenz und ihren pflegenden An- und Zugeh\u00f6rigen, die &hellip;<\/p>","protected":false},"author":12,"featured_media":31016,"comment_status":"open","ping_status":"closed","sticky":false,"template":"","format":"standard","meta":{"qubely_global_settings":"","qubely_interactions":"","_uag_custom_page_level_css":"","footnotes":""},"categories":[8],"tags":[13,834,830,821,831,803,12,696,14,17,55,840,234],"class_list":["post-31018","post","type-post","status-publish","format-standard","has-post-thumbnail","hentry","category-aktuelles-zu-digidem","tag-alzheimer","tag-ard","tag-bayerischer-rundfunk","tag-bayerisches-staastministerium-fuer-gesundheit-und-pflege","tag-br","tag-demand","tag-demenz-2","tag-demenz-screeningtag","tag-digidem","tag-digidem-bayern","tag-digitales-demenzregister-bayern","tag-frankenfernsehen","tag-unterstuetzungsangebote"],"qubely_featured_image_url":{"full":["https:\/\/digidem-bayern.de\/wp-content\/uploads\/2023\/10\/2023-09-28-01-Nikolas-Dietzel-Cathrin-Kuhl-und-Kamerafrau-Katharina-Mitrov-Foto-digiDEM-Bayern-Ilona-Hoerath.jpeg",1600,1200,false],"landscape":["https:\/\/digidem-bayern.de\/wp-content\/uploads\/2023\/10\/2023-09-28-01-Nikolas-Dietzel-Cathrin-Kuhl-und-Kamerafrau-Katharina-Mitrov-Foto-digiDEM-Bayern-Ilona-Hoerath-1200x750.jpeg",1200,750,true],"portraits":["https:\/\/digidem-bayern.de\/wp-content\/uploads\/2023\/10\/2023-09-28-01-Nikolas-Dietzel-Cathrin-Kuhl-und-Kamerafrau-Katharina-Mitrov-Foto-digiDEM-Bayern-Ilona-Hoerath-540x320.jpeg",540,320,true],"thumbnail":["https:\/\/digidem-bayern.de\/wp-content\/uploads\/2023\/10\/2023-09-28-01-Nikolas-Dietzel-Cathrin-Kuhl-und-Kamerafrau-Katharina-Mitrov-Foto-digiDEM-Bayern-Ilona-Hoerath-80x80.jpeg",80,80,true],"medium":["https:\/\/digidem-bayern.de\/wp-content\/uploads\/2023\/10\/2023-09-28-01-Nikolas-Dietzel-Cathrin-Kuhl-und-Kamerafrau-Katharina-Mitrov-Foto-digiDEM-Bayern-Ilona-Hoerath-300x225.jpeg",300,225,true],"medium_large":["https:\/\/digidem-bayern.de\/wp-content\/uploads\/2023\/10\/2023-09-28-01-Nikolas-Dietzel-Cathrin-Kuhl-und-Kamerafrau-Katharina-Mitrov-Foto-digiDEM-Bayern-Ilona-Hoerath-768x576.jpeg",768,576,true],"large":["https:\/\/digidem-bayern.de\/wp-content\/uploads\/2023\/10\/2023-09-28-01-Nikolas-Dietzel-Cathrin-Kuhl-und-Kamerafrau-Katharina-Mitrov-Foto-digiDEM-Bayern-Ilona-Hoerath-1030x773.jpeg",1030,773,true],"1536x1536":["https:\/\/digidem-bayern.de\/wp-content\/uploads\/2023\/10\/2023-09-28-01-Nikolas-Dietzel-Cathrin-Kuhl-und-Kamerafrau-Katharina-Mitrov-Foto-digiDEM-Bayern-Ilona-Hoerath-1536x1152.jpeg",1536,1152,true],"2048x2048":["https:\/\/digidem-bayern.de\/wp-content\/uploads\/2023\/10\/2023-09-28-01-Nikolas-Dietzel-Cathrin-Kuhl-und-Kamerafrau-Katharina-Mitrov-Foto-digiDEM-Bayern-Ilona-Hoerath-2048x1536.jpeg",2048,1536,true],"trp-custom-language-flag":["https:\/\/digidem-bayern.de\/wp-content\/uploads\/2023\/10\/2023-09-28-01-Nikolas-Dietzel-Cathrin-Kuhl-und-Kamerafrau-Katharina-Mitrov-Foto-digiDEM-Bayern-Ilona-Hoerath.jpeg",16,12,false],"qubely_landscape":["https:\/\/digidem-bayern.de\/wp-content\/uploads\/2023\/10\/2023-09-28-01-Nikolas-Dietzel-Cathrin-Kuhl-und-Kamerafrau-Katharina-Mitrov-Foto-digiDEM-Bayern-Ilona-Hoerath-1200x750.jpeg",1200,750,true],"qubely_portrait":["https:\/\/digidem-bayern.de\/wp-content\/uploads\/2023\/10\/2023-09-28-01-Nikolas-Dietzel-Cathrin-Kuhl-und-Kamerafrau-Katharina-Mitrov-Foto-digiDEM-Bayern-Ilona-Hoerath-540x320.jpeg",540,320,true],"qubely_thumbnail":["https:\/\/digidem-bayern.de\/wp-content\/uploads\/2023\/10\/2023-09-28-01-Nikolas-Dietzel-Cathrin-Kuhl-und-Kamerafrau-Katharina-Mitrov-Foto-digiDEM-Bayern-Ilona-Hoerath-140x100.jpeg",140,100,true],"post-thumbnail":["https:\/\/digidem-bayern.de\/wp-content\/uploads\/2023\/10\/2023-09-28-01-Nikolas-Dietzel-Cathrin-Kuhl-und-Kamerafrau-Katharina-Mitrov-Foto-digiDEM-Bayern-Ilona-Hoerath-467x350.jpeg",467,350,true],"kahuna-featured":["https:\/\/digidem-bayern.de\/wp-content\/uploads\/2023\/10\/2023-09-28-01-Nikolas-Dietzel-Cathrin-Kuhl-und-Kamerafrau-Katharina-Mitrov-Foto-digiDEM-Bayern-Ilona-Hoerath-734x350.jpeg",734,350,true],"kahuna-featured-lp":["https:\/\/digidem-bayern.de\/wp-content\/uploads\/2023\/10\/2023-09-28-01-Nikolas-Dietzel-Cathrin-Kuhl-und-Kamerafrau-Katharina-Mitrov-Foto-digiDEM-Bayern-Ilona-Hoerath-520x350.jpeg",520,350,true],"kahuna-featured-half":["https:\/\/digidem-bayern.de\/wp-content\/uploads\/2023\/10\/2023-09-28-01-Nikolas-Dietzel-Cathrin-Kuhl-und-Kamerafrau-Katharina-Mitrov-Foto-digiDEM-Bayern-Ilona-Hoerath-800x350.jpeg",800,350,true],"kahuna-featured-third":["https:\/\/digidem-bayern.de\/wp-content\/uploads\/2023\/10\/2023-09-28-01-Nikolas-Dietzel-Cathrin-Kuhl-und-Kamerafrau-Katharina-Mitrov-Foto-digiDEM-Bayern-Ilona-Hoerath-512x350.jpeg",512,350,true],"kahuna-lpbox-1":["https:\/\/digidem-bayern.de\/wp-content\/uploads\/2023\/10\/2023-09-28-01-Nikolas-Dietzel-Cathrin-Kuhl-und-Kamerafrau-Katharina-Mitrov-Foto-digiDEM-Bayern-Ilona-Hoerath-520x300.jpeg",520,300,true],"kahuna-lpbox-2":["https:\/\/digidem-bayern.de\/wp-content\/uploads\/2023\/10\/2023-09-28-01-Nikolas-Dietzel-Cathrin-Kuhl-und-Kamerafrau-Katharina-Mitrov-Foto-digiDEM-Bayern-Ilona-Hoerath-520x350.jpeg",520,350,true],"demand-language-flag":["https:\/\/digidem-bayern.de\/wp-content\/uploads\/2023\/10\/2023-09-28-01-Nikolas-Dietzel-Cathrin-Kuhl-und-Kamerafrau-Katharina-Mitrov-Foto-digiDEM-Bayern-Ilona-Hoerath-36x36.jpeg",36,36,true],"dddkt-language-flag":["https:\/\/digidem-bayern.de\/wp-content\/uploads\/2023\/10\/2023-09-28-01-Nikolas-Dietzel-Cathrin-Kuhl-und-Kamerafrau-Katharina-Mitrov-Foto-digiDEM-Bayern-Ilona-Hoerath-36x36.jpeg",36,36,true],"ddiqc-language-flag":["https:\/\/digidem-bayern.de\/wp-content\/uploads\/2023\/10\/2023-09-28-01-Nikolas-Dietzel-Cathrin-Kuhl-und-Kamerafrau-Katharina-Mitrov-Foto-digiDEM-Bayern-Ilona-Hoerath-36x36.jpeg",36,36,true],"ddtl-language-flag":["https:\/\/digidem-bayern.de\/wp-content\/uploads\/2023\/10\/2023-09-28-01-Nikolas-Dietzel-Cathrin-Kuhl-und-Kamerafrau-Katharina-Mitrov-Foto-digiDEM-Bayern-Ilona-Hoerath-36x36.jpeg",36,36,true],"mailpoet_newsletter_max":["https:\/\/digidem-bayern.de\/wp-content\/uploads\/2023\/10\/2023-09-28-01-Nikolas-Dietzel-Cathrin-Kuhl-und-Kamerafrau-Katharina-Mitrov-Foto-digiDEM-Bayern-Ilona-Hoerath-1320x990.jpeg",1320,990,true],"kahuna-lpbox-3":["https:\/\/digidem-bayern.de\/wp-content\/uploads\/2023\/10\/2023-09-28-01-Nikolas-Dietzel-Cathrin-Kuhl-und-Kamerafrau-Katharina-Mitrov-Foto-digiDEM-Bayern-Ilona-Hoerath-520x350.jpeg",520,350,true],"kahuna-featured-square":["https:\/\/digidem-bayern.de\/wp-content\/uploads\/2023\/10\/2023-09-28-01-Nikolas-Dietzel-Cathrin-Kuhl-und-Kamerafrau-Katharina-Mitrov-Foto-digiDEM-Bayern-Ilona-Hoerath-512x512.jpeg",512,512,true],"kahuna-featured-square-large":["https:\/\/digidem-bayern.de\/wp-content\/uploads\/2023\/10\/2023-09-28-01-Nikolas-Dietzel-Cathrin-Kuhl-und-Kamerafrau-Katharina-Mitrov-Foto-digiDEM-Bayern-Ilona-Hoerath-1024x1024.jpeg",1024,1024,true]},"qubely_author":{"display_name":"Ilona H\u00f6rath","author_link":"https:\/\/digidem-bayern.de\/en\/author\/hoeratia\/"},"qubely_comment":1,"qubely_category":"<a href=\"https:\/\/digidem-bayern.de\/en\/category\/aktuelles-zu-digidem\/\" rel=\"category tag\">Aktuelles zu digiDEM<\/a>","qubely_excerpt":"Der Online-Fragebogen \u201edigiDEM Bayern DEMAND\u00ae\u201c steht im Mittelpunkt des Berichts von Cathrin Kuhl, Redakteurin bei Frankenfernsehen in N\u00fcrnberg. Mit Kamerafrau Katharina Mitrov besuchte sie digiDEM Bayern, um mit Nikolas Dietzel, dem Mitentwickler des Online-Fragebogens, zu sprechen. Ein besonderes Unterst\u00fctzungsangebot hilft Menschen mit Demenz und ihren pflegenden An- und Zugeh\u00f6rigen, die &hellip;","featured_image_urls_v2":{"full":["https:\/\/digidem-bayern.de\/wp-content\/uploads\/2023\/10\/2023-09-28-01-Nikolas-Dietzel-Cathrin-Kuhl-und-Kamerafrau-Katharina-Mitrov-Foto-digiDEM-Bayern-Ilona-Hoerath.jpeg",1600,1200,false],"thumbnail":["https:\/\/digidem-bayern.de\/wp-content\/uploads\/2023\/10\/2023-09-28-01-Nikolas-Dietzel-Cathrin-Kuhl-und-Kamerafrau-Katharina-Mitrov-Foto-digiDEM-Bayern-Ilona-Hoerath-80x80.jpeg",80,80,true],"medium":["https:\/\/digidem-bayern.de\/wp-content\/uploads\/2023\/10\/2023-09-28-01-Nikolas-Dietzel-Cathrin-Kuhl-und-Kamerafrau-Katharina-Mitrov-Foto-digiDEM-Bayern-Ilona-Hoerath-300x225.jpeg",300,225,true],"medium_large":["https:\/\/digidem-bayern.de\/wp-content\/uploads\/2023\/10\/2023-09-28-01-Nikolas-Dietzel-Cathrin-Kuhl-und-Kamerafrau-Katharina-Mitrov-Foto-digiDEM-Bayern-Ilona-Hoerath-768x576.jpeg",768,576,true],"large":["https:\/\/digidem-bayern.de\/wp-content\/uploads\/2023\/10\/2023-09-28-01-Nikolas-Dietzel-Cathrin-Kuhl-und-Kamerafrau-Katharina-Mitrov-Foto-digiDEM-Bayern-Ilona-Hoerath-1030x773.jpeg",1030,773,true],"1536x1536":["https:\/\/digidem-bayern.de\/wp-content\/uploads\/2023\/10\/2023-09-28-01-Nikolas-Dietzel-Cathrin-Kuhl-und-Kamerafrau-Katharina-Mitrov-Foto-digiDEM-Bayern-Ilona-Hoerath-1536x1152.jpeg",1536,1152,true],"2048x2048":["https:\/\/digidem-bayern.de\/wp-content\/uploads\/2023\/10\/2023-09-28-01-Nikolas-Dietzel-Cathrin-Kuhl-und-Kamerafrau-Katharina-Mitrov-Foto-digiDEM-Bayern-Ilona-Hoerath-2048x1536.jpeg",2048,1536,true],"trp-custom-language-flag":["https:\/\/digidem-bayern.de\/wp-content\/uploads\/2023\/10\/2023-09-28-01-Nikolas-Dietzel-Cathrin-Kuhl-und-Kamerafrau-Katharina-Mitrov-Foto-digiDEM-Bayern-Ilona-Hoerath.jpeg",16,12,false],"qubely_landscape":["https:\/\/digidem-bayern.de\/wp-content\/uploads\/2023\/10\/2023-09-28-01-Nikolas-Dietzel-Cathrin-Kuhl-und-Kamerafrau-Katharina-Mitrov-Foto-digiDEM-Bayern-Ilona-Hoerath-1200x750.jpeg",1200,750,true],"qubely_portrait":["https:\/\/digidem-bayern.de\/wp-content\/uploads\/2023\/10\/2023-09-28-01-Nikolas-Dietzel-Cathrin-Kuhl-und-Kamerafrau-Katharina-Mitrov-Foto-digiDEM-Bayern-Ilona-Hoerath-540x320.jpeg",540,320,true],"qubely_thumbnail":["https:\/\/digidem-bayern.de\/wp-content\/uploads\/2023\/10\/2023-09-28-01-Nikolas-Dietzel-Cathrin-Kuhl-und-Kamerafrau-Katharina-Mitrov-Foto-digiDEM-Bayern-Ilona-Hoerath-140x100.jpeg",140,100,true],"post-thumbnail":["https:\/\/digidem-bayern.de\/wp-content\/uploads\/2023\/10\/2023-09-28-01-Nikolas-Dietzel-Cathrin-Kuhl-und-Kamerafrau-Katharina-Mitrov-Foto-digiDEM-Bayern-Ilona-Hoerath-467x350.jpeg",467,350,true],"kahuna-featured":["https:\/\/digidem-bayern.de\/wp-content\/uploads\/2023\/10\/2023-09-28-01-Nikolas-Dietzel-Cathrin-Kuhl-und-Kamerafrau-Katharina-Mitrov-Foto-digiDEM-Bayern-Ilona-Hoerath-734x350.jpeg",734,350,true],"kahuna-featured-lp":["https:\/\/digidem-bayern.de\/wp-content\/uploads\/2023\/10\/2023-09-28-01-Nikolas-Dietzel-Cathrin-Kuhl-und-Kamerafrau-Katharina-Mitrov-Foto-digiDEM-Bayern-Ilona-Hoerath-520x350.jpeg",520,350,true],"kahuna-featured-half":["https:\/\/digidem-bayern.de\/wp-content\/uploads\/2023\/10\/2023-09-28-01-Nikolas-Dietzel-Cathrin-Kuhl-und-Kamerafrau-Katharina-Mitrov-Foto-digiDEM-Bayern-Ilona-Hoerath-800x350.jpeg",800,350,true],"kahuna-featured-third":["https:\/\/digidem-bayern.de\/wp-content\/uploads\/2023\/10\/2023-09-28-01-Nikolas-Dietzel-Cathrin-Kuhl-und-Kamerafrau-Katharina-Mitrov-Foto-digiDEM-Bayern-Ilona-Hoerath-512x350.jpeg",512,350,true],"kahuna-lpbox-1":["https:\/\/digidem-bayern.de\/wp-content\/uploads\/2023\/10\/2023-09-28-01-Nikolas-Dietzel-Cathrin-Kuhl-und-Kamerafrau-Katharina-Mitrov-Foto-digiDEM-Bayern-Ilona-Hoerath-520x300.jpeg",520,300,true],"kahuna-lpbox-2":["https:\/\/digidem-bayern.de\/wp-content\/uploads\/2023\/10\/2023-09-28-01-Nikolas-Dietzel-Cathrin-Kuhl-und-Kamerafrau-Katharina-Mitrov-Foto-digiDEM-Bayern-Ilona-Hoerath-520x350.jpeg",520,350,true],"demand-language-flag":["https:\/\/digidem-bayern.de\/wp-content\/uploads\/2023\/10\/2023-09-28-01-Nikolas-Dietzel-Cathrin-Kuhl-und-Kamerafrau-Katharina-Mitrov-Foto-digiDEM-Bayern-Ilona-Hoerath-36x36.jpeg",36,36,true],"dddkt-language-flag":["https:\/\/digidem-bayern.de\/wp-content\/uploads\/2023\/10\/2023-09-28-01-Nikolas-Dietzel-Cathrin-Kuhl-und-Kamerafrau-Katharina-Mitrov-Foto-digiDEM-Bayern-Ilona-Hoerath-36x36.jpeg",36,36,true],"ddiqc-language-flag":["https:\/\/digidem-bayern.de\/wp-content\/uploads\/2023\/10\/2023-09-28-01-Nikolas-Dietzel-Cathrin-Kuhl-und-Kamerafrau-Katharina-Mitrov-Foto-digiDEM-Bayern-Ilona-Hoerath-36x36.jpeg",36,36,true],"ddtl-language-flag":["https:\/\/digidem-bayern.de\/wp-content\/uploads\/2023\/10\/2023-09-28-01-Nikolas-Dietzel-Cathrin-Kuhl-und-Kamerafrau-Katharina-Mitrov-Foto-digiDEM-Bayern-Ilona-Hoerath-36x36.jpeg",36,36,true],"mailpoet_newsletter_max":["https:\/\/digidem-bayern.de\/wp-content\/uploads\/2023\/10\/2023-09-28-01-Nikolas-Dietzel-Cathrin-Kuhl-und-Kamerafrau-Katharina-Mitrov-Foto-digiDEM-Bayern-Ilona-Hoerath-1320x990.jpeg",1320,990,true],"kahuna-lpbox-3":["https:\/\/digidem-bayern.de\/wp-content\/uploads\/2023\/10\/2023-09-28-01-Nikolas-Dietzel-Cathrin-Kuhl-und-Kamerafrau-Katharina-Mitrov-Foto-digiDEM-Bayern-Ilona-Hoerath-520x350.jpeg",520,350,true],"kahuna-featured-square":["https:\/\/digidem-bayern.de\/wp-content\/uploads\/2023\/10\/2023-09-28-01-Nikolas-Dietzel-Cathrin-Kuhl-und-Kamerafrau-Katharina-Mitrov-Foto-digiDEM-Bayern-Ilona-Hoerath-512x512.jpeg",512,512,true],"kahuna-featured-square-large":["https:\/\/digidem-bayern.de\/wp-content\/uploads\/2023\/10\/2023-09-28-01-Nikolas-Dietzel-Cathrin-Kuhl-und-Kamerafrau-Katharina-Mitrov-Foto-digiDEM-Bayern-Ilona-Hoerath-1024x1024.jpeg",1024,1024,true]},"post_excerpt_stackable_v2":"<p>Der Online-Fragebogen \u201edigiDEM Bayern DEMAND\u00ae\u201c steht im Mittelpunkt des Berichts von Cathrin Kuhl, Redakteurin bei Frankenfernsehen in N\u00fcrnberg. Mit Kamerafrau Katharina Mitrov besuchte sie digiDEM Bayern, um mit Nikolas Dietzel, dem Mitentwickler des Online-Fragebogens, zu sprechen. digiDEM Bayern-Projektleiter Prof. Dr. Peter Kolominsky-Rabas freut sich \u00fcber den Besuch von Frankenfernsehen-Redakteurin Cathrin Kuhl und Kamerafrau Katharina Mitrov (re.). Foto: digiDEM Bayern\/Ilona H\u00f6rath Ein besonderes Unterst\u00fctzungsangebot hilft Menschen mit Demenz und ihren pflegenden An- und Zugeh\u00f6rigen, die eigenen Versorgungsbedarfe zu erkennen: Der Online-Fragebogen \u201edigiDEM Bayern DEMAND\u00ae\u201csteht im Mittelpunkt des Berichts von Frankenfernsehen-Redakteurin Cathrin Kuhl. Nikolas Dietzel, wissenschaftlicher Mitarbeiter bei digiDEM Bayern und Mitentwickler&hellip;<\/p>\n","category_list_v2":"<a href=\"https:\/\/digidem-bayern.de\/en\/category\/aktuelles-zu-digidem\/\" rel=\"category tag\">Aktuelles zu digiDEM<\/a>","author_info_v2":{"name":"Ilona H\u00f6rath","url":"https:\/\/digidem-bayern.de\/en\/author\/hoeratia\/"},"comments_num_v2":"0 comments","yoast_head":"<!-- This site is optimized with the Yoast SEO plugin v27.4 - https:\/\/yoast.com\/product\/yoast-seo-wordpress\/ -->\n<title>digiDEM Bayern begr\u00fc\u00dft Frankenfernsehen - digiDEM Bayern<\/title>\n<meta name=\"description\" content=\"Der Bayerische Landesapothekerkammer unterst\u00fctzt digiDEM Bayern mit Hilfe des Netzwerks &quot;Demenzfreundliche Apotheken&quot;.\" \/>\n<meta name=\"robots\" content=\"index, follow, max-snippet:-1, max-image-preview:large, max-video-preview:-1\" \/>\n<link rel=\"canonical\" href=\"https:\/\/digidem-bayern.de\/en\/digidem-bayern-begruesst-frankenfernsehen\/\" \/>\n<meta property=\"og:locale\" content=\"en_US\" \/>\n<meta property=\"og:type\" content=\"article\" \/>\n<meta property=\"og:title\" content=\"digiDEM Bayern begr\u00fc\u00dft Frankenfernsehen - digiDEM Bayern\" \/>\n<meta property=\"og:description\" content=\"Der Bayerische Landesapothekerkammer unterst\u00fctzt digiDEM Bayern mit Hilfe des Netzwerks &quot;Demenzfreundliche Apotheken&quot;.\" \/>\n<meta property=\"og:url\" content=\"https:\/\/digidem-bayern.de\/en\/digidem-bayern-begruesst-frankenfernsehen\/\" \/>\n<meta property=\"og:site_name\" content=\"digiDEM Bayern\" \/>\n<meta property=\"article:publisher\" content=\"https:\/\/www.facebook.com\/digiDEMBayern\/\" \/>\n<meta property=\"article:published_time\" content=\"2023-10-02T17:34:16+00:00\" \/>\n<meta property=\"og:image\" content=\"https:\/\/digidem-bayern.de\/wp-content\/uploads\/2023\/10\/2023-09-28-01-Nikolas-Dietzel-Cathrin-Kuhl-und-Kamerafrau-Katharina-Mitrov-Foto-digiDEM-Bayern-Ilona-Hoerath-1030x773.jpeg\" \/>\n\t<meta property=\"og:image:width\" content=\"1030\" \/>\n\t<meta property=\"og:image:height\" content=\"773\" \/>\n\t<meta property=\"og:image:type\" content=\"image\/jpeg\" \/>\n<meta name=\"author\" content=\"Ilona H\u00f6rath\" \/>\n<meta name=\"twitter:label1\" content=\"Written by\" \/>\n\t<meta name=\"twitter:data1\" content=\"Ilona H\u00f6rath\" \/>\n\t<meta name=\"twitter:label2\" content=\"Est. reading time\" \/>\n\t<meta name=\"twitter:data2\" content=\"2 minutes\" \/>\n<script type=\"application\/ld+json\" class=\"yoast-schema-graph\">{\"@context\":\"https:\\\/\\\/schema.org\",\"@graph\":[{\"@type\":\"Article\",\"@id\":\"https:\\\/\\\/digidem-bayern.de\\\/digidem-bayern-begruesst-frankenfernsehen\\\/#article\",\"isPartOf\":{\"@id\":\"https:\\\/\\\/digidem-bayern.de\\\/digidem-bayern-begruesst-frankenfernsehen\\\/\"},\"author\":{\"name\":\"Ilona H\u00f6rath\",\"@id\":\"\\\/#\\\/schema\\\/person\\\/0bc1494f46fc2a051c761322a80e0941\"},\"headline\":\"digiDEM Bayern begr\u00fc\u00dft Frankenfernsehen\",\"datePublished\":\"2023-10-02T17:34:16+00:00\",\"mainEntityOfPage\":{\"@id\":\"https:\\\/\\\/digidem-bayern.de\\\/digidem-bayern-begruesst-frankenfernsehen\\\/\"},\"wordCount\":166,\"commentCount\":0,\"publisher\":{\"@id\":\"\\\/#organization\"},\"image\":{\"@id\":\"https:\\\/\\\/digidem-bayern.de\\\/digidem-bayern-begruesst-frankenfernsehen\\\/#primaryimage\"},\"thumbnailUrl\":\"https:\\\/\\\/digidem-bayern.de\\\/wp-content\\\/uploads\\\/2023\\\/10\\\/2023-09-28-01-Nikolas-Dietzel-Cathrin-Kuhl-und-Kamerafrau-Katharina-Mitrov-Foto-digiDEM-Bayern-Ilona-Hoerath.jpeg\",\"keywords\":[\"Alzheimer\",\"ARD\",\"Bayerischer Rundfunk\",\"Bayerisches Staastministerium f\u00fcr Gesundheit und Pflege\",\"BR\",\"Demand\",\"Demenz\",\"Demenz-Screeningtag\",\"digidem\",\"digidem Bayern\",\"Digitales Demenzregister Bayern\",\"Frankenfernsehen\",\"Unterst\u00fctzungsangebote\"],\"articleSection\":[\"Aktuelles zu digiDEM\"],\"inLanguage\":\"en-US\",\"potentialAction\":[{\"@type\":\"CommentAction\",\"name\":\"Comment\",\"target\":[\"https:\\\/\\\/digidem-bayern.de\\\/digidem-bayern-begruesst-frankenfernsehen\\\/#respond\"]}]},{\"@type\":\"WebPage\",\"@id\":\"https:\\\/\\\/digidem-bayern.de\\\/digidem-bayern-begruesst-frankenfernsehen\\\/\",\"url\":\"https:\\\/\\\/digidem-bayern.de\\\/digidem-bayern-begruesst-frankenfernsehen\\\/\",\"name\":\"digiDEM Bayern begr\u00fc\u00dft Frankenfernsehen - digiDEM Bayern\",\"isPartOf\":{\"@id\":\"\\\/#website\"},\"primaryImageOfPage\":{\"@id\":\"https:\\\/\\\/digidem-bayern.de\\\/digidem-bayern-begruesst-frankenfernsehen\\\/#primaryimage\"},\"image\":{\"@id\":\"https:\\\/\\\/digidem-bayern.de\\\/digidem-bayern-begruesst-frankenfernsehen\\\/#primaryimage\"},\"thumbnailUrl\":\"https:\\\/\\\/digidem-bayern.de\\\/wp-content\\\/uploads\\\/2023\\\/10\\\/2023-09-28-01-Nikolas-Dietzel-Cathrin-Kuhl-und-Kamerafrau-Katharina-Mitrov-Foto-digiDEM-Bayern-Ilona-Hoerath.jpeg\",\"datePublished\":\"2023-10-02T17:34:16+00:00\",\"description\":\"Der Bayerische Landesapothekerkammer unterst\u00fctzt digiDEM Bayern mit Hilfe des Netzwerks \\\"Demenzfreundliche Apotheken\\\".\",\"breadcrumb\":{\"@id\":\"https:\\\/\\\/digidem-bayern.de\\\/digidem-bayern-begruesst-frankenfernsehen\\\/#breadcrumb\"},\"inLanguage\":\"en-US\",\"potentialAction\":[{\"@type\":\"ReadAction\",\"target\":[\"https:\\\/\\\/digidem-bayern.de\\\/digidem-bayern-begruesst-frankenfernsehen\\\/\"]}]},{\"@type\":\"ImageObject\",\"inLanguage\":\"en-US\",\"@id\":\"https:\\\/\\\/digidem-bayern.de\\\/digidem-bayern-begruesst-frankenfernsehen\\\/#primaryimage\",\"url\":\"https:\\\/\\\/digidem-bayern.de\\\/wp-content\\\/uploads\\\/2023\\\/10\\\/2023-09-28-01-Nikolas-Dietzel-Cathrin-Kuhl-und-Kamerafrau-Katharina-Mitrov-Foto-digiDEM-Bayern-Ilona-Hoerath.jpeg\",\"contentUrl\":\"https:\\\/\\\/digidem-bayern.de\\\/wp-content\\\/uploads\\\/2023\\\/10\\\/2023-09-28-01-Nikolas-Dietzel-Cathrin-Kuhl-und-Kamerafrau-Katharina-Mitrov-Foto-digiDEM-Bayern-Ilona-Hoerath.jpeg\",\"width\":1600,\"height\":1200,\"caption\":\"Nach dem Interview gab es ein Gruppenfoto mit Nikolas Dietzel, Mitentwickler des Online-Fragebogens \u201edigiDEM Bayern DEMAND\u00ae\u201c, Frankenfernsehen-Redakteurin Cathrin Kuhl und Kamerafrau Katharina Mitrov (re.). Foto: digiDEM Bayern\\\/Ilona H\u00f6rath\"},{\"@type\":\"BreadcrumbList\",\"@id\":\"https:\\\/\\\/digidem-bayern.de\\\/digidem-bayern-begruesst-frankenfernsehen\\\/#breadcrumb\",\"itemListElement\":[{\"@type\":\"ListItem\",\"position\":1,\"name\":\"Startseite\",\"item\":\"https:\\\/\\\/digidem-bayern.de\\\/\"},{\"@type\":\"ListItem\",\"position\":2,\"name\":\"digiDEM Bayern begr\u00fc\u00dft Frankenfernsehen\"}]},{\"@type\":\"WebSite\",\"@id\":\"\\\/#website\",\"url\":\"\\\/\",\"name\":\"digiDEM Bayern\",\"description\":\"Das digitale Demenzregister Bayern erforscht und verbessert die Angebotsstuktur f\u00fcr Menschen mit Demenz und deren Angeh\u00f6rige\",\"publisher\":{\"@id\":\"\\\/#organization\"},\"potentialAction\":[{\"@type\":\"SearchAction\",\"target\":{\"@type\":\"EntryPoint\",\"urlTemplate\":\"\\\/?s={search_term_string}\"},\"query-input\":{\"@type\":\"PropertyValueSpecification\",\"valueRequired\":true,\"valueName\":\"search_term_string\"}}],\"inLanguage\":\"en-US\"},{\"@type\":\"Organization\",\"@id\":\"\\\/#organization\",\"name\":\"digiDEM Bayern\",\"url\":\"\\\/\",\"logo\":{\"@type\":\"ImageObject\",\"inLanguage\":\"en-US\",\"@id\":\"\\\/#\\\/schema\\\/logo\\\/image\\\/\",\"url\":\"https:\\\/\\\/digidem-bayern.de\\\/wp-content\\\/uploads\\\/2022\\\/03\\\/cropped-Allgemeines_digiDEMLOGO-removebg-preview.png\",\"contentUrl\":\"https:\\\/\\\/digidem-bayern.de\\\/wp-content\\\/uploads\\\/2022\\\/03\\\/cropped-Allgemeines_digiDEMLOGO-removebg-preview.png\",\"width\":612,\"height\":357,\"caption\":\"digiDEM Bayern\"},\"image\":{\"@id\":\"\\\/#\\\/schema\\\/logo\\\/image\\\/\"},\"sameAs\":[\"https:\\\/\\\/www.facebook.com\\\/digiDEMBayern\\\/\",\"https:\\\/\\\/x.com\\\/digidem_bayern\",\"https:\\\/\\\/www.instagram.com\\\/digidem.bayern\",\"https:\\\/\\\/www.linkedin.com\\\/company\\\/digidem-bayern\\\/\"]},{\"@type\":\"Person\",\"@id\":\"\\\/#\\\/schema\\\/person\\\/0bc1494f46fc2a051c761322a80e0941\",\"name\":\"Ilona H\u00f6rath\",\"url\":\"https:\\\/\\\/digidem-bayern.de\\\/en\\\/author\\\/hoeratia\\\/\"}]}<\/script>\n<!-- \/ Yoast SEO plugin. -->","yoast_head_json":{"title":"digiDEM Bayern begr\u00fc\u00dft Frankenfernsehen - digiDEM Bayern","description":"Der Bayerische Landesapothekerkammer unterst\u00fctzt digiDEM Bayern mit Hilfe des Netzwerks \"Demenzfreundliche Apotheken\".","robots":{"index":"index","follow":"follow","max-snippet":"max-snippet:-1","max-image-preview":"max-image-preview:large","max-video-preview":"max-video-preview:-1"},"canonical":"https:\/\/digidem-bayern.de\/en\/digidem-bayern-begruesst-frankenfernsehen\/","og_locale":"en_US","og_type":"article","og_title":"digiDEM Bayern begr\u00fc\u00dft Frankenfernsehen - digiDEM Bayern","og_description":"Der Bayerische Landesapothekerkammer unterst\u00fctzt digiDEM Bayern mit Hilfe des Netzwerks \"Demenzfreundliche Apotheken\".","og_url":"https:\/\/digidem-bayern.de\/en\/digidem-bayern-begruesst-frankenfernsehen\/","og_site_name":"digiDEM Bayern","article_publisher":"https:\/\/www.facebook.com\/digiDEMBayern\/","article_published_time":"2023-10-02T17:34:16+00:00","og_image":[{"width":1030,"height":773,"url":"https:\/\/digidem-bayern.de\/wp-content\/uploads\/2023\/10\/2023-09-28-01-Nikolas-Dietzel-Cathrin-Kuhl-und-Kamerafrau-Katharina-Mitrov-Foto-digiDEM-Bayern-Ilona-Hoerath-1030x773.jpeg","type":"image\/jpeg"}],"author":"Ilona H\u00f6rath","twitter_misc":{"Written by":"Ilona H\u00f6rath","Est. reading time":"2 minutes"},"schema":{"@context":"https:\/\/schema.org","@graph":[{"@type":"Article","@id":"https:\/\/digidem-bayern.de\/digidem-bayern-begruesst-frankenfernsehen\/#article","isPartOf":{"@id":"https:\/\/digidem-bayern.de\/digidem-bayern-begruesst-frankenfernsehen\/"},"author":{"name":"Ilona H\u00f6rath","@id":"\/#\/schema\/person\/0bc1494f46fc2a051c761322a80e0941"},"headline":"digiDEM Bayern begr\u00fc\u00dft Frankenfernsehen","datePublished":"2023-10-02T17:34:16+00:00","mainEntityOfPage":{"@id":"https:\/\/digidem-bayern.de\/digidem-bayern-begruesst-frankenfernsehen\/"},"wordCount":166,"commentCount":0,"publisher":{"@id":"\/#organization"},"image":{"@id":"https:\/\/digidem-bayern.de\/digidem-bayern-begruesst-frankenfernsehen\/#primaryimage"},"thumbnailUrl":"https:\/\/digidem-bayern.de\/wp-content\/uploads\/2023\/10\/2023-09-28-01-Nikolas-Dietzel-Cathrin-Kuhl-und-Kamerafrau-Katharina-Mitrov-Foto-digiDEM-Bayern-Ilona-Hoerath.jpeg","keywords":["Alzheimer","ARD","Bayerischer Rundfunk","Bayerisches Staastministerium f\u00fcr Gesundheit und Pflege","BR","Demand","Demenz","Demenz-Screeningtag","digidem","digidem Bayern","Digitales Demenzregister Bayern","Frankenfernsehen","Unterst\u00fctzungsangebote"],"articleSection":["Aktuelles zu digiDEM"],"inLanguage":"en-US","potentialAction":[{"@type":"CommentAction","name":"Comment","target":["https:\/\/digidem-bayern.de\/digidem-bayern-begruesst-frankenfernsehen\/#respond"]}]},{"@type":"WebPage","@id":"https:\/\/digidem-bayern.de\/digidem-bayern-begruesst-frankenfernsehen\/","url":"https:\/\/digidem-bayern.de\/digidem-bayern-begruesst-frankenfernsehen\/","name":"digiDEM Bayern begr\u00fc\u00dft Frankenfernsehen - digiDEM Bayern","isPartOf":{"@id":"\/#website"},"primaryImageOfPage":{"@id":"https:\/\/digidem-bayern.de\/digidem-bayern-begruesst-frankenfernsehen\/#primaryimage"},"image":{"@id":"https:\/\/digidem-bayern.de\/digidem-bayern-begruesst-frankenfernsehen\/#primaryimage"},"thumbnailUrl":"https:\/\/digidem-bayern.de\/wp-content\/uploads\/2023\/10\/2023-09-28-01-Nikolas-Dietzel-Cathrin-Kuhl-und-Kamerafrau-Katharina-Mitrov-Foto-digiDEM-Bayern-Ilona-Hoerath.jpeg","datePublished":"2023-10-02T17:34:16+00:00","description":"Der Bayerische Landesapothekerkammer unterst\u00fctzt digiDEM Bayern mit Hilfe des Netzwerks \"Demenzfreundliche Apotheken\".","breadcrumb":{"@id":"https:\/\/digidem-bayern.de\/digidem-bayern-begruesst-frankenfernsehen\/#breadcrumb"},"inLanguage":"en-US","potentialAction":[{"@type":"ReadAction","target":["https:\/\/digidem-bayern.de\/digidem-bayern-begruesst-frankenfernsehen\/"]}]},{"@type":"ImageObject","inLanguage":"en-US","@id":"https:\/\/digidem-bayern.de\/digidem-bayern-begruesst-frankenfernsehen\/#primaryimage","url":"https:\/\/digidem-bayern.de\/wp-content\/uploads\/2023\/10\/2023-09-28-01-Nikolas-Dietzel-Cathrin-Kuhl-und-Kamerafrau-Katharina-Mitrov-Foto-digiDEM-Bayern-Ilona-Hoerath.jpeg","contentUrl":"https:\/\/digidem-bayern.de\/wp-content\/uploads\/2023\/10\/2023-09-28-01-Nikolas-Dietzel-Cathrin-Kuhl-und-Kamerafrau-Katharina-Mitrov-Foto-digiDEM-Bayern-Ilona-Hoerath.jpeg","width":1600,"height":1200,"caption":"Nach dem Interview gab es ein Gruppenfoto mit Nikolas Dietzel, Mitentwickler des Online-Fragebogens \u201edigiDEM Bayern DEMAND\u00ae\u201c, Frankenfernsehen-Redakteurin Cathrin Kuhl und Kamerafrau Katharina Mitrov (re.). Foto: digiDEM Bayern\/Ilona H\u00f6rath"},{"@type":"BreadcrumbList","@id":"https:\/\/digidem-bayern.de\/digidem-bayern-begruesst-frankenfernsehen\/#breadcrumb","itemListElement":[{"@type":"ListItem","position":1,"name":"Startseite","item":"https:\/\/digidem-bayern.de\/"},{"@type":"ListItem","position":2,"name":"digiDEM Bayern begr\u00fc\u00dft Frankenfernsehen"}]},{"@type":"WebSite","@id":"\/#website","url":"\/","name":"digiDEM Bavaria","description":"The digital dementia register in Bavaria researches and improves the structure of services for people with dementia and their relatives","publisher":{"@id":"\/#organization"},"potentialAction":[{"@type":"SearchAction","target":{"@type":"EntryPoint","urlTemplate":"\/?s={search_term_string}"},"query-input":{"@type":"PropertyValueSpecification","valueRequired":true,"valueName":"search_term_string"}}],"inLanguage":"en-US"},{"@type":"Organization","@id":"\/#organization","name":"digiDEM Bavaria","url":"\/","logo":{"@type":"ImageObject","inLanguage":"en-US","@id":"\/#\/schema\/logo\/image\/","url":"https:\/\/digidem-bayern.de\/wp-content\/uploads\/2022\/03\/cropped-Allgemeines_digiDEMLOGO-removebg-preview.png","contentUrl":"https:\/\/digidem-bayern.de\/wp-content\/uploads\/2022\/03\/cropped-Allgemeines_digiDEMLOGO-removebg-preview.png","width":612,"height":357,"caption":"digiDEM Bayern"},"image":{"@id":"\/#\/schema\/logo\/image\/"},"sameAs":["https:\/\/www.facebook.com\/digiDEMBayern\/","https:\/\/x.com\/digidem_bayern","https:\/\/www.instagram.com\/digidem.bayern","https:\/\/www.linkedin.com\/company\/digidem-bayern\/"]},{"@type":"Person","@id":"\/#\/schema\/person\/0bc1494f46fc2a051c761322a80e0941","name":"Ilona H\u00f6rath","url":"https:\/\/digidem-bayern.de\/en\/author\/hoeratia\/"}]}},"uagb_featured_image_src":{"full":["https:\/\/digidem-bayern.de\/wp-content\/uploads\/2023\/10\/2023-09-28-01-Nikolas-Dietzel-Cathrin-Kuhl-und-Kamerafrau-Katharina-Mitrov-Foto-digiDEM-Bayern-Ilona-Hoerath.jpeg",1600,1200,false],"thumbnail":["https:\/\/digidem-bayern.de\/wp-content\/uploads\/2023\/10\/2023-09-28-01-Nikolas-Dietzel-Cathrin-Kuhl-und-Kamerafrau-Katharina-Mitrov-Foto-digiDEM-Bayern-Ilona-Hoerath-80x80.jpeg",80,80,true],"medium":["https:\/\/digidem-bayern.de\/wp-content\/uploads\/2023\/10\/2023-09-28-01-Nikolas-Dietzel-Cathrin-Kuhl-und-Kamerafrau-Katharina-Mitrov-Foto-digiDEM-Bayern-Ilona-Hoerath-300x225.jpeg",300,225,true],"medium_large":["https:\/\/digidem-bayern.de\/wp-content\/uploads\/2023\/10\/2023-09-28-01-Nikolas-Dietzel-Cathrin-Kuhl-und-Kamerafrau-Katharina-Mitrov-Foto-digiDEM-Bayern-Ilona-Hoerath-768x576.jpeg",768,576,true],"large":["https:\/\/digidem-bayern.de\/wp-content\/uploads\/2023\/10\/2023-09-28-01-Nikolas-Dietzel-Cathrin-Kuhl-und-Kamerafrau-Katharina-Mitrov-Foto-digiDEM-Bayern-Ilona-Hoerath-1030x773.jpeg",1030,773,true],"1536x1536":["https:\/\/digidem-bayern.de\/wp-content\/uploads\/2023\/10\/2023-09-28-01-Nikolas-Dietzel-Cathrin-Kuhl-und-Kamerafrau-Katharina-Mitrov-Foto-digiDEM-Bayern-Ilona-Hoerath-1536x1152.jpeg",1536,1152,true],"2048x2048":["https:\/\/digidem-bayern.de\/wp-content\/uploads\/2023\/10\/2023-09-28-01-Nikolas-Dietzel-Cathrin-Kuhl-und-Kamerafrau-Katharina-Mitrov-Foto-digiDEM-Bayern-Ilona-Hoerath-2048x1536.jpeg",2048,1536,true],"trp-custom-language-flag":["https:\/\/digidem-bayern.de\/wp-content\/uploads\/2023\/10\/2023-09-28-01-Nikolas-Dietzel-Cathrin-Kuhl-und-Kamerafrau-Katharina-Mitrov-Foto-digiDEM-Bayern-Ilona-Hoerath.jpeg",16,12,false],"qubely_landscape":["https:\/\/digidem-bayern.de\/wp-content\/uploads\/2023\/10\/2023-09-28-01-Nikolas-Dietzel-Cathrin-Kuhl-und-Kamerafrau-Katharina-Mitrov-Foto-digiDEM-Bayern-Ilona-Hoerath-1200x750.jpeg",1200,750,true],"qubely_portrait":["https:\/\/digidem-bayern.de\/wp-content\/uploads\/2023\/10\/2023-09-28-01-Nikolas-Dietzel-Cathrin-Kuhl-und-Kamerafrau-Katharina-Mitrov-Foto-digiDEM-Bayern-Ilona-Hoerath-540x320.jpeg",540,320,true],"qubely_thumbnail":["https:\/\/digidem-bayern.de\/wp-content\/uploads\/2023\/10\/2023-09-28-01-Nikolas-Dietzel-Cathrin-Kuhl-und-Kamerafrau-Katharina-Mitrov-Foto-digiDEM-Bayern-Ilona-Hoerath-140x100.jpeg",140,100,true],"post-thumbnail":["https:\/\/digidem-bayern.de\/wp-content\/uploads\/2023\/10\/2023-09-28-01-Nikolas-Dietzel-Cathrin-Kuhl-und-Kamerafrau-Katharina-Mitrov-Foto-digiDEM-Bayern-Ilona-Hoerath-467x350.jpeg",467,350,true],"kahuna-featured":["https:\/\/digidem-bayern.de\/wp-content\/uploads\/2023\/10\/2023-09-28-01-Nikolas-Dietzel-Cathrin-Kuhl-und-Kamerafrau-Katharina-Mitrov-Foto-digiDEM-Bayern-Ilona-Hoerath-734x350.jpeg",734,350,true],"kahuna-featured-lp":["https:\/\/digidem-bayern.de\/wp-content\/uploads\/2023\/10\/2023-09-28-01-Nikolas-Dietzel-Cathrin-Kuhl-und-Kamerafrau-Katharina-Mitrov-Foto-digiDEM-Bayern-Ilona-Hoerath-520x350.jpeg",520,350,true],"kahuna-featured-half":["https:\/\/digidem-bayern.de\/wp-content\/uploads\/2023\/10\/2023-09-28-01-Nikolas-Dietzel-Cathrin-Kuhl-und-Kamerafrau-Katharina-Mitrov-Foto-digiDEM-Bayern-Ilona-Hoerath-800x350.jpeg",800,350,true],"kahuna-featured-third":["https:\/\/digidem-bayern.de\/wp-content\/uploads\/2023\/10\/2023-09-28-01-Nikolas-Dietzel-Cathrin-Kuhl-und-Kamerafrau-Katharina-Mitrov-Foto-digiDEM-Bayern-Ilona-Hoerath-512x350.jpeg",512,350,true],"kahuna-lpbox-1":["https:\/\/digidem-bayern.de\/wp-content\/uploads\/2023\/10\/2023-09-28-01-Nikolas-Dietzel-Cathrin-Kuhl-und-Kamerafrau-Katharina-Mitrov-Foto-digiDEM-Bayern-Ilona-Hoerath-520x300.jpeg",520,300,true],"kahuna-lpbox-2":["https:\/\/digidem-bayern.de\/wp-content\/uploads\/2023\/10\/2023-09-28-01-Nikolas-Dietzel-Cathrin-Kuhl-und-Kamerafrau-Katharina-Mitrov-Foto-digiDEM-Bayern-Ilona-Hoerath-520x350.jpeg",520,350,true],"demand-language-flag":["https:\/\/digidem-bayern.de\/wp-content\/uploads\/2023\/10\/2023-09-28-01-Nikolas-Dietzel-Cathrin-Kuhl-und-Kamerafrau-Katharina-Mitrov-Foto-digiDEM-Bayern-Ilona-Hoerath-36x36.jpeg",36,36,true],"dddkt-language-flag":["https:\/\/digidem-bayern.de\/wp-content\/uploads\/2023\/10\/2023-09-28-01-Nikolas-Dietzel-Cathrin-Kuhl-und-Kamerafrau-Katharina-Mitrov-Foto-digiDEM-Bayern-Ilona-Hoerath-36x36.jpeg",36,36,true],"ddiqc-language-flag":["https:\/\/digidem-bayern.de\/wp-content\/uploads\/2023\/10\/2023-09-28-01-Nikolas-Dietzel-Cathrin-Kuhl-und-Kamerafrau-Katharina-Mitrov-Foto-digiDEM-Bayern-Ilona-Hoerath-36x36.jpeg",36,36,true],"ddtl-language-flag":["https:\/\/digidem-bayern.de\/wp-content\/uploads\/2023\/10\/2023-09-28-01-Nikolas-Dietzel-Cathrin-Kuhl-und-Kamerafrau-Katharina-Mitrov-Foto-digiDEM-Bayern-Ilona-Hoerath-36x36.jpeg",36,36,true],"mailpoet_newsletter_max":["https:\/\/digidem-bayern.de\/wp-content\/uploads\/2023\/10\/2023-09-28-01-Nikolas-Dietzel-Cathrin-Kuhl-und-Kamerafrau-Katharina-Mitrov-Foto-digiDEM-Bayern-Ilona-Hoerath-1320x990.jpeg",1320,990,true],"kahuna-lpbox-3":["https:\/\/digidem-bayern.de\/wp-content\/uploads\/2023\/10\/2023-09-28-01-Nikolas-Dietzel-Cathrin-Kuhl-und-Kamerafrau-Katharina-Mitrov-Foto-digiDEM-Bayern-Ilona-Hoerath-520x350.jpeg",520,350,true],"kahuna-featured-square":["https:\/\/digidem-bayern.de\/wp-content\/uploads\/2023\/10\/2023-09-28-01-Nikolas-Dietzel-Cathrin-Kuhl-und-Kamerafrau-Katharina-Mitrov-Foto-digiDEM-Bayern-Ilona-Hoerath-512x512.jpeg",512,512,true],"kahuna-featured-square-large":["https:\/\/digidem-bayern.de\/wp-content\/uploads\/2023\/10\/2023-09-28-01-Nikolas-Dietzel-Cathrin-Kuhl-und-Kamerafrau-Katharina-Mitrov-Foto-digiDEM-Bayern-Ilona-Hoerath-1024x1024.jpeg",1024,1024,true]},"uagb_author_info":{"display_name":"Ilona H\u00f6rath","author_link":"https:\/\/digidem-bayern.de\/en\/author\/hoeratia\/"},"uagb_comment_info":1,"uagb_excerpt":"Der Online-Fragebogen \u201edigiDEM Bayern DEMAND\u00ae\u201c steht im Mittelpunkt des Berichts von Cathrin Kuhl, Redakteurin bei Frankenfernsehen in N\u00fcrnberg. Mit Kamerafrau Katharina Mitrov besuchte sie digiDEM Bayern, um mit Nikolas Dietzel, dem Mitentwickler des Online-Fragebogens, zu sprechen. Ein besonderes Unterst\u00fctzungsangebot hilft Menschen mit Demenz und ihren pflegenden An- und Zugeh\u00f6rigen, die &hellip;","_links":{"self":[{"href":"https:\/\/digidem-bayern.de\/en\/wp-json\/wp\/v2\/posts\/31018","targetHints":{"allow":["GET"]}}],"collection":[{"href":"https:\/\/digidem-bayern.de\/en\/wp-json\/wp\/v2\/posts"}],"about":[{"href":"https:\/\/digidem-bayern.de\/en\/wp-json\/wp\/v2\/types\/post"}],"author":[{"embeddable":true,"href":"https:\/\/digidem-bayern.de\/en\/wp-json\/wp\/v2\/users\/12"}],"replies":[{"embeddable":true,"href":"https:\/\/digidem-bayern.de\/en\/wp-json\/wp\/v2\/comments?post=31018"}],"version-history":[{"count":1,"href":"https:\/\/digidem-bayern.de\/en\/wp-json\/wp\/v2\/posts\/31018\/revisions"}],"predecessor-version":[{"id":31019,"href":"https:\/\/digidem-bayern.de\/en\/wp-json\/wp\/v2\/posts\/31018\/revisions\/31019"}],"wp:featuredmedia":[{"embeddable":true,"href":"https:\/\/digidem-bayern.de\/en\/wp-json\/wp\/v2\/media\/31016"}],"wp:attachment":[{"href":"https:\/\/digidem-bayern.de\/en\/wp-json\/wp\/v2\/media?parent=31018"}],"wp:term":[{"taxonomy":"category","embeddable":true,"href":"https:\/\/digidem-bayern.de\/en\/wp-json\/wp\/v2\/categories?post=31018"},{"taxonomy":"post_tag","embeddable":true,"href":"https:\/\/digidem-bayern.de\/en\/wp-json\/wp\/v2\/tags?post=31018"}],"curies":[{"name":"wp","href":"https:\/\/api.w.org\/{rel}","templated":true}]}}