{"id":30697,"date":"2023-09-22T15:39:43","date_gmt":"2023-09-22T13:39:43","guid":{"rendered":"https:\/\/digidem-bayern.de\/?p=30697"},"modified":"2023-09-26T11:20:42","modified_gmt":"2023-09-26T09:20:42","slug":"bayerischer-rundfunk-zu-gast-bei-digidem-bayern","status":"publish","type":"post","link":"https:\/\/digidem-bayern.de\/en\/bayerischer-rundfunk-zu-gast-bei-digidem-bayern\/","title":{"rendered":"Bayerischer Rundfunk zu Gast bei digiDEM Bayern"},"content":{"rendered":"<p><strong>Das Bayerische Fernsehen war zu Gast bei digiDEM Bayern. Angereist war Autor Frank Strerath mit seinem Team, um \u00fcber die Demenzforschung bei digiDEM Bayern zu berichten.<\/strong><\/p>\n\n\n<div class=\"wp-block-image\">\n<figure class=\"alignright size-large is-resized\"><img loading=\"lazy\" decoding=\"async\" src=\"https:\/\/digidem-bayern.de\/wp-content\/uploads\/2023\/09\/2023-09-20-02-BR-Dreh-digiDEM-Bayern_Foto-digiDEM-Bayern-Ilona-Hoerath-1030x773.jpeg\" alt=\"In seinem Fernsehbericht zeigt Frank Strerath zum Beispiel, welche Forschungsdaten digiDEM Bayern erhebt und inwiefern die Wissenschaftler*innen Menschen mit Demenz und pflegende Zu- und Angeh\u00f6rige unterst\u00fctzen.\" class=\"wp-image-30696\" style=\"width:506px;height:380px\" width=\"506\" height=\"380\" srcset=\"https:\/\/digidem-bayern.de\/wp-content\/uploads\/2023\/09\/2023-09-20-02-BR-Dreh-digiDEM-Bayern_Foto-digiDEM-Bayern-Ilona-Hoerath-1030x773.jpeg 1030w, https:\/\/digidem-bayern.de\/wp-content\/uploads\/2023\/09\/2023-09-20-02-BR-Dreh-digiDEM-Bayern_Foto-digiDEM-Bayern-Ilona-Hoerath-300x225.jpeg 300w, https:\/\/digidem-bayern.de\/wp-content\/uploads\/2023\/09\/2023-09-20-02-BR-Dreh-digiDEM-Bayern_Foto-digiDEM-Bayern-Ilona-Hoerath-768x576.jpeg 768w, https:\/\/digidem-bayern.de\/wp-content\/uploads\/2023\/09\/2023-09-20-02-BR-Dreh-digiDEM-Bayern_Foto-digiDEM-Bayern-Ilona-Hoerath-1536x1152.jpeg 1536w, https:\/\/digidem-bayern.de\/wp-content\/uploads\/2023\/09\/2023-09-20-02-BR-Dreh-digiDEM-Bayern_Foto-digiDEM-Bayern-Ilona-Hoerath-2048x1536.jpeg 2048w, https:\/\/digidem-bayern.de\/wp-content\/uploads\/2023\/09\/2023-09-20-02-BR-Dreh-digiDEM-Bayern_Foto-digiDEM-Bayern-Ilona-Hoerath-467x350.jpeg 467w, https:\/\/digidem-bayern.de\/wp-content\/uploads\/2023\/09\/2023-09-20-02-BR-Dreh-digiDEM-Bayern_Foto-digiDEM-Bayern-Ilona-Hoerath-1320x990.jpeg 1320w, https:\/\/digidem-bayern.de\/wp-content\/uploads\/2023\/09\/2023-09-20-02-BR-Dreh-digiDEM-Bayern_Foto-digiDEM-Bayern-Ilona-Hoerath.jpeg 1600w\" sizes=\"auto, (max-width: 506px) 100vw, 506px\" \/><figcaption class=\"wp-element-caption\">\u201eFernseh-Blick\u201c hinter die Kulissen der Erlanger Demenzforschung bei digiDEM Bayern: Das Team des Bayerischen Rundfunks bei den Dreharbeiten.<\/figcaption><\/figure>\n<\/div>\n\n\n<p>In seinem Fernsehbericht zeigt Frank Strerath zum Beispiel, welche Forschungsdaten digiDEM Bayern erhebt und inwiefern die Wissenschaftler*innen Menschen mit Demenz und pflegende Zu- und Angeh\u00f6rige unterst\u00fctzen.<\/p>\n\n\n\n<p>Jana R\u00fchl, wissenschaftliche Mitarbeiterin bei digiDEM Bayern, erl\u00e4utert etwa, wo es in Bayern L\u00fccken f\u00fcr die Versorgung von Menschen mit Demenz und ihren Pflegenden gibt. Wie wichtig speziell die h\u00e4usliche Versorgung ist, erkl\u00e4rt digiDEM Bayern-Projektleiter Prof. Dr. Peter Kolominsky-Rabas im BR-Interview. Auch ein pflegender Angeh\u00f6riger kommt in dem Beitrag zu Wort. <\/p>\n\n\n\n<p>Der TV-Bericht war am Welt-Alzheimertag in der \u201eFrankenschau Aktuell\u201c sowie in der BR-Rundschau am 21. September 2023 zu sehen. <\/p>\n\n\n\n<p>Hier geht\u2019s zu den beiden Beitr\u00e4gen, die in der ARD-Mediathek abrufbar sind:<\/p>\n\n\n\n<p><a href=\"https:\/\/www.ardmediathek.de\/video\/Y3JpZDovL2JyLmRlL3ZpZGVvLzg2M2E1YTU5LWRiZDMtNGYwYy05YzdiLWNmZjMyOTk3MTY5MQ\">Frankenschau Aktuell vom 21.09.2023 &#8211; der Beitrag beginnt inklusive der Anmoderation&nbsp;bei 7&#8217;55&#8220;.<\/a><\/p>\n\n\n\n<p><a href=\"https:\/\/www.ardmediathek.de\/video\/br24\/digitales-register-fuer-demenz-kranke\/br-fernsehen\/Y3JpZDovL2JyLmRlL3ZpZGVvLzYyMzY3MTYwLWI4NmUtNDNlMy1hNmJkLTJjOTkyZjRhYTYyYw\">Rundschau vom 21.09.2023<\/a><\/p>\n\n\n\n<p>Das digiDEM Bayern-Team hat sich nicht nur \u00fcber den Besuch des Bayerischen Fernsehens sehr gefreut, sondern auch \u00fcber die H\u00f6rfunkberichterstattung von Bayern 2. F\u00fcrs Radio und f\u00fcr br.de berichtete Nicolas Eberlein am 17. September 2023 \u00fcber digiDEM Bayern. <\/p>\n\n\n\n<p><a href=\"https:\/\/www.br.de\/nachrichten\/wissen\/das-groesste-demenzregister-der-eu-made-in-erlangen,Tq23tyS\">Den Beitrag von Nicolas Eberlein kann man hier nachh\u00f6ren und nachlesen.<\/a><\/p>\n\n\n<div class=\"wp-block-image\">\n<figure class=\"alignleft size-large is-resized\"><img loading=\"lazy\" decoding=\"async\" src=\"https:\/\/digidem-bayern.de\/wp-content\/uploads\/2023\/09\/2023-09-20-03-BR-Dreh-digiDEM-Bayern_Foto-digiDEM-Bayern-Ilona-Hoerath-1030x584.jpeg\" alt=\"Das Bayerische Fernsehen war zu Gast bei digiDEM Bayern.\" class=\"wp-image-30699\" style=\"width:565px;height:320px\" width=\"565\" height=\"320\" srcset=\"https:\/\/digidem-bayern.de\/wp-content\/uploads\/2023\/09\/2023-09-20-03-BR-Dreh-digiDEM-Bayern_Foto-digiDEM-Bayern-Ilona-Hoerath-1030x584.jpeg 1030w, https:\/\/digidem-bayern.de\/wp-content\/uploads\/2023\/09\/2023-09-20-03-BR-Dreh-digiDEM-Bayern_Foto-digiDEM-Bayern-Ilona-Hoerath-300x170.jpeg 300w, https:\/\/digidem-bayern.de\/wp-content\/uploads\/2023\/09\/2023-09-20-03-BR-Dreh-digiDEM-Bayern_Foto-digiDEM-Bayern-Ilona-Hoerath-768x435.jpeg 768w, https:\/\/digidem-bayern.de\/wp-content\/uploads\/2023\/09\/2023-09-20-03-BR-Dreh-digiDEM-Bayern_Foto-digiDEM-Bayern-Ilona-Hoerath-1536x871.jpeg 1536w, https:\/\/digidem-bayern.de\/wp-content\/uploads\/2023\/09\/2023-09-20-03-BR-Dreh-digiDEM-Bayern_Foto-digiDEM-Bayern-Ilona-Hoerath-2048x1161.jpeg 2048w, https:\/\/digidem-bayern.de\/wp-content\/uploads\/2023\/09\/2023-09-20-03-BR-Dreh-digiDEM-Bayern_Foto-digiDEM-Bayern-Ilona-Hoerath-617x350.jpeg 617w, https:\/\/digidem-bayern.de\/wp-content\/uploads\/2023\/09\/2023-09-20-03-BR-Dreh-digiDEM-Bayern_Foto-digiDEM-Bayern-Ilona-Hoerath-1320x748.jpeg 1320w, https:\/\/digidem-bayern.de\/wp-content\/uploads\/2023\/09\/2023-09-20-03-BR-Dreh-digiDEM-Bayern_Foto-digiDEM-Bayern-Ilona-Hoerath.jpeg 1600w\" sizes=\"auto, (max-width: 565px) 100vw, 565px\" \/><figcaption class=\"wp-element-caption\">Gruppenbild nach Abschluss der Dreharbeiten: (v.r.n.l.) Kameramann Markus Stoffels, BR-Autor Frank Strerath, digiDEM Bayern-Projektleiter Prof. Dr. Peter Kolominsky-Rabas, Jana R\u00fchl (wissenschaftliche Mitarbeiterin bei digiDEM Bayern) und Ilona H\u00f6rath (Pressereferentin digiDEM Bayern).<\/figcaption><\/figure>\n<\/div>\n\n\n<p><\/p>","protected":false},"excerpt":{"rendered":"<p>Das Bayerische Fernsehen war zu Gast bei digiDEM Bayern. Angereist war Autor Frank Strerath mit seinem Team, um \u00fcber die Demenzforschung bei digiDEM Bayern zu berichten. In seinem Fernsehbericht zeigt Frank Strerath zum Beispiel, welche Forschungsdaten digiDEM Bayern erhebt und inwiefern die Wissenschaftler*innen Menschen mit Demenz und pflegende Zu- und &hellip;<\/p>","protected":false},"author":12,"featured_media":30696,"comment_status":"open","ping_status":"closed","sticky":false,"template":"","format":"standard","meta":{"qubely_global_settings":"","qubely_interactions":"","_uag_custom_page_level_css":"","footnotes":""},"categories":[8],"tags":[13,834,830,821,831,12,696,14,17,55,832,835,833,828],"class_list":["post-30697","post","type-post","status-publish","format-standard","has-post-thumbnail","hentry","category-aktuelles-zu-digidem","tag-alzheimer","tag-ard","tag-bayerischer-rundfunk","tag-bayerisches-staastministerium-fuer-gesundheit-und-pflege","tag-br","tag-demenz-2","tag-demenz-screeningtag","tag-digidem","tag-digidem-bayern","tag-digitales-demenzregister-bayern","tag-fernsehen","tag-radio","tag-versorgungssituation","tag-welt-alzheimertag-2"],"qubely_featured_image_url":{"full":["https:\/\/digidem-bayern.de\/wp-content\/uploads\/2023\/09\/2023-09-20-02-BR-Dreh-digiDEM-Bayern_Foto-digiDEM-Bayern-Ilona-Hoerath.jpeg",1600,1200,false],"landscape":["https:\/\/digidem-bayern.de\/wp-content\/uploads\/2023\/09\/2023-09-20-02-BR-Dreh-digiDEM-Bayern_Foto-digiDEM-Bayern-Ilona-Hoerath-1200x750.jpeg",1200,750,true],"portraits":["https:\/\/digidem-bayern.de\/wp-content\/uploads\/2023\/09\/2023-09-20-02-BR-Dreh-digiDEM-Bayern_Foto-digiDEM-Bayern-Ilona-Hoerath-540x320.jpeg",540,320,true],"thumbnail":["https:\/\/digidem-bayern.de\/wp-content\/uploads\/2023\/09\/2023-09-20-02-BR-Dreh-digiDEM-Bayern_Foto-digiDEM-Bayern-Ilona-Hoerath-80x80.jpeg",80,80,true],"medium":["https:\/\/digidem-bayern.de\/wp-content\/uploads\/2023\/09\/2023-09-20-02-BR-Dreh-digiDEM-Bayern_Foto-digiDEM-Bayern-Ilona-Hoerath-300x225.jpeg",300,225,true],"medium_large":["https:\/\/digidem-bayern.de\/wp-content\/uploads\/2023\/09\/2023-09-20-02-BR-Dreh-digiDEM-Bayern_Foto-digiDEM-Bayern-Ilona-Hoerath-768x576.jpeg",768,576,true],"large":["https:\/\/digidem-bayern.de\/wp-content\/uploads\/2023\/09\/2023-09-20-02-BR-Dreh-digiDEM-Bayern_Foto-digiDEM-Bayern-Ilona-Hoerath-1030x773.jpeg",1030,773,true],"1536x1536":["https:\/\/digidem-bayern.de\/wp-content\/uploads\/2023\/09\/2023-09-20-02-BR-Dreh-digiDEM-Bayern_Foto-digiDEM-Bayern-Ilona-Hoerath-1536x1152.jpeg",1536,1152,true],"2048x2048":["https:\/\/digidem-bayern.de\/wp-content\/uploads\/2023\/09\/2023-09-20-02-BR-Dreh-digiDEM-Bayern_Foto-digiDEM-Bayern-Ilona-Hoerath-2048x1536.jpeg",2048,1536,true],"trp-custom-language-flag":["https:\/\/digidem-bayern.de\/wp-content\/uploads\/2023\/09\/2023-09-20-02-BR-Dreh-digiDEM-Bayern_Foto-digiDEM-Bayern-Ilona-Hoerath.jpeg",16,12,false],"qubely_landscape":["https:\/\/digidem-bayern.de\/wp-content\/uploads\/2023\/09\/2023-09-20-02-BR-Dreh-digiDEM-Bayern_Foto-digiDEM-Bayern-Ilona-Hoerath-1200x750.jpeg",1200,750,true],"qubely_portrait":["https:\/\/digidem-bayern.de\/wp-content\/uploads\/2023\/09\/2023-09-20-02-BR-Dreh-digiDEM-Bayern_Foto-digiDEM-Bayern-Ilona-Hoerath-540x320.jpeg",540,320,true],"qubely_thumbnail":["https:\/\/digidem-bayern.de\/wp-content\/uploads\/2023\/09\/2023-09-20-02-BR-Dreh-digiDEM-Bayern_Foto-digiDEM-Bayern-Ilona-Hoerath-140x100.jpeg",140,100,true],"post-thumbnail":["https:\/\/digidem-bayern.de\/wp-content\/uploads\/2023\/09\/2023-09-20-02-BR-Dreh-digiDEM-Bayern_Foto-digiDEM-Bayern-Ilona-Hoerath-467x350.jpeg",467,350,true],"kahuna-featured":["https:\/\/digidem-bayern.de\/wp-content\/uploads\/2023\/09\/2023-09-20-02-BR-Dreh-digiDEM-Bayern_Foto-digiDEM-Bayern-Ilona-Hoerath-734x350.jpeg",734,350,true],"kahuna-featured-lp":["https:\/\/digidem-bayern.de\/wp-content\/uploads\/2023\/09\/2023-09-20-02-BR-Dreh-digiDEM-Bayern_Foto-digiDEM-Bayern-Ilona-Hoerath-520x350.jpeg",520,350,true],"kahuna-featured-half":["https:\/\/digidem-bayern.de\/wp-content\/uploads\/2023\/09\/2023-09-20-02-BR-Dreh-digiDEM-Bayern_Foto-digiDEM-Bayern-Ilona-Hoerath-800x350.jpeg",800,350,true],"kahuna-featured-third":["https:\/\/digidem-bayern.de\/wp-content\/uploads\/2023\/09\/2023-09-20-02-BR-Dreh-digiDEM-Bayern_Foto-digiDEM-Bayern-Ilona-Hoerath-512x350.jpeg",512,350,true],"kahuna-lpbox-1":["https:\/\/digidem-bayern.de\/wp-content\/uploads\/2023\/09\/2023-09-20-02-BR-Dreh-digiDEM-Bayern_Foto-digiDEM-Bayern-Ilona-Hoerath-520x300.jpeg",520,300,true],"kahuna-lpbox-2":["https:\/\/digidem-bayern.de\/wp-content\/uploads\/2023\/09\/2023-09-20-02-BR-Dreh-digiDEM-Bayern_Foto-digiDEM-Bayern-Ilona-Hoerath-520x350.jpeg",520,350,true],"demand-language-flag":["https:\/\/digidem-bayern.de\/wp-content\/uploads\/2023\/09\/2023-09-20-02-BR-Dreh-digiDEM-Bayern_Foto-digiDEM-Bayern-Ilona-Hoerath-36x36.jpeg",36,36,true],"dddkt-language-flag":["https:\/\/digidem-bayern.de\/wp-content\/uploads\/2023\/09\/2023-09-20-02-BR-Dreh-digiDEM-Bayern_Foto-digiDEM-Bayern-Ilona-Hoerath-36x36.jpeg",36,36,true],"ddiqc-language-flag":["https:\/\/digidem-bayern.de\/wp-content\/uploads\/2023\/09\/2023-09-20-02-BR-Dreh-digiDEM-Bayern_Foto-digiDEM-Bayern-Ilona-Hoerath-36x36.jpeg",36,36,true],"ddtl-language-flag":["https:\/\/digidem-bayern.de\/wp-content\/uploads\/2023\/09\/2023-09-20-02-BR-Dreh-digiDEM-Bayern_Foto-digiDEM-Bayern-Ilona-Hoerath-36x36.jpeg",36,36,true],"mailpoet_newsletter_max":["https:\/\/digidem-bayern.de\/wp-content\/uploads\/2023\/09\/2023-09-20-02-BR-Dreh-digiDEM-Bayern_Foto-digiDEM-Bayern-Ilona-Hoerath-1320x990.jpeg",1320,990,true],"kahuna-lpbox-3":["https:\/\/digidem-bayern.de\/wp-content\/uploads\/2023\/09\/2023-09-20-02-BR-Dreh-digiDEM-Bayern_Foto-digiDEM-Bayern-Ilona-Hoerath-520x350.jpeg",520,350,true],"kahuna-featured-square":["https:\/\/digidem-bayern.de\/wp-content\/uploads\/2023\/09\/2023-09-20-02-BR-Dreh-digiDEM-Bayern_Foto-digiDEM-Bayern-Ilona-Hoerath-512x512.jpeg",512,512,true],"kahuna-featured-square-large":["https:\/\/digidem-bayern.de\/wp-content\/uploads\/2023\/09\/2023-09-20-02-BR-Dreh-digiDEM-Bayern_Foto-digiDEM-Bayern-Ilona-Hoerath-1024x1024.jpeg",1024,1024,true]},"qubely_author":{"display_name":"Ilona H\u00f6rath","author_link":"https:\/\/digidem-bayern.de\/en\/author\/hoeratia\/"},"qubely_comment":1,"qubely_category":"<a href=\"https:\/\/digidem-bayern.de\/en\/category\/aktuelles-zu-digidem\/\" rel=\"category tag\">Aktuelles zu digiDEM<\/a>","qubely_excerpt":"Das Bayerische Fernsehen war zu Gast bei digiDEM Bayern. Angereist war Autor Frank Strerath mit seinem Team, um \u00fcber die Demenzforschung bei digiDEM Bayern zu berichten. In seinem Fernsehbericht zeigt Frank Strerath zum Beispiel, welche Forschungsdaten digiDEM Bayern erhebt und inwiefern die Wissenschaftler*innen Menschen mit Demenz und pflegende Zu- und &hellip;","featured_image_urls_v2":{"full":["https:\/\/digidem-bayern.de\/wp-content\/uploads\/2023\/09\/2023-09-20-02-BR-Dreh-digiDEM-Bayern_Foto-digiDEM-Bayern-Ilona-Hoerath.jpeg",1600,1200,false],"thumbnail":["https:\/\/digidem-bayern.de\/wp-content\/uploads\/2023\/09\/2023-09-20-02-BR-Dreh-digiDEM-Bayern_Foto-digiDEM-Bayern-Ilona-Hoerath-80x80.jpeg",80,80,true],"medium":["https:\/\/digidem-bayern.de\/wp-content\/uploads\/2023\/09\/2023-09-20-02-BR-Dreh-digiDEM-Bayern_Foto-digiDEM-Bayern-Ilona-Hoerath-300x225.jpeg",300,225,true],"medium_large":["https:\/\/digidem-bayern.de\/wp-content\/uploads\/2023\/09\/2023-09-20-02-BR-Dreh-digiDEM-Bayern_Foto-digiDEM-Bayern-Ilona-Hoerath-768x576.jpeg",768,576,true],"large":["https:\/\/digidem-bayern.de\/wp-content\/uploads\/2023\/09\/2023-09-20-02-BR-Dreh-digiDEM-Bayern_Foto-digiDEM-Bayern-Ilona-Hoerath-1030x773.jpeg",1030,773,true],"1536x1536":["https:\/\/digidem-bayern.de\/wp-content\/uploads\/2023\/09\/2023-09-20-02-BR-Dreh-digiDEM-Bayern_Foto-digiDEM-Bayern-Ilona-Hoerath-1536x1152.jpeg",1536,1152,true],"2048x2048":["https:\/\/digidem-bayern.de\/wp-content\/uploads\/2023\/09\/2023-09-20-02-BR-Dreh-digiDEM-Bayern_Foto-digiDEM-Bayern-Ilona-Hoerath-2048x1536.jpeg",2048,1536,true],"trp-custom-language-flag":["https:\/\/digidem-bayern.de\/wp-content\/uploads\/2023\/09\/2023-09-20-02-BR-Dreh-digiDEM-Bayern_Foto-digiDEM-Bayern-Ilona-Hoerath.jpeg",16,12,false],"qubely_landscape":["https:\/\/digidem-bayern.de\/wp-content\/uploads\/2023\/09\/2023-09-20-02-BR-Dreh-digiDEM-Bayern_Foto-digiDEM-Bayern-Ilona-Hoerath-1200x750.jpeg",1200,750,true],"qubely_portrait":["https:\/\/digidem-bayern.de\/wp-content\/uploads\/2023\/09\/2023-09-20-02-BR-Dreh-digiDEM-Bayern_Foto-digiDEM-Bayern-Ilona-Hoerath-540x320.jpeg",540,320,true],"qubely_thumbnail":["https:\/\/digidem-bayern.de\/wp-content\/uploads\/2023\/09\/2023-09-20-02-BR-Dreh-digiDEM-Bayern_Foto-digiDEM-Bayern-Ilona-Hoerath-140x100.jpeg",140,100,true],"post-thumbnail":["https:\/\/digidem-bayern.de\/wp-content\/uploads\/2023\/09\/2023-09-20-02-BR-Dreh-digiDEM-Bayern_Foto-digiDEM-Bayern-Ilona-Hoerath-467x350.jpeg",467,350,true],"kahuna-featured":["https:\/\/digidem-bayern.de\/wp-content\/uploads\/2023\/09\/2023-09-20-02-BR-Dreh-digiDEM-Bayern_Foto-digiDEM-Bayern-Ilona-Hoerath-734x350.jpeg",734,350,true],"kahuna-featured-lp":["https:\/\/digidem-bayern.de\/wp-content\/uploads\/2023\/09\/2023-09-20-02-BR-Dreh-digiDEM-Bayern_Foto-digiDEM-Bayern-Ilona-Hoerath-520x350.jpeg",520,350,true],"kahuna-featured-half":["https:\/\/digidem-bayern.de\/wp-content\/uploads\/2023\/09\/2023-09-20-02-BR-Dreh-digiDEM-Bayern_Foto-digiDEM-Bayern-Ilona-Hoerath-800x350.jpeg",800,350,true],"kahuna-featured-third":["https:\/\/digidem-bayern.de\/wp-content\/uploads\/2023\/09\/2023-09-20-02-BR-Dreh-digiDEM-Bayern_Foto-digiDEM-Bayern-Ilona-Hoerath-512x350.jpeg",512,350,true],"kahuna-lpbox-1":["https:\/\/digidem-bayern.de\/wp-content\/uploads\/2023\/09\/2023-09-20-02-BR-Dreh-digiDEM-Bayern_Foto-digiDEM-Bayern-Ilona-Hoerath-520x300.jpeg",520,300,true],"kahuna-lpbox-2":["https:\/\/digidem-bayern.de\/wp-content\/uploads\/2023\/09\/2023-09-20-02-BR-Dreh-digiDEM-Bayern_Foto-digiDEM-Bayern-Ilona-Hoerath-520x350.jpeg",520,350,true],"demand-language-flag":["https:\/\/digidem-bayern.de\/wp-content\/uploads\/2023\/09\/2023-09-20-02-BR-Dreh-digiDEM-Bayern_Foto-digiDEM-Bayern-Ilona-Hoerath-36x36.jpeg",36,36,true],"dddkt-language-flag":["https:\/\/digidem-bayern.de\/wp-content\/uploads\/2023\/09\/2023-09-20-02-BR-Dreh-digiDEM-Bayern_Foto-digiDEM-Bayern-Ilona-Hoerath-36x36.jpeg",36,36,true],"ddiqc-language-flag":["https:\/\/digidem-bayern.de\/wp-content\/uploads\/2023\/09\/2023-09-20-02-BR-Dreh-digiDEM-Bayern_Foto-digiDEM-Bayern-Ilona-Hoerath-36x36.jpeg",36,36,true],"ddtl-language-flag":["https:\/\/digidem-bayern.de\/wp-content\/uploads\/2023\/09\/2023-09-20-02-BR-Dreh-digiDEM-Bayern_Foto-digiDEM-Bayern-Ilona-Hoerath-36x36.jpeg",36,36,true],"mailpoet_newsletter_max":["https:\/\/digidem-bayern.de\/wp-content\/uploads\/2023\/09\/2023-09-20-02-BR-Dreh-digiDEM-Bayern_Foto-digiDEM-Bayern-Ilona-Hoerath-1320x990.jpeg",1320,990,true],"kahuna-lpbox-3":["https:\/\/digidem-bayern.de\/wp-content\/uploads\/2023\/09\/2023-09-20-02-BR-Dreh-digiDEM-Bayern_Foto-digiDEM-Bayern-Ilona-Hoerath-520x350.jpeg",520,350,true],"kahuna-featured-square":["https:\/\/digidem-bayern.de\/wp-content\/uploads\/2023\/09\/2023-09-20-02-BR-Dreh-digiDEM-Bayern_Foto-digiDEM-Bayern-Ilona-Hoerath-512x512.jpeg",512,512,true],"kahuna-featured-square-large":["https:\/\/digidem-bayern.de\/wp-content\/uploads\/2023\/09\/2023-09-20-02-BR-Dreh-digiDEM-Bayern_Foto-digiDEM-Bayern-Ilona-Hoerath-1024x1024.jpeg",1024,1024,true]},"post_excerpt_stackable_v2":"<p>Das Bayerische Fernsehen war zu Gast bei digiDEM Bayern. Angereist war Autor Frank Strerath mit seinem Team, um \u00fcber die Demenzforschung bei digiDEM Bayern zu berichten. \u201eFernseh-Blick\u201c hinter die Kulissen der Erlanger Demenzforschung bei digiDEM Bayern: Das Team des Bayerischen Rundfunks bei den Dreharbeiten. In seinem Fernsehbericht zeigt Frank Strerath zum Beispiel, welche Forschungsdaten digiDEM Bayern erhebt und inwiefern die Wissenschaftler*innen Menschen mit Demenz und pflegende Zu- und Angeh\u00f6rige unterst\u00fctzen. Jana R\u00fchl, wissenschaftliche Mitarbeiterin bei digiDEM Bayern, erl\u00e4utert etwa, wo es in Bayern L\u00fccken f\u00fcr die Versorgung von Menschen mit Demenz und ihren Pflegenden gibt. Wie wichtig speziell die h\u00e4usliche&hellip;<\/p>\n","category_list_v2":"<a href=\"https:\/\/digidem-bayern.de\/en\/category\/aktuelles-zu-digidem\/\" rel=\"category tag\">Aktuelles zu digiDEM<\/a>","author_info_v2":{"name":"Ilona H\u00f6rath","url":"https:\/\/digidem-bayern.de\/en\/author\/hoeratia\/"},"comments_num_v2":"0 comments","yoast_head":"<!-- This site is optimized with the Yoast SEO plugin v27.4 - https:\/\/yoast.com\/product\/yoast-seo-wordpress\/ -->\n<title>Bayerischer Rundfunk zu Gast bei digiDEM Bayern - digiDEM Bayern<\/title>\n<meta name=\"description\" content=\"Der Bayerische Landesapothekerkammer unterst\u00fctzt digiDEM Bayern mit Hilfe des Netzwerks &quot;Demenzfreundliche Apotheken&quot;.\" \/>\n<meta name=\"robots\" content=\"index, follow, max-snippet:-1, max-image-preview:large, max-video-preview:-1\" \/>\n<link rel=\"canonical\" href=\"https:\/\/digidem-bayern.de\/en\/bayerischer-rundfunk-zu-gast-bei-digidem-bayern\/\" \/>\n<meta property=\"og:locale\" content=\"en_US\" \/>\n<meta property=\"og:type\" content=\"article\" \/>\n<meta property=\"og:title\" content=\"Bayerischer Rundfunk zu Gast bei digiDEM Bayern - digiDEM Bayern\" \/>\n<meta property=\"og:description\" content=\"Der Bayerische Landesapothekerkammer unterst\u00fctzt digiDEM Bayern mit Hilfe des Netzwerks &quot;Demenzfreundliche Apotheken&quot;.\" \/>\n<meta property=\"og:url\" content=\"https:\/\/digidem-bayern.de\/en\/bayerischer-rundfunk-zu-gast-bei-digidem-bayern\/\" \/>\n<meta property=\"og:site_name\" content=\"digiDEM Bayern\" \/>\n<meta property=\"article:publisher\" content=\"https:\/\/www.facebook.com\/digiDEMBayern\/\" \/>\n<meta property=\"article:published_time\" content=\"2023-09-22T13:39:43+00:00\" \/>\n<meta property=\"article:modified_time\" content=\"2023-09-26T09:20:42+00:00\" \/>\n<meta property=\"og:image\" content=\"https:\/\/digidem-bayern.de\/wp-content\/uploads\/2023\/09\/2023-09-20-02-BR-Dreh-digiDEM-Bayern_Foto-digiDEM-Bayern-Ilona-Hoerath-1030x773.jpeg\" \/>\n\t<meta property=\"og:image:width\" content=\"1030\" \/>\n\t<meta property=\"og:image:height\" content=\"773\" \/>\n\t<meta property=\"og:image:type\" content=\"image\/jpeg\" \/>\n<meta name=\"author\" content=\"Ilona H\u00f6rath\" \/>\n<meta name=\"twitter:label1\" content=\"Written by\" \/>\n\t<meta name=\"twitter:data1\" content=\"Ilona H\u00f6rath\" \/>\n\t<meta name=\"twitter:label2\" content=\"Est. reading time\" \/>\n\t<meta name=\"twitter:data2\" content=\"2 minutes\" \/>\n<script type=\"application\/ld+json\" class=\"yoast-schema-graph\">{\"@context\":\"https:\\\/\\\/schema.org\",\"@graph\":[{\"@type\":\"Article\",\"@id\":\"https:\\\/\\\/digidem-bayern.de\\\/bayerischer-rundfunk-zu-gast-bei-digidem-bayern\\\/#article\",\"isPartOf\":{\"@id\":\"https:\\\/\\\/digidem-bayern.de\\\/bayerischer-rundfunk-zu-gast-bei-digidem-bayern\\\/\"},\"author\":{\"name\":\"Ilona H\u00f6rath\",\"@id\":\"\\\/#\\\/schema\\\/person\\\/0bc1494f46fc2a051c761322a80e0941\"},\"headline\":\"Bayerischer Rundfunk zu Gast bei digiDEM Bayern\",\"datePublished\":\"2023-09-22T13:39:43+00:00\",\"dateModified\":\"2023-09-26T09:20:42+00:00\",\"mainEntityOfPage\":{\"@id\":\"https:\\\/\\\/digidem-bayern.de\\\/bayerischer-rundfunk-zu-gast-bei-digidem-bayern\\\/\"},\"wordCount\":270,\"commentCount\":0,\"publisher\":{\"@id\":\"\\\/#organization\"},\"image\":{\"@id\":\"https:\\\/\\\/digidem-bayern.de\\\/bayerischer-rundfunk-zu-gast-bei-digidem-bayern\\\/#primaryimage\"},\"thumbnailUrl\":\"https:\\\/\\\/digidem-bayern.de\\\/wp-content\\\/uploads\\\/2023\\\/09\\\/2023-09-20-02-BR-Dreh-digiDEM-Bayern_Foto-digiDEM-Bayern-Ilona-Hoerath.jpeg\",\"keywords\":[\"Alzheimer\",\"ARD\",\"Bayerischer Rundfunk\",\"Bayerisches Staastministerium f\u00fcr Gesundheit und Pflege\",\"BR\",\"Demenz\",\"Demenz-Screeningtag\",\"digidem\",\"digidem Bayern\",\"Digitales Demenzregister Bayern\",\"Fernsehen\",\"Radio\",\"Versorgungssituation\",\"Welt Alzheimertag\"],\"articleSection\":[\"Aktuelles zu digiDEM\"],\"inLanguage\":\"en-US\",\"potentialAction\":[{\"@type\":\"CommentAction\",\"name\":\"Comment\",\"target\":[\"https:\\\/\\\/digidem-bayern.de\\\/bayerischer-rundfunk-zu-gast-bei-digidem-bayern\\\/#respond\"]}]},{\"@type\":\"WebPage\",\"@id\":\"https:\\\/\\\/digidem-bayern.de\\\/bayerischer-rundfunk-zu-gast-bei-digidem-bayern\\\/\",\"url\":\"https:\\\/\\\/digidem-bayern.de\\\/bayerischer-rundfunk-zu-gast-bei-digidem-bayern\\\/\",\"name\":\"Bayerischer Rundfunk zu Gast bei digiDEM Bayern - digiDEM Bayern\",\"isPartOf\":{\"@id\":\"\\\/#website\"},\"primaryImageOfPage\":{\"@id\":\"https:\\\/\\\/digidem-bayern.de\\\/bayerischer-rundfunk-zu-gast-bei-digidem-bayern\\\/#primaryimage\"},\"image\":{\"@id\":\"https:\\\/\\\/digidem-bayern.de\\\/bayerischer-rundfunk-zu-gast-bei-digidem-bayern\\\/#primaryimage\"},\"thumbnailUrl\":\"https:\\\/\\\/digidem-bayern.de\\\/wp-content\\\/uploads\\\/2023\\\/09\\\/2023-09-20-02-BR-Dreh-digiDEM-Bayern_Foto-digiDEM-Bayern-Ilona-Hoerath.jpeg\",\"datePublished\":\"2023-09-22T13:39:43+00:00\",\"dateModified\":\"2023-09-26T09:20:42+00:00\",\"description\":\"Der Bayerische Landesapothekerkammer unterst\u00fctzt digiDEM Bayern mit Hilfe des Netzwerks \\\"Demenzfreundliche Apotheken\\\".\",\"breadcrumb\":{\"@id\":\"https:\\\/\\\/digidem-bayern.de\\\/bayerischer-rundfunk-zu-gast-bei-digidem-bayern\\\/#breadcrumb\"},\"inLanguage\":\"en-US\",\"potentialAction\":[{\"@type\":\"ReadAction\",\"target\":[\"https:\\\/\\\/digidem-bayern.de\\\/bayerischer-rundfunk-zu-gast-bei-digidem-bayern\\\/\"]}]},{\"@type\":\"ImageObject\",\"inLanguage\":\"en-US\",\"@id\":\"https:\\\/\\\/digidem-bayern.de\\\/bayerischer-rundfunk-zu-gast-bei-digidem-bayern\\\/#primaryimage\",\"url\":\"https:\\\/\\\/digidem-bayern.de\\\/wp-content\\\/uploads\\\/2023\\\/09\\\/2023-09-20-02-BR-Dreh-digiDEM-Bayern_Foto-digiDEM-Bayern-Ilona-Hoerath.jpeg\",\"contentUrl\":\"https:\\\/\\\/digidem-bayern.de\\\/wp-content\\\/uploads\\\/2023\\\/09\\\/2023-09-20-02-BR-Dreh-digiDEM-Bayern_Foto-digiDEM-Bayern-Ilona-Hoerath.jpeg\",\"width\":1600,\"height\":1200,\"caption\":\"\u201eFernseh-Blick\u201c hinter die Kulissen der Erlanger Demenzforschung bei digiDEM Bayern: Das Team des Bayerischen Rundfunks bei den Dreharbeiten.\"},{\"@type\":\"BreadcrumbList\",\"@id\":\"https:\\\/\\\/digidem-bayern.de\\\/bayerischer-rundfunk-zu-gast-bei-digidem-bayern\\\/#breadcrumb\",\"itemListElement\":[{\"@type\":\"ListItem\",\"position\":1,\"name\":\"Startseite\",\"item\":\"https:\\\/\\\/digidem-bayern.de\\\/\"},{\"@type\":\"ListItem\",\"position\":2,\"name\":\"Bayerischer Rundfunk zu Gast bei digiDEM Bayern\"}]},{\"@type\":\"WebSite\",\"@id\":\"\\\/#website\",\"url\":\"\\\/\",\"name\":\"digiDEM Bayern\",\"description\":\"Das digitale Demenzregister Bayern erforscht und verbessert die Angebotsstuktur f\u00fcr Menschen mit Demenz und deren Angeh\u00f6rige\",\"publisher\":{\"@id\":\"\\\/#organization\"},\"potentialAction\":[{\"@type\":\"SearchAction\",\"target\":{\"@type\":\"EntryPoint\",\"urlTemplate\":\"\\\/?s={search_term_string}\"},\"query-input\":{\"@type\":\"PropertyValueSpecification\",\"valueRequired\":true,\"valueName\":\"search_term_string\"}}],\"inLanguage\":\"en-US\"},{\"@type\":\"Organization\",\"@id\":\"\\\/#organization\",\"name\":\"digiDEM Bayern\",\"url\":\"\\\/\",\"logo\":{\"@type\":\"ImageObject\",\"inLanguage\":\"en-US\",\"@id\":\"\\\/#\\\/schema\\\/logo\\\/image\\\/\",\"url\":\"https:\\\/\\\/digidem-bayern.de\\\/wp-content\\\/uploads\\\/2022\\\/03\\\/cropped-Allgemeines_digiDEMLOGO-removebg-preview.png\",\"contentUrl\":\"https:\\\/\\\/digidem-bayern.de\\\/wp-content\\\/uploads\\\/2022\\\/03\\\/cropped-Allgemeines_digiDEMLOGO-removebg-preview.png\",\"width\":612,\"height\":357,\"caption\":\"digiDEM Bayern\"},\"image\":{\"@id\":\"\\\/#\\\/schema\\\/logo\\\/image\\\/\"},\"sameAs\":[\"https:\\\/\\\/www.facebook.com\\\/digiDEMBayern\\\/\",\"https:\\\/\\\/x.com\\\/digidem_bayern\",\"https:\\\/\\\/www.instagram.com\\\/digidem.bayern\",\"https:\\\/\\\/www.linkedin.com\\\/company\\\/digidem-bayern\\\/\"]},{\"@type\":\"Person\",\"@id\":\"\\\/#\\\/schema\\\/person\\\/0bc1494f46fc2a051c761322a80e0941\",\"name\":\"Ilona H\u00f6rath\",\"url\":\"https:\\\/\\\/digidem-bayern.de\\\/en\\\/author\\\/hoeratia\\\/\"}]}<\/script>\n<!-- \/ Yoast SEO plugin. -->","yoast_head_json":{"title":"Bayerischer Rundfunk zu Gast bei digiDEM Bayern - digiDEM Bayern","description":"Der Bayerische Landesapothekerkammer unterst\u00fctzt digiDEM Bayern mit Hilfe des Netzwerks \"Demenzfreundliche Apotheken\".","robots":{"index":"index","follow":"follow","max-snippet":"max-snippet:-1","max-image-preview":"max-image-preview:large","max-video-preview":"max-video-preview:-1"},"canonical":"https:\/\/digidem-bayern.de\/en\/bayerischer-rundfunk-zu-gast-bei-digidem-bayern\/","og_locale":"en_US","og_type":"article","og_title":"Bayerischer Rundfunk zu Gast bei digiDEM Bayern - digiDEM Bayern","og_description":"Der Bayerische Landesapothekerkammer unterst\u00fctzt digiDEM Bayern mit Hilfe des Netzwerks \"Demenzfreundliche Apotheken\".","og_url":"https:\/\/digidem-bayern.de\/en\/bayerischer-rundfunk-zu-gast-bei-digidem-bayern\/","og_site_name":"digiDEM Bayern","article_publisher":"https:\/\/www.facebook.com\/digiDEMBayern\/","article_published_time":"2023-09-22T13:39:43+00:00","article_modified_time":"2023-09-26T09:20:42+00:00","og_image":[{"width":1030,"height":773,"url":"https:\/\/digidem-bayern.de\/wp-content\/uploads\/2023\/09\/2023-09-20-02-BR-Dreh-digiDEM-Bayern_Foto-digiDEM-Bayern-Ilona-Hoerath-1030x773.jpeg","type":"image\/jpeg"}],"author":"Ilona H\u00f6rath","twitter_misc":{"Written by":"Ilona H\u00f6rath","Est. reading time":"2 minutes"},"schema":{"@context":"https:\/\/schema.org","@graph":[{"@type":"Article","@id":"https:\/\/digidem-bayern.de\/bayerischer-rundfunk-zu-gast-bei-digidem-bayern\/#article","isPartOf":{"@id":"https:\/\/digidem-bayern.de\/bayerischer-rundfunk-zu-gast-bei-digidem-bayern\/"},"author":{"name":"Ilona H\u00f6rath","@id":"\/#\/schema\/person\/0bc1494f46fc2a051c761322a80e0941"},"headline":"Bayerischer Rundfunk zu Gast bei digiDEM Bayern","datePublished":"2023-09-22T13:39:43+00:00","dateModified":"2023-09-26T09:20:42+00:00","mainEntityOfPage":{"@id":"https:\/\/digidem-bayern.de\/bayerischer-rundfunk-zu-gast-bei-digidem-bayern\/"},"wordCount":270,"commentCount":0,"publisher":{"@id":"\/#organization"},"image":{"@id":"https:\/\/digidem-bayern.de\/bayerischer-rundfunk-zu-gast-bei-digidem-bayern\/#primaryimage"},"thumbnailUrl":"https:\/\/digidem-bayern.de\/wp-content\/uploads\/2023\/09\/2023-09-20-02-BR-Dreh-digiDEM-Bayern_Foto-digiDEM-Bayern-Ilona-Hoerath.jpeg","keywords":["Alzheimer","ARD","Bayerischer Rundfunk","Bayerisches Staastministerium f\u00fcr Gesundheit und Pflege","BR","Demenz","Demenz-Screeningtag","digidem","digidem Bayern","Digitales Demenzregister Bayern","Fernsehen","Radio","Versorgungssituation","Welt Alzheimertag"],"articleSection":["Aktuelles zu digiDEM"],"inLanguage":"en-US","potentialAction":[{"@type":"CommentAction","name":"Comment","target":["https:\/\/digidem-bayern.de\/bayerischer-rundfunk-zu-gast-bei-digidem-bayern\/#respond"]}]},{"@type":"WebPage","@id":"https:\/\/digidem-bayern.de\/bayerischer-rundfunk-zu-gast-bei-digidem-bayern\/","url":"https:\/\/digidem-bayern.de\/bayerischer-rundfunk-zu-gast-bei-digidem-bayern\/","name":"Bayerischer Rundfunk zu Gast bei digiDEM Bayern - digiDEM Bayern","isPartOf":{"@id":"\/#website"},"primaryImageOfPage":{"@id":"https:\/\/digidem-bayern.de\/bayerischer-rundfunk-zu-gast-bei-digidem-bayern\/#primaryimage"},"image":{"@id":"https:\/\/digidem-bayern.de\/bayerischer-rundfunk-zu-gast-bei-digidem-bayern\/#primaryimage"},"thumbnailUrl":"https:\/\/digidem-bayern.de\/wp-content\/uploads\/2023\/09\/2023-09-20-02-BR-Dreh-digiDEM-Bayern_Foto-digiDEM-Bayern-Ilona-Hoerath.jpeg","datePublished":"2023-09-22T13:39:43+00:00","dateModified":"2023-09-26T09:20:42+00:00","description":"Der Bayerische Landesapothekerkammer unterst\u00fctzt digiDEM Bayern mit Hilfe des Netzwerks \"Demenzfreundliche Apotheken\".","breadcrumb":{"@id":"https:\/\/digidem-bayern.de\/bayerischer-rundfunk-zu-gast-bei-digidem-bayern\/#breadcrumb"},"inLanguage":"en-US","potentialAction":[{"@type":"ReadAction","target":["https:\/\/digidem-bayern.de\/bayerischer-rundfunk-zu-gast-bei-digidem-bayern\/"]}]},{"@type":"ImageObject","inLanguage":"en-US","@id":"https:\/\/digidem-bayern.de\/bayerischer-rundfunk-zu-gast-bei-digidem-bayern\/#primaryimage","url":"https:\/\/digidem-bayern.de\/wp-content\/uploads\/2023\/09\/2023-09-20-02-BR-Dreh-digiDEM-Bayern_Foto-digiDEM-Bayern-Ilona-Hoerath.jpeg","contentUrl":"https:\/\/digidem-bayern.de\/wp-content\/uploads\/2023\/09\/2023-09-20-02-BR-Dreh-digiDEM-Bayern_Foto-digiDEM-Bayern-Ilona-Hoerath.jpeg","width":1600,"height":1200,"caption":"\u201eFernseh-Blick\u201c hinter die Kulissen der Erlanger Demenzforschung bei digiDEM Bayern: Das Team des Bayerischen Rundfunks bei den Dreharbeiten."},{"@type":"BreadcrumbList","@id":"https:\/\/digidem-bayern.de\/bayerischer-rundfunk-zu-gast-bei-digidem-bayern\/#breadcrumb","itemListElement":[{"@type":"ListItem","position":1,"name":"Startseite","item":"https:\/\/digidem-bayern.de\/"},{"@type":"ListItem","position":2,"name":"Bayerischer Rundfunk zu Gast bei digiDEM Bayern"}]},{"@type":"WebSite","@id":"\/#website","url":"\/","name":"digiDEM Bavaria","description":"The digital dementia register in Bavaria researches and improves the structure of services for people with dementia and their relatives","publisher":{"@id":"\/#organization"},"potentialAction":[{"@type":"SearchAction","target":{"@type":"EntryPoint","urlTemplate":"\/?s={search_term_string}"},"query-input":{"@type":"PropertyValueSpecification","valueRequired":true,"valueName":"search_term_string"}}],"inLanguage":"en-US"},{"@type":"Organization","@id":"\/#organization","name":"digiDEM Bavaria","url":"\/","logo":{"@type":"ImageObject","inLanguage":"en-US","@id":"\/#\/schema\/logo\/image\/","url":"https:\/\/digidem-bayern.de\/wp-content\/uploads\/2022\/03\/cropped-Allgemeines_digiDEMLOGO-removebg-preview.png","contentUrl":"https:\/\/digidem-bayern.de\/wp-content\/uploads\/2022\/03\/cropped-Allgemeines_digiDEMLOGO-removebg-preview.png","width":612,"height":357,"caption":"digiDEM Bayern"},"image":{"@id":"\/#\/schema\/logo\/image\/"},"sameAs":["https:\/\/www.facebook.com\/digiDEMBayern\/","https:\/\/x.com\/digidem_bayern","https:\/\/www.instagram.com\/digidem.bayern","https:\/\/www.linkedin.com\/company\/digidem-bayern\/"]},{"@type":"Person","@id":"\/#\/schema\/person\/0bc1494f46fc2a051c761322a80e0941","name":"Ilona H\u00f6rath","url":"https:\/\/digidem-bayern.de\/en\/author\/hoeratia\/"}]}},"uagb_featured_image_src":{"full":["https:\/\/digidem-bayern.de\/wp-content\/uploads\/2023\/09\/2023-09-20-02-BR-Dreh-digiDEM-Bayern_Foto-digiDEM-Bayern-Ilona-Hoerath.jpeg",1600,1200,false],"thumbnail":["https:\/\/digidem-bayern.de\/wp-content\/uploads\/2023\/09\/2023-09-20-02-BR-Dreh-digiDEM-Bayern_Foto-digiDEM-Bayern-Ilona-Hoerath-80x80.jpeg",80,80,true],"medium":["https:\/\/digidem-bayern.de\/wp-content\/uploads\/2023\/09\/2023-09-20-02-BR-Dreh-digiDEM-Bayern_Foto-digiDEM-Bayern-Ilona-Hoerath-300x225.jpeg",300,225,true],"medium_large":["https:\/\/digidem-bayern.de\/wp-content\/uploads\/2023\/09\/2023-09-20-02-BR-Dreh-digiDEM-Bayern_Foto-digiDEM-Bayern-Ilona-Hoerath-768x576.jpeg",768,576,true],"large":["https:\/\/digidem-bayern.de\/wp-content\/uploads\/2023\/09\/2023-09-20-02-BR-Dreh-digiDEM-Bayern_Foto-digiDEM-Bayern-Ilona-Hoerath-1030x773.jpeg",1030,773,true],"1536x1536":["https:\/\/digidem-bayern.de\/wp-content\/uploads\/2023\/09\/2023-09-20-02-BR-Dreh-digiDEM-Bayern_Foto-digiDEM-Bayern-Ilona-Hoerath-1536x1152.jpeg",1536,1152,true],"2048x2048":["https:\/\/digidem-bayern.de\/wp-content\/uploads\/2023\/09\/2023-09-20-02-BR-Dreh-digiDEM-Bayern_Foto-digiDEM-Bayern-Ilona-Hoerath-2048x1536.jpeg",2048,1536,true],"trp-custom-language-flag":["https:\/\/digidem-bayern.de\/wp-content\/uploads\/2023\/09\/2023-09-20-02-BR-Dreh-digiDEM-Bayern_Foto-digiDEM-Bayern-Ilona-Hoerath.jpeg",16,12,false],"qubely_landscape":["https:\/\/digidem-bayern.de\/wp-content\/uploads\/2023\/09\/2023-09-20-02-BR-Dreh-digiDEM-Bayern_Foto-digiDEM-Bayern-Ilona-Hoerath-1200x750.jpeg",1200,750,true],"qubely_portrait":["https:\/\/digidem-bayern.de\/wp-content\/uploads\/2023\/09\/2023-09-20-02-BR-Dreh-digiDEM-Bayern_Foto-digiDEM-Bayern-Ilona-Hoerath-540x320.jpeg",540,320,true],"qubely_thumbnail":["https:\/\/digidem-bayern.de\/wp-content\/uploads\/2023\/09\/2023-09-20-02-BR-Dreh-digiDEM-Bayern_Foto-digiDEM-Bayern-Ilona-Hoerath-140x100.jpeg",140,100,true],"post-thumbnail":["https:\/\/digidem-bayern.de\/wp-content\/uploads\/2023\/09\/2023-09-20-02-BR-Dreh-digiDEM-Bayern_Foto-digiDEM-Bayern-Ilona-Hoerath-467x350.jpeg",467,350,true],"kahuna-featured":["https:\/\/digidem-bayern.de\/wp-content\/uploads\/2023\/09\/2023-09-20-02-BR-Dreh-digiDEM-Bayern_Foto-digiDEM-Bayern-Ilona-Hoerath-734x350.jpeg",734,350,true],"kahuna-featured-lp":["https:\/\/digidem-bayern.de\/wp-content\/uploads\/2023\/09\/2023-09-20-02-BR-Dreh-digiDEM-Bayern_Foto-digiDEM-Bayern-Ilona-Hoerath-520x350.jpeg",520,350,true],"kahuna-featured-half":["https:\/\/digidem-bayern.de\/wp-content\/uploads\/2023\/09\/2023-09-20-02-BR-Dreh-digiDEM-Bayern_Foto-digiDEM-Bayern-Ilona-Hoerath-800x350.jpeg",800,350,true],"kahuna-featured-third":["https:\/\/digidem-bayern.de\/wp-content\/uploads\/2023\/09\/2023-09-20-02-BR-Dreh-digiDEM-Bayern_Foto-digiDEM-Bayern-Ilona-Hoerath-512x350.jpeg",512,350,true],"kahuna-lpbox-1":["https:\/\/digidem-bayern.de\/wp-content\/uploads\/2023\/09\/2023-09-20-02-BR-Dreh-digiDEM-Bayern_Foto-digiDEM-Bayern-Ilona-Hoerath-520x300.jpeg",520,300,true],"kahuna-lpbox-2":["https:\/\/digidem-bayern.de\/wp-content\/uploads\/2023\/09\/2023-09-20-02-BR-Dreh-digiDEM-Bayern_Foto-digiDEM-Bayern-Ilona-Hoerath-520x350.jpeg",520,350,true],"demand-language-flag":["https:\/\/digidem-bayern.de\/wp-content\/uploads\/2023\/09\/2023-09-20-02-BR-Dreh-digiDEM-Bayern_Foto-digiDEM-Bayern-Ilona-Hoerath-36x36.jpeg",36,36,true],"dddkt-language-flag":["https:\/\/digidem-bayern.de\/wp-content\/uploads\/2023\/09\/2023-09-20-02-BR-Dreh-digiDEM-Bayern_Foto-digiDEM-Bayern-Ilona-Hoerath-36x36.jpeg",36,36,true],"ddiqc-language-flag":["https:\/\/digidem-bayern.de\/wp-content\/uploads\/2023\/09\/2023-09-20-02-BR-Dreh-digiDEM-Bayern_Foto-digiDEM-Bayern-Ilona-Hoerath-36x36.jpeg",36,36,true],"ddtl-language-flag":["https:\/\/digidem-bayern.de\/wp-content\/uploads\/2023\/09\/2023-09-20-02-BR-Dreh-digiDEM-Bayern_Foto-digiDEM-Bayern-Ilona-Hoerath-36x36.jpeg",36,36,true],"mailpoet_newsletter_max":["https:\/\/digidem-bayern.de\/wp-content\/uploads\/2023\/09\/2023-09-20-02-BR-Dreh-digiDEM-Bayern_Foto-digiDEM-Bayern-Ilona-Hoerath-1320x990.jpeg",1320,990,true],"kahuna-lpbox-3":["https:\/\/digidem-bayern.de\/wp-content\/uploads\/2023\/09\/2023-09-20-02-BR-Dreh-digiDEM-Bayern_Foto-digiDEM-Bayern-Ilona-Hoerath-520x350.jpeg",520,350,true],"kahuna-featured-square":["https:\/\/digidem-bayern.de\/wp-content\/uploads\/2023\/09\/2023-09-20-02-BR-Dreh-digiDEM-Bayern_Foto-digiDEM-Bayern-Ilona-Hoerath-512x512.jpeg",512,512,true],"kahuna-featured-square-large":["https:\/\/digidem-bayern.de\/wp-content\/uploads\/2023\/09\/2023-09-20-02-BR-Dreh-digiDEM-Bayern_Foto-digiDEM-Bayern-Ilona-Hoerath-1024x1024.jpeg",1024,1024,true]},"uagb_author_info":{"display_name":"Ilona H\u00f6rath","author_link":"https:\/\/digidem-bayern.de\/en\/author\/hoeratia\/"},"uagb_comment_info":1,"uagb_excerpt":"Das Bayerische Fernsehen war zu Gast bei digiDEM Bayern. Angereist war Autor Frank Strerath mit seinem Team, um \u00fcber die Demenzforschung bei digiDEM Bayern zu berichten. In seinem Fernsehbericht zeigt Frank Strerath zum Beispiel, welche Forschungsdaten digiDEM Bayern erhebt und inwiefern die Wissenschaftler*innen Menschen mit Demenz und pflegende Zu- und &hellip;","_links":{"self":[{"href":"https:\/\/digidem-bayern.de\/en\/wp-json\/wp\/v2\/posts\/30697","targetHints":{"allow":["GET"]}}],"collection":[{"href":"https:\/\/digidem-bayern.de\/en\/wp-json\/wp\/v2\/posts"}],"about":[{"href":"https:\/\/digidem-bayern.de\/en\/wp-json\/wp\/v2\/types\/post"}],"author":[{"embeddable":true,"href":"https:\/\/digidem-bayern.de\/en\/wp-json\/wp\/v2\/users\/12"}],"replies":[{"embeddable":true,"href":"https:\/\/digidem-bayern.de\/en\/wp-json\/wp\/v2\/comments?post=30697"}],"version-history":[{"count":6,"href":"https:\/\/digidem-bayern.de\/en\/wp-json\/wp\/v2\/posts\/30697\/revisions"}],"predecessor-version":[{"id":30792,"href":"https:\/\/digidem-bayern.de\/en\/wp-json\/wp\/v2\/posts\/30697\/revisions\/30792"}],"wp:featuredmedia":[{"embeddable":true,"href":"https:\/\/digidem-bayern.de\/en\/wp-json\/wp\/v2\/media\/30696"}],"wp:attachment":[{"href":"https:\/\/digidem-bayern.de\/en\/wp-json\/wp\/v2\/media?parent=30697"}],"wp:term":[{"taxonomy":"category","embeddable":true,"href":"https:\/\/digidem-bayern.de\/en\/wp-json\/wp\/v2\/categories?post=30697"},{"taxonomy":"post_tag","embeddable":true,"href":"https:\/\/digidem-bayern.de\/en\/wp-json\/wp\/v2\/tags?post=30697"}],"curies":[{"name":"wp","href":"https:\/\/api.w.org\/{rel}","templated":true}]}}