{"id":29378,"date":"2022-10-01T08:15:00","date_gmt":"2022-10-01T06:15:00","guid":{"rendered":"https:\/\/digidem-bayern.de\/?p=29378"},"modified":"2023-07-17T15:22:17","modified_gmt":"2023-07-17T13:22:17","slug":"symposium-teil-ii-belastung-und-gesundheitsbezogene-lebensqualitat-pflegender-angehoriger","status":"publish","type":"post","link":"https:\/\/digidem-bayern.de\/en\/symposium-teil-ii-belastung-und-gesundheitsbezogene-lebensqualitat-pflegender-angehoriger\/","title":{"rendered":"Symposium Teil II Belastung und gesundheitsbezogene Lebensqualit\u00e4t pflegender Angeh\u00f6riger"},"content":{"rendered":"\n<p><\/p>\n\n\n\n<p><strong>Hintergrund:<\/strong> Demenz gilt als einer der Hauptausl\u00f6ser f\u00fcr die Pflegebed\u00fcrftigkeit \u00e4lteren Menschen [1][2]. Die Pflege wird dabei zu etwa 70% von Angeh\u00f6rigen in der h\u00e4uslichen Umgebung geleistet [2]. Pflegende Angeh\u00f6rige gelten deshalb auch als \u201eDeutschlands gr\u00f6\u00dfter Pflegedienst\u201c [3]. F\u00fcr pflegende Angeh\u00f6rige kann sich die Pflegesituation als Belastung darstellen, wodurch diese zum &#8222;unsichtbaren zweiten Patienten&#8220; werden k\u00f6nnen [4].<\/p>\n\n\n\n<p><strong>Zielsetzung:<\/strong> Ziel dieser Untersuchung ist es, die Pflegebelastung der Angeh\u00f6rigen darzustellen und den Zusammenhang mit der gesundheitsbezogenen Lebensqualit\u00e4t zu analysieren.<\/p>\n\n\n\n<p><strong>Methodik:<\/strong> Im Rahmen der Untersuchung werden Daten zu den pflegenden Angeh\u00f6rigen aus dem Projekt digiDEM Bayern zum Zeitpunkt der Erstbefragung (t0) analysiert. Dazu werden Daten zur Pflegebelastung auf Basis der H\u00e4uslichen Pflege-Skala (HPS-kurz) sowie zur gesundheitsbezogenen Lebensqualit\u00e4t mit dem Short Form 12 (SF-12) ausgewertet. Statistische Auswertungen werden mit der Software SPSS 28 (IBM Corp. Released 2021. IBM SPSS Statistics for Windows, Version 28.0. Armonk, NY: IBM Corp) durchgef\u00fchrt.<\/p>\n\n\n\n<p><strong>Ausblick: <\/strong>Aus den Ergebnissen lassen sich Erkenntnisse dar\u00fcber ableiten, wie stark pflegende Angeh\u00f6rige bereits in einem beginnenden Stadium der Demenzerkrankung oder bereits im Fall leichter kognitiver Beeintr\u00e4chtigungen (englisch: mild cognitive impairment \u2013 MCI) belastet sind. Zudem wird sich zeigen, inwieweit die Pflegebelastung mit der gesundheitsbezogenen Lebensqualit\u00e4t im Allgemeinen sowie mit der physischen und mentalen Gesundheit der Angeh\u00f6rigen im Speziellen zusammenh\u00e4ngt. Die Ergebnisse k\u00f6nnen erste Anhaltspunkte dazu liefern, welche Schwerpunkte bei der Unterst\u00fctzung und Entlastung pflegender Angeh\u00f6riger in einem fr\u00fchen Stadium der Erkrankungen gelegt werden sollten.<\/p>\n\n\n\n<p><strong>Literaturverzeichnis:<\/strong><\/p>\n\n\n\n<p>[1] World Health Organization (WHO), (2017), Global action plan on the public health response to dementia 2017\u20132025, World Health Organization (WHO), https:\/\/apps.who.int\/iris\/rest\/bitstreams\/1092215\/retrieve,<br>2022-03-30 <br>[2] Riedel-Heller SG, (2018), Haben wir die pflegenden Angeh\u00f6rigen Demenzkranker im Blick?, Der Nervenarzt, 493-494, 89<br>[3] Wetzstein M, Rommel A, Lange C, (2015), Pflegende Angeh\u00f6rige \u2013 Deutschlands gr\u00f6\u00dfter Pflegedienst (07.09.2015), Robert Koch-Institut (RKI), https:\/\/edoc.rki.de\/bitstream\/handle\/176904\/3137\/3.pdf?sequence=1&amp;isAllowed=y, 2022-03-30<br>[4] Brodaty H, Donkin M, (2009), Family caregivers of people with dementia, Dialogues Clin Neurosci, 217-228, 11<\/p>\n\n\n\n<p><\/p>\n\n\n<a href=\"https:\/\/digidem-bayern.de\/wp-content\/uploads\/2023\/07\/2022-09-30_Praesentation_Kongress-dt-Alz-Ges.pdf\" class=\"pdfemb-viewer\" style=\"\" data-width=\"max\" data-height=\"max\" data-toolbar=\"bottom\" data-toolbar-fixed=\"off\">2022-09-30_Praesentation_Kongress-dt-Alz-Ges<\/a>\n<p class=\"wp-block-pdfemb-pdf-embedder-viewer\"><\/p>\n\n\n\n<p><strong>Vortrag <\/strong>vorgestellt auf dem 11. Kongress der Deutschen Alzheimer Gesellschaft am 01.10.2022<\/p>\n\n\n\n<p>Nikolas Dietzel, Anne Keefer, Elmar Gr\u00e4\u00dfel, Peter L. Kolominsky-Rabas<\/p>\n\n\n\n<p><\/p>\n","protected":false},"excerpt":{"rendered":"<p>Hintergrund: Demenz gilt als einer der Hauptausl\u00f6ser f\u00fcr die Pflegebed\u00fcrftigkeit \u00e4lteren Menschen [1][2]. Die Pflege wird dabei zu etwa 70% von Angeh\u00f6rigen in der h\u00e4uslichen Umgebung geleistet [2]. Pflegende Angeh\u00f6rige gelten deshalb auch als \u201eDeutschlands gr\u00f6\u00dfter Pflegedienst\u201c [3]. F\u00fcr pflegende Angeh\u00f6rige kann sich die Pflegesituation als Belastung darstellen, wodurch diese &hellip;<\/p>\n","protected":false},"author":11,"featured_media":0,"comment_status":"open","ping_status":"closed","sticky":false,"template":"","format":"standard","meta":{"qubely_global_settings":"","qubely_interactions":"","_uag_custom_page_level_css":"","footnotes":""},"categories":[780],"tags":[686,165,14,17,55,781],"class_list":["post-29378","post","type-post","status-publish","format-standard","hentry","category-kongressbeitraege","tag-demenz-apps","tag-deutsche-alzheimer-gesellschaft","tag-digidem","tag-digidem-bayern","tag-digitales-demenzregister-bayern","tag-kongress"],"qubely_featured_image_url":null,"qubely_author":{"display_name":"Michael Zeiler","author_link":"https:\/\/digidem-bayern.de\/en\/author\/michael-zeiler\/"},"qubely_comment":0,"qubely_category":"<a href=\"https:\/\/digidem-bayern.de\/en\/category\/kongressbeitraege\/\" rel=\"category tag\">Kongressbeitr\u00e4ge<\/a>","qubely_excerpt":"Hintergrund: Demenz gilt als einer der Hauptausl\u00f6ser f\u00fcr die Pflegebed\u00fcrftigkeit \u00e4lteren Menschen [1][2]. Die Pflege wird dabei zu etwa 70% von Angeh\u00f6rigen in der h\u00e4uslichen Umgebung geleistet [2]. Pflegende Angeh\u00f6rige gelten deshalb auch als \u201eDeutschlands gr\u00f6\u00dfter Pflegedienst\u201c [3]. F\u00fcr pflegende Angeh\u00f6rige kann sich die Pflegesituation als Belastung darstellen, wodurch diese &hellip;","featured_image_urls_v2":{"full":"","thumbnail":"","medium":"","medium_large":"","large":"","1536x1536":"","2048x2048":"","trp-custom-language-flag":"","qubely_landscape":"","qubely_portrait":"","qubely_thumbnail":"","post-thumbnail":"","kahuna-featured":"","kahuna-featured-lp":"","kahuna-featured-half":"","kahuna-featured-third":"","kahuna-lpbox-1":"","kahuna-lpbox-2":"","demand-language-flag":"","dddkt-language-flag":"","ddiqc-language-flag":"","ddtl-language-flag":"","mailpoet_newsletter_max":"","kahuna-lpbox-3":"","kahuna-featured-square":"","kahuna-featured-square-large":""},"post_excerpt_stackable_v2":"<p>Hintergrund: Demenz gilt als einer der Hauptausl\u00f6ser f\u00fcr die Pflegebed\u00fcrftigkeit \u00e4lteren Menschen [1][2]. Die Pflege wird dabei zu etwa 70% von Angeh\u00f6rigen in der h\u00e4uslichen Umgebung geleistet [2]. Pflegende Angeh\u00f6rige gelten deshalb auch als \u201eDeutschlands gr\u00f6\u00dfter Pflegedienst\u201c [3]. F\u00fcr pflegende Angeh\u00f6rige kann sich die Pflegesituation als Belastung darstellen, wodurch diese zum &#8222;unsichtbaren zweiten Patienten&#8220; werden k\u00f6nnen [4]. Zielsetzung: Ziel dieser Untersuchung ist es, die Pflegebelastung der Angeh\u00f6rigen darzustellen und den Zusammenhang mit der gesundheitsbezogenen Lebensqualit\u00e4t zu analysieren. Methodik: Im Rahmen der Untersuchung werden Daten zu den pflegenden Angeh\u00f6rigen aus dem Projekt digiDEM Bayern zum Zeitpunkt der Erstbefragung (t0) analysiert. Dazu&hellip;<\/p>\n","category_list_v2":"<a href=\"https:\/\/digidem-bayern.de\/en\/category\/kongressbeitraege\/\" rel=\"category tag\">Kongressbeitr\u00e4ge<\/a>","author_info_v2":{"name":"Michael Zeiler","url":"https:\/\/digidem-bayern.de\/en\/author\/michael-zeiler\/"},"comments_num_v2":"0 comments","yoast_head":"<!-- This site is optimized with the Yoast SEO plugin v27.4 - https:\/\/yoast.com\/product\/yoast-seo-wordpress\/ -->\n<title>Symposium Teil II Belastung und gesundheitsbezogene Lebensqualit\u00e4t pflegender Angeh\u00f6riger - digiDEM Bayern<\/title>\n<meta name=\"description\" content=\"Ziel des bayernweiten Projektes digiDEM ist die nachhaltige Verbesserung der Versorgungssituation von Menschen mit Demenz sowie deren pflegenden Angeh\u00f6rigen\" \/>\n<meta name=\"robots\" content=\"index, follow, max-snippet:-1, max-image-preview:large, max-video-preview:-1\" \/>\n<link rel=\"canonical\" href=\"https:\/\/digidem-bayern.de\/en\/symposium-teil-ii-belastung-und-gesundheitsbezogene-lebensqualitat-pflegender-angehoriger\/\" \/>\n<meta property=\"og:locale\" content=\"en_US\" \/>\n<meta property=\"og:type\" content=\"article\" \/>\n<meta property=\"og:title\" content=\"Symposium Teil II Belastung und gesundheitsbezogene Lebensqualit\u00e4t pflegender Angeh\u00f6riger - digiDEM Bayern\" \/>\n<meta property=\"og:description\" content=\"Ziel des bayernweiten Projektes digiDEM ist die nachhaltige Verbesserung der Versorgungssituation von Menschen mit Demenz sowie deren pflegenden Angeh\u00f6rigen\" \/>\n<meta property=\"og:url\" content=\"https:\/\/digidem-bayern.de\/en\/symposium-teil-ii-belastung-und-gesundheitsbezogene-lebensqualitat-pflegender-angehoriger\/\" \/>\n<meta property=\"og:site_name\" content=\"digiDEM Bayern\" \/>\n<meta property=\"article:publisher\" content=\"https:\/\/www.facebook.com\/digiDEMBayern\/\" \/>\n<meta property=\"article:published_time\" content=\"2022-10-01T06:15:00+00:00\" \/>\n<meta property=\"article:modified_time\" content=\"2023-07-17T13:22:17+00:00\" \/>\n<meta property=\"og:image\" content=\"https:\/\/digidem-bayern.de\/wp-content\/uploads\/logo-digidem-digitales-demenzregister-bayern.jpg.png\" \/>\n\t<meta property=\"og:image:width\" content=\"340\" \/>\n\t<meta property=\"og:image:height\" content=\"200\" \/>\n\t<meta property=\"og:image:type\" content=\"image\/png\" \/>\n<meta name=\"author\" content=\"Michael Zeiler\" \/>\n<meta name=\"twitter:label1\" content=\"Written by\" \/>\n\t<meta name=\"twitter:data1\" content=\"Michael Zeiler\" \/>\n\t<meta name=\"twitter:label2\" content=\"Est. reading time\" \/>\n\t<meta name=\"twitter:data2\" content=\"2 minutes\" \/>\n<script type=\"application\/ld+json\" class=\"yoast-schema-graph\">{\"@context\":\"https:\\\/\\\/schema.org\",\"@graph\":[{\"@type\":\"Article\",\"@id\":\"https:\\\/\\\/digidem-bayern.de\\\/symposium-teil-ii-belastung-und-gesundheitsbezogene-lebensqualitat-pflegender-angehoriger\\\/#article\",\"isPartOf\":{\"@id\":\"https:\\\/\\\/digidem-bayern.de\\\/symposium-teil-ii-belastung-und-gesundheitsbezogene-lebensqualitat-pflegender-angehoriger\\\/\"},\"author\":{\"name\":\"Michael Zeiler\",\"@id\":\"\\\/#\\\/schema\\\/person\\\/92754ad381f49b3c358d1d8d2c4f90b8\"},\"headline\":\"Symposium Teil II Belastung und gesundheitsbezogene Lebensqualit\u00e4t pflegender Angeh\u00f6riger\",\"datePublished\":\"2022-10-01T06:15:00+00:00\",\"dateModified\":\"2023-07-17T13:22:17+00:00\",\"mainEntityOfPage\":{\"@id\":\"https:\\\/\\\/digidem-bayern.de\\\/symposium-teil-ii-belastung-und-gesundheitsbezogene-lebensqualitat-pflegender-angehoriger\\\/\"},\"wordCount\":363,\"commentCount\":0,\"publisher\":{\"@id\":\"\\\/#organization\"},\"keywords\":[\"Demenz-Apps\",\"Deutsche Alzheimer Gesellschaft\",\"digidem\",\"digidem Bayern\",\"Digitales Demenzregister Bayern\",\"Kongress\"],\"articleSection\":[\"Kongressbeitr\u00e4ge\"],\"inLanguage\":\"en-US\",\"potentialAction\":[{\"@type\":\"CommentAction\",\"name\":\"Comment\",\"target\":[\"https:\\\/\\\/digidem-bayern.de\\\/symposium-teil-ii-belastung-und-gesundheitsbezogene-lebensqualitat-pflegender-angehoriger\\\/#respond\"]}]},{\"@type\":\"WebPage\",\"@id\":\"https:\\\/\\\/digidem-bayern.de\\\/symposium-teil-ii-belastung-und-gesundheitsbezogene-lebensqualitat-pflegender-angehoriger\\\/\",\"url\":\"https:\\\/\\\/digidem-bayern.de\\\/symposium-teil-ii-belastung-und-gesundheitsbezogene-lebensqualitat-pflegender-angehoriger\\\/\",\"name\":\"Symposium Teil II Belastung und gesundheitsbezogene Lebensqualit\u00e4t pflegender Angeh\u00f6riger - digiDEM Bayern\",\"isPartOf\":{\"@id\":\"\\\/#website\"},\"datePublished\":\"2022-10-01T06:15:00+00:00\",\"dateModified\":\"2023-07-17T13:22:17+00:00\",\"description\":\"Ziel des bayernweiten Projektes digiDEM ist die nachhaltige Verbesserung der Versorgungssituation von Menschen mit Demenz sowie deren pflegenden Angeh\u00f6rigen\",\"breadcrumb\":{\"@id\":\"https:\\\/\\\/digidem-bayern.de\\\/symposium-teil-ii-belastung-und-gesundheitsbezogene-lebensqualitat-pflegender-angehoriger\\\/#breadcrumb\"},\"inLanguage\":\"en-US\",\"potentialAction\":[{\"@type\":\"ReadAction\",\"target\":[\"https:\\\/\\\/digidem-bayern.de\\\/symposium-teil-ii-belastung-und-gesundheitsbezogene-lebensqualitat-pflegender-angehoriger\\\/\"]}]},{\"@type\":\"BreadcrumbList\",\"@id\":\"https:\\\/\\\/digidem-bayern.de\\\/symposium-teil-ii-belastung-und-gesundheitsbezogene-lebensqualitat-pflegender-angehoriger\\\/#breadcrumb\",\"itemListElement\":[{\"@type\":\"ListItem\",\"position\":1,\"name\":\"Startseite\",\"item\":\"https:\\\/\\\/digidem-bayern.de\\\/\"},{\"@type\":\"ListItem\",\"position\":2,\"name\":\"Symposium Teil II Belastung und gesundheitsbezogene Lebensqualit\u00e4t pflegender Angeh\u00f6riger\"}]},{\"@type\":\"WebSite\",\"@id\":\"\\\/#website\",\"url\":\"\\\/\",\"name\":\"digiDEM Bayern\",\"description\":\"Das digitale Demenzregister Bayern erforscht und verbessert die Angebotsstuktur f\u00fcr Menschen mit Demenz und deren Angeh\u00f6rige\",\"publisher\":{\"@id\":\"\\\/#organization\"},\"potentialAction\":[{\"@type\":\"SearchAction\",\"target\":{\"@type\":\"EntryPoint\",\"urlTemplate\":\"\\\/?s={search_term_string}\"},\"query-input\":{\"@type\":\"PropertyValueSpecification\",\"valueRequired\":true,\"valueName\":\"search_term_string\"}}],\"inLanguage\":\"en-US\"},{\"@type\":\"Organization\",\"@id\":\"\\\/#organization\",\"name\":\"digiDEM Bayern\",\"url\":\"\\\/\",\"logo\":{\"@type\":\"ImageObject\",\"inLanguage\":\"en-US\",\"@id\":\"\\\/#\\\/schema\\\/logo\\\/image\\\/\",\"url\":\"https:\\\/\\\/digidem-bayern.de\\\/wp-content\\\/uploads\\\/2022\\\/03\\\/cropped-Allgemeines_digiDEMLOGO-removebg-preview.png\",\"contentUrl\":\"https:\\\/\\\/digidem-bayern.de\\\/wp-content\\\/uploads\\\/2022\\\/03\\\/cropped-Allgemeines_digiDEMLOGO-removebg-preview.png\",\"width\":612,\"height\":357,\"caption\":\"digiDEM Bayern\"},\"image\":{\"@id\":\"\\\/#\\\/schema\\\/logo\\\/image\\\/\"},\"sameAs\":[\"https:\\\/\\\/www.facebook.com\\\/digiDEMBayern\\\/\",\"https:\\\/\\\/x.com\\\/digidem_bayern\",\"https:\\\/\\\/www.instagram.com\\\/digidem.bayern\",\"https:\\\/\\\/www.linkedin.com\\\/company\\\/digidem-bayern\\\/\"]},{\"@type\":\"Person\",\"@id\":\"\\\/#\\\/schema\\\/person\\\/92754ad381f49b3c358d1d8d2c4f90b8\",\"name\":\"Michael Zeiler\",\"url\":\"https:\\\/\\\/digidem-bayern.de\\\/en\\\/author\\\/michael-zeiler\\\/\"}]}<\/script>\n<!-- \/ Yoast SEO plugin. -->","yoast_head_json":{"title":"Symposium Teil II Belastung und gesundheitsbezogene Lebensqualit\u00e4t pflegender Angeh\u00f6riger - digiDEM Bayern","description":"Ziel des bayernweiten Projektes digiDEM ist die nachhaltige Verbesserung der Versorgungssituation von Menschen mit Demenz sowie deren pflegenden Angeh\u00f6rigen","robots":{"index":"index","follow":"follow","max-snippet":"max-snippet:-1","max-image-preview":"max-image-preview:large","max-video-preview":"max-video-preview:-1"},"canonical":"https:\/\/digidem-bayern.de\/en\/symposium-teil-ii-belastung-und-gesundheitsbezogene-lebensqualitat-pflegender-angehoriger\/","og_locale":"en_US","og_type":"article","og_title":"Symposium Teil II Belastung und gesundheitsbezogene Lebensqualit\u00e4t pflegender Angeh\u00f6riger - digiDEM Bayern","og_description":"Ziel des bayernweiten Projektes digiDEM ist die nachhaltige Verbesserung der Versorgungssituation von Menschen mit Demenz sowie deren pflegenden Angeh\u00f6rigen","og_url":"https:\/\/digidem-bayern.de\/en\/symposium-teil-ii-belastung-und-gesundheitsbezogene-lebensqualitat-pflegender-angehoriger\/","og_site_name":"digiDEM Bayern","article_publisher":"https:\/\/www.facebook.com\/digiDEMBayern\/","article_published_time":"2022-10-01T06:15:00+00:00","article_modified_time":"2023-07-17T13:22:17+00:00","og_image":[{"width":340,"height":200,"url":"https:\/\/digidem-bayern.de\/wp-content\/uploads\/logo-digidem-digitales-demenzregister-bayern.jpg.png","type":"image\/png"}],"author":"Michael Zeiler","twitter_misc":{"Written by":"Michael Zeiler","Est. reading time":"2 minutes"},"schema":{"@context":"https:\/\/schema.org","@graph":[{"@type":"Article","@id":"https:\/\/digidem-bayern.de\/symposium-teil-ii-belastung-und-gesundheitsbezogene-lebensqualitat-pflegender-angehoriger\/#article","isPartOf":{"@id":"https:\/\/digidem-bayern.de\/symposium-teil-ii-belastung-und-gesundheitsbezogene-lebensqualitat-pflegender-angehoriger\/"},"author":{"name":"Michael Zeiler","@id":"\/#\/schema\/person\/92754ad381f49b3c358d1d8d2c4f90b8"},"headline":"Symposium Teil II Belastung und gesundheitsbezogene Lebensqualit\u00e4t pflegender Angeh\u00f6riger","datePublished":"2022-10-01T06:15:00+00:00","dateModified":"2023-07-17T13:22:17+00:00","mainEntityOfPage":{"@id":"https:\/\/digidem-bayern.de\/symposium-teil-ii-belastung-und-gesundheitsbezogene-lebensqualitat-pflegender-angehoriger\/"},"wordCount":363,"commentCount":0,"publisher":{"@id":"\/#organization"},"keywords":["Demenz-Apps","Deutsche Alzheimer Gesellschaft","digidem","digidem Bayern","Digitales Demenzregister Bayern","Kongress"],"articleSection":["Kongressbeitr\u00e4ge"],"inLanguage":"en-US","potentialAction":[{"@type":"CommentAction","name":"Comment","target":["https:\/\/digidem-bayern.de\/symposium-teil-ii-belastung-und-gesundheitsbezogene-lebensqualitat-pflegender-angehoriger\/#respond"]}]},{"@type":"WebPage","@id":"https:\/\/digidem-bayern.de\/symposium-teil-ii-belastung-und-gesundheitsbezogene-lebensqualitat-pflegender-angehoriger\/","url":"https:\/\/digidem-bayern.de\/symposium-teil-ii-belastung-und-gesundheitsbezogene-lebensqualitat-pflegender-angehoriger\/","name":"Symposium Teil II Belastung und gesundheitsbezogene Lebensqualit\u00e4t pflegender Angeh\u00f6riger - digiDEM Bayern","isPartOf":{"@id":"\/#website"},"datePublished":"2022-10-01T06:15:00+00:00","dateModified":"2023-07-17T13:22:17+00:00","description":"Ziel des bayernweiten Projektes digiDEM ist die nachhaltige Verbesserung der Versorgungssituation von Menschen mit Demenz sowie deren pflegenden Angeh\u00f6rigen","breadcrumb":{"@id":"https:\/\/digidem-bayern.de\/symposium-teil-ii-belastung-und-gesundheitsbezogene-lebensqualitat-pflegender-angehoriger\/#breadcrumb"},"inLanguage":"en-US","potentialAction":[{"@type":"ReadAction","target":["https:\/\/digidem-bayern.de\/symposium-teil-ii-belastung-und-gesundheitsbezogene-lebensqualitat-pflegender-angehoriger\/"]}]},{"@type":"BreadcrumbList","@id":"https:\/\/digidem-bayern.de\/symposium-teil-ii-belastung-und-gesundheitsbezogene-lebensqualitat-pflegender-angehoriger\/#breadcrumb","itemListElement":[{"@type":"ListItem","position":1,"name":"Startseite","item":"https:\/\/digidem-bayern.de\/"},{"@type":"ListItem","position":2,"name":"Symposium Teil II Belastung und gesundheitsbezogene Lebensqualit\u00e4t pflegender Angeh\u00f6riger"}]},{"@type":"WebSite","@id":"\/#website","url":"\/","name":"digiDEM Bavaria","description":"The digital dementia register in Bavaria researches and improves the structure of services for people with dementia and their relatives","publisher":{"@id":"\/#organization"},"potentialAction":[{"@type":"SearchAction","target":{"@type":"EntryPoint","urlTemplate":"\/?s={search_term_string}"},"query-input":{"@type":"PropertyValueSpecification","valueRequired":true,"valueName":"search_term_string"}}],"inLanguage":"en-US"},{"@type":"Organization","@id":"\/#organization","name":"digiDEM Bavaria","url":"\/","logo":{"@type":"ImageObject","inLanguage":"en-US","@id":"\/#\/schema\/logo\/image\/","url":"https:\/\/digidem-bayern.de\/wp-content\/uploads\/2022\/03\/cropped-Allgemeines_digiDEMLOGO-removebg-preview.png","contentUrl":"https:\/\/digidem-bayern.de\/wp-content\/uploads\/2022\/03\/cropped-Allgemeines_digiDEMLOGO-removebg-preview.png","width":612,"height":357,"caption":"digiDEM Bayern"},"image":{"@id":"\/#\/schema\/logo\/image\/"},"sameAs":["https:\/\/www.facebook.com\/digiDEMBayern\/","https:\/\/x.com\/digidem_bayern","https:\/\/www.instagram.com\/digidem.bayern","https:\/\/www.linkedin.com\/company\/digidem-bayern\/"]},{"@type":"Person","@id":"\/#\/schema\/person\/92754ad381f49b3c358d1d8d2c4f90b8","name":"Michael Zeiler","url":"https:\/\/digidem-bayern.de\/en\/author\/michael-zeiler\/"}]}},"uagb_featured_image_src":{"full":false,"thumbnail":false,"medium":false,"medium_large":false,"large":false,"1536x1536":false,"2048x2048":false,"trp-custom-language-flag":false,"qubely_landscape":false,"qubely_portrait":false,"qubely_thumbnail":false,"post-thumbnail":false,"kahuna-featured":false,"kahuna-featured-lp":false,"kahuna-featured-half":false,"kahuna-featured-third":false,"kahuna-lpbox-1":false,"kahuna-lpbox-2":false,"demand-language-flag":false,"dddkt-language-flag":false,"ddiqc-language-flag":false,"ddtl-language-flag":false,"mailpoet_newsletter_max":false,"kahuna-lpbox-3":false,"kahuna-featured-square":false,"kahuna-featured-square-large":false},"uagb_author_info":{"display_name":"Michael Zeiler","author_link":"https:\/\/digidem-bayern.de\/en\/author\/michael-zeiler\/"},"uagb_comment_info":0,"uagb_excerpt":"Hintergrund: Demenz gilt als einer der Hauptausl\u00f6ser f\u00fcr die Pflegebed\u00fcrftigkeit \u00e4lteren Menschen [1][2]. Die Pflege wird dabei zu etwa 70% von Angeh\u00f6rigen in der h\u00e4uslichen Umgebung geleistet [2]. Pflegende Angeh\u00f6rige gelten deshalb auch als \u201eDeutschlands gr\u00f6\u00dfter Pflegedienst\u201c [3]. F\u00fcr pflegende Angeh\u00f6rige kann sich die Pflegesituation als Belastung darstellen, wodurch diese &hellip;","_links":{"self":[{"href":"https:\/\/digidem-bayern.de\/en\/wp-json\/wp\/v2\/posts\/29378","targetHints":{"allow":["GET"]}}],"collection":[{"href":"https:\/\/digidem-bayern.de\/en\/wp-json\/wp\/v2\/posts"}],"about":[{"href":"https:\/\/digidem-bayern.de\/en\/wp-json\/wp\/v2\/types\/post"}],"author":[{"embeddable":true,"href":"https:\/\/digidem-bayern.de\/en\/wp-json\/wp\/v2\/users\/11"}],"replies":[{"embeddable":true,"href":"https:\/\/digidem-bayern.de\/en\/wp-json\/wp\/v2\/comments?post=29378"}],"version-history":[{"count":2,"href":"https:\/\/digidem-bayern.de\/en\/wp-json\/wp\/v2\/posts\/29378\/revisions"}],"predecessor-version":[{"id":29381,"href":"https:\/\/digidem-bayern.de\/en\/wp-json\/wp\/v2\/posts\/29378\/revisions\/29381"}],"wp:attachment":[{"href":"https:\/\/digidem-bayern.de\/en\/wp-json\/wp\/v2\/media?parent=29378"}],"wp:term":[{"taxonomy":"category","embeddable":true,"href":"https:\/\/digidem-bayern.de\/en\/wp-json\/wp\/v2\/categories?post=29378"},{"taxonomy":"post_tag","embeddable":true,"href":"https:\/\/digidem-bayern.de\/en\/wp-json\/wp\/v2\/tags?post=29378"}],"curies":[{"name":"wp","href":"https:\/\/api.w.org\/{rel}","templated":true}]}}