{"id":29287,"date":"2023-07-13T12:39:43","date_gmt":"2023-07-13T10:39:43","guid":{"rendered":"https:\/\/digidem-bayern.de\/?p=29287"},"modified":"2023-07-14T12:26:00","modified_gmt":"2023-07-14T10:26:00","slug":"digidem-bayern-auf-dem-2-bayerischen-e-health-kongress-in-augsburg","status":"publish","type":"post","link":"https:\/\/digidem-bayern.de\/en\/digidem-bayern-auf-dem-2-bayerischen-e-health-kongress-in-augsburg\/","title":{"rendered":"digiDEM Bayern auf\u00a0dem 2. Bayerischen E-Health-Kongress in Augsburg"},"content":{"rendered":"<p><strong>Auch auf dem 2. Bayerischen E-Health-Kongress in Augsburg war digiDEM Bayern als Beispiel f\u00fcr ein vom Bayerischen Staatsministerium f\u00fcr Gesundheit und Pflege gef\u00f6rdertes digitales Projekt vor Ort.&nbsp;Am digiDEM Bayern-Stand informierte sich&nbsp;Klaus Holetschek,&nbsp;Bayerischer Staatsminister f\u00fcr Gesundheit und Pflege, \u00fcber das neueste digitale Angebot, den Online-Fragebogen&nbsp;<\/strong>\u201e<strong>digiDEM Bayern DEMAND<sup>\u00ae\u201c.<\/sup><\/strong><\/p>\n\n\n<div class=\"wp-block-image\">\n<figure class=\"alignright size-large is-resized\"><img loading=\"lazy\" decoding=\"async\" src=\"https:\/\/digidem-bayern.de\/wp-content\/uploads\/2023\/07\/02-2023_07_12_01_Klaus-Holetschek-mit-digiDEM-Bayern-Team_-Foto-digiDEM-Bayern-1030x835.jpeg\" alt=\"Der Bayerische Staatsminister f\u00fcr Gesundheit und Pflege, Klaus Holetschek, besuchte den digiDEM Bayern-Stand.\" class=\"wp-image-29288\" width=\"512\" height=\"415\" srcset=\"https:\/\/digidem-bayern.de\/wp-content\/uploads\/2023\/07\/02-2023_07_12_01_Klaus-Holetschek-mit-digiDEM-Bayern-Team_-Foto-digiDEM-Bayern-1030x835.jpeg 1030w, https:\/\/digidem-bayern.de\/wp-content\/uploads\/2023\/07\/02-2023_07_12_01_Klaus-Holetschek-mit-digiDEM-Bayern-Team_-Foto-digiDEM-Bayern-300x243.jpeg 300w, https:\/\/digidem-bayern.de\/wp-content\/uploads\/2023\/07\/02-2023_07_12_01_Klaus-Holetschek-mit-digiDEM-Bayern-Team_-Foto-digiDEM-Bayern-768x622.jpeg 768w, https:\/\/digidem-bayern.de\/wp-content\/uploads\/2023\/07\/02-2023_07_12_01_Klaus-Holetschek-mit-digiDEM-Bayern-Team_-Foto-digiDEM-Bayern-1536x1245.jpeg 1536w, https:\/\/digidem-bayern.de\/wp-content\/uploads\/2023\/07\/02-2023_07_12_01_Klaus-Holetschek-mit-digiDEM-Bayern-Team_-Foto-digiDEM-Bayern-2048x1660.jpeg 2048w, https:\/\/digidem-bayern.de\/wp-content\/uploads\/2023\/07\/02-2023_07_12_01_Klaus-Holetschek-mit-digiDEM-Bayern-Team_-Foto-digiDEM-Bayern-432x350.jpeg 432w, https:\/\/digidem-bayern.de\/wp-content\/uploads\/2023\/07\/02-2023_07_12_01_Klaus-Holetschek-mit-digiDEM-Bayern-Team_-Foto-digiDEM-Bayern-1320x1070.jpeg 1320w, https:\/\/digidem-bayern.de\/wp-content\/uploads\/2023\/07\/02-2023_07_12_01_Klaus-Holetschek-mit-digiDEM-Bayern-Team_-Foto-digiDEM-Bayern.jpeg 1600w\" sizes=\"auto, (max-width: 512px) 100vw, 512px\" \/><figcaption class=\"wp-element-caption\">Gruppenfoto auf dem 2. Bayerischen E-Health-Kongress: der Bayerische Staatsminister f\u00fcr Gesundheit und Pflege, Klaus Holetschek (5. v. re.), digiDEM Bayern-Projektleiter Prof. Dr. Peter Kolominsky-Rabas (3. v. re.), Marco Wendel, Gesch\u00e4ftsf\u00fchrender Vorstand Medical Valley EMN e. V. (4. v. re.), der Erlanger Gesundheitsexperte Kurt H\u00f6ller (li.) und das digiDEM Bayern-Team.<\/figcaption><\/figure>\n<\/div>\n\n\n<p>Der\u00a0zweite Bayerische E-Health-Kongress fand unter dem Motto \u201eVom Reden zum Machen! E-Health-Standort Bayern\u201c statt.\u00a0Rund um die\u00a0Digitalisierung in Gesundheit und Pflege gab es zahlreiche Fachvortr\u00e4ge und Podiumsdiskussionen, der Austausch zwischen Fachexpert*innen aus Politik, Wissenschaft, Wirtschaft und Verwaltung war rege.\u00a0<\/p>\n\n\n\n<p>Bei seinem Besuch am digiDEM Bayern-Stand informierte sich der\u00a0Bayerische Staatsminister f\u00fcr Gesundheit und Pflege,\u00a0Klaus Holetschek,\u00a0\u00fcber den neuen digiDEM Bayern-Online-Fragebogen\u00a0<strong>digiDEM Bayern DEMAND<sup>\u00ae<\/sup><\/strong>, den Nikolas Dietzel, wissenschaftlicher Mitarbeiter, erl\u00e4uterte.<\/p>\n\n\n\n<p><strong>Digitale L\u00f6sungen im Gesundheitsbereich<\/strong><\/p>\n\n\n\n<p>Das Ziel des E-Health-Kongresses ist es, bereits bestehende L\u00f6sungen im Gesundheitsbereich zu pr\u00e4sentieren. Des Weiteren dienen der interdisziplin\u00e4re Austausch mit hochkar\u00e4tigen G\u00e4sten sowie Impulsvortr\u00e4ge und Podiumsdiskussionen mit hochkar\u00e4tigen G\u00e4sten dazu, Verbesserungen im Bereich der Digitalisierung aus Bayern f\u00fcr Deutschland auf den Weg zu bringen.<\/p>\n\n\n\n<p>Der&nbsp;Online-Fragebogen&nbsp;<strong>digiDEM Bayern DEMAND<sup>\u00ae<\/sup><\/strong>&nbsp;hilft pflegenden An- und Zugeh\u00f6rigen, die eigenen Versorgungsbedarfe zu erkennen und liefert&nbsp;einen kompakten \u00dcberblick \u00fcber vielf\u00e4ltige Unterst\u00fctzungsangebote, die passgenau informieren.<\/p>\n\n\n\n<p><a href=\"https:\/\/digidem-bayern.de\/en\/digitales-angebot-demand\/\">Hier geht\u2019s zum Online-Fragebogen.<\/a><\/p>\n\n\n\n<p><\/p>\n\n\n\n<p><strong>Impressionen rund um den digiDEM Bayern-Messestand auf dem 2. Bayerischen E-Health-Kongress in Augsburg im Juli 2023<\/strong><\/p>\n\n\n\n<div class=\"wp-block-media-text alignwide is-stacked-on-mobile\" style=\"grid-template-columns:37% auto\"><figure class=\"wp-block-media-text__media\"><img loading=\"lazy\" decoding=\"async\" width=\"1030\" height=\"773\" src=\"https:\/\/digidem-bayern.de\/wp-content\/uploads\/2023\/07\/31-2023_07_12_Video-im-Saal_-Foto-digiDEM-Bayern_Ilona-Hoerath-1030x773.jpeg\" alt=\"digiDEM Bayern auf dem 2. Bayerischen E-Health-Kongress in Augsburg\" class=\"wp-image-29303 size-full\" srcset=\"https:\/\/digidem-bayern.de\/wp-content\/uploads\/2023\/07\/31-2023_07_12_Video-im-Saal_-Foto-digiDEM-Bayern_Ilona-Hoerath-1030x773.jpeg 1030w, https:\/\/digidem-bayern.de\/wp-content\/uploads\/2023\/07\/31-2023_07_12_Video-im-Saal_-Foto-digiDEM-Bayern_Ilona-Hoerath-300x225.jpeg 300w, https:\/\/digidem-bayern.de\/wp-content\/uploads\/2023\/07\/31-2023_07_12_Video-im-Saal_-Foto-digiDEM-Bayern_Ilona-Hoerath-768x576.jpeg 768w, https:\/\/digidem-bayern.de\/wp-content\/uploads\/2023\/07\/31-2023_07_12_Video-im-Saal_-Foto-digiDEM-Bayern_Ilona-Hoerath-1536x1152.jpeg 1536w, https:\/\/digidem-bayern.de\/wp-content\/uploads\/2023\/07\/31-2023_07_12_Video-im-Saal_-Foto-digiDEM-Bayern_Ilona-Hoerath-2048x1536.jpeg 2048w, https:\/\/digidem-bayern.de\/wp-content\/uploads\/2023\/07\/31-2023_07_12_Video-im-Saal_-Foto-digiDEM-Bayern_Ilona-Hoerath-467x350.jpeg 467w, https:\/\/digidem-bayern.de\/wp-content\/uploads\/2023\/07\/31-2023_07_12_Video-im-Saal_-Foto-digiDEM-Bayern_Ilona-Hoerath-1320x990.jpeg 1320w, https:\/\/digidem-bayern.de\/wp-content\/uploads\/2023\/07\/31-2023_07_12_Video-im-Saal_-Foto-digiDEM-Bayern_Ilona-Hoerath.jpeg 1600w\" sizes=\"auto, (max-width: 1030px) 100vw, 1030px\" \/><\/figure><div class=\"wp-block-media-text__content\">\n<p>Der 2. Bayerische E-Health-Kongress stand unter dem Motto &#8222;Vom Reden zum Machen! Datengetriebene Innovationen f\u00fcr die Versorgung von heute&#8220;. Foto: digiDEM Bayern \/ Ilona H\u00f6rath<\/p>\n<\/div><\/div>\n\n\n\n<p><\/p>\n\n\n\n<div class=\"wp-block-media-text alignwide is-stacked-on-mobile\" style=\"grid-template-columns:37% auto\"><figure class=\"wp-block-media-text__media\"><img loading=\"lazy\" decoding=\"async\" width=\"1030\" height=\"773\" src=\"https:\/\/digidem-bayern.de\/wp-content\/uploads\/2023\/07\/01-2023_07_12_Klaus-Holetschek-am-Stand-von-digiDEM-Bayern_-Foto-digiDEM-Bayern_Ilona-Hoerath-1030x773.jpeg\" alt=\"digiDEM Bayern auf dem 2. Bayerischen E-Health-Kongress in Augsburg\" class=\"wp-image-29295 size-full\" srcset=\"https:\/\/digidem-bayern.de\/wp-content\/uploads\/2023\/07\/01-2023_07_12_Klaus-Holetschek-am-Stand-von-digiDEM-Bayern_-Foto-digiDEM-Bayern_Ilona-Hoerath-1030x773.jpeg 1030w, https:\/\/digidem-bayern.de\/wp-content\/uploads\/2023\/07\/01-2023_07_12_Klaus-Holetschek-am-Stand-von-digiDEM-Bayern_-Foto-digiDEM-Bayern_Ilona-Hoerath-300x225.jpeg 300w, https:\/\/digidem-bayern.de\/wp-content\/uploads\/2023\/07\/01-2023_07_12_Klaus-Holetschek-am-Stand-von-digiDEM-Bayern_-Foto-digiDEM-Bayern_Ilona-Hoerath-768x576.jpeg 768w, https:\/\/digidem-bayern.de\/wp-content\/uploads\/2023\/07\/01-2023_07_12_Klaus-Holetschek-am-Stand-von-digiDEM-Bayern_-Foto-digiDEM-Bayern_Ilona-Hoerath-1536x1152.jpeg 1536w, https:\/\/digidem-bayern.de\/wp-content\/uploads\/2023\/07\/01-2023_07_12_Klaus-Holetschek-am-Stand-von-digiDEM-Bayern_-Foto-digiDEM-Bayern_Ilona-Hoerath-2048x1536.jpeg 2048w, https:\/\/digidem-bayern.de\/wp-content\/uploads\/2023\/07\/01-2023_07_12_Klaus-Holetschek-am-Stand-von-digiDEM-Bayern_-Foto-digiDEM-Bayern_Ilona-Hoerath-467x350.jpeg 467w, https:\/\/digidem-bayern.de\/wp-content\/uploads\/2023\/07\/01-2023_07_12_Klaus-Holetschek-am-Stand-von-digiDEM-Bayern_-Foto-digiDEM-Bayern_Ilona-Hoerath-1320x990.jpeg 1320w, https:\/\/digidem-bayern.de\/wp-content\/uploads\/2023\/07\/01-2023_07_12_Klaus-Holetschek-am-Stand-von-digiDEM-Bayern_-Foto-digiDEM-Bayern_Ilona-Hoerath.jpeg 1600w\" sizes=\"auto, (max-width: 1030px) 100vw, 1030px\" \/><\/figure><div class=\"wp-block-media-text__content\">\n<p>Klaus Holetschek, Bayerischer Staatsminister f\u00fcr Gesundheit und Pflege, informiert sich an unserem Stand \u00fcber das neueste digitale Angebot von digiDEM Bayern. Foto: digiDEM Bayern \/ Ilona H\u00f6rath<\/p>\n<\/div><\/div>\n\n\n\n<p><\/p>\n\n\n\n<div class=\"wp-block-media-text alignwide is-stacked-on-mobile\" style=\"grid-template-columns:37% auto\"><figure class=\"wp-block-media-text__media\"><img loading=\"lazy\" decoding=\"async\" width=\"1030\" height=\"773\" src=\"https:\/\/digidem-bayern.de\/wp-content\/uploads\/2023\/07\/15-2023_07_12_Team-am-Stand_Foto-digiDEM-Bayern_Ilona-Hoerath-1030x773.jpeg\" alt=\"digiDEM Bayern auf dem 2. Bayerischen E-Health-Kongress in Augsburg\" class=\"wp-image-29301 size-full\" srcset=\"https:\/\/digidem-bayern.de\/wp-content\/uploads\/2023\/07\/15-2023_07_12_Team-am-Stand_Foto-digiDEM-Bayern_Ilona-Hoerath-1030x773.jpeg 1030w, https:\/\/digidem-bayern.de\/wp-content\/uploads\/2023\/07\/15-2023_07_12_Team-am-Stand_Foto-digiDEM-Bayern_Ilona-Hoerath-300x225.jpeg 300w, https:\/\/digidem-bayern.de\/wp-content\/uploads\/2023\/07\/15-2023_07_12_Team-am-Stand_Foto-digiDEM-Bayern_Ilona-Hoerath-768x576.jpeg 768w, https:\/\/digidem-bayern.de\/wp-content\/uploads\/2023\/07\/15-2023_07_12_Team-am-Stand_Foto-digiDEM-Bayern_Ilona-Hoerath-1536x1152.jpeg 1536w, https:\/\/digidem-bayern.de\/wp-content\/uploads\/2023\/07\/15-2023_07_12_Team-am-Stand_Foto-digiDEM-Bayern_Ilona-Hoerath-2048x1536.jpeg 2048w, https:\/\/digidem-bayern.de\/wp-content\/uploads\/2023\/07\/15-2023_07_12_Team-am-Stand_Foto-digiDEM-Bayern_Ilona-Hoerath-467x350.jpeg 467w, https:\/\/digidem-bayern.de\/wp-content\/uploads\/2023\/07\/15-2023_07_12_Team-am-Stand_Foto-digiDEM-Bayern_Ilona-Hoerath-1320x990.jpeg 1320w, https:\/\/digidem-bayern.de\/wp-content\/uploads\/2023\/07\/15-2023_07_12_Team-am-Stand_Foto-digiDEM-Bayern_Ilona-Hoerath.jpeg 1600w\" sizes=\"auto, (max-width: 1030px) 100vw, 1030px\" \/><\/figure><div class=\"wp-block-media-text__content\">\n<p>Gute Laune am digiDEM-Bayern-Stand: (v.l.) Nikolas Dietzel, Michael Zeiler, Jana R\u00fchl und Claudia Sedlak. Foto: digiDEM Bayern \/ Ilona H\u00f6rath<\/p>\n<\/div><\/div>\n\n\n\n<p><\/p>\n\n\n\n<div class=\"wp-block-media-text alignwide is-stacked-on-mobile\" style=\"grid-template-columns:37% auto\"><figure class=\"wp-block-media-text__media\"><img loading=\"lazy\" decoding=\"async\" width=\"1030\" height=\"773\" src=\"https:\/\/digidem-bayern.de\/wp-content\/uploads\/2023\/07\/21-2023_07_12_Menschen-am-Stand_Foto-digiDEM-Bayern_Ilona-Hoerath-1030x773.jpeg\" alt=\"digiDEM Bayern auf dem 2. Bayerischen E-Health-Kongress in Augsburg\" class=\"wp-image-29298 size-full\" srcset=\"https:\/\/digidem-bayern.de\/wp-content\/uploads\/2023\/07\/21-2023_07_12_Menschen-am-Stand_Foto-digiDEM-Bayern_Ilona-Hoerath-1030x773.jpeg 1030w, https:\/\/digidem-bayern.de\/wp-content\/uploads\/2023\/07\/21-2023_07_12_Menschen-am-Stand_Foto-digiDEM-Bayern_Ilona-Hoerath-300x225.jpeg 300w, https:\/\/digidem-bayern.de\/wp-content\/uploads\/2023\/07\/21-2023_07_12_Menschen-am-Stand_Foto-digiDEM-Bayern_Ilona-Hoerath-768x576.jpeg 768w, https:\/\/digidem-bayern.de\/wp-content\/uploads\/2023\/07\/21-2023_07_12_Menschen-am-Stand_Foto-digiDEM-Bayern_Ilona-Hoerath-1536x1152.jpeg 1536w, https:\/\/digidem-bayern.de\/wp-content\/uploads\/2023\/07\/21-2023_07_12_Menschen-am-Stand_Foto-digiDEM-Bayern_Ilona-Hoerath-2048x1536.jpeg 2048w, https:\/\/digidem-bayern.de\/wp-content\/uploads\/2023\/07\/21-2023_07_12_Menschen-am-Stand_Foto-digiDEM-Bayern_Ilona-Hoerath-467x350.jpeg 467w, https:\/\/digidem-bayern.de\/wp-content\/uploads\/2023\/07\/21-2023_07_12_Menschen-am-Stand_Foto-digiDEM-Bayern_Ilona-Hoerath-1320x990.jpeg 1320w, https:\/\/digidem-bayern.de\/wp-content\/uploads\/2023\/07\/21-2023_07_12_Menschen-am-Stand_Foto-digiDEM-Bayern_Ilona-Hoerath.jpeg 1600w\" sizes=\"auto, (max-width: 1030px) 100vw, 1030px\" \/><\/figure><div class=\"wp-block-media-text__content\">\n<p>Die Kongressbesucher*innen waren neugierig und stellten dem digiDEM Bayern-Team viele Fragen. Foto: digiDEM Bayern \/ Ilona H\u00f6rath<\/p>\n<\/div><\/div>\n\n\n\n<p><\/p>\n\n\n\n<div class=\"wp-block-media-text alignwide is-stacked-on-mobile\" style=\"grid-template-columns:37% auto\"><figure class=\"wp-block-media-text__media\"><img loading=\"lazy\" decoding=\"async\" width=\"1030\" height=\"773\" src=\"https:\/\/digidem-bayern.de\/wp-content\/uploads\/2023\/07\/27-2023-07-12_Mann-am-Stand_Foto-digiDEM-Bayern_Ilona-Hoerath-1030x773.jpeg\" alt=\"digiDEM Bayern auf dem 2. Bayerischen E-Health-Kongress in Augsburg\" class=\"wp-image-29300 size-full\" srcset=\"https:\/\/digidem-bayern.de\/wp-content\/uploads\/2023\/07\/27-2023-07-12_Mann-am-Stand_Foto-digiDEM-Bayern_Ilona-Hoerath-1030x773.jpeg 1030w, https:\/\/digidem-bayern.de\/wp-content\/uploads\/2023\/07\/27-2023-07-12_Mann-am-Stand_Foto-digiDEM-Bayern_Ilona-Hoerath-300x225.jpeg 300w, https:\/\/digidem-bayern.de\/wp-content\/uploads\/2023\/07\/27-2023-07-12_Mann-am-Stand_Foto-digiDEM-Bayern_Ilona-Hoerath-768x576.jpeg 768w, https:\/\/digidem-bayern.de\/wp-content\/uploads\/2023\/07\/27-2023-07-12_Mann-am-Stand_Foto-digiDEM-Bayern_Ilona-Hoerath-1536x1152.jpeg 1536w, https:\/\/digidem-bayern.de\/wp-content\/uploads\/2023\/07\/27-2023-07-12_Mann-am-Stand_Foto-digiDEM-Bayern_Ilona-Hoerath-2048x1536.jpeg 2048w, https:\/\/digidem-bayern.de\/wp-content\/uploads\/2023\/07\/27-2023-07-12_Mann-am-Stand_Foto-digiDEM-Bayern_Ilona-Hoerath-467x350.jpeg 467w, https:\/\/digidem-bayern.de\/wp-content\/uploads\/2023\/07\/27-2023-07-12_Mann-am-Stand_Foto-digiDEM-Bayern_Ilona-Hoerath-1320x990.jpeg 1320w, https:\/\/digidem-bayern.de\/wp-content\/uploads\/2023\/07\/27-2023-07-12_Mann-am-Stand_Foto-digiDEM-Bayern_Ilona-Hoerath.jpeg 1600w\" sizes=\"auto, (max-width: 1030px) 100vw, 1030px\" \/><\/figure><div class=\"wp-block-media-text__content\">\n<p>Ein Besucher sieht sich das Video \u00fcber den neuen digiDEM Bayern-Online-Fragebogen digiDEM Bayern DEMAND\u00ae an. Foto: digiDEM Bayern \/ Ilona H\u00f6rath<\/p>\n<\/div><\/div>\n\n\n\n<p><\/p>\n\n\n\n<div class=\"wp-block-media-text alignwide is-stacked-on-mobile\" style=\"grid-template-columns:37% auto\"><figure class=\"wp-block-media-text__media\"><img loading=\"lazy\" decoding=\"async\" width=\"1030\" height=\"773\" src=\"https:\/\/digidem-bayern.de\/wp-content\/uploads\/2023\/07\/26-2023_07_12_PKO_MdL-Bernhard-Seidenath_Foto-digiDEM-Bayern_Ilona-Hoerath-1030x773.jpeg\" alt=\"digiDEM Bayern auf dem 2. Bayerischen E-Health-Kongress in Augsburg\" class=\"wp-image-29299 size-full\" srcset=\"https:\/\/digidem-bayern.de\/wp-content\/uploads\/2023\/07\/26-2023_07_12_PKO_MdL-Bernhard-Seidenath_Foto-digiDEM-Bayern_Ilona-Hoerath-1030x773.jpeg 1030w, https:\/\/digidem-bayern.de\/wp-content\/uploads\/2023\/07\/26-2023_07_12_PKO_MdL-Bernhard-Seidenath_Foto-digiDEM-Bayern_Ilona-Hoerath-300x225.jpeg 300w, https:\/\/digidem-bayern.de\/wp-content\/uploads\/2023\/07\/26-2023_07_12_PKO_MdL-Bernhard-Seidenath_Foto-digiDEM-Bayern_Ilona-Hoerath-768x576.jpeg 768w, https:\/\/digidem-bayern.de\/wp-content\/uploads\/2023\/07\/26-2023_07_12_PKO_MdL-Bernhard-Seidenath_Foto-digiDEM-Bayern_Ilona-Hoerath-1536x1152.jpeg 1536w, https:\/\/digidem-bayern.de\/wp-content\/uploads\/2023\/07\/26-2023_07_12_PKO_MdL-Bernhard-Seidenath_Foto-digiDEM-Bayern_Ilona-Hoerath-2048x1536.jpeg 2048w, https:\/\/digidem-bayern.de\/wp-content\/uploads\/2023\/07\/26-2023_07_12_PKO_MdL-Bernhard-Seidenath_Foto-digiDEM-Bayern_Ilona-Hoerath-467x350.jpeg 467w, https:\/\/digidem-bayern.de\/wp-content\/uploads\/2023\/07\/26-2023_07_12_PKO_MdL-Bernhard-Seidenath_Foto-digiDEM-Bayern_Ilona-Hoerath-1320x990.jpeg 1320w, https:\/\/digidem-bayern.de\/wp-content\/uploads\/2023\/07\/26-2023_07_12_PKO_MdL-Bernhard-Seidenath_Foto-digiDEM-Bayern_Ilona-Hoerath.jpeg 1600w\" sizes=\"auto, (max-width: 1030px) 100vw, 1030px\" \/><\/figure><div class=\"wp-block-media-text__content\">\n<p>Zeit f\u00fcr den Austausch unter Fachexperten: digiDEM Bayern-Projektleiter Prof. Dr. Peter Kolominsky-Rabas (li.) und Bernhard Seidenath, Mitglied des Bayerischen Landtags. Foto: digiDEM Bayern \/ Ilona H\u00f6rath<\/p>\n<\/div><\/div>\n\n\n\n<p><\/p>\n\n\n\n<div class=\"wp-block-media-text alignwide is-stacked-on-mobile\" style=\"grid-template-columns:37% auto\"><figure class=\"wp-block-media-text__media\"><img loading=\"lazy\" decoding=\"async\" width=\"1030\" height=\"773\" src=\"https:\/\/digidem-bayern.de\/wp-content\/uploads\/2023\/07\/11-2023_07_12_Flying-Team-Lisa-Laininger-Florian-Weidner-Foto-digiDEM-Bayern_Ilona-Hoerath-1030x773.jpeg\" alt=\"digiDEM Bayern auf dem 2. Bayerischen E-Health-Kongress in Augsburg\" class=\"wp-image-29302 size-full\" srcset=\"https:\/\/digidem-bayern.de\/wp-content\/uploads\/2023\/07\/11-2023_07_12_Flying-Team-Lisa-Laininger-Florian-Weidner-Foto-digiDEM-Bayern_Ilona-Hoerath-1030x773.jpeg 1030w, https:\/\/digidem-bayern.de\/wp-content\/uploads\/2023\/07\/11-2023_07_12_Flying-Team-Lisa-Laininger-Florian-Weidner-Foto-digiDEM-Bayern_Ilona-Hoerath-300x225.jpeg 300w, https:\/\/digidem-bayern.de\/wp-content\/uploads\/2023\/07\/11-2023_07_12_Flying-Team-Lisa-Laininger-Florian-Weidner-Foto-digiDEM-Bayern_Ilona-Hoerath-768x576.jpeg 768w, https:\/\/digidem-bayern.de\/wp-content\/uploads\/2023\/07\/11-2023_07_12_Flying-Team-Lisa-Laininger-Florian-Weidner-Foto-digiDEM-Bayern_Ilona-Hoerath-1536x1152.jpeg 1536w, https:\/\/digidem-bayern.de\/wp-content\/uploads\/2023\/07\/11-2023_07_12_Flying-Team-Lisa-Laininger-Florian-Weidner-Foto-digiDEM-Bayern_Ilona-Hoerath-2048x1536.jpeg 2048w, https:\/\/digidem-bayern.de\/wp-content\/uploads\/2023\/07\/11-2023_07_12_Flying-Team-Lisa-Laininger-Florian-Weidner-Foto-digiDEM-Bayern_Ilona-Hoerath-467x350.jpeg 467w, https:\/\/digidem-bayern.de\/wp-content\/uploads\/2023\/07\/11-2023_07_12_Flying-Team-Lisa-Laininger-Florian-Weidner-Foto-digiDEM-Bayern_Ilona-Hoerath-1320x990.jpeg 1320w, https:\/\/digidem-bayern.de\/wp-content\/uploads\/2023\/07\/11-2023_07_12_Flying-Team-Lisa-Laininger-Florian-Weidner-Foto-digiDEM-Bayern_Ilona-Hoerath.jpeg 1600w\" sizes=\"auto, (max-width: 1030px) 100vw, 1030px\" \/><\/figure><div class=\"wp-block-media-text__content\">\n<p>Zwischenstopp nur f\u00fcrs Foto: Lisa Laininger und Florian Weidinger kamen mit vielen Besucher*innen ins Gespr\u00e4ch. Foto: digiDEM Bayern \/ Ilona H\u00f6rath<\/p>\n<\/div><\/div>\n\n\n\n<p><\/p>\n\n\n\n<div class=\"wp-block-media-text alignwide is-stacked-on-mobile\" style=\"grid-template-columns:37% auto\"><figure class=\"wp-block-media-text__media\"><img loading=\"lazy\" decoding=\"async\" width=\"1030\" height=\"773\" src=\"https:\/\/digidem-bayern.de\/wp-content\/uploads\/2023\/07\/20-2023_07_12_Marco-Wendel_Anna-Werner_Foto-digiDEM-Bayern_Ilona-Hoerathjpeg-1030x773.jpeg\" alt=\"digiDEM Bayern auf dem 2. Bayerischen E-Health-Kongress in Augsburg\" class=\"wp-image-29297 size-full\" srcset=\"https:\/\/digidem-bayern.de\/wp-content\/uploads\/2023\/07\/20-2023_07_12_Marco-Wendel_Anna-Werner_Foto-digiDEM-Bayern_Ilona-Hoerathjpeg-1030x773.jpeg 1030w, https:\/\/digidem-bayern.de\/wp-content\/uploads\/2023\/07\/20-2023_07_12_Marco-Wendel_Anna-Werner_Foto-digiDEM-Bayern_Ilona-Hoerathjpeg-300x225.jpeg 300w, https:\/\/digidem-bayern.de\/wp-content\/uploads\/2023\/07\/20-2023_07_12_Marco-Wendel_Anna-Werner_Foto-digiDEM-Bayern_Ilona-Hoerathjpeg-768x576.jpeg 768w, https:\/\/digidem-bayern.de\/wp-content\/uploads\/2023\/07\/20-2023_07_12_Marco-Wendel_Anna-Werner_Foto-digiDEM-Bayern_Ilona-Hoerathjpeg-1536x1152.jpeg 1536w, https:\/\/digidem-bayern.de\/wp-content\/uploads\/2023\/07\/20-2023_07_12_Marco-Wendel_Anna-Werner_Foto-digiDEM-Bayern_Ilona-Hoerathjpeg-2048x1536.jpeg 2048w, https:\/\/digidem-bayern.de\/wp-content\/uploads\/2023\/07\/20-2023_07_12_Marco-Wendel_Anna-Werner_Foto-digiDEM-Bayern_Ilona-Hoerathjpeg-467x350.jpeg 467w, https:\/\/digidem-bayern.de\/wp-content\/uploads\/2023\/07\/20-2023_07_12_Marco-Wendel_Anna-Werner_Foto-digiDEM-Bayern_Ilona-Hoerathjpeg-1320x990.jpeg 1320w, https:\/\/digidem-bayern.de\/wp-content\/uploads\/2023\/07\/20-2023_07_12_Marco-Wendel_Anna-Werner_Foto-digiDEM-Bayern_Ilona-Hoerathjpeg.jpeg 1600w\" sizes=\"auto, (max-width: 1030px) 100vw, 1030px\" \/><\/figure><div class=\"wp-block-media-text__content\">\n<p>Am Nachbarstand vertreten: Marco Wendel und Anna Werner, die gesch\u00e4ftsf\u00fchrenden Vorst\u00e4nde unseres Kooperationspartners Medical Valley EMN e.V. Foto: digiDEM Bayern \/ Ilona H\u00f6rath<\/p>\n<\/div><\/div>","protected":false},"excerpt":{"rendered":"<p>Auch auf dem 2. Bayerischen E-Health-Kongress in Augsburg war digiDEM Bayern als Beispiel f\u00fcr ein vom Bayerischen Staatsministerium f\u00fcr Gesundheit und Pflege gef\u00f6rdertes digitales Projekt vor Ort.&nbsp;Am digiDEM Bayern-Stand informierte sich&nbsp;Klaus Holetschek,&nbsp;Bayerischer Staatsminister f\u00fcr Gesundheit und Pflege, \u00fcber das neueste digitale Angebot, den Online-Fragebogen&nbsp;\u201edigiDEM Bayern DEMAND\u00ae\u201c. Der\u00a0zweite Bayerische E-Health-Kongress fand &hellip;<\/p>","protected":false},"author":12,"featured_media":29288,"comment_status":"open","ping_status":"closed","sticky":false,"template":"","format":"standard","meta":{"qubely_global_settings":"","qubely_interactions":"","_uag_custom_page_level_css":"","footnotes":""},"categories":[8],"tags":[13,12,696,810,14,17,55,420,807,808],"class_list":["post-29287","post","type-post","status-publish","format-standard","has-post-thumbnail","hentry","category-aktuelles-zu-digidem","tag-alzheimer","tag-demenz-2","tag-demenz-screeningtag","tag-demenzparcours","tag-digidem","tag-digidem-bayern","tag-digitales-demenzregister-bayern","tag-gedaechtnisleistung","tag-kognitive-einschraenkungen","tag-regensburg"],"qubely_featured_image_url":{"full":["https:\/\/digidem-bayern.de\/wp-content\/uploads\/2023\/07\/02-2023_07_12_01_Klaus-Holetschek-mit-digiDEM-Bayern-Team_-Foto-digiDEM-Bayern.jpeg",1600,1297,false],"landscape":["https:\/\/digidem-bayern.de\/wp-content\/uploads\/2023\/07\/02-2023_07_12_01_Klaus-Holetschek-mit-digiDEM-Bayern-Team_-Foto-digiDEM-Bayern-1200x750.jpeg",1200,750,true],"portraits":["https:\/\/digidem-bayern.de\/wp-content\/uploads\/2023\/07\/02-2023_07_12_01_Klaus-Holetschek-mit-digiDEM-Bayern-Team_-Foto-digiDEM-Bayern-540x320.jpeg",540,320,true],"thumbnail":["https:\/\/digidem-bayern.de\/wp-content\/uploads\/2023\/07\/02-2023_07_12_01_Klaus-Holetschek-mit-digiDEM-Bayern-Team_-Foto-digiDEM-Bayern-80x80.jpeg",80,80,true],"medium":["https:\/\/digidem-bayern.de\/wp-content\/uploads\/2023\/07\/02-2023_07_12_01_Klaus-Holetschek-mit-digiDEM-Bayern-Team_-Foto-digiDEM-Bayern-300x243.jpeg",300,243,true],"medium_large":["https:\/\/digidem-bayern.de\/wp-content\/uploads\/2023\/07\/02-2023_07_12_01_Klaus-Holetschek-mit-digiDEM-Bayern-Team_-Foto-digiDEM-Bayern-768x622.jpeg",768,622,true],"large":["https:\/\/digidem-bayern.de\/wp-content\/uploads\/2023\/07\/02-2023_07_12_01_Klaus-Holetschek-mit-digiDEM-Bayern-Team_-Foto-digiDEM-Bayern-1030x835.jpeg",1030,835,true],"1536x1536":["https:\/\/digidem-bayern.de\/wp-content\/uploads\/2023\/07\/02-2023_07_12_01_Klaus-Holetschek-mit-digiDEM-Bayern-Team_-Foto-digiDEM-Bayern-1536x1245.jpeg",1536,1245,true],"2048x2048":["https:\/\/digidem-bayern.de\/wp-content\/uploads\/2023\/07\/02-2023_07_12_01_Klaus-Holetschek-mit-digiDEM-Bayern-Team_-Foto-digiDEM-Bayern-2048x1660.jpeg",2048,1660,true],"trp-custom-language-flag":["https:\/\/digidem-bayern.de\/wp-content\/uploads\/2023\/07\/02-2023_07_12_01_Klaus-Holetschek-mit-digiDEM-Bayern-Team_-Foto-digiDEM-Bayern.jpeg",15,12,false],"qubely_landscape":["https:\/\/digidem-bayern.de\/wp-content\/uploads\/2023\/07\/02-2023_07_12_01_Klaus-Holetschek-mit-digiDEM-Bayern-Team_-Foto-digiDEM-Bayern-1200x750.jpeg",1200,750,true],"qubely_portrait":["https:\/\/digidem-bayern.de\/wp-content\/uploads\/2023\/07\/02-2023_07_12_01_Klaus-Holetschek-mit-digiDEM-Bayern-Team_-Foto-digiDEM-Bayern-540x320.jpeg",540,320,true],"qubely_thumbnail":["https:\/\/digidem-bayern.de\/wp-content\/uploads\/2023\/07\/02-2023_07_12_01_Klaus-Holetschek-mit-digiDEM-Bayern-Team_-Foto-digiDEM-Bayern-140x100.jpeg",140,100,true],"post-thumbnail":["https:\/\/digidem-bayern.de\/wp-content\/uploads\/2023\/07\/02-2023_07_12_01_Klaus-Holetschek-mit-digiDEM-Bayern-Team_-Foto-digiDEM-Bayern-432x350.jpeg",432,350,true],"kahuna-featured":["https:\/\/digidem-bayern.de\/wp-content\/uploads\/2023\/07\/02-2023_07_12_01_Klaus-Holetschek-mit-digiDEM-Bayern-Team_-Foto-digiDEM-Bayern-734x350.jpeg",734,350,true],"kahuna-featured-lp":["https:\/\/digidem-bayern.de\/wp-content\/uploads\/2023\/07\/02-2023_07_12_01_Klaus-Holetschek-mit-digiDEM-Bayern-Team_-Foto-digiDEM-Bayern-520x350.jpeg",520,350,true],"kahuna-featured-half":["https:\/\/digidem-bayern.de\/wp-content\/uploads\/2023\/07\/02-2023_07_12_01_Klaus-Holetschek-mit-digiDEM-Bayern-Team_-Foto-digiDEM-Bayern-800x350.jpeg",800,350,true],"kahuna-featured-third":["https:\/\/digidem-bayern.de\/wp-content\/uploads\/2023\/07\/02-2023_07_12_01_Klaus-Holetschek-mit-digiDEM-Bayern-Team_-Foto-digiDEM-Bayern-512x350.jpeg",512,350,true],"kahuna-lpbox-1":["https:\/\/digidem-bayern.de\/wp-content\/uploads\/2023\/07\/02-2023_07_12_01_Klaus-Holetschek-mit-digiDEM-Bayern-Team_-Foto-digiDEM-Bayern-520x300.jpeg",520,300,true],"kahuna-lpbox-2":["https:\/\/digidem-bayern.de\/wp-content\/uploads\/2023\/07\/02-2023_07_12_01_Klaus-Holetschek-mit-digiDEM-Bayern-Team_-Foto-digiDEM-Bayern-520x350.jpeg",520,350,true],"demand-language-flag":["https:\/\/digidem-bayern.de\/wp-content\/uploads\/2023\/07\/02-2023_07_12_01_Klaus-Holetschek-mit-digiDEM-Bayern-Team_-Foto-digiDEM-Bayern-36x36.jpeg",36,36,true],"dddkt-language-flag":["https:\/\/digidem-bayern.de\/wp-content\/uploads\/2023\/07\/02-2023_07_12_01_Klaus-Holetschek-mit-digiDEM-Bayern-Team_-Foto-digiDEM-Bayern-36x36.jpeg",36,36,true],"ddiqc-language-flag":["https:\/\/digidem-bayern.de\/wp-content\/uploads\/2023\/07\/02-2023_07_12_01_Klaus-Holetschek-mit-digiDEM-Bayern-Team_-Foto-digiDEM-Bayern-36x36.jpeg",36,36,true],"ddtl-language-flag":["https:\/\/digidem-bayern.de\/wp-content\/uploads\/2023\/07\/02-2023_07_12_01_Klaus-Holetschek-mit-digiDEM-Bayern-Team_-Foto-digiDEM-Bayern-36x36.jpeg",36,36,true],"mailpoet_newsletter_max":["https:\/\/digidem-bayern.de\/wp-content\/uploads\/2023\/07\/02-2023_07_12_01_Klaus-Holetschek-mit-digiDEM-Bayern-Team_-Foto-digiDEM-Bayern-1320x1070.jpeg",1320,1070,true],"kahuna-lpbox-3":["https:\/\/digidem-bayern.de\/wp-content\/uploads\/2023\/07\/02-2023_07_12_01_Klaus-Holetschek-mit-digiDEM-Bayern-Team_-Foto-digiDEM-Bayern-520x350.jpeg",520,350,true],"kahuna-featured-square":["https:\/\/digidem-bayern.de\/wp-content\/uploads\/2023\/07\/02-2023_07_12_01_Klaus-Holetschek-mit-digiDEM-Bayern-Team_-Foto-digiDEM-Bayern-512x512.jpeg",512,512,true],"kahuna-featured-square-large":["https:\/\/digidem-bayern.de\/wp-content\/uploads\/2023\/07\/02-2023_07_12_01_Klaus-Holetschek-mit-digiDEM-Bayern-Team_-Foto-digiDEM-Bayern-1024x1024.jpeg",1024,1024,true]},"qubely_author":{"display_name":"Ilona H\u00f6rath","author_link":"https:\/\/digidem-bayern.de\/en\/author\/hoeratia\/"},"qubely_comment":0,"qubely_category":"<a href=\"https:\/\/digidem-bayern.de\/en\/category\/aktuelles-zu-digidem\/\" rel=\"category tag\">Aktuelles zu digiDEM<\/a>","qubely_excerpt":"Auch auf dem 2. Bayerischen E-Health-Kongress in Augsburg war digiDEM Bayern als Beispiel f\u00fcr ein vom Bayerischen Staatsministerium f\u00fcr Gesundheit und Pflege gef\u00f6rdertes digitales Projekt vor Ort.&nbsp;Am digiDEM Bayern-Stand informierte sich&nbsp;Klaus Holetschek,&nbsp;Bayerischer Staatsminister f\u00fcr Gesundheit und Pflege, \u00fcber das neueste digitale Angebot, den Online-Fragebogen&nbsp;\u201edigiDEM Bayern DEMAND\u00ae\u201c. Der\u00a0zweite Bayerische E-Health-Kongress fand &hellip;","featured_image_urls_v2":{"full":["https:\/\/digidem-bayern.de\/wp-content\/uploads\/2023\/07\/02-2023_07_12_01_Klaus-Holetschek-mit-digiDEM-Bayern-Team_-Foto-digiDEM-Bayern.jpeg",1600,1297,false],"thumbnail":["https:\/\/digidem-bayern.de\/wp-content\/uploads\/2023\/07\/02-2023_07_12_01_Klaus-Holetschek-mit-digiDEM-Bayern-Team_-Foto-digiDEM-Bayern-80x80.jpeg",80,80,true],"medium":["https:\/\/digidem-bayern.de\/wp-content\/uploads\/2023\/07\/02-2023_07_12_01_Klaus-Holetschek-mit-digiDEM-Bayern-Team_-Foto-digiDEM-Bayern-300x243.jpeg",300,243,true],"medium_large":["https:\/\/digidem-bayern.de\/wp-content\/uploads\/2023\/07\/02-2023_07_12_01_Klaus-Holetschek-mit-digiDEM-Bayern-Team_-Foto-digiDEM-Bayern-768x622.jpeg",768,622,true],"large":["https:\/\/digidem-bayern.de\/wp-content\/uploads\/2023\/07\/02-2023_07_12_01_Klaus-Holetschek-mit-digiDEM-Bayern-Team_-Foto-digiDEM-Bayern-1030x835.jpeg",1030,835,true],"1536x1536":["https:\/\/digidem-bayern.de\/wp-content\/uploads\/2023\/07\/02-2023_07_12_01_Klaus-Holetschek-mit-digiDEM-Bayern-Team_-Foto-digiDEM-Bayern-1536x1245.jpeg",1536,1245,true],"2048x2048":["https:\/\/digidem-bayern.de\/wp-content\/uploads\/2023\/07\/02-2023_07_12_01_Klaus-Holetschek-mit-digiDEM-Bayern-Team_-Foto-digiDEM-Bayern-2048x1660.jpeg",2048,1660,true],"trp-custom-language-flag":["https:\/\/digidem-bayern.de\/wp-content\/uploads\/2023\/07\/02-2023_07_12_01_Klaus-Holetschek-mit-digiDEM-Bayern-Team_-Foto-digiDEM-Bayern.jpeg",15,12,false],"qubely_landscape":["https:\/\/digidem-bayern.de\/wp-content\/uploads\/2023\/07\/02-2023_07_12_01_Klaus-Holetschek-mit-digiDEM-Bayern-Team_-Foto-digiDEM-Bayern-1200x750.jpeg",1200,750,true],"qubely_portrait":["https:\/\/digidem-bayern.de\/wp-content\/uploads\/2023\/07\/02-2023_07_12_01_Klaus-Holetschek-mit-digiDEM-Bayern-Team_-Foto-digiDEM-Bayern-540x320.jpeg",540,320,true],"qubely_thumbnail":["https:\/\/digidem-bayern.de\/wp-content\/uploads\/2023\/07\/02-2023_07_12_01_Klaus-Holetschek-mit-digiDEM-Bayern-Team_-Foto-digiDEM-Bayern-140x100.jpeg",140,100,true],"post-thumbnail":["https:\/\/digidem-bayern.de\/wp-content\/uploads\/2023\/07\/02-2023_07_12_01_Klaus-Holetschek-mit-digiDEM-Bayern-Team_-Foto-digiDEM-Bayern-432x350.jpeg",432,350,true],"kahuna-featured":["https:\/\/digidem-bayern.de\/wp-content\/uploads\/2023\/07\/02-2023_07_12_01_Klaus-Holetschek-mit-digiDEM-Bayern-Team_-Foto-digiDEM-Bayern-734x350.jpeg",734,350,true],"kahuna-featured-lp":["https:\/\/digidem-bayern.de\/wp-content\/uploads\/2023\/07\/02-2023_07_12_01_Klaus-Holetschek-mit-digiDEM-Bayern-Team_-Foto-digiDEM-Bayern-520x350.jpeg",520,350,true],"kahuna-featured-half":["https:\/\/digidem-bayern.de\/wp-content\/uploads\/2023\/07\/02-2023_07_12_01_Klaus-Holetschek-mit-digiDEM-Bayern-Team_-Foto-digiDEM-Bayern-800x350.jpeg",800,350,true],"kahuna-featured-third":["https:\/\/digidem-bayern.de\/wp-content\/uploads\/2023\/07\/02-2023_07_12_01_Klaus-Holetschek-mit-digiDEM-Bayern-Team_-Foto-digiDEM-Bayern-512x350.jpeg",512,350,true],"kahuna-lpbox-1":["https:\/\/digidem-bayern.de\/wp-content\/uploads\/2023\/07\/02-2023_07_12_01_Klaus-Holetschek-mit-digiDEM-Bayern-Team_-Foto-digiDEM-Bayern-520x300.jpeg",520,300,true],"kahuna-lpbox-2":["https:\/\/digidem-bayern.de\/wp-content\/uploads\/2023\/07\/02-2023_07_12_01_Klaus-Holetschek-mit-digiDEM-Bayern-Team_-Foto-digiDEM-Bayern-520x350.jpeg",520,350,true],"demand-language-flag":["https:\/\/digidem-bayern.de\/wp-content\/uploads\/2023\/07\/02-2023_07_12_01_Klaus-Holetschek-mit-digiDEM-Bayern-Team_-Foto-digiDEM-Bayern-36x36.jpeg",36,36,true],"dddkt-language-flag":["https:\/\/digidem-bayern.de\/wp-content\/uploads\/2023\/07\/02-2023_07_12_01_Klaus-Holetschek-mit-digiDEM-Bayern-Team_-Foto-digiDEM-Bayern-36x36.jpeg",36,36,true],"ddiqc-language-flag":["https:\/\/digidem-bayern.de\/wp-content\/uploads\/2023\/07\/02-2023_07_12_01_Klaus-Holetschek-mit-digiDEM-Bayern-Team_-Foto-digiDEM-Bayern-36x36.jpeg",36,36,true],"ddtl-language-flag":["https:\/\/digidem-bayern.de\/wp-content\/uploads\/2023\/07\/02-2023_07_12_01_Klaus-Holetschek-mit-digiDEM-Bayern-Team_-Foto-digiDEM-Bayern-36x36.jpeg",36,36,true],"mailpoet_newsletter_max":["https:\/\/digidem-bayern.de\/wp-content\/uploads\/2023\/07\/02-2023_07_12_01_Klaus-Holetschek-mit-digiDEM-Bayern-Team_-Foto-digiDEM-Bayern-1320x1070.jpeg",1320,1070,true],"kahuna-lpbox-3":["https:\/\/digidem-bayern.de\/wp-content\/uploads\/2023\/07\/02-2023_07_12_01_Klaus-Holetschek-mit-digiDEM-Bayern-Team_-Foto-digiDEM-Bayern-520x350.jpeg",520,350,true],"kahuna-featured-square":["https:\/\/digidem-bayern.de\/wp-content\/uploads\/2023\/07\/02-2023_07_12_01_Klaus-Holetschek-mit-digiDEM-Bayern-Team_-Foto-digiDEM-Bayern-512x512.jpeg",512,512,true],"kahuna-featured-square-large":["https:\/\/digidem-bayern.de\/wp-content\/uploads\/2023\/07\/02-2023_07_12_01_Klaus-Holetschek-mit-digiDEM-Bayern-Team_-Foto-digiDEM-Bayern-1024x1024.jpeg",1024,1024,true]},"post_excerpt_stackable_v2":"<p>Auch auf dem 2. Bayerischen E-Health-Kongress in Augsburg war digiDEM Bayern als Beispiel f\u00fcr ein vom Bayerischen Staatsministerium f\u00fcr Gesundheit und Pflege gef\u00f6rdertes digitales Projekt vor Ort.&nbsp;Am digiDEM Bayern-Stand informierte sich&nbsp;Klaus Holetschek,&nbsp;Bayerischer Staatsminister f\u00fcr Gesundheit und Pflege, \u00fcber das neueste digitale Angebot, den Online-Fragebogen&nbsp;\u201edigiDEM Bayern DEMAND\u00ae\u201c. Gruppenfoto auf dem 2. Bayerischen E-Health-Kongress: der Bayerische Staatsminister f\u00fcr Gesundheit und Pflege, Klaus Holetschek (5. v. re.), digiDEM Bayern-Projektleiter Prof. Dr. Peter Kolominsky-Rabas (3. v. re.), Marco Wendel, Gesch\u00e4ftsf\u00fchrender Vorstand Medical Valley EMN e. V. (4. v. re.), der Erlanger Gesundheitsexperte Kurt H\u00f6ller (li.) und das digiDEM Bayern-Team. Der\u00a0zweite Bayerische E-Health-Kongress fand unter&hellip;<\/p>\n","category_list_v2":"<a href=\"https:\/\/digidem-bayern.de\/en\/category\/aktuelles-zu-digidem\/\" rel=\"category tag\">Aktuelles zu digiDEM<\/a>","author_info_v2":{"name":"Ilona H\u00f6rath","url":"https:\/\/digidem-bayern.de\/en\/author\/hoeratia\/"},"comments_num_v2":"0 comments","yoast_head":"<!-- This site is optimized with the Yoast SEO plugin v27.5 - https:\/\/yoast.com\/product\/yoast-seo-wordpress\/ -->\n<title>digiDEM Bayern auf\u00a0dem 2. Bayerischen E-Health-Kongress in Augsburg - digiDEM Bayern<\/title>\n<meta name=\"description\" content=\"Der Bayerische Landesapothekerkammer unterst\u00fctzt digiDEM Bayern mit Hilfe des Netzwerks &quot;Demenzfreundliche Apotheken&quot;.\" \/>\n<meta name=\"robots\" content=\"index, follow, max-snippet:-1, max-image-preview:large, max-video-preview:-1\" \/>\n<link rel=\"canonical\" href=\"https:\/\/digidem-bayern.de\/en\/digidem-bayern-auf-dem-2-bayerischen-e-health-kongress-in-augsburg\/\" \/>\n<meta property=\"og:locale\" content=\"en_US\" \/>\n<meta property=\"og:type\" content=\"article\" \/>\n<meta property=\"og:title\" content=\"digiDEM Bayern auf\u00a0dem 2. Bayerischen E-Health-Kongress in Augsburg - digiDEM Bayern\" \/>\n<meta property=\"og:description\" content=\"Der Bayerische Landesapothekerkammer unterst\u00fctzt digiDEM Bayern mit Hilfe des Netzwerks &quot;Demenzfreundliche Apotheken&quot;.\" \/>\n<meta property=\"og:url\" content=\"https:\/\/digidem-bayern.de\/en\/digidem-bayern-auf-dem-2-bayerischen-e-health-kongress-in-augsburg\/\" \/>\n<meta property=\"og:site_name\" content=\"digiDEM Bayern\" \/>\n<meta property=\"article:publisher\" content=\"https:\/\/www.facebook.com\/digiDEMBayern\/\" \/>\n<meta property=\"article:published_time\" content=\"2023-07-13T10:39:43+00:00\" \/>\n<meta property=\"article:modified_time\" content=\"2023-07-14T10:26:00+00:00\" \/>\n<meta property=\"og:image\" content=\"https:\/\/digidem-bayern.de\/wp-content\/uploads\/2023\/07\/02-2023_07_12_01_Klaus-Holetschek-mit-digiDEM-Bayern-Team_-Foto-digiDEM-Bayern-1030x835.jpeg\" \/>\n\t<meta property=\"og:image:width\" content=\"1030\" \/>\n\t<meta property=\"og:image:height\" content=\"835\" \/>\n\t<meta property=\"og:image:type\" content=\"image\/jpeg\" \/>\n<meta name=\"author\" content=\"Ilona H\u00f6rath\" \/>\n<meta name=\"twitter:label1\" content=\"Written by\" \/>\n\t<meta name=\"twitter:data1\" content=\"Ilona H\u00f6rath\" \/>\n\t<meta name=\"twitter:label2\" content=\"Est. reading time\" \/>\n\t<meta name=\"twitter:data2\" content=\"2 minutes\" \/>\n<script type=\"application\/ld+json\" class=\"yoast-schema-graph\">{\"@context\":\"https:\\\/\\\/schema.org\",\"@graph\":[{\"@type\":\"Article\",\"@id\":\"https:\\\/\\\/digidem-bayern.de\\\/digidem-bayern-auf-dem-2-bayerischen-e-health-kongress-in-augsburg\\\/#article\",\"isPartOf\":{\"@id\":\"https:\\\/\\\/digidem-bayern.de\\\/digidem-bayern-auf-dem-2-bayerischen-e-health-kongress-in-augsburg\\\/\"},\"author\":{\"name\":\"Ilona H\u00f6rath\",\"@id\":\"\\\/#\\\/schema\\\/person\\\/0bc1494f46fc2a051c761322a80e0941\"},\"headline\":\"digiDEM Bayern auf\u00a0dem 2. Bayerischen E-Health-Kongress in Augsburg\",\"datePublished\":\"2023-07-13T10:39:43+00:00\",\"dateModified\":\"2023-07-14T10:26:00+00:00\",\"mainEntityOfPage\":{\"@id\":\"https:\\\/\\\/digidem-bayern.de\\\/digidem-bayern-auf-dem-2-bayerischen-e-health-kongress-in-augsburg\\\/\"},\"wordCount\":492,\"commentCount\":0,\"publisher\":{\"@id\":\"\\\/#organization\"},\"image\":{\"@id\":\"https:\\\/\\\/digidem-bayern.de\\\/digidem-bayern-auf-dem-2-bayerischen-e-health-kongress-in-augsburg\\\/#primaryimage\"},\"thumbnailUrl\":\"https:\\\/\\\/digidem-bayern.de\\\/wp-content\\\/uploads\\\/2023\\\/07\\\/02-2023_07_12_01_Klaus-Holetschek-mit-digiDEM-Bayern-Team_-Foto-digiDEM-Bayern.jpeg\",\"keywords\":[\"Alzheimer\",\"Demenz\",\"Demenz-Screeningtag\",\"Demenzparcours\",\"digidem\",\"digidem Bayern\",\"Digitales Demenzregister Bayern\",\"Ged\u00e4chtnisleistung\",\"kognitive Einschr\u00e4nkungen\",\"Regensburg\"],\"articleSection\":[\"Aktuelles zu digiDEM\"],\"inLanguage\":\"en-US\",\"potentialAction\":[{\"@type\":\"CommentAction\",\"name\":\"Comment\",\"target\":[\"https:\\\/\\\/digidem-bayern.de\\\/digidem-bayern-auf-dem-2-bayerischen-e-health-kongress-in-augsburg\\\/#respond\"]}]},{\"@type\":\"WebPage\",\"@id\":\"https:\\\/\\\/digidem-bayern.de\\\/digidem-bayern-auf-dem-2-bayerischen-e-health-kongress-in-augsburg\\\/\",\"url\":\"https:\\\/\\\/digidem-bayern.de\\\/digidem-bayern-auf-dem-2-bayerischen-e-health-kongress-in-augsburg\\\/\",\"name\":\"digiDEM Bayern auf\u00a0dem 2. Bayerischen E-Health-Kongress in Augsburg - digiDEM Bayern\",\"isPartOf\":{\"@id\":\"\\\/#website\"},\"primaryImageOfPage\":{\"@id\":\"https:\\\/\\\/digidem-bayern.de\\\/digidem-bayern-auf-dem-2-bayerischen-e-health-kongress-in-augsburg\\\/#primaryimage\"},\"image\":{\"@id\":\"https:\\\/\\\/digidem-bayern.de\\\/digidem-bayern-auf-dem-2-bayerischen-e-health-kongress-in-augsburg\\\/#primaryimage\"},\"thumbnailUrl\":\"https:\\\/\\\/digidem-bayern.de\\\/wp-content\\\/uploads\\\/2023\\\/07\\\/02-2023_07_12_01_Klaus-Holetschek-mit-digiDEM-Bayern-Team_-Foto-digiDEM-Bayern.jpeg\",\"datePublished\":\"2023-07-13T10:39:43+00:00\",\"dateModified\":\"2023-07-14T10:26:00+00:00\",\"description\":\"Der Bayerische Landesapothekerkammer unterst\u00fctzt digiDEM Bayern mit Hilfe des Netzwerks \\\"Demenzfreundliche Apotheken\\\".\",\"breadcrumb\":{\"@id\":\"https:\\\/\\\/digidem-bayern.de\\\/digidem-bayern-auf-dem-2-bayerischen-e-health-kongress-in-augsburg\\\/#breadcrumb\"},\"inLanguage\":\"en-US\",\"potentialAction\":[{\"@type\":\"ReadAction\",\"target\":[\"https:\\\/\\\/digidem-bayern.de\\\/digidem-bayern-auf-dem-2-bayerischen-e-health-kongress-in-augsburg\\\/\"]}]},{\"@type\":\"ImageObject\",\"inLanguage\":\"en-US\",\"@id\":\"https:\\\/\\\/digidem-bayern.de\\\/digidem-bayern-auf-dem-2-bayerischen-e-health-kongress-in-augsburg\\\/#primaryimage\",\"url\":\"https:\\\/\\\/digidem-bayern.de\\\/wp-content\\\/uploads\\\/2023\\\/07\\\/02-2023_07_12_01_Klaus-Holetschek-mit-digiDEM-Bayern-Team_-Foto-digiDEM-Bayern.jpeg\",\"contentUrl\":\"https:\\\/\\\/digidem-bayern.de\\\/wp-content\\\/uploads\\\/2023\\\/07\\\/02-2023_07_12_01_Klaus-Holetschek-mit-digiDEM-Bayern-Team_-Foto-digiDEM-Bayern.jpeg\",\"width\":1600,\"height\":1297,\"caption\":\"Gruppenfoto auf dem 2. Bayerischen E-Health-Kongress: der Bayerische Staatsminister f\u00fcr Gesundheit und Pflege, Klaus Holetschek (5. v. re.), digiDEM Bayern-Projektleiter Prof. Dr. Peter-Kolominsky-Rabas (3. v. re.), Marco Wendel, Gesch\u00e4ftsf\u00fchrender Vorstand Medical Valley EMN e. V. (4. v. re.), der Erlanger Gesundheitsexperte Kurt H\u00f6ller (li.) und das digiDEM Bayern-Team.\"},{\"@type\":\"BreadcrumbList\",\"@id\":\"https:\\\/\\\/digidem-bayern.de\\\/digidem-bayern-auf-dem-2-bayerischen-e-health-kongress-in-augsburg\\\/#breadcrumb\",\"itemListElement\":[{\"@type\":\"ListItem\",\"position\":1,\"name\":\"Startseite\",\"item\":\"https:\\\/\\\/digidem-bayern.de\\\/\"},{\"@type\":\"ListItem\",\"position\":2,\"name\":\"digiDEM Bayern auf\u00a0dem 2. Bayerischen E-Health-Kongress in Augsburg\"}]},{\"@type\":\"WebSite\",\"@id\":\"\\\/#website\",\"url\":\"\\\/\",\"name\":\"digiDEM Bayern\",\"description\":\"Das digitale Demenzregister Bayern erforscht und verbessert die Angebotsstuktur f\u00fcr Menschen mit Demenz und deren Angeh\u00f6rige\",\"publisher\":{\"@id\":\"\\\/#organization\"},\"potentialAction\":[{\"@type\":\"SearchAction\",\"target\":{\"@type\":\"EntryPoint\",\"urlTemplate\":\"\\\/?s={search_term_string}\"},\"query-input\":{\"@type\":\"PropertyValueSpecification\",\"valueRequired\":true,\"valueName\":\"search_term_string\"}}],\"inLanguage\":\"en-US\"},{\"@type\":\"Organization\",\"@id\":\"\\\/#organization\",\"name\":\"digiDEM Bayern\",\"url\":\"\\\/\",\"logo\":{\"@type\":\"ImageObject\",\"inLanguage\":\"en-US\",\"@id\":\"\\\/#\\\/schema\\\/logo\\\/image\\\/\",\"url\":\"https:\\\/\\\/digidem-bayern.de\\\/wp-content\\\/uploads\\\/2022\\\/03\\\/cropped-Allgemeines_digiDEMLOGO-removebg-preview.png\",\"contentUrl\":\"https:\\\/\\\/digidem-bayern.de\\\/wp-content\\\/uploads\\\/2022\\\/03\\\/cropped-Allgemeines_digiDEMLOGO-removebg-preview.png\",\"width\":612,\"height\":357,\"caption\":\"digiDEM Bayern\"},\"image\":{\"@id\":\"\\\/#\\\/schema\\\/logo\\\/image\\\/\"},\"sameAs\":[\"https:\\\/\\\/www.facebook.com\\\/digiDEMBayern\\\/\",\"https:\\\/\\\/x.com\\\/digidem_bayern\",\"https:\\\/\\\/www.instagram.com\\\/digidem.bayern\",\"https:\\\/\\\/www.linkedin.com\\\/company\\\/digidem-bayern\\\/\"]},{\"@type\":\"Person\",\"@id\":\"\\\/#\\\/schema\\\/person\\\/0bc1494f46fc2a051c761322a80e0941\",\"name\":\"Ilona H\u00f6rath\",\"url\":\"https:\\\/\\\/digidem-bayern.de\\\/en\\\/author\\\/hoeratia\\\/\"}]}<\/script>\n<!-- \/ Yoast SEO plugin. -->","yoast_head_json":{"title":"digiDEM Bayern auf\u00a0dem 2. Bayerischen E-Health-Kongress in Augsburg - digiDEM Bayern","description":"Der Bayerische Landesapothekerkammer unterst\u00fctzt digiDEM Bayern mit Hilfe des Netzwerks \"Demenzfreundliche Apotheken\".","robots":{"index":"index","follow":"follow","max-snippet":"max-snippet:-1","max-image-preview":"max-image-preview:large","max-video-preview":"max-video-preview:-1"},"canonical":"https:\/\/digidem-bayern.de\/en\/digidem-bayern-auf-dem-2-bayerischen-e-health-kongress-in-augsburg\/","og_locale":"en_US","og_type":"article","og_title":"digiDEM Bayern auf\u00a0dem 2. Bayerischen E-Health-Kongress in Augsburg - digiDEM Bayern","og_description":"Der Bayerische Landesapothekerkammer unterst\u00fctzt digiDEM Bayern mit Hilfe des Netzwerks \"Demenzfreundliche Apotheken\".","og_url":"https:\/\/digidem-bayern.de\/en\/digidem-bayern-auf-dem-2-bayerischen-e-health-kongress-in-augsburg\/","og_site_name":"digiDEM Bayern","article_publisher":"https:\/\/www.facebook.com\/digiDEMBayern\/","article_published_time":"2023-07-13T10:39:43+00:00","article_modified_time":"2023-07-14T10:26:00+00:00","og_image":[{"width":1030,"height":835,"url":"https:\/\/digidem-bayern.de\/wp-content\/uploads\/2023\/07\/02-2023_07_12_01_Klaus-Holetschek-mit-digiDEM-Bayern-Team_-Foto-digiDEM-Bayern-1030x835.jpeg","type":"image\/jpeg"}],"author":"Ilona H\u00f6rath","twitter_misc":{"Written by":"Ilona H\u00f6rath","Est. reading time":"2 minutes"},"schema":{"@context":"https:\/\/schema.org","@graph":[{"@type":"Article","@id":"https:\/\/digidem-bayern.de\/digidem-bayern-auf-dem-2-bayerischen-e-health-kongress-in-augsburg\/#article","isPartOf":{"@id":"https:\/\/digidem-bayern.de\/digidem-bayern-auf-dem-2-bayerischen-e-health-kongress-in-augsburg\/"},"author":{"name":"Ilona H\u00f6rath","@id":"\/#\/schema\/person\/0bc1494f46fc2a051c761322a80e0941"},"headline":"digiDEM Bayern auf\u00a0dem 2. Bayerischen E-Health-Kongress in Augsburg","datePublished":"2023-07-13T10:39:43+00:00","dateModified":"2023-07-14T10:26:00+00:00","mainEntityOfPage":{"@id":"https:\/\/digidem-bayern.de\/digidem-bayern-auf-dem-2-bayerischen-e-health-kongress-in-augsburg\/"},"wordCount":492,"commentCount":0,"publisher":{"@id":"\/#organization"},"image":{"@id":"https:\/\/digidem-bayern.de\/digidem-bayern-auf-dem-2-bayerischen-e-health-kongress-in-augsburg\/#primaryimage"},"thumbnailUrl":"https:\/\/digidem-bayern.de\/wp-content\/uploads\/2023\/07\/02-2023_07_12_01_Klaus-Holetschek-mit-digiDEM-Bayern-Team_-Foto-digiDEM-Bayern.jpeg","keywords":["Alzheimer","Demenz","Demenz-Screeningtag","Demenzparcours","digidem","digidem Bayern","Digitales Demenzregister Bayern","Ged\u00e4chtnisleistung","kognitive Einschr\u00e4nkungen","Regensburg"],"articleSection":["Aktuelles zu digiDEM"],"inLanguage":"en-US","potentialAction":[{"@type":"CommentAction","name":"Comment","target":["https:\/\/digidem-bayern.de\/digidem-bayern-auf-dem-2-bayerischen-e-health-kongress-in-augsburg\/#respond"]}]},{"@type":"WebPage","@id":"https:\/\/digidem-bayern.de\/digidem-bayern-auf-dem-2-bayerischen-e-health-kongress-in-augsburg\/","url":"https:\/\/digidem-bayern.de\/digidem-bayern-auf-dem-2-bayerischen-e-health-kongress-in-augsburg\/","name":"digiDEM Bayern auf\u00a0dem 2. Bayerischen E-Health-Kongress in Augsburg - digiDEM Bayern","isPartOf":{"@id":"\/#website"},"primaryImageOfPage":{"@id":"https:\/\/digidem-bayern.de\/digidem-bayern-auf-dem-2-bayerischen-e-health-kongress-in-augsburg\/#primaryimage"},"image":{"@id":"https:\/\/digidem-bayern.de\/digidem-bayern-auf-dem-2-bayerischen-e-health-kongress-in-augsburg\/#primaryimage"},"thumbnailUrl":"https:\/\/digidem-bayern.de\/wp-content\/uploads\/2023\/07\/02-2023_07_12_01_Klaus-Holetschek-mit-digiDEM-Bayern-Team_-Foto-digiDEM-Bayern.jpeg","datePublished":"2023-07-13T10:39:43+00:00","dateModified":"2023-07-14T10:26:00+00:00","description":"Der Bayerische Landesapothekerkammer unterst\u00fctzt digiDEM Bayern mit Hilfe des Netzwerks \"Demenzfreundliche Apotheken\".","breadcrumb":{"@id":"https:\/\/digidem-bayern.de\/digidem-bayern-auf-dem-2-bayerischen-e-health-kongress-in-augsburg\/#breadcrumb"},"inLanguage":"en-US","potentialAction":[{"@type":"ReadAction","target":["https:\/\/digidem-bayern.de\/digidem-bayern-auf-dem-2-bayerischen-e-health-kongress-in-augsburg\/"]}]},{"@type":"ImageObject","inLanguage":"en-US","@id":"https:\/\/digidem-bayern.de\/digidem-bayern-auf-dem-2-bayerischen-e-health-kongress-in-augsburg\/#primaryimage","url":"https:\/\/digidem-bayern.de\/wp-content\/uploads\/2023\/07\/02-2023_07_12_01_Klaus-Holetschek-mit-digiDEM-Bayern-Team_-Foto-digiDEM-Bayern.jpeg","contentUrl":"https:\/\/digidem-bayern.de\/wp-content\/uploads\/2023\/07\/02-2023_07_12_01_Klaus-Holetschek-mit-digiDEM-Bayern-Team_-Foto-digiDEM-Bayern.jpeg","width":1600,"height":1297,"caption":"Gruppenfoto auf dem 2. Bayerischen E-Health-Kongress: der Bayerische Staatsminister f\u00fcr Gesundheit und Pflege, Klaus Holetschek (5. v. re.), digiDEM Bayern-Projektleiter Prof. Dr. Peter-Kolominsky-Rabas (3. v. re.), Marco Wendel, Gesch\u00e4ftsf\u00fchrender Vorstand Medical Valley EMN e. V. (4. v. re.), der Erlanger Gesundheitsexperte Kurt H\u00f6ller (li.) und das digiDEM Bayern-Team."},{"@type":"BreadcrumbList","@id":"https:\/\/digidem-bayern.de\/digidem-bayern-auf-dem-2-bayerischen-e-health-kongress-in-augsburg\/#breadcrumb","itemListElement":[{"@type":"ListItem","position":1,"name":"Startseite","item":"https:\/\/digidem-bayern.de\/"},{"@type":"ListItem","position":2,"name":"digiDEM Bayern auf\u00a0dem 2. Bayerischen E-Health-Kongress in Augsburg"}]},{"@type":"WebSite","@id":"\/#website","url":"\/","name":"digiDEM Bavaria","description":"The digital dementia register in Bavaria researches and improves the structure of services for people with dementia and their relatives","publisher":{"@id":"\/#organization"},"potentialAction":[{"@type":"SearchAction","target":{"@type":"EntryPoint","urlTemplate":"\/?s={search_term_string}"},"query-input":{"@type":"PropertyValueSpecification","valueRequired":true,"valueName":"search_term_string"}}],"inLanguage":"en-US"},{"@type":"Organization","@id":"\/#organization","name":"digiDEM Bavaria","url":"\/","logo":{"@type":"ImageObject","inLanguage":"en-US","@id":"\/#\/schema\/logo\/image\/","url":"https:\/\/digidem-bayern.de\/wp-content\/uploads\/2022\/03\/cropped-Allgemeines_digiDEMLOGO-removebg-preview.png","contentUrl":"https:\/\/digidem-bayern.de\/wp-content\/uploads\/2022\/03\/cropped-Allgemeines_digiDEMLOGO-removebg-preview.png","width":612,"height":357,"caption":"digiDEM Bayern"},"image":{"@id":"\/#\/schema\/logo\/image\/"},"sameAs":["https:\/\/www.facebook.com\/digiDEMBayern\/","https:\/\/x.com\/digidem_bayern","https:\/\/www.instagram.com\/digidem.bayern","https:\/\/www.linkedin.com\/company\/digidem-bayern\/"]},{"@type":"Person","@id":"\/#\/schema\/person\/0bc1494f46fc2a051c761322a80e0941","name":"Ilona H\u00f6rath","url":"https:\/\/digidem-bayern.de\/en\/author\/hoeratia\/"}]}},"uagb_featured_image_src":{"full":["https:\/\/digidem-bayern.de\/wp-content\/uploads\/2023\/07\/02-2023_07_12_01_Klaus-Holetschek-mit-digiDEM-Bayern-Team_-Foto-digiDEM-Bayern.jpeg",1600,1297,false],"thumbnail":["https:\/\/digidem-bayern.de\/wp-content\/uploads\/2023\/07\/02-2023_07_12_01_Klaus-Holetschek-mit-digiDEM-Bayern-Team_-Foto-digiDEM-Bayern-80x80.jpeg",80,80,true],"medium":["https:\/\/digidem-bayern.de\/wp-content\/uploads\/2023\/07\/02-2023_07_12_01_Klaus-Holetschek-mit-digiDEM-Bayern-Team_-Foto-digiDEM-Bayern-300x243.jpeg",300,243,true],"medium_large":["https:\/\/digidem-bayern.de\/wp-content\/uploads\/2023\/07\/02-2023_07_12_01_Klaus-Holetschek-mit-digiDEM-Bayern-Team_-Foto-digiDEM-Bayern-768x622.jpeg",768,622,true],"large":["https:\/\/digidem-bayern.de\/wp-content\/uploads\/2023\/07\/02-2023_07_12_01_Klaus-Holetschek-mit-digiDEM-Bayern-Team_-Foto-digiDEM-Bayern-1030x835.jpeg",1030,835,true],"1536x1536":["https:\/\/digidem-bayern.de\/wp-content\/uploads\/2023\/07\/02-2023_07_12_01_Klaus-Holetschek-mit-digiDEM-Bayern-Team_-Foto-digiDEM-Bayern-1536x1245.jpeg",1536,1245,true],"2048x2048":["https:\/\/digidem-bayern.de\/wp-content\/uploads\/2023\/07\/02-2023_07_12_01_Klaus-Holetschek-mit-digiDEM-Bayern-Team_-Foto-digiDEM-Bayern-2048x1660.jpeg",2048,1660,true],"trp-custom-language-flag":["https:\/\/digidem-bayern.de\/wp-content\/uploads\/2023\/07\/02-2023_07_12_01_Klaus-Holetschek-mit-digiDEM-Bayern-Team_-Foto-digiDEM-Bayern.jpeg",15,12,false],"qubely_landscape":["https:\/\/digidem-bayern.de\/wp-content\/uploads\/2023\/07\/02-2023_07_12_01_Klaus-Holetschek-mit-digiDEM-Bayern-Team_-Foto-digiDEM-Bayern-1200x750.jpeg",1200,750,true],"qubely_portrait":["https:\/\/digidem-bayern.de\/wp-content\/uploads\/2023\/07\/02-2023_07_12_01_Klaus-Holetschek-mit-digiDEM-Bayern-Team_-Foto-digiDEM-Bayern-540x320.jpeg",540,320,true],"qubely_thumbnail":["https:\/\/digidem-bayern.de\/wp-content\/uploads\/2023\/07\/02-2023_07_12_01_Klaus-Holetschek-mit-digiDEM-Bayern-Team_-Foto-digiDEM-Bayern-140x100.jpeg",140,100,true],"post-thumbnail":["https:\/\/digidem-bayern.de\/wp-content\/uploads\/2023\/07\/02-2023_07_12_01_Klaus-Holetschek-mit-digiDEM-Bayern-Team_-Foto-digiDEM-Bayern-432x350.jpeg",432,350,true],"kahuna-featured":["https:\/\/digidem-bayern.de\/wp-content\/uploads\/2023\/07\/02-2023_07_12_01_Klaus-Holetschek-mit-digiDEM-Bayern-Team_-Foto-digiDEM-Bayern-734x350.jpeg",734,350,true],"kahuna-featured-lp":["https:\/\/digidem-bayern.de\/wp-content\/uploads\/2023\/07\/02-2023_07_12_01_Klaus-Holetschek-mit-digiDEM-Bayern-Team_-Foto-digiDEM-Bayern-520x350.jpeg",520,350,true],"kahuna-featured-half":["https:\/\/digidem-bayern.de\/wp-content\/uploads\/2023\/07\/02-2023_07_12_01_Klaus-Holetschek-mit-digiDEM-Bayern-Team_-Foto-digiDEM-Bayern-800x350.jpeg",800,350,true],"kahuna-featured-third":["https:\/\/digidem-bayern.de\/wp-content\/uploads\/2023\/07\/02-2023_07_12_01_Klaus-Holetschek-mit-digiDEM-Bayern-Team_-Foto-digiDEM-Bayern-512x350.jpeg",512,350,true],"kahuna-lpbox-1":["https:\/\/digidem-bayern.de\/wp-content\/uploads\/2023\/07\/02-2023_07_12_01_Klaus-Holetschek-mit-digiDEM-Bayern-Team_-Foto-digiDEM-Bayern-520x300.jpeg",520,300,true],"kahuna-lpbox-2":["https:\/\/digidem-bayern.de\/wp-content\/uploads\/2023\/07\/02-2023_07_12_01_Klaus-Holetschek-mit-digiDEM-Bayern-Team_-Foto-digiDEM-Bayern-520x350.jpeg",520,350,true],"demand-language-flag":["https:\/\/digidem-bayern.de\/wp-content\/uploads\/2023\/07\/02-2023_07_12_01_Klaus-Holetschek-mit-digiDEM-Bayern-Team_-Foto-digiDEM-Bayern-36x36.jpeg",36,36,true],"dddkt-language-flag":["https:\/\/digidem-bayern.de\/wp-content\/uploads\/2023\/07\/02-2023_07_12_01_Klaus-Holetschek-mit-digiDEM-Bayern-Team_-Foto-digiDEM-Bayern-36x36.jpeg",36,36,true],"ddiqc-language-flag":["https:\/\/digidem-bayern.de\/wp-content\/uploads\/2023\/07\/02-2023_07_12_01_Klaus-Holetschek-mit-digiDEM-Bayern-Team_-Foto-digiDEM-Bayern-36x36.jpeg",36,36,true],"ddtl-language-flag":["https:\/\/digidem-bayern.de\/wp-content\/uploads\/2023\/07\/02-2023_07_12_01_Klaus-Holetschek-mit-digiDEM-Bayern-Team_-Foto-digiDEM-Bayern-36x36.jpeg",36,36,true],"mailpoet_newsletter_max":["https:\/\/digidem-bayern.de\/wp-content\/uploads\/2023\/07\/02-2023_07_12_01_Klaus-Holetschek-mit-digiDEM-Bayern-Team_-Foto-digiDEM-Bayern-1320x1070.jpeg",1320,1070,true],"kahuna-lpbox-3":["https:\/\/digidem-bayern.de\/wp-content\/uploads\/2023\/07\/02-2023_07_12_01_Klaus-Holetschek-mit-digiDEM-Bayern-Team_-Foto-digiDEM-Bayern-520x350.jpeg",520,350,true],"kahuna-featured-square":["https:\/\/digidem-bayern.de\/wp-content\/uploads\/2023\/07\/02-2023_07_12_01_Klaus-Holetschek-mit-digiDEM-Bayern-Team_-Foto-digiDEM-Bayern-512x512.jpeg",512,512,true],"kahuna-featured-square-large":["https:\/\/digidem-bayern.de\/wp-content\/uploads\/2023\/07\/02-2023_07_12_01_Klaus-Holetschek-mit-digiDEM-Bayern-Team_-Foto-digiDEM-Bayern-1024x1024.jpeg",1024,1024,true]},"uagb_author_info":{"display_name":"Ilona H\u00f6rath","author_link":"https:\/\/digidem-bayern.de\/en\/author\/hoeratia\/"},"uagb_comment_info":0,"uagb_excerpt":"Auch auf dem 2. Bayerischen E-Health-Kongress in Augsburg war digiDEM Bayern als Beispiel f\u00fcr ein vom Bayerischen Staatsministerium f\u00fcr Gesundheit und Pflege gef\u00f6rdertes digitales Projekt vor Ort.&nbsp;Am digiDEM Bayern-Stand informierte sich&nbsp;Klaus Holetschek,&nbsp;Bayerischer Staatsminister f\u00fcr Gesundheit und Pflege, \u00fcber das neueste digitale Angebot, den Online-Fragebogen&nbsp;\u201edigiDEM Bayern DEMAND\u00ae\u201c. Der\u00a0zweite Bayerische E-Health-Kongress fand &hellip;","_links":{"self":[{"href":"https:\/\/digidem-bayern.de\/en\/wp-json\/wp\/v2\/posts\/29287","targetHints":{"allow":["GET"]}}],"collection":[{"href":"https:\/\/digidem-bayern.de\/en\/wp-json\/wp\/v2\/posts"}],"about":[{"href":"https:\/\/digidem-bayern.de\/en\/wp-json\/wp\/v2\/types\/post"}],"author":[{"embeddable":true,"href":"https:\/\/digidem-bayern.de\/en\/wp-json\/wp\/v2\/users\/12"}],"replies":[{"embeddable":true,"href":"https:\/\/digidem-bayern.de\/en\/wp-json\/wp\/v2\/comments?post=29287"}],"version-history":[{"count":9,"href":"https:\/\/digidem-bayern.de\/en\/wp-json\/wp\/v2\/posts\/29287\/revisions"}],"predecessor-version":[{"id":29331,"href":"https:\/\/digidem-bayern.de\/en\/wp-json\/wp\/v2\/posts\/29287\/revisions\/29331"}],"wp:featuredmedia":[{"embeddable":true,"href":"https:\/\/digidem-bayern.de\/en\/wp-json\/wp\/v2\/media\/29288"}],"wp:attachment":[{"href":"https:\/\/digidem-bayern.de\/en\/wp-json\/wp\/v2\/media?parent=29287"}],"wp:term":[{"taxonomy":"category","embeddable":true,"href":"https:\/\/digidem-bayern.de\/en\/wp-json\/wp\/v2\/categories?post=29287"},{"taxonomy":"post_tag","embeddable":true,"href":"https:\/\/digidem-bayern.de\/en\/wp-json\/wp\/v2\/tags?post=29287"}],"curies":[{"name":"wp","href":"https:\/\/api.w.org\/{rel}","templated":true}]}}