{"id":29094,"date":"2023-07-04T11:35:56","date_gmt":"2023-07-04T09:35:56","guid":{"rendered":"https:\/\/digidem-bayern.de\/?p=29094"},"modified":"2023-07-13T08:20:14","modified_gmt":"2023-07-13T06:20:14","slug":"webinar-digitale-biografiearbeit-bei-menschen-mit-demenz","status":"publish","type":"post","link":"https:\/\/digidem-bayern.de\/en\/webinar-digitale-biografiearbeit-bei-menschen-mit-demenz\/","title":{"rendered":"Webinar: Digitale Biografiearbeit bei Menschen mit Demenz"},"content":{"rendered":"<p>Eine Demenzerkrankung bedeutet f\u00fcr Betroffene, nach und nach Erinnerungen an das eigene Leben zu verlieren. Zuerst vergessen Betroffene aktuelle Situationen, doch mit Fortschreiten der Erkrankung erl\u00f6schen auch die Erinnerungen an Bilder und Ereignisse der eigenen Vergangenheit. Diese Verluste k\u00f6nnen die Wahrnehmung des eigenen Selbstbilds ver\u00e4ndern.<\/p>\n\n\n\n<p>Damit sich Menschen mit Demenz wieder an bedeutende Lebensereignisse erinnern k\u00f6nnen, ben\u00f6tigen sie oftmals Unterst\u00fctzung. Sie brauchen Zuh\u00f6rende, die sich mit deren Lebensgeschichte und Identit\u00e4t befassen und versuchen, diese wieder in das Ged\u00e4chtnis zu rufen. Menschen mit Demenz k\u00f6nnen bei dieser Spurensuche Sicherheit, Selbstachtung, Freude und Wohlbefinden empfinden. Doch hier stellt sich die Frage: Wie k\u00f6nnen Angeh\u00f6rige oder auch fremde Personen die Lebensgeschichten der Betroffenen nachempfinden, wenn nur noch Fragmente, manchmal zusammenhangslos, erinnert und ge\u00e4u\u00dfert werden k\u00f6nnen? Eine M\u00f6glichkeit stellt der Einsatz von digitalen Anwendungen dar, beispielsweise mit Hilfe von Tablets Lebensereignisse gemeinsam online zu recherchieren und visuell darzustellen.<\/p>\n\n\n\n<p>Im kommenden Webinar wird Petra Dlugosch ihre wissenschaftliche Arbeit zu digitaler Biografiearbeit bei Menschen mit Demenz pr\u00e4sentieren. Als Gerontologin M.Sc. und Dipl.-Sozialp\u00e4dagogin ist Petra Dlugosch seit vielen Jahren im Bereich der Demenzversorgung t\u00e4tig. Unter anderem hat sie die Fachstelle f\u00fcr pflegende Angeh\u00f6rige mit Demenz-Servicestelle Kitzingen in Unterfranken aufgebaut und geleitet. Im kommenden Webinar wird sie die Ergebnisse ihrer wissenschaftlichen Arbeit und verschiedene Umsetzungsm\u00f6glichkeiten f\u00fcr die Praxis vorstellen.<\/p>\n\n\n\n<p> <\/p>\n\n\n\n<p><\/p>\n\n\n\n<h2 class=\"wp-block-heading has-text-align-center\" id=\"2---mittwoch-03062020-1100-1130-uhr--\"><strong><strong>Dienstag, 11.07.2023, 11.00 &#8211; 11.45 Uhr<\/strong><\/strong><\/h2>\n\n\n\n<p><\/p>\n\n\n\n<div class=\"wp-block-qubely-button qubely-block-3bdfec\"><div class=\"qubely-block-btn-wrapper\"><div class=\"qubely-block-btn\"><a class=\"qubely-block-btn-anchor is-large\" href=\"https:\/\/attendee.gotowebinar.com\/register\/2387516264681263965\">\u00a0Melden Sie sich hier an<\/a><\/div><\/div><\/div>\n\n\n\n<div class=\"wp-block-stackable-columns stk-block-columns stk-block stk-1abb464\" data-block-id=\"1abb464\"><div class=\"stk-row stk-inner-blocks stk-block-content stk-content-align stk-1abb464-column\">\n<div class=\"wp-block-stackable-column stk-block-column stk-column stk-block stk-38a7c84\" data-block-id=\"38a7c84\"><div class=\"stk-column-wrapper stk-block-column__content stk-container stk-38a7c84-container stk--no-background stk--no-padding\"><div class=\"stk-block-content stk-inner-blocks\">\n<div class=\"wp-block-uagb-team uagb-team__image-position-above uagb-team__align-center uagb-team__stack-tablet uagb-block-3cf16ce1\"><div class=\"uagb-team__content\"><img decoding=\"async\" class=\"uagb-team__image-crop-circle\" src=\"https:\/\/digidem-bayern.de\/wp-content\/uploads\/2022\/11\/JRUe_NEU_Quadrat.jpg\" alt=\"\" height=\"120\" width=\"120\" loading=\"lazy\"\/><h3 class=\"uagb-team__title\">Jana R\u00fchl<\/h3><span class=\"uagb-team__prefix\">Wissenschaftliche Mitarbeiterin M.Sc.<\/span><p class=\"uagb-team__desc\">Moderation<\/p><\/div><\/div>\n<\/div><\/div><\/div>\n\n\n\n<div class=\"wp-block-stackable-column stk-block-column stk-column stk-block stk-3aae72b\" data-block-id=\"3aae72b\"><div class=\"stk-column-wrapper stk-block-column__content stk-container stk-3aae72b-container stk--no-background stk--no-padding\"><div class=\"stk-block-content stk-inner-blocks\">\n<div class=\"wp-block-uagb-team uagb-team__image-position-above uagb-team__align-center uagb-team__stack-tablet uagb-block-23a79212\"><div class=\"uagb-team__content\"><img decoding=\"async\" class=\"uagb-team__image-crop-circle\" src=\"https:\/\/digidem-bayern.de\/wp-content\/uploads\/2022\/11\/AKE_NEU_Qudarat.jpg\" alt=\"\" height=\"120\" width=\"120\" loading=\"lazy\"\/><h3 class=\"uagb-team__title\">Anne Keefer<\/h3><span class=\"uagb-team__prefix\">Wissenschaftliche Mitarbeiterin M.Sc.<\/span><p class=\"uagb-team__desc\">Chatroom und Betreuung<\/p><\/div><\/div>\n<\/div><\/div><\/div>\n<\/div><\/div>","protected":false},"excerpt":{"rendered":"<p>Eine Demenzerkrankung bedeutet f\u00fcr Betroffene, nach und nach Erinnerungen an das eigene Leben zu verlieren. Zuerst vergessen Betroffene aktuelle Situationen, doch mit Fortschreiten der Erkrankung erl\u00f6schen auch die Erinnerungen an Bilder und Ereignisse der eigenen Vergangenheit. Diese Verluste k\u00f6nnen die Wahrnehmung des eigenen Selbstbilds ver\u00e4ndern. Damit sich Menschen mit Demenz &hellip;<\/p>","protected":false},"author":12,"featured_media":29110,"comment_status":"open","ping_status":"closed","sticky":true,"template":"","format":"standard","meta":{"qubely_global_settings":"true","qubely_interactions":"","_uag_custom_page_level_css":"","footnotes":""},"categories":[350],"tags":[13,798,12,14,17,55,800,419,801,802,799,94,449],"class_list":["post-29094","post","type-post","status-publish","format-standard","has-post-thumbnail","hentry","category-kommendes-webinar","tag-alzheimer","tag-biografiearbeit","tag-demenz-2","tag-digidem","tag-digidem-bayern","tag-digitales-demenzregister-bayern","tag-freude","tag-gedaechtnis","tag-gerontologin","tag-kitzingen","tag-petra-dlugosch","tag-webinar","tag-wohlbefinden"],"qubely_featured_image_url":{"full":["https:\/\/digidem-bayern.de\/wp-content\/uploads\/2023\/07\/shutterstock_Biografiearbeit-164722625.jpg",1000,667,false],"landscape":["https:\/\/digidem-bayern.de\/wp-content\/uploads\/2023\/07\/shutterstock_Biografiearbeit-164722625.jpg",1000,667,false],"portraits":["https:\/\/digidem-bayern.de\/wp-content\/uploads\/2023\/07\/shutterstock_Biografiearbeit-164722625-540x320.jpg",540,320,true],"thumbnail":["https:\/\/digidem-bayern.de\/wp-content\/uploads\/2023\/07\/shutterstock_Biografiearbeit-164722625-80x80.jpg",80,80,true],"medium":["https:\/\/digidem-bayern.de\/wp-content\/uploads\/2023\/07\/shutterstock_Biografiearbeit-164722625-300x200.jpg",300,200,true],"medium_large":["https:\/\/digidem-bayern.de\/wp-content\/uploads\/2023\/07\/shutterstock_Biografiearbeit-164722625-768x512.jpg",768,512,true],"large":["https:\/\/digidem-bayern.de\/wp-content\/uploads\/2023\/07\/shutterstock_Biografiearbeit-164722625.jpg",1000,667,false],"1536x1536":["https:\/\/digidem-bayern.de\/wp-content\/uploads\/2023\/07\/shutterstock_Biografiearbeit-164722625.jpg",1000,667,false],"2048x2048":["https:\/\/digidem-bayern.de\/wp-content\/uploads\/2023\/07\/shutterstock_Biografiearbeit-164722625.jpg",1000,667,false],"trp-custom-language-flag":["https:\/\/digidem-bayern.de\/wp-content\/uploads\/2023\/07\/shutterstock_Biografiearbeit-164722625.jpg",18,12,false],"qubely_landscape":["https:\/\/digidem-bayern.de\/wp-content\/uploads\/2023\/07\/shutterstock_Biografiearbeit-164722625.jpg",1000,667,false],"qubely_portrait":["https:\/\/digidem-bayern.de\/wp-content\/uploads\/2023\/07\/shutterstock_Biografiearbeit-164722625-540x320.jpg",540,320,true],"qubely_thumbnail":["https:\/\/digidem-bayern.de\/wp-content\/uploads\/2023\/07\/shutterstock_Biografiearbeit-164722625-140x100.jpg",140,100,true],"post-thumbnail":["https:\/\/digidem-bayern.de\/wp-content\/uploads\/2023\/07\/shutterstock_Biografiearbeit-164722625-525x350.jpg",525,350,true],"kahuna-featured":["https:\/\/digidem-bayern.de\/wp-content\/uploads\/2023\/07\/shutterstock_Biografiearbeit-164722625-734x350.jpg",734,350,true],"kahuna-featured-lp":["https:\/\/digidem-bayern.de\/wp-content\/uploads\/2023\/07\/shutterstock_Biografiearbeit-164722625-520x350.jpg",520,350,true],"kahuna-featured-half":["https:\/\/digidem-bayern.de\/wp-content\/uploads\/2023\/07\/shutterstock_Biografiearbeit-164722625-800x350.jpg",800,350,true],"kahuna-featured-third":["https:\/\/digidem-bayern.de\/wp-content\/uploads\/2023\/07\/shutterstock_Biografiearbeit-164722625-512x350.jpg",512,350,true],"kahuna-lpbox-1":["https:\/\/digidem-bayern.de\/wp-content\/uploads\/2023\/07\/shutterstock_Biografiearbeit-164722625-520x300.jpg",520,300,true],"kahuna-lpbox-2":["https:\/\/digidem-bayern.de\/wp-content\/uploads\/2023\/07\/shutterstock_Biografiearbeit-164722625-520x350.jpg",520,350,true],"demand-language-flag":["https:\/\/digidem-bayern.de\/wp-content\/uploads\/2023\/07\/shutterstock_Biografiearbeit-164722625-36x36.jpg",36,36,true],"dddkt-language-flag":["https:\/\/digidem-bayern.de\/wp-content\/uploads\/2023\/07\/shutterstock_Biografiearbeit-164722625-36x36.jpg",36,36,true],"ddiqc-language-flag":["https:\/\/digidem-bayern.de\/wp-content\/uploads\/2023\/07\/shutterstock_Biografiearbeit-164722625-36x36.jpg",36,36,true],"ddtl-language-flag":["https:\/\/digidem-bayern.de\/wp-content\/uploads\/2023\/07\/shutterstock_Biografiearbeit-164722625-36x36.jpg",36,36,true],"mailpoet_newsletter_max":["https:\/\/digidem-bayern.de\/wp-content\/uploads\/2023\/07\/shutterstock_Biografiearbeit-164722625.jpg",1000,667,false],"kahuna-lpbox-3":["https:\/\/digidem-bayern.de\/wp-content\/uploads\/2023\/07\/shutterstock_Biografiearbeit-164722625-520x350.jpg",520,350,true],"kahuna-featured-square":["https:\/\/digidem-bayern.de\/wp-content\/uploads\/2023\/07\/shutterstock_Biografiearbeit-164722625-512x512.jpg",512,512,true],"kahuna-featured-square-large":["https:\/\/digidem-bayern.de\/wp-content\/uploads\/2023\/07\/shutterstock_Biografiearbeit-164722625.jpg",1000,667,false]},"qubely_author":{"display_name":"Ilona H\u00f6rath","author_link":"https:\/\/digidem-bayern.de\/en\/author\/hoeratia\/"},"qubely_comment":1,"qubely_category":"<a href=\"https:\/\/digidem-bayern.de\/en\/category\/kommendes-webinar\/\" rel=\"category tag\">Kommendes Webinar<\/a>","qubely_excerpt":"Eine Demenzerkrankung bedeutet f\u00fcr Betroffene, nach und nach Erinnerungen an das eigene Leben zu verlieren. Zuerst vergessen Betroffene aktuelle Situationen, doch mit Fortschreiten der Erkrankung erl\u00f6schen auch die Erinnerungen an Bilder und Ereignisse der eigenen Vergangenheit. Diese Verluste k\u00f6nnen die Wahrnehmung des eigenen Selbstbilds ver\u00e4ndern. Damit sich Menschen mit Demenz &hellip;","featured_image_urls_v2":{"full":["https:\/\/digidem-bayern.de\/wp-content\/uploads\/2023\/07\/shutterstock_Biografiearbeit-164722625.jpg",1000,667,false],"thumbnail":["https:\/\/digidem-bayern.de\/wp-content\/uploads\/2023\/07\/shutterstock_Biografiearbeit-164722625-80x80.jpg",80,80,true],"medium":["https:\/\/digidem-bayern.de\/wp-content\/uploads\/2023\/07\/shutterstock_Biografiearbeit-164722625-300x200.jpg",300,200,true],"medium_large":["https:\/\/digidem-bayern.de\/wp-content\/uploads\/2023\/07\/shutterstock_Biografiearbeit-164722625-768x512.jpg",768,512,true],"large":["https:\/\/digidem-bayern.de\/wp-content\/uploads\/2023\/07\/shutterstock_Biografiearbeit-164722625.jpg",1000,667,false],"1536x1536":["https:\/\/digidem-bayern.de\/wp-content\/uploads\/2023\/07\/shutterstock_Biografiearbeit-164722625.jpg",1000,667,false],"2048x2048":["https:\/\/digidem-bayern.de\/wp-content\/uploads\/2023\/07\/shutterstock_Biografiearbeit-164722625.jpg",1000,667,false],"trp-custom-language-flag":["https:\/\/digidem-bayern.de\/wp-content\/uploads\/2023\/07\/shutterstock_Biografiearbeit-164722625.jpg",18,12,false],"qubely_landscape":["https:\/\/digidem-bayern.de\/wp-content\/uploads\/2023\/07\/shutterstock_Biografiearbeit-164722625.jpg",1000,667,false],"qubely_portrait":["https:\/\/digidem-bayern.de\/wp-content\/uploads\/2023\/07\/shutterstock_Biografiearbeit-164722625-540x320.jpg",540,320,true],"qubely_thumbnail":["https:\/\/digidem-bayern.de\/wp-content\/uploads\/2023\/07\/shutterstock_Biografiearbeit-164722625-140x100.jpg",140,100,true],"post-thumbnail":["https:\/\/digidem-bayern.de\/wp-content\/uploads\/2023\/07\/shutterstock_Biografiearbeit-164722625-525x350.jpg",525,350,true],"kahuna-featured":["https:\/\/digidem-bayern.de\/wp-content\/uploads\/2023\/07\/shutterstock_Biografiearbeit-164722625-734x350.jpg",734,350,true],"kahuna-featured-lp":["https:\/\/digidem-bayern.de\/wp-content\/uploads\/2023\/07\/shutterstock_Biografiearbeit-164722625-520x350.jpg",520,350,true],"kahuna-featured-half":["https:\/\/digidem-bayern.de\/wp-content\/uploads\/2023\/07\/shutterstock_Biografiearbeit-164722625-800x350.jpg",800,350,true],"kahuna-featured-third":["https:\/\/digidem-bayern.de\/wp-content\/uploads\/2023\/07\/shutterstock_Biografiearbeit-164722625-512x350.jpg",512,350,true],"kahuna-lpbox-1":["https:\/\/digidem-bayern.de\/wp-content\/uploads\/2023\/07\/shutterstock_Biografiearbeit-164722625-520x300.jpg",520,300,true],"kahuna-lpbox-2":["https:\/\/digidem-bayern.de\/wp-content\/uploads\/2023\/07\/shutterstock_Biografiearbeit-164722625-520x350.jpg",520,350,true],"demand-language-flag":["https:\/\/digidem-bayern.de\/wp-content\/uploads\/2023\/07\/shutterstock_Biografiearbeit-164722625-36x36.jpg",36,36,true],"dddkt-language-flag":["https:\/\/digidem-bayern.de\/wp-content\/uploads\/2023\/07\/shutterstock_Biografiearbeit-164722625-36x36.jpg",36,36,true],"ddiqc-language-flag":["https:\/\/digidem-bayern.de\/wp-content\/uploads\/2023\/07\/shutterstock_Biografiearbeit-164722625-36x36.jpg",36,36,true],"ddtl-language-flag":["https:\/\/digidem-bayern.de\/wp-content\/uploads\/2023\/07\/shutterstock_Biografiearbeit-164722625-36x36.jpg",36,36,true],"mailpoet_newsletter_max":["https:\/\/digidem-bayern.de\/wp-content\/uploads\/2023\/07\/shutterstock_Biografiearbeit-164722625.jpg",1000,667,false],"kahuna-lpbox-3":["https:\/\/digidem-bayern.de\/wp-content\/uploads\/2023\/07\/shutterstock_Biografiearbeit-164722625-520x350.jpg",520,350,true],"kahuna-featured-square":["https:\/\/digidem-bayern.de\/wp-content\/uploads\/2023\/07\/shutterstock_Biografiearbeit-164722625-512x512.jpg",512,512,true],"kahuna-featured-square-large":["https:\/\/digidem-bayern.de\/wp-content\/uploads\/2023\/07\/shutterstock_Biografiearbeit-164722625.jpg",1000,667,false]},"post_excerpt_stackable_v2":"<p>Eine Demenzerkrankung bedeutet f\u00fcr Betroffene, nach und nach Erinnerungen an das eigene Leben zu verlieren. Zuerst vergessen Betroffene aktuelle Situationen, doch mit Fortschreiten der Erkrankung erl\u00f6schen auch die Erinnerungen an Bilder und Ereignisse der eigenen Vergangenheit. Diese Verluste k\u00f6nnen die Wahrnehmung des eigenen Selbstbilds ver\u00e4ndern. Damit sich Menschen mit Demenz wieder an bedeutende Lebensereignisse erinnern k\u00f6nnen, ben\u00f6tigen sie oftmals Unterst\u00fctzung. Sie brauchen Zuh\u00f6rende, die sich mit deren Lebensgeschichte und Identit\u00e4t befassen und versuchen, diese wieder in das Ged\u00e4chtnis zu rufen. Menschen mit Demenz k\u00f6nnen bei dieser Spurensuche Sicherheit, Selbstachtung, Freude und Wohlbefinden empfinden. Doch hier stellt sich die Frage: Wie&hellip;<\/p>\n","category_list_v2":"<a href=\"https:\/\/digidem-bayern.de\/en\/category\/kommendes-webinar\/\" rel=\"category tag\">Kommendes Webinar<\/a>","author_info_v2":{"name":"Ilona H\u00f6rath","url":"https:\/\/digidem-bayern.de\/en\/author\/hoeratia\/"},"comments_num_v2":"0 comments","yoast_head":"<!-- This site is optimized with the Yoast SEO plugin v27.4 - https:\/\/yoast.com\/product\/yoast-seo-wordpress\/ -->\n<title>Webinar: Digitale Biografiearbeit bei Menschen mit Demenz - digiDEM Bayern<\/title>\n<meta name=\"description\" content=\"Im Webinar &quot;digiDEM Bayern Science Watch LIVE&quot; behandeln Wissenschaftler ein Thema aus der Demenzforschung und stehen live f\u00fcr Fragen zur Verf\u00fcgung.\" \/>\n<meta name=\"robots\" content=\"index, follow, max-snippet:-1, max-image-preview:large, max-video-preview:-1\" \/>\n<link rel=\"canonical\" href=\"https:\/\/digidem-bayern.de\/en\/webinar-digitale-biografiearbeit-bei-menschen-mit-demenz\/\" \/>\n<meta property=\"og:locale\" content=\"en_US\" \/>\n<meta property=\"og:type\" content=\"article\" \/>\n<meta property=\"og:title\" content=\"Webinar: Digitale Biografiearbeit bei Menschen mit Demenz - digiDEM Bayern\" \/>\n<meta property=\"og:description\" content=\"Im Webinar &quot;digiDEM Bayern Science Watch LIVE&quot; behandeln Wissenschaftler ein Thema aus der Demenzforschung und stehen live f\u00fcr Fragen zur Verf\u00fcgung.\" \/>\n<meta property=\"og:url\" content=\"https:\/\/digidem-bayern.de\/en\/webinar-digitale-biografiearbeit-bei-menschen-mit-demenz\/\" \/>\n<meta property=\"og:site_name\" content=\"digiDEM Bayern\" \/>\n<meta property=\"article:publisher\" content=\"https:\/\/www.facebook.com\/digiDEMBayern\/\" \/>\n<meta property=\"article:published_time\" content=\"2023-07-04T09:35:56+00:00\" \/>\n<meta property=\"article:modified_time\" content=\"2023-07-13T06:20:14+00:00\" \/>\n<meta property=\"og:image\" content=\"https:\/\/digidem-bayern.de\/wp-content\/uploads\/2023\/07\/shutterstock_Biografiearbeit-164722625.jpg\" \/>\n\t<meta property=\"og:image:width\" content=\"1000\" \/>\n\t<meta property=\"og:image:height\" content=\"667\" \/>\n\t<meta property=\"og:image:type\" content=\"image\/jpeg\" \/>\n<meta name=\"author\" content=\"Ilona H\u00f6rath\" \/>\n<meta name=\"twitter:label1\" content=\"Written by\" \/>\n\t<meta name=\"twitter:data1\" content=\"Ilona H\u00f6rath\" \/>\n\t<meta name=\"twitter:label2\" content=\"Est. reading time\" \/>\n\t<meta name=\"twitter:data2\" content=\"2 minutes\" \/>\n<script type=\"application\/ld+json\" class=\"yoast-schema-graph\">{\"@context\":\"https:\\\/\\\/schema.org\",\"@graph\":[{\"@type\":\"Article\",\"@id\":\"https:\\\/\\\/digidem-bayern.de\\\/webinar-digitale-biografiearbeit-bei-menschen-mit-demenz\\\/#article\",\"isPartOf\":{\"@id\":\"https:\\\/\\\/digidem-bayern.de\\\/webinar-digitale-biografiearbeit-bei-menschen-mit-demenz\\\/\"},\"author\":{\"name\":\"Ilona H\u00f6rath\",\"@id\":\"\\\/#\\\/schema\\\/person\\\/0bc1494f46fc2a051c761322a80e0941\"},\"headline\":\"Webinar: Digitale Biografiearbeit bei Menschen mit Demenz\",\"datePublished\":\"2023-07-04T09:35:56+00:00\",\"dateModified\":\"2023-07-13T06:20:14+00:00\",\"mainEntityOfPage\":{\"@id\":\"https:\\\/\\\/digidem-bayern.de\\\/webinar-digitale-biografiearbeit-bei-menschen-mit-demenz\\\/\"},\"wordCount\":269,\"commentCount\":0,\"publisher\":{\"@id\":\"\\\/#organization\"},\"image\":{\"@id\":\"https:\\\/\\\/digidem-bayern.de\\\/webinar-digitale-biografiearbeit-bei-menschen-mit-demenz\\\/#primaryimage\"},\"thumbnailUrl\":\"https:\\\/\\\/digidem-bayern.de\\\/wp-content\\\/uploads\\\/2023\\\/07\\\/shutterstock_Biografiearbeit-164722625.jpg\",\"keywords\":[\"Alzheimer\",\"Biografiearbeit\",\"Demenz\",\"digidem\",\"digidem Bayern\",\"Digitales Demenzregister Bayern\",\"Freude\",\"Ged\u00e4chtnis\",\"Gerontologin\",\"Kitzingen\",\"Petra Dlugosch\",\"Webinar\",\"Wohlbefinden\"],\"articleSection\":[\"Kommendes Webinar\"],\"inLanguage\":\"en-US\",\"potentialAction\":[{\"@type\":\"CommentAction\",\"name\":\"Comment\",\"target\":[\"https:\\\/\\\/digidem-bayern.de\\\/webinar-digitale-biografiearbeit-bei-menschen-mit-demenz\\\/#respond\"]}]},{\"@type\":\"WebPage\",\"@id\":\"https:\\\/\\\/digidem-bayern.de\\\/webinar-digitale-biografiearbeit-bei-menschen-mit-demenz\\\/\",\"url\":\"https:\\\/\\\/digidem-bayern.de\\\/webinar-digitale-biografiearbeit-bei-menschen-mit-demenz\\\/\",\"name\":\"Webinar: Digitale Biografiearbeit bei Menschen mit Demenz - digiDEM Bayern\",\"isPartOf\":{\"@id\":\"\\\/#website\"},\"primaryImageOfPage\":{\"@id\":\"https:\\\/\\\/digidem-bayern.de\\\/webinar-digitale-biografiearbeit-bei-menschen-mit-demenz\\\/#primaryimage\"},\"image\":{\"@id\":\"https:\\\/\\\/digidem-bayern.de\\\/webinar-digitale-biografiearbeit-bei-menschen-mit-demenz\\\/#primaryimage\"},\"thumbnailUrl\":\"https:\\\/\\\/digidem-bayern.de\\\/wp-content\\\/uploads\\\/2023\\\/07\\\/shutterstock_Biografiearbeit-164722625.jpg\",\"datePublished\":\"2023-07-04T09:35:56+00:00\",\"dateModified\":\"2023-07-13T06:20:14+00:00\",\"description\":\"Im Webinar \\\"digiDEM Bayern Science Watch LIVE\\\" behandeln Wissenschaftler ein Thema aus der Demenzforschung und stehen live f\u00fcr Fragen zur Verf\u00fcgung.\",\"breadcrumb\":{\"@id\":\"https:\\\/\\\/digidem-bayern.de\\\/webinar-digitale-biografiearbeit-bei-menschen-mit-demenz\\\/#breadcrumb\"},\"inLanguage\":\"en-US\",\"potentialAction\":[{\"@type\":\"ReadAction\",\"target\":[\"https:\\\/\\\/digidem-bayern.de\\\/webinar-digitale-biografiearbeit-bei-menschen-mit-demenz\\\/\"]}]},{\"@type\":\"ImageObject\",\"inLanguage\":\"en-US\",\"@id\":\"https:\\\/\\\/digidem-bayern.de\\\/webinar-digitale-biografiearbeit-bei-menschen-mit-demenz\\\/#primaryimage\",\"url\":\"https:\\\/\\\/digidem-bayern.de\\\/wp-content\\\/uploads\\\/2023\\\/07\\\/shutterstock_Biografiearbeit-164722625.jpg\",\"contentUrl\":\"https:\\\/\\\/digidem-bayern.de\\\/wp-content\\\/uploads\\\/2023\\\/07\\\/shutterstock_Biografiearbeit-164722625.jpg\",\"width\":1000,\"height\":667,\"caption\":\"Im Webinar pr\u00e4sentiert Petra Dlugosch ihre wissenschaftliche Arbeit zu digitaler Biografiearbeit bei Menschen mit Demenz.\"},{\"@type\":\"BreadcrumbList\",\"@id\":\"https:\\\/\\\/digidem-bayern.de\\\/webinar-digitale-biografiearbeit-bei-menschen-mit-demenz\\\/#breadcrumb\",\"itemListElement\":[{\"@type\":\"ListItem\",\"position\":1,\"name\":\"Startseite\",\"item\":\"https:\\\/\\\/digidem-bayern.de\\\/\"},{\"@type\":\"ListItem\",\"position\":2,\"name\":\"Webinar: Digitale Biografiearbeit bei Menschen mit Demenz\"}]},{\"@type\":\"WebSite\",\"@id\":\"\\\/#website\",\"url\":\"\\\/\",\"name\":\"digiDEM Bayern\",\"description\":\"Das digitale Demenzregister Bayern erforscht und verbessert die Angebotsstuktur f\u00fcr Menschen mit Demenz und deren Angeh\u00f6rige\",\"publisher\":{\"@id\":\"\\\/#organization\"},\"potentialAction\":[{\"@type\":\"SearchAction\",\"target\":{\"@type\":\"EntryPoint\",\"urlTemplate\":\"\\\/?s={search_term_string}\"},\"query-input\":{\"@type\":\"PropertyValueSpecification\",\"valueRequired\":true,\"valueName\":\"search_term_string\"}}],\"inLanguage\":\"en-US\"},{\"@type\":\"Organization\",\"@id\":\"\\\/#organization\",\"name\":\"digiDEM Bayern\",\"url\":\"\\\/\",\"logo\":{\"@type\":\"ImageObject\",\"inLanguage\":\"en-US\",\"@id\":\"\\\/#\\\/schema\\\/logo\\\/image\\\/\",\"url\":\"https:\\\/\\\/digidem-bayern.de\\\/wp-content\\\/uploads\\\/2022\\\/03\\\/cropped-Allgemeines_digiDEMLOGO-removebg-preview.png\",\"contentUrl\":\"https:\\\/\\\/digidem-bayern.de\\\/wp-content\\\/uploads\\\/2022\\\/03\\\/cropped-Allgemeines_digiDEMLOGO-removebg-preview.png\",\"width\":612,\"height\":357,\"caption\":\"digiDEM Bayern\"},\"image\":{\"@id\":\"\\\/#\\\/schema\\\/logo\\\/image\\\/\"},\"sameAs\":[\"https:\\\/\\\/www.facebook.com\\\/digiDEMBayern\\\/\",\"https:\\\/\\\/x.com\\\/digidem_bayern\",\"https:\\\/\\\/www.instagram.com\\\/digidem.bayern\",\"https:\\\/\\\/www.linkedin.com\\\/company\\\/digidem-bayern\\\/\"]},{\"@type\":\"Person\",\"@id\":\"\\\/#\\\/schema\\\/person\\\/0bc1494f46fc2a051c761322a80e0941\",\"name\":\"Ilona H\u00f6rath\",\"url\":\"https:\\\/\\\/digidem-bayern.de\\\/en\\\/author\\\/hoeratia\\\/\"}]}<\/script>\n<!-- \/ Yoast SEO plugin. -->","yoast_head_json":{"title":"Webinar: Digitale Biografiearbeit bei Menschen mit Demenz - digiDEM Bayern","description":"Im Webinar \"digiDEM Bayern Science Watch LIVE\" behandeln Wissenschaftler ein Thema aus der Demenzforschung und stehen live f\u00fcr Fragen zur Verf\u00fcgung.","robots":{"index":"index","follow":"follow","max-snippet":"max-snippet:-1","max-image-preview":"max-image-preview:large","max-video-preview":"max-video-preview:-1"},"canonical":"https:\/\/digidem-bayern.de\/en\/webinar-digitale-biografiearbeit-bei-menschen-mit-demenz\/","og_locale":"en_US","og_type":"article","og_title":"Webinar: Digitale Biografiearbeit bei Menschen mit Demenz - digiDEM Bayern","og_description":"Im Webinar \"digiDEM Bayern Science Watch LIVE\" behandeln Wissenschaftler ein Thema aus der Demenzforschung und stehen live f\u00fcr Fragen zur Verf\u00fcgung.","og_url":"https:\/\/digidem-bayern.de\/en\/webinar-digitale-biografiearbeit-bei-menschen-mit-demenz\/","og_site_name":"digiDEM Bayern","article_publisher":"https:\/\/www.facebook.com\/digiDEMBayern\/","article_published_time":"2023-07-04T09:35:56+00:00","article_modified_time":"2023-07-13T06:20:14+00:00","og_image":[{"width":1000,"height":667,"url":"https:\/\/digidem-bayern.de\/wp-content\/uploads\/2023\/07\/shutterstock_Biografiearbeit-164722625.jpg","type":"image\/jpeg"}],"author":"Ilona H\u00f6rath","twitter_misc":{"Written by":"Ilona H\u00f6rath","Est. reading time":"2 minutes"},"schema":{"@context":"https:\/\/schema.org","@graph":[{"@type":"Article","@id":"https:\/\/digidem-bayern.de\/webinar-digitale-biografiearbeit-bei-menschen-mit-demenz\/#article","isPartOf":{"@id":"https:\/\/digidem-bayern.de\/webinar-digitale-biografiearbeit-bei-menschen-mit-demenz\/"},"author":{"name":"Ilona H\u00f6rath","@id":"\/#\/schema\/person\/0bc1494f46fc2a051c761322a80e0941"},"headline":"Webinar: Digitale Biografiearbeit bei Menschen mit Demenz","datePublished":"2023-07-04T09:35:56+00:00","dateModified":"2023-07-13T06:20:14+00:00","mainEntityOfPage":{"@id":"https:\/\/digidem-bayern.de\/webinar-digitale-biografiearbeit-bei-menschen-mit-demenz\/"},"wordCount":269,"commentCount":0,"publisher":{"@id":"\/#organization"},"image":{"@id":"https:\/\/digidem-bayern.de\/webinar-digitale-biografiearbeit-bei-menschen-mit-demenz\/#primaryimage"},"thumbnailUrl":"https:\/\/digidem-bayern.de\/wp-content\/uploads\/2023\/07\/shutterstock_Biografiearbeit-164722625.jpg","keywords":["Alzheimer","Biografiearbeit","Demenz","digidem","digidem Bayern","Digitales Demenzregister Bayern","Freude","Ged\u00e4chtnis","Gerontologin","Kitzingen","Petra Dlugosch","Webinar","Wohlbefinden"],"articleSection":["Kommendes Webinar"],"inLanguage":"en-US","potentialAction":[{"@type":"CommentAction","name":"Comment","target":["https:\/\/digidem-bayern.de\/webinar-digitale-biografiearbeit-bei-menschen-mit-demenz\/#respond"]}]},{"@type":"WebPage","@id":"https:\/\/digidem-bayern.de\/webinar-digitale-biografiearbeit-bei-menschen-mit-demenz\/","url":"https:\/\/digidem-bayern.de\/webinar-digitale-biografiearbeit-bei-menschen-mit-demenz\/","name":"Webinar: Digitale Biografiearbeit bei Menschen mit Demenz - digiDEM Bayern","isPartOf":{"@id":"\/#website"},"primaryImageOfPage":{"@id":"https:\/\/digidem-bayern.de\/webinar-digitale-biografiearbeit-bei-menschen-mit-demenz\/#primaryimage"},"image":{"@id":"https:\/\/digidem-bayern.de\/webinar-digitale-biografiearbeit-bei-menschen-mit-demenz\/#primaryimage"},"thumbnailUrl":"https:\/\/digidem-bayern.de\/wp-content\/uploads\/2023\/07\/shutterstock_Biografiearbeit-164722625.jpg","datePublished":"2023-07-04T09:35:56+00:00","dateModified":"2023-07-13T06:20:14+00:00","description":"Im Webinar \"digiDEM Bayern Science Watch LIVE\" behandeln Wissenschaftler ein Thema aus der Demenzforschung und stehen live f\u00fcr Fragen zur Verf\u00fcgung.","breadcrumb":{"@id":"https:\/\/digidem-bayern.de\/webinar-digitale-biografiearbeit-bei-menschen-mit-demenz\/#breadcrumb"},"inLanguage":"en-US","potentialAction":[{"@type":"ReadAction","target":["https:\/\/digidem-bayern.de\/webinar-digitale-biografiearbeit-bei-menschen-mit-demenz\/"]}]},{"@type":"ImageObject","inLanguage":"en-US","@id":"https:\/\/digidem-bayern.de\/webinar-digitale-biografiearbeit-bei-menschen-mit-demenz\/#primaryimage","url":"https:\/\/digidem-bayern.de\/wp-content\/uploads\/2023\/07\/shutterstock_Biografiearbeit-164722625.jpg","contentUrl":"https:\/\/digidem-bayern.de\/wp-content\/uploads\/2023\/07\/shutterstock_Biografiearbeit-164722625.jpg","width":1000,"height":667,"caption":"Im Webinar pr\u00e4sentiert Petra Dlugosch ihre wissenschaftliche Arbeit zu digitaler Biografiearbeit bei Menschen mit Demenz."},{"@type":"BreadcrumbList","@id":"https:\/\/digidem-bayern.de\/webinar-digitale-biografiearbeit-bei-menschen-mit-demenz\/#breadcrumb","itemListElement":[{"@type":"ListItem","position":1,"name":"Startseite","item":"https:\/\/digidem-bayern.de\/"},{"@type":"ListItem","position":2,"name":"Webinar: Digitale Biografiearbeit bei Menschen mit Demenz"}]},{"@type":"WebSite","@id":"\/#website","url":"\/","name":"digiDEM Bavaria","description":"The digital dementia register in Bavaria researches and improves the structure of services for people with dementia and their relatives","publisher":{"@id":"\/#organization"},"potentialAction":[{"@type":"SearchAction","target":{"@type":"EntryPoint","urlTemplate":"\/?s={search_term_string}"},"query-input":{"@type":"PropertyValueSpecification","valueRequired":true,"valueName":"search_term_string"}}],"inLanguage":"en-US"},{"@type":"Organization","@id":"\/#organization","name":"digiDEM Bavaria","url":"\/","logo":{"@type":"ImageObject","inLanguage":"en-US","@id":"\/#\/schema\/logo\/image\/","url":"https:\/\/digidem-bayern.de\/wp-content\/uploads\/2022\/03\/cropped-Allgemeines_digiDEMLOGO-removebg-preview.png","contentUrl":"https:\/\/digidem-bayern.de\/wp-content\/uploads\/2022\/03\/cropped-Allgemeines_digiDEMLOGO-removebg-preview.png","width":612,"height":357,"caption":"digiDEM Bayern"},"image":{"@id":"\/#\/schema\/logo\/image\/"},"sameAs":["https:\/\/www.facebook.com\/digiDEMBayern\/","https:\/\/x.com\/digidem_bayern","https:\/\/www.instagram.com\/digidem.bayern","https:\/\/www.linkedin.com\/company\/digidem-bayern\/"]},{"@type":"Person","@id":"\/#\/schema\/person\/0bc1494f46fc2a051c761322a80e0941","name":"Ilona H\u00f6rath","url":"https:\/\/digidem-bayern.de\/en\/author\/hoeratia\/"}]}},"uagb_featured_image_src":{"full":["https:\/\/digidem-bayern.de\/wp-content\/uploads\/2023\/07\/shutterstock_Biografiearbeit-164722625.jpg",1000,667,false],"thumbnail":["https:\/\/digidem-bayern.de\/wp-content\/uploads\/2023\/07\/shutterstock_Biografiearbeit-164722625-80x80.jpg",80,80,true],"medium":["https:\/\/digidem-bayern.de\/wp-content\/uploads\/2023\/07\/shutterstock_Biografiearbeit-164722625-300x200.jpg",300,200,true],"medium_large":["https:\/\/digidem-bayern.de\/wp-content\/uploads\/2023\/07\/shutterstock_Biografiearbeit-164722625-768x512.jpg",768,512,true],"large":["https:\/\/digidem-bayern.de\/wp-content\/uploads\/2023\/07\/shutterstock_Biografiearbeit-164722625.jpg",1000,667,false],"1536x1536":["https:\/\/digidem-bayern.de\/wp-content\/uploads\/2023\/07\/shutterstock_Biografiearbeit-164722625.jpg",1000,667,false],"2048x2048":["https:\/\/digidem-bayern.de\/wp-content\/uploads\/2023\/07\/shutterstock_Biografiearbeit-164722625.jpg",1000,667,false],"trp-custom-language-flag":["https:\/\/digidem-bayern.de\/wp-content\/uploads\/2023\/07\/shutterstock_Biografiearbeit-164722625.jpg",18,12,false],"qubely_landscape":["https:\/\/digidem-bayern.de\/wp-content\/uploads\/2023\/07\/shutterstock_Biografiearbeit-164722625.jpg",1000,667,false],"qubely_portrait":["https:\/\/digidem-bayern.de\/wp-content\/uploads\/2023\/07\/shutterstock_Biografiearbeit-164722625-540x320.jpg",540,320,true],"qubely_thumbnail":["https:\/\/digidem-bayern.de\/wp-content\/uploads\/2023\/07\/shutterstock_Biografiearbeit-164722625-140x100.jpg",140,100,true],"post-thumbnail":["https:\/\/digidem-bayern.de\/wp-content\/uploads\/2023\/07\/shutterstock_Biografiearbeit-164722625-525x350.jpg",525,350,true],"kahuna-featured":["https:\/\/digidem-bayern.de\/wp-content\/uploads\/2023\/07\/shutterstock_Biografiearbeit-164722625-734x350.jpg",734,350,true],"kahuna-featured-lp":["https:\/\/digidem-bayern.de\/wp-content\/uploads\/2023\/07\/shutterstock_Biografiearbeit-164722625-520x350.jpg",520,350,true],"kahuna-featured-half":["https:\/\/digidem-bayern.de\/wp-content\/uploads\/2023\/07\/shutterstock_Biografiearbeit-164722625-800x350.jpg",800,350,true],"kahuna-featured-third":["https:\/\/digidem-bayern.de\/wp-content\/uploads\/2023\/07\/shutterstock_Biografiearbeit-164722625-512x350.jpg",512,350,true],"kahuna-lpbox-1":["https:\/\/digidem-bayern.de\/wp-content\/uploads\/2023\/07\/shutterstock_Biografiearbeit-164722625-520x300.jpg",520,300,true],"kahuna-lpbox-2":["https:\/\/digidem-bayern.de\/wp-content\/uploads\/2023\/07\/shutterstock_Biografiearbeit-164722625-520x350.jpg",520,350,true],"demand-language-flag":["https:\/\/digidem-bayern.de\/wp-content\/uploads\/2023\/07\/shutterstock_Biografiearbeit-164722625-36x36.jpg",36,36,true],"dddkt-language-flag":["https:\/\/digidem-bayern.de\/wp-content\/uploads\/2023\/07\/shutterstock_Biografiearbeit-164722625-36x36.jpg",36,36,true],"ddiqc-language-flag":["https:\/\/digidem-bayern.de\/wp-content\/uploads\/2023\/07\/shutterstock_Biografiearbeit-164722625-36x36.jpg",36,36,true],"ddtl-language-flag":["https:\/\/digidem-bayern.de\/wp-content\/uploads\/2023\/07\/shutterstock_Biografiearbeit-164722625-36x36.jpg",36,36,true],"mailpoet_newsletter_max":["https:\/\/digidem-bayern.de\/wp-content\/uploads\/2023\/07\/shutterstock_Biografiearbeit-164722625.jpg",1000,667,false],"kahuna-lpbox-3":["https:\/\/digidem-bayern.de\/wp-content\/uploads\/2023\/07\/shutterstock_Biografiearbeit-164722625-520x350.jpg",520,350,true],"kahuna-featured-square":["https:\/\/digidem-bayern.de\/wp-content\/uploads\/2023\/07\/shutterstock_Biografiearbeit-164722625-512x512.jpg",512,512,true],"kahuna-featured-square-large":["https:\/\/digidem-bayern.de\/wp-content\/uploads\/2023\/07\/shutterstock_Biografiearbeit-164722625.jpg",1000,667,false]},"uagb_author_info":{"display_name":"Ilona H\u00f6rath","author_link":"https:\/\/digidem-bayern.de\/en\/author\/hoeratia\/"},"uagb_comment_info":1,"uagb_excerpt":"Eine Demenzerkrankung bedeutet f\u00fcr Betroffene, nach und nach Erinnerungen an das eigene Leben zu verlieren. Zuerst vergessen Betroffene aktuelle Situationen, doch mit Fortschreiten der Erkrankung erl\u00f6schen auch die Erinnerungen an Bilder und Ereignisse der eigenen Vergangenheit. Diese Verluste k\u00f6nnen die Wahrnehmung des eigenen Selbstbilds ver\u00e4ndern. Damit sich Menschen mit Demenz &hellip;","_links":{"self":[{"href":"https:\/\/digidem-bayern.de\/en\/wp-json\/wp\/v2\/posts\/29094","targetHints":{"allow":["GET"]}}],"collection":[{"href":"https:\/\/digidem-bayern.de\/en\/wp-json\/wp\/v2\/posts"}],"about":[{"href":"https:\/\/digidem-bayern.de\/en\/wp-json\/wp\/v2\/types\/post"}],"author":[{"embeddable":true,"href":"https:\/\/digidem-bayern.de\/en\/wp-json\/wp\/v2\/users\/12"}],"replies":[{"embeddable":true,"href":"https:\/\/digidem-bayern.de\/en\/wp-json\/wp\/v2\/comments?post=29094"}],"version-history":[{"count":9,"href":"https:\/\/digidem-bayern.de\/en\/wp-json\/wp\/v2\/posts\/29094\/revisions"}],"predecessor-version":[{"id":29283,"href":"https:\/\/digidem-bayern.de\/en\/wp-json\/wp\/v2\/posts\/29094\/revisions\/29283"}],"wp:featuredmedia":[{"embeddable":true,"href":"https:\/\/digidem-bayern.de\/en\/wp-json\/wp\/v2\/media\/29110"}],"wp:attachment":[{"href":"https:\/\/digidem-bayern.de\/en\/wp-json\/wp\/v2\/media?parent=29094"}],"wp:term":[{"taxonomy":"category","embeddable":true,"href":"https:\/\/digidem-bayern.de\/en\/wp-json\/wp\/v2\/categories?post=29094"},{"taxonomy":"post_tag","embeddable":true,"href":"https:\/\/digidem-bayern.de\/en\/wp-json\/wp\/v2\/tags?post=29094"}],"curies":[{"name":"wp","href":"https:\/\/api.w.org\/{rel}","templated":true}]}}