{"id":28995,"date":"2023-06-28T08:20:00","date_gmt":"2023-06-28T06:20:00","guid":{"rendered":"https:\/\/digidem-bayern.de\/?p=28995"},"modified":"2023-07-18T13:32:39","modified_gmt":"2023-07-18T11:32:39","slug":"was-kostet-demenz","status":"publish","type":"post","link":"https:\/\/digidem-bayern.de\/en\/was-kostet-demenz\/","title":{"rendered":"Was kostet Demenz?"},"content":{"rendered":"<p><strong>Mehr als die H\u00e4lfte der Kosten, die Demenz weltweit verursacht, f\u00e4llt auf Leistungen zur\u00fcck, die von pflegenden An- und Zugeh\u00f6rigen erbracht werden. Auch weitere beeindruckende Erkenntnisse haben Wissenschaftler*innen in einem \u201eKostenmodell f\u00fcr Demenz\u201c im Auftrag der Weltgesundheitsorganisation (WHO) zusammengefasst.<\/strong><\/p>\n\n\n\n<p>F\u00fcr die Gesellschaft und die Gesundheitssysteme stellt Demenz eine gro\u00dfe Herausforderung dar, sowohl hinsichtlich der sozialen als auch der wirtschaftlichen Folgen. Forschende haben daher im Auftrag der Weltgesundheitsorganisation (WHO) die globalen wirtschaftlichen Kosten f\u00fcr das Jahr 2019 gesch\u00e4tzt, die Demenz verursachte. Sie beziehen sich auf weltweit 55,2 Millionen Menschen mit Demenz und betrugen sch\u00e4tzungsweise 1,3 Billionen US-Dollar. Daraus ergaben sich f\u00fcr dieses Jahr Kosten von durchschnittlich circa 23.800 US Dollar (dies entspricht einem Betrag von rund 22.000 Euro pro Jahr) pro Betroffenen. Damit seien die Kosten \u201ewesentlich h\u00f6her als fr\u00fchere Sch\u00e4tzungen\u201c.&nbsp;<\/p>\n\n\n<div class=\"wp-block-image\">\n<figure class=\"alignright size-full is-resized\"><img loading=\"lazy\" decoding=\"async\" src=\"https:\/\/digidem-bayern.de\/wp-content\/uploads\/2023\/06\/Demenzkosten-Dollars-shutterstock_165320348.jpg\" alt=\"F\u00fcr die Gesellschaft und die Gesundheitssysteme stellt Demenz eine gro\u00dfe Herausforderung dar, sowohl hinsichtlich der sozialen als auch der wirtschaftlichen Folgen.\" class=\"wp-image-29001\" width=\"429\" height=\"284\" srcset=\"https:\/\/digidem-bayern.de\/wp-content\/uploads\/2023\/06\/Demenzkosten-Dollars-shutterstock_165320348.jpg 1000w, https:\/\/digidem-bayern.de\/wp-content\/uploads\/2023\/06\/Demenzkosten-Dollars-shutterstock_165320348-300x199.jpg 300w, https:\/\/digidem-bayern.de\/wp-content\/uploads\/2023\/06\/Demenzkosten-Dollars-shutterstock_165320348-768x508.jpg 768w, https:\/\/digidem-bayern.de\/wp-content\/uploads\/2023\/06\/Demenzkosten-Dollars-shutterstock_165320348-529x350.jpg 529w\" sizes=\"auto, (max-width: 429px) 100vw, 429px\" \/><figcaption class=\"wp-element-caption\">Foto: Shutterstock<\/figcaption><\/figure>\n<\/div>\n\n\n<p>Als Gr\u00fcnde geben die Autor*innen die \u201eschnellere Bev\u00f6lkerungsalterung\u201c und gestiegene Kosten f\u00fcr die sogenannte informelle Pflege an \u2013 also die Pflegeleistungen, die An- und Zugeh\u00f6rige erbracht haben. So erkl\u00e4re sich auch der Anstieg der weltweiten Kosten f\u00fcr Demenzerkrankungen zwischen 2010 und 2019 um 62 Prozent.&nbsp;<\/p>\n\n\n\n<p><strong>Anstieg der Behandlungskosten<\/strong><\/p>\n\n\n\n<p>Die informelle Pflege verursachte etwa die H\u00e4lfte der Kosten. Hierbei wurde jedoch bez\u00fcglich des Einkommensniveaus der L\u00e4nder ein Gef\u00e4lle aufgezeigt. In den hoch entwickelten L\u00e4ndern betrugen die Kosten durch informelle Pflege 44 Prozent, w\u00e4hrend es in L\u00e4ndern mit niedrigem Einkommen 85 Prozent waren.<\/p>\n\n\n\n<p>Zum Anstieg der Behandlungskosten, der sogenannten direkten Kosten, haben zum Beispiel Kosten f\u00fcr Krankenhausbehandlung, Medikamente, Pflege in Wohn- und Pflegeheimen oder anderen Langzeitpflegeeinrichtungen und kommunale Dienstleistungen wie h\u00e4usliche Pflege beigetragen.&nbsp;<\/p>\n\n\n\n<p><strong>Vorausschauende Fallzahlen und Kostenentwicklungen f\u00fcr jedes Gesundheitswesen erforderlich<\/strong><\/p>\n\n\n\n<p>Alle der angegebenen Zahlen sind Sch\u00e4tzungen, betonen die Autor*innen. Genauere Berechnungen seien nicht m\u00f6glich gewesen, da zum Beispiel demografische Daten unzureichend vorhanden waren und es vor allem in L\u00e4ndern mit niedrigem und mittlerem Einkommen Datenl\u00fccken gab. Angesichts des erwarteten Anstiegs der Anzahl an Demenzerkrankungen fordern die Wissenschaftler*innen: \u201eJede Gesellschaft muss einen Plan f\u00fcr den erwarteten enormen Anstieg der Zahl der Demenzkranken haben.\u201c<\/p>\n\n\n\n<p><strong>Tipp f\u00fcr die Praxis:<\/strong> Demenz hat nicht nur vielf\u00e4ltige soziale Folgen, sondern f\u00fchrt auch zu enormen wirtschaftlichen Konsequenzen. Hierbei spielt vor allem die Pr\u00e4vention eine wichtige Rolle, indem Sie zum Beispiel einen gesunden Lebensstil pflegen k\u00f6nnen. Informieren Sie sich \u00fcber <a href=\"https:\/\/digidem-bayern.de\/en\/science-watch-live\/\">Demenz-Pr\u00e4vention&nbsp;in unserer Webinar-Mediathek<\/a> oder&nbsp;in den <a href=\"https:\/\/digidem-bayern.de\/en\/newsletter-archiv\/\">Ausgaben fr\u00fcherer Newsletter<\/a>.<\/p>\n\n\n\n<p>Hier geht&#8217;s zur Studie: <\/p>\n\n\n\n<p><a href=\"https:\/\/alz-journals.onlinelibrary.wiley.com\/doi\/epdf\/10.1002\/alz.12901\">The worldwide costs of dementia in 2019<\/a><\/p>\n\n\n\n<p style=\"font-size:20px\"><\/p>\n\n\n\n<div style=\"height:20px\" aria-hidden=\"true\" class=\"wp-block-spacer\"><\/div>\n\n\n\n<div style=\"height:20px\" aria-hidden=\"true\" class=\"wp-block-spacer\"><\/div>","protected":false},"excerpt":{"rendered":"<p>Mehr als die H\u00e4lfte der Kosten, die Demenz weltweit verursacht, f\u00e4llt auf Leistungen zur\u00fcck, die von pflegenden An- und Zugeh\u00f6rigen erbracht werden. Auch weitere beeindruckende Erkenntnisse haben Wissenschaftler*innen in einem \u201eKostenmodell f\u00fcr Demenz\u201c im Auftrag der Weltgesundheitsorganisation (WHO) zusammengefasst. F\u00fcr die Gesellschaft und die Gesundheitssysteme stellt Demenz eine gro\u00dfe Herausforderung &hellip;<\/p>","protected":false},"author":12,"featured_media":29001,"comment_status":"open","ping_status":"closed","sticky":false,"template":"","format":"standard","meta":{"qubely_global_settings":"","qubely_interactions":"","_uag_custom_page_level_css":"","footnotes":""},"categories":[5],"tags":[13,795,12,14,17,55,797,796,392,23,625,793,794],"class_list":["post-28995","post","type-post","status-publish","format-standard","has-post-thumbnail","hentry","category-wissenschaft-forschung","tag-alzheimer","tag-behandlungskosten","tag-demenz-2","tag-digidem","tag-digidem-bayern","tag-digitales-demenzregister-bayern","tag-gesunder-lebensstil","tag-kostenentwicklung","tag-medikamente","tag-praevention","tag-weltgesundheitsorganisation","tag-who","tag-wirtschaftliche-kosten"],"qubely_featured_image_url":{"full":["https:\/\/digidem-bayern.de\/wp-content\/uploads\/2023\/06\/Demenzkosten-Dollars-shutterstock_165320348.jpg",1000,662,false],"landscape":["https:\/\/digidem-bayern.de\/wp-content\/uploads\/2023\/06\/Demenzkosten-Dollars-shutterstock_165320348.jpg",1000,662,false],"portraits":["https:\/\/digidem-bayern.de\/wp-content\/uploads\/2023\/06\/Demenzkosten-Dollars-shutterstock_165320348-540x320.jpg",540,320,true],"thumbnail":["https:\/\/digidem-bayern.de\/wp-content\/uploads\/2023\/06\/Demenzkosten-Dollars-shutterstock_165320348-80x80.jpg",80,80,true],"medium":["https:\/\/digidem-bayern.de\/wp-content\/uploads\/2023\/06\/Demenzkosten-Dollars-shutterstock_165320348-300x199.jpg",300,199,true],"medium_large":["https:\/\/digidem-bayern.de\/wp-content\/uploads\/2023\/06\/Demenzkosten-Dollars-shutterstock_165320348-768x508.jpg",768,508,true],"large":["https:\/\/digidem-bayern.de\/wp-content\/uploads\/2023\/06\/Demenzkosten-Dollars-shutterstock_165320348.jpg",1000,662,false],"1536x1536":["https:\/\/digidem-bayern.de\/wp-content\/uploads\/2023\/06\/Demenzkosten-Dollars-shutterstock_165320348.jpg",1000,662,false],"2048x2048":["https:\/\/digidem-bayern.de\/wp-content\/uploads\/2023\/06\/Demenzkosten-Dollars-shutterstock_165320348.jpg",1000,662,false],"trp-custom-language-flag":["https:\/\/digidem-bayern.de\/wp-content\/uploads\/2023\/06\/Demenzkosten-Dollars-shutterstock_165320348.jpg",18,12,false],"qubely_landscape":["https:\/\/digidem-bayern.de\/wp-content\/uploads\/2023\/06\/Demenzkosten-Dollars-shutterstock_165320348.jpg",1000,662,false],"qubely_portrait":["https:\/\/digidem-bayern.de\/wp-content\/uploads\/2023\/06\/Demenzkosten-Dollars-shutterstock_165320348-540x320.jpg",540,320,true],"qubely_thumbnail":["https:\/\/digidem-bayern.de\/wp-content\/uploads\/2023\/06\/Demenzkosten-Dollars-shutterstock_165320348-140x100.jpg",140,100,true],"post-thumbnail":["https:\/\/digidem-bayern.de\/wp-content\/uploads\/2023\/06\/Demenzkosten-Dollars-shutterstock_165320348-529x350.jpg",529,350,true],"kahuna-featured":["https:\/\/digidem-bayern.de\/wp-content\/uploads\/2023\/06\/Demenzkosten-Dollars-shutterstock_165320348-734x350.jpg",734,350,true],"kahuna-featured-lp":["https:\/\/digidem-bayern.de\/wp-content\/uploads\/2023\/06\/Demenzkosten-Dollars-shutterstock_165320348-520x350.jpg",520,350,true],"kahuna-featured-half":["https:\/\/digidem-bayern.de\/wp-content\/uploads\/2023\/06\/Demenzkosten-Dollars-shutterstock_165320348-800x350.jpg",800,350,true],"kahuna-featured-third":["https:\/\/digidem-bayern.de\/wp-content\/uploads\/2023\/06\/Demenzkosten-Dollars-shutterstock_165320348-512x350.jpg",512,350,true],"kahuna-lpbox-1":["https:\/\/digidem-bayern.de\/wp-content\/uploads\/2023\/06\/Demenzkosten-Dollars-shutterstock_165320348-520x300.jpg",520,300,true],"kahuna-lpbox-2":["https:\/\/digidem-bayern.de\/wp-content\/uploads\/2023\/06\/Demenzkosten-Dollars-shutterstock_165320348-520x350.jpg",520,350,true],"demand-language-flag":["https:\/\/digidem-bayern.de\/wp-content\/uploads\/2023\/06\/Demenzkosten-Dollars-shutterstock_165320348-36x36.jpg",36,36,true],"dddkt-language-flag":["https:\/\/digidem-bayern.de\/wp-content\/uploads\/2023\/06\/Demenzkosten-Dollars-shutterstock_165320348-36x36.jpg",36,36,true],"ddiqc-language-flag":["https:\/\/digidem-bayern.de\/wp-content\/uploads\/2023\/06\/Demenzkosten-Dollars-shutterstock_165320348-36x36.jpg",36,36,true],"ddtl-language-flag":["https:\/\/digidem-bayern.de\/wp-content\/uploads\/2023\/06\/Demenzkosten-Dollars-shutterstock_165320348-36x36.jpg",36,36,true],"mailpoet_newsletter_max":["https:\/\/digidem-bayern.de\/wp-content\/uploads\/2023\/06\/Demenzkosten-Dollars-shutterstock_165320348.jpg",1000,662,false],"kahuna-lpbox-3":["https:\/\/digidem-bayern.de\/wp-content\/uploads\/2023\/06\/Demenzkosten-Dollars-shutterstock_165320348-520x350.jpg",520,350,true],"kahuna-featured-square":["https:\/\/digidem-bayern.de\/wp-content\/uploads\/2023\/06\/Demenzkosten-Dollars-shutterstock_165320348-512x512.jpg",512,512,true],"kahuna-featured-square-large":["https:\/\/digidem-bayern.de\/wp-content\/uploads\/2023\/06\/Demenzkosten-Dollars-shutterstock_165320348.jpg",1000,662,false]},"qubely_author":{"display_name":"Ilona H\u00f6rath","author_link":"https:\/\/digidem-bayern.de\/en\/author\/hoeratia\/"},"qubely_comment":0,"qubely_category":"<a href=\"https:\/\/digidem-bayern.de\/en\/category\/wissenschaft-forschung\/\" rel=\"category tag\">Wissenschaft &amp; Forschung<\/a>","qubely_excerpt":"Mehr als die H\u00e4lfte der Kosten, die Demenz weltweit verursacht, f\u00e4llt auf Leistungen zur\u00fcck, die von pflegenden An- und Zugeh\u00f6rigen erbracht werden. Auch weitere beeindruckende Erkenntnisse haben Wissenschaftler*innen in einem \u201eKostenmodell f\u00fcr Demenz\u201c im Auftrag der Weltgesundheitsorganisation (WHO) zusammengefasst. F\u00fcr die Gesellschaft und die Gesundheitssysteme stellt Demenz eine gro\u00dfe Herausforderung &hellip;","featured_image_urls_v2":{"full":["https:\/\/digidem-bayern.de\/wp-content\/uploads\/2023\/06\/Demenzkosten-Dollars-shutterstock_165320348.jpg",1000,662,false],"thumbnail":["https:\/\/digidem-bayern.de\/wp-content\/uploads\/2023\/06\/Demenzkosten-Dollars-shutterstock_165320348-80x80.jpg",80,80,true],"medium":["https:\/\/digidem-bayern.de\/wp-content\/uploads\/2023\/06\/Demenzkosten-Dollars-shutterstock_165320348-300x199.jpg",300,199,true],"medium_large":["https:\/\/digidem-bayern.de\/wp-content\/uploads\/2023\/06\/Demenzkosten-Dollars-shutterstock_165320348-768x508.jpg",768,508,true],"large":["https:\/\/digidem-bayern.de\/wp-content\/uploads\/2023\/06\/Demenzkosten-Dollars-shutterstock_165320348.jpg",1000,662,false],"1536x1536":["https:\/\/digidem-bayern.de\/wp-content\/uploads\/2023\/06\/Demenzkosten-Dollars-shutterstock_165320348.jpg",1000,662,false],"2048x2048":["https:\/\/digidem-bayern.de\/wp-content\/uploads\/2023\/06\/Demenzkosten-Dollars-shutterstock_165320348.jpg",1000,662,false],"trp-custom-language-flag":["https:\/\/digidem-bayern.de\/wp-content\/uploads\/2023\/06\/Demenzkosten-Dollars-shutterstock_165320348.jpg",18,12,false],"qubely_landscape":["https:\/\/digidem-bayern.de\/wp-content\/uploads\/2023\/06\/Demenzkosten-Dollars-shutterstock_165320348.jpg",1000,662,false],"qubely_portrait":["https:\/\/digidem-bayern.de\/wp-content\/uploads\/2023\/06\/Demenzkosten-Dollars-shutterstock_165320348-540x320.jpg",540,320,true],"qubely_thumbnail":["https:\/\/digidem-bayern.de\/wp-content\/uploads\/2023\/06\/Demenzkosten-Dollars-shutterstock_165320348-140x100.jpg",140,100,true],"post-thumbnail":["https:\/\/digidem-bayern.de\/wp-content\/uploads\/2023\/06\/Demenzkosten-Dollars-shutterstock_165320348-529x350.jpg",529,350,true],"kahuna-featured":["https:\/\/digidem-bayern.de\/wp-content\/uploads\/2023\/06\/Demenzkosten-Dollars-shutterstock_165320348-734x350.jpg",734,350,true],"kahuna-featured-lp":["https:\/\/digidem-bayern.de\/wp-content\/uploads\/2023\/06\/Demenzkosten-Dollars-shutterstock_165320348-520x350.jpg",520,350,true],"kahuna-featured-half":["https:\/\/digidem-bayern.de\/wp-content\/uploads\/2023\/06\/Demenzkosten-Dollars-shutterstock_165320348-800x350.jpg",800,350,true],"kahuna-featured-third":["https:\/\/digidem-bayern.de\/wp-content\/uploads\/2023\/06\/Demenzkosten-Dollars-shutterstock_165320348-512x350.jpg",512,350,true],"kahuna-lpbox-1":["https:\/\/digidem-bayern.de\/wp-content\/uploads\/2023\/06\/Demenzkosten-Dollars-shutterstock_165320348-520x300.jpg",520,300,true],"kahuna-lpbox-2":["https:\/\/digidem-bayern.de\/wp-content\/uploads\/2023\/06\/Demenzkosten-Dollars-shutterstock_165320348-520x350.jpg",520,350,true],"demand-language-flag":["https:\/\/digidem-bayern.de\/wp-content\/uploads\/2023\/06\/Demenzkosten-Dollars-shutterstock_165320348-36x36.jpg",36,36,true],"dddkt-language-flag":["https:\/\/digidem-bayern.de\/wp-content\/uploads\/2023\/06\/Demenzkosten-Dollars-shutterstock_165320348-36x36.jpg",36,36,true],"ddiqc-language-flag":["https:\/\/digidem-bayern.de\/wp-content\/uploads\/2023\/06\/Demenzkosten-Dollars-shutterstock_165320348-36x36.jpg",36,36,true],"ddtl-language-flag":["https:\/\/digidem-bayern.de\/wp-content\/uploads\/2023\/06\/Demenzkosten-Dollars-shutterstock_165320348-36x36.jpg",36,36,true],"mailpoet_newsletter_max":["https:\/\/digidem-bayern.de\/wp-content\/uploads\/2023\/06\/Demenzkosten-Dollars-shutterstock_165320348.jpg",1000,662,false],"kahuna-lpbox-3":["https:\/\/digidem-bayern.de\/wp-content\/uploads\/2023\/06\/Demenzkosten-Dollars-shutterstock_165320348-520x350.jpg",520,350,true],"kahuna-featured-square":["https:\/\/digidem-bayern.de\/wp-content\/uploads\/2023\/06\/Demenzkosten-Dollars-shutterstock_165320348-512x512.jpg",512,512,true],"kahuna-featured-square-large":["https:\/\/digidem-bayern.de\/wp-content\/uploads\/2023\/06\/Demenzkosten-Dollars-shutterstock_165320348.jpg",1000,662,false]},"post_excerpt_stackable_v2":"<p>Mehr als die H\u00e4lfte der Kosten, die Demenz weltweit verursacht, f\u00e4llt auf Leistungen zur\u00fcck, die von pflegenden An- und Zugeh\u00f6rigen erbracht werden. Auch weitere beeindruckende Erkenntnisse haben Wissenschaftler*innen in einem \u201eKostenmodell f\u00fcr Demenz\u201c im Auftrag der Weltgesundheitsorganisation (WHO) zusammengefasst. F\u00fcr die Gesellschaft und die Gesundheitssysteme stellt Demenz eine gro\u00dfe Herausforderung dar, sowohl hinsichtlich der sozialen als auch der wirtschaftlichen Folgen. Forschende haben daher im Auftrag der Weltgesundheitsorganisation (WHO) die globalen wirtschaftlichen Kosten f\u00fcr das Jahr 2019 gesch\u00e4tzt, die Demenz verursachte. Sie beziehen sich auf weltweit 55,2 Millionen Menschen mit Demenz und betrugen sch\u00e4tzungsweise 1,3 Billionen US-Dollar. Daraus ergaben sich f\u00fcr&hellip;<\/p>\n","category_list_v2":"<a href=\"https:\/\/digidem-bayern.de\/en\/category\/wissenschaft-forschung\/\" rel=\"category tag\">Wissenschaft &amp; Forschung<\/a>","author_info_v2":{"name":"Ilona H\u00f6rath","url":"https:\/\/digidem-bayern.de\/en\/author\/hoeratia\/"},"comments_num_v2":"0 comments","yoast_head":"<!-- This site is optimized with the Yoast SEO plugin v27.4 - https:\/\/yoast.com\/product\/yoast-seo-wordpress\/ -->\n<title>Was kostet Demenz? - digiDEM Bayern<\/title>\n<meta name=\"description\" content=\"Der Bayerische Landesapothekerkammer unterst\u00fctzt digiDEM Bayern mit Hilfe des Netzwerks &quot;Demenzfreundliche Apotheken&quot;.\" \/>\n<meta name=\"robots\" content=\"index, follow, max-snippet:-1, max-image-preview:large, max-video-preview:-1\" \/>\n<link rel=\"canonical\" href=\"https:\/\/digidem-bayern.de\/en\/was-kostet-demenz\/\" \/>\n<meta property=\"og:locale\" content=\"en_US\" \/>\n<meta property=\"og:type\" content=\"article\" \/>\n<meta property=\"og:title\" content=\"Was kostet Demenz? - digiDEM Bayern\" \/>\n<meta property=\"og:description\" content=\"Der Bayerische Landesapothekerkammer unterst\u00fctzt digiDEM Bayern mit Hilfe des Netzwerks &quot;Demenzfreundliche Apotheken&quot;.\" \/>\n<meta property=\"og:url\" content=\"https:\/\/digidem-bayern.de\/en\/was-kostet-demenz\/\" \/>\n<meta property=\"og:site_name\" content=\"digiDEM Bayern\" \/>\n<meta property=\"article:publisher\" content=\"https:\/\/www.facebook.com\/digiDEMBayern\/\" \/>\n<meta property=\"article:published_time\" content=\"2023-06-28T06:20:00+00:00\" \/>\n<meta property=\"article:modified_time\" content=\"2023-07-18T11:32:39+00:00\" \/>\n<meta property=\"og:image\" content=\"https:\/\/digidem-bayern.de\/wp-content\/uploads\/2023\/06\/Demenzkosten-Dollars-shutterstock_165320348.jpg\" \/>\n\t<meta property=\"og:image:width\" content=\"1000\" \/>\n\t<meta property=\"og:image:height\" content=\"662\" \/>\n\t<meta property=\"og:image:type\" content=\"image\/jpeg\" \/>\n<meta name=\"author\" content=\"Ilona H\u00f6rath\" \/>\n<meta name=\"twitter:label1\" content=\"Written by\" \/>\n\t<meta name=\"twitter:data1\" content=\"Ilona H\u00f6rath\" \/>\n\t<meta name=\"twitter:label2\" content=\"Est. reading time\" \/>\n\t<meta name=\"twitter:data2\" content=\"2 minutes\" \/>\n<script type=\"application\/ld+json\" class=\"yoast-schema-graph\">{\"@context\":\"https:\\\/\\\/schema.org\",\"@graph\":[{\"@type\":\"Article\",\"@id\":\"https:\\\/\\\/digidem-bayern.de\\\/was-kostet-demenz\\\/#article\",\"isPartOf\":{\"@id\":\"https:\\\/\\\/digidem-bayern.de\\\/was-kostet-demenz\\\/\"},\"author\":{\"name\":\"Ilona H\u00f6rath\",\"@id\":\"\\\/#\\\/schema\\\/person\\\/0bc1494f46fc2a051c761322a80e0941\"},\"headline\":\"Was kostet Demenz?\",\"datePublished\":\"2023-06-28T06:20:00+00:00\",\"dateModified\":\"2023-07-18T11:32:39+00:00\",\"mainEntityOfPage\":{\"@id\":\"https:\\\/\\\/digidem-bayern.de\\\/was-kostet-demenz\\\/\"},\"wordCount\":427,\"commentCount\":0,\"publisher\":{\"@id\":\"\\\/#organization\"},\"image\":{\"@id\":\"https:\\\/\\\/digidem-bayern.de\\\/was-kostet-demenz\\\/#primaryimage\"},\"thumbnailUrl\":\"https:\\\/\\\/digidem-bayern.de\\\/wp-content\\\/uploads\\\/2023\\\/06\\\/Demenzkosten-Dollars-shutterstock_165320348.jpg\",\"keywords\":[\"Alzheimer\",\"Behandlungskosten\",\"Demenz\",\"digidem\",\"digidem Bayern\",\"Digitales Demenzregister Bayern\",\"gesunder Lebensstil\",\"Kostenentwicklung\",\"Medikamente\",\"Pr\u00e4vention\",\"Weltgesundheitsorganisation\",\"WHO\",\"wirtschaftliche Kosten\"],\"articleSection\":[\"Wissenschaft &amp; Forschung\"],\"inLanguage\":\"en-US\",\"potentialAction\":[{\"@type\":\"CommentAction\",\"name\":\"Comment\",\"target\":[\"https:\\\/\\\/digidem-bayern.de\\\/was-kostet-demenz\\\/#respond\"]}]},{\"@type\":\"WebPage\",\"@id\":\"https:\\\/\\\/digidem-bayern.de\\\/was-kostet-demenz\\\/\",\"url\":\"https:\\\/\\\/digidem-bayern.de\\\/was-kostet-demenz\\\/\",\"name\":\"Was kostet Demenz? - digiDEM Bayern\",\"isPartOf\":{\"@id\":\"\\\/#website\"},\"primaryImageOfPage\":{\"@id\":\"https:\\\/\\\/digidem-bayern.de\\\/was-kostet-demenz\\\/#primaryimage\"},\"image\":{\"@id\":\"https:\\\/\\\/digidem-bayern.de\\\/was-kostet-demenz\\\/#primaryimage\"},\"thumbnailUrl\":\"https:\\\/\\\/digidem-bayern.de\\\/wp-content\\\/uploads\\\/2023\\\/06\\\/Demenzkosten-Dollars-shutterstock_165320348.jpg\",\"datePublished\":\"2023-06-28T06:20:00+00:00\",\"dateModified\":\"2023-07-18T11:32:39+00:00\",\"description\":\"Der Bayerische Landesapothekerkammer unterst\u00fctzt digiDEM Bayern mit Hilfe des Netzwerks \\\"Demenzfreundliche Apotheken\\\".\",\"breadcrumb\":{\"@id\":\"https:\\\/\\\/digidem-bayern.de\\\/was-kostet-demenz\\\/#breadcrumb\"},\"inLanguage\":\"en-US\",\"potentialAction\":[{\"@type\":\"ReadAction\",\"target\":[\"https:\\\/\\\/digidem-bayern.de\\\/was-kostet-demenz\\\/\"]}]},{\"@type\":\"ImageObject\",\"inLanguage\":\"en-US\",\"@id\":\"https:\\\/\\\/digidem-bayern.de\\\/was-kostet-demenz\\\/#primaryimage\",\"url\":\"https:\\\/\\\/digidem-bayern.de\\\/wp-content\\\/uploads\\\/2023\\\/06\\\/Demenzkosten-Dollars-shutterstock_165320348.jpg\",\"contentUrl\":\"https:\\\/\\\/digidem-bayern.de\\\/wp-content\\\/uploads\\\/2023\\\/06\\\/Demenzkosten-Dollars-shutterstock_165320348.jpg\",\"width\":1000,\"height\":662,\"caption\":\"Foto: Shutterstock\"},{\"@type\":\"BreadcrumbList\",\"@id\":\"https:\\\/\\\/digidem-bayern.de\\\/was-kostet-demenz\\\/#breadcrumb\",\"itemListElement\":[{\"@type\":\"ListItem\",\"position\":1,\"name\":\"Startseite\",\"item\":\"https:\\\/\\\/digidem-bayern.de\\\/\"},{\"@type\":\"ListItem\",\"position\":2,\"name\":\"Was kostet Demenz?\"}]},{\"@type\":\"WebSite\",\"@id\":\"\\\/#website\",\"url\":\"\\\/\",\"name\":\"digiDEM Bayern\",\"description\":\"Das digitale Demenzregister Bayern erforscht und verbessert die Angebotsstuktur f\u00fcr Menschen mit Demenz und deren Angeh\u00f6rige\",\"publisher\":{\"@id\":\"\\\/#organization\"},\"potentialAction\":[{\"@type\":\"SearchAction\",\"target\":{\"@type\":\"EntryPoint\",\"urlTemplate\":\"\\\/?s={search_term_string}\"},\"query-input\":{\"@type\":\"PropertyValueSpecification\",\"valueRequired\":true,\"valueName\":\"search_term_string\"}}],\"inLanguage\":\"en-US\"},{\"@type\":\"Organization\",\"@id\":\"\\\/#organization\",\"name\":\"digiDEM Bayern\",\"url\":\"\\\/\",\"logo\":{\"@type\":\"ImageObject\",\"inLanguage\":\"en-US\",\"@id\":\"\\\/#\\\/schema\\\/logo\\\/image\\\/\",\"url\":\"https:\\\/\\\/digidem-bayern.de\\\/wp-content\\\/uploads\\\/2022\\\/03\\\/cropped-Allgemeines_digiDEMLOGO-removebg-preview.png\",\"contentUrl\":\"https:\\\/\\\/digidem-bayern.de\\\/wp-content\\\/uploads\\\/2022\\\/03\\\/cropped-Allgemeines_digiDEMLOGO-removebg-preview.png\",\"width\":612,\"height\":357,\"caption\":\"digiDEM Bayern\"},\"image\":{\"@id\":\"\\\/#\\\/schema\\\/logo\\\/image\\\/\"},\"sameAs\":[\"https:\\\/\\\/www.facebook.com\\\/digiDEMBayern\\\/\",\"https:\\\/\\\/x.com\\\/digidem_bayern\",\"https:\\\/\\\/www.instagram.com\\\/digidem.bayern\",\"https:\\\/\\\/www.linkedin.com\\\/company\\\/digidem-bayern\\\/\"]},{\"@type\":\"Person\",\"@id\":\"\\\/#\\\/schema\\\/person\\\/0bc1494f46fc2a051c761322a80e0941\",\"name\":\"Ilona H\u00f6rath\",\"url\":\"https:\\\/\\\/digidem-bayern.de\\\/en\\\/author\\\/hoeratia\\\/\"}]}<\/script>\n<!-- \/ Yoast SEO plugin. -->","yoast_head_json":{"title":"Was kostet Demenz? - digiDEM Bayern","description":"Der Bayerische Landesapothekerkammer unterst\u00fctzt digiDEM Bayern mit Hilfe des Netzwerks \"Demenzfreundliche Apotheken\".","robots":{"index":"index","follow":"follow","max-snippet":"max-snippet:-1","max-image-preview":"max-image-preview:large","max-video-preview":"max-video-preview:-1"},"canonical":"https:\/\/digidem-bayern.de\/en\/was-kostet-demenz\/","og_locale":"en_US","og_type":"article","og_title":"Was kostet Demenz? - digiDEM Bayern","og_description":"Der Bayerische Landesapothekerkammer unterst\u00fctzt digiDEM Bayern mit Hilfe des Netzwerks \"Demenzfreundliche Apotheken\".","og_url":"https:\/\/digidem-bayern.de\/en\/was-kostet-demenz\/","og_site_name":"digiDEM Bayern","article_publisher":"https:\/\/www.facebook.com\/digiDEMBayern\/","article_published_time":"2023-06-28T06:20:00+00:00","article_modified_time":"2023-07-18T11:32:39+00:00","og_image":[{"width":1000,"height":662,"url":"https:\/\/digidem-bayern.de\/wp-content\/uploads\/2023\/06\/Demenzkosten-Dollars-shutterstock_165320348.jpg","type":"image\/jpeg"}],"author":"Ilona H\u00f6rath","twitter_misc":{"Written by":"Ilona H\u00f6rath","Est. reading time":"2 minutes"},"schema":{"@context":"https:\/\/schema.org","@graph":[{"@type":"Article","@id":"https:\/\/digidem-bayern.de\/was-kostet-demenz\/#article","isPartOf":{"@id":"https:\/\/digidem-bayern.de\/was-kostet-demenz\/"},"author":{"name":"Ilona H\u00f6rath","@id":"\/#\/schema\/person\/0bc1494f46fc2a051c761322a80e0941"},"headline":"Was kostet Demenz?","datePublished":"2023-06-28T06:20:00+00:00","dateModified":"2023-07-18T11:32:39+00:00","mainEntityOfPage":{"@id":"https:\/\/digidem-bayern.de\/was-kostet-demenz\/"},"wordCount":427,"commentCount":0,"publisher":{"@id":"\/#organization"},"image":{"@id":"https:\/\/digidem-bayern.de\/was-kostet-demenz\/#primaryimage"},"thumbnailUrl":"https:\/\/digidem-bayern.de\/wp-content\/uploads\/2023\/06\/Demenzkosten-Dollars-shutterstock_165320348.jpg","keywords":["Alzheimer","Behandlungskosten","Demenz","digidem","digidem Bayern","Digitales Demenzregister Bayern","gesunder Lebensstil","Kostenentwicklung","Medikamente","Pr\u00e4vention","Weltgesundheitsorganisation","WHO","wirtschaftliche Kosten"],"articleSection":["Wissenschaft &amp; Forschung"],"inLanguage":"en-US","potentialAction":[{"@type":"CommentAction","name":"Comment","target":["https:\/\/digidem-bayern.de\/was-kostet-demenz\/#respond"]}]},{"@type":"WebPage","@id":"https:\/\/digidem-bayern.de\/was-kostet-demenz\/","url":"https:\/\/digidem-bayern.de\/was-kostet-demenz\/","name":"Was kostet Demenz? - digiDEM Bayern","isPartOf":{"@id":"\/#website"},"primaryImageOfPage":{"@id":"https:\/\/digidem-bayern.de\/was-kostet-demenz\/#primaryimage"},"image":{"@id":"https:\/\/digidem-bayern.de\/was-kostet-demenz\/#primaryimage"},"thumbnailUrl":"https:\/\/digidem-bayern.de\/wp-content\/uploads\/2023\/06\/Demenzkosten-Dollars-shutterstock_165320348.jpg","datePublished":"2023-06-28T06:20:00+00:00","dateModified":"2023-07-18T11:32:39+00:00","description":"Der Bayerische Landesapothekerkammer unterst\u00fctzt digiDEM Bayern mit Hilfe des Netzwerks \"Demenzfreundliche Apotheken\".","breadcrumb":{"@id":"https:\/\/digidem-bayern.de\/was-kostet-demenz\/#breadcrumb"},"inLanguage":"en-US","potentialAction":[{"@type":"ReadAction","target":["https:\/\/digidem-bayern.de\/was-kostet-demenz\/"]}]},{"@type":"ImageObject","inLanguage":"en-US","@id":"https:\/\/digidem-bayern.de\/was-kostet-demenz\/#primaryimage","url":"https:\/\/digidem-bayern.de\/wp-content\/uploads\/2023\/06\/Demenzkosten-Dollars-shutterstock_165320348.jpg","contentUrl":"https:\/\/digidem-bayern.de\/wp-content\/uploads\/2023\/06\/Demenzkosten-Dollars-shutterstock_165320348.jpg","width":1000,"height":662,"caption":"Foto: Shutterstock"},{"@type":"BreadcrumbList","@id":"https:\/\/digidem-bayern.de\/was-kostet-demenz\/#breadcrumb","itemListElement":[{"@type":"ListItem","position":1,"name":"Startseite","item":"https:\/\/digidem-bayern.de\/"},{"@type":"ListItem","position":2,"name":"Was kostet Demenz?"}]},{"@type":"WebSite","@id":"\/#website","url":"\/","name":"digiDEM Bavaria","description":"The digital dementia register in Bavaria researches and improves the structure of services for people with dementia and their relatives","publisher":{"@id":"\/#organization"},"potentialAction":[{"@type":"SearchAction","target":{"@type":"EntryPoint","urlTemplate":"\/?s={search_term_string}"},"query-input":{"@type":"PropertyValueSpecification","valueRequired":true,"valueName":"search_term_string"}}],"inLanguage":"en-US"},{"@type":"Organization","@id":"\/#organization","name":"digiDEM Bavaria","url":"\/","logo":{"@type":"ImageObject","inLanguage":"en-US","@id":"\/#\/schema\/logo\/image\/","url":"https:\/\/digidem-bayern.de\/wp-content\/uploads\/2022\/03\/cropped-Allgemeines_digiDEMLOGO-removebg-preview.png","contentUrl":"https:\/\/digidem-bayern.de\/wp-content\/uploads\/2022\/03\/cropped-Allgemeines_digiDEMLOGO-removebg-preview.png","width":612,"height":357,"caption":"digiDEM Bayern"},"image":{"@id":"\/#\/schema\/logo\/image\/"},"sameAs":["https:\/\/www.facebook.com\/digiDEMBayern\/","https:\/\/x.com\/digidem_bayern","https:\/\/www.instagram.com\/digidem.bayern","https:\/\/www.linkedin.com\/company\/digidem-bayern\/"]},{"@type":"Person","@id":"\/#\/schema\/person\/0bc1494f46fc2a051c761322a80e0941","name":"Ilona H\u00f6rath","url":"https:\/\/digidem-bayern.de\/en\/author\/hoeratia\/"}]}},"uagb_featured_image_src":{"full":["https:\/\/digidem-bayern.de\/wp-content\/uploads\/2023\/06\/Demenzkosten-Dollars-shutterstock_165320348.jpg",1000,662,false],"thumbnail":["https:\/\/digidem-bayern.de\/wp-content\/uploads\/2023\/06\/Demenzkosten-Dollars-shutterstock_165320348-80x80.jpg",80,80,true],"medium":["https:\/\/digidem-bayern.de\/wp-content\/uploads\/2023\/06\/Demenzkosten-Dollars-shutterstock_165320348-300x199.jpg",300,199,true],"medium_large":["https:\/\/digidem-bayern.de\/wp-content\/uploads\/2023\/06\/Demenzkosten-Dollars-shutterstock_165320348-768x508.jpg",768,508,true],"large":["https:\/\/digidem-bayern.de\/wp-content\/uploads\/2023\/06\/Demenzkosten-Dollars-shutterstock_165320348.jpg",1000,662,false],"1536x1536":["https:\/\/digidem-bayern.de\/wp-content\/uploads\/2023\/06\/Demenzkosten-Dollars-shutterstock_165320348.jpg",1000,662,false],"2048x2048":["https:\/\/digidem-bayern.de\/wp-content\/uploads\/2023\/06\/Demenzkosten-Dollars-shutterstock_165320348.jpg",1000,662,false],"trp-custom-language-flag":["https:\/\/digidem-bayern.de\/wp-content\/uploads\/2023\/06\/Demenzkosten-Dollars-shutterstock_165320348.jpg",18,12,false],"qubely_landscape":["https:\/\/digidem-bayern.de\/wp-content\/uploads\/2023\/06\/Demenzkosten-Dollars-shutterstock_165320348.jpg",1000,662,false],"qubely_portrait":["https:\/\/digidem-bayern.de\/wp-content\/uploads\/2023\/06\/Demenzkosten-Dollars-shutterstock_165320348-540x320.jpg",540,320,true],"qubely_thumbnail":["https:\/\/digidem-bayern.de\/wp-content\/uploads\/2023\/06\/Demenzkosten-Dollars-shutterstock_165320348-140x100.jpg",140,100,true],"post-thumbnail":["https:\/\/digidem-bayern.de\/wp-content\/uploads\/2023\/06\/Demenzkosten-Dollars-shutterstock_165320348-529x350.jpg",529,350,true],"kahuna-featured":["https:\/\/digidem-bayern.de\/wp-content\/uploads\/2023\/06\/Demenzkosten-Dollars-shutterstock_165320348-734x350.jpg",734,350,true],"kahuna-featured-lp":["https:\/\/digidem-bayern.de\/wp-content\/uploads\/2023\/06\/Demenzkosten-Dollars-shutterstock_165320348-520x350.jpg",520,350,true],"kahuna-featured-half":["https:\/\/digidem-bayern.de\/wp-content\/uploads\/2023\/06\/Demenzkosten-Dollars-shutterstock_165320348-800x350.jpg",800,350,true],"kahuna-featured-third":["https:\/\/digidem-bayern.de\/wp-content\/uploads\/2023\/06\/Demenzkosten-Dollars-shutterstock_165320348-512x350.jpg",512,350,true],"kahuna-lpbox-1":["https:\/\/digidem-bayern.de\/wp-content\/uploads\/2023\/06\/Demenzkosten-Dollars-shutterstock_165320348-520x300.jpg",520,300,true],"kahuna-lpbox-2":["https:\/\/digidem-bayern.de\/wp-content\/uploads\/2023\/06\/Demenzkosten-Dollars-shutterstock_165320348-520x350.jpg",520,350,true],"demand-language-flag":["https:\/\/digidem-bayern.de\/wp-content\/uploads\/2023\/06\/Demenzkosten-Dollars-shutterstock_165320348-36x36.jpg",36,36,true],"dddkt-language-flag":["https:\/\/digidem-bayern.de\/wp-content\/uploads\/2023\/06\/Demenzkosten-Dollars-shutterstock_165320348-36x36.jpg",36,36,true],"ddiqc-language-flag":["https:\/\/digidem-bayern.de\/wp-content\/uploads\/2023\/06\/Demenzkosten-Dollars-shutterstock_165320348-36x36.jpg",36,36,true],"ddtl-language-flag":["https:\/\/digidem-bayern.de\/wp-content\/uploads\/2023\/06\/Demenzkosten-Dollars-shutterstock_165320348-36x36.jpg",36,36,true],"mailpoet_newsletter_max":["https:\/\/digidem-bayern.de\/wp-content\/uploads\/2023\/06\/Demenzkosten-Dollars-shutterstock_165320348.jpg",1000,662,false],"kahuna-lpbox-3":["https:\/\/digidem-bayern.de\/wp-content\/uploads\/2023\/06\/Demenzkosten-Dollars-shutterstock_165320348-520x350.jpg",520,350,true],"kahuna-featured-square":["https:\/\/digidem-bayern.de\/wp-content\/uploads\/2023\/06\/Demenzkosten-Dollars-shutterstock_165320348-512x512.jpg",512,512,true],"kahuna-featured-square-large":["https:\/\/digidem-bayern.de\/wp-content\/uploads\/2023\/06\/Demenzkosten-Dollars-shutterstock_165320348.jpg",1000,662,false]},"uagb_author_info":{"display_name":"Ilona H\u00f6rath","author_link":"https:\/\/digidem-bayern.de\/en\/author\/hoeratia\/"},"uagb_comment_info":0,"uagb_excerpt":"Mehr als die H\u00e4lfte der Kosten, die Demenz weltweit verursacht, f\u00e4llt auf Leistungen zur\u00fcck, die von pflegenden An- und Zugeh\u00f6rigen erbracht werden. Auch weitere beeindruckende Erkenntnisse haben Wissenschaftler*innen in einem \u201eKostenmodell f\u00fcr Demenz\u201c im Auftrag der Weltgesundheitsorganisation (WHO) zusammengefasst. F\u00fcr die Gesellschaft und die Gesundheitssysteme stellt Demenz eine gro\u00dfe Herausforderung &hellip;","_links":{"self":[{"href":"https:\/\/digidem-bayern.de\/en\/wp-json\/wp\/v2\/posts\/28995","targetHints":{"allow":["GET"]}}],"collection":[{"href":"https:\/\/digidem-bayern.de\/en\/wp-json\/wp\/v2\/posts"}],"about":[{"href":"https:\/\/digidem-bayern.de\/en\/wp-json\/wp\/v2\/types\/post"}],"author":[{"embeddable":true,"href":"https:\/\/digidem-bayern.de\/en\/wp-json\/wp\/v2\/users\/12"}],"replies":[{"embeddable":true,"href":"https:\/\/digidem-bayern.de\/en\/wp-json\/wp\/v2\/comments?post=28995"}],"version-history":[{"count":3,"href":"https:\/\/digidem-bayern.de\/en\/wp-json\/wp\/v2\/posts\/28995\/revisions"}],"predecessor-version":[{"id":29022,"href":"https:\/\/digidem-bayern.de\/en\/wp-json\/wp\/v2\/posts\/28995\/revisions\/29022"}],"wp:featuredmedia":[{"embeddable":true,"href":"https:\/\/digidem-bayern.de\/en\/wp-json\/wp\/v2\/media\/29001"}],"wp:attachment":[{"href":"https:\/\/digidem-bayern.de\/en\/wp-json\/wp\/v2\/media?parent=28995"}],"wp:term":[{"taxonomy":"category","embeddable":true,"href":"https:\/\/digidem-bayern.de\/en\/wp-json\/wp\/v2\/categories?post=28995"},{"taxonomy":"post_tag","embeddable":true,"href":"https:\/\/digidem-bayern.de\/en\/wp-json\/wp\/v2\/tags?post=28995"}],"curies":[{"name":"wp","href":"https:\/\/api.w.org\/{rel}","templated":true}]}}