{"id":28988,"date":"2023-06-28T08:02:00","date_gmt":"2023-06-28T06:02:00","guid":{"rendered":"https:\/\/digidem-bayern.de\/?p=28988"},"modified":"2023-09-05T10:36:12","modified_gmt":"2023-09-05T08:36:12","slug":"warum-pflegekurse-hilfreich-sind","status":"publish","type":"post","link":"https:\/\/digidem-bayern.de\/en\/warum-pflegekurse-hilfreich-sind\/","title":{"rendered":"Warum Pflegekurse hilfreich sind"},"content":{"rendered":"<p><strong>Wie wichtig Pflegekurse sind, zeigt eine aktuelle Studie aus Taiwan. Forschende haben in einer Beobachtungsstudie herausgefunden: Sind Pflegende geschult, kann dies die Anzahl der Besuche von Demenzpatient*innen in der Notaufnahme und die H\u00e4ufigkeit von Krankenhausaufenthalten reduzieren.<\/strong><\/p>\n\n\n\n<p>Demenz ist eine vielschichtige Erkrankung, die einerseits Pflegende herausfordert. Andererseits f\u00fchrt sie zu Kostensteigerungen im Gesundheitssystem, zum Beispiel durch mehr Krankenhausaufenthalte von Demenzpatient*innen. \u201ePatient*innen mit Demenz haben ein 1,42-mal h\u00f6heres Risiko einer Krankenhauseinweisung als Patient*innen ohne Demenz\u201c, schreiben die Forschenden&nbsp;der Medizinischen Universit\u00e4t in Taiwan in einer im Februar 2023 ver\u00f6ffentlichten Studie.<\/p>\n\n\n<div class=\"wp-block-image\">\n<figure class=\"alignright size-full is-resized\"><img loading=\"lazy\" decoding=\"async\" src=\"https:\/\/digidem-bayern.de\/wp-content\/uploads\/2023\/06\/Pflegekurse-Notaufnahme-shutterstock_1676206774.jpg\" alt=\"Die Beratung von pflegenden An- und Zugeh\u00f6rigen von Patient*innen mit MCI oder Demenz kann die H\u00e4ufigkeit von Notfallbesuchen und Krankenhausaufenthalten der Patient*innen deutlich verringern.\" class=\"wp-image-28998\" style=\"width:486px;height:325px\" width=\"486\" height=\"325\" srcset=\"https:\/\/digidem-bayern.de\/wp-content\/uploads\/2023\/06\/Pflegekurse-Notaufnahme-shutterstock_1676206774.jpg 1000w, https:\/\/digidem-bayern.de\/wp-content\/uploads\/2023\/06\/Pflegekurse-Notaufnahme-shutterstock_1676206774-300x201.jpg 300w, https:\/\/digidem-bayern.de\/wp-content\/uploads\/2023\/06\/Pflegekurse-Notaufnahme-shutterstock_1676206774-768x514.jpg 768w, https:\/\/digidem-bayern.de\/wp-content\/uploads\/2023\/06\/Pflegekurse-Notaufnahme-shutterstock_1676206774-523x350.jpg 523w\" sizes=\"auto, (max-width: 486px) 100vw, 486px\" \/><figcaption class=\"wp-element-caption\">Foto: Shutterstock<\/figcaption><\/figure>\n<\/div>\n\n\n<p>In der wissenschaftlichen Arbeit sind die Forschenden einer interessanten Frage nachgegangen. Reduzieren sich die Besuche von Demenzpatient*innen in der Notaufnahme, die Krankenhausaufenthalte und die Dauer der Krankenhausaufenthalte, wenn die Pflegenden zuvor einen Pflegekurs absolviert haben? Ist es f\u00fcr Menschen mit leichten kognitiven Einschr\u00e4nkungen (MCI) und mit Demenz von Nutzen, wenn pflegende An- und Zugeh\u00f6rige eine Beratung zur Betreuung von Demenzpatient*innen erhalten?<\/p>\n\n\n\n<p><strong>Beobachtungsstudie \u00fcber vier Jahre<\/strong><\/p>\n\n\n\n<p>Aus diesem Grund haben die Forschenden eine Beobachtungsstudie durchgef\u00fchrt. Zur\u00fcckgegriffen haben sie dabei auf die Daten von 350 Pflegenden einer Klinik in Taiwan im Zeitraum Januar 2017 bis Dezember 2018. Die Wissenschaftler*innen verglichen dabei zwei Zeitr\u00e4ume: zwei Jahre vor und zwei Jahre nach einem Beratungskurs, den die Pflegenden absolviert hatten. Zu den Kriterien z\u00e4hlten&nbsp;die H\u00e4ufigkeit der Besuche in der Notaufnahme, der Anzahl der Krankenhausaufenthalte und die Dauer der Krankenhausaufenthalte der Patient*innen.<\/p>\n\n\n\n<p><strong>Weniger Besuche in der Notaufnahme<\/strong><\/p>\n\n\n\n<p>In ihrer Schlussfolgerung kommen die Forschenden zu einem positiven Ergebnis. \u201eDie Beratung von pflegenden An- und Zugeh\u00f6rigen von Patient*innen mit MCI oder Demenz kann die H\u00e4ufigkeit von Notfallbesuchen und Krankenhausaufenthalten der Patient*innen deutlich verringern, nicht aber die Dauer der Krankenhausaufenthalte.\u201c So hat sich die H\u00e4ufigkeit von Besuchen in der Notaufnahme von 0,67 Mal pro Jahr vor der Beratung auf 0,25 Mal pro Jahr nach der Beratung reduziert. Signifikant ging auch die Anzahl der Krankenhausaufenthalte von j\u00e4hrlich 1,104 Mal auf 0,719 Mal\/Jahr zur\u00fcck, nachdem die pflegenden An- und Zugeh\u00f6rige beraten wurden. Die Dauer der Krankenhausaufenthalte vor und nach der Beratung hat sich nicht unterschieden. Vor der Pflegeschulung betrug die Aufenthaltsdauer 9,74 Tage, danach 9,23 Tage.<\/p>\n\n\n\n<p><strong>Tipp f\u00fcr die Praxis:<\/strong> Sofern Sie einen Menschen mit Demenz pflegen, nutzen Sie das Angebot von Pflegekursen. Dadurch lassen sich nicht nur die Qualit\u00e4t der Pflege und der eigene Umgang mit der Pflegesituation verbessern, sondern auch die Krankenhausbesuche verringern.<\/p>\n\n\n\n<p>Hier geht&#8217;s zur Zusammenfassung der Studie: <\/p>\n\n\n\n<p><strong><a href=\"https:\/\/karger.com\/dem\/article-abstract\/51\/6\/460\/832255\/Benefits-of-Caregiver-Counseling-in-Patients-with?redirectedFrom=fulltext\">Benefits of Caregiver Counseling in Patients with Dementia: A Retrospective Observational Study<\/a><\/strong><\/p>\n\n\n\n<p style=\"font-size:20px\"><\/p>\n\n\n\n<div style=\"height:20px\" aria-hidden=\"true\" class=\"wp-block-spacer\"><\/div>\n\n\n\n<div style=\"height:20px\" aria-hidden=\"true\" class=\"wp-block-spacer\"><\/div>","protected":false},"excerpt":{"rendered":"<p>Wie wichtig Pflegekurse sind, zeigt eine aktuelle Studie aus Taiwan. Forschende haben in einer Beobachtungsstudie herausgefunden: Sind Pflegende geschult, kann dies die Anzahl der Besuche von Demenzpatient*innen in der Notaufnahme und die H\u00e4ufigkeit von Krankenhausaufenthalten reduzieren. Demenz ist eine vielschichtige Erkrankung, die einerseits Pflegende herausfordert. Andererseits f\u00fchrt sie zu Kostensteigerungen &hellip;<\/p>","protected":false},"author":12,"featured_media":28998,"comment_status":"open","ping_status":"closed","sticky":false,"template":"","format":"standard","meta":{"qubely_global_settings":"","qubely_interactions":"","_uag_custom_page_level_css":"","footnotes":""},"categories":[5],"tags":[13,783,12,14,17,55,764,785,784,782],"class_list":["post-28988","post","type-post","status-publish","format-standard","has-post-thumbnail","hentry","category-wissenschaft-forschung","tag-alzheimer","tag-beobachtungsstudie","tag-demenz-2","tag-digidem","tag-digidem-bayern","tag-digitales-demenzregister-bayern","tag-krankenhaus","tag-krankenhausbesuch","tag-notaufnahme","tag-pflegekurse"],"qubely_featured_image_url":{"full":["https:\/\/digidem-bayern.de\/wp-content\/uploads\/2023\/06\/Pflegekurse-Notaufnahme-shutterstock_1676206774.jpg",1000,669,false],"landscape":["https:\/\/digidem-bayern.de\/wp-content\/uploads\/2023\/06\/Pflegekurse-Notaufnahme-shutterstock_1676206774.jpg",1000,669,false],"portraits":["https:\/\/digidem-bayern.de\/wp-content\/uploads\/2023\/06\/Pflegekurse-Notaufnahme-shutterstock_1676206774-540x320.jpg",540,320,true],"thumbnail":["https:\/\/digidem-bayern.de\/wp-content\/uploads\/2023\/06\/Pflegekurse-Notaufnahme-shutterstock_1676206774-80x80.jpg",80,80,true],"medium":["https:\/\/digidem-bayern.de\/wp-content\/uploads\/2023\/06\/Pflegekurse-Notaufnahme-shutterstock_1676206774-300x201.jpg",300,201,true],"medium_large":["https:\/\/digidem-bayern.de\/wp-content\/uploads\/2023\/06\/Pflegekurse-Notaufnahme-shutterstock_1676206774-768x514.jpg",768,514,true],"large":["https:\/\/digidem-bayern.de\/wp-content\/uploads\/2023\/06\/Pflegekurse-Notaufnahme-shutterstock_1676206774.jpg",1000,669,false],"1536x1536":["https:\/\/digidem-bayern.de\/wp-content\/uploads\/2023\/06\/Pflegekurse-Notaufnahme-shutterstock_1676206774.jpg",1000,669,false],"2048x2048":["https:\/\/digidem-bayern.de\/wp-content\/uploads\/2023\/06\/Pflegekurse-Notaufnahme-shutterstock_1676206774.jpg",1000,669,false],"trp-custom-language-flag":["https:\/\/digidem-bayern.de\/wp-content\/uploads\/2023\/06\/Pflegekurse-Notaufnahme-shutterstock_1676206774.jpg",18,12,false],"qubely_landscape":["https:\/\/digidem-bayern.de\/wp-content\/uploads\/2023\/06\/Pflegekurse-Notaufnahme-shutterstock_1676206774.jpg",1000,669,false],"qubely_portrait":["https:\/\/digidem-bayern.de\/wp-content\/uploads\/2023\/06\/Pflegekurse-Notaufnahme-shutterstock_1676206774-540x320.jpg",540,320,true],"qubely_thumbnail":["https:\/\/digidem-bayern.de\/wp-content\/uploads\/2023\/06\/Pflegekurse-Notaufnahme-shutterstock_1676206774-140x100.jpg",140,100,true],"post-thumbnail":["https:\/\/digidem-bayern.de\/wp-content\/uploads\/2023\/06\/Pflegekurse-Notaufnahme-shutterstock_1676206774-523x350.jpg",523,350,true],"kahuna-featured":["https:\/\/digidem-bayern.de\/wp-content\/uploads\/2023\/06\/Pflegekurse-Notaufnahme-shutterstock_1676206774-734x350.jpg",734,350,true],"kahuna-featured-lp":["https:\/\/digidem-bayern.de\/wp-content\/uploads\/2023\/06\/Pflegekurse-Notaufnahme-shutterstock_1676206774-520x350.jpg",520,350,true],"kahuna-featured-half":["https:\/\/digidem-bayern.de\/wp-content\/uploads\/2023\/06\/Pflegekurse-Notaufnahme-shutterstock_1676206774-800x350.jpg",800,350,true],"kahuna-featured-third":["https:\/\/digidem-bayern.de\/wp-content\/uploads\/2023\/06\/Pflegekurse-Notaufnahme-shutterstock_1676206774-512x350.jpg",512,350,true],"kahuna-lpbox-1":["https:\/\/digidem-bayern.de\/wp-content\/uploads\/2023\/06\/Pflegekurse-Notaufnahme-shutterstock_1676206774-520x300.jpg",520,300,true],"kahuna-lpbox-2":["https:\/\/digidem-bayern.de\/wp-content\/uploads\/2023\/06\/Pflegekurse-Notaufnahme-shutterstock_1676206774-520x350.jpg",520,350,true],"demand-language-flag":["https:\/\/digidem-bayern.de\/wp-content\/uploads\/2023\/06\/Pflegekurse-Notaufnahme-shutterstock_1676206774-36x36.jpg",36,36,true],"dddkt-language-flag":["https:\/\/digidem-bayern.de\/wp-content\/uploads\/2023\/06\/Pflegekurse-Notaufnahme-shutterstock_1676206774-36x36.jpg",36,36,true],"ddiqc-language-flag":["https:\/\/digidem-bayern.de\/wp-content\/uploads\/2023\/06\/Pflegekurse-Notaufnahme-shutterstock_1676206774-36x36.jpg",36,36,true],"ddtl-language-flag":["https:\/\/digidem-bayern.de\/wp-content\/uploads\/2023\/06\/Pflegekurse-Notaufnahme-shutterstock_1676206774-36x36.jpg",36,36,true],"mailpoet_newsletter_max":["https:\/\/digidem-bayern.de\/wp-content\/uploads\/2023\/06\/Pflegekurse-Notaufnahme-shutterstock_1676206774.jpg",1000,669,false],"kahuna-lpbox-3":["https:\/\/digidem-bayern.de\/wp-content\/uploads\/2023\/06\/Pflegekurse-Notaufnahme-shutterstock_1676206774-520x350.jpg",520,350,true],"kahuna-featured-square":["https:\/\/digidem-bayern.de\/wp-content\/uploads\/2023\/06\/Pflegekurse-Notaufnahme-shutterstock_1676206774-512x512.jpg",512,512,true],"kahuna-featured-square-large":["https:\/\/digidem-bayern.de\/wp-content\/uploads\/2023\/06\/Pflegekurse-Notaufnahme-shutterstock_1676206774.jpg",1000,669,false]},"qubely_author":{"display_name":"Ilona H\u00f6rath","author_link":"https:\/\/digidem-bayern.de\/en\/author\/hoeratia\/"},"qubely_comment":0,"qubely_category":"<a href=\"https:\/\/digidem-bayern.de\/en\/category\/wissenschaft-forschung\/\" rel=\"category tag\">Wissenschaft &amp; Forschung<\/a>","qubely_excerpt":"Wie wichtig Pflegekurse sind, zeigt eine aktuelle Studie aus Taiwan. Forschende haben in einer Beobachtungsstudie herausgefunden: Sind Pflegende geschult, kann dies die Anzahl der Besuche von Demenzpatient*innen in der Notaufnahme und die H\u00e4ufigkeit von Krankenhausaufenthalten reduzieren. Demenz ist eine vielschichtige Erkrankung, die einerseits Pflegende herausfordert. Andererseits f\u00fchrt sie zu Kostensteigerungen &hellip;","featured_image_urls_v2":{"full":["https:\/\/digidem-bayern.de\/wp-content\/uploads\/2023\/06\/Pflegekurse-Notaufnahme-shutterstock_1676206774.jpg",1000,669,false],"thumbnail":["https:\/\/digidem-bayern.de\/wp-content\/uploads\/2023\/06\/Pflegekurse-Notaufnahme-shutterstock_1676206774-80x80.jpg",80,80,true],"medium":["https:\/\/digidem-bayern.de\/wp-content\/uploads\/2023\/06\/Pflegekurse-Notaufnahme-shutterstock_1676206774-300x201.jpg",300,201,true],"medium_large":["https:\/\/digidem-bayern.de\/wp-content\/uploads\/2023\/06\/Pflegekurse-Notaufnahme-shutterstock_1676206774-768x514.jpg",768,514,true],"large":["https:\/\/digidem-bayern.de\/wp-content\/uploads\/2023\/06\/Pflegekurse-Notaufnahme-shutterstock_1676206774.jpg",1000,669,false],"1536x1536":["https:\/\/digidem-bayern.de\/wp-content\/uploads\/2023\/06\/Pflegekurse-Notaufnahme-shutterstock_1676206774.jpg",1000,669,false],"2048x2048":["https:\/\/digidem-bayern.de\/wp-content\/uploads\/2023\/06\/Pflegekurse-Notaufnahme-shutterstock_1676206774.jpg",1000,669,false],"trp-custom-language-flag":["https:\/\/digidem-bayern.de\/wp-content\/uploads\/2023\/06\/Pflegekurse-Notaufnahme-shutterstock_1676206774.jpg",18,12,false],"qubely_landscape":["https:\/\/digidem-bayern.de\/wp-content\/uploads\/2023\/06\/Pflegekurse-Notaufnahme-shutterstock_1676206774.jpg",1000,669,false],"qubely_portrait":["https:\/\/digidem-bayern.de\/wp-content\/uploads\/2023\/06\/Pflegekurse-Notaufnahme-shutterstock_1676206774-540x320.jpg",540,320,true],"qubely_thumbnail":["https:\/\/digidem-bayern.de\/wp-content\/uploads\/2023\/06\/Pflegekurse-Notaufnahme-shutterstock_1676206774-140x100.jpg",140,100,true],"post-thumbnail":["https:\/\/digidem-bayern.de\/wp-content\/uploads\/2023\/06\/Pflegekurse-Notaufnahme-shutterstock_1676206774-523x350.jpg",523,350,true],"kahuna-featured":["https:\/\/digidem-bayern.de\/wp-content\/uploads\/2023\/06\/Pflegekurse-Notaufnahme-shutterstock_1676206774-734x350.jpg",734,350,true],"kahuna-featured-lp":["https:\/\/digidem-bayern.de\/wp-content\/uploads\/2023\/06\/Pflegekurse-Notaufnahme-shutterstock_1676206774-520x350.jpg",520,350,true],"kahuna-featured-half":["https:\/\/digidem-bayern.de\/wp-content\/uploads\/2023\/06\/Pflegekurse-Notaufnahme-shutterstock_1676206774-800x350.jpg",800,350,true],"kahuna-featured-third":["https:\/\/digidem-bayern.de\/wp-content\/uploads\/2023\/06\/Pflegekurse-Notaufnahme-shutterstock_1676206774-512x350.jpg",512,350,true],"kahuna-lpbox-1":["https:\/\/digidem-bayern.de\/wp-content\/uploads\/2023\/06\/Pflegekurse-Notaufnahme-shutterstock_1676206774-520x300.jpg",520,300,true],"kahuna-lpbox-2":["https:\/\/digidem-bayern.de\/wp-content\/uploads\/2023\/06\/Pflegekurse-Notaufnahme-shutterstock_1676206774-520x350.jpg",520,350,true],"demand-language-flag":["https:\/\/digidem-bayern.de\/wp-content\/uploads\/2023\/06\/Pflegekurse-Notaufnahme-shutterstock_1676206774-36x36.jpg",36,36,true],"dddkt-language-flag":["https:\/\/digidem-bayern.de\/wp-content\/uploads\/2023\/06\/Pflegekurse-Notaufnahme-shutterstock_1676206774-36x36.jpg",36,36,true],"ddiqc-language-flag":["https:\/\/digidem-bayern.de\/wp-content\/uploads\/2023\/06\/Pflegekurse-Notaufnahme-shutterstock_1676206774-36x36.jpg",36,36,true],"ddtl-language-flag":["https:\/\/digidem-bayern.de\/wp-content\/uploads\/2023\/06\/Pflegekurse-Notaufnahme-shutterstock_1676206774-36x36.jpg",36,36,true],"mailpoet_newsletter_max":["https:\/\/digidem-bayern.de\/wp-content\/uploads\/2023\/06\/Pflegekurse-Notaufnahme-shutterstock_1676206774.jpg",1000,669,false],"kahuna-lpbox-3":["https:\/\/digidem-bayern.de\/wp-content\/uploads\/2023\/06\/Pflegekurse-Notaufnahme-shutterstock_1676206774-520x350.jpg",520,350,true],"kahuna-featured-square":["https:\/\/digidem-bayern.de\/wp-content\/uploads\/2023\/06\/Pflegekurse-Notaufnahme-shutterstock_1676206774-512x512.jpg",512,512,true],"kahuna-featured-square-large":["https:\/\/digidem-bayern.de\/wp-content\/uploads\/2023\/06\/Pflegekurse-Notaufnahme-shutterstock_1676206774.jpg",1000,669,false]},"post_excerpt_stackable_v2":"<p>Wie wichtig Pflegekurse sind, zeigt eine aktuelle Studie aus Taiwan. Forschende haben in einer Beobachtungsstudie herausgefunden: Sind Pflegende geschult, kann dies die Anzahl der Besuche von Demenzpatient*innen in der Notaufnahme und die H\u00e4ufigkeit von Krankenhausaufenthalten reduzieren. Demenz ist eine vielschichtige Erkrankung, die einerseits Pflegende herausfordert. Andererseits f\u00fchrt sie zu Kostensteigerungen im Gesundheitssystem, zum Beispiel durch mehr Krankenhausaufenthalte von Demenzpatient*innen. \u201ePatient*innen mit Demenz haben ein 1,42-mal h\u00f6heres Risiko einer Krankenhauseinweisung als Patient*innen ohne Demenz\u201c, schreiben die Forschenden&nbsp;der Medizinischen Universit\u00e4t in Taiwan in einer im Februar 2023 ver\u00f6ffentlichten Studie. Foto: Shutterstock In der wissenschaftlichen Arbeit sind die Forschenden einer interessanten Frage nachgegangen.&hellip;<\/p>\n","category_list_v2":"<a href=\"https:\/\/digidem-bayern.de\/en\/category\/wissenschaft-forschung\/\" rel=\"category tag\">Wissenschaft &amp; Forschung<\/a>","author_info_v2":{"name":"Ilona H\u00f6rath","url":"https:\/\/digidem-bayern.de\/en\/author\/hoeratia\/"},"comments_num_v2":"0 comments","yoast_head":"<!-- This site is optimized with the Yoast SEO plugin v27.5 - https:\/\/yoast.com\/product\/yoast-seo-wordpress\/ -->\n<title>Warum Pflegekurse hilfreich sind - digiDEM Bayern<\/title>\n<meta name=\"description\" content=\"Der Bayerische Landesapothekerkammer unterst\u00fctzt digiDEM Bayern mit Hilfe des Netzwerks &quot;Demenzfreundliche Apotheken&quot;.\" \/>\n<meta name=\"robots\" content=\"index, follow, max-snippet:-1, max-image-preview:large, max-video-preview:-1\" \/>\n<link rel=\"canonical\" href=\"https:\/\/digidem-bayern.de\/en\/warum-pflegekurse-hilfreich-sind\/\" \/>\n<meta property=\"og:locale\" content=\"en_US\" \/>\n<meta property=\"og:type\" content=\"article\" \/>\n<meta property=\"og:title\" content=\"Warum Pflegekurse hilfreich sind - digiDEM Bayern\" \/>\n<meta property=\"og:description\" content=\"Der Bayerische Landesapothekerkammer unterst\u00fctzt digiDEM Bayern mit Hilfe des Netzwerks &quot;Demenzfreundliche Apotheken&quot;.\" \/>\n<meta property=\"og:url\" content=\"https:\/\/digidem-bayern.de\/en\/warum-pflegekurse-hilfreich-sind\/\" \/>\n<meta property=\"og:site_name\" content=\"digiDEM Bayern\" \/>\n<meta property=\"article:publisher\" content=\"https:\/\/www.facebook.com\/digiDEMBayern\/\" \/>\n<meta property=\"article:published_time\" content=\"2023-06-28T06:02:00+00:00\" \/>\n<meta property=\"article:modified_time\" content=\"2023-09-05T08:36:12+00:00\" \/>\n<meta property=\"og:image\" content=\"https:\/\/digidem-bayern.de\/wp-content\/uploads\/2023\/06\/Pflegekurse-Notaufnahme-shutterstock_1676206774.jpg\" \/>\n\t<meta property=\"og:image:width\" content=\"1000\" \/>\n\t<meta property=\"og:image:height\" content=\"669\" \/>\n\t<meta property=\"og:image:type\" content=\"image\/jpeg\" \/>\n<meta name=\"author\" content=\"Ilona H\u00f6rath\" \/>\n<meta name=\"twitter:label1\" content=\"Written by\" \/>\n\t<meta name=\"twitter:data1\" content=\"Ilona H\u00f6rath\" \/>\n\t<meta name=\"twitter:label2\" content=\"Est. reading time\" \/>\n\t<meta name=\"twitter:data2\" content=\"2 minutes\" \/>\n<script type=\"application\/ld+json\" class=\"yoast-schema-graph\">{\"@context\":\"https:\\\/\\\/schema.org\",\"@graph\":[{\"@type\":\"Article\",\"@id\":\"https:\\\/\\\/digidem-bayern.de\\\/warum-pflegekurse-hilfreich-sind\\\/#article\",\"isPartOf\":{\"@id\":\"https:\\\/\\\/digidem-bayern.de\\\/warum-pflegekurse-hilfreich-sind\\\/\"},\"author\":{\"name\":\"Ilona H\u00f6rath\",\"@id\":\"\\\/#\\\/schema\\\/person\\\/0bc1494f46fc2a051c761322a80e0941\"},\"headline\":\"Warum Pflegekurse hilfreich sind\",\"datePublished\":\"2023-06-28T06:02:00+00:00\",\"dateModified\":\"2023-09-05T08:36:12+00:00\",\"mainEntityOfPage\":{\"@id\":\"https:\\\/\\\/digidem-bayern.de\\\/warum-pflegekurse-hilfreich-sind\\\/\"},\"wordCount\":432,\"commentCount\":0,\"publisher\":{\"@id\":\"\\\/#organization\"},\"image\":{\"@id\":\"https:\\\/\\\/digidem-bayern.de\\\/warum-pflegekurse-hilfreich-sind\\\/#primaryimage\"},\"thumbnailUrl\":\"https:\\\/\\\/digidem-bayern.de\\\/wp-content\\\/uploads\\\/2023\\\/06\\\/Pflegekurse-Notaufnahme-shutterstock_1676206774.jpg\",\"keywords\":[\"Alzheimer\",\"Beobachtungsstudie\",\"Demenz\",\"digidem\",\"digidem Bayern\",\"Digitales Demenzregister Bayern\",\"Krankenhaus\",\"Krankenhausbesuch\",\"Notaufnahme\",\"Pflegekurse\"],\"articleSection\":[\"Wissenschaft &amp; Forschung\"],\"inLanguage\":\"en-US\",\"potentialAction\":[{\"@type\":\"CommentAction\",\"name\":\"Comment\",\"target\":[\"https:\\\/\\\/digidem-bayern.de\\\/warum-pflegekurse-hilfreich-sind\\\/#respond\"]}]},{\"@type\":\"WebPage\",\"@id\":\"https:\\\/\\\/digidem-bayern.de\\\/warum-pflegekurse-hilfreich-sind\\\/\",\"url\":\"https:\\\/\\\/digidem-bayern.de\\\/warum-pflegekurse-hilfreich-sind\\\/\",\"name\":\"Warum Pflegekurse hilfreich sind - digiDEM Bayern\",\"isPartOf\":{\"@id\":\"\\\/#website\"},\"primaryImageOfPage\":{\"@id\":\"https:\\\/\\\/digidem-bayern.de\\\/warum-pflegekurse-hilfreich-sind\\\/#primaryimage\"},\"image\":{\"@id\":\"https:\\\/\\\/digidem-bayern.de\\\/warum-pflegekurse-hilfreich-sind\\\/#primaryimage\"},\"thumbnailUrl\":\"https:\\\/\\\/digidem-bayern.de\\\/wp-content\\\/uploads\\\/2023\\\/06\\\/Pflegekurse-Notaufnahme-shutterstock_1676206774.jpg\",\"datePublished\":\"2023-06-28T06:02:00+00:00\",\"dateModified\":\"2023-09-05T08:36:12+00:00\",\"description\":\"Der Bayerische Landesapothekerkammer unterst\u00fctzt digiDEM Bayern mit Hilfe des Netzwerks \\\"Demenzfreundliche Apotheken\\\".\",\"breadcrumb\":{\"@id\":\"https:\\\/\\\/digidem-bayern.de\\\/warum-pflegekurse-hilfreich-sind\\\/#breadcrumb\"},\"inLanguage\":\"en-US\",\"potentialAction\":[{\"@type\":\"ReadAction\",\"target\":[\"https:\\\/\\\/digidem-bayern.de\\\/warum-pflegekurse-hilfreich-sind\\\/\"]}]},{\"@type\":\"ImageObject\",\"inLanguage\":\"en-US\",\"@id\":\"https:\\\/\\\/digidem-bayern.de\\\/warum-pflegekurse-hilfreich-sind\\\/#primaryimage\",\"url\":\"https:\\\/\\\/digidem-bayern.de\\\/wp-content\\\/uploads\\\/2023\\\/06\\\/Pflegekurse-Notaufnahme-shutterstock_1676206774.jpg\",\"contentUrl\":\"https:\\\/\\\/digidem-bayern.de\\\/wp-content\\\/uploads\\\/2023\\\/06\\\/Pflegekurse-Notaufnahme-shutterstock_1676206774.jpg\",\"width\":1000,\"height\":669,\"caption\":\"Foto: Shutterstock\"},{\"@type\":\"BreadcrumbList\",\"@id\":\"https:\\\/\\\/digidem-bayern.de\\\/warum-pflegekurse-hilfreich-sind\\\/#breadcrumb\",\"itemListElement\":[{\"@type\":\"ListItem\",\"position\":1,\"name\":\"Startseite\",\"item\":\"https:\\\/\\\/digidem-bayern.de\\\/\"},{\"@type\":\"ListItem\",\"position\":2,\"name\":\"Warum Pflegekurse hilfreich sind\"}]},{\"@type\":\"WebSite\",\"@id\":\"\\\/#website\",\"url\":\"\\\/\",\"name\":\"digiDEM Bayern\",\"description\":\"Das digitale Demenzregister Bayern erforscht und verbessert die Angebotsstuktur f\u00fcr Menschen mit Demenz und deren Angeh\u00f6rige\",\"publisher\":{\"@id\":\"\\\/#organization\"},\"potentialAction\":[{\"@type\":\"SearchAction\",\"target\":{\"@type\":\"EntryPoint\",\"urlTemplate\":\"\\\/?s={search_term_string}\"},\"query-input\":{\"@type\":\"PropertyValueSpecification\",\"valueRequired\":true,\"valueName\":\"search_term_string\"}}],\"inLanguage\":\"en-US\"},{\"@type\":\"Organization\",\"@id\":\"\\\/#organization\",\"name\":\"digiDEM Bayern\",\"url\":\"\\\/\",\"logo\":{\"@type\":\"ImageObject\",\"inLanguage\":\"en-US\",\"@id\":\"\\\/#\\\/schema\\\/logo\\\/image\\\/\",\"url\":\"https:\\\/\\\/digidem-bayern.de\\\/wp-content\\\/uploads\\\/2022\\\/03\\\/cropped-Allgemeines_digiDEMLOGO-removebg-preview.png\",\"contentUrl\":\"https:\\\/\\\/digidem-bayern.de\\\/wp-content\\\/uploads\\\/2022\\\/03\\\/cropped-Allgemeines_digiDEMLOGO-removebg-preview.png\",\"width\":612,\"height\":357,\"caption\":\"digiDEM Bayern\"},\"image\":{\"@id\":\"\\\/#\\\/schema\\\/logo\\\/image\\\/\"},\"sameAs\":[\"https:\\\/\\\/www.facebook.com\\\/digiDEMBayern\\\/\",\"https:\\\/\\\/x.com\\\/digidem_bayern\",\"https:\\\/\\\/www.instagram.com\\\/digidem.bayern\",\"https:\\\/\\\/www.linkedin.com\\\/company\\\/digidem-bayern\\\/\"]},{\"@type\":\"Person\",\"@id\":\"\\\/#\\\/schema\\\/person\\\/0bc1494f46fc2a051c761322a80e0941\",\"name\":\"Ilona H\u00f6rath\",\"url\":\"https:\\\/\\\/digidem-bayern.de\\\/en\\\/author\\\/hoeratia\\\/\"}]}<\/script>\n<!-- \/ Yoast SEO plugin. -->","yoast_head_json":{"title":"Warum Pflegekurse hilfreich sind - digiDEM Bayern","description":"Der Bayerische Landesapothekerkammer unterst\u00fctzt digiDEM Bayern mit Hilfe des Netzwerks \"Demenzfreundliche Apotheken\".","robots":{"index":"index","follow":"follow","max-snippet":"max-snippet:-1","max-image-preview":"max-image-preview:large","max-video-preview":"max-video-preview:-1"},"canonical":"https:\/\/digidem-bayern.de\/en\/warum-pflegekurse-hilfreich-sind\/","og_locale":"en_US","og_type":"article","og_title":"Warum Pflegekurse hilfreich sind - digiDEM Bayern","og_description":"Der Bayerische Landesapothekerkammer unterst\u00fctzt digiDEM Bayern mit Hilfe des Netzwerks \"Demenzfreundliche Apotheken\".","og_url":"https:\/\/digidem-bayern.de\/en\/warum-pflegekurse-hilfreich-sind\/","og_site_name":"digiDEM Bayern","article_publisher":"https:\/\/www.facebook.com\/digiDEMBayern\/","article_published_time":"2023-06-28T06:02:00+00:00","article_modified_time":"2023-09-05T08:36:12+00:00","og_image":[{"width":1000,"height":669,"url":"https:\/\/digidem-bayern.de\/wp-content\/uploads\/2023\/06\/Pflegekurse-Notaufnahme-shutterstock_1676206774.jpg","type":"image\/jpeg"}],"author":"Ilona H\u00f6rath","twitter_misc":{"Written by":"Ilona H\u00f6rath","Est. reading time":"2 minutes"},"schema":{"@context":"https:\/\/schema.org","@graph":[{"@type":"Article","@id":"https:\/\/digidem-bayern.de\/warum-pflegekurse-hilfreich-sind\/#article","isPartOf":{"@id":"https:\/\/digidem-bayern.de\/warum-pflegekurse-hilfreich-sind\/"},"author":{"name":"Ilona H\u00f6rath","@id":"\/#\/schema\/person\/0bc1494f46fc2a051c761322a80e0941"},"headline":"Warum Pflegekurse hilfreich sind","datePublished":"2023-06-28T06:02:00+00:00","dateModified":"2023-09-05T08:36:12+00:00","mainEntityOfPage":{"@id":"https:\/\/digidem-bayern.de\/warum-pflegekurse-hilfreich-sind\/"},"wordCount":432,"commentCount":0,"publisher":{"@id":"\/#organization"},"image":{"@id":"https:\/\/digidem-bayern.de\/warum-pflegekurse-hilfreich-sind\/#primaryimage"},"thumbnailUrl":"https:\/\/digidem-bayern.de\/wp-content\/uploads\/2023\/06\/Pflegekurse-Notaufnahme-shutterstock_1676206774.jpg","keywords":["Alzheimer","Beobachtungsstudie","Demenz","digidem","digidem Bayern","Digitales Demenzregister Bayern","Krankenhaus","Krankenhausbesuch","Notaufnahme","Pflegekurse"],"articleSection":["Wissenschaft &amp; Forschung"],"inLanguage":"en-US","potentialAction":[{"@type":"CommentAction","name":"Comment","target":["https:\/\/digidem-bayern.de\/warum-pflegekurse-hilfreich-sind\/#respond"]}]},{"@type":"WebPage","@id":"https:\/\/digidem-bayern.de\/warum-pflegekurse-hilfreich-sind\/","url":"https:\/\/digidem-bayern.de\/warum-pflegekurse-hilfreich-sind\/","name":"Warum Pflegekurse hilfreich sind - digiDEM Bayern","isPartOf":{"@id":"\/#website"},"primaryImageOfPage":{"@id":"https:\/\/digidem-bayern.de\/warum-pflegekurse-hilfreich-sind\/#primaryimage"},"image":{"@id":"https:\/\/digidem-bayern.de\/warum-pflegekurse-hilfreich-sind\/#primaryimage"},"thumbnailUrl":"https:\/\/digidem-bayern.de\/wp-content\/uploads\/2023\/06\/Pflegekurse-Notaufnahme-shutterstock_1676206774.jpg","datePublished":"2023-06-28T06:02:00+00:00","dateModified":"2023-09-05T08:36:12+00:00","description":"Der Bayerische Landesapothekerkammer unterst\u00fctzt digiDEM Bayern mit Hilfe des Netzwerks \"Demenzfreundliche Apotheken\".","breadcrumb":{"@id":"https:\/\/digidem-bayern.de\/warum-pflegekurse-hilfreich-sind\/#breadcrumb"},"inLanguage":"en-US","potentialAction":[{"@type":"ReadAction","target":["https:\/\/digidem-bayern.de\/warum-pflegekurse-hilfreich-sind\/"]}]},{"@type":"ImageObject","inLanguage":"en-US","@id":"https:\/\/digidem-bayern.de\/warum-pflegekurse-hilfreich-sind\/#primaryimage","url":"https:\/\/digidem-bayern.de\/wp-content\/uploads\/2023\/06\/Pflegekurse-Notaufnahme-shutterstock_1676206774.jpg","contentUrl":"https:\/\/digidem-bayern.de\/wp-content\/uploads\/2023\/06\/Pflegekurse-Notaufnahme-shutterstock_1676206774.jpg","width":1000,"height":669,"caption":"Foto: Shutterstock"},{"@type":"BreadcrumbList","@id":"https:\/\/digidem-bayern.de\/warum-pflegekurse-hilfreich-sind\/#breadcrumb","itemListElement":[{"@type":"ListItem","position":1,"name":"Startseite","item":"https:\/\/digidem-bayern.de\/"},{"@type":"ListItem","position":2,"name":"Warum Pflegekurse hilfreich sind"}]},{"@type":"WebSite","@id":"\/#website","url":"\/","name":"digiDEM Bavaria","description":"The digital dementia register in Bavaria researches and improves the structure of services for people with dementia and their relatives","publisher":{"@id":"\/#organization"},"potentialAction":[{"@type":"SearchAction","target":{"@type":"EntryPoint","urlTemplate":"\/?s={search_term_string}"},"query-input":{"@type":"PropertyValueSpecification","valueRequired":true,"valueName":"search_term_string"}}],"inLanguage":"en-US"},{"@type":"Organization","@id":"\/#organization","name":"digiDEM Bavaria","url":"\/","logo":{"@type":"ImageObject","inLanguage":"en-US","@id":"\/#\/schema\/logo\/image\/","url":"https:\/\/digidem-bayern.de\/wp-content\/uploads\/2022\/03\/cropped-Allgemeines_digiDEMLOGO-removebg-preview.png","contentUrl":"https:\/\/digidem-bayern.de\/wp-content\/uploads\/2022\/03\/cropped-Allgemeines_digiDEMLOGO-removebg-preview.png","width":612,"height":357,"caption":"digiDEM Bayern"},"image":{"@id":"\/#\/schema\/logo\/image\/"},"sameAs":["https:\/\/www.facebook.com\/digiDEMBayern\/","https:\/\/x.com\/digidem_bayern","https:\/\/www.instagram.com\/digidem.bayern","https:\/\/www.linkedin.com\/company\/digidem-bayern\/"]},{"@type":"Person","@id":"\/#\/schema\/person\/0bc1494f46fc2a051c761322a80e0941","name":"Ilona H\u00f6rath","url":"https:\/\/digidem-bayern.de\/en\/author\/hoeratia\/"}]}},"uagb_featured_image_src":{"full":["https:\/\/digidem-bayern.de\/wp-content\/uploads\/2023\/06\/Pflegekurse-Notaufnahme-shutterstock_1676206774.jpg",1000,669,false],"thumbnail":["https:\/\/digidem-bayern.de\/wp-content\/uploads\/2023\/06\/Pflegekurse-Notaufnahme-shutterstock_1676206774-80x80.jpg",80,80,true],"medium":["https:\/\/digidem-bayern.de\/wp-content\/uploads\/2023\/06\/Pflegekurse-Notaufnahme-shutterstock_1676206774-300x201.jpg",300,201,true],"medium_large":["https:\/\/digidem-bayern.de\/wp-content\/uploads\/2023\/06\/Pflegekurse-Notaufnahme-shutterstock_1676206774-768x514.jpg",768,514,true],"large":["https:\/\/digidem-bayern.de\/wp-content\/uploads\/2023\/06\/Pflegekurse-Notaufnahme-shutterstock_1676206774.jpg",1000,669,false],"1536x1536":["https:\/\/digidem-bayern.de\/wp-content\/uploads\/2023\/06\/Pflegekurse-Notaufnahme-shutterstock_1676206774.jpg",1000,669,false],"2048x2048":["https:\/\/digidem-bayern.de\/wp-content\/uploads\/2023\/06\/Pflegekurse-Notaufnahme-shutterstock_1676206774.jpg",1000,669,false],"trp-custom-language-flag":["https:\/\/digidem-bayern.de\/wp-content\/uploads\/2023\/06\/Pflegekurse-Notaufnahme-shutterstock_1676206774.jpg",18,12,false],"qubely_landscape":["https:\/\/digidem-bayern.de\/wp-content\/uploads\/2023\/06\/Pflegekurse-Notaufnahme-shutterstock_1676206774.jpg",1000,669,false],"qubely_portrait":["https:\/\/digidem-bayern.de\/wp-content\/uploads\/2023\/06\/Pflegekurse-Notaufnahme-shutterstock_1676206774-540x320.jpg",540,320,true],"qubely_thumbnail":["https:\/\/digidem-bayern.de\/wp-content\/uploads\/2023\/06\/Pflegekurse-Notaufnahme-shutterstock_1676206774-140x100.jpg",140,100,true],"post-thumbnail":["https:\/\/digidem-bayern.de\/wp-content\/uploads\/2023\/06\/Pflegekurse-Notaufnahme-shutterstock_1676206774-523x350.jpg",523,350,true],"kahuna-featured":["https:\/\/digidem-bayern.de\/wp-content\/uploads\/2023\/06\/Pflegekurse-Notaufnahme-shutterstock_1676206774-734x350.jpg",734,350,true],"kahuna-featured-lp":["https:\/\/digidem-bayern.de\/wp-content\/uploads\/2023\/06\/Pflegekurse-Notaufnahme-shutterstock_1676206774-520x350.jpg",520,350,true],"kahuna-featured-half":["https:\/\/digidem-bayern.de\/wp-content\/uploads\/2023\/06\/Pflegekurse-Notaufnahme-shutterstock_1676206774-800x350.jpg",800,350,true],"kahuna-featured-third":["https:\/\/digidem-bayern.de\/wp-content\/uploads\/2023\/06\/Pflegekurse-Notaufnahme-shutterstock_1676206774-512x350.jpg",512,350,true],"kahuna-lpbox-1":["https:\/\/digidem-bayern.de\/wp-content\/uploads\/2023\/06\/Pflegekurse-Notaufnahme-shutterstock_1676206774-520x300.jpg",520,300,true],"kahuna-lpbox-2":["https:\/\/digidem-bayern.de\/wp-content\/uploads\/2023\/06\/Pflegekurse-Notaufnahme-shutterstock_1676206774-520x350.jpg",520,350,true],"demand-language-flag":["https:\/\/digidem-bayern.de\/wp-content\/uploads\/2023\/06\/Pflegekurse-Notaufnahme-shutterstock_1676206774-36x36.jpg",36,36,true],"dddkt-language-flag":["https:\/\/digidem-bayern.de\/wp-content\/uploads\/2023\/06\/Pflegekurse-Notaufnahme-shutterstock_1676206774-36x36.jpg",36,36,true],"ddiqc-language-flag":["https:\/\/digidem-bayern.de\/wp-content\/uploads\/2023\/06\/Pflegekurse-Notaufnahme-shutterstock_1676206774-36x36.jpg",36,36,true],"ddtl-language-flag":["https:\/\/digidem-bayern.de\/wp-content\/uploads\/2023\/06\/Pflegekurse-Notaufnahme-shutterstock_1676206774-36x36.jpg",36,36,true],"mailpoet_newsletter_max":["https:\/\/digidem-bayern.de\/wp-content\/uploads\/2023\/06\/Pflegekurse-Notaufnahme-shutterstock_1676206774.jpg",1000,669,false],"kahuna-lpbox-3":["https:\/\/digidem-bayern.de\/wp-content\/uploads\/2023\/06\/Pflegekurse-Notaufnahme-shutterstock_1676206774-520x350.jpg",520,350,true],"kahuna-featured-square":["https:\/\/digidem-bayern.de\/wp-content\/uploads\/2023\/06\/Pflegekurse-Notaufnahme-shutterstock_1676206774-512x512.jpg",512,512,true],"kahuna-featured-square-large":["https:\/\/digidem-bayern.de\/wp-content\/uploads\/2023\/06\/Pflegekurse-Notaufnahme-shutterstock_1676206774.jpg",1000,669,false]},"uagb_author_info":{"display_name":"Ilona H\u00f6rath","author_link":"https:\/\/digidem-bayern.de\/en\/author\/hoeratia\/"},"uagb_comment_info":0,"uagb_excerpt":"Wie wichtig Pflegekurse sind, zeigt eine aktuelle Studie aus Taiwan. Forschende haben in einer Beobachtungsstudie herausgefunden: Sind Pflegende geschult, kann dies die Anzahl der Besuche von Demenzpatient*innen in der Notaufnahme und die H\u00e4ufigkeit von Krankenhausaufenthalten reduzieren. Demenz ist eine vielschichtige Erkrankung, die einerseits Pflegende herausfordert. Andererseits f\u00fchrt sie zu Kostensteigerungen &hellip;","_links":{"self":[{"href":"https:\/\/digidem-bayern.de\/en\/wp-json\/wp\/v2\/posts\/28988","targetHints":{"allow":["GET"]}}],"collection":[{"href":"https:\/\/digidem-bayern.de\/en\/wp-json\/wp\/v2\/posts"}],"about":[{"href":"https:\/\/digidem-bayern.de\/en\/wp-json\/wp\/v2\/types\/post"}],"author":[{"embeddable":true,"href":"https:\/\/digidem-bayern.de\/en\/wp-json\/wp\/v2\/users\/12"}],"replies":[{"embeddable":true,"href":"https:\/\/digidem-bayern.de\/en\/wp-json\/wp\/v2\/comments?post=28988"}],"version-history":[{"count":4,"href":"https:\/\/digidem-bayern.de\/en\/wp-json\/wp\/v2\/posts\/28988\/revisions"}],"predecessor-version":[{"id":30138,"href":"https:\/\/digidem-bayern.de\/en\/wp-json\/wp\/v2\/posts\/28988\/revisions\/30138"}],"wp:featuredmedia":[{"embeddable":true,"href":"https:\/\/digidem-bayern.de\/en\/wp-json\/wp\/v2\/media\/28998"}],"wp:attachment":[{"href":"https:\/\/digidem-bayern.de\/en\/wp-json\/wp\/v2\/media?parent=28988"}],"wp:term":[{"taxonomy":"category","embeddable":true,"href":"https:\/\/digidem-bayern.de\/en\/wp-json\/wp\/v2\/categories?post=28988"},{"taxonomy":"post_tag","embeddable":true,"href":"https:\/\/digidem-bayern.de\/en\/wp-json\/wp\/v2\/tags?post=28988"}],"curies":[{"name":"wp","href":"https:\/\/api.w.org\/{rel}","templated":true}]}}