{"id":28922,"date":"2022-10-01T13:55:00","date_gmt":"2022-10-01T11:55:00","guid":{"rendered":"https:\/\/digidem-bayern.de\/?p=28922"},"modified":"2025-11-24T11:46:24","modified_gmt":"2025-11-24T10:46:24","slug":"symposium-teil-iii-inanspruchnahme-von-unterstuetzungsangeboten","status":"publish","type":"post","link":"https:\/\/digidem-bayern.de\/en\/symposium-teil-iii-inanspruchnahme-von-unterstuetzungsangeboten\/","title":{"rendered":"Symposium Teil III Inanspruchnahme von Unterst\u00fctzungsangeboten"},"content":{"rendered":"\n<p><strong>Hintergrund: <\/strong>Ein wichtiger Ausgangspunkt, um die Versorgung von Menschen mit kognitiven Beeintr\u00e4chtigungen und deren Angeh\u00f6rigen in Zukunft verbessern und ausbauen zu k\u00f6nnen, ist die Kenntnis der Inanspruchnahme bzw. Nicht-Inanspruchnahme von Angeboten, welche die Betroffenen entlasten bzw. unterst\u00fctzen k\u00f6nnen. Die internationale Literatur zeigt, dass die Inanspruchnahme meist gering ist, obwohl verschiedene Unterst\u00fctzungsleistungen vorhanden sind [1],[2],[3]. Daher ist die Ermittlung der Gr\u00fcnde f\u00fcr die Nicht-Nutzung von Angeboten ist in diesem Zusammenhang wichtig.<\/p>\n\n\n\n<p><strong>Zielsetzung: <\/strong>Im Rahmen des Projekts digiDEM Bayern wird analysiert, welche ambulanten Angebote von den Zielgruppen des digitalen Demenzregister Bayerns in Anspruch genommen werden. Zudem werden die Gr\u00fcnde f\u00fcr die Nicht-Inanspruchnahme von Unterst\u00fctzungsangeboten bestimmt.<\/p>\n\n\n\n<p><strong>Methodik: <\/strong>Hierzu werden die Daten der ersten 100 Menschen mit leichter konkreter Beeintr\u00e4chtigung und der ersten 100 Menschen mit Demenz, die in das Register aufgenommen wurden, analysiert. Die Datenerhebung der Inanspruchnahme bzw. Nicht-Inanspruchnahme von Angeboten erfolgt mit dem Fragebogen \u201eDementia Assessment of Service Needs\u201c (DEMAND).<\/p>\n\n\n\n<p><strong>Ausblick: <\/strong>Aus den Ergebnissen lassen sich erste Schlussfolgerungen ableiten, wie die Versorgungssituation f\u00fcr Menschen mit Demenz und ihre Angeh\u00f6rigen sowie f\u00fcr Menschen mit leichter kognitiver Beeintr\u00e4chtigung gezielt verbessert werden kann.<\/p>\n\n\n\n<p><strong>Literaturverzeichnis:<\/strong><\/p>\n\n\n\n<p>[1] Feldman, S. J., Solway, E., Kirch, M., Malani, P., Singer, D., &amp; Roberts, J. S., (2021), Correlates of Formal Support Service Use among Dementia Caregivers, J Gerontol Soc Work, 135-150, 64(2), <a href=\"https:\/\/doi.org\/10.1080\/01634372.2020.1816589\">https:\/\/doi.org\/10.1080\/01634372.2020.1816589<\/a>, 2022-03-30<br>[2] Lethin, C., Leino-Kilpi, H., Roe, B., Soto, M. M., Saks, K., Stephan, A., Zwakhalen, S., Zabalegui, A., &amp; mKarlsson, S., (2016), Formal support for informal caregivers to older persons with dementia through the  course of the disease: an exploratory, cross-sectional study., BMC Geriatr, 32, 16, <a href=\"https:\/\/doi.org\/10.1186\/s12877-016-0210-9\">https:\/\/doi.org\/10.1186\/s12877-016-0210-9<\/a>, 2022-03-30<br>[3] Phillipson, L., Jones, S. C., &amp; Magee, C. , (2014), A review of the factors associated with the non-use of respite services by carers of people with dementia: implications for policy and practice, Health Soc Care Community, 1-12, 22(1), <a href=\"https:\/\/doi.org\/10.1111\/hsc.12036\">https:\/\/doi.org\/10.1111\/hsc.12036<\/a>, 2022-03-30<\/p>\n\n\n\n<p><\/p>\n\n\n<a href=\"https:\/\/digidem-bayern.de\/wp-content\/uploads\/2023\/06\/2022-Kongress-der-Deutschen-Alzheimer-Gesellschaft-AKE.pdf\" class=\"pdfemb-viewer\" style=\"\" data-width=\"max\" data-height=\"max\" data-toolbar=\"bottom\" data-toolbar-fixed=\"off\">2022-Kongress-der-Deutschen-Alzheimer-Gesellschaft-AKE<\/a>\n\n\n<p><strong>Vortrag <\/strong>vorgestellt auf dem 11. Kongress der Deutschen Alzheimer Gesellschaft am 01.10.2022<\/p>\n\n\n\n<p>Anne Keefer, Nikolas Dietzel, Peter. L. Kolominsky-Rabas, Elmar Gr\u00e4\u00dfel<\/p>\n","protected":false},"excerpt":{"rendered":"<p>Hintergrund: Ein wichtiger Ausgangspunkt, um die Versorgung von Menschen mit kognitiven Beeintr\u00e4chtigungen und deren Angeh\u00f6rigen in Zukunft verbessern und ausbauen zu k\u00f6nnen, ist die Kenntnis der Inanspruchnahme bzw. Nicht-Inanspruchnahme von Angeboten, welche die Betroffenen entlasten bzw. unterst\u00fctzen k\u00f6nnen. Die internationale Literatur zeigt, dass die Inanspruchnahme meist gering ist, obwohl verschiedene &hellip;<\/p>","protected":false},"author":11,"featured_media":0,"comment_status":"open","ping_status":"closed","sticky":false,"template":"","format":"standard","meta":{"qubely_global_settings":"","qubely_interactions":"","_uag_custom_page_level_css":"","footnotes":""},"categories":[780],"tags":[165,14,17,55,781],"class_list":["post-28922","post","type-post","status-publish","format-standard","hentry","category-kongressbeitraege","tag-deutsche-alzheimer-gesellschaft","tag-digidem","tag-digidem-bayern","tag-digitales-demenzregister-bayern","tag-kongress"],"qubely_featured_image_url":null,"qubely_author":{"display_name":"Michael Zeiler","author_link":"https:\/\/digidem-bayern.de\/en\/author\/michael-zeiler\/"},"qubely_comment":0,"qubely_category":"<a href=\"https:\/\/digidem-bayern.de\/en\/category\/kongressbeitraege\/\" rel=\"category tag\">Kongressbeitr\u00e4ge<\/a>","qubely_excerpt":"Hintergrund: Ein wichtiger Ausgangspunkt, um die Versorgung von Menschen mit kognitiven Beeintr\u00e4chtigungen und deren Angeh\u00f6rigen in Zukunft verbessern und ausbauen zu k\u00f6nnen, ist die Kenntnis der Inanspruchnahme bzw. Nicht-Inanspruchnahme von Angeboten, welche die Betroffenen entlasten bzw. unterst\u00fctzen k\u00f6nnen. Die internationale Literatur zeigt, dass die Inanspruchnahme meist gering ist, obwohl verschiedene &hellip;","featured_image_urls_v2":{"full":"","thumbnail":"","medium":"","medium_large":"","large":"","1536x1536":"","2048x2048":"","trp-custom-language-flag":"","qubely_landscape":"","qubely_portrait":"","qubely_thumbnail":"","post-thumbnail":"","kahuna-featured":"","kahuna-featured-lp":"","kahuna-featured-half":"","kahuna-featured-third":"","kahuna-lpbox-1":"","kahuna-lpbox-2":"","demand-language-flag":"","dddkt-language-flag":"","ddiqc-language-flag":"","ddtl-language-flag":"","mailpoet_newsletter_max":"","kahuna-lpbox-3":"","kahuna-featured-square":"","kahuna-featured-square-large":""},"post_excerpt_stackable_v2":"<p>Hintergrund: Ein wichtiger Ausgangspunkt, um die Versorgung von Menschen mit kognitiven Beeintr\u00e4chtigungen und deren Angeh\u00f6rigen in Zukunft verbessern und ausbauen zu k\u00f6nnen, ist die Kenntnis der Inanspruchnahme bzw. Nicht-Inanspruchnahme von Angeboten, welche die Betroffenen entlasten bzw. unterst\u00fctzen k\u00f6nnen. Die internationale Literatur zeigt, dass die Inanspruchnahme meist gering ist, obwohl verschiedene Unterst\u00fctzungsleistungen vorhanden sind [1],[2],[3]. Daher ist die Ermittlung der Gr\u00fcnde f\u00fcr die Nicht-Nutzung von Angeboten ist in diesem Zusammenhang wichtig. Zielsetzung: Im Rahmen des Projekts digiDEM Bayern wird analysiert, welche ambulanten Angebote von den Zielgruppen des digitalen Demenzregister Bayerns in Anspruch genommen werden. Zudem werden die Gr\u00fcnde f\u00fcr die Nicht-Inanspruchnahme&hellip;<\/p>\n","category_list_v2":"<a href=\"https:\/\/digidem-bayern.de\/en\/category\/kongressbeitraege\/\" rel=\"category tag\">Kongressbeitr\u00e4ge<\/a>","author_info_v2":{"name":"Michael Zeiler","url":"https:\/\/digidem-bayern.de\/en\/author\/michael-zeiler\/"},"comments_num_v2":"0 comments","yoast_head":"<!-- This site is optimized with the Yoast SEO plugin v27.4 - https:\/\/yoast.com\/product\/yoast-seo-wordpress\/ -->\n<title>Symposium Teil III Inanspruchnahme von Unterst\u00fctzungsangeboten - digiDEM Bayern<\/title>\n<meta name=\"description\" content=\"Ziel des bayernweiten Projektes digiDEM ist die nachhaltige Verbesserung der Versorgungssituation von Menschen mit Demenz sowie deren pflegenden Angeh\u00f6rigen\" \/>\n<meta name=\"robots\" content=\"index, follow, max-snippet:-1, max-image-preview:large, max-video-preview:-1\" \/>\n<link rel=\"canonical\" href=\"https:\/\/digidem-bayern.de\/en\/symposium-teil-iii-inanspruchnahme-von-unterstuetzungsangeboten\/\" \/>\n<meta property=\"og:locale\" content=\"en_US\" \/>\n<meta property=\"og:type\" content=\"article\" \/>\n<meta property=\"og:title\" content=\"Symposium Teil III Inanspruchnahme von Unterst\u00fctzungsangeboten - digiDEM Bayern\" \/>\n<meta property=\"og:description\" content=\"Ziel des bayernweiten Projektes digiDEM ist die nachhaltige Verbesserung der Versorgungssituation von Menschen mit Demenz sowie deren pflegenden Angeh\u00f6rigen\" \/>\n<meta property=\"og:url\" content=\"https:\/\/digidem-bayern.de\/en\/symposium-teil-iii-inanspruchnahme-von-unterstuetzungsangeboten\/\" \/>\n<meta property=\"og:site_name\" content=\"digiDEM Bayern\" \/>\n<meta property=\"article:publisher\" content=\"https:\/\/www.facebook.com\/digiDEMBayern\/\" \/>\n<meta property=\"article:published_time\" content=\"2022-10-01T11:55:00+00:00\" \/>\n<meta property=\"article:modified_time\" content=\"2025-11-24T10:46:24+00:00\" \/>\n<meta property=\"og:image\" content=\"https:\/\/digidem-bayern.de\/wp-content\/uploads\/logo-digidem-digitales-demenzregister-bayern.jpg.png\" \/>\n\t<meta property=\"og:image:width\" content=\"340\" \/>\n\t<meta property=\"og:image:height\" content=\"200\" \/>\n\t<meta property=\"og:image:type\" content=\"image\/png\" \/>\n<meta name=\"author\" content=\"Michael Zeiler\" \/>\n<meta name=\"twitter:label1\" content=\"Written by\" \/>\n\t<meta name=\"twitter:data1\" content=\"Michael Zeiler\" \/>\n\t<meta name=\"twitter:label2\" content=\"Est. reading time\" \/>\n\t<meta name=\"twitter:data2\" content=\"2 minutes\" \/>\n<script type=\"application\/ld+json\" class=\"yoast-schema-graph\">{\"@context\":\"https:\\\/\\\/schema.org\",\"@graph\":[{\"@type\":\"Article\",\"@id\":\"https:\\\/\\\/digidem-bayern.de\\\/symposium-teil-iii-inanspruchnahme-von-unterstuetzungsangeboten\\\/#article\",\"isPartOf\":{\"@id\":\"https:\\\/\\\/digidem-bayern.de\\\/symposium-teil-iii-inanspruchnahme-von-unterstuetzungsangeboten\\\/\"},\"author\":{\"name\":\"Michael Zeiler\",\"@id\":\"\\\/#\\\/schema\\\/person\\\/92754ad381f49b3c358d1d8d2c4f90b8\"},\"headline\":\"Symposium Teil III Inanspruchnahme von Unterst\u00fctzungsangeboten\",\"datePublished\":\"2022-10-01T11:55:00+00:00\",\"dateModified\":\"2025-11-24T10:46:24+00:00\",\"mainEntityOfPage\":{\"@id\":\"https:\\\/\\\/digidem-bayern.de\\\/symposium-teil-iii-inanspruchnahme-von-unterstuetzungsangeboten\\\/\"},\"wordCount\":346,\"commentCount\":0,\"publisher\":{\"@id\":\"\\\/#organization\"},\"keywords\":[\"Deutsche Alzheimer Gesellschaft\",\"digidem\",\"digidem Bayern\",\"Digitales Demenzregister Bayern\",\"Kongress\"],\"articleSection\":[\"Kongressbeitr\u00e4ge\"],\"inLanguage\":\"en-US\",\"potentialAction\":[{\"@type\":\"CommentAction\",\"name\":\"Comment\",\"target\":[\"https:\\\/\\\/digidem-bayern.de\\\/symposium-teil-iii-inanspruchnahme-von-unterstuetzungsangeboten\\\/#respond\"]}]},{\"@type\":\"WebPage\",\"@id\":\"https:\\\/\\\/digidem-bayern.de\\\/symposium-teil-iii-inanspruchnahme-von-unterstuetzungsangeboten\\\/\",\"url\":\"https:\\\/\\\/digidem-bayern.de\\\/symposium-teil-iii-inanspruchnahme-von-unterstuetzungsangeboten\\\/\",\"name\":\"Symposium Teil III Inanspruchnahme von Unterst\u00fctzungsangeboten - digiDEM Bayern\",\"isPartOf\":{\"@id\":\"\\\/#website\"},\"datePublished\":\"2022-10-01T11:55:00+00:00\",\"dateModified\":\"2025-11-24T10:46:24+00:00\",\"description\":\"Ziel des bayernweiten Projektes digiDEM ist die nachhaltige Verbesserung der Versorgungssituation von Menschen mit Demenz sowie deren pflegenden Angeh\u00f6rigen\",\"breadcrumb\":{\"@id\":\"https:\\\/\\\/digidem-bayern.de\\\/symposium-teil-iii-inanspruchnahme-von-unterstuetzungsangeboten\\\/#breadcrumb\"},\"inLanguage\":\"en-US\",\"potentialAction\":[{\"@type\":\"ReadAction\",\"target\":[\"https:\\\/\\\/digidem-bayern.de\\\/symposium-teil-iii-inanspruchnahme-von-unterstuetzungsangeboten\\\/\"]}]},{\"@type\":\"BreadcrumbList\",\"@id\":\"https:\\\/\\\/digidem-bayern.de\\\/symposium-teil-iii-inanspruchnahme-von-unterstuetzungsangeboten\\\/#breadcrumb\",\"itemListElement\":[{\"@type\":\"ListItem\",\"position\":1,\"name\":\"Startseite\",\"item\":\"https:\\\/\\\/digidem-bayern.de\\\/\"},{\"@type\":\"ListItem\",\"position\":2,\"name\":\"Symposium Teil III Inanspruchnahme von Unterst\u00fctzungsangeboten\"}]},{\"@type\":\"WebSite\",\"@id\":\"\\\/#website\",\"url\":\"\\\/\",\"name\":\"digiDEM Bayern\",\"description\":\"Das digitale Demenzregister Bayern erforscht und verbessert die Angebotsstuktur f\u00fcr Menschen mit Demenz und deren Angeh\u00f6rige\",\"publisher\":{\"@id\":\"\\\/#organization\"},\"potentialAction\":[{\"@type\":\"SearchAction\",\"target\":{\"@type\":\"EntryPoint\",\"urlTemplate\":\"\\\/?s={search_term_string}\"},\"query-input\":{\"@type\":\"PropertyValueSpecification\",\"valueRequired\":true,\"valueName\":\"search_term_string\"}}],\"inLanguage\":\"en-US\"},{\"@type\":\"Organization\",\"@id\":\"\\\/#organization\",\"name\":\"digiDEM Bayern\",\"url\":\"\\\/\",\"logo\":{\"@type\":\"ImageObject\",\"inLanguage\":\"en-US\",\"@id\":\"\\\/#\\\/schema\\\/logo\\\/image\\\/\",\"url\":\"https:\\\/\\\/digidem-bayern.de\\\/wp-content\\\/uploads\\\/2022\\\/03\\\/cropped-Allgemeines_digiDEMLOGO-removebg-preview.png\",\"contentUrl\":\"https:\\\/\\\/digidem-bayern.de\\\/wp-content\\\/uploads\\\/2022\\\/03\\\/cropped-Allgemeines_digiDEMLOGO-removebg-preview.png\",\"width\":612,\"height\":357,\"caption\":\"digiDEM Bayern\"},\"image\":{\"@id\":\"\\\/#\\\/schema\\\/logo\\\/image\\\/\"},\"sameAs\":[\"https:\\\/\\\/www.facebook.com\\\/digiDEMBayern\\\/\",\"https:\\\/\\\/x.com\\\/digidem_bayern\",\"https:\\\/\\\/www.instagram.com\\\/digidem.bayern\",\"https:\\\/\\\/www.linkedin.com\\\/company\\\/digidem-bayern\\\/\"]},{\"@type\":\"Person\",\"@id\":\"\\\/#\\\/schema\\\/person\\\/92754ad381f49b3c358d1d8d2c4f90b8\",\"name\":\"Michael Zeiler\",\"url\":\"https:\\\/\\\/digidem-bayern.de\\\/en\\\/author\\\/michael-zeiler\\\/\"}]}<\/script>\n<!-- \/ Yoast SEO plugin. -->","yoast_head_json":{"title":"Symposium Teil III Inanspruchnahme von Unterst\u00fctzungsangeboten - digiDEM Bayern","description":"Ziel des bayernweiten Projektes digiDEM ist die nachhaltige Verbesserung der Versorgungssituation von Menschen mit Demenz sowie deren pflegenden Angeh\u00f6rigen","robots":{"index":"index","follow":"follow","max-snippet":"max-snippet:-1","max-image-preview":"max-image-preview:large","max-video-preview":"max-video-preview:-1"},"canonical":"https:\/\/digidem-bayern.de\/en\/symposium-teil-iii-inanspruchnahme-von-unterstuetzungsangeboten\/","og_locale":"en_US","og_type":"article","og_title":"Symposium Teil III Inanspruchnahme von Unterst\u00fctzungsangeboten - digiDEM Bayern","og_description":"Ziel des bayernweiten Projektes digiDEM ist die nachhaltige Verbesserung der Versorgungssituation von Menschen mit Demenz sowie deren pflegenden Angeh\u00f6rigen","og_url":"https:\/\/digidem-bayern.de\/en\/symposium-teil-iii-inanspruchnahme-von-unterstuetzungsangeboten\/","og_site_name":"digiDEM Bayern","article_publisher":"https:\/\/www.facebook.com\/digiDEMBayern\/","article_published_time":"2022-10-01T11:55:00+00:00","article_modified_time":"2025-11-24T10:46:24+00:00","og_image":[{"width":340,"height":200,"url":"https:\/\/digidem-bayern.de\/wp-content\/uploads\/logo-digidem-digitales-demenzregister-bayern.jpg.png","type":"image\/png"}],"author":"Michael Zeiler","twitter_misc":{"Written by":"Michael Zeiler","Est. reading time":"2 minutes"},"schema":{"@context":"https:\/\/schema.org","@graph":[{"@type":"Article","@id":"https:\/\/digidem-bayern.de\/symposium-teil-iii-inanspruchnahme-von-unterstuetzungsangeboten\/#article","isPartOf":{"@id":"https:\/\/digidem-bayern.de\/symposium-teil-iii-inanspruchnahme-von-unterstuetzungsangeboten\/"},"author":{"name":"Michael Zeiler","@id":"\/#\/schema\/person\/92754ad381f49b3c358d1d8d2c4f90b8"},"headline":"Symposium Teil III Inanspruchnahme von Unterst\u00fctzungsangeboten","datePublished":"2022-10-01T11:55:00+00:00","dateModified":"2025-11-24T10:46:24+00:00","mainEntityOfPage":{"@id":"https:\/\/digidem-bayern.de\/symposium-teil-iii-inanspruchnahme-von-unterstuetzungsangeboten\/"},"wordCount":346,"commentCount":0,"publisher":{"@id":"\/#organization"},"keywords":["Deutsche Alzheimer Gesellschaft","digidem","digidem Bayern","Digitales Demenzregister Bayern","Kongress"],"articleSection":["Kongressbeitr\u00e4ge"],"inLanguage":"en-US","potentialAction":[{"@type":"CommentAction","name":"Comment","target":["https:\/\/digidem-bayern.de\/symposium-teil-iii-inanspruchnahme-von-unterstuetzungsangeboten\/#respond"]}]},{"@type":"WebPage","@id":"https:\/\/digidem-bayern.de\/symposium-teil-iii-inanspruchnahme-von-unterstuetzungsangeboten\/","url":"https:\/\/digidem-bayern.de\/symposium-teil-iii-inanspruchnahme-von-unterstuetzungsangeboten\/","name":"Symposium Teil III Inanspruchnahme von Unterst\u00fctzungsangeboten - digiDEM Bayern","isPartOf":{"@id":"\/#website"},"datePublished":"2022-10-01T11:55:00+00:00","dateModified":"2025-11-24T10:46:24+00:00","description":"Ziel des bayernweiten Projektes digiDEM ist die nachhaltige Verbesserung der Versorgungssituation von Menschen mit Demenz sowie deren pflegenden Angeh\u00f6rigen","breadcrumb":{"@id":"https:\/\/digidem-bayern.de\/symposium-teil-iii-inanspruchnahme-von-unterstuetzungsangeboten\/#breadcrumb"},"inLanguage":"en-US","potentialAction":[{"@type":"ReadAction","target":["https:\/\/digidem-bayern.de\/symposium-teil-iii-inanspruchnahme-von-unterstuetzungsangeboten\/"]}]},{"@type":"BreadcrumbList","@id":"https:\/\/digidem-bayern.de\/symposium-teil-iii-inanspruchnahme-von-unterstuetzungsangeboten\/#breadcrumb","itemListElement":[{"@type":"ListItem","position":1,"name":"Startseite","item":"https:\/\/digidem-bayern.de\/"},{"@type":"ListItem","position":2,"name":"Symposium Teil III Inanspruchnahme von Unterst\u00fctzungsangeboten"}]},{"@type":"WebSite","@id":"\/#website","url":"\/","name":"digiDEM Bavaria","description":"The digital dementia register in Bavaria researches and improves the structure of services for people with dementia and their relatives","publisher":{"@id":"\/#organization"},"potentialAction":[{"@type":"SearchAction","target":{"@type":"EntryPoint","urlTemplate":"\/?s={search_term_string}"},"query-input":{"@type":"PropertyValueSpecification","valueRequired":true,"valueName":"search_term_string"}}],"inLanguage":"en-US"},{"@type":"Organization","@id":"\/#organization","name":"digiDEM Bavaria","url":"\/","logo":{"@type":"ImageObject","inLanguage":"en-US","@id":"\/#\/schema\/logo\/image\/","url":"https:\/\/digidem-bayern.de\/wp-content\/uploads\/2022\/03\/cropped-Allgemeines_digiDEMLOGO-removebg-preview.png","contentUrl":"https:\/\/digidem-bayern.de\/wp-content\/uploads\/2022\/03\/cropped-Allgemeines_digiDEMLOGO-removebg-preview.png","width":612,"height":357,"caption":"digiDEM Bayern"},"image":{"@id":"\/#\/schema\/logo\/image\/"},"sameAs":["https:\/\/www.facebook.com\/digiDEMBayern\/","https:\/\/x.com\/digidem_bayern","https:\/\/www.instagram.com\/digidem.bayern","https:\/\/www.linkedin.com\/company\/digidem-bayern\/"]},{"@type":"Person","@id":"\/#\/schema\/person\/92754ad381f49b3c358d1d8d2c4f90b8","name":"Michael Zeiler","url":"https:\/\/digidem-bayern.de\/en\/author\/michael-zeiler\/"}]}},"uagb_featured_image_src":{"full":false,"thumbnail":false,"medium":false,"medium_large":false,"large":false,"1536x1536":false,"2048x2048":false,"trp-custom-language-flag":false,"qubely_landscape":false,"qubely_portrait":false,"qubely_thumbnail":false,"post-thumbnail":false,"kahuna-featured":false,"kahuna-featured-lp":false,"kahuna-featured-half":false,"kahuna-featured-third":false,"kahuna-lpbox-1":false,"kahuna-lpbox-2":false,"demand-language-flag":false,"dddkt-language-flag":false,"ddiqc-language-flag":false,"ddtl-language-flag":false,"mailpoet_newsletter_max":false,"kahuna-lpbox-3":false,"kahuna-featured-square":false,"kahuna-featured-square-large":false},"uagb_author_info":{"display_name":"Michael Zeiler","author_link":"https:\/\/digidem-bayern.de\/en\/author\/michael-zeiler\/"},"uagb_comment_info":0,"uagb_excerpt":"Hintergrund: Ein wichtiger Ausgangspunkt, um die Versorgung von Menschen mit kognitiven Beeintr\u00e4chtigungen und deren Angeh\u00f6rigen in Zukunft verbessern und ausbauen zu k\u00f6nnen, ist die Kenntnis der Inanspruchnahme bzw. Nicht-Inanspruchnahme von Angeboten, welche die Betroffenen entlasten bzw. unterst\u00fctzen k\u00f6nnen. Die internationale Literatur zeigt, dass die Inanspruchnahme meist gering ist, obwohl verschiedene &hellip;","_links":{"self":[{"href":"https:\/\/digidem-bayern.de\/en\/wp-json\/wp\/v2\/posts\/28922","targetHints":{"allow":["GET"]}}],"collection":[{"href":"https:\/\/digidem-bayern.de\/en\/wp-json\/wp\/v2\/posts"}],"about":[{"href":"https:\/\/digidem-bayern.de\/en\/wp-json\/wp\/v2\/types\/post"}],"author":[{"embeddable":true,"href":"https:\/\/digidem-bayern.de\/en\/wp-json\/wp\/v2\/users\/11"}],"replies":[{"embeddable":true,"href":"https:\/\/digidem-bayern.de\/en\/wp-json\/wp\/v2\/comments?post=28922"}],"version-history":[{"count":8,"href":"https:\/\/digidem-bayern.de\/en\/wp-json\/wp\/v2\/posts\/28922\/revisions"}],"predecessor-version":[{"id":46757,"href":"https:\/\/digidem-bayern.de\/en\/wp-json\/wp\/v2\/posts\/28922\/revisions\/46757"}],"wp:attachment":[{"href":"https:\/\/digidem-bayern.de\/en\/wp-json\/wp\/v2\/media?parent=28922"}],"wp:term":[{"taxonomy":"category","embeddable":true,"href":"https:\/\/digidem-bayern.de\/en\/wp-json\/wp\/v2\/categories?post=28922"},{"taxonomy":"post_tag","embeddable":true,"href":"https:\/\/digidem-bayern.de\/en\/wp-json\/wp\/v2\/tags?post=28922"}],"curies":[{"name":"wp","href":"https:\/\/api.w.org\/{rel}","templated":true}]}}