{"id":28909,"date":"2022-09-29T08:14:00","date_gmt":"2022-09-29T06:14:00","guid":{"rendered":"https:\/\/digidem-bayern.de\/?p=28909"},"modified":"2023-06-22T14:01:40","modified_gmt":"2023-06-22T12:01:40","slug":"kongress-evidenz-und-nutzen-von-demenz-apps","status":"publish","type":"post","link":"https:\/\/digidem-bayern.de\/en\/kongress-evidenz-und-nutzen-von-demenz-apps\/","title":{"rendered":"Evidenz und Nutzen von Demenz-Apps"},"content":{"rendered":"<h3 class=\"wp-block-heading\">Wissenschaftliche Evidenz und Nutzerqualit\u00e4t bei digitalen Gesundheitsanwendungen (DiGA) f\u00fcr Menschen mit kognitiven Beeintr\u00e4chtigungen und deren Angeh\u00f6rigen<\/h3>\n\n\n\n<p><strong>Hintergrund:<\/strong> Das Angebot an Apps mit Gesundheitsbezug ist gro\u00df, deren wissenschaftliche Evidenz ist jedoch fraglich. Das Ziel dieser Arbeit besteht in der Bewertung der wissenschaftlichen Evidenz und der Nutzerbewertung deutschsprachiger mobiler Gesundheitsanwendungen f\u00fcr Menschen mit Demenz (MmD) und deren pflegende Angeh\u00f6rige (pA).<\/p>\n\n\n\n<p><strong>Methoden:<\/strong> Die Suche nach den Gesundheitsanwendungen erfolgte systematisch nach den Qualit\u00e4tsstandards des PRISMA-P in den Anwendungsstores (Google Play Store und Apple App Store) mit den Begriffen \u201eDemenz\u2018\u2018, \u201eAlzheimer\u2018\u2018, \u201eKognition\u2018\u2018 und \u201eKognitive Beeintr\u00e4chtigung\u2018\u2018. Zus\u00e4tzlich erfolgte eine systematische Literaturrecherche mit Bewertung der wissenschaftlichen Evidenz. Die Nutzerqualit\u00e4tsbewertung wurde mit der \u201eThe German Version of the Mobile App Rating Scale\u2018\u2018 (MARS-G) durchgef\u00fchrt.<\/p>\n\n\n\n<p><strong>Ergebnisse:<\/strong> Zu lediglich 6 der 20 eingeschlossenen Apps sind wissenschaftliche Studien ver\u00f6ffentlicht worden. Insgesamt wurden 13 Studien in die Bewertung eingeschlossen, wobei die App selbst nur in zwei Publikationen Gegenstand der Untersuchung war. Zudem ist zu beobachten, dass h\u00e4ufig methodische Schw\u00e4chen wie kleine Gruppengr\u00f6\u00dfen, eine kurze Studiendauer und \/ oder eine ungen\u00fcgende Vergleichstherapie vorliegen. Die Gesamtnutzerqualit\u00e4t der Apps ist mit einem Mittelwert des MARS-Ratings von 3,38 als \u201eakzeptabel\u2018\u2018 zu bewerten. Sieben Anwendungen konnten eine Punktebewertung von \u00fcber 4,0 und damit eine gute Bewertung erreichen, allerdings unterschritten auch genauso viele Apps die akzeptable Grenze von 3,0.<\/p>\n\n\n\n<p><strong>Diskussion:<\/strong> Die Wirksamkeit der meisten Apps ist nicht wissenschaftlich belegt. Dieser festgestellte Mangel an Evidenz deckt sich mit den Angaben in der Literatur zu anderen Indikationsbereichen. Eine systematische und transparente Bewertung von Gesundheitsanwendungen ist notwendig, um die Endnutzer zu sch\u00fctzen und bei der Auswahl besser unterst\u00fctzen zu k\u00f6nnen.<\/p>\n\n\n\n<p><\/p>\n\n\n<a href=\"https:\/\/digidem-bayern.de\/wp-content\/uploads\/2023\/06\/2022-09-19_A189_Poster_MZE_V01.pdf\" class=\"pdfemb-viewer\" style=\"\" data-width=\"max\" data-height=\"max\" data-toolbar=\"bottom\" data-toolbar-fixed=\"off\">2022-09-19_A189_Poster_MZE_V01<\/a>\n<p class=\"wp-block-pdfemb-pdf-embedder-viewer\"><\/p>\n\n\n\n<p><strong>Poster<\/strong> vorgestellt auf dem 11. Kongress der Deutschen Alzheimer Gesellschaft am 29.09.2022<\/p>\n\n\n\n<p>Michael Zeiler, Christina Chmelirsch, Nikolas Dietzel, Peter L. Kolominsky-Rabas<\/p>","protected":false},"excerpt":{"rendered":"<p>Wissenschaftliche Evidenz und Nutzerqualit\u00e4t bei digitalen Gesundheitsanwendungen (DiGA) f\u00fcr Menschen mit kognitiven Beeintr\u00e4chtigungen und deren Angeh\u00f6rigen Hintergrund: Das Angebot an Apps mit Gesundheitsbezug ist gro\u00df, deren wissenschaftliche Evidenz ist jedoch fraglich. Das Ziel dieser Arbeit besteht in der Bewertung der wissenschaftlichen Evidenz und der Nutzerbewertung deutschsprachiger mobiler Gesundheitsanwendungen f\u00fcr Menschen &hellip;<\/p>","protected":false},"author":11,"featured_media":0,"comment_status":"open","ping_status":"closed","sticky":false,"template":"","format":"standard","meta":{"qubely_global_settings":"","qubely_interactions":"","_uag_custom_page_level_css":"","footnotes":""},"categories":[780],"tags":[686,165,14,17,55,781],"class_list":["post-28909","post","type-post","status-publish","format-standard","hentry","category-kongressbeitraege","tag-demenz-apps","tag-deutsche-alzheimer-gesellschaft","tag-digidem","tag-digidem-bayern","tag-digitales-demenzregister-bayern","tag-kongress"],"qubely_featured_image_url":null,"qubely_author":{"display_name":"Michael Zeiler","author_link":"https:\/\/digidem-bayern.de\/en\/author\/michael-zeiler\/"},"qubely_comment":0,"qubely_category":"<a href=\"https:\/\/digidem-bayern.de\/en\/category\/kongressbeitraege\/\" rel=\"category tag\">Kongressbeitr\u00e4ge<\/a>","qubely_excerpt":"Wissenschaftliche Evidenz und Nutzerqualit\u00e4t bei digitalen Gesundheitsanwendungen (DiGA) f\u00fcr Menschen mit kognitiven Beeintr\u00e4chtigungen und deren Angeh\u00f6rigen Hintergrund: Das Angebot an Apps mit Gesundheitsbezug ist gro\u00df, deren wissenschaftliche Evidenz ist jedoch fraglich. Das Ziel dieser Arbeit besteht in der Bewertung der wissenschaftlichen Evidenz und der Nutzerbewertung deutschsprachiger mobiler Gesundheitsanwendungen f\u00fcr Menschen &hellip;","featured_image_urls_v2":{"full":"","thumbnail":"","medium":"","medium_large":"","large":"","1536x1536":"","2048x2048":"","trp-custom-language-flag":"","qubely_landscape":"","qubely_portrait":"","qubely_thumbnail":"","post-thumbnail":"","kahuna-featured":"","kahuna-featured-lp":"","kahuna-featured-half":"","kahuna-featured-third":"","kahuna-lpbox-1":"","kahuna-lpbox-2":"","demand-language-flag":"","dddkt-language-flag":"","ddiqc-language-flag":"","ddtl-language-flag":"","mailpoet_newsletter_max":"","kahuna-lpbox-3":"","kahuna-featured-square":"","kahuna-featured-square-large":""},"post_excerpt_stackable_v2":"<p>Wissenschaftliche Evidenz und Nutzerqualit\u00e4t bei digitalen Gesundheitsanwendungen (DiGA) f\u00fcr Menschen mit kognitiven Beeintr\u00e4chtigungen und deren Angeh\u00f6rigen Hintergrund: Das Angebot an Apps mit Gesundheitsbezug ist gro\u00df, deren wissenschaftliche Evidenz ist jedoch fraglich. Das Ziel dieser Arbeit besteht in der Bewertung der wissenschaftlichen Evidenz und der Nutzerbewertung deutschsprachiger mobiler Gesundheitsanwendungen f\u00fcr Menschen mit Demenz (MmD) und deren pflegende Angeh\u00f6rige (pA). Methoden: Die Suche nach den Gesundheitsanwendungen erfolgte systematisch nach den Qualit\u00e4tsstandards des PRISMA-P in den Anwendungsstores (Google Play Store und Apple App Store) mit den Begriffen \u201eDemenz\u2018\u2018, \u201eAlzheimer\u2018\u2018, \u201eKognition\u2018\u2018 und \u201eKognitive Beeintr\u00e4chtigung\u2018\u2018. Zus\u00e4tzlich erfolgte eine systematische Literaturrecherche mit Bewertung der wissenschaftlichen Evidenz.&hellip;<\/p>\n","category_list_v2":"<a href=\"https:\/\/digidem-bayern.de\/en\/category\/kongressbeitraege\/\" rel=\"category tag\">Kongressbeitr\u00e4ge<\/a>","author_info_v2":{"name":"Michael Zeiler","url":"https:\/\/digidem-bayern.de\/en\/author\/michael-zeiler\/"},"comments_num_v2":"0 comments","yoast_head":"<!-- This site is optimized with the Yoast SEO plugin v27.4 - https:\/\/yoast.com\/product\/yoast-seo-wordpress\/ -->\n<title>Evidenz und Nutzen von Demenz-Apps - digiDEM Bayern<\/title>\n<meta name=\"description\" content=\"Ziel des bayernweiten Projektes digiDEM ist die nachhaltige Verbesserung der Versorgungssituation von Menschen mit Demenz sowie deren pflegenden Angeh\u00f6rigen\" \/>\n<meta name=\"robots\" content=\"index, follow, max-snippet:-1, max-image-preview:large, max-video-preview:-1\" \/>\n<link rel=\"canonical\" href=\"https:\/\/digidem-bayern.de\/en\/kongress-evidenz-und-nutzen-von-demenz-apps\/\" \/>\n<meta property=\"og:locale\" content=\"en_US\" \/>\n<meta property=\"og:type\" content=\"article\" \/>\n<meta property=\"og:title\" content=\"Evidenz und Nutzen von Demenz-Apps - digiDEM Bayern\" \/>\n<meta property=\"og:description\" content=\"Ziel des bayernweiten Projektes digiDEM ist die nachhaltige Verbesserung der Versorgungssituation von Menschen mit Demenz sowie deren pflegenden Angeh\u00f6rigen\" \/>\n<meta property=\"og:url\" content=\"https:\/\/digidem-bayern.de\/en\/kongress-evidenz-und-nutzen-von-demenz-apps\/\" \/>\n<meta property=\"og:site_name\" content=\"digiDEM Bayern\" \/>\n<meta property=\"article:publisher\" content=\"https:\/\/www.facebook.com\/digiDEMBayern\/\" \/>\n<meta property=\"article:published_time\" content=\"2022-09-29T06:14:00+00:00\" \/>\n<meta property=\"article:modified_time\" content=\"2023-06-22T12:01:40+00:00\" \/>\n<meta property=\"og:image\" content=\"https:\/\/digidem-bayern.de\/wp-content\/uploads\/logo-digidem-digitales-demenzregister-bayern.jpg.png\" \/>\n\t<meta property=\"og:image:width\" content=\"340\" \/>\n\t<meta property=\"og:image:height\" content=\"200\" \/>\n\t<meta property=\"og:image:type\" content=\"image\/png\" \/>\n<meta name=\"author\" content=\"Michael Zeiler\" \/>\n<meta name=\"twitter:label1\" content=\"Written by\" \/>\n\t<meta name=\"twitter:data1\" content=\"Michael Zeiler\" \/>\n\t<meta name=\"twitter:label2\" content=\"Est. reading time\" \/>\n\t<meta name=\"twitter:data2\" content=\"1 minute\" \/>\n<script type=\"application\/ld+json\" class=\"yoast-schema-graph\">{\"@context\":\"https:\\\/\\\/schema.org\",\"@graph\":[{\"@type\":\"Article\",\"@id\":\"https:\\\/\\\/digidem-bayern.de\\\/kongress-evidenz-und-nutzen-von-demenz-apps\\\/#article\",\"isPartOf\":{\"@id\":\"https:\\\/\\\/digidem-bayern.de\\\/kongress-evidenz-und-nutzen-von-demenz-apps\\\/\"},\"author\":{\"name\":\"Michael Zeiler\",\"@id\":\"\\\/#\\\/schema\\\/person\\\/92754ad381f49b3c358d1d8d2c4f90b8\"},\"headline\":\"Evidenz und Nutzen von Demenz-Apps\",\"datePublished\":\"2022-09-29T06:14:00+00:00\",\"dateModified\":\"2023-06-22T12:01:40+00:00\",\"mainEntityOfPage\":{\"@id\":\"https:\\\/\\\/digidem-bayern.de\\\/kongress-evidenz-und-nutzen-von-demenz-apps\\\/\"},\"wordCount\":296,\"commentCount\":0,\"publisher\":{\"@id\":\"\\\/#organization\"},\"keywords\":[\"Demenz-Apps\",\"Deutsche Alzheimer Gesellschaft\",\"digidem\",\"digidem Bayern\",\"Digitales Demenzregister Bayern\",\"Kongress\"],\"articleSection\":[\"Kongressbeitr\u00e4ge\"],\"inLanguage\":\"en-US\",\"potentialAction\":[{\"@type\":\"CommentAction\",\"name\":\"Comment\",\"target\":[\"https:\\\/\\\/digidem-bayern.de\\\/kongress-evidenz-und-nutzen-von-demenz-apps\\\/#respond\"]}]},{\"@type\":\"WebPage\",\"@id\":\"https:\\\/\\\/digidem-bayern.de\\\/kongress-evidenz-und-nutzen-von-demenz-apps\\\/\",\"url\":\"https:\\\/\\\/digidem-bayern.de\\\/kongress-evidenz-und-nutzen-von-demenz-apps\\\/\",\"name\":\"Evidenz und Nutzen von Demenz-Apps - digiDEM Bayern\",\"isPartOf\":{\"@id\":\"\\\/#website\"},\"datePublished\":\"2022-09-29T06:14:00+00:00\",\"dateModified\":\"2023-06-22T12:01:40+00:00\",\"description\":\"Ziel des bayernweiten Projektes digiDEM ist die nachhaltige Verbesserung der Versorgungssituation von Menschen mit Demenz sowie deren pflegenden Angeh\u00f6rigen\",\"breadcrumb\":{\"@id\":\"https:\\\/\\\/digidem-bayern.de\\\/kongress-evidenz-und-nutzen-von-demenz-apps\\\/#breadcrumb\"},\"inLanguage\":\"en-US\",\"potentialAction\":[{\"@type\":\"ReadAction\",\"target\":[\"https:\\\/\\\/digidem-bayern.de\\\/kongress-evidenz-und-nutzen-von-demenz-apps\\\/\"]}]},{\"@type\":\"BreadcrumbList\",\"@id\":\"https:\\\/\\\/digidem-bayern.de\\\/kongress-evidenz-und-nutzen-von-demenz-apps\\\/#breadcrumb\",\"itemListElement\":[{\"@type\":\"ListItem\",\"position\":1,\"name\":\"Startseite\",\"item\":\"https:\\\/\\\/digidem-bayern.de\\\/\"},{\"@type\":\"ListItem\",\"position\":2,\"name\":\"Evidenz und Nutzen von Demenz-Apps\"}]},{\"@type\":\"WebSite\",\"@id\":\"\\\/#website\",\"url\":\"\\\/\",\"name\":\"digiDEM Bayern\",\"description\":\"Das digitale Demenzregister Bayern erforscht und verbessert die Angebotsstuktur f\u00fcr Menschen mit Demenz und deren Angeh\u00f6rige\",\"publisher\":{\"@id\":\"\\\/#organization\"},\"potentialAction\":[{\"@type\":\"SearchAction\",\"target\":{\"@type\":\"EntryPoint\",\"urlTemplate\":\"\\\/?s={search_term_string}\"},\"query-input\":{\"@type\":\"PropertyValueSpecification\",\"valueRequired\":true,\"valueName\":\"search_term_string\"}}],\"inLanguage\":\"en-US\"},{\"@type\":\"Organization\",\"@id\":\"\\\/#organization\",\"name\":\"digiDEM Bayern\",\"url\":\"\\\/\",\"logo\":{\"@type\":\"ImageObject\",\"inLanguage\":\"en-US\",\"@id\":\"\\\/#\\\/schema\\\/logo\\\/image\\\/\",\"url\":\"https:\\\/\\\/digidem-bayern.de\\\/wp-content\\\/uploads\\\/2022\\\/03\\\/cropped-Allgemeines_digiDEMLOGO-removebg-preview.png\",\"contentUrl\":\"https:\\\/\\\/digidem-bayern.de\\\/wp-content\\\/uploads\\\/2022\\\/03\\\/cropped-Allgemeines_digiDEMLOGO-removebg-preview.png\",\"width\":612,\"height\":357,\"caption\":\"digiDEM Bayern\"},\"image\":{\"@id\":\"\\\/#\\\/schema\\\/logo\\\/image\\\/\"},\"sameAs\":[\"https:\\\/\\\/www.facebook.com\\\/digiDEMBayern\\\/\",\"https:\\\/\\\/x.com\\\/digidem_bayern\",\"https:\\\/\\\/www.instagram.com\\\/digidem.bayern\",\"https:\\\/\\\/www.linkedin.com\\\/company\\\/digidem-bayern\\\/\"]},{\"@type\":\"Person\",\"@id\":\"\\\/#\\\/schema\\\/person\\\/92754ad381f49b3c358d1d8d2c4f90b8\",\"name\":\"Michael Zeiler\",\"url\":\"https:\\\/\\\/digidem-bayern.de\\\/en\\\/author\\\/michael-zeiler\\\/\"}]}<\/script>\n<!-- \/ Yoast SEO plugin. -->","yoast_head_json":{"title":"Evidenz und Nutzen von Demenz-Apps - digiDEM Bayern","description":"Ziel des bayernweiten Projektes digiDEM ist die nachhaltige Verbesserung der Versorgungssituation von Menschen mit Demenz sowie deren pflegenden Angeh\u00f6rigen","robots":{"index":"index","follow":"follow","max-snippet":"max-snippet:-1","max-image-preview":"max-image-preview:large","max-video-preview":"max-video-preview:-1"},"canonical":"https:\/\/digidem-bayern.de\/en\/kongress-evidenz-und-nutzen-von-demenz-apps\/","og_locale":"en_US","og_type":"article","og_title":"Evidenz und Nutzen von Demenz-Apps - digiDEM Bayern","og_description":"Ziel des bayernweiten Projektes digiDEM ist die nachhaltige Verbesserung der Versorgungssituation von Menschen mit Demenz sowie deren pflegenden Angeh\u00f6rigen","og_url":"https:\/\/digidem-bayern.de\/en\/kongress-evidenz-und-nutzen-von-demenz-apps\/","og_site_name":"digiDEM Bayern","article_publisher":"https:\/\/www.facebook.com\/digiDEMBayern\/","article_published_time":"2022-09-29T06:14:00+00:00","article_modified_time":"2023-06-22T12:01:40+00:00","og_image":[{"width":340,"height":200,"url":"https:\/\/digidem-bayern.de\/wp-content\/uploads\/logo-digidem-digitales-demenzregister-bayern.jpg.png","type":"image\/png"}],"author":"Michael Zeiler","twitter_misc":{"Written by":"Michael Zeiler","Est. reading time":"1 minute"},"schema":{"@context":"https:\/\/schema.org","@graph":[{"@type":"Article","@id":"https:\/\/digidem-bayern.de\/kongress-evidenz-und-nutzen-von-demenz-apps\/#article","isPartOf":{"@id":"https:\/\/digidem-bayern.de\/kongress-evidenz-und-nutzen-von-demenz-apps\/"},"author":{"name":"Michael Zeiler","@id":"\/#\/schema\/person\/92754ad381f49b3c358d1d8d2c4f90b8"},"headline":"Evidenz und Nutzen von Demenz-Apps","datePublished":"2022-09-29T06:14:00+00:00","dateModified":"2023-06-22T12:01:40+00:00","mainEntityOfPage":{"@id":"https:\/\/digidem-bayern.de\/kongress-evidenz-und-nutzen-von-demenz-apps\/"},"wordCount":296,"commentCount":0,"publisher":{"@id":"\/#organization"},"keywords":["Demenz-Apps","Deutsche Alzheimer Gesellschaft","digidem","digidem Bayern","Digitales Demenzregister Bayern","Kongress"],"articleSection":["Kongressbeitr\u00e4ge"],"inLanguage":"en-US","potentialAction":[{"@type":"CommentAction","name":"Comment","target":["https:\/\/digidem-bayern.de\/kongress-evidenz-und-nutzen-von-demenz-apps\/#respond"]}]},{"@type":"WebPage","@id":"https:\/\/digidem-bayern.de\/kongress-evidenz-und-nutzen-von-demenz-apps\/","url":"https:\/\/digidem-bayern.de\/kongress-evidenz-und-nutzen-von-demenz-apps\/","name":"Evidenz und Nutzen von Demenz-Apps - digiDEM Bayern","isPartOf":{"@id":"\/#website"},"datePublished":"2022-09-29T06:14:00+00:00","dateModified":"2023-06-22T12:01:40+00:00","description":"Ziel des bayernweiten Projektes digiDEM ist die nachhaltige Verbesserung der Versorgungssituation von Menschen mit Demenz sowie deren pflegenden Angeh\u00f6rigen","breadcrumb":{"@id":"https:\/\/digidem-bayern.de\/kongress-evidenz-und-nutzen-von-demenz-apps\/#breadcrumb"},"inLanguage":"en-US","potentialAction":[{"@type":"ReadAction","target":["https:\/\/digidem-bayern.de\/kongress-evidenz-und-nutzen-von-demenz-apps\/"]}]},{"@type":"BreadcrumbList","@id":"https:\/\/digidem-bayern.de\/kongress-evidenz-und-nutzen-von-demenz-apps\/#breadcrumb","itemListElement":[{"@type":"ListItem","position":1,"name":"Startseite","item":"https:\/\/digidem-bayern.de\/"},{"@type":"ListItem","position":2,"name":"Evidenz und Nutzen von Demenz-Apps"}]},{"@type":"WebSite","@id":"\/#website","url":"\/","name":"digiDEM Bavaria","description":"The digital dementia register in Bavaria researches and improves the structure of services for people with dementia and their relatives","publisher":{"@id":"\/#organization"},"potentialAction":[{"@type":"SearchAction","target":{"@type":"EntryPoint","urlTemplate":"\/?s={search_term_string}"},"query-input":{"@type":"PropertyValueSpecification","valueRequired":true,"valueName":"search_term_string"}}],"inLanguage":"en-US"},{"@type":"Organization","@id":"\/#organization","name":"digiDEM Bavaria","url":"\/","logo":{"@type":"ImageObject","inLanguage":"en-US","@id":"\/#\/schema\/logo\/image\/","url":"https:\/\/digidem-bayern.de\/wp-content\/uploads\/2022\/03\/cropped-Allgemeines_digiDEMLOGO-removebg-preview.png","contentUrl":"https:\/\/digidem-bayern.de\/wp-content\/uploads\/2022\/03\/cropped-Allgemeines_digiDEMLOGO-removebg-preview.png","width":612,"height":357,"caption":"digiDEM Bayern"},"image":{"@id":"\/#\/schema\/logo\/image\/"},"sameAs":["https:\/\/www.facebook.com\/digiDEMBayern\/","https:\/\/x.com\/digidem_bayern","https:\/\/www.instagram.com\/digidem.bayern","https:\/\/www.linkedin.com\/company\/digidem-bayern\/"]},{"@type":"Person","@id":"\/#\/schema\/person\/92754ad381f49b3c358d1d8d2c4f90b8","name":"Michael Zeiler","url":"https:\/\/digidem-bayern.de\/en\/author\/michael-zeiler\/"}]}},"uagb_featured_image_src":{"full":false,"thumbnail":false,"medium":false,"medium_large":false,"large":false,"1536x1536":false,"2048x2048":false,"trp-custom-language-flag":false,"qubely_landscape":false,"qubely_portrait":false,"qubely_thumbnail":false,"post-thumbnail":false,"kahuna-featured":false,"kahuna-featured-lp":false,"kahuna-featured-half":false,"kahuna-featured-third":false,"kahuna-lpbox-1":false,"kahuna-lpbox-2":false,"demand-language-flag":false,"dddkt-language-flag":false,"ddiqc-language-flag":false,"ddtl-language-flag":false,"mailpoet_newsletter_max":false,"kahuna-lpbox-3":false,"kahuna-featured-square":false,"kahuna-featured-square-large":false},"uagb_author_info":{"display_name":"Michael Zeiler","author_link":"https:\/\/digidem-bayern.de\/en\/author\/michael-zeiler\/"},"uagb_comment_info":0,"uagb_excerpt":"Wissenschaftliche Evidenz und Nutzerqualit\u00e4t bei digitalen Gesundheitsanwendungen (DiGA) f\u00fcr Menschen mit kognitiven Beeintr\u00e4chtigungen und deren Angeh\u00f6rigen Hintergrund: Das Angebot an Apps mit Gesundheitsbezug ist gro\u00df, deren wissenschaftliche Evidenz ist jedoch fraglich. Das Ziel dieser Arbeit besteht in der Bewertung der wissenschaftlichen Evidenz und der Nutzerbewertung deutschsprachiger mobiler Gesundheitsanwendungen f\u00fcr Menschen &hellip;","_links":{"self":[{"href":"https:\/\/digidem-bayern.de\/en\/wp-json\/wp\/v2\/posts\/28909","targetHints":{"allow":["GET"]}}],"collection":[{"href":"https:\/\/digidem-bayern.de\/en\/wp-json\/wp\/v2\/posts"}],"about":[{"href":"https:\/\/digidem-bayern.de\/en\/wp-json\/wp\/v2\/types\/post"}],"author":[{"embeddable":true,"href":"https:\/\/digidem-bayern.de\/en\/wp-json\/wp\/v2\/users\/11"}],"replies":[{"embeddable":true,"href":"https:\/\/digidem-bayern.de\/en\/wp-json\/wp\/v2\/comments?post=28909"}],"version-history":[{"count":9,"href":"https:\/\/digidem-bayern.de\/en\/wp-json\/wp\/v2\/posts\/28909\/revisions"}],"predecessor-version":[{"id":28934,"href":"https:\/\/digidem-bayern.de\/en\/wp-json\/wp\/v2\/posts\/28909\/revisions\/28934"}],"wp:attachment":[{"href":"https:\/\/digidem-bayern.de\/en\/wp-json\/wp\/v2\/media?parent=28909"}],"wp:term":[{"taxonomy":"category","embeddable":true,"href":"https:\/\/digidem-bayern.de\/en\/wp-json\/wp\/v2\/categories?post=28909"},{"taxonomy":"post_tag","embeddable":true,"href":"https:\/\/digidem-bayern.de\/en\/wp-json\/wp\/v2\/tags?post=28909"}],"curies":[{"name":"wp","href":"https:\/\/api.w.org\/{rel}","templated":true}]}}