{"id":28424,"date":"2023-05-25T12:44:00","date_gmt":"2023-05-25T10:44:00","guid":{"rendered":"https:\/\/digidem-bayern.de\/?p=28424"},"modified":"2023-06-23T10:21:04","modified_gmt":"2023-06-23T08:21:04","slug":"demenzrisiko-reduzieren-mit-einem-hoergeraet","status":"publish","type":"post","link":"https:\/\/digidem-bayern.de\/en\/demenzrisiko-reduzieren-mit-einem-hoergeraet\/","title":{"rendered":"Demenzrisiko reduzieren mit einem H\u00f6rger\u00e4t"},"content":{"rendered":"<p><strong>H\u00f6rger\u00e4te und Cochlear-Implantate beugen einem R\u00fcckgang der kognitiven F\u00e4higkeiten vor. Diesen Zusammenhang&nbsp;zwischen der Nutzung von H\u00f6rger\u00e4ten und dem kognitiven Abbau&nbsp;haben Forschende der National University of Singapore und des National University Hospital in einer aktuellen Studie gezeigt.<\/strong><\/p>\n\n\n\n<p>&nbsp;<\/p>\n\n\n\n<p>Demnach sinkt das Risiko, langfristig kognitiv abzubauen, um 19 Prozent, wenn H\u00f6rger\u00e4te getragen werden. Dies wurde innerhalb eines Nachbeobachtungszeitraumes von zwei bis 25 Jahren wissenschaftlich belegt. Verglichen wurden die Nutzer*innen von H\u00f6rger\u00e4ten dabei mit Menschen, deren nachlassendes Geh\u00f6r unbehandelt blieb.<\/p>\n\n\n<div class=\"wp-block-image\">\n<figure class=\"alignright size-full is-resized\"><img loading=\"lazy\" decoding=\"async\" src=\"https:\/\/digidem-bayern.de\/wp-content\/uploads\/2023\/05\/Hoergeraete-shutterstock_2137519451.jpg\" alt=\"Das Risiko, langfristig kognitiv abzubauen, sinkt um 19 Prozent, wenn H\u00f6rger\u00e4te getragen werden. Dies wurde innerhalb eines Nachbeobachtungszeitraumes von zwei bis 25 Jahren wissenschaftlich belegt.\" class=\"wp-image-28427\" width=\"502\" height=\"335\" srcset=\"https:\/\/digidem-bayern.de\/wp-content\/uploads\/2023\/05\/Hoergeraete-shutterstock_2137519451.jpg 1000w, https:\/\/digidem-bayern.de\/wp-content\/uploads\/2023\/05\/Hoergeraete-shutterstock_2137519451-300x200.jpg 300w, https:\/\/digidem-bayern.de\/wp-content\/uploads\/2023\/05\/Hoergeraete-shutterstock_2137519451-768x512.jpg 768w, https:\/\/digidem-bayern.de\/wp-content\/uploads\/2023\/05\/Hoergeraete-shutterstock_2137519451-525x350.jpg 525w\" sizes=\"auto, (max-width: 502px) 100vw, 502px\" \/><figcaption class=\"wp-element-caption\">Foto: Shutterstock<\/figcaption><\/figure>\n<\/div>\n\n\n<p><strong>Verl\u00e4sslicher wissenschaftlicher \u00dcberblick<\/strong><\/p>\n\n\n\n<p>Die Forschungsergebnisse basieren auf einer systematischen \u00dcbersichtsarbeit \u00fcber 31 Studien mit insgesamt 137 484 Teilnehmenden. Daher stellte die Publikation einen verl\u00e4sslichen \u00dcberblick \u00fcber die aktuelle Forschungsliteratur dar.<\/p>\n\n\n\n<p>Untersucht haben die Forschenden auch den Zusammenhang zwischen der Wiederherstellung des Geh\u00f6rs und der kurzfristigen Ver\u00e4nderung der Ergebnisse von kognitiven Tests. Wer H\u00f6rger\u00e4te trug, schnitt hinsichtlich der kurzfristigen Bewertung der allgemeinen Kognition besser ab und erzielte ein um drei Prozent verbessertes Testergebnis. Dies zeigte eine sogenannte Meta-Analyse von 11 Studien mit 568 Teilnehmenden. Zum Einsatz kamen hierbei international anerkannte wissenschaftlichen Kurztests wie der Mini Mental Status-Test (MMST), der Montreal Cognitive Assessment-Test (MoCA) oder beide.&nbsp;<\/p>\n\n\n\n<p><strong>Schwerh\u00f6rigkeit behandeln<\/strong><\/p>\n\n\n\n<p>Einer der gewichtigsten und zugleich ver\u00e4nderbaren Risikofaktoren f\u00fcr Demenz ist nach Angaben der Wissenschaftler*innen Schwerh\u00f6rigkeit. Deshalb ist es grunds\u00e4tzlich wichtig, Patienten mit H\u00f6rverlust zu behandeln und damit das Risiko, eine Demenz zu entwickeln, zu reduzieren.&nbsp;<\/p>\n\n\n\n<p><strong>Tipp f\u00fcr die Praxis:<\/strong> Sollten Sie unter einem H\u00f6rverlust leiden oder diesen bei nahestehenden Personen bemerken, k\u00fcmmern Sie sich um ein H\u00f6rger\u00e4t. Damit l\u00e4sst sich das Risiko f\u00fcr einen geistigen Abbau senken.<\/p>\n\n\n\n<p><\/p>\n\n\n\n<p>Hier geht&#8217;s zur Zusammenfassung der Studie: <a href=\"https:\/\/jamanetwork.com\/journals\/jamaneurology\/article-abstract\/2799139\">Association of Hearing Aids and Cochlear Implants With Cognitive Decline and Dementia: A Systematic Review and Meta-analysis<\/a><\/p>\n\n\n\n<p><a href=\"https:\/\/digidem-bayern.de\/en\/onlinehoertest\/\">Hier gelangen Sie zum digiDEM Bayern-H\u00f6rtest.<\/a><\/p>\n\n\n\n<p style=\"font-size:20px\"><\/p>\n\n\n\n<div style=\"height:20px\" aria-hidden=\"true\" class=\"wp-block-spacer\"><\/div>\n\n\n\n<div style=\"height:20px\" aria-hidden=\"true\" class=\"wp-block-spacer\"><\/div>","protected":false},"excerpt":{"rendered":"<p>H\u00f6rger\u00e4te und Cochlear-Implantate beugen einem R\u00fcckgang der kognitiven F\u00e4higkeiten vor. Diesen Zusammenhang&nbsp;zwischen der Nutzung von H\u00f6rger\u00e4ten und dem kognitiven Abbau&nbsp;haben Forschende der National University of Singapore und des National University Hospital in einer aktuellen Studie gezeigt. &nbsp; Demnach sinkt das Risiko, langfristig kognitiv abzubauen, um 19 Prozent, wenn H\u00f6rger\u00e4te getragen &hellip;<\/p>","protected":false},"author":12,"featured_media":28427,"comment_status":"open","ping_status":"closed","sticky":false,"template":"","format":"standard","meta":{"qubely_global_settings":"","qubely_interactions":"","_uag_custom_page_level_css":"","footnotes":""},"categories":[5],"tags":[13,756,12,14,17,55,20,58,205,757,61],"class_list":["post-28424","post","type-post","status-publish","format-standard","has-post-thumbnail","hentry","category-wissenschaft-forschung","tag-alzheimer","tag-cochlear-implantat","tag-demenz-2","tag-digidem","tag-digidem-bayern","tag-digitales-demenzregister-bayern","tag-digitalisierung","tag-hoergeraete","tag-hoerverlust","tag-kognition","tag-schwerhoerigkeit"],"qubely_featured_image_url":{"full":["https:\/\/digidem-bayern.de\/wp-content\/uploads\/2023\/05\/Hoergeraete-shutterstock_2137519451.jpg",1000,667,false],"landscape":["https:\/\/digidem-bayern.de\/wp-content\/uploads\/2023\/05\/Hoergeraete-shutterstock_2137519451.jpg",1000,667,false],"portraits":["https:\/\/digidem-bayern.de\/wp-content\/uploads\/2023\/05\/Hoergeraete-shutterstock_2137519451-540x320.jpg",540,320,true],"thumbnail":["https:\/\/digidem-bayern.de\/wp-content\/uploads\/2023\/05\/Hoergeraete-shutterstock_2137519451-80x80.jpg",80,80,true],"medium":["https:\/\/digidem-bayern.de\/wp-content\/uploads\/2023\/05\/Hoergeraete-shutterstock_2137519451-300x200.jpg",300,200,true],"medium_large":["https:\/\/digidem-bayern.de\/wp-content\/uploads\/2023\/05\/Hoergeraete-shutterstock_2137519451-768x512.jpg",768,512,true],"large":["https:\/\/digidem-bayern.de\/wp-content\/uploads\/2023\/05\/Hoergeraete-shutterstock_2137519451.jpg",1000,667,false],"1536x1536":["https:\/\/digidem-bayern.de\/wp-content\/uploads\/2023\/05\/Hoergeraete-shutterstock_2137519451.jpg",1000,667,false],"2048x2048":["https:\/\/digidem-bayern.de\/wp-content\/uploads\/2023\/05\/Hoergeraete-shutterstock_2137519451.jpg",1000,667,false],"trp-custom-language-flag":["https:\/\/digidem-bayern.de\/wp-content\/uploads\/2023\/05\/Hoergeraete-shutterstock_2137519451.jpg",18,12,false],"qubely_landscape":["https:\/\/digidem-bayern.de\/wp-content\/uploads\/2023\/05\/Hoergeraete-shutterstock_2137519451.jpg",1000,667,false],"qubely_portrait":["https:\/\/digidem-bayern.de\/wp-content\/uploads\/2023\/05\/Hoergeraete-shutterstock_2137519451-540x320.jpg",540,320,true],"qubely_thumbnail":["https:\/\/digidem-bayern.de\/wp-content\/uploads\/2023\/05\/Hoergeraete-shutterstock_2137519451-140x100.jpg",140,100,true],"post-thumbnail":["https:\/\/digidem-bayern.de\/wp-content\/uploads\/2023\/05\/Hoergeraete-shutterstock_2137519451-525x350.jpg",525,350,true],"kahuna-featured":["https:\/\/digidem-bayern.de\/wp-content\/uploads\/2023\/05\/Hoergeraete-shutterstock_2137519451-734x350.jpg",734,350,true],"kahuna-featured-lp":["https:\/\/digidem-bayern.de\/wp-content\/uploads\/2023\/05\/Hoergeraete-shutterstock_2137519451-520x350.jpg",520,350,true],"kahuna-featured-half":["https:\/\/digidem-bayern.de\/wp-content\/uploads\/2023\/05\/Hoergeraete-shutterstock_2137519451-800x350.jpg",800,350,true],"kahuna-featured-third":["https:\/\/digidem-bayern.de\/wp-content\/uploads\/2023\/05\/Hoergeraete-shutterstock_2137519451-512x350.jpg",512,350,true],"kahuna-lpbox-1":["https:\/\/digidem-bayern.de\/wp-content\/uploads\/2023\/05\/Hoergeraete-shutterstock_2137519451-520x300.jpg",520,300,true],"kahuna-lpbox-2":["https:\/\/digidem-bayern.de\/wp-content\/uploads\/2023\/05\/Hoergeraete-shutterstock_2137519451-520x350.jpg",520,350,true],"demand-language-flag":["https:\/\/digidem-bayern.de\/wp-content\/uploads\/2023\/05\/Hoergeraete-shutterstock_2137519451-36x36.jpg",36,36,true],"dddkt-language-flag":["https:\/\/digidem-bayern.de\/wp-content\/uploads\/2023\/05\/Hoergeraete-shutterstock_2137519451-36x36.jpg",36,36,true],"ddiqc-language-flag":["https:\/\/digidem-bayern.de\/wp-content\/uploads\/2023\/05\/Hoergeraete-shutterstock_2137519451-36x36.jpg",36,36,true],"ddtl-language-flag":["https:\/\/digidem-bayern.de\/wp-content\/uploads\/2023\/05\/Hoergeraete-shutterstock_2137519451-36x36.jpg",36,36,true],"mailpoet_newsletter_max":["https:\/\/digidem-bayern.de\/wp-content\/uploads\/2023\/05\/Hoergeraete-shutterstock_2137519451.jpg",1000,667,false],"kahuna-lpbox-3":["https:\/\/digidem-bayern.de\/wp-content\/uploads\/2023\/05\/Hoergeraete-shutterstock_2137519451-520x350.jpg",520,350,true],"kahuna-featured-square":["https:\/\/digidem-bayern.de\/wp-content\/uploads\/2023\/05\/Hoergeraete-shutterstock_2137519451-512x512.jpg",512,512,true],"kahuna-featured-square-large":["https:\/\/digidem-bayern.de\/wp-content\/uploads\/2023\/05\/Hoergeraete-shutterstock_2137519451.jpg",1000,667,false]},"qubely_author":{"display_name":"Ilona H\u00f6rath","author_link":"https:\/\/digidem-bayern.de\/en\/author\/hoeratia\/"},"qubely_comment":0,"qubely_category":"<a href=\"https:\/\/digidem-bayern.de\/en\/category\/wissenschaft-forschung\/\" rel=\"category tag\">Wissenschaft &amp; Forschung<\/a>","qubely_excerpt":"H\u00f6rger\u00e4te und Cochlear-Implantate beugen einem R\u00fcckgang der kognitiven F\u00e4higkeiten vor. Diesen Zusammenhang&nbsp;zwischen der Nutzung von H\u00f6rger\u00e4ten und dem kognitiven Abbau&nbsp;haben Forschende der National University of Singapore und des National University Hospital in einer aktuellen Studie gezeigt. &nbsp; Demnach sinkt das Risiko, langfristig kognitiv abzubauen, um 19 Prozent, wenn H\u00f6rger\u00e4te getragen &hellip;","featured_image_urls_v2":{"full":["https:\/\/digidem-bayern.de\/wp-content\/uploads\/2023\/05\/Hoergeraete-shutterstock_2137519451.jpg",1000,667,false],"thumbnail":["https:\/\/digidem-bayern.de\/wp-content\/uploads\/2023\/05\/Hoergeraete-shutterstock_2137519451-80x80.jpg",80,80,true],"medium":["https:\/\/digidem-bayern.de\/wp-content\/uploads\/2023\/05\/Hoergeraete-shutterstock_2137519451-300x200.jpg",300,200,true],"medium_large":["https:\/\/digidem-bayern.de\/wp-content\/uploads\/2023\/05\/Hoergeraete-shutterstock_2137519451-768x512.jpg",768,512,true],"large":["https:\/\/digidem-bayern.de\/wp-content\/uploads\/2023\/05\/Hoergeraete-shutterstock_2137519451.jpg",1000,667,false],"1536x1536":["https:\/\/digidem-bayern.de\/wp-content\/uploads\/2023\/05\/Hoergeraete-shutterstock_2137519451.jpg",1000,667,false],"2048x2048":["https:\/\/digidem-bayern.de\/wp-content\/uploads\/2023\/05\/Hoergeraete-shutterstock_2137519451.jpg",1000,667,false],"trp-custom-language-flag":["https:\/\/digidem-bayern.de\/wp-content\/uploads\/2023\/05\/Hoergeraete-shutterstock_2137519451.jpg",18,12,false],"qubely_landscape":["https:\/\/digidem-bayern.de\/wp-content\/uploads\/2023\/05\/Hoergeraete-shutterstock_2137519451.jpg",1000,667,false],"qubely_portrait":["https:\/\/digidem-bayern.de\/wp-content\/uploads\/2023\/05\/Hoergeraete-shutterstock_2137519451-540x320.jpg",540,320,true],"qubely_thumbnail":["https:\/\/digidem-bayern.de\/wp-content\/uploads\/2023\/05\/Hoergeraete-shutterstock_2137519451-140x100.jpg",140,100,true],"post-thumbnail":["https:\/\/digidem-bayern.de\/wp-content\/uploads\/2023\/05\/Hoergeraete-shutterstock_2137519451-525x350.jpg",525,350,true],"kahuna-featured":["https:\/\/digidem-bayern.de\/wp-content\/uploads\/2023\/05\/Hoergeraete-shutterstock_2137519451-734x350.jpg",734,350,true],"kahuna-featured-lp":["https:\/\/digidem-bayern.de\/wp-content\/uploads\/2023\/05\/Hoergeraete-shutterstock_2137519451-520x350.jpg",520,350,true],"kahuna-featured-half":["https:\/\/digidem-bayern.de\/wp-content\/uploads\/2023\/05\/Hoergeraete-shutterstock_2137519451-800x350.jpg",800,350,true],"kahuna-featured-third":["https:\/\/digidem-bayern.de\/wp-content\/uploads\/2023\/05\/Hoergeraete-shutterstock_2137519451-512x350.jpg",512,350,true],"kahuna-lpbox-1":["https:\/\/digidem-bayern.de\/wp-content\/uploads\/2023\/05\/Hoergeraete-shutterstock_2137519451-520x300.jpg",520,300,true],"kahuna-lpbox-2":["https:\/\/digidem-bayern.de\/wp-content\/uploads\/2023\/05\/Hoergeraete-shutterstock_2137519451-520x350.jpg",520,350,true],"demand-language-flag":["https:\/\/digidem-bayern.de\/wp-content\/uploads\/2023\/05\/Hoergeraete-shutterstock_2137519451-36x36.jpg",36,36,true],"dddkt-language-flag":["https:\/\/digidem-bayern.de\/wp-content\/uploads\/2023\/05\/Hoergeraete-shutterstock_2137519451-36x36.jpg",36,36,true],"ddiqc-language-flag":["https:\/\/digidem-bayern.de\/wp-content\/uploads\/2023\/05\/Hoergeraete-shutterstock_2137519451-36x36.jpg",36,36,true],"ddtl-language-flag":["https:\/\/digidem-bayern.de\/wp-content\/uploads\/2023\/05\/Hoergeraete-shutterstock_2137519451-36x36.jpg",36,36,true],"mailpoet_newsletter_max":["https:\/\/digidem-bayern.de\/wp-content\/uploads\/2023\/05\/Hoergeraete-shutterstock_2137519451.jpg",1000,667,false],"kahuna-lpbox-3":["https:\/\/digidem-bayern.de\/wp-content\/uploads\/2023\/05\/Hoergeraete-shutterstock_2137519451-520x350.jpg",520,350,true],"kahuna-featured-square":["https:\/\/digidem-bayern.de\/wp-content\/uploads\/2023\/05\/Hoergeraete-shutterstock_2137519451-512x512.jpg",512,512,true],"kahuna-featured-square-large":["https:\/\/digidem-bayern.de\/wp-content\/uploads\/2023\/05\/Hoergeraete-shutterstock_2137519451.jpg",1000,667,false]},"post_excerpt_stackable_v2":"<p>H\u00f6rger\u00e4te und Cochlear-Implantate beugen einem R\u00fcckgang der kognitiven F\u00e4higkeiten vor. Diesen Zusammenhang&nbsp;zwischen der Nutzung von H\u00f6rger\u00e4ten und dem kognitiven Abbau&nbsp;haben Forschende der National University of Singapore und des National University Hospital in einer aktuellen Studie gezeigt. &nbsp; Demnach sinkt das Risiko, langfristig kognitiv abzubauen, um 19 Prozent, wenn H\u00f6rger\u00e4te getragen werden. Dies wurde innerhalb eines Nachbeobachtungszeitraumes von zwei bis 25 Jahren wissenschaftlich belegt. Verglichen wurden die Nutzer*innen von H\u00f6rger\u00e4ten dabei mit Menschen, deren nachlassendes Geh\u00f6r unbehandelt blieb. Foto: Shutterstock Verl\u00e4sslicher wissenschaftlicher \u00dcberblick Die Forschungsergebnisse basieren auf einer systematischen \u00dcbersichtsarbeit \u00fcber 31 Studien mit insgesamt 137 484 Teilnehmenden. Daher stellte die&hellip;<\/p>\n","category_list_v2":"<a href=\"https:\/\/digidem-bayern.de\/en\/category\/wissenschaft-forschung\/\" rel=\"category tag\">Wissenschaft &amp; Forschung<\/a>","author_info_v2":{"name":"Ilona H\u00f6rath","url":"https:\/\/digidem-bayern.de\/en\/author\/hoeratia\/"},"comments_num_v2":"0 comments","yoast_head":"<!-- This site is optimized with the Yoast SEO plugin v27.4 - https:\/\/yoast.com\/product\/yoast-seo-wordpress\/ -->\n<title>Demenzrisiko reduzieren mit einem H\u00f6rger\u00e4t - digiDEM Bayern<\/title>\n<meta name=\"description\" content=\"Der Bayerische Landesapothekerkammer unterst\u00fctzt digiDEM Bayern mit Hilfe des Netzwerks &quot;Demenzfreundliche Apotheken&quot;.\" \/>\n<meta name=\"robots\" content=\"index, follow, max-snippet:-1, max-image-preview:large, max-video-preview:-1\" \/>\n<link rel=\"canonical\" href=\"https:\/\/digidem-bayern.de\/en\/demenzrisiko-reduzieren-mit-einem-hoergeraet\/\" \/>\n<meta property=\"og:locale\" content=\"en_US\" \/>\n<meta property=\"og:type\" content=\"article\" \/>\n<meta property=\"og:title\" content=\"Demenzrisiko reduzieren mit einem H\u00f6rger\u00e4t - digiDEM Bayern\" \/>\n<meta property=\"og:description\" content=\"Der Bayerische Landesapothekerkammer unterst\u00fctzt digiDEM Bayern mit Hilfe des Netzwerks &quot;Demenzfreundliche Apotheken&quot;.\" \/>\n<meta property=\"og:url\" content=\"https:\/\/digidem-bayern.de\/en\/demenzrisiko-reduzieren-mit-einem-hoergeraet\/\" \/>\n<meta property=\"og:site_name\" content=\"digiDEM Bayern\" \/>\n<meta property=\"article:publisher\" content=\"https:\/\/www.facebook.com\/digiDEMBayern\/\" \/>\n<meta property=\"article:published_time\" content=\"2023-05-25T10:44:00+00:00\" \/>\n<meta property=\"article:modified_time\" content=\"2023-06-23T08:21:04+00:00\" \/>\n<meta property=\"og:image\" content=\"https:\/\/digidem-bayern.de\/wp-content\/uploads\/2023\/05\/Hoergeraete-shutterstock_2137519451.jpg\" \/>\n\t<meta property=\"og:image:width\" content=\"1000\" \/>\n\t<meta property=\"og:image:height\" content=\"667\" \/>\n\t<meta property=\"og:image:type\" content=\"image\/jpeg\" \/>\n<meta name=\"author\" content=\"Ilona H\u00f6rath\" \/>\n<meta name=\"twitter:label1\" content=\"Written by\" \/>\n\t<meta name=\"twitter:data1\" content=\"Ilona H\u00f6rath\" \/>\n\t<meta name=\"twitter:label2\" content=\"Est. reading time\" \/>\n\t<meta name=\"twitter:data2\" content=\"2 minutes\" \/>\n<script type=\"application\/ld+json\" class=\"yoast-schema-graph\">{\"@context\":\"https:\\\/\\\/schema.org\",\"@graph\":[{\"@type\":\"Article\",\"@id\":\"https:\\\/\\\/digidem-bayern.de\\\/demenzrisiko-reduzieren-mit-einem-hoergeraet\\\/#article\",\"isPartOf\":{\"@id\":\"https:\\\/\\\/digidem-bayern.de\\\/demenzrisiko-reduzieren-mit-einem-hoergeraet\\\/\"},\"author\":{\"name\":\"Ilona H\u00f6rath\",\"@id\":\"\\\/#\\\/schema\\\/person\\\/0bc1494f46fc2a051c761322a80e0941\"},\"headline\":\"Demenzrisiko reduzieren mit einem H\u00f6rger\u00e4t\",\"datePublished\":\"2023-05-25T10:44:00+00:00\",\"dateModified\":\"2023-06-23T08:21:04+00:00\",\"mainEntityOfPage\":{\"@id\":\"https:\\\/\\\/digidem-bayern.de\\\/demenzrisiko-reduzieren-mit-einem-hoergeraet\\\/\"},\"wordCount\":321,\"commentCount\":0,\"publisher\":{\"@id\":\"\\\/#organization\"},\"image\":{\"@id\":\"https:\\\/\\\/digidem-bayern.de\\\/demenzrisiko-reduzieren-mit-einem-hoergeraet\\\/#primaryimage\"},\"thumbnailUrl\":\"https:\\\/\\\/digidem-bayern.de\\\/wp-content\\\/uploads\\\/2023\\\/05\\\/Hoergeraete-shutterstock_2137519451.jpg\",\"keywords\":[\"Alzheimer\",\"Cochlear-Implantat\",\"Demenz\",\"digidem\",\"digidem Bayern\",\"Digitales Demenzregister Bayern\",\"Digitalisierung\",\"H\u00f6rger\u00e4te\",\"H\u00f6rverlust\",\"Kognition\",\"Schwerh\u00f6rigkeit\"],\"articleSection\":[\"Wissenschaft &amp; Forschung\"],\"inLanguage\":\"en-US\",\"potentialAction\":[{\"@type\":\"CommentAction\",\"name\":\"Comment\",\"target\":[\"https:\\\/\\\/digidem-bayern.de\\\/demenzrisiko-reduzieren-mit-einem-hoergeraet\\\/#respond\"]}]},{\"@type\":\"WebPage\",\"@id\":\"https:\\\/\\\/digidem-bayern.de\\\/demenzrisiko-reduzieren-mit-einem-hoergeraet\\\/\",\"url\":\"https:\\\/\\\/digidem-bayern.de\\\/demenzrisiko-reduzieren-mit-einem-hoergeraet\\\/\",\"name\":\"Demenzrisiko reduzieren mit einem H\u00f6rger\u00e4t - digiDEM Bayern\",\"isPartOf\":{\"@id\":\"\\\/#website\"},\"primaryImageOfPage\":{\"@id\":\"https:\\\/\\\/digidem-bayern.de\\\/demenzrisiko-reduzieren-mit-einem-hoergeraet\\\/#primaryimage\"},\"image\":{\"@id\":\"https:\\\/\\\/digidem-bayern.de\\\/demenzrisiko-reduzieren-mit-einem-hoergeraet\\\/#primaryimage\"},\"thumbnailUrl\":\"https:\\\/\\\/digidem-bayern.de\\\/wp-content\\\/uploads\\\/2023\\\/05\\\/Hoergeraete-shutterstock_2137519451.jpg\",\"datePublished\":\"2023-05-25T10:44:00+00:00\",\"dateModified\":\"2023-06-23T08:21:04+00:00\",\"description\":\"Der Bayerische Landesapothekerkammer unterst\u00fctzt digiDEM Bayern mit Hilfe des Netzwerks \\\"Demenzfreundliche Apotheken\\\".\",\"breadcrumb\":{\"@id\":\"https:\\\/\\\/digidem-bayern.de\\\/demenzrisiko-reduzieren-mit-einem-hoergeraet\\\/#breadcrumb\"},\"inLanguage\":\"en-US\",\"potentialAction\":[{\"@type\":\"ReadAction\",\"target\":[\"https:\\\/\\\/digidem-bayern.de\\\/demenzrisiko-reduzieren-mit-einem-hoergeraet\\\/\"]}]},{\"@type\":\"ImageObject\",\"inLanguage\":\"en-US\",\"@id\":\"https:\\\/\\\/digidem-bayern.de\\\/demenzrisiko-reduzieren-mit-einem-hoergeraet\\\/#primaryimage\",\"url\":\"https:\\\/\\\/digidem-bayern.de\\\/wp-content\\\/uploads\\\/2023\\\/05\\\/Hoergeraete-shutterstock_2137519451.jpg\",\"contentUrl\":\"https:\\\/\\\/digidem-bayern.de\\\/wp-content\\\/uploads\\\/2023\\\/05\\\/Hoergeraete-shutterstock_2137519451.jpg\",\"width\":1000,\"height\":667,\"caption\":\"Foto: Shutterstock\"},{\"@type\":\"BreadcrumbList\",\"@id\":\"https:\\\/\\\/digidem-bayern.de\\\/demenzrisiko-reduzieren-mit-einem-hoergeraet\\\/#breadcrumb\",\"itemListElement\":[{\"@type\":\"ListItem\",\"position\":1,\"name\":\"Startseite\",\"item\":\"https:\\\/\\\/digidem-bayern.de\\\/\"},{\"@type\":\"ListItem\",\"position\":2,\"name\":\"Demenzrisiko reduzieren mit einem H\u00f6rger\u00e4t\"}]},{\"@type\":\"WebSite\",\"@id\":\"\\\/#website\",\"url\":\"\\\/\",\"name\":\"digiDEM Bayern\",\"description\":\"Das digitale Demenzregister Bayern erforscht und verbessert die Angebotsstuktur f\u00fcr Menschen mit Demenz und deren Angeh\u00f6rige\",\"publisher\":{\"@id\":\"\\\/#organization\"},\"potentialAction\":[{\"@type\":\"SearchAction\",\"target\":{\"@type\":\"EntryPoint\",\"urlTemplate\":\"\\\/?s={search_term_string}\"},\"query-input\":{\"@type\":\"PropertyValueSpecification\",\"valueRequired\":true,\"valueName\":\"search_term_string\"}}],\"inLanguage\":\"en-US\"},{\"@type\":\"Organization\",\"@id\":\"\\\/#organization\",\"name\":\"digiDEM Bayern\",\"url\":\"\\\/\",\"logo\":{\"@type\":\"ImageObject\",\"inLanguage\":\"en-US\",\"@id\":\"\\\/#\\\/schema\\\/logo\\\/image\\\/\",\"url\":\"https:\\\/\\\/digidem-bayern.de\\\/wp-content\\\/uploads\\\/2022\\\/03\\\/cropped-Allgemeines_digiDEMLOGO-removebg-preview.png\",\"contentUrl\":\"https:\\\/\\\/digidem-bayern.de\\\/wp-content\\\/uploads\\\/2022\\\/03\\\/cropped-Allgemeines_digiDEMLOGO-removebg-preview.png\",\"width\":612,\"height\":357,\"caption\":\"digiDEM Bayern\"},\"image\":{\"@id\":\"\\\/#\\\/schema\\\/logo\\\/image\\\/\"},\"sameAs\":[\"https:\\\/\\\/www.facebook.com\\\/digiDEMBayern\\\/\",\"https:\\\/\\\/x.com\\\/digidem_bayern\",\"https:\\\/\\\/www.instagram.com\\\/digidem.bayern\",\"https:\\\/\\\/www.linkedin.com\\\/company\\\/digidem-bayern\\\/\"]},{\"@type\":\"Person\",\"@id\":\"\\\/#\\\/schema\\\/person\\\/0bc1494f46fc2a051c761322a80e0941\",\"name\":\"Ilona H\u00f6rath\",\"url\":\"https:\\\/\\\/digidem-bayern.de\\\/en\\\/author\\\/hoeratia\\\/\"}]}<\/script>\n<!-- \/ Yoast SEO plugin. -->","yoast_head_json":{"title":"Demenzrisiko reduzieren mit einem H\u00f6rger\u00e4t - digiDEM Bayern","description":"Der Bayerische Landesapothekerkammer unterst\u00fctzt digiDEM Bayern mit Hilfe des Netzwerks \"Demenzfreundliche Apotheken\".","robots":{"index":"index","follow":"follow","max-snippet":"max-snippet:-1","max-image-preview":"max-image-preview:large","max-video-preview":"max-video-preview:-1"},"canonical":"https:\/\/digidem-bayern.de\/en\/demenzrisiko-reduzieren-mit-einem-hoergeraet\/","og_locale":"en_US","og_type":"article","og_title":"Demenzrisiko reduzieren mit einem H\u00f6rger\u00e4t - digiDEM Bayern","og_description":"Der Bayerische Landesapothekerkammer unterst\u00fctzt digiDEM Bayern mit Hilfe des Netzwerks \"Demenzfreundliche Apotheken\".","og_url":"https:\/\/digidem-bayern.de\/en\/demenzrisiko-reduzieren-mit-einem-hoergeraet\/","og_site_name":"digiDEM Bayern","article_publisher":"https:\/\/www.facebook.com\/digiDEMBayern\/","article_published_time":"2023-05-25T10:44:00+00:00","article_modified_time":"2023-06-23T08:21:04+00:00","og_image":[{"width":1000,"height":667,"url":"https:\/\/digidem-bayern.de\/wp-content\/uploads\/2023\/05\/Hoergeraete-shutterstock_2137519451.jpg","type":"image\/jpeg"}],"author":"Ilona H\u00f6rath","twitter_misc":{"Written by":"Ilona H\u00f6rath","Est. reading time":"2 minutes"},"schema":{"@context":"https:\/\/schema.org","@graph":[{"@type":"Article","@id":"https:\/\/digidem-bayern.de\/demenzrisiko-reduzieren-mit-einem-hoergeraet\/#article","isPartOf":{"@id":"https:\/\/digidem-bayern.de\/demenzrisiko-reduzieren-mit-einem-hoergeraet\/"},"author":{"name":"Ilona H\u00f6rath","@id":"\/#\/schema\/person\/0bc1494f46fc2a051c761322a80e0941"},"headline":"Demenzrisiko reduzieren mit einem H\u00f6rger\u00e4t","datePublished":"2023-05-25T10:44:00+00:00","dateModified":"2023-06-23T08:21:04+00:00","mainEntityOfPage":{"@id":"https:\/\/digidem-bayern.de\/demenzrisiko-reduzieren-mit-einem-hoergeraet\/"},"wordCount":321,"commentCount":0,"publisher":{"@id":"\/#organization"},"image":{"@id":"https:\/\/digidem-bayern.de\/demenzrisiko-reduzieren-mit-einem-hoergeraet\/#primaryimage"},"thumbnailUrl":"https:\/\/digidem-bayern.de\/wp-content\/uploads\/2023\/05\/Hoergeraete-shutterstock_2137519451.jpg","keywords":["Alzheimer","Cochlear-Implantat","Demenz","digidem","digidem Bayern","Digitales Demenzregister Bayern","Digitalisierung","H\u00f6rger\u00e4te","H\u00f6rverlust","Kognition","Schwerh\u00f6rigkeit"],"articleSection":["Wissenschaft &amp; Forschung"],"inLanguage":"en-US","potentialAction":[{"@type":"CommentAction","name":"Comment","target":["https:\/\/digidem-bayern.de\/demenzrisiko-reduzieren-mit-einem-hoergeraet\/#respond"]}]},{"@type":"WebPage","@id":"https:\/\/digidem-bayern.de\/demenzrisiko-reduzieren-mit-einem-hoergeraet\/","url":"https:\/\/digidem-bayern.de\/demenzrisiko-reduzieren-mit-einem-hoergeraet\/","name":"Demenzrisiko reduzieren mit einem H\u00f6rger\u00e4t - digiDEM Bayern","isPartOf":{"@id":"\/#website"},"primaryImageOfPage":{"@id":"https:\/\/digidem-bayern.de\/demenzrisiko-reduzieren-mit-einem-hoergeraet\/#primaryimage"},"image":{"@id":"https:\/\/digidem-bayern.de\/demenzrisiko-reduzieren-mit-einem-hoergeraet\/#primaryimage"},"thumbnailUrl":"https:\/\/digidem-bayern.de\/wp-content\/uploads\/2023\/05\/Hoergeraete-shutterstock_2137519451.jpg","datePublished":"2023-05-25T10:44:00+00:00","dateModified":"2023-06-23T08:21:04+00:00","description":"Der Bayerische Landesapothekerkammer unterst\u00fctzt digiDEM Bayern mit Hilfe des Netzwerks \"Demenzfreundliche Apotheken\".","breadcrumb":{"@id":"https:\/\/digidem-bayern.de\/demenzrisiko-reduzieren-mit-einem-hoergeraet\/#breadcrumb"},"inLanguage":"en-US","potentialAction":[{"@type":"ReadAction","target":["https:\/\/digidem-bayern.de\/demenzrisiko-reduzieren-mit-einem-hoergeraet\/"]}]},{"@type":"ImageObject","inLanguage":"en-US","@id":"https:\/\/digidem-bayern.de\/demenzrisiko-reduzieren-mit-einem-hoergeraet\/#primaryimage","url":"https:\/\/digidem-bayern.de\/wp-content\/uploads\/2023\/05\/Hoergeraete-shutterstock_2137519451.jpg","contentUrl":"https:\/\/digidem-bayern.de\/wp-content\/uploads\/2023\/05\/Hoergeraete-shutterstock_2137519451.jpg","width":1000,"height":667,"caption":"Foto: Shutterstock"},{"@type":"BreadcrumbList","@id":"https:\/\/digidem-bayern.de\/demenzrisiko-reduzieren-mit-einem-hoergeraet\/#breadcrumb","itemListElement":[{"@type":"ListItem","position":1,"name":"Startseite","item":"https:\/\/digidem-bayern.de\/"},{"@type":"ListItem","position":2,"name":"Demenzrisiko reduzieren mit einem H\u00f6rger\u00e4t"}]},{"@type":"WebSite","@id":"\/#website","url":"\/","name":"digiDEM Bavaria","description":"The digital dementia register in Bavaria researches and improves the structure of services for people with dementia and their relatives","publisher":{"@id":"\/#organization"},"potentialAction":[{"@type":"SearchAction","target":{"@type":"EntryPoint","urlTemplate":"\/?s={search_term_string}"},"query-input":{"@type":"PropertyValueSpecification","valueRequired":true,"valueName":"search_term_string"}}],"inLanguage":"en-US"},{"@type":"Organization","@id":"\/#organization","name":"digiDEM Bavaria","url":"\/","logo":{"@type":"ImageObject","inLanguage":"en-US","@id":"\/#\/schema\/logo\/image\/","url":"https:\/\/digidem-bayern.de\/wp-content\/uploads\/2022\/03\/cropped-Allgemeines_digiDEMLOGO-removebg-preview.png","contentUrl":"https:\/\/digidem-bayern.de\/wp-content\/uploads\/2022\/03\/cropped-Allgemeines_digiDEMLOGO-removebg-preview.png","width":612,"height":357,"caption":"digiDEM Bayern"},"image":{"@id":"\/#\/schema\/logo\/image\/"},"sameAs":["https:\/\/www.facebook.com\/digiDEMBayern\/","https:\/\/x.com\/digidem_bayern","https:\/\/www.instagram.com\/digidem.bayern","https:\/\/www.linkedin.com\/company\/digidem-bayern\/"]},{"@type":"Person","@id":"\/#\/schema\/person\/0bc1494f46fc2a051c761322a80e0941","name":"Ilona H\u00f6rath","url":"https:\/\/digidem-bayern.de\/en\/author\/hoeratia\/"}]}},"uagb_featured_image_src":{"full":["https:\/\/digidem-bayern.de\/wp-content\/uploads\/2023\/05\/Hoergeraete-shutterstock_2137519451.jpg",1000,667,false],"thumbnail":["https:\/\/digidem-bayern.de\/wp-content\/uploads\/2023\/05\/Hoergeraete-shutterstock_2137519451-80x80.jpg",80,80,true],"medium":["https:\/\/digidem-bayern.de\/wp-content\/uploads\/2023\/05\/Hoergeraete-shutterstock_2137519451-300x200.jpg",300,200,true],"medium_large":["https:\/\/digidem-bayern.de\/wp-content\/uploads\/2023\/05\/Hoergeraete-shutterstock_2137519451-768x512.jpg",768,512,true],"large":["https:\/\/digidem-bayern.de\/wp-content\/uploads\/2023\/05\/Hoergeraete-shutterstock_2137519451.jpg",1000,667,false],"1536x1536":["https:\/\/digidem-bayern.de\/wp-content\/uploads\/2023\/05\/Hoergeraete-shutterstock_2137519451.jpg",1000,667,false],"2048x2048":["https:\/\/digidem-bayern.de\/wp-content\/uploads\/2023\/05\/Hoergeraete-shutterstock_2137519451.jpg",1000,667,false],"trp-custom-language-flag":["https:\/\/digidem-bayern.de\/wp-content\/uploads\/2023\/05\/Hoergeraete-shutterstock_2137519451.jpg",18,12,false],"qubely_landscape":["https:\/\/digidem-bayern.de\/wp-content\/uploads\/2023\/05\/Hoergeraete-shutterstock_2137519451.jpg",1000,667,false],"qubely_portrait":["https:\/\/digidem-bayern.de\/wp-content\/uploads\/2023\/05\/Hoergeraete-shutterstock_2137519451-540x320.jpg",540,320,true],"qubely_thumbnail":["https:\/\/digidem-bayern.de\/wp-content\/uploads\/2023\/05\/Hoergeraete-shutterstock_2137519451-140x100.jpg",140,100,true],"post-thumbnail":["https:\/\/digidem-bayern.de\/wp-content\/uploads\/2023\/05\/Hoergeraete-shutterstock_2137519451-525x350.jpg",525,350,true],"kahuna-featured":["https:\/\/digidem-bayern.de\/wp-content\/uploads\/2023\/05\/Hoergeraete-shutterstock_2137519451-734x350.jpg",734,350,true],"kahuna-featured-lp":["https:\/\/digidem-bayern.de\/wp-content\/uploads\/2023\/05\/Hoergeraete-shutterstock_2137519451-520x350.jpg",520,350,true],"kahuna-featured-half":["https:\/\/digidem-bayern.de\/wp-content\/uploads\/2023\/05\/Hoergeraete-shutterstock_2137519451-800x350.jpg",800,350,true],"kahuna-featured-third":["https:\/\/digidem-bayern.de\/wp-content\/uploads\/2023\/05\/Hoergeraete-shutterstock_2137519451-512x350.jpg",512,350,true],"kahuna-lpbox-1":["https:\/\/digidem-bayern.de\/wp-content\/uploads\/2023\/05\/Hoergeraete-shutterstock_2137519451-520x300.jpg",520,300,true],"kahuna-lpbox-2":["https:\/\/digidem-bayern.de\/wp-content\/uploads\/2023\/05\/Hoergeraete-shutterstock_2137519451-520x350.jpg",520,350,true],"demand-language-flag":["https:\/\/digidem-bayern.de\/wp-content\/uploads\/2023\/05\/Hoergeraete-shutterstock_2137519451-36x36.jpg",36,36,true],"dddkt-language-flag":["https:\/\/digidem-bayern.de\/wp-content\/uploads\/2023\/05\/Hoergeraete-shutterstock_2137519451-36x36.jpg",36,36,true],"ddiqc-language-flag":["https:\/\/digidem-bayern.de\/wp-content\/uploads\/2023\/05\/Hoergeraete-shutterstock_2137519451-36x36.jpg",36,36,true],"ddtl-language-flag":["https:\/\/digidem-bayern.de\/wp-content\/uploads\/2023\/05\/Hoergeraete-shutterstock_2137519451-36x36.jpg",36,36,true],"mailpoet_newsletter_max":["https:\/\/digidem-bayern.de\/wp-content\/uploads\/2023\/05\/Hoergeraete-shutterstock_2137519451.jpg",1000,667,false],"kahuna-lpbox-3":["https:\/\/digidem-bayern.de\/wp-content\/uploads\/2023\/05\/Hoergeraete-shutterstock_2137519451-520x350.jpg",520,350,true],"kahuna-featured-square":["https:\/\/digidem-bayern.de\/wp-content\/uploads\/2023\/05\/Hoergeraete-shutterstock_2137519451-512x512.jpg",512,512,true],"kahuna-featured-square-large":["https:\/\/digidem-bayern.de\/wp-content\/uploads\/2023\/05\/Hoergeraete-shutterstock_2137519451.jpg",1000,667,false]},"uagb_author_info":{"display_name":"Ilona H\u00f6rath","author_link":"https:\/\/digidem-bayern.de\/en\/author\/hoeratia\/"},"uagb_comment_info":0,"uagb_excerpt":"H\u00f6rger\u00e4te und Cochlear-Implantate beugen einem R\u00fcckgang der kognitiven F\u00e4higkeiten vor. Diesen Zusammenhang&nbsp;zwischen der Nutzung von H\u00f6rger\u00e4ten und dem kognitiven Abbau&nbsp;haben Forschende der National University of Singapore und des National University Hospital in einer aktuellen Studie gezeigt. &nbsp; Demnach sinkt das Risiko, langfristig kognitiv abzubauen, um 19 Prozent, wenn H\u00f6rger\u00e4te getragen &hellip;","_links":{"self":[{"href":"https:\/\/digidem-bayern.de\/en\/wp-json\/wp\/v2\/posts\/28424","targetHints":{"allow":["GET"]}}],"collection":[{"href":"https:\/\/digidem-bayern.de\/en\/wp-json\/wp\/v2\/posts"}],"about":[{"href":"https:\/\/digidem-bayern.de\/en\/wp-json\/wp\/v2\/types\/post"}],"author":[{"embeddable":true,"href":"https:\/\/digidem-bayern.de\/en\/wp-json\/wp\/v2\/users\/12"}],"replies":[{"embeddable":true,"href":"https:\/\/digidem-bayern.de\/en\/wp-json\/wp\/v2\/comments?post=28424"}],"version-history":[{"count":2,"href":"https:\/\/digidem-bayern.de\/en\/wp-json\/wp\/v2\/posts\/28424\/revisions"}],"predecessor-version":[{"id":28440,"href":"https:\/\/digidem-bayern.de\/en\/wp-json\/wp\/v2\/posts\/28424\/revisions\/28440"}],"wp:featuredmedia":[{"embeddable":true,"href":"https:\/\/digidem-bayern.de\/en\/wp-json\/wp\/v2\/media\/28427"}],"wp:attachment":[{"href":"https:\/\/digidem-bayern.de\/en\/wp-json\/wp\/v2\/media?parent=28424"}],"wp:term":[{"taxonomy":"category","embeddable":true,"href":"https:\/\/digidem-bayern.de\/en\/wp-json\/wp\/v2\/categories?post=28424"},{"taxonomy":"post_tag","embeddable":true,"href":"https:\/\/digidem-bayern.de\/en\/wp-json\/wp\/v2\/tags?post=28424"}],"curies":[{"name":"wp","href":"https:\/\/api.w.org\/{rel}","templated":true}]}}