{"id":28422,"date":"2023-05-25T12:03:00","date_gmt":"2023-05-25T10:03:00","guid":{"rendered":"https:\/\/digidem-bayern.de\/?p=28422"},"modified":"2023-06-23T10:21:43","modified_gmt":"2023-06-23T08:21:43","slug":"der-ball-ist-rund-und-das-demenzrisiko-erhoeht","status":"publish","type":"post","link":"https:\/\/digidem-bayern.de\/en\/der-ball-ist-rund-und-das-demenzrisiko-erhoeht\/","title":{"rendered":"Der Ball ist rund &#8211; und das Demenzrisiko erh\u00f6ht"},"content":{"rendered":"<p><strong>Fu\u00dfball macht Spa\u00df, Fu\u00dfball ist der beliebteste Sport der Welt. Was aber viele nicht wissen: Fu\u00dfballprofis haben ein 1,62-mal h\u00f6heres Risiko, an einer Demenz zu erkranken als die Allgemeinbev\u00f6lkerung. Dieser gr\u00f6\u00dferen Gefahr sind allerdings nur die Feldspieler ausgesetzt, nicht aber die Torh\u00fcter.<\/strong><\/p>\n\n\n\n<p>Die aktuelle Studie aus Schweden umfasste&nbsp;6007 m\u00e4nnliche, in Schweden geborene Fu\u00dfballspieler (davon waren 510 Torh\u00fcter), die zwischen 1924 und 2019 in der ersten schwedischen&nbsp;Liga Allsvenskan gespielthaben. Ausgewertet wurden unter anderem das Geburtsdatum der Spieler, die Anzahl der gespielten Saisons und Spiele und die Position des Spielers, ob er also als Feldspieler st\u00fcrmte oder im Tor stand. Eine Kontrollgruppe mit vergleichbaren Merkmalen kam auf die stattliche Anzahl von 56 168 Personen aus der Allgemeinbev\u00f6lkerung.&nbsp;<\/p>\n\n\n\n<p>\u201eW\u00e4hrend der Nachbeobachtung bis zum 31. Dezember 2020 wurde bei 537 der 6007 Fu\u00dfballspieler (8,9 Prozent) und bei 3485 der 56 168 Kontrollpersonen (6,2 Prozent) eine neurodegenerative Erkrankung diagnostiziert\u201c, schreiben die Wissenschaftler.<\/p>\n\n\n<div class=\"wp-block-image\">\n<figure class=\"alignright size-full is-resized\"><img loading=\"lazy\" decoding=\"async\" src=\"https:\/\/digidem-bayern.de\/wp-content\/uploads\/2023\/05\/Fussball-shutterstock_1459902260.jpg\" alt=\"Sowohl bei Feldspielern als auch Torm\u00e4nnern war das Risiko f\u00fcr die Parkinson-Erkrankung geringer als in der allgemeinen Bev\u00f6lkerung.\" class=\"wp-image-28426\" width=\"519\" height=\"286\" srcset=\"https:\/\/digidem-bayern.de\/wp-content\/uploads\/2023\/05\/Fussball-shutterstock_1459902260.jpg 1000w, https:\/\/digidem-bayern.de\/wp-content\/uploads\/2023\/05\/Fussball-shutterstock_1459902260-300x165.jpg 300w, https:\/\/digidem-bayern.de\/wp-content\/uploads\/2023\/05\/Fussball-shutterstock_1459902260-768x422.jpg 768w, https:\/\/digidem-bayern.de\/wp-content\/uploads\/2023\/05\/Fussball-shutterstock_1459902260-636x350.jpg 636w\" sizes=\"auto, (max-width: 519px) 100vw, 519px\" \/><figcaption class=\"wp-element-caption\">Foto: Shutterstock<\/figcaption><\/figure>\n<\/div>\n\n\n<p><strong>Zwei Einschr\u00e4nkungen<\/strong><\/p>\n\n\n\n<p>Demnach erkrankten die Fu\u00dfballprofis 1,62-mal so h\u00e4ufig an einer Demenz als die Allgemeinbev\u00f6lkerung. Dabei gibt es zwei Einschr\u00e4nkungen. F\u00fcr andere neurodegenerative Erkrankungen au\u00dfer der Alzheimer-Demenz gilt das erh\u00f6hte Risiko nicht. Und betroffen sind ausschlie\u00dflich Feldspieler, aber nicht die Torh\u00fcter.&nbsp;Die Forschenden nehmen an, dass Kopfb\u00e4lle und Gehirnersch\u00fctterungen zu neurodegenerativen Erkrankungen f\u00fchren k\u00f6nnten.<\/p>\n\n\n\n<p>Interessant ist in diesem Zusammenhang der Vergleich mit der Parkinson-Erkrankung. Sowohl bei Feldspielern als auch Torm\u00e4nnern war das Risiko f\u00fcr die Parkinson-Erkrankung geringer als in der allgemeinen Bev\u00f6lkerung.<\/p>\n\n\n\n<p><strong>Vergleichbare Studie aus Schottland<\/strong><\/p>\n\n\n\n<p>Die Studienautoren weisen auf eine vergleichbare Studie aus Schottland aus dem Jahr 2019 hin. Dort fanden die Forschenden heraus, dass bei den schottischen Profikickern das Risiko einer neurodegenerativen Erkrankung \u2013 wozu auch Alzheimer und andere Demenzformen z\u00e4hlen \u2013 sogar mehr als drei- bis f\u00fcnfmal h\u00f6her war. Dennoch sehen die schwedischen Wissenschaftler ihre Ergebnisse insofern best\u00e4tigt, dass Profifu\u00dfballer einem erh\u00f6hten Demenzrisiko ausgesetzt sind.&nbsp;<\/p>\n\n\n\n<p><strong>Sind Freizeitsportler gef\u00e4hrdet?<\/strong><\/p>\n\n\n\n<p>Ob sich das schwedische Forschungsergebnis&nbsp;auf heutige Fu\u00dfballspieler \u2013 und auch Fu\u00dfballspielerinnen \u2013 sowohl im Profi- als auch im Amateur- und Jugendsport \u00fcbertragen lie\u00dfe, ist nach Angaben der Wissenschaftler \u201eungewiss\u201c. \u201eEs ist wahrscheinlich, dass die mit dem Fu\u00dfball verbundenen Belastungen bei Spitzenspielern extrem sind und dass m\u00f6gliche Assoziationen mit neurodegenerativen Erkrankungen, wenn \u00fcberhaupt, bei Freizeitspielern weniger ausgepr\u00e4gt sind.\u201c<\/p>\n\n\n\n<p>Trotzdem reagierten bereits nach der Ver\u00f6ffentlichung der schottischen Studie der Europ\u00e4ische Fu\u00dfballverband (UEFA) und der britische Fu\u00dfballverband. Sie \u00e4nderten ihre Richtlinien, sprachen sogar ein g\u00e4nzliches Kopfballverbot f\u00fcr Kinder bis 12 Jahre aus, \u201eum die Belastung durch Kopfb\u00e4lle bei Jugendspielern zu verringern\u201c. Auch der Deutsche Fu\u00dfball-Bund (DFB) wurde aufgrund der Studienergebnisse t\u00e4tig. Im Gegensatz zum englischen Verband sprach der DFB jedoch kein Verbot aus, sondern gab lediglich Empfehlungen f\u00fcr den Kinderfu\u00dfball heraus.&nbsp;<\/p>\n\n\n\n<p><strong>Tipp f\u00fcr die Praxis:<\/strong> Sollten Sie selbst Trainer*in oder Betreuer*in einer Kinderfu\u00dfballmannschaft sein, <a href=\"https:\/\/www.dfb.de\/news\/detail\/faq-kopfballspiel-im-kinderfussball-236524\/\">k\u00f6nnen Sie hier die Empfehlungen des DFB lesen<\/a>.<\/p>\n\n\n\n<p><\/p>\n\n\n\n<p>Hier geht&#8217;s zur Studie: <a href=\"https:\/\/www.thelancet.com\/journals\/lanpub\/article\/PIIS2468-2667(23)00027-0\/fulltext\">Neurodegenerative disease among male elite football (soccer) players in Sweden: a cohort study<\/a><\/p>\n\n\n\n<p><\/p>\n\n\n\n<p style=\"font-size:20px\"><\/p>\n\n\n\n<div style=\"height:20px\" aria-hidden=\"true\" class=\"wp-block-spacer\"><\/div>\n\n\n\n<div style=\"height:20px\" aria-hidden=\"true\" class=\"wp-block-spacer\"><\/div>","protected":false},"excerpt":{"rendered":"<p>Fu\u00dfball macht Spa\u00df, Fu\u00dfball ist der beliebteste Sport der Welt. Was aber viele nicht wissen: Fu\u00dfballprofis haben ein 1,62-mal h\u00f6heres Risiko, an einer Demenz zu erkranken als die Allgemeinbev\u00f6lkerung. Dieser gr\u00f6\u00dferen Gefahr sind allerdings nur die Feldspieler ausgesetzt, nicht aber die Torh\u00fcter. Die aktuelle Studie aus Schweden umfasste&nbsp;6007 m\u00e4nnliche, in &hellip;<\/p>","protected":false},"author":12,"featured_media":28426,"comment_status":"open","ping_status":"closed","sticky":false,"template":"","format":"standard","meta":{"qubely_global_settings":"","qubely_interactions":"","_uag_custom_page_level_css":"","footnotes":""},"categories":[5],"tags":[13,12,762,14,17,55,20,759,761,42,635,45,760,758,763],"class_list":["post-28422","post","type-post","status-publish","format-standard","has-post-thumbnail","hentry","category-wissenschaft-forschung","tag-alzheimer","tag-demenz-2","tag-dfb","tag-digidem","tag-digidem-bayern","tag-digitales-demenzregister-bayern","tag-digitalisierung","tag-feldspieler","tag-freizeitsportler","tag-fussball","tag-parkinson","tag-schottland","tag-torhueter","tag-tormann","tag-trainer"],"qubely_featured_image_url":{"full":["https:\/\/digidem-bayern.de\/wp-content\/uploads\/2023\/05\/Fussball-shutterstock_1459902260.jpg",1000,550,false],"landscape":["https:\/\/digidem-bayern.de\/wp-content\/uploads\/2023\/05\/Fussball-shutterstock_1459902260.jpg",1000,550,false],"portraits":["https:\/\/digidem-bayern.de\/wp-content\/uploads\/2023\/05\/Fussball-shutterstock_1459902260-540x320.jpg",540,320,true],"thumbnail":["https:\/\/digidem-bayern.de\/wp-content\/uploads\/2023\/05\/Fussball-shutterstock_1459902260-80x80.jpg",80,80,true],"medium":["https:\/\/digidem-bayern.de\/wp-content\/uploads\/2023\/05\/Fussball-shutterstock_1459902260-300x165.jpg",300,165,true],"medium_large":["https:\/\/digidem-bayern.de\/wp-content\/uploads\/2023\/05\/Fussball-shutterstock_1459902260-768x422.jpg",768,422,true],"large":["https:\/\/digidem-bayern.de\/wp-content\/uploads\/2023\/05\/Fussball-shutterstock_1459902260.jpg",1000,550,false],"1536x1536":["https:\/\/digidem-bayern.de\/wp-content\/uploads\/2023\/05\/Fussball-shutterstock_1459902260.jpg",1000,550,false],"2048x2048":["https:\/\/digidem-bayern.de\/wp-content\/uploads\/2023\/05\/Fussball-shutterstock_1459902260.jpg",1000,550,false],"trp-custom-language-flag":["https:\/\/digidem-bayern.de\/wp-content\/uploads\/2023\/05\/Fussball-shutterstock_1459902260.jpg",18,10,false],"qubely_landscape":["https:\/\/digidem-bayern.de\/wp-content\/uploads\/2023\/05\/Fussball-shutterstock_1459902260.jpg",1000,550,false],"qubely_portrait":["https:\/\/digidem-bayern.de\/wp-content\/uploads\/2023\/05\/Fussball-shutterstock_1459902260-540x320.jpg",540,320,true],"qubely_thumbnail":["https:\/\/digidem-bayern.de\/wp-content\/uploads\/2023\/05\/Fussball-shutterstock_1459902260-140x100.jpg",140,100,true],"post-thumbnail":["https:\/\/digidem-bayern.de\/wp-content\/uploads\/2023\/05\/Fussball-shutterstock_1459902260-636x350.jpg",636,350,true],"kahuna-featured":["https:\/\/digidem-bayern.de\/wp-content\/uploads\/2023\/05\/Fussball-shutterstock_1459902260-734x350.jpg",734,350,true],"kahuna-featured-lp":["https:\/\/digidem-bayern.de\/wp-content\/uploads\/2023\/05\/Fussball-shutterstock_1459902260-520x350.jpg",520,350,true],"kahuna-featured-half":["https:\/\/digidem-bayern.de\/wp-content\/uploads\/2023\/05\/Fussball-shutterstock_1459902260-800x350.jpg",800,350,true],"kahuna-featured-third":["https:\/\/digidem-bayern.de\/wp-content\/uploads\/2023\/05\/Fussball-shutterstock_1459902260-512x350.jpg",512,350,true],"kahuna-lpbox-1":["https:\/\/digidem-bayern.de\/wp-content\/uploads\/2023\/05\/Fussball-shutterstock_1459902260-520x300.jpg",520,300,true],"kahuna-lpbox-2":["https:\/\/digidem-bayern.de\/wp-content\/uploads\/2023\/05\/Fussball-shutterstock_1459902260-520x350.jpg",520,350,true],"demand-language-flag":["https:\/\/digidem-bayern.de\/wp-content\/uploads\/2023\/05\/Fussball-shutterstock_1459902260-36x36.jpg",36,36,true],"dddkt-language-flag":["https:\/\/digidem-bayern.de\/wp-content\/uploads\/2023\/05\/Fussball-shutterstock_1459902260-36x36.jpg",36,36,true],"ddiqc-language-flag":["https:\/\/digidem-bayern.de\/wp-content\/uploads\/2023\/05\/Fussball-shutterstock_1459902260-36x36.jpg",36,36,true],"ddtl-language-flag":["https:\/\/digidem-bayern.de\/wp-content\/uploads\/2023\/05\/Fussball-shutterstock_1459902260-36x36.jpg",36,36,true],"mailpoet_newsletter_max":["https:\/\/digidem-bayern.de\/wp-content\/uploads\/2023\/05\/Fussball-shutterstock_1459902260.jpg",1000,550,false],"kahuna-lpbox-3":["https:\/\/digidem-bayern.de\/wp-content\/uploads\/2023\/05\/Fussball-shutterstock_1459902260-520x350.jpg",520,350,true],"kahuna-featured-square":["https:\/\/digidem-bayern.de\/wp-content\/uploads\/2023\/05\/Fussball-shutterstock_1459902260-512x512.jpg",512,512,true],"kahuna-featured-square-large":["https:\/\/digidem-bayern.de\/wp-content\/uploads\/2023\/05\/Fussball-shutterstock_1459902260.jpg",1000,550,false]},"qubely_author":{"display_name":"Ilona H\u00f6rath","author_link":"https:\/\/digidem-bayern.de\/en\/author\/hoeratia\/"},"qubely_comment":0,"qubely_category":"<a href=\"https:\/\/digidem-bayern.de\/en\/category\/wissenschaft-forschung\/\" rel=\"category tag\">Wissenschaft &amp; Forschung<\/a>","qubely_excerpt":"Fu\u00dfball macht Spa\u00df, Fu\u00dfball ist der beliebteste Sport der Welt. Was aber viele nicht wissen: Fu\u00dfballprofis haben ein 1,62-mal h\u00f6heres Risiko, an einer Demenz zu erkranken als die Allgemeinbev\u00f6lkerung. Dieser gr\u00f6\u00dferen Gefahr sind allerdings nur die Feldspieler ausgesetzt, nicht aber die Torh\u00fcter. Die aktuelle Studie aus Schweden umfasste&nbsp;6007 m\u00e4nnliche, in &hellip;","featured_image_urls_v2":{"full":["https:\/\/digidem-bayern.de\/wp-content\/uploads\/2023\/05\/Fussball-shutterstock_1459902260.jpg",1000,550,false],"thumbnail":["https:\/\/digidem-bayern.de\/wp-content\/uploads\/2023\/05\/Fussball-shutterstock_1459902260-80x80.jpg",80,80,true],"medium":["https:\/\/digidem-bayern.de\/wp-content\/uploads\/2023\/05\/Fussball-shutterstock_1459902260-300x165.jpg",300,165,true],"medium_large":["https:\/\/digidem-bayern.de\/wp-content\/uploads\/2023\/05\/Fussball-shutterstock_1459902260-768x422.jpg",768,422,true],"large":["https:\/\/digidem-bayern.de\/wp-content\/uploads\/2023\/05\/Fussball-shutterstock_1459902260.jpg",1000,550,false],"1536x1536":["https:\/\/digidem-bayern.de\/wp-content\/uploads\/2023\/05\/Fussball-shutterstock_1459902260.jpg",1000,550,false],"2048x2048":["https:\/\/digidem-bayern.de\/wp-content\/uploads\/2023\/05\/Fussball-shutterstock_1459902260.jpg",1000,550,false],"trp-custom-language-flag":["https:\/\/digidem-bayern.de\/wp-content\/uploads\/2023\/05\/Fussball-shutterstock_1459902260.jpg",18,10,false],"qubely_landscape":["https:\/\/digidem-bayern.de\/wp-content\/uploads\/2023\/05\/Fussball-shutterstock_1459902260.jpg",1000,550,false],"qubely_portrait":["https:\/\/digidem-bayern.de\/wp-content\/uploads\/2023\/05\/Fussball-shutterstock_1459902260-540x320.jpg",540,320,true],"qubely_thumbnail":["https:\/\/digidem-bayern.de\/wp-content\/uploads\/2023\/05\/Fussball-shutterstock_1459902260-140x100.jpg",140,100,true],"post-thumbnail":["https:\/\/digidem-bayern.de\/wp-content\/uploads\/2023\/05\/Fussball-shutterstock_1459902260-636x350.jpg",636,350,true],"kahuna-featured":["https:\/\/digidem-bayern.de\/wp-content\/uploads\/2023\/05\/Fussball-shutterstock_1459902260-734x350.jpg",734,350,true],"kahuna-featured-lp":["https:\/\/digidem-bayern.de\/wp-content\/uploads\/2023\/05\/Fussball-shutterstock_1459902260-520x350.jpg",520,350,true],"kahuna-featured-half":["https:\/\/digidem-bayern.de\/wp-content\/uploads\/2023\/05\/Fussball-shutterstock_1459902260-800x350.jpg",800,350,true],"kahuna-featured-third":["https:\/\/digidem-bayern.de\/wp-content\/uploads\/2023\/05\/Fussball-shutterstock_1459902260-512x350.jpg",512,350,true],"kahuna-lpbox-1":["https:\/\/digidem-bayern.de\/wp-content\/uploads\/2023\/05\/Fussball-shutterstock_1459902260-520x300.jpg",520,300,true],"kahuna-lpbox-2":["https:\/\/digidem-bayern.de\/wp-content\/uploads\/2023\/05\/Fussball-shutterstock_1459902260-520x350.jpg",520,350,true],"demand-language-flag":["https:\/\/digidem-bayern.de\/wp-content\/uploads\/2023\/05\/Fussball-shutterstock_1459902260-36x36.jpg",36,36,true],"dddkt-language-flag":["https:\/\/digidem-bayern.de\/wp-content\/uploads\/2023\/05\/Fussball-shutterstock_1459902260-36x36.jpg",36,36,true],"ddiqc-language-flag":["https:\/\/digidem-bayern.de\/wp-content\/uploads\/2023\/05\/Fussball-shutterstock_1459902260-36x36.jpg",36,36,true],"ddtl-language-flag":["https:\/\/digidem-bayern.de\/wp-content\/uploads\/2023\/05\/Fussball-shutterstock_1459902260-36x36.jpg",36,36,true],"mailpoet_newsletter_max":["https:\/\/digidem-bayern.de\/wp-content\/uploads\/2023\/05\/Fussball-shutterstock_1459902260.jpg",1000,550,false],"kahuna-lpbox-3":["https:\/\/digidem-bayern.de\/wp-content\/uploads\/2023\/05\/Fussball-shutterstock_1459902260-520x350.jpg",520,350,true],"kahuna-featured-square":["https:\/\/digidem-bayern.de\/wp-content\/uploads\/2023\/05\/Fussball-shutterstock_1459902260-512x512.jpg",512,512,true],"kahuna-featured-square-large":["https:\/\/digidem-bayern.de\/wp-content\/uploads\/2023\/05\/Fussball-shutterstock_1459902260.jpg",1000,550,false]},"post_excerpt_stackable_v2":"<p>Fu\u00dfball macht Spa\u00df, Fu\u00dfball ist der beliebteste Sport der Welt. Was aber viele nicht wissen: Fu\u00dfballprofis haben ein 1,62-mal h\u00f6heres Risiko, an einer Demenz zu erkranken als die Allgemeinbev\u00f6lkerung. Dieser gr\u00f6\u00dferen Gefahr sind allerdings nur die Feldspieler ausgesetzt, nicht aber die Torh\u00fcter. Die aktuelle Studie aus Schweden umfasste&nbsp;6007 m\u00e4nnliche, in Schweden geborene Fu\u00dfballspieler (davon waren 510 Torh\u00fcter), die zwischen 1924 und 2019 in der ersten schwedischen&nbsp;Liga Allsvenskan gespielthaben. Ausgewertet wurden unter anderem das Geburtsdatum der Spieler, die Anzahl der gespielten Saisons und Spiele und die Position des Spielers, ob er also als Feldspieler st\u00fcrmte oder im Tor stand. Eine Kontrollgruppe&hellip;<\/p>\n","category_list_v2":"<a href=\"https:\/\/digidem-bayern.de\/en\/category\/wissenschaft-forschung\/\" rel=\"category tag\">Wissenschaft &amp; Forschung<\/a>","author_info_v2":{"name":"Ilona H\u00f6rath","url":"https:\/\/digidem-bayern.de\/en\/author\/hoeratia\/"},"comments_num_v2":"0 comments","yoast_head":"<!-- This site is optimized with the Yoast SEO plugin v27.5 - https:\/\/yoast.com\/product\/yoast-seo-wordpress\/ -->\n<title>Der Ball ist rund - und das Demenzrisiko erh\u00f6ht - digiDEM Bayern<\/title>\n<meta name=\"description\" content=\"Der Bayerische Landesapothekerkammer unterst\u00fctzt digiDEM Bayern mit Hilfe des Netzwerks &quot;Demenzfreundliche Apotheken&quot;.\" \/>\n<meta name=\"robots\" content=\"index, follow, max-snippet:-1, max-image-preview:large, max-video-preview:-1\" \/>\n<link rel=\"canonical\" href=\"https:\/\/digidem-bayern.de\/en\/der-ball-ist-rund-und-das-demenzrisiko-erhoeht\/\" \/>\n<meta property=\"og:locale\" content=\"en_US\" \/>\n<meta property=\"og:type\" content=\"article\" \/>\n<meta property=\"og:title\" content=\"Der Ball ist rund - und das Demenzrisiko erh\u00f6ht - digiDEM Bayern\" \/>\n<meta property=\"og:description\" content=\"Der Bayerische Landesapothekerkammer unterst\u00fctzt digiDEM Bayern mit Hilfe des Netzwerks &quot;Demenzfreundliche Apotheken&quot;.\" \/>\n<meta property=\"og:url\" content=\"https:\/\/digidem-bayern.de\/en\/der-ball-ist-rund-und-das-demenzrisiko-erhoeht\/\" \/>\n<meta property=\"og:site_name\" content=\"digiDEM Bayern\" \/>\n<meta property=\"article:publisher\" content=\"https:\/\/www.facebook.com\/digiDEMBayern\/\" \/>\n<meta property=\"article:published_time\" content=\"2023-05-25T10:03:00+00:00\" \/>\n<meta property=\"article:modified_time\" content=\"2023-06-23T08:21:43+00:00\" \/>\n<meta property=\"og:image\" content=\"https:\/\/digidem-bayern.de\/wp-content\/uploads\/2023\/05\/Fussball-shutterstock_1459902260.jpg\" \/>\n\t<meta property=\"og:image:width\" content=\"1000\" \/>\n\t<meta property=\"og:image:height\" content=\"550\" \/>\n\t<meta property=\"og:image:type\" content=\"image\/jpeg\" \/>\n<meta name=\"author\" content=\"Ilona H\u00f6rath\" \/>\n<meta name=\"twitter:label1\" content=\"Written by\" \/>\n\t<meta name=\"twitter:data1\" content=\"Ilona H\u00f6rath\" \/>\n\t<meta name=\"twitter:label2\" content=\"Est. reading time\" \/>\n\t<meta name=\"twitter:data2\" content=\"2 minutes\" \/>\n<script type=\"application\/ld+json\" class=\"yoast-schema-graph\">{\"@context\":\"https:\\\/\\\/schema.org\",\"@graph\":[{\"@type\":\"Article\",\"@id\":\"https:\\\/\\\/digidem-bayern.de\\\/der-ball-ist-rund-und-das-demenzrisiko-erhoeht\\\/#article\",\"isPartOf\":{\"@id\":\"https:\\\/\\\/digidem-bayern.de\\\/der-ball-ist-rund-und-das-demenzrisiko-erhoeht\\\/\"},\"author\":{\"name\":\"Ilona H\u00f6rath\",\"@id\":\"\\\/#\\\/schema\\\/person\\\/0bc1494f46fc2a051c761322a80e0941\"},\"headline\":\"Der Ball ist rund &#8211; und das Demenzrisiko erh\u00f6ht\",\"datePublished\":\"2023-05-25T10:03:00+00:00\",\"dateModified\":\"2023-06-23T08:21:43+00:00\",\"mainEntityOfPage\":{\"@id\":\"https:\\\/\\\/digidem-bayern.de\\\/der-ball-ist-rund-und-das-demenzrisiko-erhoeht\\\/\"},\"wordCount\":526,\"commentCount\":0,\"publisher\":{\"@id\":\"\\\/#organization\"},\"image\":{\"@id\":\"https:\\\/\\\/digidem-bayern.de\\\/der-ball-ist-rund-und-das-demenzrisiko-erhoeht\\\/#primaryimage\"},\"thumbnailUrl\":\"https:\\\/\\\/digidem-bayern.de\\\/wp-content\\\/uploads\\\/2023\\\/05\\\/Fussball-shutterstock_1459902260.jpg\",\"keywords\":[\"Alzheimer\",\"Demenz\",\"DFB\",\"digidem\",\"digidem Bayern\",\"Digitales Demenzregister Bayern\",\"Digitalisierung\",\"Feldspieler\",\"Freizeitsportler\",\"Fu\u00dfball\",\"Parkinson\",\"Schottland\",\"Torh\u00fcter\",\"Tormann\",\"Trainer\"],\"articleSection\":[\"Wissenschaft &amp; Forschung\"],\"inLanguage\":\"en-US\",\"potentialAction\":[{\"@type\":\"CommentAction\",\"name\":\"Comment\",\"target\":[\"https:\\\/\\\/digidem-bayern.de\\\/der-ball-ist-rund-und-das-demenzrisiko-erhoeht\\\/#respond\"]}]},{\"@type\":\"WebPage\",\"@id\":\"https:\\\/\\\/digidem-bayern.de\\\/der-ball-ist-rund-und-das-demenzrisiko-erhoeht\\\/\",\"url\":\"https:\\\/\\\/digidem-bayern.de\\\/der-ball-ist-rund-und-das-demenzrisiko-erhoeht\\\/\",\"name\":\"Der Ball ist rund - und das Demenzrisiko erh\u00f6ht - digiDEM Bayern\",\"isPartOf\":{\"@id\":\"\\\/#website\"},\"primaryImageOfPage\":{\"@id\":\"https:\\\/\\\/digidem-bayern.de\\\/der-ball-ist-rund-und-das-demenzrisiko-erhoeht\\\/#primaryimage\"},\"image\":{\"@id\":\"https:\\\/\\\/digidem-bayern.de\\\/der-ball-ist-rund-und-das-demenzrisiko-erhoeht\\\/#primaryimage\"},\"thumbnailUrl\":\"https:\\\/\\\/digidem-bayern.de\\\/wp-content\\\/uploads\\\/2023\\\/05\\\/Fussball-shutterstock_1459902260.jpg\",\"datePublished\":\"2023-05-25T10:03:00+00:00\",\"dateModified\":\"2023-06-23T08:21:43+00:00\",\"description\":\"Der Bayerische Landesapothekerkammer unterst\u00fctzt digiDEM Bayern mit Hilfe des Netzwerks \\\"Demenzfreundliche Apotheken\\\".\",\"breadcrumb\":{\"@id\":\"https:\\\/\\\/digidem-bayern.de\\\/der-ball-ist-rund-und-das-demenzrisiko-erhoeht\\\/#breadcrumb\"},\"inLanguage\":\"en-US\",\"potentialAction\":[{\"@type\":\"ReadAction\",\"target\":[\"https:\\\/\\\/digidem-bayern.de\\\/der-ball-ist-rund-und-das-demenzrisiko-erhoeht\\\/\"]}]},{\"@type\":\"ImageObject\",\"inLanguage\":\"en-US\",\"@id\":\"https:\\\/\\\/digidem-bayern.de\\\/der-ball-ist-rund-und-das-demenzrisiko-erhoeht\\\/#primaryimage\",\"url\":\"https:\\\/\\\/digidem-bayern.de\\\/wp-content\\\/uploads\\\/2023\\\/05\\\/Fussball-shutterstock_1459902260.jpg\",\"contentUrl\":\"https:\\\/\\\/digidem-bayern.de\\\/wp-content\\\/uploads\\\/2023\\\/05\\\/Fussball-shutterstock_1459902260.jpg\",\"width\":1000,\"height\":550,\"caption\":\"Foto: Shutterstock\"},{\"@type\":\"BreadcrumbList\",\"@id\":\"https:\\\/\\\/digidem-bayern.de\\\/der-ball-ist-rund-und-das-demenzrisiko-erhoeht\\\/#breadcrumb\",\"itemListElement\":[{\"@type\":\"ListItem\",\"position\":1,\"name\":\"Startseite\",\"item\":\"https:\\\/\\\/digidem-bayern.de\\\/\"},{\"@type\":\"ListItem\",\"position\":2,\"name\":\"Der Ball ist rund &#8211; und das Demenzrisiko erh\u00f6ht\"}]},{\"@type\":\"WebSite\",\"@id\":\"\\\/#website\",\"url\":\"\\\/\",\"name\":\"digiDEM Bayern\",\"description\":\"Das digitale Demenzregister Bayern erforscht und verbessert die Angebotsstuktur f\u00fcr Menschen mit Demenz und deren Angeh\u00f6rige\",\"publisher\":{\"@id\":\"\\\/#organization\"},\"potentialAction\":[{\"@type\":\"SearchAction\",\"target\":{\"@type\":\"EntryPoint\",\"urlTemplate\":\"\\\/?s={search_term_string}\"},\"query-input\":{\"@type\":\"PropertyValueSpecification\",\"valueRequired\":true,\"valueName\":\"search_term_string\"}}],\"inLanguage\":\"en-US\"},{\"@type\":\"Organization\",\"@id\":\"\\\/#organization\",\"name\":\"digiDEM Bayern\",\"url\":\"\\\/\",\"logo\":{\"@type\":\"ImageObject\",\"inLanguage\":\"en-US\",\"@id\":\"\\\/#\\\/schema\\\/logo\\\/image\\\/\",\"url\":\"https:\\\/\\\/digidem-bayern.de\\\/wp-content\\\/uploads\\\/2022\\\/03\\\/cropped-Allgemeines_digiDEMLOGO-removebg-preview.png\",\"contentUrl\":\"https:\\\/\\\/digidem-bayern.de\\\/wp-content\\\/uploads\\\/2022\\\/03\\\/cropped-Allgemeines_digiDEMLOGO-removebg-preview.png\",\"width\":612,\"height\":357,\"caption\":\"digiDEM Bayern\"},\"image\":{\"@id\":\"\\\/#\\\/schema\\\/logo\\\/image\\\/\"},\"sameAs\":[\"https:\\\/\\\/www.facebook.com\\\/digiDEMBayern\\\/\",\"https:\\\/\\\/x.com\\\/digidem_bayern\",\"https:\\\/\\\/www.instagram.com\\\/digidem.bayern\",\"https:\\\/\\\/www.linkedin.com\\\/company\\\/digidem-bayern\\\/\"]},{\"@type\":\"Person\",\"@id\":\"\\\/#\\\/schema\\\/person\\\/0bc1494f46fc2a051c761322a80e0941\",\"name\":\"Ilona H\u00f6rath\",\"url\":\"https:\\\/\\\/digidem-bayern.de\\\/en\\\/author\\\/hoeratia\\\/\"}]}<\/script>\n<!-- \/ Yoast SEO plugin. -->","yoast_head_json":{"title":"Der Ball ist rund - und das Demenzrisiko erh\u00f6ht - digiDEM Bayern","description":"Der Bayerische Landesapothekerkammer unterst\u00fctzt digiDEM Bayern mit Hilfe des Netzwerks \"Demenzfreundliche Apotheken\".","robots":{"index":"index","follow":"follow","max-snippet":"max-snippet:-1","max-image-preview":"max-image-preview:large","max-video-preview":"max-video-preview:-1"},"canonical":"https:\/\/digidem-bayern.de\/en\/der-ball-ist-rund-und-das-demenzrisiko-erhoeht\/","og_locale":"en_US","og_type":"article","og_title":"Der Ball ist rund - und das Demenzrisiko erh\u00f6ht - digiDEM Bayern","og_description":"Der Bayerische Landesapothekerkammer unterst\u00fctzt digiDEM Bayern mit Hilfe des Netzwerks \"Demenzfreundliche Apotheken\".","og_url":"https:\/\/digidem-bayern.de\/en\/der-ball-ist-rund-und-das-demenzrisiko-erhoeht\/","og_site_name":"digiDEM Bayern","article_publisher":"https:\/\/www.facebook.com\/digiDEMBayern\/","article_published_time":"2023-05-25T10:03:00+00:00","article_modified_time":"2023-06-23T08:21:43+00:00","og_image":[{"width":1000,"height":550,"url":"https:\/\/digidem-bayern.de\/wp-content\/uploads\/2023\/05\/Fussball-shutterstock_1459902260.jpg","type":"image\/jpeg"}],"author":"Ilona H\u00f6rath","twitter_misc":{"Written by":"Ilona H\u00f6rath","Est. reading time":"2 minutes"},"schema":{"@context":"https:\/\/schema.org","@graph":[{"@type":"Article","@id":"https:\/\/digidem-bayern.de\/der-ball-ist-rund-und-das-demenzrisiko-erhoeht\/#article","isPartOf":{"@id":"https:\/\/digidem-bayern.de\/der-ball-ist-rund-und-das-demenzrisiko-erhoeht\/"},"author":{"name":"Ilona H\u00f6rath","@id":"\/#\/schema\/person\/0bc1494f46fc2a051c761322a80e0941"},"headline":"Der Ball ist rund &#8211; und das Demenzrisiko erh\u00f6ht","datePublished":"2023-05-25T10:03:00+00:00","dateModified":"2023-06-23T08:21:43+00:00","mainEntityOfPage":{"@id":"https:\/\/digidem-bayern.de\/der-ball-ist-rund-und-das-demenzrisiko-erhoeht\/"},"wordCount":526,"commentCount":0,"publisher":{"@id":"\/#organization"},"image":{"@id":"https:\/\/digidem-bayern.de\/der-ball-ist-rund-und-das-demenzrisiko-erhoeht\/#primaryimage"},"thumbnailUrl":"https:\/\/digidem-bayern.de\/wp-content\/uploads\/2023\/05\/Fussball-shutterstock_1459902260.jpg","keywords":["Alzheimer","Demenz","DFB","digidem","digidem Bayern","Digitales Demenzregister Bayern","Digitalisierung","Feldspieler","Freizeitsportler","Fu\u00dfball","Parkinson","Schottland","Torh\u00fcter","Tormann","Trainer"],"articleSection":["Wissenschaft &amp; Forschung"],"inLanguage":"en-US","potentialAction":[{"@type":"CommentAction","name":"Comment","target":["https:\/\/digidem-bayern.de\/der-ball-ist-rund-und-das-demenzrisiko-erhoeht\/#respond"]}]},{"@type":"WebPage","@id":"https:\/\/digidem-bayern.de\/der-ball-ist-rund-und-das-demenzrisiko-erhoeht\/","url":"https:\/\/digidem-bayern.de\/der-ball-ist-rund-und-das-demenzrisiko-erhoeht\/","name":"Der Ball ist rund - und das Demenzrisiko erh\u00f6ht - digiDEM Bayern","isPartOf":{"@id":"\/#website"},"primaryImageOfPage":{"@id":"https:\/\/digidem-bayern.de\/der-ball-ist-rund-und-das-demenzrisiko-erhoeht\/#primaryimage"},"image":{"@id":"https:\/\/digidem-bayern.de\/der-ball-ist-rund-und-das-demenzrisiko-erhoeht\/#primaryimage"},"thumbnailUrl":"https:\/\/digidem-bayern.de\/wp-content\/uploads\/2023\/05\/Fussball-shutterstock_1459902260.jpg","datePublished":"2023-05-25T10:03:00+00:00","dateModified":"2023-06-23T08:21:43+00:00","description":"Der Bayerische Landesapothekerkammer unterst\u00fctzt digiDEM Bayern mit Hilfe des Netzwerks \"Demenzfreundliche Apotheken\".","breadcrumb":{"@id":"https:\/\/digidem-bayern.de\/der-ball-ist-rund-und-das-demenzrisiko-erhoeht\/#breadcrumb"},"inLanguage":"en-US","potentialAction":[{"@type":"ReadAction","target":["https:\/\/digidem-bayern.de\/der-ball-ist-rund-und-das-demenzrisiko-erhoeht\/"]}]},{"@type":"ImageObject","inLanguage":"en-US","@id":"https:\/\/digidem-bayern.de\/der-ball-ist-rund-und-das-demenzrisiko-erhoeht\/#primaryimage","url":"https:\/\/digidem-bayern.de\/wp-content\/uploads\/2023\/05\/Fussball-shutterstock_1459902260.jpg","contentUrl":"https:\/\/digidem-bayern.de\/wp-content\/uploads\/2023\/05\/Fussball-shutterstock_1459902260.jpg","width":1000,"height":550,"caption":"Foto: Shutterstock"},{"@type":"BreadcrumbList","@id":"https:\/\/digidem-bayern.de\/der-ball-ist-rund-und-das-demenzrisiko-erhoeht\/#breadcrumb","itemListElement":[{"@type":"ListItem","position":1,"name":"Startseite","item":"https:\/\/digidem-bayern.de\/"},{"@type":"ListItem","position":2,"name":"Der Ball ist rund &#8211; und das Demenzrisiko erh\u00f6ht"}]},{"@type":"WebSite","@id":"\/#website","url":"\/","name":"digiDEM Bavaria","description":"The digital dementia register in Bavaria researches and improves the structure of services for people with dementia and their relatives","publisher":{"@id":"\/#organization"},"potentialAction":[{"@type":"SearchAction","target":{"@type":"EntryPoint","urlTemplate":"\/?s={search_term_string}"},"query-input":{"@type":"PropertyValueSpecification","valueRequired":true,"valueName":"search_term_string"}}],"inLanguage":"en-US"},{"@type":"Organization","@id":"\/#organization","name":"digiDEM Bavaria","url":"\/","logo":{"@type":"ImageObject","inLanguage":"en-US","@id":"\/#\/schema\/logo\/image\/","url":"https:\/\/digidem-bayern.de\/wp-content\/uploads\/2022\/03\/cropped-Allgemeines_digiDEMLOGO-removebg-preview.png","contentUrl":"https:\/\/digidem-bayern.de\/wp-content\/uploads\/2022\/03\/cropped-Allgemeines_digiDEMLOGO-removebg-preview.png","width":612,"height":357,"caption":"digiDEM Bayern"},"image":{"@id":"\/#\/schema\/logo\/image\/"},"sameAs":["https:\/\/www.facebook.com\/digiDEMBayern\/","https:\/\/x.com\/digidem_bayern","https:\/\/www.instagram.com\/digidem.bayern","https:\/\/www.linkedin.com\/company\/digidem-bayern\/"]},{"@type":"Person","@id":"\/#\/schema\/person\/0bc1494f46fc2a051c761322a80e0941","name":"Ilona H\u00f6rath","url":"https:\/\/digidem-bayern.de\/en\/author\/hoeratia\/"}]}},"uagb_featured_image_src":{"full":["https:\/\/digidem-bayern.de\/wp-content\/uploads\/2023\/05\/Fussball-shutterstock_1459902260.jpg",1000,550,false],"thumbnail":["https:\/\/digidem-bayern.de\/wp-content\/uploads\/2023\/05\/Fussball-shutterstock_1459902260-80x80.jpg",80,80,true],"medium":["https:\/\/digidem-bayern.de\/wp-content\/uploads\/2023\/05\/Fussball-shutterstock_1459902260-300x165.jpg",300,165,true],"medium_large":["https:\/\/digidem-bayern.de\/wp-content\/uploads\/2023\/05\/Fussball-shutterstock_1459902260-768x422.jpg",768,422,true],"large":["https:\/\/digidem-bayern.de\/wp-content\/uploads\/2023\/05\/Fussball-shutterstock_1459902260.jpg",1000,550,false],"1536x1536":["https:\/\/digidem-bayern.de\/wp-content\/uploads\/2023\/05\/Fussball-shutterstock_1459902260.jpg",1000,550,false],"2048x2048":["https:\/\/digidem-bayern.de\/wp-content\/uploads\/2023\/05\/Fussball-shutterstock_1459902260.jpg",1000,550,false],"trp-custom-language-flag":["https:\/\/digidem-bayern.de\/wp-content\/uploads\/2023\/05\/Fussball-shutterstock_1459902260.jpg",18,10,false],"qubely_landscape":["https:\/\/digidem-bayern.de\/wp-content\/uploads\/2023\/05\/Fussball-shutterstock_1459902260.jpg",1000,550,false],"qubely_portrait":["https:\/\/digidem-bayern.de\/wp-content\/uploads\/2023\/05\/Fussball-shutterstock_1459902260-540x320.jpg",540,320,true],"qubely_thumbnail":["https:\/\/digidem-bayern.de\/wp-content\/uploads\/2023\/05\/Fussball-shutterstock_1459902260-140x100.jpg",140,100,true],"post-thumbnail":["https:\/\/digidem-bayern.de\/wp-content\/uploads\/2023\/05\/Fussball-shutterstock_1459902260-636x350.jpg",636,350,true],"kahuna-featured":["https:\/\/digidem-bayern.de\/wp-content\/uploads\/2023\/05\/Fussball-shutterstock_1459902260-734x350.jpg",734,350,true],"kahuna-featured-lp":["https:\/\/digidem-bayern.de\/wp-content\/uploads\/2023\/05\/Fussball-shutterstock_1459902260-520x350.jpg",520,350,true],"kahuna-featured-half":["https:\/\/digidem-bayern.de\/wp-content\/uploads\/2023\/05\/Fussball-shutterstock_1459902260-800x350.jpg",800,350,true],"kahuna-featured-third":["https:\/\/digidem-bayern.de\/wp-content\/uploads\/2023\/05\/Fussball-shutterstock_1459902260-512x350.jpg",512,350,true],"kahuna-lpbox-1":["https:\/\/digidem-bayern.de\/wp-content\/uploads\/2023\/05\/Fussball-shutterstock_1459902260-520x300.jpg",520,300,true],"kahuna-lpbox-2":["https:\/\/digidem-bayern.de\/wp-content\/uploads\/2023\/05\/Fussball-shutterstock_1459902260-520x350.jpg",520,350,true],"demand-language-flag":["https:\/\/digidem-bayern.de\/wp-content\/uploads\/2023\/05\/Fussball-shutterstock_1459902260-36x36.jpg",36,36,true],"dddkt-language-flag":["https:\/\/digidem-bayern.de\/wp-content\/uploads\/2023\/05\/Fussball-shutterstock_1459902260-36x36.jpg",36,36,true],"ddiqc-language-flag":["https:\/\/digidem-bayern.de\/wp-content\/uploads\/2023\/05\/Fussball-shutterstock_1459902260-36x36.jpg",36,36,true],"ddtl-language-flag":["https:\/\/digidem-bayern.de\/wp-content\/uploads\/2023\/05\/Fussball-shutterstock_1459902260-36x36.jpg",36,36,true],"mailpoet_newsletter_max":["https:\/\/digidem-bayern.de\/wp-content\/uploads\/2023\/05\/Fussball-shutterstock_1459902260.jpg",1000,550,false],"kahuna-lpbox-3":["https:\/\/digidem-bayern.de\/wp-content\/uploads\/2023\/05\/Fussball-shutterstock_1459902260-520x350.jpg",520,350,true],"kahuna-featured-square":["https:\/\/digidem-bayern.de\/wp-content\/uploads\/2023\/05\/Fussball-shutterstock_1459902260-512x512.jpg",512,512,true],"kahuna-featured-square-large":["https:\/\/digidem-bayern.de\/wp-content\/uploads\/2023\/05\/Fussball-shutterstock_1459902260.jpg",1000,550,false]},"uagb_author_info":{"display_name":"Ilona H\u00f6rath","author_link":"https:\/\/digidem-bayern.de\/en\/author\/hoeratia\/"},"uagb_comment_info":0,"uagb_excerpt":"Fu\u00dfball macht Spa\u00df, Fu\u00dfball ist der beliebteste Sport der Welt. Was aber viele nicht wissen: Fu\u00dfballprofis haben ein 1,62-mal h\u00f6heres Risiko, an einer Demenz zu erkranken als die Allgemeinbev\u00f6lkerung. Dieser gr\u00f6\u00dferen Gefahr sind allerdings nur die Feldspieler ausgesetzt, nicht aber die Torh\u00fcter. Die aktuelle Studie aus Schweden umfasste&nbsp;6007 m\u00e4nnliche, in &hellip;","_links":{"self":[{"href":"https:\/\/digidem-bayern.de\/en\/wp-json\/wp\/v2\/posts\/28422","targetHints":{"allow":["GET"]}}],"collection":[{"href":"https:\/\/digidem-bayern.de\/en\/wp-json\/wp\/v2\/posts"}],"about":[{"href":"https:\/\/digidem-bayern.de\/en\/wp-json\/wp\/v2\/types\/post"}],"author":[{"embeddable":true,"href":"https:\/\/digidem-bayern.de\/en\/wp-json\/wp\/v2\/users\/12"}],"replies":[{"embeddable":true,"href":"https:\/\/digidem-bayern.de\/en\/wp-json\/wp\/v2\/comments?post=28422"}],"version-history":[{"count":3,"href":"https:\/\/digidem-bayern.de\/en\/wp-json\/wp\/v2\/posts\/28422\/revisions"}],"predecessor-version":[{"id":28445,"href":"https:\/\/digidem-bayern.de\/en\/wp-json\/wp\/v2\/posts\/28422\/revisions\/28445"}],"wp:featuredmedia":[{"embeddable":true,"href":"https:\/\/digidem-bayern.de\/en\/wp-json\/wp\/v2\/media\/28426"}],"wp:attachment":[{"href":"https:\/\/digidem-bayern.de\/en\/wp-json\/wp\/v2\/media?parent=28422"}],"wp:term":[{"taxonomy":"category","embeddable":true,"href":"https:\/\/digidem-bayern.de\/en\/wp-json\/wp\/v2\/categories?post=28422"},{"taxonomy":"post_tag","embeddable":true,"href":"https:\/\/digidem-bayern.de\/en\/wp-json\/wp\/v2\/tags?post=28422"}],"curies":[{"name":"wp","href":"https:\/\/api.w.org\/{rel}","templated":true}]}}