{"id":28139,"date":"2023-05-09T11:36:00","date_gmt":"2023-05-09T09:36:00","guid":{"rendered":"https:\/\/digidem-bayern.de\/?p=28139"},"modified":"2023-05-31T14:18:35","modified_gmt":"2023-05-31T12:18:35","slug":"wie-demand-passgenau-die-demenzversorgung-staerkt","status":"publish","type":"post","link":"https:\/\/digidem-bayern.de\/en\/wie-demand-passgenau-die-demenzversorgung-staerkt\/","title":{"rendered":"Wie \u201eDEMAND\u201c passgenau die Demenzversorgung st\u00e4rkt"},"content":{"rendered":"<p><strong><strong>Das Digitale Demenzregister Bayern (digiDEM Bayern) stellt ein neues digitales Angebot vor. Menschen mit Demenz sowie ihren pflegenden An- und Zugeh\u00f6rigen hilft der neue Online-Fragebogen \u201edigiDEM Bayern DEMAND<sup>\u00ae\u201c<\/sup>, die eigenen Versorgungsbedarfe zu erkennen. Zugleich liefert der Fragebogen einen kompakten \u00dcberblick \u00fcber vielf\u00e4ltige Unterst\u00fctzungsangebote, die passgenau informieren.&nbsp;Die Wissenschaftler*innen der Friedrich-Alexander-Universit\u00e4t Erlangen-N\u00fcrnberg&nbsp;(FAU)&nbsp;haben das Forschungsinstrument im Rahmen des&nbsp;Aufbaus eines digitalen Demenzregisters entwickelt und stellen den Online-Fragebogen nun \u00f6ffentlich zur Verf\u00fcgung.&nbsp;Ziel des Demenzregisters ist es, mit wissenschaftlich abgesicherten Daten&nbsp;eine effektive und regionale Versorgungsplanung in Bayern zu erm\u00f6glichen.<\/strong><\/strong><\/p>\n\n\n<div class=\"wp-block-image\">\n<figure class=\"alignright size-full is-resized\"><img loading=\"lazy\" decoding=\"async\" src=\"https:\/\/digidem-bayern.de\/wp-content\/uploads\/2023\/05\/DEMAND.jpg\" alt=\"Entwickelt wurde der DEMAND-Fragebogen im Rahmen des digiDEM Bayern-Projektes.\" class=\"wp-image-27799\" width=\"416\" height=\"276\" srcset=\"https:\/\/digidem-bayern.de\/wp-content\/uploads\/2023\/05\/DEMAND.jpg 1000w, https:\/\/digidem-bayern.de\/wp-content\/uploads\/2023\/05\/DEMAND-300x200.jpg 300w, https:\/\/digidem-bayern.de\/wp-content\/uploads\/2023\/05\/DEMAND-768x511.jpg 768w, https:\/\/digidem-bayern.de\/wp-content\/uploads\/2023\/05\/DEMAND-526x350.jpg 526w\" sizes=\"auto, (max-width: 416px) 100vw, 416px\" \/><figcaption class=\"wp-element-caption\">Foto: Shutterstock<\/figcaption><\/figure>\n<\/div>\n\n\n<p><strong>&nbsp;<\/strong>Demenz gilt als einer der Hauptausl\u00f6ser f\u00fcr die Pflegebed\u00fcrftigkeit bei \u00e4lteren Erwachsenen, die meistens zu Hause von Angeh\u00f6rigen gepflegt werden.&nbsp;Schreitet die Demenz fort, steigt damit auch der Pflegebedarf. Pflegende An- und Zugeh\u00f6rige stehen dann h\u00e4ufig vor einer gro\u00dfen Herausforderung: Wie kann der zunehmende Pflegebedarf gedeckt werden? Ben\u00f6tigt man zum Beispiel eine Haushaltshilfe, die putzt, w\u00e4scht oder kocht, oder eine Person, die unter anderem beim t\u00e4glichen An- und Auskleiden und bei der Zahnpflege unterst\u00fctzt? Sollte bei dem Betroffenen eine Kurzzeitpflege in einer station\u00e4ren Einrichtung in Betracht gezogen werden? Oder empfiehlt sich f\u00fcr die pflegenden An- und Zugeh\u00f6rigen der Besuch eines speziellen Pflegekurses?&nbsp;<\/p>\n\n\n\n<p>\u201eBei vielen Fragen rund um die Pflege von Menschen mit Demenz k\u00f6nnen unterschiedliche Unterst\u00fctzungsleistungen helfen. Aber nicht jeder Pflegende wei\u00df, welche Leistungen es \u00fcberhaupt gibt und welche Hilfen in welcher Situation ben\u00f6tigt werden\u201c, erl\u00e4utert Nikolas Dietzel, wissenschaftlicher Mitarbeiter bei digiDEM Bayern.&nbsp;Er ist Erstautor der wissenschaftlichen Publikation* zum Fragebogen \u201edigiDEM Bayern DEMAND<sup>\u00ae\u201c&nbsp;<\/sup>und hauptverantwortlich f\u00fcr dessen Entwicklung.&nbsp;&nbsp;<\/p>\n\n\n\n<p><strong>Eigene Bedarfe innerhalb von 15 Minuten erkennen&nbsp;<\/strong><\/p>\n\n\n\n<p>Mit Hilfe des entwickelten Fragebogens&nbsp;\u201eDementia Assessment of Service Needs -DEMAND<sup>\u00ae<\/sup>\u201c lassen sich anonym und innerhalb von 15 Minuten die individuellen Bedarfe an speziellen Unterst\u00fctzungsleistungen von Menschen mit Demenz und ihren pflegenden Angeh\u00f6rigen erfassen.&nbsp;Der Fragebogen&nbsp;bezieht sich dabei auf insgesamt 16 Unterst\u00fctzungsangebote, deren Nutzung und Bedarf erfragt wird.&nbsp;<\/p>\n\n\n\n<p>Dazu geh\u00f6ren zum Beispiel Leistungen wie die haus\u00e4rztliche Versorgung, der Erwerb von Hilfsmittel wie H\u00f6rger\u00e4te oder Sehhilfen, psychosoziale Ma\u00dfnahmen wie etwa Ged\u00e4chtnistraining, Beratungsangebote (zum Beispiel hinsichtlich der Inanspruchnahme von Sozialleistungen) und Wohnangebote wie etwa Demenz-WGs oder betreutes Wohnen.&nbsp;\u201eExterne Unterst\u00fctzungsleistungen reduzieren die Belastung der Pflegenden wirksam und erm\u00f6glichen Menschen mit Demenz, so lange wie m\u00f6glich in ihrer gewohnten h\u00e4uslichen Umgebung zu bleiben\u201c, wei\u00df Prof. Dr. Peter Kolominsky-Rabas, Co-Autor der Publikation und Projektleiter von digiDEM Bayern.<\/p>\n\n\n<div class=\"wp-block-image\">\n<figure class=\"alignright size-large is-resized\"><img loading=\"lazy\" decoding=\"async\" src=\"https:\/\/digidem-bayern.de\/wp-content\/uploads\/2023\/05\/digiDEM-Bayern-DEMAND\u00ae-Ausschnitt-Bedarf-gedreht1_Quelle-digiDEM-Bayern-830x1030.png\" alt=\"Der digitale DEMAND-Fragebogen hat f\u00fcr die Betroffenen Vorteile.\" class=\"wp-image-27844\" width=\"374\" height=\"464\" srcset=\"https:\/\/digidem-bayern.de\/wp-content\/uploads\/2023\/05\/digiDEM-Bayern-DEMAND\u00ae-Ausschnitt-Bedarf-gedreht1_Quelle-digiDEM-Bayern-830x1030.png 830w, https:\/\/digidem-bayern.de\/wp-content\/uploads\/2023\/05\/digiDEM-Bayern-DEMAND\u00ae-Ausschnitt-Bedarf-gedreht1_Quelle-digiDEM-Bayern-242x300.png 242w, https:\/\/digidem-bayern.de\/wp-content\/uploads\/2023\/05\/digiDEM-Bayern-DEMAND\u00ae-Ausschnitt-Bedarf-gedreht1_Quelle-digiDEM-Bayern-768x953.png 768w, https:\/\/digidem-bayern.de\/wp-content\/uploads\/2023\/05\/digiDEM-Bayern-DEMAND\u00ae-Ausschnitt-Bedarf-gedreht1_Quelle-digiDEM-Bayern-1238x1536.png 1238w, https:\/\/digidem-bayern.de\/wp-content\/uploads\/2023\/05\/digiDEM-Bayern-DEMAND\u00ae-Ausschnitt-Bedarf-gedreht1_Quelle-digiDEM-Bayern-1650x2048.png 1650w, https:\/\/digidem-bayern.de\/wp-content\/uploads\/2023\/05\/digiDEM-Bayern-DEMAND\u00ae-Ausschnitt-Bedarf-gedreht1_Quelle-digiDEM-Bayern-282x350.png 282w, https:\/\/digidem-bayern.de\/wp-content\/uploads\/2023\/05\/digiDEM-Bayern-DEMAND\u00ae-Ausschnitt-Bedarf-gedreht1_Quelle-digiDEM-Bayern-1320x1638.png 1320w, https:\/\/digidem-bayern.de\/wp-content\/uploads\/2023\/05\/digiDEM-Bayern-DEMAND\u00ae-Ausschnitt-Bedarf-gedreht1_Quelle-digiDEM-Bayern.png 1289w\" sizes=\"auto, (max-width: 374px) 100vw, 374px\" \/><figcaption class=\"wp-element-caption\">Ausschnitt aus einem individuellen Ergebnis des Fragebogens digiDEM Bayern DEMAND\u00ae.<\/figcaption><\/figure>\n<\/div>\n\n\n<p><strong>Besonderheit: Strau\u00df an passgenauen Unterst\u00fctzungsleistungen<\/strong><\/p>\n\n\n\n<p>Den Fragebogen \u201edigiDEM Bayern DEMAND<sup>\u00ae\u201c&nbsp;<\/sup>zeichnet eine Besonderheit aus. Als Ergebnis der Online-Befragung f\u00e4chert der Fragebogen einen Strau\u00df an unterschiedlichen Unterst\u00fctzungsleistungen auf. \u201eWir fragen danach, welche Leistungen individuell und konkret in Anspruch genommen und welche ben\u00f6tigt werden\u201c, erl\u00e4utert Nikolas Dietzel. \u201eAuf diese Weise erhalten die Teilnehmenden passgenaue Tipps mit ausf\u00fchrlichen Erl\u00e4uterungen zu einzelnen Unterst\u00fctzungsangeboten sowie weiterf\u00fchrende Informationen.\u201c<\/p>\n\n\n\n<p>Zus\u00e4tzlich erhebt das wissenschaftliche Bewertungsinstrument im Unterschied zu anderen Instrumenten auch die Gr\u00fcnde f\u00fcr die Nichtinanspruchnahme einer Leistung. Wer sich durch den Fragebogen klickt, gibt Auskunft dar\u00fcber, ob er Bedarf an einer bestimmten Dienstleistung hat, ob es das Angebote in seiner Region gibt und ob das Unterst\u00fctzungsangebot \u00fcberhaupt bekannt ist.&nbsp;<\/p>\n\n\n\n<p>Der Fragebogen \u201edigiDEM Bayern DEMAND<sup>\u00ae<\/sup>\u201c bietet Nutzer*innen einen besonderen Vorteil: Das individuelle Ergebnis kann man sich als \u00fcbersichtlich gestaltetes PDF-Dokument herunterladen und ausdrucken. Mit dem Dokument k\u00f6nnen dann zum Beispiel die Zu- und Angeh\u00f6rigen eine \u201eFachstelle f\u00fcr Demenz und Pflege\u201c in ihrem Bezirk, eine \u201eFachstelle f\u00fcr pflegende Angeh\u00f6rige\u201c vor Ort oder andere wohnortnahe Beratungseinrichtungen aufsuchen und dort mit den Fachleuten die Ergebnisse besprechen.&nbsp;Als zus\u00e4tzliche Orientierungshilfe gibt es am Ende des Online-Fragebogens einen Link zu unterschiedlichen Anlaufstellen zur Unterst\u00fctzung im Alltag sowie Informationen zur Finanzierung von Unterst\u00fctzungsangeboten.<\/p>\n\n\n\n<p><strong>Versorgungsl\u00fccken aufdecken<\/strong><\/p>\n\n\n\n<p>Entwickelt wurde der Fragebogen digiDEM Bayern DEMAND<sup>\u00ae\u201c&nbsp;<\/sup>im Rahmen des digiDEM Bayern-Projektes. Hierbei baut digiDEM Bayern ein digitales Demenzregister f\u00fcr Bayern auf, um unter anderem den Langzeitverlauf der Erkrankung besser zu verstehen.<br>\u201eWir erhalten grundlegende Daten, die Entscheider*innen im Gesundheitswesen f\u00fcr eine effektive, zielgerichtete und regionale Versorgungsplanung nutzen k\u00f6nnen. Gleichzeitig decken wir Versorgungsl\u00fccken auf\u201c, sagt Prof. Dr. Peter Kolominsky-Rabas. \u201eF\u00fcr Menschen mit Demenz und ihre pflegenden Angeh\u00f6rigen sind die Forschungsergebnisse daher von gro\u00dfer Bedeutung.\u201c<\/p>\n\n\n<div class=\"wp-block-image\">\n<figure class=\"alignright size-large is-resized\"><img loading=\"lazy\" decoding=\"async\" src=\"https:\/\/digidem-bayern.de\/wp-content\/uploads\/2023\/05\/2023-05-10-DEMAND-in-der-U-Bahn-Nuernberg_bearbeitet-IHO_Foto-AKE-1030x772.jpeg\" alt=\"Foto von Anne Keefer\" class=\"wp-image-28077\" width=\"270\" height=\"203\" srcset=\"https:\/\/digidem-bayern.de\/wp-content\/uploads\/2023\/05\/2023-05-10-DEMAND-in-der-U-Bahn-Nuernberg_bearbeitet-IHO_Foto-AKE-1030x772.jpeg 1030w, https:\/\/digidem-bayern.de\/wp-content\/uploads\/2023\/05\/2023-05-10-DEMAND-in-der-U-Bahn-Nuernberg_bearbeitet-IHO_Foto-AKE-300x225.jpeg 300w, https:\/\/digidem-bayern.de\/wp-content\/uploads\/2023\/05\/2023-05-10-DEMAND-in-der-U-Bahn-Nuernberg_bearbeitet-IHO_Foto-AKE-768x576.jpeg 768w, https:\/\/digidem-bayern.de\/wp-content\/uploads\/2023\/05\/2023-05-10-DEMAND-in-der-U-Bahn-Nuernberg_bearbeitet-IHO_Foto-AKE-1536x1152.jpeg 1536w, https:\/\/digidem-bayern.de\/wp-content\/uploads\/2023\/05\/2023-05-10-DEMAND-in-der-U-Bahn-Nuernberg_bearbeitet-IHO_Foto-AKE-2048x1536.jpeg 2048w, https:\/\/digidem-bayern.de\/wp-content\/uploads\/2023\/05\/2023-05-10-DEMAND-in-der-U-Bahn-Nuernberg_bearbeitet-IHO_Foto-AKE-467x350.jpeg 467w, https:\/\/digidem-bayern.de\/wp-content\/uploads\/2023\/05\/2023-05-10-DEMAND-in-der-U-Bahn-Nuernberg_bearbeitet-IHO_Foto-AKE-1320x990.jpeg 1320w, https:\/\/digidem-bayern.de\/wp-content\/uploads\/2023\/05\/2023-05-10-DEMAND-in-der-U-Bahn-Nuernberg_bearbeitet-IHO_Foto-AKE.jpeg 1600w\" sizes=\"auto, (max-width: 270px) 100vw, 270px\" \/><figcaption class=\"wp-element-caption\">Info-Bildschirm in der N\u00fcrnberger U-Bahn-Linie U2.<\/figcaption><\/figure>\n<\/div>\n\n\n<p><strong>Im Vorfeld Befragung von Betroffenen&nbsp;<\/strong><\/p>\n\n\n\n<p>Auch der nun vorgestellte digitale DEMAND-Fragebogen hat f\u00fcr die Betroffenen Vorteile.&nbsp;Im Vorfeld der Publikation hat Nikolas Dietzel mit seinem Team 183 Teilnehmende ausf\u00fchrlich befragt, darunter Pflegekr\u00e4fte f\u00fcr Demenz, Demenzberater*innen, Wissenschaftler*innen und Menschen mit Demenz sowie pflegende An- und Zugeh\u00f6rige. Sie bewerteten unter anderem die Allgemeinverst\u00e4ndlichkeit des Fragebogens, die Lesbarkeit und beurteilten die Bedeutsamkeit unterschiedlicher Unterst\u00fctzungsangebote.&nbsp;<\/p>\n\n\n\n<p>*Die wissenschaftliche Originalpublikation ist 2022&nbsp;im renommierten Fachjournal Journal of Alzheimer\u2019s Disease erschienen:&nbsp;<\/p>\n\n\n\n<p>Dietzel N, Graessel E, K\u00fcrten L, Meuer S, Klaas-Ickler D, Hladik M, Chmelirsch C, Kolominsky-Rabas PL:&nbsp;The Dementia Assessment of Service Needs (DEMAND): Development and Validation of a Standardized Needs Assessment Instrument.&nbsp;J Alzheimers Dis. 2022 Sep 27; 89(3): 1051-1061.&nbsp;DOI 10.3233\/JAD-220363.<\/p>\n\n\n\n<p><a href=\"https:\/\/content.iospress.com\/articles\/journal-of-alzheimers-disease\/jad220363\">Hier geht&#8217;s zur wissenschaftlichen Publikation<\/a>.<\/p>\n\n\n\n<p><a href=\"https:\/\/digidem-bayern.de\/en\/digitales-angebot-demand\/\">Hier gelangen Sie zum&nbsp;neuen Online-Fragebogen \u201edigiDEM Bayern DEMAND<sup>\u00ae\u201c<\/sup>.<\/a><\/p>\n\n\n\n<p style=\"font-size:20px\"><\/p>\n\n\n\n<div style=\"height:20px\" aria-hidden=\"true\" class=\"wp-block-spacer\"><\/div>\n\n\n\n<div style=\"height:20px\" aria-hidden=\"true\" class=\"wp-block-spacer\"><\/div>\n\n\n\n<div class=\"wp-block-stackable-button-group stk-block-button-group stk-block stk-fa3fefa\" data-block-id=\"fa3fefa\"><div class=\"stk-row stk-inner-blocks stk-block-content stk-button-group\">\n<div class=\"wp-block-stackable-button stk-block-button stk-block stk-c9ae827\" data-block-id=\"c9ae827\"><a class=\"stk-link stk-button stk--hover-effect-darken\" href=\"https:\/\/digidem-bayern.de\/en\/download\/28587\/?tmstv=1685535305\"><span class=\"stk-button__inner-text\">Pressemitteilung herunterladen<\/span><\/a><\/div>\n<\/div><\/div>","protected":false},"excerpt":{"rendered":"<p>Das Digitale Demenzregister Bayern (digiDEM Bayern) stellt ein neues digitales Angebot vor. Menschen mit Demenz sowie ihren pflegenden An- und Zugeh\u00f6rigen hilft der neue Online-Fragebogen \u201edigiDEM Bayern DEMAND\u00ae\u201c, die eigenen Versorgungsbedarfe zu erkennen. Zugleich liefert der Fragebogen einen kompakten \u00dcberblick \u00fcber vielf\u00e4ltige Unterst\u00fctzungsangebote, die passgenau informieren.&nbsp;Die Wissenschaftler*innen der Friedrich-Alexander-Universit\u00e4t Erlangen-N\u00fcrnberg&nbsp;(FAU)&nbsp;haben &hellip;<\/p>","protected":false},"author":12,"featured_media":27799,"comment_status":"open","ping_status":"closed","sticky":false,"template":"","format":"standard","meta":{"qubely_global_settings":"","qubely_interactions":"","_uag_custom_page_level_css":"","footnotes":""},"categories":[443],"tags":[13,12,14,17,741,740,55,20,68,514,441,742],"class_list":["post-28139","post","type-post","status-publish","format-standard","has-post-thumbnail","hentry","category-pressemitteilungen","tag-alzheimer","tag-demenz-2","tag-digidem","tag-digidem-bayern","tag-digidem-bayern-demand","tag-digitales-angebot","tag-digitales-demenzregister-bayern","tag-digitalisierung","tag-nikolas-dietzel","tag-online-fragebogen","tag-pflegebedarf","tag-unterstuetzungsleistung"],"qubely_featured_image_url":{"full":["https:\/\/digidem-bayern.de\/wp-content\/uploads\/2023\/05\/DEMAND.jpg",1000,665,false],"landscape":["https:\/\/digidem-bayern.de\/wp-content\/uploads\/2023\/05\/DEMAND.jpg",1000,665,false],"portraits":["https:\/\/digidem-bayern.de\/wp-content\/uploads\/2023\/05\/DEMAND-540x320.jpg",540,320,true],"thumbnail":["https:\/\/digidem-bayern.de\/wp-content\/uploads\/2023\/05\/DEMAND-80x80.jpg",80,80,true],"medium":["https:\/\/digidem-bayern.de\/wp-content\/uploads\/2023\/05\/DEMAND-300x200.jpg",300,200,true],"medium_large":["https:\/\/digidem-bayern.de\/wp-content\/uploads\/2023\/05\/DEMAND-768x511.jpg",768,511,true],"large":["https:\/\/digidem-bayern.de\/wp-content\/uploads\/2023\/05\/DEMAND.jpg",1000,665,false],"1536x1536":["https:\/\/digidem-bayern.de\/wp-content\/uploads\/2023\/05\/DEMAND.jpg",1000,665,false],"2048x2048":["https:\/\/digidem-bayern.de\/wp-content\/uploads\/2023\/05\/DEMAND.jpg",1000,665,false],"trp-custom-language-flag":["https:\/\/digidem-bayern.de\/wp-content\/uploads\/2023\/05\/DEMAND.jpg",18,12,false],"qubely_landscape":["https:\/\/digidem-bayern.de\/wp-content\/uploads\/2023\/05\/DEMAND.jpg",1000,665,false],"qubely_portrait":["https:\/\/digidem-bayern.de\/wp-content\/uploads\/2023\/05\/DEMAND-540x320.jpg",540,320,true],"qubely_thumbnail":["https:\/\/digidem-bayern.de\/wp-content\/uploads\/2023\/05\/DEMAND-140x100.jpg",140,100,true],"post-thumbnail":["https:\/\/digidem-bayern.de\/wp-content\/uploads\/2023\/05\/DEMAND-526x350.jpg",526,350,true],"kahuna-featured":["https:\/\/digidem-bayern.de\/wp-content\/uploads\/2023\/05\/DEMAND-734x350.jpg",734,350,true],"kahuna-featured-lp":["https:\/\/digidem-bayern.de\/wp-content\/uploads\/2023\/05\/DEMAND-520x350.jpg",520,350,true],"kahuna-featured-half":["https:\/\/digidem-bayern.de\/wp-content\/uploads\/2023\/05\/DEMAND-800x350.jpg",800,350,true],"kahuna-featured-third":["https:\/\/digidem-bayern.de\/wp-content\/uploads\/2023\/05\/DEMAND-512x350.jpg",512,350,true],"kahuna-lpbox-1":["https:\/\/digidem-bayern.de\/wp-content\/uploads\/2023\/05\/DEMAND-520x300.jpg",520,300,true],"kahuna-lpbox-2":["https:\/\/digidem-bayern.de\/wp-content\/uploads\/2023\/05\/DEMAND-520x350.jpg",520,350,true],"demand-language-flag":["https:\/\/digidem-bayern.de\/wp-content\/uploads\/2023\/05\/DEMAND-36x36.jpg",36,36,true],"dddkt-language-flag":["https:\/\/digidem-bayern.de\/wp-content\/uploads\/2023\/05\/DEMAND-36x36.jpg",36,36,true],"ddiqc-language-flag":["https:\/\/digidem-bayern.de\/wp-content\/uploads\/2023\/05\/DEMAND-36x36.jpg",36,36,true],"ddtl-language-flag":["https:\/\/digidem-bayern.de\/wp-content\/uploads\/2023\/05\/DEMAND-36x36.jpg",36,36,true],"mailpoet_newsletter_max":["https:\/\/digidem-bayern.de\/wp-content\/uploads\/2023\/05\/DEMAND.jpg",1000,665,false],"kahuna-lpbox-3":["https:\/\/digidem-bayern.de\/wp-content\/uploads\/2023\/05\/DEMAND-520x350.jpg",520,350,true],"kahuna-featured-square":["https:\/\/digidem-bayern.de\/wp-content\/uploads\/2023\/05\/DEMAND-512x512.jpg",512,512,true],"kahuna-featured-square-large":["https:\/\/digidem-bayern.de\/wp-content\/uploads\/2023\/05\/DEMAND.jpg",1000,665,false]},"qubely_author":{"display_name":"Ilona H\u00f6rath","author_link":"https:\/\/digidem-bayern.de\/en\/author\/hoeratia\/"},"qubely_comment":0,"qubely_category":"<a href=\"https:\/\/digidem-bayern.de\/en\/category\/pressemitteilungen\/\" rel=\"category tag\">Pressemitteilungen<\/a>","qubely_excerpt":"Das Digitale Demenzregister Bayern (digiDEM Bayern) stellt ein neues digitales Angebot vor. Menschen mit Demenz sowie ihren pflegenden An- und Zugeh\u00f6rigen hilft der neue Online-Fragebogen \u201edigiDEM Bayern DEMAND\u00ae\u201c, die eigenen Versorgungsbedarfe zu erkennen. Zugleich liefert der Fragebogen einen kompakten \u00dcberblick \u00fcber vielf\u00e4ltige Unterst\u00fctzungsangebote, die passgenau informieren.&nbsp;Die Wissenschaftler*innen der Friedrich-Alexander-Universit\u00e4t Erlangen-N\u00fcrnberg&nbsp;(FAU)&nbsp;haben &hellip;","featured_image_urls_v2":{"full":["https:\/\/digidem-bayern.de\/wp-content\/uploads\/2023\/05\/DEMAND.jpg",1000,665,false],"thumbnail":["https:\/\/digidem-bayern.de\/wp-content\/uploads\/2023\/05\/DEMAND-80x80.jpg",80,80,true],"medium":["https:\/\/digidem-bayern.de\/wp-content\/uploads\/2023\/05\/DEMAND-300x200.jpg",300,200,true],"medium_large":["https:\/\/digidem-bayern.de\/wp-content\/uploads\/2023\/05\/DEMAND-768x511.jpg",768,511,true],"large":["https:\/\/digidem-bayern.de\/wp-content\/uploads\/2023\/05\/DEMAND.jpg",1000,665,false],"1536x1536":["https:\/\/digidem-bayern.de\/wp-content\/uploads\/2023\/05\/DEMAND.jpg",1000,665,false],"2048x2048":["https:\/\/digidem-bayern.de\/wp-content\/uploads\/2023\/05\/DEMAND.jpg",1000,665,false],"trp-custom-language-flag":["https:\/\/digidem-bayern.de\/wp-content\/uploads\/2023\/05\/DEMAND.jpg",18,12,false],"qubely_landscape":["https:\/\/digidem-bayern.de\/wp-content\/uploads\/2023\/05\/DEMAND.jpg",1000,665,false],"qubely_portrait":["https:\/\/digidem-bayern.de\/wp-content\/uploads\/2023\/05\/DEMAND-540x320.jpg",540,320,true],"qubely_thumbnail":["https:\/\/digidem-bayern.de\/wp-content\/uploads\/2023\/05\/DEMAND-140x100.jpg",140,100,true],"post-thumbnail":["https:\/\/digidem-bayern.de\/wp-content\/uploads\/2023\/05\/DEMAND-526x350.jpg",526,350,true],"kahuna-featured":["https:\/\/digidem-bayern.de\/wp-content\/uploads\/2023\/05\/DEMAND-734x350.jpg",734,350,true],"kahuna-featured-lp":["https:\/\/digidem-bayern.de\/wp-content\/uploads\/2023\/05\/DEMAND-520x350.jpg",520,350,true],"kahuna-featured-half":["https:\/\/digidem-bayern.de\/wp-content\/uploads\/2023\/05\/DEMAND-800x350.jpg",800,350,true],"kahuna-featured-third":["https:\/\/digidem-bayern.de\/wp-content\/uploads\/2023\/05\/DEMAND-512x350.jpg",512,350,true],"kahuna-lpbox-1":["https:\/\/digidem-bayern.de\/wp-content\/uploads\/2023\/05\/DEMAND-520x300.jpg",520,300,true],"kahuna-lpbox-2":["https:\/\/digidem-bayern.de\/wp-content\/uploads\/2023\/05\/DEMAND-520x350.jpg",520,350,true],"demand-language-flag":["https:\/\/digidem-bayern.de\/wp-content\/uploads\/2023\/05\/DEMAND-36x36.jpg",36,36,true],"dddkt-language-flag":["https:\/\/digidem-bayern.de\/wp-content\/uploads\/2023\/05\/DEMAND-36x36.jpg",36,36,true],"ddiqc-language-flag":["https:\/\/digidem-bayern.de\/wp-content\/uploads\/2023\/05\/DEMAND-36x36.jpg",36,36,true],"ddtl-language-flag":["https:\/\/digidem-bayern.de\/wp-content\/uploads\/2023\/05\/DEMAND-36x36.jpg",36,36,true],"mailpoet_newsletter_max":["https:\/\/digidem-bayern.de\/wp-content\/uploads\/2023\/05\/DEMAND.jpg",1000,665,false],"kahuna-lpbox-3":["https:\/\/digidem-bayern.de\/wp-content\/uploads\/2023\/05\/DEMAND-520x350.jpg",520,350,true],"kahuna-featured-square":["https:\/\/digidem-bayern.de\/wp-content\/uploads\/2023\/05\/DEMAND-512x512.jpg",512,512,true],"kahuna-featured-square-large":["https:\/\/digidem-bayern.de\/wp-content\/uploads\/2023\/05\/DEMAND.jpg",1000,665,false]},"post_excerpt_stackable_v2":"<p>Das Digitale Demenzregister Bayern (digiDEM Bayern) stellt ein neues digitales Angebot vor. Menschen mit Demenz sowie ihren pflegenden An- und Zugeh\u00f6rigen hilft der neue Online-Fragebogen \u201edigiDEM Bayern DEMAND\u00ae\u201c, die eigenen Versorgungsbedarfe zu erkennen. Zugleich liefert der Fragebogen einen kompakten \u00dcberblick \u00fcber vielf\u00e4ltige Unterst\u00fctzungsangebote, die passgenau informieren.&nbsp;Die Wissenschaftler*innen der Friedrich-Alexander-Universit\u00e4t Erlangen-N\u00fcrnberg&nbsp;(FAU)&nbsp;haben das Forschungsinstrument im Rahmen des&nbsp;Aufbaus eines digitalen Demenzregisters entwickelt und stellen den Online-Fragebogen nun \u00f6ffentlich zur Verf\u00fcgung.&nbsp;Ziel des Demenzregisters ist es, mit wissenschaftlich abgesicherten Daten&nbsp;eine effektive und regionale Versorgungsplanung in Bayern zu erm\u00f6glichen. Foto: Shutterstock &nbsp;Demenz gilt als einer der Hauptausl\u00f6ser f\u00fcr die Pflegebed\u00fcrftigkeit bei \u00e4lteren Erwachsenen, die meistens zu&hellip;<\/p>\n","category_list_v2":"<a href=\"https:\/\/digidem-bayern.de\/en\/category\/pressemitteilungen\/\" rel=\"category tag\">Pressemitteilungen<\/a>","author_info_v2":{"name":"Ilona H\u00f6rath","url":"https:\/\/digidem-bayern.de\/en\/author\/hoeratia\/"},"comments_num_v2":"0 comments","yoast_head":"<!-- This site is optimized with the Yoast SEO plugin v27.4 - https:\/\/yoast.com\/product\/yoast-seo-wordpress\/ -->\n<title>Wie \u201eDEMAND\u201c passgenau die Demenzversorgung st\u00e4rkt - digiDEM Bayern<\/title>\n<meta name=\"description\" content=\"Der Bayerische Landesapothekerkammer unterst\u00fctzt digiDEM Bayern mit Hilfe des Netzwerks &quot;Demenzfreundliche Apotheken&quot;.\" \/>\n<meta name=\"robots\" content=\"index, follow, max-snippet:-1, max-image-preview:large, max-video-preview:-1\" \/>\n<link rel=\"canonical\" href=\"https:\/\/digidem-bayern.de\/en\/wie-demand-passgenau-die-demenzversorgung-staerkt\/\" \/>\n<meta property=\"og:locale\" content=\"en_US\" \/>\n<meta property=\"og:type\" content=\"article\" \/>\n<meta property=\"og:title\" content=\"Wie \u201eDEMAND\u201c passgenau die Demenzversorgung st\u00e4rkt - digiDEM Bayern\" \/>\n<meta property=\"og:description\" content=\"Der Bayerische Landesapothekerkammer unterst\u00fctzt digiDEM Bayern mit Hilfe des Netzwerks &quot;Demenzfreundliche Apotheken&quot;.\" \/>\n<meta property=\"og:url\" content=\"https:\/\/digidem-bayern.de\/en\/wie-demand-passgenau-die-demenzversorgung-staerkt\/\" \/>\n<meta property=\"og:site_name\" content=\"digiDEM Bayern\" \/>\n<meta property=\"article:publisher\" content=\"https:\/\/www.facebook.com\/digiDEMBayern\/\" \/>\n<meta property=\"article:published_time\" content=\"2023-05-09T09:36:00+00:00\" \/>\n<meta property=\"article:modified_time\" content=\"2023-05-31T12:18:35+00:00\" \/>\n<meta property=\"og:image\" content=\"https:\/\/digidem-bayern.de\/wp-content\/uploads\/2023\/05\/DEMAND.jpg\" \/>\n\t<meta property=\"og:image:width\" content=\"1000\" \/>\n\t<meta property=\"og:image:height\" content=\"665\" \/>\n\t<meta property=\"og:image:type\" content=\"image\/jpeg\" \/>\n<meta name=\"author\" content=\"Ilona H\u00f6rath\" \/>\n<meta name=\"twitter:label1\" content=\"Written by\" \/>\n\t<meta name=\"twitter:data1\" content=\"Ilona H\u00f6rath\" \/>\n\t<meta name=\"twitter:label2\" content=\"Est. reading time\" \/>\n\t<meta name=\"twitter:data2\" content=\"2 minutes\" \/>\n<script type=\"application\/ld+json\" class=\"yoast-schema-graph\">{\"@context\":\"https:\\\/\\\/schema.org\",\"@graph\":[{\"@type\":\"Article\",\"@id\":\"https:\\\/\\\/digidem-bayern.de\\\/wie-demand-passgenau-die-demenzversorgung-staerkt\\\/#article\",\"isPartOf\":{\"@id\":\"https:\\\/\\\/digidem-bayern.de\\\/wie-demand-passgenau-die-demenzversorgung-staerkt\\\/\"},\"author\":{\"name\":\"Ilona H\u00f6rath\",\"@id\":\"\\\/#\\\/schema\\\/person\\\/0bc1494f46fc2a051c761322a80e0941\"},\"headline\":\"Wie \u201eDEMAND\u201c passgenau die Demenzversorgung st\u00e4rkt\",\"datePublished\":\"2023-05-09T09:36:00+00:00\",\"dateModified\":\"2023-05-31T12:18:35+00:00\",\"mainEntityOfPage\":{\"@id\":\"https:\\\/\\\/digidem-bayern.de\\\/wie-demand-passgenau-die-demenzversorgung-staerkt\\\/\"},\"wordCount\":920,\"commentCount\":0,\"publisher\":{\"@id\":\"\\\/#organization\"},\"image\":{\"@id\":\"https:\\\/\\\/digidem-bayern.de\\\/wie-demand-passgenau-die-demenzversorgung-staerkt\\\/#primaryimage\"},\"thumbnailUrl\":\"https:\\\/\\\/digidem-bayern.de\\\/wp-content\\\/uploads\\\/2023\\\/05\\\/DEMAND.jpg\",\"keywords\":[\"Alzheimer\",\"Demenz\",\"digidem\",\"digidem Bayern\",\"digiDEM Bayern DEMAND\",\"digitales Angebot\",\"Digitales Demenzregister Bayern\",\"Digitalisierung\",\"Nikolas Dietzel\",\"Online-Fragebogen\",\"Pflegebedarf\",\"Unterst\u00fctzungsleistung\"],\"articleSection\":[\"Pressemitteilungen\"],\"inLanguage\":\"en-US\",\"potentialAction\":[{\"@type\":\"CommentAction\",\"name\":\"Comment\",\"target\":[\"https:\\\/\\\/digidem-bayern.de\\\/wie-demand-passgenau-die-demenzversorgung-staerkt\\\/#respond\"]}]},{\"@type\":\"WebPage\",\"@id\":\"https:\\\/\\\/digidem-bayern.de\\\/wie-demand-passgenau-die-demenzversorgung-staerkt\\\/\",\"url\":\"https:\\\/\\\/digidem-bayern.de\\\/wie-demand-passgenau-die-demenzversorgung-staerkt\\\/\",\"name\":\"Wie \u201eDEMAND\u201c passgenau die Demenzversorgung st\u00e4rkt - digiDEM Bayern\",\"isPartOf\":{\"@id\":\"\\\/#website\"},\"primaryImageOfPage\":{\"@id\":\"https:\\\/\\\/digidem-bayern.de\\\/wie-demand-passgenau-die-demenzversorgung-staerkt\\\/#primaryimage\"},\"image\":{\"@id\":\"https:\\\/\\\/digidem-bayern.de\\\/wie-demand-passgenau-die-demenzversorgung-staerkt\\\/#primaryimage\"},\"thumbnailUrl\":\"https:\\\/\\\/digidem-bayern.de\\\/wp-content\\\/uploads\\\/2023\\\/05\\\/DEMAND.jpg\",\"datePublished\":\"2023-05-09T09:36:00+00:00\",\"dateModified\":\"2023-05-31T12:18:35+00:00\",\"description\":\"Der Bayerische Landesapothekerkammer unterst\u00fctzt digiDEM Bayern mit Hilfe des Netzwerks \\\"Demenzfreundliche Apotheken\\\".\",\"breadcrumb\":{\"@id\":\"https:\\\/\\\/digidem-bayern.de\\\/wie-demand-passgenau-die-demenzversorgung-staerkt\\\/#breadcrumb\"},\"inLanguage\":\"en-US\",\"potentialAction\":[{\"@type\":\"ReadAction\",\"target\":[\"https:\\\/\\\/digidem-bayern.de\\\/wie-demand-passgenau-die-demenzversorgung-staerkt\\\/\"]}]},{\"@type\":\"ImageObject\",\"inLanguage\":\"en-US\",\"@id\":\"https:\\\/\\\/digidem-bayern.de\\\/wie-demand-passgenau-die-demenzversorgung-staerkt\\\/#primaryimage\",\"url\":\"https:\\\/\\\/digidem-bayern.de\\\/wp-content\\\/uploads\\\/2023\\\/05\\\/DEMAND.jpg\",\"contentUrl\":\"https:\\\/\\\/digidem-bayern.de\\\/wp-content\\\/uploads\\\/2023\\\/05\\\/DEMAND.jpg\",\"width\":1000,\"height\":665,\"caption\":\"Foto: Shutterstock\"},{\"@type\":\"BreadcrumbList\",\"@id\":\"https:\\\/\\\/digidem-bayern.de\\\/wie-demand-passgenau-die-demenzversorgung-staerkt\\\/#breadcrumb\",\"itemListElement\":[{\"@type\":\"ListItem\",\"position\":1,\"name\":\"Startseite\",\"item\":\"https:\\\/\\\/digidem-bayern.de\\\/\"},{\"@type\":\"ListItem\",\"position\":2,\"name\":\"Wie \u201eDEMAND\u201c passgenau die Demenzversorgung st\u00e4rkt\"}]},{\"@type\":\"WebSite\",\"@id\":\"\\\/#website\",\"url\":\"\\\/\",\"name\":\"digiDEM Bayern\",\"description\":\"Das digitale Demenzregister Bayern erforscht und verbessert die Angebotsstuktur f\u00fcr Menschen mit Demenz und deren Angeh\u00f6rige\",\"publisher\":{\"@id\":\"\\\/#organization\"},\"potentialAction\":[{\"@type\":\"SearchAction\",\"target\":{\"@type\":\"EntryPoint\",\"urlTemplate\":\"\\\/?s={search_term_string}\"},\"query-input\":{\"@type\":\"PropertyValueSpecification\",\"valueRequired\":true,\"valueName\":\"search_term_string\"}}],\"inLanguage\":\"en-US\"},{\"@type\":\"Organization\",\"@id\":\"\\\/#organization\",\"name\":\"digiDEM Bayern\",\"url\":\"\\\/\",\"logo\":{\"@type\":\"ImageObject\",\"inLanguage\":\"en-US\",\"@id\":\"\\\/#\\\/schema\\\/logo\\\/image\\\/\",\"url\":\"https:\\\/\\\/digidem-bayern.de\\\/wp-content\\\/uploads\\\/2022\\\/03\\\/cropped-Allgemeines_digiDEMLOGO-removebg-preview.png\",\"contentUrl\":\"https:\\\/\\\/digidem-bayern.de\\\/wp-content\\\/uploads\\\/2022\\\/03\\\/cropped-Allgemeines_digiDEMLOGO-removebg-preview.png\",\"width\":612,\"height\":357,\"caption\":\"digiDEM Bayern\"},\"image\":{\"@id\":\"\\\/#\\\/schema\\\/logo\\\/image\\\/\"},\"sameAs\":[\"https:\\\/\\\/www.facebook.com\\\/digiDEMBayern\\\/\",\"https:\\\/\\\/x.com\\\/digidem_bayern\",\"https:\\\/\\\/www.instagram.com\\\/digidem.bayern\",\"https:\\\/\\\/www.linkedin.com\\\/company\\\/digidem-bayern\\\/\"]},{\"@type\":\"Person\",\"@id\":\"\\\/#\\\/schema\\\/person\\\/0bc1494f46fc2a051c761322a80e0941\",\"name\":\"Ilona H\u00f6rath\",\"url\":\"https:\\\/\\\/digidem-bayern.de\\\/en\\\/author\\\/hoeratia\\\/\"}]}<\/script>\n<!-- \/ Yoast SEO plugin. -->","yoast_head_json":{"title":"Wie \u201eDEMAND\u201c passgenau die Demenzversorgung st\u00e4rkt - digiDEM Bayern","description":"Der Bayerische Landesapothekerkammer unterst\u00fctzt digiDEM Bayern mit Hilfe des Netzwerks \"Demenzfreundliche Apotheken\".","robots":{"index":"index","follow":"follow","max-snippet":"max-snippet:-1","max-image-preview":"max-image-preview:large","max-video-preview":"max-video-preview:-1"},"canonical":"https:\/\/digidem-bayern.de\/en\/wie-demand-passgenau-die-demenzversorgung-staerkt\/","og_locale":"en_US","og_type":"article","og_title":"Wie \u201eDEMAND\u201c passgenau die Demenzversorgung st\u00e4rkt - digiDEM Bayern","og_description":"Der Bayerische Landesapothekerkammer unterst\u00fctzt digiDEM Bayern mit Hilfe des Netzwerks \"Demenzfreundliche Apotheken\".","og_url":"https:\/\/digidem-bayern.de\/en\/wie-demand-passgenau-die-demenzversorgung-staerkt\/","og_site_name":"digiDEM Bayern","article_publisher":"https:\/\/www.facebook.com\/digiDEMBayern\/","article_published_time":"2023-05-09T09:36:00+00:00","article_modified_time":"2023-05-31T12:18:35+00:00","og_image":[{"width":1000,"height":665,"url":"https:\/\/digidem-bayern.de\/wp-content\/uploads\/2023\/05\/DEMAND.jpg","type":"image\/jpeg"}],"author":"Ilona H\u00f6rath","twitter_misc":{"Written by":"Ilona H\u00f6rath","Est. reading time":"2 minutes"},"schema":{"@context":"https:\/\/schema.org","@graph":[{"@type":"Article","@id":"https:\/\/digidem-bayern.de\/wie-demand-passgenau-die-demenzversorgung-staerkt\/#article","isPartOf":{"@id":"https:\/\/digidem-bayern.de\/wie-demand-passgenau-die-demenzversorgung-staerkt\/"},"author":{"name":"Ilona H\u00f6rath","@id":"\/#\/schema\/person\/0bc1494f46fc2a051c761322a80e0941"},"headline":"Wie \u201eDEMAND\u201c passgenau die Demenzversorgung st\u00e4rkt","datePublished":"2023-05-09T09:36:00+00:00","dateModified":"2023-05-31T12:18:35+00:00","mainEntityOfPage":{"@id":"https:\/\/digidem-bayern.de\/wie-demand-passgenau-die-demenzversorgung-staerkt\/"},"wordCount":920,"commentCount":0,"publisher":{"@id":"\/#organization"},"image":{"@id":"https:\/\/digidem-bayern.de\/wie-demand-passgenau-die-demenzversorgung-staerkt\/#primaryimage"},"thumbnailUrl":"https:\/\/digidem-bayern.de\/wp-content\/uploads\/2023\/05\/DEMAND.jpg","keywords":["Alzheimer","Demenz","digidem","digidem Bayern","digiDEM Bayern DEMAND","digitales Angebot","Digitales Demenzregister Bayern","Digitalisierung","Nikolas Dietzel","Online-Fragebogen","Pflegebedarf","Unterst\u00fctzungsleistung"],"articleSection":["Pressemitteilungen"],"inLanguage":"en-US","potentialAction":[{"@type":"CommentAction","name":"Comment","target":["https:\/\/digidem-bayern.de\/wie-demand-passgenau-die-demenzversorgung-staerkt\/#respond"]}]},{"@type":"WebPage","@id":"https:\/\/digidem-bayern.de\/wie-demand-passgenau-die-demenzversorgung-staerkt\/","url":"https:\/\/digidem-bayern.de\/wie-demand-passgenau-die-demenzversorgung-staerkt\/","name":"Wie \u201eDEMAND\u201c passgenau die Demenzversorgung st\u00e4rkt - digiDEM Bayern","isPartOf":{"@id":"\/#website"},"primaryImageOfPage":{"@id":"https:\/\/digidem-bayern.de\/wie-demand-passgenau-die-demenzversorgung-staerkt\/#primaryimage"},"image":{"@id":"https:\/\/digidem-bayern.de\/wie-demand-passgenau-die-demenzversorgung-staerkt\/#primaryimage"},"thumbnailUrl":"https:\/\/digidem-bayern.de\/wp-content\/uploads\/2023\/05\/DEMAND.jpg","datePublished":"2023-05-09T09:36:00+00:00","dateModified":"2023-05-31T12:18:35+00:00","description":"Der Bayerische Landesapothekerkammer unterst\u00fctzt digiDEM Bayern mit Hilfe des Netzwerks \"Demenzfreundliche Apotheken\".","breadcrumb":{"@id":"https:\/\/digidem-bayern.de\/wie-demand-passgenau-die-demenzversorgung-staerkt\/#breadcrumb"},"inLanguage":"en-US","potentialAction":[{"@type":"ReadAction","target":["https:\/\/digidem-bayern.de\/wie-demand-passgenau-die-demenzversorgung-staerkt\/"]}]},{"@type":"ImageObject","inLanguage":"en-US","@id":"https:\/\/digidem-bayern.de\/wie-demand-passgenau-die-demenzversorgung-staerkt\/#primaryimage","url":"https:\/\/digidem-bayern.de\/wp-content\/uploads\/2023\/05\/DEMAND.jpg","contentUrl":"https:\/\/digidem-bayern.de\/wp-content\/uploads\/2023\/05\/DEMAND.jpg","width":1000,"height":665,"caption":"Foto: Shutterstock"},{"@type":"BreadcrumbList","@id":"https:\/\/digidem-bayern.de\/wie-demand-passgenau-die-demenzversorgung-staerkt\/#breadcrumb","itemListElement":[{"@type":"ListItem","position":1,"name":"Startseite","item":"https:\/\/digidem-bayern.de\/"},{"@type":"ListItem","position":2,"name":"Wie \u201eDEMAND\u201c passgenau die Demenzversorgung st\u00e4rkt"}]},{"@type":"WebSite","@id":"\/#website","url":"\/","name":"digiDEM Bavaria","description":"The digital dementia register in Bavaria researches and improves the structure of services for people with dementia and their relatives","publisher":{"@id":"\/#organization"},"potentialAction":[{"@type":"SearchAction","target":{"@type":"EntryPoint","urlTemplate":"\/?s={search_term_string}"},"query-input":{"@type":"PropertyValueSpecification","valueRequired":true,"valueName":"search_term_string"}}],"inLanguage":"en-US"},{"@type":"Organization","@id":"\/#organization","name":"digiDEM Bavaria","url":"\/","logo":{"@type":"ImageObject","inLanguage":"en-US","@id":"\/#\/schema\/logo\/image\/","url":"https:\/\/digidem-bayern.de\/wp-content\/uploads\/2022\/03\/cropped-Allgemeines_digiDEMLOGO-removebg-preview.png","contentUrl":"https:\/\/digidem-bayern.de\/wp-content\/uploads\/2022\/03\/cropped-Allgemeines_digiDEMLOGO-removebg-preview.png","width":612,"height":357,"caption":"digiDEM Bayern"},"image":{"@id":"\/#\/schema\/logo\/image\/"},"sameAs":["https:\/\/www.facebook.com\/digiDEMBayern\/","https:\/\/x.com\/digidem_bayern","https:\/\/www.instagram.com\/digidem.bayern","https:\/\/www.linkedin.com\/company\/digidem-bayern\/"]},{"@type":"Person","@id":"\/#\/schema\/person\/0bc1494f46fc2a051c761322a80e0941","name":"Ilona H\u00f6rath","url":"https:\/\/digidem-bayern.de\/en\/author\/hoeratia\/"}]}},"uagb_featured_image_src":{"full":["https:\/\/digidem-bayern.de\/wp-content\/uploads\/2023\/05\/DEMAND.jpg",1000,665,false],"thumbnail":["https:\/\/digidem-bayern.de\/wp-content\/uploads\/2023\/05\/DEMAND-80x80.jpg",80,80,true],"medium":["https:\/\/digidem-bayern.de\/wp-content\/uploads\/2023\/05\/DEMAND-300x200.jpg",300,200,true],"medium_large":["https:\/\/digidem-bayern.de\/wp-content\/uploads\/2023\/05\/DEMAND-768x511.jpg",768,511,true],"large":["https:\/\/digidem-bayern.de\/wp-content\/uploads\/2023\/05\/DEMAND.jpg",1000,665,false],"1536x1536":["https:\/\/digidem-bayern.de\/wp-content\/uploads\/2023\/05\/DEMAND.jpg",1000,665,false],"2048x2048":["https:\/\/digidem-bayern.de\/wp-content\/uploads\/2023\/05\/DEMAND.jpg",1000,665,false],"trp-custom-language-flag":["https:\/\/digidem-bayern.de\/wp-content\/uploads\/2023\/05\/DEMAND.jpg",18,12,false],"qubely_landscape":["https:\/\/digidem-bayern.de\/wp-content\/uploads\/2023\/05\/DEMAND.jpg",1000,665,false],"qubely_portrait":["https:\/\/digidem-bayern.de\/wp-content\/uploads\/2023\/05\/DEMAND-540x320.jpg",540,320,true],"qubely_thumbnail":["https:\/\/digidem-bayern.de\/wp-content\/uploads\/2023\/05\/DEMAND-140x100.jpg",140,100,true],"post-thumbnail":["https:\/\/digidem-bayern.de\/wp-content\/uploads\/2023\/05\/DEMAND-526x350.jpg",526,350,true],"kahuna-featured":["https:\/\/digidem-bayern.de\/wp-content\/uploads\/2023\/05\/DEMAND-734x350.jpg",734,350,true],"kahuna-featured-lp":["https:\/\/digidem-bayern.de\/wp-content\/uploads\/2023\/05\/DEMAND-520x350.jpg",520,350,true],"kahuna-featured-half":["https:\/\/digidem-bayern.de\/wp-content\/uploads\/2023\/05\/DEMAND-800x350.jpg",800,350,true],"kahuna-featured-third":["https:\/\/digidem-bayern.de\/wp-content\/uploads\/2023\/05\/DEMAND-512x350.jpg",512,350,true],"kahuna-lpbox-1":["https:\/\/digidem-bayern.de\/wp-content\/uploads\/2023\/05\/DEMAND-520x300.jpg",520,300,true],"kahuna-lpbox-2":["https:\/\/digidem-bayern.de\/wp-content\/uploads\/2023\/05\/DEMAND-520x350.jpg",520,350,true],"demand-language-flag":["https:\/\/digidem-bayern.de\/wp-content\/uploads\/2023\/05\/DEMAND-36x36.jpg",36,36,true],"dddkt-language-flag":["https:\/\/digidem-bayern.de\/wp-content\/uploads\/2023\/05\/DEMAND-36x36.jpg",36,36,true],"ddiqc-language-flag":["https:\/\/digidem-bayern.de\/wp-content\/uploads\/2023\/05\/DEMAND-36x36.jpg",36,36,true],"ddtl-language-flag":["https:\/\/digidem-bayern.de\/wp-content\/uploads\/2023\/05\/DEMAND-36x36.jpg",36,36,true],"mailpoet_newsletter_max":["https:\/\/digidem-bayern.de\/wp-content\/uploads\/2023\/05\/DEMAND.jpg",1000,665,false],"kahuna-lpbox-3":["https:\/\/digidem-bayern.de\/wp-content\/uploads\/2023\/05\/DEMAND-520x350.jpg",520,350,true],"kahuna-featured-square":["https:\/\/digidem-bayern.de\/wp-content\/uploads\/2023\/05\/DEMAND-512x512.jpg",512,512,true],"kahuna-featured-square-large":["https:\/\/digidem-bayern.de\/wp-content\/uploads\/2023\/05\/DEMAND.jpg",1000,665,false]},"uagb_author_info":{"display_name":"Ilona H\u00f6rath","author_link":"https:\/\/digidem-bayern.de\/en\/author\/hoeratia\/"},"uagb_comment_info":0,"uagb_excerpt":"Das Digitale Demenzregister Bayern (digiDEM Bayern) stellt ein neues digitales Angebot vor. Menschen mit Demenz sowie ihren pflegenden An- und Zugeh\u00f6rigen hilft der neue Online-Fragebogen \u201edigiDEM Bayern DEMAND\u00ae\u201c, die eigenen Versorgungsbedarfe zu erkennen. Zugleich liefert der Fragebogen einen kompakten \u00dcberblick \u00fcber vielf\u00e4ltige Unterst\u00fctzungsangebote, die passgenau informieren.&nbsp;Die Wissenschaftler*innen der Friedrich-Alexander-Universit\u00e4t Erlangen-N\u00fcrnberg&nbsp;(FAU)&nbsp;haben &hellip;","_links":{"self":[{"href":"https:\/\/digidem-bayern.de\/en\/wp-json\/wp\/v2\/posts\/28139","targetHints":{"allow":["GET"]}}],"collection":[{"href":"https:\/\/digidem-bayern.de\/en\/wp-json\/wp\/v2\/posts"}],"about":[{"href":"https:\/\/digidem-bayern.de\/en\/wp-json\/wp\/v2\/types\/post"}],"author":[{"embeddable":true,"href":"https:\/\/digidem-bayern.de\/en\/wp-json\/wp\/v2\/users\/12"}],"replies":[{"embeddable":true,"href":"https:\/\/digidem-bayern.de\/en\/wp-json\/wp\/v2\/comments?post=28139"}],"version-history":[{"count":2,"href":"https:\/\/digidem-bayern.de\/en\/wp-json\/wp\/v2\/posts\/28139\/revisions"}],"predecessor-version":[{"id":28591,"href":"https:\/\/digidem-bayern.de\/en\/wp-json\/wp\/v2\/posts\/28139\/revisions\/28591"}],"wp:featuredmedia":[{"embeddable":true,"href":"https:\/\/digidem-bayern.de\/en\/wp-json\/wp\/v2\/media\/27799"}],"wp:attachment":[{"href":"https:\/\/digidem-bayern.de\/en\/wp-json\/wp\/v2\/media?parent=28139"}],"wp:term":[{"taxonomy":"category","embeddable":true,"href":"https:\/\/digidem-bayern.de\/en\/wp-json\/wp\/v2\/categories?post=28139"},{"taxonomy":"post_tag","embeddable":true,"href":"https:\/\/digidem-bayern.de\/en\/wp-json\/wp\/v2\/tags?post=28139"}],"curies":[{"name":"wp","href":"https:\/\/api.w.org\/{rel}","templated":true}]}}