{"id":27483,"date":"2023-04-27T13:02:14","date_gmt":"2023-04-27T11:02:14","guid":{"rendered":"https:\/\/digidem-bayern.de\/?p=27483"},"modified":"2023-05-11T17:49:44","modified_gmt":"2023-05-11T15:49:44","slug":"streben-nach-gerechteren-massnahmen","status":"publish","type":"post","link":"https:\/\/digidem-bayern.de\/en\/streben-nach-gerechteren-massnahmen\/","title":{"rendered":"\u201eStreben nach gerechteren Ma\u00dfnahmen\u201c"},"content":{"rendered":"<p><strong>Sterblichkeitsrate, Arztbesuche oder Krankenhausaufenthalte: Inwiefern spiegeln sich Unterschiede in der Qualit\u00e4t der Demenzversorgung auf dem Land und in der Stadt in der wissenschaftlichen Literatur wider? Forschende aus Kanada haben Unterschiede herausgefunden.<\/strong><\/p>\n\n\n\n<p>Kanadische Forschende wollten es ganz genau wissen: Inwiefern spiegeln sich Unterschiede in der Qualit\u00e4t der Demenzversorgung auf dem Land und in der Stadt in der wissenschaftlichen Literatur wider? Aus diesem Grund haben sie 38 internationale Studien, <strong>darunter sechs aus Deutschland<\/strong>, systematisch ausgewertet. Die Studien wurden dabei im Forschungszeitraum von 25 Jahren publiziert. Die \u00dcbersicht \u00fcber die Unterschiede, die die Wissenschaftler*innen herausgefunden haben, kann f\u00fcr Forschende und Entscheidungstr\u00e4ger*innen in der Gesundheitspolitik als Leitfaden f\u00fcr die Entwicklung einer gerechteren Demenzversorgungspolitik dienen.<\/p>\n\n\n\n<p><strong>H\u00f6here Sterblichkeitsrate<\/strong><\/p>\n\n\n<div class=\"wp-block-image\">\n<figure class=\"alignright size-large is-resized\"><img loading=\"lazy\" decoding=\"async\" src=\"https:\/\/digidem-bayern.de\/wp-content\/uploads\/2023\/04\/Dorf-Deutschland-pexels-pixabay-280221-1030x687.jpg\" alt=\"F\u00fcr Menschen mit Demenz ist eine m\u00f6glichst fr\u00fchzeitige Diagnose wichtig.\" class=\"wp-image-27499\" width=\"472\" height=\"315\" srcset=\"https:\/\/digidem-bayern.de\/wp-content\/uploads\/2023\/04\/Dorf-Deutschland-pexels-pixabay-280221-1030x687.jpg 1030w, https:\/\/digidem-bayern.de\/wp-content\/uploads\/2023\/04\/Dorf-Deutschland-pexels-pixabay-280221-300x200.jpg 300w, https:\/\/digidem-bayern.de\/wp-content\/uploads\/2023\/04\/Dorf-Deutschland-pexels-pixabay-280221-768x512.jpg 768w, https:\/\/digidem-bayern.de\/wp-content\/uploads\/2023\/04\/Dorf-Deutschland-pexels-pixabay-280221-1536x1024.jpg 1536w, https:\/\/digidem-bayern.de\/wp-content\/uploads\/2023\/04\/Dorf-Deutschland-pexels-pixabay-280221-2048x1365.jpg 2048w, https:\/\/digidem-bayern.de\/wp-content\/uploads\/2023\/04\/Dorf-Deutschland-pexels-pixabay-280221-525x350.jpg 525w, https:\/\/digidem-bayern.de\/wp-content\/uploads\/2023\/04\/Dorf-Deutschland-pexels-pixabay-280221-1320x880.jpg 1320w, https:\/\/digidem-bayern.de\/wp-content\/uploads\/2023\/04\/Dorf-Deutschland-pexels-pixabay-280221.jpg 1600w\" sizes=\"auto, (max-width: 472px) 100vw, 472px\" \/><figcaption class=\"wp-element-caption\">Foto: Pexels<\/figcaption><\/figure>\n<\/div>\n\n\n<p>Bei Menschen mit Demenz, die auf dem Land leben, ist demnach eine h\u00f6here Sterblichkeit als bei ihren st\u00e4dtischen Pendants zu verzeichnen. Die wissenschaftliche Nachweisbarkeit (Evidenz) ist bei diesem Studienergebnis am st\u00e4rksten. \u201eAllein diese Erkenntnis sollte das Streben nach gerechteren Ma\u00dfnahmen\u201c sowohl f\u00fcr Menschen mit Demenz als auch ihre Betreuenden rechtfertigen, schreiben die Autor*innen.<\/p>\n\n\n\n<p><strong>Weniger Arztbesuche, mehr station\u00e4re Aufenthalte<\/strong><\/p>\n\n\n\n<p>Auch die Anzahl der Arztbesuche wurde erfasst. Hierbei deuten Studien darauf hin, dass Menschen mit Demenz auf dem Land weniger oft den Haus- oder Facharzt aufsuchen als in der Stadt &#8211; was unter anderem am \u201edokumentierten Mangel an \u00c4rzten in l\u00e4ndlichen Regionen\u201c liegen k\u00f6nne. Anders bei der station\u00e4ren Versorgung von Menschen mit Demenz. Hier kommt es zu mehr Krankenhausaufenthalten, die allerdings von k\u00fcrzerer Verweildauer sind.&nbsp;<\/p>\n\n\n\n<p><strong>Demenzdiagnose oft zu sp\u00e4t gestellt<\/strong><\/p>\n\n\n\n<p>F\u00fcr Menschen mit Demenz ist eine m\u00f6glichst fr\u00fchzeitige Diagnose wichtig. Aus der kanadischen \u00dcbersichtsarbeit geht jedoch hervor, dass die Diagnose bei Betroffenen in l\u00e4ndlichen Gebieten weniger fr\u00fchzeitig erfolgt als im urbanen Raum. Allerdings ist die Studienlage hier unzureichend. Hinsichtlich der \u00e4rztlichen Verordnung von Medikamenten stellten die Autor*innen fest, dass Mediziner*innen in l\u00e4ndlichen Gebieten mehr dieser Medikamente verschrieben haben. \u201eDies k\u00f6nnte auf Unterschiede in der Klientel zur\u00fcckzuf\u00fchren sein, zum Beispiel auf Klienten mit einer schwereren Form der Demenz aufgrund einer verz\u00f6gerten Diagnose in der l\u00e4ndlichen Bev\u00f6lkerung\u201c, hei\u00dft es in der Studie.<\/p>\n\n\n\n<p><strong>Weitere Forschung dringend erforderlich<\/strong><\/p>\n\n\n\n<p>In der Studie weisen die Autorinnen klar auf ein wissenschaftliches Manko hin. Noch ist die Literatur zu den Unterschieden zwischen l\u00e4ndlichen und st\u00e4dtischen Gebieten bei der Qualit\u00e4t der Demenzversorgung neu. Das bedeutet, dass diesbez\u00fcglich Studien von besserer Qualit\u00e4t oft noch fehlen und in vielen Bereichen weiterer Forschungsbedarf besteht. Zudem stammen die meisten Studien nur aus L\u00e4ndern mit hohem Einkommen. Daher unterstreichen die Wissenschaftler*innen: \u201eEs ist zwingend erforderlich, den Entscheidungstr\u00e4gern Beweise zur Verf\u00fcgung zu stellen, um eine gerechte Politik zu betreiben und gesundheitliche Ungleichheiten\u201c f\u00fcr alle Menschen mit Demenz und ihre Betreuenden zu verringern.<\/p>\n\n\n\n<p><strong>Tipp f\u00fcr die Praxis:<\/strong> Wenn Sie Krankheitssymptome wahrnehmen, insbesondere auch bezogen auf Ihr Ged\u00e4chtnis, suchen Sie sich fr\u00fchzeitig \u00e4rztliche Unterst\u00fctzung. Haus- und Fach\u00e4rzt*innen k\u00f6nnen Ihnen dabei helfen, Symptome abzukl\u00e4ren und Behandlungsma\u00dfnahmen einzuleiten.<\/p>\n\n\n\n<p>Hier geht\u2019s zur Studie: <a href=\"https:\/\/bmchealthservres.biomedcentral.com\/articles\/10.1186\/s12913-023-09100-8\">Rural and urban differences in quality of dementia care of persons with dementia and caregivers across all domains: a systematic review<\/a><\/p>\n\n\n\n<p><\/p>\n\n\n\n<p><\/p>\n\n\n\n<p><\/p>\n\n\n\n<p><\/p>\n\n\n\n<p><\/p>\n\n\n\n<p style=\"font-size:20px\"><\/p>\n\n\n\n<div style=\"height:20px\" aria-hidden=\"true\" class=\"wp-block-spacer\"><\/div>\n\n\n\n<div style=\"height:20px\" aria-hidden=\"true\" class=\"wp-block-spacer\"><\/div>","protected":false},"excerpt":{"rendered":"<p>Sterblichkeitsrate, Arztbesuche oder Krankenhausaufenthalte: Inwiefern spiegeln sich Unterschiede in der Qualit\u00e4t der Demenzversorgung auf dem Land und in der Stadt in der wissenschaftlichen Literatur wider? Forschende aus Kanada haben Unterschiede herausgefunden. Kanadische Forschende wollten es ganz genau wissen: Inwiefern spiegeln sich Unterschiede in der Qualit\u00e4t der Demenzversorgung auf dem Land &hellip;<\/p>","protected":false},"author":12,"featured_media":27499,"comment_status":"open","ping_status":"closed","sticky":false,"template":"","format":"standard","meta":{"qubely_global_settings":"","qubely_interactions":"","_uag_custom_page_level_css":"","footnotes":""},"categories":[5],"tags":[13,12,112,544,14,17,55,419,715,714,712,363,713,711],"class_list":["post-27483","post","type-post","status-publish","format-standard","has-post-thumbnail","hentry","category-wissenschaft-forschung","tag-alzheimer","tag-demenz-2","tag-demenzdiagnose","tag-demenzversorgung","tag-digidem","tag-digidem-bayern","tag-digitales-demenzregister-bayern","tag-gedaechtnis","tag-krankheitssysmtome","tag-laendlich","tag-qualitaet","tag-stadt","tag-stationaer","tag-sterblichkeitsrate"],"qubely_featured_image_url":{"full":["https:\/\/digidem-bayern.de\/wp-content\/uploads\/2023\/04\/Dorf-Deutschland-pexels-pixabay-280221.jpg",1600,1067,false],"landscape":["https:\/\/digidem-bayern.de\/wp-content\/uploads\/2023\/04\/Dorf-Deutschland-pexels-pixabay-280221-1200x750.jpg",1200,750,true],"portraits":["https:\/\/digidem-bayern.de\/wp-content\/uploads\/2023\/04\/Dorf-Deutschland-pexels-pixabay-280221-540x320.jpg",540,320,true],"thumbnail":["https:\/\/digidem-bayern.de\/wp-content\/uploads\/2023\/04\/Dorf-Deutschland-pexels-pixabay-280221-80x80.jpg",80,80,true],"medium":["https:\/\/digidem-bayern.de\/wp-content\/uploads\/2023\/04\/Dorf-Deutschland-pexels-pixabay-280221-300x200.jpg",300,200,true],"medium_large":["https:\/\/digidem-bayern.de\/wp-content\/uploads\/2023\/04\/Dorf-Deutschland-pexels-pixabay-280221-768x512.jpg",768,512,true],"large":["https:\/\/digidem-bayern.de\/wp-content\/uploads\/2023\/04\/Dorf-Deutschland-pexels-pixabay-280221-1030x687.jpg",1030,687,true],"1536x1536":["https:\/\/digidem-bayern.de\/wp-content\/uploads\/2023\/04\/Dorf-Deutschland-pexels-pixabay-280221-1536x1024.jpg",1536,1024,true],"2048x2048":["https:\/\/digidem-bayern.de\/wp-content\/uploads\/2023\/04\/Dorf-Deutschland-pexels-pixabay-280221-2048x1365.jpg",2048,1365,true],"trp-custom-language-flag":["https:\/\/digidem-bayern.de\/wp-content\/uploads\/2023\/04\/Dorf-Deutschland-pexels-pixabay-280221.jpg",18,12,false],"qubely_landscape":["https:\/\/digidem-bayern.de\/wp-content\/uploads\/2023\/04\/Dorf-Deutschland-pexels-pixabay-280221-1200x750.jpg",1200,750,true],"qubely_portrait":["https:\/\/digidem-bayern.de\/wp-content\/uploads\/2023\/04\/Dorf-Deutschland-pexels-pixabay-280221-540x320.jpg",540,320,true],"qubely_thumbnail":["https:\/\/digidem-bayern.de\/wp-content\/uploads\/2023\/04\/Dorf-Deutschland-pexels-pixabay-280221-140x100.jpg",140,100,true],"post-thumbnail":["https:\/\/digidem-bayern.de\/wp-content\/uploads\/2023\/04\/Dorf-Deutschland-pexels-pixabay-280221-525x350.jpg",525,350,true],"kahuna-featured":["https:\/\/digidem-bayern.de\/wp-content\/uploads\/2023\/04\/Dorf-Deutschland-pexels-pixabay-280221-734x350.jpg",734,350,true],"kahuna-featured-lp":["https:\/\/digidem-bayern.de\/wp-content\/uploads\/2023\/04\/Dorf-Deutschland-pexels-pixabay-280221-520x350.jpg",520,350,true],"kahuna-featured-half":["https:\/\/digidem-bayern.de\/wp-content\/uploads\/2023\/04\/Dorf-Deutschland-pexels-pixabay-280221-800x350.jpg",800,350,true],"kahuna-featured-third":["https:\/\/digidem-bayern.de\/wp-content\/uploads\/2023\/04\/Dorf-Deutschland-pexels-pixabay-280221-512x350.jpg",512,350,true],"kahuna-lpbox-1":["https:\/\/digidem-bayern.de\/wp-content\/uploads\/2023\/04\/Dorf-Deutschland-pexels-pixabay-280221-520x300.jpg",520,300,true],"kahuna-lpbox-2":["https:\/\/digidem-bayern.de\/wp-content\/uploads\/2023\/04\/Dorf-Deutschland-pexels-pixabay-280221-520x350.jpg",520,350,true],"demand-language-flag":["https:\/\/digidem-bayern.de\/wp-content\/uploads\/2023\/04\/Dorf-Deutschland-pexels-pixabay-280221.jpg",36,24,false],"dddkt-language-flag":["https:\/\/digidem-bayern.de\/wp-content\/uploads\/2023\/04\/Dorf-Deutschland-pexels-pixabay-280221-36x36.jpg",36,36,true],"ddiqc-language-flag":["https:\/\/digidem-bayern.de\/wp-content\/uploads\/2023\/04\/Dorf-Deutschland-pexels-pixabay-280221-36x36.jpg",36,36,true],"ddtl-language-flag":["https:\/\/digidem-bayern.de\/wp-content\/uploads\/2023\/04\/Dorf-Deutschland-pexels-pixabay-280221-36x36.jpg",36,36,true],"mailpoet_newsletter_max":["https:\/\/digidem-bayern.de\/wp-content\/uploads\/2023\/04\/Dorf-Deutschland-pexels-pixabay-280221-1320x880.jpg",1320,880,true],"kahuna-lpbox-3":["https:\/\/digidem-bayern.de\/wp-content\/uploads\/2023\/04\/Dorf-Deutschland-pexels-pixabay-280221-520x350.jpg",520,350,true],"kahuna-featured-square":["https:\/\/digidem-bayern.de\/wp-content\/uploads\/2023\/04\/Dorf-Deutschland-pexels-pixabay-280221-512x512.jpg",512,512,true],"kahuna-featured-square-large":["https:\/\/digidem-bayern.de\/wp-content\/uploads\/2023\/04\/Dorf-Deutschland-pexels-pixabay-280221-1024x1024.jpg",1024,1024,true]},"qubely_author":{"display_name":"Ilona H\u00f6rath","author_link":"https:\/\/digidem-bayern.de\/en\/author\/hoeratia\/"},"qubely_comment":1,"qubely_category":"<a href=\"https:\/\/digidem-bayern.de\/en\/category\/wissenschaft-forschung\/\" rel=\"category tag\">Wissenschaft &amp; Forschung<\/a>","qubely_excerpt":"Sterblichkeitsrate, Arztbesuche oder Krankenhausaufenthalte: Inwiefern spiegeln sich Unterschiede in der Qualit\u00e4t der Demenzversorgung auf dem Land und in der Stadt in der wissenschaftlichen Literatur wider? Forschende aus Kanada haben Unterschiede herausgefunden. Kanadische Forschende wollten es ganz genau wissen: Inwiefern spiegeln sich Unterschiede in der Qualit\u00e4t der Demenzversorgung auf dem Land &hellip;","featured_image_urls_v2":{"full":["https:\/\/digidem-bayern.de\/wp-content\/uploads\/2023\/04\/Dorf-Deutschland-pexels-pixabay-280221.jpg",1600,1067,false],"thumbnail":["https:\/\/digidem-bayern.de\/wp-content\/uploads\/2023\/04\/Dorf-Deutschland-pexels-pixabay-280221-80x80.jpg",80,80,true],"medium":["https:\/\/digidem-bayern.de\/wp-content\/uploads\/2023\/04\/Dorf-Deutschland-pexels-pixabay-280221-300x200.jpg",300,200,true],"medium_large":["https:\/\/digidem-bayern.de\/wp-content\/uploads\/2023\/04\/Dorf-Deutschland-pexels-pixabay-280221-768x512.jpg",768,512,true],"large":["https:\/\/digidem-bayern.de\/wp-content\/uploads\/2023\/04\/Dorf-Deutschland-pexels-pixabay-280221-1030x687.jpg",1030,687,true],"1536x1536":["https:\/\/digidem-bayern.de\/wp-content\/uploads\/2023\/04\/Dorf-Deutschland-pexels-pixabay-280221-1536x1024.jpg",1536,1024,true],"2048x2048":["https:\/\/digidem-bayern.de\/wp-content\/uploads\/2023\/04\/Dorf-Deutschland-pexels-pixabay-280221-2048x1365.jpg",2048,1365,true],"trp-custom-language-flag":["https:\/\/digidem-bayern.de\/wp-content\/uploads\/2023\/04\/Dorf-Deutschland-pexels-pixabay-280221.jpg",18,12,false],"qubely_landscape":["https:\/\/digidem-bayern.de\/wp-content\/uploads\/2023\/04\/Dorf-Deutschland-pexels-pixabay-280221-1200x750.jpg",1200,750,true],"qubely_portrait":["https:\/\/digidem-bayern.de\/wp-content\/uploads\/2023\/04\/Dorf-Deutschland-pexels-pixabay-280221-540x320.jpg",540,320,true],"qubely_thumbnail":["https:\/\/digidem-bayern.de\/wp-content\/uploads\/2023\/04\/Dorf-Deutschland-pexels-pixabay-280221-140x100.jpg",140,100,true],"post-thumbnail":["https:\/\/digidem-bayern.de\/wp-content\/uploads\/2023\/04\/Dorf-Deutschland-pexels-pixabay-280221-525x350.jpg",525,350,true],"kahuna-featured":["https:\/\/digidem-bayern.de\/wp-content\/uploads\/2023\/04\/Dorf-Deutschland-pexels-pixabay-280221-734x350.jpg",734,350,true],"kahuna-featured-lp":["https:\/\/digidem-bayern.de\/wp-content\/uploads\/2023\/04\/Dorf-Deutschland-pexels-pixabay-280221-520x350.jpg",520,350,true],"kahuna-featured-half":["https:\/\/digidem-bayern.de\/wp-content\/uploads\/2023\/04\/Dorf-Deutschland-pexels-pixabay-280221-800x350.jpg",800,350,true],"kahuna-featured-third":["https:\/\/digidem-bayern.de\/wp-content\/uploads\/2023\/04\/Dorf-Deutschland-pexels-pixabay-280221-512x350.jpg",512,350,true],"kahuna-lpbox-1":["https:\/\/digidem-bayern.de\/wp-content\/uploads\/2023\/04\/Dorf-Deutschland-pexels-pixabay-280221-520x300.jpg",520,300,true],"kahuna-lpbox-2":["https:\/\/digidem-bayern.de\/wp-content\/uploads\/2023\/04\/Dorf-Deutschland-pexels-pixabay-280221-520x350.jpg",520,350,true],"demand-language-flag":["https:\/\/digidem-bayern.de\/wp-content\/uploads\/2023\/04\/Dorf-Deutschland-pexels-pixabay-280221.jpg",36,24,false],"dddkt-language-flag":["https:\/\/digidem-bayern.de\/wp-content\/uploads\/2023\/04\/Dorf-Deutschland-pexels-pixabay-280221-36x36.jpg",36,36,true],"ddiqc-language-flag":["https:\/\/digidem-bayern.de\/wp-content\/uploads\/2023\/04\/Dorf-Deutschland-pexels-pixabay-280221-36x36.jpg",36,36,true],"ddtl-language-flag":["https:\/\/digidem-bayern.de\/wp-content\/uploads\/2023\/04\/Dorf-Deutschland-pexels-pixabay-280221-36x36.jpg",36,36,true],"mailpoet_newsletter_max":["https:\/\/digidem-bayern.de\/wp-content\/uploads\/2023\/04\/Dorf-Deutschland-pexels-pixabay-280221-1320x880.jpg",1320,880,true],"kahuna-lpbox-3":["https:\/\/digidem-bayern.de\/wp-content\/uploads\/2023\/04\/Dorf-Deutschland-pexels-pixabay-280221-520x350.jpg",520,350,true],"kahuna-featured-square":["https:\/\/digidem-bayern.de\/wp-content\/uploads\/2023\/04\/Dorf-Deutschland-pexels-pixabay-280221-512x512.jpg",512,512,true],"kahuna-featured-square-large":["https:\/\/digidem-bayern.de\/wp-content\/uploads\/2023\/04\/Dorf-Deutschland-pexels-pixabay-280221-1024x1024.jpg",1024,1024,true]},"post_excerpt_stackable_v2":"<p>Sterblichkeitsrate, Arztbesuche oder Krankenhausaufenthalte: Inwiefern spiegeln sich Unterschiede in der Qualit\u00e4t der Demenzversorgung auf dem Land und in der Stadt in der wissenschaftlichen Literatur wider? Forschende aus Kanada haben Unterschiede herausgefunden. Kanadische Forschende wollten es ganz genau wissen: Inwiefern spiegeln sich Unterschiede in der Qualit\u00e4t der Demenzversorgung auf dem Land und in der Stadt in der wissenschaftlichen Literatur wider? Aus diesem Grund haben sie 38 internationale Studien, darunter sechs aus Deutschland, systematisch ausgewertet. Die Studien wurden dabei im Forschungszeitraum von 25 Jahren publiziert. Die \u00dcbersicht \u00fcber die Unterschiede, die die Wissenschaftler*innen herausgefunden haben, kann f\u00fcr Forschende und Entscheidungstr\u00e4ger*innen in der&hellip;<\/p>\n","category_list_v2":"<a href=\"https:\/\/digidem-bayern.de\/en\/category\/wissenschaft-forschung\/\" rel=\"category tag\">Wissenschaft &amp; Forschung<\/a>","author_info_v2":{"name":"Ilona H\u00f6rath","url":"https:\/\/digidem-bayern.de\/en\/author\/hoeratia\/"},"comments_num_v2":"0 comments","yoast_head":"<!-- This site is optimized with the Yoast SEO plugin v27.4 - https:\/\/yoast.com\/product\/yoast-seo-wordpress\/ -->\n<title>\u201eStreben nach gerechteren Ma\u00dfnahmen\u201c - digiDEM Bayern<\/title>\n<meta name=\"description\" content=\"Der Bayerische Landesapothekerkammer unterst\u00fctzt digiDEM Bayern mit Hilfe des Netzwerks &quot;Demenzfreundliche Apotheken&quot;.\" \/>\n<meta name=\"robots\" content=\"index, follow, max-snippet:-1, max-image-preview:large, max-video-preview:-1\" \/>\n<link rel=\"canonical\" href=\"https:\/\/digidem-bayern.de\/en\/streben-nach-gerechteren-massnahmen\/\" \/>\n<meta property=\"og:locale\" content=\"en_US\" \/>\n<meta property=\"og:type\" content=\"article\" \/>\n<meta property=\"og:title\" content=\"\u201eStreben nach gerechteren Ma\u00dfnahmen\u201c - digiDEM Bayern\" \/>\n<meta property=\"og:description\" content=\"Der Bayerische Landesapothekerkammer unterst\u00fctzt digiDEM Bayern mit Hilfe des Netzwerks &quot;Demenzfreundliche Apotheken&quot;.\" \/>\n<meta property=\"og:url\" content=\"https:\/\/digidem-bayern.de\/en\/streben-nach-gerechteren-massnahmen\/\" \/>\n<meta property=\"og:site_name\" content=\"digiDEM Bayern\" \/>\n<meta property=\"article:publisher\" content=\"https:\/\/www.facebook.com\/digiDEMBayern\/\" \/>\n<meta property=\"article:published_time\" content=\"2023-04-27T11:02:14+00:00\" \/>\n<meta property=\"article:modified_time\" content=\"2023-05-11T15:49:44+00:00\" \/>\n<meta property=\"og:image\" content=\"https:\/\/digidem-bayern.de\/wp-content\/uploads\/2023\/04\/Dorf-Deutschland-pexels-pixabay-280221-1030x687.jpg\" \/>\n\t<meta property=\"og:image:width\" content=\"1030\" \/>\n\t<meta property=\"og:image:height\" content=\"687\" \/>\n\t<meta property=\"og:image:type\" content=\"image\/jpeg\" \/>\n<meta name=\"author\" content=\"Ilona H\u00f6rath\" \/>\n<meta name=\"twitter:label1\" content=\"Written by\" \/>\n\t<meta name=\"twitter:data1\" content=\"Ilona H\u00f6rath\" \/>\n\t<meta name=\"twitter:label2\" content=\"Est. reading time\" \/>\n\t<meta name=\"twitter:data2\" content=\"2 minutes\" \/>\n<script type=\"application\/ld+json\" class=\"yoast-schema-graph\">{\"@context\":\"https:\\\/\\\/schema.org\",\"@graph\":[{\"@type\":\"Article\",\"@id\":\"https:\\\/\\\/digidem-bayern.de\\\/streben-nach-gerechteren-massnahmen\\\/#article\",\"isPartOf\":{\"@id\":\"https:\\\/\\\/digidem-bayern.de\\\/streben-nach-gerechteren-massnahmen\\\/\"},\"author\":{\"name\":\"Ilona H\u00f6rath\",\"@id\":\"\\\/#\\\/schema\\\/person\\\/0bc1494f46fc2a051c761322a80e0941\"},\"headline\":\"\u201eStreben nach gerechteren Ma\u00dfnahmen\u201c\",\"datePublished\":\"2023-04-27T11:02:14+00:00\",\"dateModified\":\"2023-05-11T15:49:44+00:00\",\"mainEntityOfPage\":{\"@id\":\"https:\\\/\\\/digidem-bayern.de\\\/streben-nach-gerechteren-massnahmen\\\/\"},\"wordCount\":545,\"commentCount\":0,\"publisher\":{\"@id\":\"\\\/#organization\"},\"image\":{\"@id\":\"https:\\\/\\\/digidem-bayern.de\\\/streben-nach-gerechteren-massnahmen\\\/#primaryimage\"},\"thumbnailUrl\":\"https:\\\/\\\/digidem-bayern.de\\\/wp-content\\\/uploads\\\/2023\\\/04\\\/Dorf-Deutschland-pexels-pixabay-280221.jpg\",\"keywords\":[\"Alzheimer\",\"Demenz\",\"Demenzdiagnose\",\"Demenzversorgung\",\"digidem\",\"digidem Bayern\",\"Digitales Demenzregister Bayern\",\"Ged\u00e4chtnis\",\"Krankheitssysmtome\",\"l\u00e4ndlich\",\"Qualit\u00e4t\",\"Stadt\",\"station\u00e4r\",\"Sterblichkeitsrate\"],\"articleSection\":[\"Wissenschaft &amp; Forschung\"],\"inLanguage\":\"en-US\",\"potentialAction\":[{\"@type\":\"CommentAction\",\"name\":\"Comment\",\"target\":[\"https:\\\/\\\/digidem-bayern.de\\\/streben-nach-gerechteren-massnahmen\\\/#respond\"]}]},{\"@type\":\"WebPage\",\"@id\":\"https:\\\/\\\/digidem-bayern.de\\\/streben-nach-gerechteren-massnahmen\\\/\",\"url\":\"https:\\\/\\\/digidem-bayern.de\\\/streben-nach-gerechteren-massnahmen\\\/\",\"name\":\"\u201eStreben nach gerechteren Ma\u00dfnahmen\u201c - digiDEM Bayern\",\"isPartOf\":{\"@id\":\"\\\/#website\"},\"primaryImageOfPage\":{\"@id\":\"https:\\\/\\\/digidem-bayern.de\\\/streben-nach-gerechteren-massnahmen\\\/#primaryimage\"},\"image\":{\"@id\":\"https:\\\/\\\/digidem-bayern.de\\\/streben-nach-gerechteren-massnahmen\\\/#primaryimage\"},\"thumbnailUrl\":\"https:\\\/\\\/digidem-bayern.de\\\/wp-content\\\/uploads\\\/2023\\\/04\\\/Dorf-Deutschland-pexels-pixabay-280221.jpg\",\"datePublished\":\"2023-04-27T11:02:14+00:00\",\"dateModified\":\"2023-05-11T15:49:44+00:00\",\"description\":\"Der Bayerische Landesapothekerkammer unterst\u00fctzt digiDEM Bayern mit Hilfe des Netzwerks \\\"Demenzfreundliche Apotheken\\\".\",\"breadcrumb\":{\"@id\":\"https:\\\/\\\/digidem-bayern.de\\\/streben-nach-gerechteren-massnahmen\\\/#breadcrumb\"},\"inLanguage\":\"en-US\",\"potentialAction\":[{\"@type\":\"ReadAction\",\"target\":[\"https:\\\/\\\/digidem-bayern.de\\\/streben-nach-gerechteren-massnahmen\\\/\"]}]},{\"@type\":\"ImageObject\",\"inLanguage\":\"en-US\",\"@id\":\"https:\\\/\\\/digidem-bayern.de\\\/streben-nach-gerechteren-massnahmen\\\/#primaryimage\",\"url\":\"https:\\\/\\\/digidem-bayern.de\\\/wp-content\\\/uploads\\\/2023\\\/04\\\/Dorf-Deutschland-pexels-pixabay-280221.jpg\",\"contentUrl\":\"https:\\\/\\\/digidem-bayern.de\\\/wp-content\\\/uploads\\\/2023\\\/04\\\/Dorf-Deutschland-pexels-pixabay-280221.jpg\",\"width\":1600,\"height\":1067,\"caption\":\"Foto: Pexels\"},{\"@type\":\"BreadcrumbList\",\"@id\":\"https:\\\/\\\/digidem-bayern.de\\\/streben-nach-gerechteren-massnahmen\\\/#breadcrumb\",\"itemListElement\":[{\"@type\":\"ListItem\",\"position\":1,\"name\":\"Startseite\",\"item\":\"https:\\\/\\\/digidem-bayern.de\\\/\"},{\"@type\":\"ListItem\",\"position\":2,\"name\":\"\u201eStreben nach gerechteren Ma\u00dfnahmen\u201c\"}]},{\"@type\":\"WebSite\",\"@id\":\"\\\/#website\",\"url\":\"\\\/\",\"name\":\"digiDEM Bayern\",\"description\":\"Das digitale Demenzregister Bayern erforscht und verbessert die Angebotsstuktur f\u00fcr Menschen mit Demenz und deren Angeh\u00f6rige\",\"publisher\":{\"@id\":\"\\\/#organization\"},\"potentialAction\":[{\"@type\":\"SearchAction\",\"target\":{\"@type\":\"EntryPoint\",\"urlTemplate\":\"\\\/?s={search_term_string}\"},\"query-input\":{\"@type\":\"PropertyValueSpecification\",\"valueRequired\":true,\"valueName\":\"search_term_string\"}}],\"inLanguage\":\"en-US\"},{\"@type\":\"Organization\",\"@id\":\"\\\/#organization\",\"name\":\"digiDEM Bayern\",\"url\":\"\\\/\",\"logo\":{\"@type\":\"ImageObject\",\"inLanguage\":\"en-US\",\"@id\":\"\\\/#\\\/schema\\\/logo\\\/image\\\/\",\"url\":\"https:\\\/\\\/digidem-bayern.de\\\/wp-content\\\/uploads\\\/2022\\\/03\\\/cropped-Allgemeines_digiDEMLOGO-removebg-preview.png\",\"contentUrl\":\"https:\\\/\\\/digidem-bayern.de\\\/wp-content\\\/uploads\\\/2022\\\/03\\\/cropped-Allgemeines_digiDEMLOGO-removebg-preview.png\",\"width\":612,\"height\":357,\"caption\":\"digiDEM Bayern\"},\"image\":{\"@id\":\"\\\/#\\\/schema\\\/logo\\\/image\\\/\"},\"sameAs\":[\"https:\\\/\\\/www.facebook.com\\\/digiDEMBayern\\\/\",\"https:\\\/\\\/x.com\\\/digidem_bayern\",\"https:\\\/\\\/www.instagram.com\\\/digidem.bayern\",\"https:\\\/\\\/www.linkedin.com\\\/company\\\/digidem-bayern\\\/\"]},{\"@type\":\"Person\",\"@id\":\"\\\/#\\\/schema\\\/person\\\/0bc1494f46fc2a051c761322a80e0941\",\"name\":\"Ilona H\u00f6rath\",\"url\":\"https:\\\/\\\/digidem-bayern.de\\\/en\\\/author\\\/hoeratia\\\/\"}]}<\/script>\n<!-- \/ Yoast SEO plugin. -->","yoast_head_json":{"title":"\u201eStreben nach gerechteren Ma\u00dfnahmen\u201c - digiDEM Bayern","description":"Der Bayerische Landesapothekerkammer unterst\u00fctzt digiDEM Bayern mit Hilfe des Netzwerks \"Demenzfreundliche Apotheken\".","robots":{"index":"index","follow":"follow","max-snippet":"max-snippet:-1","max-image-preview":"max-image-preview:large","max-video-preview":"max-video-preview:-1"},"canonical":"https:\/\/digidem-bayern.de\/en\/streben-nach-gerechteren-massnahmen\/","og_locale":"en_US","og_type":"article","og_title":"\u201eStreben nach gerechteren Ma\u00dfnahmen\u201c - digiDEM Bayern","og_description":"Der Bayerische Landesapothekerkammer unterst\u00fctzt digiDEM Bayern mit Hilfe des Netzwerks \"Demenzfreundliche Apotheken\".","og_url":"https:\/\/digidem-bayern.de\/en\/streben-nach-gerechteren-massnahmen\/","og_site_name":"digiDEM Bayern","article_publisher":"https:\/\/www.facebook.com\/digiDEMBayern\/","article_published_time":"2023-04-27T11:02:14+00:00","article_modified_time":"2023-05-11T15:49:44+00:00","og_image":[{"width":1030,"height":687,"url":"https:\/\/digidem-bayern.de\/wp-content\/uploads\/2023\/04\/Dorf-Deutschland-pexels-pixabay-280221-1030x687.jpg","type":"image\/jpeg"}],"author":"Ilona H\u00f6rath","twitter_misc":{"Written by":"Ilona H\u00f6rath","Est. reading time":"2 minutes"},"schema":{"@context":"https:\/\/schema.org","@graph":[{"@type":"Article","@id":"https:\/\/digidem-bayern.de\/streben-nach-gerechteren-massnahmen\/#article","isPartOf":{"@id":"https:\/\/digidem-bayern.de\/streben-nach-gerechteren-massnahmen\/"},"author":{"name":"Ilona H\u00f6rath","@id":"\/#\/schema\/person\/0bc1494f46fc2a051c761322a80e0941"},"headline":"\u201eStreben nach gerechteren Ma\u00dfnahmen\u201c","datePublished":"2023-04-27T11:02:14+00:00","dateModified":"2023-05-11T15:49:44+00:00","mainEntityOfPage":{"@id":"https:\/\/digidem-bayern.de\/streben-nach-gerechteren-massnahmen\/"},"wordCount":545,"commentCount":0,"publisher":{"@id":"\/#organization"},"image":{"@id":"https:\/\/digidem-bayern.de\/streben-nach-gerechteren-massnahmen\/#primaryimage"},"thumbnailUrl":"https:\/\/digidem-bayern.de\/wp-content\/uploads\/2023\/04\/Dorf-Deutschland-pexels-pixabay-280221.jpg","keywords":["Alzheimer","Demenz","Demenzdiagnose","Demenzversorgung","digidem","digidem Bayern","Digitales Demenzregister Bayern","Ged\u00e4chtnis","Krankheitssysmtome","l\u00e4ndlich","Qualit\u00e4t","Stadt","station\u00e4r","Sterblichkeitsrate"],"articleSection":["Wissenschaft &amp; Forschung"],"inLanguage":"en-US","potentialAction":[{"@type":"CommentAction","name":"Comment","target":["https:\/\/digidem-bayern.de\/streben-nach-gerechteren-massnahmen\/#respond"]}]},{"@type":"WebPage","@id":"https:\/\/digidem-bayern.de\/streben-nach-gerechteren-massnahmen\/","url":"https:\/\/digidem-bayern.de\/streben-nach-gerechteren-massnahmen\/","name":"\u201eStreben nach gerechteren Ma\u00dfnahmen\u201c - digiDEM Bayern","isPartOf":{"@id":"\/#website"},"primaryImageOfPage":{"@id":"https:\/\/digidem-bayern.de\/streben-nach-gerechteren-massnahmen\/#primaryimage"},"image":{"@id":"https:\/\/digidem-bayern.de\/streben-nach-gerechteren-massnahmen\/#primaryimage"},"thumbnailUrl":"https:\/\/digidem-bayern.de\/wp-content\/uploads\/2023\/04\/Dorf-Deutschland-pexels-pixabay-280221.jpg","datePublished":"2023-04-27T11:02:14+00:00","dateModified":"2023-05-11T15:49:44+00:00","description":"Der Bayerische Landesapothekerkammer unterst\u00fctzt digiDEM Bayern mit Hilfe des Netzwerks \"Demenzfreundliche Apotheken\".","breadcrumb":{"@id":"https:\/\/digidem-bayern.de\/streben-nach-gerechteren-massnahmen\/#breadcrumb"},"inLanguage":"en-US","potentialAction":[{"@type":"ReadAction","target":["https:\/\/digidem-bayern.de\/streben-nach-gerechteren-massnahmen\/"]}]},{"@type":"ImageObject","inLanguage":"en-US","@id":"https:\/\/digidem-bayern.de\/streben-nach-gerechteren-massnahmen\/#primaryimage","url":"https:\/\/digidem-bayern.de\/wp-content\/uploads\/2023\/04\/Dorf-Deutschland-pexels-pixabay-280221.jpg","contentUrl":"https:\/\/digidem-bayern.de\/wp-content\/uploads\/2023\/04\/Dorf-Deutschland-pexels-pixabay-280221.jpg","width":1600,"height":1067,"caption":"Foto: Pexels"},{"@type":"BreadcrumbList","@id":"https:\/\/digidem-bayern.de\/streben-nach-gerechteren-massnahmen\/#breadcrumb","itemListElement":[{"@type":"ListItem","position":1,"name":"Startseite","item":"https:\/\/digidem-bayern.de\/"},{"@type":"ListItem","position":2,"name":"\u201eStreben nach gerechteren Ma\u00dfnahmen\u201c"}]},{"@type":"WebSite","@id":"\/#website","url":"\/","name":"digiDEM Bavaria","description":"The digital dementia register in Bavaria researches and improves the structure of services for people with dementia and their relatives","publisher":{"@id":"\/#organization"},"potentialAction":[{"@type":"SearchAction","target":{"@type":"EntryPoint","urlTemplate":"\/?s={search_term_string}"},"query-input":{"@type":"PropertyValueSpecification","valueRequired":true,"valueName":"search_term_string"}}],"inLanguage":"en-US"},{"@type":"Organization","@id":"\/#organization","name":"digiDEM Bavaria","url":"\/","logo":{"@type":"ImageObject","inLanguage":"en-US","@id":"\/#\/schema\/logo\/image\/","url":"https:\/\/digidem-bayern.de\/wp-content\/uploads\/2022\/03\/cropped-Allgemeines_digiDEMLOGO-removebg-preview.png","contentUrl":"https:\/\/digidem-bayern.de\/wp-content\/uploads\/2022\/03\/cropped-Allgemeines_digiDEMLOGO-removebg-preview.png","width":612,"height":357,"caption":"digiDEM Bayern"},"image":{"@id":"\/#\/schema\/logo\/image\/"},"sameAs":["https:\/\/www.facebook.com\/digiDEMBayern\/","https:\/\/x.com\/digidem_bayern","https:\/\/www.instagram.com\/digidem.bayern","https:\/\/www.linkedin.com\/company\/digidem-bayern\/"]},{"@type":"Person","@id":"\/#\/schema\/person\/0bc1494f46fc2a051c761322a80e0941","name":"Ilona H\u00f6rath","url":"https:\/\/digidem-bayern.de\/en\/author\/hoeratia\/"}]}},"uagb_featured_image_src":{"full":["https:\/\/digidem-bayern.de\/wp-content\/uploads\/2023\/04\/Dorf-Deutschland-pexels-pixabay-280221.jpg",1600,1067,false],"thumbnail":["https:\/\/digidem-bayern.de\/wp-content\/uploads\/2023\/04\/Dorf-Deutschland-pexels-pixabay-280221-80x80.jpg",80,80,true],"medium":["https:\/\/digidem-bayern.de\/wp-content\/uploads\/2023\/04\/Dorf-Deutschland-pexels-pixabay-280221-300x200.jpg",300,200,true],"medium_large":["https:\/\/digidem-bayern.de\/wp-content\/uploads\/2023\/04\/Dorf-Deutschland-pexels-pixabay-280221-768x512.jpg",768,512,true],"large":["https:\/\/digidem-bayern.de\/wp-content\/uploads\/2023\/04\/Dorf-Deutschland-pexels-pixabay-280221-1030x687.jpg",1030,687,true],"1536x1536":["https:\/\/digidem-bayern.de\/wp-content\/uploads\/2023\/04\/Dorf-Deutschland-pexels-pixabay-280221-1536x1024.jpg",1536,1024,true],"2048x2048":["https:\/\/digidem-bayern.de\/wp-content\/uploads\/2023\/04\/Dorf-Deutschland-pexels-pixabay-280221-2048x1365.jpg",2048,1365,true],"trp-custom-language-flag":["https:\/\/digidem-bayern.de\/wp-content\/uploads\/2023\/04\/Dorf-Deutschland-pexels-pixabay-280221.jpg",18,12,false],"qubely_landscape":["https:\/\/digidem-bayern.de\/wp-content\/uploads\/2023\/04\/Dorf-Deutschland-pexels-pixabay-280221-1200x750.jpg",1200,750,true],"qubely_portrait":["https:\/\/digidem-bayern.de\/wp-content\/uploads\/2023\/04\/Dorf-Deutschland-pexels-pixabay-280221-540x320.jpg",540,320,true],"qubely_thumbnail":["https:\/\/digidem-bayern.de\/wp-content\/uploads\/2023\/04\/Dorf-Deutschland-pexels-pixabay-280221-140x100.jpg",140,100,true],"post-thumbnail":["https:\/\/digidem-bayern.de\/wp-content\/uploads\/2023\/04\/Dorf-Deutschland-pexels-pixabay-280221-525x350.jpg",525,350,true],"kahuna-featured":["https:\/\/digidem-bayern.de\/wp-content\/uploads\/2023\/04\/Dorf-Deutschland-pexels-pixabay-280221-734x350.jpg",734,350,true],"kahuna-featured-lp":["https:\/\/digidem-bayern.de\/wp-content\/uploads\/2023\/04\/Dorf-Deutschland-pexels-pixabay-280221-520x350.jpg",520,350,true],"kahuna-featured-half":["https:\/\/digidem-bayern.de\/wp-content\/uploads\/2023\/04\/Dorf-Deutschland-pexels-pixabay-280221-800x350.jpg",800,350,true],"kahuna-featured-third":["https:\/\/digidem-bayern.de\/wp-content\/uploads\/2023\/04\/Dorf-Deutschland-pexels-pixabay-280221-512x350.jpg",512,350,true],"kahuna-lpbox-1":["https:\/\/digidem-bayern.de\/wp-content\/uploads\/2023\/04\/Dorf-Deutschland-pexels-pixabay-280221-520x300.jpg",520,300,true],"kahuna-lpbox-2":["https:\/\/digidem-bayern.de\/wp-content\/uploads\/2023\/04\/Dorf-Deutschland-pexels-pixabay-280221-520x350.jpg",520,350,true],"demand-language-flag":["https:\/\/digidem-bayern.de\/wp-content\/uploads\/2023\/04\/Dorf-Deutschland-pexels-pixabay-280221.jpg",36,24,false],"dddkt-language-flag":["https:\/\/digidem-bayern.de\/wp-content\/uploads\/2023\/04\/Dorf-Deutschland-pexels-pixabay-280221-36x36.jpg",36,36,true],"ddiqc-language-flag":["https:\/\/digidem-bayern.de\/wp-content\/uploads\/2023\/04\/Dorf-Deutschland-pexels-pixabay-280221-36x36.jpg",36,36,true],"ddtl-language-flag":["https:\/\/digidem-bayern.de\/wp-content\/uploads\/2023\/04\/Dorf-Deutschland-pexels-pixabay-280221-36x36.jpg",36,36,true],"mailpoet_newsletter_max":["https:\/\/digidem-bayern.de\/wp-content\/uploads\/2023\/04\/Dorf-Deutschland-pexels-pixabay-280221-1320x880.jpg",1320,880,true],"kahuna-lpbox-3":["https:\/\/digidem-bayern.de\/wp-content\/uploads\/2023\/04\/Dorf-Deutschland-pexels-pixabay-280221-520x350.jpg",520,350,true],"kahuna-featured-square":["https:\/\/digidem-bayern.de\/wp-content\/uploads\/2023\/04\/Dorf-Deutschland-pexels-pixabay-280221-512x512.jpg",512,512,true],"kahuna-featured-square-large":["https:\/\/digidem-bayern.de\/wp-content\/uploads\/2023\/04\/Dorf-Deutschland-pexels-pixabay-280221-1024x1024.jpg",1024,1024,true]},"uagb_author_info":{"display_name":"Ilona H\u00f6rath","author_link":"https:\/\/digidem-bayern.de\/en\/author\/hoeratia\/"},"uagb_comment_info":1,"uagb_excerpt":"Sterblichkeitsrate, Arztbesuche oder Krankenhausaufenthalte: Inwiefern spiegeln sich Unterschiede in der Qualit\u00e4t der Demenzversorgung auf dem Land und in der Stadt in der wissenschaftlichen Literatur wider? Forschende aus Kanada haben Unterschiede herausgefunden. Kanadische Forschende wollten es ganz genau wissen: Inwiefern spiegeln sich Unterschiede in der Qualit\u00e4t der Demenzversorgung auf dem Land &hellip;","_links":{"self":[{"href":"https:\/\/digidem-bayern.de\/en\/wp-json\/wp\/v2\/posts\/27483","targetHints":{"allow":["GET"]}}],"collection":[{"href":"https:\/\/digidem-bayern.de\/en\/wp-json\/wp\/v2\/posts"}],"about":[{"href":"https:\/\/digidem-bayern.de\/en\/wp-json\/wp\/v2\/types\/post"}],"author":[{"embeddable":true,"href":"https:\/\/digidem-bayern.de\/en\/wp-json\/wp\/v2\/users\/12"}],"replies":[{"embeddable":true,"href":"https:\/\/digidem-bayern.de\/en\/wp-json\/wp\/v2\/comments?post=27483"}],"version-history":[{"count":3,"href":"https:\/\/digidem-bayern.de\/en\/wp-json\/wp\/v2\/posts\/27483\/revisions"}],"predecessor-version":[{"id":27507,"href":"https:\/\/digidem-bayern.de\/en\/wp-json\/wp\/v2\/posts\/27483\/revisions\/27507"}],"wp:featuredmedia":[{"embeddable":true,"href":"https:\/\/digidem-bayern.de\/en\/wp-json\/wp\/v2\/media\/27499"}],"wp:attachment":[{"href":"https:\/\/digidem-bayern.de\/en\/wp-json\/wp\/v2\/media?parent=27483"}],"wp:term":[{"taxonomy":"category","embeddable":true,"href":"https:\/\/digidem-bayern.de\/en\/wp-json\/wp\/v2\/categories?post=27483"},{"taxonomy":"post_tag","embeddable":true,"href":"https:\/\/digidem-bayern.de\/en\/wp-json\/wp\/v2\/tags?post=27483"}],"curies":[{"name":"wp","href":"https:\/\/api.w.org\/{rel}","templated":true}]}}