{"id":27479,"date":"2023-04-27T13:04:02","date_gmt":"2023-04-27T11:04:02","guid":{"rendered":"https:\/\/digidem-bayern.de\/?p=27479"},"modified":"2023-05-11T17:48:23","modified_gmt":"2023-05-11T15:48:23","slug":"palliativpflege-fehlanzeige","status":"publish","type":"post","link":"https:\/\/digidem-bayern.de\/en\/palliativpflege-fehlanzeige\/","title":{"rendered":"Palliativpflege Fehlanzeige?"},"content":{"rendered":"<p><strong>Insbesondere im l\u00e4ndlichen Raum ist die Palliativ- und Hospizversorgung von Menschen mit Demenz ein wichtiges Thema. Denn es mangelt sowohl an Hospizen als auch an Demenz-Wissen, fanden kanadische Wissenschaftler*innen heraus.<\/strong><\/p>\n\n\n\n<p>Dass es in l\u00e4ndlichen Gebieten oft an leicht zug\u00e4nglichen Gesundheitsdienstleistungen mangelt, ist seit vielen Jahren bekannt. Was aber nur wenige wissen: Speziell f\u00fcr Menschen mit Demenz stehen zu wenig Angebote f\u00fcr Palliativpflege, die Pflege im Endstadium der Erkrankung sowie Sterbebegleitung zur Verf\u00fcgung. Die Medaille hat auch eine andere Seite, wenn die Demenz bereits fortgeschritten ist. Angebote f\u00fcr eine Hospizversorgung werden, wenn sie \u00fcberhaupt vorhanden sind, auf dem Land am wenigsten in Anspruch genommen.<\/p>\n\n\n\n<p>Dies ist eines der Ergebnisse, zu denen kanadische Forscher*innen kamen. In ihrer \u00dcbersichtsarbeit haben sie 24 internationale Arbeiten ausgewertet, darunter zum Beispiel Studien, Kurztexte f\u00fcr Konferenzen und Medienver\u00f6ffentlichungen. Ihr Ziel: die wissenschaftliche Literatur \u00fcber Erfahrungen, Bed\u00fcrfnisse und Defizite der demenzbezogenen Palliativ- und Sterbebegleitung in l\u00e4ndlichen Gebieten zusammenzufassen und Forschungsl\u00fccken aufzudecken.<\/p>\n\n\n<div class=\"wp-block-image\">\n<figure class=\"alignright size-full is-resized\"><img loading=\"lazy\" decoding=\"async\" src=\"https:\/\/digidem-bayern.de\/wp-content\/uploads\/2023\/04\/Palliativ-shutterstock_2159965977.jpg\" alt=\"Das Bildungsniveau der professionellen Pflegekr\u00e4fte im Allgemeinen war niedriger, wenn sie in der Palliativpflege t\u00e4tig waren, als wenn sie mit Screening, Diagnostik und Behandlung zu tun hatten.\" class=\"wp-image-27500\" width=\"450\" height=\"299\" srcset=\"https:\/\/digidem-bayern.de\/wp-content\/uploads\/2023\/04\/Palliativ-shutterstock_2159965977.jpg 1000w, https:\/\/digidem-bayern.de\/wp-content\/uploads\/2023\/04\/Palliativ-shutterstock_2159965977-300x200.jpg 300w, https:\/\/digidem-bayern.de\/wp-content\/uploads\/2023\/04\/Palliativ-shutterstock_2159965977-768x511.jpg 768w, https:\/\/digidem-bayern.de\/wp-content\/uploads\/2023\/04\/Palliativ-shutterstock_2159965977-526x350.jpg 526w\" sizes=\"auto, (max-width: 450px) 100vw, 450px\" \/><figcaption class=\"wp-element-caption\">Foto: Shutterstock<\/figcaption><\/figure>\n<\/div>\n\n\n<p><strong><strong>Gro\u00dfe Forschungsl\u00fccke<\/strong><\/strong><\/p>\n\n\n\n<p>Die Forschungsl\u00fccke ist dabei gro\u00df. Weltweit befassen sich nur wenige Forschungsarbeiten mit Palliativ- und Sterbebegleitung von Menschen mit Demenz im l\u00e4ndlichen Raum. Die meisten der untersuchten Studien stammen aus den USA \u2013 obwohl fast die H\u00e4lfte der Weltbev\u00f6lkerung in l\u00e4ndlichen oder abgelegenen Gebieten lebt. \u201eDie Verf\u00fcgbarkeit von und der Zugang zu medizinischer Versorgung in l\u00e4ndlichen Gebieten in L\u00e4ndern mit niedrigem und mittlerem Einkommen unterscheidet sich erheblich von derjenigen in h\u00f6her entwickelten L\u00e4ndern\u201c, schreiben die Autor*innen.<\/p>\n\n\n\n<p><strong>Demenz-Wissen vertiefen<\/strong><\/p>\n\n\n\n<p>Dennoch: Als eines der Schl\u00fcsselthemen der vorliegenden Literatur haben die Wissenschaftler*innen unter anderem das Thema Demenz-Wissen identifiziert und wie bedeutsam es ist, dieses Wissen zu erweitern.&nbsp;Professionelle Pflegekr\u00e4fte mit speziellen Kenntnissen \u00fcber Demenz waren den Berichten zufolge selten.&nbsp;Das Bildungsniveau der professionellen Pflegekr\u00e4fte im Allgemeinen war niedriger, wenn sie in der Palliativpflege t\u00e4tig waren, als wenn sie mit Screening, Diagnostik und Behandlung zu tun hatten. Sowohl bei den Leistungserbringern im Gesundheitswesen, den Menschen mit Demenz, als auch ihren Familien sei es n\u00f6tig, das Demenz-Wissen zu vertiefen, besonders \u00fcber das fortgeschrittene und das Endstadium der Krankheit.<\/p>\n\n\n\n<p><strong>Informieren und entscheiden<\/strong><\/p>\n\n\n\n<p>Aus Sicht der Forscher*innen sei es zudem wichtig, fr\u00fchzeitige Gespr\u00e4che \u00fcber die M\u00f6glichkeiten der Palliativ- und Endstadiumspflege zu f\u00fchren, um den Pflegenden einen Entscheidungsfindung zu erm\u00f6glichen. Ein wichtiges Hilfsinstrument, \u00fcber Pflege am Lebensende von \u00e4lteren Erwachsenen im l\u00e4ndlichen Raum zu entscheiden, sind Videos. In einer Studie w\u00e4hlten diejenigen Teilnehmenden, die ein Video zur Entscheidungshilfe sahen, mit h\u00f6herer Wahrscheinlichkeit die Komfortversorgung und damit eine Symptomlinderung bei Menschen mit Demenz.<\/p>\n\n\n\n<p><strong>Tipp f\u00fcr die Praxis:<\/strong> Wenn Sie oder eine Ihnen nahestehende Person von einer unheilbar schweren Erkrankung betroffen sind, informieren Sie sich \u00fcber die palliativen Angebote vor Ort. <a href=\"https:\/\/www.stmgp.bayern.de\/gesundheitsversorgung\/sterbebegleitung\/palliativversorgung\/\">Eine \u00dcbersicht \u00fcber die verschiedenen palliativen Angebote finden Sie hier.<\/a><\/p>\n\n\n\n<p><a href=\"https:\/\/digidem-bayern.de\/en\/digitales-angebot-digidem-wissenstest-alzheimer-demenz\/\">Hier geht&#8217;s zum digiDEM-Wissenstest Demenz.<\/a><\/p>\n\n\n\n<p>Hier geht\u2019s zur Studie: <a href=\"https:\/\/journals.plos.org\/plosone\/article?id=10.1371\/journal.pone.0244976\">Palliative and end-of-life care for people living with dementia in rural areas: A scoping review<\/a><\/p>\n\n\n\n<p><\/p>\n\n\n\n<p><\/p>\n\n\n\n<p><\/p>\n\n\n\n<p><\/p>\n\n\n\n<p><\/p>\n\n\n\n<p style=\"font-size:20px\"><\/p>\n\n\n\n<div style=\"height:20px\" aria-hidden=\"true\" class=\"wp-block-spacer\"><\/div>\n\n\n\n<div style=\"height:20px\" aria-hidden=\"true\" class=\"wp-block-spacer\"><\/div>","protected":false},"excerpt":{"rendered":"<p>Insbesondere im l\u00e4ndlichen Raum ist die Palliativ- und Hospizversorgung von Menschen mit Demenz ein wichtiges Thema. Denn es mangelt sowohl an Hospizen als auch an Demenz-Wissen, fanden kanadische Wissenschaftler*innen heraus. Dass es in l\u00e4ndlichen Gebieten oft an leicht zug\u00e4nglichen Gesundheitsdienstleistungen mangelt, ist seit vielen Jahren bekannt. Was aber nur wenige &hellip;<\/p>","protected":false},"author":12,"featured_media":27500,"comment_status":"open","ping_status":"closed","sticky":false,"template":"","format":"standard","meta":{"qubely_global_settings":"","qubely_interactions":"","_uag_custom_page_level_css":"","footnotes":""},"categories":[5],"tags":[13,12,14,17,55,709,708,176,607,710,531],"class_list":["post-27479","post","type-post","status-publish","format-standard","has-post-thumbnail","hentry","category-wissenschaft-forschung","tag-alzheimer","tag-demenz-2","tag-digidem","tag-digidem-bayern","tag-digitales-demenzregister-bayern","tag-hospiz","tag-palliativpfkege","tag-pflegekraefte","tag-pflegende","tag-sterbebegleitung","tag-stmgp"],"qubely_featured_image_url":{"full":["https:\/\/digidem-bayern.de\/wp-content\/uploads\/2023\/04\/Palliativ-shutterstock_2159965977.jpg",1000,666,false],"landscape":["https:\/\/digidem-bayern.de\/wp-content\/uploads\/2023\/04\/Palliativ-shutterstock_2159965977.jpg",1000,666,false],"portraits":["https:\/\/digidem-bayern.de\/wp-content\/uploads\/2023\/04\/Palliativ-shutterstock_2159965977-540x320.jpg",540,320,true],"thumbnail":["https:\/\/digidem-bayern.de\/wp-content\/uploads\/2023\/04\/Palliativ-shutterstock_2159965977-80x80.jpg",80,80,true],"medium":["https:\/\/digidem-bayern.de\/wp-content\/uploads\/2023\/04\/Palliativ-shutterstock_2159965977-300x200.jpg",300,200,true],"medium_large":["https:\/\/digidem-bayern.de\/wp-content\/uploads\/2023\/04\/Palliativ-shutterstock_2159965977-768x511.jpg",768,511,true],"large":["https:\/\/digidem-bayern.de\/wp-content\/uploads\/2023\/04\/Palliativ-shutterstock_2159965977.jpg",1000,666,false],"1536x1536":["https:\/\/digidem-bayern.de\/wp-content\/uploads\/2023\/04\/Palliativ-shutterstock_2159965977.jpg",1000,666,false],"2048x2048":["https:\/\/digidem-bayern.de\/wp-content\/uploads\/2023\/04\/Palliativ-shutterstock_2159965977.jpg",1000,666,false],"trp-custom-language-flag":["https:\/\/digidem-bayern.de\/wp-content\/uploads\/2023\/04\/Palliativ-shutterstock_2159965977.jpg",18,12,false],"qubely_landscape":["https:\/\/digidem-bayern.de\/wp-content\/uploads\/2023\/04\/Palliativ-shutterstock_2159965977.jpg",1000,666,false],"qubely_portrait":["https:\/\/digidem-bayern.de\/wp-content\/uploads\/2023\/04\/Palliativ-shutterstock_2159965977-540x320.jpg",540,320,true],"qubely_thumbnail":["https:\/\/digidem-bayern.de\/wp-content\/uploads\/2023\/04\/Palliativ-shutterstock_2159965977-140x100.jpg",140,100,true],"post-thumbnail":["https:\/\/digidem-bayern.de\/wp-content\/uploads\/2023\/04\/Palliativ-shutterstock_2159965977-526x350.jpg",526,350,true],"kahuna-featured":["https:\/\/digidem-bayern.de\/wp-content\/uploads\/2023\/04\/Palliativ-shutterstock_2159965977-734x350.jpg",734,350,true],"kahuna-featured-lp":["https:\/\/digidem-bayern.de\/wp-content\/uploads\/2023\/04\/Palliativ-shutterstock_2159965977-520x350.jpg",520,350,true],"kahuna-featured-half":["https:\/\/digidem-bayern.de\/wp-content\/uploads\/2023\/04\/Palliativ-shutterstock_2159965977-800x350.jpg",800,350,true],"kahuna-featured-third":["https:\/\/digidem-bayern.de\/wp-content\/uploads\/2023\/04\/Palliativ-shutterstock_2159965977-512x350.jpg",512,350,true],"kahuna-lpbox-1":["https:\/\/digidem-bayern.de\/wp-content\/uploads\/2023\/04\/Palliativ-shutterstock_2159965977-520x300.jpg",520,300,true],"kahuna-lpbox-2":["https:\/\/digidem-bayern.de\/wp-content\/uploads\/2023\/04\/Palliativ-shutterstock_2159965977-520x350.jpg",520,350,true],"demand-language-flag":["https:\/\/digidem-bayern.de\/wp-content\/uploads\/2023\/04\/Palliativ-shutterstock_2159965977.jpg",36,24,false],"dddkt-language-flag":["https:\/\/digidem-bayern.de\/wp-content\/uploads\/2023\/04\/Palliativ-shutterstock_2159965977-36x36.jpg",36,36,true],"ddiqc-language-flag":["https:\/\/digidem-bayern.de\/wp-content\/uploads\/2023\/04\/Palliativ-shutterstock_2159965977-36x36.jpg",36,36,true],"ddtl-language-flag":["https:\/\/digidem-bayern.de\/wp-content\/uploads\/2023\/04\/Palliativ-shutterstock_2159965977-36x36.jpg",36,36,true],"mailpoet_newsletter_max":["https:\/\/digidem-bayern.de\/wp-content\/uploads\/2023\/04\/Palliativ-shutterstock_2159965977.jpg",1000,666,false],"kahuna-lpbox-3":["https:\/\/digidem-bayern.de\/wp-content\/uploads\/2023\/04\/Palliativ-shutterstock_2159965977-520x350.jpg",520,350,true],"kahuna-featured-square":["https:\/\/digidem-bayern.de\/wp-content\/uploads\/2023\/04\/Palliativ-shutterstock_2159965977-512x512.jpg",512,512,true],"kahuna-featured-square-large":["https:\/\/digidem-bayern.de\/wp-content\/uploads\/2023\/04\/Palliativ-shutterstock_2159965977.jpg",1000,666,false]},"qubely_author":{"display_name":"Ilona H\u00f6rath","author_link":"https:\/\/digidem-bayern.de\/en\/author\/hoeratia\/"},"qubely_comment":0,"qubely_category":"<a href=\"https:\/\/digidem-bayern.de\/en\/category\/wissenschaft-forschung\/\" rel=\"category tag\">Wissenschaft &amp; Forschung<\/a>","qubely_excerpt":"Insbesondere im l\u00e4ndlichen Raum ist die Palliativ- und Hospizversorgung von Menschen mit Demenz ein wichtiges Thema. Denn es mangelt sowohl an Hospizen als auch an Demenz-Wissen, fanden kanadische Wissenschaftler*innen heraus. Dass es in l\u00e4ndlichen Gebieten oft an leicht zug\u00e4nglichen Gesundheitsdienstleistungen mangelt, ist seit vielen Jahren bekannt. Was aber nur wenige &hellip;","featured_image_urls_v2":{"full":["https:\/\/digidem-bayern.de\/wp-content\/uploads\/2023\/04\/Palliativ-shutterstock_2159965977.jpg",1000,666,false],"thumbnail":["https:\/\/digidem-bayern.de\/wp-content\/uploads\/2023\/04\/Palliativ-shutterstock_2159965977-80x80.jpg",80,80,true],"medium":["https:\/\/digidem-bayern.de\/wp-content\/uploads\/2023\/04\/Palliativ-shutterstock_2159965977-300x200.jpg",300,200,true],"medium_large":["https:\/\/digidem-bayern.de\/wp-content\/uploads\/2023\/04\/Palliativ-shutterstock_2159965977-768x511.jpg",768,511,true],"large":["https:\/\/digidem-bayern.de\/wp-content\/uploads\/2023\/04\/Palliativ-shutterstock_2159965977.jpg",1000,666,false],"1536x1536":["https:\/\/digidem-bayern.de\/wp-content\/uploads\/2023\/04\/Palliativ-shutterstock_2159965977.jpg",1000,666,false],"2048x2048":["https:\/\/digidem-bayern.de\/wp-content\/uploads\/2023\/04\/Palliativ-shutterstock_2159965977.jpg",1000,666,false],"trp-custom-language-flag":["https:\/\/digidem-bayern.de\/wp-content\/uploads\/2023\/04\/Palliativ-shutterstock_2159965977.jpg",18,12,false],"qubely_landscape":["https:\/\/digidem-bayern.de\/wp-content\/uploads\/2023\/04\/Palliativ-shutterstock_2159965977.jpg",1000,666,false],"qubely_portrait":["https:\/\/digidem-bayern.de\/wp-content\/uploads\/2023\/04\/Palliativ-shutterstock_2159965977-540x320.jpg",540,320,true],"qubely_thumbnail":["https:\/\/digidem-bayern.de\/wp-content\/uploads\/2023\/04\/Palliativ-shutterstock_2159965977-140x100.jpg",140,100,true],"post-thumbnail":["https:\/\/digidem-bayern.de\/wp-content\/uploads\/2023\/04\/Palliativ-shutterstock_2159965977-526x350.jpg",526,350,true],"kahuna-featured":["https:\/\/digidem-bayern.de\/wp-content\/uploads\/2023\/04\/Palliativ-shutterstock_2159965977-734x350.jpg",734,350,true],"kahuna-featured-lp":["https:\/\/digidem-bayern.de\/wp-content\/uploads\/2023\/04\/Palliativ-shutterstock_2159965977-520x350.jpg",520,350,true],"kahuna-featured-half":["https:\/\/digidem-bayern.de\/wp-content\/uploads\/2023\/04\/Palliativ-shutterstock_2159965977-800x350.jpg",800,350,true],"kahuna-featured-third":["https:\/\/digidem-bayern.de\/wp-content\/uploads\/2023\/04\/Palliativ-shutterstock_2159965977-512x350.jpg",512,350,true],"kahuna-lpbox-1":["https:\/\/digidem-bayern.de\/wp-content\/uploads\/2023\/04\/Palliativ-shutterstock_2159965977-520x300.jpg",520,300,true],"kahuna-lpbox-2":["https:\/\/digidem-bayern.de\/wp-content\/uploads\/2023\/04\/Palliativ-shutterstock_2159965977-520x350.jpg",520,350,true],"demand-language-flag":["https:\/\/digidem-bayern.de\/wp-content\/uploads\/2023\/04\/Palliativ-shutterstock_2159965977.jpg",36,24,false],"dddkt-language-flag":["https:\/\/digidem-bayern.de\/wp-content\/uploads\/2023\/04\/Palliativ-shutterstock_2159965977-36x36.jpg",36,36,true],"ddiqc-language-flag":["https:\/\/digidem-bayern.de\/wp-content\/uploads\/2023\/04\/Palliativ-shutterstock_2159965977-36x36.jpg",36,36,true],"ddtl-language-flag":["https:\/\/digidem-bayern.de\/wp-content\/uploads\/2023\/04\/Palliativ-shutterstock_2159965977-36x36.jpg",36,36,true],"mailpoet_newsletter_max":["https:\/\/digidem-bayern.de\/wp-content\/uploads\/2023\/04\/Palliativ-shutterstock_2159965977.jpg",1000,666,false],"kahuna-lpbox-3":["https:\/\/digidem-bayern.de\/wp-content\/uploads\/2023\/04\/Palliativ-shutterstock_2159965977-520x350.jpg",520,350,true],"kahuna-featured-square":["https:\/\/digidem-bayern.de\/wp-content\/uploads\/2023\/04\/Palliativ-shutterstock_2159965977-512x512.jpg",512,512,true],"kahuna-featured-square-large":["https:\/\/digidem-bayern.de\/wp-content\/uploads\/2023\/04\/Palliativ-shutterstock_2159965977.jpg",1000,666,false]},"post_excerpt_stackable_v2":"<p>Insbesondere im l\u00e4ndlichen Raum ist die Palliativ- und Hospizversorgung von Menschen mit Demenz ein wichtiges Thema. Denn es mangelt sowohl an Hospizen als auch an Demenz-Wissen, fanden kanadische Wissenschaftler*innen heraus. Dass es in l\u00e4ndlichen Gebieten oft an leicht zug\u00e4nglichen Gesundheitsdienstleistungen mangelt, ist seit vielen Jahren bekannt. Was aber nur wenige wissen: Speziell f\u00fcr Menschen mit Demenz stehen zu wenig Angebote f\u00fcr Palliativpflege, die Pflege im Endstadium der Erkrankung sowie Sterbebegleitung zur Verf\u00fcgung. Die Medaille hat auch eine andere Seite, wenn die Demenz bereits fortgeschritten ist. Angebote f\u00fcr eine Hospizversorgung werden, wenn sie \u00fcberhaupt vorhanden sind, auf dem Land am wenigsten&hellip;<\/p>\n","category_list_v2":"<a href=\"https:\/\/digidem-bayern.de\/en\/category\/wissenschaft-forschung\/\" rel=\"category tag\">Wissenschaft &amp; Forschung<\/a>","author_info_v2":{"name":"Ilona H\u00f6rath","url":"https:\/\/digidem-bayern.de\/en\/author\/hoeratia\/"},"comments_num_v2":"0 comments","yoast_head":"<!-- This site is optimized with the Yoast SEO plugin v27.4 - https:\/\/yoast.com\/product\/yoast-seo-wordpress\/ -->\n<title>Palliativpflege Fehlanzeige? - digiDEM Bayern<\/title>\n<meta name=\"description\" content=\"Der Bayerische Landesapothekerkammer unterst\u00fctzt digiDEM Bayern mit Hilfe des Netzwerks &quot;Demenzfreundliche Apotheken&quot;.\" \/>\n<meta name=\"robots\" content=\"index, follow, max-snippet:-1, max-image-preview:large, max-video-preview:-1\" \/>\n<link rel=\"canonical\" href=\"https:\/\/digidem-bayern.de\/en\/palliativpflege-fehlanzeige\/\" \/>\n<meta property=\"og:locale\" content=\"en_US\" \/>\n<meta property=\"og:type\" content=\"article\" \/>\n<meta property=\"og:title\" content=\"Palliativpflege Fehlanzeige? - digiDEM Bayern\" \/>\n<meta property=\"og:description\" content=\"Der Bayerische Landesapothekerkammer unterst\u00fctzt digiDEM Bayern mit Hilfe des Netzwerks &quot;Demenzfreundliche Apotheken&quot;.\" \/>\n<meta property=\"og:url\" content=\"https:\/\/digidem-bayern.de\/en\/palliativpflege-fehlanzeige\/\" \/>\n<meta property=\"og:site_name\" content=\"digiDEM Bayern\" \/>\n<meta property=\"article:publisher\" content=\"https:\/\/www.facebook.com\/digiDEMBayern\/\" \/>\n<meta property=\"article:published_time\" content=\"2023-04-27T11:04:02+00:00\" \/>\n<meta property=\"article:modified_time\" content=\"2023-05-11T15:48:23+00:00\" \/>\n<meta property=\"og:image\" content=\"https:\/\/digidem-bayern.de\/wp-content\/uploads\/2023\/04\/Palliativ-shutterstock_2159965977.jpg\" \/>\n\t<meta property=\"og:image:width\" content=\"1000\" \/>\n\t<meta property=\"og:image:height\" content=\"666\" \/>\n\t<meta property=\"og:image:type\" content=\"image\/jpeg\" \/>\n<meta name=\"author\" content=\"Ilona H\u00f6rath\" \/>\n<meta name=\"twitter:label1\" content=\"Written by\" \/>\n\t<meta name=\"twitter:data1\" content=\"Ilona H\u00f6rath\" \/>\n\t<meta name=\"twitter:label2\" content=\"Est. reading time\" \/>\n\t<meta name=\"twitter:data2\" content=\"2 minutes\" \/>\n<script type=\"application\/ld+json\" class=\"yoast-schema-graph\">{\"@context\":\"https:\\\/\\\/schema.org\",\"@graph\":[{\"@type\":\"Article\",\"@id\":\"https:\\\/\\\/digidem-bayern.de\\\/palliativpflege-fehlanzeige\\\/#article\",\"isPartOf\":{\"@id\":\"https:\\\/\\\/digidem-bayern.de\\\/palliativpflege-fehlanzeige\\\/\"},\"author\":{\"name\":\"Ilona H\u00f6rath\",\"@id\":\"\\\/#\\\/schema\\\/person\\\/0bc1494f46fc2a051c761322a80e0941\"},\"headline\":\"Palliativpflege Fehlanzeige?\",\"datePublished\":\"2023-04-27T11:04:02+00:00\",\"dateModified\":\"2023-05-11T15:48:23+00:00\",\"mainEntityOfPage\":{\"@id\":\"https:\\\/\\\/digidem-bayern.de\\\/palliativpflege-fehlanzeige\\\/\"},\"wordCount\":508,\"commentCount\":0,\"publisher\":{\"@id\":\"\\\/#organization\"},\"image\":{\"@id\":\"https:\\\/\\\/digidem-bayern.de\\\/palliativpflege-fehlanzeige\\\/#primaryimage\"},\"thumbnailUrl\":\"https:\\\/\\\/digidem-bayern.de\\\/wp-content\\\/uploads\\\/2023\\\/04\\\/Palliativ-shutterstock_2159965977.jpg\",\"keywords\":[\"Alzheimer\",\"Demenz\",\"digidem\",\"digidem Bayern\",\"Digitales Demenzregister Bayern\",\"Hospiz\",\"Palliativpfkege\",\"Pflegekr\u00e4fte\",\"Pflegende\",\"Sterbebegleitung\",\"StMGP\"],\"articleSection\":[\"Wissenschaft &amp; Forschung\"],\"inLanguage\":\"en-US\",\"potentialAction\":[{\"@type\":\"CommentAction\",\"name\":\"Comment\",\"target\":[\"https:\\\/\\\/digidem-bayern.de\\\/palliativpflege-fehlanzeige\\\/#respond\"]}]},{\"@type\":\"WebPage\",\"@id\":\"https:\\\/\\\/digidem-bayern.de\\\/palliativpflege-fehlanzeige\\\/\",\"url\":\"https:\\\/\\\/digidem-bayern.de\\\/palliativpflege-fehlanzeige\\\/\",\"name\":\"Palliativpflege Fehlanzeige? - digiDEM Bayern\",\"isPartOf\":{\"@id\":\"\\\/#website\"},\"primaryImageOfPage\":{\"@id\":\"https:\\\/\\\/digidem-bayern.de\\\/palliativpflege-fehlanzeige\\\/#primaryimage\"},\"image\":{\"@id\":\"https:\\\/\\\/digidem-bayern.de\\\/palliativpflege-fehlanzeige\\\/#primaryimage\"},\"thumbnailUrl\":\"https:\\\/\\\/digidem-bayern.de\\\/wp-content\\\/uploads\\\/2023\\\/04\\\/Palliativ-shutterstock_2159965977.jpg\",\"datePublished\":\"2023-04-27T11:04:02+00:00\",\"dateModified\":\"2023-05-11T15:48:23+00:00\",\"description\":\"Der Bayerische Landesapothekerkammer unterst\u00fctzt digiDEM Bayern mit Hilfe des Netzwerks \\\"Demenzfreundliche Apotheken\\\".\",\"breadcrumb\":{\"@id\":\"https:\\\/\\\/digidem-bayern.de\\\/palliativpflege-fehlanzeige\\\/#breadcrumb\"},\"inLanguage\":\"en-US\",\"potentialAction\":[{\"@type\":\"ReadAction\",\"target\":[\"https:\\\/\\\/digidem-bayern.de\\\/palliativpflege-fehlanzeige\\\/\"]}]},{\"@type\":\"ImageObject\",\"inLanguage\":\"en-US\",\"@id\":\"https:\\\/\\\/digidem-bayern.de\\\/palliativpflege-fehlanzeige\\\/#primaryimage\",\"url\":\"https:\\\/\\\/digidem-bayern.de\\\/wp-content\\\/uploads\\\/2023\\\/04\\\/Palliativ-shutterstock_2159965977.jpg\",\"contentUrl\":\"https:\\\/\\\/digidem-bayern.de\\\/wp-content\\\/uploads\\\/2023\\\/04\\\/Palliativ-shutterstock_2159965977.jpg\",\"width\":1000,\"height\":666,\"caption\":\"Foto: Shutterstock\"},{\"@type\":\"BreadcrumbList\",\"@id\":\"https:\\\/\\\/digidem-bayern.de\\\/palliativpflege-fehlanzeige\\\/#breadcrumb\",\"itemListElement\":[{\"@type\":\"ListItem\",\"position\":1,\"name\":\"Startseite\",\"item\":\"https:\\\/\\\/digidem-bayern.de\\\/\"},{\"@type\":\"ListItem\",\"position\":2,\"name\":\"Palliativpflege Fehlanzeige?\"}]},{\"@type\":\"WebSite\",\"@id\":\"\\\/#website\",\"url\":\"\\\/\",\"name\":\"digiDEM Bayern\",\"description\":\"Das digitale Demenzregister Bayern erforscht und verbessert die Angebotsstuktur f\u00fcr Menschen mit Demenz und deren Angeh\u00f6rige\",\"publisher\":{\"@id\":\"\\\/#organization\"},\"potentialAction\":[{\"@type\":\"SearchAction\",\"target\":{\"@type\":\"EntryPoint\",\"urlTemplate\":\"\\\/?s={search_term_string}\"},\"query-input\":{\"@type\":\"PropertyValueSpecification\",\"valueRequired\":true,\"valueName\":\"search_term_string\"}}],\"inLanguage\":\"en-US\"},{\"@type\":\"Organization\",\"@id\":\"\\\/#organization\",\"name\":\"digiDEM Bayern\",\"url\":\"\\\/\",\"logo\":{\"@type\":\"ImageObject\",\"inLanguage\":\"en-US\",\"@id\":\"\\\/#\\\/schema\\\/logo\\\/image\\\/\",\"url\":\"https:\\\/\\\/digidem-bayern.de\\\/wp-content\\\/uploads\\\/2022\\\/03\\\/cropped-Allgemeines_digiDEMLOGO-removebg-preview.png\",\"contentUrl\":\"https:\\\/\\\/digidem-bayern.de\\\/wp-content\\\/uploads\\\/2022\\\/03\\\/cropped-Allgemeines_digiDEMLOGO-removebg-preview.png\",\"width\":612,\"height\":357,\"caption\":\"digiDEM Bayern\"},\"image\":{\"@id\":\"\\\/#\\\/schema\\\/logo\\\/image\\\/\"},\"sameAs\":[\"https:\\\/\\\/www.facebook.com\\\/digiDEMBayern\\\/\",\"https:\\\/\\\/x.com\\\/digidem_bayern\",\"https:\\\/\\\/www.instagram.com\\\/digidem.bayern\",\"https:\\\/\\\/www.linkedin.com\\\/company\\\/digidem-bayern\\\/\"]},{\"@type\":\"Person\",\"@id\":\"\\\/#\\\/schema\\\/person\\\/0bc1494f46fc2a051c761322a80e0941\",\"name\":\"Ilona H\u00f6rath\",\"url\":\"https:\\\/\\\/digidem-bayern.de\\\/en\\\/author\\\/hoeratia\\\/\"}]}<\/script>\n<!-- \/ Yoast SEO plugin. -->","yoast_head_json":{"title":"Palliativpflege Fehlanzeige? - digiDEM Bayern","description":"Der Bayerische Landesapothekerkammer unterst\u00fctzt digiDEM Bayern mit Hilfe des Netzwerks \"Demenzfreundliche Apotheken\".","robots":{"index":"index","follow":"follow","max-snippet":"max-snippet:-1","max-image-preview":"max-image-preview:large","max-video-preview":"max-video-preview:-1"},"canonical":"https:\/\/digidem-bayern.de\/en\/palliativpflege-fehlanzeige\/","og_locale":"en_US","og_type":"article","og_title":"Palliativpflege Fehlanzeige? - digiDEM Bayern","og_description":"Der Bayerische Landesapothekerkammer unterst\u00fctzt digiDEM Bayern mit Hilfe des Netzwerks \"Demenzfreundliche Apotheken\".","og_url":"https:\/\/digidem-bayern.de\/en\/palliativpflege-fehlanzeige\/","og_site_name":"digiDEM Bayern","article_publisher":"https:\/\/www.facebook.com\/digiDEMBayern\/","article_published_time":"2023-04-27T11:04:02+00:00","article_modified_time":"2023-05-11T15:48:23+00:00","og_image":[{"width":1000,"height":666,"url":"https:\/\/digidem-bayern.de\/wp-content\/uploads\/2023\/04\/Palliativ-shutterstock_2159965977.jpg","type":"image\/jpeg"}],"author":"Ilona H\u00f6rath","twitter_misc":{"Written by":"Ilona H\u00f6rath","Est. reading time":"2 minutes"},"schema":{"@context":"https:\/\/schema.org","@graph":[{"@type":"Article","@id":"https:\/\/digidem-bayern.de\/palliativpflege-fehlanzeige\/#article","isPartOf":{"@id":"https:\/\/digidem-bayern.de\/palliativpflege-fehlanzeige\/"},"author":{"name":"Ilona H\u00f6rath","@id":"\/#\/schema\/person\/0bc1494f46fc2a051c761322a80e0941"},"headline":"Palliativpflege Fehlanzeige?","datePublished":"2023-04-27T11:04:02+00:00","dateModified":"2023-05-11T15:48:23+00:00","mainEntityOfPage":{"@id":"https:\/\/digidem-bayern.de\/palliativpflege-fehlanzeige\/"},"wordCount":508,"commentCount":0,"publisher":{"@id":"\/#organization"},"image":{"@id":"https:\/\/digidem-bayern.de\/palliativpflege-fehlanzeige\/#primaryimage"},"thumbnailUrl":"https:\/\/digidem-bayern.de\/wp-content\/uploads\/2023\/04\/Palliativ-shutterstock_2159965977.jpg","keywords":["Alzheimer","Demenz","digidem","digidem Bayern","Digitales Demenzregister Bayern","Hospiz","Palliativpfkege","Pflegekr\u00e4fte","Pflegende","Sterbebegleitung","StMGP"],"articleSection":["Wissenschaft &amp; Forschung"],"inLanguage":"en-US","potentialAction":[{"@type":"CommentAction","name":"Comment","target":["https:\/\/digidem-bayern.de\/palliativpflege-fehlanzeige\/#respond"]}]},{"@type":"WebPage","@id":"https:\/\/digidem-bayern.de\/palliativpflege-fehlanzeige\/","url":"https:\/\/digidem-bayern.de\/palliativpflege-fehlanzeige\/","name":"Palliativpflege Fehlanzeige? - digiDEM Bayern","isPartOf":{"@id":"\/#website"},"primaryImageOfPage":{"@id":"https:\/\/digidem-bayern.de\/palliativpflege-fehlanzeige\/#primaryimage"},"image":{"@id":"https:\/\/digidem-bayern.de\/palliativpflege-fehlanzeige\/#primaryimage"},"thumbnailUrl":"https:\/\/digidem-bayern.de\/wp-content\/uploads\/2023\/04\/Palliativ-shutterstock_2159965977.jpg","datePublished":"2023-04-27T11:04:02+00:00","dateModified":"2023-05-11T15:48:23+00:00","description":"Der Bayerische Landesapothekerkammer unterst\u00fctzt digiDEM Bayern mit Hilfe des Netzwerks \"Demenzfreundliche Apotheken\".","breadcrumb":{"@id":"https:\/\/digidem-bayern.de\/palliativpflege-fehlanzeige\/#breadcrumb"},"inLanguage":"en-US","potentialAction":[{"@type":"ReadAction","target":["https:\/\/digidem-bayern.de\/palliativpflege-fehlanzeige\/"]}]},{"@type":"ImageObject","inLanguage":"en-US","@id":"https:\/\/digidem-bayern.de\/palliativpflege-fehlanzeige\/#primaryimage","url":"https:\/\/digidem-bayern.de\/wp-content\/uploads\/2023\/04\/Palliativ-shutterstock_2159965977.jpg","contentUrl":"https:\/\/digidem-bayern.de\/wp-content\/uploads\/2023\/04\/Palliativ-shutterstock_2159965977.jpg","width":1000,"height":666,"caption":"Foto: Shutterstock"},{"@type":"BreadcrumbList","@id":"https:\/\/digidem-bayern.de\/palliativpflege-fehlanzeige\/#breadcrumb","itemListElement":[{"@type":"ListItem","position":1,"name":"Startseite","item":"https:\/\/digidem-bayern.de\/"},{"@type":"ListItem","position":2,"name":"Palliativpflege Fehlanzeige?"}]},{"@type":"WebSite","@id":"\/#website","url":"\/","name":"digiDEM Bavaria","description":"The digital dementia register in Bavaria researches and improves the structure of services for people with dementia and their relatives","publisher":{"@id":"\/#organization"},"potentialAction":[{"@type":"SearchAction","target":{"@type":"EntryPoint","urlTemplate":"\/?s={search_term_string}"},"query-input":{"@type":"PropertyValueSpecification","valueRequired":true,"valueName":"search_term_string"}}],"inLanguage":"en-US"},{"@type":"Organization","@id":"\/#organization","name":"digiDEM Bavaria","url":"\/","logo":{"@type":"ImageObject","inLanguage":"en-US","@id":"\/#\/schema\/logo\/image\/","url":"https:\/\/digidem-bayern.de\/wp-content\/uploads\/2022\/03\/cropped-Allgemeines_digiDEMLOGO-removebg-preview.png","contentUrl":"https:\/\/digidem-bayern.de\/wp-content\/uploads\/2022\/03\/cropped-Allgemeines_digiDEMLOGO-removebg-preview.png","width":612,"height":357,"caption":"digiDEM Bayern"},"image":{"@id":"\/#\/schema\/logo\/image\/"},"sameAs":["https:\/\/www.facebook.com\/digiDEMBayern\/","https:\/\/x.com\/digidem_bayern","https:\/\/www.instagram.com\/digidem.bayern","https:\/\/www.linkedin.com\/company\/digidem-bayern\/"]},{"@type":"Person","@id":"\/#\/schema\/person\/0bc1494f46fc2a051c761322a80e0941","name":"Ilona H\u00f6rath","url":"https:\/\/digidem-bayern.de\/en\/author\/hoeratia\/"}]}},"uagb_featured_image_src":{"full":["https:\/\/digidem-bayern.de\/wp-content\/uploads\/2023\/04\/Palliativ-shutterstock_2159965977.jpg",1000,666,false],"thumbnail":["https:\/\/digidem-bayern.de\/wp-content\/uploads\/2023\/04\/Palliativ-shutterstock_2159965977-80x80.jpg",80,80,true],"medium":["https:\/\/digidem-bayern.de\/wp-content\/uploads\/2023\/04\/Palliativ-shutterstock_2159965977-300x200.jpg",300,200,true],"medium_large":["https:\/\/digidem-bayern.de\/wp-content\/uploads\/2023\/04\/Palliativ-shutterstock_2159965977-768x511.jpg",768,511,true],"large":["https:\/\/digidem-bayern.de\/wp-content\/uploads\/2023\/04\/Palliativ-shutterstock_2159965977.jpg",1000,666,false],"1536x1536":["https:\/\/digidem-bayern.de\/wp-content\/uploads\/2023\/04\/Palliativ-shutterstock_2159965977.jpg",1000,666,false],"2048x2048":["https:\/\/digidem-bayern.de\/wp-content\/uploads\/2023\/04\/Palliativ-shutterstock_2159965977.jpg",1000,666,false],"trp-custom-language-flag":["https:\/\/digidem-bayern.de\/wp-content\/uploads\/2023\/04\/Palliativ-shutterstock_2159965977.jpg",18,12,false],"qubely_landscape":["https:\/\/digidem-bayern.de\/wp-content\/uploads\/2023\/04\/Palliativ-shutterstock_2159965977.jpg",1000,666,false],"qubely_portrait":["https:\/\/digidem-bayern.de\/wp-content\/uploads\/2023\/04\/Palliativ-shutterstock_2159965977-540x320.jpg",540,320,true],"qubely_thumbnail":["https:\/\/digidem-bayern.de\/wp-content\/uploads\/2023\/04\/Palliativ-shutterstock_2159965977-140x100.jpg",140,100,true],"post-thumbnail":["https:\/\/digidem-bayern.de\/wp-content\/uploads\/2023\/04\/Palliativ-shutterstock_2159965977-526x350.jpg",526,350,true],"kahuna-featured":["https:\/\/digidem-bayern.de\/wp-content\/uploads\/2023\/04\/Palliativ-shutterstock_2159965977-734x350.jpg",734,350,true],"kahuna-featured-lp":["https:\/\/digidem-bayern.de\/wp-content\/uploads\/2023\/04\/Palliativ-shutterstock_2159965977-520x350.jpg",520,350,true],"kahuna-featured-half":["https:\/\/digidem-bayern.de\/wp-content\/uploads\/2023\/04\/Palliativ-shutterstock_2159965977-800x350.jpg",800,350,true],"kahuna-featured-third":["https:\/\/digidem-bayern.de\/wp-content\/uploads\/2023\/04\/Palliativ-shutterstock_2159965977-512x350.jpg",512,350,true],"kahuna-lpbox-1":["https:\/\/digidem-bayern.de\/wp-content\/uploads\/2023\/04\/Palliativ-shutterstock_2159965977-520x300.jpg",520,300,true],"kahuna-lpbox-2":["https:\/\/digidem-bayern.de\/wp-content\/uploads\/2023\/04\/Palliativ-shutterstock_2159965977-520x350.jpg",520,350,true],"demand-language-flag":["https:\/\/digidem-bayern.de\/wp-content\/uploads\/2023\/04\/Palliativ-shutterstock_2159965977.jpg",36,24,false],"dddkt-language-flag":["https:\/\/digidem-bayern.de\/wp-content\/uploads\/2023\/04\/Palliativ-shutterstock_2159965977-36x36.jpg",36,36,true],"ddiqc-language-flag":["https:\/\/digidem-bayern.de\/wp-content\/uploads\/2023\/04\/Palliativ-shutterstock_2159965977-36x36.jpg",36,36,true],"ddtl-language-flag":["https:\/\/digidem-bayern.de\/wp-content\/uploads\/2023\/04\/Palliativ-shutterstock_2159965977-36x36.jpg",36,36,true],"mailpoet_newsletter_max":["https:\/\/digidem-bayern.de\/wp-content\/uploads\/2023\/04\/Palliativ-shutterstock_2159965977.jpg",1000,666,false],"kahuna-lpbox-3":["https:\/\/digidem-bayern.de\/wp-content\/uploads\/2023\/04\/Palliativ-shutterstock_2159965977-520x350.jpg",520,350,true],"kahuna-featured-square":["https:\/\/digidem-bayern.de\/wp-content\/uploads\/2023\/04\/Palliativ-shutterstock_2159965977-512x512.jpg",512,512,true],"kahuna-featured-square-large":["https:\/\/digidem-bayern.de\/wp-content\/uploads\/2023\/04\/Palliativ-shutterstock_2159965977.jpg",1000,666,false]},"uagb_author_info":{"display_name":"Ilona H\u00f6rath","author_link":"https:\/\/digidem-bayern.de\/en\/author\/hoeratia\/"},"uagb_comment_info":0,"uagb_excerpt":"Insbesondere im l\u00e4ndlichen Raum ist die Palliativ- und Hospizversorgung von Menschen mit Demenz ein wichtiges Thema. Denn es mangelt sowohl an Hospizen als auch an Demenz-Wissen, fanden kanadische Wissenschaftler*innen heraus. Dass es in l\u00e4ndlichen Gebieten oft an leicht zug\u00e4nglichen Gesundheitsdienstleistungen mangelt, ist seit vielen Jahren bekannt. Was aber nur wenige &hellip;","_links":{"self":[{"href":"https:\/\/digidem-bayern.de\/en\/wp-json\/wp\/v2\/posts\/27479","targetHints":{"allow":["GET"]}}],"collection":[{"href":"https:\/\/digidem-bayern.de\/en\/wp-json\/wp\/v2\/posts"}],"about":[{"href":"https:\/\/digidem-bayern.de\/en\/wp-json\/wp\/v2\/types\/post"}],"author":[{"embeddable":true,"href":"https:\/\/digidem-bayern.de\/en\/wp-json\/wp\/v2\/users\/12"}],"replies":[{"embeddable":true,"href":"https:\/\/digidem-bayern.de\/en\/wp-json\/wp\/v2\/comments?post=27479"}],"version-history":[{"count":4,"href":"https:\/\/digidem-bayern.de\/en\/wp-json\/wp\/v2\/posts\/27479\/revisions"}],"predecessor-version":[{"id":27512,"href":"https:\/\/digidem-bayern.de\/en\/wp-json\/wp\/v2\/posts\/27479\/revisions\/27512"}],"wp:featuredmedia":[{"embeddable":true,"href":"https:\/\/digidem-bayern.de\/en\/wp-json\/wp\/v2\/media\/27500"}],"wp:attachment":[{"href":"https:\/\/digidem-bayern.de\/en\/wp-json\/wp\/v2\/media?parent=27479"}],"wp:term":[{"taxonomy":"category","embeddable":true,"href":"https:\/\/digidem-bayern.de\/en\/wp-json\/wp\/v2\/categories?post=27479"},{"taxonomy":"post_tag","embeddable":true,"href":"https:\/\/digidem-bayern.de\/en\/wp-json\/wp\/v2\/tags?post=27479"}],"curies":[{"name":"wp","href":"https:\/\/api.w.org\/{rel}","templated":true}]}}