{"id":26977,"date":"2023-03-29T17:28:45","date_gmt":"2023-03-29T15:28:45","guid":{"rendered":"https:\/\/digidem-bayern.de\/?p=26977"},"modified":"2024-02-23T12:31:06","modified_gmt":"2024-02-23T11:31:06","slug":"hilfe-aus-dem-appstore-evidenz-von-apps-fuer-menschen-mit-demenz-und-pflegende-an-und-zugehoerigev","status":"publish","type":"post","link":"https:\/\/digidem-bayern.de\/en\/hilfe-aus-dem-appstore-evidenz-von-apps-fuer-menschen-mit-demenz-und-pflegende-an-und-zugehoerigev\/","title":{"rendered":"Hilfe aus dem Appstore &#8211; Evidenz von Apps f\u00fcr Menschen mit Demenz und pflegende An- und Zugeh\u00f6rige"},"content":{"rendered":"<p>In Sachen Digitalisierung des Gesundheitssystems hat Deutschland Nachholbedarf. Gleichzeitig erfreuen sich&nbsp;Gesundheits-Apps immer gr\u00f6\u00dferer Beliebtheit. Sie lassen sich in Appstores bequem herunterladen und unabh\u00e4ngig von Ort und Zeit benutzen. Laut einer Studie sind fast 80 Prozent der 60- bis 69-J\u00e4hrigen &#8222;online&#8220;.<\/p>\n\n\n\n<p>Doch wie steht es um die Qualit\u00e4t der Apps, gerade wenn sie Menschen mit Demenz und ihre pflegenden An- und Zugeh\u00f6rigen zuverl\u00e4ssig unterst\u00fctzen sollen? Sind die frei zug\u00e4nglichen Demenz-Apps gepr\u00fcft, ist ihre Wirksamkeit wissenschaftlich nachgewiesen? Auch bei den digitalen Helfern gilt: Je besser sie erforscht sind, desto besser gelingt die Gesundheitsversorgung und desto transparenter wird der Bereich der mobilen Gesundheitsanwendungen. Viele der Apps, die es auf dem sogenannten Selbstk\u00e4ufermarkt gibt, reichen nicht \u00fcber eine \u201eakzeptable\u201c Qualit\u00e4t hinaus.\u00a0<\/p>\n\n\n\n<p>Michael Zeiler ist Medizininformatiker an der FAU Erlangen-N\u00fcrnberg und wissenschaftlicher Mitarbeiter im Projekt digiDEM Bayern. Als Erstautor publizierte er im M\u00e4rz diesen Jahres eine Studie \u00fcber die&nbsp;wissenschaftliche Evidenz und Nutzerqualit\u00e4t von deutschsprachigen, mobilen Gesundheitsanwendungen f\u00fcr Menschen mit kognitiven Beeintr\u00e4chtigungen und deren Angeh\u00f6rige.&nbsp;Im Webinar spricht er \u00fcber die Ergebnisse der Untersuchungen und erl\u00e4utert, worauf es bei der Wahl der Apps ankommt.<\/p>\n\n\n\n<div style=\"height:20px\" aria-hidden=\"true\" class=\"wp-block-spacer\"><\/div>\n\n\n\n<figure class=\"wp-block-embed is-type-video is-provider-youtube wp-block-embed-youtube wp-embed-aspect-16-9 wp-has-aspect-ratio\"><div class=\"wp-block-embed__wrapper\">\n<iframe loading=\"lazy\" title=\"Webinar: Hilfe aus dem Appstore \u2013 Evidenz von Apps f\u00fcr Menschen mit Demenz und pflegende Angeh\u00f6rige\" width=\"1223\" height=\"688\" src=\"https:\/\/www.youtube.com\/embed\/OztZPz0j2JQ?feature=oembed\" frameborder=\"0\" allow=\"accelerometer; autoplay; clipboard-write; encrypted-media; gyroscope; picture-in-picture; web-share\" allowfullscreen><\/iframe>\n<\/div><\/figure>\n\n\n\n<div style=\"height:20px\" aria-hidden=\"true\" class=\"wp-block-spacer\"><\/div>\n\n\n\n<p class=\"has-text-align-center\"><strong>Hier gibt es das Webinar als PDF zum <a href=\"https:\/\/digidem-bayern.de\/wp-content\/uploads\/2023\/03\/2023-03-28_digiDEM-Webinar_Nr45_Copyright.pdf\" data-type=\"URL\" data-id=\"https:\/\/digidem-bayern.de\/wp-content\/uploads\/2023\/03\/2023-03-28_digiDEM-Webinar_Nr45_Copyright.pdf\">Download<\/a><\/strong><\/p>\n\n\n\n<p><\/p>\n\n\n\n<div style=\"height:20px\" aria-hidden=\"true\" class=\"wp-block-spacer\"><\/div>\n\n\n\n<h2 class=\"wp-block-heading has-text-align-center\" id=\"dienstag-08-02-2022-11-00-11-45-uhr\"><strong><strong>Dienstag, 28.03.2023, 11.00-11.45 Uhr<\/strong><\/strong><\/h2>\n\n\n\n<div class=\"wp-block-stackable-columns stk-block-columns stk-block stk-70eeef7\" data-block-id=\"70eeef7\"><div class=\"stk-row stk-inner-blocks stk-block-content stk-content-align stk-70eeef7-column\">\n<div class=\"wp-block-stackable-column stk-block-column stk-column stk-block stk-25c565b\" data-block-id=\"25c565b\"><div class=\"stk-column-wrapper stk-block-column__content stk-container stk-25c565b-container stk--no-background stk--no-padding\"><div class=\"stk-block-content stk-inner-blocks stk-25c565b-inner-blocks\">\n<div class=\"wp-block-uagb-team uagb-team__image-position-above uagb-team__align-center uagb-team__stack-tablet uagb-block-fb6b2bf7\"><div class=\"uagb-team__content\"><img decoding=\"async\" class=\"uagb-team__image-crop-circle\" src=\"https:\/\/digidem-bayern.de\/wp-content\/uploads\/2022\/11\/AKE_NEU_Qudarat-80x80.jpg\" alt=\"\" height=\"100\" width=\"100\" loading=\"lazy\"\/><h3 class=\"uagb-team__title\">Anne Keefer<\/h3><span class=\"uagb-team__prefix\">Moderation<\/span><p class=\"uagb-team__desc\">Wissenschaftliche Mitarbeiterin M. Sc. <\/p><\/div><\/div>\n<\/div><\/div><\/div>\n\n\n\n<div class=\"wp-block-stackable-column stk-block-column stk-column stk-block stk-9e1dd35\" data-block-id=\"9e1dd35\"><div class=\"stk-column-wrapper stk-block-column__content stk-container stk-9e1dd35-container stk--no-background stk--no-padding\"><div class=\"stk-block-content stk-inner-blocks stk-9e1dd35-inner-blocks\">\n<div class=\"wp-block-uagb-team uagb-team__image-position-above uagb-team__align-center uagb-team__stack-tablet uagb-block-0afbba3c\"><div class=\"uagb-team__content\"><img decoding=\"async\" class=\"uagb-team__image-crop-circle\" src=\"https:\/\/digidem-bayern.de\/wp-content\/uploads\/2023\/01\/Bild_Maren_2_Quadrat-2-80x80.jpg\" alt=\"Maren Dehler\" height=\"100\" width=\"100\" loading=\"lazy\"\/><h3 class=\"uagb-team__title\">Maren Dehler<\/h3><span class=\"uagb-team__prefix\">Chatroom Betreuung<\/span><p class=\"uagb-team__desc\">Hilfswissenschaftliche Mitarbeiterin B. A.<\/p><\/div><\/div>\n<\/div><\/div><\/div>\n<\/div><\/div>\n\n\n\n<div style=\"height:20px\" aria-hidden=\"true\" class=\"wp-block-spacer\"><\/div>\n\n\n\n<p>Sie interessieren Sich f\u00fcr weitere Webinare zu Themen aus der internationalen Demenz-Forschung? In unserer <a href=\"https:\/\/test.digidem-bayern.de\/science-watch-live\/\">Mediathek<\/a> finden Sie alle vergangenen Webinare als Video-Mitschnitte.<\/p>\n\n\n\n<p>Mit der Webinar-Reihe \u201eScience Watch LIVE\u201c bieten wir einen zus\u00e4tzlichen Service zu unserem monatlichen Newsletter <a href=\"https:\/\/test.digidem-bayern.de\/newsletter\/\">digiDEM Bayern Science Wa<\/a><a href=\"https:\/\/test.digidem-bayern.de\/newsletter-2\/\">tch<\/a>, in dem wir wissenschaftliche Erkenntnisse aus der Demenzforschung bereitstellen. &nbsp;<\/p>\n\n\n\n<p>Vor dem Hintergrund massenhaft verbreiteter Halbwahrheiten und Fake News, ist evidenzbasierte Wissenschaft gefragt. Es ist wichtiger denn je, wissenschaftliche Erkenntnisse so zu vermitteln, dass sie f\u00fcr die Gesellschaft verst\u00e4ndlich sind und ein Austausch dar\u00fcber gef\u00f6rdert wird. Dazu m\u00f6chten wir als digiDEM Bayern-Projektteam beitragen, jetzt auch mit <strong><em>digiDEM Bayern Science Wach LIVE<\/em><\/strong>.<\/p>\n\n\n\n<p><\/p>","protected":false},"excerpt":{"rendered":"<p>In Sachen Digitalisierung des Gesundheitssystems hat Deutschland Nachholbedarf. Gleichzeitig erfreuen sich&nbsp;Gesundheits-Apps immer gr\u00f6\u00dferer Beliebtheit. Sie lassen sich in Appstores bequem herunterladen und unabh\u00e4ngig von Ort und Zeit benutzen. Laut einer Studie sind fast 80 Prozent der 60- bis 69-J\u00e4hrigen &#8222;online&#8220;. Doch wie steht es um die Qualit\u00e4t der Apps, gerade &hellip;<\/p>","protected":false},"author":12,"featured_media":26812,"comment_status":"open","ping_status":"closed","sticky":false,"template":"","format":"standard","meta":{"qubely_global_settings":"true","qubely_interactions":"","_uag_custom_page_level_css":"","footnotes":""},"categories":[123],"tags":[13,698,307,12,686,14,17,55,699,689,700],"class_list":["post-26977","post","type-post","status-publish","format-standard","has-post-thumbnail","hentry","category-sciene-watch-live-archiv","tag-alzheimer","tag-app-store","tag-apps","tag-demenz-2","tag-demenz-apps","tag-digidem","tag-digidem-bayern","tag-digitales-demenzregister-bayern","tag-gesundheitsanwendung","tag-gesundheitssystem","tag-medizininformatik"],"qubely_featured_image_url":{"full":["https:\/\/digidem-bayern.de\/wp-content\/uploads\/2023\/03\/PM-App-Studie-shutterstock_248776741.jpg",1000,667,false],"landscape":["https:\/\/digidem-bayern.de\/wp-content\/uploads\/2023\/03\/PM-App-Studie-shutterstock_248776741.jpg",1000,667,false],"portraits":["https:\/\/digidem-bayern.de\/wp-content\/uploads\/2023\/03\/PM-App-Studie-shutterstock_248776741-540x320.jpg",540,320,true],"thumbnail":["https:\/\/digidem-bayern.de\/wp-content\/uploads\/2023\/03\/PM-App-Studie-shutterstock_248776741-80x80.jpg",80,80,true],"medium":["https:\/\/digidem-bayern.de\/wp-content\/uploads\/2023\/03\/PM-App-Studie-shutterstock_248776741-300x200.jpg",300,200,true],"medium_large":["https:\/\/digidem-bayern.de\/wp-content\/uploads\/2023\/03\/PM-App-Studie-shutterstock_248776741-768x512.jpg",768,512,true],"large":["https:\/\/digidem-bayern.de\/wp-content\/uploads\/2023\/03\/PM-App-Studie-shutterstock_248776741.jpg",1000,667,false],"1536x1536":["https:\/\/digidem-bayern.de\/wp-content\/uploads\/2023\/03\/PM-App-Studie-shutterstock_248776741.jpg",1000,667,false],"2048x2048":["https:\/\/digidem-bayern.de\/wp-content\/uploads\/2023\/03\/PM-App-Studie-shutterstock_248776741.jpg",1000,667,false],"trp-custom-language-flag":["https:\/\/digidem-bayern.de\/wp-content\/uploads\/2023\/03\/PM-App-Studie-shutterstock_248776741.jpg",18,12,false],"qubely_landscape":["https:\/\/digidem-bayern.de\/wp-content\/uploads\/2023\/03\/PM-App-Studie-shutterstock_248776741.jpg",1000,667,false],"qubely_portrait":["https:\/\/digidem-bayern.de\/wp-content\/uploads\/2023\/03\/PM-App-Studie-shutterstock_248776741-540x320.jpg",540,320,true],"qubely_thumbnail":["https:\/\/digidem-bayern.de\/wp-content\/uploads\/2023\/03\/PM-App-Studie-shutterstock_248776741-140x100.jpg",140,100,true],"post-thumbnail":["https:\/\/digidem-bayern.de\/wp-content\/uploads\/2023\/03\/PM-App-Studie-shutterstock_248776741-525x350.jpg",525,350,true],"kahuna-featured":["https:\/\/digidem-bayern.de\/wp-content\/uploads\/2023\/03\/PM-App-Studie-shutterstock_248776741-734x350.jpg",734,350,true],"kahuna-featured-lp":["https:\/\/digidem-bayern.de\/wp-content\/uploads\/2023\/03\/PM-App-Studie-shutterstock_248776741-520x350.jpg",520,350,true],"kahuna-featured-half":["https:\/\/digidem-bayern.de\/wp-content\/uploads\/2023\/03\/PM-App-Studie-shutterstock_248776741-800x350.jpg",800,350,true],"kahuna-featured-third":["https:\/\/digidem-bayern.de\/wp-content\/uploads\/2023\/03\/PM-App-Studie-shutterstock_248776741-512x350.jpg",512,350,true],"kahuna-lpbox-1":["https:\/\/digidem-bayern.de\/wp-content\/uploads\/2023\/03\/PM-App-Studie-shutterstock_248776741-520x300.jpg",520,300,true],"kahuna-lpbox-2":["https:\/\/digidem-bayern.de\/wp-content\/uploads\/2023\/03\/PM-App-Studie-shutterstock_248776741-520x350.jpg",520,350,true],"demand-language-flag":["https:\/\/digidem-bayern.de\/wp-content\/uploads\/2023\/03\/PM-App-Studie-shutterstock_248776741.jpg",36,24,false],"dddkt-language-flag":["https:\/\/digidem-bayern.de\/wp-content\/uploads\/2023\/03\/PM-App-Studie-shutterstock_248776741-36x36.jpg",36,36,true],"ddiqc-language-flag":["https:\/\/digidem-bayern.de\/wp-content\/uploads\/2023\/03\/PM-App-Studie-shutterstock_248776741-36x36.jpg",36,36,true],"ddtl-language-flag":["https:\/\/digidem-bayern.de\/wp-content\/uploads\/2023\/03\/PM-App-Studie-shutterstock_248776741-36x36.jpg",36,36,true],"mailpoet_newsletter_max":["https:\/\/digidem-bayern.de\/wp-content\/uploads\/2023\/03\/PM-App-Studie-shutterstock_248776741.jpg",1000,667,false],"kahuna-lpbox-3":["https:\/\/digidem-bayern.de\/wp-content\/uploads\/2023\/03\/PM-App-Studie-shutterstock_248776741-520x350.jpg",520,350,true],"kahuna-featured-square":["https:\/\/digidem-bayern.de\/wp-content\/uploads\/2023\/03\/PM-App-Studie-shutterstock_248776741-512x512.jpg",512,512,true],"kahuna-featured-square-large":["https:\/\/digidem-bayern.de\/wp-content\/uploads\/2023\/03\/PM-App-Studie-shutterstock_248776741.jpg",1000,667,false]},"qubely_author":{"display_name":"Ilona H\u00f6rath","author_link":"https:\/\/digidem-bayern.de\/en\/author\/hoeratia\/"},"qubely_comment":1,"qubely_category":"<a href=\"https:\/\/digidem-bayern.de\/en\/category\/sciene-watch-live-archiv\/\" rel=\"category tag\">Sciene Watch Live ARCHIV<\/a>","qubely_excerpt":"In Sachen Digitalisierung des Gesundheitssystems hat Deutschland Nachholbedarf. Gleichzeitig erfreuen sich&nbsp;Gesundheits-Apps immer gr\u00f6\u00dferer Beliebtheit. Sie lassen sich in Appstores bequem herunterladen und unabh\u00e4ngig von Ort und Zeit benutzen. Laut einer Studie sind fast 80 Prozent der 60- bis 69-J\u00e4hrigen &#8222;online&#8220;. Doch wie steht es um die Qualit\u00e4t der Apps, gerade &hellip;","featured_image_urls_v2":{"full":["https:\/\/digidem-bayern.de\/wp-content\/uploads\/2023\/03\/PM-App-Studie-shutterstock_248776741.jpg",1000,667,false],"thumbnail":["https:\/\/digidem-bayern.de\/wp-content\/uploads\/2023\/03\/PM-App-Studie-shutterstock_248776741-80x80.jpg",80,80,true],"medium":["https:\/\/digidem-bayern.de\/wp-content\/uploads\/2023\/03\/PM-App-Studie-shutterstock_248776741-300x200.jpg",300,200,true],"medium_large":["https:\/\/digidem-bayern.de\/wp-content\/uploads\/2023\/03\/PM-App-Studie-shutterstock_248776741-768x512.jpg",768,512,true],"large":["https:\/\/digidem-bayern.de\/wp-content\/uploads\/2023\/03\/PM-App-Studie-shutterstock_248776741.jpg",1000,667,false],"1536x1536":["https:\/\/digidem-bayern.de\/wp-content\/uploads\/2023\/03\/PM-App-Studie-shutterstock_248776741.jpg",1000,667,false],"2048x2048":["https:\/\/digidem-bayern.de\/wp-content\/uploads\/2023\/03\/PM-App-Studie-shutterstock_248776741.jpg",1000,667,false],"trp-custom-language-flag":["https:\/\/digidem-bayern.de\/wp-content\/uploads\/2023\/03\/PM-App-Studie-shutterstock_248776741.jpg",18,12,false],"qubely_landscape":["https:\/\/digidem-bayern.de\/wp-content\/uploads\/2023\/03\/PM-App-Studie-shutterstock_248776741.jpg",1000,667,false],"qubely_portrait":["https:\/\/digidem-bayern.de\/wp-content\/uploads\/2023\/03\/PM-App-Studie-shutterstock_248776741-540x320.jpg",540,320,true],"qubely_thumbnail":["https:\/\/digidem-bayern.de\/wp-content\/uploads\/2023\/03\/PM-App-Studie-shutterstock_248776741-140x100.jpg",140,100,true],"post-thumbnail":["https:\/\/digidem-bayern.de\/wp-content\/uploads\/2023\/03\/PM-App-Studie-shutterstock_248776741-525x350.jpg",525,350,true],"kahuna-featured":["https:\/\/digidem-bayern.de\/wp-content\/uploads\/2023\/03\/PM-App-Studie-shutterstock_248776741-734x350.jpg",734,350,true],"kahuna-featured-lp":["https:\/\/digidem-bayern.de\/wp-content\/uploads\/2023\/03\/PM-App-Studie-shutterstock_248776741-520x350.jpg",520,350,true],"kahuna-featured-half":["https:\/\/digidem-bayern.de\/wp-content\/uploads\/2023\/03\/PM-App-Studie-shutterstock_248776741-800x350.jpg",800,350,true],"kahuna-featured-third":["https:\/\/digidem-bayern.de\/wp-content\/uploads\/2023\/03\/PM-App-Studie-shutterstock_248776741-512x350.jpg",512,350,true],"kahuna-lpbox-1":["https:\/\/digidem-bayern.de\/wp-content\/uploads\/2023\/03\/PM-App-Studie-shutterstock_248776741-520x300.jpg",520,300,true],"kahuna-lpbox-2":["https:\/\/digidem-bayern.de\/wp-content\/uploads\/2023\/03\/PM-App-Studie-shutterstock_248776741-520x350.jpg",520,350,true],"demand-language-flag":["https:\/\/digidem-bayern.de\/wp-content\/uploads\/2023\/03\/PM-App-Studie-shutterstock_248776741.jpg",36,24,false],"dddkt-language-flag":["https:\/\/digidem-bayern.de\/wp-content\/uploads\/2023\/03\/PM-App-Studie-shutterstock_248776741-36x36.jpg",36,36,true],"ddiqc-language-flag":["https:\/\/digidem-bayern.de\/wp-content\/uploads\/2023\/03\/PM-App-Studie-shutterstock_248776741-36x36.jpg",36,36,true],"ddtl-language-flag":["https:\/\/digidem-bayern.de\/wp-content\/uploads\/2023\/03\/PM-App-Studie-shutterstock_248776741-36x36.jpg",36,36,true],"mailpoet_newsletter_max":["https:\/\/digidem-bayern.de\/wp-content\/uploads\/2023\/03\/PM-App-Studie-shutterstock_248776741.jpg",1000,667,false],"kahuna-lpbox-3":["https:\/\/digidem-bayern.de\/wp-content\/uploads\/2023\/03\/PM-App-Studie-shutterstock_248776741-520x350.jpg",520,350,true],"kahuna-featured-square":["https:\/\/digidem-bayern.de\/wp-content\/uploads\/2023\/03\/PM-App-Studie-shutterstock_248776741-512x512.jpg",512,512,true],"kahuna-featured-square-large":["https:\/\/digidem-bayern.de\/wp-content\/uploads\/2023\/03\/PM-App-Studie-shutterstock_248776741.jpg",1000,667,false]},"post_excerpt_stackable_v2":"<p>In Sachen Digitalisierung des Gesundheitssystems hat Deutschland Nachholbedarf. Gleichzeitig erfreuen sich&nbsp;Gesundheits-Apps immer gr\u00f6\u00dferer Beliebtheit. Sie lassen sich in Appstores bequem herunterladen und unabh\u00e4ngig von Ort und Zeit benutzen. Laut einer Studie sind fast 80 Prozent der 60- bis 69-J\u00e4hrigen &#8222;online&#8220;. Doch wie steht es um die Qualit\u00e4t der Apps, gerade wenn sie Menschen mit Demenz und ihre pflegenden An- und Zugeh\u00f6rigen zuverl\u00e4ssig unterst\u00fctzen sollen? Sind die frei zug\u00e4nglichen Demenz-Apps gepr\u00fcft, ist ihre Wirksamkeit wissenschaftlich nachgewiesen? Auch bei den digitalen Helfern gilt: Je besser sie erforscht sind, desto besser gelingt die Gesundheitsversorgung und desto transparenter wird der Bereich der mobilen Gesundheitsanwendungen.&hellip;<\/p>\n","category_list_v2":"<a href=\"https:\/\/digidem-bayern.de\/en\/category\/sciene-watch-live-archiv\/\" rel=\"category tag\">Sciene Watch Live ARCHIV<\/a>","author_info_v2":{"name":"Ilona H\u00f6rath","url":"https:\/\/digidem-bayern.de\/en\/author\/hoeratia\/"},"comments_num_v2":"0 comments","yoast_head":"<!-- This site is optimized with the Yoast SEO plugin v27.5 - https:\/\/yoast.com\/product\/yoast-seo-wordpress\/ -->\n<title>Hilfe aus dem Appstore - Evidenz von Apps f\u00fcr Menschen mit Demenz und pflegende An- und Zugeh\u00f6rige - digiDEM Bayern<\/title>\n<meta name=\"description\" content=\"Im Webinar &quot;digiDEM Bayern Science Watch LIVE&quot; behandeln Wissenschaftler ein Thema aus der Demenzforschung und stehen live f\u00fcr Fragen zur Verf\u00fcgung.\" \/>\n<meta name=\"robots\" content=\"index, follow, max-snippet:-1, max-image-preview:large, max-video-preview:-1\" \/>\n<link rel=\"canonical\" href=\"https:\/\/digidem-bayern.de\/en\/hilfe-aus-dem-appstore-evidenz-von-apps-fuer-menschen-mit-demenz-und-pflegende-an-und-zugehoerigev\/\" \/>\n<meta property=\"og:locale\" content=\"en_US\" \/>\n<meta property=\"og:type\" content=\"article\" \/>\n<meta property=\"og:title\" content=\"Hilfe aus dem Appstore - Evidenz von Apps f\u00fcr Menschen mit Demenz und pflegende An- und Zugeh\u00f6rige - digiDEM Bayern\" \/>\n<meta property=\"og:description\" content=\"Im Webinar &quot;digiDEM Bayern Science Watch LIVE&quot; behandeln Wissenschaftler ein Thema aus der Demenzforschung und stehen live f\u00fcr Fragen zur Verf\u00fcgung.\" \/>\n<meta property=\"og:url\" content=\"https:\/\/digidem-bayern.de\/en\/hilfe-aus-dem-appstore-evidenz-von-apps-fuer-menschen-mit-demenz-und-pflegende-an-und-zugehoerigev\/\" \/>\n<meta property=\"og:site_name\" content=\"digiDEM Bayern\" \/>\n<meta property=\"article:publisher\" content=\"https:\/\/www.facebook.com\/digiDEMBayern\/\" \/>\n<meta property=\"article:published_time\" content=\"2023-03-29T15:28:45+00:00\" \/>\n<meta property=\"article:modified_time\" content=\"2024-02-23T11:31:06+00:00\" \/>\n<meta property=\"og:image\" content=\"https:\/\/digidem-bayern.de\/wp-content\/uploads\/2023\/03\/PM-App-Studie-shutterstock_248776741.jpg\" \/>\n\t<meta property=\"og:image:width\" content=\"1000\" \/>\n\t<meta property=\"og:image:height\" content=\"667\" \/>\n\t<meta property=\"og:image:type\" content=\"image\/jpeg\" \/>\n<meta name=\"author\" content=\"Ilona H\u00f6rath\" \/>\n<meta name=\"twitter:label1\" content=\"Written by\" \/>\n\t<meta name=\"twitter:data1\" content=\"Ilona H\u00f6rath\" \/>\n\t<meta name=\"twitter:label2\" content=\"Est. reading time\" \/>\n\t<meta name=\"twitter:data2\" content=\"3 minutes\" \/>\n<script type=\"application\/ld+json\" class=\"yoast-schema-graph\">{\"@context\":\"https:\\\/\\\/schema.org\",\"@graph\":[{\"@type\":\"Article\",\"@id\":\"https:\\\/\\\/digidem-bayern.de\\\/hilfe-aus-dem-appstore-evidenz-von-apps-fuer-menschen-mit-demenz-und-pflegende-an-und-zugehoerigev\\\/#article\",\"isPartOf\":{\"@id\":\"https:\\\/\\\/digidem-bayern.de\\\/hilfe-aus-dem-appstore-evidenz-von-apps-fuer-menschen-mit-demenz-und-pflegende-an-und-zugehoerigev\\\/\"},\"author\":{\"name\":\"Ilona H\u00f6rath\",\"@id\":\"\\\/#\\\/schema\\\/person\\\/0bc1494f46fc2a051c761322a80e0941\"},\"headline\":\"Hilfe aus dem Appstore &#8211; Evidenz von Apps f\u00fcr Menschen mit Demenz und pflegende An- und Zugeh\u00f6rige\",\"datePublished\":\"2023-03-29T15:28:45+00:00\",\"dateModified\":\"2024-02-23T11:31:06+00:00\",\"mainEntityOfPage\":{\"@id\":\"https:\\\/\\\/digidem-bayern.de\\\/hilfe-aus-dem-appstore-evidenz-von-apps-fuer-menschen-mit-demenz-und-pflegende-an-und-zugehoerigev\\\/\"},\"wordCount\":362,\"commentCount\":0,\"publisher\":{\"@id\":\"\\\/#organization\"},\"image\":{\"@id\":\"https:\\\/\\\/digidem-bayern.de\\\/hilfe-aus-dem-appstore-evidenz-von-apps-fuer-menschen-mit-demenz-und-pflegende-an-und-zugehoerigev\\\/#primaryimage\"},\"thumbnailUrl\":\"https:\\\/\\\/digidem-bayern.de\\\/wp-content\\\/uploads\\\/2023\\\/03\\\/PM-App-Studie-shutterstock_248776741.jpg\",\"keywords\":[\"Alzheimer\",\"App-Store\",\"Apps\",\"Demenz\",\"Demenz-Apps\",\"digidem\",\"digidem Bayern\",\"Digitales Demenzregister Bayern\",\"Gesundheitsanwendung\",\"Gesundheitssystem\",\"Medizininformatik\"],\"articleSection\":[\"Sciene Watch Live ARCHIV\"],\"inLanguage\":\"en-US\",\"potentialAction\":[{\"@type\":\"CommentAction\",\"name\":\"Comment\",\"target\":[\"https:\\\/\\\/digidem-bayern.de\\\/hilfe-aus-dem-appstore-evidenz-von-apps-fuer-menschen-mit-demenz-und-pflegende-an-und-zugehoerigev\\\/#respond\"]}]},{\"@type\":\"WebPage\",\"@id\":\"https:\\\/\\\/digidem-bayern.de\\\/hilfe-aus-dem-appstore-evidenz-von-apps-fuer-menschen-mit-demenz-und-pflegende-an-und-zugehoerigev\\\/\",\"url\":\"https:\\\/\\\/digidem-bayern.de\\\/hilfe-aus-dem-appstore-evidenz-von-apps-fuer-menschen-mit-demenz-und-pflegende-an-und-zugehoerigev\\\/\",\"name\":\"Hilfe aus dem Appstore - Evidenz von Apps f\u00fcr Menschen mit Demenz und pflegende An- und Zugeh\u00f6rige - digiDEM Bayern\",\"isPartOf\":{\"@id\":\"\\\/#website\"},\"primaryImageOfPage\":{\"@id\":\"https:\\\/\\\/digidem-bayern.de\\\/hilfe-aus-dem-appstore-evidenz-von-apps-fuer-menschen-mit-demenz-und-pflegende-an-und-zugehoerigev\\\/#primaryimage\"},\"image\":{\"@id\":\"https:\\\/\\\/digidem-bayern.de\\\/hilfe-aus-dem-appstore-evidenz-von-apps-fuer-menschen-mit-demenz-und-pflegende-an-und-zugehoerigev\\\/#primaryimage\"},\"thumbnailUrl\":\"https:\\\/\\\/digidem-bayern.de\\\/wp-content\\\/uploads\\\/2023\\\/03\\\/PM-App-Studie-shutterstock_248776741.jpg\",\"datePublished\":\"2023-03-29T15:28:45+00:00\",\"dateModified\":\"2024-02-23T11:31:06+00:00\",\"description\":\"Im Webinar \\\"digiDEM Bayern Science Watch LIVE\\\" behandeln Wissenschaftler ein Thema aus der Demenzforschung und stehen live f\u00fcr Fragen zur Verf\u00fcgung.\",\"breadcrumb\":{\"@id\":\"https:\\\/\\\/digidem-bayern.de\\\/hilfe-aus-dem-appstore-evidenz-von-apps-fuer-menschen-mit-demenz-und-pflegende-an-und-zugehoerigev\\\/#breadcrumb\"},\"inLanguage\":\"en-US\",\"potentialAction\":[{\"@type\":\"ReadAction\",\"target\":[\"https:\\\/\\\/digidem-bayern.de\\\/hilfe-aus-dem-appstore-evidenz-von-apps-fuer-menschen-mit-demenz-und-pflegende-an-und-zugehoerigev\\\/\"]}]},{\"@type\":\"ImageObject\",\"inLanguage\":\"en-US\",\"@id\":\"https:\\\/\\\/digidem-bayern.de\\\/hilfe-aus-dem-appstore-evidenz-von-apps-fuer-menschen-mit-demenz-und-pflegende-an-und-zugehoerigev\\\/#primaryimage\",\"url\":\"https:\\\/\\\/digidem-bayern.de\\\/wp-content\\\/uploads\\\/2023\\\/03\\\/PM-App-Studie-shutterstock_248776741.jpg\",\"contentUrl\":\"https:\\\/\\\/digidem-bayern.de\\\/wp-content\\\/uploads\\\/2023\\\/03\\\/PM-App-Studie-shutterstock_248776741.jpg\",\"width\":1000,\"height\":667,\"caption\":\"Ein Forschungsteam der FAU Erlangen-N\u00fcrnberg und des Digitalen Demenzregisters Bayern (digiDEM Bayern) hat erstmals deutschsprachige Apps f\u00fcr Menschen mit Demenz und f\u00fcr pflegende An- und Zugeh\u00f6rige auf wissenschaftliche Evidenz und Nutzerqualit\u00e4t bewertet und kommt zu zwei ern\u00fcchternden Ergebnissen.\"},{\"@type\":\"BreadcrumbList\",\"@id\":\"https:\\\/\\\/digidem-bayern.de\\\/hilfe-aus-dem-appstore-evidenz-von-apps-fuer-menschen-mit-demenz-und-pflegende-an-und-zugehoerigev\\\/#breadcrumb\",\"itemListElement\":[{\"@type\":\"ListItem\",\"position\":1,\"name\":\"Startseite\",\"item\":\"https:\\\/\\\/digidem-bayern.de\\\/\"},{\"@type\":\"ListItem\",\"position\":2,\"name\":\"Hilfe aus dem Appstore &#8211; Evidenz von Apps f\u00fcr Menschen mit Demenz und pflegende An- und Zugeh\u00f6rige\"}]},{\"@type\":\"WebSite\",\"@id\":\"\\\/#website\",\"url\":\"\\\/\",\"name\":\"digiDEM Bayern\",\"description\":\"Das digitale Demenzregister Bayern erforscht und verbessert die Angebotsstuktur f\u00fcr Menschen mit Demenz und deren Angeh\u00f6rige\",\"publisher\":{\"@id\":\"\\\/#organization\"},\"potentialAction\":[{\"@type\":\"SearchAction\",\"target\":{\"@type\":\"EntryPoint\",\"urlTemplate\":\"\\\/?s={search_term_string}\"},\"query-input\":{\"@type\":\"PropertyValueSpecification\",\"valueRequired\":true,\"valueName\":\"search_term_string\"}}],\"inLanguage\":\"en-US\"},{\"@type\":\"Organization\",\"@id\":\"\\\/#organization\",\"name\":\"digiDEM Bayern\",\"url\":\"\\\/\",\"logo\":{\"@type\":\"ImageObject\",\"inLanguage\":\"en-US\",\"@id\":\"\\\/#\\\/schema\\\/logo\\\/image\\\/\",\"url\":\"https:\\\/\\\/digidem-bayern.de\\\/wp-content\\\/uploads\\\/2022\\\/03\\\/cropped-Allgemeines_digiDEMLOGO-removebg-preview.png\",\"contentUrl\":\"https:\\\/\\\/digidem-bayern.de\\\/wp-content\\\/uploads\\\/2022\\\/03\\\/cropped-Allgemeines_digiDEMLOGO-removebg-preview.png\",\"width\":612,\"height\":357,\"caption\":\"digiDEM Bayern\"},\"image\":{\"@id\":\"\\\/#\\\/schema\\\/logo\\\/image\\\/\"},\"sameAs\":[\"https:\\\/\\\/www.facebook.com\\\/digiDEMBayern\\\/\",\"https:\\\/\\\/x.com\\\/digidem_bayern\",\"https:\\\/\\\/www.instagram.com\\\/digidem.bayern\",\"https:\\\/\\\/www.linkedin.com\\\/company\\\/digidem-bayern\\\/\"]},{\"@type\":\"Person\",\"@id\":\"\\\/#\\\/schema\\\/person\\\/0bc1494f46fc2a051c761322a80e0941\",\"name\":\"Ilona H\u00f6rath\",\"url\":\"https:\\\/\\\/digidem-bayern.de\\\/en\\\/author\\\/hoeratia\\\/\"}]}<\/script>\n<!-- \/ Yoast SEO plugin. -->","yoast_head_json":{"title":"Hilfe aus dem Appstore - Evidenz von Apps f\u00fcr Menschen mit Demenz und pflegende An- und Zugeh\u00f6rige - digiDEM Bayern","description":"Im Webinar \"digiDEM Bayern Science Watch LIVE\" behandeln Wissenschaftler ein Thema aus der Demenzforschung und stehen live f\u00fcr Fragen zur Verf\u00fcgung.","robots":{"index":"index","follow":"follow","max-snippet":"max-snippet:-1","max-image-preview":"max-image-preview:large","max-video-preview":"max-video-preview:-1"},"canonical":"https:\/\/digidem-bayern.de\/en\/hilfe-aus-dem-appstore-evidenz-von-apps-fuer-menschen-mit-demenz-und-pflegende-an-und-zugehoerigev\/","og_locale":"en_US","og_type":"article","og_title":"Hilfe aus dem Appstore - Evidenz von Apps f\u00fcr Menschen mit Demenz und pflegende An- und Zugeh\u00f6rige - digiDEM Bayern","og_description":"Im Webinar \"digiDEM Bayern Science Watch LIVE\" behandeln Wissenschaftler ein Thema aus der Demenzforschung und stehen live f\u00fcr Fragen zur Verf\u00fcgung.","og_url":"https:\/\/digidem-bayern.de\/en\/hilfe-aus-dem-appstore-evidenz-von-apps-fuer-menschen-mit-demenz-und-pflegende-an-und-zugehoerigev\/","og_site_name":"digiDEM Bayern","article_publisher":"https:\/\/www.facebook.com\/digiDEMBayern\/","article_published_time":"2023-03-29T15:28:45+00:00","article_modified_time":"2024-02-23T11:31:06+00:00","og_image":[{"width":1000,"height":667,"url":"https:\/\/digidem-bayern.de\/wp-content\/uploads\/2023\/03\/PM-App-Studie-shutterstock_248776741.jpg","type":"image\/jpeg"}],"author":"Ilona H\u00f6rath","twitter_misc":{"Written by":"Ilona H\u00f6rath","Est. reading time":"3 minutes"},"schema":{"@context":"https:\/\/schema.org","@graph":[{"@type":"Article","@id":"https:\/\/digidem-bayern.de\/hilfe-aus-dem-appstore-evidenz-von-apps-fuer-menschen-mit-demenz-und-pflegende-an-und-zugehoerigev\/#article","isPartOf":{"@id":"https:\/\/digidem-bayern.de\/hilfe-aus-dem-appstore-evidenz-von-apps-fuer-menschen-mit-demenz-und-pflegende-an-und-zugehoerigev\/"},"author":{"name":"Ilona H\u00f6rath","@id":"\/#\/schema\/person\/0bc1494f46fc2a051c761322a80e0941"},"headline":"Hilfe aus dem Appstore &#8211; Evidenz von Apps f\u00fcr Menschen mit Demenz und pflegende An- und Zugeh\u00f6rige","datePublished":"2023-03-29T15:28:45+00:00","dateModified":"2024-02-23T11:31:06+00:00","mainEntityOfPage":{"@id":"https:\/\/digidem-bayern.de\/hilfe-aus-dem-appstore-evidenz-von-apps-fuer-menschen-mit-demenz-und-pflegende-an-und-zugehoerigev\/"},"wordCount":362,"commentCount":0,"publisher":{"@id":"\/#organization"},"image":{"@id":"https:\/\/digidem-bayern.de\/hilfe-aus-dem-appstore-evidenz-von-apps-fuer-menschen-mit-demenz-und-pflegende-an-und-zugehoerigev\/#primaryimage"},"thumbnailUrl":"https:\/\/digidem-bayern.de\/wp-content\/uploads\/2023\/03\/PM-App-Studie-shutterstock_248776741.jpg","keywords":["Alzheimer","App-Store","Apps","Demenz","Demenz-Apps","digidem","digidem Bayern","Digitales Demenzregister Bayern","Gesundheitsanwendung","Gesundheitssystem","Medizininformatik"],"articleSection":["Sciene Watch Live ARCHIV"],"inLanguage":"en-US","potentialAction":[{"@type":"CommentAction","name":"Comment","target":["https:\/\/digidem-bayern.de\/hilfe-aus-dem-appstore-evidenz-von-apps-fuer-menschen-mit-demenz-und-pflegende-an-und-zugehoerigev\/#respond"]}]},{"@type":"WebPage","@id":"https:\/\/digidem-bayern.de\/hilfe-aus-dem-appstore-evidenz-von-apps-fuer-menschen-mit-demenz-und-pflegende-an-und-zugehoerigev\/","url":"https:\/\/digidem-bayern.de\/hilfe-aus-dem-appstore-evidenz-von-apps-fuer-menschen-mit-demenz-und-pflegende-an-und-zugehoerigev\/","name":"Hilfe aus dem Appstore - Evidenz von Apps f\u00fcr Menschen mit Demenz und pflegende An- und Zugeh\u00f6rige - digiDEM Bayern","isPartOf":{"@id":"\/#website"},"primaryImageOfPage":{"@id":"https:\/\/digidem-bayern.de\/hilfe-aus-dem-appstore-evidenz-von-apps-fuer-menschen-mit-demenz-und-pflegende-an-und-zugehoerigev\/#primaryimage"},"image":{"@id":"https:\/\/digidem-bayern.de\/hilfe-aus-dem-appstore-evidenz-von-apps-fuer-menschen-mit-demenz-und-pflegende-an-und-zugehoerigev\/#primaryimage"},"thumbnailUrl":"https:\/\/digidem-bayern.de\/wp-content\/uploads\/2023\/03\/PM-App-Studie-shutterstock_248776741.jpg","datePublished":"2023-03-29T15:28:45+00:00","dateModified":"2024-02-23T11:31:06+00:00","description":"Im Webinar \"digiDEM Bayern Science Watch LIVE\" behandeln Wissenschaftler ein Thema aus der Demenzforschung und stehen live f\u00fcr Fragen zur Verf\u00fcgung.","breadcrumb":{"@id":"https:\/\/digidem-bayern.de\/hilfe-aus-dem-appstore-evidenz-von-apps-fuer-menschen-mit-demenz-und-pflegende-an-und-zugehoerigev\/#breadcrumb"},"inLanguage":"en-US","potentialAction":[{"@type":"ReadAction","target":["https:\/\/digidem-bayern.de\/hilfe-aus-dem-appstore-evidenz-von-apps-fuer-menschen-mit-demenz-und-pflegende-an-und-zugehoerigev\/"]}]},{"@type":"ImageObject","inLanguage":"en-US","@id":"https:\/\/digidem-bayern.de\/hilfe-aus-dem-appstore-evidenz-von-apps-fuer-menschen-mit-demenz-und-pflegende-an-und-zugehoerigev\/#primaryimage","url":"https:\/\/digidem-bayern.de\/wp-content\/uploads\/2023\/03\/PM-App-Studie-shutterstock_248776741.jpg","contentUrl":"https:\/\/digidem-bayern.de\/wp-content\/uploads\/2023\/03\/PM-App-Studie-shutterstock_248776741.jpg","width":1000,"height":667,"caption":"Ein Forschungsteam der FAU Erlangen-N\u00fcrnberg und des Digitalen Demenzregisters Bayern (digiDEM Bayern) hat erstmals deutschsprachige Apps f\u00fcr Menschen mit Demenz und f\u00fcr pflegende An- und Zugeh\u00f6rige auf wissenschaftliche Evidenz und Nutzerqualit\u00e4t bewertet und kommt zu zwei ern\u00fcchternden Ergebnissen."},{"@type":"BreadcrumbList","@id":"https:\/\/digidem-bayern.de\/hilfe-aus-dem-appstore-evidenz-von-apps-fuer-menschen-mit-demenz-und-pflegende-an-und-zugehoerigev\/#breadcrumb","itemListElement":[{"@type":"ListItem","position":1,"name":"Startseite","item":"https:\/\/digidem-bayern.de\/"},{"@type":"ListItem","position":2,"name":"Hilfe aus dem Appstore &#8211; Evidenz von Apps f\u00fcr Menschen mit Demenz und pflegende An- und Zugeh\u00f6rige"}]},{"@type":"WebSite","@id":"\/#website","url":"\/","name":"digiDEM Bavaria","description":"The digital dementia register in Bavaria researches and improves the structure of services for people with dementia and their relatives","publisher":{"@id":"\/#organization"},"potentialAction":[{"@type":"SearchAction","target":{"@type":"EntryPoint","urlTemplate":"\/?s={search_term_string}"},"query-input":{"@type":"PropertyValueSpecification","valueRequired":true,"valueName":"search_term_string"}}],"inLanguage":"en-US"},{"@type":"Organization","@id":"\/#organization","name":"digiDEM Bavaria","url":"\/","logo":{"@type":"ImageObject","inLanguage":"en-US","@id":"\/#\/schema\/logo\/image\/","url":"https:\/\/digidem-bayern.de\/wp-content\/uploads\/2022\/03\/cropped-Allgemeines_digiDEMLOGO-removebg-preview.png","contentUrl":"https:\/\/digidem-bayern.de\/wp-content\/uploads\/2022\/03\/cropped-Allgemeines_digiDEMLOGO-removebg-preview.png","width":612,"height":357,"caption":"digiDEM Bayern"},"image":{"@id":"\/#\/schema\/logo\/image\/"},"sameAs":["https:\/\/www.facebook.com\/digiDEMBayern\/","https:\/\/x.com\/digidem_bayern","https:\/\/www.instagram.com\/digidem.bayern","https:\/\/www.linkedin.com\/company\/digidem-bayern\/"]},{"@type":"Person","@id":"\/#\/schema\/person\/0bc1494f46fc2a051c761322a80e0941","name":"Ilona H\u00f6rath","url":"https:\/\/digidem-bayern.de\/en\/author\/hoeratia\/"}]}},"uagb_featured_image_src":{"full":["https:\/\/digidem-bayern.de\/wp-content\/uploads\/2023\/03\/PM-App-Studie-shutterstock_248776741.jpg",1000,667,false],"thumbnail":["https:\/\/digidem-bayern.de\/wp-content\/uploads\/2023\/03\/PM-App-Studie-shutterstock_248776741-80x80.jpg",80,80,true],"medium":["https:\/\/digidem-bayern.de\/wp-content\/uploads\/2023\/03\/PM-App-Studie-shutterstock_248776741-300x200.jpg",300,200,true],"medium_large":["https:\/\/digidem-bayern.de\/wp-content\/uploads\/2023\/03\/PM-App-Studie-shutterstock_248776741-768x512.jpg",768,512,true],"large":["https:\/\/digidem-bayern.de\/wp-content\/uploads\/2023\/03\/PM-App-Studie-shutterstock_248776741.jpg",1000,667,false],"1536x1536":["https:\/\/digidem-bayern.de\/wp-content\/uploads\/2023\/03\/PM-App-Studie-shutterstock_248776741.jpg",1000,667,false],"2048x2048":["https:\/\/digidem-bayern.de\/wp-content\/uploads\/2023\/03\/PM-App-Studie-shutterstock_248776741.jpg",1000,667,false],"trp-custom-language-flag":["https:\/\/digidem-bayern.de\/wp-content\/uploads\/2023\/03\/PM-App-Studie-shutterstock_248776741.jpg",18,12,false],"qubely_landscape":["https:\/\/digidem-bayern.de\/wp-content\/uploads\/2023\/03\/PM-App-Studie-shutterstock_248776741.jpg",1000,667,false],"qubely_portrait":["https:\/\/digidem-bayern.de\/wp-content\/uploads\/2023\/03\/PM-App-Studie-shutterstock_248776741-540x320.jpg",540,320,true],"qubely_thumbnail":["https:\/\/digidem-bayern.de\/wp-content\/uploads\/2023\/03\/PM-App-Studie-shutterstock_248776741-140x100.jpg",140,100,true],"post-thumbnail":["https:\/\/digidem-bayern.de\/wp-content\/uploads\/2023\/03\/PM-App-Studie-shutterstock_248776741-525x350.jpg",525,350,true],"kahuna-featured":["https:\/\/digidem-bayern.de\/wp-content\/uploads\/2023\/03\/PM-App-Studie-shutterstock_248776741-734x350.jpg",734,350,true],"kahuna-featured-lp":["https:\/\/digidem-bayern.de\/wp-content\/uploads\/2023\/03\/PM-App-Studie-shutterstock_248776741-520x350.jpg",520,350,true],"kahuna-featured-half":["https:\/\/digidem-bayern.de\/wp-content\/uploads\/2023\/03\/PM-App-Studie-shutterstock_248776741-800x350.jpg",800,350,true],"kahuna-featured-third":["https:\/\/digidem-bayern.de\/wp-content\/uploads\/2023\/03\/PM-App-Studie-shutterstock_248776741-512x350.jpg",512,350,true],"kahuna-lpbox-1":["https:\/\/digidem-bayern.de\/wp-content\/uploads\/2023\/03\/PM-App-Studie-shutterstock_248776741-520x300.jpg",520,300,true],"kahuna-lpbox-2":["https:\/\/digidem-bayern.de\/wp-content\/uploads\/2023\/03\/PM-App-Studie-shutterstock_248776741-520x350.jpg",520,350,true],"demand-language-flag":["https:\/\/digidem-bayern.de\/wp-content\/uploads\/2023\/03\/PM-App-Studie-shutterstock_248776741.jpg",36,24,false],"dddkt-language-flag":["https:\/\/digidem-bayern.de\/wp-content\/uploads\/2023\/03\/PM-App-Studie-shutterstock_248776741-36x36.jpg",36,36,true],"ddiqc-language-flag":["https:\/\/digidem-bayern.de\/wp-content\/uploads\/2023\/03\/PM-App-Studie-shutterstock_248776741-36x36.jpg",36,36,true],"ddtl-language-flag":["https:\/\/digidem-bayern.de\/wp-content\/uploads\/2023\/03\/PM-App-Studie-shutterstock_248776741-36x36.jpg",36,36,true],"mailpoet_newsletter_max":["https:\/\/digidem-bayern.de\/wp-content\/uploads\/2023\/03\/PM-App-Studie-shutterstock_248776741.jpg",1000,667,false],"kahuna-lpbox-3":["https:\/\/digidem-bayern.de\/wp-content\/uploads\/2023\/03\/PM-App-Studie-shutterstock_248776741-520x350.jpg",520,350,true],"kahuna-featured-square":["https:\/\/digidem-bayern.de\/wp-content\/uploads\/2023\/03\/PM-App-Studie-shutterstock_248776741-512x512.jpg",512,512,true],"kahuna-featured-square-large":["https:\/\/digidem-bayern.de\/wp-content\/uploads\/2023\/03\/PM-App-Studie-shutterstock_248776741.jpg",1000,667,false]},"uagb_author_info":{"display_name":"Ilona H\u00f6rath","author_link":"https:\/\/digidem-bayern.de\/en\/author\/hoeratia\/"},"uagb_comment_info":1,"uagb_excerpt":"In Sachen Digitalisierung des Gesundheitssystems hat Deutschland Nachholbedarf. Gleichzeitig erfreuen sich&nbsp;Gesundheits-Apps immer gr\u00f6\u00dferer Beliebtheit. Sie lassen sich in Appstores bequem herunterladen und unabh\u00e4ngig von Ort und Zeit benutzen. Laut einer Studie sind fast 80 Prozent der 60- bis 69-J\u00e4hrigen &#8222;online&#8220;. Doch wie steht es um die Qualit\u00e4t der Apps, gerade &hellip;","_links":{"self":[{"href":"https:\/\/digidem-bayern.de\/en\/wp-json\/wp\/v2\/posts\/26977","targetHints":{"allow":["GET"]}}],"collection":[{"href":"https:\/\/digidem-bayern.de\/en\/wp-json\/wp\/v2\/posts"}],"about":[{"href":"https:\/\/digidem-bayern.de\/en\/wp-json\/wp\/v2\/types\/post"}],"author":[{"embeddable":true,"href":"https:\/\/digidem-bayern.de\/en\/wp-json\/wp\/v2\/users\/12"}],"replies":[{"embeddable":true,"href":"https:\/\/digidem-bayern.de\/en\/wp-json\/wp\/v2\/comments?post=26977"}],"version-history":[{"count":10,"href":"https:\/\/digidem-bayern.de\/en\/wp-json\/wp\/v2\/posts\/26977\/revisions"}],"predecessor-version":[{"id":33143,"href":"https:\/\/digidem-bayern.de\/en\/wp-json\/wp\/v2\/posts\/26977\/revisions\/33143"}],"wp:featuredmedia":[{"embeddable":true,"href":"https:\/\/digidem-bayern.de\/en\/wp-json\/wp\/v2\/media\/26812"}],"wp:attachment":[{"href":"https:\/\/digidem-bayern.de\/en\/wp-json\/wp\/v2\/media?parent=26977"}],"wp:term":[{"taxonomy":"category","embeddable":true,"href":"https:\/\/digidem-bayern.de\/en\/wp-json\/wp\/v2\/categories?post=26977"},{"taxonomy":"post_tag","embeddable":true,"href":"https:\/\/digidem-bayern.de\/en\/wp-json\/wp\/v2\/tags?post=26977"}],"curies":[{"name":"wp","href":"https:\/\/api.w.org\/{rel}","templated":true}]}}