{"id":26789,"date":"2023-03-23T09:05:00","date_gmt":"2023-03-23T08:05:00","guid":{"rendered":"https:\/\/digidem-bayern.de\/?p=26789"},"modified":"2023-04-11T12:05:34","modified_gmt":"2023-04-11T10:05:34","slug":"soziale-integration-kann-demenzrisiko-senken","status":"publish","type":"post","link":"https:\/\/digidem-bayern.de\/en\/soziale-integration-kann-demenzrisiko-senken\/","title":{"rendered":"Soziale Integration kann Demenzrisiko senken"},"content":{"rendered":"<p><strong>Werden Risikofaktoren ermittelt und beeinflusst, k\u00f6nnen diese das Auftreten einer Demenz hinausz\u00f6gern oder bestenfalls verhindern. Ein wesentlicher und auch ver\u00e4nderbarer Risikofaktor ist dabei die soziale Integration. Aktuell fehlt es jedoch noch an einem umfassenden Verst\u00e4ndnis f\u00fcr den Zusammenhang zwischen Demenzrisiko und sozialer Integration.<\/strong><\/p>\n\n\n<div class=\"wp-block-image\">\n<figure class=\"alignright size-full is-resized\"><img loading=\"lazy\" decoding=\"async\" src=\"https:\/\/digidem-bayern.de\/wp-content\/uploads\/2023\/03\/Soziale-Integration-shutterstock_1380564185.jpg\" alt=\"Soziales Engagement wirkt sich positiv auf Gesunderhaltung aus.\" class=\"wp-image-26799\" width=\"444\" height=\"296\" srcset=\"https:\/\/digidem-bayern.de\/wp-content\/uploads\/2023\/03\/Soziale-Integration-shutterstock_1380564185.jpg 1000w, https:\/\/digidem-bayern.de\/wp-content\/uploads\/2023\/03\/Soziale-Integration-shutterstock_1380564185-300x200.jpg 300w, https:\/\/digidem-bayern.de\/wp-content\/uploads\/2023\/03\/Soziale-Integration-shutterstock_1380564185-768x512.jpg 768w, https:\/\/digidem-bayern.de\/wp-content\/uploads\/2023\/03\/Soziale-Integration-shutterstock_1380564185-525x350.jpg 525w\" sizes=\"auto, (max-width: 444px) 100vw, 444px\" \/><\/figure>\n<\/div>\n\n\n<p>Das Ziel der systematischen \u00dcbersichtsarbeit von Wang und Kolleg*innen war es daher, den Zusammenhang zwischen sozialer Integration und Demenzrisiko sowie den Einfluss der gesellschaftlichen Teilhabe im Verlauf eines l\u00e4ngeren Zeitraums darzustellen. In der Studie definierten die Forscher*innen &#8222;Soziale Integration&#8220; als die Bindung des Einzelnen an die Gesellschaft, an die Familie und an Freunde sowie an Gemeinschaftseinrichtungen. Dieser Definition legten die Autor*innen ein bestimmtes Modell zugrunde. Insgesamt analysierten die Forschenden 32 Studien, bei denen der Untersuchungszeitraum zwischen zwei und 20 Jahren variierte.&nbsp;<\/p>\n\n\n\n<p><strong>Soziales Engagement wirkt sich positiv auf Gesunderhaltung aus<\/strong><\/p>\n\n\n\n<p>Die Forscher*innen kamen zu dem Schluss, dass besonders das soziale Engagement sowie die H\u00e4ufigkeit der sozialen Kontakte einen sch\u00fctzenden Faktor darstellen. Zudem kann die Gr\u00f6\u00dfe des eigenen sozialen Netzwerkes einen nicht unerheblichen Einfluss auf die Gesunderhaltung haben. Nach Wang und Kolleg*innen spielt die aktive Teilnahme an sozialen Aktivit\u00e4ten eine durchaus gr\u00f6\u00dfere Rolle als das reine Akzeptieren sozialer Unterst\u00fctzung.<\/p>\n\n\n\n<p><strong>Einsamkeit ist mit h\u00f6herem Demenzrisiko verbunden<\/strong><\/p>\n\n\n\n<p>Die Studie beleuchtet aber auch die negativen Auswirkungen von fehlender gesellschaftlicher Teilhabe in Bezug auf das Demenzrisiko. So kann Einsamkeit als Risikofaktor f\u00fcr Demenz hinsichtlich seiner Auswirkung mit dem Risikofaktor Adipositas verglichen und sogar als bedeutsamer als der Demenz-Risikofaktor Geh\u00f6rverlust gewichtet werden.&nbsp;<\/p>\n\n\n\n<p>Zusammenfassend sind sich die Forscher*innen sicher:&nbsp;Die identifizierten Faktoren f\u00fcr die soziale Integration k\u00f6nnen Politiker*innen, Gesundheitsexpert*innen und Forschenden wichtige Erkenntnisse f\u00fcr die Entwicklung von Ma\u00dfnahmen zur Demenzpr\u00e4vention bei Erwachsenen liefern.<\/p>\n\n\n\n<p>Hier geht\u2019s zur Studie:<\/p>\n\n\n\n<p><a href=\"https:\/\/agsjournals.onlinelibrary.wiley.com\/doi\/abs\/10.1111\/jgs.18094\">Association between social integration and risk of dementia: A systematic review and meta-analysis of longitudinal studies<\/a><\/p>\n\n\n\n<p><\/p>\n\n\n\n<p><\/p>\n\n\n\n<p><\/p>\n\n\n\n<p><\/p>\n\n\n\n<p><\/p>\n\n\n\n<p style=\"font-size:20px\"><\/p>\n\n\n\n<div style=\"height:20px\" aria-hidden=\"true\" class=\"wp-block-spacer\"><\/div>\n\n\n\n<div style=\"height:20px\" aria-hidden=\"true\" class=\"wp-block-spacer\"><\/div>","protected":false},"excerpt":{"rendered":"<p>Werden Risikofaktoren ermittelt und beeinflusst, k\u00f6nnen diese das Auftreten einer Demenz hinausz\u00f6gern oder bestenfalls verhindern. Ein wesentlicher und auch ver\u00e4nderbarer Risikofaktor ist dabei die soziale Integration. Aktuell fehlt es jedoch noch an einem umfassenden Verst\u00e4ndnis f\u00fcr den Zusammenhang zwischen Demenzrisiko und sozialer Integration. Das Ziel der systematischen \u00dcbersichtsarbeit von Wang &hellip;<\/p>","protected":false},"author":12,"featured_media":26799,"comment_status":"open","ping_status":"closed","sticky":true,"template":"","format":"standard","meta":{"qubely_global_settings":"","qubely_interactions":"","_uag_custom_page_level_css":"","footnotes":""},"categories":[5],"tags":[13,12,664,177,14,17,55,662,663,93,104,661],"class_list":["post-26789","post","type-post","status-publish","format-standard","has-post-thumbnail","hentry","category-wissenschaft-forschung","tag-alzheimer","tag-demenz-2","tag-demenzpraevantion","tag-demenzrisiko","tag-digidem","tag-digidem-bayern","tag-digitales-demenzregister-bayern","tag-gesellschaft","tag-netzwerk","tag-pflegende-angehoerige","tag-risikofaktoren","tag-soziale-integration"],"qubely_featured_image_url":{"full":["https:\/\/digidem-bayern.de\/wp-content\/uploads\/2023\/03\/Soziale-Integration-shutterstock_1380564185.jpg",1000,667,false],"landscape":["https:\/\/digidem-bayern.de\/wp-content\/uploads\/2023\/03\/Soziale-Integration-shutterstock_1380564185.jpg",1000,667,false],"portraits":["https:\/\/digidem-bayern.de\/wp-content\/uploads\/2023\/03\/Soziale-Integration-shutterstock_1380564185-540x320.jpg",540,320,true],"thumbnail":["https:\/\/digidem-bayern.de\/wp-content\/uploads\/2023\/03\/Soziale-Integration-shutterstock_1380564185-80x80.jpg",80,80,true],"medium":["https:\/\/digidem-bayern.de\/wp-content\/uploads\/2023\/03\/Soziale-Integration-shutterstock_1380564185-300x200.jpg",300,200,true],"medium_large":["https:\/\/digidem-bayern.de\/wp-content\/uploads\/2023\/03\/Soziale-Integration-shutterstock_1380564185-768x512.jpg",768,512,true],"large":["https:\/\/digidem-bayern.de\/wp-content\/uploads\/2023\/03\/Soziale-Integration-shutterstock_1380564185.jpg",1000,667,false],"1536x1536":["https:\/\/digidem-bayern.de\/wp-content\/uploads\/2023\/03\/Soziale-Integration-shutterstock_1380564185.jpg",1000,667,false],"2048x2048":["https:\/\/digidem-bayern.de\/wp-content\/uploads\/2023\/03\/Soziale-Integration-shutterstock_1380564185.jpg",1000,667,false],"trp-custom-language-flag":["https:\/\/digidem-bayern.de\/wp-content\/uploads\/2023\/03\/Soziale-Integration-shutterstock_1380564185.jpg",18,12,false],"qubely_landscape":["https:\/\/digidem-bayern.de\/wp-content\/uploads\/2023\/03\/Soziale-Integration-shutterstock_1380564185.jpg",1000,667,false],"qubely_portrait":["https:\/\/digidem-bayern.de\/wp-content\/uploads\/2023\/03\/Soziale-Integration-shutterstock_1380564185-540x320.jpg",540,320,true],"qubely_thumbnail":["https:\/\/digidem-bayern.de\/wp-content\/uploads\/2023\/03\/Soziale-Integration-shutterstock_1380564185-140x100.jpg",140,100,true],"post-thumbnail":["https:\/\/digidem-bayern.de\/wp-content\/uploads\/2023\/03\/Soziale-Integration-shutterstock_1380564185-525x350.jpg",525,350,true],"kahuna-featured":["https:\/\/digidem-bayern.de\/wp-content\/uploads\/2023\/03\/Soziale-Integration-shutterstock_1380564185-734x350.jpg",734,350,true],"kahuna-featured-lp":["https:\/\/digidem-bayern.de\/wp-content\/uploads\/2023\/03\/Soziale-Integration-shutterstock_1380564185-520x350.jpg",520,350,true],"kahuna-featured-half":["https:\/\/digidem-bayern.de\/wp-content\/uploads\/2023\/03\/Soziale-Integration-shutterstock_1380564185-800x350.jpg",800,350,true],"kahuna-featured-third":["https:\/\/digidem-bayern.de\/wp-content\/uploads\/2023\/03\/Soziale-Integration-shutterstock_1380564185-512x350.jpg",512,350,true],"kahuna-lpbox-1":["https:\/\/digidem-bayern.de\/wp-content\/uploads\/2023\/03\/Soziale-Integration-shutterstock_1380564185-520x300.jpg",520,300,true],"kahuna-lpbox-2":["https:\/\/digidem-bayern.de\/wp-content\/uploads\/2023\/03\/Soziale-Integration-shutterstock_1380564185-520x350.jpg",520,350,true],"demand-language-flag":["https:\/\/digidem-bayern.de\/wp-content\/uploads\/2023\/03\/Soziale-Integration-shutterstock_1380564185.jpg",36,24,false],"dddkt-language-flag":["https:\/\/digidem-bayern.de\/wp-content\/uploads\/2023\/03\/Soziale-Integration-shutterstock_1380564185-36x36.jpg",36,36,true],"ddiqc-language-flag":["https:\/\/digidem-bayern.de\/wp-content\/uploads\/2023\/03\/Soziale-Integration-shutterstock_1380564185-36x36.jpg",36,36,true],"ddtl-language-flag":["https:\/\/digidem-bayern.de\/wp-content\/uploads\/2023\/03\/Soziale-Integration-shutterstock_1380564185-36x36.jpg",36,36,true],"mailpoet_newsletter_max":["https:\/\/digidem-bayern.de\/wp-content\/uploads\/2023\/03\/Soziale-Integration-shutterstock_1380564185.jpg",1000,667,false],"kahuna-lpbox-3":["https:\/\/digidem-bayern.de\/wp-content\/uploads\/2023\/03\/Soziale-Integration-shutterstock_1380564185-520x350.jpg",520,350,true],"kahuna-featured-square":["https:\/\/digidem-bayern.de\/wp-content\/uploads\/2023\/03\/Soziale-Integration-shutterstock_1380564185-512x512.jpg",512,512,true],"kahuna-featured-square-large":["https:\/\/digidem-bayern.de\/wp-content\/uploads\/2023\/03\/Soziale-Integration-shutterstock_1380564185.jpg",1000,667,false]},"qubely_author":{"display_name":"Ilona H\u00f6rath","author_link":"https:\/\/digidem-bayern.de\/en\/author\/hoeratia\/"},"qubely_comment":0,"qubely_category":"<a href=\"https:\/\/digidem-bayern.de\/en\/category\/wissenschaft-forschung\/\" rel=\"category tag\">Wissenschaft &amp; Forschung<\/a>","qubely_excerpt":"Werden Risikofaktoren ermittelt und beeinflusst, k\u00f6nnen diese das Auftreten einer Demenz hinausz\u00f6gern oder bestenfalls verhindern. Ein wesentlicher und auch ver\u00e4nderbarer Risikofaktor ist dabei die soziale Integration. Aktuell fehlt es jedoch noch an einem umfassenden Verst\u00e4ndnis f\u00fcr den Zusammenhang zwischen Demenzrisiko und sozialer Integration. Das Ziel der systematischen \u00dcbersichtsarbeit von Wang &hellip;","featured_image_urls_v2":{"full":["https:\/\/digidem-bayern.de\/wp-content\/uploads\/2023\/03\/Soziale-Integration-shutterstock_1380564185.jpg",1000,667,false],"thumbnail":["https:\/\/digidem-bayern.de\/wp-content\/uploads\/2023\/03\/Soziale-Integration-shutterstock_1380564185-80x80.jpg",80,80,true],"medium":["https:\/\/digidem-bayern.de\/wp-content\/uploads\/2023\/03\/Soziale-Integration-shutterstock_1380564185-300x200.jpg",300,200,true],"medium_large":["https:\/\/digidem-bayern.de\/wp-content\/uploads\/2023\/03\/Soziale-Integration-shutterstock_1380564185-768x512.jpg",768,512,true],"large":["https:\/\/digidem-bayern.de\/wp-content\/uploads\/2023\/03\/Soziale-Integration-shutterstock_1380564185.jpg",1000,667,false],"1536x1536":["https:\/\/digidem-bayern.de\/wp-content\/uploads\/2023\/03\/Soziale-Integration-shutterstock_1380564185.jpg",1000,667,false],"2048x2048":["https:\/\/digidem-bayern.de\/wp-content\/uploads\/2023\/03\/Soziale-Integration-shutterstock_1380564185.jpg",1000,667,false],"trp-custom-language-flag":["https:\/\/digidem-bayern.de\/wp-content\/uploads\/2023\/03\/Soziale-Integration-shutterstock_1380564185.jpg",18,12,false],"qubely_landscape":["https:\/\/digidem-bayern.de\/wp-content\/uploads\/2023\/03\/Soziale-Integration-shutterstock_1380564185.jpg",1000,667,false],"qubely_portrait":["https:\/\/digidem-bayern.de\/wp-content\/uploads\/2023\/03\/Soziale-Integration-shutterstock_1380564185-540x320.jpg",540,320,true],"qubely_thumbnail":["https:\/\/digidem-bayern.de\/wp-content\/uploads\/2023\/03\/Soziale-Integration-shutterstock_1380564185-140x100.jpg",140,100,true],"post-thumbnail":["https:\/\/digidem-bayern.de\/wp-content\/uploads\/2023\/03\/Soziale-Integration-shutterstock_1380564185-525x350.jpg",525,350,true],"kahuna-featured":["https:\/\/digidem-bayern.de\/wp-content\/uploads\/2023\/03\/Soziale-Integration-shutterstock_1380564185-734x350.jpg",734,350,true],"kahuna-featured-lp":["https:\/\/digidem-bayern.de\/wp-content\/uploads\/2023\/03\/Soziale-Integration-shutterstock_1380564185-520x350.jpg",520,350,true],"kahuna-featured-half":["https:\/\/digidem-bayern.de\/wp-content\/uploads\/2023\/03\/Soziale-Integration-shutterstock_1380564185-800x350.jpg",800,350,true],"kahuna-featured-third":["https:\/\/digidem-bayern.de\/wp-content\/uploads\/2023\/03\/Soziale-Integration-shutterstock_1380564185-512x350.jpg",512,350,true],"kahuna-lpbox-1":["https:\/\/digidem-bayern.de\/wp-content\/uploads\/2023\/03\/Soziale-Integration-shutterstock_1380564185-520x300.jpg",520,300,true],"kahuna-lpbox-2":["https:\/\/digidem-bayern.de\/wp-content\/uploads\/2023\/03\/Soziale-Integration-shutterstock_1380564185-520x350.jpg",520,350,true],"demand-language-flag":["https:\/\/digidem-bayern.de\/wp-content\/uploads\/2023\/03\/Soziale-Integration-shutterstock_1380564185.jpg",36,24,false],"dddkt-language-flag":["https:\/\/digidem-bayern.de\/wp-content\/uploads\/2023\/03\/Soziale-Integration-shutterstock_1380564185-36x36.jpg",36,36,true],"ddiqc-language-flag":["https:\/\/digidem-bayern.de\/wp-content\/uploads\/2023\/03\/Soziale-Integration-shutterstock_1380564185-36x36.jpg",36,36,true],"ddtl-language-flag":["https:\/\/digidem-bayern.de\/wp-content\/uploads\/2023\/03\/Soziale-Integration-shutterstock_1380564185-36x36.jpg",36,36,true],"mailpoet_newsletter_max":["https:\/\/digidem-bayern.de\/wp-content\/uploads\/2023\/03\/Soziale-Integration-shutterstock_1380564185.jpg",1000,667,false],"kahuna-lpbox-3":["https:\/\/digidem-bayern.de\/wp-content\/uploads\/2023\/03\/Soziale-Integration-shutterstock_1380564185-520x350.jpg",520,350,true],"kahuna-featured-square":["https:\/\/digidem-bayern.de\/wp-content\/uploads\/2023\/03\/Soziale-Integration-shutterstock_1380564185-512x512.jpg",512,512,true],"kahuna-featured-square-large":["https:\/\/digidem-bayern.de\/wp-content\/uploads\/2023\/03\/Soziale-Integration-shutterstock_1380564185.jpg",1000,667,false]},"post_excerpt_stackable_v2":"<p>Werden Risikofaktoren ermittelt und beeinflusst, k\u00f6nnen diese das Auftreten einer Demenz hinausz\u00f6gern oder bestenfalls verhindern. Ein wesentlicher und auch ver\u00e4nderbarer Risikofaktor ist dabei die soziale Integration. Aktuell fehlt es jedoch noch an einem umfassenden Verst\u00e4ndnis f\u00fcr den Zusammenhang zwischen Demenzrisiko und sozialer Integration. Das Ziel der systematischen \u00dcbersichtsarbeit von Wang und Kolleg*innen war es daher, den Zusammenhang zwischen sozialer Integration und Demenzrisiko sowie den Einfluss der gesellschaftlichen Teilhabe im Verlauf eines l\u00e4ngeren Zeitraums darzustellen. In der Studie definierten die Forscher*innen &#8222;Soziale Integration&#8220; als die Bindung des Einzelnen an die Gesellschaft, an die Familie und an Freunde sowie an Gemeinschaftseinrichtungen. Dieser&hellip;<\/p>\n","category_list_v2":"<a href=\"https:\/\/digidem-bayern.de\/en\/category\/wissenschaft-forschung\/\" rel=\"category tag\">Wissenschaft &amp; Forschung<\/a>","author_info_v2":{"name":"Ilona H\u00f6rath","url":"https:\/\/digidem-bayern.de\/en\/author\/hoeratia\/"},"comments_num_v2":"0 comments","yoast_head":"<!-- This site is optimized with the Yoast SEO plugin v27.5 - https:\/\/yoast.com\/product\/yoast-seo-wordpress\/ -->\n<title>Soziale Integration kann Demenzrisiko senken - digiDEM Bayern<\/title>\n<meta name=\"description\" content=\"Der Bayerische Landesapothekerkammer unterst\u00fctzt digiDEM Bayern mit Hilfe des Netzwerks &quot;Demenzfreundliche Apotheken&quot;.\" \/>\n<meta name=\"robots\" content=\"index, follow, max-snippet:-1, max-image-preview:large, max-video-preview:-1\" \/>\n<link rel=\"canonical\" href=\"https:\/\/digidem-bayern.de\/en\/soziale-integration-kann-demenzrisiko-senken\/\" \/>\n<meta property=\"og:locale\" content=\"en_US\" \/>\n<meta property=\"og:type\" content=\"article\" \/>\n<meta property=\"og:title\" content=\"Soziale Integration kann Demenzrisiko senken - digiDEM Bayern\" \/>\n<meta property=\"og:description\" content=\"Der Bayerische Landesapothekerkammer unterst\u00fctzt digiDEM Bayern mit Hilfe des Netzwerks &quot;Demenzfreundliche Apotheken&quot;.\" \/>\n<meta property=\"og:url\" content=\"https:\/\/digidem-bayern.de\/en\/soziale-integration-kann-demenzrisiko-senken\/\" \/>\n<meta property=\"og:site_name\" content=\"digiDEM Bayern\" \/>\n<meta property=\"article:publisher\" content=\"https:\/\/www.facebook.com\/digiDEMBayern\/\" \/>\n<meta property=\"article:published_time\" content=\"2023-03-23T08:05:00+00:00\" \/>\n<meta property=\"article:modified_time\" content=\"2023-04-11T10:05:34+00:00\" \/>\n<meta property=\"og:image\" content=\"https:\/\/digidem-bayern.de\/wp-content\/uploads\/2023\/03\/Soziale-Integration-shutterstock_1380564185.jpg\" \/>\n\t<meta property=\"og:image:width\" content=\"1000\" \/>\n\t<meta property=\"og:image:height\" content=\"667\" \/>\n\t<meta property=\"og:image:type\" content=\"image\/jpeg\" \/>\n<meta name=\"author\" content=\"Ilona H\u00f6rath\" \/>\n<meta name=\"twitter:label1\" content=\"Written by\" \/>\n\t<meta name=\"twitter:data1\" content=\"Ilona H\u00f6rath\" \/>\n\t<meta name=\"twitter:label2\" content=\"Est. reading time\" \/>\n\t<meta name=\"twitter:data2\" content=\"2 minutes\" \/>\n<script type=\"application\/ld+json\" class=\"yoast-schema-graph\">{\"@context\":\"https:\\\/\\\/schema.org\",\"@graph\":[{\"@type\":\"Article\",\"@id\":\"https:\\\/\\\/digidem-bayern.de\\\/soziale-integration-kann-demenzrisiko-senken\\\/#article\",\"isPartOf\":{\"@id\":\"https:\\\/\\\/digidem-bayern.de\\\/soziale-integration-kann-demenzrisiko-senken\\\/\"},\"author\":{\"name\":\"Ilona H\u00f6rath\",\"@id\":\"\\\/#\\\/schema\\\/person\\\/0bc1494f46fc2a051c761322a80e0941\"},\"headline\":\"Soziale Integration kann Demenzrisiko senken\",\"datePublished\":\"2023-03-23T08:05:00+00:00\",\"dateModified\":\"2023-04-11T10:05:34+00:00\",\"mainEntityOfPage\":{\"@id\":\"https:\\\/\\\/digidem-bayern.de\\\/soziale-integration-kann-demenzrisiko-senken\\\/\"},\"wordCount\":323,\"commentCount\":0,\"publisher\":{\"@id\":\"\\\/#organization\"},\"image\":{\"@id\":\"https:\\\/\\\/digidem-bayern.de\\\/soziale-integration-kann-demenzrisiko-senken\\\/#primaryimage\"},\"thumbnailUrl\":\"https:\\\/\\\/digidem-bayern.de\\\/wp-content\\\/uploads\\\/2023\\\/03\\\/Soziale-Integration-shutterstock_1380564185.jpg\",\"keywords\":[\"Alzheimer\",\"Demenz\",\"Demenzpr\u00e4vantion\",\"Demenzrisiko\",\"digidem\",\"digidem Bayern\",\"Digitales Demenzregister Bayern\",\"Gesellschaft\",\"Netzwerk\",\"pflegende Angeh\u00f6rige\",\"Risikofaktoren\",\"soziale Integration\"],\"articleSection\":[\"Wissenschaft &amp; Forschung\"],\"inLanguage\":\"en-US\",\"potentialAction\":[{\"@type\":\"CommentAction\",\"name\":\"Comment\",\"target\":[\"https:\\\/\\\/digidem-bayern.de\\\/soziale-integration-kann-demenzrisiko-senken\\\/#respond\"]}]},{\"@type\":\"WebPage\",\"@id\":\"https:\\\/\\\/digidem-bayern.de\\\/soziale-integration-kann-demenzrisiko-senken\\\/\",\"url\":\"https:\\\/\\\/digidem-bayern.de\\\/soziale-integration-kann-demenzrisiko-senken\\\/\",\"name\":\"Soziale Integration kann Demenzrisiko senken - digiDEM Bayern\",\"isPartOf\":{\"@id\":\"\\\/#website\"},\"primaryImageOfPage\":{\"@id\":\"https:\\\/\\\/digidem-bayern.de\\\/soziale-integration-kann-demenzrisiko-senken\\\/#primaryimage\"},\"image\":{\"@id\":\"https:\\\/\\\/digidem-bayern.de\\\/soziale-integration-kann-demenzrisiko-senken\\\/#primaryimage\"},\"thumbnailUrl\":\"https:\\\/\\\/digidem-bayern.de\\\/wp-content\\\/uploads\\\/2023\\\/03\\\/Soziale-Integration-shutterstock_1380564185.jpg\",\"datePublished\":\"2023-03-23T08:05:00+00:00\",\"dateModified\":\"2023-04-11T10:05:34+00:00\",\"description\":\"Der Bayerische Landesapothekerkammer unterst\u00fctzt digiDEM Bayern mit Hilfe des Netzwerks \\\"Demenzfreundliche Apotheken\\\".\",\"breadcrumb\":{\"@id\":\"https:\\\/\\\/digidem-bayern.de\\\/soziale-integration-kann-demenzrisiko-senken\\\/#breadcrumb\"},\"inLanguage\":\"en-US\",\"potentialAction\":[{\"@type\":\"ReadAction\",\"target\":[\"https:\\\/\\\/digidem-bayern.de\\\/soziale-integration-kann-demenzrisiko-senken\\\/\"]}]},{\"@type\":\"ImageObject\",\"inLanguage\":\"en-US\",\"@id\":\"https:\\\/\\\/digidem-bayern.de\\\/soziale-integration-kann-demenzrisiko-senken\\\/#primaryimage\",\"url\":\"https:\\\/\\\/digidem-bayern.de\\\/wp-content\\\/uploads\\\/2023\\\/03\\\/Soziale-Integration-shutterstock_1380564185.jpg\",\"contentUrl\":\"https:\\\/\\\/digidem-bayern.de\\\/wp-content\\\/uploads\\\/2023\\\/03\\\/Soziale-Integration-shutterstock_1380564185.jpg\",\"width\":1000,\"height\":667,\"caption\":\"Soziales Engagement wirkt sich positiv auf Gesunderhaltung aus.\"},{\"@type\":\"BreadcrumbList\",\"@id\":\"https:\\\/\\\/digidem-bayern.de\\\/soziale-integration-kann-demenzrisiko-senken\\\/#breadcrumb\",\"itemListElement\":[{\"@type\":\"ListItem\",\"position\":1,\"name\":\"Startseite\",\"item\":\"https:\\\/\\\/digidem-bayern.de\\\/\"},{\"@type\":\"ListItem\",\"position\":2,\"name\":\"Soziale Integration kann Demenzrisiko senken\"}]},{\"@type\":\"WebSite\",\"@id\":\"\\\/#website\",\"url\":\"\\\/\",\"name\":\"digiDEM Bayern\",\"description\":\"Das digitale Demenzregister Bayern erforscht und verbessert die Angebotsstuktur f\u00fcr Menschen mit Demenz und deren Angeh\u00f6rige\",\"publisher\":{\"@id\":\"\\\/#organization\"},\"potentialAction\":[{\"@type\":\"SearchAction\",\"target\":{\"@type\":\"EntryPoint\",\"urlTemplate\":\"\\\/?s={search_term_string}\"},\"query-input\":{\"@type\":\"PropertyValueSpecification\",\"valueRequired\":true,\"valueName\":\"search_term_string\"}}],\"inLanguage\":\"en-US\"},{\"@type\":\"Organization\",\"@id\":\"\\\/#organization\",\"name\":\"digiDEM Bayern\",\"url\":\"\\\/\",\"logo\":{\"@type\":\"ImageObject\",\"inLanguage\":\"en-US\",\"@id\":\"\\\/#\\\/schema\\\/logo\\\/image\\\/\",\"url\":\"https:\\\/\\\/digidem-bayern.de\\\/wp-content\\\/uploads\\\/2022\\\/03\\\/cropped-Allgemeines_digiDEMLOGO-removebg-preview.png\",\"contentUrl\":\"https:\\\/\\\/digidem-bayern.de\\\/wp-content\\\/uploads\\\/2022\\\/03\\\/cropped-Allgemeines_digiDEMLOGO-removebg-preview.png\",\"width\":612,\"height\":357,\"caption\":\"digiDEM Bayern\"},\"image\":{\"@id\":\"\\\/#\\\/schema\\\/logo\\\/image\\\/\"},\"sameAs\":[\"https:\\\/\\\/www.facebook.com\\\/digiDEMBayern\\\/\",\"https:\\\/\\\/x.com\\\/digidem_bayern\",\"https:\\\/\\\/www.instagram.com\\\/digidem.bayern\",\"https:\\\/\\\/www.linkedin.com\\\/company\\\/digidem-bayern\\\/\"]},{\"@type\":\"Person\",\"@id\":\"\\\/#\\\/schema\\\/person\\\/0bc1494f46fc2a051c761322a80e0941\",\"name\":\"Ilona H\u00f6rath\",\"url\":\"https:\\\/\\\/digidem-bayern.de\\\/en\\\/author\\\/hoeratia\\\/\"}]}<\/script>\n<!-- \/ Yoast SEO plugin. -->","yoast_head_json":{"title":"Soziale Integration kann Demenzrisiko senken - digiDEM Bayern","description":"Der Bayerische Landesapothekerkammer unterst\u00fctzt digiDEM Bayern mit Hilfe des Netzwerks \"Demenzfreundliche Apotheken\".","robots":{"index":"index","follow":"follow","max-snippet":"max-snippet:-1","max-image-preview":"max-image-preview:large","max-video-preview":"max-video-preview:-1"},"canonical":"https:\/\/digidem-bayern.de\/en\/soziale-integration-kann-demenzrisiko-senken\/","og_locale":"en_US","og_type":"article","og_title":"Soziale Integration kann Demenzrisiko senken - digiDEM Bayern","og_description":"Der Bayerische Landesapothekerkammer unterst\u00fctzt digiDEM Bayern mit Hilfe des Netzwerks \"Demenzfreundliche Apotheken\".","og_url":"https:\/\/digidem-bayern.de\/en\/soziale-integration-kann-demenzrisiko-senken\/","og_site_name":"digiDEM Bayern","article_publisher":"https:\/\/www.facebook.com\/digiDEMBayern\/","article_published_time":"2023-03-23T08:05:00+00:00","article_modified_time":"2023-04-11T10:05:34+00:00","og_image":[{"width":1000,"height":667,"url":"https:\/\/digidem-bayern.de\/wp-content\/uploads\/2023\/03\/Soziale-Integration-shutterstock_1380564185.jpg","type":"image\/jpeg"}],"author":"Ilona H\u00f6rath","twitter_misc":{"Written by":"Ilona H\u00f6rath","Est. reading time":"2 minutes"},"schema":{"@context":"https:\/\/schema.org","@graph":[{"@type":"Article","@id":"https:\/\/digidem-bayern.de\/soziale-integration-kann-demenzrisiko-senken\/#article","isPartOf":{"@id":"https:\/\/digidem-bayern.de\/soziale-integration-kann-demenzrisiko-senken\/"},"author":{"name":"Ilona H\u00f6rath","@id":"\/#\/schema\/person\/0bc1494f46fc2a051c761322a80e0941"},"headline":"Soziale Integration kann Demenzrisiko senken","datePublished":"2023-03-23T08:05:00+00:00","dateModified":"2023-04-11T10:05:34+00:00","mainEntityOfPage":{"@id":"https:\/\/digidem-bayern.de\/soziale-integration-kann-demenzrisiko-senken\/"},"wordCount":323,"commentCount":0,"publisher":{"@id":"\/#organization"},"image":{"@id":"https:\/\/digidem-bayern.de\/soziale-integration-kann-demenzrisiko-senken\/#primaryimage"},"thumbnailUrl":"https:\/\/digidem-bayern.de\/wp-content\/uploads\/2023\/03\/Soziale-Integration-shutterstock_1380564185.jpg","keywords":["Alzheimer","Demenz","Demenzpr\u00e4vantion","Demenzrisiko","digidem","digidem Bayern","Digitales Demenzregister Bayern","Gesellschaft","Netzwerk","pflegende Angeh\u00f6rige","Risikofaktoren","soziale Integration"],"articleSection":["Wissenschaft &amp; Forschung"],"inLanguage":"en-US","potentialAction":[{"@type":"CommentAction","name":"Comment","target":["https:\/\/digidem-bayern.de\/soziale-integration-kann-demenzrisiko-senken\/#respond"]}]},{"@type":"WebPage","@id":"https:\/\/digidem-bayern.de\/soziale-integration-kann-demenzrisiko-senken\/","url":"https:\/\/digidem-bayern.de\/soziale-integration-kann-demenzrisiko-senken\/","name":"Soziale Integration kann Demenzrisiko senken - digiDEM Bayern","isPartOf":{"@id":"\/#website"},"primaryImageOfPage":{"@id":"https:\/\/digidem-bayern.de\/soziale-integration-kann-demenzrisiko-senken\/#primaryimage"},"image":{"@id":"https:\/\/digidem-bayern.de\/soziale-integration-kann-demenzrisiko-senken\/#primaryimage"},"thumbnailUrl":"https:\/\/digidem-bayern.de\/wp-content\/uploads\/2023\/03\/Soziale-Integration-shutterstock_1380564185.jpg","datePublished":"2023-03-23T08:05:00+00:00","dateModified":"2023-04-11T10:05:34+00:00","description":"Der Bayerische Landesapothekerkammer unterst\u00fctzt digiDEM Bayern mit Hilfe des Netzwerks \"Demenzfreundliche Apotheken\".","breadcrumb":{"@id":"https:\/\/digidem-bayern.de\/soziale-integration-kann-demenzrisiko-senken\/#breadcrumb"},"inLanguage":"en-US","potentialAction":[{"@type":"ReadAction","target":["https:\/\/digidem-bayern.de\/soziale-integration-kann-demenzrisiko-senken\/"]}]},{"@type":"ImageObject","inLanguage":"en-US","@id":"https:\/\/digidem-bayern.de\/soziale-integration-kann-demenzrisiko-senken\/#primaryimage","url":"https:\/\/digidem-bayern.de\/wp-content\/uploads\/2023\/03\/Soziale-Integration-shutterstock_1380564185.jpg","contentUrl":"https:\/\/digidem-bayern.de\/wp-content\/uploads\/2023\/03\/Soziale-Integration-shutterstock_1380564185.jpg","width":1000,"height":667,"caption":"Soziales Engagement wirkt sich positiv auf Gesunderhaltung aus."},{"@type":"BreadcrumbList","@id":"https:\/\/digidem-bayern.de\/soziale-integration-kann-demenzrisiko-senken\/#breadcrumb","itemListElement":[{"@type":"ListItem","position":1,"name":"Startseite","item":"https:\/\/digidem-bayern.de\/"},{"@type":"ListItem","position":2,"name":"Soziale Integration kann Demenzrisiko senken"}]},{"@type":"WebSite","@id":"\/#website","url":"\/","name":"digiDEM Bavaria","description":"The digital dementia register in Bavaria researches and improves the structure of services for people with dementia and their relatives","publisher":{"@id":"\/#organization"},"potentialAction":[{"@type":"SearchAction","target":{"@type":"EntryPoint","urlTemplate":"\/?s={search_term_string}"},"query-input":{"@type":"PropertyValueSpecification","valueRequired":true,"valueName":"search_term_string"}}],"inLanguage":"en-US"},{"@type":"Organization","@id":"\/#organization","name":"digiDEM Bavaria","url":"\/","logo":{"@type":"ImageObject","inLanguage":"en-US","@id":"\/#\/schema\/logo\/image\/","url":"https:\/\/digidem-bayern.de\/wp-content\/uploads\/2022\/03\/cropped-Allgemeines_digiDEMLOGO-removebg-preview.png","contentUrl":"https:\/\/digidem-bayern.de\/wp-content\/uploads\/2022\/03\/cropped-Allgemeines_digiDEMLOGO-removebg-preview.png","width":612,"height":357,"caption":"digiDEM Bayern"},"image":{"@id":"\/#\/schema\/logo\/image\/"},"sameAs":["https:\/\/www.facebook.com\/digiDEMBayern\/","https:\/\/x.com\/digidem_bayern","https:\/\/www.instagram.com\/digidem.bayern","https:\/\/www.linkedin.com\/company\/digidem-bayern\/"]},{"@type":"Person","@id":"\/#\/schema\/person\/0bc1494f46fc2a051c761322a80e0941","name":"Ilona H\u00f6rath","url":"https:\/\/digidem-bayern.de\/en\/author\/hoeratia\/"}]}},"uagb_featured_image_src":{"full":["https:\/\/digidem-bayern.de\/wp-content\/uploads\/2023\/03\/Soziale-Integration-shutterstock_1380564185.jpg",1000,667,false],"thumbnail":["https:\/\/digidem-bayern.de\/wp-content\/uploads\/2023\/03\/Soziale-Integration-shutterstock_1380564185-80x80.jpg",80,80,true],"medium":["https:\/\/digidem-bayern.de\/wp-content\/uploads\/2023\/03\/Soziale-Integration-shutterstock_1380564185-300x200.jpg",300,200,true],"medium_large":["https:\/\/digidem-bayern.de\/wp-content\/uploads\/2023\/03\/Soziale-Integration-shutterstock_1380564185-768x512.jpg",768,512,true],"large":["https:\/\/digidem-bayern.de\/wp-content\/uploads\/2023\/03\/Soziale-Integration-shutterstock_1380564185.jpg",1000,667,false],"1536x1536":["https:\/\/digidem-bayern.de\/wp-content\/uploads\/2023\/03\/Soziale-Integration-shutterstock_1380564185.jpg",1000,667,false],"2048x2048":["https:\/\/digidem-bayern.de\/wp-content\/uploads\/2023\/03\/Soziale-Integration-shutterstock_1380564185.jpg",1000,667,false],"trp-custom-language-flag":["https:\/\/digidem-bayern.de\/wp-content\/uploads\/2023\/03\/Soziale-Integration-shutterstock_1380564185.jpg",18,12,false],"qubely_landscape":["https:\/\/digidem-bayern.de\/wp-content\/uploads\/2023\/03\/Soziale-Integration-shutterstock_1380564185.jpg",1000,667,false],"qubely_portrait":["https:\/\/digidem-bayern.de\/wp-content\/uploads\/2023\/03\/Soziale-Integration-shutterstock_1380564185-540x320.jpg",540,320,true],"qubely_thumbnail":["https:\/\/digidem-bayern.de\/wp-content\/uploads\/2023\/03\/Soziale-Integration-shutterstock_1380564185-140x100.jpg",140,100,true],"post-thumbnail":["https:\/\/digidem-bayern.de\/wp-content\/uploads\/2023\/03\/Soziale-Integration-shutterstock_1380564185-525x350.jpg",525,350,true],"kahuna-featured":["https:\/\/digidem-bayern.de\/wp-content\/uploads\/2023\/03\/Soziale-Integration-shutterstock_1380564185-734x350.jpg",734,350,true],"kahuna-featured-lp":["https:\/\/digidem-bayern.de\/wp-content\/uploads\/2023\/03\/Soziale-Integration-shutterstock_1380564185-520x350.jpg",520,350,true],"kahuna-featured-half":["https:\/\/digidem-bayern.de\/wp-content\/uploads\/2023\/03\/Soziale-Integration-shutterstock_1380564185-800x350.jpg",800,350,true],"kahuna-featured-third":["https:\/\/digidem-bayern.de\/wp-content\/uploads\/2023\/03\/Soziale-Integration-shutterstock_1380564185-512x350.jpg",512,350,true],"kahuna-lpbox-1":["https:\/\/digidem-bayern.de\/wp-content\/uploads\/2023\/03\/Soziale-Integration-shutterstock_1380564185-520x300.jpg",520,300,true],"kahuna-lpbox-2":["https:\/\/digidem-bayern.de\/wp-content\/uploads\/2023\/03\/Soziale-Integration-shutterstock_1380564185-520x350.jpg",520,350,true],"demand-language-flag":["https:\/\/digidem-bayern.de\/wp-content\/uploads\/2023\/03\/Soziale-Integration-shutterstock_1380564185.jpg",36,24,false],"dddkt-language-flag":["https:\/\/digidem-bayern.de\/wp-content\/uploads\/2023\/03\/Soziale-Integration-shutterstock_1380564185-36x36.jpg",36,36,true],"ddiqc-language-flag":["https:\/\/digidem-bayern.de\/wp-content\/uploads\/2023\/03\/Soziale-Integration-shutterstock_1380564185-36x36.jpg",36,36,true],"ddtl-language-flag":["https:\/\/digidem-bayern.de\/wp-content\/uploads\/2023\/03\/Soziale-Integration-shutterstock_1380564185-36x36.jpg",36,36,true],"mailpoet_newsletter_max":["https:\/\/digidem-bayern.de\/wp-content\/uploads\/2023\/03\/Soziale-Integration-shutterstock_1380564185.jpg",1000,667,false],"kahuna-lpbox-3":["https:\/\/digidem-bayern.de\/wp-content\/uploads\/2023\/03\/Soziale-Integration-shutterstock_1380564185-520x350.jpg",520,350,true],"kahuna-featured-square":["https:\/\/digidem-bayern.de\/wp-content\/uploads\/2023\/03\/Soziale-Integration-shutterstock_1380564185-512x512.jpg",512,512,true],"kahuna-featured-square-large":["https:\/\/digidem-bayern.de\/wp-content\/uploads\/2023\/03\/Soziale-Integration-shutterstock_1380564185.jpg",1000,667,false]},"uagb_author_info":{"display_name":"Ilona H\u00f6rath","author_link":"https:\/\/digidem-bayern.de\/en\/author\/hoeratia\/"},"uagb_comment_info":0,"uagb_excerpt":"Werden Risikofaktoren ermittelt und beeinflusst, k\u00f6nnen diese das Auftreten einer Demenz hinausz\u00f6gern oder bestenfalls verhindern. Ein wesentlicher und auch ver\u00e4nderbarer Risikofaktor ist dabei die soziale Integration. Aktuell fehlt es jedoch noch an einem umfassenden Verst\u00e4ndnis f\u00fcr den Zusammenhang zwischen Demenzrisiko und sozialer Integration. Das Ziel der systematischen \u00dcbersichtsarbeit von Wang &hellip;","_links":{"self":[{"href":"https:\/\/digidem-bayern.de\/en\/wp-json\/wp\/v2\/posts\/26789","targetHints":{"allow":["GET"]}}],"collection":[{"href":"https:\/\/digidem-bayern.de\/en\/wp-json\/wp\/v2\/posts"}],"about":[{"href":"https:\/\/digidem-bayern.de\/en\/wp-json\/wp\/v2\/types\/post"}],"author":[{"embeddable":true,"href":"https:\/\/digidem-bayern.de\/en\/wp-json\/wp\/v2\/users\/12"}],"replies":[{"embeddable":true,"href":"https:\/\/digidem-bayern.de\/en\/wp-json\/wp\/v2\/comments?post=26789"}],"version-history":[{"count":2,"href":"https:\/\/digidem-bayern.de\/en\/wp-json\/wp\/v2\/posts\/26789\/revisions"}],"predecessor-version":[{"id":26829,"href":"https:\/\/digidem-bayern.de\/en\/wp-json\/wp\/v2\/posts\/26789\/revisions\/26829"}],"wp:featuredmedia":[{"embeddable":true,"href":"https:\/\/digidem-bayern.de\/en\/wp-json\/wp\/v2\/media\/26799"}],"wp:attachment":[{"href":"https:\/\/digidem-bayern.de\/en\/wp-json\/wp\/v2\/media?parent=26789"}],"wp:term":[{"taxonomy":"category","embeddable":true,"href":"https:\/\/digidem-bayern.de\/en\/wp-json\/wp\/v2\/categories?post=26789"},{"taxonomy":"post_tag","embeddable":true,"href":"https:\/\/digidem-bayern.de\/en\/wp-json\/wp\/v2\/tags?post=26789"}],"curies":[{"name":"wp","href":"https:\/\/api.w.org\/{rel}","templated":true}]}}