{"id":26707,"date":"2023-03-25T14:19:04","date_gmt":"2023-03-25T13:19:04","guid":{"rendered":"https:\/\/digidem-bayern.de\/?p=26707"},"modified":"2023-06-02T12:18:48","modified_gmt":"2023-06-02T10:18:48","slug":"webinar-hilfe-aus-dem-appstore-evidenz-von-apps-fuer-menschen-mit-demenz-und-pflegende-an-und-zugehoerige","status":"publish","type":"post","link":"https:\/\/digidem-bayern.de\/en\/webinar-hilfe-aus-dem-appstore-evidenz-von-apps-fuer-menschen-mit-demenz-und-pflegende-an-und-zugehoerige\/","title":{"rendered":"Webinar: Hilfe aus dem Appstore &#8211; Evidenz von Apps f\u00fcr Menschen mit Demenz und pflegende An- und Zugeh\u00f6rige"},"content":{"rendered":"<p>In Sachen Digitalisierung des Gesundheitssystems hat Deutschland Nachholbedarf. Gleichzeitig erfreuen sich&nbsp;Gesundheits-Apps immer gr\u00f6\u00dferer Beliebtheit. Sie lassen sich in App-Stores bequem herunterladen und unabh\u00e4ngig von Ort und Zeit benutzen. Laut einer Studie sind fast 80 Prozent der 60- bis 69-J\u00e4hrigen &#8222;online&#8220;.<\/p>\n\n\n\n<p>Doch wie steht es um die Qualit\u00e4t der Apps, gerade wenn sie Menschen mit Demenz und ihren pflegenden An- und Zugeh\u00f6rigen zuverl\u00e4ssig unterst\u00fctzen sollen? Sind die frei zug\u00e4nglichen Demenz-Apps gepr\u00fcft, ist ihre Wirksamkeit wissenschaftlich nachgewiesen? Auch bei den digitalen Helfern gilt: Je besser sie erforscht sind, desto besser gelingt die Gesundheitsversorgung und desto transparenter wird der Bereich der mobilen Gesundheitsanwendungen. Viele der Apps, die es auf dem sogenannten Selbstk\u00e4ufermarkt gibt, reichen nicht \u00fcber eine \u201eakzeptable\u201c Qualit\u00e4t hinaus.&nbsp;<\/p>\n\n\n\n<p>Michael Zeiler ist Medizininformatiker an der FAU Erlangen-N\u00fcrnberg und wissenschaftlicher Mitarbeiter im Projekt digiDEM Bayern. Als Erstautor publizierte er im M\u00e4rz diesen Jahres eine Studie \u00fcber die&nbsp;wissenschaftliche Evidenz und Nutzerqualit\u00e4t von deutschsprachigen, mobilen Gesundheitsanwendungen f\u00fcr Menschen mit kognitiven Beeintr\u00e4chtigungen und deren Angeh\u00f6rige.&nbsp;Im&nbsp;kommenden Webinar spricht er \u00fcber die Ergebnisse der Untersuchungen und erl\u00e4utert, worauf es bei der Wahl der Apps ankommt.<\/p>\n\n\n\n<p><\/p>\n\n\n\n<p><\/p>\n\n\n\n<p> <\/p>\n\n\n\n<p><\/p>\n\n\n\n<p><\/p>\n\n\n\n<h2 class=\"wp-block-heading has-text-align-center\" id=\"2---mittwoch-03062020-1100-1130-uhr--\"><strong><strong>Dienstag, 28.03.2023, 11.00 &#8211; 11.45 Uhr<\/strong><\/strong><\/h2>\n\n\n\n<p><\/p>\n\n\n\n<div class=\"wp-block-qubely-button qubely-block-0e5283\"><div class=\"qubely-block-btn-wrapper\"><div class=\"qubely-block-btn\"><a class=\"qubely-block-btn-anchor is-large\" href=\"https:\/\/attendee.gotowebinar.com\/register\/4200407526891056989\">Melden Sie sich hier an<\/a><\/div><\/div><\/div>\n\n\n\n<div class=\"wp-block-columns is-layout-flex wp-container-core-columns-is-layout-9d6595d7 wp-block-columns-is-layout-flex\">\n<div class=\"wp-block-column is-layout-flow wp-block-column-is-layout-flow\">\n<div class=\"wp-block-uagb-team uagb-team__image-position-above uagb-team__align-center uagb-team__stack-tablet uagb-block-f1d05aef\"><div class=\"uagb-team__content\"><img decoding=\"async\" class=\"uagb-team__image-crop-circle\" src=\"https:\/\/digidem-bayern.de\/wp-content\/uploads\/2021\/08\/MZE.png\" alt=\"\" height=\"100\" width=\"100\" loading=\"lazy\"\/><h2 class=\"uagb-team__title\">Michael Zeiler<\/h2><span class=\"uagb-team__prefix\">Wissenschaftlicher Mitarbeiter M.Sc.<\/span><p class=\"uagb-team__desc\">Referent<\/p><ul class=\"uagb-team__social-list\"><\/ul><\/div><\/div>\n<\/div>\n\n\n\n<div class=\"wp-block-column is-layout-flow wp-block-column-is-layout-flow\">\n<div class=\"wp-block-uagb-team uagb-team__image-position-above uagb-team__align-center uagb-team__stack-tablet uagb-block-5bc04b44\"><div class=\"uagb-team__content\"><img decoding=\"async\" class=\"uagb-team__image-crop-circle\" src=\"https:\/\/digidem-bayern.de\/wp-content\/uploads\/2022\/11\/AKE_NEU_Qudarat.jpg\" alt=\"\" height=\"100\" width=\"100\" loading=\"lazy\"\/><h2 class=\"uagb-team__title\">Anne Keefer<\/h2><span class=\"uagb-team__prefix\">Wissenschaftliche Mitarbeiterin M.Sc.<\/span><p class=\"uagb-team__desc\">Moderation<\/p><ul class=\"uagb-team__social-list\"><\/ul><\/div><\/div>\n<\/div>\n\n\n\n<div class=\"wp-block-column is-layout-flow wp-block-column-is-layout-flow\">\n<div class=\"wp-block-uagb-team uagb-team__image-position-above uagb-team__align-center uagb-team__stack-tablet uagb-block-433274b0\"><div class=\"uagb-team__content\"><img decoding=\"async\" class=\"uagb-team__image-crop-circle\" src=\"https:\/\/digidem-bayern.de\/wp-content\/uploads\/2023\/01\/Bild_Maren_2_Quadrat-2.jpg\" alt=\"\" height=\"100\" width=\"100\" loading=\"lazy\"\/><h2 class=\"uagb-team__title\">Maren Dehler<\/h2><span class=\"uagb-team__prefix\">Wissenschaftliche Hilfskraft B.A.<\/span><p class=\"uagb-team__desc\">Chatroom-Betreuung<\/p><ul class=\"uagb-team__social-list\"><\/ul><\/div><\/div>\n<\/div>\n<\/div>","protected":false},"excerpt":{"rendered":"<p>In Sachen Digitalisierung des Gesundheitssystems hat Deutschland Nachholbedarf. Gleichzeitig erfreuen sich&nbsp;Gesundheits-Apps immer gr\u00f6\u00dferer Beliebtheit. Sie lassen sich in App-Stores bequem herunterladen und unabh\u00e4ngig von Ort und Zeit benutzen. Laut einer Studie sind fast 80 Prozent der 60- bis 69-J\u00e4hrigen &#8222;online&#8220;. Doch wie steht es um die Qualit\u00e4t der Apps, gerade &hellip;<\/p>","protected":false},"author":7,"featured_media":26777,"comment_status":"open","ping_status":"closed","sticky":false,"template":"","format":"standard","meta":{"qubely_global_settings":"true","qubely_interactions":"","_uag_custom_page_level_css":"","footnotes":""},"categories":[8],"tags":[13,307,12,241,14,17,55,20,93,234,94],"class_list":["post-26707","post","type-post","status-publish","format-standard","has-post-thumbnail","hentry","category-aktuelles-zu-digidem","tag-alzheimer","tag-apps","tag-demenz-2","tag-diga","tag-digidem","tag-digidem-bayern","tag-digitales-demenzregister-bayern","tag-digitalisierung","tag-pflegende-angehoerige","tag-unterstuetzungsangebote","tag-webinar"],"qubely_featured_image_url":{"full":["https:\/\/digidem-bayern.de\/wp-content\/uploads\/2023\/03\/shutterstock_149032733.jpg",1000,708,false],"landscape":["https:\/\/digidem-bayern.de\/wp-content\/uploads\/2023\/03\/shutterstock_149032733.jpg",1000,708,false],"portraits":["https:\/\/digidem-bayern.de\/wp-content\/uploads\/2023\/03\/shutterstock_149032733-540x320.jpg",540,320,true],"thumbnail":["https:\/\/digidem-bayern.de\/wp-content\/uploads\/2023\/03\/shutterstock_149032733-80x80.jpg",80,80,true],"medium":["https:\/\/digidem-bayern.de\/wp-content\/uploads\/2023\/03\/shutterstock_149032733-300x212.jpg",300,212,true],"medium_large":["https:\/\/digidem-bayern.de\/wp-content\/uploads\/2023\/03\/shutterstock_149032733-768x544.jpg",768,544,true],"large":["https:\/\/digidem-bayern.de\/wp-content\/uploads\/2023\/03\/shutterstock_149032733.jpg",1000,708,false],"1536x1536":["https:\/\/digidem-bayern.de\/wp-content\/uploads\/2023\/03\/shutterstock_149032733.jpg",1000,708,false],"2048x2048":["https:\/\/digidem-bayern.de\/wp-content\/uploads\/2023\/03\/shutterstock_149032733.jpg",1000,708,false],"trp-custom-language-flag":["https:\/\/digidem-bayern.de\/wp-content\/uploads\/2023\/03\/shutterstock_149032733.jpg",18,12,false],"qubely_landscape":["https:\/\/digidem-bayern.de\/wp-content\/uploads\/2023\/03\/shutterstock_149032733.jpg",1000,708,false],"qubely_portrait":["https:\/\/digidem-bayern.de\/wp-content\/uploads\/2023\/03\/shutterstock_149032733-540x320.jpg",540,320,true],"qubely_thumbnail":["https:\/\/digidem-bayern.de\/wp-content\/uploads\/2023\/03\/shutterstock_149032733-140x100.jpg",140,100,true],"post-thumbnail":["https:\/\/digidem-bayern.de\/wp-content\/uploads\/2023\/03\/shutterstock_149032733-494x350.jpg",494,350,true],"kahuna-featured":["https:\/\/digidem-bayern.de\/wp-content\/uploads\/2023\/03\/shutterstock_149032733-734x350.jpg",734,350,true],"kahuna-featured-lp":["https:\/\/digidem-bayern.de\/wp-content\/uploads\/2023\/03\/shutterstock_149032733-520x350.jpg",520,350,true],"kahuna-featured-half":["https:\/\/digidem-bayern.de\/wp-content\/uploads\/2023\/03\/shutterstock_149032733-800x350.jpg",800,350,true],"kahuna-featured-third":["https:\/\/digidem-bayern.de\/wp-content\/uploads\/2023\/03\/shutterstock_149032733-512x350.jpg",512,350,true],"kahuna-lpbox-1":["https:\/\/digidem-bayern.de\/wp-content\/uploads\/2023\/03\/shutterstock_149032733-520x300.jpg",520,300,true],"kahuna-lpbox-2":["https:\/\/digidem-bayern.de\/wp-content\/uploads\/2023\/03\/shutterstock_149032733-520x350.jpg",520,350,true],"demand-language-flag":["https:\/\/digidem-bayern.de\/wp-content\/uploads\/2023\/03\/shutterstock_149032733.jpg",36,25,false],"dddkt-language-flag":["https:\/\/digidem-bayern.de\/wp-content\/uploads\/2023\/03\/shutterstock_149032733-36x36.jpg",36,36,true],"ddiqc-language-flag":["https:\/\/digidem-bayern.de\/wp-content\/uploads\/2023\/03\/shutterstock_149032733-36x36.jpg",36,36,true],"ddtl-language-flag":["https:\/\/digidem-bayern.de\/wp-content\/uploads\/2023\/03\/shutterstock_149032733-36x36.jpg",36,36,true],"mailpoet_newsletter_max":["https:\/\/digidem-bayern.de\/wp-content\/uploads\/2023\/03\/shutterstock_149032733.jpg",1000,708,false],"kahuna-lpbox-3":["https:\/\/digidem-bayern.de\/wp-content\/uploads\/2023\/03\/shutterstock_149032733-520x350.jpg",520,350,true],"kahuna-featured-square":["https:\/\/digidem-bayern.de\/wp-content\/uploads\/2023\/03\/shutterstock_149032733-512x512.jpg",512,512,true],"kahuna-featured-square-large":["https:\/\/digidem-bayern.de\/wp-content\/uploads\/2023\/03\/shutterstock_149032733.jpg",1000,708,false]},"qubely_author":{"display_name":"Anne Keefer","author_link":"https:\/\/digidem-bayern.de\/en\/author\/ag-webinar\/"},"qubely_comment":0,"qubely_category":"<a href=\"https:\/\/digidem-bayern.de\/en\/category\/aktuelles-zu-digidem\/\" rel=\"category tag\">Aktuelles zu digiDEM<\/a>","qubely_excerpt":"In Sachen Digitalisierung des Gesundheitssystems hat Deutschland Nachholbedarf. Gleichzeitig erfreuen sich&nbsp;Gesundheits-Apps immer gr\u00f6\u00dferer Beliebtheit. Sie lassen sich in App-Stores bequem herunterladen und unabh\u00e4ngig von Ort und Zeit benutzen. Laut einer Studie sind fast 80 Prozent der 60- bis 69-J\u00e4hrigen &#8222;online&#8220;. Doch wie steht es um die Qualit\u00e4t der Apps, gerade &hellip;","featured_image_urls_v2":{"full":["https:\/\/digidem-bayern.de\/wp-content\/uploads\/2023\/03\/shutterstock_149032733.jpg",1000,708,false],"thumbnail":["https:\/\/digidem-bayern.de\/wp-content\/uploads\/2023\/03\/shutterstock_149032733-80x80.jpg",80,80,true],"medium":["https:\/\/digidem-bayern.de\/wp-content\/uploads\/2023\/03\/shutterstock_149032733-300x212.jpg",300,212,true],"medium_large":["https:\/\/digidem-bayern.de\/wp-content\/uploads\/2023\/03\/shutterstock_149032733-768x544.jpg",768,544,true],"large":["https:\/\/digidem-bayern.de\/wp-content\/uploads\/2023\/03\/shutterstock_149032733.jpg",1000,708,false],"1536x1536":["https:\/\/digidem-bayern.de\/wp-content\/uploads\/2023\/03\/shutterstock_149032733.jpg",1000,708,false],"2048x2048":["https:\/\/digidem-bayern.de\/wp-content\/uploads\/2023\/03\/shutterstock_149032733.jpg",1000,708,false],"trp-custom-language-flag":["https:\/\/digidem-bayern.de\/wp-content\/uploads\/2023\/03\/shutterstock_149032733.jpg",18,12,false],"qubely_landscape":["https:\/\/digidem-bayern.de\/wp-content\/uploads\/2023\/03\/shutterstock_149032733.jpg",1000,708,false],"qubely_portrait":["https:\/\/digidem-bayern.de\/wp-content\/uploads\/2023\/03\/shutterstock_149032733-540x320.jpg",540,320,true],"qubely_thumbnail":["https:\/\/digidem-bayern.de\/wp-content\/uploads\/2023\/03\/shutterstock_149032733-140x100.jpg",140,100,true],"post-thumbnail":["https:\/\/digidem-bayern.de\/wp-content\/uploads\/2023\/03\/shutterstock_149032733-494x350.jpg",494,350,true],"kahuna-featured":["https:\/\/digidem-bayern.de\/wp-content\/uploads\/2023\/03\/shutterstock_149032733-734x350.jpg",734,350,true],"kahuna-featured-lp":["https:\/\/digidem-bayern.de\/wp-content\/uploads\/2023\/03\/shutterstock_149032733-520x350.jpg",520,350,true],"kahuna-featured-half":["https:\/\/digidem-bayern.de\/wp-content\/uploads\/2023\/03\/shutterstock_149032733-800x350.jpg",800,350,true],"kahuna-featured-third":["https:\/\/digidem-bayern.de\/wp-content\/uploads\/2023\/03\/shutterstock_149032733-512x350.jpg",512,350,true],"kahuna-lpbox-1":["https:\/\/digidem-bayern.de\/wp-content\/uploads\/2023\/03\/shutterstock_149032733-520x300.jpg",520,300,true],"kahuna-lpbox-2":["https:\/\/digidem-bayern.de\/wp-content\/uploads\/2023\/03\/shutterstock_149032733-520x350.jpg",520,350,true],"demand-language-flag":["https:\/\/digidem-bayern.de\/wp-content\/uploads\/2023\/03\/shutterstock_149032733.jpg",36,25,false],"dddkt-language-flag":["https:\/\/digidem-bayern.de\/wp-content\/uploads\/2023\/03\/shutterstock_149032733-36x36.jpg",36,36,true],"ddiqc-language-flag":["https:\/\/digidem-bayern.de\/wp-content\/uploads\/2023\/03\/shutterstock_149032733-36x36.jpg",36,36,true],"ddtl-language-flag":["https:\/\/digidem-bayern.de\/wp-content\/uploads\/2023\/03\/shutterstock_149032733-36x36.jpg",36,36,true],"mailpoet_newsletter_max":["https:\/\/digidem-bayern.de\/wp-content\/uploads\/2023\/03\/shutterstock_149032733.jpg",1000,708,false],"kahuna-lpbox-3":["https:\/\/digidem-bayern.de\/wp-content\/uploads\/2023\/03\/shutterstock_149032733-520x350.jpg",520,350,true],"kahuna-featured-square":["https:\/\/digidem-bayern.de\/wp-content\/uploads\/2023\/03\/shutterstock_149032733-512x512.jpg",512,512,true],"kahuna-featured-square-large":["https:\/\/digidem-bayern.de\/wp-content\/uploads\/2023\/03\/shutterstock_149032733.jpg",1000,708,false]},"post_excerpt_stackable_v2":"<p>In Sachen Digitalisierung des Gesundheitssystems hat Deutschland Nachholbedarf. Gleichzeitig erfreuen sich&nbsp;Gesundheits-Apps immer gr\u00f6\u00dferer Beliebtheit. Sie lassen sich in App-Stores bequem herunterladen und unabh\u00e4ngig von Ort und Zeit benutzen. Laut einer Studie sind fast 80 Prozent der 60- bis 69-J\u00e4hrigen &#8222;online&#8220;. Doch wie steht es um die Qualit\u00e4t der Apps, gerade wenn sie Menschen mit Demenz und ihren pflegenden An- und Zugeh\u00f6rigen zuverl\u00e4ssig unterst\u00fctzen sollen? Sind die frei zug\u00e4nglichen Demenz-Apps gepr\u00fcft, ist ihre Wirksamkeit wissenschaftlich nachgewiesen? Auch bei den digitalen Helfern gilt: Je besser sie erforscht sind, desto besser gelingt die Gesundheitsversorgung und desto transparenter wird der Bereich der mobilen Gesundheitsanwendungen.&hellip;<\/p>\n","category_list_v2":"<a href=\"https:\/\/digidem-bayern.de\/en\/category\/aktuelles-zu-digidem\/\" rel=\"category tag\">Aktuelles zu digiDEM<\/a>","author_info_v2":{"name":"Anne Keefer","url":"https:\/\/digidem-bayern.de\/en\/author\/ag-webinar\/"},"comments_num_v2":"0 comments","yoast_head":"<!-- This site is optimized with the Yoast SEO plugin v27.4 - https:\/\/yoast.com\/product\/yoast-seo-wordpress\/ -->\n<title>Webinar: Hilfe aus dem Appstore - Evidenz von Apps f\u00fcr Menschen mit Demenz und pflegende An- und Zugeh\u00f6rige - digiDEM Bayern<\/title>\n<meta name=\"description\" content=\"Im Webinar &quot;digiDEM Bayern Science Watch LIVE&quot; behandeln Wissenschaftler ein Thema aus der Demenzforschung und stehen live f\u00fcr Fragen zur Verf\u00fcgung.\" \/>\n<meta name=\"robots\" content=\"index, follow, max-snippet:-1, max-image-preview:large, max-video-preview:-1\" \/>\n<link rel=\"canonical\" href=\"https:\/\/digidem-bayern.de\/en\/webinar-hilfe-aus-dem-appstore-evidenz-von-apps-fuer-menschen-mit-demenz-und-pflegende-an-und-zugehoerige\/\" \/>\n<meta property=\"og:locale\" content=\"en_US\" \/>\n<meta property=\"og:type\" content=\"article\" \/>\n<meta property=\"og:title\" content=\"Webinar: Hilfe aus dem Appstore - Evidenz von Apps f\u00fcr Menschen mit Demenz und pflegende An- und Zugeh\u00f6rige - digiDEM Bayern\" \/>\n<meta property=\"og:description\" content=\"Im Webinar &quot;digiDEM Bayern Science Watch LIVE&quot; behandeln Wissenschaftler ein Thema aus der Demenzforschung und stehen live f\u00fcr Fragen zur Verf\u00fcgung.\" \/>\n<meta property=\"og:url\" content=\"https:\/\/digidem-bayern.de\/en\/webinar-hilfe-aus-dem-appstore-evidenz-von-apps-fuer-menschen-mit-demenz-und-pflegende-an-und-zugehoerige\/\" \/>\n<meta property=\"og:site_name\" content=\"digiDEM Bayern\" \/>\n<meta property=\"article:publisher\" content=\"https:\/\/www.facebook.com\/digiDEMBayern\/\" \/>\n<meta property=\"article:published_time\" content=\"2023-03-25T13:19:04+00:00\" \/>\n<meta property=\"article:modified_time\" content=\"2023-06-02T10:18:48+00:00\" \/>\n<meta property=\"og:image\" content=\"https:\/\/digidem-bayern.de\/wp-content\/uploads\/2023\/03\/shutterstock_149032733.jpg\" \/>\n\t<meta property=\"og:image:width\" content=\"1000\" \/>\n\t<meta property=\"og:image:height\" content=\"708\" \/>\n\t<meta property=\"og:image:type\" content=\"image\/jpeg\" \/>\n<meta name=\"author\" content=\"Anne Keefer\" \/>\n<meta name=\"twitter:label1\" content=\"Written by\" \/>\n\t<meta name=\"twitter:data1\" content=\"Anne Keefer\" \/>\n\t<meta name=\"twitter:label2\" content=\"Est. reading time\" \/>\n\t<meta name=\"twitter:data2\" content=\"2 minutes\" \/>\n<script type=\"application\/ld+json\" class=\"yoast-schema-graph\">{\"@context\":\"https:\\\/\\\/schema.org\",\"@graph\":[{\"@type\":\"Article\",\"@id\":\"https:\\\/\\\/digidem-bayern.de\\\/webinar-hilfe-aus-dem-appstore-evidenz-von-apps-fuer-menschen-mit-demenz-und-pflegende-an-und-zugehoerige\\\/#article\",\"isPartOf\":{\"@id\":\"https:\\\/\\\/digidem-bayern.de\\\/webinar-hilfe-aus-dem-appstore-evidenz-von-apps-fuer-menschen-mit-demenz-und-pflegende-an-und-zugehoerige\\\/\"},\"author\":{\"name\":\"Anne Keefer\",\"@id\":\"\\\/#\\\/schema\\\/person\\\/0e8781e0653d1a8e57ca55bd2c3cb01f\"},\"headline\":\"Webinar: Hilfe aus dem Appstore &#8211; Evidenz von Apps f\u00fcr Menschen mit Demenz und pflegende An- und Zugeh\u00f6rige\",\"datePublished\":\"2023-03-25T13:19:04+00:00\",\"dateModified\":\"2023-06-02T10:18:48+00:00\",\"mainEntityOfPage\":{\"@id\":\"https:\\\/\\\/digidem-bayern.de\\\/webinar-hilfe-aus-dem-appstore-evidenz-von-apps-fuer-menschen-mit-demenz-und-pflegende-an-und-zugehoerige\\\/\"},\"wordCount\":252,\"commentCount\":0,\"publisher\":{\"@id\":\"\\\/#organization\"},\"image\":{\"@id\":\"https:\\\/\\\/digidem-bayern.de\\\/webinar-hilfe-aus-dem-appstore-evidenz-von-apps-fuer-menschen-mit-demenz-und-pflegende-an-und-zugehoerige\\\/#primaryimage\"},\"thumbnailUrl\":\"https:\\\/\\\/digidem-bayern.de\\\/wp-content\\\/uploads\\\/2023\\\/03\\\/shutterstock_149032733.jpg\",\"keywords\":[\"Alzheimer\",\"Apps\",\"Demenz\",\"DIGA\",\"digidem\",\"digidem Bayern\",\"Digitales Demenzregister Bayern\",\"Digitalisierung\",\"pflegende Angeh\u00f6rige\",\"Unterst\u00fctzungsangebote\",\"Webinar\"],\"articleSection\":[\"Aktuelles zu digiDEM\"],\"inLanguage\":\"en-US\",\"potentialAction\":[{\"@type\":\"CommentAction\",\"name\":\"Comment\",\"target\":[\"https:\\\/\\\/digidem-bayern.de\\\/webinar-hilfe-aus-dem-appstore-evidenz-von-apps-fuer-menschen-mit-demenz-und-pflegende-an-und-zugehoerige\\\/#respond\"]}]},{\"@type\":\"WebPage\",\"@id\":\"https:\\\/\\\/digidem-bayern.de\\\/webinar-hilfe-aus-dem-appstore-evidenz-von-apps-fuer-menschen-mit-demenz-und-pflegende-an-und-zugehoerige\\\/\",\"url\":\"https:\\\/\\\/digidem-bayern.de\\\/webinar-hilfe-aus-dem-appstore-evidenz-von-apps-fuer-menschen-mit-demenz-und-pflegende-an-und-zugehoerige\\\/\",\"name\":\"Webinar: Hilfe aus dem Appstore - Evidenz von Apps f\u00fcr Menschen mit Demenz und pflegende An- und Zugeh\u00f6rige - digiDEM Bayern\",\"isPartOf\":{\"@id\":\"\\\/#website\"},\"primaryImageOfPage\":{\"@id\":\"https:\\\/\\\/digidem-bayern.de\\\/webinar-hilfe-aus-dem-appstore-evidenz-von-apps-fuer-menschen-mit-demenz-und-pflegende-an-und-zugehoerige\\\/#primaryimage\"},\"image\":{\"@id\":\"https:\\\/\\\/digidem-bayern.de\\\/webinar-hilfe-aus-dem-appstore-evidenz-von-apps-fuer-menschen-mit-demenz-und-pflegende-an-und-zugehoerige\\\/#primaryimage\"},\"thumbnailUrl\":\"https:\\\/\\\/digidem-bayern.de\\\/wp-content\\\/uploads\\\/2023\\\/03\\\/shutterstock_149032733.jpg\",\"datePublished\":\"2023-03-25T13:19:04+00:00\",\"dateModified\":\"2023-06-02T10:18:48+00:00\",\"description\":\"Im Webinar \\\"digiDEM Bayern Science Watch LIVE\\\" behandeln Wissenschaftler ein Thema aus der Demenzforschung und stehen live f\u00fcr Fragen zur Verf\u00fcgung.\",\"breadcrumb\":{\"@id\":\"https:\\\/\\\/digidem-bayern.de\\\/webinar-hilfe-aus-dem-appstore-evidenz-von-apps-fuer-menschen-mit-demenz-und-pflegende-an-und-zugehoerige\\\/#breadcrumb\"},\"inLanguage\":\"en-US\",\"potentialAction\":[{\"@type\":\"ReadAction\",\"target\":[\"https:\\\/\\\/digidem-bayern.de\\\/webinar-hilfe-aus-dem-appstore-evidenz-von-apps-fuer-menschen-mit-demenz-und-pflegende-an-und-zugehoerige\\\/\"]}]},{\"@type\":\"ImageObject\",\"inLanguage\":\"en-US\",\"@id\":\"https:\\\/\\\/digidem-bayern.de\\\/webinar-hilfe-aus-dem-appstore-evidenz-von-apps-fuer-menschen-mit-demenz-und-pflegende-an-und-zugehoerige\\\/#primaryimage\",\"url\":\"https:\\\/\\\/digidem-bayern.de\\\/wp-content\\\/uploads\\\/2023\\\/03\\\/shutterstock_149032733.jpg\",\"contentUrl\":\"https:\\\/\\\/digidem-bayern.de\\\/wp-content\\\/uploads\\\/2023\\\/03\\\/shutterstock_149032733.jpg\",\"width\":1000,\"height\":708,\"caption\":\"Viele der Demenz-Apps, die es auf dem sogenannten Selbstk\u00e4ufermarkt gibt, reichen nicht \u00fcber eine \u201eakzeptable\u201c Qualit\u00e4t hinaus.\"},{\"@type\":\"BreadcrumbList\",\"@id\":\"https:\\\/\\\/digidem-bayern.de\\\/webinar-hilfe-aus-dem-appstore-evidenz-von-apps-fuer-menschen-mit-demenz-und-pflegende-an-und-zugehoerige\\\/#breadcrumb\",\"itemListElement\":[{\"@type\":\"ListItem\",\"position\":1,\"name\":\"Startseite\",\"item\":\"https:\\\/\\\/digidem-bayern.de\\\/\"},{\"@type\":\"ListItem\",\"position\":2,\"name\":\"Webinar: Hilfe aus dem Appstore &#8211; Evidenz von Apps f\u00fcr Menschen mit Demenz und pflegende An- und Zugeh\u00f6rige\"}]},{\"@type\":\"WebSite\",\"@id\":\"\\\/#website\",\"url\":\"\\\/\",\"name\":\"digiDEM Bayern\",\"description\":\"Das digitale Demenzregister Bayern erforscht und verbessert die Angebotsstuktur f\u00fcr Menschen mit Demenz und deren Angeh\u00f6rige\",\"publisher\":{\"@id\":\"\\\/#organization\"},\"potentialAction\":[{\"@type\":\"SearchAction\",\"target\":{\"@type\":\"EntryPoint\",\"urlTemplate\":\"\\\/?s={search_term_string}\"},\"query-input\":{\"@type\":\"PropertyValueSpecification\",\"valueRequired\":true,\"valueName\":\"search_term_string\"}}],\"inLanguage\":\"en-US\"},{\"@type\":\"Organization\",\"@id\":\"\\\/#organization\",\"name\":\"digiDEM Bayern\",\"url\":\"\\\/\",\"logo\":{\"@type\":\"ImageObject\",\"inLanguage\":\"en-US\",\"@id\":\"\\\/#\\\/schema\\\/logo\\\/image\\\/\",\"url\":\"https:\\\/\\\/digidem-bayern.de\\\/wp-content\\\/uploads\\\/2022\\\/03\\\/cropped-Allgemeines_digiDEMLOGO-removebg-preview.png\",\"contentUrl\":\"https:\\\/\\\/digidem-bayern.de\\\/wp-content\\\/uploads\\\/2022\\\/03\\\/cropped-Allgemeines_digiDEMLOGO-removebg-preview.png\",\"width\":612,\"height\":357,\"caption\":\"digiDEM Bayern\"},\"image\":{\"@id\":\"\\\/#\\\/schema\\\/logo\\\/image\\\/\"},\"sameAs\":[\"https:\\\/\\\/www.facebook.com\\\/digiDEMBayern\\\/\",\"https:\\\/\\\/x.com\\\/digidem_bayern\",\"https:\\\/\\\/www.instagram.com\\\/digidem.bayern\",\"https:\\\/\\\/www.linkedin.com\\\/company\\\/digidem-bayern\\\/\"]},{\"@type\":\"Person\",\"@id\":\"\\\/#\\\/schema\\\/person\\\/0e8781e0653d1a8e57ca55bd2c3cb01f\",\"name\":\"Anne Keefer\",\"url\":\"https:\\\/\\\/digidem-bayern.de\\\/en\\\/author\\\/ag-webinar\\\/\"}]}<\/script>\n<!-- \/ Yoast SEO plugin. -->","yoast_head_json":{"title":"Webinar: Hilfe aus dem Appstore - Evidenz von Apps f\u00fcr Menschen mit Demenz und pflegende An- und Zugeh\u00f6rige - digiDEM Bayern","description":"Im Webinar \"digiDEM Bayern Science Watch LIVE\" behandeln Wissenschaftler ein Thema aus der Demenzforschung und stehen live f\u00fcr Fragen zur Verf\u00fcgung.","robots":{"index":"index","follow":"follow","max-snippet":"max-snippet:-1","max-image-preview":"max-image-preview:large","max-video-preview":"max-video-preview:-1"},"canonical":"https:\/\/digidem-bayern.de\/en\/webinar-hilfe-aus-dem-appstore-evidenz-von-apps-fuer-menschen-mit-demenz-und-pflegende-an-und-zugehoerige\/","og_locale":"en_US","og_type":"article","og_title":"Webinar: Hilfe aus dem Appstore - Evidenz von Apps f\u00fcr Menschen mit Demenz und pflegende An- und Zugeh\u00f6rige - digiDEM Bayern","og_description":"Im Webinar \"digiDEM Bayern Science Watch LIVE\" behandeln Wissenschaftler ein Thema aus der Demenzforschung und stehen live f\u00fcr Fragen zur Verf\u00fcgung.","og_url":"https:\/\/digidem-bayern.de\/en\/webinar-hilfe-aus-dem-appstore-evidenz-von-apps-fuer-menschen-mit-demenz-und-pflegende-an-und-zugehoerige\/","og_site_name":"digiDEM Bayern","article_publisher":"https:\/\/www.facebook.com\/digiDEMBayern\/","article_published_time":"2023-03-25T13:19:04+00:00","article_modified_time":"2023-06-02T10:18:48+00:00","og_image":[{"width":1000,"height":708,"url":"https:\/\/digidem-bayern.de\/wp-content\/uploads\/2023\/03\/shutterstock_149032733.jpg","type":"image\/jpeg"}],"author":"Anne Keefer","twitter_misc":{"Written by":"Anne Keefer","Est. reading time":"2 minutes"},"schema":{"@context":"https:\/\/schema.org","@graph":[{"@type":"Article","@id":"https:\/\/digidem-bayern.de\/webinar-hilfe-aus-dem-appstore-evidenz-von-apps-fuer-menschen-mit-demenz-und-pflegende-an-und-zugehoerige\/#article","isPartOf":{"@id":"https:\/\/digidem-bayern.de\/webinar-hilfe-aus-dem-appstore-evidenz-von-apps-fuer-menschen-mit-demenz-und-pflegende-an-und-zugehoerige\/"},"author":{"name":"Anne Keefer","@id":"\/#\/schema\/person\/0e8781e0653d1a8e57ca55bd2c3cb01f"},"headline":"Webinar: Hilfe aus dem Appstore &#8211; Evidenz von Apps f\u00fcr Menschen mit Demenz und pflegende An- und Zugeh\u00f6rige","datePublished":"2023-03-25T13:19:04+00:00","dateModified":"2023-06-02T10:18:48+00:00","mainEntityOfPage":{"@id":"https:\/\/digidem-bayern.de\/webinar-hilfe-aus-dem-appstore-evidenz-von-apps-fuer-menschen-mit-demenz-und-pflegende-an-und-zugehoerige\/"},"wordCount":252,"commentCount":0,"publisher":{"@id":"\/#organization"},"image":{"@id":"https:\/\/digidem-bayern.de\/webinar-hilfe-aus-dem-appstore-evidenz-von-apps-fuer-menschen-mit-demenz-und-pflegende-an-und-zugehoerige\/#primaryimage"},"thumbnailUrl":"https:\/\/digidem-bayern.de\/wp-content\/uploads\/2023\/03\/shutterstock_149032733.jpg","keywords":["Alzheimer","Apps","Demenz","DIGA","digidem","digidem Bayern","Digitales Demenzregister Bayern","Digitalisierung","pflegende Angeh\u00f6rige","Unterst\u00fctzungsangebote","Webinar"],"articleSection":["Aktuelles zu digiDEM"],"inLanguage":"en-US","potentialAction":[{"@type":"CommentAction","name":"Comment","target":["https:\/\/digidem-bayern.de\/webinar-hilfe-aus-dem-appstore-evidenz-von-apps-fuer-menschen-mit-demenz-und-pflegende-an-und-zugehoerige\/#respond"]}]},{"@type":"WebPage","@id":"https:\/\/digidem-bayern.de\/webinar-hilfe-aus-dem-appstore-evidenz-von-apps-fuer-menschen-mit-demenz-und-pflegende-an-und-zugehoerige\/","url":"https:\/\/digidem-bayern.de\/webinar-hilfe-aus-dem-appstore-evidenz-von-apps-fuer-menschen-mit-demenz-und-pflegende-an-und-zugehoerige\/","name":"Webinar: Hilfe aus dem Appstore - Evidenz von Apps f\u00fcr Menschen mit Demenz und pflegende An- und Zugeh\u00f6rige - digiDEM Bayern","isPartOf":{"@id":"\/#website"},"primaryImageOfPage":{"@id":"https:\/\/digidem-bayern.de\/webinar-hilfe-aus-dem-appstore-evidenz-von-apps-fuer-menschen-mit-demenz-und-pflegende-an-und-zugehoerige\/#primaryimage"},"image":{"@id":"https:\/\/digidem-bayern.de\/webinar-hilfe-aus-dem-appstore-evidenz-von-apps-fuer-menschen-mit-demenz-und-pflegende-an-und-zugehoerige\/#primaryimage"},"thumbnailUrl":"https:\/\/digidem-bayern.de\/wp-content\/uploads\/2023\/03\/shutterstock_149032733.jpg","datePublished":"2023-03-25T13:19:04+00:00","dateModified":"2023-06-02T10:18:48+00:00","description":"Im Webinar \"digiDEM Bayern Science Watch LIVE\" behandeln Wissenschaftler ein Thema aus der Demenzforschung und stehen live f\u00fcr Fragen zur Verf\u00fcgung.","breadcrumb":{"@id":"https:\/\/digidem-bayern.de\/webinar-hilfe-aus-dem-appstore-evidenz-von-apps-fuer-menschen-mit-demenz-und-pflegende-an-und-zugehoerige\/#breadcrumb"},"inLanguage":"en-US","potentialAction":[{"@type":"ReadAction","target":["https:\/\/digidem-bayern.de\/webinar-hilfe-aus-dem-appstore-evidenz-von-apps-fuer-menschen-mit-demenz-und-pflegende-an-und-zugehoerige\/"]}]},{"@type":"ImageObject","inLanguage":"en-US","@id":"https:\/\/digidem-bayern.de\/webinar-hilfe-aus-dem-appstore-evidenz-von-apps-fuer-menschen-mit-demenz-und-pflegende-an-und-zugehoerige\/#primaryimage","url":"https:\/\/digidem-bayern.de\/wp-content\/uploads\/2023\/03\/shutterstock_149032733.jpg","contentUrl":"https:\/\/digidem-bayern.de\/wp-content\/uploads\/2023\/03\/shutterstock_149032733.jpg","width":1000,"height":708,"caption":"Viele der Demenz-Apps, die es auf dem sogenannten Selbstk\u00e4ufermarkt gibt, reichen nicht \u00fcber eine \u201eakzeptable\u201c Qualit\u00e4t hinaus."},{"@type":"BreadcrumbList","@id":"https:\/\/digidem-bayern.de\/webinar-hilfe-aus-dem-appstore-evidenz-von-apps-fuer-menschen-mit-demenz-und-pflegende-an-und-zugehoerige\/#breadcrumb","itemListElement":[{"@type":"ListItem","position":1,"name":"Startseite","item":"https:\/\/digidem-bayern.de\/"},{"@type":"ListItem","position":2,"name":"Webinar: Hilfe aus dem Appstore &#8211; Evidenz von Apps f\u00fcr Menschen mit Demenz und pflegende An- und Zugeh\u00f6rige"}]},{"@type":"WebSite","@id":"\/#website","url":"\/","name":"digiDEM Bavaria","description":"The digital dementia register in Bavaria researches and improves the structure of services for people with dementia and their relatives","publisher":{"@id":"\/#organization"},"potentialAction":[{"@type":"SearchAction","target":{"@type":"EntryPoint","urlTemplate":"\/?s={search_term_string}"},"query-input":{"@type":"PropertyValueSpecification","valueRequired":true,"valueName":"search_term_string"}}],"inLanguage":"en-US"},{"@type":"Organization","@id":"\/#organization","name":"digiDEM Bavaria","url":"\/","logo":{"@type":"ImageObject","inLanguage":"en-US","@id":"\/#\/schema\/logo\/image\/","url":"https:\/\/digidem-bayern.de\/wp-content\/uploads\/2022\/03\/cropped-Allgemeines_digiDEMLOGO-removebg-preview.png","contentUrl":"https:\/\/digidem-bayern.de\/wp-content\/uploads\/2022\/03\/cropped-Allgemeines_digiDEMLOGO-removebg-preview.png","width":612,"height":357,"caption":"digiDEM Bayern"},"image":{"@id":"\/#\/schema\/logo\/image\/"},"sameAs":["https:\/\/www.facebook.com\/digiDEMBayern\/","https:\/\/x.com\/digidem_bayern","https:\/\/www.instagram.com\/digidem.bayern","https:\/\/www.linkedin.com\/company\/digidem-bayern\/"]},{"@type":"Person","@id":"\/#\/schema\/person\/0e8781e0653d1a8e57ca55bd2c3cb01f","name":"Anne Keefer","url":"https:\/\/digidem-bayern.de\/en\/author\/ag-webinar\/"}]}},"uagb_featured_image_src":{"full":["https:\/\/digidem-bayern.de\/wp-content\/uploads\/2023\/03\/shutterstock_149032733.jpg",1000,708,false],"thumbnail":["https:\/\/digidem-bayern.de\/wp-content\/uploads\/2023\/03\/shutterstock_149032733-80x80.jpg",80,80,true],"medium":["https:\/\/digidem-bayern.de\/wp-content\/uploads\/2023\/03\/shutterstock_149032733-300x212.jpg",300,212,true],"medium_large":["https:\/\/digidem-bayern.de\/wp-content\/uploads\/2023\/03\/shutterstock_149032733-768x544.jpg",768,544,true],"large":["https:\/\/digidem-bayern.de\/wp-content\/uploads\/2023\/03\/shutterstock_149032733.jpg",1000,708,false],"1536x1536":["https:\/\/digidem-bayern.de\/wp-content\/uploads\/2023\/03\/shutterstock_149032733.jpg",1000,708,false],"2048x2048":["https:\/\/digidem-bayern.de\/wp-content\/uploads\/2023\/03\/shutterstock_149032733.jpg",1000,708,false],"trp-custom-language-flag":["https:\/\/digidem-bayern.de\/wp-content\/uploads\/2023\/03\/shutterstock_149032733.jpg",18,12,false],"qubely_landscape":["https:\/\/digidem-bayern.de\/wp-content\/uploads\/2023\/03\/shutterstock_149032733.jpg",1000,708,false],"qubely_portrait":["https:\/\/digidem-bayern.de\/wp-content\/uploads\/2023\/03\/shutterstock_149032733-540x320.jpg",540,320,true],"qubely_thumbnail":["https:\/\/digidem-bayern.de\/wp-content\/uploads\/2023\/03\/shutterstock_149032733-140x100.jpg",140,100,true],"post-thumbnail":["https:\/\/digidem-bayern.de\/wp-content\/uploads\/2023\/03\/shutterstock_149032733-494x350.jpg",494,350,true],"kahuna-featured":["https:\/\/digidem-bayern.de\/wp-content\/uploads\/2023\/03\/shutterstock_149032733-734x350.jpg",734,350,true],"kahuna-featured-lp":["https:\/\/digidem-bayern.de\/wp-content\/uploads\/2023\/03\/shutterstock_149032733-520x350.jpg",520,350,true],"kahuna-featured-half":["https:\/\/digidem-bayern.de\/wp-content\/uploads\/2023\/03\/shutterstock_149032733-800x350.jpg",800,350,true],"kahuna-featured-third":["https:\/\/digidem-bayern.de\/wp-content\/uploads\/2023\/03\/shutterstock_149032733-512x350.jpg",512,350,true],"kahuna-lpbox-1":["https:\/\/digidem-bayern.de\/wp-content\/uploads\/2023\/03\/shutterstock_149032733-520x300.jpg",520,300,true],"kahuna-lpbox-2":["https:\/\/digidem-bayern.de\/wp-content\/uploads\/2023\/03\/shutterstock_149032733-520x350.jpg",520,350,true],"demand-language-flag":["https:\/\/digidem-bayern.de\/wp-content\/uploads\/2023\/03\/shutterstock_149032733.jpg",36,25,false],"dddkt-language-flag":["https:\/\/digidem-bayern.de\/wp-content\/uploads\/2023\/03\/shutterstock_149032733-36x36.jpg",36,36,true],"ddiqc-language-flag":["https:\/\/digidem-bayern.de\/wp-content\/uploads\/2023\/03\/shutterstock_149032733-36x36.jpg",36,36,true],"ddtl-language-flag":["https:\/\/digidem-bayern.de\/wp-content\/uploads\/2023\/03\/shutterstock_149032733-36x36.jpg",36,36,true],"mailpoet_newsletter_max":["https:\/\/digidem-bayern.de\/wp-content\/uploads\/2023\/03\/shutterstock_149032733.jpg",1000,708,false],"kahuna-lpbox-3":["https:\/\/digidem-bayern.de\/wp-content\/uploads\/2023\/03\/shutterstock_149032733-520x350.jpg",520,350,true],"kahuna-featured-square":["https:\/\/digidem-bayern.de\/wp-content\/uploads\/2023\/03\/shutterstock_149032733-512x512.jpg",512,512,true],"kahuna-featured-square-large":["https:\/\/digidem-bayern.de\/wp-content\/uploads\/2023\/03\/shutterstock_149032733.jpg",1000,708,false]},"uagb_author_info":{"display_name":"Anne Keefer","author_link":"https:\/\/digidem-bayern.de\/en\/author\/ag-webinar\/"},"uagb_comment_info":0,"uagb_excerpt":"In Sachen Digitalisierung des Gesundheitssystems hat Deutschland Nachholbedarf. Gleichzeitig erfreuen sich&nbsp;Gesundheits-Apps immer gr\u00f6\u00dferer Beliebtheit. Sie lassen sich in App-Stores bequem herunterladen und unabh\u00e4ngig von Ort und Zeit benutzen. Laut einer Studie sind fast 80 Prozent der 60- bis 69-J\u00e4hrigen &#8222;online&#8220;. Doch wie steht es um die Qualit\u00e4t der Apps, gerade &hellip;","_links":{"self":[{"href":"https:\/\/digidem-bayern.de\/en\/wp-json\/wp\/v2\/posts\/26707","targetHints":{"allow":["GET"]}}],"collection":[{"href":"https:\/\/digidem-bayern.de\/en\/wp-json\/wp\/v2\/posts"}],"about":[{"href":"https:\/\/digidem-bayern.de\/en\/wp-json\/wp\/v2\/types\/post"}],"author":[{"embeddable":true,"href":"https:\/\/digidem-bayern.de\/en\/wp-json\/wp\/v2\/users\/7"}],"replies":[{"embeddable":true,"href":"https:\/\/digidem-bayern.de\/en\/wp-json\/wp\/v2\/comments?post=26707"}],"version-history":[{"count":9,"href":"https:\/\/digidem-bayern.de\/en\/wp-json\/wp\/v2\/posts\/26707\/revisions"}],"predecessor-version":[{"id":28646,"href":"https:\/\/digidem-bayern.de\/en\/wp-json\/wp\/v2\/posts\/26707\/revisions\/28646"}],"wp:featuredmedia":[{"embeddable":true,"href":"https:\/\/digidem-bayern.de\/en\/wp-json\/wp\/v2\/media\/26777"}],"wp:attachment":[{"href":"https:\/\/digidem-bayern.de\/en\/wp-json\/wp\/v2\/media?parent=26707"}],"wp:term":[{"taxonomy":"category","embeddable":true,"href":"https:\/\/digidem-bayern.de\/en\/wp-json\/wp\/v2\/categories?post=26707"},{"taxonomy":"post_tag","embeddable":true,"href":"https:\/\/digidem-bayern.de\/en\/wp-json\/wp\/v2\/tags?post=26707"}],"curies":[{"name":"wp","href":"https:\/\/api.w.org\/{rel}","templated":true}]}}