{"id":26587,"date":"2023-01-26T11:20:00","date_gmt":"2023-01-26T10:20:00","guid":{"rendered":"https:\/\/digidem-bayern.de\/?p=26587"},"modified":"2023-03-09T14:22:55","modified_gmt":"2023-03-09T13:22:55","slug":"haeusliche-pflege-hat-auch-ihre-positiven-seiten-3","status":"publish","type":"post","link":"https:\/\/digidem-bayern.de\/en\/haeusliche-pflege-hat-auch-ihre-positiven-seiten-3\/","title":{"rendered":"H\u00e4usliche Pflege hat auch ihre positiven Seiten"},"content":{"rendered":"<p><strong>M\u00fcdigkeit, Stress, wenig Freizeit oder das Gef\u00fchl mangelnder Anerkennung: Angeh\u00f6rige, die zum Beispiel Menschen mit Demenz in ihrem h\u00e4uslichen Umfeld pflegen, empfinden ihre T\u00e4tigkeit oft als \u00fcberfordernd oder psychisch belastend. Erstmals in Deutschland hat ein Forschungsteam des&nbsp;Uniklinikums Erlangen und der Friedrich-Alexander-Universit\u00e4t Erlangen-N\u00fcrnberg (FAU) in einer aktuellen Studie die positiven Seiten nachgewiesen, die mit der Pfleget\u00e4tigkeit verbunden sind.<\/strong><\/p>\n\n\n\n<p>\u201ePflegende Angeh\u00f6rige erleben nicht nur negative Seiten der h\u00e4uslichen Pflege, sondern erfahren auch positive Auswirkungen, die sich erst durch die Pfleget\u00e4tigkeit ergeben\u201c, sagt die Forschungsprojektleiterin Dr. Anna Pendergrass vom Zentrum f\u00fcr Medizinische Versorgungsforschung der Psychiatrischen und Psychotherapeutischen Klinik des Uniklinikums Erlangen. Mit der j\u00fcngst erschienenen Studie m\u00f6chten die Wissenschaftler*innen zur Verbesserung der Pflegesituation in Deutschland beitragen. Deshalb erforschen sie die positiven Seiten, die sogenannten Zugewinne durch die h\u00e4usliche Pflege.<\/p>\n\n\n\n<p><strong>Wichtige Werte im Leben<\/strong><\/p>\n\n\n<div class=\"wp-block-image\">\n<figure class=\"alignright size-full is-resized\"><img loading=\"lazy\" decoding=\"async\" src=\"https:\/\/digidem-bayern.de\/wp-content\/uploads\/2023\/01\/shutterstock_603600086.jpg\" alt=\"Erlebte Zugewinne k\u00f6nnten vorteilhafte Effekte auf die Pflegenden, Gepflegten und die gesamte Situation haben.\" class=\"wp-image-25651\" width=\"533\" height=\"355\" srcset=\"https:\/\/digidem-bayern.de\/wp-content\/uploads\/2023\/01\/shutterstock_603600086.jpg 1000w, https:\/\/digidem-bayern.de\/wp-content\/uploads\/2023\/01\/shutterstock_603600086-300x200.jpg 300w, https:\/\/digidem-bayern.de\/wp-content\/uploads\/2023\/01\/shutterstock_603600086-768x512.jpg 768w, https:\/\/digidem-bayern.de\/wp-content\/uploads\/2023\/01\/shutterstock_603600086-525x350.jpg 525w\" sizes=\"auto, (max-width: 533px) 100vw, 533px\" \/><figcaption class=\"wp-element-caption\">Erlebte Zugewinne k\u00f6nnen sich vorteilhaft auf die Pflegenden, die gepflegten und die gesamte Situation in der h\u00e4uslichen Pflege auswirken.<\/figcaption><\/figure>\n<\/div>\n\n\n<p>In der j\u00fcngst erschienenen Studie gaben 61,7 Prozent der Befragten an, dass ihnen durch die Pfleget\u00e4tigkeit deutlicher geworden ist, welche Werte ihnen pers\u00f6nlich in ihrem Leben wichtig sind. Mehr als die H\u00e4lfte der Studienteilnehmenden hat \u201eviel dazu gelernt\u201c, 41 Prozent berichteten, ihre Zeit besser organisieren zu k\u00f6nnen. Zu den Zugewinnen \u2013 den sogenannten Benefits \u2013 geh\u00f6ren weitere Erfahrungen: Die pflegenden Angeh\u00f6rigen sind geduldiger und reifer geworden, erlebten mehr Wertsch\u00e4tzung von anderen oder haben eine positivere Lebenseinstellung gewonnen.<\/p>\n\n\n\n<p><strong>Zugewinne unbeeinflusst von Belastung<\/strong><\/p>\n\n\n\n<p>Die Studienautor*innen gelangten zu einem weiteren \u00fcberraschenden Forschungsergebnis. \u201eDie Zugewinne werden v\u00f6llig unabh\u00e4ngig von der Belastung und der Dauer der Pflege erlebt\u201c, berichtet Prof. Dr. Elmar Gr\u00e4\u00dfel, einer der Co-Autoren der Studie und Projektleiter bei digiDEM Bayern, dem Digitalen Demenzregister Bayern. Auf Basis der erforschten Benefits k\u00f6nnen praktische Ma\u00dfnahmen entwickelt und die Lebenssituation von Pflegenden und Gepflegten verbessert werden. &#8222;Dies w\u00e4re ein wichtiger Beitrag zur St\u00e4rkung der h\u00e4uslichen Pflege in Deutschland&#8220;, sind sich Dr. Anna Pendergrass und Prof. Dr. Elmar Gr\u00e4\u00dfel einig.<\/p>\n\n\n\n<p><strong>Vorteilhafte Effekte<\/strong><\/p>\n\n\n\n<p>Erlebte Zugewinne k\u00f6nnten vorteilhafte Effekte auf die Pflegenden, Gepflegten und die gesamte Situation haben. So gibt es aus der internationalen Forschung erste Belege f\u00fcr einen Puffereffekt. Das hei\u00dft, negative psychologische (zum Beispiel&nbsp;&nbsp;Depression) sowie physiologische (etwa k\u00f6rperliche Beschwerden) Auswirkungen der Pflege k\u00f6nnten durch das Erleben von Zugewinnen abgemildert werden.&nbsp;<\/p>\n\n\n\n<p>Pflegende Angeh\u00f6rige, die an der Studie teilgenommen haben, sind im Durchschnitt 61 Jahre alt und zu mehr als zwei Dritteln Frauen (76,2 Prozent). Mehrheitlich sind es die Partner*innen und erwachsenen (Schwieger-)T\u00f6chter und -S\u00f6hne (87,1 Prozent), die ihre Angeh\u00f6rigen unterst\u00fctzen. Das Durchschnittsalter der Pflegebed\u00fcrftigen betr\u00e4gt 77 Jahre, 64 Prozent sind Frauen. Urs\u00e4chlich f\u00fcr die Pflegebed\u00fcrftigkeit sind zum Beispiel Altersgebrechlichkeit, eine Demenzerkrankung, Schlaganfall und Krebs.<\/p>\n\n\n\n<p><strong>Weltweit erstmals spezieller Fragebogen<\/strong><\/p>\n\n\n\n<p>Um den Zugewinn durch h\u00e4usliche Pflege wissenschaftlich g\u00fcltig zu erfassen, haben die Forschenden weltweit erstmalig einen speziellen Fragebogen f\u00fcr pflegende Angeh\u00f6rige entwickelt. Mit dessen Hilfe erfahren diese einen Nutzen f\u00fcr sich selbst. Sie lernen aber auch, dass der erlebte Nutzen das Ergebnis ihrer Pfleget\u00e4tigkeit ist.&nbsp;<\/p>\n\n\n\n<p>Bei der Entwicklung des Fragebogens waren Wissenschaftler*innen verschiedener Disziplinen, Expert*innen aus Demenzversorgung und Pflege sowie Angeh\u00f6rige einbezogen. Im Rahmen der anschlie\u00dfenden Studie befragten die Forschenden in einer repr\u00e4sentativen Piloterhebung, unterst\u00fctzt vom Medizinischen Dienst (MD) Bayern, mehr als 900 pflegende An- und Zugeh\u00f6rige. &#8222;Unser wichtigstes Ziel war es, g\u00fcnstige Faktoren zu ermitteln, die zu mehr Benefits f\u00fchren&#8220;, unterstreicht FAU-Demenzforscher Prof. Dr. Elmar Gr\u00e4\u00dfel.<\/p>\n\n\n\n<p>Die Studie ist j\u00fcngst im Fachmagazin&nbsp;<em>BMC Geriatrics<\/em>&nbsp;erschienen.&nbsp;<a href=\"https:\/\/bmcgeriatr.biomedcentral.com\/articles\/10.1186\/s12877-022-03650-y\">Hier geht&#8217;s zur Studie.<\/a><\/p>\n\n\n\n<p>Der Fragebogen&nbsp;\u201eBenefits of Being a Caregiver\u201c (deutsch: Zugewinne f\u00fcr pflegende Angeh\u00f6rige durch die T\u00e4tigkeit als pflegender Angeh\u00f6riger) kann kostenfrei auf dieser Webseite&nbsp;heruntergeladen werden:&nbsp;<a rel=\"noreferrer noopener\" href=\"https:\/\/www.psychiatrie.uk-erlangen.de\/med-psychologie-soziologie\/forschung\/benefits-of-being-a-caregiver\/\" target=\"_blank\">https:\/\/www.psychiatrie.uk-erlangen.de\/med-psychologie-soziologie\/forschung\/benefits-of-being-a-caregiver\/<\/a><\/p>\n\n\n\n<div class=\"wp-block-stackable-button-group stk-block-button-group stk-block stk-5ededb5\" data-block-id=\"5ededb5\"><div class=\"stk-row stk-inner-blocks stk-block-content stk-button-group\">\n<div class=\"wp-block-stackable-button stk-block-button stk-block stk-69dbc6e\" data-block-id=\"69dbc6e\"><a class=\"stk-link stk-button stk--hover-effect-darken\" href=\"https:\/\/digidem-bayern.de\/en\/download\/26585\/?tmstv=1678367872\"><span class=\"stk-button__inner-text\">Pressemitteilung herunterladen<\/span><\/a><\/div>\n<\/div><\/div>\n\n\n\n<p><\/p>\n\n\n\n<p><\/p>\n\n\n\n<p><\/p>\n\n\n\n<p><\/p>\n\n\n\n<p style=\"font-size:20px\"><\/p>\n\n\n\n<div style=\"height:20px\" aria-hidden=\"true\" class=\"wp-block-spacer\"><\/div>\n\n\n\n<p><\/p>\n\n\n\n<div style=\"height:20px\" aria-hidden=\"true\" class=\"wp-block-spacer\"><\/div>\n\n\n\n<p><\/p>\n\n\n\n<p><\/p>\n\n\n\n<p><\/p>\n\n\n\n<p><\/p>\n\n\n\n<p><\/p>\n\n\n\n<p><\/p>\n\n\n\n<p><\/p>\n\n\n\n<p><\/p>\n\n\n\n<p><\/p>\n\n\n\n<p><\/p>\n\n\n\n<p><\/p>\n\n\n\n<p><\/p>\n\n\n\n<p><\/p>\n\n\n\n<p><\/p>\n\n\n\n<p><\/p>","protected":false},"excerpt":{"rendered":"<p>M\u00fcdigkeit, Stress, wenig Freizeit oder das Gef\u00fchl mangelnder Anerkennung: Angeh\u00f6rige, die zum Beispiel Menschen mit Demenz in ihrem h\u00e4uslichen Umfeld pflegen, empfinden ihre T\u00e4tigkeit oft als \u00fcberfordernd oder psychisch belastend. Erstmals in Deutschland hat ein Forschungsteam des&nbsp;Uniklinikums Erlangen und der Friedrich-Alexander-Universit\u00e4t Erlangen-N\u00fcrnberg (FAU) in einer aktuellen Studie die positiven Seiten &hellip;<\/p>","protected":false},"author":12,"featured_media":25651,"comment_status":"open","ping_status":"closed","sticky":false,"template":"","format":"standard","meta":{"qubely_global_settings":"","qubely_interactions":"","_uag_custom_page_level_css":"","footnotes":""},"categories":[443],"tags":[13,12,95,482,14,17,55,454,602,603],"class_list":["post-26587","post","type-post","status-publish","format-standard","has-post-thumbnail","hentry","category-pressemitteilungen","tag-alzheimer","tag-demenz-2","tag-demenzforschung","tag-demenzfrueherkennung","tag-digidem","tag-digidem-bayern","tag-digitales-demenzregister-bayern","tag-haeusliche-pflege","tag-positive-lebenseinstellung","tag-zugewinn"],"qubely_featured_image_url":{"full":["https:\/\/digidem-bayern.de\/wp-content\/uploads\/2023\/01\/shutterstock_603600086.jpg",1000,667,false],"landscape":["https:\/\/digidem-bayern.de\/wp-content\/uploads\/2023\/01\/shutterstock_603600086.jpg",1000,667,false],"portraits":["https:\/\/digidem-bayern.de\/wp-content\/uploads\/2023\/01\/shutterstock_603600086-540x320.jpg",540,320,true],"thumbnail":["https:\/\/digidem-bayern.de\/wp-content\/uploads\/2023\/01\/shutterstock_603600086-80x80.jpg",80,80,true],"medium":["https:\/\/digidem-bayern.de\/wp-content\/uploads\/2023\/01\/shutterstock_603600086-300x200.jpg",300,200,true],"medium_large":["https:\/\/digidem-bayern.de\/wp-content\/uploads\/2023\/01\/shutterstock_603600086-768x512.jpg",768,512,true],"large":["https:\/\/digidem-bayern.de\/wp-content\/uploads\/2023\/01\/shutterstock_603600086.jpg",1000,667,false],"1536x1536":["https:\/\/digidem-bayern.de\/wp-content\/uploads\/2023\/01\/shutterstock_603600086.jpg",1000,667,false],"2048x2048":["https:\/\/digidem-bayern.de\/wp-content\/uploads\/2023\/01\/shutterstock_603600086.jpg",1000,667,false],"trp-custom-language-flag":["https:\/\/digidem-bayern.de\/wp-content\/uploads\/2023\/01\/shutterstock_603600086.jpg",18,12,false],"qubely_landscape":["https:\/\/digidem-bayern.de\/wp-content\/uploads\/2023\/01\/shutterstock_603600086.jpg",1000,667,false],"qubely_portrait":["https:\/\/digidem-bayern.de\/wp-content\/uploads\/2023\/01\/shutterstock_603600086-540x320.jpg",540,320,true],"qubely_thumbnail":["https:\/\/digidem-bayern.de\/wp-content\/uploads\/2023\/01\/shutterstock_603600086-140x100.jpg",140,100,true],"post-thumbnail":["https:\/\/digidem-bayern.de\/wp-content\/uploads\/2023\/01\/shutterstock_603600086-525x350.jpg",525,350,true],"kahuna-featured":["https:\/\/digidem-bayern.de\/wp-content\/uploads\/2023\/01\/shutterstock_603600086-734x350.jpg",734,350,true],"kahuna-featured-lp":["https:\/\/digidem-bayern.de\/wp-content\/uploads\/2023\/01\/shutterstock_603600086-520x350.jpg",520,350,true],"kahuna-featured-half":["https:\/\/digidem-bayern.de\/wp-content\/uploads\/2023\/01\/shutterstock_603600086-800x350.jpg",800,350,true],"kahuna-featured-third":["https:\/\/digidem-bayern.de\/wp-content\/uploads\/2023\/01\/shutterstock_603600086-512x350.jpg",512,350,true],"kahuna-lpbox-1":["https:\/\/digidem-bayern.de\/wp-content\/uploads\/2023\/01\/shutterstock_603600086-520x300.jpg",520,300,true],"kahuna-lpbox-2":["https:\/\/digidem-bayern.de\/wp-content\/uploads\/2023\/01\/shutterstock_603600086-520x350.jpg",520,350,true],"demand-language-flag":["https:\/\/digidem-bayern.de\/wp-content\/uploads\/2023\/01\/shutterstock_603600086.jpg",36,24,false],"dddkt-language-flag":["https:\/\/digidem-bayern.de\/wp-content\/uploads\/2023\/01\/shutterstock_603600086-36x36.jpg",36,36,true],"ddiqc-language-flag":["https:\/\/digidem-bayern.de\/wp-content\/uploads\/2023\/01\/shutterstock_603600086-36x36.jpg",36,36,true],"ddtl-language-flag":["https:\/\/digidem-bayern.de\/wp-content\/uploads\/2023\/01\/shutterstock_603600086-36x36.jpg",36,36,true],"mailpoet_newsletter_max":["https:\/\/digidem-bayern.de\/wp-content\/uploads\/2023\/01\/shutterstock_603600086.jpg",1000,667,false],"kahuna-lpbox-3":["https:\/\/digidem-bayern.de\/wp-content\/uploads\/2023\/01\/shutterstock_603600086-520x350.jpg",520,350,true],"kahuna-featured-square":["https:\/\/digidem-bayern.de\/wp-content\/uploads\/2023\/01\/shutterstock_603600086-512x512.jpg",512,512,true],"kahuna-featured-square-large":["https:\/\/digidem-bayern.de\/wp-content\/uploads\/2023\/01\/shutterstock_603600086.jpg",1000,667,false]},"qubely_author":{"display_name":"Ilona H\u00f6rath","author_link":"https:\/\/digidem-bayern.de\/en\/author\/hoeratia\/"},"qubely_comment":0,"qubely_category":"<a href=\"https:\/\/digidem-bayern.de\/en\/category\/pressemitteilungen\/\" rel=\"category tag\">Pressemitteilungen<\/a>","qubely_excerpt":"M\u00fcdigkeit, Stress, wenig Freizeit oder das Gef\u00fchl mangelnder Anerkennung: Angeh\u00f6rige, die zum Beispiel Menschen mit Demenz in ihrem h\u00e4uslichen Umfeld pflegen, empfinden ihre T\u00e4tigkeit oft als \u00fcberfordernd oder psychisch belastend. Erstmals in Deutschland hat ein Forschungsteam des&nbsp;Uniklinikums Erlangen und der Friedrich-Alexander-Universit\u00e4t Erlangen-N\u00fcrnberg (FAU) in einer aktuellen Studie die positiven Seiten &hellip;","featured_image_urls_v2":{"full":["https:\/\/digidem-bayern.de\/wp-content\/uploads\/2023\/01\/shutterstock_603600086.jpg",1000,667,false],"thumbnail":["https:\/\/digidem-bayern.de\/wp-content\/uploads\/2023\/01\/shutterstock_603600086-80x80.jpg",80,80,true],"medium":["https:\/\/digidem-bayern.de\/wp-content\/uploads\/2023\/01\/shutterstock_603600086-300x200.jpg",300,200,true],"medium_large":["https:\/\/digidem-bayern.de\/wp-content\/uploads\/2023\/01\/shutterstock_603600086-768x512.jpg",768,512,true],"large":["https:\/\/digidem-bayern.de\/wp-content\/uploads\/2023\/01\/shutterstock_603600086.jpg",1000,667,false],"1536x1536":["https:\/\/digidem-bayern.de\/wp-content\/uploads\/2023\/01\/shutterstock_603600086.jpg",1000,667,false],"2048x2048":["https:\/\/digidem-bayern.de\/wp-content\/uploads\/2023\/01\/shutterstock_603600086.jpg",1000,667,false],"trp-custom-language-flag":["https:\/\/digidem-bayern.de\/wp-content\/uploads\/2023\/01\/shutterstock_603600086.jpg",18,12,false],"qubely_landscape":["https:\/\/digidem-bayern.de\/wp-content\/uploads\/2023\/01\/shutterstock_603600086.jpg",1000,667,false],"qubely_portrait":["https:\/\/digidem-bayern.de\/wp-content\/uploads\/2023\/01\/shutterstock_603600086-540x320.jpg",540,320,true],"qubely_thumbnail":["https:\/\/digidem-bayern.de\/wp-content\/uploads\/2023\/01\/shutterstock_603600086-140x100.jpg",140,100,true],"post-thumbnail":["https:\/\/digidem-bayern.de\/wp-content\/uploads\/2023\/01\/shutterstock_603600086-525x350.jpg",525,350,true],"kahuna-featured":["https:\/\/digidem-bayern.de\/wp-content\/uploads\/2023\/01\/shutterstock_603600086-734x350.jpg",734,350,true],"kahuna-featured-lp":["https:\/\/digidem-bayern.de\/wp-content\/uploads\/2023\/01\/shutterstock_603600086-520x350.jpg",520,350,true],"kahuna-featured-half":["https:\/\/digidem-bayern.de\/wp-content\/uploads\/2023\/01\/shutterstock_603600086-800x350.jpg",800,350,true],"kahuna-featured-third":["https:\/\/digidem-bayern.de\/wp-content\/uploads\/2023\/01\/shutterstock_603600086-512x350.jpg",512,350,true],"kahuna-lpbox-1":["https:\/\/digidem-bayern.de\/wp-content\/uploads\/2023\/01\/shutterstock_603600086-520x300.jpg",520,300,true],"kahuna-lpbox-2":["https:\/\/digidem-bayern.de\/wp-content\/uploads\/2023\/01\/shutterstock_603600086-520x350.jpg",520,350,true],"demand-language-flag":["https:\/\/digidem-bayern.de\/wp-content\/uploads\/2023\/01\/shutterstock_603600086.jpg",36,24,false],"dddkt-language-flag":["https:\/\/digidem-bayern.de\/wp-content\/uploads\/2023\/01\/shutterstock_603600086-36x36.jpg",36,36,true],"ddiqc-language-flag":["https:\/\/digidem-bayern.de\/wp-content\/uploads\/2023\/01\/shutterstock_603600086-36x36.jpg",36,36,true],"ddtl-language-flag":["https:\/\/digidem-bayern.de\/wp-content\/uploads\/2023\/01\/shutterstock_603600086-36x36.jpg",36,36,true],"mailpoet_newsletter_max":["https:\/\/digidem-bayern.de\/wp-content\/uploads\/2023\/01\/shutterstock_603600086.jpg",1000,667,false],"kahuna-lpbox-3":["https:\/\/digidem-bayern.de\/wp-content\/uploads\/2023\/01\/shutterstock_603600086-520x350.jpg",520,350,true],"kahuna-featured-square":["https:\/\/digidem-bayern.de\/wp-content\/uploads\/2023\/01\/shutterstock_603600086-512x512.jpg",512,512,true],"kahuna-featured-square-large":["https:\/\/digidem-bayern.de\/wp-content\/uploads\/2023\/01\/shutterstock_603600086.jpg",1000,667,false]},"post_excerpt_stackable_v2":"<p>M\u00fcdigkeit, Stress, wenig Freizeit oder das Gef\u00fchl mangelnder Anerkennung: Angeh\u00f6rige, die zum Beispiel Menschen mit Demenz in ihrem h\u00e4uslichen Umfeld pflegen, empfinden ihre T\u00e4tigkeit oft als \u00fcberfordernd oder psychisch belastend. Erstmals in Deutschland hat ein Forschungsteam des&nbsp;Uniklinikums Erlangen und der Friedrich-Alexander-Universit\u00e4t Erlangen-N\u00fcrnberg (FAU) in einer aktuellen Studie die positiven Seiten nachgewiesen, die mit der Pfleget\u00e4tigkeit verbunden sind. \u201ePflegende Angeh\u00f6rige erleben nicht nur negative Seiten der h\u00e4uslichen Pflege, sondern erfahren auch positive Auswirkungen, die sich erst durch die Pfleget\u00e4tigkeit ergeben\u201c, sagt die Forschungsprojektleiterin Dr. Anna Pendergrass vom Zentrum f\u00fcr Medizinische Versorgungsforschung der Psychiatrischen und Psychotherapeutischen Klinik des Uniklinikums Erlangen. Mit der&hellip;<\/p>\n","category_list_v2":"<a href=\"https:\/\/digidem-bayern.de\/en\/category\/pressemitteilungen\/\" rel=\"category tag\">Pressemitteilungen<\/a>","author_info_v2":{"name":"Ilona H\u00f6rath","url":"https:\/\/digidem-bayern.de\/en\/author\/hoeratia\/"},"comments_num_v2":"0 comments","yoast_head":"<!-- This site is optimized with the Yoast SEO plugin v27.4 - https:\/\/yoast.com\/product\/yoast-seo-wordpress\/ -->\n<title>H\u00e4usliche Pflege hat auch ihre positiven Seiten - digiDEM Bayern<\/title>\n<meta name=\"description\" content=\"Der Bayerische Landesapothekerkammer unterst\u00fctzt digiDEM Bayern mit Hilfe des Netzwerks &quot;Demenzfreundliche Apotheken&quot;.\" \/>\n<meta name=\"robots\" content=\"index, follow, max-snippet:-1, max-image-preview:large, max-video-preview:-1\" \/>\n<link rel=\"canonical\" href=\"https:\/\/digidem-bayern.de\/en\/haeusliche-pflege-hat-auch-ihre-positiven-seiten-3\/\" \/>\n<meta property=\"og:locale\" content=\"en_US\" \/>\n<meta property=\"og:type\" content=\"article\" \/>\n<meta property=\"og:title\" content=\"H\u00e4usliche Pflege hat auch ihre positiven Seiten - digiDEM Bayern\" \/>\n<meta property=\"og:description\" content=\"Der Bayerische Landesapothekerkammer unterst\u00fctzt digiDEM Bayern mit Hilfe des Netzwerks &quot;Demenzfreundliche Apotheken&quot;.\" \/>\n<meta property=\"og:url\" content=\"https:\/\/digidem-bayern.de\/en\/haeusliche-pflege-hat-auch-ihre-positiven-seiten-3\/\" \/>\n<meta property=\"og:site_name\" content=\"digiDEM Bayern\" \/>\n<meta property=\"article:publisher\" content=\"https:\/\/www.facebook.com\/digiDEMBayern\/\" \/>\n<meta property=\"article:published_time\" content=\"2023-01-26T10:20:00+00:00\" \/>\n<meta property=\"article:modified_time\" content=\"2023-03-09T13:22:55+00:00\" \/>\n<meta property=\"og:image\" content=\"https:\/\/digidem-bayern.de\/wp-content\/uploads\/2023\/01\/shutterstock_603600086.jpg\" \/>\n\t<meta property=\"og:image:width\" content=\"1000\" \/>\n\t<meta property=\"og:image:height\" content=\"667\" \/>\n\t<meta property=\"og:image:type\" content=\"image\/jpeg\" \/>\n<meta name=\"author\" content=\"Ilona H\u00f6rath\" \/>\n<meta name=\"twitter:label1\" content=\"Written by\" \/>\n\t<meta name=\"twitter:data1\" content=\"Ilona H\u00f6rath\" \/>\n\t<meta name=\"twitter:label2\" content=\"Est. reading time\" \/>\n\t<meta name=\"twitter:data2\" content=\"2 minutes\" \/>\n<script type=\"application\/ld+json\" class=\"yoast-schema-graph\">{\"@context\":\"https:\\\/\\\/schema.org\",\"@graph\":[{\"@type\":\"Article\",\"@id\":\"https:\\\/\\\/digidem-bayern.de\\\/haeusliche-pflege-hat-auch-ihre-positiven-seiten-3\\\/#article\",\"isPartOf\":{\"@id\":\"https:\\\/\\\/digidem-bayern.de\\\/haeusliche-pflege-hat-auch-ihre-positiven-seiten-3\\\/\"},\"author\":{\"name\":\"Ilona H\u00f6rath\",\"@id\":\"\\\/#\\\/schema\\\/person\\\/0bc1494f46fc2a051c761322a80e0941\"},\"headline\":\"H\u00e4usliche Pflege hat auch ihre positiven Seiten\",\"datePublished\":\"2023-01-26T10:20:00+00:00\",\"dateModified\":\"2023-03-09T13:22:55+00:00\",\"mainEntityOfPage\":{\"@id\":\"https:\\\/\\\/digidem-bayern.de\\\/haeusliche-pflege-hat-auch-ihre-positiven-seiten-3\\\/\"},\"wordCount\":670,\"commentCount\":0,\"publisher\":{\"@id\":\"\\\/#organization\"},\"image\":{\"@id\":\"https:\\\/\\\/digidem-bayern.de\\\/haeusliche-pflege-hat-auch-ihre-positiven-seiten-3\\\/#primaryimage\"},\"thumbnailUrl\":\"https:\\\/\\\/digidem-bayern.de\\\/wp-content\\\/uploads\\\/2023\\\/01\\\/shutterstock_603600086.jpg\",\"keywords\":[\"Alzheimer\",\"Demenz\",\"Demenzforschung\",\"Demenzfr\u00fcherkennung\",\"digidem\",\"digidem Bayern\",\"Digitales Demenzregister Bayern\",\"H\u00e4usliche Pflege\",\"positive Lebenseinstellung\",\"Zugewinn\"],\"articleSection\":[\"Pressemitteilungen\"],\"inLanguage\":\"en-US\",\"potentialAction\":[{\"@type\":\"CommentAction\",\"name\":\"Comment\",\"target\":[\"https:\\\/\\\/digidem-bayern.de\\\/haeusliche-pflege-hat-auch-ihre-positiven-seiten-3\\\/#respond\"]}]},{\"@type\":\"WebPage\",\"@id\":\"https:\\\/\\\/digidem-bayern.de\\\/haeusliche-pflege-hat-auch-ihre-positiven-seiten-3\\\/\",\"url\":\"https:\\\/\\\/digidem-bayern.de\\\/haeusliche-pflege-hat-auch-ihre-positiven-seiten-3\\\/\",\"name\":\"H\u00e4usliche Pflege hat auch ihre positiven Seiten - digiDEM Bayern\",\"isPartOf\":{\"@id\":\"\\\/#website\"},\"primaryImageOfPage\":{\"@id\":\"https:\\\/\\\/digidem-bayern.de\\\/haeusliche-pflege-hat-auch-ihre-positiven-seiten-3\\\/#primaryimage\"},\"image\":{\"@id\":\"https:\\\/\\\/digidem-bayern.de\\\/haeusliche-pflege-hat-auch-ihre-positiven-seiten-3\\\/#primaryimage\"},\"thumbnailUrl\":\"https:\\\/\\\/digidem-bayern.de\\\/wp-content\\\/uploads\\\/2023\\\/01\\\/shutterstock_603600086.jpg\",\"datePublished\":\"2023-01-26T10:20:00+00:00\",\"dateModified\":\"2023-03-09T13:22:55+00:00\",\"description\":\"Der Bayerische Landesapothekerkammer unterst\u00fctzt digiDEM Bayern mit Hilfe des Netzwerks \\\"Demenzfreundliche Apotheken\\\".\",\"breadcrumb\":{\"@id\":\"https:\\\/\\\/digidem-bayern.de\\\/haeusliche-pflege-hat-auch-ihre-positiven-seiten-3\\\/#breadcrumb\"},\"inLanguage\":\"en-US\",\"potentialAction\":[{\"@type\":\"ReadAction\",\"target\":[\"https:\\\/\\\/digidem-bayern.de\\\/haeusliche-pflege-hat-auch-ihre-positiven-seiten-3\\\/\"]}]},{\"@type\":\"ImageObject\",\"inLanguage\":\"en-US\",\"@id\":\"https:\\\/\\\/digidem-bayern.de\\\/haeusliche-pflege-hat-auch-ihre-positiven-seiten-3\\\/#primaryimage\",\"url\":\"https:\\\/\\\/digidem-bayern.de\\\/wp-content\\\/uploads\\\/2023\\\/01\\\/shutterstock_603600086.jpg\",\"contentUrl\":\"https:\\\/\\\/digidem-bayern.de\\\/wp-content\\\/uploads\\\/2023\\\/01\\\/shutterstock_603600086.jpg\",\"width\":1000,\"height\":667,\"caption\":\"Foto: Shutterstock\"},{\"@type\":\"BreadcrumbList\",\"@id\":\"https:\\\/\\\/digidem-bayern.de\\\/haeusliche-pflege-hat-auch-ihre-positiven-seiten-3\\\/#breadcrumb\",\"itemListElement\":[{\"@type\":\"ListItem\",\"position\":1,\"name\":\"Startseite\",\"item\":\"https:\\\/\\\/digidem-bayern.de\\\/\"},{\"@type\":\"ListItem\",\"position\":2,\"name\":\"H\u00e4usliche Pflege hat auch ihre positiven Seiten\"}]},{\"@type\":\"WebSite\",\"@id\":\"\\\/#website\",\"url\":\"\\\/\",\"name\":\"digiDEM Bayern\",\"description\":\"Das digitale Demenzregister Bayern erforscht und verbessert die Angebotsstuktur f\u00fcr Menschen mit Demenz und deren Angeh\u00f6rige\",\"publisher\":{\"@id\":\"\\\/#organization\"},\"potentialAction\":[{\"@type\":\"SearchAction\",\"target\":{\"@type\":\"EntryPoint\",\"urlTemplate\":\"\\\/?s={search_term_string}\"},\"query-input\":{\"@type\":\"PropertyValueSpecification\",\"valueRequired\":true,\"valueName\":\"search_term_string\"}}],\"inLanguage\":\"en-US\"},{\"@type\":\"Organization\",\"@id\":\"\\\/#organization\",\"name\":\"digiDEM Bayern\",\"url\":\"\\\/\",\"logo\":{\"@type\":\"ImageObject\",\"inLanguage\":\"en-US\",\"@id\":\"\\\/#\\\/schema\\\/logo\\\/image\\\/\",\"url\":\"https:\\\/\\\/digidem-bayern.de\\\/wp-content\\\/uploads\\\/2022\\\/03\\\/cropped-Allgemeines_digiDEMLOGO-removebg-preview.png\",\"contentUrl\":\"https:\\\/\\\/digidem-bayern.de\\\/wp-content\\\/uploads\\\/2022\\\/03\\\/cropped-Allgemeines_digiDEMLOGO-removebg-preview.png\",\"width\":612,\"height\":357,\"caption\":\"digiDEM Bayern\"},\"image\":{\"@id\":\"\\\/#\\\/schema\\\/logo\\\/image\\\/\"},\"sameAs\":[\"https:\\\/\\\/www.facebook.com\\\/digiDEMBayern\\\/\",\"https:\\\/\\\/x.com\\\/digidem_bayern\",\"https:\\\/\\\/www.instagram.com\\\/digidem.bayern\",\"https:\\\/\\\/www.linkedin.com\\\/company\\\/digidem-bayern\\\/\"]},{\"@type\":\"Person\",\"@id\":\"\\\/#\\\/schema\\\/person\\\/0bc1494f46fc2a051c761322a80e0941\",\"name\":\"Ilona H\u00f6rath\",\"url\":\"https:\\\/\\\/digidem-bayern.de\\\/en\\\/author\\\/hoeratia\\\/\"}]}<\/script>\n<!-- \/ Yoast SEO plugin. -->","yoast_head_json":{"title":"H\u00e4usliche Pflege hat auch ihre positiven Seiten - digiDEM Bayern","description":"Der Bayerische Landesapothekerkammer unterst\u00fctzt digiDEM Bayern mit Hilfe des Netzwerks \"Demenzfreundliche Apotheken\".","robots":{"index":"index","follow":"follow","max-snippet":"max-snippet:-1","max-image-preview":"max-image-preview:large","max-video-preview":"max-video-preview:-1"},"canonical":"https:\/\/digidem-bayern.de\/en\/haeusliche-pflege-hat-auch-ihre-positiven-seiten-3\/","og_locale":"en_US","og_type":"article","og_title":"H\u00e4usliche Pflege hat auch ihre positiven Seiten - digiDEM Bayern","og_description":"Der Bayerische Landesapothekerkammer unterst\u00fctzt digiDEM Bayern mit Hilfe des Netzwerks \"Demenzfreundliche Apotheken\".","og_url":"https:\/\/digidem-bayern.de\/en\/haeusliche-pflege-hat-auch-ihre-positiven-seiten-3\/","og_site_name":"digiDEM Bayern","article_publisher":"https:\/\/www.facebook.com\/digiDEMBayern\/","article_published_time":"2023-01-26T10:20:00+00:00","article_modified_time":"2023-03-09T13:22:55+00:00","og_image":[{"width":1000,"height":667,"url":"https:\/\/digidem-bayern.de\/wp-content\/uploads\/2023\/01\/shutterstock_603600086.jpg","type":"image\/jpeg"}],"author":"Ilona H\u00f6rath","twitter_misc":{"Written by":"Ilona H\u00f6rath","Est. reading time":"2 minutes"},"schema":{"@context":"https:\/\/schema.org","@graph":[{"@type":"Article","@id":"https:\/\/digidem-bayern.de\/haeusliche-pflege-hat-auch-ihre-positiven-seiten-3\/#article","isPartOf":{"@id":"https:\/\/digidem-bayern.de\/haeusliche-pflege-hat-auch-ihre-positiven-seiten-3\/"},"author":{"name":"Ilona H\u00f6rath","@id":"\/#\/schema\/person\/0bc1494f46fc2a051c761322a80e0941"},"headline":"H\u00e4usliche Pflege hat auch ihre positiven Seiten","datePublished":"2023-01-26T10:20:00+00:00","dateModified":"2023-03-09T13:22:55+00:00","mainEntityOfPage":{"@id":"https:\/\/digidem-bayern.de\/haeusliche-pflege-hat-auch-ihre-positiven-seiten-3\/"},"wordCount":670,"commentCount":0,"publisher":{"@id":"\/#organization"},"image":{"@id":"https:\/\/digidem-bayern.de\/haeusliche-pflege-hat-auch-ihre-positiven-seiten-3\/#primaryimage"},"thumbnailUrl":"https:\/\/digidem-bayern.de\/wp-content\/uploads\/2023\/01\/shutterstock_603600086.jpg","keywords":["Alzheimer","Demenz","Demenzforschung","Demenzfr\u00fcherkennung","digidem","digidem Bayern","Digitales Demenzregister Bayern","H\u00e4usliche Pflege","positive Lebenseinstellung","Zugewinn"],"articleSection":["Pressemitteilungen"],"inLanguage":"en-US","potentialAction":[{"@type":"CommentAction","name":"Comment","target":["https:\/\/digidem-bayern.de\/haeusliche-pflege-hat-auch-ihre-positiven-seiten-3\/#respond"]}]},{"@type":"WebPage","@id":"https:\/\/digidem-bayern.de\/haeusliche-pflege-hat-auch-ihre-positiven-seiten-3\/","url":"https:\/\/digidem-bayern.de\/haeusliche-pflege-hat-auch-ihre-positiven-seiten-3\/","name":"H\u00e4usliche Pflege hat auch ihre positiven Seiten - digiDEM Bayern","isPartOf":{"@id":"\/#website"},"primaryImageOfPage":{"@id":"https:\/\/digidem-bayern.de\/haeusliche-pflege-hat-auch-ihre-positiven-seiten-3\/#primaryimage"},"image":{"@id":"https:\/\/digidem-bayern.de\/haeusliche-pflege-hat-auch-ihre-positiven-seiten-3\/#primaryimage"},"thumbnailUrl":"https:\/\/digidem-bayern.de\/wp-content\/uploads\/2023\/01\/shutterstock_603600086.jpg","datePublished":"2023-01-26T10:20:00+00:00","dateModified":"2023-03-09T13:22:55+00:00","description":"Der Bayerische Landesapothekerkammer unterst\u00fctzt digiDEM Bayern mit Hilfe des Netzwerks \"Demenzfreundliche Apotheken\".","breadcrumb":{"@id":"https:\/\/digidem-bayern.de\/haeusliche-pflege-hat-auch-ihre-positiven-seiten-3\/#breadcrumb"},"inLanguage":"en-US","potentialAction":[{"@type":"ReadAction","target":["https:\/\/digidem-bayern.de\/haeusliche-pflege-hat-auch-ihre-positiven-seiten-3\/"]}]},{"@type":"ImageObject","inLanguage":"en-US","@id":"https:\/\/digidem-bayern.de\/haeusliche-pflege-hat-auch-ihre-positiven-seiten-3\/#primaryimage","url":"https:\/\/digidem-bayern.de\/wp-content\/uploads\/2023\/01\/shutterstock_603600086.jpg","contentUrl":"https:\/\/digidem-bayern.de\/wp-content\/uploads\/2023\/01\/shutterstock_603600086.jpg","width":1000,"height":667,"caption":"Foto: Shutterstock"},{"@type":"BreadcrumbList","@id":"https:\/\/digidem-bayern.de\/haeusliche-pflege-hat-auch-ihre-positiven-seiten-3\/#breadcrumb","itemListElement":[{"@type":"ListItem","position":1,"name":"Startseite","item":"https:\/\/digidem-bayern.de\/"},{"@type":"ListItem","position":2,"name":"H\u00e4usliche Pflege hat auch ihre positiven Seiten"}]},{"@type":"WebSite","@id":"\/#website","url":"\/","name":"digiDEM Bavaria","description":"The digital dementia register in Bavaria researches and improves the structure of services for people with dementia and their relatives","publisher":{"@id":"\/#organization"},"potentialAction":[{"@type":"SearchAction","target":{"@type":"EntryPoint","urlTemplate":"\/?s={search_term_string}"},"query-input":{"@type":"PropertyValueSpecification","valueRequired":true,"valueName":"search_term_string"}}],"inLanguage":"en-US"},{"@type":"Organization","@id":"\/#organization","name":"digiDEM Bavaria","url":"\/","logo":{"@type":"ImageObject","inLanguage":"en-US","@id":"\/#\/schema\/logo\/image\/","url":"https:\/\/digidem-bayern.de\/wp-content\/uploads\/2022\/03\/cropped-Allgemeines_digiDEMLOGO-removebg-preview.png","contentUrl":"https:\/\/digidem-bayern.de\/wp-content\/uploads\/2022\/03\/cropped-Allgemeines_digiDEMLOGO-removebg-preview.png","width":612,"height":357,"caption":"digiDEM Bayern"},"image":{"@id":"\/#\/schema\/logo\/image\/"},"sameAs":["https:\/\/www.facebook.com\/digiDEMBayern\/","https:\/\/x.com\/digidem_bayern","https:\/\/www.instagram.com\/digidem.bayern","https:\/\/www.linkedin.com\/company\/digidem-bayern\/"]},{"@type":"Person","@id":"\/#\/schema\/person\/0bc1494f46fc2a051c761322a80e0941","name":"Ilona H\u00f6rath","url":"https:\/\/digidem-bayern.de\/en\/author\/hoeratia\/"}]}},"uagb_featured_image_src":{"full":["https:\/\/digidem-bayern.de\/wp-content\/uploads\/2023\/01\/shutterstock_603600086.jpg",1000,667,false],"thumbnail":["https:\/\/digidem-bayern.de\/wp-content\/uploads\/2023\/01\/shutterstock_603600086-80x80.jpg",80,80,true],"medium":["https:\/\/digidem-bayern.de\/wp-content\/uploads\/2023\/01\/shutterstock_603600086-300x200.jpg",300,200,true],"medium_large":["https:\/\/digidem-bayern.de\/wp-content\/uploads\/2023\/01\/shutterstock_603600086-768x512.jpg",768,512,true],"large":["https:\/\/digidem-bayern.de\/wp-content\/uploads\/2023\/01\/shutterstock_603600086.jpg",1000,667,false],"1536x1536":["https:\/\/digidem-bayern.de\/wp-content\/uploads\/2023\/01\/shutterstock_603600086.jpg",1000,667,false],"2048x2048":["https:\/\/digidem-bayern.de\/wp-content\/uploads\/2023\/01\/shutterstock_603600086.jpg",1000,667,false],"trp-custom-language-flag":["https:\/\/digidem-bayern.de\/wp-content\/uploads\/2023\/01\/shutterstock_603600086.jpg",18,12,false],"qubely_landscape":["https:\/\/digidem-bayern.de\/wp-content\/uploads\/2023\/01\/shutterstock_603600086.jpg",1000,667,false],"qubely_portrait":["https:\/\/digidem-bayern.de\/wp-content\/uploads\/2023\/01\/shutterstock_603600086-540x320.jpg",540,320,true],"qubely_thumbnail":["https:\/\/digidem-bayern.de\/wp-content\/uploads\/2023\/01\/shutterstock_603600086-140x100.jpg",140,100,true],"post-thumbnail":["https:\/\/digidem-bayern.de\/wp-content\/uploads\/2023\/01\/shutterstock_603600086-525x350.jpg",525,350,true],"kahuna-featured":["https:\/\/digidem-bayern.de\/wp-content\/uploads\/2023\/01\/shutterstock_603600086-734x350.jpg",734,350,true],"kahuna-featured-lp":["https:\/\/digidem-bayern.de\/wp-content\/uploads\/2023\/01\/shutterstock_603600086-520x350.jpg",520,350,true],"kahuna-featured-half":["https:\/\/digidem-bayern.de\/wp-content\/uploads\/2023\/01\/shutterstock_603600086-800x350.jpg",800,350,true],"kahuna-featured-third":["https:\/\/digidem-bayern.de\/wp-content\/uploads\/2023\/01\/shutterstock_603600086-512x350.jpg",512,350,true],"kahuna-lpbox-1":["https:\/\/digidem-bayern.de\/wp-content\/uploads\/2023\/01\/shutterstock_603600086-520x300.jpg",520,300,true],"kahuna-lpbox-2":["https:\/\/digidem-bayern.de\/wp-content\/uploads\/2023\/01\/shutterstock_603600086-520x350.jpg",520,350,true],"demand-language-flag":["https:\/\/digidem-bayern.de\/wp-content\/uploads\/2023\/01\/shutterstock_603600086.jpg",36,24,false],"dddkt-language-flag":["https:\/\/digidem-bayern.de\/wp-content\/uploads\/2023\/01\/shutterstock_603600086-36x36.jpg",36,36,true],"ddiqc-language-flag":["https:\/\/digidem-bayern.de\/wp-content\/uploads\/2023\/01\/shutterstock_603600086-36x36.jpg",36,36,true],"ddtl-language-flag":["https:\/\/digidem-bayern.de\/wp-content\/uploads\/2023\/01\/shutterstock_603600086-36x36.jpg",36,36,true],"mailpoet_newsletter_max":["https:\/\/digidem-bayern.de\/wp-content\/uploads\/2023\/01\/shutterstock_603600086.jpg",1000,667,false],"kahuna-lpbox-3":["https:\/\/digidem-bayern.de\/wp-content\/uploads\/2023\/01\/shutterstock_603600086-520x350.jpg",520,350,true],"kahuna-featured-square":["https:\/\/digidem-bayern.de\/wp-content\/uploads\/2023\/01\/shutterstock_603600086-512x512.jpg",512,512,true],"kahuna-featured-square-large":["https:\/\/digidem-bayern.de\/wp-content\/uploads\/2023\/01\/shutterstock_603600086.jpg",1000,667,false]},"uagb_author_info":{"display_name":"Ilona H\u00f6rath","author_link":"https:\/\/digidem-bayern.de\/en\/author\/hoeratia\/"},"uagb_comment_info":0,"uagb_excerpt":"M\u00fcdigkeit, Stress, wenig Freizeit oder das Gef\u00fchl mangelnder Anerkennung: Angeh\u00f6rige, die zum Beispiel Menschen mit Demenz in ihrem h\u00e4uslichen Umfeld pflegen, empfinden ihre T\u00e4tigkeit oft als \u00fcberfordernd oder psychisch belastend. Erstmals in Deutschland hat ein Forschungsteam des&nbsp;Uniklinikums Erlangen und der Friedrich-Alexander-Universit\u00e4t Erlangen-N\u00fcrnberg (FAU) in einer aktuellen Studie die positiven Seiten &hellip;","_links":{"self":[{"href":"https:\/\/digidem-bayern.de\/en\/wp-json\/wp\/v2\/posts\/26587","targetHints":{"allow":["GET"]}}],"collection":[{"href":"https:\/\/digidem-bayern.de\/en\/wp-json\/wp\/v2\/posts"}],"about":[{"href":"https:\/\/digidem-bayern.de\/en\/wp-json\/wp\/v2\/types\/post"}],"author":[{"embeddable":true,"href":"https:\/\/digidem-bayern.de\/en\/wp-json\/wp\/v2\/users\/12"}],"replies":[{"embeddable":true,"href":"https:\/\/digidem-bayern.de\/en\/wp-json\/wp\/v2\/comments?post=26587"}],"version-history":[{"count":1,"href":"https:\/\/digidem-bayern.de\/en\/wp-json\/wp\/v2\/posts\/26587\/revisions"}],"predecessor-version":[{"id":26588,"href":"https:\/\/digidem-bayern.de\/en\/wp-json\/wp\/v2\/posts\/26587\/revisions\/26588"}],"wp:featuredmedia":[{"embeddable":true,"href":"https:\/\/digidem-bayern.de\/en\/wp-json\/wp\/v2\/media\/25651"}],"wp:attachment":[{"href":"https:\/\/digidem-bayern.de\/en\/wp-json\/wp\/v2\/media?parent=26587"}],"wp:term":[{"taxonomy":"category","embeddable":true,"href":"https:\/\/digidem-bayern.de\/en\/wp-json\/wp\/v2\/categories?post=26587"},{"taxonomy":"post_tag","embeddable":true,"href":"https:\/\/digidem-bayern.de\/en\/wp-json\/wp\/v2\/tags?post=26587"}],"curies":[{"name":"wp","href":"https:\/\/api.w.org\/{rel}","templated":true}]}}