{"id":26150,"date":"2023-02-22T16:30:00","date_gmt":"2023-02-22T15:30:00","guid":{"rendered":"https:\/\/digidem-bayern.de\/?p=26150"},"modified":"2023-03-09T13:52:34","modified_gmt":"2023-03-09T12:52:34","slug":"menschen-mit-demenz-wie-kann-teilhabe-gelingen","status":"publish","type":"post","link":"https:\/\/digidem-bayern.de\/en\/menschen-mit-demenz-wie-kann-teilhabe-gelingen\/","title":{"rendered":"Menschen mit Demenz: Wie kann Teilhabe gelingen?"},"content":{"rendered":"<p><strong>Vertrautheit und ein Zugeh\u00f6rigkeitsgef\u00fchl statt Stigmatisierung und Scham: Schreitet eine Demenz fort, wird es f\u00fcr die Betroffenen und ihre pflegenden Zu- und Angeh\u00f6rigen immer schwieriger, am gesellschaftlichen Leben teilzuhaben. Dabei st\u00e4rkt gerade die Teilhabe am gesellschaftlichen Leben die Betroffenen.<\/strong><\/p>\n\n\n\n<p>Nicht mehr in den Verein gehen, ins Konzert oder zu einer Geburtstagsfeier: Menschen mit Demenz ziehen sich allm\u00e4hlich immer st\u00e4rker aus dem gesellschaftlichen Leben zur\u00fcck. J\u00fcngste Studien zeigen jedoch, dass sie nicht weniger Orte aufsuchen, sondern statt kultureller oder sozialer Treffpunkte vielmehr jene Orte besuchen, die etwa der medizinischen Versorgung dienen. Dabei spielen gerade bestimmte Bereiche au\u00dferhalb der Wohnung &#8211; wie zum Beispiel die Nachbarschaft &#8211; eine gro\u00dfe Rolle.&nbsp;<\/p>\n\n\n<div class=\"wp-block-image\">\n<figure class=\"alignright size-full is-resized\"><img loading=\"lazy\" decoding=\"async\" src=\"https:\/\/digidem-bayern.de\/wp-content\/uploads\/2023\/02\/Teilhabe-im-Cafe-shutterstock_388863670.jpg\" alt=\"Es ist wissenschaftlich erwiesen, dass Menschen mit Demenz die Teilhabe an der Gesellschaft sch\u00e4tzen.\" class=\"wp-image-26160\" width=\"473\" height=\"315\" srcset=\"https:\/\/digidem-bayern.de\/wp-content\/uploads\/2023\/02\/Teilhabe-im-Cafe-shutterstock_388863670.jpg 1000w, https:\/\/digidem-bayern.de\/wp-content\/uploads\/2023\/02\/Teilhabe-im-Cafe-shutterstock_388863670-300x200.jpg 300w, https:\/\/digidem-bayern.de\/wp-content\/uploads\/2023\/02\/Teilhabe-im-Cafe-shutterstock_388863670-768x512.jpg 768w, https:\/\/digidem-bayern.de\/wp-content\/uploads\/2023\/02\/Teilhabe-im-Cafe-shutterstock_388863670-525x350.jpg 525w\" sizes=\"auto, (max-width: 473px) 100vw, 473px\" \/><\/figure>\n<\/div>\n\n\n<p>Dies sind Orte, an denen die Betroffenen aktiv sind und sie infolge dessen eine Beziehung zu dieser Umgebung aufbauen. Sie werden Teil der eigenen Lebenswelt, schaffen Identit\u00e4t und wirken sinnstiftend. &#8222;Durch die Aufrechterhaltung und Beteiligung an der Gemeinschaft entwickeln Menschen mit Demenz ein Gef\u00fchl der Vertrautheit und Zugeh\u00f6rigkeit zu ihrem Lebensraum und zu bedeutungsvollen Orten wie dem \u00f6rtlichen Lebensmittelgesch\u00e4ft, dem Park oder dem Caf\u00e9&#8220;, hei\u00dft es im Welt Alzheimer Bericht 2022.&nbsp;<\/p>\n\n\n\n<p><strong>&#8222;Dabeisein&#8220; beugt Depressionen vor<\/strong><\/p>\n\n\n\n<p>Es ist wissenschaftlich erwiesen, dass Menschen mit Demenz die Teilhabe an der Gesellschaft sch\u00e4tzen. Denn sie sind dabei k\u00f6rperlich aktiv, haben Kontakt mit der Natur oder k\u00f6nnen mit anderen Menschen interagieren. Betroffene f\u00fchlen sich zugeh\u00f6rig und mit ihrem Umfeld verbunden. Zusammengenommen wirkt sich die Teilnahme an der Gesellschaft auch in anderer Hinsicht positiv aus: Das \u201eDabeisein\u201c beugt Depressionen vor, baut \u00c4ngste ab und st\u00e4rkt die eigene Identit\u00e4t und das Selbstwertgef\u00fchl.&nbsp;<\/p>\n\n\n\n<p>Indem Menschen mit Demenz am gesellschaftlichen Leben teilnehmen, schaffen sie sich neue &#8222;Territorien&#8220;, auf denen sie sich sicher f\u00fchlen. Eine gro\u00dfe Bedeutung hat hierbei auch die Mitnahme von Gegenst\u00e4nden des t\u00e4glichen Lebens wie zum Beispiel Schl\u00fcssel, eine Geldb\u00f6rse und ein Regenschirm. Sie schaffen eine Verbindung zum Zuhause und verk\u00f6rpern damit weitere Vertrautheit au\u00dferhalb h\u00e4uslicher Bereiche.&nbsp;<\/p>\n\n\n\n<p>Den Pflegenden sowie den Gesundheitsfachkr\u00e4ften f\u00e4llt somit die Aufgabe zu, &#8222;die Teilhabe an der Gemeinschaft durch wiederholte Besuche an bedeutungsvollen Orten zu unterst\u00fctzen und aufrechtzuerhalten&#8220;, wie es im Welt Alzheimer Bericht 2022 hei\u00dft, &#8222;um die Teilhabe von Menschen mit Demenz an der Gemeinschaft zu erleichtern.&#8220;<\/p>\n\n\n\n<p>Den Originalbeitrag finden Sie im <a href=\"https:\/\/www.alzint.org\/resource\/world-alzheimer-report-2022\/\">Welt Alzheimer Report 2022<\/a> auf den Seiten 204 bis 205.<\/p>\n\n\n\n<p><\/p>\n\n\n\n<p><\/p>\n\n\n\n<p><\/p>\n\n\n\n<p><\/p>\n\n\n\n<p style=\"font-size:20px\"><\/p>\n\n\n\n<div style=\"height:20px\" aria-hidden=\"true\" class=\"wp-block-spacer\"><\/div>\n\n\n\n<div style=\"height:20px\" aria-hidden=\"true\" class=\"wp-block-spacer\"><\/div>","protected":false},"excerpt":{"rendered":"<p>Vertrautheit und ein Zugeh\u00f6rigkeitsgef\u00fchl statt Stigmatisierung und Scham: Schreitet eine Demenz fort, wird es f\u00fcr die Betroffenen und ihre pflegenden Zu- und Angeh\u00f6rigen immer schwieriger, am gesellschaftlichen Leben teilzuhaben. Dabei st\u00e4rkt gerade die Teilhabe am gesellschaftlichen Leben die Betroffenen. Nicht mehr in den Verein gehen, ins Konzert oder zu einer &hellip;<\/p>","protected":false},"author":12,"featured_media":26160,"comment_status":"open","ping_status":"closed","sticky":false,"template":"","format":"standard","meta":{"qubely_global_settings":"","qubely_interactions":"","_uag_custom_page_level_css":"","footnotes":""},"categories":[5],"tags":[13,12,649,14,17,55,648,93,645,647,227],"class_list":["post-26150","post","type-post","status-publish","format-standard","has-post-thumbnail","hentry","category-wissenschaft-forschung","tag-alzheimer","tag-demenz-2","tag-depressionen","tag-digidem","tag-digidem-bayern","tag-digitales-demenzregister-bayern","tag-gemeinschaft","tag-pflegende-angehoerige","tag-teilhabe","tag-vertrautheit","tag-zuhause"],"qubely_featured_image_url":{"full":["https:\/\/digidem-bayern.de\/wp-content\/uploads\/2023\/02\/Teilhabe-im-Cafe-shutterstock_388863670.jpg",1000,667,false],"landscape":["https:\/\/digidem-bayern.de\/wp-content\/uploads\/2023\/02\/Teilhabe-im-Cafe-shutterstock_388863670.jpg",1000,667,false],"portraits":["https:\/\/digidem-bayern.de\/wp-content\/uploads\/2023\/02\/Teilhabe-im-Cafe-shutterstock_388863670-540x320.jpg",540,320,true],"thumbnail":["https:\/\/digidem-bayern.de\/wp-content\/uploads\/2023\/02\/Teilhabe-im-Cafe-shutterstock_388863670-80x80.jpg",80,80,true],"medium":["https:\/\/digidem-bayern.de\/wp-content\/uploads\/2023\/02\/Teilhabe-im-Cafe-shutterstock_388863670-300x200.jpg",300,200,true],"medium_large":["https:\/\/digidem-bayern.de\/wp-content\/uploads\/2023\/02\/Teilhabe-im-Cafe-shutterstock_388863670-768x512.jpg",768,512,true],"large":["https:\/\/digidem-bayern.de\/wp-content\/uploads\/2023\/02\/Teilhabe-im-Cafe-shutterstock_388863670.jpg",1000,667,false],"1536x1536":["https:\/\/digidem-bayern.de\/wp-content\/uploads\/2023\/02\/Teilhabe-im-Cafe-shutterstock_388863670.jpg",1000,667,false],"2048x2048":["https:\/\/digidem-bayern.de\/wp-content\/uploads\/2023\/02\/Teilhabe-im-Cafe-shutterstock_388863670.jpg",1000,667,false],"trp-custom-language-flag":["https:\/\/digidem-bayern.de\/wp-content\/uploads\/2023\/02\/Teilhabe-im-Cafe-shutterstock_388863670.jpg",18,12,false],"qubely_landscape":["https:\/\/digidem-bayern.de\/wp-content\/uploads\/2023\/02\/Teilhabe-im-Cafe-shutterstock_388863670.jpg",1000,667,false],"qubely_portrait":["https:\/\/digidem-bayern.de\/wp-content\/uploads\/2023\/02\/Teilhabe-im-Cafe-shutterstock_388863670-540x320.jpg",540,320,true],"qubely_thumbnail":["https:\/\/digidem-bayern.de\/wp-content\/uploads\/2023\/02\/Teilhabe-im-Cafe-shutterstock_388863670-140x100.jpg",140,100,true],"post-thumbnail":["https:\/\/digidem-bayern.de\/wp-content\/uploads\/2023\/02\/Teilhabe-im-Cafe-shutterstock_388863670-525x350.jpg",525,350,true],"kahuna-featured":["https:\/\/digidem-bayern.de\/wp-content\/uploads\/2023\/02\/Teilhabe-im-Cafe-shutterstock_388863670-734x350.jpg",734,350,true],"kahuna-featured-lp":["https:\/\/digidem-bayern.de\/wp-content\/uploads\/2023\/02\/Teilhabe-im-Cafe-shutterstock_388863670-520x350.jpg",520,350,true],"kahuna-featured-half":["https:\/\/digidem-bayern.de\/wp-content\/uploads\/2023\/02\/Teilhabe-im-Cafe-shutterstock_388863670-800x350.jpg",800,350,true],"kahuna-featured-third":["https:\/\/digidem-bayern.de\/wp-content\/uploads\/2023\/02\/Teilhabe-im-Cafe-shutterstock_388863670-512x350.jpg",512,350,true],"kahuna-lpbox-1":["https:\/\/digidem-bayern.de\/wp-content\/uploads\/2023\/02\/Teilhabe-im-Cafe-shutterstock_388863670-520x300.jpg",520,300,true],"kahuna-lpbox-2":["https:\/\/digidem-bayern.de\/wp-content\/uploads\/2023\/02\/Teilhabe-im-Cafe-shutterstock_388863670-520x350.jpg",520,350,true],"demand-language-flag":["https:\/\/digidem-bayern.de\/wp-content\/uploads\/2023\/02\/Teilhabe-im-Cafe-shutterstock_388863670.jpg",36,24,false],"dddkt-language-flag":["https:\/\/digidem-bayern.de\/wp-content\/uploads\/2023\/02\/Teilhabe-im-Cafe-shutterstock_388863670-36x36.jpg",36,36,true],"ddiqc-language-flag":["https:\/\/digidem-bayern.de\/wp-content\/uploads\/2023\/02\/Teilhabe-im-Cafe-shutterstock_388863670-36x36.jpg",36,36,true],"ddtl-language-flag":["https:\/\/digidem-bayern.de\/wp-content\/uploads\/2023\/02\/Teilhabe-im-Cafe-shutterstock_388863670-36x36.jpg",36,36,true],"mailpoet_newsletter_max":["https:\/\/digidem-bayern.de\/wp-content\/uploads\/2023\/02\/Teilhabe-im-Cafe-shutterstock_388863670.jpg",1000,667,false],"kahuna-lpbox-3":["https:\/\/digidem-bayern.de\/wp-content\/uploads\/2023\/02\/Teilhabe-im-Cafe-shutterstock_388863670-520x350.jpg",520,350,true],"kahuna-featured-square":["https:\/\/digidem-bayern.de\/wp-content\/uploads\/2023\/02\/Teilhabe-im-Cafe-shutterstock_388863670-512x512.jpg",512,512,true],"kahuna-featured-square-large":["https:\/\/digidem-bayern.de\/wp-content\/uploads\/2023\/02\/Teilhabe-im-Cafe-shutterstock_388863670.jpg",1000,667,false]},"qubely_author":{"display_name":"Ilona H\u00f6rath","author_link":"https:\/\/digidem-bayern.de\/en\/author\/hoeratia\/"},"qubely_comment":1,"qubely_category":"<a href=\"https:\/\/digidem-bayern.de\/en\/category\/wissenschaft-forschung\/\" rel=\"category tag\">Wissenschaft &amp; Forschung<\/a>","qubely_excerpt":"Vertrautheit und ein Zugeh\u00f6rigkeitsgef\u00fchl statt Stigmatisierung und Scham: Schreitet eine Demenz fort, wird es f\u00fcr die Betroffenen und ihre pflegenden Zu- und Angeh\u00f6rigen immer schwieriger, am gesellschaftlichen Leben teilzuhaben. Dabei st\u00e4rkt gerade die Teilhabe am gesellschaftlichen Leben die Betroffenen. Nicht mehr in den Verein gehen, ins Konzert oder zu einer &hellip;","featured_image_urls_v2":{"full":["https:\/\/digidem-bayern.de\/wp-content\/uploads\/2023\/02\/Teilhabe-im-Cafe-shutterstock_388863670.jpg",1000,667,false],"thumbnail":["https:\/\/digidem-bayern.de\/wp-content\/uploads\/2023\/02\/Teilhabe-im-Cafe-shutterstock_388863670-80x80.jpg",80,80,true],"medium":["https:\/\/digidem-bayern.de\/wp-content\/uploads\/2023\/02\/Teilhabe-im-Cafe-shutterstock_388863670-300x200.jpg",300,200,true],"medium_large":["https:\/\/digidem-bayern.de\/wp-content\/uploads\/2023\/02\/Teilhabe-im-Cafe-shutterstock_388863670-768x512.jpg",768,512,true],"large":["https:\/\/digidem-bayern.de\/wp-content\/uploads\/2023\/02\/Teilhabe-im-Cafe-shutterstock_388863670.jpg",1000,667,false],"1536x1536":["https:\/\/digidem-bayern.de\/wp-content\/uploads\/2023\/02\/Teilhabe-im-Cafe-shutterstock_388863670.jpg",1000,667,false],"2048x2048":["https:\/\/digidem-bayern.de\/wp-content\/uploads\/2023\/02\/Teilhabe-im-Cafe-shutterstock_388863670.jpg",1000,667,false],"trp-custom-language-flag":["https:\/\/digidem-bayern.de\/wp-content\/uploads\/2023\/02\/Teilhabe-im-Cafe-shutterstock_388863670.jpg",18,12,false],"qubely_landscape":["https:\/\/digidem-bayern.de\/wp-content\/uploads\/2023\/02\/Teilhabe-im-Cafe-shutterstock_388863670.jpg",1000,667,false],"qubely_portrait":["https:\/\/digidem-bayern.de\/wp-content\/uploads\/2023\/02\/Teilhabe-im-Cafe-shutterstock_388863670-540x320.jpg",540,320,true],"qubely_thumbnail":["https:\/\/digidem-bayern.de\/wp-content\/uploads\/2023\/02\/Teilhabe-im-Cafe-shutterstock_388863670-140x100.jpg",140,100,true],"post-thumbnail":["https:\/\/digidem-bayern.de\/wp-content\/uploads\/2023\/02\/Teilhabe-im-Cafe-shutterstock_388863670-525x350.jpg",525,350,true],"kahuna-featured":["https:\/\/digidem-bayern.de\/wp-content\/uploads\/2023\/02\/Teilhabe-im-Cafe-shutterstock_388863670-734x350.jpg",734,350,true],"kahuna-featured-lp":["https:\/\/digidem-bayern.de\/wp-content\/uploads\/2023\/02\/Teilhabe-im-Cafe-shutterstock_388863670-520x350.jpg",520,350,true],"kahuna-featured-half":["https:\/\/digidem-bayern.de\/wp-content\/uploads\/2023\/02\/Teilhabe-im-Cafe-shutterstock_388863670-800x350.jpg",800,350,true],"kahuna-featured-third":["https:\/\/digidem-bayern.de\/wp-content\/uploads\/2023\/02\/Teilhabe-im-Cafe-shutterstock_388863670-512x350.jpg",512,350,true],"kahuna-lpbox-1":["https:\/\/digidem-bayern.de\/wp-content\/uploads\/2023\/02\/Teilhabe-im-Cafe-shutterstock_388863670-520x300.jpg",520,300,true],"kahuna-lpbox-2":["https:\/\/digidem-bayern.de\/wp-content\/uploads\/2023\/02\/Teilhabe-im-Cafe-shutterstock_388863670-520x350.jpg",520,350,true],"demand-language-flag":["https:\/\/digidem-bayern.de\/wp-content\/uploads\/2023\/02\/Teilhabe-im-Cafe-shutterstock_388863670.jpg",36,24,false],"dddkt-language-flag":["https:\/\/digidem-bayern.de\/wp-content\/uploads\/2023\/02\/Teilhabe-im-Cafe-shutterstock_388863670-36x36.jpg",36,36,true],"ddiqc-language-flag":["https:\/\/digidem-bayern.de\/wp-content\/uploads\/2023\/02\/Teilhabe-im-Cafe-shutterstock_388863670-36x36.jpg",36,36,true],"ddtl-language-flag":["https:\/\/digidem-bayern.de\/wp-content\/uploads\/2023\/02\/Teilhabe-im-Cafe-shutterstock_388863670-36x36.jpg",36,36,true],"mailpoet_newsletter_max":["https:\/\/digidem-bayern.de\/wp-content\/uploads\/2023\/02\/Teilhabe-im-Cafe-shutterstock_388863670.jpg",1000,667,false],"kahuna-lpbox-3":["https:\/\/digidem-bayern.de\/wp-content\/uploads\/2023\/02\/Teilhabe-im-Cafe-shutterstock_388863670-520x350.jpg",520,350,true],"kahuna-featured-square":["https:\/\/digidem-bayern.de\/wp-content\/uploads\/2023\/02\/Teilhabe-im-Cafe-shutterstock_388863670-512x512.jpg",512,512,true],"kahuna-featured-square-large":["https:\/\/digidem-bayern.de\/wp-content\/uploads\/2023\/02\/Teilhabe-im-Cafe-shutterstock_388863670.jpg",1000,667,false]},"post_excerpt_stackable_v2":"<p>Vertrautheit und ein Zugeh\u00f6rigkeitsgef\u00fchl statt Stigmatisierung und Scham: Schreitet eine Demenz fort, wird es f\u00fcr die Betroffenen und ihre pflegenden Zu- und Angeh\u00f6rigen immer schwieriger, am gesellschaftlichen Leben teilzuhaben. Dabei st\u00e4rkt gerade die Teilhabe am gesellschaftlichen Leben die Betroffenen. Nicht mehr in den Verein gehen, ins Konzert oder zu einer Geburtstagsfeier: Menschen mit Demenz ziehen sich allm\u00e4hlich immer st\u00e4rker aus dem gesellschaftlichen Leben zur\u00fcck. J\u00fcngste Studien zeigen jedoch, dass sie nicht weniger Orte aufsuchen, sondern statt kultureller oder sozialer Treffpunkte vielmehr jene Orte besuchen, die etwa der medizinischen Versorgung dienen. Dabei spielen gerade bestimmte Bereiche au\u00dferhalb der Wohnung &#8211; wie&hellip;<\/p>\n","category_list_v2":"<a href=\"https:\/\/digidem-bayern.de\/en\/category\/wissenschaft-forschung\/\" rel=\"category tag\">Wissenschaft &amp; Forschung<\/a>","author_info_v2":{"name":"Ilona H\u00f6rath","url":"https:\/\/digidem-bayern.de\/en\/author\/hoeratia\/"},"comments_num_v2":"0 comments","yoast_head":"<!-- This site is optimized with the Yoast SEO plugin v27.4 - https:\/\/yoast.com\/product\/yoast-seo-wordpress\/ -->\n<title>Menschen mit Demenz: Wie kann Teilhabe gelingen? - digiDEM Bayern<\/title>\n<meta name=\"description\" content=\"Der Bayerische Landesapothekerkammer unterst\u00fctzt digiDEM Bayern mit Hilfe des Netzwerks &quot;Demenzfreundliche Apotheken&quot;.\" \/>\n<meta name=\"robots\" content=\"index, follow, max-snippet:-1, max-image-preview:large, max-video-preview:-1\" \/>\n<link rel=\"canonical\" href=\"https:\/\/digidem-bayern.de\/en\/menschen-mit-demenz-wie-kann-teilhabe-gelingen\/\" \/>\n<meta property=\"og:locale\" content=\"en_US\" \/>\n<meta property=\"og:type\" content=\"article\" \/>\n<meta property=\"og:title\" content=\"Menschen mit Demenz: Wie kann Teilhabe gelingen? - digiDEM Bayern\" \/>\n<meta property=\"og:description\" content=\"Der Bayerische Landesapothekerkammer unterst\u00fctzt digiDEM Bayern mit Hilfe des Netzwerks &quot;Demenzfreundliche Apotheken&quot;.\" \/>\n<meta property=\"og:url\" content=\"https:\/\/digidem-bayern.de\/en\/menschen-mit-demenz-wie-kann-teilhabe-gelingen\/\" \/>\n<meta property=\"og:site_name\" content=\"digiDEM Bayern\" \/>\n<meta property=\"article:publisher\" content=\"https:\/\/www.facebook.com\/digiDEMBayern\/\" \/>\n<meta property=\"article:published_time\" content=\"2023-02-22T15:30:00+00:00\" \/>\n<meta property=\"article:modified_time\" content=\"2023-03-09T12:52:34+00:00\" \/>\n<meta property=\"og:image\" content=\"https:\/\/digidem-bayern.de\/wp-content\/uploads\/2023\/02\/Teilhabe-im-Cafe-shutterstock_388863670.jpg\" \/>\n\t<meta property=\"og:image:width\" content=\"1000\" \/>\n\t<meta property=\"og:image:height\" content=\"667\" \/>\n\t<meta property=\"og:image:type\" content=\"image\/jpeg\" \/>\n<meta name=\"author\" content=\"Ilona H\u00f6rath\" \/>\n<meta name=\"twitter:label1\" content=\"Written by\" \/>\n\t<meta name=\"twitter:data1\" content=\"Ilona H\u00f6rath\" \/>\n\t<meta name=\"twitter:label2\" content=\"Est. reading time\" \/>\n\t<meta name=\"twitter:data2\" content=\"2 minutes\" \/>\n<script type=\"application\/ld+json\" class=\"yoast-schema-graph\">{\"@context\":\"https:\\\/\\\/schema.org\",\"@graph\":[{\"@type\":\"Article\",\"@id\":\"https:\\\/\\\/digidem-bayern.de\\\/menschen-mit-demenz-wie-kann-teilhabe-gelingen\\\/#article\",\"isPartOf\":{\"@id\":\"https:\\\/\\\/digidem-bayern.de\\\/menschen-mit-demenz-wie-kann-teilhabe-gelingen\\\/\"},\"author\":{\"name\":\"Ilona H\u00f6rath\",\"@id\":\"\\\/#\\\/schema\\\/person\\\/0bc1494f46fc2a051c761322a80e0941\"},\"headline\":\"Menschen mit Demenz: Wie kann Teilhabe gelingen?\",\"datePublished\":\"2023-02-22T15:30:00+00:00\",\"dateModified\":\"2023-03-09T12:52:34+00:00\",\"mainEntityOfPage\":{\"@id\":\"https:\\\/\\\/digidem-bayern.de\\\/menschen-mit-demenz-wie-kann-teilhabe-gelingen\\\/\"},\"wordCount\":411,\"commentCount\":0,\"publisher\":{\"@id\":\"\\\/#organization\"},\"image\":{\"@id\":\"https:\\\/\\\/digidem-bayern.de\\\/menschen-mit-demenz-wie-kann-teilhabe-gelingen\\\/#primaryimage\"},\"thumbnailUrl\":\"https:\\\/\\\/digidem-bayern.de\\\/wp-content\\\/uploads\\\/2023\\\/02\\\/Teilhabe-im-Cafe-shutterstock_388863670.jpg\",\"keywords\":[\"Alzheimer\",\"Demenz\",\"Depressionen\",\"digidem\",\"digidem Bayern\",\"Digitales Demenzregister Bayern\",\"Gemeinschaft\",\"pflegende Angeh\u00f6rige\",\"Teilhabe\",\"Vertrautheit\",\"Zuhause\"],\"articleSection\":[\"Wissenschaft &amp; Forschung\"],\"inLanguage\":\"en-US\",\"potentialAction\":[{\"@type\":\"CommentAction\",\"name\":\"Comment\",\"target\":[\"https:\\\/\\\/digidem-bayern.de\\\/menschen-mit-demenz-wie-kann-teilhabe-gelingen\\\/#respond\"]}]},{\"@type\":\"WebPage\",\"@id\":\"https:\\\/\\\/digidem-bayern.de\\\/menschen-mit-demenz-wie-kann-teilhabe-gelingen\\\/\",\"url\":\"https:\\\/\\\/digidem-bayern.de\\\/menschen-mit-demenz-wie-kann-teilhabe-gelingen\\\/\",\"name\":\"Menschen mit Demenz: Wie kann Teilhabe gelingen? - digiDEM Bayern\",\"isPartOf\":{\"@id\":\"\\\/#website\"},\"primaryImageOfPage\":{\"@id\":\"https:\\\/\\\/digidem-bayern.de\\\/menschen-mit-demenz-wie-kann-teilhabe-gelingen\\\/#primaryimage\"},\"image\":{\"@id\":\"https:\\\/\\\/digidem-bayern.de\\\/menschen-mit-demenz-wie-kann-teilhabe-gelingen\\\/#primaryimage\"},\"thumbnailUrl\":\"https:\\\/\\\/digidem-bayern.de\\\/wp-content\\\/uploads\\\/2023\\\/02\\\/Teilhabe-im-Cafe-shutterstock_388863670.jpg\",\"datePublished\":\"2023-02-22T15:30:00+00:00\",\"dateModified\":\"2023-03-09T12:52:34+00:00\",\"description\":\"Der Bayerische Landesapothekerkammer unterst\u00fctzt digiDEM Bayern mit Hilfe des Netzwerks \\\"Demenzfreundliche Apotheken\\\".\",\"breadcrumb\":{\"@id\":\"https:\\\/\\\/digidem-bayern.de\\\/menschen-mit-demenz-wie-kann-teilhabe-gelingen\\\/#breadcrumb\"},\"inLanguage\":\"en-US\",\"potentialAction\":[{\"@type\":\"ReadAction\",\"target\":[\"https:\\\/\\\/digidem-bayern.de\\\/menschen-mit-demenz-wie-kann-teilhabe-gelingen\\\/\"]}]},{\"@type\":\"ImageObject\",\"inLanguage\":\"en-US\",\"@id\":\"https:\\\/\\\/digidem-bayern.de\\\/menschen-mit-demenz-wie-kann-teilhabe-gelingen\\\/#primaryimage\",\"url\":\"https:\\\/\\\/digidem-bayern.de\\\/wp-content\\\/uploads\\\/2023\\\/02\\\/Teilhabe-im-Cafe-shutterstock_388863670.jpg\",\"contentUrl\":\"https:\\\/\\\/digidem-bayern.de\\\/wp-content\\\/uploads\\\/2023\\\/02\\\/Teilhabe-im-Cafe-shutterstock_388863670.jpg\",\"width\":1000,\"height\":667,\"caption\":\"Es ist wissenschaftlich erwiesen, dass Menschen mit Demenz die Teilhabe an der Gesellschaft sch\u00e4tzen.\"},{\"@type\":\"BreadcrumbList\",\"@id\":\"https:\\\/\\\/digidem-bayern.de\\\/menschen-mit-demenz-wie-kann-teilhabe-gelingen\\\/#breadcrumb\",\"itemListElement\":[{\"@type\":\"ListItem\",\"position\":1,\"name\":\"Startseite\",\"item\":\"https:\\\/\\\/digidem-bayern.de\\\/\"},{\"@type\":\"ListItem\",\"position\":2,\"name\":\"Menschen mit Demenz: Wie kann Teilhabe gelingen?\"}]},{\"@type\":\"WebSite\",\"@id\":\"\\\/#website\",\"url\":\"\\\/\",\"name\":\"digiDEM Bayern\",\"description\":\"Das digitale Demenzregister Bayern erforscht und verbessert die Angebotsstuktur f\u00fcr Menschen mit Demenz und deren Angeh\u00f6rige\",\"publisher\":{\"@id\":\"\\\/#organization\"},\"potentialAction\":[{\"@type\":\"SearchAction\",\"target\":{\"@type\":\"EntryPoint\",\"urlTemplate\":\"\\\/?s={search_term_string}\"},\"query-input\":{\"@type\":\"PropertyValueSpecification\",\"valueRequired\":true,\"valueName\":\"search_term_string\"}}],\"inLanguage\":\"en-US\"},{\"@type\":\"Organization\",\"@id\":\"\\\/#organization\",\"name\":\"digiDEM Bayern\",\"url\":\"\\\/\",\"logo\":{\"@type\":\"ImageObject\",\"inLanguage\":\"en-US\",\"@id\":\"\\\/#\\\/schema\\\/logo\\\/image\\\/\",\"url\":\"https:\\\/\\\/digidem-bayern.de\\\/wp-content\\\/uploads\\\/2022\\\/03\\\/cropped-Allgemeines_digiDEMLOGO-removebg-preview.png\",\"contentUrl\":\"https:\\\/\\\/digidem-bayern.de\\\/wp-content\\\/uploads\\\/2022\\\/03\\\/cropped-Allgemeines_digiDEMLOGO-removebg-preview.png\",\"width\":612,\"height\":357,\"caption\":\"digiDEM Bayern\"},\"image\":{\"@id\":\"\\\/#\\\/schema\\\/logo\\\/image\\\/\"},\"sameAs\":[\"https:\\\/\\\/www.facebook.com\\\/digiDEMBayern\\\/\",\"https:\\\/\\\/x.com\\\/digidem_bayern\",\"https:\\\/\\\/www.instagram.com\\\/digidem.bayern\",\"https:\\\/\\\/www.linkedin.com\\\/company\\\/digidem-bayern\\\/\"]},{\"@type\":\"Person\",\"@id\":\"\\\/#\\\/schema\\\/person\\\/0bc1494f46fc2a051c761322a80e0941\",\"name\":\"Ilona H\u00f6rath\",\"url\":\"https:\\\/\\\/digidem-bayern.de\\\/en\\\/author\\\/hoeratia\\\/\"}]}<\/script>\n<!-- \/ Yoast SEO plugin. -->","yoast_head_json":{"title":"Menschen mit Demenz: Wie kann Teilhabe gelingen? - digiDEM Bayern","description":"Der Bayerische Landesapothekerkammer unterst\u00fctzt digiDEM Bayern mit Hilfe des Netzwerks \"Demenzfreundliche Apotheken\".","robots":{"index":"index","follow":"follow","max-snippet":"max-snippet:-1","max-image-preview":"max-image-preview:large","max-video-preview":"max-video-preview:-1"},"canonical":"https:\/\/digidem-bayern.de\/en\/menschen-mit-demenz-wie-kann-teilhabe-gelingen\/","og_locale":"en_US","og_type":"article","og_title":"Menschen mit Demenz: Wie kann Teilhabe gelingen? - digiDEM Bayern","og_description":"Der Bayerische Landesapothekerkammer unterst\u00fctzt digiDEM Bayern mit Hilfe des Netzwerks \"Demenzfreundliche Apotheken\".","og_url":"https:\/\/digidem-bayern.de\/en\/menschen-mit-demenz-wie-kann-teilhabe-gelingen\/","og_site_name":"digiDEM Bayern","article_publisher":"https:\/\/www.facebook.com\/digiDEMBayern\/","article_published_time":"2023-02-22T15:30:00+00:00","article_modified_time":"2023-03-09T12:52:34+00:00","og_image":[{"width":1000,"height":667,"url":"https:\/\/digidem-bayern.de\/wp-content\/uploads\/2023\/02\/Teilhabe-im-Cafe-shutterstock_388863670.jpg","type":"image\/jpeg"}],"author":"Ilona H\u00f6rath","twitter_misc":{"Written by":"Ilona H\u00f6rath","Est. reading time":"2 minutes"},"schema":{"@context":"https:\/\/schema.org","@graph":[{"@type":"Article","@id":"https:\/\/digidem-bayern.de\/menschen-mit-demenz-wie-kann-teilhabe-gelingen\/#article","isPartOf":{"@id":"https:\/\/digidem-bayern.de\/menschen-mit-demenz-wie-kann-teilhabe-gelingen\/"},"author":{"name":"Ilona H\u00f6rath","@id":"\/#\/schema\/person\/0bc1494f46fc2a051c761322a80e0941"},"headline":"Menschen mit Demenz: Wie kann Teilhabe gelingen?","datePublished":"2023-02-22T15:30:00+00:00","dateModified":"2023-03-09T12:52:34+00:00","mainEntityOfPage":{"@id":"https:\/\/digidem-bayern.de\/menschen-mit-demenz-wie-kann-teilhabe-gelingen\/"},"wordCount":411,"commentCount":0,"publisher":{"@id":"\/#organization"},"image":{"@id":"https:\/\/digidem-bayern.de\/menschen-mit-demenz-wie-kann-teilhabe-gelingen\/#primaryimage"},"thumbnailUrl":"https:\/\/digidem-bayern.de\/wp-content\/uploads\/2023\/02\/Teilhabe-im-Cafe-shutterstock_388863670.jpg","keywords":["Alzheimer","Demenz","Depressionen","digidem","digidem Bayern","Digitales Demenzregister Bayern","Gemeinschaft","pflegende Angeh\u00f6rige","Teilhabe","Vertrautheit","Zuhause"],"articleSection":["Wissenschaft &amp; Forschung"],"inLanguage":"en-US","potentialAction":[{"@type":"CommentAction","name":"Comment","target":["https:\/\/digidem-bayern.de\/menschen-mit-demenz-wie-kann-teilhabe-gelingen\/#respond"]}]},{"@type":"WebPage","@id":"https:\/\/digidem-bayern.de\/menschen-mit-demenz-wie-kann-teilhabe-gelingen\/","url":"https:\/\/digidem-bayern.de\/menschen-mit-demenz-wie-kann-teilhabe-gelingen\/","name":"Menschen mit Demenz: Wie kann Teilhabe gelingen? - digiDEM Bayern","isPartOf":{"@id":"\/#website"},"primaryImageOfPage":{"@id":"https:\/\/digidem-bayern.de\/menschen-mit-demenz-wie-kann-teilhabe-gelingen\/#primaryimage"},"image":{"@id":"https:\/\/digidem-bayern.de\/menschen-mit-demenz-wie-kann-teilhabe-gelingen\/#primaryimage"},"thumbnailUrl":"https:\/\/digidem-bayern.de\/wp-content\/uploads\/2023\/02\/Teilhabe-im-Cafe-shutterstock_388863670.jpg","datePublished":"2023-02-22T15:30:00+00:00","dateModified":"2023-03-09T12:52:34+00:00","description":"Der Bayerische Landesapothekerkammer unterst\u00fctzt digiDEM Bayern mit Hilfe des Netzwerks \"Demenzfreundliche Apotheken\".","breadcrumb":{"@id":"https:\/\/digidem-bayern.de\/menschen-mit-demenz-wie-kann-teilhabe-gelingen\/#breadcrumb"},"inLanguage":"en-US","potentialAction":[{"@type":"ReadAction","target":["https:\/\/digidem-bayern.de\/menschen-mit-demenz-wie-kann-teilhabe-gelingen\/"]}]},{"@type":"ImageObject","inLanguage":"en-US","@id":"https:\/\/digidem-bayern.de\/menschen-mit-demenz-wie-kann-teilhabe-gelingen\/#primaryimage","url":"https:\/\/digidem-bayern.de\/wp-content\/uploads\/2023\/02\/Teilhabe-im-Cafe-shutterstock_388863670.jpg","contentUrl":"https:\/\/digidem-bayern.de\/wp-content\/uploads\/2023\/02\/Teilhabe-im-Cafe-shutterstock_388863670.jpg","width":1000,"height":667,"caption":"Es ist wissenschaftlich erwiesen, dass Menschen mit Demenz die Teilhabe an der Gesellschaft sch\u00e4tzen."},{"@type":"BreadcrumbList","@id":"https:\/\/digidem-bayern.de\/menschen-mit-demenz-wie-kann-teilhabe-gelingen\/#breadcrumb","itemListElement":[{"@type":"ListItem","position":1,"name":"Startseite","item":"https:\/\/digidem-bayern.de\/"},{"@type":"ListItem","position":2,"name":"Menschen mit Demenz: Wie kann Teilhabe gelingen?"}]},{"@type":"WebSite","@id":"\/#website","url":"\/","name":"digiDEM Bavaria","description":"The digital dementia register in Bavaria researches and improves the structure of services for people with dementia and their relatives","publisher":{"@id":"\/#organization"},"potentialAction":[{"@type":"SearchAction","target":{"@type":"EntryPoint","urlTemplate":"\/?s={search_term_string}"},"query-input":{"@type":"PropertyValueSpecification","valueRequired":true,"valueName":"search_term_string"}}],"inLanguage":"en-US"},{"@type":"Organization","@id":"\/#organization","name":"digiDEM Bavaria","url":"\/","logo":{"@type":"ImageObject","inLanguage":"en-US","@id":"\/#\/schema\/logo\/image\/","url":"https:\/\/digidem-bayern.de\/wp-content\/uploads\/2022\/03\/cropped-Allgemeines_digiDEMLOGO-removebg-preview.png","contentUrl":"https:\/\/digidem-bayern.de\/wp-content\/uploads\/2022\/03\/cropped-Allgemeines_digiDEMLOGO-removebg-preview.png","width":612,"height":357,"caption":"digiDEM Bayern"},"image":{"@id":"\/#\/schema\/logo\/image\/"},"sameAs":["https:\/\/www.facebook.com\/digiDEMBayern\/","https:\/\/x.com\/digidem_bayern","https:\/\/www.instagram.com\/digidem.bayern","https:\/\/www.linkedin.com\/company\/digidem-bayern\/"]},{"@type":"Person","@id":"\/#\/schema\/person\/0bc1494f46fc2a051c761322a80e0941","name":"Ilona H\u00f6rath","url":"https:\/\/digidem-bayern.de\/en\/author\/hoeratia\/"}]}},"uagb_featured_image_src":{"full":["https:\/\/digidem-bayern.de\/wp-content\/uploads\/2023\/02\/Teilhabe-im-Cafe-shutterstock_388863670.jpg",1000,667,false],"thumbnail":["https:\/\/digidem-bayern.de\/wp-content\/uploads\/2023\/02\/Teilhabe-im-Cafe-shutterstock_388863670-80x80.jpg",80,80,true],"medium":["https:\/\/digidem-bayern.de\/wp-content\/uploads\/2023\/02\/Teilhabe-im-Cafe-shutterstock_388863670-300x200.jpg",300,200,true],"medium_large":["https:\/\/digidem-bayern.de\/wp-content\/uploads\/2023\/02\/Teilhabe-im-Cafe-shutterstock_388863670-768x512.jpg",768,512,true],"large":["https:\/\/digidem-bayern.de\/wp-content\/uploads\/2023\/02\/Teilhabe-im-Cafe-shutterstock_388863670.jpg",1000,667,false],"1536x1536":["https:\/\/digidem-bayern.de\/wp-content\/uploads\/2023\/02\/Teilhabe-im-Cafe-shutterstock_388863670.jpg",1000,667,false],"2048x2048":["https:\/\/digidem-bayern.de\/wp-content\/uploads\/2023\/02\/Teilhabe-im-Cafe-shutterstock_388863670.jpg",1000,667,false],"trp-custom-language-flag":["https:\/\/digidem-bayern.de\/wp-content\/uploads\/2023\/02\/Teilhabe-im-Cafe-shutterstock_388863670.jpg",18,12,false],"qubely_landscape":["https:\/\/digidem-bayern.de\/wp-content\/uploads\/2023\/02\/Teilhabe-im-Cafe-shutterstock_388863670.jpg",1000,667,false],"qubely_portrait":["https:\/\/digidem-bayern.de\/wp-content\/uploads\/2023\/02\/Teilhabe-im-Cafe-shutterstock_388863670-540x320.jpg",540,320,true],"qubely_thumbnail":["https:\/\/digidem-bayern.de\/wp-content\/uploads\/2023\/02\/Teilhabe-im-Cafe-shutterstock_388863670-140x100.jpg",140,100,true],"post-thumbnail":["https:\/\/digidem-bayern.de\/wp-content\/uploads\/2023\/02\/Teilhabe-im-Cafe-shutterstock_388863670-525x350.jpg",525,350,true],"kahuna-featured":["https:\/\/digidem-bayern.de\/wp-content\/uploads\/2023\/02\/Teilhabe-im-Cafe-shutterstock_388863670-734x350.jpg",734,350,true],"kahuna-featured-lp":["https:\/\/digidem-bayern.de\/wp-content\/uploads\/2023\/02\/Teilhabe-im-Cafe-shutterstock_388863670-520x350.jpg",520,350,true],"kahuna-featured-half":["https:\/\/digidem-bayern.de\/wp-content\/uploads\/2023\/02\/Teilhabe-im-Cafe-shutterstock_388863670-800x350.jpg",800,350,true],"kahuna-featured-third":["https:\/\/digidem-bayern.de\/wp-content\/uploads\/2023\/02\/Teilhabe-im-Cafe-shutterstock_388863670-512x350.jpg",512,350,true],"kahuna-lpbox-1":["https:\/\/digidem-bayern.de\/wp-content\/uploads\/2023\/02\/Teilhabe-im-Cafe-shutterstock_388863670-520x300.jpg",520,300,true],"kahuna-lpbox-2":["https:\/\/digidem-bayern.de\/wp-content\/uploads\/2023\/02\/Teilhabe-im-Cafe-shutterstock_388863670-520x350.jpg",520,350,true],"demand-language-flag":["https:\/\/digidem-bayern.de\/wp-content\/uploads\/2023\/02\/Teilhabe-im-Cafe-shutterstock_388863670.jpg",36,24,false],"dddkt-language-flag":["https:\/\/digidem-bayern.de\/wp-content\/uploads\/2023\/02\/Teilhabe-im-Cafe-shutterstock_388863670-36x36.jpg",36,36,true],"ddiqc-language-flag":["https:\/\/digidem-bayern.de\/wp-content\/uploads\/2023\/02\/Teilhabe-im-Cafe-shutterstock_388863670-36x36.jpg",36,36,true],"ddtl-language-flag":["https:\/\/digidem-bayern.de\/wp-content\/uploads\/2023\/02\/Teilhabe-im-Cafe-shutterstock_388863670-36x36.jpg",36,36,true],"mailpoet_newsletter_max":["https:\/\/digidem-bayern.de\/wp-content\/uploads\/2023\/02\/Teilhabe-im-Cafe-shutterstock_388863670.jpg",1000,667,false],"kahuna-lpbox-3":["https:\/\/digidem-bayern.de\/wp-content\/uploads\/2023\/02\/Teilhabe-im-Cafe-shutterstock_388863670-520x350.jpg",520,350,true],"kahuna-featured-square":["https:\/\/digidem-bayern.de\/wp-content\/uploads\/2023\/02\/Teilhabe-im-Cafe-shutterstock_388863670-512x512.jpg",512,512,true],"kahuna-featured-square-large":["https:\/\/digidem-bayern.de\/wp-content\/uploads\/2023\/02\/Teilhabe-im-Cafe-shutterstock_388863670.jpg",1000,667,false]},"uagb_author_info":{"display_name":"Ilona H\u00f6rath","author_link":"https:\/\/digidem-bayern.de\/en\/author\/hoeratia\/"},"uagb_comment_info":1,"uagb_excerpt":"Vertrautheit und ein Zugeh\u00f6rigkeitsgef\u00fchl statt Stigmatisierung und Scham: Schreitet eine Demenz fort, wird es f\u00fcr die Betroffenen und ihre pflegenden Zu- und Angeh\u00f6rigen immer schwieriger, am gesellschaftlichen Leben teilzuhaben. Dabei st\u00e4rkt gerade die Teilhabe am gesellschaftlichen Leben die Betroffenen. Nicht mehr in den Verein gehen, ins Konzert oder zu einer &hellip;","_links":{"self":[{"href":"https:\/\/digidem-bayern.de\/en\/wp-json\/wp\/v2\/posts\/26150","targetHints":{"allow":["GET"]}}],"collection":[{"href":"https:\/\/digidem-bayern.de\/en\/wp-json\/wp\/v2\/posts"}],"about":[{"href":"https:\/\/digidem-bayern.de\/en\/wp-json\/wp\/v2\/types\/post"}],"author":[{"embeddable":true,"href":"https:\/\/digidem-bayern.de\/en\/wp-json\/wp\/v2\/users\/12"}],"replies":[{"embeddable":true,"href":"https:\/\/digidem-bayern.de\/en\/wp-json\/wp\/v2\/comments?post=26150"}],"version-history":[{"count":3,"href":"https:\/\/digidem-bayern.de\/en\/wp-json\/wp\/v2\/posts\/26150\/revisions"}],"predecessor-version":[{"id":26169,"href":"https:\/\/digidem-bayern.de\/en\/wp-json\/wp\/v2\/posts\/26150\/revisions\/26169"}],"wp:featuredmedia":[{"embeddable":true,"href":"https:\/\/digidem-bayern.de\/en\/wp-json\/wp\/v2\/media\/26160"}],"wp:attachment":[{"href":"https:\/\/digidem-bayern.de\/en\/wp-json\/wp\/v2\/media?parent=26150"}],"wp:term":[{"taxonomy":"category","embeddable":true,"href":"https:\/\/digidem-bayern.de\/en\/wp-json\/wp\/v2\/categories?post=26150"},{"taxonomy":"post_tag","embeddable":true,"href":"https:\/\/digidem-bayern.de\/en\/wp-json\/wp\/v2\/tags?post=26150"}],"curies":[{"name":"wp","href":"https:\/\/api.w.org\/{rel}","templated":true}]}}