{"id":26143,"date":"2023-02-22T13:25:00","date_gmt":"2023-02-22T12:25:00","guid":{"rendered":"https:\/\/digidem-bayern.de\/?p=26143"},"modified":"2024-05-28T17:07:09","modified_gmt":"2024-05-28T15:07:09","slug":"parkinson-demenz-symptome-umfassend-beurteilen","status":"publish","type":"post","link":"https:\/\/digidem-bayern.de\/en\/parkinson-demenz-symptome-umfassend-beurteilen\/","title":{"rendered":"Parkinson-Demenz: Symptome umfassend beurteilen"},"content":{"rendered":"<p><strong>Rund ein Drittel der Parkinson-Erkrankten ist von einer Demenz betroffen. Dies erfordert eine individualisierte Behandlung, gerade dann, wenn zum Beispiel motorische oder psychische Symptome und kognitive Beeintr\u00e4chtigungen auftreten.&nbsp;<\/strong><\/p>\n\n\n\n<p>Rund ein Drittel der Parkinson-Erkrankten ist von einer Demenz betroffen. Um die spezifischen Bed\u00fcrfnisse der Patienten und ihrer Pflegenden mit einer individualisierten Behandlung und Nachsorge gezielt zu ber\u00fccksichtigen, ist eine gr\u00fcndliche Erstbeurteilung n\u00f6tig. Dabei ist, so schreiben die Autor*innen des Welt Alzheimer Berichts 2022, auch die \u00dcberpr\u00fcfung der kognitiven und psychiatrischen Symptome unerl\u00e4sslich.&nbsp;<\/p>\n\n\n<div class=\"wp-block-image\">\n<figure class=\"alignright size-full is-resized\"><img loading=\"lazy\" decoding=\"async\" width=\"1000\" height=\"667\" src=\"https:\/\/digidem-bayern.de\/wp-content\/uploads\/2023\/02\/Parkinson-Demenz-shutterstock_1466692250.jpg\" alt=\"Depressionen, Angstzust\u00e4nde oder Psychosen treten bei der Parkinson-Demenz besonders h\u00e4ufig auf.\" class=\"wp-image-26157\" style=\"width:490px;height:auto\" srcset=\"https:\/\/digidem-bayern.de\/wp-content\/uploads\/2023\/02\/Parkinson-Demenz-shutterstock_1466692250.jpg 1000w, https:\/\/digidem-bayern.de\/wp-content\/uploads\/2023\/02\/Parkinson-Demenz-shutterstock_1466692250-300x200.jpg 300w, https:\/\/digidem-bayern.de\/wp-content\/uploads\/2023\/02\/Parkinson-Demenz-shutterstock_1466692250-768x512.jpg 768w, https:\/\/digidem-bayern.de\/wp-content\/uploads\/2023\/02\/Parkinson-Demenz-shutterstock_1466692250-525x350.jpg 525w\" sizes=\"auto, (max-width: 1000px) 100vw, 1000px\" \/><figcaption class=\"wp-element-caption\">Foto: Shutterstock\n<\/figcaption><\/figure>\n<\/div>\n\n\n<p><strong><strong>Unterschiedliche Symptome behandeln<\/strong><\/strong><\/p>\n\n\n\n<p>Zu ber\u00fccksichtigen sind dabei unterschiedliche Symptome: zum Beispiel motorische und psychiatrische Symptome, kognitive Beeintr\u00e4chtigungen, St\u00f6rungen des Schlafverhaltens und autonome Funktionsst\u00f6rungen wie etwa Schwindel. Manche der Behandlungsma\u00dfnahmen sind jedoch wissenschaftlich noch nicht vollst\u00e4ndig belegt.<\/p>\n\n\n\n<p>Als erforscht gelten Ma\u00dfnahmen, mit denen motorische Symptome bei Parkinson-Demenz behandelt werden k\u00f6nnen. Hierbei kann die medikament\u00f6se Behandlung allerdings weniger wirksam sein und zu mehr unerw\u00fcnschten Wirkungen sowie einer gr\u00f6\u00dferen Medikamentenresistenz f\u00fchren. Von zus\u00e4tzlichem Nutzen k\u00f6nnen nicht-pharmakologische Ans\u00e4tze wie Physiotherapie und Sprach- und Besch\u00e4ftigungstherapien sein.&nbsp;<\/p>\n\n\n\n<p><strong>Neuropsychiatrische Symptome<\/strong><\/p>\n\n\n\n<p>Depressionen, Angstzust\u00e4nde oder Psychosen treten bei der Parkinson-Demenz besonders h\u00e4ufig auf. \u00dcber die Behandlung mit Antipsychotika speziell f\u00fcr Menschen mit Parkinson-Demenz gibt es jedoch keine wissenschaftlichen Studien. Wie die Autor*innen berichten, ist der Einsatz von Antipsychotika bei Parkinson-Demenz mit einem hohen Risiko von Nebenwirkungen und einem erh\u00f6hten Sterblichkeitsrisiko verbunden. Eine Pharmakotherapie sei nicht immer angebracht. Ein neuartiger Wirkstoff ist Pimavanserin, den die US-amerikanische Zulassungsbeh\u00f6rde FDA zur Behandlung von Psychosen bei Morbus Parkinson freigegeben hat.<\/p>\n\n\n\n<p><strong>Schlafst\u00f6rungen<\/strong><\/p>\n\n\n\n<p>Wer bei Parkinson-Demenz an Schlafst\u00f6rungen leidet, ben\u00f6tigt ebenfalls eine optimale Behandlung, die individuell auf die ausgepr\u00e4gte Symptomatik und Diagnose zugeschnitten ist. Benzodiazepine, also Wirkstoffe, die das Zentrale Nervensystem d\u00e4mpfen, sollten hierbei mit Vorsicht eingesetzt werden. Sie werden mit einem erh\u00f6hten Risiko f\u00fcr St\u00fcrze, Delirium und kognitiven Verschlechterungen in Verbindung gebracht.&nbsp;<\/p>\n\n\n\n<p><strong>Autonome Funktionsst\u00f6rungen<\/strong><\/p>\n\n\n\n<p>Nur wenige klinische Studien gibt es zur Behandlung von autonomen Symptomen bei Parkinson-Demenz, zu denen etwa niedriger Blutdruck geh\u00f6rt. Hier werden drei Ma\u00dfnahmen empfohlen: eine Ern\u00e4hrungsumstellung, die \u00dcberpr\u00fcfung der aktuellen Medikation und \u00c4nderungen des Lebensstils. Es empfiehlt sich, eine Di\u00e4tassistenz einzubinden und auch Strategien zur Vorbeugung von St\u00fcrzen zu entwickeln.<\/p>\n\n\n\n<p>Den Originalbeitrag finden Sie im <a href=\"https:\/\/www.alzint.org\/resource\/world-alzheimer-report-2022\/\">Welt Alzheimer Report 2022<\/a> auf den Seiten 327 bis 329.<\/p>\n\n\n\n<p><\/p>\n\n\n\n<p><\/p>\n\n\n\n<p><\/p>\n\n\n\n<p><\/p>\n\n\n\n<p><\/p>\n\n\n\n<p style=\"font-size:20px\"><\/p>\n\n\n\n<div style=\"height:20px\" aria-hidden=\"true\" class=\"wp-block-spacer\"><\/div>\n\n\n\n<div style=\"height:20px\" aria-hidden=\"true\" class=\"wp-block-spacer\"><\/div>","protected":false},"excerpt":{"rendered":"<p>Rund ein Drittel der Parkinson-Erkrankten ist von einer Demenz betroffen. Dies erfordert eine individualisierte Behandlung, gerade dann, wenn zum Beispiel motorische oder psychische Symptome und kognitive Beeintr\u00e4chtigungen auftreten.&nbsp; Rund ein Drittel der Parkinson-Erkrankten ist von einer Demenz betroffen. Um die spezifischen Bed\u00fcrfnisse der Patienten und ihrer Pflegenden mit einer individualisierten &hellip;<\/p>","protected":false},"author":12,"featured_media":26157,"comment_status":"open","ping_status":"closed","sticky":false,"template":"","format":"standard","meta":{"qubely_global_settings":"","qubely_interactions":"","_uag_custom_page_level_css":"","footnotes":""},"categories":[5],"tags":[13,406,12,112,638,14,17,55,637,635,636,80,598],"class_list":["post-26143","post","type-post","status-publish","format-standard","has-post-thumbnail","hentry","category-wissenschaft-forschung","tag-alzheimer","tag-alzheimer-demenz","tag-demenz-2","tag-demenzdiagnose","tag-diaetassistenz","tag-digidem","tag-digidem-bayern","tag-digitales-demenzregister-bayern","tag-neuropsychiatrie","tag-parkinson","tag-parkinson-demenz","tag-schlafstoerungen","tag-welt-alzheimer-report"],"qubely_featured_image_url":{"full":["https:\/\/digidem-bayern.de\/wp-content\/uploads\/2023\/02\/Parkinson-Demenz-shutterstock_1466692250.jpg",1000,667,false],"landscape":["https:\/\/digidem-bayern.de\/wp-content\/uploads\/2023\/02\/Parkinson-Demenz-shutterstock_1466692250.jpg",1000,667,false],"portraits":["https:\/\/digidem-bayern.de\/wp-content\/uploads\/2023\/02\/Parkinson-Demenz-shutterstock_1466692250-540x320.jpg",540,320,true],"thumbnail":["https:\/\/digidem-bayern.de\/wp-content\/uploads\/2023\/02\/Parkinson-Demenz-shutterstock_1466692250-80x80.jpg",80,80,true],"medium":["https:\/\/digidem-bayern.de\/wp-content\/uploads\/2023\/02\/Parkinson-Demenz-shutterstock_1466692250-300x200.jpg",300,200,true],"medium_large":["https:\/\/digidem-bayern.de\/wp-content\/uploads\/2023\/02\/Parkinson-Demenz-shutterstock_1466692250-768x512.jpg",768,512,true],"large":["https:\/\/digidem-bayern.de\/wp-content\/uploads\/2023\/02\/Parkinson-Demenz-shutterstock_1466692250.jpg",1000,667,false],"1536x1536":["https:\/\/digidem-bayern.de\/wp-content\/uploads\/2023\/02\/Parkinson-Demenz-shutterstock_1466692250.jpg",1000,667,false],"2048x2048":["https:\/\/digidem-bayern.de\/wp-content\/uploads\/2023\/02\/Parkinson-Demenz-shutterstock_1466692250.jpg",1000,667,false],"trp-custom-language-flag":["https:\/\/digidem-bayern.de\/wp-content\/uploads\/2023\/02\/Parkinson-Demenz-shutterstock_1466692250.jpg",18,12,false],"qubely_landscape":["https:\/\/digidem-bayern.de\/wp-content\/uploads\/2023\/02\/Parkinson-Demenz-shutterstock_1466692250.jpg",1000,667,false],"qubely_portrait":["https:\/\/digidem-bayern.de\/wp-content\/uploads\/2023\/02\/Parkinson-Demenz-shutterstock_1466692250-540x320.jpg",540,320,true],"qubely_thumbnail":["https:\/\/digidem-bayern.de\/wp-content\/uploads\/2023\/02\/Parkinson-Demenz-shutterstock_1466692250-140x100.jpg",140,100,true],"post-thumbnail":["https:\/\/digidem-bayern.de\/wp-content\/uploads\/2023\/02\/Parkinson-Demenz-shutterstock_1466692250-525x350.jpg",525,350,true],"kahuna-featured":["https:\/\/digidem-bayern.de\/wp-content\/uploads\/2023\/02\/Parkinson-Demenz-shutterstock_1466692250-734x350.jpg",734,350,true],"kahuna-featured-lp":["https:\/\/digidem-bayern.de\/wp-content\/uploads\/2023\/02\/Parkinson-Demenz-shutterstock_1466692250-520x350.jpg",520,350,true],"kahuna-featured-half":["https:\/\/digidem-bayern.de\/wp-content\/uploads\/2023\/02\/Parkinson-Demenz-shutterstock_1466692250-800x350.jpg",800,350,true],"kahuna-featured-third":["https:\/\/digidem-bayern.de\/wp-content\/uploads\/2023\/02\/Parkinson-Demenz-shutterstock_1466692250-512x350.jpg",512,350,true],"kahuna-lpbox-1":["https:\/\/digidem-bayern.de\/wp-content\/uploads\/2023\/02\/Parkinson-Demenz-shutterstock_1466692250-520x300.jpg",520,300,true],"kahuna-lpbox-2":["https:\/\/digidem-bayern.de\/wp-content\/uploads\/2023\/02\/Parkinson-Demenz-shutterstock_1466692250-520x350.jpg",520,350,true],"demand-language-flag":["https:\/\/digidem-bayern.de\/wp-content\/uploads\/2023\/02\/Parkinson-Demenz-shutterstock_1466692250.jpg",36,24,false],"dddkt-language-flag":["https:\/\/digidem-bayern.de\/wp-content\/uploads\/2023\/02\/Parkinson-Demenz-shutterstock_1466692250-36x36.jpg",36,36,true],"ddiqc-language-flag":["https:\/\/digidem-bayern.de\/wp-content\/uploads\/2023\/02\/Parkinson-Demenz-shutterstock_1466692250-36x36.jpg",36,36,true],"ddtl-language-flag":["https:\/\/digidem-bayern.de\/wp-content\/uploads\/2023\/02\/Parkinson-Demenz-shutterstock_1466692250-36x36.jpg",36,36,true],"mailpoet_newsletter_max":["https:\/\/digidem-bayern.de\/wp-content\/uploads\/2023\/02\/Parkinson-Demenz-shutterstock_1466692250.jpg",1000,667,false],"kahuna-lpbox-3":["https:\/\/digidem-bayern.de\/wp-content\/uploads\/2023\/02\/Parkinson-Demenz-shutterstock_1466692250-520x350.jpg",520,350,true],"kahuna-featured-square":["https:\/\/digidem-bayern.de\/wp-content\/uploads\/2023\/02\/Parkinson-Demenz-shutterstock_1466692250-512x512.jpg",512,512,true],"kahuna-featured-square-large":["https:\/\/digidem-bayern.de\/wp-content\/uploads\/2023\/02\/Parkinson-Demenz-shutterstock_1466692250.jpg",1000,667,false]},"qubely_author":{"display_name":"Ilona H\u00f6rath","author_link":"https:\/\/digidem-bayern.de\/en\/author\/hoeratia\/"},"qubely_comment":1,"qubely_category":"<a href=\"https:\/\/digidem-bayern.de\/en\/category\/wissenschaft-forschung\/\" rel=\"category tag\">Wissenschaft &amp; Forschung<\/a>","qubely_excerpt":"Rund ein Drittel der Parkinson-Erkrankten ist von einer Demenz betroffen. Dies erfordert eine individualisierte Behandlung, gerade dann, wenn zum Beispiel motorische oder psychische Symptome und kognitive Beeintr\u00e4chtigungen auftreten.&nbsp; Rund ein Drittel der Parkinson-Erkrankten ist von einer Demenz betroffen. Um die spezifischen Bed\u00fcrfnisse der Patienten und ihrer Pflegenden mit einer individualisierten &hellip;","featured_image_urls_v2":{"full":["https:\/\/digidem-bayern.de\/wp-content\/uploads\/2023\/02\/Parkinson-Demenz-shutterstock_1466692250.jpg",1000,667,false],"thumbnail":["https:\/\/digidem-bayern.de\/wp-content\/uploads\/2023\/02\/Parkinson-Demenz-shutterstock_1466692250-80x80.jpg",80,80,true],"medium":["https:\/\/digidem-bayern.de\/wp-content\/uploads\/2023\/02\/Parkinson-Demenz-shutterstock_1466692250-300x200.jpg",300,200,true],"medium_large":["https:\/\/digidem-bayern.de\/wp-content\/uploads\/2023\/02\/Parkinson-Demenz-shutterstock_1466692250-768x512.jpg",768,512,true],"large":["https:\/\/digidem-bayern.de\/wp-content\/uploads\/2023\/02\/Parkinson-Demenz-shutterstock_1466692250.jpg",1000,667,false],"1536x1536":["https:\/\/digidem-bayern.de\/wp-content\/uploads\/2023\/02\/Parkinson-Demenz-shutterstock_1466692250.jpg",1000,667,false],"2048x2048":["https:\/\/digidem-bayern.de\/wp-content\/uploads\/2023\/02\/Parkinson-Demenz-shutterstock_1466692250.jpg",1000,667,false],"trp-custom-language-flag":["https:\/\/digidem-bayern.de\/wp-content\/uploads\/2023\/02\/Parkinson-Demenz-shutterstock_1466692250.jpg",18,12,false],"qubely_landscape":["https:\/\/digidem-bayern.de\/wp-content\/uploads\/2023\/02\/Parkinson-Demenz-shutterstock_1466692250.jpg",1000,667,false],"qubely_portrait":["https:\/\/digidem-bayern.de\/wp-content\/uploads\/2023\/02\/Parkinson-Demenz-shutterstock_1466692250-540x320.jpg",540,320,true],"qubely_thumbnail":["https:\/\/digidem-bayern.de\/wp-content\/uploads\/2023\/02\/Parkinson-Demenz-shutterstock_1466692250-140x100.jpg",140,100,true],"post-thumbnail":["https:\/\/digidem-bayern.de\/wp-content\/uploads\/2023\/02\/Parkinson-Demenz-shutterstock_1466692250-525x350.jpg",525,350,true],"kahuna-featured":["https:\/\/digidem-bayern.de\/wp-content\/uploads\/2023\/02\/Parkinson-Demenz-shutterstock_1466692250-734x350.jpg",734,350,true],"kahuna-featured-lp":["https:\/\/digidem-bayern.de\/wp-content\/uploads\/2023\/02\/Parkinson-Demenz-shutterstock_1466692250-520x350.jpg",520,350,true],"kahuna-featured-half":["https:\/\/digidem-bayern.de\/wp-content\/uploads\/2023\/02\/Parkinson-Demenz-shutterstock_1466692250-800x350.jpg",800,350,true],"kahuna-featured-third":["https:\/\/digidem-bayern.de\/wp-content\/uploads\/2023\/02\/Parkinson-Demenz-shutterstock_1466692250-512x350.jpg",512,350,true],"kahuna-lpbox-1":["https:\/\/digidem-bayern.de\/wp-content\/uploads\/2023\/02\/Parkinson-Demenz-shutterstock_1466692250-520x300.jpg",520,300,true],"kahuna-lpbox-2":["https:\/\/digidem-bayern.de\/wp-content\/uploads\/2023\/02\/Parkinson-Demenz-shutterstock_1466692250-520x350.jpg",520,350,true],"demand-language-flag":["https:\/\/digidem-bayern.de\/wp-content\/uploads\/2023\/02\/Parkinson-Demenz-shutterstock_1466692250.jpg",36,24,false],"dddkt-language-flag":["https:\/\/digidem-bayern.de\/wp-content\/uploads\/2023\/02\/Parkinson-Demenz-shutterstock_1466692250-36x36.jpg",36,36,true],"ddiqc-language-flag":["https:\/\/digidem-bayern.de\/wp-content\/uploads\/2023\/02\/Parkinson-Demenz-shutterstock_1466692250-36x36.jpg",36,36,true],"ddtl-language-flag":["https:\/\/digidem-bayern.de\/wp-content\/uploads\/2023\/02\/Parkinson-Demenz-shutterstock_1466692250-36x36.jpg",36,36,true],"mailpoet_newsletter_max":["https:\/\/digidem-bayern.de\/wp-content\/uploads\/2023\/02\/Parkinson-Demenz-shutterstock_1466692250.jpg",1000,667,false],"kahuna-lpbox-3":["https:\/\/digidem-bayern.de\/wp-content\/uploads\/2023\/02\/Parkinson-Demenz-shutterstock_1466692250-520x350.jpg",520,350,true],"kahuna-featured-square":["https:\/\/digidem-bayern.de\/wp-content\/uploads\/2023\/02\/Parkinson-Demenz-shutterstock_1466692250-512x512.jpg",512,512,true],"kahuna-featured-square-large":["https:\/\/digidem-bayern.de\/wp-content\/uploads\/2023\/02\/Parkinson-Demenz-shutterstock_1466692250.jpg",1000,667,false]},"post_excerpt_stackable_v2":"<p>Rund ein Drittel der Parkinson-Erkrankten ist von einer Demenz betroffen. Dies erfordert eine individualisierte Behandlung, gerade dann, wenn zum Beispiel motorische oder psychische Symptome und kognitive Beeintr\u00e4chtigungen auftreten.&nbsp; Rund ein Drittel der Parkinson-Erkrankten ist von einer Demenz betroffen. Um die spezifischen Bed\u00fcrfnisse der Patienten und ihrer Pflegenden mit einer individualisierten Behandlung und Nachsorge gezielt zu ber\u00fccksichtigen, ist eine gr\u00fcndliche Erstbeurteilung n\u00f6tig. Dabei ist, so schreiben die Autor*innen des Welt Alzheimer Berichts 2022, auch die \u00dcberpr\u00fcfung der kognitiven und psychiatrischen Symptome unerl\u00e4sslich.&nbsp; Foto: Shutterstock Unterschiedliche Symptome behandeln Zu ber\u00fccksichtigen sind dabei unterschiedliche Symptome: zum Beispiel motorische und psychiatrische Symptome, kognitive Beeintr\u00e4chtigungen,&hellip;<\/p>\n","category_list_v2":"<a href=\"https:\/\/digidem-bayern.de\/en\/category\/wissenschaft-forschung\/\" rel=\"category tag\">Wissenschaft &amp; Forschung<\/a>","author_info_v2":{"name":"Ilona H\u00f6rath","url":"https:\/\/digidem-bayern.de\/en\/author\/hoeratia\/"},"comments_num_v2":"0 comments","yoast_head":"<!-- This site is optimized with the Yoast SEO plugin v27.5 - https:\/\/yoast.com\/product\/yoast-seo-wordpress\/ -->\n<title>Parkinson-Demenz: Symptome umfassend beurteilen - digiDEM Bayern<\/title>\n<meta name=\"description\" content=\"Der Bayerische Landesapothekerkammer unterst\u00fctzt digiDEM Bayern mit Hilfe des Netzwerks &quot;Demenzfreundliche Apotheken&quot;.\" \/>\n<meta name=\"robots\" content=\"index, follow, max-snippet:-1, max-image-preview:large, max-video-preview:-1\" \/>\n<link rel=\"canonical\" href=\"https:\/\/digidem-bayern.de\/en\/parkinson-demenz-symptome-umfassend-beurteilen\/\" \/>\n<meta property=\"og:locale\" content=\"en_US\" \/>\n<meta property=\"og:type\" content=\"article\" \/>\n<meta property=\"og:title\" content=\"Parkinson-Demenz: Symptome umfassend beurteilen - digiDEM Bayern\" \/>\n<meta property=\"og:description\" content=\"Der Bayerische Landesapothekerkammer unterst\u00fctzt digiDEM Bayern mit Hilfe des Netzwerks &quot;Demenzfreundliche Apotheken&quot;.\" \/>\n<meta property=\"og:url\" content=\"https:\/\/digidem-bayern.de\/en\/parkinson-demenz-symptome-umfassend-beurteilen\/\" \/>\n<meta property=\"og:site_name\" content=\"digiDEM Bayern\" \/>\n<meta property=\"article:publisher\" content=\"https:\/\/www.facebook.com\/digiDEMBayern\/\" \/>\n<meta property=\"article:published_time\" content=\"2023-02-22T12:25:00+00:00\" \/>\n<meta property=\"article:modified_time\" content=\"2024-05-28T15:07:09+00:00\" \/>\n<meta property=\"og:image\" content=\"https:\/\/digidem-bayern.de\/wp-content\/uploads\/2023\/02\/Parkinson-Demenz-shutterstock_1466692250.jpg\" \/>\n\t<meta property=\"og:image:width\" content=\"1000\" \/>\n\t<meta property=\"og:image:height\" content=\"667\" \/>\n\t<meta property=\"og:image:type\" content=\"image\/jpeg\" \/>\n<meta name=\"author\" content=\"Ilona H\u00f6rath\" \/>\n<meta name=\"twitter:label1\" content=\"Written by\" \/>\n\t<meta name=\"twitter:data1\" content=\"Ilona H\u00f6rath\" \/>\n\t<meta name=\"twitter:label2\" content=\"Est. reading time\" \/>\n\t<meta name=\"twitter:data2\" content=\"2 minutes\" \/>\n<script type=\"application\/ld+json\" class=\"yoast-schema-graph\">{\"@context\":\"https:\\\/\\\/schema.org\",\"@graph\":[{\"@type\":\"Article\",\"@id\":\"https:\\\/\\\/digidem-bayern.de\\\/parkinson-demenz-symptome-umfassend-beurteilen\\\/#article\",\"isPartOf\":{\"@id\":\"https:\\\/\\\/digidem-bayern.de\\\/parkinson-demenz-symptome-umfassend-beurteilen\\\/\"},\"author\":{\"name\":\"Ilona H\u00f6rath\",\"@id\":\"\\\/#\\\/schema\\\/person\\\/0bc1494f46fc2a051c761322a80e0941\"},\"headline\":\"Parkinson-Demenz: Symptome umfassend beurteilen\",\"datePublished\":\"2023-02-22T12:25:00+00:00\",\"dateModified\":\"2024-05-28T15:07:09+00:00\",\"mainEntityOfPage\":{\"@id\":\"https:\\\/\\\/digidem-bayern.de\\\/parkinson-demenz-symptome-umfassend-beurteilen\\\/\"},\"wordCount\":407,\"commentCount\":0,\"publisher\":{\"@id\":\"\\\/#organization\"},\"image\":{\"@id\":\"https:\\\/\\\/digidem-bayern.de\\\/parkinson-demenz-symptome-umfassend-beurteilen\\\/#primaryimage\"},\"thumbnailUrl\":\"https:\\\/\\\/digidem-bayern.de\\\/wp-content\\\/uploads\\\/2023\\\/02\\\/Parkinson-Demenz-shutterstock_1466692250.jpg\",\"keywords\":[\"Alzheimer\",\"Alzheimer-Demenz\",\"Demenz\",\"Demenzdiagnose\",\"Di\u00e4tassistenz\",\"digidem\",\"digidem Bayern\",\"Digitales Demenzregister Bayern\",\"Neuropsychiatrie\",\"Parkinson\",\"Parkinson-Demenz\",\"Schlafst\u00f6rungen\",\"Welt Alzheimer Report\"],\"articleSection\":[\"Wissenschaft &amp; Forschung\"],\"inLanguage\":\"en-US\",\"potentialAction\":[{\"@type\":\"CommentAction\",\"name\":\"Comment\",\"target\":[\"https:\\\/\\\/digidem-bayern.de\\\/parkinson-demenz-symptome-umfassend-beurteilen\\\/#respond\"]}]},{\"@type\":\"WebPage\",\"@id\":\"https:\\\/\\\/digidem-bayern.de\\\/parkinson-demenz-symptome-umfassend-beurteilen\\\/\",\"url\":\"https:\\\/\\\/digidem-bayern.de\\\/parkinson-demenz-symptome-umfassend-beurteilen\\\/\",\"name\":\"Parkinson-Demenz: Symptome umfassend beurteilen - digiDEM Bayern\",\"isPartOf\":{\"@id\":\"\\\/#website\"},\"primaryImageOfPage\":{\"@id\":\"https:\\\/\\\/digidem-bayern.de\\\/parkinson-demenz-symptome-umfassend-beurteilen\\\/#primaryimage\"},\"image\":{\"@id\":\"https:\\\/\\\/digidem-bayern.de\\\/parkinson-demenz-symptome-umfassend-beurteilen\\\/#primaryimage\"},\"thumbnailUrl\":\"https:\\\/\\\/digidem-bayern.de\\\/wp-content\\\/uploads\\\/2023\\\/02\\\/Parkinson-Demenz-shutterstock_1466692250.jpg\",\"datePublished\":\"2023-02-22T12:25:00+00:00\",\"dateModified\":\"2024-05-28T15:07:09+00:00\",\"description\":\"Der Bayerische Landesapothekerkammer unterst\u00fctzt digiDEM Bayern mit Hilfe des Netzwerks \\\"Demenzfreundliche Apotheken\\\".\",\"breadcrumb\":{\"@id\":\"https:\\\/\\\/digidem-bayern.de\\\/parkinson-demenz-symptome-umfassend-beurteilen\\\/#breadcrumb\"},\"inLanguage\":\"en-US\",\"potentialAction\":[{\"@type\":\"ReadAction\",\"target\":[\"https:\\\/\\\/digidem-bayern.de\\\/parkinson-demenz-symptome-umfassend-beurteilen\\\/\"]}]},{\"@type\":\"ImageObject\",\"inLanguage\":\"en-US\",\"@id\":\"https:\\\/\\\/digidem-bayern.de\\\/parkinson-demenz-symptome-umfassend-beurteilen\\\/#primaryimage\",\"url\":\"https:\\\/\\\/digidem-bayern.de\\\/wp-content\\\/uploads\\\/2023\\\/02\\\/Parkinson-Demenz-shutterstock_1466692250.jpg\",\"contentUrl\":\"https:\\\/\\\/digidem-bayern.de\\\/wp-content\\\/uploads\\\/2023\\\/02\\\/Parkinson-Demenz-shutterstock_1466692250.jpg\",\"width\":1000,\"height\":667,\"caption\":\"Foto: Shutterstock\"},{\"@type\":\"BreadcrumbList\",\"@id\":\"https:\\\/\\\/digidem-bayern.de\\\/parkinson-demenz-symptome-umfassend-beurteilen\\\/#breadcrumb\",\"itemListElement\":[{\"@type\":\"ListItem\",\"position\":1,\"name\":\"Startseite\",\"item\":\"https:\\\/\\\/digidem-bayern.de\\\/\"},{\"@type\":\"ListItem\",\"position\":2,\"name\":\"Parkinson-Demenz: Symptome umfassend beurteilen\"}]},{\"@type\":\"WebSite\",\"@id\":\"\\\/#website\",\"url\":\"\\\/\",\"name\":\"digiDEM Bayern\",\"description\":\"Das digitale Demenzregister Bayern erforscht und verbessert die Angebotsstuktur f\u00fcr Menschen mit Demenz und deren Angeh\u00f6rige\",\"publisher\":{\"@id\":\"\\\/#organization\"},\"potentialAction\":[{\"@type\":\"SearchAction\",\"target\":{\"@type\":\"EntryPoint\",\"urlTemplate\":\"\\\/?s={search_term_string}\"},\"query-input\":{\"@type\":\"PropertyValueSpecification\",\"valueRequired\":true,\"valueName\":\"search_term_string\"}}],\"inLanguage\":\"en-US\"},{\"@type\":\"Organization\",\"@id\":\"\\\/#organization\",\"name\":\"digiDEM Bayern\",\"url\":\"\\\/\",\"logo\":{\"@type\":\"ImageObject\",\"inLanguage\":\"en-US\",\"@id\":\"\\\/#\\\/schema\\\/logo\\\/image\\\/\",\"url\":\"https:\\\/\\\/digidem-bayern.de\\\/wp-content\\\/uploads\\\/2022\\\/03\\\/cropped-Allgemeines_digiDEMLOGO-removebg-preview.png\",\"contentUrl\":\"https:\\\/\\\/digidem-bayern.de\\\/wp-content\\\/uploads\\\/2022\\\/03\\\/cropped-Allgemeines_digiDEMLOGO-removebg-preview.png\",\"width\":612,\"height\":357,\"caption\":\"digiDEM Bayern\"},\"image\":{\"@id\":\"\\\/#\\\/schema\\\/logo\\\/image\\\/\"},\"sameAs\":[\"https:\\\/\\\/www.facebook.com\\\/digiDEMBayern\\\/\",\"https:\\\/\\\/x.com\\\/digidem_bayern\",\"https:\\\/\\\/www.instagram.com\\\/digidem.bayern\",\"https:\\\/\\\/www.linkedin.com\\\/company\\\/digidem-bayern\\\/\"]},{\"@type\":\"Person\",\"@id\":\"\\\/#\\\/schema\\\/person\\\/0bc1494f46fc2a051c761322a80e0941\",\"name\":\"Ilona H\u00f6rath\",\"url\":\"https:\\\/\\\/digidem-bayern.de\\\/en\\\/author\\\/hoeratia\\\/\"}]}<\/script>\n<!-- \/ Yoast SEO plugin. -->","yoast_head_json":{"title":"Parkinson-Demenz: Symptome umfassend beurteilen - digiDEM Bayern","description":"Der Bayerische Landesapothekerkammer unterst\u00fctzt digiDEM Bayern mit Hilfe des Netzwerks \"Demenzfreundliche Apotheken\".","robots":{"index":"index","follow":"follow","max-snippet":"max-snippet:-1","max-image-preview":"max-image-preview:large","max-video-preview":"max-video-preview:-1"},"canonical":"https:\/\/digidem-bayern.de\/en\/parkinson-demenz-symptome-umfassend-beurteilen\/","og_locale":"en_US","og_type":"article","og_title":"Parkinson-Demenz: Symptome umfassend beurteilen - digiDEM Bayern","og_description":"Der Bayerische Landesapothekerkammer unterst\u00fctzt digiDEM Bayern mit Hilfe des Netzwerks \"Demenzfreundliche Apotheken\".","og_url":"https:\/\/digidem-bayern.de\/en\/parkinson-demenz-symptome-umfassend-beurteilen\/","og_site_name":"digiDEM Bayern","article_publisher":"https:\/\/www.facebook.com\/digiDEMBayern\/","article_published_time":"2023-02-22T12:25:00+00:00","article_modified_time":"2024-05-28T15:07:09+00:00","og_image":[{"width":1000,"height":667,"url":"https:\/\/digidem-bayern.de\/wp-content\/uploads\/2023\/02\/Parkinson-Demenz-shutterstock_1466692250.jpg","type":"image\/jpeg"}],"author":"Ilona H\u00f6rath","twitter_misc":{"Written by":"Ilona H\u00f6rath","Est. reading time":"2 minutes"},"schema":{"@context":"https:\/\/schema.org","@graph":[{"@type":"Article","@id":"https:\/\/digidem-bayern.de\/parkinson-demenz-symptome-umfassend-beurteilen\/#article","isPartOf":{"@id":"https:\/\/digidem-bayern.de\/parkinson-demenz-symptome-umfassend-beurteilen\/"},"author":{"name":"Ilona H\u00f6rath","@id":"\/#\/schema\/person\/0bc1494f46fc2a051c761322a80e0941"},"headline":"Parkinson-Demenz: Symptome umfassend beurteilen","datePublished":"2023-02-22T12:25:00+00:00","dateModified":"2024-05-28T15:07:09+00:00","mainEntityOfPage":{"@id":"https:\/\/digidem-bayern.de\/parkinson-demenz-symptome-umfassend-beurteilen\/"},"wordCount":407,"commentCount":0,"publisher":{"@id":"\/#organization"},"image":{"@id":"https:\/\/digidem-bayern.de\/parkinson-demenz-symptome-umfassend-beurteilen\/#primaryimage"},"thumbnailUrl":"https:\/\/digidem-bayern.de\/wp-content\/uploads\/2023\/02\/Parkinson-Demenz-shutterstock_1466692250.jpg","keywords":["Alzheimer","Alzheimer-Demenz","Demenz","Demenzdiagnose","Di\u00e4tassistenz","digidem","digidem Bayern","Digitales Demenzregister Bayern","Neuropsychiatrie","Parkinson","Parkinson-Demenz","Schlafst\u00f6rungen","Welt Alzheimer Report"],"articleSection":["Wissenschaft &amp; Forschung"],"inLanguage":"en-US","potentialAction":[{"@type":"CommentAction","name":"Comment","target":["https:\/\/digidem-bayern.de\/parkinson-demenz-symptome-umfassend-beurteilen\/#respond"]}]},{"@type":"WebPage","@id":"https:\/\/digidem-bayern.de\/parkinson-demenz-symptome-umfassend-beurteilen\/","url":"https:\/\/digidem-bayern.de\/parkinson-demenz-symptome-umfassend-beurteilen\/","name":"Parkinson-Demenz: Symptome umfassend beurteilen - digiDEM Bayern","isPartOf":{"@id":"\/#website"},"primaryImageOfPage":{"@id":"https:\/\/digidem-bayern.de\/parkinson-demenz-symptome-umfassend-beurteilen\/#primaryimage"},"image":{"@id":"https:\/\/digidem-bayern.de\/parkinson-demenz-symptome-umfassend-beurteilen\/#primaryimage"},"thumbnailUrl":"https:\/\/digidem-bayern.de\/wp-content\/uploads\/2023\/02\/Parkinson-Demenz-shutterstock_1466692250.jpg","datePublished":"2023-02-22T12:25:00+00:00","dateModified":"2024-05-28T15:07:09+00:00","description":"Der Bayerische Landesapothekerkammer unterst\u00fctzt digiDEM Bayern mit Hilfe des Netzwerks \"Demenzfreundliche Apotheken\".","breadcrumb":{"@id":"https:\/\/digidem-bayern.de\/parkinson-demenz-symptome-umfassend-beurteilen\/#breadcrumb"},"inLanguage":"en-US","potentialAction":[{"@type":"ReadAction","target":["https:\/\/digidem-bayern.de\/parkinson-demenz-symptome-umfassend-beurteilen\/"]}]},{"@type":"ImageObject","inLanguage":"en-US","@id":"https:\/\/digidem-bayern.de\/parkinson-demenz-symptome-umfassend-beurteilen\/#primaryimage","url":"https:\/\/digidem-bayern.de\/wp-content\/uploads\/2023\/02\/Parkinson-Demenz-shutterstock_1466692250.jpg","contentUrl":"https:\/\/digidem-bayern.de\/wp-content\/uploads\/2023\/02\/Parkinson-Demenz-shutterstock_1466692250.jpg","width":1000,"height":667,"caption":"Foto: Shutterstock"},{"@type":"BreadcrumbList","@id":"https:\/\/digidem-bayern.de\/parkinson-demenz-symptome-umfassend-beurteilen\/#breadcrumb","itemListElement":[{"@type":"ListItem","position":1,"name":"Startseite","item":"https:\/\/digidem-bayern.de\/"},{"@type":"ListItem","position":2,"name":"Parkinson-Demenz: Symptome umfassend beurteilen"}]},{"@type":"WebSite","@id":"\/#website","url":"\/","name":"digiDEM Bavaria","description":"The digital dementia register in Bavaria researches and improves the structure of services for people with dementia and their relatives","publisher":{"@id":"\/#organization"},"potentialAction":[{"@type":"SearchAction","target":{"@type":"EntryPoint","urlTemplate":"\/?s={search_term_string}"},"query-input":{"@type":"PropertyValueSpecification","valueRequired":true,"valueName":"search_term_string"}}],"inLanguage":"en-US"},{"@type":"Organization","@id":"\/#organization","name":"digiDEM Bavaria","url":"\/","logo":{"@type":"ImageObject","inLanguage":"en-US","@id":"\/#\/schema\/logo\/image\/","url":"https:\/\/digidem-bayern.de\/wp-content\/uploads\/2022\/03\/cropped-Allgemeines_digiDEMLOGO-removebg-preview.png","contentUrl":"https:\/\/digidem-bayern.de\/wp-content\/uploads\/2022\/03\/cropped-Allgemeines_digiDEMLOGO-removebg-preview.png","width":612,"height":357,"caption":"digiDEM Bayern"},"image":{"@id":"\/#\/schema\/logo\/image\/"},"sameAs":["https:\/\/www.facebook.com\/digiDEMBayern\/","https:\/\/x.com\/digidem_bayern","https:\/\/www.instagram.com\/digidem.bayern","https:\/\/www.linkedin.com\/company\/digidem-bayern\/"]},{"@type":"Person","@id":"\/#\/schema\/person\/0bc1494f46fc2a051c761322a80e0941","name":"Ilona H\u00f6rath","url":"https:\/\/digidem-bayern.de\/en\/author\/hoeratia\/"}]}},"uagb_featured_image_src":{"full":["https:\/\/digidem-bayern.de\/wp-content\/uploads\/2023\/02\/Parkinson-Demenz-shutterstock_1466692250.jpg",1000,667,false],"thumbnail":["https:\/\/digidem-bayern.de\/wp-content\/uploads\/2023\/02\/Parkinson-Demenz-shutterstock_1466692250-80x80.jpg",80,80,true],"medium":["https:\/\/digidem-bayern.de\/wp-content\/uploads\/2023\/02\/Parkinson-Demenz-shutterstock_1466692250-300x200.jpg",300,200,true],"medium_large":["https:\/\/digidem-bayern.de\/wp-content\/uploads\/2023\/02\/Parkinson-Demenz-shutterstock_1466692250-768x512.jpg",768,512,true],"large":["https:\/\/digidem-bayern.de\/wp-content\/uploads\/2023\/02\/Parkinson-Demenz-shutterstock_1466692250.jpg",1000,667,false],"1536x1536":["https:\/\/digidem-bayern.de\/wp-content\/uploads\/2023\/02\/Parkinson-Demenz-shutterstock_1466692250.jpg",1000,667,false],"2048x2048":["https:\/\/digidem-bayern.de\/wp-content\/uploads\/2023\/02\/Parkinson-Demenz-shutterstock_1466692250.jpg",1000,667,false],"trp-custom-language-flag":["https:\/\/digidem-bayern.de\/wp-content\/uploads\/2023\/02\/Parkinson-Demenz-shutterstock_1466692250.jpg",18,12,false],"qubely_landscape":["https:\/\/digidem-bayern.de\/wp-content\/uploads\/2023\/02\/Parkinson-Demenz-shutterstock_1466692250.jpg",1000,667,false],"qubely_portrait":["https:\/\/digidem-bayern.de\/wp-content\/uploads\/2023\/02\/Parkinson-Demenz-shutterstock_1466692250-540x320.jpg",540,320,true],"qubely_thumbnail":["https:\/\/digidem-bayern.de\/wp-content\/uploads\/2023\/02\/Parkinson-Demenz-shutterstock_1466692250-140x100.jpg",140,100,true],"post-thumbnail":["https:\/\/digidem-bayern.de\/wp-content\/uploads\/2023\/02\/Parkinson-Demenz-shutterstock_1466692250-525x350.jpg",525,350,true],"kahuna-featured":["https:\/\/digidem-bayern.de\/wp-content\/uploads\/2023\/02\/Parkinson-Demenz-shutterstock_1466692250-734x350.jpg",734,350,true],"kahuna-featured-lp":["https:\/\/digidem-bayern.de\/wp-content\/uploads\/2023\/02\/Parkinson-Demenz-shutterstock_1466692250-520x350.jpg",520,350,true],"kahuna-featured-half":["https:\/\/digidem-bayern.de\/wp-content\/uploads\/2023\/02\/Parkinson-Demenz-shutterstock_1466692250-800x350.jpg",800,350,true],"kahuna-featured-third":["https:\/\/digidem-bayern.de\/wp-content\/uploads\/2023\/02\/Parkinson-Demenz-shutterstock_1466692250-512x350.jpg",512,350,true],"kahuna-lpbox-1":["https:\/\/digidem-bayern.de\/wp-content\/uploads\/2023\/02\/Parkinson-Demenz-shutterstock_1466692250-520x300.jpg",520,300,true],"kahuna-lpbox-2":["https:\/\/digidem-bayern.de\/wp-content\/uploads\/2023\/02\/Parkinson-Demenz-shutterstock_1466692250-520x350.jpg",520,350,true],"demand-language-flag":["https:\/\/digidem-bayern.de\/wp-content\/uploads\/2023\/02\/Parkinson-Demenz-shutterstock_1466692250.jpg",36,24,false],"dddkt-language-flag":["https:\/\/digidem-bayern.de\/wp-content\/uploads\/2023\/02\/Parkinson-Demenz-shutterstock_1466692250-36x36.jpg",36,36,true],"ddiqc-language-flag":["https:\/\/digidem-bayern.de\/wp-content\/uploads\/2023\/02\/Parkinson-Demenz-shutterstock_1466692250-36x36.jpg",36,36,true],"ddtl-language-flag":["https:\/\/digidem-bayern.de\/wp-content\/uploads\/2023\/02\/Parkinson-Demenz-shutterstock_1466692250-36x36.jpg",36,36,true],"mailpoet_newsletter_max":["https:\/\/digidem-bayern.de\/wp-content\/uploads\/2023\/02\/Parkinson-Demenz-shutterstock_1466692250.jpg",1000,667,false],"kahuna-lpbox-3":["https:\/\/digidem-bayern.de\/wp-content\/uploads\/2023\/02\/Parkinson-Demenz-shutterstock_1466692250-520x350.jpg",520,350,true],"kahuna-featured-square":["https:\/\/digidem-bayern.de\/wp-content\/uploads\/2023\/02\/Parkinson-Demenz-shutterstock_1466692250-512x512.jpg",512,512,true],"kahuna-featured-square-large":["https:\/\/digidem-bayern.de\/wp-content\/uploads\/2023\/02\/Parkinson-Demenz-shutterstock_1466692250.jpg",1000,667,false]},"uagb_author_info":{"display_name":"Ilona H\u00f6rath","author_link":"https:\/\/digidem-bayern.de\/en\/author\/hoeratia\/"},"uagb_comment_info":1,"uagb_excerpt":"Rund ein Drittel der Parkinson-Erkrankten ist von einer Demenz betroffen. Dies erfordert eine individualisierte Behandlung, gerade dann, wenn zum Beispiel motorische oder psychische Symptome und kognitive Beeintr\u00e4chtigungen auftreten.&nbsp; Rund ein Drittel der Parkinson-Erkrankten ist von einer Demenz betroffen. Um die spezifischen Bed\u00fcrfnisse der Patienten und ihrer Pflegenden mit einer individualisierten &hellip;","_links":{"self":[{"href":"https:\/\/digidem-bayern.de\/en\/wp-json\/wp\/v2\/posts\/26143","targetHints":{"allow":["GET"]}}],"collection":[{"href":"https:\/\/digidem-bayern.de\/en\/wp-json\/wp\/v2\/posts"}],"about":[{"href":"https:\/\/digidem-bayern.de\/en\/wp-json\/wp\/v2\/types\/post"}],"author":[{"embeddable":true,"href":"https:\/\/digidem-bayern.de\/en\/wp-json\/wp\/v2\/users\/12"}],"replies":[{"embeddable":true,"href":"https:\/\/digidem-bayern.de\/en\/wp-json\/wp\/v2\/comments?post=26143"}],"version-history":[{"count":4,"href":"https:\/\/digidem-bayern.de\/en\/wp-json\/wp\/v2\/posts\/26143\/revisions"}],"predecessor-version":[{"id":35086,"href":"https:\/\/digidem-bayern.de\/en\/wp-json\/wp\/v2\/posts\/26143\/revisions\/35086"}],"wp:featuredmedia":[{"embeddable":true,"href":"https:\/\/digidem-bayern.de\/en\/wp-json\/wp\/v2\/media\/26157"}],"wp:attachment":[{"href":"https:\/\/digidem-bayern.de\/en\/wp-json\/wp\/v2\/media?parent=26143"}],"wp:term":[{"taxonomy":"category","embeddable":true,"href":"https:\/\/digidem-bayern.de\/en\/wp-json\/wp\/v2\/categories?post=26143"},{"taxonomy":"post_tag","embeddable":true,"href":"https:\/\/digidem-bayern.de\/en\/wp-json\/wp\/v2\/tags?post=26143"}],"curies":[{"name":"wp","href":"https:\/\/api.w.org\/{rel}","templated":true}]}}