{"id":25946,"date":"2021-09-16T10:11:16","date_gmt":"2021-09-16T08:11:16","guid":{"rendered":"https:\/\/digidem-bayern.de\/?p=25946"},"modified":"2023-02-10T11:58:51","modified_gmt":"2023-02-10T10:58:51","slug":"alzheimer-internetnutzer-verhalten-sich-schuetzender","status":"publish","type":"post","link":"https:\/\/digidem-bayern.de\/en\/alzheimer-internetnutzer-verhalten-sich-schuetzender\/","title":{"rendered":"Alzheimer: Internetnutzer verhalten sich sch\u00fctzender"},"content":{"rendered":"<p><strong>Studien zufolge gibt es bei \u00e4lteren Menschen einen Zusammenhang zwischen der Internetnutzung und geringerem geistigen Abbau. Israelische Forscher*innen wollten herausfinden, welche Ursachen dahinterstecken k\u00f6nnten. Im Kern ging es um die Frage: Wissen Menschen, die sich st\u00e4rker mit digitalen Medien besch\u00e4ftigen, mehr \u00fcber Alzheimer und verhalten sie sich dadurch sch\u00fctzender?<\/strong><\/p>\n\n\n\n<p>Hintergrund der Studie von Efrat Neter und ihren Kolleg*innen sind die zunehmenden Erkenntnisse \u00fcber ver\u00e4nderbare Risikofaktoren, mit denen ein Gro\u00dfteil an Demenzerkrankungen verhindert oder zumindest hinausgez\u00f6gert werden k\u00f6nnen. (verlinken: https:\/\/digidem-bayern.de\/weniger-demenz-erkrankungen-durch-gesunden-lebenssstil\/ ) Dabei spielen auch geistige Aktivit\u00e4ten eine wichtige Rolle, und die Autor*innen fassen darunter auch \u201cdigitales Engagement\u201d: die Besch\u00e4ftigung mit Computern und dem Internet. Neter und ihr Team wollten herausfinden, ob diese Besch\u00e4ftigung dazu f\u00fchrt, dass Menschen mehr \u00fcber Alzheimer wissen und sich entsprechend vorbeugend verhalten.&nbsp;<\/p>\n\n\n\n<p><strong>Internetnutzung und Computerkenntnisse abgefragt<\/strong><\/p>\n\n\n\n<p>Dazu werteten sie die Angaben von 1.232 Frauen und M\u00e4nnern aus. Diese waren im Durchschnitt 71 Jahre alt und wurden 2015 zu ihren Computerkenntnissen und zur Internutzung interviewt. Dabei sollten sie zum Beispiel angeben, ob sie das Internet in der Woche zuvor mindestens einmal entweder f\u00fcr E-Mails, zur Informationssuche, zum Einkaufen oder f\u00fcr einen anderen Zweck genutzt hatten. Bei den Computerkenntnissen wurde eine Selbsteinsch\u00e4tzung abgefragt.&nbsp;<\/p>\n\n\n\n<p><strong>Allgemeines Wissen \u00fcber Alzheimer und Verhaltensweisen bewertet<\/strong><\/p>\n\n\n\n<p>2017 f\u00fcllten die Teilnehmenden dann einen Fragebogen aus, bei dem es um allgemeines Wissen zur Alzheimer-Erkrankung ging. Dabei sollten sie zum Beispiel Aussagen beurteilen wie \u201cAlzheimer kann ansteckend sein\u201d oder \u201cAlzheimer kann mit einem Bluttest diagnostiziert werden\u201d. Um herauszufinden, ob sich die Befragten auch vorbeugend in Bezug auf die Erkrankung verhalten oder nicht, wurden Bereiche wie k\u00f6rperliche Bewegung; Ern\u00e4hrungsweise, Umgang mit Stress, sozialer Austausch und geistige Aktivit\u00e4t erhoben. Zudem bezogen die Forscher*innen Angaben \u00fcber Geschlecht., Alter, Bildung, Einkommen sowie chronische Erkrankungen mit ein.<\/p>\n\n\n\n<p><strong>Internetnutzer verhielten sich eher vorbeugend&nbsp;<\/strong><\/p>\n\n\n\n<p>Etwa die H\u00e4lfte der Befragten gab an, das Internet in der Woche vor der Befragung genutzt zu haben, und bewertete die eigenen Computerkenntnisse als gut bis ausgezeichnet. Der Wert f\u00fcr das Wissen \u00fcber die Alzheimer-Erkrankung lag durchschnittlich im mittleren Bereich, w\u00e4hrend der f\u00fcr die vorbeugenden Verhaltensweisen eher niedrig war. Die Studie ergab zudem, dass diejenigen mit h\u00f6herem Bildungsabschluss und h\u00f6herem Einkommen das Internet h\u00e4ufiger nutzten und \u00fcber bessere Computerkenntnisse berichteten. Je \u00e4lter die Befragten waren, desto schlechter kannten sie sich mit Computern aus und desto seltener bewegten sie sich im Internet.&nbsp;<\/p>\n\n\n\n<p>&nbsp;Internetnutzer zeigten insgesamt ein h\u00f6heres Wissen \u00fcber Alzheimer und verhielten sich nach eigenen Angaben eher vorbeugend. Die selbst berichteten Computerkenntnisse spielten hingegen in Bezug auf diese beiden Punkte keine gro\u00dfe Rolle.<\/p>\n\n\n\n<p><strong>\u201cDigitales Engagement f\u00f6rdern\u201d<\/strong><\/p>\n\n\n\n<p>Da die Studie einen Zusammenhang zwischen der Internetnutzung und dem Wissen \u00fcber Alzheimer sowie vorbeugendem Verhalten gezeigt hat, empfehlen die Forscher*innen, den digitalen Bereich verst\u00e4rkt f\u00fcr \u00e4ltere Erwachsene zu \u00f6ffnen. \u201cPolitische Entscheidungstr\u00e4ger sollten das digitale Engagement f\u00f6rdern, um das Wissen \u00fcber Alzheimer und pr\u00e4ventive Verhaltensweisen bei \u00e4lteren Erwachsenen zu verbessern.\u201d<\/p>\n\n\n\n<p>Hier finden Sie die vollst\u00e4ndige Studie:<\/p>\n\n\n\n<p><a href=\"https:\/\/aging.jmir.org\/2021\/2\/e25706\">Benefiting From Digital Use: Prospective Association of Internet Use With Knowledge and Preventive Behaviors Related to Alzheimer Disease in the Israeli Survey of Aging (April 2021)<\/a><\/p>\n\n\n\n<p><\/p>\n\n\n\n<p><\/p>\n\n\n\n<p><\/p>\n\n\n\n<p><\/p>\n\n\n\n<p><\/p>\n\n\n\n<p style=\"font-size:20px\"><\/p>\n\n\n\n<div style=\"height:20px\" aria-hidden=\"true\" class=\"wp-block-spacer\"><\/div>\n\n\n\n<div style=\"height:20px\" aria-hidden=\"true\" class=\"wp-block-spacer\"><\/div>","protected":false},"excerpt":{"rendered":"<p>Studien zufolge gibt es bei \u00e4lteren Menschen einen Zusammenhang zwischen der Internetnutzung und geringerem geistigen Abbau. Israelische Forscher*innen wollten herausfinden, welche Ursachen dahinterstecken k\u00f6nnten. Im Kern ging es um die Frage: Wissen Menschen, die sich st\u00e4rker mit digitalen Medien besch\u00e4ftigen, mehr \u00fcber Alzheimer und verhalten sie sich dadurch sch\u00fctzender? Hintergrund &hellip;<\/p>","protected":false},"author":12,"featured_media":25690,"comment_status":"open","ping_status":"closed","sticky":false,"template":"","format":"standard","meta":{"qubely_global_settings":"","qubely_interactions":"","_uag_custom_page_level_css":"","footnotes":""},"categories":[5],"tags":[13,406,12,112,14,17,55,622,104],"class_list":["post-25946","post","type-post","status-publish","format-standard","has-post-thumbnail","hentry","category-wissenschaft-forschung","tag-alzheimer","tag-alzheimer-demenz","tag-demenz-2","tag-demenzdiagnose","tag-digidem","tag-digidem-bayern","tag-digitales-demenzregister-bayern","tag-internetnutzung","tag-risikofaktoren"],"qubely_featured_image_url":{"full":["https:\/\/digidem-bayern.de\/wp-content\/uploads\/2023\/01\/stricken-shutterstock_1733727806.jpg",1000,563,false],"landscape":["https:\/\/digidem-bayern.de\/wp-content\/uploads\/2023\/01\/stricken-shutterstock_1733727806.jpg",1000,563,false],"portraits":["https:\/\/digidem-bayern.de\/wp-content\/uploads\/2023\/01\/stricken-shutterstock_1733727806-540x320.jpg",540,320,true],"thumbnail":["https:\/\/digidem-bayern.de\/wp-content\/uploads\/2023\/01\/stricken-shutterstock_1733727806-80x80.jpg",80,80,true],"medium":["https:\/\/digidem-bayern.de\/wp-content\/uploads\/2023\/01\/stricken-shutterstock_1733727806-300x169.jpg",300,169,true],"medium_large":["https:\/\/digidem-bayern.de\/wp-content\/uploads\/2023\/01\/stricken-shutterstock_1733727806-768x432.jpg",768,432,true],"large":["https:\/\/digidem-bayern.de\/wp-content\/uploads\/2023\/01\/stricken-shutterstock_1733727806.jpg",1000,563,false],"1536x1536":["https:\/\/digidem-bayern.de\/wp-content\/uploads\/2023\/01\/stricken-shutterstock_1733727806.jpg",1000,563,false],"2048x2048":["https:\/\/digidem-bayern.de\/wp-content\/uploads\/2023\/01\/stricken-shutterstock_1733727806.jpg",1000,563,false],"trp-custom-language-flag":["https:\/\/digidem-bayern.de\/wp-content\/uploads\/2023\/01\/stricken-shutterstock_1733727806.jpg",18,10,false],"qubely_landscape":["https:\/\/digidem-bayern.de\/wp-content\/uploads\/2023\/01\/stricken-shutterstock_1733727806.jpg",1000,563,false],"qubely_portrait":["https:\/\/digidem-bayern.de\/wp-content\/uploads\/2023\/01\/stricken-shutterstock_1733727806-540x320.jpg",540,320,true],"qubely_thumbnail":["https:\/\/digidem-bayern.de\/wp-content\/uploads\/2023\/01\/stricken-shutterstock_1733727806-140x100.jpg",140,100,true],"post-thumbnail":["https:\/\/digidem-bayern.de\/wp-content\/uploads\/2023\/01\/stricken-shutterstock_1733727806-622x350.jpg",622,350,true],"kahuna-featured":["https:\/\/digidem-bayern.de\/wp-content\/uploads\/2023\/01\/stricken-shutterstock_1733727806-734x350.jpg",734,350,true],"kahuna-featured-lp":["https:\/\/digidem-bayern.de\/wp-content\/uploads\/2023\/01\/stricken-shutterstock_1733727806-520x350.jpg",520,350,true],"kahuna-featured-half":["https:\/\/digidem-bayern.de\/wp-content\/uploads\/2023\/01\/stricken-shutterstock_1733727806-800x350.jpg",800,350,true],"kahuna-featured-third":["https:\/\/digidem-bayern.de\/wp-content\/uploads\/2023\/01\/stricken-shutterstock_1733727806-512x350.jpg",512,350,true],"kahuna-lpbox-1":["https:\/\/digidem-bayern.de\/wp-content\/uploads\/2023\/01\/stricken-shutterstock_1733727806-520x300.jpg",520,300,true],"kahuna-lpbox-2":["https:\/\/digidem-bayern.de\/wp-content\/uploads\/2023\/01\/stricken-shutterstock_1733727806-520x350.jpg",520,350,true],"demand-language-flag":["https:\/\/digidem-bayern.de\/wp-content\/uploads\/2023\/01\/stricken-shutterstock_1733727806.jpg",36,20,false],"dddkt-language-flag":["https:\/\/digidem-bayern.de\/wp-content\/uploads\/2023\/01\/stricken-shutterstock_1733727806-36x36.jpg",36,36,true],"ddiqc-language-flag":["https:\/\/digidem-bayern.de\/wp-content\/uploads\/2023\/01\/stricken-shutterstock_1733727806-36x36.jpg",36,36,true],"ddtl-language-flag":["https:\/\/digidem-bayern.de\/wp-content\/uploads\/2023\/01\/stricken-shutterstock_1733727806-36x36.jpg",36,36,true],"mailpoet_newsletter_max":["https:\/\/digidem-bayern.de\/wp-content\/uploads\/2023\/01\/stricken-shutterstock_1733727806.jpg",1000,563,false],"kahuna-lpbox-3":["https:\/\/digidem-bayern.de\/wp-content\/uploads\/2023\/01\/stricken-shutterstock_1733727806-520x350.jpg",520,350,true],"kahuna-featured-square":["https:\/\/digidem-bayern.de\/wp-content\/uploads\/2023\/01\/stricken-shutterstock_1733727806-512x512.jpg",512,512,true],"kahuna-featured-square-large":["https:\/\/digidem-bayern.de\/wp-content\/uploads\/2023\/01\/stricken-shutterstock_1733727806.jpg",1000,563,false]},"qubely_author":{"display_name":"Ilona H\u00f6rath","author_link":"https:\/\/digidem-bayern.de\/en\/author\/hoeratia\/"},"qubely_comment":0,"qubely_category":"<a href=\"https:\/\/digidem-bayern.de\/en\/category\/wissenschaft-forschung\/\" rel=\"category tag\">Wissenschaft &amp; Forschung<\/a>","qubely_excerpt":"Studien zufolge gibt es bei \u00e4lteren Menschen einen Zusammenhang zwischen der Internetnutzung und geringerem geistigen Abbau. Israelische Forscher*innen wollten herausfinden, welche Ursachen dahinterstecken k\u00f6nnten. Im Kern ging es um die Frage: Wissen Menschen, die sich st\u00e4rker mit digitalen Medien besch\u00e4ftigen, mehr \u00fcber Alzheimer und verhalten sie sich dadurch sch\u00fctzender? Hintergrund &hellip;","featured_image_urls_v2":{"full":["https:\/\/digidem-bayern.de\/wp-content\/uploads\/2023\/01\/stricken-shutterstock_1733727806.jpg",1000,563,false],"thumbnail":["https:\/\/digidem-bayern.de\/wp-content\/uploads\/2023\/01\/stricken-shutterstock_1733727806-80x80.jpg",80,80,true],"medium":["https:\/\/digidem-bayern.de\/wp-content\/uploads\/2023\/01\/stricken-shutterstock_1733727806-300x169.jpg",300,169,true],"medium_large":["https:\/\/digidem-bayern.de\/wp-content\/uploads\/2023\/01\/stricken-shutterstock_1733727806-768x432.jpg",768,432,true],"large":["https:\/\/digidem-bayern.de\/wp-content\/uploads\/2023\/01\/stricken-shutterstock_1733727806.jpg",1000,563,false],"1536x1536":["https:\/\/digidem-bayern.de\/wp-content\/uploads\/2023\/01\/stricken-shutterstock_1733727806.jpg",1000,563,false],"2048x2048":["https:\/\/digidem-bayern.de\/wp-content\/uploads\/2023\/01\/stricken-shutterstock_1733727806.jpg",1000,563,false],"trp-custom-language-flag":["https:\/\/digidem-bayern.de\/wp-content\/uploads\/2023\/01\/stricken-shutterstock_1733727806.jpg",18,10,false],"qubely_landscape":["https:\/\/digidem-bayern.de\/wp-content\/uploads\/2023\/01\/stricken-shutterstock_1733727806.jpg",1000,563,false],"qubely_portrait":["https:\/\/digidem-bayern.de\/wp-content\/uploads\/2023\/01\/stricken-shutterstock_1733727806-540x320.jpg",540,320,true],"qubely_thumbnail":["https:\/\/digidem-bayern.de\/wp-content\/uploads\/2023\/01\/stricken-shutterstock_1733727806-140x100.jpg",140,100,true],"post-thumbnail":["https:\/\/digidem-bayern.de\/wp-content\/uploads\/2023\/01\/stricken-shutterstock_1733727806-622x350.jpg",622,350,true],"kahuna-featured":["https:\/\/digidem-bayern.de\/wp-content\/uploads\/2023\/01\/stricken-shutterstock_1733727806-734x350.jpg",734,350,true],"kahuna-featured-lp":["https:\/\/digidem-bayern.de\/wp-content\/uploads\/2023\/01\/stricken-shutterstock_1733727806-520x350.jpg",520,350,true],"kahuna-featured-half":["https:\/\/digidem-bayern.de\/wp-content\/uploads\/2023\/01\/stricken-shutterstock_1733727806-800x350.jpg",800,350,true],"kahuna-featured-third":["https:\/\/digidem-bayern.de\/wp-content\/uploads\/2023\/01\/stricken-shutterstock_1733727806-512x350.jpg",512,350,true],"kahuna-lpbox-1":["https:\/\/digidem-bayern.de\/wp-content\/uploads\/2023\/01\/stricken-shutterstock_1733727806-520x300.jpg",520,300,true],"kahuna-lpbox-2":["https:\/\/digidem-bayern.de\/wp-content\/uploads\/2023\/01\/stricken-shutterstock_1733727806-520x350.jpg",520,350,true],"demand-language-flag":["https:\/\/digidem-bayern.de\/wp-content\/uploads\/2023\/01\/stricken-shutterstock_1733727806.jpg",36,20,false],"dddkt-language-flag":["https:\/\/digidem-bayern.de\/wp-content\/uploads\/2023\/01\/stricken-shutterstock_1733727806-36x36.jpg",36,36,true],"ddiqc-language-flag":["https:\/\/digidem-bayern.de\/wp-content\/uploads\/2023\/01\/stricken-shutterstock_1733727806-36x36.jpg",36,36,true],"ddtl-language-flag":["https:\/\/digidem-bayern.de\/wp-content\/uploads\/2023\/01\/stricken-shutterstock_1733727806-36x36.jpg",36,36,true],"mailpoet_newsletter_max":["https:\/\/digidem-bayern.de\/wp-content\/uploads\/2023\/01\/stricken-shutterstock_1733727806.jpg",1000,563,false],"kahuna-lpbox-3":["https:\/\/digidem-bayern.de\/wp-content\/uploads\/2023\/01\/stricken-shutterstock_1733727806-520x350.jpg",520,350,true],"kahuna-featured-square":["https:\/\/digidem-bayern.de\/wp-content\/uploads\/2023\/01\/stricken-shutterstock_1733727806-512x512.jpg",512,512,true],"kahuna-featured-square-large":["https:\/\/digidem-bayern.de\/wp-content\/uploads\/2023\/01\/stricken-shutterstock_1733727806.jpg",1000,563,false]},"post_excerpt_stackable_v2":"<p>Studien zufolge gibt es bei \u00e4lteren Menschen einen Zusammenhang zwischen der Internetnutzung und geringerem geistigen Abbau. Israelische Forscher*innen wollten herausfinden, welche Ursachen dahinterstecken k\u00f6nnten. Im Kern ging es um die Frage: Wissen Menschen, die sich st\u00e4rker mit digitalen Medien besch\u00e4ftigen, mehr \u00fcber Alzheimer und verhalten sie sich dadurch sch\u00fctzender? Hintergrund der Studie von Efrat Neter und ihren Kolleg*innen sind die zunehmenden Erkenntnisse \u00fcber ver\u00e4nderbare Risikofaktoren, mit denen ein Gro\u00dfteil an Demenzerkrankungen verhindert oder zumindest hinausgez\u00f6gert werden k\u00f6nnen. (verlinken: https:\/\/digidem-bayern.de\/weniger-demenz-erkrankungen-durch-gesunden-lebenssstil\/ ) Dabei spielen auch geistige Aktivit\u00e4ten eine wichtige Rolle, und die Autor*innen fassen darunter auch \u201cdigitales Engagement\u201d: die Besch\u00e4ftigung mit Computern&hellip;<\/p>\n","category_list_v2":"<a href=\"https:\/\/digidem-bayern.de\/en\/category\/wissenschaft-forschung\/\" rel=\"category tag\">Wissenschaft &amp; Forschung<\/a>","author_info_v2":{"name":"Ilona H\u00f6rath","url":"https:\/\/digidem-bayern.de\/en\/author\/hoeratia\/"},"comments_num_v2":"0 comments","yoast_head":"<!-- This site is optimized with the Yoast SEO plugin v27.4 - https:\/\/yoast.com\/product\/yoast-seo-wordpress\/ -->\n<title>Alzheimer: Internetnutzer verhalten sich sch\u00fctzender - digiDEM Bayern<\/title>\n<meta name=\"description\" content=\"Der Bayerische Landesapothekerkammer unterst\u00fctzt digiDEM Bayern mit Hilfe des Netzwerks &quot;Demenzfreundliche Apotheken&quot;.\" \/>\n<meta name=\"robots\" content=\"index, follow, max-snippet:-1, max-image-preview:large, max-video-preview:-1\" \/>\n<link rel=\"canonical\" href=\"https:\/\/digidem-bayern.de\/en\/alzheimer-internetnutzer-verhalten-sich-schuetzender\/\" \/>\n<meta property=\"og:locale\" content=\"en_US\" \/>\n<meta property=\"og:type\" content=\"article\" \/>\n<meta property=\"og:title\" content=\"Alzheimer: Internetnutzer verhalten sich sch\u00fctzender - digiDEM Bayern\" \/>\n<meta property=\"og:description\" content=\"Der Bayerische Landesapothekerkammer unterst\u00fctzt digiDEM Bayern mit Hilfe des Netzwerks &quot;Demenzfreundliche Apotheken&quot;.\" \/>\n<meta property=\"og:url\" content=\"https:\/\/digidem-bayern.de\/en\/alzheimer-internetnutzer-verhalten-sich-schuetzender\/\" \/>\n<meta property=\"og:site_name\" content=\"digiDEM Bayern\" \/>\n<meta property=\"article:publisher\" content=\"https:\/\/www.facebook.com\/digiDEMBayern\/\" \/>\n<meta property=\"article:published_time\" content=\"2021-09-16T08:11:16+00:00\" \/>\n<meta property=\"article:modified_time\" content=\"2023-02-10T10:58:51+00:00\" \/>\n<meta property=\"og:image\" content=\"https:\/\/digidem-bayern.de\/wp-content\/uploads\/2023\/01\/stricken-shutterstock_1733727806.jpg\" \/>\n\t<meta property=\"og:image:width\" content=\"1000\" \/>\n\t<meta property=\"og:image:height\" content=\"563\" \/>\n\t<meta property=\"og:image:type\" content=\"image\/jpeg\" \/>\n<meta name=\"author\" content=\"Ilona H\u00f6rath\" \/>\n<meta name=\"twitter:label1\" content=\"Written by\" \/>\n\t<meta name=\"twitter:data1\" content=\"Ilona H\u00f6rath\" \/>\n\t<meta name=\"twitter:label2\" content=\"Est. reading time\" \/>\n\t<meta name=\"twitter:data2\" content=\"2 minutes\" \/>\n<script type=\"application\/ld+json\" class=\"yoast-schema-graph\">{\"@context\":\"https:\\\/\\\/schema.org\",\"@graph\":[{\"@type\":\"Article\",\"@id\":\"https:\\\/\\\/digidem-bayern.de\\\/alzheimer-internetnutzer-verhalten-sich-schuetzender\\\/#article\",\"isPartOf\":{\"@id\":\"https:\\\/\\\/digidem-bayern.de\\\/alzheimer-internetnutzer-verhalten-sich-schuetzender\\\/\"},\"author\":{\"name\":\"Ilona H\u00f6rath\",\"@id\":\"\\\/#\\\/schema\\\/person\\\/0bc1494f46fc2a051c761322a80e0941\"},\"headline\":\"Alzheimer: Internetnutzer verhalten sich sch\u00fctzender\",\"datePublished\":\"2021-09-16T08:11:16+00:00\",\"dateModified\":\"2023-02-10T10:58:51+00:00\",\"mainEntityOfPage\":{\"@id\":\"https:\\\/\\\/digidem-bayern.de\\\/alzheimer-internetnutzer-verhalten-sich-schuetzender\\\/\"},\"wordCount\":545,\"commentCount\":0,\"publisher\":{\"@id\":\"\\\/#organization\"},\"image\":{\"@id\":\"https:\\\/\\\/digidem-bayern.de\\\/alzheimer-internetnutzer-verhalten-sich-schuetzender\\\/#primaryimage\"},\"thumbnailUrl\":\"https:\\\/\\\/digidem-bayern.de\\\/wp-content\\\/uploads\\\/2023\\\/01\\\/stricken-shutterstock_1733727806.jpg\",\"keywords\":[\"Alzheimer\",\"Alzheimer-Demenz\",\"Demenz\",\"Demenzdiagnose\",\"digidem\",\"digidem Bayern\",\"Digitales Demenzregister Bayern\",\"Internetnutzung\",\"Risikofaktoren\"],\"articleSection\":[\"Wissenschaft &amp; Forschung\"],\"inLanguage\":\"en-US\",\"potentialAction\":[{\"@type\":\"CommentAction\",\"name\":\"Comment\",\"target\":[\"https:\\\/\\\/digidem-bayern.de\\\/alzheimer-internetnutzer-verhalten-sich-schuetzender\\\/#respond\"]}]},{\"@type\":\"WebPage\",\"@id\":\"https:\\\/\\\/digidem-bayern.de\\\/alzheimer-internetnutzer-verhalten-sich-schuetzender\\\/\",\"url\":\"https:\\\/\\\/digidem-bayern.de\\\/alzheimer-internetnutzer-verhalten-sich-schuetzender\\\/\",\"name\":\"Alzheimer: Internetnutzer verhalten sich sch\u00fctzender - digiDEM Bayern\",\"isPartOf\":{\"@id\":\"\\\/#website\"},\"primaryImageOfPage\":{\"@id\":\"https:\\\/\\\/digidem-bayern.de\\\/alzheimer-internetnutzer-verhalten-sich-schuetzender\\\/#primaryimage\"},\"image\":{\"@id\":\"https:\\\/\\\/digidem-bayern.de\\\/alzheimer-internetnutzer-verhalten-sich-schuetzender\\\/#primaryimage\"},\"thumbnailUrl\":\"https:\\\/\\\/digidem-bayern.de\\\/wp-content\\\/uploads\\\/2023\\\/01\\\/stricken-shutterstock_1733727806.jpg\",\"datePublished\":\"2021-09-16T08:11:16+00:00\",\"dateModified\":\"2023-02-10T10:58:51+00:00\",\"description\":\"Der Bayerische Landesapothekerkammer unterst\u00fctzt digiDEM Bayern mit Hilfe des Netzwerks \\\"Demenzfreundliche Apotheken\\\".\",\"breadcrumb\":{\"@id\":\"https:\\\/\\\/digidem-bayern.de\\\/alzheimer-internetnutzer-verhalten-sich-schuetzender\\\/#breadcrumb\"},\"inLanguage\":\"en-US\",\"potentialAction\":[{\"@type\":\"ReadAction\",\"target\":[\"https:\\\/\\\/digidem-bayern.de\\\/alzheimer-internetnutzer-verhalten-sich-schuetzender\\\/\"]}]},{\"@type\":\"ImageObject\",\"inLanguage\":\"en-US\",\"@id\":\"https:\\\/\\\/digidem-bayern.de\\\/alzheimer-internetnutzer-verhalten-sich-schuetzender\\\/#primaryimage\",\"url\":\"https:\\\/\\\/digidem-bayern.de\\\/wp-content\\\/uploads\\\/2023\\\/01\\\/stricken-shutterstock_1733727806.jpg\",\"contentUrl\":\"https:\\\/\\\/digidem-bayern.de\\\/wp-content\\\/uploads\\\/2023\\\/01\\\/stricken-shutterstock_1733727806.jpg\",\"width\":1000,\"height\":563,\"caption\":\"Foto: Shutterstock\"},{\"@type\":\"BreadcrumbList\",\"@id\":\"https:\\\/\\\/digidem-bayern.de\\\/alzheimer-internetnutzer-verhalten-sich-schuetzender\\\/#breadcrumb\",\"itemListElement\":[{\"@type\":\"ListItem\",\"position\":1,\"name\":\"Startseite\",\"item\":\"https:\\\/\\\/digidem-bayern.de\\\/\"},{\"@type\":\"ListItem\",\"position\":2,\"name\":\"Alzheimer: Internetnutzer verhalten sich sch\u00fctzender\"}]},{\"@type\":\"WebSite\",\"@id\":\"\\\/#website\",\"url\":\"\\\/\",\"name\":\"digiDEM Bayern\",\"description\":\"Das digitale Demenzregister Bayern erforscht und verbessert die Angebotsstuktur f\u00fcr Menschen mit Demenz und deren Angeh\u00f6rige\",\"publisher\":{\"@id\":\"\\\/#organization\"},\"potentialAction\":[{\"@type\":\"SearchAction\",\"target\":{\"@type\":\"EntryPoint\",\"urlTemplate\":\"\\\/?s={search_term_string}\"},\"query-input\":{\"@type\":\"PropertyValueSpecification\",\"valueRequired\":true,\"valueName\":\"search_term_string\"}}],\"inLanguage\":\"en-US\"},{\"@type\":\"Organization\",\"@id\":\"\\\/#organization\",\"name\":\"digiDEM Bayern\",\"url\":\"\\\/\",\"logo\":{\"@type\":\"ImageObject\",\"inLanguage\":\"en-US\",\"@id\":\"\\\/#\\\/schema\\\/logo\\\/image\\\/\",\"url\":\"https:\\\/\\\/digidem-bayern.de\\\/wp-content\\\/uploads\\\/2022\\\/03\\\/cropped-Allgemeines_digiDEMLOGO-removebg-preview.png\",\"contentUrl\":\"https:\\\/\\\/digidem-bayern.de\\\/wp-content\\\/uploads\\\/2022\\\/03\\\/cropped-Allgemeines_digiDEMLOGO-removebg-preview.png\",\"width\":612,\"height\":357,\"caption\":\"digiDEM Bayern\"},\"image\":{\"@id\":\"\\\/#\\\/schema\\\/logo\\\/image\\\/\"},\"sameAs\":[\"https:\\\/\\\/www.facebook.com\\\/digiDEMBayern\\\/\",\"https:\\\/\\\/x.com\\\/digidem_bayern\",\"https:\\\/\\\/www.instagram.com\\\/digidem.bayern\",\"https:\\\/\\\/www.linkedin.com\\\/company\\\/digidem-bayern\\\/\"]},{\"@type\":\"Person\",\"@id\":\"\\\/#\\\/schema\\\/person\\\/0bc1494f46fc2a051c761322a80e0941\",\"name\":\"Ilona H\u00f6rath\",\"url\":\"https:\\\/\\\/digidem-bayern.de\\\/en\\\/author\\\/hoeratia\\\/\"}]}<\/script>\n<!-- \/ Yoast SEO plugin. -->","yoast_head_json":{"title":"Alzheimer: Internetnutzer verhalten sich sch\u00fctzender - digiDEM Bayern","description":"Der Bayerische Landesapothekerkammer unterst\u00fctzt digiDEM Bayern mit Hilfe des Netzwerks \"Demenzfreundliche Apotheken\".","robots":{"index":"index","follow":"follow","max-snippet":"max-snippet:-1","max-image-preview":"max-image-preview:large","max-video-preview":"max-video-preview:-1"},"canonical":"https:\/\/digidem-bayern.de\/en\/alzheimer-internetnutzer-verhalten-sich-schuetzender\/","og_locale":"en_US","og_type":"article","og_title":"Alzheimer: Internetnutzer verhalten sich sch\u00fctzender - digiDEM Bayern","og_description":"Der Bayerische Landesapothekerkammer unterst\u00fctzt digiDEM Bayern mit Hilfe des Netzwerks \"Demenzfreundliche Apotheken\".","og_url":"https:\/\/digidem-bayern.de\/en\/alzheimer-internetnutzer-verhalten-sich-schuetzender\/","og_site_name":"digiDEM Bayern","article_publisher":"https:\/\/www.facebook.com\/digiDEMBayern\/","article_published_time":"2021-09-16T08:11:16+00:00","article_modified_time":"2023-02-10T10:58:51+00:00","og_image":[{"width":1000,"height":563,"url":"https:\/\/digidem-bayern.de\/wp-content\/uploads\/2023\/01\/stricken-shutterstock_1733727806.jpg","type":"image\/jpeg"}],"author":"Ilona H\u00f6rath","twitter_misc":{"Written by":"Ilona H\u00f6rath","Est. reading time":"2 minutes"},"schema":{"@context":"https:\/\/schema.org","@graph":[{"@type":"Article","@id":"https:\/\/digidem-bayern.de\/alzheimer-internetnutzer-verhalten-sich-schuetzender\/#article","isPartOf":{"@id":"https:\/\/digidem-bayern.de\/alzheimer-internetnutzer-verhalten-sich-schuetzender\/"},"author":{"name":"Ilona H\u00f6rath","@id":"\/#\/schema\/person\/0bc1494f46fc2a051c761322a80e0941"},"headline":"Alzheimer: Internetnutzer verhalten sich sch\u00fctzender","datePublished":"2021-09-16T08:11:16+00:00","dateModified":"2023-02-10T10:58:51+00:00","mainEntityOfPage":{"@id":"https:\/\/digidem-bayern.de\/alzheimer-internetnutzer-verhalten-sich-schuetzender\/"},"wordCount":545,"commentCount":0,"publisher":{"@id":"\/#organization"},"image":{"@id":"https:\/\/digidem-bayern.de\/alzheimer-internetnutzer-verhalten-sich-schuetzender\/#primaryimage"},"thumbnailUrl":"https:\/\/digidem-bayern.de\/wp-content\/uploads\/2023\/01\/stricken-shutterstock_1733727806.jpg","keywords":["Alzheimer","Alzheimer-Demenz","Demenz","Demenzdiagnose","digidem","digidem Bayern","Digitales Demenzregister Bayern","Internetnutzung","Risikofaktoren"],"articleSection":["Wissenschaft &amp; Forschung"],"inLanguage":"en-US","potentialAction":[{"@type":"CommentAction","name":"Comment","target":["https:\/\/digidem-bayern.de\/alzheimer-internetnutzer-verhalten-sich-schuetzender\/#respond"]}]},{"@type":"WebPage","@id":"https:\/\/digidem-bayern.de\/alzheimer-internetnutzer-verhalten-sich-schuetzender\/","url":"https:\/\/digidem-bayern.de\/alzheimer-internetnutzer-verhalten-sich-schuetzender\/","name":"Alzheimer: Internetnutzer verhalten sich sch\u00fctzender - digiDEM Bayern","isPartOf":{"@id":"\/#website"},"primaryImageOfPage":{"@id":"https:\/\/digidem-bayern.de\/alzheimer-internetnutzer-verhalten-sich-schuetzender\/#primaryimage"},"image":{"@id":"https:\/\/digidem-bayern.de\/alzheimer-internetnutzer-verhalten-sich-schuetzender\/#primaryimage"},"thumbnailUrl":"https:\/\/digidem-bayern.de\/wp-content\/uploads\/2023\/01\/stricken-shutterstock_1733727806.jpg","datePublished":"2021-09-16T08:11:16+00:00","dateModified":"2023-02-10T10:58:51+00:00","description":"Der Bayerische Landesapothekerkammer unterst\u00fctzt digiDEM Bayern mit Hilfe des Netzwerks \"Demenzfreundliche Apotheken\".","breadcrumb":{"@id":"https:\/\/digidem-bayern.de\/alzheimer-internetnutzer-verhalten-sich-schuetzender\/#breadcrumb"},"inLanguage":"en-US","potentialAction":[{"@type":"ReadAction","target":["https:\/\/digidem-bayern.de\/alzheimer-internetnutzer-verhalten-sich-schuetzender\/"]}]},{"@type":"ImageObject","inLanguage":"en-US","@id":"https:\/\/digidem-bayern.de\/alzheimer-internetnutzer-verhalten-sich-schuetzender\/#primaryimage","url":"https:\/\/digidem-bayern.de\/wp-content\/uploads\/2023\/01\/stricken-shutterstock_1733727806.jpg","contentUrl":"https:\/\/digidem-bayern.de\/wp-content\/uploads\/2023\/01\/stricken-shutterstock_1733727806.jpg","width":1000,"height":563,"caption":"Foto: Shutterstock"},{"@type":"BreadcrumbList","@id":"https:\/\/digidem-bayern.de\/alzheimer-internetnutzer-verhalten-sich-schuetzender\/#breadcrumb","itemListElement":[{"@type":"ListItem","position":1,"name":"Startseite","item":"https:\/\/digidem-bayern.de\/"},{"@type":"ListItem","position":2,"name":"Alzheimer: Internetnutzer verhalten sich sch\u00fctzender"}]},{"@type":"WebSite","@id":"\/#website","url":"\/","name":"digiDEM Bavaria","description":"The digital dementia register in Bavaria researches and improves the structure of services for people with dementia and their relatives","publisher":{"@id":"\/#organization"},"potentialAction":[{"@type":"SearchAction","target":{"@type":"EntryPoint","urlTemplate":"\/?s={search_term_string}"},"query-input":{"@type":"PropertyValueSpecification","valueRequired":true,"valueName":"search_term_string"}}],"inLanguage":"en-US"},{"@type":"Organization","@id":"\/#organization","name":"digiDEM Bavaria","url":"\/","logo":{"@type":"ImageObject","inLanguage":"en-US","@id":"\/#\/schema\/logo\/image\/","url":"https:\/\/digidem-bayern.de\/wp-content\/uploads\/2022\/03\/cropped-Allgemeines_digiDEMLOGO-removebg-preview.png","contentUrl":"https:\/\/digidem-bayern.de\/wp-content\/uploads\/2022\/03\/cropped-Allgemeines_digiDEMLOGO-removebg-preview.png","width":612,"height":357,"caption":"digiDEM Bayern"},"image":{"@id":"\/#\/schema\/logo\/image\/"},"sameAs":["https:\/\/www.facebook.com\/digiDEMBayern\/","https:\/\/x.com\/digidem_bayern","https:\/\/www.instagram.com\/digidem.bayern","https:\/\/www.linkedin.com\/company\/digidem-bayern\/"]},{"@type":"Person","@id":"\/#\/schema\/person\/0bc1494f46fc2a051c761322a80e0941","name":"Ilona H\u00f6rath","url":"https:\/\/digidem-bayern.de\/en\/author\/hoeratia\/"}]}},"uagb_featured_image_src":{"full":["https:\/\/digidem-bayern.de\/wp-content\/uploads\/2023\/01\/stricken-shutterstock_1733727806.jpg",1000,563,false],"thumbnail":["https:\/\/digidem-bayern.de\/wp-content\/uploads\/2023\/01\/stricken-shutterstock_1733727806-80x80.jpg",80,80,true],"medium":["https:\/\/digidem-bayern.de\/wp-content\/uploads\/2023\/01\/stricken-shutterstock_1733727806-300x169.jpg",300,169,true],"medium_large":["https:\/\/digidem-bayern.de\/wp-content\/uploads\/2023\/01\/stricken-shutterstock_1733727806-768x432.jpg",768,432,true],"large":["https:\/\/digidem-bayern.de\/wp-content\/uploads\/2023\/01\/stricken-shutterstock_1733727806.jpg",1000,563,false],"1536x1536":["https:\/\/digidem-bayern.de\/wp-content\/uploads\/2023\/01\/stricken-shutterstock_1733727806.jpg",1000,563,false],"2048x2048":["https:\/\/digidem-bayern.de\/wp-content\/uploads\/2023\/01\/stricken-shutterstock_1733727806.jpg",1000,563,false],"trp-custom-language-flag":["https:\/\/digidem-bayern.de\/wp-content\/uploads\/2023\/01\/stricken-shutterstock_1733727806.jpg",18,10,false],"qubely_landscape":["https:\/\/digidem-bayern.de\/wp-content\/uploads\/2023\/01\/stricken-shutterstock_1733727806.jpg",1000,563,false],"qubely_portrait":["https:\/\/digidem-bayern.de\/wp-content\/uploads\/2023\/01\/stricken-shutterstock_1733727806-540x320.jpg",540,320,true],"qubely_thumbnail":["https:\/\/digidem-bayern.de\/wp-content\/uploads\/2023\/01\/stricken-shutterstock_1733727806-140x100.jpg",140,100,true],"post-thumbnail":["https:\/\/digidem-bayern.de\/wp-content\/uploads\/2023\/01\/stricken-shutterstock_1733727806-622x350.jpg",622,350,true],"kahuna-featured":["https:\/\/digidem-bayern.de\/wp-content\/uploads\/2023\/01\/stricken-shutterstock_1733727806-734x350.jpg",734,350,true],"kahuna-featured-lp":["https:\/\/digidem-bayern.de\/wp-content\/uploads\/2023\/01\/stricken-shutterstock_1733727806-520x350.jpg",520,350,true],"kahuna-featured-half":["https:\/\/digidem-bayern.de\/wp-content\/uploads\/2023\/01\/stricken-shutterstock_1733727806-800x350.jpg",800,350,true],"kahuna-featured-third":["https:\/\/digidem-bayern.de\/wp-content\/uploads\/2023\/01\/stricken-shutterstock_1733727806-512x350.jpg",512,350,true],"kahuna-lpbox-1":["https:\/\/digidem-bayern.de\/wp-content\/uploads\/2023\/01\/stricken-shutterstock_1733727806-520x300.jpg",520,300,true],"kahuna-lpbox-2":["https:\/\/digidem-bayern.de\/wp-content\/uploads\/2023\/01\/stricken-shutterstock_1733727806-520x350.jpg",520,350,true],"demand-language-flag":["https:\/\/digidem-bayern.de\/wp-content\/uploads\/2023\/01\/stricken-shutterstock_1733727806.jpg",36,20,false],"dddkt-language-flag":["https:\/\/digidem-bayern.de\/wp-content\/uploads\/2023\/01\/stricken-shutterstock_1733727806-36x36.jpg",36,36,true],"ddiqc-language-flag":["https:\/\/digidem-bayern.de\/wp-content\/uploads\/2023\/01\/stricken-shutterstock_1733727806-36x36.jpg",36,36,true],"ddtl-language-flag":["https:\/\/digidem-bayern.de\/wp-content\/uploads\/2023\/01\/stricken-shutterstock_1733727806-36x36.jpg",36,36,true],"mailpoet_newsletter_max":["https:\/\/digidem-bayern.de\/wp-content\/uploads\/2023\/01\/stricken-shutterstock_1733727806.jpg",1000,563,false],"kahuna-lpbox-3":["https:\/\/digidem-bayern.de\/wp-content\/uploads\/2023\/01\/stricken-shutterstock_1733727806-520x350.jpg",520,350,true],"kahuna-featured-square":["https:\/\/digidem-bayern.de\/wp-content\/uploads\/2023\/01\/stricken-shutterstock_1733727806-512x512.jpg",512,512,true],"kahuna-featured-square-large":["https:\/\/digidem-bayern.de\/wp-content\/uploads\/2023\/01\/stricken-shutterstock_1733727806.jpg",1000,563,false]},"uagb_author_info":{"display_name":"Ilona H\u00f6rath","author_link":"https:\/\/digidem-bayern.de\/en\/author\/hoeratia\/"},"uagb_comment_info":0,"uagb_excerpt":"Studien zufolge gibt es bei \u00e4lteren Menschen einen Zusammenhang zwischen der Internetnutzung und geringerem geistigen Abbau. Israelische Forscher*innen wollten herausfinden, welche Ursachen dahinterstecken k\u00f6nnten. Im Kern ging es um die Frage: Wissen Menschen, die sich st\u00e4rker mit digitalen Medien besch\u00e4ftigen, mehr \u00fcber Alzheimer und verhalten sie sich dadurch sch\u00fctzender? Hintergrund &hellip;","_links":{"self":[{"href":"https:\/\/digidem-bayern.de\/en\/wp-json\/wp\/v2\/posts\/25946","targetHints":{"allow":["GET"]}}],"collection":[{"href":"https:\/\/digidem-bayern.de\/en\/wp-json\/wp\/v2\/posts"}],"about":[{"href":"https:\/\/digidem-bayern.de\/en\/wp-json\/wp\/v2\/types\/post"}],"author":[{"embeddable":true,"href":"https:\/\/digidem-bayern.de\/en\/wp-json\/wp\/v2\/users\/12"}],"replies":[{"embeddable":true,"href":"https:\/\/digidem-bayern.de\/en\/wp-json\/wp\/v2\/comments?post=25946"}],"version-history":[{"count":2,"href":"https:\/\/digidem-bayern.de\/en\/wp-json\/wp\/v2\/posts\/25946\/revisions"}],"predecessor-version":[{"id":25959,"href":"https:\/\/digidem-bayern.de\/en\/wp-json\/wp\/v2\/posts\/25946\/revisions\/25959"}],"wp:featuredmedia":[{"embeddable":true,"href":"https:\/\/digidem-bayern.de\/en\/wp-json\/wp\/v2\/media\/25690"}],"wp:attachment":[{"href":"https:\/\/digidem-bayern.de\/en\/wp-json\/wp\/v2\/media?parent=25946"}],"wp:term":[{"taxonomy":"category","embeddable":true,"href":"https:\/\/digidem-bayern.de\/en\/wp-json\/wp\/v2\/categories?post=25946"},{"taxonomy":"post_tag","embeddable":true,"href":"https:\/\/digidem-bayern.de\/en\/wp-json\/wp\/v2\/tags?post=25946"}],"curies":[{"name":"wp","href":"https:\/\/api.w.org\/{rel}","templated":true}]}}