{"id":25711,"date":"2023-01-26T14:01:00","date_gmt":"2023-01-26T13:01:00","guid":{"rendered":"https:\/\/digidem-bayern.de\/?p=25711"},"modified":"2023-02-09T14:54:53","modified_gmt":"2023-02-09T13:54:53","slug":"unterstuetzung-ohne-medikamente","status":"publish","type":"post","link":"https:\/\/digidem-bayern.de\/en\/unterstuetzung-ohne-medikamente\/","title":{"rendered":"Unterst\u00fctzung ohne Medikamente"},"content":{"rendered":"<p><strong>Wie erfolgreich nicht-pharmakologische Ma\u00dfnahmen f\u00fcr Menschen mit Demenz im Rahmen der Nachsorge nach einer Diagnosestellung sind, belegen immer mehr wissenschaftliche Arbeiten.<\/strong><\/p>\n\n\n\n<p>&#8222;Nihilismus, Verzweiflung und Unt\u00e4tigkeit haben nach einer Demenzdiagnose keinen Platz.&#8220; Zu diesem Schluss kommen die Autor*innen eines Beitrags im Welt Alzheimer Report 2022. Auch wer mit der Diagnose Demenz konfrontiert sei, verdiene die M\u00f6glichkeit, ein positives Leben zu f\u00fchren und seine F\u00e4higkeiten trotz Einschr\u00e4nkungen nutzen zu k\u00f6nnen. <\/p>\n\n\n\n<p>Eine wichtige Funktion \u00fcbernehmen dabei nicht-pharmakologische Ma\u00dfnahmen, die sich positiv auf die Lebensqualit\u00e4t, die alltagspraktischen F\u00e4higkeiten und das allgemeine Wohlbefinden von Menschen mit Demenz auswirken. Auch die Pflegenden profitieren von bestimmten Interventionen, wenn diese auf die Bed\u00fcrfnisse und W\u00fcnsche sowohl des Betreuten als auch des zu Pflegenden zugeschnitten sind.<\/p>\n\n\n<div class=\"wp-block-image\">\n<figure class=\"alignright size-full is-resized\"><img loading=\"lazy\" decoding=\"async\" src=\"https:\/\/digidem-bayern.de\/wp-content\/uploads\/2023\/01\/Ergotherapie-shutterstock_128296280.jpg\" alt=\"Menschen mit Demenz k\u00f6nnen auch ohne Medikamente unterst\u00fctzt werden.\" class=\"wp-image-25687\" width=\"514\" height=\"343\" srcset=\"https:\/\/digidem-bayern.de\/wp-content\/uploads\/2023\/01\/Ergotherapie-shutterstock_128296280.jpg 1000w, https:\/\/digidem-bayern.de\/wp-content\/uploads\/2023\/01\/Ergotherapie-shutterstock_128296280-300x200.jpg 300w, https:\/\/digidem-bayern.de\/wp-content\/uploads\/2023\/01\/Ergotherapie-shutterstock_128296280-768x512.jpg 768w, https:\/\/digidem-bayern.de\/wp-content\/uploads\/2023\/01\/Ergotherapie-shutterstock_128296280-525x350.jpg 525w\" sizes=\"auto, (max-width: 514px) 100vw, 514px\" \/><\/figure>\n<\/div>\n\n\n<p><strong>\u00dcberblick \u00fcber die Studienlage<\/strong><\/p>\n\n\n\n<p>In ihrem Fachartikel geben die Autor*innen einen informativen \u00dcberblick \u00fcber unterschiedliche Nachsorgeoptionen und Strategien sowie deren wissenschaftlich belegte Wirksamkeit.<\/p>\n\n\n\n<p>Aufgrund &#8222;hervorragender qualitativer Studien und Fallserien&#8220; k\u00f6nne Kommunikationstraining mit einem Sprachpathologen oder klinischen Neuropsychologen f\u00fcr Menschen mit Demenz, die Kommunikations- oder Sprachschwierigkeiten haben, besonders hilfreich sein. Gleichwohl existieren keine Studien von h\u00f6chster wissenschaftlicher G\u00fcte zum Beleg der Wirksamkeit. <\/p>\n\n\n\n<p>Psychologische Therapien sind meist f\u00fcr Menschen mit leichter bis mittelschwerer Demenz geeignet und zielen darauf ab, ihre depressiven Symptome oder Angstsymptome zu verbessern. Belege f\u00fcr eine gewisse Wirksamkeit haben die Autoren bei der Anwendung von kognitiver Verhaltenstherapie zur Behandlung depressiver Symptome und Verbesserung der Lebensqualit\u00e4t gefunden.<\/p>\n\n\n\n<p>Zu den weiteren Unterst\u00fctzungsm\u00f6glichkeiten geh\u00f6ren Ergotherapie, Freizeitprogramme sowie die kognitive Rehabilitation, die im h\u00e4uslichen Bereich erfolgreicher ist als in der Klinik.&nbsp;<\/p>\n\n\n\n<p>Rehabilitationsprogramme f\u00fcr Demenzkranke werden \u00fcberwiegend bei Menschen mit leichter bis mittelschwerer Demenz durchgef\u00fchrt. In der multidisziplin\u00e4ren h\u00e4uslichen Rehabilitation wird auf Demenz, Begleiterkrankungen sowie das physische und soziale Umfeld geachtet. Die Programme sind individuell auf die Bed\u00fcrfnisse der Menschen mit Demenz und der Pflegepartner zugeschnitten.<\/p>\n\n\n\n<p>.<strong>Erfolgsfaktoren der Wirksamkeit<\/strong><\/p>\n\n\n\n<p>Die Autor*innen kommen zu dem Schluss, dass erfolgreiche Programme wahrscheinlicher sind, wenn ihnen eine umfassende Beurteilung zusammen mit dem Demenzkranken und dem Pflegepartner vorausgeht. Ebenfalls wichtig ist es, wenn die Programme auf die Bed\u00fcrfnisse und W\u00fcnsche des Betroffenen zugeschnitten sind und wenn sie zu Hause &#8211; also im t\u00e4glichen physischen und psychosozialen Umfeld &#8211; durchgef\u00fchrt werden. Auf diese Weise kann der Therapeut die F\u00e4higkeiten des Betroffenen beurteilen. Auch wenn Programme auf Defizite eingehen und die St\u00e4rken der Betroffene nutzen, sind sie wirksam. Zu den wichtigsten erreichten Zielen z\u00e4hlen dabei unter anderem Wohlbefinden, Selbstvertrauen und verbesserte Ergebnisse f\u00fcr den Pflegepartner.<\/p>\n\n\n\n<p>Den Originalbeitrag finden Sie im <a href=\"https:\/\/www.alzint.org\/resource\/world-alzheimer-report-2022\/\">Welt Alzheimer Report 2022<\/a> auf den Seiten 254 bis 257.<\/p>\n\n\n\n<p><\/p>\n\n\n\n<p><\/p>\n\n\n\n<p><\/p>\n\n\n\n<p><\/p>\n\n\n\n<p><\/p>\n\n\n\n<p style=\"font-size:20px\"><\/p>\n\n\n\n<div style=\"height:20px\" aria-hidden=\"true\" class=\"wp-block-spacer\"><\/div>\n\n\n\n<div style=\"height:20px\" aria-hidden=\"true\" class=\"wp-block-spacer\"><\/div>","protected":false},"excerpt":{"rendered":"<p>Wie erfolgreich nicht-pharmakologische Ma\u00dfnahmen f\u00fcr Menschen mit Demenz im Rahmen der Nachsorge nach einer Diagnosestellung sind, belegen immer mehr wissenschaftliche Arbeiten. &#8222;Nihilismus, Verzweiflung und Unt\u00e4tigkeit haben nach einer Demenzdiagnose keinen Platz.&#8220; Zu diesem Schluss kommen die Autor*innen eines Beitrags im Welt Alzheimer Report 2022. Auch wer mit der Diagnose Demenz &hellip;<\/p>","protected":false},"author":12,"featured_media":25687,"comment_status":"open","ping_status":"closed","sticky":false,"template":"","format":"standard","meta":{"qubely_global_settings":"","qubely_interactions":"","_uag_custom_page_level_css":"","footnotes":""},"categories":[5],"tags":[13,406,300,12,112,14,17,55,485,486,392,613,614,487],"class_list":["post-25711","post","type-post","status-publish","format-standard","has-post-thumbnail","hentry","category-wissenschaft-forschung","tag-alzheimer","tag-alzheimer-demenz","tag-angst","tag-demenz-2","tag-demenzdiagnose","tag-digidem","tag-digidem-bayern","tag-digitales-demenzregister-bayern","tag-ergotherapie","tag-lebensqualitaet","tag-medikamente","tag-nicht-pharmakologisch","tag-rehabilitation","tag-wirksamkeit"],"qubely_featured_image_url":{"full":["https:\/\/digidem-bayern.de\/wp-content\/uploads\/2023\/01\/Ergotherapie-shutterstock_128296280.jpg",1000,667,false],"landscape":["https:\/\/digidem-bayern.de\/wp-content\/uploads\/2023\/01\/Ergotherapie-shutterstock_128296280.jpg",1000,667,false],"portraits":["https:\/\/digidem-bayern.de\/wp-content\/uploads\/2023\/01\/Ergotherapie-shutterstock_128296280-540x320.jpg",540,320,true],"thumbnail":["https:\/\/digidem-bayern.de\/wp-content\/uploads\/2023\/01\/Ergotherapie-shutterstock_128296280-80x80.jpg",80,80,true],"medium":["https:\/\/digidem-bayern.de\/wp-content\/uploads\/2023\/01\/Ergotherapie-shutterstock_128296280-300x200.jpg",300,200,true],"medium_large":["https:\/\/digidem-bayern.de\/wp-content\/uploads\/2023\/01\/Ergotherapie-shutterstock_128296280-768x512.jpg",768,512,true],"large":["https:\/\/digidem-bayern.de\/wp-content\/uploads\/2023\/01\/Ergotherapie-shutterstock_128296280.jpg",1000,667,false],"1536x1536":["https:\/\/digidem-bayern.de\/wp-content\/uploads\/2023\/01\/Ergotherapie-shutterstock_128296280.jpg",1000,667,false],"2048x2048":["https:\/\/digidem-bayern.de\/wp-content\/uploads\/2023\/01\/Ergotherapie-shutterstock_128296280.jpg",1000,667,false],"trp-custom-language-flag":["https:\/\/digidem-bayern.de\/wp-content\/uploads\/2023\/01\/Ergotherapie-shutterstock_128296280.jpg",18,12,false],"qubely_landscape":["https:\/\/digidem-bayern.de\/wp-content\/uploads\/2023\/01\/Ergotherapie-shutterstock_128296280.jpg",1000,667,false],"qubely_portrait":["https:\/\/digidem-bayern.de\/wp-content\/uploads\/2023\/01\/Ergotherapie-shutterstock_128296280-540x320.jpg",540,320,true],"qubely_thumbnail":["https:\/\/digidem-bayern.de\/wp-content\/uploads\/2023\/01\/Ergotherapie-shutterstock_128296280-140x100.jpg",140,100,true],"post-thumbnail":["https:\/\/digidem-bayern.de\/wp-content\/uploads\/2023\/01\/Ergotherapie-shutterstock_128296280-525x350.jpg",525,350,true],"kahuna-featured":["https:\/\/digidem-bayern.de\/wp-content\/uploads\/2023\/01\/Ergotherapie-shutterstock_128296280-734x350.jpg",734,350,true],"kahuna-featured-lp":["https:\/\/digidem-bayern.de\/wp-content\/uploads\/2023\/01\/Ergotherapie-shutterstock_128296280-520x350.jpg",520,350,true],"kahuna-featured-half":["https:\/\/digidem-bayern.de\/wp-content\/uploads\/2023\/01\/Ergotherapie-shutterstock_128296280-800x350.jpg",800,350,true],"kahuna-featured-third":["https:\/\/digidem-bayern.de\/wp-content\/uploads\/2023\/01\/Ergotherapie-shutterstock_128296280-512x350.jpg",512,350,true],"kahuna-lpbox-1":["https:\/\/digidem-bayern.de\/wp-content\/uploads\/2023\/01\/Ergotherapie-shutterstock_128296280-520x300.jpg",520,300,true],"kahuna-lpbox-2":["https:\/\/digidem-bayern.de\/wp-content\/uploads\/2023\/01\/Ergotherapie-shutterstock_128296280-520x350.jpg",520,350,true],"demand-language-flag":["https:\/\/digidem-bayern.de\/wp-content\/uploads\/2023\/01\/Ergotherapie-shutterstock_128296280.jpg",36,24,false],"dddkt-language-flag":["https:\/\/digidem-bayern.de\/wp-content\/uploads\/2023\/01\/Ergotherapie-shutterstock_128296280-36x36.jpg",36,36,true],"ddiqc-language-flag":["https:\/\/digidem-bayern.de\/wp-content\/uploads\/2023\/01\/Ergotherapie-shutterstock_128296280-36x36.jpg",36,36,true],"ddtl-language-flag":["https:\/\/digidem-bayern.de\/wp-content\/uploads\/2023\/01\/Ergotherapie-shutterstock_128296280-36x36.jpg",36,36,true],"mailpoet_newsletter_max":["https:\/\/digidem-bayern.de\/wp-content\/uploads\/2023\/01\/Ergotherapie-shutterstock_128296280.jpg",1000,667,false],"kahuna-lpbox-3":["https:\/\/digidem-bayern.de\/wp-content\/uploads\/2023\/01\/Ergotherapie-shutterstock_128296280-520x350.jpg",520,350,true],"kahuna-featured-square":["https:\/\/digidem-bayern.de\/wp-content\/uploads\/2023\/01\/Ergotherapie-shutterstock_128296280-512x512.jpg",512,512,true],"kahuna-featured-square-large":["https:\/\/digidem-bayern.de\/wp-content\/uploads\/2023\/01\/Ergotherapie-shutterstock_128296280.jpg",1000,667,false]},"qubely_author":{"display_name":"Ilona H\u00f6rath","author_link":"https:\/\/digidem-bayern.de\/en\/author\/hoeratia\/"},"qubely_comment":0,"qubely_category":"<a href=\"https:\/\/digidem-bayern.de\/en\/category\/wissenschaft-forschung\/\" rel=\"category tag\">Wissenschaft &amp; Forschung<\/a>","qubely_excerpt":"Wie erfolgreich nicht-pharmakologische Ma\u00dfnahmen f\u00fcr Menschen mit Demenz im Rahmen der Nachsorge nach einer Diagnosestellung sind, belegen immer mehr wissenschaftliche Arbeiten. &#8222;Nihilismus, Verzweiflung und Unt\u00e4tigkeit haben nach einer Demenzdiagnose keinen Platz.&#8220; Zu diesem Schluss kommen die Autor*innen eines Beitrags im Welt Alzheimer Report 2022. Auch wer mit der Diagnose Demenz &hellip;","featured_image_urls_v2":{"full":["https:\/\/digidem-bayern.de\/wp-content\/uploads\/2023\/01\/Ergotherapie-shutterstock_128296280.jpg",1000,667,false],"thumbnail":["https:\/\/digidem-bayern.de\/wp-content\/uploads\/2023\/01\/Ergotherapie-shutterstock_128296280-80x80.jpg",80,80,true],"medium":["https:\/\/digidem-bayern.de\/wp-content\/uploads\/2023\/01\/Ergotherapie-shutterstock_128296280-300x200.jpg",300,200,true],"medium_large":["https:\/\/digidem-bayern.de\/wp-content\/uploads\/2023\/01\/Ergotherapie-shutterstock_128296280-768x512.jpg",768,512,true],"large":["https:\/\/digidem-bayern.de\/wp-content\/uploads\/2023\/01\/Ergotherapie-shutterstock_128296280.jpg",1000,667,false],"1536x1536":["https:\/\/digidem-bayern.de\/wp-content\/uploads\/2023\/01\/Ergotherapie-shutterstock_128296280.jpg",1000,667,false],"2048x2048":["https:\/\/digidem-bayern.de\/wp-content\/uploads\/2023\/01\/Ergotherapie-shutterstock_128296280.jpg",1000,667,false],"trp-custom-language-flag":["https:\/\/digidem-bayern.de\/wp-content\/uploads\/2023\/01\/Ergotherapie-shutterstock_128296280.jpg",18,12,false],"qubely_landscape":["https:\/\/digidem-bayern.de\/wp-content\/uploads\/2023\/01\/Ergotherapie-shutterstock_128296280.jpg",1000,667,false],"qubely_portrait":["https:\/\/digidem-bayern.de\/wp-content\/uploads\/2023\/01\/Ergotherapie-shutterstock_128296280-540x320.jpg",540,320,true],"qubely_thumbnail":["https:\/\/digidem-bayern.de\/wp-content\/uploads\/2023\/01\/Ergotherapie-shutterstock_128296280-140x100.jpg",140,100,true],"post-thumbnail":["https:\/\/digidem-bayern.de\/wp-content\/uploads\/2023\/01\/Ergotherapie-shutterstock_128296280-525x350.jpg",525,350,true],"kahuna-featured":["https:\/\/digidem-bayern.de\/wp-content\/uploads\/2023\/01\/Ergotherapie-shutterstock_128296280-734x350.jpg",734,350,true],"kahuna-featured-lp":["https:\/\/digidem-bayern.de\/wp-content\/uploads\/2023\/01\/Ergotherapie-shutterstock_128296280-520x350.jpg",520,350,true],"kahuna-featured-half":["https:\/\/digidem-bayern.de\/wp-content\/uploads\/2023\/01\/Ergotherapie-shutterstock_128296280-800x350.jpg",800,350,true],"kahuna-featured-third":["https:\/\/digidem-bayern.de\/wp-content\/uploads\/2023\/01\/Ergotherapie-shutterstock_128296280-512x350.jpg",512,350,true],"kahuna-lpbox-1":["https:\/\/digidem-bayern.de\/wp-content\/uploads\/2023\/01\/Ergotherapie-shutterstock_128296280-520x300.jpg",520,300,true],"kahuna-lpbox-2":["https:\/\/digidem-bayern.de\/wp-content\/uploads\/2023\/01\/Ergotherapie-shutterstock_128296280-520x350.jpg",520,350,true],"demand-language-flag":["https:\/\/digidem-bayern.de\/wp-content\/uploads\/2023\/01\/Ergotherapie-shutterstock_128296280.jpg",36,24,false],"dddkt-language-flag":["https:\/\/digidem-bayern.de\/wp-content\/uploads\/2023\/01\/Ergotherapie-shutterstock_128296280-36x36.jpg",36,36,true],"ddiqc-language-flag":["https:\/\/digidem-bayern.de\/wp-content\/uploads\/2023\/01\/Ergotherapie-shutterstock_128296280-36x36.jpg",36,36,true],"ddtl-language-flag":["https:\/\/digidem-bayern.de\/wp-content\/uploads\/2023\/01\/Ergotherapie-shutterstock_128296280-36x36.jpg",36,36,true],"mailpoet_newsletter_max":["https:\/\/digidem-bayern.de\/wp-content\/uploads\/2023\/01\/Ergotherapie-shutterstock_128296280.jpg",1000,667,false],"kahuna-lpbox-3":["https:\/\/digidem-bayern.de\/wp-content\/uploads\/2023\/01\/Ergotherapie-shutterstock_128296280-520x350.jpg",520,350,true],"kahuna-featured-square":["https:\/\/digidem-bayern.de\/wp-content\/uploads\/2023\/01\/Ergotherapie-shutterstock_128296280-512x512.jpg",512,512,true],"kahuna-featured-square-large":["https:\/\/digidem-bayern.de\/wp-content\/uploads\/2023\/01\/Ergotherapie-shutterstock_128296280.jpg",1000,667,false]},"post_excerpt_stackable_v2":"<p>Wie erfolgreich nicht-pharmakologische Ma\u00dfnahmen f\u00fcr Menschen mit Demenz im Rahmen der Nachsorge nach einer Diagnosestellung sind, belegen immer mehr wissenschaftliche Arbeiten. &#8222;Nihilismus, Verzweiflung und Unt\u00e4tigkeit haben nach einer Demenzdiagnose keinen Platz.&#8220; Zu diesem Schluss kommen die Autor*innen eines Beitrags im Welt Alzheimer Report 2022. Auch wer mit der Diagnose Demenz konfrontiert sei, verdiene die M\u00f6glichkeit, ein positives Leben zu f\u00fchren und seine F\u00e4higkeiten trotz Einschr\u00e4nkungen nutzen zu k\u00f6nnen. Eine wichtige Funktion \u00fcbernehmen dabei nicht-pharmakologische Ma\u00dfnahmen, die sich positiv auf die Lebensqualit\u00e4t, die alltagspraktischen F\u00e4higkeiten und das allgemeine Wohlbefinden von Menschen mit Demenz auswirken. Auch die Pflegenden profitieren von bestimmten Interventionen,&hellip;<\/p>\n","category_list_v2":"<a href=\"https:\/\/digidem-bayern.de\/en\/category\/wissenschaft-forschung\/\" rel=\"category tag\">Wissenschaft &amp; Forschung<\/a>","author_info_v2":{"name":"Ilona H\u00f6rath","url":"https:\/\/digidem-bayern.de\/en\/author\/hoeratia\/"},"comments_num_v2":"0 comments","yoast_head":"<!-- This site is optimized with the Yoast SEO plugin v27.4 - https:\/\/yoast.com\/product\/yoast-seo-wordpress\/ -->\n<title>Unterst\u00fctzung ohne Medikamente - digiDEM Bayern<\/title>\n<meta name=\"description\" content=\"Der Bayerische Landesapothekerkammer unterst\u00fctzt digiDEM Bayern mit Hilfe des Netzwerks &quot;Demenzfreundliche Apotheken&quot;.\" \/>\n<meta name=\"robots\" content=\"index, follow, max-snippet:-1, max-image-preview:large, max-video-preview:-1\" \/>\n<link rel=\"canonical\" href=\"https:\/\/digidem-bayern.de\/en\/unterstuetzung-ohne-medikamente\/\" \/>\n<meta property=\"og:locale\" content=\"en_US\" \/>\n<meta property=\"og:type\" content=\"article\" \/>\n<meta property=\"og:title\" content=\"Unterst\u00fctzung ohne Medikamente - digiDEM Bayern\" \/>\n<meta property=\"og:description\" content=\"Der Bayerische Landesapothekerkammer unterst\u00fctzt digiDEM Bayern mit Hilfe des Netzwerks &quot;Demenzfreundliche Apotheken&quot;.\" \/>\n<meta property=\"og:url\" content=\"https:\/\/digidem-bayern.de\/en\/unterstuetzung-ohne-medikamente\/\" \/>\n<meta property=\"og:site_name\" content=\"digiDEM Bayern\" \/>\n<meta property=\"article:publisher\" content=\"https:\/\/www.facebook.com\/digiDEMBayern\/\" \/>\n<meta property=\"article:published_time\" content=\"2023-01-26T13:01:00+00:00\" \/>\n<meta property=\"article:modified_time\" content=\"2023-02-09T13:54:53+00:00\" \/>\n<meta property=\"og:image\" content=\"https:\/\/digidem-bayern.de\/wp-content\/uploads\/2023\/01\/Ergotherapie-shutterstock_128296280.jpg\" \/>\n\t<meta property=\"og:image:width\" content=\"1000\" \/>\n\t<meta property=\"og:image:height\" content=\"667\" \/>\n\t<meta property=\"og:image:type\" content=\"image\/jpeg\" \/>\n<meta name=\"author\" content=\"Ilona H\u00f6rath\" \/>\n<meta name=\"twitter:label1\" content=\"Written by\" \/>\n\t<meta name=\"twitter:data1\" content=\"Ilona H\u00f6rath\" \/>\n\t<meta name=\"twitter:label2\" content=\"Est. reading time\" \/>\n\t<meta name=\"twitter:data2\" content=\"2 minutes\" \/>\n<script type=\"application\/ld+json\" class=\"yoast-schema-graph\">{\"@context\":\"https:\\\/\\\/schema.org\",\"@graph\":[{\"@type\":\"Article\",\"@id\":\"https:\\\/\\\/digidem-bayern.de\\\/unterstuetzung-ohne-medikamente\\\/#article\",\"isPartOf\":{\"@id\":\"https:\\\/\\\/digidem-bayern.de\\\/unterstuetzung-ohne-medikamente\\\/\"},\"author\":{\"name\":\"Ilona H\u00f6rath\",\"@id\":\"\\\/#\\\/schema\\\/person\\\/0bc1494f46fc2a051c761322a80e0941\"},\"headline\":\"Unterst\u00fctzung ohne Medikamente\",\"datePublished\":\"2023-01-26T13:01:00+00:00\",\"dateModified\":\"2023-02-09T13:54:53+00:00\",\"mainEntityOfPage\":{\"@id\":\"https:\\\/\\\/digidem-bayern.de\\\/unterstuetzung-ohne-medikamente\\\/\"},\"wordCount\":447,\"commentCount\":0,\"publisher\":{\"@id\":\"\\\/#organization\"},\"image\":{\"@id\":\"https:\\\/\\\/digidem-bayern.de\\\/unterstuetzung-ohne-medikamente\\\/#primaryimage\"},\"thumbnailUrl\":\"https:\\\/\\\/digidem-bayern.de\\\/wp-content\\\/uploads\\\/2023\\\/01\\\/Ergotherapie-shutterstock_128296280.jpg\",\"keywords\":[\"Alzheimer\",\"Alzheimer-Demenz\",\"Angst\",\"Demenz\",\"Demenzdiagnose\",\"digidem\",\"digidem Bayern\",\"Digitales Demenzregister Bayern\",\"Ergotherapie\",\"Lebensqualit\u00e4t\",\"Medikamente\",\"nicht-pharmakologisch\",\"Rehabilitation\",\"Wirksamkeit\"],\"articleSection\":[\"Wissenschaft &amp; Forschung\"],\"inLanguage\":\"en-US\",\"potentialAction\":[{\"@type\":\"CommentAction\",\"name\":\"Comment\",\"target\":[\"https:\\\/\\\/digidem-bayern.de\\\/unterstuetzung-ohne-medikamente\\\/#respond\"]}]},{\"@type\":\"WebPage\",\"@id\":\"https:\\\/\\\/digidem-bayern.de\\\/unterstuetzung-ohne-medikamente\\\/\",\"url\":\"https:\\\/\\\/digidem-bayern.de\\\/unterstuetzung-ohne-medikamente\\\/\",\"name\":\"Unterst\u00fctzung ohne Medikamente - digiDEM Bayern\",\"isPartOf\":{\"@id\":\"\\\/#website\"},\"primaryImageOfPage\":{\"@id\":\"https:\\\/\\\/digidem-bayern.de\\\/unterstuetzung-ohne-medikamente\\\/#primaryimage\"},\"image\":{\"@id\":\"https:\\\/\\\/digidem-bayern.de\\\/unterstuetzung-ohne-medikamente\\\/#primaryimage\"},\"thumbnailUrl\":\"https:\\\/\\\/digidem-bayern.de\\\/wp-content\\\/uploads\\\/2023\\\/01\\\/Ergotherapie-shutterstock_128296280.jpg\",\"datePublished\":\"2023-01-26T13:01:00+00:00\",\"dateModified\":\"2023-02-09T13:54:53+00:00\",\"description\":\"Der Bayerische Landesapothekerkammer unterst\u00fctzt digiDEM Bayern mit Hilfe des Netzwerks \\\"Demenzfreundliche Apotheken\\\".\",\"breadcrumb\":{\"@id\":\"https:\\\/\\\/digidem-bayern.de\\\/unterstuetzung-ohne-medikamente\\\/#breadcrumb\"},\"inLanguage\":\"en-US\",\"potentialAction\":[{\"@type\":\"ReadAction\",\"target\":[\"https:\\\/\\\/digidem-bayern.de\\\/unterstuetzung-ohne-medikamente\\\/\"]}]},{\"@type\":\"ImageObject\",\"inLanguage\":\"en-US\",\"@id\":\"https:\\\/\\\/digidem-bayern.de\\\/unterstuetzung-ohne-medikamente\\\/#primaryimage\",\"url\":\"https:\\\/\\\/digidem-bayern.de\\\/wp-content\\\/uploads\\\/2023\\\/01\\\/Ergotherapie-shutterstock_128296280.jpg\",\"contentUrl\":\"https:\\\/\\\/digidem-bayern.de\\\/wp-content\\\/uploads\\\/2023\\\/01\\\/Ergotherapie-shutterstock_128296280.jpg\",\"width\":1000,\"height\":667,\"caption\":\"Foto: Shutterstock\"},{\"@type\":\"BreadcrumbList\",\"@id\":\"https:\\\/\\\/digidem-bayern.de\\\/unterstuetzung-ohne-medikamente\\\/#breadcrumb\",\"itemListElement\":[{\"@type\":\"ListItem\",\"position\":1,\"name\":\"Startseite\",\"item\":\"https:\\\/\\\/digidem-bayern.de\\\/\"},{\"@type\":\"ListItem\",\"position\":2,\"name\":\"Unterst\u00fctzung ohne Medikamente\"}]},{\"@type\":\"WebSite\",\"@id\":\"\\\/#website\",\"url\":\"\\\/\",\"name\":\"digiDEM Bayern\",\"description\":\"Das digitale Demenzregister Bayern erforscht und verbessert die Angebotsstuktur f\u00fcr Menschen mit Demenz und deren Angeh\u00f6rige\",\"publisher\":{\"@id\":\"\\\/#organization\"},\"potentialAction\":[{\"@type\":\"SearchAction\",\"target\":{\"@type\":\"EntryPoint\",\"urlTemplate\":\"\\\/?s={search_term_string}\"},\"query-input\":{\"@type\":\"PropertyValueSpecification\",\"valueRequired\":true,\"valueName\":\"search_term_string\"}}],\"inLanguage\":\"en-US\"},{\"@type\":\"Organization\",\"@id\":\"\\\/#organization\",\"name\":\"digiDEM Bayern\",\"url\":\"\\\/\",\"logo\":{\"@type\":\"ImageObject\",\"inLanguage\":\"en-US\",\"@id\":\"\\\/#\\\/schema\\\/logo\\\/image\\\/\",\"url\":\"https:\\\/\\\/digidem-bayern.de\\\/wp-content\\\/uploads\\\/2022\\\/03\\\/cropped-Allgemeines_digiDEMLOGO-removebg-preview.png\",\"contentUrl\":\"https:\\\/\\\/digidem-bayern.de\\\/wp-content\\\/uploads\\\/2022\\\/03\\\/cropped-Allgemeines_digiDEMLOGO-removebg-preview.png\",\"width\":612,\"height\":357,\"caption\":\"digiDEM Bayern\"},\"image\":{\"@id\":\"\\\/#\\\/schema\\\/logo\\\/image\\\/\"},\"sameAs\":[\"https:\\\/\\\/www.facebook.com\\\/digiDEMBayern\\\/\",\"https:\\\/\\\/x.com\\\/digidem_bayern\",\"https:\\\/\\\/www.instagram.com\\\/digidem.bayern\",\"https:\\\/\\\/www.linkedin.com\\\/company\\\/digidem-bayern\\\/\"]},{\"@type\":\"Person\",\"@id\":\"\\\/#\\\/schema\\\/person\\\/0bc1494f46fc2a051c761322a80e0941\",\"name\":\"Ilona H\u00f6rath\",\"url\":\"https:\\\/\\\/digidem-bayern.de\\\/en\\\/author\\\/hoeratia\\\/\"}]}<\/script>\n<!-- \/ Yoast SEO plugin. -->","yoast_head_json":{"title":"Unterst\u00fctzung ohne Medikamente - digiDEM Bayern","description":"Der Bayerische Landesapothekerkammer unterst\u00fctzt digiDEM Bayern mit Hilfe des Netzwerks \"Demenzfreundliche Apotheken\".","robots":{"index":"index","follow":"follow","max-snippet":"max-snippet:-1","max-image-preview":"max-image-preview:large","max-video-preview":"max-video-preview:-1"},"canonical":"https:\/\/digidem-bayern.de\/en\/unterstuetzung-ohne-medikamente\/","og_locale":"en_US","og_type":"article","og_title":"Unterst\u00fctzung ohne Medikamente - digiDEM Bayern","og_description":"Der Bayerische Landesapothekerkammer unterst\u00fctzt digiDEM Bayern mit Hilfe des Netzwerks \"Demenzfreundliche Apotheken\".","og_url":"https:\/\/digidem-bayern.de\/en\/unterstuetzung-ohne-medikamente\/","og_site_name":"digiDEM Bayern","article_publisher":"https:\/\/www.facebook.com\/digiDEMBayern\/","article_published_time":"2023-01-26T13:01:00+00:00","article_modified_time":"2023-02-09T13:54:53+00:00","og_image":[{"width":1000,"height":667,"url":"https:\/\/digidem-bayern.de\/wp-content\/uploads\/2023\/01\/Ergotherapie-shutterstock_128296280.jpg","type":"image\/jpeg"}],"author":"Ilona H\u00f6rath","twitter_misc":{"Written by":"Ilona H\u00f6rath","Est. reading time":"2 minutes"},"schema":{"@context":"https:\/\/schema.org","@graph":[{"@type":"Article","@id":"https:\/\/digidem-bayern.de\/unterstuetzung-ohne-medikamente\/#article","isPartOf":{"@id":"https:\/\/digidem-bayern.de\/unterstuetzung-ohne-medikamente\/"},"author":{"name":"Ilona H\u00f6rath","@id":"\/#\/schema\/person\/0bc1494f46fc2a051c761322a80e0941"},"headline":"Unterst\u00fctzung ohne Medikamente","datePublished":"2023-01-26T13:01:00+00:00","dateModified":"2023-02-09T13:54:53+00:00","mainEntityOfPage":{"@id":"https:\/\/digidem-bayern.de\/unterstuetzung-ohne-medikamente\/"},"wordCount":447,"commentCount":0,"publisher":{"@id":"\/#organization"},"image":{"@id":"https:\/\/digidem-bayern.de\/unterstuetzung-ohne-medikamente\/#primaryimage"},"thumbnailUrl":"https:\/\/digidem-bayern.de\/wp-content\/uploads\/2023\/01\/Ergotherapie-shutterstock_128296280.jpg","keywords":["Alzheimer","Alzheimer-Demenz","Angst","Demenz","Demenzdiagnose","digidem","digidem Bayern","Digitales Demenzregister Bayern","Ergotherapie","Lebensqualit\u00e4t","Medikamente","nicht-pharmakologisch","Rehabilitation","Wirksamkeit"],"articleSection":["Wissenschaft &amp; Forschung"],"inLanguage":"en-US","potentialAction":[{"@type":"CommentAction","name":"Comment","target":["https:\/\/digidem-bayern.de\/unterstuetzung-ohne-medikamente\/#respond"]}]},{"@type":"WebPage","@id":"https:\/\/digidem-bayern.de\/unterstuetzung-ohne-medikamente\/","url":"https:\/\/digidem-bayern.de\/unterstuetzung-ohne-medikamente\/","name":"Unterst\u00fctzung ohne Medikamente - digiDEM Bayern","isPartOf":{"@id":"\/#website"},"primaryImageOfPage":{"@id":"https:\/\/digidem-bayern.de\/unterstuetzung-ohne-medikamente\/#primaryimage"},"image":{"@id":"https:\/\/digidem-bayern.de\/unterstuetzung-ohne-medikamente\/#primaryimage"},"thumbnailUrl":"https:\/\/digidem-bayern.de\/wp-content\/uploads\/2023\/01\/Ergotherapie-shutterstock_128296280.jpg","datePublished":"2023-01-26T13:01:00+00:00","dateModified":"2023-02-09T13:54:53+00:00","description":"Der Bayerische Landesapothekerkammer unterst\u00fctzt digiDEM Bayern mit Hilfe des Netzwerks \"Demenzfreundliche Apotheken\".","breadcrumb":{"@id":"https:\/\/digidem-bayern.de\/unterstuetzung-ohne-medikamente\/#breadcrumb"},"inLanguage":"en-US","potentialAction":[{"@type":"ReadAction","target":["https:\/\/digidem-bayern.de\/unterstuetzung-ohne-medikamente\/"]}]},{"@type":"ImageObject","inLanguage":"en-US","@id":"https:\/\/digidem-bayern.de\/unterstuetzung-ohne-medikamente\/#primaryimage","url":"https:\/\/digidem-bayern.de\/wp-content\/uploads\/2023\/01\/Ergotherapie-shutterstock_128296280.jpg","contentUrl":"https:\/\/digidem-bayern.de\/wp-content\/uploads\/2023\/01\/Ergotherapie-shutterstock_128296280.jpg","width":1000,"height":667,"caption":"Foto: Shutterstock"},{"@type":"BreadcrumbList","@id":"https:\/\/digidem-bayern.de\/unterstuetzung-ohne-medikamente\/#breadcrumb","itemListElement":[{"@type":"ListItem","position":1,"name":"Startseite","item":"https:\/\/digidem-bayern.de\/"},{"@type":"ListItem","position":2,"name":"Unterst\u00fctzung ohne Medikamente"}]},{"@type":"WebSite","@id":"\/#website","url":"\/","name":"digiDEM Bavaria","description":"The digital dementia register in Bavaria researches and improves the structure of services for people with dementia and their relatives","publisher":{"@id":"\/#organization"},"potentialAction":[{"@type":"SearchAction","target":{"@type":"EntryPoint","urlTemplate":"\/?s={search_term_string}"},"query-input":{"@type":"PropertyValueSpecification","valueRequired":true,"valueName":"search_term_string"}}],"inLanguage":"en-US"},{"@type":"Organization","@id":"\/#organization","name":"digiDEM Bavaria","url":"\/","logo":{"@type":"ImageObject","inLanguage":"en-US","@id":"\/#\/schema\/logo\/image\/","url":"https:\/\/digidem-bayern.de\/wp-content\/uploads\/2022\/03\/cropped-Allgemeines_digiDEMLOGO-removebg-preview.png","contentUrl":"https:\/\/digidem-bayern.de\/wp-content\/uploads\/2022\/03\/cropped-Allgemeines_digiDEMLOGO-removebg-preview.png","width":612,"height":357,"caption":"digiDEM Bayern"},"image":{"@id":"\/#\/schema\/logo\/image\/"},"sameAs":["https:\/\/www.facebook.com\/digiDEMBayern\/","https:\/\/x.com\/digidem_bayern","https:\/\/www.instagram.com\/digidem.bayern","https:\/\/www.linkedin.com\/company\/digidem-bayern\/"]},{"@type":"Person","@id":"\/#\/schema\/person\/0bc1494f46fc2a051c761322a80e0941","name":"Ilona H\u00f6rath","url":"https:\/\/digidem-bayern.de\/en\/author\/hoeratia\/"}]}},"uagb_featured_image_src":{"full":["https:\/\/digidem-bayern.de\/wp-content\/uploads\/2023\/01\/Ergotherapie-shutterstock_128296280.jpg",1000,667,false],"thumbnail":["https:\/\/digidem-bayern.de\/wp-content\/uploads\/2023\/01\/Ergotherapie-shutterstock_128296280-80x80.jpg",80,80,true],"medium":["https:\/\/digidem-bayern.de\/wp-content\/uploads\/2023\/01\/Ergotherapie-shutterstock_128296280-300x200.jpg",300,200,true],"medium_large":["https:\/\/digidem-bayern.de\/wp-content\/uploads\/2023\/01\/Ergotherapie-shutterstock_128296280-768x512.jpg",768,512,true],"large":["https:\/\/digidem-bayern.de\/wp-content\/uploads\/2023\/01\/Ergotherapie-shutterstock_128296280.jpg",1000,667,false],"1536x1536":["https:\/\/digidem-bayern.de\/wp-content\/uploads\/2023\/01\/Ergotherapie-shutterstock_128296280.jpg",1000,667,false],"2048x2048":["https:\/\/digidem-bayern.de\/wp-content\/uploads\/2023\/01\/Ergotherapie-shutterstock_128296280.jpg",1000,667,false],"trp-custom-language-flag":["https:\/\/digidem-bayern.de\/wp-content\/uploads\/2023\/01\/Ergotherapie-shutterstock_128296280.jpg",18,12,false],"qubely_landscape":["https:\/\/digidem-bayern.de\/wp-content\/uploads\/2023\/01\/Ergotherapie-shutterstock_128296280.jpg",1000,667,false],"qubely_portrait":["https:\/\/digidem-bayern.de\/wp-content\/uploads\/2023\/01\/Ergotherapie-shutterstock_128296280-540x320.jpg",540,320,true],"qubely_thumbnail":["https:\/\/digidem-bayern.de\/wp-content\/uploads\/2023\/01\/Ergotherapie-shutterstock_128296280-140x100.jpg",140,100,true],"post-thumbnail":["https:\/\/digidem-bayern.de\/wp-content\/uploads\/2023\/01\/Ergotherapie-shutterstock_128296280-525x350.jpg",525,350,true],"kahuna-featured":["https:\/\/digidem-bayern.de\/wp-content\/uploads\/2023\/01\/Ergotherapie-shutterstock_128296280-734x350.jpg",734,350,true],"kahuna-featured-lp":["https:\/\/digidem-bayern.de\/wp-content\/uploads\/2023\/01\/Ergotherapie-shutterstock_128296280-520x350.jpg",520,350,true],"kahuna-featured-half":["https:\/\/digidem-bayern.de\/wp-content\/uploads\/2023\/01\/Ergotherapie-shutterstock_128296280-800x350.jpg",800,350,true],"kahuna-featured-third":["https:\/\/digidem-bayern.de\/wp-content\/uploads\/2023\/01\/Ergotherapie-shutterstock_128296280-512x350.jpg",512,350,true],"kahuna-lpbox-1":["https:\/\/digidem-bayern.de\/wp-content\/uploads\/2023\/01\/Ergotherapie-shutterstock_128296280-520x300.jpg",520,300,true],"kahuna-lpbox-2":["https:\/\/digidem-bayern.de\/wp-content\/uploads\/2023\/01\/Ergotherapie-shutterstock_128296280-520x350.jpg",520,350,true],"demand-language-flag":["https:\/\/digidem-bayern.de\/wp-content\/uploads\/2023\/01\/Ergotherapie-shutterstock_128296280.jpg",36,24,false],"dddkt-language-flag":["https:\/\/digidem-bayern.de\/wp-content\/uploads\/2023\/01\/Ergotherapie-shutterstock_128296280-36x36.jpg",36,36,true],"ddiqc-language-flag":["https:\/\/digidem-bayern.de\/wp-content\/uploads\/2023\/01\/Ergotherapie-shutterstock_128296280-36x36.jpg",36,36,true],"ddtl-language-flag":["https:\/\/digidem-bayern.de\/wp-content\/uploads\/2023\/01\/Ergotherapie-shutterstock_128296280-36x36.jpg",36,36,true],"mailpoet_newsletter_max":["https:\/\/digidem-bayern.de\/wp-content\/uploads\/2023\/01\/Ergotherapie-shutterstock_128296280.jpg",1000,667,false],"kahuna-lpbox-3":["https:\/\/digidem-bayern.de\/wp-content\/uploads\/2023\/01\/Ergotherapie-shutterstock_128296280-520x350.jpg",520,350,true],"kahuna-featured-square":["https:\/\/digidem-bayern.de\/wp-content\/uploads\/2023\/01\/Ergotherapie-shutterstock_128296280-512x512.jpg",512,512,true],"kahuna-featured-square-large":["https:\/\/digidem-bayern.de\/wp-content\/uploads\/2023\/01\/Ergotherapie-shutterstock_128296280.jpg",1000,667,false]},"uagb_author_info":{"display_name":"Ilona H\u00f6rath","author_link":"https:\/\/digidem-bayern.de\/en\/author\/hoeratia\/"},"uagb_comment_info":0,"uagb_excerpt":"Wie erfolgreich nicht-pharmakologische Ma\u00dfnahmen f\u00fcr Menschen mit Demenz im Rahmen der Nachsorge nach einer Diagnosestellung sind, belegen immer mehr wissenschaftliche Arbeiten. &#8222;Nihilismus, Verzweiflung und Unt\u00e4tigkeit haben nach einer Demenzdiagnose keinen Platz.&#8220; Zu diesem Schluss kommen die Autor*innen eines Beitrags im Welt Alzheimer Report 2022. Auch wer mit der Diagnose Demenz &hellip;","_links":{"self":[{"href":"https:\/\/digidem-bayern.de\/en\/wp-json\/wp\/v2\/posts\/25711","targetHints":{"allow":["GET"]}}],"collection":[{"href":"https:\/\/digidem-bayern.de\/en\/wp-json\/wp\/v2\/posts"}],"about":[{"href":"https:\/\/digidem-bayern.de\/en\/wp-json\/wp\/v2\/types\/post"}],"author":[{"embeddable":true,"href":"https:\/\/digidem-bayern.de\/en\/wp-json\/wp\/v2\/users\/12"}],"replies":[{"embeddable":true,"href":"https:\/\/digidem-bayern.de\/en\/wp-json\/wp\/v2\/comments?post=25711"}],"version-history":[{"count":1,"href":"https:\/\/digidem-bayern.de\/en\/wp-json\/wp\/v2\/posts\/25711\/revisions"}],"predecessor-version":[{"id":25713,"href":"https:\/\/digidem-bayern.de\/en\/wp-json\/wp\/v2\/posts\/25711\/revisions\/25713"}],"wp:featuredmedia":[{"embeddable":true,"href":"https:\/\/digidem-bayern.de\/en\/wp-json\/wp\/v2\/media\/25687"}],"wp:attachment":[{"href":"https:\/\/digidem-bayern.de\/en\/wp-json\/wp\/v2\/media?parent=25711"}],"wp:term":[{"taxonomy":"category","embeddable":true,"href":"https:\/\/digidem-bayern.de\/en\/wp-json\/wp\/v2\/categories?post=25711"},{"taxonomy":"post_tag","embeddable":true,"href":"https:\/\/digidem-bayern.de\/en\/wp-json\/wp\/v2\/tags?post=25711"}],"curies":[{"name":"wp","href":"https:\/\/api.w.org\/{rel}","templated":true}]}}