{"id":25681,"date":"2023-01-26T11:25:00","date_gmt":"2023-01-26T10:25:00","guid":{"rendered":"https:\/\/digidem-bayern.de\/?p=25681"},"modified":"2023-02-09T14:55:53","modified_gmt":"2023-02-09T13:55:53","slug":"wie-demenzsensibel-behandelt-der-zahnarzt-2","status":"publish","type":"post","link":"https:\/\/digidem-bayern.de\/en\/wie-demenzsensibel-behandelt-der-zahnarzt-2\/","title":{"rendered":"Gesundheitsschutz durch Positive Psychologie"},"content":{"rendered":"<p><strong>Eines der Schl\u00fcsselprinzipien der Positiven Psychologie ist es, das Wohlbefinden und die psychische Gesundheit zu f\u00f6rdern. Wer zum Beispiel gerade eine Pfleget\u00e4tigkeit f\u00fcr einen Menschen mit Demenz \u00fcbernommen hat, ben\u00f6tigt bei einer Lebensherausforderung wie dieser eine sogenannte Selbstregulierungsstrategie, bei der positive Emotionen hilfreich sind.<\/strong><\/p>\n\n\n\n<p>\u201cEine wachsende Zahl von Forschungsarbeiten unterstreicht die einzigartige Rolle, die positives Denken und positive Emotionen f\u00fcr die geistige und k\u00f6rperliche Gesundheit von pflegenden Angeh\u00f6rigen spielen\u201c, schreibt der Autor im Welt Alzheimer Report 2022.<\/p>\n\n\n<div class=\"wp-block-image\">\n<figure class=\"alignright size-full is-resized\"><img loading=\"lazy\" decoding=\"async\" src=\"https:\/\/digidem-bayern.de\/wp-content\/uploads\/2023\/01\/Blumenbrille-shutterstock_1725837607.jpg\" alt=\"Eine der Ma\u00dfnahmen der Positiven Psychologie ist es, auf die F\u00e4higkeiten zur Steigerung der H\u00e4ufigkeit positiver Emotionen zu setzen.\" class=\"wp-image-25685\" width=\"491\" height=\"339\" srcset=\"https:\/\/digidem-bayern.de\/wp-content\/uploads\/2023\/01\/Blumenbrille-shutterstock_1725837607.jpg 1000w, https:\/\/digidem-bayern.de\/wp-content\/uploads\/2023\/01\/Blumenbrille-shutterstock_1725837607-300x207.jpg 300w, https:\/\/digidem-bayern.de\/wp-content\/uploads\/2023\/01\/Blumenbrille-shutterstock_1725837607-768x530.jpg 768w, https:\/\/digidem-bayern.de\/wp-content\/uploads\/2023\/01\/Blumenbrille-shutterstock_1725837607-507x350.jpg 507w\" sizes=\"auto, (max-width: 491px) 100vw, 491px\" \/><\/figure>\n<\/div>\n\n\n<p>Die Bedeutung, die Positive Psychologie f\u00fcr pflegende Angeh\u00f6rige hat, haben umfangreiche wissenschaftliche Analysen unterstrichen. Demnach bewirken sie eine Verringerung von Depressionen oder negativen Gef\u00fchlen, f\u00fchren zu einer Steigerung des Wohlbefindens oder von positiven Gef\u00fchlen und Lebenszufriedenheit und verbessern die k\u00f6rperliche und geistige Gesundheit. <\/p>\n\n\n\n<p>W\u00e4hrend negative Emotionen das Repertoire an Gedanken und Handlungen einschr\u00e4nken und die Bandbreite der Reaktionen auf bekannte Erfahrungen beschr\u00e4nken, setzt bei positiven Emotionen ein gegenteiliger Effekt ein. Sie erweitern sowohl die Wahrnehmung als auch das Denk- und Handlungsrepertoire. Daraus k\u00f6nnen sich etwa neue Perspektiven entwickeln.<\/p>\n\n\n\n<p><strong><strong><strong>Mehr Wertsch\u00e4tzung, mehr Lebenszufriedenheit<\/strong><\/strong><\/strong><\/p>\n\n\n\n<p>Doch wie lassen sich positive Emotionen erzeugen? Hier hat zum Beispiel die Anzahl von Aktivit\u00e4ten, die zur Lebenszufriedenheit beitragen, einen direkten und entscheidenden Einfluss auf die positiven Emotionen der Pflegenden. Eine der Ma\u00dfnahmen der Positiven Psychologie ist es daher, auf die F\u00e4higkeiten zur Steigerung der H\u00e4ufigkeit positiver Emotionen zu setzen. Auf diese Weise k\u00f6nne der Stress, der mit der Pflege eines Menschen mit Demenz verbunden ist, besser bew\u00e4ltigt werden. Zu den F\u00e4higkeiten, die man entwickeln k\u00f6nne, z\u00e4hle zum Beispiel, positive Ereignisse wahrzunehmen, sich um eine wertsch\u00e4tzende Haltung zu bem\u00fchen, sich auf pers\u00f6nliche St\u00e4rken zu konzentrieren oder sich erreichbare Ziele zu setzen. <\/p>\n\n\n\n<p>So werden derzeit Ma\u00dfnahmen entwickelt, die speziell auf die Erfahrungen von Pflegenden ausgerichtet sind und unter anderem positive Aspekte im Zusammenhang mit der Pflegesituation identifizieren und entwickeln. \u201eDie Aussichten, die sich aus diesen ersten Erfahrungen ergeben, sind vielversprechend und erfordern die Schulung von Fachkr\u00e4ften in diesen Ans\u00e4tzen, um die Umsetzung einer positiven Intervention in der Praxis und die Erg\u00e4nzung bestehender Interventionen zu erm\u00f6glichen\u201c, hei\u00dft es im aktuellen Welt Alzheimer Report.<\/p>\n\n\n\n<p>Den Originalbeitrag finden Sie im <a href=\"https:\/\/www.alzint.org\/resource\/world-alzheimer-report-2022\/\">Welt Alzheimer Report 2022<\/a> auf den Seiten 270 bis 272.<\/p>\n\n\n\n<p><\/p>\n\n\n\n<p><\/p>\n\n\n\n<p><\/p>\n\n\n\n<p><\/p>\n\n\n\n<p><\/p>\n\n\n\n<p style=\"font-size:20px\"><\/p>\n\n\n\n<div style=\"height:20px\" aria-hidden=\"true\" class=\"wp-block-spacer\"><\/div>\n\n\n\n<div style=\"height:20px\" aria-hidden=\"true\" class=\"wp-block-spacer\"><\/div>","protected":false},"excerpt":{"rendered":"<p>Eines der Schl\u00fcsselprinzipien der Positiven Psychologie ist es, das Wohlbefinden und die psychische Gesundheit zu f\u00f6rdern. Wer zum Beispiel gerade eine Pfleget\u00e4tigkeit f\u00fcr einen Menschen mit Demenz \u00fcbernommen hat, ben\u00f6tigt bei einer Lebensherausforderung wie dieser eine sogenannte Selbstregulierungsstrategie, bei der positive Emotionen hilfreich sind. \u201cEine wachsende Zahl von Forschungsarbeiten unterstreicht &hellip;<\/p>","protected":false},"author":12,"featured_media":25685,"comment_status":"open","ping_status":"closed","sticky":false,"template":"","format":"standard","meta":{"qubely_global_settings":"","qubely_interactions":"","_uag_custom_page_level_css":"","footnotes":""},"categories":[5],"tags":[13,406,12,14,17,55,605,606,607,594,449],"class_list":["post-25681","post","type-post","status-publish","format-standard","has-post-thumbnail","hentry","category-wissenschaft-forschung","tag-alzheimer","tag-alzheimer-demenz","tag-demenz-2","tag-digidem","tag-digidem-bayern","tag-digitales-demenzregister-bayern","tag-emotionen","tag-lebenszufriedenheit","tag-pflegende","tag-positive-psychologie","tag-wohlbefinden"],"qubely_featured_image_url":{"full":["https:\/\/digidem-bayern.de\/wp-content\/uploads\/2023\/01\/Blumenbrille-shutterstock_1725837607.jpg",1000,690,false],"landscape":["https:\/\/digidem-bayern.de\/wp-content\/uploads\/2023\/01\/Blumenbrille-shutterstock_1725837607.jpg",1000,690,false],"portraits":["https:\/\/digidem-bayern.de\/wp-content\/uploads\/2023\/01\/Blumenbrille-shutterstock_1725837607-540x320.jpg",540,320,true],"thumbnail":["https:\/\/digidem-bayern.de\/wp-content\/uploads\/2023\/01\/Blumenbrille-shutterstock_1725837607-80x80.jpg",80,80,true],"medium":["https:\/\/digidem-bayern.de\/wp-content\/uploads\/2023\/01\/Blumenbrille-shutterstock_1725837607-300x207.jpg",300,207,true],"medium_large":["https:\/\/digidem-bayern.de\/wp-content\/uploads\/2023\/01\/Blumenbrille-shutterstock_1725837607-768x530.jpg",768,530,true],"large":["https:\/\/digidem-bayern.de\/wp-content\/uploads\/2023\/01\/Blumenbrille-shutterstock_1725837607.jpg",1000,690,false],"1536x1536":["https:\/\/digidem-bayern.de\/wp-content\/uploads\/2023\/01\/Blumenbrille-shutterstock_1725837607.jpg",1000,690,false],"2048x2048":["https:\/\/digidem-bayern.de\/wp-content\/uploads\/2023\/01\/Blumenbrille-shutterstock_1725837607.jpg",1000,690,false],"trp-custom-language-flag":["https:\/\/digidem-bayern.de\/wp-content\/uploads\/2023\/01\/Blumenbrille-shutterstock_1725837607.jpg",18,12,false],"qubely_landscape":["https:\/\/digidem-bayern.de\/wp-content\/uploads\/2023\/01\/Blumenbrille-shutterstock_1725837607.jpg",1000,690,false],"qubely_portrait":["https:\/\/digidem-bayern.de\/wp-content\/uploads\/2023\/01\/Blumenbrille-shutterstock_1725837607-540x320.jpg",540,320,true],"qubely_thumbnail":["https:\/\/digidem-bayern.de\/wp-content\/uploads\/2023\/01\/Blumenbrille-shutterstock_1725837607-140x100.jpg",140,100,true],"post-thumbnail":["https:\/\/digidem-bayern.de\/wp-content\/uploads\/2023\/01\/Blumenbrille-shutterstock_1725837607-507x350.jpg",507,350,true],"kahuna-featured":["https:\/\/digidem-bayern.de\/wp-content\/uploads\/2023\/01\/Blumenbrille-shutterstock_1725837607-734x350.jpg",734,350,true],"kahuna-featured-lp":["https:\/\/digidem-bayern.de\/wp-content\/uploads\/2023\/01\/Blumenbrille-shutterstock_1725837607-520x350.jpg",520,350,true],"kahuna-featured-half":["https:\/\/digidem-bayern.de\/wp-content\/uploads\/2023\/01\/Blumenbrille-shutterstock_1725837607-800x350.jpg",800,350,true],"kahuna-featured-third":["https:\/\/digidem-bayern.de\/wp-content\/uploads\/2023\/01\/Blumenbrille-shutterstock_1725837607-512x350.jpg",512,350,true],"kahuna-lpbox-1":["https:\/\/digidem-bayern.de\/wp-content\/uploads\/2023\/01\/Blumenbrille-shutterstock_1725837607-520x300.jpg",520,300,true],"kahuna-lpbox-2":["https:\/\/digidem-bayern.de\/wp-content\/uploads\/2023\/01\/Blumenbrille-shutterstock_1725837607-520x350.jpg",520,350,true],"demand-language-flag":["https:\/\/digidem-bayern.de\/wp-content\/uploads\/2023\/01\/Blumenbrille-shutterstock_1725837607.jpg",36,25,false],"dddkt-language-flag":["https:\/\/digidem-bayern.de\/wp-content\/uploads\/2023\/01\/Blumenbrille-shutterstock_1725837607-36x36.jpg",36,36,true],"ddiqc-language-flag":["https:\/\/digidem-bayern.de\/wp-content\/uploads\/2023\/01\/Blumenbrille-shutterstock_1725837607-36x36.jpg",36,36,true],"ddtl-language-flag":["https:\/\/digidem-bayern.de\/wp-content\/uploads\/2023\/01\/Blumenbrille-shutterstock_1725837607-36x36.jpg",36,36,true],"mailpoet_newsletter_max":["https:\/\/digidem-bayern.de\/wp-content\/uploads\/2023\/01\/Blumenbrille-shutterstock_1725837607.jpg",1000,690,false],"kahuna-lpbox-3":["https:\/\/digidem-bayern.de\/wp-content\/uploads\/2023\/01\/Blumenbrille-shutterstock_1725837607-520x350.jpg",520,350,true],"kahuna-featured-square":["https:\/\/digidem-bayern.de\/wp-content\/uploads\/2023\/01\/Blumenbrille-shutterstock_1725837607-512x512.jpg",512,512,true],"kahuna-featured-square-large":["https:\/\/digidem-bayern.de\/wp-content\/uploads\/2023\/01\/Blumenbrille-shutterstock_1725837607.jpg",1000,690,false]},"qubely_author":{"display_name":"Ilona H\u00f6rath","author_link":"https:\/\/digidem-bayern.de\/en\/author\/hoeratia\/"},"qubely_comment":0,"qubely_category":"<a href=\"https:\/\/digidem-bayern.de\/en\/category\/wissenschaft-forschung\/\" rel=\"category tag\">Wissenschaft &amp; Forschung<\/a>","qubely_excerpt":"Eines der Schl\u00fcsselprinzipien der Positiven Psychologie ist es, das Wohlbefinden und die psychische Gesundheit zu f\u00f6rdern. Wer zum Beispiel gerade eine Pfleget\u00e4tigkeit f\u00fcr einen Menschen mit Demenz \u00fcbernommen hat, ben\u00f6tigt bei einer Lebensherausforderung wie dieser eine sogenannte Selbstregulierungsstrategie, bei der positive Emotionen hilfreich sind. \u201cEine wachsende Zahl von Forschungsarbeiten unterstreicht &hellip;","featured_image_urls_v2":{"full":["https:\/\/digidem-bayern.de\/wp-content\/uploads\/2023\/01\/Blumenbrille-shutterstock_1725837607.jpg",1000,690,false],"thumbnail":["https:\/\/digidem-bayern.de\/wp-content\/uploads\/2023\/01\/Blumenbrille-shutterstock_1725837607-80x80.jpg",80,80,true],"medium":["https:\/\/digidem-bayern.de\/wp-content\/uploads\/2023\/01\/Blumenbrille-shutterstock_1725837607-300x207.jpg",300,207,true],"medium_large":["https:\/\/digidem-bayern.de\/wp-content\/uploads\/2023\/01\/Blumenbrille-shutterstock_1725837607-768x530.jpg",768,530,true],"large":["https:\/\/digidem-bayern.de\/wp-content\/uploads\/2023\/01\/Blumenbrille-shutterstock_1725837607.jpg",1000,690,false],"1536x1536":["https:\/\/digidem-bayern.de\/wp-content\/uploads\/2023\/01\/Blumenbrille-shutterstock_1725837607.jpg",1000,690,false],"2048x2048":["https:\/\/digidem-bayern.de\/wp-content\/uploads\/2023\/01\/Blumenbrille-shutterstock_1725837607.jpg",1000,690,false],"trp-custom-language-flag":["https:\/\/digidem-bayern.de\/wp-content\/uploads\/2023\/01\/Blumenbrille-shutterstock_1725837607.jpg",18,12,false],"qubely_landscape":["https:\/\/digidem-bayern.de\/wp-content\/uploads\/2023\/01\/Blumenbrille-shutterstock_1725837607.jpg",1000,690,false],"qubely_portrait":["https:\/\/digidem-bayern.de\/wp-content\/uploads\/2023\/01\/Blumenbrille-shutterstock_1725837607-540x320.jpg",540,320,true],"qubely_thumbnail":["https:\/\/digidem-bayern.de\/wp-content\/uploads\/2023\/01\/Blumenbrille-shutterstock_1725837607-140x100.jpg",140,100,true],"post-thumbnail":["https:\/\/digidem-bayern.de\/wp-content\/uploads\/2023\/01\/Blumenbrille-shutterstock_1725837607-507x350.jpg",507,350,true],"kahuna-featured":["https:\/\/digidem-bayern.de\/wp-content\/uploads\/2023\/01\/Blumenbrille-shutterstock_1725837607-734x350.jpg",734,350,true],"kahuna-featured-lp":["https:\/\/digidem-bayern.de\/wp-content\/uploads\/2023\/01\/Blumenbrille-shutterstock_1725837607-520x350.jpg",520,350,true],"kahuna-featured-half":["https:\/\/digidem-bayern.de\/wp-content\/uploads\/2023\/01\/Blumenbrille-shutterstock_1725837607-800x350.jpg",800,350,true],"kahuna-featured-third":["https:\/\/digidem-bayern.de\/wp-content\/uploads\/2023\/01\/Blumenbrille-shutterstock_1725837607-512x350.jpg",512,350,true],"kahuna-lpbox-1":["https:\/\/digidem-bayern.de\/wp-content\/uploads\/2023\/01\/Blumenbrille-shutterstock_1725837607-520x300.jpg",520,300,true],"kahuna-lpbox-2":["https:\/\/digidem-bayern.de\/wp-content\/uploads\/2023\/01\/Blumenbrille-shutterstock_1725837607-520x350.jpg",520,350,true],"demand-language-flag":["https:\/\/digidem-bayern.de\/wp-content\/uploads\/2023\/01\/Blumenbrille-shutterstock_1725837607.jpg",36,25,false],"dddkt-language-flag":["https:\/\/digidem-bayern.de\/wp-content\/uploads\/2023\/01\/Blumenbrille-shutterstock_1725837607-36x36.jpg",36,36,true],"ddiqc-language-flag":["https:\/\/digidem-bayern.de\/wp-content\/uploads\/2023\/01\/Blumenbrille-shutterstock_1725837607-36x36.jpg",36,36,true],"ddtl-language-flag":["https:\/\/digidem-bayern.de\/wp-content\/uploads\/2023\/01\/Blumenbrille-shutterstock_1725837607-36x36.jpg",36,36,true],"mailpoet_newsletter_max":["https:\/\/digidem-bayern.de\/wp-content\/uploads\/2023\/01\/Blumenbrille-shutterstock_1725837607.jpg",1000,690,false],"kahuna-lpbox-3":["https:\/\/digidem-bayern.de\/wp-content\/uploads\/2023\/01\/Blumenbrille-shutterstock_1725837607-520x350.jpg",520,350,true],"kahuna-featured-square":["https:\/\/digidem-bayern.de\/wp-content\/uploads\/2023\/01\/Blumenbrille-shutterstock_1725837607-512x512.jpg",512,512,true],"kahuna-featured-square-large":["https:\/\/digidem-bayern.de\/wp-content\/uploads\/2023\/01\/Blumenbrille-shutterstock_1725837607.jpg",1000,690,false]},"post_excerpt_stackable_v2":"<p>Eines der Schl\u00fcsselprinzipien der Positiven Psychologie ist es, das Wohlbefinden und die psychische Gesundheit zu f\u00f6rdern. Wer zum Beispiel gerade eine Pfleget\u00e4tigkeit f\u00fcr einen Menschen mit Demenz \u00fcbernommen hat, ben\u00f6tigt bei einer Lebensherausforderung wie dieser eine sogenannte Selbstregulierungsstrategie, bei der positive Emotionen hilfreich sind. \u201cEine wachsende Zahl von Forschungsarbeiten unterstreicht die einzigartige Rolle, die positives Denken und positive Emotionen f\u00fcr die geistige und k\u00f6rperliche Gesundheit von pflegenden Angeh\u00f6rigen spielen\u201c, schreibt der Autor im Welt Alzheimer Report 2022. Die Bedeutung, die Positive Psychologie f\u00fcr pflegende Angeh\u00f6rige hat, haben umfangreiche wissenschaftliche Analysen unterstrichen. Demnach bewirken sie eine Verringerung von Depressionen oder negativen&hellip;<\/p>\n","category_list_v2":"<a href=\"https:\/\/digidem-bayern.de\/en\/category\/wissenschaft-forschung\/\" rel=\"category tag\">Wissenschaft &amp; Forschung<\/a>","author_info_v2":{"name":"Ilona H\u00f6rath","url":"https:\/\/digidem-bayern.de\/en\/author\/hoeratia\/"},"comments_num_v2":"0 comments","yoast_head":"<!-- This site is optimized with the Yoast SEO plugin v27.5 - https:\/\/yoast.com\/product\/yoast-seo-wordpress\/ -->\n<title>Gesundheitsschutz durch Positive Psychologie - digiDEM Bayern<\/title>\n<meta name=\"description\" content=\"Der Bayerische Landesapothekerkammer unterst\u00fctzt digiDEM Bayern mit Hilfe des Netzwerks &quot;Demenzfreundliche Apotheken&quot;.\" \/>\n<meta name=\"robots\" content=\"index, follow, max-snippet:-1, max-image-preview:large, max-video-preview:-1\" \/>\n<link rel=\"canonical\" href=\"https:\/\/digidem-bayern.de\/en\/wie-demenzsensibel-behandelt-der-zahnarzt-2\/\" \/>\n<meta property=\"og:locale\" content=\"en_US\" \/>\n<meta property=\"og:type\" content=\"article\" \/>\n<meta property=\"og:title\" content=\"Gesundheitsschutz durch Positive Psychologie - digiDEM Bayern\" \/>\n<meta property=\"og:description\" content=\"Der Bayerische Landesapothekerkammer unterst\u00fctzt digiDEM Bayern mit Hilfe des Netzwerks &quot;Demenzfreundliche Apotheken&quot;.\" \/>\n<meta property=\"og:url\" content=\"https:\/\/digidem-bayern.de\/en\/wie-demenzsensibel-behandelt-der-zahnarzt-2\/\" \/>\n<meta property=\"og:site_name\" content=\"digiDEM Bayern\" \/>\n<meta property=\"article:publisher\" content=\"https:\/\/www.facebook.com\/digiDEMBayern\/\" \/>\n<meta property=\"article:published_time\" content=\"2023-01-26T10:25:00+00:00\" \/>\n<meta property=\"article:modified_time\" content=\"2023-02-09T13:55:53+00:00\" \/>\n<meta property=\"og:image\" content=\"https:\/\/digidem-bayern.de\/wp-content\/uploads\/2023\/01\/Blumenbrille-shutterstock_1725837607.jpg\" \/>\n\t<meta property=\"og:image:width\" content=\"1000\" \/>\n\t<meta property=\"og:image:height\" content=\"690\" \/>\n\t<meta property=\"og:image:type\" content=\"image\/jpeg\" \/>\n<meta name=\"author\" content=\"Ilona H\u00f6rath\" \/>\n<meta name=\"twitter:label1\" content=\"Written by\" \/>\n\t<meta name=\"twitter:data1\" content=\"Ilona H\u00f6rath\" \/>\n\t<meta name=\"twitter:label2\" content=\"Est. reading time\" \/>\n\t<meta name=\"twitter:data2\" content=\"2 minutes\" \/>\n<script type=\"application\/ld+json\" class=\"yoast-schema-graph\">{\"@context\":\"https:\\\/\\\/schema.org\",\"@graph\":[{\"@type\":\"Article\",\"@id\":\"https:\\\/\\\/digidem-bayern.de\\\/wie-demenzsensibel-behandelt-der-zahnarzt-2\\\/#article\",\"isPartOf\":{\"@id\":\"https:\\\/\\\/digidem-bayern.de\\\/wie-demenzsensibel-behandelt-der-zahnarzt-2\\\/\"},\"author\":{\"name\":\"Ilona H\u00f6rath\",\"@id\":\"\\\/#\\\/schema\\\/person\\\/0bc1494f46fc2a051c761322a80e0941\"},\"headline\":\"Gesundheitsschutz durch Positive Psychologie\",\"datePublished\":\"2023-01-26T10:25:00+00:00\",\"dateModified\":\"2023-02-09T13:55:53+00:00\",\"mainEntityOfPage\":{\"@id\":\"https:\\\/\\\/digidem-bayern.de\\\/wie-demenzsensibel-behandelt-der-zahnarzt-2\\\/\"},\"wordCount\":393,\"commentCount\":0,\"publisher\":{\"@id\":\"\\\/#organization\"},\"image\":{\"@id\":\"https:\\\/\\\/digidem-bayern.de\\\/wie-demenzsensibel-behandelt-der-zahnarzt-2\\\/#primaryimage\"},\"thumbnailUrl\":\"https:\\\/\\\/digidem-bayern.de\\\/wp-content\\\/uploads\\\/2023\\\/01\\\/Blumenbrille-shutterstock_1725837607.jpg\",\"keywords\":[\"Alzheimer\",\"Alzheimer-Demenz\",\"Demenz\",\"digidem\",\"digidem Bayern\",\"Digitales Demenzregister Bayern\",\"Emotionen\",\"Lebenszufriedenheit\",\"Pflegende\",\"positive Psychologie\",\"Wohlbefinden\"],\"articleSection\":[\"Wissenschaft &amp; Forschung\"],\"inLanguage\":\"en-US\",\"potentialAction\":[{\"@type\":\"CommentAction\",\"name\":\"Comment\",\"target\":[\"https:\\\/\\\/digidem-bayern.de\\\/wie-demenzsensibel-behandelt-der-zahnarzt-2\\\/#respond\"]}]},{\"@type\":\"WebPage\",\"@id\":\"https:\\\/\\\/digidem-bayern.de\\\/wie-demenzsensibel-behandelt-der-zahnarzt-2\\\/\",\"url\":\"https:\\\/\\\/digidem-bayern.de\\\/wie-demenzsensibel-behandelt-der-zahnarzt-2\\\/\",\"name\":\"Gesundheitsschutz durch Positive Psychologie - digiDEM Bayern\",\"isPartOf\":{\"@id\":\"\\\/#website\"},\"primaryImageOfPage\":{\"@id\":\"https:\\\/\\\/digidem-bayern.de\\\/wie-demenzsensibel-behandelt-der-zahnarzt-2\\\/#primaryimage\"},\"image\":{\"@id\":\"https:\\\/\\\/digidem-bayern.de\\\/wie-demenzsensibel-behandelt-der-zahnarzt-2\\\/#primaryimage\"},\"thumbnailUrl\":\"https:\\\/\\\/digidem-bayern.de\\\/wp-content\\\/uploads\\\/2023\\\/01\\\/Blumenbrille-shutterstock_1725837607.jpg\",\"datePublished\":\"2023-01-26T10:25:00+00:00\",\"dateModified\":\"2023-02-09T13:55:53+00:00\",\"description\":\"Der Bayerische Landesapothekerkammer unterst\u00fctzt digiDEM Bayern mit Hilfe des Netzwerks \\\"Demenzfreundliche Apotheken\\\".\",\"breadcrumb\":{\"@id\":\"https:\\\/\\\/digidem-bayern.de\\\/wie-demenzsensibel-behandelt-der-zahnarzt-2\\\/#breadcrumb\"},\"inLanguage\":\"en-US\",\"potentialAction\":[{\"@type\":\"ReadAction\",\"target\":[\"https:\\\/\\\/digidem-bayern.de\\\/wie-demenzsensibel-behandelt-der-zahnarzt-2\\\/\"]}]},{\"@type\":\"ImageObject\",\"inLanguage\":\"en-US\",\"@id\":\"https:\\\/\\\/digidem-bayern.de\\\/wie-demenzsensibel-behandelt-der-zahnarzt-2\\\/#primaryimage\",\"url\":\"https:\\\/\\\/digidem-bayern.de\\\/wp-content\\\/uploads\\\/2023\\\/01\\\/Blumenbrille-shutterstock_1725837607.jpg\",\"contentUrl\":\"https:\\\/\\\/digidem-bayern.de\\\/wp-content\\\/uploads\\\/2023\\\/01\\\/Blumenbrille-shutterstock_1725837607.jpg\",\"width\":1000,\"height\":690,\"caption\":\"Foto: Shutterstock\"},{\"@type\":\"BreadcrumbList\",\"@id\":\"https:\\\/\\\/digidem-bayern.de\\\/wie-demenzsensibel-behandelt-der-zahnarzt-2\\\/#breadcrumb\",\"itemListElement\":[{\"@type\":\"ListItem\",\"position\":1,\"name\":\"Startseite\",\"item\":\"https:\\\/\\\/digidem-bayern.de\\\/\"},{\"@type\":\"ListItem\",\"position\":2,\"name\":\"Gesundheitsschutz durch Positive Psychologie\"}]},{\"@type\":\"WebSite\",\"@id\":\"\\\/#website\",\"url\":\"\\\/\",\"name\":\"digiDEM Bayern\",\"description\":\"Das digitale Demenzregister Bayern erforscht und verbessert die Angebotsstuktur f\u00fcr Menschen mit Demenz und deren Angeh\u00f6rige\",\"publisher\":{\"@id\":\"\\\/#organization\"},\"potentialAction\":[{\"@type\":\"SearchAction\",\"target\":{\"@type\":\"EntryPoint\",\"urlTemplate\":\"\\\/?s={search_term_string}\"},\"query-input\":{\"@type\":\"PropertyValueSpecification\",\"valueRequired\":true,\"valueName\":\"search_term_string\"}}],\"inLanguage\":\"en-US\"},{\"@type\":\"Organization\",\"@id\":\"\\\/#organization\",\"name\":\"digiDEM Bayern\",\"url\":\"\\\/\",\"logo\":{\"@type\":\"ImageObject\",\"inLanguage\":\"en-US\",\"@id\":\"\\\/#\\\/schema\\\/logo\\\/image\\\/\",\"url\":\"https:\\\/\\\/digidem-bayern.de\\\/wp-content\\\/uploads\\\/2022\\\/03\\\/cropped-Allgemeines_digiDEMLOGO-removebg-preview.png\",\"contentUrl\":\"https:\\\/\\\/digidem-bayern.de\\\/wp-content\\\/uploads\\\/2022\\\/03\\\/cropped-Allgemeines_digiDEMLOGO-removebg-preview.png\",\"width\":612,\"height\":357,\"caption\":\"digiDEM Bayern\"},\"image\":{\"@id\":\"\\\/#\\\/schema\\\/logo\\\/image\\\/\"},\"sameAs\":[\"https:\\\/\\\/www.facebook.com\\\/digiDEMBayern\\\/\",\"https:\\\/\\\/x.com\\\/digidem_bayern\",\"https:\\\/\\\/www.instagram.com\\\/digidem.bayern\",\"https:\\\/\\\/www.linkedin.com\\\/company\\\/digidem-bayern\\\/\"]},{\"@type\":\"Person\",\"@id\":\"\\\/#\\\/schema\\\/person\\\/0bc1494f46fc2a051c761322a80e0941\",\"name\":\"Ilona H\u00f6rath\",\"url\":\"https:\\\/\\\/digidem-bayern.de\\\/en\\\/author\\\/hoeratia\\\/\"}]}<\/script>\n<!-- \/ Yoast SEO plugin. -->","yoast_head_json":{"title":"Gesundheitsschutz durch Positive Psychologie - digiDEM Bayern","description":"Der Bayerische Landesapothekerkammer unterst\u00fctzt digiDEM Bayern mit Hilfe des Netzwerks \"Demenzfreundliche Apotheken\".","robots":{"index":"index","follow":"follow","max-snippet":"max-snippet:-1","max-image-preview":"max-image-preview:large","max-video-preview":"max-video-preview:-1"},"canonical":"https:\/\/digidem-bayern.de\/en\/wie-demenzsensibel-behandelt-der-zahnarzt-2\/","og_locale":"en_US","og_type":"article","og_title":"Gesundheitsschutz durch Positive Psychologie - digiDEM Bayern","og_description":"Der Bayerische Landesapothekerkammer unterst\u00fctzt digiDEM Bayern mit Hilfe des Netzwerks \"Demenzfreundliche Apotheken\".","og_url":"https:\/\/digidem-bayern.de\/en\/wie-demenzsensibel-behandelt-der-zahnarzt-2\/","og_site_name":"digiDEM Bayern","article_publisher":"https:\/\/www.facebook.com\/digiDEMBayern\/","article_published_time":"2023-01-26T10:25:00+00:00","article_modified_time":"2023-02-09T13:55:53+00:00","og_image":[{"width":1000,"height":690,"url":"https:\/\/digidem-bayern.de\/wp-content\/uploads\/2023\/01\/Blumenbrille-shutterstock_1725837607.jpg","type":"image\/jpeg"}],"author":"Ilona H\u00f6rath","twitter_misc":{"Written by":"Ilona H\u00f6rath","Est. reading time":"2 minutes"},"schema":{"@context":"https:\/\/schema.org","@graph":[{"@type":"Article","@id":"https:\/\/digidem-bayern.de\/wie-demenzsensibel-behandelt-der-zahnarzt-2\/#article","isPartOf":{"@id":"https:\/\/digidem-bayern.de\/wie-demenzsensibel-behandelt-der-zahnarzt-2\/"},"author":{"name":"Ilona H\u00f6rath","@id":"\/#\/schema\/person\/0bc1494f46fc2a051c761322a80e0941"},"headline":"Gesundheitsschutz durch Positive Psychologie","datePublished":"2023-01-26T10:25:00+00:00","dateModified":"2023-02-09T13:55:53+00:00","mainEntityOfPage":{"@id":"https:\/\/digidem-bayern.de\/wie-demenzsensibel-behandelt-der-zahnarzt-2\/"},"wordCount":393,"commentCount":0,"publisher":{"@id":"\/#organization"},"image":{"@id":"https:\/\/digidem-bayern.de\/wie-demenzsensibel-behandelt-der-zahnarzt-2\/#primaryimage"},"thumbnailUrl":"https:\/\/digidem-bayern.de\/wp-content\/uploads\/2023\/01\/Blumenbrille-shutterstock_1725837607.jpg","keywords":["Alzheimer","Alzheimer-Demenz","Demenz","digidem","digidem Bayern","Digitales Demenzregister Bayern","Emotionen","Lebenszufriedenheit","Pflegende","positive Psychologie","Wohlbefinden"],"articleSection":["Wissenschaft &amp; Forschung"],"inLanguage":"en-US","potentialAction":[{"@type":"CommentAction","name":"Comment","target":["https:\/\/digidem-bayern.de\/wie-demenzsensibel-behandelt-der-zahnarzt-2\/#respond"]}]},{"@type":"WebPage","@id":"https:\/\/digidem-bayern.de\/wie-demenzsensibel-behandelt-der-zahnarzt-2\/","url":"https:\/\/digidem-bayern.de\/wie-demenzsensibel-behandelt-der-zahnarzt-2\/","name":"Gesundheitsschutz durch Positive Psychologie - digiDEM Bayern","isPartOf":{"@id":"\/#website"},"primaryImageOfPage":{"@id":"https:\/\/digidem-bayern.de\/wie-demenzsensibel-behandelt-der-zahnarzt-2\/#primaryimage"},"image":{"@id":"https:\/\/digidem-bayern.de\/wie-demenzsensibel-behandelt-der-zahnarzt-2\/#primaryimage"},"thumbnailUrl":"https:\/\/digidem-bayern.de\/wp-content\/uploads\/2023\/01\/Blumenbrille-shutterstock_1725837607.jpg","datePublished":"2023-01-26T10:25:00+00:00","dateModified":"2023-02-09T13:55:53+00:00","description":"Der Bayerische Landesapothekerkammer unterst\u00fctzt digiDEM Bayern mit Hilfe des Netzwerks \"Demenzfreundliche Apotheken\".","breadcrumb":{"@id":"https:\/\/digidem-bayern.de\/wie-demenzsensibel-behandelt-der-zahnarzt-2\/#breadcrumb"},"inLanguage":"en-US","potentialAction":[{"@type":"ReadAction","target":["https:\/\/digidem-bayern.de\/wie-demenzsensibel-behandelt-der-zahnarzt-2\/"]}]},{"@type":"ImageObject","inLanguage":"en-US","@id":"https:\/\/digidem-bayern.de\/wie-demenzsensibel-behandelt-der-zahnarzt-2\/#primaryimage","url":"https:\/\/digidem-bayern.de\/wp-content\/uploads\/2023\/01\/Blumenbrille-shutterstock_1725837607.jpg","contentUrl":"https:\/\/digidem-bayern.de\/wp-content\/uploads\/2023\/01\/Blumenbrille-shutterstock_1725837607.jpg","width":1000,"height":690,"caption":"Foto: Shutterstock"},{"@type":"BreadcrumbList","@id":"https:\/\/digidem-bayern.de\/wie-demenzsensibel-behandelt-der-zahnarzt-2\/#breadcrumb","itemListElement":[{"@type":"ListItem","position":1,"name":"Startseite","item":"https:\/\/digidem-bayern.de\/"},{"@type":"ListItem","position":2,"name":"Gesundheitsschutz durch Positive Psychologie"}]},{"@type":"WebSite","@id":"\/#website","url":"\/","name":"digiDEM Bavaria","description":"The digital dementia register in Bavaria researches and improves the structure of services for people with dementia and their relatives","publisher":{"@id":"\/#organization"},"potentialAction":[{"@type":"SearchAction","target":{"@type":"EntryPoint","urlTemplate":"\/?s={search_term_string}"},"query-input":{"@type":"PropertyValueSpecification","valueRequired":true,"valueName":"search_term_string"}}],"inLanguage":"en-US"},{"@type":"Organization","@id":"\/#organization","name":"digiDEM Bavaria","url":"\/","logo":{"@type":"ImageObject","inLanguage":"en-US","@id":"\/#\/schema\/logo\/image\/","url":"https:\/\/digidem-bayern.de\/wp-content\/uploads\/2022\/03\/cropped-Allgemeines_digiDEMLOGO-removebg-preview.png","contentUrl":"https:\/\/digidem-bayern.de\/wp-content\/uploads\/2022\/03\/cropped-Allgemeines_digiDEMLOGO-removebg-preview.png","width":612,"height":357,"caption":"digiDEM Bayern"},"image":{"@id":"\/#\/schema\/logo\/image\/"},"sameAs":["https:\/\/www.facebook.com\/digiDEMBayern\/","https:\/\/x.com\/digidem_bayern","https:\/\/www.instagram.com\/digidem.bayern","https:\/\/www.linkedin.com\/company\/digidem-bayern\/"]},{"@type":"Person","@id":"\/#\/schema\/person\/0bc1494f46fc2a051c761322a80e0941","name":"Ilona H\u00f6rath","url":"https:\/\/digidem-bayern.de\/en\/author\/hoeratia\/"}]}},"uagb_featured_image_src":{"full":["https:\/\/digidem-bayern.de\/wp-content\/uploads\/2023\/01\/Blumenbrille-shutterstock_1725837607.jpg",1000,690,false],"thumbnail":["https:\/\/digidem-bayern.de\/wp-content\/uploads\/2023\/01\/Blumenbrille-shutterstock_1725837607-80x80.jpg",80,80,true],"medium":["https:\/\/digidem-bayern.de\/wp-content\/uploads\/2023\/01\/Blumenbrille-shutterstock_1725837607-300x207.jpg",300,207,true],"medium_large":["https:\/\/digidem-bayern.de\/wp-content\/uploads\/2023\/01\/Blumenbrille-shutterstock_1725837607-768x530.jpg",768,530,true],"large":["https:\/\/digidem-bayern.de\/wp-content\/uploads\/2023\/01\/Blumenbrille-shutterstock_1725837607.jpg",1000,690,false],"1536x1536":["https:\/\/digidem-bayern.de\/wp-content\/uploads\/2023\/01\/Blumenbrille-shutterstock_1725837607.jpg",1000,690,false],"2048x2048":["https:\/\/digidem-bayern.de\/wp-content\/uploads\/2023\/01\/Blumenbrille-shutterstock_1725837607.jpg",1000,690,false],"trp-custom-language-flag":["https:\/\/digidem-bayern.de\/wp-content\/uploads\/2023\/01\/Blumenbrille-shutterstock_1725837607.jpg",18,12,false],"qubely_landscape":["https:\/\/digidem-bayern.de\/wp-content\/uploads\/2023\/01\/Blumenbrille-shutterstock_1725837607.jpg",1000,690,false],"qubely_portrait":["https:\/\/digidem-bayern.de\/wp-content\/uploads\/2023\/01\/Blumenbrille-shutterstock_1725837607-540x320.jpg",540,320,true],"qubely_thumbnail":["https:\/\/digidem-bayern.de\/wp-content\/uploads\/2023\/01\/Blumenbrille-shutterstock_1725837607-140x100.jpg",140,100,true],"post-thumbnail":["https:\/\/digidem-bayern.de\/wp-content\/uploads\/2023\/01\/Blumenbrille-shutterstock_1725837607-507x350.jpg",507,350,true],"kahuna-featured":["https:\/\/digidem-bayern.de\/wp-content\/uploads\/2023\/01\/Blumenbrille-shutterstock_1725837607-734x350.jpg",734,350,true],"kahuna-featured-lp":["https:\/\/digidem-bayern.de\/wp-content\/uploads\/2023\/01\/Blumenbrille-shutterstock_1725837607-520x350.jpg",520,350,true],"kahuna-featured-half":["https:\/\/digidem-bayern.de\/wp-content\/uploads\/2023\/01\/Blumenbrille-shutterstock_1725837607-800x350.jpg",800,350,true],"kahuna-featured-third":["https:\/\/digidem-bayern.de\/wp-content\/uploads\/2023\/01\/Blumenbrille-shutterstock_1725837607-512x350.jpg",512,350,true],"kahuna-lpbox-1":["https:\/\/digidem-bayern.de\/wp-content\/uploads\/2023\/01\/Blumenbrille-shutterstock_1725837607-520x300.jpg",520,300,true],"kahuna-lpbox-2":["https:\/\/digidem-bayern.de\/wp-content\/uploads\/2023\/01\/Blumenbrille-shutterstock_1725837607-520x350.jpg",520,350,true],"demand-language-flag":["https:\/\/digidem-bayern.de\/wp-content\/uploads\/2023\/01\/Blumenbrille-shutterstock_1725837607.jpg",36,25,false],"dddkt-language-flag":["https:\/\/digidem-bayern.de\/wp-content\/uploads\/2023\/01\/Blumenbrille-shutterstock_1725837607-36x36.jpg",36,36,true],"ddiqc-language-flag":["https:\/\/digidem-bayern.de\/wp-content\/uploads\/2023\/01\/Blumenbrille-shutterstock_1725837607-36x36.jpg",36,36,true],"ddtl-language-flag":["https:\/\/digidem-bayern.de\/wp-content\/uploads\/2023\/01\/Blumenbrille-shutterstock_1725837607-36x36.jpg",36,36,true],"mailpoet_newsletter_max":["https:\/\/digidem-bayern.de\/wp-content\/uploads\/2023\/01\/Blumenbrille-shutterstock_1725837607.jpg",1000,690,false],"kahuna-lpbox-3":["https:\/\/digidem-bayern.de\/wp-content\/uploads\/2023\/01\/Blumenbrille-shutterstock_1725837607-520x350.jpg",520,350,true],"kahuna-featured-square":["https:\/\/digidem-bayern.de\/wp-content\/uploads\/2023\/01\/Blumenbrille-shutterstock_1725837607-512x512.jpg",512,512,true],"kahuna-featured-square-large":["https:\/\/digidem-bayern.de\/wp-content\/uploads\/2023\/01\/Blumenbrille-shutterstock_1725837607.jpg",1000,690,false]},"uagb_author_info":{"display_name":"Ilona H\u00f6rath","author_link":"https:\/\/digidem-bayern.de\/en\/author\/hoeratia\/"},"uagb_comment_info":0,"uagb_excerpt":"Eines der Schl\u00fcsselprinzipien der Positiven Psychologie ist es, das Wohlbefinden und die psychische Gesundheit zu f\u00f6rdern. Wer zum Beispiel gerade eine Pfleget\u00e4tigkeit f\u00fcr einen Menschen mit Demenz \u00fcbernommen hat, ben\u00f6tigt bei einer Lebensherausforderung wie dieser eine sogenannte Selbstregulierungsstrategie, bei der positive Emotionen hilfreich sind. \u201cEine wachsende Zahl von Forschungsarbeiten unterstreicht &hellip;","_links":{"self":[{"href":"https:\/\/digidem-bayern.de\/en\/wp-json\/wp\/v2\/posts\/25681","targetHints":{"allow":["GET"]}}],"collection":[{"href":"https:\/\/digidem-bayern.de\/en\/wp-json\/wp\/v2\/posts"}],"about":[{"href":"https:\/\/digidem-bayern.de\/en\/wp-json\/wp\/v2\/types\/post"}],"author":[{"embeddable":true,"href":"https:\/\/digidem-bayern.de\/en\/wp-json\/wp\/v2\/users\/12"}],"replies":[{"embeddable":true,"href":"https:\/\/digidem-bayern.de\/en\/wp-json\/wp\/v2\/comments?post=25681"}],"version-history":[{"count":3,"href":"https:\/\/digidem-bayern.de\/en\/wp-json\/wp\/v2\/posts\/25681\/revisions"}],"predecessor-version":[{"id":25706,"href":"https:\/\/digidem-bayern.de\/en\/wp-json\/wp\/v2\/posts\/25681\/revisions\/25706"}],"wp:featuredmedia":[{"embeddable":true,"href":"https:\/\/digidem-bayern.de\/en\/wp-json\/wp\/v2\/media\/25685"}],"wp:attachment":[{"href":"https:\/\/digidem-bayern.de\/en\/wp-json\/wp\/v2\/media?parent=25681"}],"wp:term":[{"taxonomy":"category","embeddable":true,"href":"https:\/\/digidem-bayern.de\/en\/wp-json\/wp\/v2\/categories?post=25681"},{"taxonomy":"post_tag","embeddable":true,"href":"https:\/\/digidem-bayern.de\/en\/wp-json\/wp\/v2\/tags?post=25681"}],"curies":[{"name":"wp","href":"https:\/\/api.w.org\/{rel}","templated":true}]}}