{"id":25596,"date":"2023-01-20T10:46:15","date_gmt":"2023-01-20T09:46:15","guid":{"rendered":"https:\/\/digidem-bayern.de\/?p=25596"},"modified":"2023-05-11T15:13:28","modified_gmt":"2023-05-11T13:13:28","slug":"neues-wissen-ueber-angebote-fuer-pflegende-angehoerige","status":"publish","type":"post","link":"https:\/\/digidem-bayern.de\/en\/neues-wissen-ueber-angebote-fuer-pflegende-angehoerige\/","title":{"rendered":"Neues Wissen \u00fcber Angebote f\u00fcr pflegende Angeh\u00f6rige"},"content":{"rendered":"<p>Angeh\u00f6rige von Menschen mit Demenz stehen im Alltag meist vor gro\u00dfen Herausforderungen. So empfinden Angeh\u00f6rige h\u00e4ufig ein Gef\u00fchl der \u00dcberforderung und stehen unter erh\u00f6hter psychischer Belastung. Au\u00dferdem k\u00f6nnen durch die ver\u00e4nderte Situation Konflikte mit dem Menschen mit Demenz selbst oder auch zwischen den pflegenden Angeh\u00f6rigen eines Betroffenen entstehen.&nbsp;<\/p>\n\n\n\n<p>Verschiedene Angebote f\u00fcr pflegende Angeh\u00f6rige tragen dazu bei, eine Balance zwischen der Pflege von Menschen mit Demenz und den eigenen Bed\u00fcrfnissen und Aufgaben zu halten. Doch gibt es auch wissenschaftliche Nachweise, dass sich diese Angebote wirklich positiv auf pflegende Angeh\u00f6rige auswirken? Dies ist eine der Fragestellungen, denen sich der World Alzheimer Report 2022 widmet. Hierbei beschreiben die Autor*innen zum Beispiel \u201ePsychoedukation\u201c, \u201eMeditation\u201c, \u201eTrauerbew\u00e4ltigung\u201c und \u201epositive Psychologie\u201c und stellen den aktuellen wissenschaftlichen Stand zur Wirksamkeit unterschiedlicher Angebote dar.&nbsp;<\/p>\n\n\n\n<p>Das digiDEM Bayern-Team stellt in diesem Webinar neues Wissen \u00fcber die im World Alzheimer Report 2022 genannten Angebote vor und pr\u00e4sentiert praktische Beispiele aus Deutschland.<\/p>\n\n\n\n<figure class=\"wp-block-embed is-type-video is-provider-youtube wp-block-embed-youtube wp-embed-aspect-16-9 wp-has-aspect-ratio\"><div class=\"wp-block-embed__wrapper\">\n<iframe loading=\"lazy\" title=\"Webinar: Neues Wissen \u00fcber Angebote f\u00fcr pflegende Angeh\u00f6rige\" width=\"1223\" height=\"688\" src=\"https:\/\/www.youtube.com\/embed\/M3bFehEU_a0?feature=oembed\" frameborder=\"0\" allow=\"accelerometer; autoplay; clipboard-write; encrypted-media; gyroscope; picture-in-picture; web-share\" allowfullscreen><\/iframe>\n<\/div><\/figure>\n\n\n\n<div style=\"height:20px\" aria-hidden=\"true\" class=\"wp-block-spacer\"><\/div>\n\n\n\n<div style=\"height:20px\" aria-hidden=\"true\" class=\"wp-block-spacer\"><\/div>\n\n\n\n<p class=\"has-text-align-center\"><strong>Hier gibt es das Webinar als PDF zum <a href=\"https:\/\/digidem-bayern.de\/wp-content\/uploads\/2023\/01\/2023-01-17_digiDEM-Webinar_Nr43_Copyright-1.pdf\">Download<\/a><\/strong><\/p>\n\n\n\n<p><\/p>\n\n\n\n<div style=\"height:20px\" aria-hidden=\"true\" class=\"wp-block-spacer\"><\/div>\n\n\n\n<h2 class=\"wp-block-heading has-text-align-center\" id=\"dienstag-08-02-2022-11-00-11-45-uhr\"><strong><strong>Dienstag, 17.01.2023, 11.00-11.45 Uhr<\/strong><\/strong><\/h2>\n\n\n\n<div class=\"wp-block-stackable-columns stk-block-columns stk-block stk-f944728\" data-block-id=\"f944728\"><div class=\"stk-row stk-inner-blocks stk-block-content stk-content-align stk-f944728-column\">\n<div class=\"wp-block-stackable-column stk-block-column stk-column stk-block stk-dba43f6\" data-block-id=\"dba43f6\"><div class=\"stk-column-wrapper stk-block-column__content stk-container stk-dba43f6-container stk--no-background stk--no-padding\"><div class=\"stk-block-content stk-inner-blocks\">\n<div class=\"wp-block-group\"><div class=\"wp-block-group__inner-container is-layout-flow wp-block-group-is-layout-flow\">\n<div class=\"wp-block-uagb-team uagb-team__image-position-above uagb-team__align-center uagb-team__stack-tablet uagb-block-fab98536\"><div class=\"uagb-team__content\"><img decoding=\"async\" class=\"uagb-team__image-crop-circle\" src=\"https:\/\/digidem-bayern.de\/wp-content\/uploads\/2022\/11\/FWE_NEU_Quadrat.jpg\" alt=\"Florian Weidinger\" height=\"120\" width=\"120\" loading=\"lazy\"\/><h3 class=\"uagb-team__title\">Florian Weidinger<\/h3><span class=\"uagb-team__prefix\">Referent<\/span><p class=\"uagb-team__desc\"><em>Wissenschaftlicher Mitarbeiter M. Sc.<\/em><\/p><\/div><\/div>\n<\/div><\/div>\n<\/div><\/div><\/div>\n\n\n\n<div class=\"wp-block-stackable-column stk-block-column stk-column stk-block stk-1d60a93\" data-block-id=\"1d60a93\"><div class=\"stk-column-wrapper stk-block-column__content stk-container stk-1d60a93-container stk--no-background stk--no-padding\"><div class=\"stk-block-content stk-inner-blocks\">\n<div class=\"wp-block-uagb-team uagb-team__image-position-above uagb-team__align-center uagb-team__stack-tablet uagb-block-a23c3850\"><div class=\"uagb-team__content\"><img decoding=\"async\" class=\"uagb-team__image-crop-circle\" src=\"https:\/\/digidem-bayern.de\/wp-content\/uploads\/2022\/11\/JRUe_NEU_Quadrat.jpg\" alt=\"\" height=\"120\" width=\"120\" loading=\"lazy\"\/><h3 class=\"uagb-team__title\">Jana R\u00fchl<\/h3><span class=\"uagb-team__prefix\">Chatroom Betreuung<\/span><p class=\"uagb-team__desc\"><em>Wissenschaftliche Mitarbeiterin M. Sc.<\/em><\/p><\/div><\/div>\n<\/div><\/div><\/div>\n<\/div><\/div>\n\n\n\n<div style=\"height:20px\" aria-hidden=\"true\" class=\"wp-block-spacer\"><\/div>\n\n\n\n<p>Sie interessieren Sich f\u00fcr weitere Webinare zu Themen aus der internationalen Demenz-Forschung? In unserer <a href=\"https:\/\/test.digidem-bayern.de\/science-watch-live\/\">Mediathek<\/a> finden Sie alle vergangenen Webinare als Video-Mitschnitte.<\/p>\n\n\n\n<p>Mit der Webinar-Reihe \u201eScience Watch LIVE\u201c bieten wir einen zus\u00e4tzlichen Service zu unserem monatlichen Newsletter <a href=\"https:\/\/test.digidem-bayern.de\/newsletter\/\">digiDEM Bayern Science Wa<\/a><a href=\"https:\/\/test.digidem-bayern.de\/newsletter-2\/\">tch<\/a>, in dem wir wissenschaftliche Erkenntnisse aus der Demenzforschung bereitstellen. &nbsp;<\/p>\n\n\n\n<p>Vor dem Hintergrund massenhaft verbreiteter Halbwahrheiten und Fake News, ist evidenzbasierte Wissenschaft gefragt. Es ist wichtiger denn je, wissenschaftliche Erkenntnisse so zu vermitteln, dass sie f\u00fcr die Gesellschaft verst\u00e4ndlich sind und ein Austausch dar\u00fcber gef\u00f6rdert wird. Dazu m\u00f6chten wir als digiDEM Bayern-Projektteam beitragen, jetzt auch mit <strong><em>digiDEM Bayern Science Wach LIVE<\/em><\/strong>.<\/p>\n\n\n\n<p><\/p>","protected":false},"excerpt":{"rendered":"<p>Angeh\u00f6rige von Menschen mit Demenz stehen im Alltag meist vor gro\u00dfen Herausforderungen. So empfinden Angeh\u00f6rige h\u00e4ufig ein Gef\u00fchl der \u00dcberforderung und stehen unter erh\u00f6hter psychischer Belastung. Au\u00dferdem k\u00f6nnen durch die ver\u00e4nderte Situation Konflikte mit dem Menschen mit Demenz selbst oder auch zwischen den pflegenden Angeh\u00f6rigen eines Betroffenen entstehen.&nbsp; Verschiedene Angebote &hellip;<\/p>","protected":false},"author":12,"featured_media":25528,"comment_status":"open","ping_status":"closed","sticky":false,"template":"","format":"standard","meta":{"qubely_global_settings":"true","qubely_interactions":"","_uag_custom_page_level_css":"","footnotes":""},"categories":[123],"tags":[13,12,14,17,55,596,93,594,595,592],"class_list":["post-25596","post","type-post","status-publish","format-standard","has-post-thumbnail","hentry","category-sciene-watch-live-archiv","tag-alzheimer","tag-demenz-2","tag-digidem","tag-digidem-bayern","tag-digitales-demenzregister-bayern","tag-meditation","tag-pflegende-angehoerige","tag-positive-psychologie","tag-psychische-belastung","tag-psychoedukation"],"qubely_featured_image_url":{"full":["https:\/\/digidem-bayern.de\/wp-content\/uploads\/2023\/01\/shutterstock_1415511395.jpg",1000,667,false],"landscape":["https:\/\/digidem-bayern.de\/wp-content\/uploads\/2023\/01\/shutterstock_1415511395.jpg",1000,667,false],"portraits":["https:\/\/digidem-bayern.de\/wp-content\/uploads\/2023\/01\/shutterstock_1415511395-540x320.jpg",540,320,true],"thumbnail":["https:\/\/digidem-bayern.de\/wp-content\/uploads\/2023\/01\/shutterstock_1415511395-80x80.jpg",80,80,true],"medium":["https:\/\/digidem-bayern.de\/wp-content\/uploads\/2023\/01\/shutterstock_1415511395-300x200.jpg",300,200,true],"medium_large":["https:\/\/digidem-bayern.de\/wp-content\/uploads\/2023\/01\/shutterstock_1415511395-768x512.jpg",768,512,true],"large":["https:\/\/digidem-bayern.de\/wp-content\/uploads\/2023\/01\/shutterstock_1415511395.jpg",1000,667,false],"1536x1536":["https:\/\/digidem-bayern.de\/wp-content\/uploads\/2023\/01\/shutterstock_1415511395.jpg",1000,667,false],"2048x2048":["https:\/\/digidem-bayern.de\/wp-content\/uploads\/2023\/01\/shutterstock_1415511395.jpg",1000,667,false],"trp-custom-language-flag":["https:\/\/digidem-bayern.de\/wp-content\/uploads\/2023\/01\/shutterstock_1415511395.jpg",18,12,false],"qubely_landscape":["https:\/\/digidem-bayern.de\/wp-content\/uploads\/2023\/01\/shutterstock_1415511395.jpg",1000,667,false],"qubely_portrait":["https:\/\/digidem-bayern.de\/wp-content\/uploads\/2023\/01\/shutterstock_1415511395-540x320.jpg",540,320,true],"qubely_thumbnail":["https:\/\/digidem-bayern.de\/wp-content\/uploads\/2023\/01\/shutterstock_1415511395-140x100.jpg",140,100,true],"post-thumbnail":["https:\/\/digidem-bayern.de\/wp-content\/uploads\/2023\/01\/shutterstock_1415511395-525x350.jpg",525,350,true],"kahuna-featured":["https:\/\/digidem-bayern.de\/wp-content\/uploads\/2023\/01\/shutterstock_1415511395-734x350.jpg",734,350,true],"kahuna-featured-lp":["https:\/\/digidem-bayern.de\/wp-content\/uploads\/2023\/01\/shutterstock_1415511395-520x350.jpg",520,350,true],"kahuna-featured-half":["https:\/\/digidem-bayern.de\/wp-content\/uploads\/2023\/01\/shutterstock_1415511395-800x350.jpg",800,350,true],"kahuna-featured-third":["https:\/\/digidem-bayern.de\/wp-content\/uploads\/2023\/01\/shutterstock_1415511395-512x350.jpg",512,350,true],"kahuna-lpbox-1":["https:\/\/digidem-bayern.de\/wp-content\/uploads\/2023\/01\/shutterstock_1415511395-520x300.jpg",520,300,true],"kahuna-lpbox-2":["https:\/\/digidem-bayern.de\/wp-content\/uploads\/2023\/01\/shutterstock_1415511395-520x350.jpg",520,350,true],"demand-language-flag":["https:\/\/digidem-bayern.de\/wp-content\/uploads\/2023\/01\/shutterstock_1415511395.jpg",36,24,false],"dddkt-language-flag":["https:\/\/digidem-bayern.de\/wp-content\/uploads\/2023\/01\/shutterstock_1415511395-36x36.jpg",36,36,true],"ddiqc-language-flag":["https:\/\/digidem-bayern.de\/wp-content\/uploads\/2023\/01\/shutterstock_1415511395-36x36.jpg",36,36,true],"ddtl-language-flag":["https:\/\/digidem-bayern.de\/wp-content\/uploads\/2023\/01\/shutterstock_1415511395-36x36.jpg",36,36,true],"mailpoet_newsletter_max":["https:\/\/digidem-bayern.de\/wp-content\/uploads\/2023\/01\/shutterstock_1415511395.jpg",1000,667,false],"kahuna-lpbox-3":["https:\/\/digidem-bayern.de\/wp-content\/uploads\/2023\/01\/shutterstock_1415511395-520x350.jpg",520,350,true],"kahuna-featured-square":["https:\/\/digidem-bayern.de\/wp-content\/uploads\/2023\/01\/shutterstock_1415511395-512x512.jpg",512,512,true],"kahuna-featured-square-large":["https:\/\/digidem-bayern.de\/wp-content\/uploads\/2023\/01\/shutterstock_1415511395.jpg",1000,667,false]},"qubely_author":{"display_name":"Ilona H\u00f6rath","author_link":"https:\/\/digidem-bayern.de\/en\/author\/hoeratia\/"},"qubely_comment":0,"qubely_category":"<a href=\"https:\/\/digidem-bayern.de\/en\/category\/sciene-watch-live-archiv\/\" rel=\"category tag\">Sciene Watch Live ARCHIV<\/a>","qubely_excerpt":"Angeh\u00f6rige von Menschen mit Demenz stehen im Alltag meist vor gro\u00dfen Herausforderungen. So empfinden Angeh\u00f6rige h\u00e4ufig ein Gef\u00fchl der \u00dcberforderung und stehen unter erh\u00f6hter psychischer Belastung. Au\u00dferdem k\u00f6nnen durch die ver\u00e4nderte Situation Konflikte mit dem Menschen mit Demenz selbst oder auch zwischen den pflegenden Angeh\u00f6rigen eines Betroffenen entstehen.&nbsp; Verschiedene Angebote &hellip;","featured_image_urls_v2":{"full":["https:\/\/digidem-bayern.de\/wp-content\/uploads\/2023\/01\/shutterstock_1415511395.jpg",1000,667,false],"thumbnail":["https:\/\/digidem-bayern.de\/wp-content\/uploads\/2023\/01\/shutterstock_1415511395-80x80.jpg",80,80,true],"medium":["https:\/\/digidem-bayern.de\/wp-content\/uploads\/2023\/01\/shutterstock_1415511395-300x200.jpg",300,200,true],"medium_large":["https:\/\/digidem-bayern.de\/wp-content\/uploads\/2023\/01\/shutterstock_1415511395-768x512.jpg",768,512,true],"large":["https:\/\/digidem-bayern.de\/wp-content\/uploads\/2023\/01\/shutterstock_1415511395.jpg",1000,667,false],"1536x1536":["https:\/\/digidem-bayern.de\/wp-content\/uploads\/2023\/01\/shutterstock_1415511395.jpg",1000,667,false],"2048x2048":["https:\/\/digidem-bayern.de\/wp-content\/uploads\/2023\/01\/shutterstock_1415511395.jpg",1000,667,false],"trp-custom-language-flag":["https:\/\/digidem-bayern.de\/wp-content\/uploads\/2023\/01\/shutterstock_1415511395.jpg",18,12,false],"qubely_landscape":["https:\/\/digidem-bayern.de\/wp-content\/uploads\/2023\/01\/shutterstock_1415511395.jpg",1000,667,false],"qubely_portrait":["https:\/\/digidem-bayern.de\/wp-content\/uploads\/2023\/01\/shutterstock_1415511395-540x320.jpg",540,320,true],"qubely_thumbnail":["https:\/\/digidem-bayern.de\/wp-content\/uploads\/2023\/01\/shutterstock_1415511395-140x100.jpg",140,100,true],"post-thumbnail":["https:\/\/digidem-bayern.de\/wp-content\/uploads\/2023\/01\/shutterstock_1415511395-525x350.jpg",525,350,true],"kahuna-featured":["https:\/\/digidem-bayern.de\/wp-content\/uploads\/2023\/01\/shutterstock_1415511395-734x350.jpg",734,350,true],"kahuna-featured-lp":["https:\/\/digidem-bayern.de\/wp-content\/uploads\/2023\/01\/shutterstock_1415511395-520x350.jpg",520,350,true],"kahuna-featured-half":["https:\/\/digidem-bayern.de\/wp-content\/uploads\/2023\/01\/shutterstock_1415511395-800x350.jpg",800,350,true],"kahuna-featured-third":["https:\/\/digidem-bayern.de\/wp-content\/uploads\/2023\/01\/shutterstock_1415511395-512x350.jpg",512,350,true],"kahuna-lpbox-1":["https:\/\/digidem-bayern.de\/wp-content\/uploads\/2023\/01\/shutterstock_1415511395-520x300.jpg",520,300,true],"kahuna-lpbox-2":["https:\/\/digidem-bayern.de\/wp-content\/uploads\/2023\/01\/shutterstock_1415511395-520x350.jpg",520,350,true],"demand-language-flag":["https:\/\/digidem-bayern.de\/wp-content\/uploads\/2023\/01\/shutterstock_1415511395.jpg",36,24,false],"dddkt-language-flag":["https:\/\/digidem-bayern.de\/wp-content\/uploads\/2023\/01\/shutterstock_1415511395-36x36.jpg",36,36,true],"ddiqc-language-flag":["https:\/\/digidem-bayern.de\/wp-content\/uploads\/2023\/01\/shutterstock_1415511395-36x36.jpg",36,36,true],"ddtl-language-flag":["https:\/\/digidem-bayern.de\/wp-content\/uploads\/2023\/01\/shutterstock_1415511395-36x36.jpg",36,36,true],"mailpoet_newsletter_max":["https:\/\/digidem-bayern.de\/wp-content\/uploads\/2023\/01\/shutterstock_1415511395.jpg",1000,667,false],"kahuna-lpbox-3":["https:\/\/digidem-bayern.de\/wp-content\/uploads\/2023\/01\/shutterstock_1415511395-520x350.jpg",520,350,true],"kahuna-featured-square":["https:\/\/digidem-bayern.de\/wp-content\/uploads\/2023\/01\/shutterstock_1415511395-512x512.jpg",512,512,true],"kahuna-featured-square-large":["https:\/\/digidem-bayern.de\/wp-content\/uploads\/2023\/01\/shutterstock_1415511395.jpg",1000,667,false]},"post_excerpt_stackable_v2":"<p>Angeh\u00f6rige von Menschen mit Demenz stehen im Alltag meist vor gro\u00dfen Herausforderungen. So empfinden Angeh\u00f6rige h\u00e4ufig ein Gef\u00fchl der \u00dcberforderung und stehen unter erh\u00f6hter psychischer Belastung. Au\u00dferdem k\u00f6nnen durch die ver\u00e4nderte Situation Konflikte mit dem Menschen mit Demenz selbst oder auch zwischen den pflegenden Angeh\u00f6rigen eines Betroffenen entstehen.&nbsp; Verschiedene Angebote f\u00fcr pflegende Angeh\u00f6rige tragen dazu bei, eine Balance zwischen der Pflege von Menschen mit Demenz und den eigenen Bed\u00fcrfnissen und Aufgaben zu halten. Doch gibt es auch wissenschaftliche Nachweise, dass sich diese Angebote wirklich positiv auf pflegende Angeh\u00f6rige auswirken? Dies ist eine der Fragestellungen, denen sich der World Alzheimer Report&hellip;<\/p>\n","category_list_v2":"<a href=\"https:\/\/digidem-bayern.de\/en\/category\/sciene-watch-live-archiv\/\" rel=\"category tag\">Sciene Watch Live ARCHIV<\/a>","author_info_v2":{"name":"Ilona H\u00f6rath","url":"https:\/\/digidem-bayern.de\/en\/author\/hoeratia\/"},"comments_num_v2":"0 comments","yoast_head":"<!-- This site is optimized with the Yoast SEO plugin v27.4 - https:\/\/yoast.com\/product\/yoast-seo-wordpress\/ -->\n<title>Neues Wissen \u00fcber Angebote f\u00fcr pflegende Angeh\u00f6rige - digiDEM Bayern<\/title>\n<meta name=\"description\" content=\"Im Webinar &quot;digiDEM Bayern Science Watch LIVE&quot; behandeln Wissenschaftler ein Thema aus der Demenzforschung und stehen live f\u00fcr Fragen zur Verf\u00fcgung.\" \/>\n<meta name=\"robots\" content=\"index, follow, max-snippet:-1, max-image-preview:large, max-video-preview:-1\" \/>\n<link rel=\"canonical\" href=\"https:\/\/digidem-bayern.de\/en\/neues-wissen-ueber-angebote-fuer-pflegende-angehoerige\/\" \/>\n<meta property=\"og:locale\" content=\"en_US\" \/>\n<meta property=\"og:type\" content=\"article\" \/>\n<meta property=\"og:title\" content=\"Neues Wissen \u00fcber Angebote f\u00fcr pflegende Angeh\u00f6rige - digiDEM Bayern\" \/>\n<meta property=\"og:description\" content=\"Im Webinar &quot;digiDEM Bayern Science Watch LIVE&quot; behandeln Wissenschaftler ein Thema aus der Demenzforschung und stehen live f\u00fcr Fragen zur Verf\u00fcgung.\" \/>\n<meta property=\"og:url\" content=\"https:\/\/digidem-bayern.de\/en\/neues-wissen-ueber-angebote-fuer-pflegende-angehoerige\/\" \/>\n<meta property=\"og:site_name\" content=\"digiDEM Bayern\" \/>\n<meta property=\"article:publisher\" content=\"https:\/\/www.facebook.com\/digiDEMBayern\/\" \/>\n<meta property=\"article:published_time\" content=\"2023-01-20T09:46:15+00:00\" \/>\n<meta property=\"article:modified_time\" content=\"2023-05-11T13:13:28+00:00\" \/>\n<meta property=\"og:image\" content=\"https:\/\/digidem-bayern.de\/wp-content\/uploads\/2023\/01\/shutterstock_1415511395.jpg\" \/>\n\t<meta property=\"og:image:width\" content=\"1000\" \/>\n\t<meta property=\"og:image:height\" content=\"667\" \/>\n\t<meta property=\"og:image:type\" content=\"image\/jpeg\" \/>\n<meta name=\"author\" content=\"Ilona H\u00f6rath\" \/>\n<meta name=\"twitter:label1\" content=\"Written by\" \/>\n\t<meta name=\"twitter:data1\" content=\"Ilona H\u00f6rath\" \/>\n\t<meta name=\"twitter:label2\" content=\"Est. reading time\" \/>\n\t<meta name=\"twitter:data2\" content=\"3 minutes\" \/>\n<script type=\"application\/ld+json\" class=\"yoast-schema-graph\">{\"@context\":\"https:\\\/\\\/schema.org\",\"@graph\":[{\"@type\":\"Article\",\"@id\":\"https:\\\/\\\/digidem-bayern.de\\\/neues-wissen-ueber-angebote-fuer-pflegende-angehoerige\\\/#article\",\"isPartOf\":{\"@id\":\"https:\\\/\\\/digidem-bayern.de\\\/neues-wissen-ueber-angebote-fuer-pflegende-angehoerige\\\/\"},\"author\":{\"name\":\"Ilona H\u00f6rath\",\"@id\":\"\\\/#\\\/schema\\\/person\\\/0bc1494f46fc2a051c761322a80e0941\"},\"headline\":\"Neues Wissen \u00fcber Angebote f\u00fcr pflegende Angeh\u00f6rige\",\"datePublished\":\"2023-01-20T09:46:15+00:00\",\"dateModified\":\"2023-05-11T13:13:28+00:00\",\"mainEntityOfPage\":{\"@id\":\"https:\\\/\\\/digidem-bayern.de\\\/neues-wissen-ueber-angebote-fuer-pflegende-angehoerige\\\/\"},\"wordCount\":320,\"commentCount\":0,\"publisher\":{\"@id\":\"\\\/#organization\"},\"image\":{\"@id\":\"https:\\\/\\\/digidem-bayern.de\\\/neues-wissen-ueber-angebote-fuer-pflegende-angehoerige\\\/#primaryimage\"},\"thumbnailUrl\":\"https:\\\/\\\/digidem-bayern.de\\\/wp-content\\\/uploads\\\/2023\\\/01\\\/shutterstock_1415511395.jpg\",\"keywords\":[\"Alzheimer\",\"Demenz\",\"digidem\",\"digidem Bayern\",\"Digitales Demenzregister Bayern\",\"Meditation\",\"pflegende Angeh\u00f6rige\",\"positive Psychologie\",\"psychische Belastung\",\"Psychoedukation\"],\"articleSection\":[\"Sciene Watch Live ARCHIV\"],\"inLanguage\":\"en-US\",\"potentialAction\":[{\"@type\":\"CommentAction\",\"name\":\"Comment\",\"target\":[\"https:\\\/\\\/digidem-bayern.de\\\/neues-wissen-ueber-angebote-fuer-pflegende-angehoerige\\\/#respond\"]}]},{\"@type\":\"WebPage\",\"@id\":\"https:\\\/\\\/digidem-bayern.de\\\/neues-wissen-ueber-angebote-fuer-pflegende-angehoerige\\\/\",\"url\":\"https:\\\/\\\/digidem-bayern.de\\\/neues-wissen-ueber-angebote-fuer-pflegende-angehoerige\\\/\",\"name\":\"Neues Wissen \u00fcber Angebote f\u00fcr pflegende Angeh\u00f6rige - digiDEM Bayern\",\"isPartOf\":{\"@id\":\"\\\/#website\"},\"primaryImageOfPage\":{\"@id\":\"https:\\\/\\\/digidem-bayern.de\\\/neues-wissen-ueber-angebote-fuer-pflegende-angehoerige\\\/#primaryimage\"},\"image\":{\"@id\":\"https:\\\/\\\/digidem-bayern.de\\\/neues-wissen-ueber-angebote-fuer-pflegende-angehoerige\\\/#primaryimage\"},\"thumbnailUrl\":\"https:\\\/\\\/digidem-bayern.de\\\/wp-content\\\/uploads\\\/2023\\\/01\\\/shutterstock_1415511395.jpg\",\"datePublished\":\"2023-01-20T09:46:15+00:00\",\"dateModified\":\"2023-05-11T13:13:28+00:00\",\"description\":\"Im Webinar \\\"digiDEM Bayern Science Watch LIVE\\\" behandeln Wissenschaftler ein Thema aus der Demenzforschung und stehen live f\u00fcr Fragen zur Verf\u00fcgung.\",\"breadcrumb\":{\"@id\":\"https:\\\/\\\/digidem-bayern.de\\\/neues-wissen-ueber-angebote-fuer-pflegende-angehoerige\\\/#breadcrumb\"},\"inLanguage\":\"en-US\",\"potentialAction\":[{\"@type\":\"ReadAction\",\"target\":[\"https:\\\/\\\/digidem-bayern.de\\\/neues-wissen-ueber-angebote-fuer-pflegende-angehoerige\\\/\"]}]},{\"@type\":\"ImageObject\",\"inLanguage\":\"en-US\",\"@id\":\"https:\\\/\\\/digidem-bayern.de\\\/neues-wissen-ueber-angebote-fuer-pflegende-angehoerige\\\/#primaryimage\",\"url\":\"https:\\\/\\\/digidem-bayern.de\\\/wp-content\\\/uploads\\\/2023\\\/01\\\/shutterstock_1415511395.jpg\",\"contentUrl\":\"https:\\\/\\\/digidem-bayern.de\\\/wp-content\\\/uploads\\\/2023\\\/01\\\/shutterstock_1415511395.jpg\",\"width\":1000,\"height\":667,\"caption\":\"Foto: Shutterstock\"},{\"@type\":\"BreadcrumbList\",\"@id\":\"https:\\\/\\\/digidem-bayern.de\\\/neues-wissen-ueber-angebote-fuer-pflegende-angehoerige\\\/#breadcrumb\",\"itemListElement\":[{\"@type\":\"ListItem\",\"position\":1,\"name\":\"Startseite\",\"item\":\"https:\\\/\\\/digidem-bayern.de\\\/\"},{\"@type\":\"ListItem\",\"position\":2,\"name\":\"Neues Wissen \u00fcber Angebote f\u00fcr pflegende Angeh\u00f6rige\"}]},{\"@type\":\"WebSite\",\"@id\":\"\\\/#website\",\"url\":\"\\\/\",\"name\":\"digiDEM Bayern\",\"description\":\"Das digitale Demenzregister Bayern erforscht und verbessert die Angebotsstuktur f\u00fcr Menschen mit Demenz und deren Angeh\u00f6rige\",\"publisher\":{\"@id\":\"\\\/#organization\"},\"potentialAction\":[{\"@type\":\"SearchAction\",\"target\":{\"@type\":\"EntryPoint\",\"urlTemplate\":\"\\\/?s={search_term_string}\"},\"query-input\":{\"@type\":\"PropertyValueSpecification\",\"valueRequired\":true,\"valueName\":\"search_term_string\"}}],\"inLanguage\":\"en-US\"},{\"@type\":\"Organization\",\"@id\":\"\\\/#organization\",\"name\":\"digiDEM Bayern\",\"url\":\"\\\/\",\"logo\":{\"@type\":\"ImageObject\",\"inLanguage\":\"en-US\",\"@id\":\"\\\/#\\\/schema\\\/logo\\\/image\\\/\",\"url\":\"https:\\\/\\\/digidem-bayern.de\\\/wp-content\\\/uploads\\\/2022\\\/03\\\/cropped-Allgemeines_digiDEMLOGO-removebg-preview.png\",\"contentUrl\":\"https:\\\/\\\/digidem-bayern.de\\\/wp-content\\\/uploads\\\/2022\\\/03\\\/cropped-Allgemeines_digiDEMLOGO-removebg-preview.png\",\"width\":612,\"height\":357,\"caption\":\"digiDEM Bayern\"},\"image\":{\"@id\":\"\\\/#\\\/schema\\\/logo\\\/image\\\/\"},\"sameAs\":[\"https:\\\/\\\/www.facebook.com\\\/digiDEMBayern\\\/\",\"https:\\\/\\\/x.com\\\/digidem_bayern\",\"https:\\\/\\\/www.instagram.com\\\/digidem.bayern\",\"https:\\\/\\\/www.linkedin.com\\\/company\\\/digidem-bayern\\\/\"]},{\"@type\":\"Person\",\"@id\":\"\\\/#\\\/schema\\\/person\\\/0bc1494f46fc2a051c761322a80e0941\",\"name\":\"Ilona H\u00f6rath\",\"url\":\"https:\\\/\\\/digidem-bayern.de\\\/en\\\/author\\\/hoeratia\\\/\"}]}<\/script>\n<!-- \/ Yoast SEO plugin. -->","yoast_head_json":{"title":"Neues Wissen \u00fcber Angebote f\u00fcr pflegende Angeh\u00f6rige - digiDEM Bayern","description":"Im Webinar \"digiDEM Bayern Science Watch LIVE\" behandeln Wissenschaftler ein Thema aus der Demenzforschung und stehen live f\u00fcr Fragen zur Verf\u00fcgung.","robots":{"index":"index","follow":"follow","max-snippet":"max-snippet:-1","max-image-preview":"max-image-preview:large","max-video-preview":"max-video-preview:-1"},"canonical":"https:\/\/digidem-bayern.de\/en\/neues-wissen-ueber-angebote-fuer-pflegende-angehoerige\/","og_locale":"en_US","og_type":"article","og_title":"Neues Wissen \u00fcber Angebote f\u00fcr pflegende Angeh\u00f6rige - digiDEM Bayern","og_description":"Im Webinar \"digiDEM Bayern Science Watch LIVE\" behandeln Wissenschaftler ein Thema aus der Demenzforschung und stehen live f\u00fcr Fragen zur Verf\u00fcgung.","og_url":"https:\/\/digidem-bayern.de\/en\/neues-wissen-ueber-angebote-fuer-pflegende-angehoerige\/","og_site_name":"digiDEM Bayern","article_publisher":"https:\/\/www.facebook.com\/digiDEMBayern\/","article_published_time":"2023-01-20T09:46:15+00:00","article_modified_time":"2023-05-11T13:13:28+00:00","og_image":[{"width":1000,"height":667,"url":"https:\/\/digidem-bayern.de\/wp-content\/uploads\/2023\/01\/shutterstock_1415511395.jpg","type":"image\/jpeg"}],"author":"Ilona H\u00f6rath","twitter_misc":{"Written by":"Ilona H\u00f6rath","Est. reading time":"3 minutes"},"schema":{"@context":"https:\/\/schema.org","@graph":[{"@type":"Article","@id":"https:\/\/digidem-bayern.de\/neues-wissen-ueber-angebote-fuer-pflegende-angehoerige\/#article","isPartOf":{"@id":"https:\/\/digidem-bayern.de\/neues-wissen-ueber-angebote-fuer-pflegende-angehoerige\/"},"author":{"name":"Ilona H\u00f6rath","@id":"\/#\/schema\/person\/0bc1494f46fc2a051c761322a80e0941"},"headline":"Neues Wissen \u00fcber Angebote f\u00fcr pflegende Angeh\u00f6rige","datePublished":"2023-01-20T09:46:15+00:00","dateModified":"2023-05-11T13:13:28+00:00","mainEntityOfPage":{"@id":"https:\/\/digidem-bayern.de\/neues-wissen-ueber-angebote-fuer-pflegende-angehoerige\/"},"wordCount":320,"commentCount":0,"publisher":{"@id":"\/#organization"},"image":{"@id":"https:\/\/digidem-bayern.de\/neues-wissen-ueber-angebote-fuer-pflegende-angehoerige\/#primaryimage"},"thumbnailUrl":"https:\/\/digidem-bayern.de\/wp-content\/uploads\/2023\/01\/shutterstock_1415511395.jpg","keywords":["Alzheimer","Demenz","digidem","digidem Bayern","Digitales Demenzregister Bayern","Meditation","pflegende Angeh\u00f6rige","positive Psychologie","psychische Belastung","Psychoedukation"],"articleSection":["Sciene Watch Live ARCHIV"],"inLanguage":"en-US","potentialAction":[{"@type":"CommentAction","name":"Comment","target":["https:\/\/digidem-bayern.de\/neues-wissen-ueber-angebote-fuer-pflegende-angehoerige\/#respond"]}]},{"@type":"WebPage","@id":"https:\/\/digidem-bayern.de\/neues-wissen-ueber-angebote-fuer-pflegende-angehoerige\/","url":"https:\/\/digidem-bayern.de\/neues-wissen-ueber-angebote-fuer-pflegende-angehoerige\/","name":"Neues Wissen \u00fcber Angebote f\u00fcr pflegende Angeh\u00f6rige - digiDEM Bayern","isPartOf":{"@id":"\/#website"},"primaryImageOfPage":{"@id":"https:\/\/digidem-bayern.de\/neues-wissen-ueber-angebote-fuer-pflegende-angehoerige\/#primaryimage"},"image":{"@id":"https:\/\/digidem-bayern.de\/neues-wissen-ueber-angebote-fuer-pflegende-angehoerige\/#primaryimage"},"thumbnailUrl":"https:\/\/digidem-bayern.de\/wp-content\/uploads\/2023\/01\/shutterstock_1415511395.jpg","datePublished":"2023-01-20T09:46:15+00:00","dateModified":"2023-05-11T13:13:28+00:00","description":"Im Webinar \"digiDEM Bayern Science Watch LIVE\" behandeln Wissenschaftler ein Thema aus der Demenzforschung und stehen live f\u00fcr Fragen zur Verf\u00fcgung.","breadcrumb":{"@id":"https:\/\/digidem-bayern.de\/neues-wissen-ueber-angebote-fuer-pflegende-angehoerige\/#breadcrumb"},"inLanguage":"en-US","potentialAction":[{"@type":"ReadAction","target":["https:\/\/digidem-bayern.de\/neues-wissen-ueber-angebote-fuer-pflegende-angehoerige\/"]}]},{"@type":"ImageObject","inLanguage":"en-US","@id":"https:\/\/digidem-bayern.de\/neues-wissen-ueber-angebote-fuer-pflegende-angehoerige\/#primaryimage","url":"https:\/\/digidem-bayern.de\/wp-content\/uploads\/2023\/01\/shutterstock_1415511395.jpg","contentUrl":"https:\/\/digidem-bayern.de\/wp-content\/uploads\/2023\/01\/shutterstock_1415511395.jpg","width":1000,"height":667,"caption":"Foto: Shutterstock"},{"@type":"BreadcrumbList","@id":"https:\/\/digidem-bayern.de\/neues-wissen-ueber-angebote-fuer-pflegende-angehoerige\/#breadcrumb","itemListElement":[{"@type":"ListItem","position":1,"name":"Startseite","item":"https:\/\/digidem-bayern.de\/"},{"@type":"ListItem","position":2,"name":"Neues Wissen \u00fcber Angebote f\u00fcr pflegende Angeh\u00f6rige"}]},{"@type":"WebSite","@id":"\/#website","url":"\/","name":"digiDEM Bavaria","description":"The digital dementia register in Bavaria researches and improves the structure of services for people with dementia and their relatives","publisher":{"@id":"\/#organization"},"potentialAction":[{"@type":"SearchAction","target":{"@type":"EntryPoint","urlTemplate":"\/?s={search_term_string}"},"query-input":{"@type":"PropertyValueSpecification","valueRequired":true,"valueName":"search_term_string"}}],"inLanguage":"en-US"},{"@type":"Organization","@id":"\/#organization","name":"digiDEM Bavaria","url":"\/","logo":{"@type":"ImageObject","inLanguage":"en-US","@id":"\/#\/schema\/logo\/image\/","url":"https:\/\/digidem-bayern.de\/wp-content\/uploads\/2022\/03\/cropped-Allgemeines_digiDEMLOGO-removebg-preview.png","contentUrl":"https:\/\/digidem-bayern.de\/wp-content\/uploads\/2022\/03\/cropped-Allgemeines_digiDEMLOGO-removebg-preview.png","width":612,"height":357,"caption":"digiDEM Bayern"},"image":{"@id":"\/#\/schema\/logo\/image\/"},"sameAs":["https:\/\/www.facebook.com\/digiDEMBayern\/","https:\/\/x.com\/digidem_bayern","https:\/\/www.instagram.com\/digidem.bayern","https:\/\/www.linkedin.com\/company\/digidem-bayern\/"]},{"@type":"Person","@id":"\/#\/schema\/person\/0bc1494f46fc2a051c761322a80e0941","name":"Ilona H\u00f6rath","url":"https:\/\/digidem-bayern.de\/en\/author\/hoeratia\/"}]}},"uagb_featured_image_src":{"full":["https:\/\/digidem-bayern.de\/wp-content\/uploads\/2023\/01\/shutterstock_1415511395.jpg",1000,667,false],"thumbnail":["https:\/\/digidem-bayern.de\/wp-content\/uploads\/2023\/01\/shutterstock_1415511395-80x80.jpg",80,80,true],"medium":["https:\/\/digidem-bayern.de\/wp-content\/uploads\/2023\/01\/shutterstock_1415511395-300x200.jpg",300,200,true],"medium_large":["https:\/\/digidem-bayern.de\/wp-content\/uploads\/2023\/01\/shutterstock_1415511395-768x512.jpg",768,512,true],"large":["https:\/\/digidem-bayern.de\/wp-content\/uploads\/2023\/01\/shutterstock_1415511395.jpg",1000,667,false],"1536x1536":["https:\/\/digidem-bayern.de\/wp-content\/uploads\/2023\/01\/shutterstock_1415511395.jpg",1000,667,false],"2048x2048":["https:\/\/digidem-bayern.de\/wp-content\/uploads\/2023\/01\/shutterstock_1415511395.jpg",1000,667,false],"trp-custom-language-flag":["https:\/\/digidem-bayern.de\/wp-content\/uploads\/2023\/01\/shutterstock_1415511395.jpg",18,12,false],"qubely_landscape":["https:\/\/digidem-bayern.de\/wp-content\/uploads\/2023\/01\/shutterstock_1415511395.jpg",1000,667,false],"qubely_portrait":["https:\/\/digidem-bayern.de\/wp-content\/uploads\/2023\/01\/shutterstock_1415511395-540x320.jpg",540,320,true],"qubely_thumbnail":["https:\/\/digidem-bayern.de\/wp-content\/uploads\/2023\/01\/shutterstock_1415511395-140x100.jpg",140,100,true],"post-thumbnail":["https:\/\/digidem-bayern.de\/wp-content\/uploads\/2023\/01\/shutterstock_1415511395-525x350.jpg",525,350,true],"kahuna-featured":["https:\/\/digidem-bayern.de\/wp-content\/uploads\/2023\/01\/shutterstock_1415511395-734x350.jpg",734,350,true],"kahuna-featured-lp":["https:\/\/digidem-bayern.de\/wp-content\/uploads\/2023\/01\/shutterstock_1415511395-520x350.jpg",520,350,true],"kahuna-featured-half":["https:\/\/digidem-bayern.de\/wp-content\/uploads\/2023\/01\/shutterstock_1415511395-800x350.jpg",800,350,true],"kahuna-featured-third":["https:\/\/digidem-bayern.de\/wp-content\/uploads\/2023\/01\/shutterstock_1415511395-512x350.jpg",512,350,true],"kahuna-lpbox-1":["https:\/\/digidem-bayern.de\/wp-content\/uploads\/2023\/01\/shutterstock_1415511395-520x300.jpg",520,300,true],"kahuna-lpbox-2":["https:\/\/digidem-bayern.de\/wp-content\/uploads\/2023\/01\/shutterstock_1415511395-520x350.jpg",520,350,true],"demand-language-flag":["https:\/\/digidem-bayern.de\/wp-content\/uploads\/2023\/01\/shutterstock_1415511395.jpg",36,24,false],"dddkt-language-flag":["https:\/\/digidem-bayern.de\/wp-content\/uploads\/2023\/01\/shutterstock_1415511395-36x36.jpg",36,36,true],"ddiqc-language-flag":["https:\/\/digidem-bayern.de\/wp-content\/uploads\/2023\/01\/shutterstock_1415511395-36x36.jpg",36,36,true],"ddtl-language-flag":["https:\/\/digidem-bayern.de\/wp-content\/uploads\/2023\/01\/shutterstock_1415511395-36x36.jpg",36,36,true],"mailpoet_newsletter_max":["https:\/\/digidem-bayern.de\/wp-content\/uploads\/2023\/01\/shutterstock_1415511395.jpg",1000,667,false],"kahuna-lpbox-3":["https:\/\/digidem-bayern.de\/wp-content\/uploads\/2023\/01\/shutterstock_1415511395-520x350.jpg",520,350,true],"kahuna-featured-square":["https:\/\/digidem-bayern.de\/wp-content\/uploads\/2023\/01\/shutterstock_1415511395-512x512.jpg",512,512,true],"kahuna-featured-square-large":["https:\/\/digidem-bayern.de\/wp-content\/uploads\/2023\/01\/shutterstock_1415511395.jpg",1000,667,false]},"uagb_author_info":{"display_name":"Ilona H\u00f6rath","author_link":"https:\/\/digidem-bayern.de\/en\/author\/hoeratia\/"},"uagb_comment_info":0,"uagb_excerpt":"Angeh\u00f6rige von Menschen mit Demenz stehen im Alltag meist vor gro\u00dfen Herausforderungen. So empfinden Angeh\u00f6rige h\u00e4ufig ein Gef\u00fchl der \u00dcberforderung und stehen unter erh\u00f6hter psychischer Belastung. Au\u00dferdem k\u00f6nnen durch die ver\u00e4nderte Situation Konflikte mit dem Menschen mit Demenz selbst oder auch zwischen den pflegenden Angeh\u00f6rigen eines Betroffenen entstehen.&nbsp; Verschiedene Angebote &hellip;","_links":{"self":[{"href":"https:\/\/digidem-bayern.de\/en\/wp-json\/wp\/v2\/posts\/25596","targetHints":{"allow":["GET"]}}],"collection":[{"href":"https:\/\/digidem-bayern.de\/en\/wp-json\/wp\/v2\/posts"}],"about":[{"href":"https:\/\/digidem-bayern.de\/en\/wp-json\/wp\/v2\/types\/post"}],"author":[{"embeddable":true,"href":"https:\/\/digidem-bayern.de\/en\/wp-json\/wp\/v2\/users\/12"}],"replies":[{"embeddable":true,"href":"https:\/\/digidem-bayern.de\/en\/wp-json\/wp\/v2\/comments?post=25596"}],"version-history":[{"count":5,"href":"https:\/\/digidem-bayern.de\/en\/wp-json\/wp\/v2\/posts\/25596\/revisions"}],"predecessor-version":[{"id":27973,"href":"https:\/\/digidem-bayern.de\/en\/wp-json\/wp\/v2\/posts\/25596\/revisions\/27973"}],"wp:featuredmedia":[{"embeddable":true,"href":"https:\/\/digidem-bayern.de\/en\/wp-json\/wp\/v2\/media\/25528"}],"wp:attachment":[{"href":"https:\/\/digidem-bayern.de\/en\/wp-json\/wp\/v2\/media?parent=25596"}],"wp:term":[{"taxonomy":"category","embeddable":true,"href":"https:\/\/digidem-bayern.de\/en\/wp-json\/wp\/v2\/categories?post=25596"},{"taxonomy":"post_tag","embeddable":true,"href":"https:\/\/digidem-bayern.de\/en\/wp-json\/wp\/v2\/tags?post=25596"}],"curies":[{"name":"wp","href":"https:\/\/api.w.org\/{rel}","templated":true}]}}