{"id":24984,"date":"2022-11-28T12:31:26","date_gmt":"2022-11-28T11:31:26","guid":{"rendered":"https:\/\/digidem-bayern.de\/?p=24984"},"modified":"2023-06-02T12:18:33","modified_gmt":"2023-06-02T10:18:33","slug":"menschen-mit-demenz-ganz-persoenlich","status":"publish","type":"post","link":"https:\/\/digidem-bayern.de\/en\/menschen-mit-demenz-ganz-persoenlich\/","title":{"rendered":"Webinar: Menschen mit Demenz \u00ad\u2013 ganz pers\u00f6nlich"},"content":{"rendered":"<p>Gesellschaftliche Teilhabe ist auch f\u00fcr Menschen mit Demenz und ihre pflegenden Angeh\u00f6rigen wichtig. Oft fehlt jedoch das Wissen \u00fcber die Erkrankung und das Verst\u00e4ndnis f\u00fcr Betroffene. Daher m\u00f6chten wir im kommenden Webinar Menschen mit Demenz eine Stimme geben.<\/p>\n\n\n\n<p>Bei Simone wurde eine Demenz diagnostiziert. Ihr Berufsleben musste sie aufgrund der Erkrankung mittlerweile beenden, vorher war sie als Unternehmerin t\u00e4tig. Um den Bed\u00fcrfnissen von Menschen mit Demenz mehr Bedeutsamkeit zu geben, ist Simone Beiratsmitglied der Deutschen Alzheimer Gesellschaft e.V. Im Webinar wird sie von ihrem Umgang mit der Demenz, von pers\u00f6nlichen Momenten, Realit\u00e4ten und ihren W\u00fcnschen an Politik und Gesellschaft berichten.<\/p>\n\n\n\n<p>Passend zur Vorweihnachtszeit m\u00f6chten wir auch einen kulturellen Rahmen f\u00fcr das Webinar schaffen. Eingeladen haben wir dazu Leah Weigand. Sie ist seit 2017 Gast auf zahlreichen Poetry Slam-B\u00fchnen des deutschsprachigen Raums. Unter anderem erreichte sie 2022 das Finale der Deutschsprachigen Meisterschaften in Wien. Erfahrungen mit Demenz hat sie sowohl beruflich als auch privat gesammelt. Lassen Sie sich \u00fcberraschen, wie eine K\u00fcnstlerin das Thema Demenz verarbeitet.<\/p>\n\n\n\n<p> <\/p>\n\n\n\n<p><\/p>\n\n\n\n<h2 class=\"wp-block-heading has-text-align-center\" id=\"2---mittwoch-03062020-1100-1130-uhr--\"><strong><strong>Dienstag, 13.12.2022, 11.00-11.45 Uhr<\/strong><\/strong><\/h2>\n\n\n\n<p><\/p>\n\n\n\n<p> <\/p>\n\n\n\n<div class=\"wp-block-qubely-button qubely-block-a03b09\"><div class=\"qubely-block-btn-wrapper\"><div class=\"qubely-block-btn\"><a class=\"qubely-block-btn-anchor is-large\" href=\"https:\/\/attendee.gotowebinar.com\/register\/3444039181791503887\" target=\"_blank\" rel=\"noopener noreferrer\">Melden Sie sich hier an<\/a><\/div><\/div><\/div>\n\n\n\n<div class=\"wp-block-columns is-layout-flex wp-container-core-columns-is-layout-9d6595d7 wp-block-columns-is-layout-flex\">\n<div class=\"wp-block-column is-layout-flow wp-block-column-is-layout-flow\">\n<div class=\"wp-block-uagb-team uagb-team__image-position-above uagb-team__align-center uagb-team__stack-tablet uagb-block-bb7fd94f\"><div class=\"uagb-team__content\"><img decoding=\"async\" class=\"uagb-team__image-crop-circle\" src=\"https:\/\/digidem-bayern.de\/wp-content\/uploads\/2022\/11\/AKE_NEU_Qudarat.jpg\" alt=\"\" height=\"120\" width=\"120\" loading=\"lazy\"\/><h3 class=\"uagb-team__title\">Anne Keefer<\/h3><span class=\"uagb-team__prefix\">Wissenschaftliche Mitarbeiterin M. Sc.<\/span><p class=\"uagb-team__desc\">Moderation<\/p><\/div><\/div>\n<\/div>\n\n\n\n<div class=\"wp-block-column is-layout-flow wp-block-column-is-layout-flow\">\n<div class=\"wp-block-uagb-team uagb-team__image-position-above uagb-team__align-center uagb-team__stack-tablet uagb-block-31d7c507\"><div class=\"uagb-team__content\"><img decoding=\"async\" class=\"uagb-team__image-crop-circle\" src=\"https:\/\/digidem-bayern.de\/wp-content\/uploads\/2022\/11\/FWE_NEU_Quadrat.jpg\" alt=\"\" height=\"120\" width=\"120\" loading=\"lazy\"\/><h3 class=\"uagb-team__title\">Florian Weidinger<\/h3><span class=\"uagb-team__prefix\">Wissenschaftlicher Mitarbeiter M. Sc.<\/span><p class=\"uagb-team__desc\">Chatroom und Betreuung<\/p><\/div><\/div>\n<\/div>\n<\/div>","protected":false},"excerpt":{"rendered":"<p>Gesellschaftliche Teilhabe ist auch f\u00fcr Menschen mit Demenz und ihre pflegenden Angeh\u00f6rigen wichtig. Oft fehlt jedoch das Wissen \u00fcber die Erkrankung und das Verst\u00e4ndnis f\u00fcr Betroffene. Daher m\u00f6chten wir im kommenden Webinar Menschen mit Demenz eine Stimme geben. Bei Simone wurde eine Demenz diagnostiziert. Ihr Berufsleben musste sie aufgrund der &hellip;<\/p>","protected":false},"author":7,"featured_media":25034,"comment_status":"open","ping_status":"closed","sticky":false,"template":"","format":"standard","meta":{"qubely_global_settings":"true","qubely_interactions":"","_uag_custom_page_level_css":"","footnotes":""},"categories":[8],"tags":[13,581,12,112,14,17,55,583,582,513,94],"class_list":["post-24984","post","type-post","status-publish","format-standard","has-post-thumbnail","hentry","category-aktuelles-zu-digidem","tag-alzheimer","tag-betroffene","tag-demenz-2","tag-demenzdiagnose","tag-digidem","tag-digidem-bayern","tag-digitales-demenzregister-bayern","tag-leah-weigand","tag-poetry-slam","tag-science-watch-newsletter","tag-webinar"],"qubely_featured_image_url":{"full":["https:\/\/digidem-bayern.de\/wp-content\/uploads\/2022\/12\/2022-12-01_WebinarDezemberBild.jpg",1184,791,false],"landscape":["https:\/\/digidem-bayern.de\/wp-content\/uploads\/2022\/12\/2022-12-01_WebinarDezemberBild-1184x750.jpg",1184,750,true],"portraits":["https:\/\/digidem-bayern.de\/wp-content\/uploads\/2022\/12\/2022-12-01_WebinarDezemberBild-540x320.jpg",540,320,true],"thumbnail":["https:\/\/digidem-bayern.de\/wp-content\/uploads\/2022\/12\/2022-12-01_WebinarDezemberBild-80x80.jpg",80,80,true],"medium":["https:\/\/digidem-bayern.de\/wp-content\/uploads\/2022\/12\/2022-12-01_WebinarDezemberBild-300x200.jpg",300,200,true],"medium_large":["https:\/\/digidem-bayern.de\/wp-content\/uploads\/2022\/12\/2022-12-01_WebinarDezemberBild-768x513.jpg",768,513,true],"large":["https:\/\/digidem-bayern.de\/wp-content\/uploads\/2022\/12\/2022-12-01_WebinarDezemberBild-1030x688.jpg",1030,688,true],"1536x1536":["https:\/\/digidem-bayern.de\/wp-content\/uploads\/2022\/12\/2022-12-01_WebinarDezemberBild.jpg",1184,791,false],"2048x2048":["https:\/\/digidem-bayern.de\/wp-content\/uploads\/2022\/12\/2022-12-01_WebinarDezemberBild.jpg",1184,791,false],"trp-custom-language-flag":["https:\/\/digidem-bayern.de\/wp-content\/uploads\/2022\/12\/2022-12-01_WebinarDezemberBild.jpg",18,12,false],"qubely_landscape":["https:\/\/digidem-bayern.de\/wp-content\/uploads\/2022\/12\/2022-12-01_WebinarDezemberBild-1184x750.jpg",1184,750,true],"qubely_portrait":["https:\/\/digidem-bayern.de\/wp-content\/uploads\/2022\/12\/2022-12-01_WebinarDezemberBild-540x320.jpg",540,320,true],"qubely_thumbnail":["https:\/\/digidem-bayern.de\/wp-content\/uploads\/2022\/12\/2022-12-01_WebinarDezemberBild-140x100.jpg",140,100,true],"post-thumbnail":["https:\/\/digidem-bayern.de\/wp-content\/uploads\/2022\/12\/2022-12-01_WebinarDezemberBild-524x350.jpg",524,350,true],"kahuna-featured":["https:\/\/digidem-bayern.de\/wp-content\/uploads\/2022\/12\/2022-12-01_WebinarDezemberBild-734x350.jpg",734,350,true],"kahuna-featured-lp":["https:\/\/digidem-bayern.de\/wp-content\/uploads\/2022\/12\/2022-12-01_WebinarDezemberBild-520x350.jpg",520,350,true],"kahuna-featured-half":["https:\/\/digidem-bayern.de\/wp-content\/uploads\/2022\/12\/2022-12-01_WebinarDezemberBild-800x350.jpg",800,350,true],"kahuna-featured-third":["https:\/\/digidem-bayern.de\/wp-content\/uploads\/2022\/12\/2022-12-01_WebinarDezemberBild-512x350.jpg",512,350,true],"kahuna-lpbox-1":["https:\/\/digidem-bayern.de\/wp-content\/uploads\/2022\/12\/2022-12-01_WebinarDezemberBild-520x300.jpg",520,300,true],"kahuna-lpbox-2":["https:\/\/digidem-bayern.de\/wp-content\/uploads\/2022\/12\/2022-12-01_WebinarDezemberBild-520x350.jpg",520,350,true],"demand-language-flag":["https:\/\/digidem-bayern.de\/wp-content\/uploads\/2022\/12\/2022-12-01_WebinarDezemberBild.jpg",36,24,false],"dddkt-language-flag":["https:\/\/digidem-bayern.de\/wp-content\/uploads\/2022\/12\/2022-12-01_WebinarDezemberBild-36x36.jpg",36,36,true],"ddiqc-language-flag":["https:\/\/digidem-bayern.de\/wp-content\/uploads\/2022\/12\/2022-12-01_WebinarDezemberBild-36x36.jpg",36,36,true],"ddtl-language-flag":["https:\/\/digidem-bayern.de\/wp-content\/uploads\/2022\/12\/2022-12-01_WebinarDezemberBild-36x36.jpg",36,36,true],"mailpoet_newsletter_max":["https:\/\/digidem-bayern.de\/wp-content\/uploads\/2022\/12\/2022-12-01_WebinarDezemberBild.jpg",1184,791,false],"kahuna-lpbox-3":["https:\/\/digidem-bayern.de\/wp-content\/uploads\/2022\/12\/2022-12-01_WebinarDezemberBild-520x350.jpg",520,350,true],"kahuna-featured-square":["https:\/\/digidem-bayern.de\/wp-content\/uploads\/2022\/12\/2022-12-01_WebinarDezemberBild-512x512.jpg",512,512,true],"kahuna-featured-square-large":["https:\/\/digidem-bayern.de\/wp-content\/uploads\/2022\/12\/2022-12-01_WebinarDezemberBild-1024x791.jpg",1024,791,true]},"qubely_author":{"display_name":"Anne Keefer","author_link":"https:\/\/digidem-bayern.de\/en\/author\/ag-webinar\/"},"qubely_comment":0,"qubely_category":"<a href=\"https:\/\/digidem-bayern.de\/en\/category\/aktuelles-zu-digidem\/\" rel=\"category tag\">Aktuelles zu digiDEM<\/a>","qubely_excerpt":"Gesellschaftliche Teilhabe ist auch f\u00fcr Menschen mit Demenz und ihre pflegenden Angeh\u00f6rigen wichtig. Oft fehlt jedoch das Wissen \u00fcber die Erkrankung und das Verst\u00e4ndnis f\u00fcr Betroffene. Daher m\u00f6chten wir im kommenden Webinar Menschen mit Demenz eine Stimme geben. Bei Simone wurde eine Demenz diagnostiziert. Ihr Berufsleben musste sie aufgrund der &hellip;","featured_image_urls_v2":{"full":["https:\/\/digidem-bayern.de\/wp-content\/uploads\/2022\/12\/2022-12-01_WebinarDezemberBild.jpg",1184,791,false],"thumbnail":["https:\/\/digidem-bayern.de\/wp-content\/uploads\/2022\/12\/2022-12-01_WebinarDezemberBild-80x80.jpg",80,80,true],"medium":["https:\/\/digidem-bayern.de\/wp-content\/uploads\/2022\/12\/2022-12-01_WebinarDezemberBild-300x200.jpg",300,200,true],"medium_large":["https:\/\/digidem-bayern.de\/wp-content\/uploads\/2022\/12\/2022-12-01_WebinarDezemberBild-768x513.jpg",768,513,true],"large":["https:\/\/digidem-bayern.de\/wp-content\/uploads\/2022\/12\/2022-12-01_WebinarDezemberBild-1030x688.jpg",1030,688,true],"1536x1536":["https:\/\/digidem-bayern.de\/wp-content\/uploads\/2022\/12\/2022-12-01_WebinarDezemberBild.jpg",1184,791,false],"2048x2048":["https:\/\/digidem-bayern.de\/wp-content\/uploads\/2022\/12\/2022-12-01_WebinarDezemberBild.jpg",1184,791,false],"trp-custom-language-flag":["https:\/\/digidem-bayern.de\/wp-content\/uploads\/2022\/12\/2022-12-01_WebinarDezemberBild.jpg",18,12,false],"qubely_landscape":["https:\/\/digidem-bayern.de\/wp-content\/uploads\/2022\/12\/2022-12-01_WebinarDezemberBild-1184x750.jpg",1184,750,true],"qubely_portrait":["https:\/\/digidem-bayern.de\/wp-content\/uploads\/2022\/12\/2022-12-01_WebinarDezemberBild-540x320.jpg",540,320,true],"qubely_thumbnail":["https:\/\/digidem-bayern.de\/wp-content\/uploads\/2022\/12\/2022-12-01_WebinarDezemberBild-140x100.jpg",140,100,true],"post-thumbnail":["https:\/\/digidem-bayern.de\/wp-content\/uploads\/2022\/12\/2022-12-01_WebinarDezemberBild-524x350.jpg",524,350,true],"kahuna-featured":["https:\/\/digidem-bayern.de\/wp-content\/uploads\/2022\/12\/2022-12-01_WebinarDezemberBild-734x350.jpg",734,350,true],"kahuna-featured-lp":["https:\/\/digidem-bayern.de\/wp-content\/uploads\/2022\/12\/2022-12-01_WebinarDezemberBild-520x350.jpg",520,350,true],"kahuna-featured-half":["https:\/\/digidem-bayern.de\/wp-content\/uploads\/2022\/12\/2022-12-01_WebinarDezemberBild-800x350.jpg",800,350,true],"kahuna-featured-third":["https:\/\/digidem-bayern.de\/wp-content\/uploads\/2022\/12\/2022-12-01_WebinarDezemberBild-512x350.jpg",512,350,true],"kahuna-lpbox-1":["https:\/\/digidem-bayern.de\/wp-content\/uploads\/2022\/12\/2022-12-01_WebinarDezemberBild-520x300.jpg",520,300,true],"kahuna-lpbox-2":["https:\/\/digidem-bayern.de\/wp-content\/uploads\/2022\/12\/2022-12-01_WebinarDezemberBild-520x350.jpg",520,350,true],"demand-language-flag":["https:\/\/digidem-bayern.de\/wp-content\/uploads\/2022\/12\/2022-12-01_WebinarDezemberBild.jpg",36,24,false],"dddkt-language-flag":["https:\/\/digidem-bayern.de\/wp-content\/uploads\/2022\/12\/2022-12-01_WebinarDezemberBild-36x36.jpg",36,36,true],"ddiqc-language-flag":["https:\/\/digidem-bayern.de\/wp-content\/uploads\/2022\/12\/2022-12-01_WebinarDezemberBild-36x36.jpg",36,36,true],"ddtl-language-flag":["https:\/\/digidem-bayern.de\/wp-content\/uploads\/2022\/12\/2022-12-01_WebinarDezemberBild-36x36.jpg",36,36,true],"mailpoet_newsletter_max":["https:\/\/digidem-bayern.de\/wp-content\/uploads\/2022\/12\/2022-12-01_WebinarDezemberBild.jpg",1184,791,false],"kahuna-lpbox-3":["https:\/\/digidem-bayern.de\/wp-content\/uploads\/2022\/12\/2022-12-01_WebinarDezemberBild-520x350.jpg",520,350,true],"kahuna-featured-square":["https:\/\/digidem-bayern.de\/wp-content\/uploads\/2022\/12\/2022-12-01_WebinarDezemberBild-512x512.jpg",512,512,true],"kahuna-featured-square-large":["https:\/\/digidem-bayern.de\/wp-content\/uploads\/2022\/12\/2022-12-01_WebinarDezemberBild-1024x791.jpg",1024,791,true]},"post_excerpt_stackable_v2":"<p>Gesellschaftliche Teilhabe ist auch f\u00fcr Menschen mit Demenz und ihre pflegenden Angeh\u00f6rigen wichtig. Oft fehlt jedoch das Wissen \u00fcber die Erkrankung und das Verst\u00e4ndnis f\u00fcr Betroffene. Daher m\u00f6chten wir im kommenden Webinar Menschen mit Demenz eine Stimme geben. Bei Simone wurde eine Demenz diagnostiziert. Ihr Berufsleben musste sie aufgrund der Erkrankung mittlerweile beenden, vorher war sie als Unternehmerin t\u00e4tig. Um den Bed\u00fcrfnissen von Menschen mit Demenz mehr Bedeutsamkeit zu geben, ist Simone Beiratsmitglied der Deutschen Alzheimer Gesellschaft e.V. Im Webinar wird sie von ihrem Umgang mit der Demenz, von pers\u00f6nlichen Momenten, Realit\u00e4ten und ihren W\u00fcnschen an Politik und Gesellschaft berichten.&hellip;<\/p>\n","category_list_v2":"<a href=\"https:\/\/digidem-bayern.de\/en\/category\/aktuelles-zu-digidem\/\" rel=\"category tag\">Aktuelles zu digiDEM<\/a>","author_info_v2":{"name":"Anne Keefer","url":"https:\/\/digidem-bayern.de\/en\/author\/ag-webinar\/"},"comments_num_v2":"0 comments","yoast_head":"<!-- This site is optimized with the Yoast SEO plugin v27.4 - https:\/\/yoast.com\/product\/yoast-seo-wordpress\/ -->\n<title>Webinar: Menschen mit Demenz \u00ad\u2013 ganz pers\u00f6nlich - digiDEM Bayern<\/title>\n<meta name=\"description\" content=\"Im Webinar &quot;digiDEM Bayern Science Watch LIVE&quot; behandeln Wissenschaftler ein Thema aus der Demenzforschung und stehen live f\u00fcr Fragen zur Verf\u00fcgung.\" \/>\n<meta name=\"robots\" content=\"index, follow, max-snippet:-1, max-image-preview:large, max-video-preview:-1\" \/>\n<link rel=\"canonical\" href=\"https:\/\/digidem-bayern.de\/en\/menschen-mit-demenz-ganz-persoenlich\/\" \/>\n<meta property=\"og:locale\" content=\"en_US\" \/>\n<meta property=\"og:type\" content=\"article\" \/>\n<meta property=\"og:title\" content=\"Webinar: Menschen mit Demenz \u00ad\u2013 ganz pers\u00f6nlich - digiDEM Bayern\" \/>\n<meta property=\"og:description\" content=\"Im Webinar &quot;digiDEM Bayern Science Watch LIVE&quot; behandeln Wissenschaftler ein Thema aus der Demenzforschung und stehen live f\u00fcr Fragen zur Verf\u00fcgung.\" \/>\n<meta property=\"og:url\" content=\"https:\/\/digidem-bayern.de\/en\/menschen-mit-demenz-ganz-persoenlich\/\" \/>\n<meta property=\"og:site_name\" content=\"digiDEM Bayern\" \/>\n<meta property=\"article:publisher\" content=\"https:\/\/www.facebook.com\/digiDEMBayern\/\" \/>\n<meta property=\"article:published_time\" content=\"2022-11-28T11:31:26+00:00\" \/>\n<meta property=\"article:modified_time\" content=\"2023-06-02T10:18:33+00:00\" \/>\n<meta property=\"og:image\" content=\"https:\/\/digidem-bayern.de\/wp-content\/uploads\/2022\/12\/2022-12-01_WebinarDezemberBild.jpg\" \/>\n\t<meta property=\"og:image:width\" content=\"1184\" \/>\n\t<meta property=\"og:image:height\" content=\"791\" \/>\n\t<meta property=\"og:image:type\" content=\"image\/jpeg\" \/>\n<meta name=\"author\" content=\"Anne Keefer\" \/>\n<meta name=\"twitter:label1\" content=\"Written by\" \/>\n\t<meta name=\"twitter:data1\" content=\"Anne Keefer\" \/>\n\t<meta name=\"twitter:label2\" content=\"Est. reading time\" \/>\n\t<meta name=\"twitter:data2\" content=\"2 minutes\" \/>\n<script type=\"application\/ld+json\" class=\"yoast-schema-graph\">{\"@context\":\"https:\\\/\\\/schema.org\",\"@graph\":[{\"@type\":\"Article\",\"@id\":\"https:\\\/\\\/digidem-bayern.de\\\/menschen-mit-demenz-ganz-persoenlich\\\/#article\",\"isPartOf\":{\"@id\":\"https:\\\/\\\/digidem-bayern.de\\\/menschen-mit-demenz-ganz-persoenlich\\\/\"},\"author\":{\"name\":\"Anne Keefer\",\"@id\":\"\\\/#\\\/schema\\\/person\\\/0e8781e0653d1a8e57ca55bd2c3cb01f\"},\"headline\":\"Webinar: Menschen mit Demenz \u00ad\u2013 ganz pers\u00f6nlich\",\"datePublished\":\"2022-11-28T11:31:26+00:00\",\"dateModified\":\"2023-06-02T10:18:33+00:00\",\"mainEntityOfPage\":{\"@id\":\"https:\\\/\\\/digidem-bayern.de\\\/menschen-mit-demenz-ganz-persoenlich\\\/\"},\"wordCount\":209,\"commentCount\":0,\"publisher\":{\"@id\":\"\\\/#organization\"},\"image\":{\"@id\":\"https:\\\/\\\/digidem-bayern.de\\\/menschen-mit-demenz-ganz-persoenlich\\\/#primaryimage\"},\"thumbnailUrl\":\"https:\\\/\\\/digidem-bayern.de\\\/wp-content\\\/uploads\\\/2022\\\/12\\\/2022-12-01_WebinarDezemberBild.jpg\",\"keywords\":[\"Alzheimer\",\"Betroffene\",\"Demenz\",\"Demenzdiagnose\",\"digidem\",\"digidem Bayern\",\"Digitales Demenzregister Bayern\",\"Leah Weigand\",\"Poetry-Slam\",\"Science Watch-Newsletter\",\"Webinar\"],\"articleSection\":[\"Aktuelles zu digiDEM\"],\"inLanguage\":\"en-US\",\"potentialAction\":[{\"@type\":\"CommentAction\",\"name\":\"Comment\",\"target\":[\"https:\\\/\\\/digidem-bayern.de\\\/menschen-mit-demenz-ganz-persoenlich\\\/#respond\"]}]},{\"@type\":\"WebPage\",\"@id\":\"https:\\\/\\\/digidem-bayern.de\\\/menschen-mit-demenz-ganz-persoenlich\\\/\",\"url\":\"https:\\\/\\\/digidem-bayern.de\\\/menschen-mit-demenz-ganz-persoenlich\\\/\",\"name\":\"Webinar: Menschen mit Demenz \u00ad\u2013 ganz pers\u00f6nlich - digiDEM Bayern\",\"isPartOf\":{\"@id\":\"\\\/#website\"},\"primaryImageOfPage\":{\"@id\":\"https:\\\/\\\/digidem-bayern.de\\\/menschen-mit-demenz-ganz-persoenlich\\\/#primaryimage\"},\"image\":{\"@id\":\"https:\\\/\\\/digidem-bayern.de\\\/menschen-mit-demenz-ganz-persoenlich\\\/#primaryimage\"},\"thumbnailUrl\":\"https:\\\/\\\/digidem-bayern.de\\\/wp-content\\\/uploads\\\/2022\\\/12\\\/2022-12-01_WebinarDezemberBild.jpg\",\"datePublished\":\"2022-11-28T11:31:26+00:00\",\"dateModified\":\"2023-06-02T10:18:33+00:00\",\"description\":\"Im Webinar \\\"digiDEM Bayern Science Watch LIVE\\\" behandeln Wissenschaftler ein Thema aus der Demenzforschung und stehen live f\u00fcr Fragen zur Verf\u00fcgung.\",\"breadcrumb\":{\"@id\":\"https:\\\/\\\/digidem-bayern.de\\\/menschen-mit-demenz-ganz-persoenlich\\\/#breadcrumb\"},\"inLanguage\":\"en-US\",\"potentialAction\":[{\"@type\":\"ReadAction\",\"target\":[\"https:\\\/\\\/digidem-bayern.de\\\/menschen-mit-demenz-ganz-persoenlich\\\/\"]}]},{\"@type\":\"ImageObject\",\"inLanguage\":\"en-US\",\"@id\":\"https:\\\/\\\/digidem-bayern.de\\\/menschen-mit-demenz-ganz-persoenlich\\\/#primaryimage\",\"url\":\"https:\\\/\\\/digidem-bayern.de\\\/wp-content\\\/uploads\\\/2022\\\/12\\\/2022-12-01_WebinarDezemberBild.jpg\",\"contentUrl\":\"https:\\\/\\\/digidem-bayern.de\\\/wp-content\\\/uploads\\\/2022\\\/12\\\/2022-12-01_WebinarDezemberBild.jpg\",\"width\":1184,\"height\":791},{\"@type\":\"BreadcrumbList\",\"@id\":\"https:\\\/\\\/digidem-bayern.de\\\/menschen-mit-demenz-ganz-persoenlich\\\/#breadcrumb\",\"itemListElement\":[{\"@type\":\"ListItem\",\"position\":1,\"name\":\"Startseite\",\"item\":\"https:\\\/\\\/digidem-bayern.de\\\/\"},{\"@type\":\"ListItem\",\"position\":2,\"name\":\"Webinar: Menschen mit Demenz \u00ad\u2013 ganz pers\u00f6nlich\"}]},{\"@type\":\"WebSite\",\"@id\":\"\\\/#website\",\"url\":\"\\\/\",\"name\":\"digiDEM Bayern\",\"description\":\"Das digitale Demenzregister Bayern erforscht und verbessert die Angebotsstuktur f\u00fcr Menschen mit Demenz und deren Angeh\u00f6rige\",\"publisher\":{\"@id\":\"\\\/#organization\"},\"potentialAction\":[{\"@type\":\"SearchAction\",\"target\":{\"@type\":\"EntryPoint\",\"urlTemplate\":\"\\\/?s={search_term_string}\"},\"query-input\":{\"@type\":\"PropertyValueSpecification\",\"valueRequired\":true,\"valueName\":\"search_term_string\"}}],\"inLanguage\":\"en-US\"},{\"@type\":\"Organization\",\"@id\":\"\\\/#organization\",\"name\":\"digiDEM Bayern\",\"url\":\"\\\/\",\"logo\":{\"@type\":\"ImageObject\",\"inLanguage\":\"en-US\",\"@id\":\"\\\/#\\\/schema\\\/logo\\\/image\\\/\",\"url\":\"https:\\\/\\\/digidem-bayern.de\\\/wp-content\\\/uploads\\\/2022\\\/03\\\/cropped-Allgemeines_digiDEMLOGO-removebg-preview.png\",\"contentUrl\":\"https:\\\/\\\/digidem-bayern.de\\\/wp-content\\\/uploads\\\/2022\\\/03\\\/cropped-Allgemeines_digiDEMLOGO-removebg-preview.png\",\"width\":612,\"height\":357,\"caption\":\"digiDEM Bayern\"},\"image\":{\"@id\":\"\\\/#\\\/schema\\\/logo\\\/image\\\/\"},\"sameAs\":[\"https:\\\/\\\/www.facebook.com\\\/digiDEMBayern\\\/\",\"https:\\\/\\\/x.com\\\/digidem_bayern\",\"https:\\\/\\\/www.instagram.com\\\/digidem.bayern\",\"https:\\\/\\\/www.linkedin.com\\\/company\\\/digidem-bayern\\\/\"]},{\"@type\":\"Person\",\"@id\":\"\\\/#\\\/schema\\\/person\\\/0e8781e0653d1a8e57ca55bd2c3cb01f\",\"name\":\"Anne Keefer\",\"url\":\"https:\\\/\\\/digidem-bayern.de\\\/en\\\/author\\\/ag-webinar\\\/\"}]}<\/script>\n<!-- \/ Yoast SEO plugin. -->","yoast_head_json":{"title":"Webinar: Menschen mit Demenz \u00ad\u2013 ganz pers\u00f6nlich - digiDEM Bayern","description":"Im Webinar \"digiDEM Bayern Science Watch LIVE\" behandeln Wissenschaftler ein Thema aus der Demenzforschung und stehen live f\u00fcr Fragen zur Verf\u00fcgung.","robots":{"index":"index","follow":"follow","max-snippet":"max-snippet:-1","max-image-preview":"max-image-preview:large","max-video-preview":"max-video-preview:-1"},"canonical":"https:\/\/digidem-bayern.de\/en\/menschen-mit-demenz-ganz-persoenlich\/","og_locale":"en_US","og_type":"article","og_title":"Webinar: Menschen mit Demenz \u00ad\u2013 ganz pers\u00f6nlich - digiDEM Bayern","og_description":"Im Webinar \"digiDEM Bayern Science Watch LIVE\" behandeln Wissenschaftler ein Thema aus der Demenzforschung und stehen live f\u00fcr Fragen zur Verf\u00fcgung.","og_url":"https:\/\/digidem-bayern.de\/en\/menschen-mit-demenz-ganz-persoenlich\/","og_site_name":"digiDEM Bayern","article_publisher":"https:\/\/www.facebook.com\/digiDEMBayern\/","article_published_time":"2022-11-28T11:31:26+00:00","article_modified_time":"2023-06-02T10:18:33+00:00","og_image":[{"width":1184,"height":791,"url":"https:\/\/digidem-bayern.de\/wp-content\/uploads\/2022\/12\/2022-12-01_WebinarDezemberBild.jpg","type":"image\/jpeg"}],"author":"Anne Keefer","twitter_misc":{"Written by":"Anne Keefer","Est. reading time":"2 minutes"},"schema":{"@context":"https:\/\/schema.org","@graph":[{"@type":"Article","@id":"https:\/\/digidem-bayern.de\/menschen-mit-demenz-ganz-persoenlich\/#article","isPartOf":{"@id":"https:\/\/digidem-bayern.de\/menschen-mit-demenz-ganz-persoenlich\/"},"author":{"name":"Anne Keefer","@id":"\/#\/schema\/person\/0e8781e0653d1a8e57ca55bd2c3cb01f"},"headline":"Webinar: Menschen mit Demenz \u00ad\u2013 ganz pers\u00f6nlich","datePublished":"2022-11-28T11:31:26+00:00","dateModified":"2023-06-02T10:18:33+00:00","mainEntityOfPage":{"@id":"https:\/\/digidem-bayern.de\/menschen-mit-demenz-ganz-persoenlich\/"},"wordCount":209,"commentCount":0,"publisher":{"@id":"\/#organization"},"image":{"@id":"https:\/\/digidem-bayern.de\/menschen-mit-demenz-ganz-persoenlich\/#primaryimage"},"thumbnailUrl":"https:\/\/digidem-bayern.de\/wp-content\/uploads\/2022\/12\/2022-12-01_WebinarDezemberBild.jpg","keywords":["Alzheimer","Betroffene","Demenz","Demenzdiagnose","digidem","digidem Bayern","Digitales Demenzregister Bayern","Leah Weigand","Poetry-Slam","Science Watch-Newsletter","Webinar"],"articleSection":["Aktuelles zu digiDEM"],"inLanguage":"en-US","potentialAction":[{"@type":"CommentAction","name":"Comment","target":["https:\/\/digidem-bayern.de\/menschen-mit-demenz-ganz-persoenlich\/#respond"]}]},{"@type":"WebPage","@id":"https:\/\/digidem-bayern.de\/menschen-mit-demenz-ganz-persoenlich\/","url":"https:\/\/digidem-bayern.de\/menschen-mit-demenz-ganz-persoenlich\/","name":"Webinar: Menschen mit Demenz \u00ad\u2013 ganz pers\u00f6nlich - digiDEM Bayern","isPartOf":{"@id":"\/#website"},"primaryImageOfPage":{"@id":"https:\/\/digidem-bayern.de\/menschen-mit-demenz-ganz-persoenlich\/#primaryimage"},"image":{"@id":"https:\/\/digidem-bayern.de\/menschen-mit-demenz-ganz-persoenlich\/#primaryimage"},"thumbnailUrl":"https:\/\/digidem-bayern.de\/wp-content\/uploads\/2022\/12\/2022-12-01_WebinarDezemberBild.jpg","datePublished":"2022-11-28T11:31:26+00:00","dateModified":"2023-06-02T10:18:33+00:00","description":"Im Webinar \"digiDEM Bayern Science Watch LIVE\" behandeln Wissenschaftler ein Thema aus der Demenzforschung und stehen live f\u00fcr Fragen zur Verf\u00fcgung.","breadcrumb":{"@id":"https:\/\/digidem-bayern.de\/menschen-mit-demenz-ganz-persoenlich\/#breadcrumb"},"inLanguage":"en-US","potentialAction":[{"@type":"ReadAction","target":["https:\/\/digidem-bayern.de\/menschen-mit-demenz-ganz-persoenlich\/"]}]},{"@type":"ImageObject","inLanguage":"en-US","@id":"https:\/\/digidem-bayern.de\/menschen-mit-demenz-ganz-persoenlich\/#primaryimage","url":"https:\/\/digidem-bayern.de\/wp-content\/uploads\/2022\/12\/2022-12-01_WebinarDezemberBild.jpg","contentUrl":"https:\/\/digidem-bayern.de\/wp-content\/uploads\/2022\/12\/2022-12-01_WebinarDezemberBild.jpg","width":1184,"height":791},{"@type":"BreadcrumbList","@id":"https:\/\/digidem-bayern.de\/menschen-mit-demenz-ganz-persoenlich\/#breadcrumb","itemListElement":[{"@type":"ListItem","position":1,"name":"Startseite","item":"https:\/\/digidem-bayern.de\/"},{"@type":"ListItem","position":2,"name":"Webinar: Menschen mit Demenz \u00ad\u2013 ganz pers\u00f6nlich"}]},{"@type":"WebSite","@id":"\/#website","url":"\/","name":"digiDEM Bavaria","description":"The digital dementia register in Bavaria researches and improves the structure of services for people with dementia and their relatives","publisher":{"@id":"\/#organization"},"potentialAction":[{"@type":"SearchAction","target":{"@type":"EntryPoint","urlTemplate":"\/?s={search_term_string}"},"query-input":{"@type":"PropertyValueSpecification","valueRequired":true,"valueName":"search_term_string"}}],"inLanguage":"en-US"},{"@type":"Organization","@id":"\/#organization","name":"digiDEM Bavaria","url":"\/","logo":{"@type":"ImageObject","inLanguage":"en-US","@id":"\/#\/schema\/logo\/image\/","url":"https:\/\/digidem-bayern.de\/wp-content\/uploads\/2022\/03\/cropped-Allgemeines_digiDEMLOGO-removebg-preview.png","contentUrl":"https:\/\/digidem-bayern.de\/wp-content\/uploads\/2022\/03\/cropped-Allgemeines_digiDEMLOGO-removebg-preview.png","width":612,"height":357,"caption":"digiDEM Bayern"},"image":{"@id":"\/#\/schema\/logo\/image\/"},"sameAs":["https:\/\/www.facebook.com\/digiDEMBayern\/","https:\/\/x.com\/digidem_bayern","https:\/\/www.instagram.com\/digidem.bayern","https:\/\/www.linkedin.com\/company\/digidem-bayern\/"]},{"@type":"Person","@id":"\/#\/schema\/person\/0e8781e0653d1a8e57ca55bd2c3cb01f","name":"Anne Keefer","url":"https:\/\/digidem-bayern.de\/en\/author\/ag-webinar\/"}]}},"uagb_featured_image_src":{"full":["https:\/\/digidem-bayern.de\/wp-content\/uploads\/2022\/12\/2022-12-01_WebinarDezemberBild.jpg",1184,791,false],"thumbnail":["https:\/\/digidem-bayern.de\/wp-content\/uploads\/2022\/12\/2022-12-01_WebinarDezemberBild-80x80.jpg",80,80,true],"medium":["https:\/\/digidem-bayern.de\/wp-content\/uploads\/2022\/12\/2022-12-01_WebinarDezemberBild-300x200.jpg",300,200,true],"medium_large":["https:\/\/digidem-bayern.de\/wp-content\/uploads\/2022\/12\/2022-12-01_WebinarDezemberBild-768x513.jpg",768,513,true],"large":["https:\/\/digidem-bayern.de\/wp-content\/uploads\/2022\/12\/2022-12-01_WebinarDezemberBild-1030x688.jpg",1030,688,true],"1536x1536":["https:\/\/digidem-bayern.de\/wp-content\/uploads\/2022\/12\/2022-12-01_WebinarDezemberBild.jpg",1184,791,false],"2048x2048":["https:\/\/digidem-bayern.de\/wp-content\/uploads\/2022\/12\/2022-12-01_WebinarDezemberBild.jpg",1184,791,false],"trp-custom-language-flag":["https:\/\/digidem-bayern.de\/wp-content\/uploads\/2022\/12\/2022-12-01_WebinarDezemberBild.jpg",18,12,false],"qubely_landscape":["https:\/\/digidem-bayern.de\/wp-content\/uploads\/2022\/12\/2022-12-01_WebinarDezemberBild-1184x750.jpg",1184,750,true],"qubely_portrait":["https:\/\/digidem-bayern.de\/wp-content\/uploads\/2022\/12\/2022-12-01_WebinarDezemberBild-540x320.jpg",540,320,true],"qubely_thumbnail":["https:\/\/digidem-bayern.de\/wp-content\/uploads\/2022\/12\/2022-12-01_WebinarDezemberBild-140x100.jpg",140,100,true],"post-thumbnail":["https:\/\/digidem-bayern.de\/wp-content\/uploads\/2022\/12\/2022-12-01_WebinarDezemberBild-524x350.jpg",524,350,true],"kahuna-featured":["https:\/\/digidem-bayern.de\/wp-content\/uploads\/2022\/12\/2022-12-01_WebinarDezemberBild-734x350.jpg",734,350,true],"kahuna-featured-lp":["https:\/\/digidem-bayern.de\/wp-content\/uploads\/2022\/12\/2022-12-01_WebinarDezemberBild-520x350.jpg",520,350,true],"kahuna-featured-half":["https:\/\/digidem-bayern.de\/wp-content\/uploads\/2022\/12\/2022-12-01_WebinarDezemberBild-800x350.jpg",800,350,true],"kahuna-featured-third":["https:\/\/digidem-bayern.de\/wp-content\/uploads\/2022\/12\/2022-12-01_WebinarDezemberBild-512x350.jpg",512,350,true],"kahuna-lpbox-1":["https:\/\/digidem-bayern.de\/wp-content\/uploads\/2022\/12\/2022-12-01_WebinarDezemberBild-520x300.jpg",520,300,true],"kahuna-lpbox-2":["https:\/\/digidem-bayern.de\/wp-content\/uploads\/2022\/12\/2022-12-01_WebinarDezemberBild-520x350.jpg",520,350,true],"demand-language-flag":["https:\/\/digidem-bayern.de\/wp-content\/uploads\/2022\/12\/2022-12-01_WebinarDezemberBild.jpg",36,24,false],"dddkt-language-flag":["https:\/\/digidem-bayern.de\/wp-content\/uploads\/2022\/12\/2022-12-01_WebinarDezemberBild-36x36.jpg",36,36,true],"ddiqc-language-flag":["https:\/\/digidem-bayern.de\/wp-content\/uploads\/2022\/12\/2022-12-01_WebinarDezemberBild-36x36.jpg",36,36,true],"ddtl-language-flag":["https:\/\/digidem-bayern.de\/wp-content\/uploads\/2022\/12\/2022-12-01_WebinarDezemberBild-36x36.jpg",36,36,true],"mailpoet_newsletter_max":["https:\/\/digidem-bayern.de\/wp-content\/uploads\/2022\/12\/2022-12-01_WebinarDezemberBild.jpg",1184,791,false],"kahuna-lpbox-3":["https:\/\/digidem-bayern.de\/wp-content\/uploads\/2022\/12\/2022-12-01_WebinarDezemberBild-520x350.jpg",520,350,true],"kahuna-featured-square":["https:\/\/digidem-bayern.de\/wp-content\/uploads\/2022\/12\/2022-12-01_WebinarDezemberBild-512x512.jpg",512,512,true],"kahuna-featured-square-large":["https:\/\/digidem-bayern.de\/wp-content\/uploads\/2022\/12\/2022-12-01_WebinarDezemberBild-1024x791.jpg",1024,791,true]},"uagb_author_info":{"display_name":"Anne Keefer","author_link":"https:\/\/digidem-bayern.de\/en\/author\/ag-webinar\/"},"uagb_comment_info":0,"uagb_excerpt":"Gesellschaftliche Teilhabe ist auch f\u00fcr Menschen mit Demenz und ihre pflegenden Angeh\u00f6rigen wichtig. Oft fehlt jedoch das Wissen \u00fcber die Erkrankung und das Verst\u00e4ndnis f\u00fcr Betroffene. Daher m\u00f6chten wir im kommenden Webinar Menschen mit Demenz eine Stimme geben. Bei Simone wurde eine Demenz diagnostiziert. Ihr Berufsleben musste sie aufgrund der &hellip;","_links":{"self":[{"href":"https:\/\/digidem-bayern.de\/en\/wp-json\/wp\/v2\/posts\/24984","targetHints":{"allow":["GET"]}}],"collection":[{"href":"https:\/\/digidem-bayern.de\/en\/wp-json\/wp\/v2\/posts"}],"about":[{"href":"https:\/\/digidem-bayern.de\/en\/wp-json\/wp\/v2\/types\/post"}],"author":[{"embeddable":true,"href":"https:\/\/digidem-bayern.de\/en\/wp-json\/wp\/v2\/users\/7"}],"replies":[{"embeddable":true,"href":"https:\/\/digidem-bayern.de\/en\/wp-json\/wp\/v2\/comments?post=24984"}],"version-history":[{"count":9,"href":"https:\/\/digidem-bayern.de\/en\/wp-json\/wp\/v2\/posts\/24984\/revisions"}],"predecessor-version":[{"id":28643,"href":"https:\/\/digidem-bayern.de\/en\/wp-json\/wp\/v2\/posts\/24984\/revisions\/28643"}],"wp:featuredmedia":[{"embeddable":true,"href":"https:\/\/digidem-bayern.de\/en\/wp-json\/wp\/v2\/media\/25034"}],"wp:attachment":[{"href":"https:\/\/digidem-bayern.de\/en\/wp-json\/wp\/v2\/media?parent=24984"}],"wp:term":[{"taxonomy":"category","embeddable":true,"href":"https:\/\/digidem-bayern.de\/en\/wp-json\/wp\/v2\/categories?post=24984"},{"taxonomy":"post_tag","embeddable":true,"href":"https:\/\/digidem-bayern.de\/en\/wp-json\/wp\/v2\/tags?post=24984"}],"curies":[{"name":"wp","href":"https:\/\/api.w.org\/{rel}","templated":true}]}}