{"id":24921,"date":"2022-11-24T11:28:39","date_gmt":"2022-11-24T10:28:39","guid":{"rendered":"https:\/\/digidem-bayern.de\/?p=24921"},"modified":"2022-11-24T14:46:30","modified_gmt":"2022-11-24T13:46:30","slug":"auch-an-die-dritten-denken","status":"publish","type":"post","link":"https:\/\/digidem-bayern.de\/en\/auch-an-die-dritten-denken\/","title":{"rendered":"Auch an \u201edie Dritten&#8220; denken"},"content":{"rendered":"<p><strong>Bei der Vorbeugung kognitiver Beeintr\u00e4chtigungen spielt der Zahnersatz eine sehr wichtige Rolle. Mehr noch: \u201eDie Dritten&#8220; wirken als Schutzfaktor f\u00fcr die kognitiven Funktionen von Patient*innen mit Demenz und neurodegenerativen Erkrankungen. Zu diesem Schluss kommt eine systematische \u00dcbersichtsarbeit aus Indien.<\/strong><\/p>\n\n\n\n<p>Nicht nur die Ern\u00e4hrung und die Zahngesundheit \u00fcben einen zentralen Einfluss auf die kognitiven Funktionen aus. In der wissenschaftlichen Literatur wurde bereits nachgewiesen, dass das Kauen eng mit der Aktivit\u00e4t der Gro\u00dfhirnrinde zusammenh\u00e4ngt. Es erh\u00f6ht den Sauerstoffgehalt im pr\u00e4frontalen Bereich und im Hippocampus. \u201eEine verringerte Kaut\u00e4tigkeit f\u00fchrt also zu einem R\u00fcckgang der kognitiven F\u00e4higkeiten&#8220;, hei\u00dft es in der \u00dcbersichtsstudie. Darin haben die Autor*innen 15 wissenschaftliche Arbeiten analysiert. Das Ziel war es, Erkenntnisse \u00fcber die Auswirkungen von Zahnersatz auf die kognitiven Funktionen bei \u00e4lteren Menschen abzusichern.<\/p>\n\n\n<div class=\"wp-block-image\">\n<figure class=\"alignright size-full is-resized\"><img loading=\"lazy\" decoding=\"async\" src=\"https:\/\/digidem-bayern.de\/wp-content\/uploads\/2022\/11\/shutterstock_2105254394-Implantate.jpg\" alt=\"Bei der Vorbeugung kognitiver Beeintr\u00e4chtigungen spielt der Zahnersatz eine sehr wichtige Rolle.\" class=\"wp-image-24909\" width=\"437\" height=\"291\" srcset=\"https:\/\/digidem-bayern.de\/wp-content\/uploads\/2022\/11\/shutterstock_2105254394-Implantate.jpg 1000w, https:\/\/digidem-bayern.de\/wp-content\/uploads\/2022\/11\/shutterstock_2105254394-Implantate-300x200.jpg 300w, https:\/\/digidem-bayern.de\/wp-content\/uploads\/2022\/11\/shutterstock_2105254394-Implantate-768x512.jpg 768w, https:\/\/digidem-bayern.de\/wp-content\/uploads\/2022\/11\/shutterstock_2105254394-Implantate-525x350.jpg 525w\" sizes=\"auto, (max-width: 437px) 100vw, 437px\" \/><\/figure>\n<\/div>\n\n\n<p><strong>Zahnprothesen und Zahnimplantate verbessern kognitive F\u00e4higkeiten<\/strong><\/p>\n\n\n\n<p>Zahnprothesen &#8211; die gleichzeitig auch ein St\u00fcck Lebensqualit\u00e4t bedeutet &#8211; ist also hilfreich, um die kognitiven F\u00e4higkeiten zu verbessern und die \u201eWahrscheinlichkeit einer Demenz oder Alzheimer-Krankheit&#8220; zu verringern. Herk\u00f6mmliche Zahnprothesen und implantatgetragene Prothesen verbessern dabei, so die Forschenden, den Ern\u00e4hrungszustand und die Wahrnehmung der Mundgesundheit bei \u00e4lteren Menschen erheblich und \u201esteigern damit ihre kognitiven F\u00e4higkeiten.&#8220;<\/p>\n\n\n\n<p><strong>Die Kaumuskulatur stimulieren<\/strong><\/p>\n\n\n\n<p>Von Bedeutung ist dabei auch die Anzahl der Z\u00e4hne. So wiesen Menschen mit niedrigen MMST-Werten (Mini-Mental Status Test) eine geringere Anzahl von Z\u00e4hnen und eine eingeschr\u00e4nkte Kauf\u00e4higkeit auf. Dies f\u00fchrte zu einer geringeren kognitiven Funktion. Werden aber zum Beispiel Teilprothesen getragen oder kommen Zahnimplantate zum Einsatz, k\u00f6nnen diese die Kaumuskulatur stimulieren und dazu beitragen, den kognitiven Abbau zu verhindern.<\/p>\n\n\n\n<p>Hier geht&#8217;s zur Studie:<\/p>\n\n\n\n<p><a href=\"https:\/\/www.jpbsonline.org\/article.asp?issn=0975-7406;year=2021;volume=13;issue=5;spage=788;epage=794;aulast=Ahmed\"><strong>Influence\u00a0of\u00a0dental\u00a0prostheses\u00a0on\u00a0cognitive\u00a0functioning\u00a0in\u00a0elderly\u00a0population: A\u00a0systematic\u00a0review\u00a0Ahmed SE, Mohan J,\u00a0Kalaignan\u00a0P, Kandasamy S,\u00a0Raju\u00a0R,\u00a0Champakesan\u00a0B &#8211; J\u00a0Pharm\u00a0Bioall\u00a0Sci\u00a0(jpbsonline.org)<\/strong><\/a><\/p>\n\n\n\n<p><\/p>\n\n\n\n<p><\/p>\n\n\n\n<p><\/p>\n\n\n\n<p><\/p>\n\n\n\n<p style=\"font-size:20px\"><\/p>\n\n\n\n<div style=\"height:20px\" aria-hidden=\"true\" class=\"wp-block-spacer\"><\/div>\n\n\n\n<div style=\"height:20px\" aria-hidden=\"true\" class=\"wp-block-spacer\"><\/div>","protected":false},"excerpt":{"rendered":"<p>Bei der Vorbeugung kognitiver Beeintr\u00e4chtigungen spielt der Zahnersatz eine sehr wichtige Rolle. Mehr noch: \u201eDie Dritten&#8220; wirken als Schutzfaktor f\u00fcr die kognitiven Funktionen von Patient*innen mit Demenz und neurodegenerativen Erkrankungen. Zu diesem Schluss kommt eine systematische \u00dcbersichtsarbeit aus Indien. Nicht nur die Ern\u00e4hrung und die Zahngesundheit \u00fcben einen zentralen Einfluss &hellip;<\/p>","protected":false},"author":12,"featured_media":24909,"comment_status":"open","ping_status":"closed","sticky":false,"template":"","format":"standard","meta":{"qubely_global_settings":"","qubely_interactions":"","_uag_custom_page_level_css":"","footnotes":""},"categories":[5],"tags":[13,406,12,14,17,55,578,243,580,574,579],"class_list":["post-24921","post","type-post","status-publish","format-standard","has-post-thumbnail","hentry","category-wissenschaft-forschung","tag-alzheimer","tag-alzheimer-demenz","tag-demenz-2","tag-digidem","tag-digidem-bayern","tag-digitales-demenzregister-bayern","tag-implantate","tag-mundgesundheit","tag-neurodegenerative-erkrankung","tag-zahnersatz","tag-zahnprothese"],"qubely_featured_image_url":{"full":["https:\/\/digidem-bayern.de\/wp-content\/uploads\/2022\/11\/shutterstock_2105254394-Implantate.jpg",1000,667,false],"landscape":["https:\/\/digidem-bayern.de\/wp-content\/uploads\/2022\/11\/shutterstock_2105254394-Implantate.jpg",1000,667,false],"portraits":["https:\/\/digidem-bayern.de\/wp-content\/uploads\/2022\/11\/shutterstock_2105254394-Implantate-540x320.jpg",540,320,true],"thumbnail":["https:\/\/digidem-bayern.de\/wp-content\/uploads\/2022\/11\/shutterstock_2105254394-Implantate-80x80.jpg",80,80,true],"medium":["https:\/\/digidem-bayern.de\/wp-content\/uploads\/2022\/11\/shutterstock_2105254394-Implantate-300x200.jpg",300,200,true],"medium_large":["https:\/\/digidem-bayern.de\/wp-content\/uploads\/2022\/11\/shutterstock_2105254394-Implantate-768x512.jpg",768,512,true],"large":["https:\/\/digidem-bayern.de\/wp-content\/uploads\/2022\/11\/shutterstock_2105254394-Implantate.jpg",1000,667,false],"1536x1536":["https:\/\/digidem-bayern.de\/wp-content\/uploads\/2022\/11\/shutterstock_2105254394-Implantate.jpg",1000,667,false],"2048x2048":["https:\/\/digidem-bayern.de\/wp-content\/uploads\/2022\/11\/shutterstock_2105254394-Implantate.jpg",1000,667,false],"trp-custom-language-flag":["https:\/\/digidem-bayern.de\/wp-content\/uploads\/2022\/11\/shutterstock_2105254394-Implantate.jpg",18,12,false],"qubely_landscape":["https:\/\/digidem-bayern.de\/wp-content\/uploads\/2022\/11\/shutterstock_2105254394-Implantate.jpg",1000,667,false],"qubely_portrait":["https:\/\/digidem-bayern.de\/wp-content\/uploads\/2022\/11\/shutterstock_2105254394-Implantate-540x320.jpg",540,320,true],"qubely_thumbnail":["https:\/\/digidem-bayern.de\/wp-content\/uploads\/2022\/11\/shutterstock_2105254394-Implantate-140x100.jpg",140,100,true],"post-thumbnail":["https:\/\/digidem-bayern.de\/wp-content\/uploads\/2022\/11\/shutterstock_2105254394-Implantate-525x350.jpg",525,350,true],"kahuna-featured":["https:\/\/digidem-bayern.de\/wp-content\/uploads\/2022\/11\/shutterstock_2105254394-Implantate-734x350.jpg",734,350,true],"kahuna-featured-lp":["https:\/\/digidem-bayern.de\/wp-content\/uploads\/2022\/11\/shutterstock_2105254394-Implantate-520x350.jpg",520,350,true],"kahuna-featured-half":["https:\/\/digidem-bayern.de\/wp-content\/uploads\/2022\/11\/shutterstock_2105254394-Implantate-800x350.jpg",800,350,true],"kahuna-featured-third":["https:\/\/digidem-bayern.de\/wp-content\/uploads\/2022\/11\/shutterstock_2105254394-Implantate-512x350.jpg",512,350,true],"kahuna-lpbox-1":["https:\/\/digidem-bayern.de\/wp-content\/uploads\/2022\/11\/shutterstock_2105254394-Implantate-520x300.jpg",520,300,true],"kahuna-lpbox-2":["https:\/\/digidem-bayern.de\/wp-content\/uploads\/2022\/11\/shutterstock_2105254394-Implantate-520x350.jpg",520,350,true],"demand-language-flag":["https:\/\/digidem-bayern.de\/wp-content\/uploads\/2022\/11\/shutterstock_2105254394-Implantate.jpg",36,24,false],"dddkt-language-flag":["https:\/\/digidem-bayern.de\/wp-content\/uploads\/2022\/11\/shutterstock_2105254394-Implantate-36x36.jpg",36,36,true],"ddiqc-language-flag":["https:\/\/digidem-bayern.de\/wp-content\/uploads\/2022\/11\/shutterstock_2105254394-Implantate-36x36.jpg",36,36,true],"ddtl-language-flag":["https:\/\/digidem-bayern.de\/wp-content\/uploads\/2022\/11\/shutterstock_2105254394-Implantate-36x36.jpg",36,36,true],"mailpoet_newsletter_max":["https:\/\/digidem-bayern.de\/wp-content\/uploads\/2022\/11\/shutterstock_2105254394-Implantate.jpg",1000,667,false],"kahuna-lpbox-3":["https:\/\/digidem-bayern.de\/wp-content\/uploads\/2022\/11\/shutterstock_2105254394-Implantate-520x350.jpg",520,350,true],"kahuna-featured-square":["https:\/\/digidem-bayern.de\/wp-content\/uploads\/2022\/11\/shutterstock_2105254394-Implantate-512x512.jpg",512,512,true],"kahuna-featured-square-large":["https:\/\/digidem-bayern.de\/wp-content\/uploads\/2022\/11\/shutterstock_2105254394-Implantate.jpg",1000,667,false]},"qubely_author":{"display_name":"Ilona H\u00f6rath","author_link":"https:\/\/digidem-bayern.de\/en\/author\/hoeratia\/"},"qubely_comment":13,"qubely_category":"<a href=\"https:\/\/digidem-bayern.de\/en\/category\/wissenschaft-forschung\/\" rel=\"category tag\">Wissenschaft &amp; Forschung<\/a>","qubely_excerpt":"Bei der Vorbeugung kognitiver Beeintr\u00e4chtigungen spielt der Zahnersatz eine sehr wichtige Rolle. Mehr noch: \u201eDie Dritten&#8220; wirken als Schutzfaktor f\u00fcr die kognitiven Funktionen von Patient*innen mit Demenz und neurodegenerativen Erkrankungen. Zu diesem Schluss kommt eine systematische \u00dcbersichtsarbeit aus Indien. Nicht nur die Ern\u00e4hrung und die Zahngesundheit \u00fcben einen zentralen Einfluss &hellip;","featured_image_urls_v2":{"full":["https:\/\/digidem-bayern.de\/wp-content\/uploads\/2022\/11\/shutterstock_2105254394-Implantate.jpg",1000,667,false],"thumbnail":["https:\/\/digidem-bayern.de\/wp-content\/uploads\/2022\/11\/shutterstock_2105254394-Implantate-80x80.jpg",80,80,true],"medium":["https:\/\/digidem-bayern.de\/wp-content\/uploads\/2022\/11\/shutterstock_2105254394-Implantate-300x200.jpg",300,200,true],"medium_large":["https:\/\/digidem-bayern.de\/wp-content\/uploads\/2022\/11\/shutterstock_2105254394-Implantate-768x512.jpg",768,512,true],"large":["https:\/\/digidem-bayern.de\/wp-content\/uploads\/2022\/11\/shutterstock_2105254394-Implantate.jpg",1000,667,false],"1536x1536":["https:\/\/digidem-bayern.de\/wp-content\/uploads\/2022\/11\/shutterstock_2105254394-Implantate.jpg",1000,667,false],"2048x2048":["https:\/\/digidem-bayern.de\/wp-content\/uploads\/2022\/11\/shutterstock_2105254394-Implantate.jpg",1000,667,false],"trp-custom-language-flag":["https:\/\/digidem-bayern.de\/wp-content\/uploads\/2022\/11\/shutterstock_2105254394-Implantate.jpg",18,12,false],"qubely_landscape":["https:\/\/digidem-bayern.de\/wp-content\/uploads\/2022\/11\/shutterstock_2105254394-Implantate.jpg",1000,667,false],"qubely_portrait":["https:\/\/digidem-bayern.de\/wp-content\/uploads\/2022\/11\/shutterstock_2105254394-Implantate-540x320.jpg",540,320,true],"qubely_thumbnail":["https:\/\/digidem-bayern.de\/wp-content\/uploads\/2022\/11\/shutterstock_2105254394-Implantate-140x100.jpg",140,100,true],"post-thumbnail":["https:\/\/digidem-bayern.de\/wp-content\/uploads\/2022\/11\/shutterstock_2105254394-Implantate-525x350.jpg",525,350,true],"kahuna-featured":["https:\/\/digidem-bayern.de\/wp-content\/uploads\/2022\/11\/shutterstock_2105254394-Implantate-734x350.jpg",734,350,true],"kahuna-featured-lp":["https:\/\/digidem-bayern.de\/wp-content\/uploads\/2022\/11\/shutterstock_2105254394-Implantate-520x350.jpg",520,350,true],"kahuna-featured-half":["https:\/\/digidem-bayern.de\/wp-content\/uploads\/2022\/11\/shutterstock_2105254394-Implantate-800x350.jpg",800,350,true],"kahuna-featured-third":["https:\/\/digidem-bayern.de\/wp-content\/uploads\/2022\/11\/shutterstock_2105254394-Implantate-512x350.jpg",512,350,true],"kahuna-lpbox-1":["https:\/\/digidem-bayern.de\/wp-content\/uploads\/2022\/11\/shutterstock_2105254394-Implantate-520x300.jpg",520,300,true],"kahuna-lpbox-2":["https:\/\/digidem-bayern.de\/wp-content\/uploads\/2022\/11\/shutterstock_2105254394-Implantate-520x350.jpg",520,350,true],"demand-language-flag":["https:\/\/digidem-bayern.de\/wp-content\/uploads\/2022\/11\/shutterstock_2105254394-Implantate.jpg",36,24,false],"dddkt-language-flag":["https:\/\/digidem-bayern.de\/wp-content\/uploads\/2022\/11\/shutterstock_2105254394-Implantate-36x36.jpg",36,36,true],"ddiqc-language-flag":["https:\/\/digidem-bayern.de\/wp-content\/uploads\/2022\/11\/shutterstock_2105254394-Implantate-36x36.jpg",36,36,true],"ddtl-language-flag":["https:\/\/digidem-bayern.de\/wp-content\/uploads\/2022\/11\/shutterstock_2105254394-Implantate-36x36.jpg",36,36,true],"mailpoet_newsletter_max":["https:\/\/digidem-bayern.de\/wp-content\/uploads\/2022\/11\/shutterstock_2105254394-Implantate.jpg",1000,667,false],"kahuna-lpbox-3":["https:\/\/digidem-bayern.de\/wp-content\/uploads\/2022\/11\/shutterstock_2105254394-Implantate-520x350.jpg",520,350,true],"kahuna-featured-square":["https:\/\/digidem-bayern.de\/wp-content\/uploads\/2022\/11\/shutterstock_2105254394-Implantate-512x512.jpg",512,512,true],"kahuna-featured-square-large":["https:\/\/digidem-bayern.de\/wp-content\/uploads\/2022\/11\/shutterstock_2105254394-Implantate.jpg",1000,667,false]},"post_excerpt_stackable_v2":"<p>Bei der Vorbeugung kognitiver Beeintr\u00e4chtigungen spielt der Zahnersatz eine sehr wichtige Rolle. Mehr noch: \u201eDie Dritten&#8220; wirken als Schutzfaktor f\u00fcr die kognitiven Funktionen von Patient*innen mit Demenz und neurodegenerativen Erkrankungen. Zu diesem Schluss kommt eine systematische \u00dcbersichtsarbeit aus Indien. Nicht nur die Ern\u00e4hrung und die Zahngesundheit \u00fcben einen zentralen Einfluss auf die kognitiven Funktionen aus. In der wissenschaftlichen Literatur wurde bereits nachgewiesen, dass das Kauen eng mit der Aktivit\u00e4t der Gro\u00dfhirnrinde zusammenh\u00e4ngt. Es erh\u00f6ht den Sauerstoffgehalt im pr\u00e4frontalen Bereich und im Hippocampus. \u201eEine verringerte Kaut\u00e4tigkeit f\u00fchrt also zu einem R\u00fcckgang der kognitiven F\u00e4higkeiten&#8220;, hei\u00dft es in der \u00dcbersichtsstudie. Darin haben&hellip;<\/p>\n","category_list_v2":"<a href=\"https:\/\/digidem-bayern.de\/en\/category\/wissenschaft-forschung\/\" rel=\"category tag\">Wissenschaft &amp; Forschung<\/a>","author_info_v2":{"name":"Ilona H\u00f6rath","url":"https:\/\/digidem-bayern.de\/en\/author\/hoeratia\/"},"comments_num_v2":"0 comments","yoast_head":"<!-- This site is optimized with the Yoast SEO plugin v27.4 - https:\/\/yoast.com\/product\/yoast-seo-wordpress\/ -->\n<title>Auch an \u201edie Dritten&quot; denken - digiDEM Bayern<\/title>\n<meta name=\"description\" content=\"Der Bayerische Landesapothekerkammer unterst\u00fctzt digiDEM Bayern mit Hilfe des Netzwerks &quot;Demenzfreundliche Apotheken&quot;.\" \/>\n<meta name=\"robots\" content=\"index, follow, max-snippet:-1, max-image-preview:large, max-video-preview:-1\" \/>\n<link rel=\"canonical\" href=\"https:\/\/digidem-bayern.de\/en\/auch-an-die-dritten-denken\/\" \/>\n<meta property=\"og:locale\" content=\"en_US\" \/>\n<meta property=\"og:type\" content=\"article\" \/>\n<meta property=\"og:title\" content=\"Auch an \u201edie Dritten&quot; denken - digiDEM Bayern\" \/>\n<meta property=\"og:description\" content=\"Der Bayerische Landesapothekerkammer unterst\u00fctzt digiDEM Bayern mit Hilfe des Netzwerks &quot;Demenzfreundliche Apotheken&quot;.\" \/>\n<meta property=\"og:url\" content=\"https:\/\/digidem-bayern.de\/en\/auch-an-die-dritten-denken\/\" \/>\n<meta property=\"og:site_name\" content=\"digiDEM Bayern\" \/>\n<meta property=\"article:publisher\" content=\"https:\/\/www.facebook.com\/digiDEMBayern\/\" \/>\n<meta property=\"article:published_time\" content=\"2022-11-24T10:28:39+00:00\" \/>\n<meta property=\"article:modified_time\" content=\"2022-11-24T13:46:30+00:00\" \/>\n<meta property=\"og:image\" content=\"https:\/\/digidem-bayern.de\/wp-content\/uploads\/2022\/11\/shutterstock_2105254394-Implantate.jpg\" \/>\n\t<meta property=\"og:image:width\" content=\"1000\" \/>\n\t<meta property=\"og:image:height\" content=\"667\" \/>\n\t<meta property=\"og:image:type\" content=\"image\/jpeg\" \/>\n<meta name=\"author\" content=\"Ilona H\u00f6rath\" \/>\n<meta name=\"twitter:label1\" content=\"Written by\" \/>\n\t<meta name=\"twitter:data1\" content=\"Ilona H\u00f6rath\" \/>\n\t<meta name=\"twitter:label2\" content=\"Est. reading time\" \/>\n\t<meta name=\"twitter:data2\" content=\"2 minutes\" \/>\n<script type=\"application\/ld+json\" class=\"yoast-schema-graph\">{\"@context\":\"https:\\\/\\\/schema.org\",\"@graph\":[{\"@type\":\"Article\",\"@id\":\"https:\\\/\\\/digidem-bayern.de\\\/auch-an-die-dritten-denken\\\/#article\",\"isPartOf\":{\"@id\":\"https:\\\/\\\/digidem-bayern.de\\\/auch-an-die-dritten-denken\\\/\"},\"author\":{\"name\":\"Ilona H\u00f6rath\",\"@id\":\"\\\/#\\\/schema\\\/person\\\/0bc1494f46fc2a051c761322a80e0941\"},\"headline\":\"Auch an \u201edie Dritten&#8220; denken\",\"datePublished\":\"2022-11-24T10:28:39+00:00\",\"dateModified\":\"2022-11-24T13:46:30+00:00\",\"mainEntityOfPage\":{\"@id\":\"https:\\\/\\\/digidem-bayern.de\\\/auch-an-die-dritten-denken\\\/\"},\"wordCount\":316,\"commentCount\":0,\"publisher\":{\"@id\":\"\\\/#organization\"},\"image\":{\"@id\":\"https:\\\/\\\/digidem-bayern.de\\\/auch-an-die-dritten-denken\\\/#primaryimage\"},\"thumbnailUrl\":\"https:\\\/\\\/digidem-bayern.de\\\/wp-content\\\/uploads\\\/2022\\\/11\\\/shutterstock_2105254394-Implantate.jpg\",\"keywords\":[\"Alzheimer\",\"Alzheimer-Demenz\",\"Demenz\",\"digidem\",\"digidem Bayern\",\"Digitales Demenzregister Bayern\",\"Implantate\",\"Mundgesundheit\",\"Neurodegenerative Erkrankung\",\"Zahnersatz\",\"Zahnprothese\"],\"articleSection\":[\"Wissenschaft &amp; Forschung\"],\"inLanguage\":\"en-US\",\"potentialAction\":[{\"@type\":\"CommentAction\",\"name\":\"Comment\",\"target\":[\"https:\\\/\\\/digidem-bayern.de\\\/auch-an-die-dritten-denken\\\/#respond\"]}]},{\"@type\":\"WebPage\",\"@id\":\"https:\\\/\\\/digidem-bayern.de\\\/auch-an-die-dritten-denken\\\/\",\"url\":\"https:\\\/\\\/digidem-bayern.de\\\/auch-an-die-dritten-denken\\\/\",\"name\":\"Auch an \u201edie Dritten\\\" denken - digiDEM Bayern\",\"isPartOf\":{\"@id\":\"\\\/#website\"},\"primaryImageOfPage\":{\"@id\":\"https:\\\/\\\/digidem-bayern.de\\\/auch-an-die-dritten-denken\\\/#primaryimage\"},\"image\":{\"@id\":\"https:\\\/\\\/digidem-bayern.de\\\/auch-an-die-dritten-denken\\\/#primaryimage\"},\"thumbnailUrl\":\"https:\\\/\\\/digidem-bayern.de\\\/wp-content\\\/uploads\\\/2022\\\/11\\\/shutterstock_2105254394-Implantate.jpg\",\"datePublished\":\"2022-11-24T10:28:39+00:00\",\"dateModified\":\"2022-11-24T13:46:30+00:00\",\"description\":\"Der Bayerische Landesapothekerkammer unterst\u00fctzt digiDEM Bayern mit Hilfe des Netzwerks \\\"Demenzfreundliche Apotheken\\\".\",\"breadcrumb\":{\"@id\":\"https:\\\/\\\/digidem-bayern.de\\\/auch-an-die-dritten-denken\\\/#breadcrumb\"},\"inLanguage\":\"en-US\",\"potentialAction\":[{\"@type\":\"ReadAction\",\"target\":[\"https:\\\/\\\/digidem-bayern.de\\\/auch-an-die-dritten-denken\\\/\"]}]},{\"@type\":\"ImageObject\",\"inLanguage\":\"en-US\",\"@id\":\"https:\\\/\\\/digidem-bayern.de\\\/auch-an-die-dritten-denken\\\/#primaryimage\",\"url\":\"https:\\\/\\\/digidem-bayern.de\\\/wp-content\\\/uploads\\\/2022\\\/11\\\/shutterstock_2105254394-Implantate.jpg\",\"contentUrl\":\"https:\\\/\\\/digidem-bayern.de\\\/wp-content\\\/uploads\\\/2022\\\/11\\\/shutterstock_2105254394-Implantate.jpg\",\"width\":1000,\"height\":667,\"caption\":\"Foto: Shutterstock\"},{\"@type\":\"BreadcrumbList\",\"@id\":\"https:\\\/\\\/digidem-bayern.de\\\/auch-an-die-dritten-denken\\\/#breadcrumb\",\"itemListElement\":[{\"@type\":\"ListItem\",\"position\":1,\"name\":\"Startseite\",\"item\":\"https:\\\/\\\/digidem-bayern.de\\\/\"},{\"@type\":\"ListItem\",\"position\":2,\"name\":\"Auch an \u201edie Dritten&#8220; denken\"}]},{\"@type\":\"WebSite\",\"@id\":\"\\\/#website\",\"url\":\"\\\/\",\"name\":\"digiDEM Bayern\",\"description\":\"Das digitale Demenzregister Bayern erforscht und verbessert die Angebotsstuktur f\u00fcr Menschen mit Demenz und deren Angeh\u00f6rige\",\"publisher\":{\"@id\":\"\\\/#organization\"},\"potentialAction\":[{\"@type\":\"SearchAction\",\"target\":{\"@type\":\"EntryPoint\",\"urlTemplate\":\"\\\/?s={search_term_string}\"},\"query-input\":{\"@type\":\"PropertyValueSpecification\",\"valueRequired\":true,\"valueName\":\"search_term_string\"}}],\"inLanguage\":\"en-US\"},{\"@type\":\"Organization\",\"@id\":\"\\\/#organization\",\"name\":\"digiDEM Bayern\",\"url\":\"\\\/\",\"logo\":{\"@type\":\"ImageObject\",\"inLanguage\":\"en-US\",\"@id\":\"\\\/#\\\/schema\\\/logo\\\/image\\\/\",\"url\":\"https:\\\/\\\/digidem-bayern.de\\\/wp-content\\\/uploads\\\/2022\\\/03\\\/cropped-Allgemeines_digiDEMLOGO-removebg-preview.png\",\"contentUrl\":\"https:\\\/\\\/digidem-bayern.de\\\/wp-content\\\/uploads\\\/2022\\\/03\\\/cropped-Allgemeines_digiDEMLOGO-removebg-preview.png\",\"width\":612,\"height\":357,\"caption\":\"digiDEM Bayern\"},\"image\":{\"@id\":\"\\\/#\\\/schema\\\/logo\\\/image\\\/\"},\"sameAs\":[\"https:\\\/\\\/www.facebook.com\\\/digiDEMBayern\\\/\",\"https:\\\/\\\/x.com\\\/digidem_bayern\",\"https:\\\/\\\/www.instagram.com\\\/digidem.bayern\",\"https:\\\/\\\/www.linkedin.com\\\/company\\\/digidem-bayern\\\/\"]},{\"@type\":\"Person\",\"@id\":\"\\\/#\\\/schema\\\/person\\\/0bc1494f46fc2a051c761322a80e0941\",\"name\":\"Ilona H\u00f6rath\",\"url\":\"https:\\\/\\\/digidem-bayern.de\\\/en\\\/author\\\/hoeratia\\\/\"}]}<\/script>\n<!-- \/ Yoast SEO plugin. -->","yoast_head_json":{"title":"Auch an \u201edie Dritten\" denken - digiDEM Bayern","description":"Der Bayerische Landesapothekerkammer unterst\u00fctzt digiDEM Bayern mit Hilfe des Netzwerks \"Demenzfreundliche Apotheken\".","robots":{"index":"index","follow":"follow","max-snippet":"max-snippet:-1","max-image-preview":"max-image-preview:large","max-video-preview":"max-video-preview:-1"},"canonical":"https:\/\/digidem-bayern.de\/en\/auch-an-die-dritten-denken\/","og_locale":"en_US","og_type":"article","og_title":"Auch an \u201edie Dritten\" denken - digiDEM Bayern","og_description":"Der Bayerische Landesapothekerkammer unterst\u00fctzt digiDEM Bayern mit Hilfe des Netzwerks \"Demenzfreundliche Apotheken\".","og_url":"https:\/\/digidem-bayern.de\/en\/auch-an-die-dritten-denken\/","og_site_name":"digiDEM Bayern","article_publisher":"https:\/\/www.facebook.com\/digiDEMBayern\/","article_published_time":"2022-11-24T10:28:39+00:00","article_modified_time":"2022-11-24T13:46:30+00:00","og_image":[{"width":1000,"height":667,"url":"https:\/\/digidem-bayern.de\/wp-content\/uploads\/2022\/11\/shutterstock_2105254394-Implantate.jpg","type":"image\/jpeg"}],"author":"Ilona H\u00f6rath","twitter_misc":{"Written by":"Ilona H\u00f6rath","Est. reading time":"2 minutes"},"schema":{"@context":"https:\/\/schema.org","@graph":[{"@type":"Article","@id":"https:\/\/digidem-bayern.de\/auch-an-die-dritten-denken\/#article","isPartOf":{"@id":"https:\/\/digidem-bayern.de\/auch-an-die-dritten-denken\/"},"author":{"name":"Ilona H\u00f6rath","@id":"\/#\/schema\/person\/0bc1494f46fc2a051c761322a80e0941"},"headline":"Auch an \u201edie Dritten&#8220; denken","datePublished":"2022-11-24T10:28:39+00:00","dateModified":"2022-11-24T13:46:30+00:00","mainEntityOfPage":{"@id":"https:\/\/digidem-bayern.de\/auch-an-die-dritten-denken\/"},"wordCount":316,"commentCount":0,"publisher":{"@id":"\/#organization"},"image":{"@id":"https:\/\/digidem-bayern.de\/auch-an-die-dritten-denken\/#primaryimage"},"thumbnailUrl":"https:\/\/digidem-bayern.de\/wp-content\/uploads\/2022\/11\/shutterstock_2105254394-Implantate.jpg","keywords":["Alzheimer","Alzheimer-Demenz","Demenz","digidem","digidem Bayern","Digitales Demenzregister Bayern","Implantate","Mundgesundheit","Neurodegenerative Erkrankung","Zahnersatz","Zahnprothese"],"articleSection":["Wissenschaft &amp; Forschung"],"inLanguage":"en-US","potentialAction":[{"@type":"CommentAction","name":"Comment","target":["https:\/\/digidem-bayern.de\/auch-an-die-dritten-denken\/#respond"]}]},{"@type":"WebPage","@id":"https:\/\/digidem-bayern.de\/auch-an-die-dritten-denken\/","url":"https:\/\/digidem-bayern.de\/auch-an-die-dritten-denken\/","name":"Auch an \u201edie Dritten\" denken - digiDEM Bayern","isPartOf":{"@id":"\/#website"},"primaryImageOfPage":{"@id":"https:\/\/digidem-bayern.de\/auch-an-die-dritten-denken\/#primaryimage"},"image":{"@id":"https:\/\/digidem-bayern.de\/auch-an-die-dritten-denken\/#primaryimage"},"thumbnailUrl":"https:\/\/digidem-bayern.de\/wp-content\/uploads\/2022\/11\/shutterstock_2105254394-Implantate.jpg","datePublished":"2022-11-24T10:28:39+00:00","dateModified":"2022-11-24T13:46:30+00:00","description":"Der Bayerische Landesapothekerkammer unterst\u00fctzt digiDEM Bayern mit Hilfe des Netzwerks \"Demenzfreundliche Apotheken\".","breadcrumb":{"@id":"https:\/\/digidem-bayern.de\/auch-an-die-dritten-denken\/#breadcrumb"},"inLanguage":"en-US","potentialAction":[{"@type":"ReadAction","target":["https:\/\/digidem-bayern.de\/auch-an-die-dritten-denken\/"]}]},{"@type":"ImageObject","inLanguage":"en-US","@id":"https:\/\/digidem-bayern.de\/auch-an-die-dritten-denken\/#primaryimage","url":"https:\/\/digidem-bayern.de\/wp-content\/uploads\/2022\/11\/shutterstock_2105254394-Implantate.jpg","contentUrl":"https:\/\/digidem-bayern.de\/wp-content\/uploads\/2022\/11\/shutterstock_2105254394-Implantate.jpg","width":1000,"height":667,"caption":"Foto: Shutterstock"},{"@type":"BreadcrumbList","@id":"https:\/\/digidem-bayern.de\/auch-an-die-dritten-denken\/#breadcrumb","itemListElement":[{"@type":"ListItem","position":1,"name":"Startseite","item":"https:\/\/digidem-bayern.de\/"},{"@type":"ListItem","position":2,"name":"Auch an \u201edie Dritten&#8220; denken"}]},{"@type":"WebSite","@id":"\/#website","url":"\/","name":"digiDEM Bavaria","description":"The digital dementia register in Bavaria researches and improves the structure of services for people with dementia and their relatives","publisher":{"@id":"\/#organization"},"potentialAction":[{"@type":"SearchAction","target":{"@type":"EntryPoint","urlTemplate":"\/?s={search_term_string}"},"query-input":{"@type":"PropertyValueSpecification","valueRequired":true,"valueName":"search_term_string"}}],"inLanguage":"en-US"},{"@type":"Organization","@id":"\/#organization","name":"digiDEM Bavaria","url":"\/","logo":{"@type":"ImageObject","inLanguage":"en-US","@id":"\/#\/schema\/logo\/image\/","url":"https:\/\/digidem-bayern.de\/wp-content\/uploads\/2022\/03\/cropped-Allgemeines_digiDEMLOGO-removebg-preview.png","contentUrl":"https:\/\/digidem-bayern.de\/wp-content\/uploads\/2022\/03\/cropped-Allgemeines_digiDEMLOGO-removebg-preview.png","width":612,"height":357,"caption":"digiDEM Bayern"},"image":{"@id":"\/#\/schema\/logo\/image\/"},"sameAs":["https:\/\/www.facebook.com\/digiDEMBayern\/","https:\/\/x.com\/digidem_bayern","https:\/\/www.instagram.com\/digidem.bayern","https:\/\/www.linkedin.com\/company\/digidem-bayern\/"]},{"@type":"Person","@id":"\/#\/schema\/person\/0bc1494f46fc2a051c761322a80e0941","name":"Ilona H\u00f6rath","url":"https:\/\/digidem-bayern.de\/en\/author\/hoeratia\/"}]}},"uagb_featured_image_src":{"full":["https:\/\/digidem-bayern.de\/wp-content\/uploads\/2022\/11\/shutterstock_2105254394-Implantate.jpg",1000,667,false],"thumbnail":["https:\/\/digidem-bayern.de\/wp-content\/uploads\/2022\/11\/shutterstock_2105254394-Implantate-80x80.jpg",80,80,true],"medium":["https:\/\/digidem-bayern.de\/wp-content\/uploads\/2022\/11\/shutterstock_2105254394-Implantate-300x200.jpg",300,200,true],"medium_large":["https:\/\/digidem-bayern.de\/wp-content\/uploads\/2022\/11\/shutterstock_2105254394-Implantate-768x512.jpg",768,512,true],"large":["https:\/\/digidem-bayern.de\/wp-content\/uploads\/2022\/11\/shutterstock_2105254394-Implantate.jpg",1000,667,false],"1536x1536":["https:\/\/digidem-bayern.de\/wp-content\/uploads\/2022\/11\/shutterstock_2105254394-Implantate.jpg",1000,667,false],"2048x2048":["https:\/\/digidem-bayern.de\/wp-content\/uploads\/2022\/11\/shutterstock_2105254394-Implantate.jpg",1000,667,false],"trp-custom-language-flag":["https:\/\/digidem-bayern.de\/wp-content\/uploads\/2022\/11\/shutterstock_2105254394-Implantate.jpg",18,12,false],"qubely_landscape":["https:\/\/digidem-bayern.de\/wp-content\/uploads\/2022\/11\/shutterstock_2105254394-Implantate.jpg",1000,667,false],"qubely_portrait":["https:\/\/digidem-bayern.de\/wp-content\/uploads\/2022\/11\/shutterstock_2105254394-Implantate-540x320.jpg",540,320,true],"qubely_thumbnail":["https:\/\/digidem-bayern.de\/wp-content\/uploads\/2022\/11\/shutterstock_2105254394-Implantate-140x100.jpg",140,100,true],"post-thumbnail":["https:\/\/digidem-bayern.de\/wp-content\/uploads\/2022\/11\/shutterstock_2105254394-Implantate-525x350.jpg",525,350,true],"kahuna-featured":["https:\/\/digidem-bayern.de\/wp-content\/uploads\/2022\/11\/shutterstock_2105254394-Implantate-734x350.jpg",734,350,true],"kahuna-featured-lp":["https:\/\/digidem-bayern.de\/wp-content\/uploads\/2022\/11\/shutterstock_2105254394-Implantate-520x350.jpg",520,350,true],"kahuna-featured-half":["https:\/\/digidem-bayern.de\/wp-content\/uploads\/2022\/11\/shutterstock_2105254394-Implantate-800x350.jpg",800,350,true],"kahuna-featured-third":["https:\/\/digidem-bayern.de\/wp-content\/uploads\/2022\/11\/shutterstock_2105254394-Implantate-512x350.jpg",512,350,true],"kahuna-lpbox-1":["https:\/\/digidem-bayern.de\/wp-content\/uploads\/2022\/11\/shutterstock_2105254394-Implantate-520x300.jpg",520,300,true],"kahuna-lpbox-2":["https:\/\/digidem-bayern.de\/wp-content\/uploads\/2022\/11\/shutterstock_2105254394-Implantate-520x350.jpg",520,350,true],"demand-language-flag":["https:\/\/digidem-bayern.de\/wp-content\/uploads\/2022\/11\/shutterstock_2105254394-Implantate.jpg",36,24,false],"dddkt-language-flag":["https:\/\/digidem-bayern.de\/wp-content\/uploads\/2022\/11\/shutterstock_2105254394-Implantate-36x36.jpg",36,36,true],"ddiqc-language-flag":["https:\/\/digidem-bayern.de\/wp-content\/uploads\/2022\/11\/shutterstock_2105254394-Implantate-36x36.jpg",36,36,true],"ddtl-language-flag":["https:\/\/digidem-bayern.de\/wp-content\/uploads\/2022\/11\/shutterstock_2105254394-Implantate-36x36.jpg",36,36,true],"mailpoet_newsletter_max":["https:\/\/digidem-bayern.de\/wp-content\/uploads\/2022\/11\/shutterstock_2105254394-Implantate.jpg",1000,667,false],"kahuna-lpbox-3":["https:\/\/digidem-bayern.de\/wp-content\/uploads\/2022\/11\/shutterstock_2105254394-Implantate-520x350.jpg",520,350,true],"kahuna-featured-square":["https:\/\/digidem-bayern.de\/wp-content\/uploads\/2022\/11\/shutterstock_2105254394-Implantate-512x512.jpg",512,512,true],"kahuna-featured-square-large":["https:\/\/digidem-bayern.de\/wp-content\/uploads\/2022\/11\/shutterstock_2105254394-Implantate.jpg",1000,667,false]},"uagb_author_info":{"display_name":"Ilona H\u00f6rath","author_link":"https:\/\/digidem-bayern.de\/en\/author\/hoeratia\/"},"uagb_comment_info":13,"uagb_excerpt":"Bei der Vorbeugung kognitiver Beeintr\u00e4chtigungen spielt der Zahnersatz eine sehr wichtige Rolle. Mehr noch: \u201eDie Dritten&#8220; wirken als Schutzfaktor f\u00fcr die kognitiven Funktionen von Patient*innen mit Demenz und neurodegenerativen Erkrankungen. Zu diesem Schluss kommt eine systematische \u00dcbersichtsarbeit aus Indien. Nicht nur die Ern\u00e4hrung und die Zahngesundheit \u00fcben einen zentralen Einfluss &hellip;","_links":{"self":[{"href":"https:\/\/digidem-bayern.de\/en\/wp-json\/wp\/v2\/posts\/24921","targetHints":{"allow":["GET"]}}],"collection":[{"href":"https:\/\/digidem-bayern.de\/en\/wp-json\/wp\/v2\/posts"}],"about":[{"href":"https:\/\/digidem-bayern.de\/en\/wp-json\/wp\/v2\/types\/post"}],"author":[{"embeddable":true,"href":"https:\/\/digidem-bayern.de\/en\/wp-json\/wp\/v2\/users\/12"}],"replies":[{"embeddable":true,"href":"https:\/\/digidem-bayern.de\/en\/wp-json\/wp\/v2\/comments?post=24921"}],"version-history":[{"count":4,"href":"https:\/\/digidem-bayern.de\/en\/wp-json\/wp\/v2\/posts\/24921\/revisions"}],"predecessor-version":[{"id":24949,"href":"https:\/\/digidem-bayern.de\/en\/wp-json\/wp\/v2\/posts\/24921\/revisions\/24949"}],"wp:featuredmedia":[{"embeddable":true,"href":"https:\/\/digidem-bayern.de\/en\/wp-json\/wp\/v2\/media\/24909"}],"wp:attachment":[{"href":"https:\/\/digidem-bayern.de\/en\/wp-json\/wp\/v2\/media?parent=24921"}],"wp:term":[{"taxonomy":"category","embeddable":true,"href":"https:\/\/digidem-bayern.de\/en\/wp-json\/wp\/v2\/categories?post=24921"},{"taxonomy":"post_tag","embeddable":true,"href":"https:\/\/digidem-bayern.de\/en\/wp-json\/wp\/v2\/tags?post=24921"}],"curies":[{"name":"wp","href":"https:\/\/api.w.org\/{rel}","templated":true}]}}