{"id":24918,"date":"2022-11-24T11:17:25","date_gmt":"2022-11-24T10:17:25","guid":{"rendered":"https:\/\/digidem-bayern.de\/?p=24918"},"modified":"2022-11-24T14:45:08","modified_gmt":"2022-11-24T13:45:08","slug":"wie-demenzsensibel-behandelt-der-zahnarzt","status":"publish","type":"post","link":"https:\/\/digidem-bayern.de\/en\/wie-demenzsensibel-behandelt-der-zahnarzt\/","title":{"rendered":"Wie demenzsensibel behandelt der Zahnarzt?"},"content":{"rendered":"<p><strong>Inwiefern sind zahn\u00e4rztliche Praxisausstattung und Beratungsabl\u00e4ufe angemessen an die Behandlung von Patienten mit Demenz angepasst? Welche besonderen Umst\u00e4nde liegen bei der zahn\u00e4rztlichen Behandlung von Menschen mit Demenz vor? Mit diesen und weiteren Fragen befasste sich ein Team von Forschenden der Universit\u00e4tsmedizin G\u00f6ttingen. Ziel der Studie war es, mehr Erkenntnisse \u00fcber die ambulante zahn\u00e4rztliche Versorgung von Patienten mit Demenz zu erlangen.<\/strong><\/p>\n\n\n\n<p>Der Besuch beim Zahnarzt ist nicht nur f\u00fcr Menschen mit Demenz eine Herausforderung. Auch die niedergelassenen behandelnden \u00c4rzte m\u00fcssen sich damit befassen, wie sie einer angemessenen ambulanten Versorgung und Betreuung gerecht werden k\u00f6nnen. Deshalb haben Wissenschaftler*innen aus G\u00f6ttingen, Aveiro (Portugal) und Magdeburg mit Hilfe eines eigens entwickelten und per Post verschickten Fragebogens 119 niedergelassenen Zahn\u00e4rztinnen und Zahn\u00e4rzte aus den s\u00fcdnieders\u00e4chsischen Landkreisen G\u00f6ttingen, Holzminden, Goslar und Northeim befragt.<\/p>\n\n\n<div class=\"wp-block-image\">\n<figure class=\"alignright size-full is-resized\"><img loading=\"lazy\" decoding=\"async\" src=\"https:\/\/digidem-bayern.de\/wp-content\/uploads\/2022\/11\/shutterstock_791252800-Ausbildung.jpg\" alt=\"Bereits im zahnmedizinischen Grundstudium sollten spezifische gerodontologische Kurse zur besseren Versorgung von Menschen mit Demenz angeboten werden.\" class=\"wp-image-24908\" width=\"456\" height=\"304\" srcset=\"https:\/\/digidem-bayern.de\/wp-content\/uploads\/2022\/11\/shutterstock_791252800-Ausbildung.jpg 1000w, https:\/\/digidem-bayern.de\/wp-content\/uploads\/2022\/11\/shutterstock_791252800-Ausbildung-300x200.jpg 300w, https:\/\/digidem-bayern.de\/wp-content\/uploads\/2022\/11\/shutterstock_791252800-Ausbildung-768x512.jpg 768w, https:\/\/digidem-bayern.de\/wp-content\/uploads\/2022\/11\/shutterstock_791252800-Ausbildung-525x350.jpg 525w\" sizes=\"auto, (max-width: 456px) 100vw, 456px\" \/><\/figure>\n<\/div>\n\n\n<p><strong><strong>Medizinische Hilfsmittel und Beratung in Pflegeheimen<\/strong><\/strong><\/p>\n\n\n\n<p>Damit Demenzpatient*innen so stressfrei wie m\u00f6glich versorgt werden, nutzt die Mehrheit der Zahnmediziner*innen medizinische Hilfsmittel wie zum Beispiel Lagerungskissen. Zus\u00e4tzlich boten mehr als zwei Drittel Beratungen in Pflegeheimen und 47 Prozent bei den Patienten zu Hause an. 63 Prozent der Praxen verf\u00fcgen \u00fcber barrierefreie Zug\u00e4nge.<\/p>\n\n\n\n<p><strong>Spezielle Aus- und Weiterbildungskurse gefordert<\/strong><\/p>\n\n\n\n<p>Die Studie offenbarte aber auch ein Defizit &#8211; sowohl in Einzel- als auch in Gemeinschaftspraxen. \u201eNur eine kleine Minderheit der teilnehmenden Zahn\u00e4rzte (8,5 Prozent) gab an, sich auf dem Gebiet der Gerodontologie weitergebildet zu haben, und bei den Praxismitarbeitern war diese Zahl noch geringer&#8220;, schreiben die Autor*innen. Dennoch bekundete mehr als die H\u00e4lfte der Befragten Interesse an einer spezifischen Weiterbildung&nbsp; in demenzsensibler zahnmedizinischer Versorgung. Dabei warfen die Autor*innen die Frage auf, ob die niedrige Rate spezifischer Schulungen wom\u00f6glich auf die unzureichende Verf\u00fcgbarkeit angemessener Schulungsm\u00f6glichkeiten zur\u00fcckzuf\u00fchren ist. F\u00fcr die Forschenden erscheint es \u201evielversprechend&#8220;, &#8222;bereits auf der Ebene des Grundstudiums spezifische gerodontologische Kurse anzubieten, die auch angehende Zahn\u00e4rzte f\u00fcr dieses wichtige Thema sensibilisieren w\u00fcrden.&#8220; Auch sollte das Weiterbildungsangebot ausgebaut werden.<\/p>\n\n\n\n<p>Hier geht&#8217;s zur Studie:<\/p>\n\n\n\n<p><a href=\"https:\/\/www.frontiersin.org\/articles\/10.3389\/froh.2021.682139\/full\"><strong>Frontiers | Dental Care\u00a0of\u00a0Patients\u00a0With\u00a0Dementia: A Survey on Practice Equipment, Training, and Dental Treatment (frontiersin.org)<\/strong><\/a><\/p>\n\n\n\n<p><\/p>\n\n\n\n<p><\/p>\n\n\n\n<p><\/p>\n\n\n\n<p><\/p>\n\n\n\n<p style=\"font-size:20px\"><\/p>\n\n\n\n<div style=\"height:20px\" aria-hidden=\"true\" class=\"wp-block-spacer\"><\/div>\n\n\n\n<div style=\"height:20px\" aria-hidden=\"true\" class=\"wp-block-spacer\"><\/div>","protected":false},"excerpt":{"rendered":"<p>Inwiefern sind zahn\u00e4rztliche Praxisausstattung und Beratungsabl\u00e4ufe angemessen an die Behandlung von Patienten mit Demenz angepasst? Welche besonderen Umst\u00e4nde liegen bei der zahn\u00e4rztlichen Behandlung von Menschen mit Demenz vor? Mit diesen und weiteren Fragen befasste sich ein Team von Forschenden der Universit\u00e4tsmedizin G\u00f6ttingen. Ziel der Studie war es, mehr Erkenntnisse \u00fcber &hellip;<\/p>","protected":false},"author":12,"featured_media":24908,"comment_status":"open","ping_status":"closed","sticky":false,"template":"","format":"standard","meta":{"qubely_global_settings":"","qubely_interactions":"","_uag_custom_page_level_css":"","footnotes":""},"categories":[5],"tags":[13,406,12,576,14,17,55,577,243,575],"class_list":["post-24918","post","type-post","status-publish","format-standard","has-post-thumbnail","hentry","category-wissenschaft-forschung","tag-alzheimer","tag-alzheimer-demenz","tag-demenz-2","tag-demenzsensibel","tag-digidem","tag-digidem-bayern","tag-digitales-demenzregister-bayern","tag-gerodontologie","tag-mundgesundheit","tag-zahnarztbesuch"],"qubely_featured_image_url":{"full":["https:\/\/digidem-bayern.de\/wp-content\/uploads\/2022\/11\/shutterstock_791252800-Ausbildung.jpg",1000,667,false],"landscape":["https:\/\/digidem-bayern.de\/wp-content\/uploads\/2022\/11\/shutterstock_791252800-Ausbildung.jpg",1000,667,false],"portraits":["https:\/\/digidem-bayern.de\/wp-content\/uploads\/2022\/11\/shutterstock_791252800-Ausbildung-540x320.jpg",540,320,true],"thumbnail":["https:\/\/digidem-bayern.de\/wp-content\/uploads\/2022\/11\/shutterstock_791252800-Ausbildung-80x80.jpg",80,80,true],"medium":["https:\/\/digidem-bayern.de\/wp-content\/uploads\/2022\/11\/shutterstock_791252800-Ausbildung-300x200.jpg",300,200,true],"medium_large":["https:\/\/digidem-bayern.de\/wp-content\/uploads\/2022\/11\/shutterstock_791252800-Ausbildung-768x512.jpg",768,512,true],"large":["https:\/\/digidem-bayern.de\/wp-content\/uploads\/2022\/11\/shutterstock_791252800-Ausbildung.jpg",1000,667,false],"1536x1536":["https:\/\/digidem-bayern.de\/wp-content\/uploads\/2022\/11\/shutterstock_791252800-Ausbildung.jpg",1000,667,false],"2048x2048":["https:\/\/digidem-bayern.de\/wp-content\/uploads\/2022\/11\/shutterstock_791252800-Ausbildung.jpg",1000,667,false],"trp-custom-language-flag":["https:\/\/digidem-bayern.de\/wp-content\/uploads\/2022\/11\/shutterstock_791252800-Ausbildung.jpg",18,12,false],"qubely_landscape":["https:\/\/digidem-bayern.de\/wp-content\/uploads\/2022\/11\/shutterstock_791252800-Ausbildung.jpg",1000,667,false],"qubely_portrait":["https:\/\/digidem-bayern.de\/wp-content\/uploads\/2022\/11\/shutterstock_791252800-Ausbildung-540x320.jpg",540,320,true],"qubely_thumbnail":["https:\/\/digidem-bayern.de\/wp-content\/uploads\/2022\/11\/shutterstock_791252800-Ausbildung-140x100.jpg",140,100,true],"post-thumbnail":["https:\/\/digidem-bayern.de\/wp-content\/uploads\/2022\/11\/shutterstock_791252800-Ausbildung-525x350.jpg",525,350,true],"kahuna-featured":["https:\/\/digidem-bayern.de\/wp-content\/uploads\/2022\/11\/shutterstock_791252800-Ausbildung-734x350.jpg",734,350,true],"kahuna-featured-lp":["https:\/\/digidem-bayern.de\/wp-content\/uploads\/2022\/11\/shutterstock_791252800-Ausbildung-520x350.jpg",520,350,true],"kahuna-featured-half":["https:\/\/digidem-bayern.de\/wp-content\/uploads\/2022\/11\/shutterstock_791252800-Ausbildung-800x350.jpg",800,350,true],"kahuna-featured-third":["https:\/\/digidem-bayern.de\/wp-content\/uploads\/2022\/11\/shutterstock_791252800-Ausbildung-512x350.jpg",512,350,true],"kahuna-lpbox-1":["https:\/\/digidem-bayern.de\/wp-content\/uploads\/2022\/11\/shutterstock_791252800-Ausbildung-520x300.jpg",520,300,true],"kahuna-lpbox-2":["https:\/\/digidem-bayern.de\/wp-content\/uploads\/2022\/11\/shutterstock_791252800-Ausbildung-520x350.jpg",520,350,true],"demand-language-flag":["https:\/\/digidem-bayern.de\/wp-content\/uploads\/2022\/11\/shutterstock_791252800-Ausbildung.jpg",36,24,false],"dddkt-language-flag":["https:\/\/digidem-bayern.de\/wp-content\/uploads\/2022\/11\/shutterstock_791252800-Ausbildung-36x36.jpg",36,36,true],"ddiqc-language-flag":["https:\/\/digidem-bayern.de\/wp-content\/uploads\/2022\/11\/shutterstock_791252800-Ausbildung-36x36.jpg",36,36,true],"ddtl-language-flag":["https:\/\/digidem-bayern.de\/wp-content\/uploads\/2022\/11\/shutterstock_791252800-Ausbildung-36x36.jpg",36,36,true],"mailpoet_newsletter_max":["https:\/\/digidem-bayern.de\/wp-content\/uploads\/2022\/11\/shutterstock_791252800-Ausbildung.jpg",1000,667,false],"kahuna-lpbox-3":["https:\/\/digidem-bayern.de\/wp-content\/uploads\/2022\/11\/shutterstock_791252800-Ausbildung-520x350.jpg",520,350,true],"kahuna-featured-square":["https:\/\/digidem-bayern.de\/wp-content\/uploads\/2022\/11\/shutterstock_791252800-Ausbildung-512x512.jpg",512,512,true],"kahuna-featured-square-large":["https:\/\/digidem-bayern.de\/wp-content\/uploads\/2022\/11\/shutterstock_791252800-Ausbildung.jpg",1000,667,false]},"qubely_author":{"display_name":"Ilona H\u00f6rath","author_link":"https:\/\/digidem-bayern.de\/en\/author\/hoeratia\/"},"qubely_comment":4,"qubely_category":"<a href=\"https:\/\/digidem-bayern.de\/en\/category\/wissenschaft-forschung\/\" rel=\"category tag\">Wissenschaft &amp; Forschung<\/a>","qubely_excerpt":"Inwiefern sind zahn\u00e4rztliche Praxisausstattung und Beratungsabl\u00e4ufe angemessen an die Behandlung von Patienten mit Demenz angepasst? Welche besonderen Umst\u00e4nde liegen bei der zahn\u00e4rztlichen Behandlung von Menschen mit Demenz vor? Mit diesen und weiteren Fragen befasste sich ein Team von Forschenden der Universit\u00e4tsmedizin G\u00f6ttingen. Ziel der Studie war es, mehr Erkenntnisse \u00fcber &hellip;","featured_image_urls_v2":{"full":["https:\/\/digidem-bayern.de\/wp-content\/uploads\/2022\/11\/shutterstock_791252800-Ausbildung.jpg",1000,667,false],"thumbnail":["https:\/\/digidem-bayern.de\/wp-content\/uploads\/2022\/11\/shutterstock_791252800-Ausbildung-80x80.jpg",80,80,true],"medium":["https:\/\/digidem-bayern.de\/wp-content\/uploads\/2022\/11\/shutterstock_791252800-Ausbildung-300x200.jpg",300,200,true],"medium_large":["https:\/\/digidem-bayern.de\/wp-content\/uploads\/2022\/11\/shutterstock_791252800-Ausbildung-768x512.jpg",768,512,true],"large":["https:\/\/digidem-bayern.de\/wp-content\/uploads\/2022\/11\/shutterstock_791252800-Ausbildung.jpg",1000,667,false],"1536x1536":["https:\/\/digidem-bayern.de\/wp-content\/uploads\/2022\/11\/shutterstock_791252800-Ausbildung.jpg",1000,667,false],"2048x2048":["https:\/\/digidem-bayern.de\/wp-content\/uploads\/2022\/11\/shutterstock_791252800-Ausbildung.jpg",1000,667,false],"trp-custom-language-flag":["https:\/\/digidem-bayern.de\/wp-content\/uploads\/2022\/11\/shutterstock_791252800-Ausbildung.jpg",18,12,false],"qubely_landscape":["https:\/\/digidem-bayern.de\/wp-content\/uploads\/2022\/11\/shutterstock_791252800-Ausbildung.jpg",1000,667,false],"qubely_portrait":["https:\/\/digidem-bayern.de\/wp-content\/uploads\/2022\/11\/shutterstock_791252800-Ausbildung-540x320.jpg",540,320,true],"qubely_thumbnail":["https:\/\/digidem-bayern.de\/wp-content\/uploads\/2022\/11\/shutterstock_791252800-Ausbildung-140x100.jpg",140,100,true],"post-thumbnail":["https:\/\/digidem-bayern.de\/wp-content\/uploads\/2022\/11\/shutterstock_791252800-Ausbildung-525x350.jpg",525,350,true],"kahuna-featured":["https:\/\/digidem-bayern.de\/wp-content\/uploads\/2022\/11\/shutterstock_791252800-Ausbildung-734x350.jpg",734,350,true],"kahuna-featured-lp":["https:\/\/digidem-bayern.de\/wp-content\/uploads\/2022\/11\/shutterstock_791252800-Ausbildung-520x350.jpg",520,350,true],"kahuna-featured-half":["https:\/\/digidem-bayern.de\/wp-content\/uploads\/2022\/11\/shutterstock_791252800-Ausbildung-800x350.jpg",800,350,true],"kahuna-featured-third":["https:\/\/digidem-bayern.de\/wp-content\/uploads\/2022\/11\/shutterstock_791252800-Ausbildung-512x350.jpg",512,350,true],"kahuna-lpbox-1":["https:\/\/digidem-bayern.de\/wp-content\/uploads\/2022\/11\/shutterstock_791252800-Ausbildung-520x300.jpg",520,300,true],"kahuna-lpbox-2":["https:\/\/digidem-bayern.de\/wp-content\/uploads\/2022\/11\/shutterstock_791252800-Ausbildung-520x350.jpg",520,350,true],"demand-language-flag":["https:\/\/digidem-bayern.de\/wp-content\/uploads\/2022\/11\/shutterstock_791252800-Ausbildung.jpg",36,24,false],"dddkt-language-flag":["https:\/\/digidem-bayern.de\/wp-content\/uploads\/2022\/11\/shutterstock_791252800-Ausbildung-36x36.jpg",36,36,true],"ddiqc-language-flag":["https:\/\/digidem-bayern.de\/wp-content\/uploads\/2022\/11\/shutterstock_791252800-Ausbildung-36x36.jpg",36,36,true],"ddtl-language-flag":["https:\/\/digidem-bayern.de\/wp-content\/uploads\/2022\/11\/shutterstock_791252800-Ausbildung-36x36.jpg",36,36,true],"mailpoet_newsletter_max":["https:\/\/digidem-bayern.de\/wp-content\/uploads\/2022\/11\/shutterstock_791252800-Ausbildung.jpg",1000,667,false],"kahuna-lpbox-3":["https:\/\/digidem-bayern.de\/wp-content\/uploads\/2022\/11\/shutterstock_791252800-Ausbildung-520x350.jpg",520,350,true],"kahuna-featured-square":["https:\/\/digidem-bayern.de\/wp-content\/uploads\/2022\/11\/shutterstock_791252800-Ausbildung-512x512.jpg",512,512,true],"kahuna-featured-square-large":["https:\/\/digidem-bayern.de\/wp-content\/uploads\/2022\/11\/shutterstock_791252800-Ausbildung.jpg",1000,667,false]},"post_excerpt_stackable_v2":"<p>Inwiefern sind zahn\u00e4rztliche Praxisausstattung und Beratungsabl\u00e4ufe angemessen an die Behandlung von Patienten mit Demenz angepasst? Welche besonderen Umst\u00e4nde liegen bei der zahn\u00e4rztlichen Behandlung von Menschen mit Demenz vor? Mit diesen und weiteren Fragen befasste sich ein Team von Forschenden der Universit\u00e4tsmedizin G\u00f6ttingen. Ziel der Studie war es, mehr Erkenntnisse \u00fcber die ambulante zahn\u00e4rztliche Versorgung von Patienten mit Demenz zu erlangen. Der Besuch beim Zahnarzt ist nicht nur f\u00fcr Menschen mit Demenz eine Herausforderung. Auch die niedergelassenen behandelnden \u00c4rzte m\u00fcssen sich damit befassen, wie sie einer angemessenen ambulanten Versorgung und Betreuung gerecht werden k\u00f6nnen. Deshalb haben Wissenschaftler*innen aus G\u00f6ttingen, Aveiro (Portugal)&hellip;<\/p>\n","category_list_v2":"<a href=\"https:\/\/digidem-bayern.de\/en\/category\/wissenschaft-forschung\/\" rel=\"category tag\">Wissenschaft &amp; Forschung<\/a>","author_info_v2":{"name":"Ilona H\u00f6rath","url":"https:\/\/digidem-bayern.de\/en\/author\/hoeratia\/"},"comments_num_v2":"0 comments","yoast_head":"<!-- This site is optimized with the Yoast SEO plugin v27.4 - https:\/\/yoast.com\/product\/yoast-seo-wordpress\/ -->\n<title>Wie demenzsensibel behandelt der Zahnarzt? - digiDEM Bayern<\/title>\n<meta name=\"description\" content=\"Der Bayerische Landesapothekerkammer unterst\u00fctzt digiDEM Bayern mit Hilfe des Netzwerks &quot;Demenzfreundliche Apotheken&quot;.\" \/>\n<meta name=\"robots\" content=\"index, follow, max-snippet:-1, max-image-preview:large, max-video-preview:-1\" \/>\n<link rel=\"canonical\" href=\"https:\/\/digidem-bayern.de\/en\/wie-demenzsensibel-behandelt-der-zahnarzt\/\" \/>\n<meta property=\"og:locale\" content=\"en_US\" \/>\n<meta property=\"og:type\" content=\"article\" \/>\n<meta property=\"og:title\" content=\"Wie demenzsensibel behandelt der Zahnarzt? - digiDEM Bayern\" \/>\n<meta property=\"og:description\" content=\"Der Bayerische Landesapothekerkammer unterst\u00fctzt digiDEM Bayern mit Hilfe des Netzwerks &quot;Demenzfreundliche Apotheken&quot;.\" \/>\n<meta property=\"og:url\" content=\"https:\/\/digidem-bayern.de\/en\/wie-demenzsensibel-behandelt-der-zahnarzt\/\" \/>\n<meta property=\"og:site_name\" content=\"digiDEM Bayern\" \/>\n<meta property=\"article:publisher\" content=\"https:\/\/www.facebook.com\/digiDEMBayern\/\" \/>\n<meta property=\"article:published_time\" content=\"2022-11-24T10:17:25+00:00\" \/>\n<meta property=\"article:modified_time\" content=\"2022-11-24T13:45:08+00:00\" \/>\n<meta property=\"og:image\" content=\"https:\/\/digidem-bayern.de\/wp-content\/uploads\/2022\/11\/shutterstock_791252800-Ausbildung.jpg\" \/>\n\t<meta property=\"og:image:width\" content=\"1000\" \/>\n\t<meta property=\"og:image:height\" content=\"667\" \/>\n\t<meta property=\"og:image:type\" content=\"image\/jpeg\" \/>\n<meta name=\"author\" content=\"Ilona H\u00f6rath\" \/>\n<meta name=\"twitter:label1\" content=\"Written by\" \/>\n\t<meta name=\"twitter:data1\" content=\"Ilona H\u00f6rath\" \/>\n\t<meta name=\"twitter:label2\" content=\"Est. reading time\" \/>\n\t<meta name=\"twitter:data2\" content=\"2 minutes\" \/>\n<script type=\"application\/ld+json\" class=\"yoast-schema-graph\">{\"@context\":\"https:\\\/\\\/schema.org\",\"@graph\":[{\"@type\":\"Article\",\"@id\":\"https:\\\/\\\/digidem-bayern.de\\\/wie-demenzsensibel-behandelt-der-zahnarzt\\\/#article\",\"isPartOf\":{\"@id\":\"https:\\\/\\\/digidem-bayern.de\\\/wie-demenzsensibel-behandelt-der-zahnarzt\\\/\"},\"author\":{\"name\":\"Ilona H\u00f6rath\",\"@id\":\"\\\/#\\\/schema\\\/person\\\/0bc1494f46fc2a051c761322a80e0941\"},\"headline\":\"Wie demenzsensibel behandelt der Zahnarzt?\",\"datePublished\":\"2022-11-24T10:17:25+00:00\",\"dateModified\":\"2022-11-24T13:45:08+00:00\",\"mainEntityOfPage\":{\"@id\":\"https:\\\/\\\/digidem-bayern.de\\\/wie-demenzsensibel-behandelt-der-zahnarzt\\\/\"},\"wordCount\":362,\"commentCount\":0,\"publisher\":{\"@id\":\"\\\/#organization\"},\"image\":{\"@id\":\"https:\\\/\\\/digidem-bayern.de\\\/wie-demenzsensibel-behandelt-der-zahnarzt\\\/#primaryimage\"},\"thumbnailUrl\":\"https:\\\/\\\/digidem-bayern.de\\\/wp-content\\\/uploads\\\/2022\\\/11\\\/shutterstock_791252800-Ausbildung.jpg\",\"keywords\":[\"Alzheimer\",\"Alzheimer-Demenz\",\"Demenz\",\"demenzsensibel\",\"digidem\",\"digidem Bayern\",\"Digitales Demenzregister Bayern\",\"Gerodontologie\",\"Mundgesundheit\",\"Zahnarztbesuch\"],\"articleSection\":[\"Wissenschaft &amp; Forschung\"],\"inLanguage\":\"en-US\",\"potentialAction\":[{\"@type\":\"CommentAction\",\"name\":\"Comment\",\"target\":[\"https:\\\/\\\/digidem-bayern.de\\\/wie-demenzsensibel-behandelt-der-zahnarzt\\\/#respond\"]}]},{\"@type\":\"WebPage\",\"@id\":\"https:\\\/\\\/digidem-bayern.de\\\/wie-demenzsensibel-behandelt-der-zahnarzt\\\/\",\"url\":\"https:\\\/\\\/digidem-bayern.de\\\/wie-demenzsensibel-behandelt-der-zahnarzt\\\/\",\"name\":\"Wie demenzsensibel behandelt der Zahnarzt? - digiDEM Bayern\",\"isPartOf\":{\"@id\":\"\\\/#website\"},\"primaryImageOfPage\":{\"@id\":\"https:\\\/\\\/digidem-bayern.de\\\/wie-demenzsensibel-behandelt-der-zahnarzt\\\/#primaryimage\"},\"image\":{\"@id\":\"https:\\\/\\\/digidem-bayern.de\\\/wie-demenzsensibel-behandelt-der-zahnarzt\\\/#primaryimage\"},\"thumbnailUrl\":\"https:\\\/\\\/digidem-bayern.de\\\/wp-content\\\/uploads\\\/2022\\\/11\\\/shutterstock_791252800-Ausbildung.jpg\",\"datePublished\":\"2022-11-24T10:17:25+00:00\",\"dateModified\":\"2022-11-24T13:45:08+00:00\",\"description\":\"Der Bayerische Landesapothekerkammer unterst\u00fctzt digiDEM Bayern mit Hilfe des Netzwerks \\\"Demenzfreundliche Apotheken\\\".\",\"breadcrumb\":{\"@id\":\"https:\\\/\\\/digidem-bayern.de\\\/wie-demenzsensibel-behandelt-der-zahnarzt\\\/#breadcrumb\"},\"inLanguage\":\"en-US\",\"potentialAction\":[{\"@type\":\"ReadAction\",\"target\":[\"https:\\\/\\\/digidem-bayern.de\\\/wie-demenzsensibel-behandelt-der-zahnarzt\\\/\"]}]},{\"@type\":\"ImageObject\",\"inLanguage\":\"en-US\",\"@id\":\"https:\\\/\\\/digidem-bayern.de\\\/wie-demenzsensibel-behandelt-der-zahnarzt\\\/#primaryimage\",\"url\":\"https:\\\/\\\/digidem-bayern.de\\\/wp-content\\\/uploads\\\/2022\\\/11\\\/shutterstock_791252800-Ausbildung.jpg\",\"contentUrl\":\"https:\\\/\\\/digidem-bayern.de\\\/wp-content\\\/uploads\\\/2022\\\/11\\\/shutterstock_791252800-Ausbildung.jpg\",\"width\":1000,\"height\":667,\"caption\":\"Foto: Shutterstock\"},{\"@type\":\"BreadcrumbList\",\"@id\":\"https:\\\/\\\/digidem-bayern.de\\\/wie-demenzsensibel-behandelt-der-zahnarzt\\\/#breadcrumb\",\"itemListElement\":[{\"@type\":\"ListItem\",\"position\":1,\"name\":\"Startseite\",\"item\":\"https:\\\/\\\/digidem-bayern.de\\\/\"},{\"@type\":\"ListItem\",\"position\":2,\"name\":\"Wie demenzsensibel behandelt der Zahnarzt?\"}]},{\"@type\":\"WebSite\",\"@id\":\"\\\/#website\",\"url\":\"\\\/\",\"name\":\"digiDEM Bayern\",\"description\":\"Das digitale Demenzregister Bayern erforscht und verbessert die Angebotsstuktur f\u00fcr Menschen mit Demenz und deren Angeh\u00f6rige\",\"publisher\":{\"@id\":\"\\\/#organization\"},\"potentialAction\":[{\"@type\":\"SearchAction\",\"target\":{\"@type\":\"EntryPoint\",\"urlTemplate\":\"\\\/?s={search_term_string}\"},\"query-input\":{\"@type\":\"PropertyValueSpecification\",\"valueRequired\":true,\"valueName\":\"search_term_string\"}}],\"inLanguage\":\"en-US\"},{\"@type\":\"Organization\",\"@id\":\"\\\/#organization\",\"name\":\"digiDEM Bayern\",\"url\":\"\\\/\",\"logo\":{\"@type\":\"ImageObject\",\"inLanguage\":\"en-US\",\"@id\":\"\\\/#\\\/schema\\\/logo\\\/image\\\/\",\"url\":\"https:\\\/\\\/digidem-bayern.de\\\/wp-content\\\/uploads\\\/2022\\\/03\\\/cropped-Allgemeines_digiDEMLOGO-removebg-preview.png\",\"contentUrl\":\"https:\\\/\\\/digidem-bayern.de\\\/wp-content\\\/uploads\\\/2022\\\/03\\\/cropped-Allgemeines_digiDEMLOGO-removebg-preview.png\",\"width\":612,\"height\":357,\"caption\":\"digiDEM Bayern\"},\"image\":{\"@id\":\"\\\/#\\\/schema\\\/logo\\\/image\\\/\"},\"sameAs\":[\"https:\\\/\\\/www.facebook.com\\\/digiDEMBayern\\\/\",\"https:\\\/\\\/x.com\\\/digidem_bayern\",\"https:\\\/\\\/www.instagram.com\\\/digidem.bayern\",\"https:\\\/\\\/www.linkedin.com\\\/company\\\/digidem-bayern\\\/\"]},{\"@type\":\"Person\",\"@id\":\"\\\/#\\\/schema\\\/person\\\/0bc1494f46fc2a051c761322a80e0941\",\"name\":\"Ilona H\u00f6rath\",\"url\":\"https:\\\/\\\/digidem-bayern.de\\\/en\\\/author\\\/hoeratia\\\/\"}]}<\/script>\n<!-- \/ Yoast SEO plugin. -->","yoast_head_json":{"title":"Wie demenzsensibel behandelt der Zahnarzt? - digiDEM Bayern","description":"Der Bayerische Landesapothekerkammer unterst\u00fctzt digiDEM Bayern mit Hilfe des Netzwerks \"Demenzfreundliche Apotheken\".","robots":{"index":"index","follow":"follow","max-snippet":"max-snippet:-1","max-image-preview":"max-image-preview:large","max-video-preview":"max-video-preview:-1"},"canonical":"https:\/\/digidem-bayern.de\/en\/wie-demenzsensibel-behandelt-der-zahnarzt\/","og_locale":"en_US","og_type":"article","og_title":"Wie demenzsensibel behandelt der Zahnarzt? - digiDEM Bayern","og_description":"Der Bayerische Landesapothekerkammer unterst\u00fctzt digiDEM Bayern mit Hilfe des Netzwerks \"Demenzfreundliche Apotheken\".","og_url":"https:\/\/digidem-bayern.de\/en\/wie-demenzsensibel-behandelt-der-zahnarzt\/","og_site_name":"digiDEM Bayern","article_publisher":"https:\/\/www.facebook.com\/digiDEMBayern\/","article_published_time":"2022-11-24T10:17:25+00:00","article_modified_time":"2022-11-24T13:45:08+00:00","og_image":[{"width":1000,"height":667,"url":"https:\/\/digidem-bayern.de\/wp-content\/uploads\/2022\/11\/shutterstock_791252800-Ausbildung.jpg","type":"image\/jpeg"}],"author":"Ilona H\u00f6rath","twitter_misc":{"Written by":"Ilona H\u00f6rath","Est. reading time":"2 minutes"},"schema":{"@context":"https:\/\/schema.org","@graph":[{"@type":"Article","@id":"https:\/\/digidem-bayern.de\/wie-demenzsensibel-behandelt-der-zahnarzt\/#article","isPartOf":{"@id":"https:\/\/digidem-bayern.de\/wie-demenzsensibel-behandelt-der-zahnarzt\/"},"author":{"name":"Ilona H\u00f6rath","@id":"\/#\/schema\/person\/0bc1494f46fc2a051c761322a80e0941"},"headline":"Wie demenzsensibel behandelt der Zahnarzt?","datePublished":"2022-11-24T10:17:25+00:00","dateModified":"2022-11-24T13:45:08+00:00","mainEntityOfPage":{"@id":"https:\/\/digidem-bayern.de\/wie-demenzsensibel-behandelt-der-zahnarzt\/"},"wordCount":362,"commentCount":0,"publisher":{"@id":"\/#organization"},"image":{"@id":"https:\/\/digidem-bayern.de\/wie-demenzsensibel-behandelt-der-zahnarzt\/#primaryimage"},"thumbnailUrl":"https:\/\/digidem-bayern.de\/wp-content\/uploads\/2022\/11\/shutterstock_791252800-Ausbildung.jpg","keywords":["Alzheimer","Alzheimer-Demenz","Demenz","demenzsensibel","digidem","digidem Bayern","Digitales Demenzregister Bayern","Gerodontologie","Mundgesundheit","Zahnarztbesuch"],"articleSection":["Wissenschaft &amp; Forschung"],"inLanguage":"en-US","potentialAction":[{"@type":"CommentAction","name":"Comment","target":["https:\/\/digidem-bayern.de\/wie-demenzsensibel-behandelt-der-zahnarzt\/#respond"]}]},{"@type":"WebPage","@id":"https:\/\/digidem-bayern.de\/wie-demenzsensibel-behandelt-der-zahnarzt\/","url":"https:\/\/digidem-bayern.de\/wie-demenzsensibel-behandelt-der-zahnarzt\/","name":"Wie demenzsensibel behandelt der Zahnarzt? - digiDEM Bayern","isPartOf":{"@id":"\/#website"},"primaryImageOfPage":{"@id":"https:\/\/digidem-bayern.de\/wie-demenzsensibel-behandelt-der-zahnarzt\/#primaryimage"},"image":{"@id":"https:\/\/digidem-bayern.de\/wie-demenzsensibel-behandelt-der-zahnarzt\/#primaryimage"},"thumbnailUrl":"https:\/\/digidem-bayern.de\/wp-content\/uploads\/2022\/11\/shutterstock_791252800-Ausbildung.jpg","datePublished":"2022-11-24T10:17:25+00:00","dateModified":"2022-11-24T13:45:08+00:00","description":"Der Bayerische Landesapothekerkammer unterst\u00fctzt digiDEM Bayern mit Hilfe des Netzwerks \"Demenzfreundliche Apotheken\".","breadcrumb":{"@id":"https:\/\/digidem-bayern.de\/wie-demenzsensibel-behandelt-der-zahnarzt\/#breadcrumb"},"inLanguage":"en-US","potentialAction":[{"@type":"ReadAction","target":["https:\/\/digidem-bayern.de\/wie-demenzsensibel-behandelt-der-zahnarzt\/"]}]},{"@type":"ImageObject","inLanguage":"en-US","@id":"https:\/\/digidem-bayern.de\/wie-demenzsensibel-behandelt-der-zahnarzt\/#primaryimage","url":"https:\/\/digidem-bayern.de\/wp-content\/uploads\/2022\/11\/shutterstock_791252800-Ausbildung.jpg","contentUrl":"https:\/\/digidem-bayern.de\/wp-content\/uploads\/2022\/11\/shutterstock_791252800-Ausbildung.jpg","width":1000,"height":667,"caption":"Foto: Shutterstock"},{"@type":"BreadcrumbList","@id":"https:\/\/digidem-bayern.de\/wie-demenzsensibel-behandelt-der-zahnarzt\/#breadcrumb","itemListElement":[{"@type":"ListItem","position":1,"name":"Startseite","item":"https:\/\/digidem-bayern.de\/"},{"@type":"ListItem","position":2,"name":"Wie demenzsensibel behandelt der Zahnarzt?"}]},{"@type":"WebSite","@id":"\/#website","url":"\/","name":"digiDEM Bavaria","description":"The digital dementia register in Bavaria researches and improves the structure of services for people with dementia and their relatives","publisher":{"@id":"\/#organization"},"potentialAction":[{"@type":"SearchAction","target":{"@type":"EntryPoint","urlTemplate":"\/?s={search_term_string}"},"query-input":{"@type":"PropertyValueSpecification","valueRequired":true,"valueName":"search_term_string"}}],"inLanguage":"en-US"},{"@type":"Organization","@id":"\/#organization","name":"digiDEM Bavaria","url":"\/","logo":{"@type":"ImageObject","inLanguage":"en-US","@id":"\/#\/schema\/logo\/image\/","url":"https:\/\/digidem-bayern.de\/wp-content\/uploads\/2022\/03\/cropped-Allgemeines_digiDEMLOGO-removebg-preview.png","contentUrl":"https:\/\/digidem-bayern.de\/wp-content\/uploads\/2022\/03\/cropped-Allgemeines_digiDEMLOGO-removebg-preview.png","width":612,"height":357,"caption":"digiDEM Bayern"},"image":{"@id":"\/#\/schema\/logo\/image\/"},"sameAs":["https:\/\/www.facebook.com\/digiDEMBayern\/","https:\/\/x.com\/digidem_bayern","https:\/\/www.instagram.com\/digidem.bayern","https:\/\/www.linkedin.com\/company\/digidem-bayern\/"]},{"@type":"Person","@id":"\/#\/schema\/person\/0bc1494f46fc2a051c761322a80e0941","name":"Ilona H\u00f6rath","url":"https:\/\/digidem-bayern.de\/en\/author\/hoeratia\/"}]}},"uagb_featured_image_src":{"full":["https:\/\/digidem-bayern.de\/wp-content\/uploads\/2022\/11\/shutterstock_791252800-Ausbildung.jpg",1000,667,false],"thumbnail":["https:\/\/digidem-bayern.de\/wp-content\/uploads\/2022\/11\/shutterstock_791252800-Ausbildung-80x80.jpg",80,80,true],"medium":["https:\/\/digidem-bayern.de\/wp-content\/uploads\/2022\/11\/shutterstock_791252800-Ausbildung-300x200.jpg",300,200,true],"medium_large":["https:\/\/digidem-bayern.de\/wp-content\/uploads\/2022\/11\/shutterstock_791252800-Ausbildung-768x512.jpg",768,512,true],"large":["https:\/\/digidem-bayern.de\/wp-content\/uploads\/2022\/11\/shutterstock_791252800-Ausbildung.jpg",1000,667,false],"1536x1536":["https:\/\/digidem-bayern.de\/wp-content\/uploads\/2022\/11\/shutterstock_791252800-Ausbildung.jpg",1000,667,false],"2048x2048":["https:\/\/digidem-bayern.de\/wp-content\/uploads\/2022\/11\/shutterstock_791252800-Ausbildung.jpg",1000,667,false],"trp-custom-language-flag":["https:\/\/digidem-bayern.de\/wp-content\/uploads\/2022\/11\/shutterstock_791252800-Ausbildung.jpg",18,12,false],"qubely_landscape":["https:\/\/digidem-bayern.de\/wp-content\/uploads\/2022\/11\/shutterstock_791252800-Ausbildung.jpg",1000,667,false],"qubely_portrait":["https:\/\/digidem-bayern.de\/wp-content\/uploads\/2022\/11\/shutterstock_791252800-Ausbildung-540x320.jpg",540,320,true],"qubely_thumbnail":["https:\/\/digidem-bayern.de\/wp-content\/uploads\/2022\/11\/shutterstock_791252800-Ausbildung-140x100.jpg",140,100,true],"post-thumbnail":["https:\/\/digidem-bayern.de\/wp-content\/uploads\/2022\/11\/shutterstock_791252800-Ausbildung-525x350.jpg",525,350,true],"kahuna-featured":["https:\/\/digidem-bayern.de\/wp-content\/uploads\/2022\/11\/shutterstock_791252800-Ausbildung-734x350.jpg",734,350,true],"kahuna-featured-lp":["https:\/\/digidem-bayern.de\/wp-content\/uploads\/2022\/11\/shutterstock_791252800-Ausbildung-520x350.jpg",520,350,true],"kahuna-featured-half":["https:\/\/digidem-bayern.de\/wp-content\/uploads\/2022\/11\/shutterstock_791252800-Ausbildung-800x350.jpg",800,350,true],"kahuna-featured-third":["https:\/\/digidem-bayern.de\/wp-content\/uploads\/2022\/11\/shutterstock_791252800-Ausbildung-512x350.jpg",512,350,true],"kahuna-lpbox-1":["https:\/\/digidem-bayern.de\/wp-content\/uploads\/2022\/11\/shutterstock_791252800-Ausbildung-520x300.jpg",520,300,true],"kahuna-lpbox-2":["https:\/\/digidem-bayern.de\/wp-content\/uploads\/2022\/11\/shutterstock_791252800-Ausbildung-520x350.jpg",520,350,true],"demand-language-flag":["https:\/\/digidem-bayern.de\/wp-content\/uploads\/2022\/11\/shutterstock_791252800-Ausbildung.jpg",36,24,false],"dddkt-language-flag":["https:\/\/digidem-bayern.de\/wp-content\/uploads\/2022\/11\/shutterstock_791252800-Ausbildung-36x36.jpg",36,36,true],"ddiqc-language-flag":["https:\/\/digidem-bayern.de\/wp-content\/uploads\/2022\/11\/shutterstock_791252800-Ausbildung-36x36.jpg",36,36,true],"ddtl-language-flag":["https:\/\/digidem-bayern.de\/wp-content\/uploads\/2022\/11\/shutterstock_791252800-Ausbildung-36x36.jpg",36,36,true],"mailpoet_newsletter_max":["https:\/\/digidem-bayern.de\/wp-content\/uploads\/2022\/11\/shutterstock_791252800-Ausbildung.jpg",1000,667,false],"kahuna-lpbox-3":["https:\/\/digidem-bayern.de\/wp-content\/uploads\/2022\/11\/shutterstock_791252800-Ausbildung-520x350.jpg",520,350,true],"kahuna-featured-square":["https:\/\/digidem-bayern.de\/wp-content\/uploads\/2022\/11\/shutterstock_791252800-Ausbildung-512x512.jpg",512,512,true],"kahuna-featured-square-large":["https:\/\/digidem-bayern.de\/wp-content\/uploads\/2022\/11\/shutterstock_791252800-Ausbildung.jpg",1000,667,false]},"uagb_author_info":{"display_name":"Ilona H\u00f6rath","author_link":"https:\/\/digidem-bayern.de\/en\/author\/hoeratia\/"},"uagb_comment_info":4,"uagb_excerpt":"Inwiefern sind zahn\u00e4rztliche Praxisausstattung und Beratungsabl\u00e4ufe angemessen an die Behandlung von Patienten mit Demenz angepasst? Welche besonderen Umst\u00e4nde liegen bei der zahn\u00e4rztlichen Behandlung von Menschen mit Demenz vor? Mit diesen und weiteren Fragen befasste sich ein Team von Forschenden der Universit\u00e4tsmedizin G\u00f6ttingen. Ziel der Studie war es, mehr Erkenntnisse \u00fcber &hellip;","_links":{"self":[{"href":"https:\/\/digidem-bayern.de\/en\/wp-json\/wp\/v2\/posts\/24918","targetHints":{"allow":["GET"]}}],"collection":[{"href":"https:\/\/digidem-bayern.de\/en\/wp-json\/wp\/v2\/posts"}],"about":[{"href":"https:\/\/digidem-bayern.de\/en\/wp-json\/wp\/v2\/types\/post"}],"author":[{"embeddable":true,"href":"https:\/\/digidem-bayern.de\/en\/wp-json\/wp\/v2\/users\/12"}],"replies":[{"embeddable":true,"href":"https:\/\/digidem-bayern.de\/en\/wp-json\/wp\/v2\/comments?post=24918"}],"version-history":[{"count":6,"href":"https:\/\/digidem-bayern.de\/en\/wp-json\/wp\/v2\/posts\/24918\/revisions"}],"predecessor-version":[{"id":24947,"href":"https:\/\/digidem-bayern.de\/en\/wp-json\/wp\/v2\/posts\/24918\/revisions\/24947"}],"wp:featuredmedia":[{"embeddable":true,"href":"https:\/\/digidem-bayern.de\/en\/wp-json\/wp\/v2\/media\/24908"}],"wp:attachment":[{"href":"https:\/\/digidem-bayern.de\/en\/wp-json\/wp\/v2\/media?parent=24918"}],"wp:term":[{"taxonomy":"category","embeddable":true,"href":"https:\/\/digidem-bayern.de\/en\/wp-json\/wp\/v2\/categories?post=24918"},{"taxonomy":"post_tag","embeddable":true,"href":"https:\/\/digidem-bayern.de\/en\/wp-json\/wp\/v2\/tags?post=24918"}],"curies":[{"name":"wp","href":"https:\/\/api.w.org\/{rel}","templated":true}]}}