{"id":24646,"date":"2022-11-14T12:45:30","date_gmt":"2022-11-14T11:45:30","guid":{"rendered":"https:\/\/digidem-bayern.de\/?p=24646"},"modified":"2022-11-14T13:38:14","modified_gmt":"2022-11-14T12:38:14","slug":"auszeichnung-fuer-beitrag-zur-demenzforschung-2","status":"publish","type":"post","link":"https:\/\/digidem-bayern.de\/en\/auszeichnung-fuer-beitrag-zur-demenzforschung-2\/","title":{"rendered":"Auszeichnung f\u00fcr Beitrag zur Demenzforschung"},"content":{"rendered":"<p><strong>F\u00fcr die Pr\u00e4sentation des wissenschaftlichen Posters \u201eNichtpharmakologische MAKS\u00ae-s-Intervention bei Menschen mit schwerer Demenz: Pr\u00e4diktoren f\u00fcr deren psychosozialen Benefit\u201c erhielt Kristina Diehl, wissenschaftliche Mitarbeiterin der Psychiatrischen und Psychotherapeutischen Klinik (Direktor: Prof. Dr. Johannes Kornhuber) des Uniklinikums Erlangen, den Posterpreis 2022 der Deutschen Gesellschaft f\u00fcr Gerontologie und Geriatrie e. V. und der Deutschen Gesellschaft f\u00fcr Geriatrie e. V.<\/strong><\/p>\n\n\n\n<p>Die Auszeichnung wurde Kristina Diehl im Rahmen des Jahreskongresses f\u00fcr Gerontologie und Geriatrie in Frankfurt am Main verliehen. Entstanden war das Poster in Zusammenarbeit mit Prof. Dr. Elmar Gr\u00e4\u00dfel, Leiter des Bereichs Medizinische Psychologie und Medizinische Soziologie und einer der digiDEM Bayern-Projektleiter sowie Dr. Andr\u00e9 Kratzer, wissenschaftlicher Mitarbeiter der Psychiatrie des Uniklinikums Erlangen.<\/p>\n\n\n<div class=\"wp-block-image\">\n<figure class=\"alignright size-large is-resized\"><img loading=\"lazy\" decoding=\"async\" src=\"https:\/\/digidem-bayern.de\/wp-content\/uploads\/2022\/11\/IMG_0650-MAKS-Therapie-Foto-Kristina-Diehl-Uniklinikum-Erlangen-773x1030.jpg\" alt=\"F\u00fcr ihren Beitrag zur Demenzforschung erhielt Kristina Diehl einen Posterpreis 2022 der Deutschen Gesellschaft f\u00fcr Gerontologie und Geriatrie e. V. und der Deutschen Gesellschaft f\u00fcr Geriatrie e. V.\" class=\"wp-image-24648\" width=\"365\" height=\"486\" srcset=\"https:\/\/digidem-bayern.de\/wp-content\/uploads\/2022\/11\/IMG_0650-MAKS-Therapie-Foto-Kristina-Diehl-Uniklinikum-Erlangen-773x1030.jpg 773w, https:\/\/digidem-bayern.de\/wp-content\/uploads\/2022\/11\/IMG_0650-MAKS-Therapie-Foto-Kristina-Diehl-Uniklinikum-Erlangen-225x300.jpg 225w, https:\/\/digidem-bayern.de\/wp-content\/uploads\/2022\/11\/IMG_0650-MAKS-Therapie-Foto-Kristina-Diehl-Uniklinikum-Erlangen-768x1024.jpg 768w, https:\/\/digidem-bayern.de\/wp-content\/uploads\/2022\/11\/IMG_0650-MAKS-Therapie-Foto-Kristina-Diehl-Uniklinikum-Erlangen-1152x1536.jpg 1152w, https:\/\/digidem-bayern.de\/wp-content\/uploads\/2022\/11\/IMG_0650-MAKS-Therapie-Foto-Kristina-Diehl-Uniklinikum-Erlangen-1536x2048.jpg 1536w, https:\/\/digidem-bayern.de\/wp-content\/uploads\/2022\/11\/IMG_0650-MAKS-Therapie-Foto-Kristina-Diehl-Uniklinikum-Erlangen-263x350.jpg 263w, https:\/\/digidem-bayern.de\/wp-content\/uploads\/2022\/11\/IMG_0650-MAKS-Therapie-Foto-Kristina-Diehl-Uniklinikum-Erlangen-1320x1760.jpg 1320w, https:\/\/digidem-bayern.de\/wp-content\/uploads\/2022\/11\/IMG_0650-MAKS-Therapie-Foto-Kristina-Diehl-Uniklinikum-Erlangen.jpg 1200w\" sizes=\"auto, (max-width: 365px) 100vw, 365px\" \/><figcaption class=\"wp-element-caption\">Die MAKS\u00ae-s wurde speziell f\u00fcr Menschen mit schwerer Demenz in Pflegeheimen entwickelt. Dank des Programms zeigten die Teilnehmenden positive Emotionen und lie\u00dfen sich zur Mitarbeit motivieren. Foto: Kristina Diehl\/Uniklinikum Erlangen<\/figcaption><\/figure>\n<\/div>\n\n\n<p>F\u00fcr Menschen mit schwerer Demenz<\/p>\n\n\n\n<p>Gemeinsam mit den Kollegen untersuchte Kristina Diehl, welche Faktoren den psychosozialen Benefit von Menschen mit schwerer Demenz durch die Teilnahme an einer MAKS\u00ae-s-Intervention beeinflussen. Unter Benefit sind dabei die positiven Auswirkungen auf Emotionen, Alltagsf\u00e4higkeit und Sozialverhalten, auf die sozialen Kontakte und die Motivation zu verstehen. MAKS\u00ae ist eine nicht-medikament\u00f6se Mehrkomponententherapie mit motorischer, alltagspraktischer, kognitiver und sozialer F\u00f6rderung in der Gruppe. MAKS\u00ae-s wurde speziell f\u00fcr Menschen mit schwerer Demenz in Pflegeheimen entwickelt.<\/p>\n\n\n\n<p>MAKS\u00ae-s-Intervention wirkt<\/p>\n\n\n\n<p>Die befragten MAKS\u00ae-s-Therapeutinnen in den Betreuungseinrichtungen nannten als Benefit u. a., dass die Teilnehmenden dank des Programms positive Emotionen zeigten, sich zur Mitarbeit motivieren lie\u00dfen und w\u00e4hrend der \u00dcbungen soziale Kontakte zu anderen Teilnehmenden hatten. \u201eWir stellten fest, dass die Personen, die die Intervention nach unserem Manual mindestens zweimal pro Woche f\u00fcr eine Stunde mit allen vier Modulen und in der vorgegebenen Reihenfolge erhielten, signifikant mehr profitierten als jene, die die Intervention seltener oder in abgewandelter Form bekamen\u201c, erkl\u00e4rt Kristina Diehl. Dieses Ergebnis zeigt, dass die Wirkung von MAKS\u00ae-s entscheidend von einer manualgetreuen Durchf\u00fchrung abh\u00e4ngt.<\/p>\n\n\n\n<p><\/p>\n\n\n\n<p><\/p>\n\n\n\n<p><\/p>\n\n\n\n<p><\/p>\n\n\n\n<p style=\"font-size:20px\"><\/p>\n\n\n\n<div style=\"height:20px\" aria-hidden=\"true\" class=\"wp-block-spacer\"><\/div>\n\n\n\n<p><\/p>\n\n\n\n<div style=\"height:20px\" aria-hidden=\"true\" class=\"wp-block-spacer\"><\/div>\n\n\n\n<p><\/p>\n\n\n\n<p><\/p>\n\n\n\n<p><\/p>\n\n\n\n<p><\/p>\n\n\n\n<p><\/p>\n\n\n\n<p><\/p>\n\n\n\n<p><\/p>\n\n\n\n<p><\/p>\n\n\n\n<p><\/p>\n\n\n\n<p><\/p>\n\n\n\n<p><\/p>\n\n\n\n<p><\/p>\n\n\n\n<p><\/p>\n\n\n\n<p><\/p>\n\n\n\n<p><\/p>","protected":false},"excerpt":{"rendered":"<p>F\u00fcr die Pr\u00e4sentation des wissenschaftlichen Posters \u201eNichtpharmakologische MAKS\u00ae-s-Intervention bei Menschen mit schwerer Demenz: Pr\u00e4diktoren f\u00fcr deren psychosozialen Benefit\u201c erhielt Kristina Diehl, wissenschaftliche Mitarbeiterin der Psychiatrischen und Psychotherapeutischen Klinik (Direktor: Prof. Dr. Johannes Kornhuber) des Uniklinikums Erlangen, den Posterpreis 2022 der Deutschen Gesellschaft f\u00fcr Gerontologie und Geriatrie e. V. und der &hellip;<\/p>","protected":false},"author":12,"featured_media":24648,"comment_status":"open","ping_status":"closed","sticky":false,"template":"","format":"standard","meta":{"qubely_global_settings":"","qubely_interactions":"","_uag_custom_page_level_css":"","footnotes":""},"categories":[8,5],"tags":[13,12,95,14,17,55,563,293,564],"class_list":["post-24646","post","type-post","status-publish","format-standard","has-post-thumbnail","hentry","category-aktuelles-zu-digidem","category-wissenschaft-forschung","tag-alzheimer","tag-demenz-2","tag-demenzforschung","tag-digidem","tag-digidem-bayern","tag-digitales-demenzregister-bayern","tag-kristina-diehl","tag-maks-therapie","tag-uniklinikum-erlangen"],"qubely_featured_image_url":{"full":["https:\/\/digidem-bayern.de\/wp-content\/uploads\/2022\/11\/IMG_0650-MAKS-Therapie-Foto-Kristina-Diehl-Uniklinikum-Erlangen.jpg",1200,1600,false],"landscape":["https:\/\/digidem-bayern.de\/wp-content\/uploads\/2022\/11\/IMG_0650-MAKS-Therapie-Foto-Kristina-Diehl-Uniklinikum-Erlangen-1200x750.jpg",1200,750,true],"portraits":["https:\/\/digidem-bayern.de\/wp-content\/uploads\/2022\/11\/IMG_0650-MAKS-Therapie-Foto-Kristina-Diehl-Uniklinikum-Erlangen-540x320.jpg",540,320,true],"thumbnail":["https:\/\/digidem-bayern.de\/wp-content\/uploads\/2022\/11\/IMG_0650-MAKS-Therapie-Foto-Kristina-Diehl-Uniklinikum-Erlangen-80x80.jpg",80,80,true],"medium":["https:\/\/digidem-bayern.de\/wp-content\/uploads\/2022\/11\/IMG_0650-MAKS-Therapie-Foto-Kristina-Diehl-Uniklinikum-Erlangen-225x300.jpg",225,300,true],"medium_large":["https:\/\/digidem-bayern.de\/wp-content\/uploads\/2022\/11\/IMG_0650-MAKS-Therapie-Foto-Kristina-Diehl-Uniklinikum-Erlangen-768x1024.jpg",768,1024,true],"large":["https:\/\/digidem-bayern.de\/wp-content\/uploads\/2022\/11\/IMG_0650-MAKS-Therapie-Foto-Kristina-Diehl-Uniklinikum-Erlangen-773x1030.jpg",773,1030,true],"1536x1536":["https:\/\/digidem-bayern.de\/wp-content\/uploads\/2022\/11\/IMG_0650-MAKS-Therapie-Foto-Kristina-Diehl-Uniklinikum-Erlangen-1152x1536.jpg",1152,1536,true],"2048x2048":["https:\/\/digidem-bayern.de\/wp-content\/uploads\/2022\/11\/IMG_0650-MAKS-Therapie-Foto-Kristina-Diehl-Uniklinikum-Erlangen-1536x2048.jpg",1536,2048,true],"trp-custom-language-flag":["https:\/\/digidem-bayern.de\/wp-content\/uploads\/2022\/11\/IMG_0650-MAKS-Therapie-Foto-Kristina-Diehl-Uniklinikum-Erlangen.jpg",9,12,false],"qubely_landscape":["https:\/\/digidem-bayern.de\/wp-content\/uploads\/2022\/11\/IMG_0650-MAKS-Therapie-Foto-Kristina-Diehl-Uniklinikum-Erlangen-1200x750.jpg",1200,750,true],"qubely_portrait":["https:\/\/digidem-bayern.de\/wp-content\/uploads\/2022\/11\/IMG_0650-MAKS-Therapie-Foto-Kristina-Diehl-Uniklinikum-Erlangen-540x320.jpg",540,320,true],"qubely_thumbnail":["https:\/\/digidem-bayern.de\/wp-content\/uploads\/2022\/11\/IMG_0650-MAKS-Therapie-Foto-Kristina-Diehl-Uniklinikum-Erlangen-140x100.jpg",140,100,true],"post-thumbnail":["https:\/\/digidem-bayern.de\/wp-content\/uploads\/2022\/11\/IMG_0650-MAKS-Therapie-Foto-Kristina-Diehl-Uniklinikum-Erlangen-263x350.jpg",263,350,true],"kahuna-featured":["https:\/\/digidem-bayern.de\/wp-content\/uploads\/2022\/11\/IMG_0650-MAKS-Therapie-Foto-Kristina-Diehl-Uniklinikum-Erlangen-734x350.jpg",734,350,true],"kahuna-featured-lp":["https:\/\/digidem-bayern.de\/wp-content\/uploads\/2022\/11\/IMG_0650-MAKS-Therapie-Foto-Kristina-Diehl-Uniklinikum-Erlangen-520x350.jpg",520,350,true],"kahuna-featured-half":["https:\/\/digidem-bayern.de\/wp-content\/uploads\/2022\/11\/IMG_0650-MAKS-Therapie-Foto-Kristina-Diehl-Uniklinikum-Erlangen-800x350.jpg",800,350,true],"kahuna-featured-third":["https:\/\/digidem-bayern.de\/wp-content\/uploads\/2022\/11\/IMG_0650-MAKS-Therapie-Foto-Kristina-Diehl-Uniklinikum-Erlangen-512x350.jpg",512,350,true],"kahuna-lpbox-1":["https:\/\/digidem-bayern.de\/wp-content\/uploads\/2022\/11\/IMG_0650-MAKS-Therapie-Foto-Kristina-Diehl-Uniklinikum-Erlangen-520x300.jpg",520,300,true],"kahuna-lpbox-2":["https:\/\/digidem-bayern.de\/wp-content\/uploads\/2022\/11\/IMG_0650-MAKS-Therapie-Foto-Kristina-Diehl-Uniklinikum-Erlangen-520x350.jpg",520,350,true],"demand-language-flag":["https:\/\/digidem-bayern.de\/wp-content\/uploads\/2022\/11\/IMG_0650-MAKS-Therapie-Foto-Kristina-Diehl-Uniklinikum-Erlangen.jpg",27,36,false],"dddkt-language-flag":["https:\/\/digidem-bayern.de\/wp-content\/uploads\/2022\/11\/IMG_0650-MAKS-Therapie-Foto-Kristina-Diehl-Uniklinikum-Erlangen-36x36.jpg",36,36,true],"ddiqc-language-flag":["https:\/\/digidem-bayern.de\/wp-content\/uploads\/2022\/11\/IMG_0650-MAKS-Therapie-Foto-Kristina-Diehl-Uniklinikum-Erlangen-36x36.jpg",36,36,true],"ddtl-language-flag":["https:\/\/digidem-bayern.de\/wp-content\/uploads\/2022\/11\/IMG_0650-MAKS-Therapie-Foto-Kristina-Diehl-Uniklinikum-Erlangen-36x36.jpg",36,36,true],"mailpoet_newsletter_max":["https:\/\/digidem-bayern.de\/wp-content\/uploads\/2022\/11\/IMG_0650-MAKS-Therapie-Foto-Kristina-Diehl-Uniklinikum-Erlangen-1320x1760.jpg",1320,1760,true],"kahuna-lpbox-3":["https:\/\/digidem-bayern.de\/wp-content\/uploads\/2022\/11\/IMG_0650-MAKS-Therapie-Foto-Kristina-Diehl-Uniklinikum-Erlangen-520x350.jpg",520,350,true],"kahuna-featured-square":["https:\/\/digidem-bayern.de\/wp-content\/uploads\/2022\/11\/IMG_0650-MAKS-Therapie-Foto-Kristina-Diehl-Uniklinikum-Erlangen-512x512.jpg",512,512,true],"kahuna-featured-square-large":["https:\/\/digidem-bayern.de\/wp-content\/uploads\/2022\/11\/IMG_0650-MAKS-Therapie-Foto-Kristina-Diehl-Uniklinikum-Erlangen-1024x1024.jpg",1024,1024,true]},"qubely_author":{"display_name":"Ilona H\u00f6rath","author_link":"https:\/\/digidem-bayern.de\/en\/author\/hoeratia\/"},"qubely_comment":0,"qubely_category":"<a href=\"https:\/\/digidem-bayern.de\/en\/category\/aktuelles-zu-digidem\/\" rel=\"category tag\">Aktuelles zu digiDEM<\/a> <a href=\"https:\/\/digidem-bayern.de\/en\/category\/wissenschaft-forschung\/\" rel=\"category tag\">Wissenschaft &amp; Forschung<\/a>","qubely_excerpt":"F\u00fcr die Pr\u00e4sentation des wissenschaftlichen Posters \u201eNichtpharmakologische MAKS\u00ae-s-Intervention bei Menschen mit schwerer Demenz: Pr\u00e4diktoren f\u00fcr deren psychosozialen Benefit\u201c erhielt Kristina Diehl, wissenschaftliche Mitarbeiterin der Psychiatrischen und Psychotherapeutischen Klinik (Direktor: Prof. Dr. Johannes Kornhuber) des Uniklinikums Erlangen, den Posterpreis 2022 der Deutschen Gesellschaft f\u00fcr Gerontologie und Geriatrie e. V. und der &hellip;","featured_image_urls_v2":{"full":["https:\/\/digidem-bayern.de\/wp-content\/uploads\/2022\/11\/IMG_0650-MAKS-Therapie-Foto-Kristina-Diehl-Uniklinikum-Erlangen.jpg",1200,1600,false],"thumbnail":["https:\/\/digidem-bayern.de\/wp-content\/uploads\/2022\/11\/IMG_0650-MAKS-Therapie-Foto-Kristina-Diehl-Uniklinikum-Erlangen-80x80.jpg",80,80,true],"medium":["https:\/\/digidem-bayern.de\/wp-content\/uploads\/2022\/11\/IMG_0650-MAKS-Therapie-Foto-Kristina-Diehl-Uniklinikum-Erlangen-225x300.jpg",225,300,true],"medium_large":["https:\/\/digidem-bayern.de\/wp-content\/uploads\/2022\/11\/IMG_0650-MAKS-Therapie-Foto-Kristina-Diehl-Uniklinikum-Erlangen-768x1024.jpg",768,1024,true],"large":["https:\/\/digidem-bayern.de\/wp-content\/uploads\/2022\/11\/IMG_0650-MAKS-Therapie-Foto-Kristina-Diehl-Uniklinikum-Erlangen-773x1030.jpg",773,1030,true],"1536x1536":["https:\/\/digidem-bayern.de\/wp-content\/uploads\/2022\/11\/IMG_0650-MAKS-Therapie-Foto-Kristina-Diehl-Uniklinikum-Erlangen-1152x1536.jpg",1152,1536,true],"2048x2048":["https:\/\/digidem-bayern.de\/wp-content\/uploads\/2022\/11\/IMG_0650-MAKS-Therapie-Foto-Kristina-Diehl-Uniklinikum-Erlangen-1536x2048.jpg",1536,2048,true],"trp-custom-language-flag":["https:\/\/digidem-bayern.de\/wp-content\/uploads\/2022\/11\/IMG_0650-MAKS-Therapie-Foto-Kristina-Diehl-Uniklinikum-Erlangen.jpg",9,12,false],"qubely_landscape":["https:\/\/digidem-bayern.de\/wp-content\/uploads\/2022\/11\/IMG_0650-MAKS-Therapie-Foto-Kristina-Diehl-Uniklinikum-Erlangen-1200x750.jpg",1200,750,true],"qubely_portrait":["https:\/\/digidem-bayern.de\/wp-content\/uploads\/2022\/11\/IMG_0650-MAKS-Therapie-Foto-Kristina-Diehl-Uniklinikum-Erlangen-540x320.jpg",540,320,true],"qubely_thumbnail":["https:\/\/digidem-bayern.de\/wp-content\/uploads\/2022\/11\/IMG_0650-MAKS-Therapie-Foto-Kristina-Diehl-Uniklinikum-Erlangen-140x100.jpg",140,100,true],"post-thumbnail":["https:\/\/digidem-bayern.de\/wp-content\/uploads\/2022\/11\/IMG_0650-MAKS-Therapie-Foto-Kristina-Diehl-Uniklinikum-Erlangen-263x350.jpg",263,350,true],"kahuna-featured":["https:\/\/digidem-bayern.de\/wp-content\/uploads\/2022\/11\/IMG_0650-MAKS-Therapie-Foto-Kristina-Diehl-Uniklinikum-Erlangen-734x350.jpg",734,350,true],"kahuna-featured-lp":["https:\/\/digidem-bayern.de\/wp-content\/uploads\/2022\/11\/IMG_0650-MAKS-Therapie-Foto-Kristina-Diehl-Uniklinikum-Erlangen-520x350.jpg",520,350,true],"kahuna-featured-half":["https:\/\/digidem-bayern.de\/wp-content\/uploads\/2022\/11\/IMG_0650-MAKS-Therapie-Foto-Kristina-Diehl-Uniklinikum-Erlangen-800x350.jpg",800,350,true],"kahuna-featured-third":["https:\/\/digidem-bayern.de\/wp-content\/uploads\/2022\/11\/IMG_0650-MAKS-Therapie-Foto-Kristina-Diehl-Uniklinikum-Erlangen-512x350.jpg",512,350,true],"kahuna-lpbox-1":["https:\/\/digidem-bayern.de\/wp-content\/uploads\/2022\/11\/IMG_0650-MAKS-Therapie-Foto-Kristina-Diehl-Uniklinikum-Erlangen-520x300.jpg",520,300,true],"kahuna-lpbox-2":["https:\/\/digidem-bayern.de\/wp-content\/uploads\/2022\/11\/IMG_0650-MAKS-Therapie-Foto-Kristina-Diehl-Uniklinikum-Erlangen-520x350.jpg",520,350,true],"demand-language-flag":["https:\/\/digidem-bayern.de\/wp-content\/uploads\/2022\/11\/IMG_0650-MAKS-Therapie-Foto-Kristina-Diehl-Uniklinikum-Erlangen.jpg",27,36,false],"dddkt-language-flag":["https:\/\/digidem-bayern.de\/wp-content\/uploads\/2022\/11\/IMG_0650-MAKS-Therapie-Foto-Kristina-Diehl-Uniklinikum-Erlangen-36x36.jpg",36,36,true],"ddiqc-language-flag":["https:\/\/digidem-bayern.de\/wp-content\/uploads\/2022\/11\/IMG_0650-MAKS-Therapie-Foto-Kristina-Diehl-Uniklinikum-Erlangen-36x36.jpg",36,36,true],"ddtl-language-flag":["https:\/\/digidem-bayern.de\/wp-content\/uploads\/2022\/11\/IMG_0650-MAKS-Therapie-Foto-Kristina-Diehl-Uniklinikum-Erlangen-36x36.jpg",36,36,true],"mailpoet_newsletter_max":["https:\/\/digidem-bayern.de\/wp-content\/uploads\/2022\/11\/IMG_0650-MAKS-Therapie-Foto-Kristina-Diehl-Uniklinikum-Erlangen-1320x1760.jpg",1320,1760,true],"kahuna-lpbox-3":["https:\/\/digidem-bayern.de\/wp-content\/uploads\/2022\/11\/IMG_0650-MAKS-Therapie-Foto-Kristina-Diehl-Uniklinikum-Erlangen-520x350.jpg",520,350,true],"kahuna-featured-square":["https:\/\/digidem-bayern.de\/wp-content\/uploads\/2022\/11\/IMG_0650-MAKS-Therapie-Foto-Kristina-Diehl-Uniklinikum-Erlangen-512x512.jpg",512,512,true],"kahuna-featured-square-large":["https:\/\/digidem-bayern.de\/wp-content\/uploads\/2022\/11\/IMG_0650-MAKS-Therapie-Foto-Kristina-Diehl-Uniklinikum-Erlangen-1024x1024.jpg",1024,1024,true]},"post_excerpt_stackable_v2":"<p>F\u00fcr die Pr\u00e4sentation des wissenschaftlichen Posters \u201eNichtpharmakologische MAKS\u00ae-s-Intervention bei Menschen mit schwerer Demenz: Pr\u00e4diktoren f\u00fcr deren psychosozialen Benefit\u201c erhielt Kristina Diehl, wissenschaftliche Mitarbeiterin der Psychiatrischen und Psychotherapeutischen Klinik (Direktor: Prof. Dr. Johannes Kornhuber) des Uniklinikums Erlangen, den Posterpreis 2022 der Deutschen Gesellschaft f\u00fcr Gerontologie und Geriatrie e. V. und der Deutschen Gesellschaft f\u00fcr Geriatrie e. V. Die Auszeichnung wurde Kristina Diehl im Rahmen des Jahreskongresses f\u00fcr Gerontologie und Geriatrie in Frankfurt am Main verliehen. Entstanden war das Poster in Zusammenarbeit mit Prof. Dr. Elmar Gr\u00e4\u00dfel, Leiter des Bereichs Medizinische Psychologie und Medizinische Soziologie und einer der digiDEM Bayern-Projektleiter sowie Dr.&hellip;<\/p>\n","category_list_v2":"<a href=\"https:\/\/digidem-bayern.de\/en\/category\/aktuelles-zu-digidem\/\" rel=\"category tag\">Aktuelles zu digiDEM<\/a>, <a href=\"https:\/\/digidem-bayern.de\/en\/category\/wissenschaft-forschung\/\" rel=\"category tag\">Wissenschaft &amp; Forschung<\/a>","author_info_v2":{"name":"Ilona H\u00f6rath","url":"https:\/\/digidem-bayern.de\/en\/author\/hoeratia\/"},"comments_num_v2":"0 comments","yoast_head":"<!-- This site is optimized with the Yoast SEO plugin v27.5 - https:\/\/yoast.com\/product\/yoast-seo-wordpress\/ -->\n<title>Auszeichnung f\u00fcr Beitrag zur Demenzforschung - digiDEM Bayern<\/title>\n<meta name=\"description\" content=\"Der Bayerische Landesapothekerkammer unterst\u00fctzt digiDEM Bayern mit Hilfe des Netzwerks &quot;Demenzfreundliche Apotheken&quot;.\" \/>\n<meta name=\"robots\" content=\"index, follow, max-snippet:-1, max-image-preview:large, max-video-preview:-1\" \/>\n<link rel=\"canonical\" href=\"https:\/\/digidem-bayern.de\/en\/auszeichnung-fuer-beitrag-zur-demenzforschung-2\/\" \/>\n<meta property=\"og:locale\" content=\"en_US\" \/>\n<meta property=\"og:type\" content=\"article\" \/>\n<meta property=\"og:title\" content=\"Auszeichnung f\u00fcr Beitrag zur Demenzforschung - digiDEM Bayern\" \/>\n<meta property=\"og:description\" content=\"Der Bayerische Landesapothekerkammer unterst\u00fctzt digiDEM Bayern mit Hilfe des Netzwerks &quot;Demenzfreundliche Apotheken&quot;.\" \/>\n<meta property=\"og:url\" content=\"https:\/\/digidem-bayern.de\/en\/auszeichnung-fuer-beitrag-zur-demenzforschung-2\/\" \/>\n<meta property=\"og:site_name\" content=\"digiDEM Bayern\" \/>\n<meta property=\"article:publisher\" content=\"https:\/\/www.facebook.com\/digiDEMBayern\/\" \/>\n<meta property=\"article:published_time\" content=\"2022-11-14T11:45:30+00:00\" \/>\n<meta property=\"article:modified_time\" content=\"2022-11-14T12:38:14+00:00\" \/>\n<meta property=\"og:image\" content=\"https:\/\/digidem-bayern.de\/wp-content\/uploads\/2022\/11\/IMG_0650-MAKS-Therapie-Foto-Kristina-Diehl-Uniklinikum-Erlangen.jpg\" \/>\n\t<meta property=\"og:image:width\" content=\"1200\" \/>\n\t<meta property=\"og:image:height\" content=\"1600\" \/>\n\t<meta property=\"og:image:type\" content=\"image\/jpeg\" \/>\n<meta name=\"author\" content=\"Ilona H\u00f6rath\" \/>\n<meta name=\"twitter:label1\" content=\"Written by\" \/>\n\t<meta name=\"twitter:data1\" content=\"Ilona H\u00f6rath\" \/>\n\t<meta name=\"twitter:label2\" content=\"Est. reading time\" \/>\n\t<meta name=\"twitter:data2\" content=\"2 minutes\" \/>\n<script type=\"application\/ld+json\" class=\"yoast-schema-graph\">{\"@context\":\"https:\\\/\\\/schema.org\",\"@graph\":[{\"@type\":\"Article\",\"@id\":\"https:\\\/\\\/digidem-bayern.de\\\/auszeichnung-fuer-beitrag-zur-demenzforschung-2\\\/#article\",\"isPartOf\":{\"@id\":\"https:\\\/\\\/digidem-bayern.de\\\/auszeichnung-fuer-beitrag-zur-demenzforschung-2\\\/\"},\"author\":{\"name\":\"Ilona H\u00f6rath\",\"@id\":\"\\\/#\\\/schema\\\/person\\\/0bc1494f46fc2a051c761322a80e0941\"},\"headline\":\"Auszeichnung f\u00fcr Beitrag zur Demenzforschung\",\"datePublished\":\"2022-11-14T11:45:30+00:00\",\"dateModified\":\"2022-11-14T12:38:14+00:00\",\"mainEntityOfPage\":{\"@id\":\"https:\\\/\\\/digidem-bayern.de\\\/auszeichnung-fuer-beitrag-zur-demenzforschung-2\\\/\"},\"wordCount\":346,\"commentCount\":0,\"publisher\":{\"@id\":\"\\\/#organization\"},\"image\":{\"@id\":\"https:\\\/\\\/digidem-bayern.de\\\/auszeichnung-fuer-beitrag-zur-demenzforschung-2\\\/#primaryimage\"},\"thumbnailUrl\":\"https:\\\/\\\/digidem-bayern.de\\\/wp-content\\\/uploads\\\/2022\\\/11\\\/IMG_0650-MAKS-Therapie-Foto-Kristina-Diehl-Uniklinikum-Erlangen.jpg\",\"keywords\":[\"Alzheimer\",\"Demenz\",\"Demenzforschung\",\"digidem\",\"digidem Bayern\",\"Digitales Demenzregister Bayern\",\"Kristina Diehl\",\"MAKS-Therapie\",\"Uniklinikum Erlangen\"],\"articleSection\":[\"Aktuelles zu digiDEM\",\"Wissenschaft &amp; Forschung\"],\"inLanguage\":\"en-US\",\"potentialAction\":[{\"@type\":\"CommentAction\",\"name\":\"Comment\",\"target\":[\"https:\\\/\\\/digidem-bayern.de\\\/auszeichnung-fuer-beitrag-zur-demenzforschung-2\\\/#respond\"]}]},{\"@type\":\"WebPage\",\"@id\":\"https:\\\/\\\/digidem-bayern.de\\\/auszeichnung-fuer-beitrag-zur-demenzforschung-2\\\/\",\"url\":\"https:\\\/\\\/digidem-bayern.de\\\/auszeichnung-fuer-beitrag-zur-demenzforschung-2\\\/\",\"name\":\"Auszeichnung f\u00fcr Beitrag zur Demenzforschung - digiDEM Bayern\",\"isPartOf\":{\"@id\":\"\\\/#website\"},\"primaryImageOfPage\":{\"@id\":\"https:\\\/\\\/digidem-bayern.de\\\/auszeichnung-fuer-beitrag-zur-demenzforschung-2\\\/#primaryimage\"},\"image\":{\"@id\":\"https:\\\/\\\/digidem-bayern.de\\\/auszeichnung-fuer-beitrag-zur-demenzforschung-2\\\/#primaryimage\"},\"thumbnailUrl\":\"https:\\\/\\\/digidem-bayern.de\\\/wp-content\\\/uploads\\\/2022\\\/11\\\/IMG_0650-MAKS-Therapie-Foto-Kristina-Diehl-Uniklinikum-Erlangen.jpg\",\"datePublished\":\"2022-11-14T11:45:30+00:00\",\"dateModified\":\"2022-11-14T12:38:14+00:00\",\"description\":\"Der Bayerische Landesapothekerkammer unterst\u00fctzt digiDEM Bayern mit Hilfe des Netzwerks \\\"Demenzfreundliche Apotheken\\\".\",\"breadcrumb\":{\"@id\":\"https:\\\/\\\/digidem-bayern.de\\\/auszeichnung-fuer-beitrag-zur-demenzforschung-2\\\/#breadcrumb\"},\"inLanguage\":\"en-US\",\"potentialAction\":[{\"@type\":\"ReadAction\",\"target\":[\"https:\\\/\\\/digidem-bayern.de\\\/auszeichnung-fuer-beitrag-zur-demenzforschung-2\\\/\"]}]},{\"@type\":\"ImageObject\",\"inLanguage\":\"en-US\",\"@id\":\"https:\\\/\\\/digidem-bayern.de\\\/auszeichnung-fuer-beitrag-zur-demenzforschung-2\\\/#primaryimage\",\"url\":\"https:\\\/\\\/digidem-bayern.de\\\/wp-content\\\/uploads\\\/2022\\\/11\\\/IMG_0650-MAKS-Therapie-Foto-Kristina-Diehl-Uniklinikum-Erlangen.jpg\",\"contentUrl\":\"https:\\\/\\\/digidem-bayern.de\\\/wp-content\\\/uploads\\\/2022\\\/11\\\/IMG_0650-MAKS-Therapie-Foto-Kristina-Diehl-Uniklinikum-Erlangen.jpg\",\"width\":1200,\"height\":1600,\"caption\":\"F\u00fcr ihren Beitrag zur Demenzforschung erhielt Kristina Diehl einen Posterpreis 2022 der Deutschen Gesellschaft f\u00fcr Gerontologie und Geriatrie e. V. und der Deutschen Gesellschaft f\u00fcr Geriatrie e. V.\"},{\"@type\":\"BreadcrumbList\",\"@id\":\"https:\\\/\\\/digidem-bayern.de\\\/auszeichnung-fuer-beitrag-zur-demenzforschung-2\\\/#breadcrumb\",\"itemListElement\":[{\"@type\":\"ListItem\",\"position\":1,\"name\":\"Startseite\",\"item\":\"https:\\\/\\\/digidem-bayern.de\\\/\"},{\"@type\":\"ListItem\",\"position\":2,\"name\":\"Auszeichnung f\u00fcr Beitrag zur Demenzforschung\"}]},{\"@type\":\"WebSite\",\"@id\":\"\\\/#website\",\"url\":\"\\\/\",\"name\":\"digiDEM Bayern\",\"description\":\"Das digitale Demenzregister Bayern erforscht und verbessert die Angebotsstuktur f\u00fcr Menschen mit Demenz und deren Angeh\u00f6rige\",\"publisher\":{\"@id\":\"\\\/#organization\"},\"potentialAction\":[{\"@type\":\"SearchAction\",\"target\":{\"@type\":\"EntryPoint\",\"urlTemplate\":\"\\\/?s={search_term_string}\"},\"query-input\":{\"@type\":\"PropertyValueSpecification\",\"valueRequired\":true,\"valueName\":\"search_term_string\"}}],\"inLanguage\":\"en-US\"},{\"@type\":\"Organization\",\"@id\":\"\\\/#organization\",\"name\":\"digiDEM Bayern\",\"url\":\"\\\/\",\"logo\":{\"@type\":\"ImageObject\",\"inLanguage\":\"en-US\",\"@id\":\"\\\/#\\\/schema\\\/logo\\\/image\\\/\",\"url\":\"https:\\\/\\\/digidem-bayern.de\\\/wp-content\\\/uploads\\\/2022\\\/03\\\/cropped-Allgemeines_digiDEMLOGO-removebg-preview.png\",\"contentUrl\":\"https:\\\/\\\/digidem-bayern.de\\\/wp-content\\\/uploads\\\/2022\\\/03\\\/cropped-Allgemeines_digiDEMLOGO-removebg-preview.png\",\"width\":612,\"height\":357,\"caption\":\"digiDEM Bayern\"},\"image\":{\"@id\":\"\\\/#\\\/schema\\\/logo\\\/image\\\/\"},\"sameAs\":[\"https:\\\/\\\/www.facebook.com\\\/digiDEMBayern\\\/\",\"https:\\\/\\\/x.com\\\/digidem_bayern\",\"https:\\\/\\\/www.instagram.com\\\/digidem.bayern\",\"https:\\\/\\\/www.linkedin.com\\\/company\\\/digidem-bayern\\\/\"]},{\"@type\":\"Person\",\"@id\":\"\\\/#\\\/schema\\\/person\\\/0bc1494f46fc2a051c761322a80e0941\",\"name\":\"Ilona H\u00f6rath\",\"url\":\"https:\\\/\\\/digidem-bayern.de\\\/en\\\/author\\\/hoeratia\\\/\"}]}<\/script>\n<!-- \/ Yoast SEO plugin. -->","yoast_head_json":{"title":"Auszeichnung f\u00fcr Beitrag zur Demenzforschung - digiDEM Bayern","description":"Der Bayerische Landesapothekerkammer unterst\u00fctzt digiDEM Bayern mit Hilfe des Netzwerks \"Demenzfreundliche Apotheken\".","robots":{"index":"index","follow":"follow","max-snippet":"max-snippet:-1","max-image-preview":"max-image-preview:large","max-video-preview":"max-video-preview:-1"},"canonical":"https:\/\/digidem-bayern.de\/en\/auszeichnung-fuer-beitrag-zur-demenzforschung-2\/","og_locale":"en_US","og_type":"article","og_title":"Auszeichnung f\u00fcr Beitrag zur Demenzforschung - digiDEM Bayern","og_description":"Der Bayerische Landesapothekerkammer unterst\u00fctzt digiDEM Bayern mit Hilfe des Netzwerks \"Demenzfreundliche Apotheken\".","og_url":"https:\/\/digidem-bayern.de\/en\/auszeichnung-fuer-beitrag-zur-demenzforschung-2\/","og_site_name":"digiDEM Bayern","article_publisher":"https:\/\/www.facebook.com\/digiDEMBayern\/","article_published_time":"2022-11-14T11:45:30+00:00","article_modified_time":"2022-11-14T12:38:14+00:00","og_image":[{"width":1200,"height":1600,"url":"https:\/\/digidem-bayern.de\/wp-content\/uploads\/2022\/11\/IMG_0650-MAKS-Therapie-Foto-Kristina-Diehl-Uniklinikum-Erlangen.jpg","type":"image\/jpeg"}],"author":"Ilona H\u00f6rath","twitter_misc":{"Written by":"Ilona H\u00f6rath","Est. reading time":"2 minutes"},"schema":{"@context":"https:\/\/schema.org","@graph":[{"@type":"Article","@id":"https:\/\/digidem-bayern.de\/auszeichnung-fuer-beitrag-zur-demenzforschung-2\/#article","isPartOf":{"@id":"https:\/\/digidem-bayern.de\/auszeichnung-fuer-beitrag-zur-demenzforschung-2\/"},"author":{"name":"Ilona H\u00f6rath","@id":"\/#\/schema\/person\/0bc1494f46fc2a051c761322a80e0941"},"headline":"Auszeichnung f\u00fcr Beitrag zur Demenzforschung","datePublished":"2022-11-14T11:45:30+00:00","dateModified":"2022-11-14T12:38:14+00:00","mainEntityOfPage":{"@id":"https:\/\/digidem-bayern.de\/auszeichnung-fuer-beitrag-zur-demenzforschung-2\/"},"wordCount":346,"commentCount":0,"publisher":{"@id":"\/#organization"},"image":{"@id":"https:\/\/digidem-bayern.de\/auszeichnung-fuer-beitrag-zur-demenzforschung-2\/#primaryimage"},"thumbnailUrl":"https:\/\/digidem-bayern.de\/wp-content\/uploads\/2022\/11\/IMG_0650-MAKS-Therapie-Foto-Kristina-Diehl-Uniklinikum-Erlangen.jpg","keywords":["Alzheimer","Demenz","Demenzforschung","digidem","digidem Bayern","Digitales Demenzregister Bayern","Kristina Diehl","MAKS-Therapie","Uniklinikum Erlangen"],"articleSection":["Aktuelles zu digiDEM","Wissenschaft &amp; Forschung"],"inLanguage":"en-US","potentialAction":[{"@type":"CommentAction","name":"Comment","target":["https:\/\/digidem-bayern.de\/auszeichnung-fuer-beitrag-zur-demenzforschung-2\/#respond"]}]},{"@type":"WebPage","@id":"https:\/\/digidem-bayern.de\/auszeichnung-fuer-beitrag-zur-demenzforschung-2\/","url":"https:\/\/digidem-bayern.de\/auszeichnung-fuer-beitrag-zur-demenzforschung-2\/","name":"Auszeichnung f\u00fcr Beitrag zur Demenzforschung - digiDEM Bayern","isPartOf":{"@id":"\/#website"},"primaryImageOfPage":{"@id":"https:\/\/digidem-bayern.de\/auszeichnung-fuer-beitrag-zur-demenzforschung-2\/#primaryimage"},"image":{"@id":"https:\/\/digidem-bayern.de\/auszeichnung-fuer-beitrag-zur-demenzforschung-2\/#primaryimage"},"thumbnailUrl":"https:\/\/digidem-bayern.de\/wp-content\/uploads\/2022\/11\/IMG_0650-MAKS-Therapie-Foto-Kristina-Diehl-Uniklinikum-Erlangen.jpg","datePublished":"2022-11-14T11:45:30+00:00","dateModified":"2022-11-14T12:38:14+00:00","description":"Der Bayerische Landesapothekerkammer unterst\u00fctzt digiDEM Bayern mit Hilfe des Netzwerks \"Demenzfreundliche Apotheken\".","breadcrumb":{"@id":"https:\/\/digidem-bayern.de\/auszeichnung-fuer-beitrag-zur-demenzforschung-2\/#breadcrumb"},"inLanguage":"en-US","potentialAction":[{"@type":"ReadAction","target":["https:\/\/digidem-bayern.de\/auszeichnung-fuer-beitrag-zur-demenzforschung-2\/"]}]},{"@type":"ImageObject","inLanguage":"en-US","@id":"https:\/\/digidem-bayern.de\/auszeichnung-fuer-beitrag-zur-demenzforschung-2\/#primaryimage","url":"https:\/\/digidem-bayern.de\/wp-content\/uploads\/2022\/11\/IMG_0650-MAKS-Therapie-Foto-Kristina-Diehl-Uniklinikum-Erlangen.jpg","contentUrl":"https:\/\/digidem-bayern.de\/wp-content\/uploads\/2022\/11\/IMG_0650-MAKS-Therapie-Foto-Kristina-Diehl-Uniklinikum-Erlangen.jpg","width":1200,"height":1600,"caption":"F\u00fcr ihren Beitrag zur Demenzforschung erhielt Kristina Diehl einen Posterpreis 2022 der Deutschen Gesellschaft f\u00fcr Gerontologie und Geriatrie e. V. und der Deutschen Gesellschaft f\u00fcr Geriatrie e. V."},{"@type":"BreadcrumbList","@id":"https:\/\/digidem-bayern.de\/auszeichnung-fuer-beitrag-zur-demenzforschung-2\/#breadcrumb","itemListElement":[{"@type":"ListItem","position":1,"name":"Startseite","item":"https:\/\/digidem-bayern.de\/"},{"@type":"ListItem","position":2,"name":"Auszeichnung f\u00fcr Beitrag zur Demenzforschung"}]},{"@type":"WebSite","@id":"\/#website","url":"\/","name":"digiDEM Bavaria","description":"The digital dementia register in Bavaria researches and improves the structure of services for people with dementia and their relatives","publisher":{"@id":"\/#organization"},"potentialAction":[{"@type":"SearchAction","target":{"@type":"EntryPoint","urlTemplate":"\/?s={search_term_string}"},"query-input":{"@type":"PropertyValueSpecification","valueRequired":true,"valueName":"search_term_string"}}],"inLanguage":"en-US"},{"@type":"Organization","@id":"\/#organization","name":"digiDEM Bavaria","url":"\/","logo":{"@type":"ImageObject","inLanguage":"en-US","@id":"\/#\/schema\/logo\/image\/","url":"https:\/\/digidem-bayern.de\/wp-content\/uploads\/2022\/03\/cropped-Allgemeines_digiDEMLOGO-removebg-preview.png","contentUrl":"https:\/\/digidem-bayern.de\/wp-content\/uploads\/2022\/03\/cropped-Allgemeines_digiDEMLOGO-removebg-preview.png","width":612,"height":357,"caption":"digiDEM Bayern"},"image":{"@id":"\/#\/schema\/logo\/image\/"},"sameAs":["https:\/\/www.facebook.com\/digiDEMBayern\/","https:\/\/x.com\/digidem_bayern","https:\/\/www.instagram.com\/digidem.bayern","https:\/\/www.linkedin.com\/company\/digidem-bayern\/"]},{"@type":"Person","@id":"\/#\/schema\/person\/0bc1494f46fc2a051c761322a80e0941","name":"Ilona H\u00f6rath","url":"https:\/\/digidem-bayern.de\/en\/author\/hoeratia\/"}]}},"uagb_featured_image_src":{"full":["https:\/\/digidem-bayern.de\/wp-content\/uploads\/2022\/11\/IMG_0650-MAKS-Therapie-Foto-Kristina-Diehl-Uniklinikum-Erlangen.jpg",1200,1600,false],"thumbnail":["https:\/\/digidem-bayern.de\/wp-content\/uploads\/2022\/11\/IMG_0650-MAKS-Therapie-Foto-Kristina-Diehl-Uniklinikum-Erlangen-80x80.jpg",80,80,true],"medium":["https:\/\/digidem-bayern.de\/wp-content\/uploads\/2022\/11\/IMG_0650-MAKS-Therapie-Foto-Kristina-Diehl-Uniklinikum-Erlangen-225x300.jpg",225,300,true],"medium_large":["https:\/\/digidem-bayern.de\/wp-content\/uploads\/2022\/11\/IMG_0650-MAKS-Therapie-Foto-Kristina-Diehl-Uniklinikum-Erlangen-768x1024.jpg",768,1024,true],"large":["https:\/\/digidem-bayern.de\/wp-content\/uploads\/2022\/11\/IMG_0650-MAKS-Therapie-Foto-Kristina-Diehl-Uniklinikum-Erlangen-773x1030.jpg",773,1030,true],"1536x1536":["https:\/\/digidem-bayern.de\/wp-content\/uploads\/2022\/11\/IMG_0650-MAKS-Therapie-Foto-Kristina-Diehl-Uniklinikum-Erlangen-1152x1536.jpg",1152,1536,true],"2048x2048":["https:\/\/digidem-bayern.de\/wp-content\/uploads\/2022\/11\/IMG_0650-MAKS-Therapie-Foto-Kristina-Diehl-Uniklinikum-Erlangen-1536x2048.jpg",1536,2048,true],"trp-custom-language-flag":["https:\/\/digidem-bayern.de\/wp-content\/uploads\/2022\/11\/IMG_0650-MAKS-Therapie-Foto-Kristina-Diehl-Uniklinikum-Erlangen.jpg",9,12,false],"qubely_landscape":["https:\/\/digidem-bayern.de\/wp-content\/uploads\/2022\/11\/IMG_0650-MAKS-Therapie-Foto-Kristina-Diehl-Uniklinikum-Erlangen-1200x750.jpg",1200,750,true],"qubely_portrait":["https:\/\/digidem-bayern.de\/wp-content\/uploads\/2022\/11\/IMG_0650-MAKS-Therapie-Foto-Kristina-Diehl-Uniklinikum-Erlangen-540x320.jpg",540,320,true],"qubely_thumbnail":["https:\/\/digidem-bayern.de\/wp-content\/uploads\/2022\/11\/IMG_0650-MAKS-Therapie-Foto-Kristina-Diehl-Uniklinikum-Erlangen-140x100.jpg",140,100,true],"post-thumbnail":["https:\/\/digidem-bayern.de\/wp-content\/uploads\/2022\/11\/IMG_0650-MAKS-Therapie-Foto-Kristina-Diehl-Uniklinikum-Erlangen-263x350.jpg",263,350,true],"kahuna-featured":["https:\/\/digidem-bayern.de\/wp-content\/uploads\/2022\/11\/IMG_0650-MAKS-Therapie-Foto-Kristina-Diehl-Uniklinikum-Erlangen-734x350.jpg",734,350,true],"kahuna-featured-lp":["https:\/\/digidem-bayern.de\/wp-content\/uploads\/2022\/11\/IMG_0650-MAKS-Therapie-Foto-Kristina-Diehl-Uniklinikum-Erlangen-520x350.jpg",520,350,true],"kahuna-featured-half":["https:\/\/digidem-bayern.de\/wp-content\/uploads\/2022\/11\/IMG_0650-MAKS-Therapie-Foto-Kristina-Diehl-Uniklinikum-Erlangen-800x350.jpg",800,350,true],"kahuna-featured-third":["https:\/\/digidem-bayern.de\/wp-content\/uploads\/2022\/11\/IMG_0650-MAKS-Therapie-Foto-Kristina-Diehl-Uniklinikum-Erlangen-512x350.jpg",512,350,true],"kahuna-lpbox-1":["https:\/\/digidem-bayern.de\/wp-content\/uploads\/2022\/11\/IMG_0650-MAKS-Therapie-Foto-Kristina-Diehl-Uniklinikum-Erlangen-520x300.jpg",520,300,true],"kahuna-lpbox-2":["https:\/\/digidem-bayern.de\/wp-content\/uploads\/2022\/11\/IMG_0650-MAKS-Therapie-Foto-Kristina-Diehl-Uniklinikum-Erlangen-520x350.jpg",520,350,true],"demand-language-flag":["https:\/\/digidem-bayern.de\/wp-content\/uploads\/2022\/11\/IMG_0650-MAKS-Therapie-Foto-Kristina-Diehl-Uniklinikum-Erlangen.jpg",27,36,false],"dddkt-language-flag":["https:\/\/digidem-bayern.de\/wp-content\/uploads\/2022\/11\/IMG_0650-MAKS-Therapie-Foto-Kristina-Diehl-Uniklinikum-Erlangen-36x36.jpg",36,36,true],"ddiqc-language-flag":["https:\/\/digidem-bayern.de\/wp-content\/uploads\/2022\/11\/IMG_0650-MAKS-Therapie-Foto-Kristina-Diehl-Uniklinikum-Erlangen-36x36.jpg",36,36,true],"ddtl-language-flag":["https:\/\/digidem-bayern.de\/wp-content\/uploads\/2022\/11\/IMG_0650-MAKS-Therapie-Foto-Kristina-Diehl-Uniklinikum-Erlangen-36x36.jpg",36,36,true],"mailpoet_newsletter_max":["https:\/\/digidem-bayern.de\/wp-content\/uploads\/2022\/11\/IMG_0650-MAKS-Therapie-Foto-Kristina-Diehl-Uniklinikum-Erlangen-1320x1760.jpg",1320,1760,true],"kahuna-lpbox-3":["https:\/\/digidem-bayern.de\/wp-content\/uploads\/2022\/11\/IMG_0650-MAKS-Therapie-Foto-Kristina-Diehl-Uniklinikum-Erlangen-520x350.jpg",520,350,true],"kahuna-featured-square":["https:\/\/digidem-bayern.de\/wp-content\/uploads\/2022\/11\/IMG_0650-MAKS-Therapie-Foto-Kristina-Diehl-Uniklinikum-Erlangen-512x512.jpg",512,512,true],"kahuna-featured-square-large":["https:\/\/digidem-bayern.de\/wp-content\/uploads\/2022\/11\/IMG_0650-MAKS-Therapie-Foto-Kristina-Diehl-Uniklinikum-Erlangen-1024x1024.jpg",1024,1024,true]},"uagb_author_info":{"display_name":"Ilona H\u00f6rath","author_link":"https:\/\/digidem-bayern.de\/en\/author\/hoeratia\/"},"uagb_comment_info":0,"uagb_excerpt":"F\u00fcr die Pr\u00e4sentation des wissenschaftlichen Posters \u201eNichtpharmakologische MAKS\u00ae-s-Intervention bei Menschen mit schwerer Demenz: Pr\u00e4diktoren f\u00fcr deren psychosozialen Benefit\u201c erhielt Kristina Diehl, wissenschaftliche Mitarbeiterin der Psychiatrischen und Psychotherapeutischen Klinik (Direktor: Prof. Dr. Johannes Kornhuber) des Uniklinikums Erlangen, den Posterpreis 2022 der Deutschen Gesellschaft f\u00fcr Gerontologie und Geriatrie e. V. und der &hellip;","_links":{"self":[{"href":"https:\/\/digidem-bayern.de\/en\/wp-json\/wp\/v2\/posts\/24646","targetHints":{"allow":["GET"]}}],"collection":[{"href":"https:\/\/digidem-bayern.de\/en\/wp-json\/wp\/v2\/posts"}],"about":[{"href":"https:\/\/digidem-bayern.de\/en\/wp-json\/wp\/v2\/types\/post"}],"author":[{"embeddable":true,"href":"https:\/\/digidem-bayern.de\/en\/wp-json\/wp\/v2\/users\/12"}],"replies":[{"embeddable":true,"href":"https:\/\/digidem-bayern.de\/en\/wp-json\/wp\/v2\/comments?post=24646"}],"version-history":[{"count":4,"href":"https:\/\/digidem-bayern.de\/en\/wp-json\/wp\/v2\/posts\/24646\/revisions"}],"predecessor-version":[{"id":24652,"href":"https:\/\/digidem-bayern.de\/en\/wp-json\/wp\/v2\/posts\/24646\/revisions\/24652"}],"wp:featuredmedia":[{"embeddable":true,"href":"https:\/\/digidem-bayern.de\/en\/wp-json\/wp\/v2\/media\/24648"}],"wp:attachment":[{"href":"https:\/\/digidem-bayern.de\/en\/wp-json\/wp\/v2\/media?parent=24646"}],"wp:term":[{"taxonomy":"category","embeddable":true,"href":"https:\/\/digidem-bayern.de\/en\/wp-json\/wp\/v2\/categories?post=24646"},{"taxonomy":"post_tag","embeddable":true,"href":"https:\/\/digidem-bayern.de\/en\/wp-json\/wp\/v2\/tags?post=24646"}],"curies":[{"name":"wp","href":"https:\/\/api.w.org\/{rel}","templated":true}]}}