{"id":24070,"date":"2022-10-14T09:35:00","date_gmt":"2022-10-14T07:35:00","guid":{"rendered":"https:\/\/digidem-bayern.de\/?p=24070"},"modified":"2022-10-14T13:11:01","modified_gmt":"2022-10-14T11:11:01","slug":"hoeheres-sterbe-und-demenzrisiko-bei-sozialer-isolation","status":"publish","type":"post","link":"https:\/\/digidem-bayern.de\/en\/hoeheres-sterbe-und-demenzrisiko-bei-sozialer-isolation\/","title":{"rendered":"H\u00f6heres Sterbe- und Demenzrisiko bei sozialer Isolation\u00a0"},"content":{"rendered":"<p><strong>Die soziale Integration \u00e4lterer Erwachsener sollte einen h\u00f6heren Stellenwert einnehmen. Dies w\u00fcnschen sich die Autor*innen einer schwedischen Studie. Darin haben sie&nbsp;den Zusammenhang von Einsamkeit und sozialer Isolation mit Sterblichkeit untersucht.<\/strong><\/p>\n\n\n\n<p>Die Corona-Pandemie und die damit verbundenen Beschr\u00e4nkungen haben vielen Menschen vor Augen gef\u00fchrt, welche Folgen Einsamkeit und soziale Isolation haben k\u00f6nnen.&nbsp;\u201eEs ist von gr\u00f6\u00dfter Bedeutung, dass die soziale Integration und die sozialen Beziehungen ein vorrangiges Ziel f\u00fcr Sozialdienste und Aktivit\u00e4ten mit \u00e4lteren Erwachsenen sind\u201c, schreiben die schwedischen Forschenden. <\/p>\n\n\n<div class=\"wp-block-image\">\n<figure class=\"alignright size-full is-resized\"><img loading=\"lazy\" decoding=\"async\" src=\"https:\/\/digidem-bayern.de\/wp-content\/uploads\/2022\/10\/02-aba-shutterstock_554072923.jpg\" alt=\"Je h\u00f6her der Grad an sozialer Isolation war, desto h\u00f6her war auch das Sterblichkeitsrisiko. \" class=\"wp-image-24060\" width=\"480\" height=\"318\"\/><\/figure>\n<\/div>\n\n\n<p>In ihrer Studie kommen sie zu einem Ergebnis, das aufr\u00fcttelt. Sowohl Einsamkeit als auch soziale Isolation &#8211; wie zum Beispiel fehlende soziale Aktivit\u00e4ten &#8211; sind mit einem erh\u00f6hten Sterberisiko bei \u00e4lteren Frauen und M\u00e4nnern verbunden. Beide Kriterien tragen jedoch auch zur Verschlechterung des Gesundheitszustandes bei, was wiederum zu einer h\u00f6heren Sterblichkeit f\u00fchrt. Allerdings gilt es auch die andere Seite der Medaille zu betrachten. Denn umgekehrt kann ein beeintr\u00e4chtigter Gesundheitszustand Einsamkeit und soziale Isolation hervorrufen.&nbsp;<\/p>\n\n\n\n<p><strong><strong><strong>Soziale Isolation wirkt sich st\u00e4rker auf Sterblichkeitsrisiko auf<\/strong><\/strong><\/strong><\/p>\n\n\n\n<p>So zeigte sich,&nbsp;dass 11,2 Prozent der Befragten &#8222;oft&#8220; oder &#8222;fast&nbsp;immer\u201c von Einsamkeitsgef\u00fchlen geplagt wurden. Frauen waren hiervon&nbsp;h\u00e4ufiger betroffen als M\u00e4nner.&nbsp;Die Analyse ergab aber auch: Je h\u00f6her der Grad an sozialer Isolation war, desto h\u00f6her war auch das Sterblichkeitsrisiko. Die Forscher fanden allerdings heraus, dass hinsichtlich der Sterblichkeit&nbsp;die soziale Isolation eine gewichtigere Rolle zu spielen scheint als das Gef\u00fchl der Einsamkeit.<\/p>\n\n\n\n<p>In der Studie wurden 1.161 Personen telefonisch oder mit Hilfe eines postalisch zugesendeten Fragebogens befragt.&nbsp;Der h\u00e4ufigste Grund f\u00fcr eine indirekte Befragung, also eine Befragung etwa von Verwandten, war Demenz oder Gebrechlichkeit.<strong>&nbsp;<\/strong>Bei den teilnehmenden Frauen betrug das Durchschnittsalter 78,7 Jahre, bei den M\u00e4nnern 77,9 Jahre.<\/p>\n\n\n\n<p><strong>Fr\u00fchindikator f\u00fcr erh\u00f6htes Demenzrisiko<\/strong><\/p>\n\n\n\n<p>Welchen Einfluss soziale Isolation und Einsamkeit auf die Entwicklung einer Demenz haben, untersuchte hingegen ein Forscherteam aus China. Die Studie wurde im Juni 2022 ver\u00f6ffentlicht und umfasste 462.619 Teilnehmende. Den Auswertungen zufolge hatten sozial isoliert lebende Menschen ein 1,26-fach h\u00f6heres Risiko gegen\u00fcber nicht isolierten Personen, an einer Demenz zu erkranken und zwar unabh\u00e4ngig von anderen Risikofaktoren. Somit kann soziale Isolation ein Fr\u00fchindikator f\u00fcr ein erh\u00f6htes Demenzrisiko sein.<\/p>\n\n\n\n<p>In der Langzeitstudie haben die Wissenschaftler*innen festgestellt, dass insbesondere solche Gehirnregionen bei sozialer Isolation betroffen sind, die f\u00fcr das Ged\u00e4chtnis und das Lernen mitverantwortlich sind.&nbsp;<\/p>\n\n\n\n<p>F\u00fcr ein erh\u00f6htes Demenzrisiko spielt hingegen der Faktor Einsamkeit \u2013 ob sich Menschen einsam f\u00fchlen oder nicht \u2013 kaum eine Rolle. Vielmehr weisen die Autor*innen darauf hin, dass der Einfluss von Einsamkeit auf das Demenzrisiko zu 75 Prozent durch damit zusammenh\u00e4ngende Symptome einer Depression erkl\u00e4rt werden k\u00f6nnte.<\/p>\n\n\n\n<p>Hier geht&#8217;s zu den Studien:<\/p>\n\n\n\n<p><a href=\"https:\/\/pubmed.ncbi.nlm.nih.gov\/34550832\/\">The association between loneliness, social isolation and all-cause mortality in a nationally representative sample of older women and men.<\/a><\/p>\n\n\n\n<p><a href=\"https:\/\/n.neurology.org\/content\/99\/2\/e164\">Associations of Social Isolation and Loneliness With Later Dementia.<\/a><\/p>\n\n\n\n<p><\/p>\n\n\n\n<p><\/p>\n\n\n\n<p><\/p>\n\n\n\n<p style=\"font-size:20px\"><\/p>\n\n\n\n<div style=\"height:20px\" aria-hidden=\"true\" class=\"wp-block-spacer\"><\/div>\n\n\n\n<div style=\"height:20px\" aria-hidden=\"true\" class=\"wp-block-spacer\"><\/div>","protected":false},"excerpt":{"rendered":"<p>Die soziale Integration \u00e4lterer Erwachsener sollte einen h\u00f6heren Stellenwert einnehmen. Dies w\u00fcnschen sich die Autor*innen einer schwedischen Studie. Darin haben sie&nbsp;den Zusammenhang von Einsamkeit und sozialer Isolation mit Sterblichkeit untersucht. Die Corona-Pandemie und die damit verbundenen Beschr\u00e4nkungen haben vielen Menschen vor Augen gef\u00fchrt, welche Folgen Einsamkeit und soziale Isolation haben &hellip;<\/p>","protected":false},"author":12,"featured_media":24060,"comment_status":"open","ping_status":"closed","sticky":false,"template":"","format":"standard","meta":{"qubely_global_settings":"","qubely_interactions":"","_uag_custom_page_level_css":"","footnotes":""},"categories":[5],"tags":[13,12,177,541,14,17,55,235,539,540,236,538],"class_list":["post-24070","post","type-post","status-publish","format-standard","has-post-thumbnail","hentry","category-wissenschaft-forschung","tag-alzheimer","tag-demenz-2","tag-demenzrisiko","tag-depression","tag-digidem","tag-digidem-bayern","tag-digitales-demenzregister-bayern","tag-einsamkeit","tag-fruehindikator","tag-gehirnregion","tag-soziale-isolation","tag-sterberisiko"],"qubely_featured_image_url":{"full":["https:\/\/digidem-bayern.de\/wp-content\/uploads\/2022\/10\/02-aba-shutterstock_554072923.jpg",1000,667,false],"landscape":["https:\/\/digidem-bayern.de\/wp-content\/uploads\/2022\/10\/02-aba-shutterstock_554072923.jpg",1000,667,false],"portraits":["https:\/\/digidem-bayern.de\/wp-content\/uploads\/2022\/10\/02-aba-shutterstock_554072923-540x320.jpg",540,320,true],"thumbnail":["https:\/\/digidem-bayern.de\/wp-content\/uploads\/2022\/10\/02-aba-shutterstock_554072923-80x80.jpg",80,80,true],"medium":["https:\/\/digidem-bayern.de\/wp-content\/uploads\/2022\/10\/02-aba-shutterstock_554072923-300x200.jpg",300,200,true],"medium_large":["https:\/\/digidem-bayern.de\/wp-content\/uploads\/2022\/10\/02-aba-shutterstock_554072923-768x512.jpg",768,512,true],"large":["https:\/\/digidem-bayern.de\/wp-content\/uploads\/2022\/10\/02-aba-shutterstock_554072923.jpg",1000,667,false],"1536x1536":["https:\/\/digidem-bayern.de\/wp-content\/uploads\/2022\/10\/02-aba-shutterstock_554072923.jpg",1000,667,false],"2048x2048":["https:\/\/digidem-bayern.de\/wp-content\/uploads\/2022\/10\/02-aba-shutterstock_554072923.jpg",1000,667,false],"trp-custom-language-flag":["https:\/\/digidem-bayern.de\/wp-content\/uploads\/2022\/10\/02-aba-shutterstock_554072923.jpg",18,12,false],"qubely_landscape":["https:\/\/digidem-bayern.de\/wp-content\/uploads\/2022\/10\/02-aba-shutterstock_554072923.jpg",1000,667,false],"qubely_portrait":["https:\/\/digidem-bayern.de\/wp-content\/uploads\/2022\/10\/02-aba-shutterstock_554072923-540x320.jpg",540,320,true],"qubely_thumbnail":["https:\/\/digidem-bayern.de\/wp-content\/uploads\/2022\/10\/02-aba-shutterstock_554072923-140x100.jpg",140,100,true],"post-thumbnail":["https:\/\/digidem-bayern.de\/wp-content\/uploads\/2022\/10\/02-aba-shutterstock_554072923-525x350.jpg",525,350,true],"kahuna-featured":["https:\/\/digidem-bayern.de\/wp-content\/uploads\/2022\/10\/02-aba-shutterstock_554072923-734x350.jpg",734,350,true],"kahuna-featured-lp":["https:\/\/digidem-bayern.de\/wp-content\/uploads\/2022\/10\/02-aba-shutterstock_554072923-520x350.jpg",520,350,true],"kahuna-featured-half":["https:\/\/digidem-bayern.de\/wp-content\/uploads\/2022\/10\/02-aba-shutterstock_554072923-800x350.jpg",800,350,true],"kahuna-featured-third":["https:\/\/digidem-bayern.de\/wp-content\/uploads\/2022\/10\/02-aba-shutterstock_554072923-512x350.jpg",512,350,true],"kahuna-lpbox-1":["https:\/\/digidem-bayern.de\/wp-content\/uploads\/2022\/10\/02-aba-shutterstock_554072923-520x300.jpg",520,300,true],"kahuna-lpbox-2":["https:\/\/digidem-bayern.de\/wp-content\/uploads\/2022\/10\/02-aba-shutterstock_554072923-520x350.jpg",520,350,true],"demand-language-flag":["https:\/\/digidem-bayern.de\/wp-content\/uploads\/2022\/10\/02-aba-shutterstock_554072923.jpg",36,24,false],"dddkt-language-flag":["https:\/\/digidem-bayern.de\/wp-content\/uploads\/2022\/10\/02-aba-shutterstock_554072923-36x36.jpg",36,36,true],"ddiqc-language-flag":["https:\/\/digidem-bayern.de\/wp-content\/uploads\/2022\/10\/02-aba-shutterstock_554072923-36x36.jpg",36,36,true],"ddtl-language-flag":["https:\/\/digidem-bayern.de\/wp-content\/uploads\/2022\/10\/02-aba-shutterstock_554072923-36x36.jpg",36,36,true],"mailpoet_newsletter_max":["https:\/\/digidem-bayern.de\/wp-content\/uploads\/2022\/10\/02-aba-shutterstock_554072923.jpg",1000,667,false],"kahuna-lpbox-3":["https:\/\/digidem-bayern.de\/wp-content\/uploads\/2022\/10\/02-aba-shutterstock_554072923-520x350.jpg",520,350,true],"kahuna-featured-square":["https:\/\/digidem-bayern.de\/wp-content\/uploads\/2022\/10\/02-aba-shutterstock_554072923-512x512.jpg",512,512,true],"kahuna-featured-square-large":["https:\/\/digidem-bayern.de\/wp-content\/uploads\/2022\/10\/02-aba-shutterstock_554072923.jpg",1000,667,false]},"qubely_author":{"display_name":"Ilona H\u00f6rath","author_link":"https:\/\/digidem-bayern.de\/en\/author\/hoeratia\/"},"qubely_comment":3,"qubely_category":"<a href=\"https:\/\/digidem-bayern.de\/en\/category\/wissenschaft-forschung\/\" rel=\"category tag\">Wissenschaft &amp; Forschung<\/a>","qubely_excerpt":"Die soziale Integration \u00e4lterer Erwachsener sollte einen h\u00f6heren Stellenwert einnehmen. Dies w\u00fcnschen sich die Autor*innen einer schwedischen Studie. Darin haben sie&nbsp;den Zusammenhang von Einsamkeit und sozialer Isolation mit Sterblichkeit untersucht. Die Corona-Pandemie und die damit verbundenen Beschr\u00e4nkungen haben vielen Menschen vor Augen gef\u00fchrt, welche Folgen Einsamkeit und soziale Isolation haben &hellip;","featured_image_urls_v2":{"full":["https:\/\/digidem-bayern.de\/wp-content\/uploads\/2022\/10\/02-aba-shutterstock_554072923.jpg",1000,667,false],"thumbnail":["https:\/\/digidem-bayern.de\/wp-content\/uploads\/2022\/10\/02-aba-shutterstock_554072923-80x80.jpg",80,80,true],"medium":["https:\/\/digidem-bayern.de\/wp-content\/uploads\/2022\/10\/02-aba-shutterstock_554072923-300x200.jpg",300,200,true],"medium_large":["https:\/\/digidem-bayern.de\/wp-content\/uploads\/2022\/10\/02-aba-shutterstock_554072923-768x512.jpg",768,512,true],"large":["https:\/\/digidem-bayern.de\/wp-content\/uploads\/2022\/10\/02-aba-shutterstock_554072923.jpg",1000,667,false],"1536x1536":["https:\/\/digidem-bayern.de\/wp-content\/uploads\/2022\/10\/02-aba-shutterstock_554072923.jpg",1000,667,false],"2048x2048":["https:\/\/digidem-bayern.de\/wp-content\/uploads\/2022\/10\/02-aba-shutterstock_554072923.jpg",1000,667,false],"trp-custom-language-flag":["https:\/\/digidem-bayern.de\/wp-content\/uploads\/2022\/10\/02-aba-shutterstock_554072923.jpg",18,12,false],"qubely_landscape":["https:\/\/digidem-bayern.de\/wp-content\/uploads\/2022\/10\/02-aba-shutterstock_554072923.jpg",1000,667,false],"qubely_portrait":["https:\/\/digidem-bayern.de\/wp-content\/uploads\/2022\/10\/02-aba-shutterstock_554072923-540x320.jpg",540,320,true],"qubely_thumbnail":["https:\/\/digidem-bayern.de\/wp-content\/uploads\/2022\/10\/02-aba-shutterstock_554072923-140x100.jpg",140,100,true],"post-thumbnail":["https:\/\/digidem-bayern.de\/wp-content\/uploads\/2022\/10\/02-aba-shutterstock_554072923-525x350.jpg",525,350,true],"kahuna-featured":["https:\/\/digidem-bayern.de\/wp-content\/uploads\/2022\/10\/02-aba-shutterstock_554072923-734x350.jpg",734,350,true],"kahuna-featured-lp":["https:\/\/digidem-bayern.de\/wp-content\/uploads\/2022\/10\/02-aba-shutterstock_554072923-520x350.jpg",520,350,true],"kahuna-featured-half":["https:\/\/digidem-bayern.de\/wp-content\/uploads\/2022\/10\/02-aba-shutterstock_554072923-800x350.jpg",800,350,true],"kahuna-featured-third":["https:\/\/digidem-bayern.de\/wp-content\/uploads\/2022\/10\/02-aba-shutterstock_554072923-512x350.jpg",512,350,true],"kahuna-lpbox-1":["https:\/\/digidem-bayern.de\/wp-content\/uploads\/2022\/10\/02-aba-shutterstock_554072923-520x300.jpg",520,300,true],"kahuna-lpbox-2":["https:\/\/digidem-bayern.de\/wp-content\/uploads\/2022\/10\/02-aba-shutterstock_554072923-520x350.jpg",520,350,true],"demand-language-flag":["https:\/\/digidem-bayern.de\/wp-content\/uploads\/2022\/10\/02-aba-shutterstock_554072923.jpg",36,24,false],"dddkt-language-flag":["https:\/\/digidem-bayern.de\/wp-content\/uploads\/2022\/10\/02-aba-shutterstock_554072923-36x36.jpg",36,36,true],"ddiqc-language-flag":["https:\/\/digidem-bayern.de\/wp-content\/uploads\/2022\/10\/02-aba-shutterstock_554072923-36x36.jpg",36,36,true],"ddtl-language-flag":["https:\/\/digidem-bayern.de\/wp-content\/uploads\/2022\/10\/02-aba-shutterstock_554072923-36x36.jpg",36,36,true],"mailpoet_newsletter_max":["https:\/\/digidem-bayern.de\/wp-content\/uploads\/2022\/10\/02-aba-shutterstock_554072923.jpg",1000,667,false],"kahuna-lpbox-3":["https:\/\/digidem-bayern.de\/wp-content\/uploads\/2022\/10\/02-aba-shutterstock_554072923-520x350.jpg",520,350,true],"kahuna-featured-square":["https:\/\/digidem-bayern.de\/wp-content\/uploads\/2022\/10\/02-aba-shutterstock_554072923-512x512.jpg",512,512,true],"kahuna-featured-square-large":["https:\/\/digidem-bayern.de\/wp-content\/uploads\/2022\/10\/02-aba-shutterstock_554072923.jpg",1000,667,false]},"post_excerpt_stackable_v2":"<p>Die soziale Integration \u00e4lterer Erwachsener sollte einen h\u00f6heren Stellenwert einnehmen. Dies w\u00fcnschen sich die Autor*innen einer schwedischen Studie. Darin haben sie&nbsp;den Zusammenhang von Einsamkeit und sozialer Isolation mit Sterblichkeit untersucht. Die Corona-Pandemie und die damit verbundenen Beschr\u00e4nkungen haben vielen Menschen vor Augen gef\u00fchrt, welche Folgen Einsamkeit und soziale Isolation haben k\u00f6nnen.&nbsp;\u201eEs ist von gr\u00f6\u00dfter Bedeutung, dass die soziale Integration und die sozialen Beziehungen ein vorrangiges Ziel f\u00fcr Sozialdienste und Aktivit\u00e4ten mit \u00e4lteren Erwachsenen sind\u201c, schreiben die schwedischen Forschenden. In ihrer Studie kommen sie zu einem Ergebnis, das aufr\u00fcttelt. Sowohl Einsamkeit als auch soziale Isolation &#8211; wie zum Beispiel fehlende soziale&hellip;<\/p>\n","category_list_v2":"<a href=\"https:\/\/digidem-bayern.de\/en\/category\/wissenschaft-forschung\/\" rel=\"category tag\">Wissenschaft &amp; Forschung<\/a>","author_info_v2":{"name":"Ilona H\u00f6rath","url":"https:\/\/digidem-bayern.de\/en\/author\/hoeratia\/"},"comments_num_v2":"0 comments","yoast_head":"<!-- This site is optimized with the Yoast SEO plugin v27.4 - https:\/\/yoast.com\/product\/yoast-seo-wordpress\/ -->\n<title>H\u00f6heres Sterbe- und Demenzrisiko bei sozialer Isolation\u00a0 - digiDEM Bayern<\/title>\n<meta name=\"description\" content=\"Der Bayerische Landesapothekerkammer unterst\u00fctzt digiDEM Bayern mit Hilfe des Netzwerks &quot;Demenzfreundliche Apotheken&quot;.\" \/>\n<meta name=\"robots\" content=\"index, follow, max-snippet:-1, max-image-preview:large, max-video-preview:-1\" \/>\n<link rel=\"canonical\" href=\"https:\/\/digidem-bayern.de\/en\/hoeheres-sterbe-und-demenzrisiko-bei-sozialer-isolation\/\" \/>\n<meta property=\"og:locale\" content=\"en_US\" \/>\n<meta property=\"og:type\" content=\"article\" \/>\n<meta property=\"og:title\" content=\"H\u00f6heres Sterbe- und Demenzrisiko bei sozialer Isolation\u00a0 - digiDEM Bayern\" \/>\n<meta property=\"og:description\" content=\"Der Bayerische Landesapothekerkammer unterst\u00fctzt digiDEM Bayern mit Hilfe des Netzwerks &quot;Demenzfreundliche Apotheken&quot;.\" \/>\n<meta property=\"og:url\" content=\"https:\/\/digidem-bayern.de\/en\/hoeheres-sterbe-und-demenzrisiko-bei-sozialer-isolation\/\" \/>\n<meta property=\"og:site_name\" content=\"digiDEM Bayern\" \/>\n<meta property=\"article:publisher\" content=\"https:\/\/www.facebook.com\/digiDEMBayern\/\" \/>\n<meta property=\"article:published_time\" content=\"2022-10-14T07:35:00+00:00\" \/>\n<meta property=\"article:modified_time\" content=\"2022-10-14T11:11:01+00:00\" \/>\n<meta property=\"og:image\" content=\"https:\/\/digidem-bayern.de\/wp-content\/uploads\/2022\/10\/02-aba-shutterstock_554072923.jpg\" \/>\n\t<meta property=\"og:image:width\" content=\"1000\" \/>\n\t<meta property=\"og:image:height\" content=\"667\" \/>\n\t<meta property=\"og:image:type\" content=\"image\/jpeg\" \/>\n<meta name=\"author\" content=\"Ilona H\u00f6rath\" \/>\n<meta name=\"twitter:label1\" content=\"Written by\" \/>\n\t<meta name=\"twitter:data1\" content=\"Ilona H\u00f6rath\" \/>\n\t<meta name=\"twitter:label2\" content=\"Est. reading time\" \/>\n\t<meta name=\"twitter:data2\" content=\"2 minutes\" \/>\n<script type=\"application\/ld+json\" class=\"yoast-schema-graph\">{\"@context\":\"https:\\\/\\\/schema.org\",\"@graph\":[{\"@type\":\"Article\",\"@id\":\"https:\\\/\\\/digidem-bayern.de\\\/hoeheres-sterbe-und-demenzrisiko-bei-sozialer-isolation\\\/#article\",\"isPartOf\":{\"@id\":\"https:\\\/\\\/digidem-bayern.de\\\/hoeheres-sterbe-und-demenzrisiko-bei-sozialer-isolation\\\/\"},\"author\":{\"name\":\"Ilona H\u00f6rath\",\"@id\":\"\\\/#\\\/schema\\\/person\\\/0bc1494f46fc2a051c761322a80e0941\"},\"headline\":\"H\u00f6heres Sterbe- und Demenzrisiko bei sozialer Isolation\u00a0\",\"datePublished\":\"2022-10-14T07:35:00+00:00\",\"dateModified\":\"2022-10-14T11:11:01+00:00\",\"mainEntityOfPage\":{\"@id\":\"https:\\\/\\\/digidem-bayern.de\\\/hoeheres-sterbe-und-demenzrisiko-bei-sozialer-isolation\\\/\"},\"wordCount\":506,\"commentCount\":0,\"publisher\":{\"@id\":\"\\\/#organization\"},\"image\":{\"@id\":\"https:\\\/\\\/digidem-bayern.de\\\/hoeheres-sterbe-und-demenzrisiko-bei-sozialer-isolation\\\/#primaryimage\"},\"thumbnailUrl\":\"https:\\\/\\\/digidem-bayern.de\\\/wp-content\\\/uploads\\\/2022\\\/10\\\/02-aba-shutterstock_554072923.jpg\",\"keywords\":[\"Alzheimer\",\"Demenz\",\"Demenzrisiko\",\"Depression\",\"digidem\",\"digidem Bayern\",\"Digitales Demenzregister Bayern\",\"Einsamkeit\",\"Fr\u00fchindikator\",\"Gehirnregion\",\"soziale isolation\",\"Sterberisiko\"],\"articleSection\":[\"Wissenschaft &amp; Forschung\"],\"inLanguage\":\"en-US\",\"potentialAction\":[{\"@type\":\"CommentAction\",\"name\":\"Comment\",\"target\":[\"https:\\\/\\\/digidem-bayern.de\\\/hoeheres-sterbe-und-demenzrisiko-bei-sozialer-isolation\\\/#respond\"]}]},{\"@type\":\"WebPage\",\"@id\":\"https:\\\/\\\/digidem-bayern.de\\\/hoeheres-sterbe-und-demenzrisiko-bei-sozialer-isolation\\\/\",\"url\":\"https:\\\/\\\/digidem-bayern.de\\\/hoeheres-sterbe-und-demenzrisiko-bei-sozialer-isolation\\\/\",\"name\":\"H\u00f6heres Sterbe- und Demenzrisiko bei sozialer Isolation\u00a0 - digiDEM Bayern\",\"isPartOf\":{\"@id\":\"\\\/#website\"},\"primaryImageOfPage\":{\"@id\":\"https:\\\/\\\/digidem-bayern.de\\\/hoeheres-sterbe-und-demenzrisiko-bei-sozialer-isolation\\\/#primaryimage\"},\"image\":{\"@id\":\"https:\\\/\\\/digidem-bayern.de\\\/hoeheres-sterbe-und-demenzrisiko-bei-sozialer-isolation\\\/#primaryimage\"},\"thumbnailUrl\":\"https:\\\/\\\/digidem-bayern.de\\\/wp-content\\\/uploads\\\/2022\\\/10\\\/02-aba-shutterstock_554072923.jpg\",\"datePublished\":\"2022-10-14T07:35:00+00:00\",\"dateModified\":\"2022-10-14T11:11:01+00:00\",\"description\":\"Der Bayerische Landesapothekerkammer unterst\u00fctzt digiDEM Bayern mit Hilfe des Netzwerks \\\"Demenzfreundliche Apotheken\\\".\",\"breadcrumb\":{\"@id\":\"https:\\\/\\\/digidem-bayern.de\\\/hoeheres-sterbe-und-demenzrisiko-bei-sozialer-isolation\\\/#breadcrumb\"},\"inLanguage\":\"en-US\",\"potentialAction\":[{\"@type\":\"ReadAction\",\"target\":[\"https:\\\/\\\/digidem-bayern.de\\\/hoeheres-sterbe-und-demenzrisiko-bei-sozialer-isolation\\\/\"]}]},{\"@type\":\"ImageObject\",\"inLanguage\":\"en-US\",\"@id\":\"https:\\\/\\\/digidem-bayern.de\\\/hoeheres-sterbe-und-demenzrisiko-bei-sozialer-isolation\\\/#primaryimage\",\"url\":\"https:\\\/\\\/digidem-bayern.de\\\/wp-content\\\/uploads\\\/2022\\\/10\\\/02-aba-shutterstock_554072923.jpg\",\"contentUrl\":\"https:\\\/\\\/digidem-bayern.de\\\/wp-content\\\/uploads\\\/2022\\\/10\\\/02-aba-shutterstock_554072923.jpg\",\"width\":1000,\"height\":667,\"caption\":\"Foto: Shutterstock\"},{\"@type\":\"BreadcrumbList\",\"@id\":\"https:\\\/\\\/digidem-bayern.de\\\/hoeheres-sterbe-und-demenzrisiko-bei-sozialer-isolation\\\/#breadcrumb\",\"itemListElement\":[{\"@type\":\"ListItem\",\"position\":1,\"name\":\"Startseite\",\"item\":\"https:\\\/\\\/digidem-bayern.de\\\/\"},{\"@type\":\"ListItem\",\"position\":2,\"name\":\"H\u00f6heres Sterbe- und Demenzrisiko bei sozialer Isolation\u00a0\"}]},{\"@type\":\"WebSite\",\"@id\":\"\\\/#website\",\"url\":\"\\\/\",\"name\":\"digiDEM Bayern\",\"description\":\"Das digitale Demenzregister Bayern erforscht und verbessert die Angebotsstuktur f\u00fcr Menschen mit Demenz und deren Angeh\u00f6rige\",\"publisher\":{\"@id\":\"\\\/#organization\"},\"potentialAction\":[{\"@type\":\"SearchAction\",\"target\":{\"@type\":\"EntryPoint\",\"urlTemplate\":\"\\\/?s={search_term_string}\"},\"query-input\":{\"@type\":\"PropertyValueSpecification\",\"valueRequired\":true,\"valueName\":\"search_term_string\"}}],\"inLanguage\":\"en-US\"},{\"@type\":\"Organization\",\"@id\":\"\\\/#organization\",\"name\":\"digiDEM Bayern\",\"url\":\"\\\/\",\"logo\":{\"@type\":\"ImageObject\",\"inLanguage\":\"en-US\",\"@id\":\"\\\/#\\\/schema\\\/logo\\\/image\\\/\",\"url\":\"https:\\\/\\\/digidem-bayern.de\\\/wp-content\\\/uploads\\\/2022\\\/03\\\/cropped-Allgemeines_digiDEMLOGO-removebg-preview.png\",\"contentUrl\":\"https:\\\/\\\/digidem-bayern.de\\\/wp-content\\\/uploads\\\/2022\\\/03\\\/cropped-Allgemeines_digiDEMLOGO-removebg-preview.png\",\"width\":612,\"height\":357,\"caption\":\"digiDEM Bayern\"},\"image\":{\"@id\":\"\\\/#\\\/schema\\\/logo\\\/image\\\/\"},\"sameAs\":[\"https:\\\/\\\/www.facebook.com\\\/digiDEMBayern\\\/\",\"https:\\\/\\\/x.com\\\/digidem_bayern\",\"https:\\\/\\\/www.instagram.com\\\/digidem.bayern\",\"https:\\\/\\\/www.linkedin.com\\\/company\\\/digidem-bayern\\\/\"]},{\"@type\":\"Person\",\"@id\":\"\\\/#\\\/schema\\\/person\\\/0bc1494f46fc2a051c761322a80e0941\",\"name\":\"Ilona H\u00f6rath\",\"url\":\"https:\\\/\\\/digidem-bayern.de\\\/en\\\/author\\\/hoeratia\\\/\"}]}<\/script>\n<!-- \/ Yoast SEO plugin. -->","yoast_head_json":{"title":"H\u00f6heres Sterbe- und Demenzrisiko bei sozialer Isolation\u00a0 - digiDEM Bayern","description":"Der Bayerische Landesapothekerkammer unterst\u00fctzt digiDEM Bayern mit Hilfe des Netzwerks \"Demenzfreundliche Apotheken\".","robots":{"index":"index","follow":"follow","max-snippet":"max-snippet:-1","max-image-preview":"max-image-preview:large","max-video-preview":"max-video-preview:-1"},"canonical":"https:\/\/digidem-bayern.de\/en\/hoeheres-sterbe-und-demenzrisiko-bei-sozialer-isolation\/","og_locale":"en_US","og_type":"article","og_title":"H\u00f6heres Sterbe- und Demenzrisiko bei sozialer Isolation\u00a0 - digiDEM Bayern","og_description":"Der Bayerische Landesapothekerkammer unterst\u00fctzt digiDEM Bayern mit Hilfe des Netzwerks \"Demenzfreundliche Apotheken\".","og_url":"https:\/\/digidem-bayern.de\/en\/hoeheres-sterbe-und-demenzrisiko-bei-sozialer-isolation\/","og_site_name":"digiDEM Bayern","article_publisher":"https:\/\/www.facebook.com\/digiDEMBayern\/","article_published_time":"2022-10-14T07:35:00+00:00","article_modified_time":"2022-10-14T11:11:01+00:00","og_image":[{"width":1000,"height":667,"url":"https:\/\/digidem-bayern.de\/wp-content\/uploads\/2022\/10\/02-aba-shutterstock_554072923.jpg","type":"image\/jpeg"}],"author":"Ilona H\u00f6rath","twitter_misc":{"Written by":"Ilona H\u00f6rath","Est. reading time":"2 minutes"},"schema":{"@context":"https:\/\/schema.org","@graph":[{"@type":"Article","@id":"https:\/\/digidem-bayern.de\/hoeheres-sterbe-und-demenzrisiko-bei-sozialer-isolation\/#article","isPartOf":{"@id":"https:\/\/digidem-bayern.de\/hoeheres-sterbe-und-demenzrisiko-bei-sozialer-isolation\/"},"author":{"name":"Ilona H\u00f6rath","@id":"\/#\/schema\/person\/0bc1494f46fc2a051c761322a80e0941"},"headline":"H\u00f6heres Sterbe- und Demenzrisiko bei sozialer Isolation\u00a0","datePublished":"2022-10-14T07:35:00+00:00","dateModified":"2022-10-14T11:11:01+00:00","mainEntityOfPage":{"@id":"https:\/\/digidem-bayern.de\/hoeheres-sterbe-und-demenzrisiko-bei-sozialer-isolation\/"},"wordCount":506,"commentCount":0,"publisher":{"@id":"\/#organization"},"image":{"@id":"https:\/\/digidem-bayern.de\/hoeheres-sterbe-und-demenzrisiko-bei-sozialer-isolation\/#primaryimage"},"thumbnailUrl":"https:\/\/digidem-bayern.de\/wp-content\/uploads\/2022\/10\/02-aba-shutterstock_554072923.jpg","keywords":["Alzheimer","Demenz","Demenzrisiko","Depression","digidem","digidem Bayern","Digitales Demenzregister Bayern","Einsamkeit","Fr\u00fchindikator","Gehirnregion","soziale isolation","Sterberisiko"],"articleSection":["Wissenschaft &amp; Forschung"],"inLanguage":"en-US","potentialAction":[{"@type":"CommentAction","name":"Comment","target":["https:\/\/digidem-bayern.de\/hoeheres-sterbe-und-demenzrisiko-bei-sozialer-isolation\/#respond"]}]},{"@type":"WebPage","@id":"https:\/\/digidem-bayern.de\/hoeheres-sterbe-und-demenzrisiko-bei-sozialer-isolation\/","url":"https:\/\/digidem-bayern.de\/hoeheres-sterbe-und-demenzrisiko-bei-sozialer-isolation\/","name":"H\u00f6heres Sterbe- und Demenzrisiko bei sozialer Isolation\u00a0 - digiDEM Bayern","isPartOf":{"@id":"\/#website"},"primaryImageOfPage":{"@id":"https:\/\/digidem-bayern.de\/hoeheres-sterbe-und-demenzrisiko-bei-sozialer-isolation\/#primaryimage"},"image":{"@id":"https:\/\/digidem-bayern.de\/hoeheres-sterbe-und-demenzrisiko-bei-sozialer-isolation\/#primaryimage"},"thumbnailUrl":"https:\/\/digidem-bayern.de\/wp-content\/uploads\/2022\/10\/02-aba-shutterstock_554072923.jpg","datePublished":"2022-10-14T07:35:00+00:00","dateModified":"2022-10-14T11:11:01+00:00","description":"Der Bayerische Landesapothekerkammer unterst\u00fctzt digiDEM Bayern mit Hilfe des Netzwerks \"Demenzfreundliche Apotheken\".","breadcrumb":{"@id":"https:\/\/digidem-bayern.de\/hoeheres-sterbe-und-demenzrisiko-bei-sozialer-isolation\/#breadcrumb"},"inLanguage":"en-US","potentialAction":[{"@type":"ReadAction","target":["https:\/\/digidem-bayern.de\/hoeheres-sterbe-und-demenzrisiko-bei-sozialer-isolation\/"]}]},{"@type":"ImageObject","inLanguage":"en-US","@id":"https:\/\/digidem-bayern.de\/hoeheres-sterbe-und-demenzrisiko-bei-sozialer-isolation\/#primaryimage","url":"https:\/\/digidem-bayern.de\/wp-content\/uploads\/2022\/10\/02-aba-shutterstock_554072923.jpg","contentUrl":"https:\/\/digidem-bayern.de\/wp-content\/uploads\/2022\/10\/02-aba-shutterstock_554072923.jpg","width":1000,"height":667,"caption":"Foto: Shutterstock"},{"@type":"BreadcrumbList","@id":"https:\/\/digidem-bayern.de\/hoeheres-sterbe-und-demenzrisiko-bei-sozialer-isolation\/#breadcrumb","itemListElement":[{"@type":"ListItem","position":1,"name":"Startseite","item":"https:\/\/digidem-bayern.de\/"},{"@type":"ListItem","position":2,"name":"H\u00f6heres Sterbe- und Demenzrisiko bei sozialer Isolation\u00a0"}]},{"@type":"WebSite","@id":"\/#website","url":"\/","name":"digiDEM Bavaria","description":"The digital dementia register in Bavaria researches and improves the structure of services for people with dementia and their relatives","publisher":{"@id":"\/#organization"},"potentialAction":[{"@type":"SearchAction","target":{"@type":"EntryPoint","urlTemplate":"\/?s={search_term_string}"},"query-input":{"@type":"PropertyValueSpecification","valueRequired":true,"valueName":"search_term_string"}}],"inLanguage":"en-US"},{"@type":"Organization","@id":"\/#organization","name":"digiDEM Bavaria","url":"\/","logo":{"@type":"ImageObject","inLanguage":"en-US","@id":"\/#\/schema\/logo\/image\/","url":"https:\/\/digidem-bayern.de\/wp-content\/uploads\/2022\/03\/cropped-Allgemeines_digiDEMLOGO-removebg-preview.png","contentUrl":"https:\/\/digidem-bayern.de\/wp-content\/uploads\/2022\/03\/cropped-Allgemeines_digiDEMLOGO-removebg-preview.png","width":612,"height":357,"caption":"digiDEM Bayern"},"image":{"@id":"\/#\/schema\/logo\/image\/"},"sameAs":["https:\/\/www.facebook.com\/digiDEMBayern\/","https:\/\/x.com\/digidem_bayern","https:\/\/www.instagram.com\/digidem.bayern","https:\/\/www.linkedin.com\/company\/digidem-bayern\/"]},{"@type":"Person","@id":"\/#\/schema\/person\/0bc1494f46fc2a051c761322a80e0941","name":"Ilona H\u00f6rath","url":"https:\/\/digidem-bayern.de\/en\/author\/hoeratia\/"}]}},"uagb_featured_image_src":{"full":["https:\/\/digidem-bayern.de\/wp-content\/uploads\/2022\/10\/02-aba-shutterstock_554072923.jpg",1000,667,false],"thumbnail":["https:\/\/digidem-bayern.de\/wp-content\/uploads\/2022\/10\/02-aba-shutterstock_554072923-80x80.jpg",80,80,true],"medium":["https:\/\/digidem-bayern.de\/wp-content\/uploads\/2022\/10\/02-aba-shutterstock_554072923-300x200.jpg",300,200,true],"medium_large":["https:\/\/digidem-bayern.de\/wp-content\/uploads\/2022\/10\/02-aba-shutterstock_554072923-768x512.jpg",768,512,true],"large":["https:\/\/digidem-bayern.de\/wp-content\/uploads\/2022\/10\/02-aba-shutterstock_554072923.jpg",1000,667,false],"1536x1536":["https:\/\/digidem-bayern.de\/wp-content\/uploads\/2022\/10\/02-aba-shutterstock_554072923.jpg",1000,667,false],"2048x2048":["https:\/\/digidem-bayern.de\/wp-content\/uploads\/2022\/10\/02-aba-shutterstock_554072923.jpg",1000,667,false],"trp-custom-language-flag":["https:\/\/digidem-bayern.de\/wp-content\/uploads\/2022\/10\/02-aba-shutterstock_554072923.jpg",18,12,false],"qubely_landscape":["https:\/\/digidem-bayern.de\/wp-content\/uploads\/2022\/10\/02-aba-shutterstock_554072923.jpg",1000,667,false],"qubely_portrait":["https:\/\/digidem-bayern.de\/wp-content\/uploads\/2022\/10\/02-aba-shutterstock_554072923-540x320.jpg",540,320,true],"qubely_thumbnail":["https:\/\/digidem-bayern.de\/wp-content\/uploads\/2022\/10\/02-aba-shutterstock_554072923-140x100.jpg",140,100,true],"post-thumbnail":["https:\/\/digidem-bayern.de\/wp-content\/uploads\/2022\/10\/02-aba-shutterstock_554072923-525x350.jpg",525,350,true],"kahuna-featured":["https:\/\/digidem-bayern.de\/wp-content\/uploads\/2022\/10\/02-aba-shutterstock_554072923-734x350.jpg",734,350,true],"kahuna-featured-lp":["https:\/\/digidem-bayern.de\/wp-content\/uploads\/2022\/10\/02-aba-shutterstock_554072923-520x350.jpg",520,350,true],"kahuna-featured-half":["https:\/\/digidem-bayern.de\/wp-content\/uploads\/2022\/10\/02-aba-shutterstock_554072923-800x350.jpg",800,350,true],"kahuna-featured-third":["https:\/\/digidem-bayern.de\/wp-content\/uploads\/2022\/10\/02-aba-shutterstock_554072923-512x350.jpg",512,350,true],"kahuna-lpbox-1":["https:\/\/digidem-bayern.de\/wp-content\/uploads\/2022\/10\/02-aba-shutterstock_554072923-520x300.jpg",520,300,true],"kahuna-lpbox-2":["https:\/\/digidem-bayern.de\/wp-content\/uploads\/2022\/10\/02-aba-shutterstock_554072923-520x350.jpg",520,350,true],"demand-language-flag":["https:\/\/digidem-bayern.de\/wp-content\/uploads\/2022\/10\/02-aba-shutterstock_554072923.jpg",36,24,false],"dddkt-language-flag":["https:\/\/digidem-bayern.de\/wp-content\/uploads\/2022\/10\/02-aba-shutterstock_554072923-36x36.jpg",36,36,true],"ddiqc-language-flag":["https:\/\/digidem-bayern.de\/wp-content\/uploads\/2022\/10\/02-aba-shutterstock_554072923-36x36.jpg",36,36,true],"ddtl-language-flag":["https:\/\/digidem-bayern.de\/wp-content\/uploads\/2022\/10\/02-aba-shutterstock_554072923-36x36.jpg",36,36,true],"mailpoet_newsletter_max":["https:\/\/digidem-bayern.de\/wp-content\/uploads\/2022\/10\/02-aba-shutterstock_554072923.jpg",1000,667,false],"kahuna-lpbox-3":["https:\/\/digidem-bayern.de\/wp-content\/uploads\/2022\/10\/02-aba-shutterstock_554072923-520x350.jpg",520,350,true],"kahuna-featured-square":["https:\/\/digidem-bayern.de\/wp-content\/uploads\/2022\/10\/02-aba-shutterstock_554072923-512x512.jpg",512,512,true],"kahuna-featured-square-large":["https:\/\/digidem-bayern.de\/wp-content\/uploads\/2022\/10\/02-aba-shutterstock_554072923.jpg",1000,667,false]},"uagb_author_info":{"display_name":"Ilona H\u00f6rath","author_link":"https:\/\/digidem-bayern.de\/en\/author\/hoeratia\/"},"uagb_comment_info":3,"uagb_excerpt":"Die soziale Integration \u00e4lterer Erwachsener sollte einen h\u00f6heren Stellenwert einnehmen. Dies w\u00fcnschen sich die Autor*innen einer schwedischen Studie. Darin haben sie&nbsp;den Zusammenhang von Einsamkeit und sozialer Isolation mit Sterblichkeit untersucht. Die Corona-Pandemie und die damit verbundenen Beschr\u00e4nkungen haben vielen Menschen vor Augen gef\u00fchrt, welche Folgen Einsamkeit und soziale Isolation haben &hellip;","_links":{"self":[{"href":"https:\/\/digidem-bayern.de\/en\/wp-json\/wp\/v2\/posts\/24070","targetHints":{"allow":["GET"]}}],"collection":[{"href":"https:\/\/digidem-bayern.de\/en\/wp-json\/wp\/v2\/posts"}],"about":[{"href":"https:\/\/digidem-bayern.de\/en\/wp-json\/wp\/v2\/types\/post"}],"author":[{"embeddable":true,"href":"https:\/\/digidem-bayern.de\/en\/wp-json\/wp\/v2\/users\/12"}],"replies":[{"embeddable":true,"href":"https:\/\/digidem-bayern.de\/en\/wp-json\/wp\/v2\/comments?post=24070"}],"version-history":[{"count":9,"href":"https:\/\/digidem-bayern.de\/en\/wp-json\/wp\/v2\/posts\/24070\/revisions"}],"predecessor-version":[{"id":24098,"href":"https:\/\/digidem-bayern.de\/en\/wp-json\/wp\/v2\/posts\/24070\/revisions\/24098"}],"wp:featuredmedia":[{"embeddable":true,"href":"https:\/\/digidem-bayern.de\/en\/wp-json\/wp\/v2\/media\/24060"}],"wp:attachment":[{"href":"https:\/\/digidem-bayern.de\/en\/wp-json\/wp\/v2\/media?parent=24070"}],"wp:term":[{"taxonomy":"category","embeddable":true,"href":"https:\/\/digidem-bayern.de\/en\/wp-json\/wp\/v2\/categories?post=24070"},{"taxonomy":"post_tag","embeddable":true,"href":"https:\/\/digidem-bayern.de\/en\/wp-json\/wp\/v2\/tags?post=24070"}],"curies":[{"name":"wp","href":"https:\/\/api.w.org\/{rel}","templated":true}]}}