{"id":24048,"date":"2022-10-13T14:11:40","date_gmt":"2022-10-13T12:11:40","guid":{"rendered":"https:\/\/digidem-bayern.de\/?p=24048"},"modified":"2023-05-11T15:14:05","modified_gmt":"2023-05-11T13:14:05","slug":"das-recht-auf-nicht-wissen-einer-demenzdiagnose-aus-medizinethischer-sicht","status":"publish","type":"post","link":"https:\/\/digidem-bayern.de\/en\/das-recht-auf-nicht-wissen-einer-demenzdiagnose-aus-medizinethischer-sicht\/","title":{"rendered":"Das Recht auf (Nicht-)Wissen einer Demenzdiagnose aus medizinethischer Sicht"},"content":{"rendered":"<p>F\u00fcr Demenzerkrankungen gibt es bisher keine Heilung. Lediglich die Symptome einer Demenz lassen sich nicht-medikament\u00f6s und medikament\u00f6s g\u00fcnstig beeinflussen. Daher stellt sich die Frage, ob sich m\u00f6gliche Betroffene \u00fcber die eigene Demenzdiagnose informieren lassen sollten oder nicht.<\/p>\n\n\n\n<p>Es gibt wissenschaftliche Gr\u00fcnde, die f\u00fcr eine zeitgerechte Diagnose sprechen. So k\u00f6nnen Betroffene beispielsweise die weitere Lebensplanung fr\u00fchzeitig organisieren und verschiedene Behandlungen in die Wege leiten. Andererseits k\u00f6nnen Betroffene das Recht auf Nichtwissen in Anspruch nehmen und sich somit zum Beispiel vor einer psychischen Belastung sch\u00fctzen.<\/p>\n\n\n\n<p>Prof. Dr. Martina Schmidhuber leitet das Institut f\u00fcr Health Care Ethics an der Karl-Franzens-Universit\u00e4t Graz und forscht seit vielen Jahren \u00fcber medizinethische Themen im Bereich der Demenz. Mit Ihrer Expertise wird sie im kommenden Webinar das F\u00fcr und Wider des Nichtwissens einer Demenzdiagnose abw\u00e4gen.<\/p>\n\n\n\n<div style=\"height:20px\" aria-hidden=\"true\" class=\"wp-block-spacer\"><\/div>\n\n\n\n<figure class=\"wp-block-embed is-type-video is-provider-youtube wp-block-embed-youtube wp-embed-aspect-16-9 wp-has-aspect-ratio\"><div class=\"wp-block-embed__wrapper\">\n<iframe loading=\"lazy\" title=\"Webinar: Das Recht auf (Nicht-)Wissen einer Demenzdiagnose aus medizinethischer Sicht\" width=\"1223\" height=\"688\" src=\"https:\/\/www.youtube.com\/embed\/QgIF4ykaj7A?feature=oembed\" frameborder=\"0\" allow=\"accelerometer; autoplay; clipboard-write; encrypted-media; gyroscope; picture-in-picture\" allowfullscreen><\/iframe>\n<\/div><\/figure>\n\n\n\n<div style=\"height:20px\" aria-hidden=\"true\" class=\"wp-block-spacer\"><\/div>\n\n\n\n<p class=\"has-text-align-center\"><strong>Hier gibt es das Webinar als PDF zum <a href=\"https:\/\/digidem-bayern.de\/wp-content\/uploads\/2022\/10\/2022-10-11_digiDEM-Webinar_Nr40_Copyright.pdf\" data-type=\"URL\" data-id=\"https:\/\/digidem-bayern.de\/wp-content\/uploads\/2022\/10\/2022-10-11_digiDEM-Webinar_Nr40_Copyright.pdf\">Download<\/a><\/strong><\/p>\n\n\n\n<p><\/p>\n\n\n\n<div style=\"height:20px\" aria-hidden=\"true\" class=\"wp-block-spacer\"><\/div>\n\n\n\n<h2 class=\"wp-block-heading has-text-align-center\" id=\"dienstag-08-02-2022-11-00-11-45-uhr\"><strong><strong>Dienstag, 11.10.2022, 11.00-11.45 Uhr<\/strong><\/strong><\/h2>\n\n\n\n<div class=\"wp-block-stackable-columns stk-block-columns stk-block stk-da36e1c\" data-block-id=\"da36e1c\"><div class=\"stk-row stk-inner-blocks stk-block-content stk-content-align stk-da36e1c-column\">\n<div class=\"wp-block-stackable-column stk-block-column stk-column stk-block stk-4740d03\" data-block-id=\"4740d03\"><div class=\"stk-column-wrapper stk-block-column__content stk-container stk-4740d03-container stk--no-background stk--no-padding\"><div class=\"stk-block-content stk-inner-blocks\">\n<div class=\"wp-block-group\"><div class=\"wp-block-group__inner-container is-layout-flow wp-block-group-is-layout-flow\">\n<div class=\"wp-block-uagb-team uagb-team__image-position-above uagb-team__align-center uagb-team__stack-tablet uagb-block-12048b2b\"><div class=\"uagb-team__content\"><img decoding=\"async\" class=\"uagb-team__image-crop-circle\" src=\"https:\/\/digidem-bayern.de\/wp-content\/uploads\/2022\/03\/Jana-Bild-Quadratisch2-80x80.jpeg\" alt=\"\" height=\"120\" width=\"120\" loading=\"lazy\"\/><h3 class=\"uagb-team__title\">Jana R\u00fchl<\/h3><span class=\"uagb-team__prefix\">Moderation<\/span><p class=\"uagb-team__desc\"><em>Wissenschaftliche Mitarbeiterin M. Sc.<\/em><\/p><\/div><\/div>\n<\/div><\/div>\n<\/div><\/div><\/div>\n\n\n\n<div class=\"wp-block-stackable-column stk-block-column stk-column stk-block stk-732e0c8\" data-block-id=\"732e0c8\"><div class=\"stk-column-wrapper stk-block-column__content stk-container stk-732e0c8-container stk--no-background stk--no-padding\"><div class=\"stk-block-content stk-inner-blocks\">\n<div class=\"wp-block-uagb-team uagb-team__image-position-above uagb-team__align-center uagb-team__stack-tablet uagb-block-cc29ee74\"><div class=\"uagb-team__content\"><img decoding=\"async\" class=\"uagb-team__image-crop-circle\" src=\"https:\/\/digidem-bayern.de\/wp-content\/uploads\/2021\/08\/AKE-80x80.png\" alt=\"\" height=\"120\" width=\"120\" loading=\"lazy\"\/><h3 class=\"uagb-team__title\">Anne Keefer<\/h3><span class=\"uagb-team__prefix\">Chatroom Betreuung<\/span><p class=\"uagb-team__desc\"><em>Wissenschaftliche Mitarbeiterin M. Sc.<\/em><\/p><\/div><\/div>\n<\/div><\/div><\/div>\n<\/div><\/div>\n\n\n\n<div style=\"height:20px\" aria-hidden=\"true\" class=\"wp-block-spacer\"><\/div>\n\n\n\n<div style=\"height:20px\" aria-hidden=\"true\" class=\"wp-block-spacer\"><\/div>\n\n\n\n<p>Sie interessieren Sich f\u00fcr weitere Webinare zu Themen aus der internationalen Demenz-Forschung? In unserer <a href=\"https:\/\/test.digidem-bayern.de\/science-watch-live\/\">Mediathek<\/a> finden Sie alle vergangenen Webinare als Video-Mitschnitte.<\/p>\n\n\n\n<p>Mit der Webinar-Reihe \u201eScience Watch LIVE\u201c bieten wir einen zus\u00e4tzlichen Service zu unserem monatlichen Newsletter <a href=\"https:\/\/test.digidem-bayern.de\/newsletter\/\">digiDEM Bayern Science Wa<\/a><a href=\"https:\/\/test.digidem-bayern.de\/newsletter-2\/\">tch<\/a>, in dem wir wissenschaftliche Erkenntnisse aus der Demenzforschung bereitstellen. &nbsp;<\/p>\n\n\n\n<p>Vor dem Hintergrund massenhaft verbreiteter Halbwahrheiten und Fake News,  ist evidenzbasierte Wissenschaft gefragt. Es ist wichtiger denn je, wissenschaftliche Erkenntnisse so zu vermitteln, dass sie f\u00fcr die Gesellschaft verst\u00e4ndlich sind und ein Austausch dar\u00fcber gef\u00f6rdert wird. Dazu m\u00f6chten wir als digiDEM Bayern-Projektteam beitragen, jetzt auch mit <strong><em>digiDEM Bayern Science Wach LIVE<\/em><\/strong>.<\/p>\n\n\n\n<p><\/p>","protected":false},"excerpt":{"rendered":"<p>F\u00fcr Demenzerkrankungen gibt es bisher keine Heilung. Lediglich die Symptome einer Demenz lassen sich nicht-medikament\u00f6s und medikament\u00f6s g\u00fcnstig beeinflussen. Daher stellt sich die Frage, ob sich m\u00f6gliche Betroffene \u00fcber die eigene Demenzdiagnose informieren lassen sollten oder nicht. Es gibt wissenschaftliche Gr\u00fcnde, die f\u00fcr eine zeitgerechte Diagnose sprechen. So k\u00f6nnen Betroffene &hellip;<\/p>","protected":false},"author":7,"featured_media":23923,"comment_status":"open","ping_status":"closed","sticky":false,"template":"","format":"standard","meta":{"qubely_global_settings":"true","qubely_interactions":"","_uag_custom_page_level_css":"","footnotes":""},"categories":[123],"tags":[13,12,95,14,17,55,526,533],"class_list":["post-24048","post","type-post","status-publish","format-standard","has-post-thumbnail","hentry","category-sciene-watch-live-archiv","tag-alzheimer","tag-demenz-2","tag-demenzforschung","tag-digidem","tag-digidem-bayern","tag-digitales-demenzregister-bayern","tag-medizinethik","tag-schmidhuber"],"qubely_featured_image_url":{"full":["https:\/\/digidem-bayern.de\/wp-content\/uploads\/2022\/10\/Recht-auf-Nichtwissen-shutterstock_1283501662.jpg",1000,667,false],"landscape":["https:\/\/digidem-bayern.de\/wp-content\/uploads\/2022\/10\/Recht-auf-Nichtwissen-shutterstock_1283501662.jpg",1000,667,false],"portraits":["https:\/\/digidem-bayern.de\/wp-content\/uploads\/2022\/10\/Recht-auf-Nichtwissen-shutterstock_1283501662-540x320.jpg",540,320,true],"thumbnail":["https:\/\/digidem-bayern.de\/wp-content\/uploads\/2022\/10\/Recht-auf-Nichtwissen-shutterstock_1283501662-80x80.jpg",80,80,true],"medium":["https:\/\/digidem-bayern.de\/wp-content\/uploads\/2022\/10\/Recht-auf-Nichtwissen-shutterstock_1283501662-300x200.jpg",300,200,true],"medium_large":["https:\/\/digidem-bayern.de\/wp-content\/uploads\/2022\/10\/Recht-auf-Nichtwissen-shutterstock_1283501662-768x512.jpg",768,512,true],"large":["https:\/\/digidem-bayern.de\/wp-content\/uploads\/2022\/10\/Recht-auf-Nichtwissen-shutterstock_1283501662.jpg",1000,667,false],"1536x1536":["https:\/\/digidem-bayern.de\/wp-content\/uploads\/2022\/10\/Recht-auf-Nichtwissen-shutterstock_1283501662.jpg",1000,667,false],"2048x2048":["https:\/\/digidem-bayern.de\/wp-content\/uploads\/2022\/10\/Recht-auf-Nichtwissen-shutterstock_1283501662.jpg",1000,667,false],"trp-custom-language-flag":["https:\/\/digidem-bayern.de\/wp-content\/uploads\/2022\/10\/Recht-auf-Nichtwissen-shutterstock_1283501662.jpg",18,12,false],"qubely_landscape":["https:\/\/digidem-bayern.de\/wp-content\/uploads\/2022\/10\/Recht-auf-Nichtwissen-shutterstock_1283501662.jpg",1000,667,false],"qubely_portrait":["https:\/\/digidem-bayern.de\/wp-content\/uploads\/2022\/10\/Recht-auf-Nichtwissen-shutterstock_1283501662-540x320.jpg",540,320,true],"qubely_thumbnail":["https:\/\/digidem-bayern.de\/wp-content\/uploads\/2022\/10\/Recht-auf-Nichtwissen-shutterstock_1283501662-140x100.jpg",140,100,true],"post-thumbnail":["https:\/\/digidem-bayern.de\/wp-content\/uploads\/2022\/10\/Recht-auf-Nichtwissen-shutterstock_1283501662-525x350.jpg",525,350,true],"kahuna-featured":["https:\/\/digidem-bayern.de\/wp-content\/uploads\/2022\/10\/Recht-auf-Nichtwissen-shutterstock_1283501662-734x350.jpg",734,350,true],"kahuna-featured-lp":["https:\/\/digidem-bayern.de\/wp-content\/uploads\/2022\/10\/Recht-auf-Nichtwissen-shutterstock_1283501662-520x350.jpg",520,350,true],"kahuna-featured-half":["https:\/\/digidem-bayern.de\/wp-content\/uploads\/2022\/10\/Recht-auf-Nichtwissen-shutterstock_1283501662-800x350.jpg",800,350,true],"kahuna-featured-third":["https:\/\/digidem-bayern.de\/wp-content\/uploads\/2022\/10\/Recht-auf-Nichtwissen-shutterstock_1283501662-512x350.jpg",512,350,true],"kahuna-lpbox-1":["https:\/\/digidem-bayern.de\/wp-content\/uploads\/2022\/10\/Recht-auf-Nichtwissen-shutterstock_1283501662-520x300.jpg",520,300,true],"kahuna-lpbox-2":["https:\/\/digidem-bayern.de\/wp-content\/uploads\/2022\/10\/Recht-auf-Nichtwissen-shutterstock_1283501662-520x350.jpg",520,350,true],"demand-language-flag":["https:\/\/digidem-bayern.de\/wp-content\/uploads\/2022\/10\/Recht-auf-Nichtwissen-shutterstock_1283501662.jpg",36,24,false],"dddkt-language-flag":["https:\/\/digidem-bayern.de\/wp-content\/uploads\/2022\/10\/Recht-auf-Nichtwissen-shutterstock_1283501662-36x36.jpg",36,36,true],"ddiqc-language-flag":["https:\/\/digidem-bayern.de\/wp-content\/uploads\/2022\/10\/Recht-auf-Nichtwissen-shutterstock_1283501662-36x36.jpg",36,36,true],"ddtl-language-flag":["https:\/\/digidem-bayern.de\/wp-content\/uploads\/2022\/10\/Recht-auf-Nichtwissen-shutterstock_1283501662-36x36.jpg",36,36,true],"mailpoet_newsletter_max":["https:\/\/digidem-bayern.de\/wp-content\/uploads\/2022\/10\/Recht-auf-Nichtwissen-shutterstock_1283501662.jpg",1000,667,false],"kahuna-lpbox-3":["https:\/\/digidem-bayern.de\/wp-content\/uploads\/2022\/10\/Recht-auf-Nichtwissen-shutterstock_1283501662-520x350.jpg",520,350,true],"kahuna-featured-square":["https:\/\/digidem-bayern.de\/wp-content\/uploads\/2022\/10\/Recht-auf-Nichtwissen-shutterstock_1283501662-512x512.jpg",512,512,true],"kahuna-featured-square-large":["https:\/\/digidem-bayern.de\/wp-content\/uploads\/2022\/10\/Recht-auf-Nichtwissen-shutterstock_1283501662.jpg",1000,667,false]},"qubely_author":{"display_name":"Anne Keefer","author_link":"https:\/\/digidem-bayern.de\/en\/author\/ag-webinar\/"},"qubely_comment":0,"qubely_category":"<a href=\"https:\/\/digidem-bayern.de\/en\/category\/sciene-watch-live-archiv\/\" rel=\"category tag\">Sciene Watch Live ARCHIV<\/a>","qubely_excerpt":"F\u00fcr Demenzerkrankungen gibt es bisher keine Heilung. Lediglich die Symptome einer Demenz lassen sich nicht-medikament\u00f6s und medikament\u00f6s g\u00fcnstig beeinflussen. Daher stellt sich die Frage, ob sich m\u00f6gliche Betroffene \u00fcber die eigene Demenzdiagnose informieren lassen sollten oder nicht. Es gibt wissenschaftliche Gr\u00fcnde, die f\u00fcr eine zeitgerechte Diagnose sprechen. So k\u00f6nnen Betroffene &hellip;","featured_image_urls_v2":{"full":["https:\/\/digidem-bayern.de\/wp-content\/uploads\/2022\/10\/Recht-auf-Nichtwissen-shutterstock_1283501662.jpg",1000,667,false],"thumbnail":["https:\/\/digidem-bayern.de\/wp-content\/uploads\/2022\/10\/Recht-auf-Nichtwissen-shutterstock_1283501662-80x80.jpg",80,80,true],"medium":["https:\/\/digidem-bayern.de\/wp-content\/uploads\/2022\/10\/Recht-auf-Nichtwissen-shutterstock_1283501662-300x200.jpg",300,200,true],"medium_large":["https:\/\/digidem-bayern.de\/wp-content\/uploads\/2022\/10\/Recht-auf-Nichtwissen-shutterstock_1283501662-768x512.jpg",768,512,true],"large":["https:\/\/digidem-bayern.de\/wp-content\/uploads\/2022\/10\/Recht-auf-Nichtwissen-shutterstock_1283501662.jpg",1000,667,false],"1536x1536":["https:\/\/digidem-bayern.de\/wp-content\/uploads\/2022\/10\/Recht-auf-Nichtwissen-shutterstock_1283501662.jpg",1000,667,false],"2048x2048":["https:\/\/digidem-bayern.de\/wp-content\/uploads\/2022\/10\/Recht-auf-Nichtwissen-shutterstock_1283501662.jpg",1000,667,false],"trp-custom-language-flag":["https:\/\/digidem-bayern.de\/wp-content\/uploads\/2022\/10\/Recht-auf-Nichtwissen-shutterstock_1283501662.jpg",18,12,false],"qubely_landscape":["https:\/\/digidem-bayern.de\/wp-content\/uploads\/2022\/10\/Recht-auf-Nichtwissen-shutterstock_1283501662.jpg",1000,667,false],"qubely_portrait":["https:\/\/digidem-bayern.de\/wp-content\/uploads\/2022\/10\/Recht-auf-Nichtwissen-shutterstock_1283501662-540x320.jpg",540,320,true],"qubely_thumbnail":["https:\/\/digidem-bayern.de\/wp-content\/uploads\/2022\/10\/Recht-auf-Nichtwissen-shutterstock_1283501662-140x100.jpg",140,100,true],"post-thumbnail":["https:\/\/digidem-bayern.de\/wp-content\/uploads\/2022\/10\/Recht-auf-Nichtwissen-shutterstock_1283501662-525x350.jpg",525,350,true],"kahuna-featured":["https:\/\/digidem-bayern.de\/wp-content\/uploads\/2022\/10\/Recht-auf-Nichtwissen-shutterstock_1283501662-734x350.jpg",734,350,true],"kahuna-featured-lp":["https:\/\/digidem-bayern.de\/wp-content\/uploads\/2022\/10\/Recht-auf-Nichtwissen-shutterstock_1283501662-520x350.jpg",520,350,true],"kahuna-featured-half":["https:\/\/digidem-bayern.de\/wp-content\/uploads\/2022\/10\/Recht-auf-Nichtwissen-shutterstock_1283501662-800x350.jpg",800,350,true],"kahuna-featured-third":["https:\/\/digidem-bayern.de\/wp-content\/uploads\/2022\/10\/Recht-auf-Nichtwissen-shutterstock_1283501662-512x350.jpg",512,350,true],"kahuna-lpbox-1":["https:\/\/digidem-bayern.de\/wp-content\/uploads\/2022\/10\/Recht-auf-Nichtwissen-shutterstock_1283501662-520x300.jpg",520,300,true],"kahuna-lpbox-2":["https:\/\/digidem-bayern.de\/wp-content\/uploads\/2022\/10\/Recht-auf-Nichtwissen-shutterstock_1283501662-520x350.jpg",520,350,true],"demand-language-flag":["https:\/\/digidem-bayern.de\/wp-content\/uploads\/2022\/10\/Recht-auf-Nichtwissen-shutterstock_1283501662.jpg",36,24,false],"dddkt-language-flag":["https:\/\/digidem-bayern.de\/wp-content\/uploads\/2022\/10\/Recht-auf-Nichtwissen-shutterstock_1283501662-36x36.jpg",36,36,true],"ddiqc-language-flag":["https:\/\/digidem-bayern.de\/wp-content\/uploads\/2022\/10\/Recht-auf-Nichtwissen-shutterstock_1283501662-36x36.jpg",36,36,true],"ddtl-language-flag":["https:\/\/digidem-bayern.de\/wp-content\/uploads\/2022\/10\/Recht-auf-Nichtwissen-shutterstock_1283501662-36x36.jpg",36,36,true],"mailpoet_newsletter_max":["https:\/\/digidem-bayern.de\/wp-content\/uploads\/2022\/10\/Recht-auf-Nichtwissen-shutterstock_1283501662.jpg",1000,667,false],"kahuna-lpbox-3":["https:\/\/digidem-bayern.de\/wp-content\/uploads\/2022\/10\/Recht-auf-Nichtwissen-shutterstock_1283501662-520x350.jpg",520,350,true],"kahuna-featured-square":["https:\/\/digidem-bayern.de\/wp-content\/uploads\/2022\/10\/Recht-auf-Nichtwissen-shutterstock_1283501662-512x512.jpg",512,512,true],"kahuna-featured-square-large":["https:\/\/digidem-bayern.de\/wp-content\/uploads\/2022\/10\/Recht-auf-Nichtwissen-shutterstock_1283501662.jpg",1000,667,false]},"post_excerpt_stackable_v2":"<p>F\u00fcr Demenzerkrankungen gibt es bisher keine Heilung. Lediglich die Symptome einer Demenz lassen sich nicht-medikament\u00f6s und medikament\u00f6s g\u00fcnstig beeinflussen. Daher stellt sich die Frage, ob sich m\u00f6gliche Betroffene \u00fcber die eigene Demenzdiagnose informieren lassen sollten oder nicht. Es gibt wissenschaftliche Gr\u00fcnde, die f\u00fcr eine zeitgerechte Diagnose sprechen. So k\u00f6nnen Betroffene beispielsweise die weitere Lebensplanung fr\u00fchzeitig organisieren und verschiedene Behandlungen in die Wege leiten. Andererseits k\u00f6nnen Betroffene das Recht auf Nichtwissen in Anspruch nehmen und sich somit zum Beispiel vor einer psychischen Belastung sch\u00fctzen. Prof. Dr. Martina Schmidhuber leitet das Institut f\u00fcr Health Care Ethics an der Karl-Franzens-Universit\u00e4t Graz und forscht&hellip;<\/p>\n","category_list_v2":"<a href=\"https:\/\/digidem-bayern.de\/en\/category\/sciene-watch-live-archiv\/\" rel=\"category tag\">Sciene Watch Live ARCHIV<\/a>","author_info_v2":{"name":"Anne Keefer","url":"https:\/\/digidem-bayern.de\/en\/author\/ag-webinar\/"},"comments_num_v2":"0 comments","yoast_head":"<!-- This site is optimized with the Yoast SEO plugin v27.4 - https:\/\/yoast.com\/product\/yoast-seo-wordpress\/ -->\n<title>Das Recht auf (Nicht-)Wissen einer Demenzdiagnose aus medizinethischer Sicht - digiDEM Bayern<\/title>\n<meta name=\"description\" content=\"Im Webinar &quot;digiDEM Bayern Science Watch LIVE&quot; behandeln Wissenschaftler ein Thema aus der Demenzforschung und stehen live f\u00fcr Fragen zur Verf\u00fcgung.\" \/>\n<meta name=\"robots\" content=\"index, follow, max-snippet:-1, max-image-preview:large, max-video-preview:-1\" \/>\n<link rel=\"canonical\" href=\"https:\/\/digidem-bayern.de\/en\/das-recht-auf-nicht-wissen-einer-demenzdiagnose-aus-medizinethischer-sicht\/\" \/>\n<meta property=\"og:locale\" content=\"en_US\" \/>\n<meta property=\"og:type\" content=\"article\" \/>\n<meta property=\"og:title\" content=\"Das Recht auf (Nicht-)Wissen einer Demenzdiagnose aus medizinethischer Sicht - digiDEM Bayern\" \/>\n<meta property=\"og:description\" content=\"Im Webinar &quot;digiDEM Bayern Science Watch LIVE&quot; behandeln Wissenschaftler ein Thema aus der Demenzforschung und stehen live f\u00fcr Fragen zur Verf\u00fcgung.\" \/>\n<meta property=\"og:url\" content=\"https:\/\/digidem-bayern.de\/en\/das-recht-auf-nicht-wissen-einer-demenzdiagnose-aus-medizinethischer-sicht\/\" \/>\n<meta property=\"og:site_name\" content=\"digiDEM Bayern\" \/>\n<meta property=\"article:publisher\" content=\"https:\/\/www.facebook.com\/digiDEMBayern\/\" \/>\n<meta property=\"article:published_time\" content=\"2022-10-13T12:11:40+00:00\" \/>\n<meta property=\"article:modified_time\" content=\"2023-05-11T13:14:05+00:00\" \/>\n<meta property=\"og:image\" content=\"https:\/\/digidem-bayern.de\/wp-content\/uploads\/2022\/10\/Recht-auf-Nichtwissen-shutterstock_1283501662.jpg\" \/>\n\t<meta property=\"og:image:width\" content=\"1000\" \/>\n\t<meta property=\"og:image:height\" content=\"667\" \/>\n\t<meta property=\"og:image:type\" content=\"image\/jpeg\" \/>\n<meta name=\"author\" content=\"Anne Keefer\" \/>\n<meta name=\"twitter:label1\" content=\"Written by\" \/>\n\t<meta name=\"twitter:data1\" content=\"Anne Keefer\" \/>\n\t<meta name=\"twitter:label2\" content=\"Est. reading time\" \/>\n\t<meta name=\"twitter:data2\" content=\"3 minutes\" \/>\n<script type=\"application\/ld+json\" class=\"yoast-schema-graph\">{\"@context\":\"https:\\\/\\\/schema.org\",\"@graph\":[{\"@type\":\"Article\",\"@id\":\"https:\\\/\\\/digidem-bayern.de\\\/das-recht-auf-nicht-wissen-einer-demenzdiagnose-aus-medizinethischer-sicht\\\/#article\",\"isPartOf\":{\"@id\":\"https:\\\/\\\/digidem-bayern.de\\\/das-recht-auf-nicht-wissen-einer-demenzdiagnose-aus-medizinethischer-sicht\\\/\"},\"author\":{\"name\":\"Anne Keefer\",\"@id\":\"\\\/#\\\/schema\\\/person\\\/0e8781e0653d1a8e57ca55bd2c3cb01f\"},\"headline\":\"Das Recht auf (Nicht-)Wissen einer Demenzdiagnose aus medizinethischer Sicht\",\"datePublished\":\"2022-10-13T12:11:40+00:00\",\"dateModified\":\"2023-05-11T13:14:05+00:00\",\"mainEntityOfPage\":{\"@id\":\"https:\\\/\\\/digidem-bayern.de\\\/das-recht-auf-nicht-wissen-einer-demenzdiagnose-aus-medizinethischer-sicht\\\/\"},\"wordCount\":296,\"commentCount\":0,\"publisher\":{\"@id\":\"\\\/#organization\"},\"image\":{\"@id\":\"https:\\\/\\\/digidem-bayern.de\\\/das-recht-auf-nicht-wissen-einer-demenzdiagnose-aus-medizinethischer-sicht\\\/#primaryimage\"},\"thumbnailUrl\":\"https:\\\/\\\/digidem-bayern.de\\\/wp-content\\\/uploads\\\/2022\\\/10\\\/Recht-auf-Nichtwissen-shutterstock_1283501662.jpg\",\"keywords\":[\"Alzheimer\",\"Demenz\",\"Demenzforschung\",\"digidem\",\"digidem Bayern\",\"Digitales Demenzregister Bayern\",\"Medizinethik\",\"Schmidhuber\"],\"articleSection\":[\"Sciene Watch Live ARCHIV\"],\"inLanguage\":\"en-US\",\"potentialAction\":[{\"@type\":\"CommentAction\",\"name\":\"Comment\",\"target\":[\"https:\\\/\\\/digidem-bayern.de\\\/das-recht-auf-nicht-wissen-einer-demenzdiagnose-aus-medizinethischer-sicht\\\/#respond\"]}]},{\"@type\":\"WebPage\",\"@id\":\"https:\\\/\\\/digidem-bayern.de\\\/das-recht-auf-nicht-wissen-einer-demenzdiagnose-aus-medizinethischer-sicht\\\/\",\"url\":\"https:\\\/\\\/digidem-bayern.de\\\/das-recht-auf-nicht-wissen-einer-demenzdiagnose-aus-medizinethischer-sicht\\\/\",\"name\":\"Das Recht auf (Nicht-)Wissen einer Demenzdiagnose aus medizinethischer Sicht - digiDEM Bayern\",\"isPartOf\":{\"@id\":\"\\\/#website\"},\"primaryImageOfPage\":{\"@id\":\"https:\\\/\\\/digidem-bayern.de\\\/das-recht-auf-nicht-wissen-einer-demenzdiagnose-aus-medizinethischer-sicht\\\/#primaryimage\"},\"image\":{\"@id\":\"https:\\\/\\\/digidem-bayern.de\\\/das-recht-auf-nicht-wissen-einer-demenzdiagnose-aus-medizinethischer-sicht\\\/#primaryimage\"},\"thumbnailUrl\":\"https:\\\/\\\/digidem-bayern.de\\\/wp-content\\\/uploads\\\/2022\\\/10\\\/Recht-auf-Nichtwissen-shutterstock_1283501662.jpg\",\"datePublished\":\"2022-10-13T12:11:40+00:00\",\"dateModified\":\"2023-05-11T13:14:05+00:00\",\"description\":\"Im Webinar \\\"digiDEM Bayern Science Watch LIVE\\\" behandeln Wissenschaftler ein Thema aus der Demenzforschung und stehen live f\u00fcr Fragen zur Verf\u00fcgung.\",\"breadcrumb\":{\"@id\":\"https:\\\/\\\/digidem-bayern.de\\\/das-recht-auf-nicht-wissen-einer-demenzdiagnose-aus-medizinethischer-sicht\\\/#breadcrumb\"},\"inLanguage\":\"en-US\",\"potentialAction\":[{\"@type\":\"ReadAction\",\"target\":[\"https:\\\/\\\/digidem-bayern.de\\\/das-recht-auf-nicht-wissen-einer-demenzdiagnose-aus-medizinethischer-sicht\\\/\"]}]},{\"@type\":\"ImageObject\",\"inLanguage\":\"en-US\",\"@id\":\"https:\\\/\\\/digidem-bayern.de\\\/das-recht-auf-nicht-wissen-einer-demenzdiagnose-aus-medizinethischer-sicht\\\/#primaryimage\",\"url\":\"https:\\\/\\\/digidem-bayern.de\\\/wp-content\\\/uploads\\\/2022\\\/10\\\/Recht-auf-Nichtwissen-shutterstock_1283501662.jpg\",\"contentUrl\":\"https:\\\/\\\/digidem-bayern.de\\\/wp-content\\\/uploads\\\/2022\\\/10\\\/Recht-auf-Nichtwissen-shutterstock_1283501662.jpg\",\"width\":1000,\"height\":667},{\"@type\":\"BreadcrumbList\",\"@id\":\"https:\\\/\\\/digidem-bayern.de\\\/das-recht-auf-nicht-wissen-einer-demenzdiagnose-aus-medizinethischer-sicht\\\/#breadcrumb\",\"itemListElement\":[{\"@type\":\"ListItem\",\"position\":1,\"name\":\"Startseite\",\"item\":\"https:\\\/\\\/digidem-bayern.de\\\/\"},{\"@type\":\"ListItem\",\"position\":2,\"name\":\"Das Recht auf (Nicht-)Wissen einer Demenzdiagnose aus medizinethischer Sicht\"}]},{\"@type\":\"WebSite\",\"@id\":\"\\\/#website\",\"url\":\"\\\/\",\"name\":\"digiDEM Bayern\",\"description\":\"Das digitale Demenzregister Bayern erforscht und verbessert die Angebotsstuktur f\u00fcr Menschen mit Demenz und deren Angeh\u00f6rige\",\"publisher\":{\"@id\":\"\\\/#organization\"},\"potentialAction\":[{\"@type\":\"SearchAction\",\"target\":{\"@type\":\"EntryPoint\",\"urlTemplate\":\"\\\/?s={search_term_string}\"},\"query-input\":{\"@type\":\"PropertyValueSpecification\",\"valueRequired\":true,\"valueName\":\"search_term_string\"}}],\"inLanguage\":\"en-US\"},{\"@type\":\"Organization\",\"@id\":\"\\\/#organization\",\"name\":\"digiDEM Bayern\",\"url\":\"\\\/\",\"logo\":{\"@type\":\"ImageObject\",\"inLanguage\":\"en-US\",\"@id\":\"\\\/#\\\/schema\\\/logo\\\/image\\\/\",\"url\":\"https:\\\/\\\/digidem-bayern.de\\\/wp-content\\\/uploads\\\/2022\\\/03\\\/cropped-Allgemeines_digiDEMLOGO-removebg-preview.png\",\"contentUrl\":\"https:\\\/\\\/digidem-bayern.de\\\/wp-content\\\/uploads\\\/2022\\\/03\\\/cropped-Allgemeines_digiDEMLOGO-removebg-preview.png\",\"width\":612,\"height\":357,\"caption\":\"digiDEM Bayern\"},\"image\":{\"@id\":\"\\\/#\\\/schema\\\/logo\\\/image\\\/\"},\"sameAs\":[\"https:\\\/\\\/www.facebook.com\\\/digiDEMBayern\\\/\",\"https:\\\/\\\/x.com\\\/digidem_bayern\",\"https:\\\/\\\/www.instagram.com\\\/digidem.bayern\",\"https:\\\/\\\/www.linkedin.com\\\/company\\\/digidem-bayern\\\/\"]},{\"@type\":\"Person\",\"@id\":\"\\\/#\\\/schema\\\/person\\\/0e8781e0653d1a8e57ca55bd2c3cb01f\",\"name\":\"Anne Keefer\",\"url\":\"https:\\\/\\\/digidem-bayern.de\\\/en\\\/author\\\/ag-webinar\\\/\"}]}<\/script>\n<!-- \/ Yoast SEO plugin. -->","yoast_head_json":{"title":"Das Recht auf (Nicht-)Wissen einer Demenzdiagnose aus medizinethischer Sicht - digiDEM Bayern","description":"Im Webinar \"digiDEM Bayern Science Watch LIVE\" behandeln Wissenschaftler ein Thema aus der Demenzforschung und stehen live f\u00fcr Fragen zur Verf\u00fcgung.","robots":{"index":"index","follow":"follow","max-snippet":"max-snippet:-1","max-image-preview":"max-image-preview:large","max-video-preview":"max-video-preview:-1"},"canonical":"https:\/\/digidem-bayern.de\/en\/das-recht-auf-nicht-wissen-einer-demenzdiagnose-aus-medizinethischer-sicht\/","og_locale":"en_US","og_type":"article","og_title":"Das Recht auf (Nicht-)Wissen einer Demenzdiagnose aus medizinethischer Sicht - digiDEM Bayern","og_description":"Im Webinar \"digiDEM Bayern Science Watch LIVE\" behandeln Wissenschaftler ein Thema aus der Demenzforschung und stehen live f\u00fcr Fragen zur Verf\u00fcgung.","og_url":"https:\/\/digidem-bayern.de\/en\/das-recht-auf-nicht-wissen-einer-demenzdiagnose-aus-medizinethischer-sicht\/","og_site_name":"digiDEM Bayern","article_publisher":"https:\/\/www.facebook.com\/digiDEMBayern\/","article_published_time":"2022-10-13T12:11:40+00:00","article_modified_time":"2023-05-11T13:14:05+00:00","og_image":[{"width":1000,"height":667,"url":"https:\/\/digidem-bayern.de\/wp-content\/uploads\/2022\/10\/Recht-auf-Nichtwissen-shutterstock_1283501662.jpg","type":"image\/jpeg"}],"author":"Anne Keefer","twitter_misc":{"Written by":"Anne Keefer","Est. reading time":"3 minutes"},"schema":{"@context":"https:\/\/schema.org","@graph":[{"@type":"Article","@id":"https:\/\/digidem-bayern.de\/das-recht-auf-nicht-wissen-einer-demenzdiagnose-aus-medizinethischer-sicht\/#article","isPartOf":{"@id":"https:\/\/digidem-bayern.de\/das-recht-auf-nicht-wissen-einer-demenzdiagnose-aus-medizinethischer-sicht\/"},"author":{"name":"Anne Keefer","@id":"\/#\/schema\/person\/0e8781e0653d1a8e57ca55bd2c3cb01f"},"headline":"Das Recht auf (Nicht-)Wissen einer Demenzdiagnose aus medizinethischer Sicht","datePublished":"2022-10-13T12:11:40+00:00","dateModified":"2023-05-11T13:14:05+00:00","mainEntityOfPage":{"@id":"https:\/\/digidem-bayern.de\/das-recht-auf-nicht-wissen-einer-demenzdiagnose-aus-medizinethischer-sicht\/"},"wordCount":296,"commentCount":0,"publisher":{"@id":"\/#organization"},"image":{"@id":"https:\/\/digidem-bayern.de\/das-recht-auf-nicht-wissen-einer-demenzdiagnose-aus-medizinethischer-sicht\/#primaryimage"},"thumbnailUrl":"https:\/\/digidem-bayern.de\/wp-content\/uploads\/2022\/10\/Recht-auf-Nichtwissen-shutterstock_1283501662.jpg","keywords":["Alzheimer","Demenz","Demenzforschung","digidem","digidem Bayern","Digitales Demenzregister Bayern","Medizinethik","Schmidhuber"],"articleSection":["Sciene Watch Live ARCHIV"],"inLanguage":"en-US","potentialAction":[{"@type":"CommentAction","name":"Comment","target":["https:\/\/digidem-bayern.de\/das-recht-auf-nicht-wissen-einer-demenzdiagnose-aus-medizinethischer-sicht\/#respond"]}]},{"@type":"WebPage","@id":"https:\/\/digidem-bayern.de\/das-recht-auf-nicht-wissen-einer-demenzdiagnose-aus-medizinethischer-sicht\/","url":"https:\/\/digidem-bayern.de\/das-recht-auf-nicht-wissen-einer-demenzdiagnose-aus-medizinethischer-sicht\/","name":"Das Recht auf (Nicht-)Wissen einer Demenzdiagnose aus medizinethischer Sicht - digiDEM Bayern","isPartOf":{"@id":"\/#website"},"primaryImageOfPage":{"@id":"https:\/\/digidem-bayern.de\/das-recht-auf-nicht-wissen-einer-demenzdiagnose-aus-medizinethischer-sicht\/#primaryimage"},"image":{"@id":"https:\/\/digidem-bayern.de\/das-recht-auf-nicht-wissen-einer-demenzdiagnose-aus-medizinethischer-sicht\/#primaryimage"},"thumbnailUrl":"https:\/\/digidem-bayern.de\/wp-content\/uploads\/2022\/10\/Recht-auf-Nichtwissen-shutterstock_1283501662.jpg","datePublished":"2022-10-13T12:11:40+00:00","dateModified":"2023-05-11T13:14:05+00:00","description":"Im Webinar \"digiDEM Bayern Science Watch LIVE\" behandeln Wissenschaftler ein Thema aus der Demenzforschung und stehen live f\u00fcr Fragen zur Verf\u00fcgung.","breadcrumb":{"@id":"https:\/\/digidem-bayern.de\/das-recht-auf-nicht-wissen-einer-demenzdiagnose-aus-medizinethischer-sicht\/#breadcrumb"},"inLanguage":"en-US","potentialAction":[{"@type":"ReadAction","target":["https:\/\/digidem-bayern.de\/das-recht-auf-nicht-wissen-einer-demenzdiagnose-aus-medizinethischer-sicht\/"]}]},{"@type":"ImageObject","inLanguage":"en-US","@id":"https:\/\/digidem-bayern.de\/das-recht-auf-nicht-wissen-einer-demenzdiagnose-aus-medizinethischer-sicht\/#primaryimage","url":"https:\/\/digidem-bayern.de\/wp-content\/uploads\/2022\/10\/Recht-auf-Nichtwissen-shutterstock_1283501662.jpg","contentUrl":"https:\/\/digidem-bayern.de\/wp-content\/uploads\/2022\/10\/Recht-auf-Nichtwissen-shutterstock_1283501662.jpg","width":1000,"height":667},{"@type":"BreadcrumbList","@id":"https:\/\/digidem-bayern.de\/das-recht-auf-nicht-wissen-einer-demenzdiagnose-aus-medizinethischer-sicht\/#breadcrumb","itemListElement":[{"@type":"ListItem","position":1,"name":"Startseite","item":"https:\/\/digidem-bayern.de\/"},{"@type":"ListItem","position":2,"name":"Das Recht auf (Nicht-)Wissen einer Demenzdiagnose aus medizinethischer Sicht"}]},{"@type":"WebSite","@id":"\/#website","url":"\/","name":"digiDEM Bavaria","description":"The digital dementia register in Bavaria researches and improves the structure of services for people with dementia and their relatives","publisher":{"@id":"\/#organization"},"potentialAction":[{"@type":"SearchAction","target":{"@type":"EntryPoint","urlTemplate":"\/?s={search_term_string}"},"query-input":{"@type":"PropertyValueSpecification","valueRequired":true,"valueName":"search_term_string"}}],"inLanguage":"en-US"},{"@type":"Organization","@id":"\/#organization","name":"digiDEM Bavaria","url":"\/","logo":{"@type":"ImageObject","inLanguage":"en-US","@id":"\/#\/schema\/logo\/image\/","url":"https:\/\/digidem-bayern.de\/wp-content\/uploads\/2022\/03\/cropped-Allgemeines_digiDEMLOGO-removebg-preview.png","contentUrl":"https:\/\/digidem-bayern.de\/wp-content\/uploads\/2022\/03\/cropped-Allgemeines_digiDEMLOGO-removebg-preview.png","width":612,"height":357,"caption":"digiDEM Bayern"},"image":{"@id":"\/#\/schema\/logo\/image\/"},"sameAs":["https:\/\/www.facebook.com\/digiDEMBayern\/","https:\/\/x.com\/digidem_bayern","https:\/\/www.instagram.com\/digidem.bayern","https:\/\/www.linkedin.com\/company\/digidem-bayern\/"]},{"@type":"Person","@id":"\/#\/schema\/person\/0e8781e0653d1a8e57ca55bd2c3cb01f","name":"Anne Keefer","url":"https:\/\/digidem-bayern.de\/en\/author\/ag-webinar\/"}]}},"uagb_featured_image_src":{"full":["https:\/\/digidem-bayern.de\/wp-content\/uploads\/2022\/10\/Recht-auf-Nichtwissen-shutterstock_1283501662.jpg",1000,667,false],"thumbnail":["https:\/\/digidem-bayern.de\/wp-content\/uploads\/2022\/10\/Recht-auf-Nichtwissen-shutterstock_1283501662-80x80.jpg",80,80,true],"medium":["https:\/\/digidem-bayern.de\/wp-content\/uploads\/2022\/10\/Recht-auf-Nichtwissen-shutterstock_1283501662-300x200.jpg",300,200,true],"medium_large":["https:\/\/digidem-bayern.de\/wp-content\/uploads\/2022\/10\/Recht-auf-Nichtwissen-shutterstock_1283501662-768x512.jpg",768,512,true],"large":["https:\/\/digidem-bayern.de\/wp-content\/uploads\/2022\/10\/Recht-auf-Nichtwissen-shutterstock_1283501662.jpg",1000,667,false],"1536x1536":["https:\/\/digidem-bayern.de\/wp-content\/uploads\/2022\/10\/Recht-auf-Nichtwissen-shutterstock_1283501662.jpg",1000,667,false],"2048x2048":["https:\/\/digidem-bayern.de\/wp-content\/uploads\/2022\/10\/Recht-auf-Nichtwissen-shutterstock_1283501662.jpg",1000,667,false],"trp-custom-language-flag":["https:\/\/digidem-bayern.de\/wp-content\/uploads\/2022\/10\/Recht-auf-Nichtwissen-shutterstock_1283501662.jpg",18,12,false],"qubely_landscape":["https:\/\/digidem-bayern.de\/wp-content\/uploads\/2022\/10\/Recht-auf-Nichtwissen-shutterstock_1283501662.jpg",1000,667,false],"qubely_portrait":["https:\/\/digidem-bayern.de\/wp-content\/uploads\/2022\/10\/Recht-auf-Nichtwissen-shutterstock_1283501662-540x320.jpg",540,320,true],"qubely_thumbnail":["https:\/\/digidem-bayern.de\/wp-content\/uploads\/2022\/10\/Recht-auf-Nichtwissen-shutterstock_1283501662-140x100.jpg",140,100,true],"post-thumbnail":["https:\/\/digidem-bayern.de\/wp-content\/uploads\/2022\/10\/Recht-auf-Nichtwissen-shutterstock_1283501662-525x350.jpg",525,350,true],"kahuna-featured":["https:\/\/digidem-bayern.de\/wp-content\/uploads\/2022\/10\/Recht-auf-Nichtwissen-shutterstock_1283501662-734x350.jpg",734,350,true],"kahuna-featured-lp":["https:\/\/digidem-bayern.de\/wp-content\/uploads\/2022\/10\/Recht-auf-Nichtwissen-shutterstock_1283501662-520x350.jpg",520,350,true],"kahuna-featured-half":["https:\/\/digidem-bayern.de\/wp-content\/uploads\/2022\/10\/Recht-auf-Nichtwissen-shutterstock_1283501662-800x350.jpg",800,350,true],"kahuna-featured-third":["https:\/\/digidem-bayern.de\/wp-content\/uploads\/2022\/10\/Recht-auf-Nichtwissen-shutterstock_1283501662-512x350.jpg",512,350,true],"kahuna-lpbox-1":["https:\/\/digidem-bayern.de\/wp-content\/uploads\/2022\/10\/Recht-auf-Nichtwissen-shutterstock_1283501662-520x300.jpg",520,300,true],"kahuna-lpbox-2":["https:\/\/digidem-bayern.de\/wp-content\/uploads\/2022\/10\/Recht-auf-Nichtwissen-shutterstock_1283501662-520x350.jpg",520,350,true],"demand-language-flag":["https:\/\/digidem-bayern.de\/wp-content\/uploads\/2022\/10\/Recht-auf-Nichtwissen-shutterstock_1283501662.jpg",36,24,false],"dddkt-language-flag":["https:\/\/digidem-bayern.de\/wp-content\/uploads\/2022\/10\/Recht-auf-Nichtwissen-shutterstock_1283501662-36x36.jpg",36,36,true],"ddiqc-language-flag":["https:\/\/digidem-bayern.de\/wp-content\/uploads\/2022\/10\/Recht-auf-Nichtwissen-shutterstock_1283501662-36x36.jpg",36,36,true],"ddtl-language-flag":["https:\/\/digidem-bayern.de\/wp-content\/uploads\/2022\/10\/Recht-auf-Nichtwissen-shutterstock_1283501662-36x36.jpg",36,36,true],"mailpoet_newsletter_max":["https:\/\/digidem-bayern.de\/wp-content\/uploads\/2022\/10\/Recht-auf-Nichtwissen-shutterstock_1283501662.jpg",1000,667,false],"kahuna-lpbox-3":["https:\/\/digidem-bayern.de\/wp-content\/uploads\/2022\/10\/Recht-auf-Nichtwissen-shutterstock_1283501662-520x350.jpg",520,350,true],"kahuna-featured-square":["https:\/\/digidem-bayern.de\/wp-content\/uploads\/2022\/10\/Recht-auf-Nichtwissen-shutterstock_1283501662-512x512.jpg",512,512,true],"kahuna-featured-square-large":["https:\/\/digidem-bayern.de\/wp-content\/uploads\/2022\/10\/Recht-auf-Nichtwissen-shutterstock_1283501662.jpg",1000,667,false]},"uagb_author_info":{"display_name":"Anne Keefer","author_link":"https:\/\/digidem-bayern.de\/en\/author\/ag-webinar\/"},"uagb_comment_info":0,"uagb_excerpt":"F\u00fcr Demenzerkrankungen gibt es bisher keine Heilung. Lediglich die Symptome einer Demenz lassen sich nicht-medikament\u00f6s und medikament\u00f6s g\u00fcnstig beeinflussen. Daher stellt sich die Frage, ob sich m\u00f6gliche Betroffene \u00fcber die eigene Demenzdiagnose informieren lassen sollten oder nicht. Es gibt wissenschaftliche Gr\u00fcnde, die f\u00fcr eine zeitgerechte Diagnose sprechen. So k\u00f6nnen Betroffene &hellip;","_links":{"self":[{"href":"https:\/\/digidem-bayern.de\/en\/wp-json\/wp\/v2\/posts\/24048","targetHints":{"allow":["GET"]}}],"collection":[{"href":"https:\/\/digidem-bayern.de\/en\/wp-json\/wp\/v2\/posts"}],"about":[{"href":"https:\/\/digidem-bayern.de\/en\/wp-json\/wp\/v2\/types\/post"}],"author":[{"embeddable":true,"href":"https:\/\/digidem-bayern.de\/en\/wp-json\/wp\/v2\/users\/7"}],"replies":[{"embeddable":true,"href":"https:\/\/digidem-bayern.de\/en\/wp-json\/wp\/v2\/comments?post=24048"}],"version-history":[{"count":7,"href":"https:\/\/digidem-bayern.de\/en\/wp-json\/wp\/v2\/posts\/24048\/revisions"}],"predecessor-version":[{"id":27976,"href":"https:\/\/digidem-bayern.de\/en\/wp-json\/wp\/v2\/posts\/24048\/revisions\/27976"}],"wp:featuredmedia":[{"embeddable":true,"href":"https:\/\/digidem-bayern.de\/en\/wp-json\/wp\/v2\/media\/23923"}],"wp:attachment":[{"href":"https:\/\/digidem-bayern.de\/en\/wp-json\/wp\/v2\/media?parent=24048"}],"wp:term":[{"taxonomy":"category","embeddable":true,"href":"https:\/\/digidem-bayern.de\/en\/wp-json\/wp\/v2\/categories?post=24048"},{"taxonomy":"post_tag","embeddable":true,"href":"https:\/\/digidem-bayern.de\/en\/wp-json\/wp\/v2\/tags?post=24048"}],"curies":[{"name":"wp","href":"https:\/\/api.w.org\/{rel}","templated":true}]}}