{"id":23387,"date":"2022-09-08T13:10:00","date_gmt":"2022-09-08T11:10:00","guid":{"rendered":"https:\/\/digidem-bayern.de\/?p=23387"},"modified":"2022-09-08T13:55:26","modified_gmt":"2022-09-08T11:55:26","slug":"serviceangebot-aus-leidenschaft-der-digidem-bayern-newsletter","status":"publish","type":"post","link":"https:\/\/digidem-bayern.de\/en\/serviceangebot-aus-leidenschaft-der-digidem-bayern-newsletter\/","title":{"rendered":"Serviceangebot aus Leidenschaft: der digiDEM Bayern-Newsletter"},"content":{"rendered":"<p><strong>Aktuelle News aus der nationalen und internationalen Demenzforschung in allgemeinverst\u00e4ndlicher Sprache aufbereitet &#8211; der digiDEM Bayern Science Watch-Newsletter erfreut sich immer gr\u00f6\u00dferer Beliebtheit.<\/strong><\/p>\n\n\n\n<p>Aus vielen R\u00fcckmeldungen wissen wir, dass Sie, liebe Leserinnen und Leser, ziemlich wissbegierig sind und unseren digiDEM Bayern-Science Watch-Newsletter sehr zu sch\u00e4tzen wissen. Die positive Resonanz spiegelt sich auch in Form kontinuierlich steigender Abonnementzahlen wieder. Das freut uns sehr.<\/p>\n\n\n<div class=\"wp-block-image\">\n<figure class=\"alignright size-large is-resized\"><img loading=\"lazy\" decoding=\"async\" src=\"https:\/\/digidem-bayern.de\/wp-content\/uploads\/2021\/08\/AdobeStock_187165077-1030x687.jpeg\" alt=\"Newsletter\" class=\"wp-image-13862\" width=\"495\" height=\"330\" srcset=\"https:\/\/digidem-bayern.de\/wp-content\/uploads\/2021\/08\/AdobeStock_187165077-1030x687.jpeg 1030w, https:\/\/digidem-bayern.de\/wp-content\/uploads\/2021\/08\/AdobeStock_187165077-300x200.jpeg 300w, https:\/\/digidem-bayern.de\/wp-content\/uploads\/2021\/08\/AdobeStock_187165077-768x512.jpeg 768w, https:\/\/digidem-bayern.de\/wp-content\/uploads\/2021\/08\/AdobeStock_187165077-1536x1024.jpeg 1536w, https:\/\/digidem-bayern.de\/wp-content\/uploads\/2021\/08\/AdobeStock_187165077-2048x1365.jpeg 2048w, https:\/\/digidem-bayern.de\/wp-content\/uploads\/2021\/08\/AdobeStock_187165077-525x350.jpeg 525w, https:\/\/digidem-bayern.de\/wp-content\/uploads\/2021\/08\/AdobeStock_187165077-1320x880.jpeg 1320w, https:\/\/digidem-bayern.de\/wp-content\/uploads\/2021\/08\/AdobeStock_187165077.jpeg 1600w\" sizes=\"auto, (max-width: 495px) 100vw, 495px\" \/><figcaption>Foto: AdobeStock<\/figcaption><\/figure>\n<\/div>\n\n\n<p><strong>Der Stigmatisierung entgegenwirken<\/strong> <\/p>\n\n\n\n<p>Denn die Entwicklung zeigt uns, wie wichtig es ist, regelm\u00e4\u00dfig \u00fcber Aktuelles aus der nationalen und internationalen Demenzforschung zu berichten. Noch gilt Demenz in weiten Teilen unserer Gesellschaft als Tabuthema. Auch mit unserem Newsletter m\u00f6chten wir einer Stigmatisierung entgegenwirken und nachhaltig f\u00fcr die Belange von Menschen mit Demenz und ihren pflegenden Angeh\u00f6rigen sensibilisieren. Wir tun dies aus ganzer Leidenschaft.<\/p>\n\n\n\n<p><strong>Die \u00d6ffentlichkeit informieren<\/strong><\/p>\n\n\n\n<p>Je besser die \u00d6ffentlichkeit \u00fcber das Krankheitsbild Demenz informiert ist, desto eher ist sie bereit, falsche Vorstellungen \u00fcber die Alzheimer-Krankheit und die anderen Demenzformen zu hinterfragen. Dies zeigte eine Studie bereits 2015. Und eine Studie von 2018 unterstrich, dass Aufkl\u00e4rungskampagnen nicht nur auf die schwerwiegenden Folgen der Demenz hinweisen m\u00fcssten, sondern \u201edurch evidenzbasierte Kampagnen erg\u00e4nzt werden sollten, die den Wert einer Diagnose und Behandlung betonen.\u201c<\/p>\n\n\n\n<p><strong>Schl\u00fcssiges Pr\u00fcfverfahren<\/strong><\/p>\n\n\n\n<p>Kern eines jeden Newsletterbeitrages sind wissenschaftlich untermauerte und \u00fcberpr\u00fcfte sowie allgemeinverst\u00e4ndlich aufbereitete Informationen. Ausgew\u00e4hlt werden die vorgestellten Studien in einem schl\u00fcssigen Auswahl- und Pr\u00fcfverfahren. Es folgt den Kriterien der evidenzbasierten Medizin, einer nachvollziehbaren Methodik und nat\u00fcrlich der Seriosit\u00e4t der Publikationsorgane.<\/p>\n\n\n\n<p><strong>Monatliches Serviceangebot<\/strong><\/p>\n\n\n\n<p>Verschickt wird der digiDEM Bayern-Science Watch-Newsletter einmal im Monat mit jeweils vier bis sechs Themen. Neben thematisch gemischten Ausgaben gibt es auch Sonderausgaben mit der Zielsetzung, ausgew\u00e4hlte Schwerpunkt-Themen besonders ausf\u00fchrlich darzustellen. Als Service f\u00fcr alle, die die jeweilige Studie im Original lesen m\u00f6chten, verlinken wir auf diese Publikation. Wir danken all unseren Leserinnen und Lesern, dass Sie uns die Treue halten!<\/p>\n\n\n\n<p><a href=\"https:\/\/digidem-bayern.de\/en\/newsletter-archiv\/\">Hier geht&#8217;s zu unserem Newsletterarchiv.<\/a><\/p>\n\n\n\n<p>Hier geht&#8217;s zu den Studien:<\/p>\n\n\n\n<p><a href=\"https:\/\/journals.lww.com\/alzheimerjournal\/Fulltext\/2015\/07000\/A_Systematic_Review_of_the_Public_s_Knowledge_and.13.aspx\">A Systematic Review of the Public\u2019s Knowledge and Understanding of Alzheimer\u2019s Disease&nbsp;and Dementia: Alzheimer Disease &amp; Associated Disorders (lww.com)<\/a><\/p>\n\n\n\n<p><a href=\"https:\/\/journals.plos.org\/plosone\/article?id=10.1371\/journal.pone.0196085\">What does the general public understand about prevention and treatment of dementia? A&nbsp;systematic review of population-based surveys (plos.org)<\/a><\/p>\n\n\n\n<p><\/p>\n\n\n\n<p><\/p>\n\n\n\n<p><\/p>\n\n\n\n<p style=\"font-size:20px\"><\/p>\n\n\n\n<div style=\"height:20px\" aria-hidden=\"true\" class=\"wp-block-spacer\"><\/div>\n\n\n\n<div style=\"height:20px\" aria-hidden=\"true\" class=\"wp-block-spacer\"><\/div>","protected":false},"excerpt":{"rendered":"<p>Aktuelle News aus der nationalen und internationalen Demenzforschung in allgemeinverst\u00e4ndlicher Sprache aufbereitet &#8211; der digiDEM Bayern Science Watch-Newsletter erfreut sich immer gr\u00f6\u00dferer Beliebtheit. Aus vielen R\u00fcckmeldungen wissen wir, dass Sie, liebe Leserinnen und Leser, ziemlich wissbegierig sind und unseren digiDEM Bayern-Science Watch-Newsletter sehr zu sch\u00e4tzen wissen. Die positive Resonanz spiegelt &hellip;<\/p>","protected":false},"author":12,"featured_media":13862,"comment_status":"open","ping_status":"closed","sticky":false,"template":"","format":"standard","meta":{"qubely_global_settings":"","qubely_interactions":"","_uag_custom_page_level_css":"","footnotes":""},"categories":[5],"tags":[13,12,520,95,14,17,55,522,523,79],"class_list":["post-23387","post","type-post","status-publish","format-standard","has-post-thumbnail","hentry","category-wissenschaft-forschung","tag-alzheimer","tag-demenz-2","tag-demenzerkrankung","tag-demenzforschung","tag-digidem","tag-digidem-bayern","tag-digitales-demenzregister-bayern","tag-newsletter","tag-science-watch","tag-stigmatisierung"],"qubely_featured_image_url":{"full":["https:\/\/digidem-bayern.de\/wp-content\/uploads\/2021\/08\/AdobeStock_187165077.jpeg",1600,1067,false],"landscape":["https:\/\/digidem-bayern.de\/wp-content\/uploads\/2021\/08\/AdobeStock_187165077-1200x750.jpeg",1200,750,true],"portraits":["https:\/\/digidem-bayern.de\/wp-content\/uploads\/2021\/08\/AdobeStock_187165077-540x320.jpeg",540,320,true],"thumbnail":["https:\/\/digidem-bayern.de\/wp-content\/uploads\/2021\/08\/AdobeStock_187165077-80x80.jpeg",80,80,true],"medium":["https:\/\/digidem-bayern.de\/wp-content\/uploads\/2021\/08\/AdobeStock_187165077-300x200.jpeg",300,200,true],"medium_large":["https:\/\/digidem-bayern.de\/wp-content\/uploads\/2021\/08\/AdobeStock_187165077-768x512.jpeg",768,512,true],"large":["https:\/\/digidem-bayern.de\/wp-content\/uploads\/2021\/08\/AdobeStock_187165077-1030x687.jpeg",1030,687,true],"1536x1536":["https:\/\/digidem-bayern.de\/wp-content\/uploads\/2021\/08\/AdobeStock_187165077-1536x1024.jpeg",1536,1024,true],"2048x2048":["https:\/\/digidem-bayern.de\/wp-content\/uploads\/2021\/08\/AdobeStock_187165077-2048x1365.jpeg",2048,1365,true],"trp-custom-language-flag":["https:\/\/digidem-bayern.de\/wp-content\/uploads\/2021\/08\/AdobeStock_187165077.jpeg",18,12,false],"qubely_landscape":["https:\/\/digidem-bayern.de\/wp-content\/uploads\/2021\/08\/AdobeStock_187165077-1200x750.jpeg",1200,750,true],"qubely_portrait":["https:\/\/digidem-bayern.de\/wp-content\/uploads\/2021\/08\/AdobeStock_187165077-540x320.jpeg",540,320,true],"qubely_thumbnail":["https:\/\/digidem-bayern.de\/wp-content\/uploads\/2021\/08\/AdobeStock_187165077-140x100.jpeg",140,100,true],"post-thumbnail":["https:\/\/digidem-bayern.de\/wp-content\/uploads\/2021\/08\/AdobeStock_187165077-525x350.jpeg",525,350,true],"kahuna-featured":["https:\/\/digidem-bayern.de\/wp-content\/uploads\/2021\/08\/AdobeStock_187165077-734x350.jpeg",734,350,true],"kahuna-featured-lp":["https:\/\/digidem-bayern.de\/wp-content\/uploads\/2021\/08\/AdobeStock_187165077-520x350.jpeg",520,350,true],"kahuna-featured-half":["https:\/\/digidem-bayern.de\/wp-content\/uploads\/2021\/08\/AdobeStock_187165077-800x350.jpeg",800,350,true],"kahuna-featured-third":["https:\/\/digidem-bayern.de\/wp-content\/uploads\/2021\/08\/AdobeStock_187165077-512x350.jpeg",512,350,true],"kahuna-lpbox-1":["https:\/\/digidem-bayern.de\/wp-content\/uploads\/2021\/08\/AdobeStock_187165077-520x350.jpeg",446,300,true],"kahuna-lpbox-2":["https:\/\/digidem-bayern.de\/wp-content\/uploads\/2021\/08\/AdobeStock_187165077-520x350.jpeg",520,350,true],"demand-language-flag":["https:\/\/digidem-bayern.de\/wp-content\/uploads\/2021\/08\/AdobeStock_187165077.jpeg",36,24,false],"dddkt-language-flag":["https:\/\/digidem-bayern.de\/wp-content\/uploads\/2021\/08\/AdobeStock_187165077.jpeg",36,24,false],"ddiqc-language-flag":["https:\/\/digidem-bayern.de\/wp-content\/uploads\/2021\/08\/AdobeStock_187165077.jpeg",36,24,false],"ddtl-language-flag":["https:\/\/digidem-bayern.de\/wp-content\/uploads\/2021\/08\/AdobeStock_187165077-36x36.jpeg",36,36,true],"mailpoet_newsletter_max":["https:\/\/digidem-bayern.de\/wp-content\/uploads\/2021\/08\/AdobeStock_187165077-1320x880.jpeg",1320,880,true],"kahuna-lpbox-3":["https:\/\/digidem-bayern.de\/wp-content\/uploads\/2021\/08\/AdobeStock_187165077-520x350.jpeg",520,350,true],"kahuna-featured-square":["https:\/\/digidem-bayern.de\/wp-content\/uploads\/2021\/08\/AdobeStock_187165077-512x512.jpeg",512,512,true],"kahuna-featured-square-large":["https:\/\/digidem-bayern.de\/wp-content\/uploads\/2021\/08\/AdobeStock_187165077-1024x1024.jpeg",1024,1024,true]},"qubely_author":{"display_name":"Ilona H\u00f6rath","author_link":"https:\/\/digidem-bayern.de\/en\/author\/hoeratia\/"},"qubely_comment":0,"qubely_category":"<a href=\"https:\/\/digidem-bayern.de\/en\/category\/wissenschaft-forschung\/\" rel=\"category tag\">Wissenschaft &amp; Forschung<\/a>","qubely_excerpt":"Aktuelle News aus der nationalen und internationalen Demenzforschung in allgemeinverst\u00e4ndlicher Sprache aufbereitet &#8211; der digiDEM Bayern Science Watch-Newsletter erfreut sich immer gr\u00f6\u00dferer Beliebtheit. Aus vielen R\u00fcckmeldungen wissen wir, dass Sie, liebe Leserinnen und Leser, ziemlich wissbegierig sind und unseren digiDEM Bayern-Science Watch-Newsletter sehr zu sch\u00e4tzen wissen. Die positive Resonanz spiegelt &hellip;","featured_image_urls_v2":{"full":["https:\/\/digidem-bayern.de\/wp-content\/uploads\/2021\/08\/AdobeStock_187165077.jpeg",1600,1067,false],"thumbnail":["https:\/\/digidem-bayern.de\/wp-content\/uploads\/2021\/08\/AdobeStock_187165077-80x80.jpeg",80,80,true],"medium":["https:\/\/digidem-bayern.de\/wp-content\/uploads\/2021\/08\/AdobeStock_187165077-300x200.jpeg",300,200,true],"medium_large":["https:\/\/digidem-bayern.de\/wp-content\/uploads\/2021\/08\/AdobeStock_187165077-768x512.jpeg",768,512,true],"large":["https:\/\/digidem-bayern.de\/wp-content\/uploads\/2021\/08\/AdobeStock_187165077-1030x687.jpeg",1030,687,true],"1536x1536":["https:\/\/digidem-bayern.de\/wp-content\/uploads\/2021\/08\/AdobeStock_187165077-1536x1024.jpeg",1536,1024,true],"2048x2048":["https:\/\/digidem-bayern.de\/wp-content\/uploads\/2021\/08\/AdobeStock_187165077-2048x1365.jpeg",2048,1365,true],"trp-custom-language-flag":["https:\/\/digidem-bayern.de\/wp-content\/uploads\/2021\/08\/AdobeStock_187165077.jpeg",18,12,false],"qubely_landscape":["https:\/\/digidem-bayern.de\/wp-content\/uploads\/2021\/08\/AdobeStock_187165077-1200x750.jpeg",1200,750,true],"qubely_portrait":["https:\/\/digidem-bayern.de\/wp-content\/uploads\/2021\/08\/AdobeStock_187165077-540x320.jpeg",540,320,true],"qubely_thumbnail":["https:\/\/digidem-bayern.de\/wp-content\/uploads\/2021\/08\/AdobeStock_187165077-140x100.jpeg",140,100,true],"post-thumbnail":["https:\/\/digidem-bayern.de\/wp-content\/uploads\/2021\/08\/AdobeStock_187165077-525x350.jpeg",525,350,true],"kahuna-featured":["https:\/\/digidem-bayern.de\/wp-content\/uploads\/2021\/08\/AdobeStock_187165077-734x350.jpeg",734,350,true],"kahuna-featured-lp":["https:\/\/digidem-bayern.de\/wp-content\/uploads\/2021\/08\/AdobeStock_187165077-520x350.jpeg",520,350,true],"kahuna-featured-half":["https:\/\/digidem-bayern.de\/wp-content\/uploads\/2021\/08\/AdobeStock_187165077-800x350.jpeg",800,350,true],"kahuna-featured-third":["https:\/\/digidem-bayern.de\/wp-content\/uploads\/2021\/08\/AdobeStock_187165077-512x350.jpeg",512,350,true],"kahuna-lpbox-1":["https:\/\/digidem-bayern.de\/wp-content\/uploads\/2021\/08\/AdobeStock_187165077-520x350.jpeg",446,300,true],"kahuna-lpbox-2":["https:\/\/digidem-bayern.de\/wp-content\/uploads\/2021\/08\/AdobeStock_187165077-520x350.jpeg",520,350,true],"demand-language-flag":["https:\/\/digidem-bayern.de\/wp-content\/uploads\/2021\/08\/AdobeStock_187165077.jpeg",36,24,false],"dddkt-language-flag":["https:\/\/digidem-bayern.de\/wp-content\/uploads\/2021\/08\/AdobeStock_187165077.jpeg",36,24,false],"ddiqc-language-flag":["https:\/\/digidem-bayern.de\/wp-content\/uploads\/2021\/08\/AdobeStock_187165077.jpeg",36,24,false],"ddtl-language-flag":["https:\/\/digidem-bayern.de\/wp-content\/uploads\/2021\/08\/AdobeStock_187165077-36x36.jpeg",36,36,true],"mailpoet_newsletter_max":["https:\/\/digidem-bayern.de\/wp-content\/uploads\/2021\/08\/AdobeStock_187165077-1320x880.jpeg",1320,880,true],"kahuna-lpbox-3":["https:\/\/digidem-bayern.de\/wp-content\/uploads\/2021\/08\/AdobeStock_187165077-520x350.jpeg",520,350,true],"kahuna-featured-square":["https:\/\/digidem-bayern.de\/wp-content\/uploads\/2021\/08\/AdobeStock_187165077-512x512.jpeg",512,512,true],"kahuna-featured-square-large":["https:\/\/digidem-bayern.de\/wp-content\/uploads\/2021\/08\/AdobeStock_187165077-1024x1024.jpeg",1024,1024,true]},"post_excerpt_stackable_v2":"<p>Aktuelle News aus der nationalen und internationalen Demenzforschung in allgemeinverst\u00e4ndlicher Sprache aufbereitet &#8211; der digiDEM Bayern Science Watch-Newsletter erfreut sich immer gr\u00f6\u00dferer Beliebtheit. Aus vielen R\u00fcckmeldungen wissen wir, dass Sie, liebe Leserinnen und Leser, ziemlich wissbegierig sind und unseren digiDEM Bayern-Science Watch-Newsletter sehr zu sch\u00e4tzen wissen. Die positive Resonanz spiegelt sich auch in Form kontinuierlich steigender Abonnementzahlen wieder. Das freut uns sehr. Foto: AdobeStock Der Stigmatisierung entgegenwirken Denn die Entwicklung zeigt uns, wie wichtig es ist, regelm\u00e4\u00dfig \u00fcber Aktuelles aus der nationalen und internationalen Demenzforschung zu berichten. Noch gilt Demenz in weiten Teilen unserer Gesellschaft als Tabuthema. Auch mit unserem&hellip;<\/p>\n","category_list_v2":"<a href=\"https:\/\/digidem-bayern.de\/en\/category\/wissenschaft-forschung\/\" rel=\"category tag\">Wissenschaft &amp; Forschung<\/a>","author_info_v2":{"name":"Ilona H\u00f6rath","url":"https:\/\/digidem-bayern.de\/en\/author\/hoeratia\/"},"comments_num_v2":"0 comments","yoast_head":"<!-- This site is optimized with the Yoast SEO plugin v27.5 - https:\/\/yoast.com\/product\/yoast-seo-wordpress\/ -->\n<title>Serviceangebot aus Leidenschaft: der digiDEM Bayern-Newsletter - digiDEM Bayern<\/title>\n<meta name=\"description\" content=\"Der Bayerische Landesapothekerkammer unterst\u00fctzt digiDEM Bayern mit Hilfe des Netzwerks &quot;Demenzfreundliche Apotheken&quot;.\" \/>\n<meta name=\"robots\" content=\"index, follow, max-snippet:-1, max-image-preview:large, max-video-preview:-1\" \/>\n<link rel=\"canonical\" href=\"https:\/\/digidem-bayern.de\/en\/serviceangebot-aus-leidenschaft-der-digidem-bayern-newsletter\/\" \/>\n<meta property=\"og:locale\" content=\"en_US\" \/>\n<meta property=\"og:type\" content=\"article\" \/>\n<meta property=\"og:title\" content=\"Serviceangebot aus Leidenschaft: der digiDEM Bayern-Newsletter - digiDEM Bayern\" \/>\n<meta property=\"og:description\" content=\"Der Bayerische Landesapothekerkammer unterst\u00fctzt digiDEM Bayern mit Hilfe des Netzwerks &quot;Demenzfreundliche Apotheken&quot;.\" \/>\n<meta property=\"og:url\" content=\"https:\/\/digidem-bayern.de\/en\/serviceangebot-aus-leidenschaft-der-digidem-bayern-newsletter\/\" \/>\n<meta property=\"og:site_name\" content=\"digiDEM Bayern\" \/>\n<meta property=\"article:publisher\" content=\"https:\/\/www.facebook.com\/digiDEMBayern\/\" \/>\n<meta property=\"article:published_time\" content=\"2022-09-08T11:10:00+00:00\" \/>\n<meta property=\"article:modified_time\" content=\"2022-09-08T11:55:26+00:00\" \/>\n<meta property=\"og:image\" content=\"https:\/\/digidem-bayern.de\/wp-content\/uploads\/2021\/08\/AdobeStock_187165077.jpeg\" \/>\n\t<meta property=\"og:image:width\" content=\"1600\" \/>\n\t<meta property=\"og:image:height\" content=\"1067\" \/>\n\t<meta property=\"og:image:type\" content=\"image\/jpeg\" \/>\n<meta name=\"author\" content=\"Ilona H\u00f6rath\" \/>\n<meta name=\"twitter:label1\" content=\"Written by\" \/>\n\t<meta name=\"twitter:data1\" content=\"Ilona H\u00f6rath\" \/>\n\t<meta name=\"twitter:label2\" content=\"Est. reading time\" \/>\n\t<meta name=\"twitter:data2\" content=\"2 minutes\" \/>\n<script type=\"application\/ld+json\" class=\"yoast-schema-graph\">{\"@context\":\"https:\\\/\\\/schema.org\",\"@graph\":[{\"@type\":\"Article\",\"@id\":\"https:\\\/\\\/digidem-bayern.de\\\/serviceangebot-aus-leidenschaft-der-digidem-bayern-newsletter\\\/#article\",\"isPartOf\":{\"@id\":\"https:\\\/\\\/digidem-bayern.de\\\/serviceangebot-aus-leidenschaft-der-digidem-bayern-newsletter\\\/\"},\"author\":{\"name\":\"Ilona H\u00f6rath\",\"@id\":\"\\\/#\\\/schema\\\/person\\\/0bc1494f46fc2a051c761322a80e0941\"},\"headline\":\"Serviceangebot aus Leidenschaft: der digiDEM Bayern-Newsletter\",\"datePublished\":\"2022-09-08T11:10:00+00:00\",\"dateModified\":\"2022-09-08T11:55:26+00:00\",\"mainEntityOfPage\":{\"@id\":\"https:\\\/\\\/digidem-bayern.de\\\/serviceangebot-aus-leidenschaft-der-digidem-bayern-newsletter\\\/\"},\"wordCount\":384,\"commentCount\":0,\"publisher\":{\"@id\":\"\\\/#organization\"},\"image\":{\"@id\":\"https:\\\/\\\/digidem-bayern.de\\\/serviceangebot-aus-leidenschaft-der-digidem-bayern-newsletter\\\/#primaryimage\"},\"thumbnailUrl\":\"https:\\\/\\\/digidem-bayern.de\\\/wp-content\\\/uploads\\\/2021\\\/08\\\/AdobeStock_187165077.jpeg\",\"keywords\":[\"Alzheimer\",\"Demenz\",\"Demenzerkrankung\",\"Demenzforschung\",\"digidem\",\"digidem Bayern\",\"Digitales Demenzregister Bayern\",\"Newsletter\",\"Science Watch\",\"Stigmatisierung\"],\"articleSection\":[\"Wissenschaft &amp; Forschung\"],\"inLanguage\":\"en-US\",\"potentialAction\":[{\"@type\":\"CommentAction\",\"name\":\"Comment\",\"target\":[\"https:\\\/\\\/digidem-bayern.de\\\/serviceangebot-aus-leidenschaft-der-digidem-bayern-newsletter\\\/#respond\"]}]},{\"@type\":\"WebPage\",\"@id\":\"https:\\\/\\\/digidem-bayern.de\\\/serviceangebot-aus-leidenschaft-der-digidem-bayern-newsletter\\\/\",\"url\":\"https:\\\/\\\/digidem-bayern.de\\\/serviceangebot-aus-leidenschaft-der-digidem-bayern-newsletter\\\/\",\"name\":\"Serviceangebot aus Leidenschaft: der digiDEM Bayern-Newsletter - digiDEM Bayern\",\"isPartOf\":{\"@id\":\"\\\/#website\"},\"primaryImageOfPage\":{\"@id\":\"https:\\\/\\\/digidem-bayern.de\\\/serviceangebot-aus-leidenschaft-der-digidem-bayern-newsletter\\\/#primaryimage\"},\"image\":{\"@id\":\"https:\\\/\\\/digidem-bayern.de\\\/serviceangebot-aus-leidenschaft-der-digidem-bayern-newsletter\\\/#primaryimage\"},\"thumbnailUrl\":\"https:\\\/\\\/digidem-bayern.de\\\/wp-content\\\/uploads\\\/2021\\\/08\\\/AdobeStock_187165077.jpeg\",\"datePublished\":\"2022-09-08T11:10:00+00:00\",\"dateModified\":\"2022-09-08T11:55:26+00:00\",\"description\":\"Der Bayerische Landesapothekerkammer unterst\u00fctzt digiDEM Bayern mit Hilfe des Netzwerks \\\"Demenzfreundliche Apotheken\\\".\",\"breadcrumb\":{\"@id\":\"https:\\\/\\\/digidem-bayern.de\\\/serviceangebot-aus-leidenschaft-der-digidem-bayern-newsletter\\\/#breadcrumb\"},\"inLanguage\":\"en-US\",\"potentialAction\":[{\"@type\":\"ReadAction\",\"target\":[\"https:\\\/\\\/digidem-bayern.de\\\/serviceangebot-aus-leidenschaft-der-digidem-bayern-newsletter\\\/\"]}]},{\"@type\":\"ImageObject\",\"inLanguage\":\"en-US\",\"@id\":\"https:\\\/\\\/digidem-bayern.de\\\/serviceangebot-aus-leidenschaft-der-digidem-bayern-newsletter\\\/#primaryimage\",\"url\":\"https:\\\/\\\/digidem-bayern.de\\\/wp-content\\\/uploads\\\/2021\\\/08\\\/AdobeStock_187165077.jpeg\",\"contentUrl\":\"https:\\\/\\\/digidem-bayern.de\\\/wp-content\\\/uploads\\\/2021\\\/08\\\/AdobeStock_187165077.jpeg\",\"width\":1600,\"height\":1067,\"caption\":\"Newsletter\"},{\"@type\":\"BreadcrumbList\",\"@id\":\"https:\\\/\\\/digidem-bayern.de\\\/serviceangebot-aus-leidenschaft-der-digidem-bayern-newsletter\\\/#breadcrumb\",\"itemListElement\":[{\"@type\":\"ListItem\",\"position\":1,\"name\":\"Startseite\",\"item\":\"https:\\\/\\\/digidem-bayern.de\\\/\"},{\"@type\":\"ListItem\",\"position\":2,\"name\":\"Serviceangebot aus Leidenschaft: der digiDEM Bayern-Newsletter\"}]},{\"@type\":\"WebSite\",\"@id\":\"\\\/#website\",\"url\":\"\\\/\",\"name\":\"digiDEM Bayern\",\"description\":\"Das digitale Demenzregister Bayern erforscht und verbessert die Angebotsstuktur f\u00fcr Menschen mit Demenz und deren Angeh\u00f6rige\",\"publisher\":{\"@id\":\"\\\/#organization\"},\"potentialAction\":[{\"@type\":\"SearchAction\",\"target\":{\"@type\":\"EntryPoint\",\"urlTemplate\":\"\\\/?s={search_term_string}\"},\"query-input\":{\"@type\":\"PropertyValueSpecification\",\"valueRequired\":true,\"valueName\":\"search_term_string\"}}],\"inLanguage\":\"en-US\"},{\"@type\":\"Organization\",\"@id\":\"\\\/#organization\",\"name\":\"digiDEM Bayern\",\"url\":\"\\\/\",\"logo\":{\"@type\":\"ImageObject\",\"inLanguage\":\"en-US\",\"@id\":\"\\\/#\\\/schema\\\/logo\\\/image\\\/\",\"url\":\"https:\\\/\\\/digidem-bayern.de\\\/wp-content\\\/uploads\\\/2022\\\/03\\\/cropped-Allgemeines_digiDEMLOGO-removebg-preview.png\",\"contentUrl\":\"https:\\\/\\\/digidem-bayern.de\\\/wp-content\\\/uploads\\\/2022\\\/03\\\/cropped-Allgemeines_digiDEMLOGO-removebg-preview.png\",\"width\":612,\"height\":357,\"caption\":\"digiDEM Bayern\"},\"image\":{\"@id\":\"\\\/#\\\/schema\\\/logo\\\/image\\\/\"},\"sameAs\":[\"https:\\\/\\\/www.facebook.com\\\/digiDEMBayern\\\/\",\"https:\\\/\\\/x.com\\\/digidem_bayern\",\"https:\\\/\\\/www.instagram.com\\\/digidem.bayern\",\"https:\\\/\\\/www.linkedin.com\\\/company\\\/digidem-bayern\\\/\"]},{\"@type\":\"Person\",\"@id\":\"\\\/#\\\/schema\\\/person\\\/0bc1494f46fc2a051c761322a80e0941\",\"name\":\"Ilona H\u00f6rath\",\"url\":\"https:\\\/\\\/digidem-bayern.de\\\/en\\\/author\\\/hoeratia\\\/\"}]}<\/script>\n<!-- \/ Yoast SEO plugin. -->","yoast_head_json":{"title":"Serviceangebot aus Leidenschaft: der digiDEM Bayern-Newsletter - digiDEM Bayern","description":"Der Bayerische Landesapothekerkammer unterst\u00fctzt digiDEM Bayern mit Hilfe des Netzwerks \"Demenzfreundliche Apotheken\".","robots":{"index":"index","follow":"follow","max-snippet":"max-snippet:-1","max-image-preview":"max-image-preview:large","max-video-preview":"max-video-preview:-1"},"canonical":"https:\/\/digidem-bayern.de\/en\/serviceangebot-aus-leidenschaft-der-digidem-bayern-newsletter\/","og_locale":"en_US","og_type":"article","og_title":"Serviceangebot aus Leidenschaft: der digiDEM Bayern-Newsletter - digiDEM Bayern","og_description":"Der Bayerische Landesapothekerkammer unterst\u00fctzt digiDEM Bayern mit Hilfe des Netzwerks \"Demenzfreundliche Apotheken\".","og_url":"https:\/\/digidem-bayern.de\/en\/serviceangebot-aus-leidenschaft-der-digidem-bayern-newsletter\/","og_site_name":"digiDEM Bayern","article_publisher":"https:\/\/www.facebook.com\/digiDEMBayern\/","article_published_time":"2022-09-08T11:10:00+00:00","article_modified_time":"2022-09-08T11:55:26+00:00","og_image":[{"width":1600,"height":1067,"url":"https:\/\/digidem-bayern.de\/wp-content\/uploads\/2021\/08\/AdobeStock_187165077.jpeg","type":"image\/jpeg"}],"author":"Ilona H\u00f6rath","twitter_misc":{"Written by":"Ilona H\u00f6rath","Est. reading time":"2 minutes"},"schema":{"@context":"https:\/\/schema.org","@graph":[{"@type":"Article","@id":"https:\/\/digidem-bayern.de\/serviceangebot-aus-leidenschaft-der-digidem-bayern-newsletter\/#article","isPartOf":{"@id":"https:\/\/digidem-bayern.de\/serviceangebot-aus-leidenschaft-der-digidem-bayern-newsletter\/"},"author":{"name":"Ilona H\u00f6rath","@id":"\/#\/schema\/person\/0bc1494f46fc2a051c761322a80e0941"},"headline":"Serviceangebot aus Leidenschaft: der digiDEM Bayern-Newsletter","datePublished":"2022-09-08T11:10:00+00:00","dateModified":"2022-09-08T11:55:26+00:00","mainEntityOfPage":{"@id":"https:\/\/digidem-bayern.de\/serviceangebot-aus-leidenschaft-der-digidem-bayern-newsletter\/"},"wordCount":384,"commentCount":0,"publisher":{"@id":"\/#organization"},"image":{"@id":"https:\/\/digidem-bayern.de\/serviceangebot-aus-leidenschaft-der-digidem-bayern-newsletter\/#primaryimage"},"thumbnailUrl":"https:\/\/digidem-bayern.de\/wp-content\/uploads\/2021\/08\/AdobeStock_187165077.jpeg","keywords":["Alzheimer","Demenz","Demenzerkrankung","Demenzforschung","digidem","digidem Bayern","Digitales Demenzregister Bayern","Newsletter","Science Watch","Stigmatisierung"],"articleSection":["Wissenschaft &amp; Forschung"],"inLanguage":"en-US","potentialAction":[{"@type":"CommentAction","name":"Comment","target":["https:\/\/digidem-bayern.de\/serviceangebot-aus-leidenschaft-der-digidem-bayern-newsletter\/#respond"]}]},{"@type":"WebPage","@id":"https:\/\/digidem-bayern.de\/serviceangebot-aus-leidenschaft-der-digidem-bayern-newsletter\/","url":"https:\/\/digidem-bayern.de\/serviceangebot-aus-leidenschaft-der-digidem-bayern-newsletter\/","name":"Serviceangebot aus Leidenschaft: der digiDEM Bayern-Newsletter - digiDEM Bayern","isPartOf":{"@id":"\/#website"},"primaryImageOfPage":{"@id":"https:\/\/digidem-bayern.de\/serviceangebot-aus-leidenschaft-der-digidem-bayern-newsletter\/#primaryimage"},"image":{"@id":"https:\/\/digidem-bayern.de\/serviceangebot-aus-leidenschaft-der-digidem-bayern-newsletter\/#primaryimage"},"thumbnailUrl":"https:\/\/digidem-bayern.de\/wp-content\/uploads\/2021\/08\/AdobeStock_187165077.jpeg","datePublished":"2022-09-08T11:10:00+00:00","dateModified":"2022-09-08T11:55:26+00:00","description":"Der Bayerische Landesapothekerkammer unterst\u00fctzt digiDEM Bayern mit Hilfe des Netzwerks \"Demenzfreundliche Apotheken\".","breadcrumb":{"@id":"https:\/\/digidem-bayern.de\/serviceangebot-aus-leidenschaft-der-digidem-bayern-newsletter\/#breadcrumb"},"inLanguage":"en-US","potentialAction":[{"@type":"ReadAction","target":["https:\/\/digidem-bayern.de\/serviceangebot-aus-leidenschaft-der-digidem-bayern-newsletter\/"]}]},{"@type":"ImageObject","inLanguage":"en-US","@id":"https:\/\/digidem-bayern.de\/serviceangebot-aus-leidenschaft-der-digidem-bayern-newsletter\/#primaryimage","url":"https:\/\/digidem-bayern.de\/wp-content\/uploads\/2021\/08\/AdobeStock_187165077.jpeg","contentUrl":"https:\/\/digidem-bayern.de\/wp-content\/uploads\/2021\/08\/AdobeStock_187165077.jpeg","width":1600,"height":1067,"caption":"Newsletter"},{"@type":"BreadcrumbList","@id":"https:\/\/digidem-bayern.de\/serviceangebot-aus-leidenschaft-der-digidem-bayern-newsletter\/#breadcrumb","itemListElement":[{"@type":"ListItem","position":1,"name":"Startseite","item":"https:\/\/digidem-bayern.de\/"},{"@type":"ListItem","position":2,"name":"Serviceangebot aus Leidenschaft: der digiDEM Bayern-Newsletter"}]},{"@type":"WebSite","@id":"\/#website","url":"\/","name":"digiDEM Bavaria","description":"The digital dementia register in Bavaria researches and improves the structure of services for people with dementia and their relatives","publisher":{"@id":"\/#organization"},"potentialAction":[{"@type":"SearchAction","target":{"@type":"EntryPoint","urlTemplate":"\/?s={search_term_string}"},"query-input":{"@type":"PropertyValueSpecification","valueRequired":true,"valueName":"search_term_string"}}],"inLanguage":"en-US"},{"@type":"Organization","@id":"\/#organization","name":"digiDEM Bavaria","url":"\/","logo":{"@type":"ImageObject","inLanguage":"en-US","@id":"\/#\/schema\/logo\/image\/","url":"https:\/\/digidem-bayern.de\/wp-content\/uploads\/2022\/03\/cropped-Allgemeines_digiDEMLOGO-removebg-preview.png","contentUrl":"https:\/\/digidem-bayern.de\/wp-content\/uploads\/2022\/03\/cropped-Allgemeines_digiDEMLOGO-removebg-preview.png","width":612,"height":357,"caption":"digiDEM Bayern"},"image":{"@id":"\/#\/schema\/logo\/image\/"},"sameAs":["https:\/\/www.facebook.com\/digiDEMBayern\/","https:\/\/x.com\/digidem_bayern","https:\/\/www.instagram.com\/digidem.bayern","https:\/\/www.linkedin.com\/company\/digidem-bayern\/"]},{"@type":"Person","@id":"\/#\/schema\/person\/0bc1494f46fc2a051c761322a80e0941","name":"Ilona H\u00f6rath","url":"https:\/\/digidem-bayern.de\/en\/author\/hoeratia\/"}]}},"uagb_featured_image_src":{"full":["https:\/\/digidem-bayern.de\/wp-content\/uploads\/2021\/08\/AdobeStock_187165077.jpeg",1600,1067,false],"thumbnail":["https:\/\/digidem-bayern.de\/wp-content\/uploads\/2021\/08\/AdobeStock_187165077-80x80.jpeg",80,80,true],"medium":["https:\/\/digidem-bayern.de\/wp-content\/uploads\/2021\/08\/AdobeStock_187165077-300x200.jpeg",300,200,true],"medium_large":["https:\/\/digidem-bayern.de\/wp-content\/uploads\/2021\/08\/AdobeStock_187165077-768x512.jpeg",768,512,true],"large":["https:\/\/digidem-bayern.de\/wp-content\/uploads\/2021\/08\/AdobeStock_187165077-1030x687.jpeg",1030,687,true],"1536x1536":["https:\/\/digidem-bayern.de\/wp-content\/uploads\/2021\/08\/AdobeStock_187165077-1536x1024.jpeg",1536,1024,true],"2048x2048":["https:\/\/digidem-bayern.de\/wp-content\/uploads\/2021\/08\/AdobeStock_187165077-2048x1365.jpeg",2048,1365,true],"trp-custom-language-flag":["https:\/\/digidem-bayern.de\/wp-content\/uploads\/2021\/08\/AdobeStock_187165077.jpeg",18,12,false],"qubely_landscape":["https:\/\/digidem-bayern.de\/wp-content\/uploads\/2021\/08\/AdobeStock_187165077-1200x750.jpeg",1200,750,true],"qubely_portrait":["https:\/\/digidem-bayern.de\/wp-content\/uploads\/2021\/08\/AdobeStock_187165077-540x320.jpeg",540,320,true],"qubely_thumbnail":["https:\/\/digidem-bayern.de\/wp-content\/uploads\/2021\/08\/AdobeStock_187165077-140x100.jpeg",140,100,true],"post-thumbnail":["https:\/\/digidem-bayern.de\/wp-content\/uploads\/2021\/08\/AdobeStock_187165077-525x350.jpeg",525,350,true],"kahuna-featured":["https:\/\/digidem-bayern.de\/wp-content\/uploads\/2021\/08\/AdobeStock_187165077-734x350.jpeg",734,350,true],"kahuna-featured-lp":["https:\/\/digidem-bayern.de\/wp-content\/uploads\/2021\/08\/AdobeStock_187165077-520x350.jpeg",520,350,true],"kahuna-featured-half":["https:\/\/digidem-bayern.de\/wp-content\/uploads\/2021\/08\/AdobeStock_187165077-800x350.jpeg",800,350,true],"kahuna-featured-third":["https:\/\/digidem-bayern.de\/wp-content\/uploads\/2021\/08\/AdobeStock_187165077-512x350.jpeg",512,350,true],"kahuna-lpbox-1":["https:\/\/digidem-bayern.de\/wp-content\/uploads\/2021\/08\/AdobeStock_187165077-520x350.jpeg",446,300,true],"kahuna-lpbox-2":["https:\/\/digidem-bayern.de\/wp-content\/uploads\/2021\/08\/AdobeStock_187165077-520x350.jpeg",520,350,true],"demand-language-flag":["https:\/\/digidem-bayern.de\/wp-content\/uploads\/2021\/08\/AdobeStock_187165077.jpeg",36,24,false],"dddkt-language-flag":["https:\/\/digidem-bayern.de\/wp-content\/uploads\/2021\/08\/AdobeStock_187165077.jpeg",36,24,false],"ddiqc-language-flag":["https:\/\/digidem-bayern.de\/wp-content\/uploads\/2021\/08\/AdobeStock_187165077.jpeg",36,24,false],"ddtl-language-flag":["https:\/\/digidem-bayern.de\/wp-content\/uploads\/2021\/08\/AdobeStock_187165077-36x36.jpeg",36,36,true],"mailpoet_newsletter_max":["https:\/\/digidem-bayern.de\/wp-content\/uploads\/2021\/08\/AdobeStock_187165077-1320x880.jpeg",1320,880,true],"kahuna-lpbox-3":["https:\/\/digidem-bayern.de\/wp-content\/uploads\/2021\/08\/AdobeStock_187165077-520x350.jpeg",520,350,true],"kahuna-featured-square":["https:\/\/digidem-bayern.de\/wp-content\/uploads\/2021\/08\/AdobeStock_187165077-512x512.jpeg",512,512,true],"kahuna-featured-square-large":["https:\/\/digidem-bayern.de\/wp-content\/uploads\/2021\/08\/AdobeStock_187165077-1024x1024.jpeg",1024,1024,true]},"uagb_author_info":{"display_name":"Ilona H\u00f6rath","author_link":"https:\/\/digidem-bayern.de\/en\/author\/hoeratia\/"},"uagb_comment_info":0,"uagb_excerpt":"Aktuelle News aus der nationalen und internationalen Demenzforschung in allgemeinverst\u00e4ndlicher Sprache aufbereitet &#8211; der digiDEM Bayern Science Watch-Newsletter erfreut sich immer gr\u00f6\u00dferer Beliebtheit. Aus vielen R\u00fcckmeldungen wissen wir, dass Sie, liebe Leserinnen und Leser, ziemlich wissbegierig sind und unseren digiDEM Bayern-Science Watch-Newsletter sehr zu sch\u00e4tzen wissen. Die positive Resonanz spiegelt &hellip;","_links":{"self":[{"href":"https:\/\/digidem-bayern.de\/en\/wp-json\/wp\/v2\/posts\/23387","targetHints":{"allow":["GET"]}}],"collection":[{"href":"https:\/\/digidem-bayern.de\/en\/wp-json\/wp\/v2\/posts"}],"about":[{"href":"https:\/\/digidem-bayern.de\/en\/wp-json\/wp\/v2\/types\/post"}],"author":[{"embeddable":true,"href":"https:\/\/digidem-bayern.de\/en\/wp-json\/wp\/v2\/users\/12"}],"replies":[{"embeddable":true,"href":"https:\/\/digidem-bayern.de\/en\/wp-json\/wp\/v2\/comments?post=23387"}],"version-history":[{"count":2,"href":"https:\/\/digidem-bayern.de\/en\/wp-json\/wp\/v2\/posts\/23387\/revisions"}],"predecessor-version":[{"id":23431,"href":"https:\/\/digidem-bayern.de\/en\/wp-json\/wp\/v2\/posts\/23387\/revisions\/23431"}],"wp:featuredmedia":[{"embeddable":true,"href":"https:\/\/digidem-bayern.de\/en\/wp-json\/wp\/v2\/media\/13862"}],"wp:attachment":[{"href":"https:\/\/digidem-bayern.de\/en\/wp-json\/wp\/v2\/media?parent=23387"}],"wp:term":[{"taxonomy":"category","embeddable":true,"href":"https:\/\/digidem-bayern.de\/en\/wp-json\/wp\/v2\/categories?post=23387"},{"taxonomy":"post_tag","embeddable":true,"href":"https:\/\/digidem-bayern.de\/en\/wp-json\/wp\/v2\/tags?post=23387"}],"curies":[{"name":"wp","href":"https:\/\/api.w.org\/{rel}","templated":true}]}}