{"id":23380,"date":"2022-09-08T11:30:00","date_gmt":"2022-09-08T09:30:00","guid":{"rendered":"https:\/\/digidem-bayern.de\/?p=23380"},"modified":"2022-09-08T13:52:31","modified_gmt":"2022-09-08T11:52:31","slug":"rot-gelb-gruen-angehoerigenampel-misst-zuverlaessig-die-pflegebelastung","status":"publish","type":"post","link":"https:\/\/digidem-bayern.de\/en\/rot-gelb-gruen-angehoerigenampel-misst-zuverlaessig-die-pflegebelastung\/","title":{"rendered":"Rot \u2013 gelb \u2013 gr\u00fcn: Angeh\u00f6rigenampel misst zuverl\u00e4ssig die Pflegebelastung"},"content":{"rendered":"<p><strong><strong>Digitale Unterst\u00fctzungsangebote f\u00fcr Menschen mit Demenz und ihre Angeh\u00f6rige entwickeln: Dies geh\u00f6rt zu den Hauptzielen von digiDEM Bayern. Eines der digitalen Angebote ist mittlerweile ein echter Klassiker. Die digiDEM Bayern-<em>Angeh\u00f6rigenampel<\/em> ist ein kostenloser und wissenschaftlich fundierter Online-Selbsttest, den pflegende Angeh\u00f6rige in nur wenigen Minuten durchf\u00fchren k\u00f6nnen.<\/strong><\/strong><\/p>\n\n\n\n<p>Frauen sind bei der Pflege demenzerkrankter Angeh\u00f6riger st\u00e4rker als M\u00e4nner belastet, Kinder st\u00e4rker als Ehepartner: Zu diesem Ergebnis kommt eine wissenschaftliche Studie rund um das Wissenschaftsteam unseres digiDEM Bayern-Kollegen Nikolas Dietzel.<\/p>\n\n\n\n<p><strong>Individuelle Empfehlung in drei Farben<\/strong><\/p>\n\n\n<div class=\"wp-block-image\">\n<figure class=\"alignright size-large is-resized\"><img loading=\"lazy\" decoding=\"async\" src=\"https:\/\/digidem-bayern.de\/wp-content\/uploads\/2021\/08\/AdobeStock_327426336-1030x687.jpeg\" alt=\"Angeh\u00f6rigenampel\" class=\"wp-image-13865\" width=\"490\" height=\"327\" srcset=\"https:\/\/digidem-bayern.de\/wp-content\/uploads\/2021\/08\/AdobeStock_327426336-1030x687.jpeg 1030w, https:\/\/digidem-bayern.de\/wp-content\/uploads\/2021\/08\/AdobeStock_327426336-300x200.jpeg 300w, https:\/\/digidem-bayern.de\/wp-content\/uploads\/2021\/08\/AdobeStock_327426336-768x512.jpeg 768w, https:\/\/digidem-bayern.de\/wp-content\/uploads\/2021\/08\/AdobeStock_327426336-1536x1024.jpeg 1536w, https:\/\/digidem-bayern.de\/wp-content\/uploads\/2021\/08\/AdobeStock_327426336-2048x1365.jpeg 2048w, https:\/\/digidem-bayern.de\/wp-content\/uploads\/2021\/08\/AdobeStock_327426336-525x350.jpeg 525w, https:\/\/digidem-bayern.de\/wp-content\/uploads\/2021\/08\/AdobeStock_327426336-1320x880.jpeg 1320w, https:\/\/digidem-bayern.de\/wp-content\/uploads\/2021\/08\/AdobeStock_327426336.jpeg 1600w\" sizes=\"auto, (max-width: 490px) 100vw, 490px\" \/><figcaption>Foto: AdobeStock<\/figcaption><\/figure>\n<\/div>\n\n\n<p> Die Pflegebelastung ist hoch, gleichzeitig denken pflegende Angeh\u00f6rige oft zu wenig an sich selbst. Sich der eigenen Situation bewusst zu werden, um Abhilfe schaffen zu k\u00f6nnen \u2013 das ist der Grund, weshalb digiDEM Bayern die sogenannte <em>Angeh\u00f6rigenampel<\/em> entwickelt hat. Der kostenlose Selbsttest ist bereits seit Januar 2021 online. Wer die zehn Fragen beantwortet hat \u2013 darunter Fragen zur k\u00f6rperlichen Ersch\u00f6pfung und zur Lebenszufriedenheit \u00ad\u2013 erh\u00e4lt umgehend das Ergebnis: Gr\u00fcn, gelb oder rot, je nachdem, wie es um die eigene individuelle Situation bestellt ist. Hinzu kommt eine allgemeinverst\u00e4ndliche Handlungsempfehlung. Diese beschreibt die n\u00e4chsten wichtigen Schritte und gibt dadurch einen Ansto\u00df zur Ver\u00e4nderung der Lebenssituation.<\/p>\n\n\n\n<p><strong><strong><strong>G\u00fcltig und zuverl\u00e4ssig<\/strong><\/strong><\/strong><\/p>\n\n\n\n<p>Dem Online-Selbsttest liegt die Kurzform der sogenannten \u201cH\u00e4usliche-Pflege-Skala (HPS)\u201d zugrunde. Dieses Messinstrument wurde von Wissenschaftler*innen des Zentrums f\u00fcr Medizinische Versorgungsforschung des Universit\u00e4tsklinikums Erlangen unter der Leitung des angesehenen Versorgungsforschers, Prof. Elmar Gr\u00e4ssel, entwickelt. Seit sieben Jahren wird es weltweit eingesetzt und ist in \u00fcber 20 Sprachen verf\u00fcgbar. <\/p>\n\n\n\n<p>Die Erlanger Forschenden haben daf\u00fcr in umfangreichen Studien die G\u00fcltigkeit und Zuverl\u00e4ssigkeit der HPS als Erhebungsinstrument wissenschaftlich nachgewiesen. Das bedeutet, dass sich von den mit Hilfe der Angeh\u00f6rigenampel gemessenen Werten zwei wichtige Einsch\u00e4tzungen pr\u00e4zise ableiten lassen: wie stark die subjektive Belastung eines pflegenden Angeh\u00f6rigen ist und, daraus resultierend, wie hoch das Risiko einer gesundheitlichen Beeintr\u00e4chtigung ist.<\/p>\n\n\n\n<p><strong>Neue Studie von digiDEM Bayern<\/strong><\/p>\n\n\n\n<p>Bei der Versorgungsforschung zur Demenz \u00fcbernimmt digiDEM Bayern eine&nbsp;gewichtige Rolle. Nun hat Nikolas Dietzel mit seinem Team ein Forschungsinstrument entwickelt, mit dem sich die wichtigsten Bed\u00fcrfnisse von Menschen mit Demenz und ihren pflegenden Angeh\u00f6rigen erfassen lassen.&nbsp; <\/p>\n\n\n\n<p>In dem Fragebogen &#8222;Dementia Assessment of Service Needs (DEMAND)&#8220; nehmen Betroffene Stellung zu ihrem individuellen Bedarf an spezifischen Unterst\u00fctzungsleistungen. Auf diese Weise k\u00f6nnen regionale Versorgungsl\u00fccken identifiziert und in&nbsp;eine spezifische Versorgungsplanung&nbsp;\u00fcberf\u00fchrt werden. Die Studie wird in K\u00fcrze publiziert.<\/p>\n\n\n\n<p><a href=\"https:\/\/digidem-bayern.de\/en\/angehoerigenampel\/\">Hier gelangen Sie zur Angeh\u00f6rigenampel.<\/a><\/p>\n\n\n\n<p>Hier geht&#8217;s zu den Studien:<\/p>\n\n\n\n<p><a href=\"https:\/\/eref.thieme.de\/ejournals\/1439-4421_2020_01#\/10.1055-a-1071-7886\">Einflussfaktoren auf die Pflegebelastung der Angeh\u00f6rigen von Menschen mit Demenz: der Bayerische Demenz Survey (BayDem)<\/a><\/p>\n\n\n\n<p><a href=\"https:\/\/bmcgeriatr.biomedcentral.com\/articles\/10.1186\/1471-2318-14-23\">Subjective caregiver burden: validity of the 10-item short version of the Burden Scale for Family Caregivers BSFC-s (BMC Geriatrics, 2014)<\/a><\/p>\n\n\n\n<p><a href=\"https:\/\/bmchealthservres.biomedcentral.com\/articles\/10.1186\/s12913-018-3047-4\">Screening for caregivers at risk: Extended validation of the short version of the Burden Scale&nbsp;for Family Caregivers (BSFC-s) with a valid classification system for caregivers caring for an&nbsp;older person at home<\/a><\/p>\n\n\n\n<p><\/p>\n\n\n\n<p><\/p>\n\n\n\n<p><\/p>\n\n\n\n<p style=\"font-size:20px\"><\/p>\n\n\n\n<div style=\"height:20px\" aria-hidden=\"true\" class=\"wp-block-spacer\"><\/div>\n\n\n\n<div style=\"height:20px\" aria-hidden=\"true\" class=\"wp-block-spacer\"><\/div>","protected":false},"excerpt":{"rendered":"<p>Digitale Unterst\u00fctzungsangebote f\u00fcr Menschen mit Demenz und ihre Angeh\u00f6rige entwickeln: Dies geh\u00f6rt zu den Hauptzielen von digiDEM Bayern. Eines der digitalen Angebote ist mittlerweile ein echter Klassiker. Die digiDEM Bayern-Angeh\u00f6rigenampel ist ein kostenloser und wissenschaftlich fundierter Online-Selbsttest, den pflegende Angeh\u00f6rige in nur wenigen Minuten durchf\u00fchren k\u00f6nnen. Frauen sind bei der &hellip;<\/p>","protected":false},"author":12,"featured_media":13865,"comment_status":"open","ping_status":"closed","sticky":false,"template":"","format":"standard","meta":{"qubely_global_settings":"","qubely_interactions":"","_uag_custom_page_level_css":"","footnotes":""},"categories":[5],"tags":[13,260,12,14,17,55,517,518,68,516,93],"class_list":["post-23380","post","type-post","status-publish","format-standard","has-post-thumbnail","hentry","category-wissenschaft-forschung","tag-alzheimer","tag-angehoerigenampel","tag-demenz-2","tag-digidem","tag-digidem-bayern","tag-digitales-demenzregister-bayern","tag-elmar-graessel-2","tag-koerperliche-erschoepfung","tag-nikolas-dietzel","tag-online-selbsttest","tag-pflegende-angehoerige"],"qubely_featured_image_url":{"full":["https:\/\/digidem-bayern.de\/wp-content\/uploads\/2021\/08\/AdobeStock_327426336.jpeg",1600,1067,false],"landscape":["https:\/\/digidem-bayern.de\/wp-content\/uploads\/2021\/08\/AdobeStock_327426336-1200x750.jpeg",1200,750,true],"portraits":["https:\/\/digidem-bayern.de\/wp-content\/uploads\/2021\/08\/AdobeStock_327426336-540x320.jpeg",540,320,true],"thumbnail":["https:\/\/digidem-bayern.de\/wp-content\/uploads\/2021\/08\/AdobeStock_327426336-80x80.jpeg",80,80,true],"medium":["https:\/\/digidem-bayern.de\/wp-content\/uploads\/2021\/08\/AdobeStock_327426336-300x200.jpeg",300,200,true],"medium_large":["https:\/\/digidem-bayern.de\/wp-content\/uploads\/2021\/08\/AdobeStock_327426336-768x512.jpeg",768,512,true],"large":["https:\/\/digidem-bayern.de\/wp-content\/uploads\/2021\/08\/AdobeStock_327426336-1030x687.jpeg",1030,687,true],"1536x1536":["https:\/\/digidem-bayern.de\/wp-content\/uploads\/2021\/08\/AdobeStock_327426336-1536x1024.jpeg",1536,1024,true],"2048x2048":["https:\/\/digidem-bayern.de\/wp-content\/uploads\/2021\/08\/AdobeStock_327426336-2048x1365.jpeg",2048,1365,true],"trp-custom-language-flag":["https:\/\/digidem-bayern.de\/wp-content\/uploads\/2021\/08\/AdobeStock_327426336.jpeg",18,12,false],"qubely_landscape":["https:\/\/digidem-bayern.de\/wp-content\/uploads\/2021\/08\/AdobeStock_327426336-1200x750.jpeg",1200,750,true],"qubely_portrait":["https:\/\/digidem-bayern.de\/wp-content\/uploads\/2021\/08\/AdobeStock_327426336-540x320.jpeg",540,320,true],"qubely_thumbnail":["https:\/\/digidem-bayern.de\/wp-content\/uploads\/2021\/08\/AdobeStock_327426336-140x100.jpeg",140,100,true],"post-thumbnail":["https:\/\/digidem-bayern.de\/wp-content\/uploads\/2021\/08\/AdobeStock_327426336-525x350.jpeg",525,350,true],"kahuna-featured":["https:\/\/digidem-bayern.de\/wp-content\/uploads\/2021\/08\/AdobeStock_327426336-734x350.jpeg",734,350,true],"kahuna-featured-lp":["https:\/\/digidem-bayern.de\/wp-content\/uploads\/2021\/08\/AdobeStock_327426336-520x350.jpeg",520,350,true],"kahuna-featured-half":["https:\/\/digidem-bayern.de\/wp-content\/uploads\/2021\/08\/AdobeStock_327426336-800x350.jpeg",800,350,true],"kahuna-featured-third":["https:\/\/digidem-bayern.de\/wp-content\/uploads\/2021\/08\/AdobeStock_327426336-512x350.jpeg",512,350,true],"kahuna-lpbox-1":["https:\/\/digidem-bayern.de\/wp-content\/uploads\/2021\/08\/AdobeStock_327426336-520x350.jpeg",446,300,true],"kahuna-lpbox-2":["https:\/\/digidem-bayern.de\/wp-content\/uploads\/2021\/08\/AdobeStock_327426336-520x350.jpeg",520,350,true],"demand-language-flag":["https:\/\/digidem-bayern.de\/wp-content\/uploads\/2021\/08\/AdobeStock_327426336.jpeg",36,24,false],"dddkt-language-flag":["https:\/\/digidem-bayern.de\/wp-content\/uploads\/2021\/08\/AdobeStock_327426336.jpeg",36,24,false],"ddiqc-language-flag":["https:\/\/digidem-bayern.de\/wp-content\/uploads\/2021\/08\/AdobeStock_327426336.jpeg",36,24,false],"ddtl-language-flag":["https:\/\/digidem-bayern.de\/wp-content\/uploads\/2021\/08\/AdobeStock_327426336-36x36.jpeg",36,36,true],"mailpoet_newsletter_max":["https:\/\/digidem-bayern.de\/wp-content\/uploads\/2021\/08\/AdobeStock_327426336-1320x880.jpeg",1320,880,true],"kahuna-lpbox-3":["https:\/\/digidem-bayern.de\/wp-content\/uploads\/2021\/08\/AdobeStock_327426336-520x350.jpeg",520,350,true],"kahuna-featured-square":["https:\/\/digidem-bayern.de\/wp-content\/uploads\/2021\/08\/AdobeStock_327426336-512x512.jpeg",512,512,true],"kahuna-featured-square-large":["https:\/\/digidem-bayern.de\/wp-content\/uploads\/2021\/08\/AdobeStock_327426336-1024x1024.jpeg",1024,1024,true]},"qubely_author":{"display_name":"Ilona H\u00f6rath","author_link":"https:\/\/digidem-bayern.de\/en\/author\/hoeratia\/"},"qubely_comment":0,"qubely_category":"<a href=\"https:\/\/digidem-bayern.de\/en\/category\/wissenschaft-forschung\/\" rel=\"category tag\">Wissenschaft &amp; Forschung<\/a>","qubely_excerpt":"Digitale Unterst\u00fctzungsangebote f\u00fcr Menschen mit Demenz und ihre Angeh\u00f6rige entwickeln: Dies geh\u00f6rt zu den Hauptzielen von digiDEM Bayern. Eines der digitalen Angebote ist mittlerweile ein echter Klassiker. Die digiDEM Bayern-Angeh\u00f6rigenampel ist ein kostenloser und wissenschaftlich fundierter Online-Selbsttest, den pflegende Angeh\u00f6rige in nur wenigen Minuten durchf\u00fchren k\u00f6nnen. Frauen sind bei der &hellip;","featured_image_urls_v2":{"full":["https:\/\/digidem-bayern.de\/wp-content\/uploads\/2021\/08\/AdobeStock_327426336.jpeg",1600,1067,false],"thumbnail":["https:\/\/digidem-bayern.de\/wp-content\/uploads\/2021\/08\/AdobeStock_327426336-80x80.jpeg",80,80,true],"medium":["https:\/\/digidem-bayern.de\/wp-content\/uploads\/2021\/08\/AdobeStock_327426336-300x200.jpeg",300,200,true],"medium_large":["https:\/\/digidem-bayern.de\/wp-content\/uploads\/2021\/08\/AdobeStock_327426336-768x512.jpeg",768,512,true],"large":["https:\/\/digidem-bayern.de\/wp-content\/uploads\/2021\/08\/AdobeStock_327426336-1030x687.jpeg",1030,687,true],"1536x1536":["https:\/\/digidem-bayern.de\/wp-content\/uploads\/2021\/08\/AdobeStock_327426336-1536x1024.jpeg",1536,1024,true],"2048x2048":["https:\/\/digidem-bayern.de\/wp-content\/uploads\/2021\/08\/AdobeStock_327426336-2048x1365.jpeg",2048,1365,true],"trp-custom-language-flag":["https:\/\/digidem-bayern.de\/wp-content\/uploads\/2021\/08\/AdobeStock_327426336.jpeg",18,12,false],"qubely_landscape":["https:\/\/digidem-bayern.de\/wp-content\/uploads\/2021\/08\/AdobeStock_327426336-1200x750.jpeg",1200,750,true],"qubely_portrait":["https:\/\/digidem-bayern.de\/wp-content\/uploads\/2021\/08\/AdobeStock_327426336-540x320.jpeg",540,320,true],"qubely_thumbnail":["https:\/\/digidem-bayern.de\/wp-content\/uploads\/2021\/08\/AdobeStock_327426336-140x100.jpeg",140,100,true],"post-thumbnail":["https:\/\/digidem-bayern.de\/wp-content\/uploads\/2021\/08\/AdobeStock_327426336-525x350.jpeg",525,350,true],"kahuna-featured":["https:\/\/digidem-bayern.de\/wp-content\/uploads\/2021\/08\/AdobeStock_327426336-734x350.jpeg",734,350,true],"kahuna-featured-lp":["https:\/\/digidem-bayern.de\/wp-content\/uploads\/2021\/08\/AdobeStock_327426336-520x350.jpeg",520,350,true],"kahuna-featured-half":["https:\/\/digidem-bayern.de\/wp-content\/uploads\/2021\/08\/AdobeStock_327426336-800x350.jpeg",800,350,true],"kahuna-featured-third":["https:\/\/digidem-bayern.de\/wp-content\/uploads\/2021\/08\/AdobeStock_327426336-512x350.jpeg",512,350,true],"kahuna-lpbox-1":["https:\/\/digidem-bayern.de\/wp-content\/uploads\/2021\/08\/AdobeStock_327426336-520x350.jpeg",446,300,true],"kahuna-lpbox-2":["https:\/\/digidem-bayern.de\/wp-content\/uploads\/2021\/08\/AdobeStock_327426336-520x350.jpeg",520,350,true],"demand-language-flag":["https:\/\/digidem-bayern.de\/wp-content\/uploads\/2021\/08\/AdobeStock_327426336.jpeg",36,24,false],"dddkt-language-flag":["https:\/\/digidem-bayern.de\/wp-content\/uploads\/2021\/08\/AdobeStock_327426336.jpeg",36,24,false],"ddiqc-language-flag":["https:\/\/digidem-bayern.de\/wp-content\/uploads\/2021\/08\/AdobeStock_327426336.jpeg",36,24,false],"ddtl-language-flag":["https:\/\/digidem-bayern.de\/wp-content\/uploads\/2021\/08\/AdobeStock_327426336-36x36.jpeg",36,36,true],"mailpoet_newsletter_max":["https:\/\/digidem-bayern.de\/wp-content\/uploads\/2021\/08\/AdobeStock_327426336-1320x880.jpeg",1320,880,true],"kahuna-lpbox-3":["https:\/\/digidem-bayern.de\/wp-content\/uploads\/2021\/08\/AdobeStock_327426336-520x350.jpeg",520,350,true],"kahuna-featured-square":["https:\/\/digidem-bayern.de\/wp-content\/uploads\/2021\/08\/AdobeStock_327426336-512x512.jpeg",512,512,true],"kahuna-featured-square-large":["https:\/\/digidem-bayern.de\/wp-content\/uploads\/2021\/08\/AdobeStock_327426336-1024x1024.jpeg",1024,1024,true]},"post_excerpt_stackable_v2":"<p>Digitale Unterst\u00fctzungsangebote f\u00fcr Menschen mit Demenz und ihre Angeh\u00f6rige entwickeln: Dies geh\u00f6rt zu den Hauptzielen von digiDEM Bayern. Eines der digitalen Angebote ist mittlerweile ein echter Klassiker. Die digiDEM Bayern-Angeh\u00f6rigenampel ist ein kostenloser und wissenschaftlich fundierter Online-Selbsttest, den pflegende Angeh\u00f6rige in nur wenigen Minuten durchf\u00fchren k\u00f6nnen. Frauen sind bei der Pflege demenzerkrankter Angeh\u00f6riger st\u00e4rker als M\u00e4nner belastet, Kinder st\u00e4rker als Ehepartner: Zu diesem Ergebnis kommt eine wissenschaftliche Studie rund um das Wissenschaftsteam unseres digiDEM Bayern-Kollegen Nikolas Dietzel. Individuelle Empfehlung in drei Farben Foto: AdobeStock Die Pflegebelastung ist hoch, gleichzeitig denken pflegende Angeh\u00f6rige oft zu wenig an sich selbst. Sich der&hellip;<\/p>\n","category_list_v2":"<a href=\"https:\/\/digidem-bayern.de\/en\/category\/wissenschaft-forschung\/\" rel=\"category tag\">Wissenschaft &amp; Forschung<\/a>","author_info_v2":{"name":"Ilona H\u00f6rath","url":"https:\/\/digidem-bayern.de\/en\/author\/hoeratia\/"},"comments_num_v2":"0 comments","yoast_head":"<!-- This site is optimized with the Yoast SEO plugin v27.4 - https:\/\/yoast.com\/product\/yoast-seo-wordpress\/ -->\n<title>Rot \u2013 gelb \u2013 gr\u00fcn: Angeh\u00f6rigenampel misst zuverl\u00e4ssig die Pflegebelastung - digiDEM Bayern<\/title>\n<meta name=\"description\" content=\"Der Bayerische Landesapothekerkammer unterst\u00fctzt digiDEM Bayern mit Hilfe des Netzwerks &quot;Demenzfreundliche Apotheken&quot;.\" \/>\n<meta name=\"robots\" content=\"index, follow, max-snippet:-1, max-image-preview:large, max-video-preview:-1\" \/>\n<link rel=\"canonical\" href=\"https:\/\/digidem-bayern.de\/en\/rot-gelb-gruen-angehoerigenampel-misst-zuverlaessig-die-pflegebelastung\/\" \/>\n<meta property=\"og:locale\" content=\"en_US\" \/>\n<meta property=\"og:type\" content=\"article\" \/>\n<meta property=\"og:title\" content=\"Rot \u2013 gelb \u2013 gr\u00fcn: Angeh\u00f6rigenampel misst zuverl\u00e4ssig die Pflegebelastung - digiDEM Bayern\" \/>\n<meta property=\"og:description\" content=\"Der Bayerische Landesapothekerkammer unterst\u00fctzt digiDEM Bayern mit Hilfe des Netzwerks &quot;Demenzfreundliche Apotheken&quot;.\" \/>\n<meta property=\"og:url\" content=\"https:\/\/digidem-bayern.de\/en\/rot-gelb-gruen-angehoerigenampel-misst-zuverlaessig-die-pflegebelastung\/\" \/>\n<meta property=\"og:site_name\" content=\"digiDEM Bayern\" \/>\n<meta property=\"article:publisher\" content=\"https:\/\/www.facebook.com\/digiDEMBayern\/\" \/>\n<meta property=\"article:published_time\" content=\"2022-09-08T09:30:00+00:00\" \/>\n<meta property=\"article:modified_time\" content=\"2022-09-08T11:52:31+00:00\" \/>\n<meta property=\"og:image\" content=\"https:\/\/digidem-bayern.de\/wp-content\/uploads\/2021\/08\/AdobeStock_327426336.jpeg\" \/>\n\t<meta property=\"og:image:width\" content=\"1600\" \/>\n\t<meta property=\"og:image:height\" content=\"1067\" \/>\n\t<meta property=\"og:image:type\" content=\"image\/jpeg\" \/>\n<meta name=\"author\" content=\"Ilona H\u00f6rath\" \/>\n<meta name=\"twitter:label1\" content=\"Written by\" \/>\n\t<meta name=\"twitter:data1\" content=\"Ilona H\u00f6rath\" \/>\n\t<meta name=\"twitter:label2\" content=\"Est. reading time\" \/>\n\t<meta name=\"twitter:data2\" content=\"2 minutes\" \/>\n<script type=\"application\/ld+json\" class=\"yoast-schema-graph\">{\"@context\":\"https:\\\/\\\/schema.org\",\"@graph\":[{\"@type\":\"Article\",\"@id\":\"https:\\\/\\\/digidem-bayern.de\\\/rot-gelb-gruen-angehoerigenampel-misst-zuverlaessig-die-pflegebelastung\\\/#article\",\"isPartOf\":{\"@id\":\"https:\\\/\\\/digidem-bayern.de\\\/rot-gelb-gruen-angehoerigenampel-misst-zuverlaessig-die-pflegebelastung\\\/\"},\"author\":{\"name\":\"Ilona H\u00f6rath\",\"@id\":\"\\\/#\\\/schema\\\/person\\\/0bc1494f46fc2a051c761322a80e0941\"},\"headline\":\"Rot \u2013 gelb \u2013 gr\u00fcn: Angeh\u00f6rigenampel misst zuverl\u00e4ssig die Pflegebelastung\",\"datePublished\":\"2022-09-08T09:30:00+00:00\",\"dateModified\":\"2022-09-08T11:52:31+00:00\",\"mainEntityOfPage\":{\"@id\":\"https:\\\/\\\/digidem-bayern.de\\\/rot-gelb-gruen-angehoerigenampel-misst-zuverlaessig-die-pflegebelastung\\\/\"},\"wordCount\":511,\"commentCount\":0,\"publisher\":{\"@id\":\"\\\/#organization\"},\"image\":{\"@id\":\"https:\\\/\\\/digidem-bayern.de\\\/rot-gelb-gruen-angehoerigenampel-misst-zuverlaessig-die-pflegebelastung\\\/#primaryimage\"},\"thumbnailUrl\":\"https:\\\/\\\/digidem-bayern.de\\\/wp-content\\\/uploads\\\/2021\\\/08\\\/AdobeStock_327426336.jpeg\",\"keywords\":[\"Alzheimer\",\"Angeh\u00f6rigenampel\",\"Demenz\",\"digidem\",\"digidem Bayern\",\"Digitales Demenzregister Bayern\",\"Elmar Gr\u00e4ssel\",\"k\u00f6rperliche Ersch\u00f6pfung\",\"Nikolas Dietzel\",\"Online-Selbsttest\",\"pflegende Angeh\u00f6rige\"],\"articleSection\":[\"Wissenschaft &amp; Forschung\"],\"inLanguage\":\"en-US\",\"potentialAction\":[{\"@type\":\"CommentAction\",\"name\":\"Comment\",\"target\":[\"https:\\\/\\\/digidem-bayern.de\\\/rot-gelb-gruen-angehoerigenampel-misst-zuverlaessig-die-pflegebelastung\\\/#respond\"]}]},{\"@type\":\"WebPage\",\"@id\":\"https:\\\/\\\/digidem-bayern.de\\\/rot-gelb-gruen-angehoerigenampel-misst-zuverlaessig-die-pflegebelastung\\\/\",\"url\":\"https:\\\/\\\/digidem-bayern.de\\\/rot-gelb-gruen-angehoerigenampel-misst-zuverlaessig-die-pflegebelastung\\\/\",\"name\":\"Rot \u2013 gelb \u2013 gr\u00fcn: Angeh\u00f6rigenampel misst zuverl\u00e4ssig die Pflegebelastung - digiDEM Bayern\",\"isPartOf\":{\"@id\":\"\\\/#website\"},\"primaryImageOfPage\":{\"@id\":\"https:\\\/\\\/digidem-bayern.de\\\/rot-gelb-gruen-angehoerigenampel-misst-zuverlaessig-die-pflegebelastung\\\/#primaryimage\"},\"image\":{\"@id\":\"https:\\\/\\\/digidem-bayern.de\\\/rot-gelb-gruen-angehoerigenampel-misst-zuverlaessig-die-pflegebelastung\\\/#primaryimage\"},\"thumbnailUrl\":\"https:\\\/\\\/digidem-bayern.de\\\/wp-content\\\/uploads\\\/2021\\\/08\\\/AdobeStock_327426336.jpeg\",\"datePublished\":\"2022-09-08T09:30:00+00:00\",\"dateModified\":\"2022-09-08T11:52:31+00:00\",\"description\":\"Der Bayerische Landesapothekerkammer unterst\u00fctzt digiDEM Bayern mit Hilfe des Netzwerks \\\"Demenzfreundliche Apotheken\\\".\",\"breadcrumb\":{\"@id\":\"https:\\\/\\\/digidem-bayern.de\\\/rot-gelb-gruen-angehoerigenampel-misst-zuverlaessig-die-pflegebelastung\\\/#breadcrumb\"},\"inLanguage\":\"en-US\",\"potentialAction\":[{\"@type\":\"ReadAction\",\"target\":[\"https:\\\/\\\/digidem-bayern.de\\\/rot-gelb-gruen-angehoerigenampel-misst-zuverlaessig-die-pflegebelastung\\\/\"]}]},{\"@type\":\"ImageObject\",\"inLanguage\":\"en-US\",\"@id\":\"https:\\\/\\\/digidem-bayern.de\\\/rot-gelb-gruen-angehoerigenampel-misst-zuverlaessig-die-pflegebelastung\\\/#primaryimage\",\"url\":\"https:\\\/\\\/digidem-bayern.de\\\/wp-content\\\/uploads\\\/2021\\\/08\\\/AdobeStock_327426336.jpeg\",\"contentUrl\":\"https:\\\/\\\/digidem-bayern.de\\\/wp-content\\\/uploads\\\/2021\\\/08\\\/AdobeStock_327426336.jpeg\",\"width\":1600,\"height\":1067,\"caption\":\"Angeh\u00f6rigenampel\"},{\"@type\":\"BreadcrumbList\",\"@id\":\"https:\\\/\\\/digidem-bayern.de\\\/rot-gelb-gruen-angehoerigenampel-misst-zuverlaessig-die-pflegebelastung\\\/#breadcrumb\",\"itemListElement\":[{\"@type\":\"ListItem\",\"position\":1,\"name\":\"Startseite\",\"item\":\"https:\\\/\\\/digidem-bayern.de\\\/\"},{\"@type\":\"ListItem\",\"position\":2,\"name\":\"Rot \u2013 gelb \u2013 gr\u00fcn: Angeh\u00f6rigenampel misst zuverl\u00e4ssig die Pflegebelastung\"}]},{\"@type\":\"WebSite\",\"@id\":\"\\\/#website\",\"url\":\"\\\/\",\"name\":\"digiDEM Bayern\",\"description\":\"Das digitale Demenzregister Bayern erforscht und verbessert die Angebotsstuktur f\u00fcr Menschen mit Demenz und deren Angeh\u00f6rige\",\"publisher\":{\"@id\":\"\\\/#organization\"},\"potentialAction\":[{\"@type\":\"SearchAction\",\"target\":{\"@type\":\"EntryPoint\",\"urlTemplate\":\"\\\/?s={search_term_string}\"},\"query-input\":{\"@type\":\"PropertyValueSpecification\",\"valueRequired\":true,\"valueName\":\"search_term_string\"}}],\"inLanguage\":\"en-US\"},{\"@type\":\"Organization\",\"@id\":\"\\\/#organization\",\"name\":\"digiDEM Bayern\",\"url\":\"\\\/\",\"logo\":{\"@type\":\"ImageObject\",\"inLanguage\":\"en-US\",\"@id\":\"\\\/#\\\/schema\\\/logo\\\/image\\\/\",\"url\":\"https:\\\/\\\/digidem-bayern.de\\\/wp-content\\\/uploads\\\/2022\\\/03\\\/cropped-Allgemeines_digiDEMLOGO-removebg-preview.png\",\"contentUrl\":\"https:\\\/\\\/digidem-bayern.de\\\/wp-content\\\/uploads\\\/2022\\\/03\\\/cropped-Allgemeines_digiDEMLOGO-removebg-preview.png\",\"width\":612,\"height\":357,\"caption\":\"digiDEM Bayern\"},\"image\":{\"@id\":\"\\\/#\\\/schema\\\/logo\\\/image\\\/\"},\"sameAs\":[\"https:\\\/\\\/www.facebook.com\\\/digiDEMBayern\\\/\",\"https:\\\/\\\/x.com\\\/digidem_bayern\",\"https:\\\/\\\/www.instagram.com\\\/digidem.bayern\",\"https:\\\/\\\/www.linkedin.com\\\/company\\\/digidem-bayern\\\/\"]},{\"@type\":\"Person\",\"@id\":\"\\\/#\\\/schema\\\/person\\\/0bc1494f46fc2a051c761322a80e0941\",\"name\":\"Ilona H\u00f6rath\",\"url\":\"https:\\\/\\\/digidem-bayern.de\\\/en\\\/author\\\/hoeratia\\\/\"}]}<\/script>\n<!-- \/ Yoast SEO plugin. -->","yoast_head_json":{"title":"Rot \u2013 gelb \u2013 gr\u00fcn: Angeh\u00f6rigenampel misst zuverl\u00e4ssig die Pflegebelastung - digiDEM Bayern","description":"Der Bayerische Landesapothekerkammer unterst\u00fctzt digiDEM Bayern mit Hilfe des Netzwerks \"Demenzfreundliche Apotheken\".","robots":{"index":"index","follow":"follow","max-snippet":"max-snippet:-1","max-image-preview":"max-image-preview:large","max-video-preview":"max-video-preview:-1"},"canonical":"https:\/\/digidem-bayern.de\/en\/rot-gelb-gruen-angehoerigenampel-misst-zuverlaessig-die-pflegebelastung\/","og_locale":"en_US","og_type":"article","og_title":"Rot \u2013 gelb \u2013 gr\u00fcn: Angeh\u00f6rigenampel misst zuverl\u00e4ssig die Pflegebelastung - digiDEM Bayern","og_description":"Der Bayerische Landesapothekerkammer unterst\u00fctzt digiDEM Bayern mit Hilfe des Netzwerks \"Demenzfreundliche Apotheken\".","og_url":"https:\/\/digidem-bayern.de\/en\/rot-gelb-gruen-angehoerigenampel-misst-zuverlaessig-die-pflegebelastung\/","og_site_name":"digiDEM Bayern","article_publisher":"https:\/\/www.facebook.com\/digiDEMBayern\/","article_published_time":"2022-09-08T09:30:00+00:00","article_modified_time":"2022-09-08T11:52:31+00:00","og_image":[{"width":1600,"height":1067,"url":"https:\/\/digidem-bayern.de\/wp-content\/uploads\/2021\/08\/AdobeStock_327426336.jpeg","type":"image\/jpeg"}],"author":"Ilona H\u00f6rath","twitter_misc":{"Written by":"Ilona H\u00f6rath","Est. reading time":"2 minutes"},"schema":{"@context":"https:\/\/schema.org","@graph":[{"@type":"Article","@id":"https:\/\/digidem-bayern.de\/rot-gelb-gruen-angehoerigenampel-misst-zuverlaessig-die-pflegebelastung\/#article","isPartOf":{"@id":"https:\/\/digidem-bayern.de\/rot-gelb-gruen-angehoerigenampel-misst-zuverlaessig-die-pflegebelastung\/"},"author":{"name":"Ilona H\u00f6rath","@id":"\/#\/schema\/person\/0bc1494f46fc2a051c761322a80e0941"},"headline":"Rot \u2013 gelb \u2013 gr\u00fcn: Angeh\u00f6rigenampel misst zuverl\u00e4ssig die Pflegebelastung","datePublished":"2022-09-08T09:30:00+00:00","dateModified":"2022-09-08T11:52:31+00:00","mainEntityOfPage":{"@id":"https:\/\/digidem-bayern.de\/rot-gelb-gruen-angehoerigenampel-misst-zuverlaessig-die-pflegebelastung\/"},"wordCount":511,"commentCount":0,"publisher":{"@id":"\/#organization"},"image":{"@id":"https:\/\/digidem-bayern.de\/rot-gelb-gruen-angehoerigenampel-misst-zuverlaessig-die-pflegebelastung\/#primaryimage"},"thumbnailUrl":"https:\/\/digidem-bayern.de\/wp-content\/uploads\/2021\/08\/AdobeStock_327426336.jpeg","keywords":["Alzheimer","Angeh\u00f6rigenampel","Demenz","digidem","digidem Bayern","Digitales Demenzregister Bayern","Elmar Gr\u00e4ssel","k\u00f6rperliche Ersch\u00f6pfung","Nikolas Dietzel","Online-Selbsttest","pflegende Angeh\u00f6rige"],"articleSection":["Wissenschaft &amp; Forschung"],"inLanguage":"en-US","potentialAction":[{"@type":"CommentAction","name":"Comment","target":["https:\/\/digidem-bayern.de\/rot-gelb-gruen-angehoerigenampel-misst-zuverlaessig-die-pflegebelastung\/#respond"]}]},{"@type":"WebPage","@id":"https:\/\/digidem-bayern.de\/rot-gelb-gruen-angehoerigenampel-misst-zuverlaessig-die-pflegebelastung\/","url":"https:\/\/digidem-bayern.de\/rot-gelb-gruen-angehoerigenampel-misst-zuverlaessig-die-pflegebelastung\/","name":"Rot \u2013 gelb \u2013 gr\u00fcn: Angeh\u00f6rigenampel misst zuverl\u00e4ssig die Pflegebelastung - digiDEM Bayern","isPartOf":{"@id":"\/#website"},"primaryImageOfPage":{"@id":"https:\/\/digidem-bayern.de\/rot-gelb-gruen-angehoerigenampel-misst-zuverlaessig-die-pflegebelastung\/#primaryimage"},"image":{"@id":"https:\/\/digidem-bayern.de\/rot-gelb-gruen-angehoerigenampel-misst-zuverlaessig-die-pflegebelastung\/#primaryimage"},"thumbnailUrl":"https:\/\/digidem-bayern.de\/wp-content\/uploads\/2021\/08\/AdobeStock_327426336.jpeg","datePublished":"2022-09-08T09:30:00+00:00","dateModified":"2022-09-08T11:52:31+00:00","description":"Der Bayerische Landesapothekerkammer unterst\u00fctzt digiDEM Bayern mit Hilfe des Netzwerks \"Demenzfreundliche Apotheken\".","breadcrumb":{"@id":"https:\/\/digidem-bayern.de\/rot-gelb-gruen-angehoerigenampel-misst-zuverlaessig-die-pflegebelastung\/#breadcrumb"},"inLanguage":"en-US","potentialAction":[{"@type":"ReadAction","target":["https:\/\/digidem-bayern.de\/rot-gelb-gruen-angehoerigenampel-misst-zuverlaessig-die-pflegebelastung\/"]}]},{"@type":"ImageObject","inLanguage":"en-US","@id":"https:\/\/digidem-bayern.de\/rot-gelb-gruen-angehoerigenampel-misst-zuverlaessig-die-pflegebelastung\/#primaryimage","url":"https:\/\/digidem-bayern.de\/wp-content\/uploads\/2021\/08\/AdobeStock_327426336.jpeg","contentUrl":"https:\/\/digidem-bayern.de\/wp-content\/uploads\/2021\/08\/AdobeStock_327426336.jpeg","width":1600,"height":1067,"caption":"Angeh\u00f6rigenampel"},{"@type":"BreadcrumbList","@id":"https:\/\/digidem-bayern.de\/rot-gelb-gruen-angehoerigenampel-misst-zuverlaessig-die-pflegebelastung\/#breadcrumb","itemListElement":[{"@type":"ListItem","position":1,"name":"Startseite","item":"https:\/\/digidem-bayern.de\/"},{"@type":"ListItem","position":2,"name":"Rot \u2013 gelb \u2013 gr\u00fcn: Angeh\u00f6rigenampel misst zuverl\u00e4ssig die Pflegebelastung"}]},{"@type":"WebSite","@id":"\/#website","url":"\/","name":"digiDEM Bavaria","description":"The digital dementia register in Bavaria researches and improves the structure of services for people with dementia and their relatives","publisher":{"@id":"\/#organization"},"potentialAction":[{"@type":"SearchAction","target":{"@type":"EntryPoint","urlTemplate":"\/?s={search_term_string}"},"query-input":{"@type":"PropertyValueSpecification","valueRequired":true,"valueName":"search_term_string"}}],"inLanguage":"en-US"},{"@type":"Organization","@id":"\/#organization","name":"digiDEM Bavaria","url":"\/","logo":{"@type":"ImageObject","inLanguage":"en-US","@id":"\/#\/schema\/logo\/image\/","url":"https:\/\/digidem-bayern.de\/wp-content\/uploads\/2022\/03\/cropped-Allgemeines_digiDEMLOGO-removebg-preview.png","contentUrl":"https:\/\/digidem-bayern.de\/wp-content\/uploads\/2022\/03\/cropped-Allgemeines_digiDEMLOGO-removebg-preview.png","width":612,"height":357,"caption":"digiDEM Bayern"},"image":{"@id":"\/#\/schema\/logo\/image\/"},"sameAs":["https:\/\/www.facebook.com\/digiDEMBayern\/","https:\/\/x.com\/digidem_bayern","https:\/\/www.instagram.com\/digidem.bayern","https:\/\/www.linkedin.com\/company\/digidem-bayern\/"]},{"@type":"Person","@id":"\/#\/schema\/person\/0bc1494f46fc2a051c761322a80e0941","name":"Ilona H\u00f6rath","url":"https:\/\/digidem-bayern.de\/en\/author\/hoeratia\/"}]}},"uagb_featured_image_src":{"full":["https:\/\/digidem-bayern.de\/wp-content\/uploads\/2021\/08\/AdobeStock_327426336.jpeg",1600,1067,false],"thumbnail":["https:\/\/digidem-bayern.de\/wp-content\/uploads\/2021\/08\/AdobeStock_327426336-80x80.jpeg",80,80,true],"medium":["https:\/\/digidem-bayern.de\/wp-content\/uploads\/2021\/08\/AdobeStock_327426336-300x200.jpeg",300,200,true],"medium_large":["https:\/\/digidem-bayern.de\/wp-content\/uploads\/2021\/08\/AdobeStock_327426336-768x512.jpeg",768,512,true],"large":["https:\/\/digidem-bayern.de\/wp-content\/uploads\/2021\/08\/AdobeStock_327426336-1030x687.jpeg",1030,687,true],"1536x1536":["https:\/\/digidem-bayern.de\/wp-content\/uploads\/2021\/08\/AdobeStock_327426336-1536x1024.jpeg",1536,1024,true],"2048x2048":["https:\/\/digidem-bayern.de\/wp-content\/uploads\/2021\/08\/AdobeStock_327426336-2048x1365.jpeg",2048,1365,true],"trp-custom-language-flag":["https:\/\/digidem-bayern.de\/wp-content\/uploads\/2021\/08\/AdobeStock_327426336.jpeg",18,12,false],"qubely_landscape":["https:\/\/digidem-bayern.de\/wp-content\/uploads\/2021\/08\/AdobeStock_327426336-1200x750.jpeg",1200,750,true],"qubely_portrait":["https:\/\/digidem-bayern.de\/wp-content\/uploads\/2021\/08\/AdobeStock_327426336-540x320.jpeg",540,320,true],"qubely_thumbnail":["https:\/\/digidem-bayern.de\/wp-content\/uploads\/2021\/08\/AdobeStock_327426336-140x100.jpeg",140,100,true],"post-thumbnail":["https:\/\/digidem-bayern.de\/wp-content\/uploads\/2021\/08\/AdobeStock_327426336-525x350.jpeg",525,350,true],"kahuna-featured":["https:\/\/digidem-bayern.de\/wp-content\/uploads\/2021\/08\/AdobeStock_327426336-734x350.jpeg",734,350,true],"kahuna-featured-lp":["https:\/\/digidem-bayern.de\/wp-content\/uploads\/2021\/08\/AdobeStock_327426336-520x350.jpeg",520,350,true],"kahuna-featured-half":["https:\/\/digidem-bayern.de\/wp-content\/uploads\/2021\/08\/AdobeStock_327426336-800x350.jpeg",800,350,true],"kahuna-featured-third":["https:\/\/digidem-bayern.de\/wp-content\/uploads\/2021\/08\/AdobeStock_327426336-512x350.jpeg",512,350,true],"kahuna-lpbox-1":["https:\/\/digidem-bayern.de\/wp-content\/uploads\/2021\/08\/AdobeStock_327426336-520x350.jpeg",446,300,true],"kahuna-lpbox-2":["https:\/\/digidem-bayern.de\/wp-content\/uploads\/2021\/08\/AdobeStock_327426336-520x350.jpeg",520,350,true],"demand-language-flag":["https:\/\/digidem-bayern.de\/wp-content\/uploads\/2021\/08\/AdobeStock_327426336.jpeg",36,24,false],"dddkt-language-flag":["https:\/\/digidem-bayern.de\/wp-content\/uploads\/2021\/08\/AdobeStock_327426336.jpeg",36,24,false],"ddiqc-language-flag":["https:\/\/digidem-bayern.de\/wp-content\/uploads\/2021\/08\/AdobeStock_327426336.jpeg",36,24,false],"ddtl-language-flag":["https:\/\/digidem-bayern.de\/wp-content\/uploads\/2021\/08\/AdobeStock_327426336-36x36.jpeg",36,36,true],"mailpoet_newsletter_max":["https:\/\/digidem-bayern.de\/wp-content\/uploads\/2021\/08\/AdobeStock_327426336-1320x880.jpeg",1320,880,true],"kahuna-lpbox-3":["https:\/\/digidem-bayern.de\/wp-content\/uploads\/2021\/08\/AdobeStock_327426336-520x350.jpeg",520,350,true],"kahuna-featured-square":["https:\/\/digidem-bayern.de\/wp-content\/uploads\/2021\/08\/AdobeStock_327426336-512x512.jpeg",512,512,true],"kahuna-featured-square-large":["https:\/\/digidem-bayern.de\/wp-content\/uploads\/2021\/08\/AdobeStock_327426336-1024x1024.jpeg",1024,1024,true]},"uagb_author_info":{"display_name":"Ilona H\u00f6rath","author_link":"https:\/\/digidem-bayern.de\/en\/author\/hoeratia\/"},"uagb_comment_info":0,"uagb_excerpt":"Digitale Unterst\u00fctzungsangebote f\u00fcr Menschen mit Demenz und ihre Angeh\u00f6rige entwickeln: Dies geh\u00f6rt zu den Hauptzielen von digiDEM Bayern. Eines der digitalen Angebote ist mittlerweile ein echter Klassiker. Die digiDEM Bayern-Angeh\u00f6rigenampel ist ein kostenloser und wissenschaftlich fundierter Online-Selbsttest, den pflegende Angeh\u00f6rige in nur wenigen Minuten durchf\u00fchren k\u00f6nnen. Frauen sind bei der &hellip;","_links":{"self":[{"href":"https:\/\/digidem-bayern.de\/en\/wp-json\/wp\/v2\/posts\/23380","targetHints":{"allow":["GET"]}}],"collection":[{"href":"https:\/\/digidem-bayern.de\/en\/wp-json\/wp\/v2\/posts"}],"about":[{"href":"https:\/\/digidem-bayern.de\/en\/wp-json\/wp\/v2\/types\/post"}],"author":[{"embeddable":true,"href":"https:\/\/digidem-bayern.de\/en\/wp-json\/wp\/v2\/users\/12"}],"replies":[{"embeddable":true,"href":"https:\/\/digidem-bayern.de\/en\/wp-json\/wp\/v2\/comments?post=23380"}],"version-history":[{"count":3,"href":"https:\/\/digidem-bayern.de\/en\/wp-json\/wp\/v2\/posts\/23380\/revisions"}],"predecessor-version":[{"id":23429,"href":"https:\/\/digidem-bayern.de\/en\/wp-json\/wp\/v2\/posts\/23380\/revisions\/23429"}],"wp:featuredmedia":[{"embeddable":true,"href":"https:\/\/digidem-bayern.de\/en\/wp-json\/wp\/v2\/media\/13865"}],"wp:attachment":[{"href":"https:\/\/digidem-bayern.de\/en\/wp-json\/wp\/v2\/media?parent=23380"}],"wp:term":[{"taxonomy":"category","embeddable":true,"href":"https:\/\/digidem-bayern.de\/en\/wp-json\/wp\/v2\/categories?post=23380"},{"taxonomy":"post_tag","embeddable":true,"href":"https:\/\/digidem-bayern.de\/en\/wp-json\/wp\/v2\/tags?post=23380"}],"curies":[{"name":"wp","href":"https:\/\/api.w.org\/{rel}","templated":true}]}}