{"id":22320,"date":"2022-07-20T09:05:00","date_gmt":"2022-07-20T07:05:00","guid":{"rendered":"https:\/\/digidem-bayern.de\/?p=22320"},"modified":"2022-08-16T16:28:46","modified_gmt":"2022-08-16T14:28:46","slug":"psycho-soziale-behandlungsverfahren-wirken-bei-enthemmtem-verhalten","status":"publish","type":"post","link":"https:\/\/digidem-bayern.de\/en\/psycho-soziale-behandlungsverfahren-wirken-bei-enthemmtem-verhalten\/","title":{"rendered":"Psychosoziale Behandlungsverfahren wirken bei enthemmtem Verhalten"},"content":{"rendered":"<p><strong>Nichtmedikament\u00f6se sogenannte psychosoziale Behandlungen sind bei der Verringerung enthemmter Verhaltensweisen bei Demenz wirksamer als pharmakologische Interventionen. Zu diesem Ergebnis kamen australische Forschende.<\/strong><\/p>\n\n\n\n<p>Impulsives Verhalten, ungesunde Ern\u00e4hrung, Aufdringlichkeit oder Apathie k\u00f6nnen Ausdruck von sogenannten enthemmten Verhaltensweisen bei Demenz sein. Sowohl bei den Betroffen als auch bei Menschen in deren Umfeld verursachen sie erheblichen Stress. Wie sich Enthemmung verringern l\u00e4sst, \u00fcberpr\u00fcften australische Wissenschaftler*innen, indem sie systematisch 30 internationale Studien auswerteten. Demnach k\u00f6nnen pharmakologische und \u2013 noch st\u00e4rker \u2013&nbsp;psychosoziale&nbsp;Behandlungen zur Reduzierung der Enthemmung beitragen.<\/p>\n\n\n<div class=\"wp-block-image\">\n<figure class=\"alignright size-full is-resized\"><img loading=\"lazy\" decoding=\"async\" src=\"https:\/\/digidem-bayern.de\/wp-content\/uploads\/2022\/07\/shutterstock_1810216486.jpg\" alt=\"Australische Wissenschaftler*innen \u00fcberpr\u00fcften,  wie sich Enthemmung wirksam verringern l\u00e4sst.\" class=\"wp-image-22284\" width=\"467\" height=\"311\" srcset=\"https:\/\/digidem-bayern.de\/wp-content\/uploads\/2022\/07\/shutterstock_1810216486.jpg 1000w, https:\/\/digidem-bayern.de\/wp-content\/uploads\/2022\/07\/shutterstock_1810216486-300x200.jpg 300w, https:\/\/digidem-bayern.de\/wp-content\/uploads\/2022\/07\/shutterstock_1810216486-768x512.jpg 768w, https:\/\/digidem-bayern.de\/wp-content\/uploads\/2022\/07\/shutterstock_1810216486-525x350.jpg 525w\" sizes=\"auto, (max-width: 467px) 100vw, 467px\" \/><figcaption>Foto: Shutterstock<\/figcaption><\/figure>\n<\/div>\n\n\n<p><strong><strong><strong><strong>Vom Pflegemodell bis zu k\u00f6rperlichen Aktivit\u00e4ten der Betroffenen<\/strong><\/strong><\/strong><\/strong><\/p>\n\n\n\n<p>Die h\u00f6chste Wirksamkeit von&nbsp;psychosozialen&nbsp;Interventionen bewiesen Modelle der Pflege und Betreuung, die Bildung, Ausbildung oder p\u00e4dagogische Schulung des Pflegepersonals sowie k\u00f6rperliche Aktivit\u00e4ten von Menschen mit Demenz. Im Bereich pharmakologischer Behandlungen f\u00fchrten Schmerztherapie, Antidepressive oder Antipsychotika zu signifikanten Behandlungserfolgen.<\/p>\n\n\n\n<p><strong>Individuelle L\u00f6sungen<\/strong><\/p>\n\n\n\n<p>In der Studie weisen die Wissenschaftler*innen auf die Heterogenit\u00e4t der Demenz und der damit verbundenen enthemmten Verhaltensweisen hin: &#8222;Jeder Fall sollte zu kreativen, individuellen L\u00f6sungen f\u00fchren.&#8220; Sie empfehlen des Weiteren, den Schwerpunkt der Therapie auf die einzelne Person zuzuschneiden und dabei kulturelle, religi\u00f6se und gesellschaftliche Ansichten zu ber\u00fccksichtigen. &#8222;Die medikament\u00f6se Therapie sollte dann eingesetzt werden, wenn psychosoziale Behandlungsstrategien versagt haben und auch nur bei Bedarf und \u00fcber einen kurzen Zeitraum.&#8220;<\/p>\n\n\n\n<p>Hier geht&#8217;s zur Studie:<\/p>\n\n\n\n<p><a href=\"https:\/\/www.cambridge.org\/core\/journals\/international-psychogeriatrics\/article\/pharmacological-and-nonpharmacological-approaches-to-reduce-disinhibited-behaviors-in-dementia-a-systematic-review\/0651095CA5A71E01DE384FCAA777CA53\">Pharmacological and nonpharmacological approaches to reduce disinhibited behaviors in dementia: a systematic review.<\/a><\/p>\n\n\n\n<p><\/p>\n\n\n\n<p><\/p>\n\n\n\n<p style=\"font-size:20px\"><\/p>\n\n\n\n<div style=\"height:20px\" aria-hidden=\"true\" class=\"wp-block-spacer\"><\/div>\n\n\n\n<div style=\"height:20px\" aria-hidden=\"true\" class=\"wp-block-spacer\"><\/div>","protected":false},"excerpt":{"rendered":"<p>Nichtmedikament\u00f6se sogenannte psychosoziale Behandlungen sind bei der Verringerung enthemmter Verhaltensweisen bei Demenz wirksamer als pharmakologische Interventionen. Zu diesem Ergebnis kamen australische Forschende. Impulsives Verhalten, ungesunde Ern\u00e4hrung, Aufdringlichkeit oder Apathie k\u00f6nnen Ausdruck von sogenannten enthemmten Verhaltensweisen bei Demenz sein. Sowohl bei den Betroffen als auch bei Menschen in deren Umfeld verursachen &hellip;<\/p>","protected":false},"author":12,"featured_media":22284,"comment_status":"open","ping_status":"closed","sticky":false,"template":"","format":"standard","meta":{"qubely_global_settings":"","qubely_interactions":"","_uag_custom_page_level_css":"","footnotes":""},"categories":[5],"tags":[13,12,14,17,55,492,494,493,217,495],"class_list":["post-22320","post","type-post","status-publish","format-standard","has-post-thumbnail","hentry","category-wissenschaft-forschung","tag-alzheimer","tag-demenz-2","tag-digidem","tag-digidem-bayern","tag-digitales-demenzregister-bayern","tag-enthemmtes-verhalten","tag-nichtmedikamentoese-behandlung","tag-psycho-soziale-therapie","tag-senioren","tag-wirksamkeit-nichtmedikamentoeser-behandlung"],"qubely_featured_image_url":{"full":["https:\/\/digidem-bayern.de\/wp-content\/uploads\/2022\/07\/shutterstock_1810216486.jpg",1000,667,false],"landscape":["https:\/\/digidem-bayern.de\/wp-content\/uploads\/2022\/07\/shutterstock_1810216486.jpg",1000,667,false],"portraits":["https:\/\/digidem-bayern.de\/wp-content\/uploads\/2022\/07\/shutterstock_1810216486-540x320.jpg",540,320,true],"thumbnail":["https:\/\/digidem-bayern.de\/wp-content\/uploads\/2022\/07\/shutterstock_1810216486-80x80.jpg",80,80,true],"medium":["https:\/\/digidem-bayern.de\/wp-content\/uploads\/2022\/07\/shutterstock_1810216486-300x200.jpg",300,200,true],"medium_large":["https:\/\/digidem-bayern.de\/wp-content\/uploads\/2022\/07\/shutterstock_1810216486-768x512.jpg",768,512,true],"large":["https:\/\/digidem-bayern.de\/wp-content\/uploads\/2022\/07\/shutterstock_1810216486.jpg",1000,667,false],"1536x1536":["https:\/\/digidem-bayern.de\/wp-content\/uploads\/2022\/07\/shutterstock_1810216486.jpg",1000,667,false],"2048x2048":["https:\/\/digidem-bayern.de\/wp-content\/uploads\/2022\/07\/shutterstock_1810216486.jpg",1000,667,false],"trp-custom-language-flag":["https:\/\/digidem-bayern.de\/wp-content\/uploads\/2022\/07\/shutterstock_1810216486.jpg",18,12,false],"qubely_landscape":["https:\/\/digidem-bayern.de\/wp-content\/uploads\/2022\/07\/shutterstock_1810216486.jpg",1000,667,false],"qubely_portrait":["https:\/\/digidem-bayern.de\/wp-content\/uploads\/2022\/07\/shutterstock_1810216486-540x320.jpg",540,320,true],"qubely_thumbnail":["https:\/\/digidem-bayern.de\/wp-content\/uploads\/2022\/07\/shutterstock_1810216486-140x100.jpg",140,100,true],"post-thumbnail":["https:\/\/digidem-bayern.de\/wp-content\/uploads\/2022\/07\/shutterstock_1810216486-525x350.jpg",525,350,true],"kahuna-featured":["https:\/\/digidem-bayern.de\/wp-content\/uploads\/2022\/07\/shutterstock_1810216486-734x350.jpg",734,350,true],"kahuna-featured-lp":["https:\/\/digidem-bayern.de\/wp-content\/uploads\/2022\/07\/shutterstock_1810216486-520x350.jpg",520,350,true],"kahuna-featured-half":["https:\/\/digidem-bayern.de\/wp-content\/uploads\/2022\/07\/shutterstock_1810216486-800x350.jpg",800,350,true],"kahuna-featured-third":["https:\/\/digidem-bayern.de\/wp-content\/uploads\/2022\/07\/shutterstock_1810216486-512x350.jpg",512,350,true],"kahuna-lpbox-1":["https:\/\/digidem-bayern.de\/wp-content\/uploads\/2022\/07\/shutterstock_1810216486-520x300.jpg",520,300,true],"kahuna-lpbox-2":["https:\/\/digidem-bayern.de\/wp-content\/uploads\/2022\/07\/shutterstock_1810216486-520x350.jpg",520,350,true],"demand-language-flag":["https:\/\/digidem-bayern.de\/wp-content\/uploads\/2022\/07\/shutterstock_1810216486.jpg",36,24,false],"dddkt-language-flag":["https:\/\/digidem-bayern.de\/wp-content\/uploads\/2022\/07\/shutterstock_1810216486-36x36.jpg",36,36,true],"ddiqc-language-flag":["https:\/\/digidem-bayern.de\/wp-content\/uploads\/2022\/07\/shutterstock_1810216486-36x36.jpg",36,36,true],"ddtl-language-flag":["https:\/\/digidem-bayern.de\/wp-content\/uploads\/2022\/07\/shutterstock_1810216486-36x36.jpg",36,36,true],"mailpoet_newsletter_max":["https:\/\/digidem-bayern.de\/wp-content\/uploads\/2022\/07\/shutterstock_1810216486.jpg",1000,667,false],"kahuna-lpbox-3":["https:\/\/digidem-bayern.de\/wp-content\/uploads\/2022\/07\/shutterstock_1810216486-520x350.jpg",520,350,true],"kahuna-featured-square":["https:\/\/digidem-bayern.de\/wp-content\/uploads\/2022\/07\/shutterstock_1810216486-512x512.jpg",512,512,true],"kahuna-featured-square-large":["https:\/\/digidem-bayern.de\/wp-content\/uploads\/2022\/07\/shutterstock_1810216486.jpg",1000,667,false]},"qubely_author":{"display_name":"Ilona H\u00f6rath","author_link":"https:\/\/digidem-bayern.de\/en\/author\/hoeratia\/"},"qubely_comment":2,"qubely_category":"<a href=\"https:\/\/digidem-bayern.de\/en\/category\/wissenschaft-forschung\/\" rel=\"category tag\">Wissenschaft &amp; Forschung<\/a>","qubely_excerpt":"Nichtmedikament\u00f6se sogenannte psychosoziale Behandlungen sind bei der Verringerung enthemmter Verhaltensweisen bei Demenz wirksamer als pharmakologische Interventionen. Zu diesem Ergebnis kamen australische Forschende. Impulsives Verhalten, ungesunde Ern\u00e4hrung, Aufdringlichkeit oder Apathie k\u00f6nnen Ausdruck von sogenannten enthemmten Verhaltensweisen bei Demenz sein. Sowohl bei den Betroffen als auch bei Menschen in deren Umfeld verursachen &hellip;","featured_image_urls_v2":{"full":["https:\/\/digidem-bayern.de\/wp-content\/uploads\/2022\/07\/shutterstock_1810216486.jpg",1000,667,false],"thumbnail":["https:\/\/digidem-bayern.de\/wp-content\/uploads\/2022\/07\/shutterstock_1810216486-80x80.jpg",80,80,true],"medium":["https:\/\/digidem-bayern.de\/wp-content\/uploads\/2022\/07\/shutterstock_1810216486-300x200.jpg",300,200,true],"medium_large":["https:\/\/digidem-bayern.de\/wp-content\/uploads\/2022\/07\/shutterstock_1810216486-768x512.jpg",768,512,true],"large":["https:\/\/digidem-bayern.de\/wp-content\/uploads\/2022\/07\/shutterstock_1810216486.jpg",1000,667,false],"1536x1536":["https:\/\/digidem-bayern.de\/wp-content\/uploads\/2022\/07\/shutterstock_1810216486.jpg",1000,667,false],"2048x2048":["https:\/\/digidem-bayern.de\/wp-content\/uploads\/2022\/07\/shutterstock_1810216486.jpg",1000,667,false],"trp-custom-language-flag":["https:\/\/digidem-bayern.de\/wp-content\/uploads\/2022\/07\/shutterstock_1810216486.jpg",18,12,false],"qubely_landscape":["https:\/\/digidem-bayern.de\/wp-content\/uploads\/2022\/07\/shutterstock_1810216486.jpg",1000,667,false],"qubely_portrait":["https:\/\/digidem-bayern.de\/wp-content\/uploads\/2022\/07\/shutterstock_1810216486-540x320.jpg",540,320,true],"qubely_thumbnail":["https:\/\/digidem-bayern.de\/wp-content\/uploads\/2022\/07\/shutterstock_1810216486-140x100.jpg",140,100,true],"post-thumbnail":["https:\/\/digidem-bayern.de\/wp-content\/uploads\/2022\/07\/shutterstock_1810216486-525x350.jpg",525,350,true],"kahuna-featured":["https:\/\/digidem-bayern.de\/wp-content\/uploads\/2022\/07\/shutterstock_1810216486-734x350.jpg",734,350,true],"kahuna-featured-lp":["https:\/\/digidem-bayern.de\/wp-content\/uploads\/2022\/07\/shutterstock_1810216486-520x350.jpg",520,350,true],"kahuna-featured-half":["https:\/\/digidem-bayern.de\/wp-content\/uploads\/2022\/07\/shutterstock_1810216486-800x350.jpg",800,350,true],"kahuna-featured-third":["https:\/\/digidem-bayern.de\/wp-content\/uploads\/2022\/07\/shutterstock_1810216486-512x350.jpg",512,350,true],"kahuna-lpbox-1":["https:\/\/digidem-bayern.de\/wp-content\/uploads\/2022\/07\/shutterstock_1810216486-520x300.jpg",520,300,true],"kahuna-lpbox-2":["https:\/\/digidem-bayern.de\/wp-content\/uploads\/2022\/07\/shutterstock_1810216486-520x350.jpg",520,350,true],"demand-language-flag":["https:\/\/digidem-bayern.de\/wp-content\/uploads\/2022\/07\/shutterstock_1810216486.jpg",36,24,false],"dddkt-language-flag":["https:\/\/digidem-bayern.de\/wp-content\/uploads\/2022\/07\/shutterstock_1810216486-36x36.jpg",36,36,true],"ddiqc-language-flag":["https:\/\/digidem-bayern.de\/wp-content\/uploads\/2022\/07\/shutterstock_1810216486-36x36.jpg",36,36,true],"ddtl-language-flag":["https:\/\/digidem-bayern.de\/wp-content\/uploads\/2022\/07\/shutterstock_1810216486-36x36.jpg",36,36,true],"mailpoet_newsletter_max":["https:\/\/digidem-bayern.de\/wp-content\/uploads\/2022\/07\/shutterstock_1810216486.jpg",1000,667,false],"kahuna-lpbox-3":["https:\/\/digidem-bayern.de\/wp-content\/uploads\/2022\/07\/shutterstock_1810216486-520x350.jpg",520,350,true],"kahuna-featured-square":["https:\/\/digidem-bayern.de\/wp-content\/uploads\/2022\/07\/shutterstock_1810216486-512x512.jpg",512,512,true],"kahuna-featured-square-large":["https:\/\/digidem-bayern.de\/wp-content\/uploads\/2022\/07\/shutterstock_1810216486.jpg",1000,667,false]},"post_excerpt_stackable_v2":"<p>Nichtmedikament\u00f6se sogenannte psychosoziale Behandlungen sind bei der Verringerung enthemmter Verhaltensweisen bei Demenz wirksamer als pharmakologische Interventionen. Zu diesem Ergebnis kamen australische Forschende. Impulsives Verhalten, ungesunde Ern\u00e4hrung, Aufdringlichkeit oder Apathie k\u00f6nnen Ausdruck von sogenannten enthemmten Verhaltensweisen bei Demenz sein. Sowohl bei den Betroffen als auch bei Menschen in deren Umfeld verursachen sie erheblichen Stress. Wie sich Enthemmung verringern l\u00e4sst, \u00fcberpr\u00fcften australische Wissenschaftler*innen, indem sie systematisch 30 internationale Studien auswerteten. Demnach k\u00f6nnen pharmakologische und \u2013 noch st\u00e4rker \u2013&nbsp;psychosoziale&nbsp;Behandlungen zur Reduzierung der Enthemmung beitragen. Foto: Shutterstock Vom Pflegemodell bis zu k\u00f6rperlichen Aktivit\u00e4ten der Betroffenen Die h\u00f6chste Wirksamkeit von&nbsp;psychosozialen&nbsp;Interventionen bewiesen Modelle der Pflege und&hellip;<\/p>\n","category_list_v2":"<a href=\"https:\/\/digidem-bayern.de\/en\/category\/wissenschaft-forschung\/\" rel=\"category tag\">Wissenschaft &amp; Forschung<\/a>","author_info_v2":{"name":"Ilona H\u00f6rath","url":"https:\/\/digidem-bayern.de\/en\/author\/hoeratia\/"},"comments_num_v2":"0 comments","yoast_head":"<!-- This site is optimized with the Yoast SEO plugin v27.4 - https:\/\/yoast.com\/product\/yoast-seo-wordpress\/ -->\n<title>Psychosoziale Behandlungsverfahren wirken bei enthemmtem Verhalten - digiDEM Bayern<\/title>\n<meta name=\"description\" content=\"Der Bayerische Landesapothekerkammer unterst\u00fctzt digiDEM Bayern mit Hilfe des Netzwerks &quot;Demenzfreundliche Apotheken&quot;.\" \/>\n<meta name=\"robots\" content=\"index, follow, max-snippet:-1, max-image-preview:large, max-video-preview:-1\" \/>\n<link rel=\"canonical\" href=\"https:\/\/digidem-bayern.de\/en\/psycho-soziale-behandlungsverfahren-wirken-bei-enthemmtem-verhalten\/\" \/>\n<meta property=\"og:locale\" content=\"en_US\" \/>\n<meta property=\"og:type\" content=\"article\" \/>\n<meta property=\"og:title\" content=\"Psychosoziale Behandlungsverfahren wirken bei enthemmtem Verhalten - digiDEM Bayern\" \/>\n<meta property=\"og:description\" content=\"Der Bayerische Landesapothekerkammer unterst\u00fctzt digiDEM Bayern mit Hilfe des Netzwerks &quot;Demenzfreundliche Apotheken&quot;.\" \/>\n<meta property=\"og:url\" content=\"https:\/\/digidem-bayern.de\/en\/psycho-soziale-behandlungsverfahren-wirken-bei-enthemmtem-verhalten\/\" \/>\n<meta property=\"og:site_name\" content=\"digiDEM Bayern\" \/>\n<meta property=\"article:publisher\" content=\"https:\/\/www.facebook.com\/digiDEMBayern\/\" \/>\n<meta property=\"article:published_time\" content=\"2022-07-20T07:05:00+00:00\" \/>\n<meta property=\"article:modified_time\" content=\"2022-08-16T14:28:46+00:00\" \/>\n<meta property=\"og:image\" content=\"https:\/\/digidem-bayern.de\/wp-content\/uploads\/2022\/07\/shutterstock_1810216486.jpg\" \/>\n\t<meta property=\"og:image:width\" content=\"1000\" \/>\n\t<meta property=\"og:image:height\" content=\"667\" \/>\n\t<meta property=\"og:image:type\" content=\"image\/jpeg\" \/>\n<meta name=\"author\" content=\"Ilona H\u00f6rath\" \/>\n<meta name=\"twitter:label1\" content=\"Written by\" \/>\n\t<meta name=\"twitter:data1\" content=\"Ilona H\u00f6rath\" \/>\n\t<meta name=\"twitter:label2\" content=\"Est. reading time\" \/>\n\t<meta name=\"twitter:data2\" content=\"2 minutes\" \/>\n<script type=\"application\/ld+json\" class=\"yoast-schema-graph\">{\"@context\":\"https:\\\/\\\/schema.org\",\"@graph\":[{\"@type\":\"Article\",\"@id\":\"https:\\\/\\\/digidem-bayern.de\\\/psycho-soziale-behandlungsverfahren-wirken-bei-enthemmtem-verhalten\\\/#article\",\"isPartOf\":{\"@id\":\"https:\\\/\\\/digidem-bayern.de\\\/psycho-soziale-behandlungsverfahren-wirken-bei-enthemmtem-verhalten\\\/\"},\"author\":{\"name\":\"Ilona H\u00f6rath\",\"@id\":\"\\\/#\\\/schema\\\/person\\\/0bc1494f46fc2a051c761322a80e0941\"},\"headline\":\"Psychosoziale Behandlungsverfahren wirken bei enthemmtem Verhalten\",\"datePublished\":\"2022-07-20T07:05:00+00:00\",\"dateModified\":\"2022-08-16T14:28:46+00:00\",\"mainEntityOfPage\":{\"@id\":\"https:\\\/\\\/digidem-bayern.de\\\/psycho-soziale-behandlungsverfahren-wirken-bei-enthemmtem-verhalten\\\/\"},\"wordCount\":252,\"commentCount\":0,\"publisher\":{\"@id\":\"\\\/#organization\"},\"image\":{\"@id\":\"https:\\\/\\\/digidem-bayern.de\\\/psycho-soziale-behandlungsverfahren-wirken-bei-enthemmtem-verhalten\\\/#primaryimage\"},\"thumbnailUrl\":\"https:\\\/\\\/digidem-bayern.de\\\/wp-content\\\/uploads\\\/2022\\\/07\\\/shutterstock_1810216486.jpg\",\"keywords\":[\"Alzheimer\",\"Demenz\",\"digidem\",\"digidem Bayern\",\"Digitales Demenzregister Bayern\",\"Enthemmtes Verhalten\",\"Nichtmedikament\u00f6se Behandlung\",\"Psycho-soziale Therapie\",\"Senioren\",\"Wirksamkeit nichtmedikament\u00f6ser Behandlung\"],\"articleSection\":[\"Wissenschaft &amp; Forschung\"],\"inLanguage\":\"en-US\",\"potentialAction\":[{\"@type\":\"CommentAction\",\"name\":\"Comment\",\"target\":[\"https:\\\/\\\/digidem-bayern.de\\\/psycho-soziale-behandlungsverfahren-wirken-bei-enthemmtem-verhalten\\\/#respond\"]}]},{\"@type\":\"WebPage\",\"@id\":\"https:\\\/\\\/digidem-bayern.de\\\/psycho-soziale-behandlungsverfahren-wirken-bei-enthemmtem-verhalten\\\/\",\"url\":\"https:\\\/\\\/digidem-bayern.de\\\/psycho-soziale-behandlungsverfahren-wirken-bei-enthemmtem-verhalten\\\/\",\"name\":\"Psychosoziale Behandlungsverfahren wirken bei enthemmtem Verhalten - digiDEM Bayern\",\"isPartOf\":{\"@id\":\"\\\/#website\"},\"primaryImageOfPage\":{\"@id\":\"https:\\\/\\\/digidem-bayern.de\\\/psycho-soziale-behandlungsverfahren-wirken-bei-enthemmtem-verhalten\\\/#primaryimage\"},\"image\":{\"@id\":\"https:\\\/\\\/digidem-bayern.de\\\/psycho-soziale-behandlungsverfahren-wirken-bei-enthemmtem-verhalten\\\/#primaryimage\"},\"thumbnailUrl\":\"https:\\\/\\\/digidem-bayern.de\\\/wp-content\\\/uploads\\\/2022\\\/07\\\/shutterstock_1810216486.jpg\",\"datePublished\":\"2022-07-20T07:05:00+00:00\",\"dateModified\":\"2022-08-16T14:28:46+00:00\",\"description\":\"Der Bayerische Landesapothekerkammer unterst\u00fctzt digiDEM Bayern mit Hilfe des Netzwerks \\\"Demenzfreundliche Apotheken\\\".\",\"breadcrumb\":{\"@id\":\"https:\\\/\\\/digidem-bayern.de\\\/psycho-soziale-behandlungsverfahren-wirken-bei-enthemmtem-verhalten\\\/#breadcrumb\"},\"inLanguage\":\"en-US\",\"potentialAction\":[{\"@type\":\"ReadAction\",\"target\":[\"https:\\\/\\\/digidem-bayern.de\\\/psycho-soziale-behandlungsverfahren-wirken-bei-enthemmtem-verhalten\\\/\"]}]},{\"@type\":\"ImageObject\",\"inLanguage\":\"en-US\",\"@id\":\"https:\\\/\\\/digidem-bayern.de\\\/psycho-soziale-behandlungsverfahren-wirken-bei-enthemmtem-verhalten\\\/#primaryimage\",\"url\":\"https:\\\/\\\/digidem-bayern.de\\\/wp-content\\\/uploads\\\/2022\\\/07\\\/shutterstock_1810216486.jpg\",\"contentUrl\":\"https:\\\/\\\/digidem-bayern.de\\\/wp-content\\\/uploads\\\/2022\\\/07\\\/shutterstock_1810216486.jpg\",\"width\":1000,\"height\":667,\"caption\":\"Australische Wissenschaftler*innen \u00fcberpr\u00fcften, wie sich Enthemmung wirksam verringern l\u00e4sst.\"},{\"@type\":\"BreadcrumbList\",\"@id\":\"https:\\\/\\\/digidem-bayern.de\\\/psycho-soziale-behandlungsverfahren-wirken-bei-enthemmtem-verhalten\\\/#breadcrumb\",\"itemListElement\":[{\"@type\":\"ListItem\",\"position\":1,\"name\":\"Startseite\",\"item\":\"https:\\\/\\\/digidem-bayern.de\\\/\"},{\"@type\":\"ListItem\",\"position\":2,\"name\":\"Psychosoziale Behandlungsverfahren wirken bei enthemmtem Verhalten\"}]},{\"@type\":\"WebSite\",\"@id\":\"\\\/#website\",\"url\":\"\\\/\",\"name\":\"digiDEM Bayern\",\"description\":\"Das digitale Demenzregister Bayern erforscht und verbessert die Angebotsstuktur f\u00fcr Menschen mit Demenz und deren Angeh\u00f6rige\",\"publisher\":{\"@id\":\"\\\/#organization\"},\"potentialAction\":[{\"@type\":\"SearchAction\",\"target\":{\"@type\":\"EntryPoint\",\"urlTemplate\":\"\\\/?s={search_term_string}\"},\"query-input\":{\"@type\":\"PropertyValueSpecification\",\"valueRequired\":true,\"valueName\":\"search_term_string\"}}],\"inLanguage\":\"en-US\"},{\"@type\":\"Organization\",\"@id\":\"\\\/#organization\",\"name\":\"digiDEM Bayern\",\"url\":\"\\\/\",\"logo\":{\"@type\":\"ImageObject\",\"inLanguage\":\"en-US\",\"@id\":\"\\\/#\\\/schema\\\/logo\\\/image\\\/\",\"url\":\"https:\\\/\\\/digidem-bayern.de\\\/wp-content\\\/uploads\\\/2022\\\/03\\\/cropped-Allgemeines_digiDEMLOGO-removebg-preview.png\",\"contentUrl\":\"https:\\\/\\\/digidem-bayern.de\\\/wp-content\\\/uploads\\\/2022\\\/03\\\/cropped-Allgemeines_digiDEMLOGO-removebg-preview.png\",\"width\":612,\"height\":357,\"caption\":\"digiDEM Bayern\"},\"image\":{\"@id\":\"\\\/#\\\/schema\\\/logo\\\/image\\\/\"},\"sameAs\":[\"https:\\\/\\\/www.facebook.com\\\/digiDEMBayern\\\/\",\"https:\\\/\\\/x.com\\\/digidem_bayern\",\"https:\\\/\\\/www.instagram.com\\\/digidem.bayern\",\"https:\\\/\\\/www.linkedin.com\\\/company\\\/digidem-bayern\\\/\"]},{\"@type\":\"Person\",\"@id\":\"\\\/#\\\/schema\\\/person\\\/0bc1494f46fc2a051c761322a80e0941\",\"name\":\"Ilona H\u00f6rath\",\"url\":\"https:\\\/\\\/digidem-bayern.de\\\/en\\\/author\\\/hoeratia\\\/\"}]}<\/script>\n<!-- \/ Yoast SEO plugin. -->","yoast_head_json":{"title":"Psychosoziale Behandlungsverfahren wirken bei enthemmtem Verhalten - digiDEM Bayern","description":"Der Bayerische Landesapothekerkammer unterst\u00fctzt digiDEM Bayern mit Hilfe des Netzwerks \"Demenzfreundliche Apotheken\".","robots":{"index":"index","follow":"follow","max-snippet":"max-snippet:-1","max-image-preview":"max-image-preview:large","max-video-preview":"max-video-preview:-1"},"canonical":"https:\/\/digidem-bayern.de\/en\/psycho-soziale-behandlungsverfahren-wirken-bei-enthemmtem-verhalten\/","og_locale":"en_US","og_type":"article","og_title":"Psychosoziale Behandlungsverfahren wirken bei enthemmtem Verhalten - digiDEM Bayern","og_description":"Der Bayerische Landesapothekerkammer unterst\u00fctzt digiDEM Bayern mit Hilfe des Netzwerks \"Demenzfreundliche Apotheken\".","og_url":"https:\/\/digidem-bayern.de\/en\/psycho-soziale-behandlungsverfahren-wirken-bei-enthemmtem-verhalten\/","og_site_name":"digiDEM Bayern","article_publisher":"https:\/\/www.facebook.com\/digiDEMBayern\/","article_published_time":"2022-07-20T07:05:00+00:00","article_modified_time":"2022-08-16T14:28:46+00:00","og_image":[{"width":1000,"height":667,"url":"https:\/\/digidem-bayern.de\/wp-content\/uploads\/2022\/07\/shutterstock_1810216486.jpg","type":"image\/jpeg"}],"author":"Ilona H\u00f6rath","twitter_misc":{"Written by":"Ilona H\u00f6rath","Est. reading time":"2 minutes"},"schema":{"@context":"https:\/\/schema.org","@graph":[{"@type":"Article","@id":"https:\/\/digidem-bayern.de\/psycho-soziale-behandlungsverfahren-wirken-bei-enthemmtem-verhalten\/#article","isPartOf":{"@id":"https:\/\/digidem-bayern.de\/psycho-soziale-behandlungsverfahren-wirken-bei-enthemmtem-verhalten\/"},"author":{"name":"Ilona H\u00f6rath","@id":"\/#\/schema\/person\/0bc1494f46fc2a051c761322a80e0941"},"headline":"Psychosoziale Behandlungsverfahren wirken bei enthemmtem Verhalten","datePublished":"2022-07-20T07:05:00+00:00","dateModified":"2022-08-16T14:28:46+00:00","mainEntityOfPage":{"@id":"https:\/\/digidem-bayern.de\/psycho-soziale-behandlungsverfahren-wirken-bei-enthemmtem-verhalten\/"},"wordCount":252,"commentCount":0,"publisher":{"@id":"\/#organization"},"image":{"@id":"https:\/\/digidem-bayern.de\/psycho-soziale-behandlungsverfahren-wirken-bei-enthemmtem-verhalten\/#primaryimage"},"thumbnailUrl":"https:\/\/digidem-bayern.de\/wp-content\/uploads\/2022\/07\/shutterstock_1810216486.jpg","keywords":["Alzheimer","Demenz","digidem","digidem Bayern","Digitales Demenzregister Bayern","Enthemmtes Verhalten","Nichtmedikament\u00f6se Behandlung","Psycho-soziale Therapie","Senioren","Wirksamkeit nichtmedikament\u00f6ser Behandlung"],"articleSection":["Wissenschaft &amp; Forschung"],"inLanguage":"en-US","potentialAction":[{"@type":"CommentAction","name":"Comment","target":["https:\/\/digidem-bayern.de\/psycho-soziale-behandlungsverfahren-wirken-bei-enthemmtem-verhalten\/#respond"]}]},{"@type":"WebPage","@id":"https:\/\/digidem-bayern.de\/psycho-soziale-behandlungsverfahren-wirken-bei-enthemmtem-verhalten\/","url":"https:\/\/digidem-bayern.de\/psycho-soziale-behandlungsverfahren-wirken-bei-enthemmtem-verhalten\/","name":"Psychosoziale Behandlungsverfahren wirken bei enthemmtem Verhalten - digiDEM Bayern","isPartOf":{"@id":"\/#website"},"primaryImageOfPage":{"@id":"https:\/\/digidem-bayern.de\/psycho-soziale-behandlungsverfahren-wirken-bei-enthemmtem-verhalten\/#primaryimage"},"image":{"@id":"https:\/\/digidem-bayern.de\/psycho-soziale-behandlungsverfahren-wirken-bei-enthemmtem-verhalten\/#primaryimage"},"thumbnailUrl":"https:\/\/digidem-bayern.de\/wp-content\/uploads\/2022\/07\/shutterstock_1810216486.jpg","datePublished":"2022-07-20T07:05:00+00:00","dateModified":"2022-08-16T14:28:46+00:00","description":"Der Bayerische Landesapothekerkammer unterst\u00fctzt digiDEM Bayern mit Hilfe des Netzwerks \"Demenzfreundliche Apotheken\".","breadcrumb":{"@id":"https:\/\/digidem-bayern.de\/psycho-soziale-behandlungsverfahren-wirken-bei-enthemmtem-verhalten\/#breadcrumb"},"inLanguage":"en-US","potentialAction":[{"@type":"ReadAction","target":["https:\/\/digidem-bayern.de\/psycho-soziale-behandlungsverfahren-wirken-bei-enthemmtem-verhalten\/"]}]},{"@type":"ImageObject","inLanguage":"en-US","@id":"https:\/\/digidem-bayern.de\/psycho-soziale-behandlungsverfahren-wirken-bei-enthemmtem-verhalten\/#primaryimage","url":"https:\/\/digidem-bayern.de\/wp-content\/uploads\/2022\/07\/shutterstock_1810216486.jpg","contentUrl":"https:\/\/digidem-bayern.de\/wp-content\/uploads\/2022\/07\/shutterstock_1810216486.jpg","width":1000,"height":667,"caption":"Australische Wissenschaftler*innen \u00fcberpr\u00fcften, wie sich Enthemmung wirksam verringern l\u00e4sst."},{"@type":"BreadcrumbList","@id":"https:\/\/digidem-bayern.de\/psycho-soziale-behandlungsverfahren-wirken-bei-enthemmtem-verhalten\/#breadcrumb","itemListElement":[{"@type":"ListItem","position":1,"name":"Startseite","item":"https:\/\/digidem-bayern.de\/"},{"@type":"ListItem","position":2,"name":"Psychosoziale Behandlungsverfahren wirken bei enthemmtem Verhalten"}]},{"@type":"WebSite","@id":"\/#website","url":"\/","name":"digiDEM Bavaria","description":"The digital dementia register in Bavaria researches and improves the structure of services for people with dementia and their relatives","publisher":{"@id":"\/#organization"},"potentialAction":[{"@type":"SearchAction","target":{"@type":"EntryPoint","urlTemplate":"\/?s={search_term_string}"},"query-input":{"@type":"PropertyValueSpecification","valueRequired":true,"valueName":"search_term_string"}}],"inLanguage":"en-US"},{"@type":"Organization","@id":"\/#organization","name":"digiDEM Bavaria","url":"\/","logo":{"@type":"ImageObject","inLanguage":"en-US","@id":"\/#\/schema\/logo\/image\/","url":"https:\/\/digidem-bayern.de\/wp-content\/uploads\/2022\/03\/cropped-Allgemeines_digiDEMLOGO-removebg-preview.png","contentUrl":"https:\/\/digidem-bayern.de\/wp-content\/uploads\/2022\/03\/cropped-Allgemeines_digiDEMLOGO-removebg-preview.png","width":612,"height":357,"caption":"digiDEM Bayern"},"image":{"@id":"\/#\/schema\/logo\/image\/"},"sameAs":["https:\/\/www.facebook.com\/digiDEMBayern\/","https:\/\/x.com\/digidem_bayern","https:\/\/www.instagram.com\/digidem.bayern","https:\/\/www.linkedin.com\/company\/digidem-bayern\/"]},{"@type":"Person","@id":"\/#\/schema\/person\/0bc1494f46fc2a051c761322a80e0941","name":"Ilona H\u00f6rath","url":"https:\/\/digidem-bayern.de\/en\/author\/hoeratia\/"}]}},"uagb_featured_image_src":{"full":["https:\/\/digidem-bayern.de\/wp-content\/uploads\/2022\/07\/shutterstock_1810216486.jpg",1000,667,false],"thumbnail":["https:\/\/digidem-bayern.de\/wp-content\/uploads\/2022\/07\/shutterstock_1810216486-80x80.jpg",80,80,true],"medium":["https:\/\/digidem-bayern.de\/wp-content\/uploads\/2022\/07\/shutterstock_1810216486-300x200.jpg",300,200,true],"medium_large":["https:\/\/digidem-bayern.de\/wp-content\/uploads\/2022\/07\/shutterstock_1810216486-768x512.jpg",768,512,true],"large":["https:\/\/digidem-bayern.de\/wp-content\/uploads\/2022\/07\/shutterstock_1810216486.jpg",1000,667,false],"1536x1536":["https:\/\/digidem-bayern.de\/wp-content\/uploads\/2022\/07\/shutterstock_1810216486.jpg",1000,667,false],"2048x2048":["https:\/\/digidem-bayern.de\/wp-content\/uploads\/2022\/07\/shutterstock_1810216486.jpg",1000,667,false],"trp-custom-language-flag":["https:\/\/digidem-bayern.de\/wp-content\/uploads\/2022\/07\/shutterstock_1810216486.jpg",18,12,false],"qubely_landscape":["https:\/\/digidem-bayern.de\/wp-content\/uploads\/2022\/07\/shutterstock_1810216486.jpg",1000,667,false],"qubely_portrait":["https:\/\/digidem-bayern.de\/wp-content\/uploads\/2022\/07\/shutterstock_1810216486-540x320.jpg",540,320,true],"qubely_thumbnail":["https:\/\/digidem-bayern.de\/wp-content\/uploads\/2022\/07\/shutterstock_1810216486-140x100.jpg",140,100,true],"post-thumbnail":["https:\/\/digidem-bayern.de\/wp-content\/uploads\/2022\/07\/shutterstock_1810216486-525x350.jpg",525,350,true],"kahuna-featured":["https:\/\/digidem-bayern.de\/wp-content\/uploads\/2022\/07\/shutterstock_1810216486-734x350.jpg",734,350,true],"kahuna-featured-lp":["https:\/\/digidem-bayern.de\/wp-content\/uploads\/2022\/07\/shutterstock_1810216486-520x350.jpg",520,350,true],"kahuna-featured-half":["https:\/\/digidem-bayern.de\/wp-content\/uploads\/2022\/07\/shutterstock_1810216486-800x350.jpg",800,350,true],"kahuna-featured-third":["https:\/\/digidem-bayern.de\/wp-content\/uploads\/2022\/07\/shutterstock_1810216486-512x350.jpg",512,350,true],"kahuna-lpbox-1":["https:\/\/digidem-bayern.de\/wp-content\/uploads\/2022\/07\/shutterstock_1810216486-520x300.jpg",520,300,true],"kahuna-lpbox-2":["https:\/\/digidem-bayern.de\/wp-content\/uploads\/2022\/07\/shutterstock_1810216486-520x350.jpg",520,350,true],"demand-language-flag":["https:\/\/digidem-bayern.de\/wp-content\/uploads\/2022\/07\/shutterstock_1810216486.jpg",36,24,false],"dddkt-language-flag":["https:\/\/digidem-bayern.de\/wp-content\/uploads\/2022\/07\/shutterstock_1810216486-36x36.jpg",36,36,true],"ddiqc-language-flag":["https:\/\/digidem-bayern.de\/wp-content\/uploads\/2022\/07\/shutterstock_1810216486-36x36.jpg",36,36,true],"ddtl-language-flag":["https:\/\/digidem-bayern.de\/wp-content\/uploads\/2022\/07\/shutterstock_1810216486-36x36.jpg",36,36,true],"mailpoet_newsletter_max":["https:\/\/digidem-bayern.de\/wp-content\/uploads\/2022\/07\/shutterstock_1810216486.jpg",1000,667,false],"kahuna-lpbox-3":["https:\/\/digidem-bayern.de\/wp-content\/uploads\/2022\/07\/shutterstock_1810216486-520x350.jpg",520,350,true],"kahuna-featured-square":["https:\/\/digidem-bayern.de\/wp-content\/uploads\/2022\/07\/shutterstock_1810216486-512x512.jpg",512,512,true],"kahuna-featured-square-large":["https:\/\/digidem-bayern.de\/wp-content\/uploads\/2022\/07\/shutterstock_1810216486.jpg",1000,667,false]},"uagb_author_info":{"display_name":"Ilona H\u00f6rath","author_link":"https:\/\/digidem-bayern.de\/en\/author\/hoeratia\/"},"uagb_comment_info":2,"uagb_excerpt":"Nichtmedikament\u00f6se sogenannte psychosoziale Behandlungen sind bei der Verringerung enthemmter Verhaltensweisen bei Demenz wirksamer als pharmakologische Interventionen. Zu diesem Ergebnis kamen australische Forschende. Impulsives Verhalten, ungesunde Ern\u00e4hrung, Aufdringlichkeit oder Apathie k\u00f6nnen Ausdruck von sogenannten enthemmten Verhaltensweisen bei Demenz sein. Sowohl bei den Betroffen als auch bei Menschen in deren Umfeld verursachen &hellip;","_links":{"self":[{"href":"https:\/\/digidem-bayern.de\/en\/wp-json\/wp\/v2\/posts\/22320","targetHints":{"allow":["GET"]}}],"collection":[{"href":"https:\/\/digidem-bayern.de\/en\/wp-json\/wp\/v2\/posts"}],"about":[{"href":"https:\/\/digidem-bayern.de\/en\/wp-json\/wp\/v2\/types\/post"}],"author":[{"embeddable":true,"href":"https:\/\/digidem-bayern.de\/en\/wp-json\/wp\/v2\/users\/12"}],"replies":[{"embeddable":true,"href":"https:\/\/digidem-bayern.de\/en\/wp-json\/wp\/v2\/comments?post=22320"}],"version-history":[{"count":5,"href":"https:\/\/digidem-bayern.de\/en\/wp-json\/wp\/v2\/posts\/22320\/revisions"}],"predecessor-version":[{"id":22909,"href":"https:\/\/digidem-bayern.de\/en\/wp-json\/wp\/v2\/posts\/22320\/revisions\/22909"}],"wp:featuredmedia":[{"embeddable":true,"href":"https:\/\/digidem-bayern.de\/en\/wp-json\/wp\/v2\/media\/22284"}],"wp:attachment":[{"href":"https:\/\/digidem-bayern.de\/en\/wp-json\/wp\/v2\/media?parent=22320"}],"wp:term":[{"taxonomy":"category","embeddable":true,"href":"https:\/\/digidem-bayern.de\/en\/wp-json\/wp\/v2\/categories?post=22320"},{"taxonomy":"post_tag","embeddable":true,"href":"https:\/\/digidem-bayern.de\/en\/wp-json\/wp\/v2\/tags?post=22320"}],"curies":[{"name":"wp","href":"https:\/\/api.w.org\/{rel}","templated":true}]}}