{"id":22310,"date":"2022-07-20T08:30:00","date_gmt":"2022-07-20T06:30:00","guid":{"rendered":"https:\/\/digidem-bayern.de\/?p=22310"},"modified":"2022-08-16T16:29:17","modified_gmt":"2022-08-16T14:29:17","slug":"demenzrisiko-opioidhaltige-schmerzmittel","status":"publish","type":"post","link":"https:\/\/digidem-bayern.de\/en\/demenzrisiko-opioidhaltige-schmerzmittel\/","title":{"rendered":"Demenzrisiko opioidhaltige Schmerzmittel"},"content":{"rendered":"<p><strong><strong>Menschen zwischen 75 und 80 Jahren haben ein gr\u00f6\u00dferes Risiko an Demenz zu erkranken, wenn sie Opioide einnehmen. Dies belegt eine Studie aus Israel, in der die Gesundheitsdaten von insgesamt 14 Prozent der Gesamtbev\u00f6lkerung analysiert wurden.<\/strong><\/strong><\/p>\n\n\n<div class=\"wp-block-image\">\n<figure class=\"alignright size-full is-resized\"><img loading=\"lazy\" decoding=\"async\" src=\"https:\/\/digidem-bayern.de\/wp-content\/uploads\/2022\/07\/Opioid-shutterstock_191298941.jpg\" alt=\"Menschen zwischen 75 und 80 Jahren haben ein gr\u00f6\u00dferes Risiko an Demenz zu erkranken, wenn sie Opioide einnehmen.\" class=\"wp-image-22313\" width=\"431\" height=\"285\" srcset=\"https:\/\/digidem-bayern.de\/wp-content\/uploads\/2022\/07\/Opioid-shutterstock_191298941.jpg 1000w, https:\/\/digidem-bayern.de\/wp-content\/uploads\/2022\/07\/Opioid-shutterstock_191298941-300x199.jpg 300w, https:\/\/digidem-bayern.de\/wp-content\/uploads\/2022\/07\/Opioid-shutterstock_191298941-768x508.jpg 768w, https:\/\/digidem-bayern.de\/wp-content\/uploads\/2022\/07\/Opioid-shutterstock_191298941-529x350.jpg 529w\" sizes=\"auto, (max-width: 431px) 100vw, 431px\" \/><figcaption>Foto: Shutterstock<\/figcaption><\/figure>\n<\/div>\n\n\n<p>Trotz einer steigenden Anzahl an Opioidverordnungen bei \u00e4lteren Erwachsenen gab es bisher nur wenige Studien \u00fcber den Zusammenhang zwischen verschreibungspflichtigem Opioidkonsum und dem Risiko einer Demenzerkrankung. Israelische Wissenschaftler*innen haben nun die Gesundheitsdaten von mehr als 91.000 Israeli im Alter ab 60 Jahren ausgewertet.&nbsp;Untersucht wurden die Daten von Menschen, bei denen zehn Jahre lang keine Demenzdiagnose gestellt wurde. Von Januar 2013 bis Oktober 2017 beobachteten die Wissenschaftler*innen die Gruppe dann auf auftretende Demenzen.<\/p>\n\n\n\n<p><strong><strong><strong>Klinisch relevanter modifizierbarer Demenz-Risikofaktor<\/strong><\/strong><\/strong><\/p>\n\n\n\n<p>Die Forscher*innen kamen zu dem Ergebnis, dass Menschen zwischen 75 und 80 Jahren ein&nbsp;39 Prozent h\u00f6heres Risiko haben, bei Opioid-Medikation eine Demenz zu entwickeln. &#8222;Dies legt nahe, dass die Opioidexposition im Alter von 75 bis 80 Jahren ein klinisch relevanter modifizierbarer Demenz-Risikofaktor sein k\u00f6nnte&#8220;, schreiben die Autor*innen und vergleichen diesen mit Risiken wie dem Body-Mass-Index oder dem Rauchen. Dies sollten&nbsp;&#8222;politische Entscheidungstr\u00e4ger*innen, Betreuende, Patientinnen und Patienten und Kliniker*innen bedenken, unterstreichen die Wissenschaftler*innen.&nbsp;<\/p>\n\n\n\n<p>Eine m\u00f6gliche Erkl\u00e4rung f\u00fcr die aktuellen Ergebnisse ist, dass Opioide bei Menschen im Alter zwischen 75 bis 80 Jahren m\u00f6glicherweise einen \u00fcberm\u00e4\u00dfigen Zellabbau f\u00f6rdern, was zu neurodegenerativen Erkrankungen beitr\u00e4gt. Eine Erkl\u00e4rung der genauen biologischen Prozesse ist auf Basis der Daten dieser Studie nicht m\u00f6glich. &#8222;Nichtsdestotrotz bildet die aktuelle Studie eine Grundlage f\u00fcr zuk\u00fcnftige experimentelle Forschung.&#8220;<\/p>\n\n\n\n<p>Hier geht&#8217;s zu den wichtigsten Ergebnissen der Studie:<\/p>\n\n\n\n<p><a href=\"https:\/\/www.sciencedirect.com\/science\/article\/abs\/pii\/S106474812200433X\">Opioid Exposure and the Risk of Dementia: A National Cohort Study.<\/a><\/p>\n\n\n\n<p><\/p>\n\n\n\n<p><\/p>\n\n\n\n<p style=\"font-size:20px\"><\/p>\n\n\n\n<div style=\"height:20px\" aria-hidden=\"true\" class=\"wp-block-spacer\"><\/div>\n\n\n\n<div style=\"height:20px\" aria-hidden=\"true\" class=\"wp-block-spacer\"><\/div>","protected":false},"excerpt":{"rendered":"<p>Menschen zwischen 75 und 80 Jahren haben ein gr\u00f6\u00dferes Risiko an Demenz zu erkranken, wenn sie Opioide einnehmen. Dies belegt eine Studie aus Israel, in der die Gesundheitsdaten von insgesamt 14 Prozent der Gesamtbev\u00f6lkerung analysiert wurden. Trotz einer steigenden Anzahl an Opioidverordnungen bei \u00e4lteren Erwachsenen gab es bisher nur wenige &hellip;<\/p>","protected":false},"author":12,"featured_media":22313,"comment_status":"open","ping_status":"closed","sticky":false,"template":"","format":"standard","meta":{"qubely_global_settings":"","qubely_interactions":"","_uag_custom_page_level_css":"","footnotes":""},"categories":[5],"tags":[13,12,112,177,14,17,55,491,490,217],"class_list":["post-22310","post","type-post","status-publish","format-standard","has-post-thumbnail","hentry","category-wissenschaft-forschung","tag-alzheimer","tag-demenz-2","tag-demenzdiagnose","tag-demenzrisiko","tag-digidem","tag-digidem-bayern","tag-digitales-demenzregister-bayern","tag-opioidhaltige-schmerzmittel","tag-schmerzmittel","tag-senioren"],"qubely_featured_image_url":{"full":["https:\/\/digidem-bayern.de\/wp-content\/uploads\/2022\/07\/Opioid-shutterstock_191298941.jpg",1000,662,false],"landscape":["https:\/\/digidem-bayern.de\/wp-content\/uploads\/2022\/07\/Opioid-shutterstock_191298941.jpg",1000,662,false],"portraits":["https:\/\/digidem-bayern.de\/wp-content\/uploads\/2022\/07\/Opioid-shutterstock_191298941-540x320.jpg",540,320,true],"thumbnail":["https:\/\/digidem-bayern.de\/wp-content\/uploads\/2022\/07\/Opioid-shutterstock_191298941-80x80.jpg",80,80,true],"medium":["https:\/\/digidem-bayern.de\/wp-content\/uploads\/2022\/07\/Opioid-shutterstock_191298941-300x199.jpg",300,199,true],"medium_large":["https:\/\/digidem-bayern.de\/wp-content\/uploads\/2022\/07\/Opioid-shutterstock_191298941-768x508.jpg",768,508,true],"large":["https:\/\/digidem-bayern.de\/wp-content\/uploads\/2022\/07\/Opioid-shutterstock_191298941.jpg",1000,662,false],"1536x1536":["https:\/\/digidem-bayern.de\/wp-content\/uploads\/2022\/07\/Opioid-shutterstock_191298941.jpg",1000,662,false],"2048x2048":["https:\/\/digidem-bayern.de\/wp-content\/uploads\/2022\/07\/Opioid-shutterstock_191298941.jpg",1000,662,false],"trp-custom-language-flag":["https:\/\/digidem-bayern.de\/wp-content\/uploads\/2022\/07\/Opioid-shutterstock_191298941.jpg",18,12,false],"qubely_landscape":["https:\/\/digidem-bayern.de\/wp-content\/uploads\/2022\/07\/Opioid-shutterstock_191298941.jpg",1000,662,false],"qubely_portrait":["https:\/\/digidem-bayern.de\/wp-content\/uploads\/2022\/07\/Opioid-shutterstock_191298941-540x320.jpg",540,320,true],"qubely_thumbnail":["https:\/\/digidem-bayern.de\/wp-content\/uploads\/2022\/07\/Opioid-shutterstock_191298941-140x100.jpg",140,100,true],"post-thumbnail":["https:\/\/digidem-bayern.de\/wp-content\/uploads\/2022\/07\/Opioid-shutterstock_191298941-529x350.jpg",529,350,true],"kahuna-featured":["https:\/\/digidem-bayern.de\/wp-content\/uploads\/2022\/07\/Opioid-shutterstock_191298941-734x350.jpg",734,350,true],"kahuna-featured-lp":["https:\/\/digidem-bayern.de\/wp-content\/uploads\/2022\/07\/Opioid-shutterstock_191298941-520x350.jpg",520,350,true],"kahuna-featured-half":["https:\/\/digidem-bayern.de\/wp-content\/uploads\/2022\/07\/Opioid-shutterstock_191298941-800x350.jpg",800,350,true],"kahuna-featured-third":["https:\/\/digidem-bayern.de\/wp-content\/uploads\/2022\/07\/Opioid-shutterstock_191298941-512x350.jpg",512,350,true],"kahuna-lpbox-1":["https:\/\/digidem-bayern.de\/wp-content\/uploads\/2022\/07\/Opioid-shutterstock_191298941-520x300.jpg",520,300,true],"kahuna-lpbox-2":["https:\/\/digidem-bayern.de\/wp-content\/uploads\/2022\/07\/Opioid-shutterstock_191298941-520x350.jpg",520,350,true],"demand-language-flag":["https:\/\/digidem-bayern.de\/wp-content\/uploads\/2022\/07\/Opioid-shutterstock_191298941.jpg",36,24,false],"dddkt-language-flag":["https:\/\/digidem-bayern.de\/wp-content\/uploads\/2022\/07\/Opioid-shutterstock_191298941-36x36.jpg",36,36,true],"ddiqc-language-flag":["https:\/\/digidem-bayern.de\/wp-content\/uploads\/2022\/07\/Opioid-shutterstock_191298941-36x36.jpg",36,36,true],"ddtl-language-flag":["https:\/\/digidem-bayern.de\/wp-content\/uploads\/2022\/07\/Opioid-shutterstock_191298941-36x36.jpg",36,36,true],"mailpoet_newsletter_max":["https:\/\/digidem-bayern.de\/wp-content\/uploads\/2022\/07\/Opioid-shutterstock_191298941.jpg",1000,662,false],"kahuna-lpbox-3":["https:\/\/digidem-bayern.de\/wp-content\/uploads\/2022\/07\/Opioid-shutterstock_191298941-520x350.jpg",520,350,true],"kahuna-featured-square":["https:\/\/digidem-bayern.de\/wp-content\/uploads\/2022\/07\/Opioid-shutterstock_191298941-512x512.jpg",512,512,true],"kahuna-featured-square-large":["https:\/\/digidem-bayern.de\/wp-content\/uploads\/2022\/07\/Opioid-shutterstock_191298941.jpg",1000,662,false]},"qubely_author":{"display_name":"Ilona H\u00f6rath","author_link":"https:\/\/digidem-bayern.de\/en\/author\/hoeratia\/"},"qubely_comment":2,"qubely_category":"<a href=\"https:\/\/digidem-bayern.de\/en\/category\/wissenschaft-forschung\/\" rel=\"category tag\">Wissenschaft &amp; Forschung<\/a>","qubely_excerpt":"Menschen zwischen 75 und 80 Jahren haben ein gr\u00f6\u00dferes Risiko an Demenz zu erkranken, wenn sie Opioide einnehmen. Dies belegt eine Studie aus Israel, in der die Gesundheitsdaten von insgesamt 14 Prozent der Gesamtbev\u00f6lkerung analysiert wurden. Trotz einer steigenden Anzahl an Opioidverordnungen bei \u00e4lteren Erwachsenen gab es bisher nur wenige &hellip;","featured_image_urls_v2":{"full":["https:\/\/digidem-bayern.de\/wp-content\/uploads\/2022\/07\/Opioid-shutterstock_191298941.jpg",1000,662,false],"thumbnail":["https:\/\/digidem-bayern.de\/wp-content\/uploads\/2022\/07\/Opioid-shutterstock_191298941-80x80.jpg",80,80,true],"medium":["https:\/\/digidem-bayern.de\/wp-content\/uploads\/2022\/07\/Opioid-shutterstock_191298941-300x199.jpg",300,199,true],"medium_large":["https:\/\/digidem-bayern.de\/wp-content\/uploads\/2022\/07\/Opioid-shutterstock_191298941-768x508.jpg",768,508,true],"large":["https:\/\/digidem-bayern.de\/wp-content\/uploads\/2022\/07\/Opioid-shutterstock_191298941.jpg",1000,662,false],"1536x1536":["https:\/\/digidem-bayern.de\/wp-content\/uploads\/2022\/07\/Opioid-shutterstock_191298941.jpg",1000,662,false],"2048x2048":["https:\/\/digidem-bayern.de\/wp-content\/uploads\/2022\/07\/Opioid-shutterstock_191298941.jpg",1000,662,false],"trp-custom-language-flag":["https:\/\/digidem-bayern.de\/wp-content\/uploads\/2022\/07\/Opioid-shutterstock_191298941.jpg",18,12,false],"qubely_landscape":["https:\/\/digidem-bayern.de\/wp-content\/uploads\/2022\/07\/Opioid-shutterstock_191298941.jpg",1000,662,false],"qubely_portrait":["https:\/\/digidem-bayern.de\/wp-content\/uploads\/2022\/07\/Opioid-shutterstock_191298941-540x320.jpg",540,320,true],"qubely_thumbnail":["https:\/\/digidem-bayern.de\/wp-content\/uploads\/2022\/07\/Opioid-shutterstock_191298941-140x100.jpg",140,100,true],"post-thumbnail":["https:\/\/digidem-bayern.de\/wp-content\/uploads\/2022\/07\/Opioid-shutterstock_191298941-529x350.jpg",529,350,true],"kahuna-featured":["https:\/\/digidem-bayern.de\/wp-content\/uploads\/2022\/07\/Opioid-shutterstock_191298941-734x350.jpg",734,350,true],"kahuna-featured-lp":["https:\/\/digidem-bayern.de\/wp-content\/uploads\/2022\/07\/Opioid-shutterstock_191298941-520x350.jpg",520,350,true],"kahuna-featured-half":["https:\/\/digidem-bayern.de\/wp-content\/uploads\/2022\/07\/Opioid-shutterstock_191298941-800x350.jpg",800,350,true],"kahuna-featured-third":["https:\/\/digidem-bayern.de\/wp-content\/uploads\/2022\/07\/Opioid-shutterstock_191298941-512x350.jpg",512,350,true],"kahuna-lpbox-1":["https:\/\/digidem-bayern.de\/wp-content\/uploads\/2022\/07\/Opioid-shutterstock_191298941-520x300.jpg",520,300,true],"kahuna-lpbox-2":["https:\/\/digidem-bayern.de\/wp-content\/uploads\/2022\/07\/Opioid-shutterstock_191298941-520x350.jpg",520,350,true],"demand-language-flag":["https:\/\/digidem-bayern.de\/wp-content\/uploads\/2022\/07\/Opioid-shutterstock_191298941.jpg",36,24,false],"dddkt-language-flag":["https:\/\/digidem-bayern.de\/wp-content\/uploads\/2022\/07\/Opioid-shutterstock_191298941-36x36.jpg",36,36,true],"ddiqc-language-flag":["https:\/\/digidem-bayern.de\/wp-content\/uploads\/2022\/07\/Opioid-shutterstock_191298941-36x36.jpg",36,36,true],"ddtl-language-flag":["https:\/\/digidem-bayern.de\/wp-content\/uploads\/2022\/07\/Opioid-shutterstock_191298941-36x36.jpg",36,36,true],"mailpoet_newsletter_max":["https:\/\/digidem-bayern.de\/wp-content\/uploads\/2022\/07\/Opioid-shutterstock_191298941.jpg",1000,662,false],"kahuna-lpbox-3":["https:\/\/digidem-bayern.de\/wp-content\/uploads\/2022\/07\/Opioid-shutterstock_191298941-520x350.jpg",520,350,true],"kahuna-featured-square":["https:\/\/digidem-bayern.de\/wp-content\/uploads\/2022\/07\/Opioid-shutterstock_191298941-512x512.jpg",512,512,true],"kahuna-featured-square-large":["https:\/\/digidem-bayern.de\/wp-content\/uploads\/2022\/07\/Opioid-shutterstock_191298941.jpg",1000,662,false]},"post_excerpt_stackable_v2":"<p>Menschen zwischen 75 und 80 Jahren haben ein gr\u00f6\u00dferes Risiko an Demenz zu erkranken, wenn sie Opioide einnehmen. Dies belegt eine Studie aus Israel, in der die Gesundheitsdaten von insgesamt 14 Prozent der Gesamtbev\u00f6lkerung analysiert wurden. Foto: Shutterstock Trotz einer steigenden Anzahl an Opioidverordnungen bei \u00e4lteren Erwachsenen gab es bisher nur wenige Studien \u00fcber den Zusammenhang zwischen verschreibungspflichtigem Opioidkonsum und dem Risiko einer Demenzerkrankung. Israelische Wissenschaftler*innen haben nun die Gesundheitsdaten von mehr als 91.000 Israeli im Alter ab 60 Jahren ausgewertet.&nbsp;Untersucht wurden die Daten von Menschen, bei denen zehn Jahre lang keine Demenzdiagnose gestellt wurde. Von Januar 2013 bis Oktober&hellip;<\/p>\n","category_list_v2":"<a href=\"https:\/\/digidem-bayern.de\/en\/category\/wissenschaft-forschung\/\" rel=\"category tag\">Wissenschaft &amp; Forschung<\/a>","author_info_v2":{"name":"Ilona H\u00f6rath","url":"https:\/\/digidem-bayern.de\/en\/author\/hoeratia\/"},"comments_num_v2":"0 comments","yoast_head":"<!-- This site is optimized with the Yoast SEO plugin v27.5 - https:\/\/yoast.com\/product\/yoast-seo-wordpress\/ -->\n<title>Demenzrisiko opioidhaltige Schmerzmittel - digiDEM Bayern<\/title>\n<meta name=\"description\" content=\"Der Bayerische Landesapothekerkammer unterst\u00fctzt digiDEM Bayern mit Hilfe des Netzwerks &quot;Demenzfreundliche Apotheken&quot;.\" \/>\n<meta name=\"robots\" content=\"index, follow, max-snippet:-1, max-image-preview:large, max-video-preview:-1\" \/>\n<link rel=\"canonical\" href=\"https:\/\/digidem-bayern.de\/en\/demenzrisiko-opioidhaltige-schmerzmittel\/\" \/>\n<meta property=\"og:locale\" content=\"en_US\" \/>\n<meta property=\"og:type\" content=\"article\" \/>\n<meta property=\"og:title\" content=\"Demenzrisiko opioidhaltige Schmerzmittel - digiDEM Bayern\" \/>\n<meta property=\"og:description\" content=\"Der Bayerische Landesapothekerkammer unterst\u00fctzt digiDEM Bayern mit Hilfe des Netzwerks &quot;Demenzfreundliche Apotheken&quot;.\" \/>\n<meta property=\"og:url\" content=\"https:\/\/digidem-bayern.de\/en\/demenzrisiko-opioidhaltige-schmerzmittel\/\" \/>\n<meta property=\"og:site_name\" content=\"digiDEM Bayern\" \/>\n<meta property=\"article:publisher\" content=\"https:\/\/www.facebook.com\/digiDEMBayern\/\" \/>\n<meta property=\"article:published_time\" content=\"2022-07-20T06:30:00+00:00\" \/>\n<meta property=\"article:modified_time\" content=\"2022-08-16T14:29:17+00:00\" \/>\n<meta property=\"og:image\" content=\"https:\/\/digidem-bayern.de\/wp-content\/uploads\/2022\/07\/Opioid-shutterstock_191298941.jpg\" \/>\n\t<meta property=\"og:image:width\" content=\"1000\" \/>\n\t<meta property=\"og:image:height\" content=\"662\" \/>\n\t<meta property=\"og:image:type\" content=\"image\/jpeg\" \/>\n<meta name=\"author\" content=\"Ilona H\u00f6rath\" \/>\n<meta name=\"twitter:label1\" content=\"Written by\" \/>\n\t<meta name=\"twitter:data1\" content=\"Ilona H\u00f6rath\" \/>\n\t<meta name=\"twitter:label2\" content=\"Est. reading time\" \/>\n\t<meta name=\"twitter:data2\" content=\"2 minutes\" \/>\n<script type=\"application\/ld+json\" class=\"yoast-schema-graph\">{\"@context\":\"https:\\\/\\\/schema.org\",\"@graph\":[{\"@type\":\"Article\",\"@id\":\"https:\\\/\\\/digidem-bayern.de\\\/demenzrisiko-opioidhaltige-schmerzmittel\\\/#article\",\"isPartOf\":{\"@id\":\"https:\\\/\\\/digidem-bayern.de\\\/demenzrisiko-opioidhaltige-schmerzmittel\\\/\"},\"author\":{\"name\":\"Ilona H\u00f6rath\",\"@id\":\"\\\/#\\\/schema\\\/person\\\/0bc1494f46fc2a051c761322a80e0941\"},\"headline\":\"Demenzrisiko opioidhaltige Schmerzmittel\",\"datePublished\":\"2022-07-20T06:30:00+00:00\",\"dateModified\":\"2022-08-16T14:29:17+00:00\",\"mainEntityOfPage\":{\"@id\":\"https:\\\/\\\/digidem-bayern.de\\\/demenzrisiko-opioidhaltige-schmerzmittel\\\/\"},\"wordCount\":279,\"commentCount\":0,\"publisher\":{\"@id\":\"\\\/#organization\"},\"image\":{\"@id\":\"https:\\\/\\\/digidem-bayern.de\\\/demenzrisiko-opioidhaltige-schmerzmittel\\\/#primaryimage\"},\"thumbnailUrl\":\"https:\\\/\\\/digidem-bayern.de\\\/wp-content\\\/uploads\\\/2022\\\/07\\\/Opioid-shutterstock_191298941.jpg\",\"keywords\":[\"Alzheimer\",\"Demenz\",\"Demenzdiagnose\",\"Demenzrisiko\",\"digidem\",\"digidem Bayern\",\"Digitales Demenzregister Bayern\",\"Opioidhaltige Schmerzmittel\",\"Schmerzmittel\",\"Senioren\"],\"articleSection\":[\"Wissenschaft &amp; Forschung\"],\"inLanguage\":\"en-US\",\"potentialAction\":[{\"@type\":\"CommentAction\",\"name\":\"Comment\",\"target\":[\"https:\\\/\\\/digidem-bayern.de\\\/demenzrisiko-opioidhaltige-schmerzmittel\\\/#respond\"]}]},{\"@type\":\"WebPage\",\"@id\":\"https:\\\/\\\/digidem-bayern.de\\\/demenzrisiko-opioidhaltige-schmerzmittel\\\/\",\"url\":\"https:\\\/\\\/digidem-bayern.de\\\/demenzrisiko-opioidhaltige-schmerzmittel\\\/\",\"name\":\"Demenzrisiko opioidhaltige Schmerzmittel - digiDEM Bayern\",\"isPartOf\":{\"@id\":\"\\\/#website\"},\"primaryImageOfPage\":{\"@id\":\"https:\\\/\\\/digidem-bayern.de\\\/demenzrisiko-opioidhaltige-schmerzmittel\\\/#primaryimage\"},\"image\":{\"@id\":\"https:\\\/\\\/digidem-bayern.de\\\/demenzrisiko-opioidhaltige-schmerzmittel\\\/#primaryimage\"},\"thumbnailUrl\":\"https:\\\/\\\/digidem-bayern.de\\\/wp-content\\\/uploads\\\/2022\\\/07\\\/Opioid-shutterstock_191298941.jpg\",\"datePublished\":\"2022-07-20T06:30:00+00:00\",\"dateModified\":\"2022-08-16T14:29:17+00:00\",\"description\":\"Der Bayerische Landesapothekerkammer unterst\u00fctzt digiDEM Bayern mit Hilfe des Netzwerks \\\"Demenzfreundliche Apotheken\\\".\",\"breadcrumb\":{\"@id\":\"https:\\\/\\\/digidem-bayern.de\\\/demenzrisiko-opioidhaltige-schmerzmittel\\\/#breadcrumb\"},\"inLanguage\":\"en-US\",\"potentialAction\":[{\"@type\":\"ReadAction\",\"target\":[\"https:\\\/\\\/digidem-bayern.de\\\/demenzrisiko-opioidhaltige-schmerzmittel\\\/\"]}]},{\"@type\":\"ImageObject\",\"inLanguage\":\"en-US\",\"@id\":\"https:\\\/\\\/digidem-bayern.de\\\/demenzrisiko-opioidhaltige-schmerzmittel\\\/#primaryimage\",\"url\":\"https:\\\/\\\/digidem-bayern.de\\\/wp-content\\\/uploads\\\/2022\\\/07\\\/Opioid-shutterstock_191298941.jpg\",\"contentUrl\":\"https:\\\/\\\/digidem-bayern.de\\\/wp-content\\\/uploads\\\/2022\\\/07\\\/Opioid-shutterstock_191298941.jpg\",\"width\":1000,\"height\":662,\"caption\":\"Menschen zwischen 75 und 80 Jahren haben ein gr\u00f6\u00dferes Risiko an Demenz zu erkranken, wenn sie Opioide einnehmen.\"},{\"@type\":\"BreadcrumbList\",\"@id\":\"https:\\\/\\\/digidem-bayern.de\\\/demenzrisiko-opioidhaltige-schmerzmittel\\\/#breadcrumb\",\"itemListElement\":[{\"@type\":\"ListItem\",\"position\":1,\"name\":\"Startseite\",\"item\":\"https:\\\/\\\/digidem-bayern.de\\\/\"},{\"@type\":\"ListItem\",\"position\":2,\"name\":\"Demenzrisiko opioidhaltige Schmerzmittel\"}]},{\"@type\":\"WebSite\",\"@id\":\"\\\/#website\",\"url\":\"\\\/\",\"name\":\"digiDEM Bayern\",\"description\":\"Das digitale Demenzregister Bayern erforscht und verbessert die Angebotsstuktur f\u00fcr Menschen mit Demenz und deren Angeh\u00f6rige\",\"publisher\":{\"@id\":\"\\\/#organization\"},\"potentialAction\":[{\"@type\":\"SearchAction\",\"target\":{\"@type\":\"EntryPoint\",\"urlTemplate\":\"\\\/?s={search_term_string}\"},\"query-input\":{\"@type\":\"PropertyValueSpecification\",\"valueRequired\":true,\"valueName\":\"search_term_string\"}}],\"inLanguage\":\"en-US\"},{\"@type\":\"Organization\",\"@id\":\"\\\/#organization\",\"name\":\"digiDEM Bayern\",\"url\":\"\\\/\",\"logo\":{\"@type\":\"ImageObject\",\"inLanguage\":\"en-US\",\"@id\":\"\\\/#\\\/schema\\\/logo\\\/image\\\/\",\"url\":\"https:\\\/\\\/digidem-bayern.de\\\/wp-content\\\/uploads\\\/2022\\\/03\\\/cropped-Allgemeines_digiDEMLOGO-removebg-preview.png\",\"contentUrl\":\"https:\\\/\\\/digidem-bayern.de\\\/wp-content\\\/uploads\\\/2022\\\/03\\\/cropped-Allgemeines_digiDEMLOGO-removebg-preview.png\",\"width\":612,\"height\":357,\"caption\":\"digiDEM Bayern\"},\"image\":{\"@id\":\"\\\/#\\\/schema\\\/logo\\\/image\\\/\"},\"sameAs\":[\"https:\\\/\\\/www.facebook.com\\\/digiDEMBayern\\\/\",\"https:\\\/\\\/x.com\\\/digidem_bayern\",\"https:\\\/\\\/www.instagram.com\\\/digidem.bayern\",\"https:\\\/\\\/www.linkedin.com\\\/company\\\/digidem-bayern\\\/\"]},{\"@type\":\"Person\",\"@id\":\"\\\/#\\\/schema\\\/person\\\/0bc1494f46fc2a051c761322a80e0941\",\"name\":\"Ilona H\u00f6rath\",\"url\":\"https:\\\/\\\/digidem-bayern.de\\\/en\\\/author\\\/hoeratia\\\/\"}]}<\/script>\n<!-- \/ Yoast SEO plugin. -->","yoast_head_json":{"title":"Demenzrisiko opioidhaltige Schmerzmittel - digiDEM Bayern","description":"Der Bayerische Landesapothekerkammer unterst\u00fctzt digiDEM Bayern mit Hilfe des Netzwerks \"Demenzfreundliche Apotheken\".","robots":{"index":"index","follow":"follow","max-snippet":"max-snippet:-1","max-image-preview":"max-image-preview:large","max-video-preview":"max-video-preview:-1"},"canonical":"https:\/\/digidem-bayern.de\/en\/demenzrisiko-opioidhaltige-schmerzmittel\/","og_locale":"en_US","og_type":"article","og_title":"Demenzrisiko opioidhaltige Schmerzmittel - digiDEM Bayern","og_description":"Der Bayerische Landesapothekerkammer unterst\u00fctzt digiDEM Bayern mit Hilfe des Netzwerks \"Demenzfreundliche Apotheken\".","og_url":"https:\/\/digidem-bayern.de\/en\/demenzrisiko-opioidhaltige-schmerzmittel\/","og_site_name":"digiDEM Bayern","article_publisher":"https:\/\/www.facebook.com\/digiDEMBayern\/","article_published_time":"2022-07-20T06:30:00+00:00","article_modified_time":"2022-08-16T14:29:17+00:00","og_image":[{"width":1000,"height":662,"url":"https:\/\/digidem-bayern.de\/wp-content\/uploads\/2022\/07\/Opioid-shutterstock_191298941.jpg","type":"image\/jpeg"}],"author":"Ilona H\u00f6rath","twitter_misc":{"Written by":"Ilona H\u00f6rath","Est. reading time":"2 minutes"},"schema":{"@context":"https:\/\/schema.org","@graph":[{"@type":"Article","@id":"https:\/\/digidem-bayern.de\/demenzrisiko-opioidhaltige-schmerzmittel\/#article","isPartOf":{"@id":"https:\/\/digidem-bayern.de\/demenzrisiko-opioidhaltige-schmerzmittel\/"},"author":{"name":"Ilona H\u00f6rath","@id":"\/#\/schema\/person\/0bc1494f46fc2a051c761322a80e0941"},"headline":"Demenzrisiko opioidhaltige Schmerzmittel","datePublished":"2022-07-20T06:30:00+00:00","dateModified":"2022-08-16T14:29:17+00:00","mainEntityOfPage":{"@id":"https:\/\/digidem-bayern.de\/demenzrisiko-opioidhaltige-schmerzmittel\/"},"wordCount":279,"commentCount":0,"publisher":{"@id":"\/#organization"},"image":{"@id":"https:\/\/digidem-bayern.de\/demenzrisiko-opioidhaltige-schmerzmittel\/#primaryimage"},"thumbnailUrl":"https:\/\/digidem-bayern.de\/wp-content\/uploads\/2022\/07\/Opioid-shutterstock_191298941.jpg","keywords":["Alzheimer","Demenz","Demenzdiagnose","Demenzrisiko","digidem","digidem Bayern","Digitales Demenzregister Bayern","Opioidhaltige Schmerzmittel","Schmerzmittel","Senioren"],"articleSection":["Wissenschaft &amp; Forschung"],"inLanguage":"en-US","potentialAction":[{"@type":"CommentAction","name":"Comment","target":["https:\/\/digidem-bayern.de\/demenzrisiko-opioidhaltige-schmerzmittel\/#respond"]}]},{"@type":"WebPage","@id":"https:\/\/digidem-bayern.de\/demenzrisiko-opioidhaltige-schmerzmittel\/","url":"https:\/\/digidem-bayern.de\/demenzrisiko-opioidhaltige-schmerzmittel\/","name":"Demenzrisiko opioidhaltige Schmerzmittel - digiDEM Bayern","isPartOf":{"@id":"\/#website"},"primaryImageOfPage":{"@id":"https:\/\/digidem-bayern.de\/demenzrisiko-opioidhaltige-schmerzmittel\/#primaryimage"},"image":{"@id":"https:\/\/digidem-bayern.de\/demenzrisiko-opioidhaltige-schmerzmittel\/#primaryimage"},"thumbnailUrl":"https:\/\/digidem-bayern.de\/wp-content\/uploads\/2022\/07\/Opioid-shutterstock_191298941.jpg","datePublished":"2022-07-20T06:30:00+00:00","dateModified":"2022-08-16T14:29:17+00:00","description":"Der Bayerische Landesapothekerkammer unterst\u00fctzt digiDEM Bayern mit Hilfe des Netzwerks \"Demenzfreundliche Apotheken\".","breadcrumb":{"@id":"https:\/\/digidem-bayern.de\/demenzrisiko-opioidhaltige-schmerzmittel\/#breadcrumb"},"inLanguage":"en-US","potentialAction":[{"@type":"ReadAction","target":["https:\/\/digidem-bayern.de\/demenzrisiko-opioidhaltige-schmerzmittel\/"]}]},{"@type":"ImageObject","inLanguage":"en-US","@id":"https:\/\/digidem-bayern.de\/demenzrisiko-opioidhaltige-schmerzmittel\/#primaryimage","url":"https:\/\/digidem-bayern.de\/wp-content\/uploads\/2022\/07\/Opioid-shutterstock_191298941.jpg","contentUrl":"https:\/\/digidem-bayern.de\/wp-content\/uploads\/2022\/07\/Opioid-shutterstock_191298941.jpg","width":1000,"height":662,"caption":"Menschen zwischen 75 und 80 Jahren haben ein gr\u00f6\u00dferes Risiko an Demenz zu erkranken, wenn sie Opioide einnehmen."},{"@type":"BreadcrumbList","@id":"https:\/\/digidem-bayern.de\/demenzrisiko-opioidhaltige-schmerzmittel\/#breadcrumb","itemListElement":[{"@type":"ListItem","position":1,"name":"Startseite","item":"https:\/\/digidem-bayern.de\/"},{"@type":"ListItem","position":2,"name":"Demenzrisiko opioidhaltige Schmerzmittel"}]},{"@type":"WebSite","@id":"\/#website","url":"\/","name":"digiDEM Bavaria","description":"The digital dementia register in Bavaria researches and improves the structure of services for people with dementia and their relatives","publisher":{"@id":"\/#organization"},"potentialAction":[{"@type":"SearchAction","target":{"@type":"EntryPoint","urlTemplate":"\/?s={search_term_string}"},"query-input":{"@type":"PropertyValueSpecification","valueRequired":true,"valueName":"search_term_string"}}],"inLanguage":"en-US"},{"@type":"Organization","@id":"\/#organization","name":"digiDEM Bavaria","url":"\/","logo":{"@type":"ImageObject","inLanguage":"en-US","@id":"\/#\/schema\/logo\/image\/","url":"https:\/\/digidem-bayern.de\/wp-content\/uploads\/2022\/03\/cropped-Allgemeines_digiDEMLOGO-removebg-preview.png","contentUrl":"https:\/\/digidem-bayern.de\/wp-content\/uploads\/2022\/03\/cropped-Allgemeines_digiDEMLOGO-removebg-preview.png","width":612,"height":357,"caption":"digiDEM Bayern"},"image":{"@id":"\/#\/schema\/logo\/image\/"},"sameAs":["https:\/\/www.facebook.com\/digiDEMBayern\/","https:\/\/x.com\/digidem_bayern","https:\/\/www.instagram.com\/digidem.bayern","https:\/\/www.linkedin.com\/company\/digidem-bayern\/"]},{"@type":"Person","@id":"\/#\/schema\/person\/0bc1494f46fc2a051c761322a80e0941","name":"Ilona H\u00f6rath","url":"https:\/\/digidem-bayern.de\/en\/author\/hoeratia\/"}]}},"uagb_featured_image_src":{"full":["https:\/\/digidem-bayern.de\/wp-content\/uploads\/2022\/07\/Opioid-shutterstock_191298941.jpg",1000,662,false],"thumbnail":["https:\/\/digidem-bayern.de\/wp-content\/uploads\/2022\/07\/Opioid-shutterstock_191298941-80x80.jpg",80,80,true],"medium":["https:\/\/digidem-bayern.de\/wp-content\/uploads\/2022\/07\/Opioid-shutterstock_191298941-300x199.jpg",300,199,true],"medium_large":["https:\/\/digidem-bayern.de\/wp-content\/uploads\/2022\/07\/Opioid-shutterstock_191298941-768x508.jpg",768,508,true],"large":["https:\/\/digidem-bayern.de\/wp-content\/uploads\/2022\/07\/Opioid-shutterstock_191298941.jpg",1000,662,false],"1536x1536":["https:\/\/digidem-bayern.de\/wp-content\/uploads\/2022\/07\/Opioid-shutterstock_191298941.jpg",1000,662,false],"2048x2048":["https:\/\/digidem-bayern.de\/wp-content\/uploads\/2022\/07\/Opioid-shutterstock_191298941.jpg",1000,662,false],"trp-custom-language-flag":["https:\/\/digidem-bayern.de\/wp-content\/uploads\/2022\/07\/Opioid-shutterstock_191298941.jpg",18,12,false],"qubely_landscape":["https:\/\/digidem-bayern.de\/wp-content\/uploads\/2022\/07\/Opioid-shutterstock_191298941.jpg",1000,662,false],"qubely_portrait":["https:\/\/digidem-bayern.de\/wp-content\/uploads\/2022\/07\/Opioid-shutterstock_191298941-540x320.jpg",540,320,true],"qubely_thumbnail":["https:\/\/digidem-bayern.de\/wp-content\/uploads\/2022\/07\/Opioid-shutterstock_191298941-140x100.jpg",140,100,true],"post-thumbnail":["https:\/\/digidem-bayern.de\/wp-content\/uploads\/2022\/07\/Opioid-shutterstock_191298941-529x350.jpg",529,350,true],"kahuna-featured":["https:\/\/digidem-bayern.de\/wp-content\/uploads\/2022\/07\/Opioid-shutterstock_191298941-734x350.jpg",734,350,true],"kahuna-featured-lp":["https:\/\/digidem-bayern.de\/wp-content\/uploads\/2022\/07\/Opioid-shutterstock_191298941-520x350.jpg",520,350,true],"kahuna-featured-half":["https:\/\/digidem-bayern.de\/wp-content\/uploads\/2022\/07\/Opioid-shutterstock_191298941-800x350.jpg",800,350,true],"kahuna-featured-third":["https:\/\/digidem-bayern.de\/wp-content\/uploads\/2022\/07\/Opioid-shutterstock_191298941-512x350.jpg",512,350,true],"kahuna-lpbox-1":["https:\/\/digidem-bayern.de\/wp-content\/uploads\/2022\/07\/Opioid-shutterstock_191298941-520x300.jpg",520,300,true],"kahuna-lpbox-2":["https:\/\/digidem-bayern.de\/wp-content\/uploads\/2022\/07\/Opioid-shutterstock_191298941-520x350.jpg",520,350,true],"demand-language-flag":["https:\/\/digidem-bayern.de\/wp-content\/uploads\/2022\/07\/Opioid-shutterstock_191298941.jpg",36,24,false],"dddkt-language-flag":["https:\/\/digidem-bayern.de\/wp-content\/uploads\/2022\/07\/Opioid-shutterstock_191298941-36x36.jpg",36,36,true],"ddiqc-language-flag":["https:\/\/digidem-bayern.de\/wp-content\/uploads\/2022\/07\/Opioid-shutterstock_191298941-36x36.jpg",36,36,true],"ddtl-language-flag":["https:\/\/digidem-bayern.de\/wp-content\/uploads\/2022\/07\/Opioid-shutterstock_191298941-36x36.jpg",36,36,true],"mailpoet_newsletter_max":["https:\/\/digidem-bayern.de\/wp-content\/uploads\/2022\/07\/Opioid-shutterstock_191298941.jpg",1000,662,false],"kahuna-lpbox-3":["https:\/\/digidem-bayern.de\/wp-content\/uploads\/2022\/07\/Opioid-shutterstock_191298941-520x350.jpg",520,350,true],"kahuna-featured-square":["https:\/\/digidem-bayern.de\/wp-content\/uploads\/2022\/07\/Opioid-shutterstock_191298941-512x512.jpg",512,512,true],"kahuna-featured-square-large":["https:\/\/digidem-bayern.de\/wp-content\/uploads\/2022\/07\/Opioid-shutterstock_191298941.jpg",1000,662,false]},"uagb_author_info":{"display_name":"Ilona H\u00f6rath","author_link":"https:\/\/digidem-bayern.de\/en\/author\/hoeratia\/"},"uagb_comment_info":2,"uagb_excerpt":"Menschen zwischen 75 und 80 Jahren haben ein gr\u00f6\u00dferes Risiko an Demenz zu erkranken, wenn sie Opioide einnehmen. Dies belegt eine Studie aus Israel, in der die Gesundheitsdaten von insgesamt 14 Prozent der Gesamtbev\u00f6lkerung analysiert wurden. Trotz einer steigenden Anzahl an Opioidverordnungen bei \u00e4lteren Erwachsenen gab es bisher nur wenige &hellip;","_links":{"self":[{"href":"https:\/\/digidem-bayern.de\/en\/wp-json\/wp\/v2\/posts\/22310","targetHints":{"allow":["GET"]}}],"collection":[{"href":"https:\/\/digidem-bayern.de\/en\/wp-json\/wp\/v2\/posts"}],"about":[{"href":"https:\/\/digidem-bayern.de\/en\/wp-json\/wp\/v2\/types\/post"}],"author":[{"embeddable":true,"href":"https:\/\/digidem-bayern.de\/en\/wp-json\/wp\/v2\/users\/12"}],"replies":[{"embeddable":true,"href":"https:\/\/digidem-bayern.de\/en\/wp-json\/wp\/v2\/comments?post=22310"}],"version-history":[{"count":5,"href":"https:\/\/digidem-bayern.de\/en\/wp-json\/wp\/v2\/posts\/22310\/revisions"}],"predecessor-version":[{"id":22910,"href":"https:\/\/digidem-bayern.de\/en\/wp-json\/wp\/v2\/posts\/22310\/revisions\/22910"}],"wp:featuredmedia":[{"embeddable":true,"href":"https:\/\/digidem-bayern.de\/en\/wp-json\/wp\/v2\/media\/22313"}],"wp:attachment":[{"href":"https:\/\/digidem-bayern.de\/en\/wp-json\/wp\/v2\/media?parent=22310"}],"wp:term":[{"taxonomy":"category","embeddable":true,"href":"https:\/\/digidem-bayern.de\/en\/wp-json\/wp\/v2\/categories?post=22310"},{"taxonomy":"post_tag","embeddable":true,"href":"https:\/\/digidem-bayern.de\/en\/wp-json\/wp\/v2\/tags?post=22310"}],"curies":[{"name":"wp","href":"https:\/\/api.w.org\/{rel}","templated":true}]}}