{"id":20895,"date":"2022-06-22T10:15:00","date_gmt":"2022-06-22T08:15:00","guid":{"rendered":"https:\/\/digidem-bayern.de\/?p=20895"},"modified":"2022-08-16T16:32:12","modified_gmt":"2022-08-16T14:32:12","slug":"digital-aufgesetzte-gesundheitskampagnen-foerdern-wissen-zur-demenz","status":"publish","type":"post","link":"https:\/\/digidem-bayern.de\/en\/digital-aufgesetzte-gesundheitskampagnen-foerdern-wissen-zur-demenz\/","title":{"rendered":"Digital aufgesetzte Gesundheitskampagnen f\u00f6rdern Wissen zur Demenz"},"content":{"rendered":"<p><strong>Wie erfolgreich sich Wissensl\u00fccken rund um die Demenzvorsorge schlie\u00dfen lassen k\u00f6nnen, zeigt eine Studie aus dem belgischen Flandern. Sie belegt, dass sich durch \u00f6ffentliche Gesundheitskampagnen der Wissensstand zu Demenz erh\u00f6ht.<\/strong><\/p>\n\n\n\n<p>Belgische Wissenschaftler*innen untersuchten, wie erfolgreich die Erweiterung des Wissenshorizontes sein kann. 65 Prozent der Bev\u00f6lkerung Flanderns in Belgien wussten zun\u00e4chst nicht, dass sich das Demenzrisiko grunds\u00e4tzlich verringern l\u00e4sst. Ebenso war es den online Befragten nicht klar, wie genau man sich besser vor Demenz sch\u00fctzen kann. Ge\u00e4ndert hat sich ihr Wissensstand jedoch nach einer \u00f6ffentlichen Gesundheitskampagne, die \u00fcber einen Zeitraum von sieben Monaten und unter Einbeziehung der Massenmedien sowie der sozialen Medien durchgef\u00fchrt wurde.<\/p>\n\n\n\n<p><\/p>\n\n\n<div class=\"wp-block-image\">\n<figure class=\"alignright size-full is-resized\"><img loading=\"lazy\" decoding=\"async\" src=\"https:\/\/digidem-bayern.de\/wp-content\/uploads\/2022\/06\/shutterstock_2053706567.jpg\" alt=\"Belgische Wissenschaftler untersuchten, wie erfolgreich die Erweiterung des Wissenshorizontes sein kann.\" class=\"wp-image-20913\" width=\"445\" height=\"335\" srcset=\"https:\/\/digidem-bayern.de\/wp-content\/uploads\/2022\/06\/shutterstock_2053706567.jpg 1000w, https:\/\/digidem-bayern.de\/wp-content\/uploads\/2022\/06\/shutterstock_2053706567-300x225.jpg 300w, https:\/\/digidem-bayern.de\/wp-content\/uploads\/2022\/06\/shutterstock_2053706567-768x577.jpg 768w, https:\/\/digidem-bayern.de\/wp-content\/uploads\/2022\/06\/shutterstock_2053706567-466x350.jpg 466w\" sizes=\"auto, (max-width: 445px) 100vw, 445px\" \/><figcaption>Foto: Shutterstock<\/figcaption><\/figure>\n<\/div>\n\n\n<p><strong>Risiko- und Schutzfaktoren sind ver\u00e4nderbar<\/strong><\/p>\n\n\n\n<p>\u201eNach der Kampagne wussten mehr Personen (10,3 Prozent) als vor der Kampagne, dass eine Verringerung des Demenzrisikos m\u00f6glich ist\u201c, schreiben die Studienautor*innen. Zudem konnten mehr Personen als vorher mehrere ver\u00e4nderbare Risiko- und Schutzfaktoren f\u00fcr Demenz wie zum Beispiel Rauchen oder die Ver\u00e4nderung des Lebensstils benennen.<\/p>\n\n\n\n<p>Au\u00dferdem gab mit 89 Prozent die Mehrheit der Befragten an, dass sie weitere Informationen zur Verbesserung ihrer Hirngesundheit sehr begr\u00fc\u00dfen w\u00fcrden. Dass sie ihr eigenes Gesundheitsverhalten bisher nicht \u00e4nderten, f\u00fchrten die Studienteilnehmenden auf mangelndes Wissen zur\u00fcck. <\/p>\n\n\n\n<p>Besonders beim Thema Gef\u00e4\u00dfrisikofaktoren als Ursache f\u00fcr die Entstehung von Demenzerkrankungen m\u00fcssen Anstrengungen unternommen werden, um das Wissen zu erweitern, so die Studie. Zudem sollte auf Menschen mit niedrigem Bildungsniveau ein besonderes Augenmerk gelegt werden. Diese haben von der \u00f6ffentlichen Gesundheitskampagne weniger profitiert.<\/p>\n\n\n\n<p>Hier geht&#8217;s zur Studie:<\/p>\n\n\n\n<p><a href=\"https:\/\/www.sciencedirect.com\/science\/article\/pii\/S0091743521001067?via%3Dihub\">Increasing knowledge on dementia risk reduction in the general population: Results of a public awareness campaign &#8211; ScienceDirect<\/a><\/p>\n\n\n\n<p><\/p>\n\n\n\n<p><\/p>\n\n\n\n<p style=\"font-size:20px\"><\/p>\n\n\n\n<div style=\"height:20px\" aria-hidden=\"true\" class=\"wp-block-spacer\"><\/div>\n\n\n\n<div style=\"height:20px\" aria-hidden=\"true\" class=\"wp-block-spacer\"><\/div>","protected":false},"excerpt":{"rendered":"<p>Wie erfolgreich sich Wissensl\u00fccken rund um die Demenzvorsorge schlie\u00dfen lassen k\u00f6nnen, zeigt eine Studie aus dem belgischen Flandern. Sie belegt, dass sich durch \u00f6ffentliche Gesundheitskampagnen der Wissensstand zu Demenz erh\u00f6ht. Belgische Wissenschaftler*innen untersuchten, wie erfolgreich die Erweiterung des Wissenshorizontes sein kann. 65 Prozent der Bev\u00f6lkerung Flanderns in Belgien wussten zun\u00e4chst &hellip;<\/p>","protected":false},"author":12,"featured_media":20913,"comment_status":"open","ping_status":"closed","sticky":false,"template":"","format":"standard","meta":{"qubely_global_settings":"","qubely_interactions":"","_uag_custom_page_level_css":"","footnotes":""},"categories":[5],"tags":[13,475,12,112,474,14,17,55,447,476,217],"class_list":["post-20895","post","type-post","status-publish","format-standard","has-post-thumbnail","hentry","category-wissenschaft-forschung","tag-alzheimer","tag-bildungsniveau","tag-demenz-2","tag-demenzdiagnose","tag-demenzwissen","tag-digidem","tag-digidem-bayern","tag-digitales-demenzregister-bayern","tag-gesundheitskampagne","tag-schutz-vor-demenz","tag-senioren"],"qubely_featured_image_url":{"full":["https:\/\/digidem-bayern.de\/wp-content\/uploads\/2022\/06\/shutterstock_2053706567.jpg",1000,751,false],"landscape":["https:\/\/digidem-bayern.de\/wp-content\/uploads\/2022\/06\/shutterstock_2053706567.jpg",999,750,false],"portraits":["https:\/\/digidem-bayern.de\/wp-content\/uploads\/2022\/06\/shutterstock_2053706567-540x320.jpg",540,320,true],"thumbnail":["https:\/\/digidem-bayern.de\/wp-content\/uploads\/2022\/06\/shutterstock_2053706567-80x80.jpg",80,80,true],"medium":["https:\/\/digidem-bayern.de\/wp-content\/uploads\/2022\/06\/shutterstock_2053706567-300x225.jpg",300,225,true],"medium_large":["https:\/\/digidem-bayern.de\/wp-content\/uploads\/2022\/06\/shutterstock_2053706567-768x577.jpg",768,577,true],"large":["https:\/\/digidem-bayern.de\/wp-content\/uploads\/2022\/06\/shutterstock_2053706567.jpg",1000,751,false],"1536x1536":["https:\/\/digidem-bayern.de\/wp-content\/uploads\/2022\/06\/shutterstock_2053706567.jpg",1000,751,false],"2048x2048":["https:\/\/digidem-bayern.de\/wp-content\/uploads\/2022\/06\/shutterstock_2053706567.jpg",1000,751,false],"trp-custom-language-flag":["https:\/\/digidem-bayern.de\/wp-content\/uploads\/2022\/06\/shutterstock_2053706567.jpg",16,12,false],"qubely_landscape":["https:\/\/digidem-bayern.de\/wp-content\/uploads\/2022\/06\/shutterstock_2053706567.jpg",999,750,false],"qubely_portrait":["https:\/\/digidem-bayern.de\/wp-content\/uploads\/2022\/06\/shutterstock_2053706567-540x320.jpg",540,320,true],"qubely_thumbnail":["https:\/\/digidem-bayern.de\/wp-content\/uploads\/2022\/06\/shutterstock_2053706567-140x100.jpg",140,100,true],"post-thumbnail":["https:\/\/digidem-bayern.de\/wp-content\/uploads\/2022\/06\/shutterstock_2053706567-466x350.jpg",466,350,true],"kahuna-featured":["https:\/\/digidem-bayern.de\/wp-content\/uploads\/2022\/06\/shutterstock_2053706567-734x350.jpg",734,350,true],"kahuna-featured-lp":["https:\/\/digidem-bayern.de\/wp-content\/uploads\/2022\/06\/shutterstock_2053706567-520x350.jpg",520,350,true],"kahuna-featured-half":["https:\/\/digidem-bayern.de\/wp-content\/uploads\/2022\/06\/shutterstock_2053706567-800x350.jpg",800,350,true],"kahuna-featured-third":["https:\/\/digidem-bayern.de\/wp-content\/uploads\/2022\/06\/shutterstock_2053706567-512x350.jpg",512,350,true],"kahuna-lpbox-1":["https:\/\/digidem-bayern.de\/wp-content\/uploads\/2022\/06\/shutterstock_2053706567-520x300.jpg",520,300,true],"kahuna-lpbox-2":["https:\/\/digidem-bayern.de\/wp-content\/uploads\/2022\/06\/shutterstock_2053706567-520x350.jpg",520,350,true],"demand-language-flag":["https:\/\/digidem-bayern.de\/wp-content\/uploads\/2022\/06\/shutterstock_2053706567.jpg",36,27,false],"dddkt-language-flag":["https:\/\/digidem-bayern.de\/wp-content\/uploads\/2022\/06\/shutterstock_2053706567-36x36.jpg",36,36,true],"ddiqc-language-flag":["https:\/\/digidem-bayern.de\/wp-content\/uploads\/2022\/06\/shutterstock_2053706567-36x36.jpg",36,36,true],"ddtl-language-flag":["https:\/\/digidem-bayern.de\/wp-content\/uploads\/2022\/06\/shutterstock_2053706567-36x36.jpg",36,36,true],"mailpoet_newsletter_max":["https:\/\/digidem-bayern.de\/wp-content\/uploads\/2022\/06\/shutterstock_2053706567.jpg",1000,751,false],"kahuna-lpbox-3":["https:\/\/digidem-bayern.de\/wp-content\/uploads\/2022\/06\/shutterstock_2053706567-520x350.jpg",520,350,true],"kahuna-featured-square":["https:\/\/digidem-bayern.de\/wp-content\/uploads\/2022\/06\/shutterstock_2053706567-512x512.jpg",512,512,true],"kahuna-featured-square-large":["https:\/\/digidem-bayern.de\/wp-content\/uploads\/2022\/06\/shutterstock_2053706567.jpg",1000,751,false]},"qubely_author":{"display_name":"Ilona H\u00f6rath","author_link":"https:\/\/digidem-bayern.de\/en\/author\/hoeratia\/"},"qubely_comment":4,"qubely_category":"<a href=\"https:\/\/digidem-bayern.de\/en\/category\/wissenschaft-forschung\/\" rel=\"category tag\">Wissenschaft &amp; Forschung<\/a>","qubely_excerpt":"Wie erfolgreich sich Wissensl\u00fccken rund um die Demenzvorsorge schlie\u00dfen lassen k\u00f6nnen, zeigt eine Studie aus dem belgischen Flandern. Sie belegt, dass sich durch \u00f6ffentliche Gesundheitskampagnen der Wissensstand zu Demenz erh\u00f6ht. Belgische Wissenschaftler*innen untersuchten, wie erfolgreich die Erweiterung des Wissenshorizontes sein kann. 65 Prozent der Bev\u00f6lkerung Flanderns in Belgien wussten zun\u00e4chst &hellip;","featured_image_urls_v2":{"full":["https:\/\/digidem-bayern.de\/wp-content\/uploads\/2022\/06\/shutterstock_2053706567.jpg",1000,751,false],"thumbnail":["https:\/\/digidem-bayern.de\/wp-content\/uploads\/2022\/06\/shutterstock_2053706567-80x80.jpg",80,80,true],"medium":["https:\/\/digidem-bayern.de\/wp-content\/uploads\/2022\/06\/shutterstock_2053706567-300x225.jpg",300,225,true],"medium_large":["https:\/\/digidem-bayern.de\/wp-content\/uploads\/2022\/06\/shutterstock_2053706567-768x577.jpg",768,577,true],"large":["https:\/\/digidem-bayern.de\/wp-content\/uploads\/2022\/06\/shutterstock_2053706567.jpg",1000,751,false],"1536x1536":["https:\/\/digidem-bayern.de\/wp-content\/uploads\/2022\/06\/shutterstock_2053706567.jpg",1000,751,false],"2048x2048":["https:\/\/digidem-bayern.de\/wp-content\/uploads\/2022\/06\/shutterstock_2053706567.jpg",1000,751,false],"trp-custom-language-flag":["https:\/\/digidem-bayern.de\/wp-content\/uploads\/2022\/06\/shutterstock_2053706567.jpg",16,12,false],"qubely_landscape":["https:\/\/digidem-bayern.de\/wp-content\/uploads\/2022\/06\/shutterstock_2053706567.jpg",999,750,false],"qubely_portrait":["https:\/\/digidem-bayern.de\/wp-content\/uploads\/2022\/06\/shutterstock_2053706567-540x320.jpg",540,320,true],"qubely_thumbnail":["https:\/\/digidem-bayern.de\/wp-content\/uploads\/2022\/06\/shutterstock_2053706567-140x100.jpg",140,100,true],"post-thumbnail":["https:\/\/digidem-bayern.de\/wp-content\/uploads\/2022\/06\/shutterstock_2053706567-466x350.jpg",466,350,true],"kahuna-featured":["https:\/\/digidem-bayern.de\/wp-content\/uploads\/2022\/06\/shutterstock_2053706567-734x350.jpg",734,350,true],"kahuna-featured-lp":["https:\/\/digidem-bayern.de\/wp-content\/uploads\/2022\/06\/shutterstock_2053706567-520x350.jpg",520,350,true],"kahuna-featured-half":["https:\/\/digidem-bayern.de\/wp-content\/uploads\/2022\/06\/shutterstock_2053706567-800x350.jpg",800,350,true],"kahuna-featured-third":["https:\/\/digidem-bayern.de\/wp-content\/uploads\/2022\/06\/shutterstock_2053706567-512x350.jpg",512,350,true],"kahuna-lpbox-1":["https:\/\/digidem-bayern.de\/wp-content\/uploads\/2022\/06\/shutterstock_2053706567-520x300.jpg",520,300,true],"kahuna-lpbox-2":["https:\/\/digidem-bayern.de\/wp-content\/uploads\/2022\/06\/shutterstock_2053706567-520x350.jpg",520,350,true],"demand-language-flag":["https:\/\/digidem-bayern.de\/wp-content\/uploads\/2022\/06\/shutterstock_2053706567.jpg",36,27,false],"dddkt-language-flag":["https:\/\/digidem-bayern.de\/wp-content\/uploads\/2022\/06\/shutterstock_2053706567-36x36.jpg",36,36,true],"ddiqc-language-flag":["https:\/\/digidem-bayern.de\/wp-content\/uploads\/2022\/06\/shutterstock_2053706567-36x36.jpg",36,36,true],"ddtl-language-flag":["https:\/\/digidem-bayern.de\/wp-content\/uploads\/2022\/06\/shutterstock_2053706567-36x36.jpg",36,36,true],"mailpoet_newsletter_max":["https:\/\/digidem-bayern.de\/wp-content\/uploads\/2022\/06\/shutterstock_2053706567.jpg",1000,751,false],"kahuna-lpbox-3":["https:\/\/digidem-bayern.de\/wp-content\/uploads\/2022\/06\/shutterstock_2053706567-520x350.jpg",520,350,true],"kahuna-featured-square":["https:\/\/digidem-bayern.de\/wp-content\/uploads\/2022\/06\/shutterstock_2053706567-512x512.jpg",512,512,true],"kahuna-featured-square-large":["https:\/\/digidem-bayern.de\/wp-content\/uploads\/2022\/06\/shutterstock_2053706567.jpg",1000,751,false]},"post_excerpt_stackable_v2":"<p>Wie erfolgreich sich Wissensl\u00fccken rund um die Demenzvorsorge schlie\u00dfen lassen k\u00f6nnen, zeigt eine Studie aus dem belgischen Flandern. Sie belegt, dass sich durch \u00f6ffentliche Gesundheitskampagnen der Wissensstand zu Demenz erh\u00f6ht. Belgische Wissenschaftler*innen untersuchten, wie erfolgreich die Erweiterung des Wissenshorizontes sein kann. 65 Prozent der Bev\u00f6lkerung Flanderns in Belgien wussten zun\u00e4chst nicht, dass sich das Demenzrisiko grunds\u00e4tzlich verringern l\u00e4sst. Ebenso war es den online Befragten nicht klar, wie genau man sich besser vor Demenz sch\u00fctzen kann. Ge\u00e4ndert hat sich ihr Wissensstand jedoch nach einer \u00f6ffentlichen Gesundheitskampagne, die \u00fcber einen Zeitraum von sieben Monaten und unter Einbeziehung der Massenmedien sowie der sozialen&hellip;<\/p>\n","category_list_v2":"<a href=\"https:\/\/digidem-bayern.de\/en\/category\/wissenschaft-forschung\/\" rel=\"category tag\">Wissenschaft &amp; Forschung<\/a>","author_info_v2":{"name":"Ilona H\u00f6rath","url":"https:\/\/digidem-bayern.de\/en\/author\/hoeratia\/"},"comments_num_v2":"0 comments","yoast_head":"<!-- This site is optimized with the Yoast SEO plugin v27.4 - https:\/\/yoast.com\/product\/yoast-seo-wordpress\/ -->\n<title>Digital aufgesetzte Gesundheitskampagnen f\u00f6rdern Wissen zur Demenz - digiDEM Bayern<\/title>\n<meta name=\"description\" content=\"Der Bayerische Landesapothekerkammer unterst\u00fctzt digiDEM Bayern mit Hilfe des Netzwerks &quot;Demenzfreundliche Apotheken&quot;.\" \/>\n<meta name=\"robots\" content=\"index, follow, max-snippet:-1, max-image-preview:large, max-video-preview:-1\" \/>\n<link rel=\"canonical\" href=\"https:\/\/digidem-bayern.de\/en\/digital-aufgesetzte-gesundheitskampagnen-foerdern-wissen-zur-demenz\/\" \/>\n<meta property=\"og:locale\" content=\"en_US\" \/>\n<meta property=\"og:type\" content=\"article\" \/>\n<meta property=\"og:title\" content=\"Digital aufgesetzte Gesundheitskampagnen f\u00f6rdern Wissen zur Demenz - digiDEM Bayern\" \/>\n<meta property=\"og:description\" content=\"Der Bayerische Landesapothekerkammer unterst\u00fctzt digiDEM Bayern mit Hilfe des Netzwerks &quot;Demenzfreundliche Apotheken&quot;.\" \/>\n<meta property=\"og:url\" content=\"https:\/\/digidem-bayern.de\/en\/digital-aufgesetzte-gesundheitskampagnen-foerdern-wissen-zur-demenz\/\" \/>\n<meta property=\"og:site_name\" content=\"digiDEM Bayern\" \/>\n<meta property=\"article:publisher\" content=\"https:\/\/www.facebook.com\/digiDEMBayern\/\" \/>\n<meta property=\"article:published_time\" content=\"2022-06-22T08:15:00+00:00\" \/>\n<meta property=\"article:modified_time\" content=\"2022-08-16T14:32:12+00:00\" \/>\n<meta property=\"og:image\" content=\"https:\/\/digidem-bayern.de\/wp-content\/uploads\/2022\/06\/shutterstock_2053706567.jpg\" \/>\n\t<meta property=\"og:image:width\" content=\"1000\" \/>\n\t<meta property=\"og:image:height\" content=\"751\" \/>\n\t<meta property=\"og:image:type\" content=\"image\/jpeg\" \/>\n<meta name=\"author\" content=\"Ilona H\u00f6rath\" \/>\n<meta name=\"twitter:label1\" content=\"Written by\" \/>\n\t<meta name=\"twitter:data1\" content=\"Ilona H\u00f6rath\" \/>\n\t<meta name=\"twitter:label2\" content=\"Est. reading time\" \/>\n\t<meta name=\"twitter:data2\" content=\"2 minutes\" \/>\n<script type=\"application\/ld+json\" class=\"yoast-schema-graph\">{\"@context\":\"https:\\\/\\\/schema.org\",\"@graph\":[{\"@type\":\"Article\",\"@id\":\"https:\\\/\\\/digidem-bayern.de\\\/digital-aufgesetzte-gesundheitskampagnen-foerdern-wissen-zur-demenz\\\/#article\",\"isPartOf\":{\"@id\":\"https:\\\/\\\/digidem-bayern.de\\\/digital-aufgesetzte-gesundheitskampagnen-foerdern-wissen-zur-demenz\\\/\"},\"author\":{\"name\":\"Ilona H\u00f6rath\",\"@id\":\"\\\/#\\\/schema\\\/person\\\/0bc1494f46fc2a051c761322a80e0941\"},\"headline\":\"Digital aufgesetzte Gesundheitskampagnen f\u00f6rdern Wissen zur Demenz\",\"datePublished\":\"2022-06-22T08:15:00+00:00\",\"dateModified\":\"2022-08-16T14:32:12+00:00\",\"mainEntityOfPage\":{\"@id\":\"https:\\\/\\\/digidem-bayern.de\\\/digital-aufgesetzte-gesundheitskampagnen-foerdern-wissen-zur-demenz\\\/\"},\"wordCount\":288,\"commentCount\":0,\"publisher\":{\"@id\":\"\\\/#organization\"},\"image\":{\"@id\":\"https:\\\/\\\/digidem-bayern.de\\\/digital-aufgesetzte-gesundheitskampagnen-foerdern-wissen-zur-demenz\\\/#primaryimage\"},\"thumbnailUrl\":\"https:\\\/\\\/digidem-bayern.de\\\/wp-content\\\/uploads\\\/2022\\\/06\\\/shutterstock_2053706567.jpg\",\"keywords\":[\"Alzheimer\",\"Bildungsniveau\",\"Demenz\",\"Demenzdiagnose\",\"Demenzwissen\",\"digidem\",\"digidem Bayern\",\"Digitales Demenzregister Bayern\",\"Gesundheitskampagne\",\"Schutz vor Demenz\",\"Senioren\"],\"articleSection\":[\"Wissenschaft &amp; Forschung\"],\"inLanguage\":\"en-US\",\"potentialAction\":[{\"@type\":\"CommentAction\",\"name\":\"Comment\",\"target\":[\"https:\\\/\\\/digidem-bayern.de\\\/digital-aufgesetzte-gesundheitskampagnen-foerdern-wissen-zur-demenz\\\/#respond\"]}]},{\"@type\":\"WebPage\",\"@id\":\"https:\\\/\\\/digidem-bayern.de\\\/digital-aufgesetzte-gesundheitskampagnen-foerdern-wissen-zur-demenz\\\/\",\"url\":\"https:\\\/\\\/digidem-bayern.de\\\/digital-aufgesetzte-gesundheitskampagnen-foerdern-wissen-zur-demenz\\\/\",\"name\":\"Digital aufgesetzte Gesundheitskampagnen f\u00f6rdern Wissen zur Demenz - digiDEM Bayern\",\"isPartOf\":{\"@id\":\"\\\/#website\"},\"primaryImageOfPage\":{\"@id\":\"https:\\\/\\\/digidem-bayern.de\\\/digital-aufgesetzte-gesundheitskampagnen-foerdern-wissen-zur-demenz\\\/#primaryimage\"},\"image\":{\"@id\":\"https:\\\/\\\/digidem-bayern.de\\\/digital-aufgesetzte-gesundheitskampagnen-foerdern-wissen-zur-demenz\\\/#primaryimage\"},\"thumbnailUrl\":\"https:\\\/\\\/digidem-bayern.de\\\/wp-content\\\/uploads\\\/2022\\\/06\\\/shutterstock_2053706567.jpg\",\"datePublished\":\"2022-06-22T08:15:00+00:00\",\"dateModified\":\"2022-08-16T14:32:12+00:00\",\"description\":\"Der Bayerische Landesapothekerkammer unterst\u00fctzt digiDEM Bayern mit Hilfe des Netzwerks \\\"Demenzfreundliche Apotheken\\\".\",\"breadcrumb\":{\"@id\":\"https:\\\/\\\/digidem-bayern.de\\\/digital-aufgesetzte-gesundheitskampagnen-foerdern-wissen-zur-demenz\\\/#breadcrumb\"},\"inLanguage\":\"en-US\",\"potentialAction\":[{\"@type\":\"ReadAction\",\"target\":[\"https:\\\/\\\/digidem-bayern.de\\\/digital-aufgesetzte-gesundheitskampagnen-foerdern-wissen-zur-demenz\\\/\"]}]},{\"@type\":\"ImageObject\",\"inLanguage\":\"en-US\",\"@id\":\"https:\\\/\\\/digidem-bayern.de\\\/digital-aufgesetzte-gesundheitskampagnen-foerdern-wissen-zur-demenz\\\/#primaryimage\",\"url\":\"https:\\\/\\\/digidem-bayern.de\\\/wp-content\\\/uploads\\\/2022\\\/06\\\/shutterstock_2053706567.jpg\",\"contentUrl\":\"https:\\\/\\\/digidem-bayern.de\\\/wp-content\\\/uploads\\\/2022\\\/06\\\/shutterstock_2053706567.jpg\",\"width\":1000,\"height\":751,\"caption\":\"Belgische Wissenschaftler untersuchten, wie erfolgreich die Erweiterung des Wissenshorizontes sein kann.\"},{\"@type\":\"BreadcrumbList\",\"@id\":\"https:\\\/\\\/digidem-bayern.de\\\/digital-aufgesetzte-gesundheitskampagnen-foerdern-wissen-zur-demenz\\\/#breadcrumb\",\"itemListElement\":[{\"@type\":\"ListItem\",\"position\":1,\"name\":\"Startseite\",\"item\":\"https:\\\/\\\/digidem-bayern.de\\\/\"},{\"@type\":\"ListItem\",\"position\":2,\"name\":\"Digital aufgesetzte Gesundheitskampagnen f\u00f6rdern Wissen zur Demenz\"}]},{\"@type\":\"WebSite\",\"@id\":\"\\\/#website\",\"url\":\"\\\/\",\"name\":\"digiDEM Bayern\",\"description\":\"Das digitale Demenzregister Bayern erforscht und verbessert die Angebotsstuktur f\u00fcr Menschen mit Demenz und deren Angeh\u00f6rige\",\"publisher\":{\"@id\":\"\\\/#organization\"},\"potentialAction\":[{\"@type\":\"SearchAction\",\"target\":{\"@type\":\"EntryPoint\",\"urlTemplate\":\"\\\/?s={search_term_string}\"},\"query-input\":{\"@type\":\"PropertyValueSpecification\",\"valueRequired\":true,\"valueName\":\"search_term_string\"}}],\"inLanguage\":\"en-US\"},{\"@type\":\"Organization\",\"@id\":\"\\\/#organization\",\"name\":\"digiDEM Bayern\",\"url\":\"\\\/\",\"logo\":{\"@type\":\"ImageObject\",\"inLanguage\":\"en-US\",\"@id\":\"\\\/#\\\/schema\\\/logo\\\/image\\\/\",\"url\":\"https:\\\/\\\/digidem-bayern.de\\\/wp-content\\\/uploads\\\/2022\\\/03\\\/cropped-Allgemeines_digiDEMLOGO-removebg-preview.png\",\"contentUrl\":\"https:\\\/\\\/digidem-bayern.de\\\/wp-content\\\/uploads\\\/2022\\\/03\\\/cropped-Allgemeines_digiDEMLOGO-removebg-preview.png\",\"width\":612,\"height\":357,\"caption\":\"digiDEM Bayern\"},\"image\":{\"@id\":\"\\\/#\\\/schema\\\/logo\\\/image\\\/\"},\"sameAs\":[\"https:\\\/\\\/www.facebook.com\\\/digiDEMBayern\\\/\",\"https:\\\/\\\/x.com\\\/digidem_bayern\",\"https:\\\/\\\/www.instagram.com\\\/digidem.bayern\",\"https:\\\/\\\/www.linkedin.com\\\/company\\\/digidem-bayern\\\/\"]},{\"@type\":\"Person\",\"@id\":\"\\\/#\\\/schema\\\/person\\\/0bc1494f46fc2a051c761322a80e0941\",\"name\":\"Ilona H\u00f6rath\",\"url\":\"https:\\\/\\\/digidem-bayern.de\\\/en\\\/author\\\/hoeratia\\\/\"}]}<\/script>\n<!-- \/ Yoast SEO plugin. -->","yoast_head_json":{"title":"Digital aufgesetzte Gesundheitskampagnen f\u00f6rdern Wissen zur Demenz - digiDEM Bayern","description":"Der Bayerische Landesapothekerkammer unterst\u00fctzt digiDEM Bayern mit Hilfe des Netzwerks \"Demenzfreundliche Apotheken\".","robots":{"index":"index","follow":"follow","max-snippet":"max-snippet:-1","max-image-preview":"max-image-preview:large","max-video-preview":"max-video-preview:-1"},"canonical":"https:\/\/digidem-bayern.de\/en\/digital-aufgesetzte-gesundheitskampagnen-foerdern-wissen-zur-demenz\/","og_locale":"en_US","og_type":"article","og_title":"Digital aufgesetzte Gesundheitskampagnen f\u00f6rdern Wissen zur Demenz - digiDEM Bayern","og_description":"Der Bayerische Landesapothekerkammer unterst\u00fctzt digiDEM Bayern mit Hilfe des Netzwerks \"Demenzfreundliche Apotheken\".","og_url":"https:\/\/digidem-bayern.de\/en\/digital-aufgesetzte-gesundheitskampagnen-foerdern-wissen-zur-demenz\/","og_site_name":"digiDEM Bayern","article_publisher":"https:\/\/www.facebook.com\/digiDEMBayern\/","article_published_time":"2022-06-22T08:15:00+00:00","article_modified_time":"2022-08-16T14:32:12+00:00","og_image":[{"width":1000,"height":751,"url":"https:\/\/digidem-bayern.de\/wp-content\/uploads\/2022\/06\/shutterstock_2053706567.jpg","type":"image\/jpeg"}],"author":"Ilona H\u00f6rath","twitter_misc":{"Written by":"Ilona H\u00f6rath","Est. reading time":"2 minutes"},"schema":{"@context":"https:\/\/schema.org","@graph":[{"@type":"Article","@id":"https:\/\/digidem-bayern.de\/digital-aufgesetzte-gesundheitskampagnen-foerdern-wissen-zur-demenz\/#article","isPartOf":{"@id":"https:\/\/digidem-bayern.de\/digital-aufgesetzte-gesundheitskampagnen-foerdern-wissen-zur-demenz\/"},"author":{"name":"Ilona H\u00f6rath","@id":"\/#\/schema\/person\/0bc1494f46fc2a051c761322a80e0941"},"headline":"Digital aufgesetzte Gesundheitskampagnen f\u00f6rdern Wissen zur Demenz","datePublished":"2022-06-22T08:15:00+00:00","dateModified":"2022-08-16T14:32:12+00:00","mainEntityOfPage":{"@id":"https:\/\/digidem-bayern.de\/digital-aufgesetzte-gesundheitskampagnen-foerdern-wissen-zur-demenz\/"},"wordCount":288,"commentCount":0,"publisher":{"@id":"\/#organization"},"image":{"@id":"https:\/\/digidem-bayern.de\/digital-aufgesetzte-gesundheitskampagnen-foerdern-wissen-zur-demenz\/#primaryimage"},"thumbnailUrl":"https:\/\/digidem-bayern.de\/wp-content\/uploads\/2022\/06\/shutterstock_2053706567.jpg","keywords":["Alzheimer","Bildungsniveau","Demenz","Demenzdiagnose","Demenzwissen","digidem","digidem Bayern","Digitales Demenzregister Bayern","Gesundheitskampagne","Schutz vor Demenz","Senioren"],"articleSection":["Wissenschaft &amp; Forschung"],"inLanguage":"en-US","potentialAction":[{"@type":"CommentAction","name":"Comment","target":["https:\/\/digidem-bayern.de\/digital-aufgesetzte-gesundheitskampagnen-foerdern-wissen-zur-demenz\/#respond"]}]},{"@type":"WebPage","@id":"https:\/\/digidem-bayern.de\/digital-aufgesetzte-gesundheitskampagnen-foerdern-wissen-zur-demenz\/","url":"https:\/\/digidem-bayern.de\/digital-aufgesetzte-gesundheitskampagnen-foerdern-wissen-zur-demenz\/","name":"Digital aufgesetzte Gesundheitskampagnen f\u00f6rdern Wissen zur Demenz - digiDEM Bayern","isPartOf":{"@id":"\/#website"},"primaryImageOfPage":{"@id":"https:\/\/digidem-bayern.de\/digital-aufgesetzte-gesundheitskampagnen-foerdern-wissen-zur-demenz\/#primaryimage"},"image":{"@id":"https:\/\/digidem-bayern.de\/digital-aufgesetzte-gesundheitskampagnen-foerdern-wissen-zur-demenz\/#primaryimage"},"thumbnailUrl":"https:\/\/digidem-bayern.de\/wp-content\/uploads\/2022\/06\/shutterstock_2053706567.jpg","datePublished":"2022-06-22T08:15:00+00:00","dateModified":"2022-08-16T14:32:12+00:00","description":"Der Bayerische Landesapothekerkammer unterst\u00fctzt digiDEM Bayern mit Hilfe des Netzwerks \"Demenzfreundliche Apotheken\".","breadcrumb":{"@id":"https:\/\/digidem-bayern.de\/digital-aufgesetzte-gesundheitskampagnen-foerdern-wissen-zur-demenz\/#breadcrumb"},"inLanguage":"en-US","potentialAction":[{"@type":"ReadAction","target":["https:\/\/digidem-bayern.de\/digital-aufgesetzte-gesundheitskampagnen-foerdern-wissen-zur-demenz\/"]}]},{"@type":"ImageObject","inLanguage":"en-US","@id":"https:\/\/digidem-bayern.de\/digital-aufgesetzte-gesundheitskampagnen-foerdern-wissen-zur-demenz\/#primaryimage","url":"https:\/\/digidem-bayern.de\/wp-content\/uploads\/2022\/06\/shutterstock_2053706567.jpg","contentUrl":"https:\/\/digidem-bayern.de\/wp-content\/uploads\/2022\/06\/shutterstock_2053706567.jpg","width":1000,"height":751,"caption":"Belgische Wissenschaftler untersuchten, wie erfolgreich die Erweiterung des Wissenshorizontes sein kann."},{"@type":"BreadcrumbList","@id":"https:\/\/digidem-bayern.de\/digital-aufgesetzte-gesundheitskampagnen-foerdern-wissen-zur-demenz\/#breadcrumb","itemListElement":[{"@type":"ListItem","position":1,"name":"Startseite","item":"https:\/\/digidem-bayern.de\/"},{"@type":"ListItem","position":2,"name":"Digital aufgesetzte Gesundheitskampagnen f\u00f6rdern Wissen zur Demenz"}]},{"@type":"WebSite","@id":"\/#website","url":"\/","name":"digiDEM Bavaria","description":"The digital dementia register in Bavaria researches and improves the structure of services for people with dementia and their relatives","publisher":{"@id":"\/#organization"},"potentialAction":[{"@type":"SearchAction","target":{"@type":"EntryPoint","urlTemplate":"\/?s={search_term_string}"},"query-input":{"@type":"PropertyValueSpecification","valueRequired":true,"valueName":"search_term_string"}}],"inLanguage":"en-US"},{"@type":"Organization","@id":"\/#organization","name":"digiDEM Bavaria","url":"\/","logo":{"@type":"ImageObject","inLanguage":"en-US","@id":"\/#\/schema\/logo\/image\/","url":"https:\/\/digidem-bayern.de\/wp-content\/uploads\/2022\/03\/cropped-Allgemeines_digiDEMLOGO-removebg-preview.png","contentUrl":"https:\/\/digidem-bayern.de\/wp-content\/uploads\/2022\/03\/cropped-Allgemeines_digiDEMLOGO-removebg-preview.png","width":612,"height":357,"caption":"digiDEM Bayern"},"image":{"@id":"\/#\/schema\/logo\/image\/"},"sameAs":["https:\/\/www.facebook.com\/digiDEMBayern\/","https:\/\/x.com\/digidem_bayern","https:\/\/www.instagram.com\/digidem.bayern","https:\/\/www.linkedin.com\/company\/digidem-bayern\/"]},{"@type":"Person","@id":"\/#\/schema\/person\/0bc1494f46fc2a051c761322a80e0941","name":"Ilona H\u00f6rath","url":"https:\/\/digidem-bayern.de\/en\/author\/hoeratia\/"}]}},"uagb_featured_image_src":{"full":["https:\/\/digidem-bayern.de\/wp-content\/uploads\/2022\/06\/shutterstock_2053706567.jpg",1000,751,false],"thumbnail":["https:\/\/digidem-bayern.de\/wp-content\/uploads\/2022\/06\/shutterstock_2053706567-80x80.jpg",80,80,true],"medium":["https:\/\/digidem-bayern.de\/wp-content\/uploads\/2022\/06\/shutterstock_2053706567-300x225.jpg",300,225,true],"medium_large":["https:\/\/digidem-bayern.de\/wp-content\/uploads\/2022\/06\/shutterstock_2053706567-768x577.jpg",768,577,true],"large":["https:\/\/digidem-bayern.de\/wp-content\/uploads\/2022\/06\/shutterstock_2053706567.jpg",1000,751,false],"1536x1536":["https:\/\/digidem-bayern.de\/wp-content\/uploads\/2022\/06\/shutterstock_2053706567.jpg",1000,751,false],"2048x2048":["https:\/\/digidem-bayern.de\/wp-content\/uploads\/2022\/06\/shutterstock_2053706567.jpg",1000,751,false],"trp-custom-language-flag":["https:\/\/digidem-bayern.de\/wp-content\/uploads\/2022\/06\/shutterstock_2053706567.jpg",16,12,false],"qubely_landscape":["https:\/\/digidem-bayern.de\/wp-content\/uploads\/2022\/06\/shutterstock_2053706567.jpg",999,750,false],"qubely_portrait":["https:\/\/digidem-bayern.de\/wp-content\/uploads\/2022\/06\/shutterstock_2053706567-540x320.jpg",540,320,true],"qubely_thumbnail":["https:\/\/digidem-bayern.de\/wp-content\/uploads\/2022\/06\/shutterstock_2053706567-140x100.jpg",140,100,true],"post-thumbnail":["https:\/\/digidem-bayern.de\/wp-content\/uploads\/2022\/06\/shutterstock_2053706567-466x350.jpg",466,350,true],"kahuna-featured":["https:\/\/digidem-bayern.de\/wp-content\/uploads\/2022\/06\/shutterstock_2053706567-734x350.jpg",734,350,true],"kahuna-featured-lp":["https:\/\/digidem-bayern.de\/wp-content\/uploads\/2022\/06\/shutterstock_2053706567-520x350.jpg",520,350,true],"kahuna-featured-half":["https:\/\/digidem-bayern.de\/wp-content\/uploads\/2022\/06\/shutterstock_2053706567-800x350.jpg",800,350,true],"kahuna-featured-third":["https:\/\/digidem-bayern.de\/wp-content\/uploads\/2022\/06\/shutterstock_2053706567-512x350.jpg",512,350,true],"kahuna-lpbox-1":["https:\/\/digidem-bayern.de\/wp-content\/uploads\/2022\/06\/shutterstock_2053706567-520x300.jpg",520,300,true],"kahuna-lpbox-2":["https:\/\/digidem-bayern.de\/wp-content\/uploads\/2022\/06\/shutterstock_2053706567-520x350.jpg",520,350,true],"demand-language-flag":["https:\/\/digidem-bayern.de\/wp-content\/uploads\/2022\/06\/shutterstock_2053706567.jpg",36,27,false],"dddkt-language-flag":["https:\/\/digidem-bayern.de\/wp-content\/uploads\/2022\/06\/shutterstock_2053706567-36x36.jpg",36,36,true],"ddiqc-language-flag":["https:\/\/digidem-bayern.de\/wp-content\/uploads\/2022\/06\/shutterstock_2053706567-36x36.jpg",36,36,true],"ddtl-language-flag":["https:\/\/digidem-bayern.de\/wp-content\/uploads\/2022\/06\/shutterstock_2053706567-36x36.jpg",36,36,true],"mailpoet_newsletter_max":["https:\/\/digidem-bayern.de\/wp-content\/uploads\/2022\/06\/shutterstock_2053706567.jpg",1000,751,false],"kahuna-lpbox-3":["https:\/\/digidem-bayern.de\/wp-content\/uploads\/2022\/06\/shutterstock_2053706567-520x350.jpg",520,350,true],"kahuna-featured-square":["https:\/\/digidem-bayern.de\/wp-content\/uploads\/2022\/06\/shutterstock_2053706567-512x512.jpg",512,512,true],"kahuna-featured-square-large":["https:\/\/digidem-bayern.de\/wp-content\/uploads\/2022\/06\/shutterstock_2053706567.jpg",1000,751,false]},"uagb_author_info":{"display_name":"Ilona H\u00f6rath","author_link":"https:\/\/digidem-bayern.de\/en\/author\/hoeratia\/"},"uagb_comment_info":4,"uagb_excerpt":"Wie erfolgreich sich Wissensl\u00fccken rund um die Demenzvorsorge schlie\u00dfen lassen k\u00f6nnen, zeigt eine Studie aus dem belgischen Flandern. Sie belegt, dass sich durch \u00f6ffentliche Gesundheitskampagnen der Wissensstand zu Demenz erh\u00f6ht. Belgische Wissenschaftler*innen untersuchten, wie erfolgreich die Erweiterung des Wissenshorizontes sein kann. 65 Prozent der Bev\u00f6lkerung Flanderns in Belgien wussten zun\u00e4chst &hellip;","_links":{"self":[{"href":"https:\/\/digidem-bayern.de\/en\/wp-json\/wp\/v2\/posts\/20895","targetHints":{"allow":["GET"]}}],"collection":[{"href":"https:\/\/digidem-bayern.de\/en\/wp-json\/wp\/v2\/posts"}],"about":[{"href":"https:\/\/digidem-bayern.de\/en\/wp-json\/wp\/v2\/types\/post"}],"author":[{"embeddable":true,"href":"https:\/\/digidem-bayern.de\/en\/wp-json\/wp\/v2\/users\/12"}],"replies":[{"embeddable":true,"href":"https:\/\/digidem-bayern.de\/en\/wp-json\/wp\/v2\/comments?post=20895"}],"version-history":[{"count":5,"href":"https:\/\/digidem-bayern.de\/en\/wp-json\/wp\/v2\/posts\/20895\/revisions"}],"predecessor-version":[{"id":22913,"href":"https:\/\/digidem-bayern.de\/en\/wp-json\/wp\/v2\/posts\/20895\/revisions\/22913"}],"wp:featuredmedia":[{"embeddable":true,"href":"https:\/\/digidem-bayern.de\/en\/wp-json\/wp\/v2\/media\/20913"}],"wp:attachment":[{"href":"https:\/\/digidem-bayern.de\/en\/wp-json\/wp\/v2\/media?parent=20895"}],"wp:term":[{"taxonomy":"category","embeddable":true,"href":"https:\/\/digidem-bayern.de\/en\/wp-json\/wp\/v2\/categories?post=20895"},{"taxonomy":"post_tag","embeddable":true,"href":"https:\/\/digidem-bayern.de\/en\/wp-json\/wp\/v2\/tags?post=20895"}],"curies":[{"name":"wp","href":"https:\/\/api.w.org\/{rel}","templated":true}]}}