{"id":20890,"date":"2022-06-22T08:15:00","date_gmt":"2022-06-22T06:15:00","guid":{"rendered":"https:\/\/digidem-bayern.de\/?p=20890"},"modified":"2022-08-16T16:33:03","modified_gmt":"2022-08-16T14:33:03","slug":"plaedoyer-fuer-groesseres-demenzwissen%ef%bf%bc","status":"publish","type":"post","link":"https:\/\/digidem-bayern.de\/en\/plaedoyer-fuer-groesseres-demenzwissen%ef%bf%bc\/","title":{"rendered":"Pl\u00e4doyer f\u00fcr gr\u00f6\u00dferes Demenzwissen"},"content":{"rendered":"<p><strong>Was ist Demenz \u00fcberhaupt, welche Herausforderungen haben Betroffene zu meistern und wie wirkt sich die Erkrankung auf die Familien aus? Eine aktuelle niederl\u00e4ndische Studie ergab: Das Wissen \u00fcber diese und weitere Fragen rund um die demenzielle Erkrankung ist unzureichend.<\/strong><\/p>\n\n\n\n<p>An der Studie nahmen 655 zuf\u00e4llig ausgew\u00e4hlte Einwohner der Gemeinde Groningen im Alter zwischen 30 und 80 Jahren teil, die einen Online-Fragebogen ausgef\u00fcllt haben. <\/p>\n\n\n\n<p>So unterlag mit 68 Prozent die Mehrheit der Studienteilnehmenden zum Beispiel der Fehleinsch\u00e4tzung, dass Demenz ein normaler Teil des Alterungsprozesses sei. Dies korrespondierte mit der ebenso falschen Vorstellung speziell \u00e4lterer Studienteilnehmenden, das Demenzrisiko selbst durch einen gesunden Lebensstil nicht verringern zu k\u00f6nnen. Im Vergleich zu j\u00fcngeren Befragten nahmen \u00e4ltere Personen Demenz zudem als eine schwerere Krankheit wahr.<\/p>\n\n\n<div class=\"wp-block-image\">\n<figure class=\"alignright size-full is-resized\"><img loading=\"lazy\" decoding=\"async\" src=\"https:\/\/digidem-bayern.de\/wp-content\/uploads\/2022\/06\/shutterstock_13617095391.jpg\" alt=\"Ein gesunder Lebensstil kann das Demenzrisiko verringern.\" class=\"wp-image-20910\" width=\"451\" height=\"301\" srcset=\"https:\/\/digidem-bayern.de\/wp-content\/uploads\/2022\/06\/shutterstock_13617095391.jpg 1000w, https:\/\/digidem-bayern.de\/wp-content\/uploads\/2022\/06\/shutterstock_13617095391-300x200.jpg 300w, https:\/\/digidem-bayern.de\/wp-content\/uploads\/2022\/06\/shutterstock_13617095391-768x512.jpg 768w, https:\/\/digidem-bayern.de\/wp-content\/uploads\/2022\/06\/shutterstock_13617095391-525x350.jpg 525w\" sizes=\"auto, (max-width: 451px) 100vw, 451px\" \/><figcaption>Foto: Shutterstock<\/figcaption><\/figure>\n<\/div>\n\n\n<p><strong>Gesundheitsbewusster leben<\/strong><\/p>\n\n\n\n<p>Dar\u00fcber hinaus lebte ein gro\u00dfer Teil der Befragten ungesund. Lediglich ein kleiner Teil beabsichtigte, das Gesundheitsverhalten zu \u00e4ndern. In einer \u00c4nderung des Gesundheitsverhaltens erkannten \u00c4ltere dabei einen geringeren Nutzen als J\u00fcngere. Ebenso hatten die Senior*innen weniger Vertrauen in ihre F\u00e4higkeit, neue Verhaltensweisen auch umsetzen zu k\u00f6nnen. Teilnehmende mit hohem Bildungsstand waren zudem besser \u00fcber die Risikofaktoren f\u00fcr Demenz und die M\u00f6glichkeiten zur Verringerung des Demenzrisikos informiert als die Teilnehmenden mit niedrigem bis mittlerem Bildungsstand.<\/p>\n\n\n\n<p><strong>In j\u00fcngeren Jahren an das Alter denke<strong><strong>n<\/strong><\/strong><\/strong><\/p>\n\n\n\n<p>Nach Ansicht der Forscher*innen bedarf es eines Mehr an Bildung zum Thema Demenzwissen. Dazu geh\u00f6rt, dass sich vor allem j\u00fcngere Menschen der Symptome und der Schwere einer Demenzerkrankung st\u00e4rker bewusst werden. Dies k\u00f6nnte dazu beitragen, so die Wissenschaftler*innen, dass j\u00fcngere Menschen erkennen, wie wichtig eine gesunde Lebensweise ist, um das Risiko einer sp\u00e4teren Demenzerkrankung zu verringern.<\/p>\n\n\n\n<p>Hier geht&#8217;s zur Studie:<\/p>\n\n\n\n<p><a href=\"https:\/\/www.ncbi.nlm.nih.gov\/pmc\/articles\/PMC8094456\/pdf\/12889_2021_Article_10913.pdf\">Knowledge, health beliefs and attitudes towards dementia and dementia risk reduction among the Dutch general population: a cross-sectional study (nih.gov)<\/a><\/p>\n\n\n\n<p><\/p>\n\n\n\n<p><\/p>\n\n\n\n<p><\/p>\n\n\n\n<p style=\"font-size:20px\"><\/p>\n\n\n\n<div style=\"height:20px\" aria-hidden=\"true\" class=\"wp-block-spacer\"><\/div>\n\n\n\n<div style=\"height:20px\" aria-hidden=\"true\" class=\"wp-block-spacer\"><\/div>","protected":false},"excerpt":{"rendered":"<p>Was ist Demenz \u00fcberhaupt, welche Herausforderungen haben Betroffene zu meistern und wie wirkt sich die Erkrankung auf die Familien aus? Eine aktuelle niederl\u00e4ndische Studie ergab: Das Wissen \u00fcber diese und weitere Fragen rund um die demenzielle Erkrankung ist unzureichend. An der Studie nahmen 655 zuf\u00e4llig ausgew\u00e4hlte Einwohner der Gemeinde Groningen &hellip;<\/p>","protected":false},"author":12,"featured_media":20910,"comment_status":"open","ping_status":"closed","sticky":false,"template":"","format":"standard","meta":{"qubely_global_settings":"","qubely_interactions":"","_uag_custom_page_level_css":"","footnotes":""},"categories":[5],"tags":[13,471,12,112,177,14,17,55,447,470,469,217],"class_list":["post-20890","post","type-post","status-publish","format-standard","has-post-thumbnail","hentry","category-wissenschaft-forschung","tag-alzheimer","tag-bildungsstand","tag-demenz-2","tag-demenzdiagnose","tag-demenzrisiko","tag-digidem","tag-digidem-bayern","tag-digitales-demenzregister-bayern","tag-gesundheitskampagne","tag-gesundheitsverhalten","tag-groningen","tag-senioren"],"qubely_featured_image_url":{"full":["https:\/\/digidem-bayern.de\/wp-content\/uploads\/2022\/06\/shutterstock_13617095391.jpg",1000,667,false],"landscape":["https:\/\/digidem-bayern.de\/wp-content\/uploads\/2022\/06\/shutterstock_13617095391.jpg",1000,667,false],"portraits":["https:\/\/digidem-bayern.de\/wp-content\/uploads\/2022\/06\/shutterstock_13617095391-540x320.jpg",540,320,true],"thumbnail":["https:\/\/digidem-bayern.de\/wp-content\/uploads\/2022\/06\/shutterstock_13617095391-80x80.jpg",80,80,true],"medium":["https:\/\/digidem-bayern.de\/wp-content\/uploads\/2022\/06\/shutterstock_13617095391-300x200.jpg",300,200,true],"medium_large":["https:\/\/digidem-bayern.de\/wp-content\/uploads\/2022\/06\/shutterstock_13617095391-768x512.jpg",768,512,true],"large":["https:\/\/digidem-bayern.de\/wp-content\/uploads\/2022\/06\/shutterstock_13617095391.jpg",1000,667,false],"1536x1536":["https:\/\/digidem-bayern.de\/wp-content\/uploads\/2022\/06\/shutterstock_13617095391.jpg",1000,667,false],"2048x2048":["https:\/\/digidem-bayern.de\/wp-content\/uploads\/2022\/06\/shutterstock_13617095391.jpg",1000,667,false],"trp-custom-language-flag":["https:\/\/digidem-bayern.de\/wp-content\/uploads\/2022\/06\/shutterstock_13617095391.jpg",18,12,false],"qubely_landscape":["https:\/\/digidem-bayern.de\/wp-content\/uploads\/2022\/06\/shutterstock_13617095391.jpg",1000,667,false],"qubely_portrait":["https:\/\/digidem-bayern.de\/wp-content\/uploads\/2022\/06\/shutterstock_13617095391-540x320.jpg",540,320,true],"qubely_thumbnail":["https:\/\/digidem-bayern.de\/wp-content\/uploads\/2022\/06\/shutterstock_13617095391-140x100.jpg",140,100,true],"post-thumbnail":["https:\/\/digidem-bayern.de\/wp-content\/uploads\/2022\/06\/shutterstock_13617095391-525x350.jpg",525,350,true],"kahuna-featured":["https:\/\/digidem-bayern.de\/wp-content\/uploads\/2022\/06\/shutterstock_13617095391-734x350.jpg",734,350,true],"kahuna-featured-lp":["https:\/\/digidem-bayern.de\/wp-content\/uploads\/2022\/06\/shutterstock_13617095391-520x350.jpg",520,350,true],"kahuna-featured-half":["https:\/\/digidem-bayern.de\/wp-content\/uploads\/2022\/06\/shutterstock_13617095391-800x350.jpg",800,350,true],"kahuna-featured-third":["https:\/\/digidem-bayern.de\/wp-content\/uploads\/2022\/06\/shutterstock_13617095391-512x350.jpg",512,350,true],"kahuna-lpbox-1":["https:\/\/digidem-bayern.de\/wp-content\/uploads\/2022\/06\/shutterstock_13617095391-520x300.jpg",520,300,true],"kahuna-lpbox-2":["https:\/\/digidem-bayern.de\/wp-content\/uploads\/2022\/06\/shutterstock_13617095391-520x350.jpg",520,350,true],"demand-language-flag":["https:\/\/digidem-bayern.de\/wp-content\/uploads\/2022\/06\/shutterstock_13617095391.jpg",36,24,false],"dddkt-language-flag":["https:\/\/digidem-bayern.de\/wp-content\/uploads\/2022\/06\/shutterstock_13617095391-36x36.jpg",36,36,true],"ddiqc-language-flag":["https:\/\/digidem-bayern.de\/wp-content\/uploads\/2022\/06\/shutterstock_13617095391-36x36.jpg",36,36,true],"ddtl-language-flag":["https:\/\/digidem-bayern.de\/wp-content\/uploads\/2022\/06\/shutterstock_13617095391-36x36.jpg",36,36,true],"mailpoet_newsletter_max":["https:\/\/digidem-bayern.de\/wp-content\/uploads\/2022\/06\/shutterstock_13617095391.jpg",1000,667,false],"kahuna-lpbox-3":["https:\/\/digidem-bayern.de\/wp-content\/uploads\/2022\/06\/shutterstock_13617095391-520x350.jpg",520,350,true],"kahuna-featured-square":["https:\/\/digidem-bayern.de\/wp-content\/uploads\/2022\/06\/shutterstock_13617095391-512x512.jpg",512,512,true],"kahuna-featured-square-large":["https:\/\/digidem-bayern.de\/wp-content\/uploads\/2022\/06\/shutterstock_13617095391.jpg",1000,667,false]},"qubely_author":{"display_name":"Ilona H\u00f6rath","author_link":"https:\/\/digidem-bayern.de\/en\/author\/hoeratia\/"},"qubely_comment":2,"qubely_category":"<a href=\"https:\/\/digidem-bayern.de\/en\/category\/wissenschaft-forschung\/\" rel=\"category tag\">Wissenschaft &amp; Forschung<\/a>","qubely_excerpt":"Was ist Demenz \u00fcberhaupt, welche Herausforderungen haben Betroffene zu meistern und wie wirkt sich die Erkrankung auf die Familien aus? Eine aktuelle niederl\u00e4ndische Studie ergab: Das Wissen \u00fcber diese und weitere Fragen rund um die demenzielle Erkrankung ist unzureichend. An der Studie nahmen 655 zuf\u00e4llig ausgew\u00e4hlte Einwohner der Gemeinde Groningen &hellip;","featured_image_urls_v2":{"full":["https:\/\/digidem-bayern.de\/wp-content\/uploads\/2022\/06\/shutterstock_13617095391.jpg",1000,667,false],"thumbnail":["https:\/\/digidem-bayern.de\/wp-content\/uploads\/2022\/06\/shutterstock_13617095391-80x80.jpg",80,80,true],"medium":["https:\/\/digidem-bayern.de\/wp-content\/uploads\/2022\/06\/shutterstock_13617095391-300x200.jpg",300,200,true],"medium_large":["https:\/\/digidem-bayern.de\/wp-content\/uploads\/2022\/06\/shutterstock_13617095391-768x512.jpg",768,512,true],"large":["https:\/\/digidem-bayern.de\/wp-content\/uploads\/2022\/06\/shutterstock_13617095391.jpg",1000,667,false],"1536x1536":["https:\/\/digidem-bayern.de\/wp-content\/uploads\/2022\/06\/shutterstock_13617095391.jpg",1000,667,false],"2048x2048":["https:\/\/digidem-bayern.de\/wp-content\/uploads\/2022\/06\/shutterstock_13617095391.jpg",1000,667,false],"trp-custom-language-flag":["https:\/\/digidem-bayern.de\/wp-content\/uploads\/2022\/06\/shutterstock_13617095391.jpg",18,12,false],"qubely_landscape":["https:\/\/digidem-bayern.de\/wp-content\/uploads\/2022\/06\/shutterstock_13617095391.jpg",1000,667,false],"qubely_portrait":["https:\/\/digidem-bayern.de\/wp-content\/uploads\/2022\/06\/shutterstock_13617095391-540x320.jpg",540,320,true],"qubely_thumbnail":["https:\/\/digidem-bayern.de\/wp-content\/uploads\/2022\/06\/shutterstock_13617095391-140x100.jpg",140,100,true],"post-thumbnail":["https:\/\/digidem-bayern.de\/wp-content\/uploads\/2022\/06\/shutterstock_13617095391-525x350.jpg",525,350,true],"kahuna-featured":["https:\/\/digidem-bayern.de\/wp-content\/uploads\/2022\/06\/shutterstock_13617095391-734x350.jpg",734,350,true],"kahuna-featured-lp":["https:\/\/digidem-bayern.de\/wp-content\/uploads\/2022\/06\/shutterstock_13617095391-520x350.jpg",520,350,true],"kahuna-featured-half":["https:\/\/digidem-bayern.de\/wp-content\/uploads\/2022\/06\/shutterstock_13617095391-800x350.jpg",800,350,true],"kahuna-featured-third":["https:\/\/digidem-bayern.de\/wp-content\/uploads\/2022\/06\/shutterstock_13617095391-512x350.jpg",512,350,true],"kahuna-lpbox-1":["https:\/\/digidem-bayern.de\/wp-content\/uploads\/2022\/06\/shutterstock_13617095391-520x300.jpg",520,300,true],"kahuna-lpbox-2":["https:\/\/digidem-bayern.de\/wp-content\/uploads\/2022\/06\/shutterstock_13617095391-520x350.jpg",520,350,true],"demand-language-flag":["https:\/\/digidem-bayern.de\/wp-content\/uploads\/2022\/06\/shutterstock_13617095391.jpg",36,24,false],"dddkt-language-flag":["https:\/\/digidem-bayern.de\/wp-content\/uploads\/2022\/06\/shutterstock_13617095391-36x36.jpg",36,36,true],"ddiqc-language-flag":["https:\/\/digidem-bayern.de\/wp-content\/uploads\/2022\/06\/shutterstock_13617095391-36x36.jpg",36,36,true],"ddtl-language-flag":["https:\/\/digidem-bayern.de\/wp-content\/uploads\/2022\/06\/shutterstock_13617095391-36x36.jpg",36,36,true],"mailpoet_newsletter_max":["https:\/\/digidem-bayern.de\/wp-content\/uploads\/2022\/06\/shutterstock_13617095391.jpg",1000,667,false],"kahuna-lpbox-3":["https:\/\/digidem-bayern.de\/wp-content\/uploads\/2022\/06\/shutterstock_13617095391-520x350.jpg",520,350,true],"kahuna-featured-square":["https:\/\/digidem-bayern.de\/wp-content\/uploads\/2022\/06\/shutterstock_13617095391-512x512.jpg",512,512,true],"kahuna-featured-square-large":["https:\/\/digidem-bayern.de\/wp-content\/uploads\/2022\/06\/shutterstock_13617095391.jpg",1000,667,false]},"post_excerpt_stackable_v2":"<p>Was ist Demenz \u00fcberhaupt, welche Herausforderungen haben Betroffene zu meistern und wie wirkt sich die Erkrankung auf die Familien aus? Eine aktuelle niederl\u00e4ndische Studie ergab: Das Wissen \u00fcber diese und weitere Fragen rund um die demenzielle Erkrankung ist unzureichend. An der Studie nahmen 655 zuf\u00e4llig ausgew\u00e4hlte Einwohner der Gemeinde Groningen im Alter zwischen 30 und 80 Jahren teil, die einen Online-Fragebogen ausgef\u00fcllt haben. So unterlag mit 68 Prozent die Mehrheit der Studienteilnehmenden zum Beispiel der Fehleinsch\u00e4tzung, dass Demenz ein normaler Teil des Alterungsprozesses sei. Dies korrespondierte mit der ebenso falschen Vorstellung speziell \u00e4lterer Studienteilnehmenden, das Demenzrisiko selbst durch einen gesunden&hellip;<\/p>\n","category_list_v2":"<a href=\"https:\/\/digidem-bayern.de\/en\/category\/wissenschaft-forschung\/\" rel=\"category tag\">Wissenschaft &amp; Forschung<\/a>","author_info_v2":{"name":"Ilona H\u00f6rath","url":"https:\/\/digidem-bayern.de\/en\/author\/hoeratia\/"},"comments_num_v2":"0 comments","yoast_head":"<!-- This site is optimized with the Yoast SEO plugin v27.4 - https:\/\/yoast.com\/product\/yoast-seo-wordpress\/ -->\n<title>Pl\u00e4doyer f\u00fcr gr\u00f6\u00dferes Demenzwissen - digiDEM Bayern<\/title>\n<meta name=\"description\" content=\"Der Bayerische Landesapothekerkammer unterst\u00fctzt digiDEM Bayern mit Hilfe des Netzwerks &quot;Demenzfreundliche Apotheken&quot;.\" \/>\n<meta name=\"robots\" content=\"index, follow, max-snippet:-1, max-image-preview:large, max-video-preview:-1\" \/>\n<link rel=\"canonical\" href=\"https:\/\/digidem-bayern.de\/en\/plaedoyer-fuer-groesseres-demenzwissen\ufffc\/\" \/>\n<meta property=\"og:locale\" content=\"en_US\" \/>\n<meta property=\"og:type\" content=\"article\" \/>\n<meta property=\"og:title\" content=\"Pl\u00e4doyer f\u00fcr gr\u00f6\u00dferes Demenzwissen - digiDEM Bayern\" \/>\n<meta property=\"og:description\" content=\"Der Bayerische Landesapothekerkammer unterst\u00fctzt digiDEM Bayern mit Hilfe des Netzwerks &quot;Demenzfreundliche Apotheken&quot;.\" \/>\n<meta property=\"og:url\" content=\"https:\/\/digidem-bayern.de\/en\/plaedoyer-fuer-groesseres-demenzwissen\ufffc\/\" \/>\n<meta property=\"og:site_name\" content=\"digiDEM Bayern\" \/>\n<meta property=\"article:publisher\" content=\"https:\/\/www.facebook.com\/digiDEMBayern\/\" \/>\n<meta property=\"article:published_time\" content=\"2022-06-22T06:15:00+00:00\" \/>\n<meta property=\"article:modified_time\" content=\"2022-08-16T14:33:03+00:00\" \/>\n<meta property=\"og:image\" content=\"https:\/\/digidem-bayern.de\/wp-content\/uploads\/2022\/06\/shutterstock_13617095391.jpg\" \/>\n\t<meta property=\"og:image:width\" content=\"1000\" \/>\n\t<meta property=\"og:image:height\" content=\"667\" \/>\n\t<meta property=\"og:image:type\" content=\"image\/jpeg\" \/>\n<meta name=\"author\" content=\"Ilona H\u00f6rath\" \/>\n<meta name=\"twitter:label1\" content=\"Written by\" \/>\n\t<meta name=\"twitter:data1\" content=\"Ilona H\u00f6rath\" \/>\n\t<meta name=\"twitter:label2\" content=\"Est. reading time\" \/>\n\t<meta name=\"twitter:data2\" content=\"2 minutes\" \/>\n<script type=\"application\/ld+json\" class=\"yoast-schema-graph\">{\"@context\":\"https:\\\/\\\/schema.org\",\"@graph\":[{\"@type\":\"Article\",\"@id\":\"https:\\\/\\\/digidem-bayern.de\\\/plaedoyer-fuer-groesseres-demenzwissen%ef%bf%bc\\\/#article\",\"isPartOf\":{\"@id\":\"https:\\\/\\\/digidem-bayern.de\\\/plaedoyer-fuer-groesseres-demenzwissen%ef%bf%bc\\\/\"},\"author\":{\"name\":\"Ilona H\u00f6rath\",\"@id\":\"\\\/#\\\/schema\\\/person\\\/0bc1494f46fc2a051c761322a80e0941\"},\"headline\":\"Pl\u00e4doyer f\u00fcr gr\u00f6\u00dferes Demenzwissen\",\"datePublished\":\"2022-06-22T06:15:00+00:00\",\"dateModified\":\"2022-08-16T14:33:03+00:00\",\"mainEntityOfPage\":{\"@id\":\"https:\\\/\\\/digidem-bayern.de\\\/plaedoyer-fuer-groesseres-demenzwissen%ef%bf%bc\\\/\"},\"wordCount\":315,\"commentCount\":0,\"publisher\":{\"@id\":\"\\\/#organization\"},\"image\":{\"@id\":\"https:\\\/\\\/digidem-bayern.de\\\/plaedoyer-fuer-groesseres-demenzwissen%ef%bf%bc\\\/#primaryimage\"},\"thumbnailUrl\":\"https:\\\/\\\/digidem-bayern.de\\\/wp-content\\\/uploads\\\/2022\\\/06\\\/shutterstock_13617095391.jpg\",\"keywords\":[\"Alzheimer\",\"Bildungsstand\",\"Demenz\",\"Demenzdiagnose\",\"Demenzrisiko\",\"digidem\",\"digidem Bayern\",\"Digitales Demenzregister Bayern\",\"Gesundheitskampagne\",\"Gesundheitsverhalten\",\"Groningen\",\"Senioren\"],\"articleSection\":[\"Wissenschaft &amp; Forschung\"],\"inLanguage\":\"en-US\",\"potentialAction\":[{\"@type\":\"CommentAction\",\"name\":\"Comment\",\"target\":[\"https:\\\/\\\/digidem-bayern.de\\\/plaedoyer-fuer-groesseres-demenzwissen%ef%bf%bc\\\/#respond\"]}]},{\"@type\":\"WebPage\",\"@id\":\"https:\\\/\\\/digidem-bayern.de\\\/plaedoyer-fuer-groesseres-demenzwissen%ef%bf%bc\\\/\",\"url\":\"https:\\\/\\\/digidem-bayern.de\\\/plaedoyer-fuer-groesseres-demenzwissen%ef%bf%bc\\\/\",\"name\":\"Pl\u00e4doyer f\u00fcr gr\u00f6\u00dferes Demenzwissen - digiDEM Bayern\",\"isPartOf\":{\"@id\":\"\\\/#website\"},\"primaryImageOfPage\":{\"@id\":\"https:\\\/\\\/digidem-bayern.de\\\/plaedoyer-fuer-groesseres-demenzwissen%ef%bf%bc\\\/#primaryimage\"},\"image\":{\"@id\":\"https:\\\/\\\/digidem-bayern.de\\\/plaedoyer-fuer-groesseres-demenzwissen%ef%bf%bc\\\/#primaryimage\"},\"thumbnailUrl\":\"https:\\\/\\\/digidem-bayern.de\\\/wp-content\\\/uploads\\\/2022\\\/06\\\/shutterstock_13617095391.jpg\",\"datePublished\":\"2022-06-22T06:15:00+00:00\",\"dateModified\":\"2022-08-16T14:33:03+00:00\",\"description\":\"Der Bayerische Landesapothekerkammer unterst\u00fctzt digiDEM Bayern mit Hilfe des Netzwerks \\\"Demenzfreundliche Apotheken\\\".\",\"breadcrumb\":{\"@id\":\"https:\\\/\\\/digidem-bayern.de\\\/plaedoyer-fuer-groesseres-demenzwissen%ef%bf%bc\\\/#breadcrumb\"},\"inLanguage\":\"en-US\",\"potentialAction\":[{\"@type\":\"ReadAction\",\"target\":[\"https:\\\/\\\/digidem-bayern.de\\\/plaedoyer-fuer-groesseres-demenzwissen%ef%bf%bc\\\/\"]}]},{\"@type\":\"ImageObject\",\"inLanguage\":\"en-US\",\"@id\":\"https:\\\/\\\/digidem-bayern.de\\\/plaedoyer-fuer-groesseres-demenzwissen%ef%bf%bc\\\/#primaryimage\",\"url\":\"https:\\\/\\\/digidem-bayern.de\\\/wp-content\\\/uploads\\\/2022\\\/06\\\/shutterstock_13617095391.jpg\",\"contentUrl\":\"https:\\\/\\\/digidem-bayern.de\\\/wp-content\\\/uploads\\\/2022\\\/06\\\/shutterstock_13617095391.jpg\",\"width\":1000,\"height\":667,\"caption\":\"Ein gesunder Lebensstil kann das Demenzrisiko verringern.\"},{\"@type\":\"BreadcrumbList\",\"@id\":\"https:\\\/\\\/digidem-bayern.de\\\/plaedoyer-fuer-groesseres-demenzwissen%ef%bf%bc\\\/#breadcrumb\",\"itemListElement\":[{\"@type\":\"ListItem\",\"position\":1,\"name\":\"Startseite\",\"item\":\"https:\\\/\\\/digidem-bayern.de\\\/\"},{\"@type\":\"ListItem\",\"position\":2,\"name\":\"Pl\u00e4doyer f\u00fcr gr\u00f6\u00dferes Demenzwissen\"}]},{\"@type\":\"WebSite\",\"@id\":\"\\\/#website\",\"url\":\"\\\/\",\"name\":\"digiDEM Bayern\",\"description\":\"Das digitale Demenzregister Bayern erforscht und verbessert die Angebotsstuktur f\u00fcr Menschen mit Demenz und deren Angeh\u00f6rige\",\"publisher\":{\"@id\":\"\\\/#organization\"},\"potentialAction\":[{\"@type\":\"SearchAction\",\"target\":{\"@type\":\"EntryPoint\",\"urlTemplate\":\"\\\/?s={search_term_string}\"},\"query-input\":{\"@type\":\"PropertyValueSpecification\",\"valueRequired\":true,\"valueName\":\"search_term_string\"}}],\"inLanguage\":\"en-US\"},{\"@type\":\"Organization\",\"@id\":\"\\\/#organization\",\"name\":\"digiDEM Bayern\",\"url\":\"\\\/\",\"logo\":{\"@type\":\"ImageObject\",\"inLanguage\":\"en-US\",\"@id\":\"\\\/#\\\/schema\\\/logo\\\/image\\\/\",\"url\":\"https:\\\/\\\/digidem-bayern.de\\\/wp-content\\\/uploads\\\/2022\\\/03\\\/cropped-Allgemeines_digiDEMLOGO-removebg-preview.png\",\"contentUrl\":\"https:\\\/\\\/digidem-bayern.de\\\/wp-content\\\/uploads\\\/2022\\\/03\\\/cropped-Allgemeines_digiDEMLOGO-removebg-preview.png\",\"width\":612,\"height\":357,\"caption\":\"digiDEM Bayern\"},\"image\":{\"@id\":\"\\\/#\\\/schema\\\/logo\\\/image\\\/\"},\"sameAs\":[\"https:\\\/\\\/www.facebook.com\\\/digiDEMBayern\\\/\",\"https:\\\/\\\/x.com\\\/digidem_bayern\",\"https:\\\/\\\/www.instagram.com\\\/digidem.bayern\",\"https:\\\/\\\/www.linkedin.com\\\/company\\\/digidem-bayern\\\/\"]},{\"@type\":\"Person\",\"@id\":\"\\\/#\\\/schema\\\/person\\\/0bc1494f46fc2a051c761322a80e0941\",\"name\":\"Ilona H\u00f6rath\",\"url\":\"https:\\\/\\\/digidem-bayern.de\\\/en\\\/author\\\/hoeratia\\\/\"}]}<\/script>\n<!-- \/ Yoast SEO plugin. -->","yoast_head_json":{"title":"Pl\u00e4doyer f\u00fcr gr\u00f6\u00dferes Demenzwissen - digiDEM Bayern","description":"Der Bayerische Landesapothekerkammer unterst\u00fctzt digiDEM Bayern mit Hilfe des Netzwerks \"Demenzfreundliche Apotheken\".","robots":{"index":"index","follow":"follow","max-snippet":"max-snippet:-1","max-image-preview":"max-image-preview:large","max-video-preview":"max-video-preview:-1"},"canonical":"https:\/\/digidem-bayern.de\/en\/plaedoyer-fuer-groesseres-demenzwissen\ufffc\/","og_locale":"en_US","og_type":"article","og_title":"Pl\u00e4doyer f\u00fcr gr\u00f6\u00dferes Demenzwissen - digiDEM Bayern","og_description":"Der Bayerische Landesapothekerkammer unterst\u00fctzt digiDEM Bayern mit Hilfe des Netzwerks \"Demenzfreundliche Apotheken\".","og_url":"https:\/\/digidem-bayern.de\/en\/plaedoyer-fuer-groesseres-demenzwissen\ufffc\/","og_site_name":"digiDEM Bayern","article_publisher":"https:\/\/www.facebook.com\/digiDEMBayern\/","article_published_time":"2022-06-22T06:15:00+00:00","article_modified_time":"2022-08-16T14:33:03+00:00","og_image":[{"width":1000,"height":667,"url":"https:\/\/digidem-bayern.de\/wp-content\/uploads\/2022\/06\/shutterstock_13617095391.jpg","type":"image\/jpeg"}],"author":"Ilona H\u00f6rath","twitter_misc":{"Written by":"Ilona H\u00f6rath","Est. reading time":"2 minutes"},"schema":{"@context":"https:\/\/schema.org","@graph":[{"@type":"Article","@id":"https:\/\/digidem-bayern.de\/plaedoyer-fuer-groesseres-demenzwissen%ef%bf%bc\/#article","isPartOf":{"@id":"https:\/\/digidem-bayern.de\/plaedoyer-fuer-groesseres-demenzwissen%ef%bf%bc\/"},"author":{"name":"Ilona H\u00f6rath","@id":"\/#\/schema\/person\/0bc1494f46fc2a051c761322a80e0941"},"headline":"Pl\u00e4doyer f\u00fcr gr\u00f6\u00dferes Demenzwissen","datePublished":"2022-06-22T06:15:00+00:00","dateModified":"2022-08-16T14:33:03+00:00","mainEntityOfPage":{"@id":"https:\/\/digidem-bayern.de\/plaedoyer-fuer-groesseres-demenzwissen%ef%bf%bc\/"},"wordCount":315,"commentCount":0,"publisher":{"@id":"\/#organization"},"image":{"@id":"https:\/\/digidem-bayern.de\/plaedoyer-fuer-groesseres-demenzwissen%ef%bf%bc\/#primaryimage"},"thumbnailUrl":"https:\/\/digidem-bayern.de\/wp-content\/uploads\/2022\/06\/shutterstock_13617095391.jpg","keywords":["Alzheimer","Bildungsstand","Demenz","Demenzdiagnose","Demenzrisiko","digidem","digidem Bayern","Digitales Demenzregister Bayern","Gesundheitskampagne","Gesundheitsverhalten","Groningen","Senioren"],"articleSection":["Wissenschaft &amp; Forschung"],"inLanguage":"en-US","potentialAction":[{"@type":"CommentAction","name":"Comment","target":["https:\/\/digidem-bayern.de\/plaedoyer-fuer-groesseres-demenzwissen%ef%bf%bc\/#respond"]}]},{"@type":"WebPage","@id":"https:\/\/digidem-bayern.de\/plaedoyer-fuer-groesseres-demenzwissen%ef%bf%bc\/","url":"https:\/\/digidem-bayern.de\/plaedoyer-fuer-groesseres-demenzwissen%ef%bf%bc\/","name":"Pl\u00e4doyer f\u00fcr gr\u00f6\u00dferes Demenzwissen - digiDEM Bayern","isPartOf":{"@id":"\/#website"},"primaryImageOfPage":{"@id":"https:\/\/digidem-bayern.de\/plaedoyer-fuer-groesseres-demenzwissen%ef%bf%bc\/#primaryimage"},"image":{"@id":"https:\/\/digidem-bayern.de\/plaedoyer-fuer-groesseres-demenzwissen%ef%bf%bc\/#primaryimage"},"thumbnailUrl":"https:\/\/digidem-bayern.de\/wp-content\/uploads\/2022\/06\/shutterstock_13617095391.jpg","datePublished":"2022-06-22T06:15:00+00:00","dateModified":"2022-08-16T14:33:03+00:00","description":"Der Bayerische Landesapothekerkammer unterst\u00fctzt digiDEM Bayern mit Hilfe des Netzwerks \"Demenzfreundliche Apotheken\".","breadcrumb":{"@id":"https:\/\/digidem-bayern.de\/plaedoyer-fuer-groesseres-demenzwissen%ef%bf%bc\/#breadcrumb"},"inLanguage":"en-US","potentialAction":[{"@type":"ReadAction","target":["https:\/\/digidem-bayern.de\/plaedoyer-fuer-groesseres-demenzwissen%ef%bf%bc\/"]}]},{"@type":"ImageObject","inLanguage":"en-US","@id":"https:\/\/digidem-bayern.de\/plaedoyer-fuer-groesseres-demenzwissen%ef%bf%bc\/#primaryimage","url":"https:\/\/digidem-bayern.de\/wp-content\/uploads\/2022\/06\/shutterstock_13617095391.jpg","contentUrl":"https:\/\/digidem-bayern.de\/wp-content\/uploads\/2022\/06\/shutterstock_13617095391.jpg","width":1000,"height":667,"caption":"Ein gesunder Lebensstil kann das Demenzrisiko verringern."},{"@type":"BreadcrumbList","@id":"https:\/\/digidem-bayern.de\/plaedoyer-fuer-groesseres-demenzwissen%ef%bf%bc\/#breadcrumb","itemListElement":[{"@type":"ListItem","position":1,"name":"Startseite","item":"https:\/\/digidem-bayern.de\/"},{"@type":"ListItem","position":2,"name":"Pl\u00e4doyer f\u00fcr gr\u00f6\u00dferes Demenzwissen"}]},{"@type":"WebSite","@id":"\/#website","url":"\/","name":"digiDEM Bavaria","description":"The digital dementia register in Bavaria researches and improves the structure of services for people with dementia and their relatives","publisher":{"@id":"\/#organization"},"potentialAction":[{"@type":"SearchAction","target":{"@type":"EntryPoint","urlTemplate":"\/?s={search_term_string}"},"query-input":{"@type":"PropertyValueSpecification","valueRequired":true,"valueName":"search_term_string"}}],"inLanguage":"en-US"},{"@type":"Organization","@id":"\/#organization","name":"digiDEM Bavaria","url":"\/","logo":{"@type":"ImageObject","inLanguage":"en-US","@id":"\/#\/schema\/logo\/image\/","url":"https:\/\/digidem-bayern.de\/wp-content\/uploads\/2022\/03\/cropped-Allgemeines_digiDEMLOGO-removebg-preview.png","contentUrl":"https:\/\/digidem-bayern.de\/wp-content\/uploads\/2022\/03\/cropped-Allgemeines_digiDEMLOGO-removebg-preview.png","width":612,"height":357,"caption":"digiDEM Bayern"},"image":{"@id":"\/#\/schema\/logo\/image\/"},"sameAs":["https:\/\/www.facebook.com\/digiDEMBayern\/","https:\/\/x.com\/digidem_bayern","https:\/\/www.instagram.com\/digidem.bayern","https:\/\/www.linkedin.com\/company\/digidem-bayern\/"]},{"@type":"Person","@id":"\/#\/schema\/person\/0bc1494f46fc2a051c761322a80e0941","name":"Ilona H\u00f6rath","url":"https:\/\/digidem-bayern.de\/en\/author\/hoeratia\/"}]}},"uagb_featured_image_src":{"full":["https:\/\/digidem-bayern.de\/wp-content\/uploads\/2022\/06\/shutterstock_13617095391.jpg",1000,667,false],"thumbnail":["https:\/\/digidem-bayern.de\/wp-content\/uploads\/2022\/06\/shutterstock_13617095391-80x80.jpg",80,80,true],"medium":["https:\/\/digidem-bayern.de\/wp-content\/uploads\/2022\/06\/shutterstock_13617095391-300x200.jpg",300,200,true],"medium_large":["https:\/\/digidem-bayern.de\/wp-content\/uploads\/2022\/06\/shutterstock_13617095391-768x512.jpg",768,512,true],"large":["https:\/\/digidem-bayern.de\/wp-content\/uploads\/2022\/06\/shutterstock_13617095391.jpg",1000,667,false],"1536x1536":["https:\/\/digidem-bayern.de\/wp-content\/uploads\/2022\/06\/shutterstock_13617095391.jpg",1000,667,false],"2048x2048":["https:\/\/digidem-bayern.de\/wp-content\/uploads\/2022\/06\/shutterstock_13617095391.jpg",1000,667,false],"trp-custom-language-flag":["https:\/\/digidem-bayern.de\/wp-content\/uploads\/2022\/06\/shutterstock_13617095391.jpg",18,12,false],"qubely_landscape":["https:\/\/digidem-bayern.de\/wp-content\/uploads\/2022\/06\/shutterstock_13617095391.jpg",1000,667,false],"qubely_portrait":["https:\/\/digidem-bayern.de\/wp-content\/uploads\/2022\/06\/shutterstock_13617095391-540x320.jpg",540,320,true],"qubely_thumbnail":["https:\/\/digidem-bayern.de\/wp-content\/uploads\/2022\/06\/shutterstock_13617095391-140x100.jpg",140,100,true],"post-thumbnail":["https:\/\/digidem-bayern.de\/wp-content\/uploads\/2022\/06\/shutterstock_13617095391-525x350.jpg",525,350,true],"kahuna-featured":["https:\/\/digidem-bayern.de\/wp-content\/uploads\/2022\/06\/shutterstock_13617095391-734x350.jpg",734,350,true],"kahuna-featured-lp":["https:\/\/digidem-bayern.de\/wp-content\/uploads\/2022\/06\/shutterstock_13617095391-520x350.jpg",520,350,true],"kahuna-featured-half":["https:\/\/digidem-bayern.de\/wp-content\/uploads\/2022\/06\/shutterstock_13617095391-800x350.jpg",800,350,true],"kahuna-featured-third":["https:\/\/digidem-bayern.de\/wp-content\/uploads\/2022\/06\/shutterstock_13617095391-512x350.jpg",512,350,true],"kahuna-lpbox-1":["https:\/\/digidem-bayern.de\/wp-content\/uploads\/2022\/06\/shutterstock_13617095391-520x300.jpg",520,300,true],"kahuna-lpbox-2":["https:\/\/digidem-bayern.de\/wp-content\/uploads\/2022\/06\/shutterstock_13617095391-520x350.jpg",520,350,true],"demand-language-flag":["https:\/\/digidem-bayern.de\/wp-content\/uploads\/2022\/06\/shutterstock_13617095391.jpg",36,24,false],"dddkt-language-flag":["https:\/\/digidem-bayern.de\/wp-content\/uploads\/2022\/06\/shutterstock_13617095391-36x36.jpg",36,36,true],"ddiqc-language-flag":["https:\/\/digidem-bayern.de\/wp-content\/uploads\/2022\/06\/shutterstock_13617095391-36x36.jpg",36,36,true],"ddtl-language-flag":["https:\/\/digidem-bayern.de\/wp-content\/uploads\/2022\/06\/shutterstock_13617095391-36x36.jpg",36,36,true],"mailpoet_newsletter_max":["https:\/\/digidem-bayern.de\/wp-content\/uploads\/2022\/06\/shutterstock_13617095391.jpg",1000,667,false],"kahuna-lpbox-3":["https:\/\/digidem-bayern.de\/wp-content\/uploads\/2022\/06\/shutterstock_13617095391-520x350.jpg",520,350,true],"kahuna-featured-square":["https:\/\/digidem-bayern.de\/wp-content\/uploads\/2022\/06\/shutterstock_13617095391-512x512.jpg",512,512,true],"kahuna-featured-square-large":["https:\/\/digidem-bayern.de\/wp-content\/uploads\/2022\/06\/shutterstock_13617095391.jpg",1000,667,false]},"uagb_author_info":{"display_name":"Ilona H\u00f6rath","author_link":"https:\/\/digidem-bayern.de\/en\/author\/hoeratia\/"},"uagb_comment_info":2,"uagb_excerpt":"Was ist Demenz \u00fcberhaupt, welche Herausforderungen haben Betroffene zu meistern und wie wirkt sich die Erkrankung auf die Familien aus? Eine aktuelle niederl\u00e4ndische Studie ergab: Das Wissen \u00fcber diese und weitere Fragen rund um die demenzielle Erkrankung ist unzureichend. An der Studie nahmen 655 zuf\u00e4llig ausgew\u00e4hlte Einwohner der Gemeinde Groningen &hellip;","_links":{"self":[{"href":"https:\/\/digidem-bayern.de\/en\/wp-json\/wp\/v2\/posts\/20890","targetHints":{"allow":["GET"]}}],"collection":[{"href":"https:\/\/digidem-bayern.de\/en\/wp-json\/wp\/v2\/posts"}],"about":[{"href":"https:\/\/digidem-bayern.de\/en\/wp-json\/wp\/v2\/types\/post"}],"author":[{"embeddable":true,"href":"https:\/\/digidem-bayern.de\/en\/wp-json\/wp\/v2\/users\/12"}],"replies":[{"embeddable":true,"href":"https:\/\/digidem-bayern.de\/en\/wp-json\/wp\/v2\/comments?post=20890"}],"version-history":[{"count":4,"href":"https:\/\/digidem-bayern.de\/en\/wp-json\/wp\/v2\/posts\/20890\/revisions"}],"predecessor-version":[{"id":22915,"href":"https:\/\/digidem-bayern.de\/en\/wp-json\/wp\/v2\/posts\/20890\/revisions\/22915"}],"wp:featuredmedia":[{"embeddable":true,"href":"https:\/\/digidem-bayern.de\/en\/wp-json\/wp\/v2\/media\/20910"}],"wp:attachment":[{"href":"https:\/\/digidem-bayern.de\/en\/wp-json\/wp\/v2\/media?parent=20890"}],"wp:term":[{"taxonomy":"category","embeddable":true,"href":"https:\/\/digidem-bayern.de\/en\/wp-json\/wp\/v2\/categories?post=20890"},{"taxonomy":"post_tag","embeddable":true,"href":"https:\/\/digidem-bayern.de\/en\/wp-json\/wp\/v2\/tags?post=20890"}],"curies":[{"name":"wp","href":"https:\/\/api.w.org\/{rel}","templated":true}]}}