{"id":20572,"date":"2021-02-19T14:04:00","date_gmt":"2021-02-19T13:04:00","guid":{"rendered":"https:\/\/digidem-bayern.de\/?p=20572"},"modified":"2022-11-09T15:03:31","modified_gmt":"2022-11-09T14:03:31","slug":"pressemitteilung-online-kurs-pflege-app-und-demenz-podcast-die-gewinner-des-open-innovation-wettbewerbs","status":"publish","type":"post","link":"https:\/\/digidem-bayern.de\/en\/pressemitteilung-online-kurs-pflege-app-und-demenz-podcast-die-gewinner-des-open-innovation-wettbewerbs\/","title":{"rendered":"Pressemitteilung: Online-Kurs, Pflege-App und Demenz-Podcast: die Gewinner des Open Innovation Wettbewerbs"},"content":{"rendered":"<p><strong>Unterst\u00fctzung, Teilhabe, Austausch \u2013 unter diesem Motto stand der Open Innovation Wettbewerb von digiDEM Bayern. Die drei Gewinner des Wettbewerbs finden Sie jetzt auf der <a href=\"https:\/\/digidem-bayern.de\/en\/digitale-angebote\/\">digiDEM-Bayern-Webseite<\/a>. Ausgezeichnet wurden ein Online-Pflegekurs f\u00fcr Angeh\u00f6rige von Menschen mit Demenz, ein Podcast mit ausf\u00fchrlichen Informationen rund um die Erkrankung und eine App, die Angeh\u00f6rigen hilft, die Pflege zu Hause zu meistern.<\/strong><\/p>\n\n\n\n<p>Der <strong>Online-Pflegekurs \u201eAlzheimer &amp; Demenz<\/strong>\u201c der T\u00f6chter &amp; S\u00f6hne Gesellschaft f\u00fcr digitale Helfer mbH hilft pflegenden Angeh\u00f6rigen und ehrenamtlich T\u00e4tigen dabei, Menschen mit Demenz besser zu verstehen und im Alltag zu begleiten. <a href=\"https:\/\/digidem-bayern.de\/en\/digitales-angebot-online-pflegekurs-alzheimer-demenz\/\">Hier<\/a> geht\u2019s zum Angebot.<\/p>\n\n\n\n<p>Der <strong>Demenz Podcast<\/strong> des medhochzwei Verlags liefert Informationen zu verschiedenen Themen rund um Demenz \u2013 jederzeit und \u00fcberall kostenlos anh\u00f6rbar. Den Podcast finden Sie <a href=\"https:\/\/digidem-bayern.de\/en\/digitales-angebot-demenz-podcast\/\">hier<\/a>.<\/p>\n\n\n\n<p>Die <strong>Nui App <\/strong>unterst\u00fctzt Angeh\u00f6rige auf vielf\u00e4ltige Weise bei der Pflege von Menschen mit Demenz. digiDEM Bayern und Nui Care bieten Ihnen gemeinsam die M\u00f6glichkeit, die Nui ein Jahr kostenfrei zu testen. <a href=\"https:\/\/digidem-bayern.de\/en\/digitales-angebot-nui-app\/\">Hier<\/a> finden Sie weitere Informationen.<\/p>\n\n\n\n<p>Das Demenz-Forschungsprojekt \u201cDigitales Demenzregister Bayern\u201d, kurz digiDEM Bayern, hatte im Rahmen eines Open Innovation Wettbewerbs dazu aufgerufen, sich mit digitalen L\u00f6sungen f\u00fcr Menschen mit Demenz, pflegende Angeh\u00f6rige, interessierte B\u00fcrger*innen und ehrenamtliche Helfer*innen zu bewerben. Insgesamt wurden 19 Angebote eingereicht, von denen eine Experten-Jury die drei Gewinner ausgew\u00e4hlt hat.<\/p>\n\n\n\n<p><strong>Das Projekt digiDEM Bayern<\/strong><\/p>\n\n\n\n<p>Die Bereitstellung digitaler Angebote im Demenz-Bereich bildet eine der beiden S\u00e4ulen von digiDEM Bayern. Neben den digitalen Angeboten umfasst digiDEM Bayern auch Befragungen von Menschen mit Demenz und pflegenden Angeh\u00f6rigen in ganz Bayern \u00fcber einen Zeitraum von drei Jahren. Dadurch sollen Erkenntnisse \u00fcber den Verlauf der Erkrankung und die Situation der Angeh\u00f6rigen gewonnen und m\u00f6gliche Defizite aufgedeckt werden.<\/p>\n\n\n\n<p>digiDEM Bayern bildet einen Verbund aus der Friedrich-Alexander-Universit\u00e4t Erlangen-N\u00fcrnberg, dem Universit\u00e4tsklinikum Erlangen und dem Innovationscluster Medical Valley Europ\u00e4ische Metropolregion N\u00fcrnberg. Das Projekt wird vom Bayerischen Staatsministerium f\u00fcr Gesundheit und Pflege gef\u00f6rdert.<\/p>\n\n\n\n<p>75 Prozent der Menschen mit Demenz weltweit leben ohne eine gesicherte Diagnose, so der j\u00fcngste <a href=\"https:\/\/www.alzint.org\/u\/World-Alzheimer-Report-2021.pdf\">Welt-Alzheimer-Report<\/a> 2021. Eine <a href=\"https:\/\/alz-journals.onlinelibrary.wiley.com\/doi\/full\/10.1016\/j.dadm.2014.11.007\">deutsche Studie<\/a> berichtet einen \u00e4hnlichen Anteil. Demzufolge wissen 60 Prozent nicht, dass sie an Demenz erkrankt sind. Oft wird die Diagnose erst sehr sp\u00e4t gestellt. Dabei ist es f\u00fcr Menschen mit kognitiven Einschr\u00e4nkungen und ihre Angeh\u00f6rigen von gro\u00dfer Bedeutung, fr\u00fchzeitig Gewissheit zu haben: &#8222;Eine zeitgerechte Diagnose verbessert die Lebensbedingungen im Rahmen der sp\u00e4teren Gesundheitsversorgung&#8220;, erkl\u00e4rt der Neurologe&nbsp;Prof. Dr. med. Peter Kolominsky-Rabas,&nbsp;Leiter des&nbsp;Interdisziplin\u00e4ren Zentrums f\u00fcr Health Technology Assessment (HTA) und Public Health der Friedrich-Alexander-Universit\u00e4t Erlangen-N\u00fcrnberg&nbsp;(FAU) und einer der Projektleiter von digiDEM Bayern.<\/p>\n\n\n\n<p>Gef\u00f6rdert wird digiDEM Bayern vom Bayerischen Staatsministerium f\u00fcr Gesundheit und Pflege&nbsp;(StMGP).<\/p>\n\n\n\n<p><strong>Pressekontakt:&nbsp;<\/strong><\/p>\n\n\n\n<p>digiDEM&nbsp;Bayern&nbsp;Presse &amp; Kommunikation<\/p>\n\n\n\n<p>Tel.: 09131\/85-35858<\/p>\n\n\n\n<div style=\"height:20px\" aria-hidden=\"true\" class=\"wp-block-spacer\"><\/div>\n\n\n\n<div style=\"height:20px\" aria-hidden=\"true\" class=\"wp-block-spacer\"><\/div>","protected":false},"excerpt":{"rendered":"<p>Unterst\u00fctzung, Teilhabe, Austausch \u2013 unter diesem Motto stand der Open Innovation Wettbewerb von digiDEM Bayern. Die drei Gewinner des Wettbewerbs finden Sie jetzt auf der digiDEM-Bayern-Webseite. Ausgezeichnet wurden ein Online-Pflegekurs f\u00fcr Angeh\u00f6rige von Menschen mit Demenz, ein Podcast mit ausf\u00fchrlichen Informationen rund um die Erkrankung und eine App, die Angeh\u00f6rigen &hellip;<\/p>","protected":false},"author":12,"featured_media":18168,"comment_status":"open","ping_status":"closed","sticky":false,"template":"","format":"standard","meta":{"qubely_global_settings":"","qubely_interactions":"","_uag_custom_page_level_css":"","footnotes":""},"categories":[443],"tags":[13,12,112,14,17,55,418,420,330,223,217],"class_list":["post-20572","post","type-post","status-publish","format-standard","has-post-thumbnail","hentry","category-pressemitteilungen","tag-alzheimer","tag-demenz-2","tag-demenzdiagnose","tag-digidem","tag-digidem-bayern","tag-digitales-demenzregister-bayern","tag-fragebogen","tag-gedaechtnisleistung","tag-kognitive-beeintraechtigung","tag-pressemitteilungen","tag-senioren"],"qubely_featured_image_url":{"full":["https:\/\/digidem-bayern.de\/wp-content\/uploads\/2022\/04\/02-digiDEM-Bayern-Online-Fragebogen-IQCODE_Ausschnitt-gedreht.png",1344,1241,false],"landscape":["https:\/\/digidem-bayern.de\/wp-content\/uploads\/2022\/04\/02-digiDEM-Bayern-Online-Fragebogen-IQCODE_Ausschnitt-gedreht-1200x750.png",1200,750,true],"portraits":["https:\/\/digidem-bayern.de\/wp-content\/uploads\/2022\/04\/02-digiDEM-Bayern-Online-Fragebogen-IQCODE_Ausschnitt-gedreht-540x320.png",540,320,true],"thumbnail":["https:\/\/digidem-bayern.de\/wp-content\/uploads\/2022\/04\/02-digiDEM-Bayern-Online-Fragebogen-IQCODE_Ausschnitt-gedreht-80x80.png",80,80,true],"medium":["https:\/\/digidem-bayern.de\/wp-content\/uploads\/2022\/04\/02-digiDEM-Bayern-Online-Fragebogen-IQCODE_Ausschnitt-gedreht-300x277.png",300,277,true],"medium_large":["https:\/\/digidem-bayern.de\/wp-content\/uploads\/2022\/04\/02-digiDEM-Bayern-Online-Fragebogen-IQCODE_Ausschnitt-gedreht-768x709.png",768,709,true],"large":["https:\/\/digidem-bayern.de\/wp-content\/uploads\/2022\/04\/02-digiDEM-Bayern-Online-Fragebogen-IQCODE_Ausschnitt-gedreht-1030x951.png",1030,951,true],"1536x1536":["https:\/\/digidem-bayern.de\/wp-content\/uploads\/2022\/04\/02-digiDEM-Bayern-Online-Fragebogen-IQCODE_Ausschnitt-gedreht.png",1344,1241,false],"2048x2048":["https:\/\/digidem-bayern.de\/wp-content\/uploads\/2022\/04\/02-digiDEM-Bayern-Online-Fragebogen-IQCODE_Ausschnitt-gedreht.png",1344,1241,false],"trp-custom-language-flag":["https:\/\/digidem-bayern.de\/wp-content\/uploads\/2022\/04\/02-digiDEM-Bayern-Online-Fragebogen-IQCODE_Ausschnitt-gedreht.png",13,12,false],"qubely_landscape":["https:\/\/digidem-bayern.de\/wp-content\/uploads\/2022\/04\/02-digiDEM-Bayern-Online-Fragebogen-IQCODE_Ausschnitt-gedreht-1200x750.png",1200,750,true],"qubely_portrait":["https:\/\/digidem-bayern.de\/wp-content\/uploads\/2022\/04\/02-digiDEM-Bayern-Online-Fragebogen-IQCODE_Ausschnitt-gedreht-540x320.png",540,320,true],"qubely_thumbnail":["https:\/\/digidem-bayern.de\/wp-content\/uploads\/2022\/04\/02-digiDEM-Bayern-Online-Fragebogen-IQCODE_Ausschnitt-gedreht-140x100.png",140,100,true],"post-thumbnail":["https:\/\/digidem-bayern.de\/wp-content\/uploads\/2022\/04\/02-digiDEM-Bayern-Online-Fragebogen-IQCODE_Ausschnitt-gedreht-379x350.png",379,350,true],"kahuna-featured":["https:\/\/digidem-bayern.de\/wp-content\/uploads\/2022\/04\/02-digiDEM-Bayern-Online-Fragebogen-IQCODE_Ausschnitt-gedreht-734x350.png",734,350,true],"kahuna-featured-lp":["https:\/\/digidem-bayern.de\/wp-content\/uploads\/2022\/04\/02-digiDEM-Bayern-Online-Fragebogen-IQCODE_Ausschnitt-gedreht-520x350.png",520,350,true],"kahuna-featured-half":["https:\/\/digidem-bayern.de\/wp-content\/uploads\/2022\/04\/02-digiDEM-Bayern-Online-Fragebogen-IQCODE_Ausschnitt-gedreht-800x350.png",800,350,true],"kahuna-featured-third":["https:\/\/digidem-bayern.de\/wp-content\/uploads\/2022\/04\/02-digiDEM-Bayern-Online-Fragebogen-IQCODE_Ausschnitt-gedreht-512x350.png",512,350,true],"kahuna-lpbox-1":["https:\/\/digidem-bayern.de\/wp-content\/uploads\/2022\/04\/02-digiDEM-Bayern-Online-Fragebogen-IQCODE_Ausschnitt-gedreht-520x300.png",520,300,true],"kahuna-lpbox-2":["https:\/\/digidem-bayern.de\/wp-content\/uploads\/2022\/04\/02-digiDEM-Bayern-Online-Fragebogen-IQCODE_Ausschnitt-gedreht-520x350.png",520,350,true],"demand-language-flag":["https:\/\/digidem-bayern.de\/wp-content\/uploads\/2022\/04\/02-digiDEM-Bayern-Online-Fragebogen-IQCODE_Ausschnitt-gedreht.png",36,33,false],"dddkt-language-flag":["https:\/\/digidem-bayern.de\/wp-content\/uploads\/2022\/04\/02-digiDEM-Bayern-Online-Fragebogen-IQCODE_Ausschnitt-gedreht.png",36,33,false],"ddiqc-language-flag":["https:\/\/digidem-bayern.de\/wp-content\/uploads\/2022\/04\/02-digiDEM-Bayern-Online-Fragebogen-IQCODE_Ausschnitt-gedreht-36x36.png",36,36,true],"ddtl-language-flag":["https:\/\/digidem-bayern.de\/wp-content\/uploads\/2022\/04\/02-digiDEM-Bayern-Online-Fragebogen-IQCODE_Ausschnitt-gedreht-36x36.png",36,36,true],"mailpoet_newsletter_max":["https:\/\/digidem-bayern.de\/wp-content\/uploads\/2022\/04\/02-digiDEM-Bayern-Online-Fragebogen-IQCODE_Ausschnitt-gedreht-1320x1219.png",1320,1219,true],"kahuna-lpbox-3":["https:\/\/digidem-bayern.de\/wp-content\/uploads\/2022\/04\/02-digiDEM-Bayern-Online-Fragebogen-IQCODE_Ausschnitt-gedreht-520x350.png",520,350,true],"kahuna-featured-square":["https:\/\/digidem-bayern.de\/wp-content\/uploads\/2022\/04\/02-digiDEM-Bayern-Online-Fragebogen-IQCODE_Ausschnitt-gedreht-512x512.png",512,512,true],"kahuna-featured-square-large":["https:\/\/digidem-bayern.de\/wp-content\/uploads\/2022\/04\/02-digiDEM-Bayern-Online-Fragebogen-IQCODE_Ausschnitt-gedreht-1024x1024.png",1024,1024,true]},"qubely_author":{"display_name":"Ilona H\u00f6rath","author_link":"https:\/\/digidem-bayern.de\/en\/author\/hoeratia\/"},"qubely_comment":0,"qubely_category":"<a href=\"https:\/\/digidem-bayern.de\/en\/category\/pressemitteilungen\/\" rel=\"category tag\">Pressemitteilungen<\/a>","qubely_excerpt":"Unterst\u00fctzung, Teilhabe, Austausch \u2013 unter diesem Motto stand der Open Innovation Wettbewerb von digiDEM Bayern. Die drei Gewinner des Wettbewerbs finden Sie jetzt auf der digiDEM-Bayern-Webseite. Ausgezeichnet wurden ein Online-Pflegekurs f\u00fcr Angeh\u00f6rige von Menschen mit Demenz, ein Podcast mit ausf\u00fchrlichen Informationen rund um die Erkrankung und eine App, die Angeh\u00f6rigen &hellip;","featured_image_urls_v2":{"full":["https:\/\/digidem-bayern.de\/wp-content\/uploads\/2022\/04\/02-digiDEM-Bayern-Online-Fragebogen-IQCODE_Ausschnitt-gedreht.png",1344,1241,false],"thumbnail":["https:\/\/digidem-bayern.de\/wp-content\/uploads\/2022\/04\/02-digiDEM-Bayern-Online-Fragebogen-IQCODE_Ausschnitt-gedreht-80x80.png",80,80,true],"medium":["https:\/\/digidem-bayern.de\/wp-content\/uploads\/2022\/04\/02-digiDEM-Bayern-Online-Fragebogen-IQCODE_Ausschnitt-gedreht-300x277.png",300,277,true],"medium_large":["https:\/\/digidem-bayern.de\/wp-content\/uploads\/2022\/04\/02-digiDEM-Bayern-Online-Fragebogen-IQCODE_Ausschnitt-gedreht-768x709.png",768,709,true],"large":["https:\/\/digidem-bayern.de\/wp-content\/uploads\/2022\/04\/02-digiDEM-Bayern-Online-Fragebogen-IQCODE_Ausschnitt-gedreht-1030x951.png",1030,951,true],"1536x1536":["https:\/\/digidem-bayern.de\/wp-content\/uploads\/2022\/04\/02-digiDEM-Bayern-Online-Fragebogen-IQCODE_Ausschnitt-gedreht.png",1344,1241,false],"2048x2048":["https:\/\/digidem-bayern.de\/wp-content\/uploads\/2022\/04\/02-digiDEM-Bayern-Online-Fragebogen-IQCODE_Ausschnitt-gedreht.png",1344,1241,false],"trp-custom-language-flag":["https:\/\/digidem-bayern.de\/wp-content\/uploads\/2022\/04\/02-digiDEM-Bayern-Online-Fragebogen-IQCODE_Ausschnitt-gedreht.png",13,12,false],"qubely_landscape":["https:\/\/digidem-bayern.de\/wp-content\/uploads\/2022\/04\/02-digiDEM-Bayern-Online-Fragebogen-IQCODE_Ausschnitt-gedreht-1200x750.png",1200,750,true],"qubely_portrait":["https:\/\/digidem-bayern.de\/wp-content\/uploads\/2022\/04\/02-digiDEM-Bayern-Online-Fragebogen-IQCODE_Ausschnitt-gedreht-540x320.png",540,320,true],"qubely_thumbnail":["https:\/\/digidem-bayern.de\/wp-content\/uploads\/2022\/04\/02-digiDEM-Bayern-Online-Fragebogen-IQCODE_Ausschnitt-gedreht-140x100.png",140,100,true],"post-thumbnail":["https:\/\/digidem-bayern.de\/wp-content\/uploads\/2022\/04\/02-digiDEM-Bayern-Online-Fragebogen-IQCODE_Ausschnitt-gedreht-379x350.png",379,350,true],"kahuna-featured":["https:\/\/digidem-bayern.de\/wp-content\/uploads\/2022\/04\/02-digiDEM-Bayern-Online-Fragebogen-IQCODE_Ausschnitt-gedreht-734x350.png",734,350,true],"kahuna-featured-lp":["https:\/\/digidem-bayern.de\/wp-content\/uploads\/2022\/04\/02-digiDEM-Bayern-Online-Fragebogen-IQCODE_Ausschnitt-gedreht-520x350.png",520,350,true],"kahuna-featured-half":["https:\/\/digidem-bayern.de\/wp-content\/uploads\/2022\/04\/02-digiDEM-Bayern-Online-Fragebogen-IQCODE_Ausschnitt-gedreht-800x350.png",800,350,true],"kahuna-featured-third":["https:\/\/digidem-bayern.de\/wp-content\/uploads\/2022\/04\/02-digiDEM-Bayern-Online-Fragebogen-IQCODE_Ausschnitt-gedreht-512x350.png",512,350,true],"kahuna-lpbox-1":["https:\/\/digidem-bayern.de\/wp-content\/uploads\/2022\/04\/02-digiDEM-Bayern-Online-Fragebogen-IQCODE_Ausschnitt-gedreht-520x300.png",520,300,true],"kahuna-lpbox-2":["https:\/\/digidem-bayern.de\/wp-content\/uploads\/2022\/04\/02-digiDEM-Bayern-Online-Fragebogen-IQCODE_Ausschnitt-gedreht-520x350.png",520,350,true],"demand-language-flag":["https:\/\/digidem-bayern.de\/wp-content\/uploads\/2022\/04\/02-digiDEM-Bayern-Online-Fragebogen-IQCODE_Ausschnitt-gedreht.png",36,33,false],"dddkt-language-flag":["https:\/\/digidem-bayern.de\/wp-content\/uploads\/2022\/04\/02-digiDEM-Bayern-Online-Fragebogen-IQCODE_Ausschnitt-gedreht.png",36,33,false],"ddiqc-language-flag":["https:\/\/digidem-bayern.de\/wp-content\/uploads\/2022\/04\/02-digiDEM-Bayern-Online-Fragebogen-IQCODE_Ausschnitt-gedreht-36x36.png",36,36,true],"ddtl-language-flag":["https:\/\/digidem-bayern.de\/wp-content\/uploads\/2022\/04\/02-digiDEM-Bayern-Online-Fragebogen-IQCODE_Ausschnitt-gedreht-36x36.png",36,36,true],"mailpoet_newsletter_max":["https:\/\/digidem-bayern.de\/wp-content\/uploads\/2022\/04\/02-digiDEM-Bayern-Online-Fragebogen-IQCODE_Ausschnitt-gedreht-1320x1219.png",1320,1219,true],"kahuna-lpbox-3":["https:\/\/digidem-bayern.de\/wp-content\/uploads\/2022\/04\/02-digiDEM-Bayern-Online-Fragebogen-IQCODE_Ausschnitt-gedreht-520x350.png",520,350,true],"kahuna-featured-square":["https:\/\/digidem-bayern.de\/wp-content\/uploads\/2022\/04\/02-digiDEM-Bayern-Online-Fragebogen-IQCODE_Ausschnitt-gedreht-512x512.png",512,512,true],"kahuna-featured-square-large":["https:\/\/digidem-bayern.de\/wp-content\/uploads\/2022\/04\/02-digiDEM-Bayern-Online-Fragebogen-IQCODE_Ausschnitt-gedreht-1024x1024.png",1024,1024,true]},"post_excerpt_stackable_v2":"<p>Unterst\u00fctzung, Teilhabe, Austausch \u2013 unter diesem Motto stand der Open Innovation Wettbewerb von digiDEM Bayern. Die drei Gewinner des Wettbewerbs finden Sie jetzt auf der digiDEM-Bayern-Webseite. Ausgezeichnet wurden ein Online-Pflegekurs f\u00fcr Angeh\u00f6rige von Menschen mit Demenz, ein Podcast mit ausf\u00fchrlichen Informationen rund um die Erkrankung und eine App, die Angeh\u00f6rigen hilft, die Pflege zu Hause zu meistern. Der Online-Pflegekurs \u201eAlzheimer &amp; Demenz\u201c der T\u00f6chter &amp; S\u00f6hne Gesellschaft f\u00fcr digitale Helfer mbH hilft pflegenden Angeh\u00f6rigen und ehrenamtlich T\u00e4tigen dabei, Menschen mit Demenz besser zu verstehen und im Alltag zu begleiten. Hier geht\u2019s zum Angebot. Der Demenz Podcast des medhochzwei Verlags liefert&hellip;<\/p>\n","category_list_v2":"<a href=\"https:\/\/digidem-bayern.de\/en\/category\/pressemitteilungen\/\" rel=\"category tag\">Pressemitteilungen<\/a>","author_info_v2":{"name":"Ilona H\u00f6rath","url":"https:\/\/digidem-bayern.de\/en\/author\/hoeratia\/"},"comments_num_v2":"0 comments","yoast_head":"<!-- This site is optimized with the Yoast SEO plugin v27.4 - https:\/\/yoast.com\/product\/yoast-seo-wordpress\/ -->\n<title>Pressemitteilung: Online-Kurs, Pflege-App und Demenz-Podcast: die Gewinner des Open Innovation Wettbewerbs - digiDEM Bayern<\/title>\n<meta name=\"description\" content=\"Der Bayerische Landesapothekerkammer unterst\u00fctzt digiDEM Bayern mit Hilfe des Netzwerks &quot;Demenzfreundliche Apotheken&quot;.\" \/>\n<meta name=\"robots\" content=\"index, follow, max-snippet:-1, max-image-preview:large, max-video-preview:-1\" \/>\n<link rel=\"canonical\" href=\"https:\/\/digidem-bayern.de\/en\/pressemitteilung-online-kurs-pflege-app-und-demenz-podcast-die-gewinner-des-open-innovation-wettbewerbs\/\" \/>\n<meta property=\"og:locale\" content=\"en_US\" \/>\n<meta property=\"og:type\" content=\"article\" \/>\n<meta property=\"og:title\" content=\"Pressemitteilung: Online-Kurs, Pflege-App und Demenz-Podcast: die Gewinner des Open Innovation Wettbewerbs - digiDEM Bayern\" \/>\n<meta property=\"og:description\" content=\"Der Bayerische Landesapothekerkammer unterst\u00fctzt digiDEM Bayern mit Hilfe des Netzwerks &quot;Demenzfreundliche Apotheken&quot;.\" \/>\n<meta property=\"og:url\" content=\"https:\/\/digidem-bayern.de\/en\/pressemitteilung-online-kurs-pflege-app-und-demenz-podcast-die-gewinner-des-open-innovation-wettbewerbs\/\" \/>\n<meta property=\"og:site_name\" content=\"digiDEM Bayern\" \/>\n<meta property=\"article:publisher\" content=\"https:\/\/www.facebook.com\/digiDEMBayern\/\" \/>\n<meta property=\"article:published_time\" content=\"2021-02-19T13:04:00+00:00\" \/>\n<meta property=\"article:modified_time\" content=\"2022-11-09T14:03:31+00:00\" \/>\n<meta property=\"og:image\" content=\"https:\/\/digidem-bayern.de\/wp-content\/uploads\/2022\/04\/02-digiDEM-Bayern-Online-Fragebogen-IQCODE_Ausschnitt-gedreht.png\" \/>\n\t<meta property=\"og:image:width\" content=\"1344\" \/>\n\t<meta property=\"og:image:height\" content=\"1241\" \/>\n\t<meta property=\"og:image:type\" content=\"image\/png\" \/>\n<meta name=\"author\" content=\"Ilona H\u00f6rath\" \/>\n<meta name=\"twitter:label1\" content=\"Written by\" \/>\n\t<meta name=\"twitter:data1\" content=\"Ilona H\u00f6rath\" \/>\n\t<meta name=\"twitter:label2\" content=\"Est. reading time\" \/>\n\t<meta name=\"twitter:data2\" content=\"2 minutes\" \/>\n<script type=\"application\/ld+json\" class=\"yoast-schema-graph\">{\"@context\":\"https:\\\/\\\/schema.org\",\"@graph\":[{\"@type\":\"Article\",\"@id\":\"https:\\\/\\\/digidem-bayern.de\\\/pressemitteilung-online-kurs-pflege-app-und-demenz-podcast-die-gewinner-des-open-innovation-wettbewerbs\\\/#article\",\"isPartOf\":{\"@id\":\"https:\\\/\\\/digidem-bayern.de\\\/pressemitteilung-online-kurs-pflege-app-und-demenz-podcast-die-gewinner-des-open-innovation-wettbewerbs\\\/\"},\"author\":{\"name\":\"Ilona H\u00f6rath\",\"@id\":\"\\\/#\\\/schema\\\/person\\\/0bc1494f46fc2a051c761322a80e0941\"},\"headline\":\"Pressemitteilung: Online-Kurs, Pflege-App und Demenz-Podcast: die Gewinner des Open Innovation Wettbewerbs\",\"datePublished\":\"2021-02-19T13:04:00+00:00\",\"dateModified\":\"2022-11-09T14:03:31+00:00\",\"mainEntityOfPage\":{\"@id\":\"https:\\\/\\\/digidem-bayern.de\\\/pressemitteilung-online-kurs-pflege-app-und-demenz-podcast-die-gewinner-des-open-innovation-wettbewerbs\\\/\"},\"wordCount\":481,\"commentCount\":0,\"publisher\":{\"@id\":\"\\\/#organization\"},\"image\":{\"@id\":\"https:\\\/\\\/digidem-bayern.de\\\/pressemitteilung-online-kurs-pflege-app-und-demenz-podcast-die-gewinner-des-open-innovation-wettbewerbs\\\/#primaryimage\"},\"thumbnailUrl\":\"https:\\\/\\\/digidem-bayern.de\\\/wp-content\\\/uploads\\\/2022\\\/04\\\/02-digiDEM-Bayern-Online-Fragebogen-IQCODE_Ausschnitt-gedreht.png\",\"keywords\":[\"Alzheimer\",\"Demenz\",\"Demenzdiagnose\",\"digidem\",\"digidem Bayern\",\"Digitales Demenzregister Bayern\",\"Fragebogen\",\"Ged\u00e4chtnisleistung\",\"kognitive Beeintr\u00e4chtigung\",\"Pressemitteilungen\",\"Senioren\"],\"articleSection\":[\"Pressemitteilungen\"],\"inLanguage\":\"en-US\",\"potentialAction\":[{\"@type\":\"CommentAction\",\"name\":\"Comment\",\"target\":[\"https:\\\/\\\/digidem-bayern.de\\\/pressemitteilung-online-kurs-pflege-app-und-demenz-podcast-die-gewinner-des-open-innovation-wettbewerbs\\\/#respond\"]}]},{\"@type\":\"WebPage\",\"@id\":\"https:\\\/\\\/digidem-bayern.de\\\/pressemitteilung-online-kurs-pflege-app-und-demenz-podcast-die-gewinner-des-open-innovation-wettbewerbs\\\/\",\"url\":\"https:\\\/\\\/digidem-bayern.de\\\/pressemitteilung-online-kurs-pflege-app-und-demenz-podcast-die-gewinner-des-open-innovation-wettbewerbs\\\/\",\"name\":\"Pressemitteilung: Online-Kurs, Pflege-App und Demenz-Podcast: die Gewinner des Open Innovation Wettbewerbs - digiDEM Bayern\",\"isPartOf\":{\"@id\":\"\\\/#website\"},\"primaryImageOfPage\":{\"@id\":\"https:\\\/\\\/digidem-bayern.de\\\/pressemitteilung-online-kurs-pflege-app-und-demenz-podcast-die-gewinner-des-open-innovation-wettbewerbs\\\/#primaryimage\"},\"image\":{\"@id\":\"https:\\\/\\\/digidem-bayern.de\\\/pressemitteilung-online-kurs-pflege-app-und-demenz-podcast-die-gewinner-des-open-innovation-wettbewerbs\\\/#primaryimage\"},\"thumbnailUrl\":\"https:\\\/\\\/digidem-bayern.de\\\/wp-content\\\/uploads\\\/2022\\\/04\\\/02-digiDEM-Bayern-Online-Fragebogen-IQCODE_Ausschnitt-gedreht.png\",\"datePublished\":\"2021-02-19T13:04:00+00:00\",\"dateModified\":\"2022-11-09T14:03:31+00:00\",\"description\":\"Der Bayerische Landesapothekerkammer unterst\u00fctzt digiDEM Bayern mit Hilfe des Netzwerks \\\"Demenzfreundliche Apotheken\\\".\",\"breadcrumb\":{\"@id\":\"https:\\\/\\\/digidem-bayern.de\\\/pressemitteilung-online-kurs-pflege-app-und-demenz-podcast-die-gewinner-des-open-innovation-wettbewerbs\\\/#breadcrumb\"},\"inLanguage\":\"en-US\",\"potentialAction\":[{\"@type\":\"ReadAction\",\"target\":[\"https:\\\/\\\/digidem-bayern.de\\\/pressemitteilung-online-kurs-pflege-app-und-demenz-podcast-die-gewinner-des-open-innovation-wettbewerbs\\\/\"]}]},{\"@type\":\"ImageObject\",\"inLanguage\":\"en-US\",\"@id\":\"https:\\\/\\\/digidem-bayern.de\\\/pressemitteilung-online-kurs-pflege-app-und-demenz-podcast-die-gewinner-des-open-innovation-wettbewerbs\\\/#primaryimage\",\"url\":\"https:\\\/\\\/digidem-bayern.de\\\/wp-content\\\/uploads\\\/2022\\\/04\\\/02-digiDEM-Bayern-Online-Fragebogen-IQCODE_Ausschnitt-gedreht.png\",\"contentUrl\":\"https:\\\/\\\/digidem-bayern.de\\\/wp-content\\\/uploads\\\/2022\\\/04\\\/02-digiDEM-Bayern-Online-Fragebogen-IQCODE_Ausschnitt-gedreht.png\",\"width\":1344,\"height\":1241,\"caption\":\"Der Online-Fragebogen l\u00e4sst sich am PC oder Smartphone ausf\u00fcllen. Er ist in f\u00fcnf Sprachen verf\u00fcgbar und bietet einen sehr guten Einstieg hin zu einer weiterf\u00fchrenden Diagnostik.\"},{\"@type\":\"BreadcrumbList\",\"@id\":\"https:\\\/\\\/digidem-bayern.de\\\/pressemitteilung-online-kurs-pflege-app-und-demenz-podcast-die-gewinner-des-open-innovation-wettbewerbs\\\/#breadcrumb\",\"itemListElement\":[{\"@type\":\"ListItem\",\"position\":1,\"name\":\"Startseite\",\"item\":\"https:\\\/\\\/digidem-bayern.de\\\/\"},{\"@type\":\"ListItem\",\"position\":2,\"name\":\"Pressemitteilung: Online-Kurs, Pflege-App und Demenz-Podcast: die Gewinner des Open Innovation Wettbewerbs\"}]},{\"@type\":\"WebSite\",\"@id\":\"\\\/#website\",\"url\":\"\\\/\",\"name\":\"digiDEM Bayern\",\"description\":\"Das digitale Demenzregister Bayern erforscht und verbessert die Angebotsstuktur f\u00fcr Menschen mit Demenz und deren Angeh\u00f6rige\",\"publisher\":{\"@id\":\"\\\/#organization\"},\"potentialAction\":[{\"@type\":\"SearchAction\",\"target\":{\"@type\":\"EntryPoint\",\"urlTemplate\":\"\\\/?s={search_term_string}\"},\"query-input\":{\"@type\":\"PropertyValueSpecification\",\"valueRequired\":true,\"valueName\":\"search_term_string\"}}],\"inLanguage\":\"en-US\"},{\"@type\":\"Organization\",\"@id\":\"\\\/#organization\",\"name\":\"digiDEM Bayern\",\"url\":\"\\\/\",\"logo\":{\"@type\":\"ImageObject\",\"inLanguage\":\"en-US\",\"@id\":\"\\\/#\\\/schema\\\/logo\\\/image\\\/\",\"url\":\"https:\\\/\\\/digidem-bayern.de\\\/wp-content\\\/uploads\\\/2022\\\/03\\\/cropped-Allgemeines_digiDEMLOGO-removebg-preview.png\",\"contentUrl\":\"https:\\\/\\\/digidem-bayern.de\\\/wp-content\\\/uploads\\\/2022\\\/03\\\/cropped-Allgemeines_digiDEMLOGO-removebg-preview.png\",\"width\":612,\"height\":357,\"caption\":\"digiDEM Bayern\"},\"image\":{\"@id\":\"\\\/#\\\/schema\\\/logo\\\/image\\\/\"},\"sameAs\":[\"https:\\\/\\\/www.facebook.com\\\/digiDEMBayern\\\/\",\"https:\\\/\\\/x.com\\\/digidem_bayern\",\"https:\\\/\\\/www.instagram.com\\\/digidem.bayern\",\"https:\\\/\\\/www.linkedin.com\\\/company\\\/digidem-bayern\\\/\"]},{\"@type\":\"Person\",\"@id\":\"\\\/#\\\/schema\\\/person\\\/0bc1494f46fc2a051c761322a80e0941\",\"name\":\"Ilona H\u00f6rath\",\"url\":\"https:\\\/\\\/digidem-bayern.de\\\/en\\\/author\\\/hoeratia\\\/\"}]}<\/script>\n<!-- \/ Yoast SEO plugin. -->","yoast_head_json":{"title":"Pressemitteilung: Online-Kurs, Pflege-App und Demenz-Podcast: die Gewinner des Open Innovation Wettbewerbs - digiDEM Bayern","description":"Der Bayerische Landesapothekerkammer unterst\u00fctzt digiDEM Bayern mit Hilfe des Netzwerks \"Demenzfreundliche Apotheken\".","robots":{"index":"index","follow":"follow","max-snippet":"max-snippet:-1","max-image-preview":"max-image-preview:large","max-video-preview":"max-video-preview:-1"},"canonical":"https:\/\/digidem-bayern.de\/en\/pressemitteilung-online-kurs-pflege-app-und-demenz-podcast-die-gewinner-des-open-innovation-wettbewerbs\/","og_locale":"en_US","og_type":"article","og_title":"Pressemitteilung: Online-Kurs, Pflege-App und Demenz-Podcast: die Gewinner des Open Innovation Wettbewerbs - digiDEM Bayern","og_description":"Der Bayerische Landesapothekerkammer unterst\u00fctzt digiDEM Bayern mit Hilfe des Netzwerks \"Demenzfreundliche Apotheken\".","og_url":"https:\/\/digidem-bayern.de\/en\/pressemitteilung-online-kurs-pflege-app-und-demenz-podcast-die-gewinner-des-open-innovation-wettbewerbs\/","og_site_name":"digiDEM Bayern","article_publisher":"https:\/\/www.facebook.com\/digiDEMBayern\/","article_published_time":"2021-02-19T13:04:00+00:00","article_modified_time":"2022-11-09T14:03:31+00:00","og_image":[{"width":1344,"height":1241,"url":"https:\/\/digidem-bayern.de\/wp-content\/uploads\/2022\/04\/02-digiDEM-Bayern-Online-Fragebogen-IQCODE_Ausschnitt-gedreht.png","type":"image\/png"}],"author":"Ilona H\u00f6rath","twitter_misc":{"Written by":"Ilona H\u00f6rath","Est. reading time":"2 minutes"},"schema":{"@context":"https:\/\/schema.org","@graph":[{"@type":"Article","@id":"https:\/\/digidem-bayern.de\/pressemitteilung-online-kurs-pflege-app-und-demenz-podcast-die-gewinner-des-open-innovation-wettbewerbs\/#article","isPartOf":{"@id":"https:\/\/digidem-bayern.de\/pressemitteilung-online-kurs-pflege-app-und-demenz-podcast-die-gewinner-des-open-innovation-wettbewerbs\/"},"author":{"name":"Ilona H\u00f6rath","@id":"\/#\/schema\/person\/0bc1494f46fc2a051c761322a80e0941"},"headline":"Pressemitteilung: Online-Kurs, Pflege-App und Demenz-Podcast: die Gewinner des Open Innovation Wettbewerbs","datePublished":"2021-02-19T13:04:00+00:00","dateModified":"2022-11-09T14:03:31+00:00","mainEntityOfPage":{"@id":"https:\/\/digidem-bayern.de\/pressemitteilung-online-kurs-pflege-app-und-demenz-podcast-die-gewinner-des-open-innovation-wettbewerbs\/"},"wordCount":481,"commentCount":0,"publisher":{"@id":"\/#organization"},"image":{"@id":"https:\/\/digidem-bayern.de\/pressemitteilung-online-kurs-pflege-app-und-demenz-podcast-die-gewinner-des-open-innovation-wettbewerbs\/#primaryimage"},"thumbnailUrl":"https:\/\/digidem-bayern.de\/wp-content\/uploads\/2022\/04\/02-digiDEM-Bayern-Online-Fragebogen-IQCODE_Ausschnitt-gedreht.png","keywords":["Alzheimer","Demenz","Demenzdiagnose","digidem","digidem Bayern","Digitales Demenzregister Bayern","Fragebogen","Ged\u00e4chtnisleistung","kognitive Beeintr\u00e4chtigung","Pressemitteilungen","Senioren"],"articleSection":["Pressemitteilungen"],"inLanguage":"en-US","potentialAction":[{"@type":"CommentAction","name":"Comment","target":["https:\/\/digidem-bayern.de\/pressemitteilung-online-kurs-pflege-app-und-demenz-podcast-die-gewinner-des-open-innovation-wettbewerbs\/#respond"]}]},{"@type":"WebPage","@id":"https:\/\/digidem-bayern.de\/pressemitteilung-online-kurs-pflege-app-und-demenz-podcast-die-gewinner-des-open-innovation-wettbewerbs\/","url":"https:\/\/digidem-bayern.de\/pressemitteilung-online-kurs-pflege-app-und-demenz-podcast-die-gewinner-des-open-innovation-wettbewerbs\/","name":"Pressemitteilung: Online-Kurs, Pflege-App und Demenz-Podcast: die Gewinner des Open Innovation Wettbewerbs - digiDEM Bayern","isPartOf":{"@id":"\/#website"},"primaryImageOfPage":{"@id":"https:\/\/digidem-bayern.de\/pressemitteilung-online-kurs-pflege-app-und-demenz-podcast-die-gewinner-des-open-innovation-wettbewerbs\/#primaryimage"},"image":{"@id":"https:\/\/digidem-bayern.de\/pressemitteilung-online-kurs-pflege-app-und-demenz-podcast-die-gewinner-des-open-innovation-wettbewerbs\/#primaryimage"},"thumbnailUrl":"https:\/\/digidem-bayern.de\/wp-content\/uploads\/2022\/04\/02-digiDEM-Bayern-Online-Fragebogen-IQCODE_Ausschnitt-gedreht.png","datePublished":"2021-02-19T13:04:00+00:00","dateModified":"2022-11-09T14:03:31+00:00","description":"Der Bayerische Landesapothekerkammer unterst\u00fctzt digiDEM Bayern mit Hilfe des Netzwerks \"Demenzfreundliche Apotheken\".","breadcrumb":{"@id":"https:\/\/digidem-bayern.de\/pressemitteilung-online-kurs-pflege-app-und-demenz-podcast-die-gewinner-des-open-innovation-wettbewerbs\/#breadcrumb"},"inLanguage":"en-US","potentialAction":[{"@type":"ReadAction","target":["https:\/\/digidem-bayern.de\/pressemitteilung-online-kurs-pflege-app-und-demenz-podcast-die-gewinner-des-open-innovation-wettbewerbs\/"]}]},{"@type":"ImageObject","inLanguage":"en-US","@id":"https:\/\/digidem-bayern.de\/pressemitteilung-online-kurs-pflege-app-und-demenz-podcast-die-gewinner-des-open-innovation-wettbewerbs\/#primaryimage","url":"https:\/\/digidem-bayern.de\/wp-content\/uploads\/2022\/04\/02-digiDEM-Bayern-Online-Fragebogen-IQCODE_Ausschnitt-gedreht.png","contentUrl":"https:\/\/digidem-bayern.de\/wp-content\/uploads\/2022\/04\/02-digiDEM-Bayern-Online-Fragebogen-IQCODE_Ausschnitt-gedreht.png","width":1344,"height":1241,"caption":"Der Online-Fragebogen l\u00e4sst sich am PC oder Smartphone ausf\u00fcllen. Er ist in f\u00fcnf Sprachen verf\u00fcgbar und bietet einen sehr guten Einstieg hin zu einer weiterf\u00fchrenden Diagnostik."},{"@type":"BreadcrumbList","@id":"https:\/\/digidem-bayern.de\/pressemitteilung-online-kurs-pflege-app-und-demenz-podcast-die-gewinner-des-open-innovation-wettbewerbs\/#breadcrumb","itemListElement":[{"@type":"ListItem","position":1,"name":"Startseite","item":"https:\/\/digidem-bayern.de\/"},{"@type":"ListItem","position":2,"name":"Pressemitteilung: Online-Kurs, Pflege-App und Demenz-Podcast: die Gewinner des Open Innovation Wettbewerbs"}]},{"@type":"WebSite","@id":"\/#website","url":"\/","name":"digiDEM Bavaria","description":"The digital dementia register in Bavaria researches and improves the structure of services for people with dementia and their relatives","publisher":{"@id":"\/#organization"},"potentialAction":[{"@type":"SearchAction","target":{"@type":"EntryPoint","urlTemplate":"\/?s={search_term_string}"},"query-input":{"@type":"PropertyValueSpecification","valueRequired":true,"valueName":"search_term_string"}}],"inLanguage":"en-US"},{"@type":"Organization","@id":"\/#organization","name":"digiDEM Bavaria","url":"\/","logo":{"@type":"ImageObject","inLanguage":"en-US","@id":"\/#\/schema\/logo\/image\/","url":"https:\/\/digidem-bayern.de\/wp-content\/uploads\/2022\/03\/cropped-Allgemeines_digiDEMLOGO-removebg-preview.png","contentUrl":"https:\/\/digidem-bayern.de\/wp-content\/uploads\/2022\/03\/cropped-Allgemeines_digiDEMLOGO-removebg-preview.png","width":612,"height":357,"caption":"digiDEM Bayern"},"image":{"@id":"\/#\/schema\/logo\/image\/"},"sameAs":["https:\/\/www.facebook.com\/digiDEMBayern\/","https:\/\/x.com\/digidem_bayern","https:\/\/www.instagram.com\/digidem.bayern","https:\/\/www.linkedin.com\/company\/digidem-bayern\/"]},{"@type":"Person","@id":"\/#\/schema\/person\/0bc1494f46fc2a051c761322a80e0941","name":"Ilona H\u00f6rath","url":"https:\/\/digidem-bayern.de\/en\/author\/hoeratia\/"}]}},"uagb_featured_image_src":{"full":["https:\/\/digidem-bayern.de\/wp-content\/uploads\/2022\/04\/02-digiDEM-Bayern-Online-Fragebogen-IQCODE_Ausschnitt-gedreht.png",1344,1241,false],"thumbnail":["https:\/\/digidem-bayern.de\/wp-content\/uploads\/2022\/04\/02-digiDEM-Bayern-Online-Fragebogen-IQCODE_Ausschnitt-gedreht-80x80.png",80,80,true],"medium":["https:\/\/digidem-bayern.de\/wp-content\/uploads\/2022\/04\/02-digiDEM-Bayern-Online-Fragebogen-IQCODE_Ausschnitt-gedreht-300x277.png",300,277,true],"medium_large":["https:\/\/digidem-bayern.de\/wp-content\/uploads\/2022\/04\/02-digiDEM-Bayern-Online-Fragebogen-IQCODE_Ausschnitt-gedreht-768x709.png",768,709,true],"large":["https:\/\/digidem-bayern.de\/wp-content\/uploads\/2022\/04\/02-digiDEM-Bayern-Online-Fragebogen-IQCODE_Ausschnitt-gedreht-1030x951.png",1030,951,true],"1536x1536":["https:\/\/digidem-bayern.de\/wp-content\/uploads\/2022\/04\/02-digiDEM-Bayern-Online-Fragebogen-IQCODE_Ausschnitt-gedreht.png",1344,1241,false],"2048x2048":["https:\/\/digidem-bayern.de\/wp-content\/uploads\/2022\/04\/02-digiDEM-Bayern-Online-Fragebogen-IQCODE_Ausschnitt-gedreht.png",1344,1241,false],"trp-custom-language-flag":["https:\/\/digidem-bayern.de\/wp-content\/uploads\/2022\/04\/02-digiDEM-Bayern-Online-Fragebogen-IQCODE_Ausschnitt-gedreht.png",13,12,false],"qubely_landscape":["https:\/\/digidem-bayern.de\/wp-content\/uploads\/2022\/04\/02-digiDEM-Bayern-Online-Fragebogen-IQCODE_Ausschnitt-gedreht-1200x750.png",1200,750,true],"qubely_portrait":["https:\/\/digidem-bayern.de\/wp-content\/uploads\/2022\/04\/02-digiDEM-Bayern-Online-Fragebogen-IQCODE_Ausschnitt-gedreht-540x320.png",540,320,true],"qubely_thumbnail":["https:\/\/digidem-bayern.de\/wp-content\/uploads\/2022\/04\/02-digiDEM-Bayern-Online-Fragebogen-IQCODE_Ausschnitt-gedreht-140x100.png",140,100,true],"post-thumbnail":["https:\/\/digidem-bayern.de\/wp-content\/uploads\/2022\/04\/02-digiDEM-Bayern-Online-Fragebogen-IQCODE_Ausschnitt-gedreht-379x350.png",379,350,true],"kahuna-featured":["https:\/\/digidem-bayern.de\/wp-content\/uploads\/2022\/04\/02-digiDEM-Bayern-Online-Fragebogen-IQCODE_Ausschnitt-gedreht-734x350.png",734,350,true],"kahuna-featured-lp":["https:\/\/digidem-bayern.de\/wp-content\/uploads\/2022\/04\/02-digiDEM-Bayern-Online-Fragebogen-IQCODE_Ausschnitt-gedreht-520x350.png",520,350,true],"kahuna-featured-half":["https:\/\/digidem-bayern.de\/wp-content\/uploads\/2022\/04\/02-digiDEM-Bayern-Online-Fragebogen-IQCODE_Ausschnitt-gedreht-800x350.png",800,350,true],"kahuna-featured-third":["https:\/\/digidem-bayern.de\/wp-content\/uploads\/2022\/04\/02-digiDEM-Bayern-Online-Fragebogen-IQCODE_Ausschnitt-gedreht-512x350.png",512,350,true],"kahuna-lpbox-1":["https:\/\/digidem-bayern.de\/wp-content\/uploads\/2022\/04\/02-digiDEM-Bayern-Online-Fragebogen-IQCODE_Ausschnitt-gedreht-520x300.png",520,300,true],"kahuna-lpbox-2":["https:\/\/digidem-bayern.de\/wp-content\/uploads\/2022\/04\/02-digiDEM-Bayern-Online-Fragebogen-IQCODE_Ausschnitt-gedreht-520x350.png",520,350,true],"demand-language-flag":["https:\/\/digidem-bayern.de\/wp-content\/uploads\/2022\/04\/02-digiDEM-Bayern-Online-Fragebogen-IQCODE_Ausschnitt-gedreht.png",36,33,false],"dddkt-language-flag":["https:\/\/digidem-bayern.de\/wp-content\/uploads\/2022\/04\/02-digiDEM-Bayern-Online-Fragebogen-IQCODE_Ausschnitt-gedreht.png",36,33,false],"ddiqc-language-flag":["https:\/\/digidem-bayern.de\/wp-content\/uploads\/2022\/04\/02-digiDEM-Bayern-Online-Fragebogen-IQCODE_Ausschnitt-gedreht-36x36.png",36,36,true],"ddtl-language-flag":["https:\/\/digidem-bayern.de\/wp-content\/uploads\/2022\/04\/02-digiDEM-Bayern-Online-Fragebogen-IQCODE_Ausschnitt-gedreht-36x36.png",36,36,true],"mailpoet_newsletter_max":["https:\/\/digidem-bayern.de\/wp-content\/uploads\/2022\/04\/02-digiDEM-Bayern-Online-Fragebogen-IQCODE_Ausschnitt-gedreht-1320x1219.png",1320,1219,true],"kahuna-lpbox-3":["https:\/\/digidem-bayern.de\/wp-content\/uploads\/2022\/04\/02-digiDEM-Bayern-Online-Fragebogen-IQCODE_Ausschnitt-gedreht-520x350.png",520,350,true],"kahuna-featured-square":["https:\/\/digidem-bayern.de\/wp-content\/uploads\/2022\/04\/02-digiDEM-Bayern-Online-Fragebogen-IQCODE_Ausschnitt-gedreht-512x512.png",512,512,true],"kahuna-featured-square-large":["https:\/\/digidem-bayern.de\/wp-content\/uploads\/2022\/04\/02-digiDEM-Bayern-Online-Fragebogen-IQCODE_Ausschnitt-gedreht-1024x1024.png",1024,1024,true]},"uagb_author_info":{"display_name":"Ilona H\u00f6rath","author_link":"https:\/\/digidem-bayern.de\/en\/author\/hoeratia\/"},"uagb_comment_info":0,"uagb_excerpt":"Unterst\u00fctzung, Teilhabe, Austausch \u2013 unter diesem Motto stand der Open Innovation Wettbewerb von digiDEM Bayern. Die drei Gewinner des Wettbewerbs finden Sie jetzt auf der digiDEM-Bayern-Webseite. Ausgezeichnet wurden ein Online-Pflegekurs f\u00fcr Angeh\u00f6rige von Menschen mit Demenz, ein Podcast mit ausf\u00fchrlichen Informationen rund um die Erkrankung und eine App, die Angeh\u00f6rigen &hellip;","_links":{"self":[{"href":"https:\/\/digidem-bayern.de\/en\/wp-json\/wp\/v2\/posts\/20572","targetHints":{"allow":["GET"]}}],"collection":[{"href":"https:\/\/digidem-bayern.de\/en\/wp-json\/wp\/v2\/posts"}],"about":[{"href":"https:\/\/digidem-bayern.de\/en\/wp-json\/wp\/v2\/types\/post"}],"author":[{"embeddable":true,"href":"https:\/\/digidem-bayern.de\/en\/wp-json\/wp\/v2\/users\/12"}],"replies":[{"embeddable":true,"href":"https:\/\/digidem-bayern.de\/en\/wp-json\/wp\/v2\/comments?post=20572"}],"version-history":[{"count":2,"href":"https:\/\/digidem-bayern.de\/en\/wp-json\/wp\/v2\/posts\/20572\/revisions"}],"predecessor-version":[{"id":20574,"href":"https:\/\/digidem-bayern.de\/en\/wp-json\/wp\/v2\/posts\/20572\/revisions\/20574"}],"wp:featuredmedia":[{"embeddable":true,"href":"https:\/\/digidem-bayern.de\/en\/wp-json\/wp\/v2\/media\/18168"}],"wp:attachment":[{"href":"https:\/\/digidem-bayern.de\/en\/wp-json\/wp\/v2\/media?parent=20572"}],"wp:term":[{"taxonomy":"category","embeddable":true,"href":"https:\/\/digidem-bayern.de\/en\/wp-json\/wp\/v2\/categories?post=20572"},{"taxonomy":"post_tag","embeddable":true,"href":"https:\/\/digidem-bayern.de\/en\/wp-json\/wp\/v2\/tags?post=20572"}],"curies":[{"name":"wp","href":"https:\/\/api.w.org\/{rel}","templated":true}]}}