{"id":20570,"date":"2021-09-17T13:23:00","date_gmt":"2021-09-17T11:23:00","guid":{"rendered":"https:\/\/digidem-bayern.de\/?p=20570"},"modified":"2022-11-09T15:03:44","modified_gmt":"2022-11-09T14:03:44","slug":"pressemitteilung-neue-kooperation-zur-bayerischen-demenzwoche-bayerische-landesapothekerkammer-unterstuetzt-projekt-digidem-bayern","status":"publish","type":"post","link":"https:\/\/digidem-bayern.de\/en\/pressemitteilung-neue-kooperation-zur-bayerischen-demenzwoche-bayerische-landesapothekerkammer-unterstuetzt-projekt-digidem-bayern\/","title":{"rendered":"Neue Kooperation zur Bayerischen Demenzwoche: Bayerische Landesapothekerkammer unterst\u00fctzt Projekt digiDEM Bayern"},"content":{"rendered":"<p><strong>Eine gute Nachricht zur Bayerischen Demenzwoche, die vom 17. bis 26. September l\u00e4uft: Die Bayerische Landesapothekerkammer (BLAK) unterst\u00fctzt das Projekt \u201eDigitales Demenzregister Bayern\u201c (digiDEM Bayern). Das Demenz-Forschungsprojekt zielt darauf ab, die Lebensbedingungen von Menschen mit Demenz und ihren Angeh\u00f6rigen zu verbessern. Mit Leben f\u00fcllen wird sich die Zusammenarbeit mit dem Netzwerk \u201eDemenzfreundliche Apotheke\u201c.<\/strong><\/p>\n\n\n\n<p>\u201eUnsere demenzfreundlichen Apotheken haben sich als niedrigschwelliges Hilfsangebot f\u00fcr Betroffene und Angeh\u00f6rige in Wohnortn\u00e4he etabliert und bew\u00e4hrt \u2013 mittlerweile in 15 St\u00e4dten und 18 Landkreisen im Freistaat\u201c, sagt Cynthia Milz, BLAK-Vorstandsmitglied und Sprecherin des Direktoriums des Wissenschaftlichen Instituts f\u00fcr Pr\u00e4vention im Gesundheitswesen (WIPIG) der BLAK. \u201eBei digiDEM sind wir sehr gerne mit an Bord, weil auch dieses Projekt das Leben mit Demenz in Bayern verbessern hilft.\u201c<\/p>\n\n\n\n<p><strong>Angeh\u00f6rigenampel und andere Angebote<\/strong><\/p>\n\n\n\n<p>digiDEM Bayern baut f\u00fcr Bayern ein digitales Demenzregister auf, um den Langzeitverlauf der Erkrankung besser zu verstehen und einen \u00dcberblick zur Angebotslandschaft zu erhalten. Daf\u00fcr werden aktuell Menschen mit leichten kognitiven Beeintr\u00e4chtigungen oder Demenz und ihre pflegenden Angeh\u00f6rigen zu ihrer Situation systematisch befragt. Dar\u00fcber hinaus stellt digiDEM Bayern Online-Angebote zur Unterst\u00fctzung im Alltag bereit. So gibt es seit Januar 2021 beispielsweise die \u201eAngeh\u00f6rigenampel\u201c: einen kostenlosen, anonymen Selbsttest, der pflegenden Angeh\u00f6rigen mittels gezielter Fragen den Grad ihrer pers\u00f6nlichen Belastung anzeigt und ihnen damit einen Ansto\u00df zur Ver\u00e4nderung der Lebenssituation gibt. Auf derartige Angebote werden die Mitarbeiterinnen und Mitarbeiter in den demenzfreundlichen Apotheken k\u00fcnftig gezielt hinweisen k\u00f6nnen.<\/p>\n\n\n\n<p><strong>Ziel: Fl\u00e4chendeckende Kenntnisse \u00fcber Versorgungssituation gewinnen<\/strong><\/p>\n\n\n\n<p>\u201eWir freuen uns sehr \u00fcber die Zusammenarbeit mit der BLAK\u201c, erkl\u00e4rt der Neurologe und Versorgungsforscher Prof. Peter Kolominsky-Rabas, Leiter des Zentrums f\u00fcr Health Technology Assessment (HTA) und Public Health der Friedrich-Alexander-Universit\u00e4t Erlangen-N\u00fcrnberg und einer der Projektleiter von digiDEM Bayern. \u201eUnser Ziel ist es, m\u00f6glichst fl\u00e4chendeckend Kenntnisse \u00fcber die Versorgungssituation vor Ort zu erlangen. Als vertrauter Ansprechpartner von Betroffenen sind die demenzfreundlichen Apotheken insbesondere in den l\u00e4ndlichen Regionen in Bayern f\u00fcr uns eine wichtige S\u00e4ule im Projekt digiDEM Bayern.\u201c<\/p>\n\n\n\n<p><strong>About digiDEM Bavaria<\/strong><\/p>\n\n\n\n<p>In Bayern leben derzeit mehr als 240.000 Menschen mit Demenz, bis 2030 wird die Zahl voraussichtlich auf 300.000 ansteigen. Die zuk\u00fcnftige Versorgung der Betroffenen stellt f\u00fcr die Gesellschaft eine der gr\u00f6\u00dften Herausforderungen dar. Dieser Herausforderung begegnet digiDEM Bayern, ein Projekt der Friedrich-Alexander-Universit\u00e4t Erlangen-N\u00fcrnberg, des Universit\u00e4tsklinikums Erlangen und des Medical Valley EMN e.V., mit digitalen L\u00f6sungen. Das Projekt wird vom Bayerischen Staatsministerium f\u00fcr Gesundheit und Pflege gef\u00f6rdert. Weitere Informationen finden Sie <a href=\"https:\/\/digidem-bayern.de\/en\/\">auf unserer Webseite<\/a>. <\/p>\n\n\n\n<p><strong>Demenzfreundliche Apotheke<\/strong><\/p>\n\n\n\n<p>Das Projekt \u201aDemenzfreundliche Apotheke\u2018 startete im Jahr 2014 auf Initiative des Qualit\u00e4tszirkels Pharmazeutische Betreuung Augsburg der Bayerischen Landesapothekerkammer und der Alzheimer Gesellschaft Augsburg. Informationen, Materialien und Hintergr\u00fcnde zum Netzwerk finden Sie auf der <a href=\"https:\/\/wipig.de\/materialien\/projekte-downloads\/item\/demenzfreundliche-apotheke\">WIPIG-Website<\/a>.<\/p>\n\n\n\n<p><strong>WIPIG<\/strong><\/p>\n\n\n\n<p>Die Bayerische Landesapothekerkammer hat 2007 das Wissenschaftliche Institut f\u00fcr Pr\u00e4vention im Gesundheitswesen (WIPIG) als Institut zur F\u00f6rderung des Pr\u00e4ventionsgedankens und zur Erstellung von Pr\u00e4ventionskonzepten gegr\u00fcndet. Der angestrebte Wissenszuwachs f\u00fcr den Bereich der Pr\u00e4vention soll im Interesse der Allgemeinheit gleicherma\u00dfen der Apothekerschaft wie auch den \u00fcbrigen Beteiligten im Gesundheitswesen zur Verf\u00fcgung stehen. Weitere Informationen finden Sie auf der <a href=\"https:\/\/wipig.de\">WIPIG-Website<\/a>. <\/p>\n\n\n\n<p><strong>Bayerische Landesapothekerkammer<\/strong> Die Bayerische Landesapothekerkammer (BLAK) vertritt mehr als 15.000 Apothekerinnen und Apotheker in ganz Bayern. Unsere Mitglieder sind vor allem in \u00f6ffentlichen Apotheken, in Krankenh\u00e4usern, in der Industrie sowie in Wissenschaft und Forschung t\u00e4tig. Zu unseren Mitgliedern geh\u00f6ren auch nicht berufst\u00e4tige Apothekerinnen und Apotheker. Wir sind eine K\u00f6rperschaft des \u00f6ffentlichen Rechts und Organ der Selbstverwaltung unseres Berufsstandes. Unseren Mitgliedern, aber auch Beh\u00f6rden und Gerichten dienen wir als Ansprechpartner in allen den Berufsstand betreffenden pharmazeutischen und rechtlichen Fragen, insbesondere des Arzneimittel- und Apothekenrechts<\/p>\n\n\n\n<p><strong>Pressekontakt:<\/strong><\/p>\n\n\n\n<p>digiDEM Bayern Presse &amp; Kommunikation<\/p>\n\n\n\n<p>Tel.: 09131 \u2013 85 35858<\/p>\n\n\n\n<div style=\"height:10px\" aria-hidden=\"true\" class=\"wp-block-spacer\"><\/div>\n\n\n\n<div class=\"wp-block-stackable-button-group stk-block-button-group stk-block stk-7a4d366\" data-block-id=\"7a4d366\"><style>.stk-7a4d366{max-width:386px !important;min-width:auto !important}<\/style><div class=\"stk-row stk-inner-blocks has-text-align-center stk-block-content stk-button-group\">\n<div class=\"wp-block-stackable-button stk-block-button stk-block stk-0ffa912\" data-block-id=\"0ffa912\"><style>.stk-0ffa912,.stk-0ffa912 .stk-button{width:100% !important}.stk-0ffa912 .stk-button{border-radius:5px !important;overflow:hidden !important}<\/style><a class=\"stk-link stk-button stk--hover-effect-darken\" href=\"https:\/\/digidem-bayern.de\/en\/download\/24414\/?tmstv=1667825241\"><span class=\"stk-button__inner-text\">Pressemitteilung herunterladen<\/span><\/a><\/div>\n<\/div><\/div>\n\n\n\n<div style=\"height:20px\" aria-hidden=\"true\" class=\"wp-block-spacer\"><\/div>\n\n\n\n<div style=\"height:20px\" aria-hidden=\"true\" class=\"wp-block-spacer\"><\/div>","protected":false},"excerpt":{"rendered":"<p>Eine gute Nachricht zur Bayerischen Demenzwoche, die vom 17. bis 26. September l\u00e4uft: Die Bayerische Landesapothekerkammer (BLAK) unterst\u00fctzt das Projekt \u201eDigitales Demenzregister Bayern\u201c (digiDEM Bayern). Das Demenz-Forschungsprojekt zielt darauf ab, die Lebensbedingungen von Menschen mit Demenz und ihren Angeh\u00f6rigen zu verbessern. Mit Leben f\u00fcllen wird sich die Zusammenarbeit mit dem &hellip;<\/p>","protected":false},"author":12,"featured_media":0,"comment_status":"open","ping_status":"closed","sticky":false,"template":"","format":"standard","meta":{"qubely_global_settings":"","qubely_interactions":"","_uag_custom_page_level_css":"","footnotes":""},"categories":[443],"tags":[13,347,12,112,458,14,17,55,456,223,457],"class_list":["post-20570","post","type-post","status-publish","format-standard","hentry","category-pressemitteilungen","tag-alzheimer","tag-bayerische-landesapothekerkammer","tag-demenz-2","tag-demenzdiagnose","tag-demenzfreundliche-apotheke","tag-digidem","tag-digidem-bayern","tag-digitales-demenzregister-bayern","tag-forschungsprojekt-demenz","tag-pressemitteilungen","tag-wipig"],"qubely_featured_image_url":null,"qubely_author":{"display_name":"Ilona H\u00f6rath","author_link":"https:\/\/digidem-bayern.de\/en\/author\/hoeratia\/"},"qubely_comment":0,"qubely_category":"<a href=\"https:\/\/digidem-bayern.de\/en\/category\/pressemitteilungen\/\" rel=\"category tag\">Pressemitteilungen<\/a>","qubely_excerpt":"Eine gute Nachricht zur Bayerischen Demenzwoche, die vom 17. bis 26. September l\u00e4uft: Die Bayerische Landesapothekerkammer (BLAK) unterst\u00fctzt das Projekt \u201eDigitales Demenzregister Bayern\u201c (digiDEM Bayern). Das Demenz-Forschungsprojekt zielt darauf ab, die Lebensbedingungen von Menschen mit Demenz und ihren Angeh\u00f6rigen zu verbessern. Mit Leben f\u00fcllen wird sich die Zusammenarbeit mit dem &hellip;","featured_image_urls_v2":{"full":"","thumbnail":"","medium":"","medium_large":"","large":"","1536x1536":"","2048x2048":"","trp-custom-language-flag":"","qubely_landscape":"","qubely_portrait":"","qubely_thumbnail":"","post-thumbnail":"","kahuna-featured":"","kahuna-featured-lp":"","kahuna-featured-half":"","kahuna-featured-third":"","kahuna-lpbox-1":"","kahuna-lpbox-2":"","demand-language-flag":"","dddkt-language-flag":"","ddiqc-language-flag":"","ddtl-language-flag":"","mailpoet_newsletter_max":"","kahuna-lpbox-3":"","kahuna-featured-square":"","kahuna-featured-square-large":""},"post_excerpt_stackable_v2":"<p>Eine gute Nachricht zur Bayerischen Demenzwoche, die vom 17. bis 26. September l\u00e4uft: Die Bayerische Landesapothekerkammer (BLAK) unterst\u00fctzt das Projekt \u201eDigitales Demenzregister Bayern\u201c (digiDEM Bayern). Das Demenz-Forschungsprojekt zielt darauf ab, die Lebensbedingungen von Menschen mit Demenz und ihren Angeh\u00f6rigen zu verbessern. Mit Leben f\u00fcllen wird sich die Zusammenarbeit mit dem Netzwerk \u201eDemenzfreundliche Apotheke\u201c. \u201eUnsere demenzfreundlichen Apotheken haben sich als niedrigschwelliges Hilfsangebot f\u00fcr Betroffene und Angeh\u00f6rige in Wohnortn\u00e4he etabliert und bew\u00e4hrt \u2013 mittlerweile in 15 St\u00e4dten und 18 Landkreisen im Freistaat\u201c, sagt Cynthia Milz, BLAK-Vorstandsmitglied und Sprecherin des Direktoriums des Wissenschaftlichen Instituts f\u00fcr Pr\u00e4vention im Gesundheitswesen (WIPIG) der BLAK. \u201eBei digiDEM&hellip;<\/p>\n","category_list_v2":"<a href=\"https:\/\/digidem-bayern.de\/en\/category\/pressemitteilungen\/\" rel=\"category tag\">Pressemitteilungen<\/a>","author_info_v2":{"name":"Ilona H\u00f6rath","url":"https:\/\/digidem-bayern.de\/en\/author\/hoeratia\/"},"comments_num_v2":"0 comments","yoast_head":"<!-- This site is optimized with the Yoast SEO plugin v27.5 - https:\/\/yoast.com\/product\/yoast-seo-wordpress\/ -->\n<title>Neue Kooperation zur Bayerischen Demenzwoche: Bayerische Landesapothekerkammer unterst\u00fctzt Projekt digiDEM Bayern - digiDEM Bayern<\/title>\n<meta name=\"description\" content=\"Der Bayerische Landesapothekerkammer unterst\u00fctzt digiDEM Bayern mit Hilfe des Netzwerks &quot;Demenzfreundliche Apotheken&quot;.\" \/>\n<meta name=\"robots\" content=\"index, follow, max-snippet:-1, max-image-preview:large, max-video-preview:-1\" \/>\n<link rel=\"canonical\" href=\"https:\/\/digidem-bayern.de\/en\/pressemitteilung-neue-kooperation-zur-bayerischen-demenzwoche-bayerische-landesapothekerkammer-unterstuetzt-projekt-digidem-bayern\/\" \/>\n<meta property=\"og:locale\" content=\"en_US\" \/>\n<meta property=\"og:type\" content=\"article\" \/>\n<meta property=\"og:title\" content=\"Neue Kooperation zur Bayerischen Demenzwoche: Bayerische Landesapothekerkammer unterst\u00fctzt Projekt digiDEM Bayern - digiDEM Bayern\" \/>\n<meta property=\"og:description\" content=\"Der Bayerische Landesapothekerkammer unterst\u00fctzt digiDEM Bayern mit Hilfe des Netzwerks &quot;Demenzfreundliche Apotheken&quot;.\" \/>\n<meta property=\"og:url\" content=\"https:\/\/digidem-bayern.de\/en\/pressemitteilung-neue-kooperation-zur-bayerischen-demenzwoche-bayerische-landesapothekerkammer-unterstuetzt-projekt-digidem-bayern\/\" \/>\n<meta property=\"og:site_name\" content=\"digiDEM Bayern\" \/>\n<meta property=\"article:publisher\" content=\"https:\/\/www.facebook.com\/digiDEMBayern\/\" \/>\n<meta property=\"article:published_time\" content=\"2021-09-17T11:23:00+00:00\" \/>\n<meta property=\"article:modified_time\" content=\"2022-11-09T14:03:44+00:00\" \/>\n<meta property=\"og:image\" content=\"https:\/\/digidem-bayern.de\/wp-content\/uploads\/logo-digidem-digitales-demenzregister-bayern.jpg.png\" \/>\n\t<meta property=\"og:image:width\" content=\"340\" \/>\n\t<meta property=\"og:image:height\" content=\"200\" \/>\n\t<meta property=\"og:image:type\" content=\"image\/png\" \/>\n<meta name=\"author\" content=\"Ilona H\u00f6rath\" \/>\n<meta name=\"twitter:label1\" content=\"Written by\" \/>\n\t<meta name=\"twitter:data1\" content=\"Ilona H\u00f6rath\" \/>\n\t<meta name=\"twitter:label2\" content=\"Est. reading time\" \/>\n\t<meta name=\"twitter:data2\" content=\"2 minutes\" \/>\n<script type=\"application\/ld+json\" class=\"yoast-schema-graph\">{\"@context\":\"https:\\\/\\\/schema.org\",\"@graph\":[{\"@type\":\"Article\",\"@id\":\"https:\\\/\\\/digidem-bayern.de\\\/pressemitteilung-neue-kooperation-zur-bayerischen-demenzwoche-bayerische-landesapothekerkammer-unterstuetzt-projekt-digidem-bayern\\\/#article\",\"isPartOf\":{\"@id\":\"https:\\\/\\\/digidem-bayern.de\\\/pressemitteilung-neue-kooperation-zur-bayerischen-demenzwoche-bayerische-landesapothekerkammer-unterstuetzt-projekt-digidem-bayern\\\/\"},\"author\":{\"name\":\"Ilona H\u00f6rath\",\"@id\":\"\\\/#\\\/schema\\\/person\\\/0bc1494f46fc2a051c761322a80e0941\"},\"headline\":\"Neue Kooperation zur Bayerischen Demenzwoche: Bayerische Landesapothekerkammer unterst\u00fctzt Projekt digiDEM Bayern\",\"datePublished\":\"2021-09-17T11:23:00+00:00\",\"dateModified\":\"2022-11-09T14:03:44+00:00\",\"mainEntityOfPage\":{\"@id\":\"https:\\\/\\\/digidem-bayern.de\\\/pressemitteilung-neue-kooperation-zur-bayerischen-demenzwoche-bayerische-landesapothekerkammer-unterstuetzt-projekt-digidem-bayern\\\/\"},\"wordCount\":637,\"commentCount\":0,\"publisher\":{\"@id\":\"\\\/#organization\"},\"keywords\":[\"Alzheimer\",\"Bayerische Landesapothekerkammer\",\"Demenz\",\"Demenzdiagnose\",\"Demenzfreundliche Apotheke\",\"digidem\",\"digidem Bayern\",\"Digitales Demenzregister Bayern\",\"Forschungsprojekt Demenz\",\"Pressemitteilungen\",\"WIPIG\"],\"articleSection\":[\"Pressemitteilungen\"],\"inLanguage\":\"en-US\",\"potentialAction\":[{\"@type\":\"CommentAction\",\"name\":\"Comment\",\"target\":[\"https:\\\/\\\/digidem-bayern.de\\\/pressemitteilung-neue-kooperation-zur-bayerischen-demenzwoche-bayerische-landesapothekerkammer-unterstuetzt-projekt-digidem-bayern\\\/#respond\"]}]},{\"@type\":\"WebPage\",\"@id\":\"https:\\\/\\\/digidem-bayern.de\\\/pressemitteilung-neue-kooperation-zur-bayerischen-demenzwoche-bayerische-landesapothekerkammer-unterstuetzt-projekt-digidem-bayern\\\/\",\"url\":\"https:\\\/\\\/digidem-bayern.de\\\/pressemitteilung-neue-kooperation-zur-bayerischen-demenzwoche-bayerische-landesapothekerkammer-unterstuetzt-projekt-digidem-bayern\\\/\",\"name\":\"Neue Kooperation zur Bayerischen Demenzwoche: Bayerische Landesapothekerkammer unterst\u00fctzt Projekt digiDEM Bayern - digiDEM Bayern\",\"isPartOf\":{\"@id\":\"\\\/#website\"},\"datePublished\":\"2021-09-17T11:23:00+00:00\",\"dateModified\":\"2022-11-09T14:03:44+00:00\",\"description\":\"Der Bayerische Landesapothekerkammer unterst\u00fctzt digiDEM Bayern mit Hilfe des Netzwerks \\\"Demenzfreundliche Apotheken\\\".\",\"breadcrumb\":{\"@id\":\"https:\\\/\\\/digidem-bayern.de\\\/pressemitteilung-neue-kooperation-zur-bayerischen-demenzwoche-bayerische-landesapothekerkammer-unterstuetzt-projekt-digidem-bayern\\\/#breadcrumb\"},\"inLanguage\":\"en-US\",\"potentialAction\":[{\"@type\":\"ReadAction\",\"target\":[\"https:\\\/\\\/digidem-bayern.de\\\/pressemitteilung-neue-kooperation-zur-bayerischen-demenzwoche-bayerische-landesapothekerkammer-unterstuetzt-projekt-digidem-bayern\\\/\"]}]},{\"@type\":\"BreadcrumbList\",\"@id\":\"https:\\\/\\\/digidem-bayern.de\\\/pressemitteilung-neue-kooperation-zur-bayerischen-demenzwoche-bayerische-landesapothekerkammer-unterstuetzt-projekt-digidem-bayern\\\/#breadcrumb\",\"itemListElement\":[{\"@type\":\"ListItem\",\"position\":1,\"name\":\"Startseite\",\"item\":\"https:\\\/\\\/digidem-bayern.de\\\/\"},{\"@type\":\"ListItem\",\"position\":2,\"name\":\"Neue Kooperation zur Bayerischen Demenzwoche: Bayerische Landesapothekerkammer unterst\u00fctzt Projekt digiDEM Bayern\"}]},{\"@type\":\"WebSite\",\"@id\":\"\\\/#website\",\"url\":\"\\\/\",\"name\":\"digiDEM Bayern\",\"description\":\"Das digitale Demenzregister Bayern erforscht und verbessert die Angebotsstuktur f\u00fcr Menschen mit Demenz und deren Angeh\u00f6rige\",\"publisher\":{\"@id\":\"\\\/#organization\"},\"potentialAction\":[{\"@type\":\"SearchAction\",\"target\":{\"@type\":\"EntryPoint\",\"urlTemplate\":\"\\\/?s={search_term_string}\"},\"query-input\":{\"@type\":\"PropertyValueSpecification\",\"valueRequired\":true,\"valueName\":\"search_term_string\"}}],\"inLanguage\":\"en-US\"},{\"@type\":\"Organization\",\"@id\":\"\\\/#organization\",\"name\":\"digiDEM Bayern\",\"url\":\"\\\/\",\"logo\":{\"@type\":\"ImageObject\",\"inLanguage\":\"en-US\",\"@id\":\"\\\/#\\\/schema\\\/logo\\\/image\\\/\",\"url\":\"https:\\\/\\\/digidem-bayern.de\\\/wp-content\\\/uploads\\\/2022\\\/03\\\/cropped-Allgemeines_digiDEMLOGO-removebg-preview.png\",\"contentUrl\":\"https:\\\/\\\/digidem-bayern.de\\\/wp-content\\\/uploads\\\/2022\\\/03\\\/cropped-Allgemeines_digiDEMLOGO-removebg-preview.png\",\"width\":612,\"height\":357,\"caption\":\"digiDEM Bayern\"},\"image\":{\"@id\":\"\\\/#\\\/schema\\\/logo\\\/image\\\/\"},\"sameAs\":[\"https:\\\/\\\/www.facebook.com\\\/digiDEMBayern\\\/\",\"https:\\\/\\\/x.com\\\/digidem_bayern\",\"https:\\\/\\\/www.instagram.com\\\/digidem.bayern\",\"https:\\\/\\\/www.linkedin.com\\\/company\\\/digidem-bayern\\\/\"]},{\"@type\":\"Person\",\"@id\":\"\\\/#\\\/schema\\\/person\\\/0bc1494f46fc2a051c761322a80e0941\",\"name\":\"Ilona H\u00f6rath\",\"url\":\"https:\\\/\\\/digidem-bayern.de\\\/en\\\/author\\\/hoeratia\\\/\"}]}<\/script>\n<!-- \/ Yoast SEO plugin. -->","yoast_head_json":{"title":"Neue Kooperation zur Bayerischen Demenzwoche: Bayerische Landesapothekerkammer unterst\u00fctzt Projekt digiDEM Bayern - digiDEM Bayern","description":"Der Bayerische Landesapothekerkammer unterst\u00fctzt digiDEM Bayern mit Hilfe des Netzwerks \"Demenzfreundliche Apotheken\".","robots":{"index":"index","follow":"follow","max-snippet":"max-snippet:-1","max-image-preview":"max-image-preview:large","max-video-preview":"max-video-preview:-1"},"canonical":"https:\/\/digidem-bayern.de\/en\/pressemitteilung-neue-kooperation-zur-bayerischen-demenzwoche-bayerische-landesapothekerkammer-unterstuetzt-projekt-digidem-bayern\/","og_locale":"en_US","og_type":"article","og_title":"Neue Kooperation zur Bayerischen Demenzwoche: Bayerische Landesapothekerkammer unterst\u00fctzt Projekt digiDEM Bayern - digiDEM Bayern","og_description":"Der Bayerische Landesapothekerkammer unterst\u00fctzt digiDEM Bayern mit Hilfe des Netzwerks \"Demenzfreundliche Apotheken\".","og_url":"https:\/\/digidem-bayern.de\/en\/pressemitteilung-neue-kooperation-zur-bayerischen-demenzwoche-bayerische-landesapothekerkammer-unterstuetzt-projekt-digidem-bayern\/","og_site_name":"digiDEM Bayern","article_publisher":"https:\/\/www.facebook.com\/digiDEMBayern\/","article_published_time":"2021-09-17T11:23:00+00:00","article_modified_time":"2022-11-09T14:03:44+00:00","og_image":[{"width":340,"height":200,"url":"https:\/\/digidem-bayern.de\/wp-content\/uploads\/logo-digidem-digitales-demenzregister-bayern.jpg.png","type":"image\/png"}],"author":"Ilona H\u00f6rath","twitter_misc":{"Written by":"Ilona H\u00f6rath","Est. reading time":"2 minutes"},"schema":{"@context":"https:\/\/schema.org","@graph":[{"@type":"Article","@id":"https:\/\/digidem-bayern.de\/pressemitteilung-neue-kooperation-zur-bayerischen-demenzwoche-bayerische-landesapothekerkammer-unterstuetzt-projekt-digidem-bayern\/#article","isPartOf":{"@id":"https:\/\/digidem-bayern.de\/pressemitteilung-neue-kooperation-zur-bayerischen-demenzwoche-bayerische-landesapothekerkammer-unterstuetzt-projekt-digidem-bayern\/"},"author":{"name":"Ilona H\u00f6rath","@id":"\/#\/schema\/person\/0bc1494f46fc2a051c761322a80e0941"},"headline":"Neue Kooperation zur Bayerischen Demenzwoche: Bayerische Landesapothekerkammer unterst\u00fctzt Projekt digiDEM Bayern","datePublished":"2021-09-17T11:23:00+00:00","dateModified":"2022-11-09T14:03:44+00:00","mainEntityOfPage":{"@id":"https:\/\/digidem-bayern.de\/pressemitteilung-neue-kooperation-zur-bayerischen-demenzwoche-bayerische-landesapothekerkammer-unterstuetzt-projekt-digidem-bayern\/"},"wordCount":637,"commentCount":0,"publisher":{"@id":"\/#organization"},"keywords":["Alzheimer","Bayerische Landesapothekerkammer","Demenz","Demenzdiagnose","Demenzfreundliche Apotheke","digidem","digidem Bayern","Digitales Demenzregister Bayern","Forschungsprojekt Demenz","Pressemitteilungen","WIPIG"],"articleSection":["Pressemitteilungen"],"inLanguage":"en-US","potentialAction":[{"@type":"CommentAction","name":"Comment","target":["https:\/\/digidem-bayern.de\/pressemitteilung-neue-kooperation-zur-bayerischen-demenzwoche-bayerische-landesapothekerkammer-unterstuetzt-projekt-digidem-bayern\/#respond"]}]},{"@type":"WebPage","@id":"https:\/\/digidem-bayern.de\/pressemitteilung-neue-kooperation-zur-bayerischen-demenzwoche-bayerische-landesapothekerkammer-unterstuetzt-projekt-digidem-bayern\/","url":"https:\/\/digidem-bayern.de\/pressemitteilung-neue-kooperation-zur-bayerischen-demenzwoche-bayerische-landesapothekerkammer-unterstuetzt-projekt-digidem-bayern\/","name":"Neue Kooperation zur Bayerischen Demenzwoche: Bayerische Landesapothekerkammer unterst\u00fctzt Projekt digiDEM Bayern - digiDEM Bayern","isPartOf":{"@id":"\/#website"},"datePublished":"2021-09-17T11:23:00+00:00","dateModified":"2022-11-09T14:03:44+00:00","description":"Der Bayerische Landesapothekerkammer unterst\u00fctzt digiDEM Bayern mit Hilfe des Netzwerks \"Demenzfreundliche Apotheken\".","breadcrumb":{"@id":"https:\/\/digidem-bayern.de\/pressemitteilung-neue-kooperation-zur-bayerischen-demenzwoche-bayerische-landesapothekerkammer-unterstuetzt-projekt-digidem-bayern\/#breadcrumb"},"inLanguage":"en-US","potentialAction":[{"@type":"ReadAction","target":["https:\/\/digidem-bayern.de\/pressemitteilung-neue-kooperation-zur-bayerischen-demenzwoche-bayerische-landesapothekerkammer-unterstuetzt-projekt-digidem-bayern\/"]}]},{"@type":"BreadcrumbList","@id":"https:\/\/digidem-bayern.de\/pressemitteilung-neue-kooperation-zur-bayerischen-demenzwoche-bayerische-landesapothekerkammer-unterstuetzt-projekt-digidem-bayern\/#breadcrumb","itemListElement":[{"@type":"ListItem","position":1,"name":"Startseite","item":"https:\/\/digidem-bayern.de\/"},{"@type":"ListItem","position":2,"name":"Neue Kooperation zur Bayerischen Demenzwoche: Bayerische Landesapothekerkammer unterst\u00fctzt Projekt digiDEM Bayern"}]},{"@type":"WebSite","@id":"\/#website","url":"\/","name":"digiDEM Bavaria","description":"The digital dementia register in Bavaria researches and improves the structure of services for people with dementia and their relatives","publisher":{"@id":"\/#organization"},"potentialAction":[{"@type":"SearchAction","target":{"@type":"EntryPoint","urlTemplate":"\/?s={search_term_string}"},"query-input":{"@type":"PropertyValueSpecification","valueRequired":true,"valueName":"search_term_string"}}],"inLanguage":"en-US"},{"@type":"Organization","@id":"\/#organization","name":"digiDEM Bavaria","url":"\/","logo":{"@type":"ImageObject","inLanguage":"en-US","@id":"\/#\/schema\/logo\/image\/","url":"https:\/\/digidem-bayern.de\/wp-content\/uploads\/2022\/03\/cropped-Allgemeines_digiDEMLOGO-removebg-preview.png","contentUrl":"https:\/\/digidem-bayern.de\/wp-content\/uploads\/2022\/03\/cropped-Allgemeines_digiDEMLOGO-removebg-preview.png","width":612,"height":357,"caption":"digiDEM Bayern"},"image":{"@id":"\/#\/schema\/logo\/image\/"},"sameAs":["https:\/\/www.facebook.com\/digiDEMBayern\/","https:\/\/x.com\/digidem_bayern","https:\/\/www.instagram.com\/digidem.bayern","https:\/\/www.linkedin.com\/company\/digidem-bayern\/"]},{"@type":"Person","@id":"\/#\/schema\/person\/0bc1494f46fc2a051c761322a80e0941","name":"Ilona H\u00f6rath","url":"https:\/\/digidem-bayern.de\/en\/author\/hoeratia\/"}]}},"uagb_featured_image_src":{"full":false,"thumbnail":false,"medium":false,"medium_large":false,"large":false,"1536x1536":false,"2048x2048":false,"trp-custom-language-flag":false,"qubely_landscape":false,"qubely_portrait":false,"qubely_thumbnail":false,"post-thumbnail":false,"kahuna-featured":false,"kahuna-featured-lp":false,"kahuna-featured-half":false,"kahuna-featured-third":false,"kahuna-lpbox-1":false,"kahuna-lpbox-2":false,"demand-language-flag":false,"dddkt-language-flag":false,"ddiqc-language-flag":false,"ddtl-language-flag":false,"mailpoet_newsletter_max":false,"kahuna-lpbox-3":false,"kahuna-featured-square":false,"kahuna-featured-square-large":false},"uagb_author_info":{"display_name":"Ilona H\u00f6rath","author_link":"https:\/\/digidem-bayern.de\/en\/author\/hoeratia\/"},"uagb_comment_info":0,"uagb_excerpt":"Eine gute Nachricht zur Bayerischen Demenzwoche, die vom 17. bis 26. September l\u00e4uft: Die Bayerische Landesapothekerkammer (BLAK) unterst\u00fctzt das Projekt \u201eDigitales Demenzregister Bayern\u201c (digiDEM Bayern). Das Demenz-Forschungsprojekt zielt darauf ab, die Lebensbedingungen von Menschen mit Demenz und ihren Angeh\u00f6rigen zu verbessern. Mit Leben f\u00fcllen wird sich die Zusammenarbeit mit dem &hellip;","_links":{"self":[{"href":"https:\/\/digidem-bayern.de\/en\/wp-json\/wp\/v2\/posts\/20570","targetHints":{"allow":["GET"]}}],"collection":[{"href":"https:\/\/digidem-bayern.de\/en\/wp-json\/wp\/v2\/posts"}],"about":[{"href":"https:\/\/digidem-bayern.de\/en\/wp-json\/wp\/v2\/types\/post"}],"author":[{"embeddable":true,"href":"https:\/\/digidem-bayern.de\/en\/wp-json\/wp\/v2\/users\/12"}],"replies":[{"embeddable":true,"href":"https:\/\/digidem-bayern.de\/en\/wp-json\/wp\/v2\/comments?post=20570"}],"version-history":[{"count":4,"href":"https:\/\/digidem-bayern.de\/en\/wp-json\/wp\/v2\/posts\/20570\/revisions"}],"predecessor-version":[{"id":24475,"href":"https:\/\/digidem-bayern.de\/en\/wp-json\/wp\/v2\/posts\/20570\/revisions\/24475"}],"wp:attachment":[{"href":"https:\/\/digidem-bayern.de\/en\/wp-json\/wp\/v2\/media?parent=20570"}],"wp:term":[{"taxonomy":"category","embeddable":true,"href":"https:\/\/digidem-bayern.de\/en\/wp-json\/wp\/v2\/categories?post=20570"},{"taxonomy":"post_tag","embeddable":true,"href":"https:\/\/digidem-bayern.de\/en\/wp-json\/wp\/v2\/tags?post=20570"}],"curies":[{"name":"wp","href":"https:\/\/api.w.org\/{rel}","templated":true}]}}