{"id":20565,"date":"2021-12-09T14:02:00","date_gmt":"2021-12-09T13:02:00","guid":{"rendered":"https:\/\/digidem-bayern.de\/?p=20565"},"modified":"2022-11-09T15:04:03","modified_gmt":"2022-11-09T14:04:03","slug":"pressemitteilung-400-teilnehmende-in-digidem-bayern-eingeschlossen","status":"publish","type":"post","link":"https:\/\/digidem-bayern.de\/en\/pressemitteilung-400-teilnehmende-in-digidem-bayern-eingeschlossen\/","title":{"rendered":"400 Teilnehmende in digiDEM Bayern eingeschlossen"},"content":{"rendered":"<p><strong>Am 08.12.2021 konnte der 400. Teilnehmende f\u00fcr das Projekt digiDEM Bayern gewonnen und befragt werden. <\/strong><\/p>\n\n\n\n<p>Die Projektphase von digiDEM Bayern startete am 01.01.2021. Innerhalb eines Jahres wurden bislang 400 Menschen mit leichten kognitiven Einschr\u00e4nkungen (MCI) und Menschen mit Demenz sowie ihre pflegenden Angeh\u00f6rigen zu ihrer Versorgungssituation befragt. Trotz erschwerter Bedingungen im Rahmen der COVID-19 Pandemie gelang es den digiDEM Forschungspartner*innen bayernweit zahlreiche Teilnehmende zu kontaktieren und zu befragen. Dabei schuf digiDEM Bayern mit einem Konzept f\u00fcr Online-Befragungen zus\u00e4tzlich eine kontaktlose Alternative zu den Befragungen im direkten Treffen.<\/p>\n\n\n\n<p><strong>Demenzregister und digitale Angebote<\/strong><\/p>\n\n\n\n<p>digiDEM Bayern ist ein interdisziplin\u00e4res Forschungsprojekt der Friedrich-Alexander-Universit\u00e4t Erlangen-N\u00fcrnberg, des Universit\u00e4tsklinikums Erlangen und des Innovationsclusters Medical Valley Europ\u00e4ische Metropolregion N\u00fcrnberg. Gef\u00f6rdert wird das Projekt vom Bayerischen Staatsministerium f\u00fcr Gesundheit und Pflege (StMGP) im Rahmen des Masterplans \u201eBAYERN DIGITAL II\u201c.<\/p>\n\n\n<div class=\"wp-block-image\">\n<figure class=\"alignright size-large is-resized\"><img decoding=\"async\" src=\"https:\/\/digidem-bayern.de\/wp-content\/uploads\/2022\/04\/400-Teilnehmende_FINALJPG-1030x618.png\" alt=\"digiDEM Bayern zielt darauf ab, die Lebensbedingungen von Menschen mit Ged\u00e4chtnisbeeintr\u00e4chtigungen oder Demenz und ihren Angeh\u00f6rigen zu verbessern.\" class=\"wp-image-18451\" width=\"462\" height=\"-1183\" srcset=\"https:\/\/digidem-bayern.de\/wp-content\/uploads\/2022\/04\/400-Teilnehmende_FINALJPG-1030x618.png 1030w, https:\/\/digidem-bayern.de\/wp-content\/uploads\/2022\/04\/400-Teilnehmende_FINALJPG-300x180.png 300w, https:\/\/digidem-bayern.de\/wp-content\/uploads\/2022\/04\/400-Teilnehmende_FINALJPG-768x461.png 768w, https:\/\/digidem-bayern.de\/wp-content\/uploads\/2022\/04\/400-Teilnehmende_FINALJPG-583x350.png 583w, https:\/\/digidem-bayern.de\/wp-content\/uploads\/2022\/04\/400-Teilnehmende_FINALJPG.png 1237w\" sizes=\"(max-width: 1030px) 100vw, 1030px\" \/><figcaption class=\"wp-element-caption\">Grafik: digiDEM Bayern<\/figcaption><\/figure>\n<\/div>\n\n\n<p>Das Projekt besteht aus zwei S\u00e4ulen: Zum einen baut digiDEM Bayern ein digitales Demenzregister f\u00fcr Bayern auf, um den Langzeitverlauf der Erkrankung besser zu verstehen und die Versorgungssituation von Menschen mit Demenz und deren Angeh\u00f6rigen in ganz Bayern abbilden zu k\u00f6nnen. Daf\u00fcr werden aktuell Menschen mit leichten kognitiven Beeintr\u00e4chtigungen oder Demenz und ihre pflegenden Angeh\u00f6rigen zu ihrer Situation systematisch befragt. Dar\u00fcber hinaus werden digitale Angebote f\u00fcr Menschen mit kognitiven Einschr\u00e4nkungen und Demenz sowie f\u00fcr pflegende Angeh\u00f6rige und ehrenamtliche Helfer*innen entwickelt. So gibt es seit Januar 2021 beispielsweise die \u201eAngeh\u00f6rigenampel\u201c: einen kostenlosen, anonymen Selbsttest, der pflegenden Angeh\u00f6rigen mittels gezielter Fragen den Grad ihrer pers\u00f6nlichen Belastung anzeigt und ihnen damit einen Ansto\u00df zur Ver\u00e4nderung der Lebenssituation gibt.<\/p>\n\n\n\n<p><strong>Aufruf zur Teilnahme an digiDEM<\/strong><\/p>\n\n\n\n<p>Das Versorgungsforschungsprojekt digiDEM Bayern zielt darauf ab, die Lebensbedingungen von Menschen mit Ged\u00e4chtnisbeeintr\u00e4chtigungen oder Demenz und ihren Angeh\u00f6rigen zu verbessern. Daf\u00fcr suchen wir weiterhin Teilnehmende in ganz Bayern:<\/p>\n\n\n\n<p>\u2022&nbsp;&nbsp;&nbsp;&nbsp;&nbsp;&nbsp;&nbsp;&nbsp;&nbsp; Forschungspartner: Als Forschungspartner befragen Sie Betroffene im Verlauf von drei Jahren zu ihrer Versorgungssituation. In Frage kommen zum Beispiel Ged\u00e4chtnisambulanzen, Beratungsstellen, Fachstellen f\u00fcr pflegende Angeh\u00f6rige oder Arztpraxen. Sie k\u00f6nnen die Befragungen auch als Privatperson durchf\u00fchren.<\/p>\n\n\n\n<p>\u2022&nbsp;&nbsp;&nbsp;&nbsp;&nbsp;&nbsp;&nbsp;&nbsp;&nbsp; Betroffene: Sie leiden unter Ged\u00e4chtnisproblemen oder bemerken dies verst\u00e4rkt bei einem Angeh\u00f6rigen? In pers\u00f6nlich gef\u00fchrten Befragungen haben Sie die M\u00f6glichkeit, Ihre Situation zu schildern. Tragen Sie aktiv dazu bei, die Versorgungssituation nachhaltig zu verbessern.<\/p>\n\n\n\n<p>Weiter Informationen finden Sie auf der Webseite: <a href=\"https:\/\/digidem-bayern.de\/en\/\">www.digidem-bayern.de<\/a><\/p>\n\n\n\n<p><\/p>\n\n\n\n<p><strong>Pressekontakt:<\/strong><\/p>\n\n\n\n<p>digiDEM Bayern Presse &amp; Kommunikation<\/p>\n\n\n\n<p>Tel.: 09131 \u2013 85 35858<\/p>\n\n\n\n<div class=\"wp-block-stackable-button-group stk-block-button-group stk-block stk-7a4d366\" data-block-id=\"7a4d366\"><style>.stk-7a4d366{max-width:386px !important;min-width:auto !important}<\/style><div class=\"stk-row stk-inner-blocks has-text-align-center stk-block-content stk-button-group\">\n<div class=\"wp-block-stackable-button stk-block-button stk-block stk-0ffa912\" data-block-id=\"0ffa912\"><style>.stk-0ffa912,.stk-0ffa912 .stk-button{width:100% !important}.stk-0ffa912 .stk-button{border-radius:5px !important;overflow:hidden !important}<\/style><a class=\"stk-link stk-button stk--hover-effect-darken\" href=\"https:\/\/digidem-bayern.de\/en\/download\/24418\/?tmstv=1667825582\"><span class=\"stk-button__inner-text\">Pressemitteilung Herunterladen<\/span><\/a><\/div>\n<\/div><\/div>\n\n\n\n<div style=\"height:20px\" aria-hidden=\"true\" class=\"wp-block-spacer\"><\/div>","protected":false},"excerpt":{"rendered":"<p>Am 08.12.2021 konnte der 400. Teilnehmende f\u00fcr das Projekt digiDEM Bayern gewonnen und befragt werden. Die Projektphase von digiDEM Bayern startete am 01.01.2021. Innerhalb eines Jahres wurden bislang 400 Menschen mit leichten kognitiven Einschr\u00e4nkungen (MCI) und Menschen mit Demenz sowie ihre pflegenden Angeh\u00f6rigen zu ihrer Versorgungssituation befragt. Trotz erschwerter Bedingungen &hellip;<\/p>","protected":false},"author":12,"featured_media":0,"comment_status":"open","ping_status":"closed","sticky":false,"template":"","format":"standard","meta":{"qubely_global_settings":"","qubely_interactions":"","_uag_custom_page_level_css":"","footnotes":""},"categories":[443],"tags":[13,455,12,112,14,17,55,330,223,217],"class_list":["post-20565","post","type-post","status-publish","format-standard","hentry","category-pressemitteilungen","tag-alzheimer","tag-bayerisches-staatsministerium-fuer-gesundheit-und-pflege","tag-demenz-2","tag-demenzdiagnose","tag-digidem","tag-digidem-bayern","tag-digitales-demenzregister-bayern","tag-kognitive-beeintraechtigung","tag-pressemitteilungen","tag-senioren"],"qubely_featured_image_url":null,"qubely_author":{"display_name":"Ilona H\u00f6rath","author_link":"https:\/\/digidem-bayern.de\/en\/author\/hoeratia\/"},"qubely_comment":0,"qubely_category":"<a href=\"https:\/\/digidem-bayern.de\/en\/category\/pressemitteilungen\/\" rel=\"category tag\">Pressemitteilungen<\/a>","qubely_excerpt":"Am 08.12.2021 konnte der 400. Teilnehmende f\u00fcr das Projekt digiDEM Bayern gewonnen und befragt werden. Die Projektphase von digiDEM Bayern startete am 01.01.2021. Innerhalb eines Jahres wurden bislang 400 Menschen mit leichten kognitiven Einschr\u00e4nkungen (MCI) und Menschen mit Demenz sowie ihre pflegenden Angeh\u00f6rigen zu ihrer Versorgungssituation befragt. Trotz erschwerter Bedingungen &hellip;","featured_image_urls_v2":{"full":"","thumbnail":"","medium":"","medium_large":"","large":"","1536x1536":"","2048x2048":"","trp-custom-language-flag":"","qubely_landscape":"","qubely_portrait":"","qubely_thumbnail":"","post-thumbnail":"","kahuna-featured":"","kahuna-featured-lp":"","kahuna-featured-half":"","kahuna-featured-third":"","kahuna-lpbox-1":"","kahuna-lpbox-2":"","demand-language-flag":"","dddkt-language-flag":"","ddiqc-language-flag":"","ddtl-language-flag":"","mailpoet_newsletter_max":"","kahuna-lpbox-3":"","kahuna-featured-square":"","kahuna-featured-square-large":""},"post_excerpt_stackable_v2":"<p>Am 08.12.2021 konnte der 400. Teilnehmende f\u00fcr das Projekt digiDEM Bayern gewonnen und befragt werden. Die Projektphase von digiDEM Bayern startete am 01.01.2021. Innerhalb eines Jahres wurden bislang 400 Menschen mit leichten kognitiven Einschr\u00e4nkungen (MCI) und Menschen mit Demenz sowie ihre pflegenden Angeh\u00f6rigen zu ihrer Versorgungssituation befragt. Trotz erschwerter Bedingungen im Rahmen der COVID-19 Pandemie gelang es den digiDEM Forschungspartner*innen bayernweit zahlreiche Teilnehmende zu kontaktieren und zu befragen. Dabei schuf digiDEM Bayern mit einem Konzept f\u00fcr Online-Befragungen zus\u00e4tzlich eine kontaktlose Alternative zu den Befragungen im direkten Treffen. Demenzregister und digitale Angebote digiDEM Bayern ist ein interdisziplin\u00e4res Forschungsprojekt der Friedrich-Alexander-Universit\u00e4t Erlangen-N\u00fcrnberg,&hellip;<\/p>\n","category_list_v2":"<a href=\"https:\/\/digidem-bayern.de\/en\/category\/pressemitteilungen\/\" rel=\"category tag\">Pressemitteilungen<\/a>","author_info_v2":{"name":"Ilona H\u00f6rath","url":"https:\/\/digidem-bayern.de\/en\/author\/hoeratia\/"},"comments_num_v2":"0 comments","yoast_head":"<!-- This site is optimized with the Yoast SEO plugin v27.5 - https:\/\/yoast.com\/product\/yoast-seo-wordpress\/ -->\n<title>400 Teilnehmende in digiDEM Bayern eingeschlossen - digiDEM Bayern<\/title>\n<meta name=\"description\" content=\"Der Bayerische Landesapothekerkammer unterst\u00fctzt digiDEM Bayern mit Hilfe des Netzwerks &quot;Demenzfreundliche Apotheken&quot;.\" \/>\n<meta name=\"robots\" content=\"index, follow, max-snippet:-1, max-image-preview:large, max-video-preview:-1\" \/>\n<link rel=\"canonical\" href=\"https:\/\/digidem-bayern.de\/en\/pressemitteilung-400-teilnehmende-in-digidem-bayern-eingeschlossen\/\" \/>\n<meta property=\"og:locale\" content=\"en_US\" \/>\n<meta property=\"og:type\" content=\"article\" \/>\n<meta property=\"og:title\" content=\"400 Teilnehmende in digiDEM Bayern eingeschlossen - digiDEM Bayern\" \/>\n<meta property=\"og:description\" content=\"Der Bayerische Landesapothekerkammer unterst\u00fctzt digiDEM Bayern mit Hilfe des Netzwerks &quot;Demenzfreundliche Apotheken&quot;.\" \/>\n<meta property=\"og:url\" content=\"https:\/\/digidem-bayern.de\/en\/pressemitteilung-400-teilnehmende-in-digidem-bayern-eingeschlossen\/\" \/>\n<meta property=\"og:site_name\" content=\"digiDEM Bayern\" \/>\n<meta property=\"article:publisher\" content=\"https:\/\/www.facebook.com\/digiDEMBayern\/\" \/>\n<meta property=\"article:published_time\" content=\"2021-12-09T13:02:00+00:00\" \/>\n<meta property=\"article:modified_time\" content=\"2022-11-09T14:04:03+00:00\" \/>\n<meta property=\"og:image\" content=\"https:\/\/digidem-bayern.de\/wp-content\/uploads\/2022\/04\/400-Teilnehmende_FINALJPG.png\" \/>\n\t<meta property=\"og:image:width\" content=\"1237\" \/>\n\t<meta property=\"og:image:height\" content=\"742\" \/>\n\t<meta property=\"og:image:type\" content=\"image\/png\" \/>\n<meta name=\"author\" content=\"Ilona H\u00f6rath\" \/>\n<meta name=\"twitter:label1\" content=\"Written by\" \/>\n\t<meta name=\"twitter:data1\" content=\"Ilona H\u00f6rath\" \/>\n\t<meta name=\"twitter:label2\" content=\"Est. reading time\" \/>\n\t<meta name=\"twitter:data2\" content=\"2 minutes\" \/>\n<script type=\"application\/ld+json\" class=\"yoast-schema-graph\">{\"@context\":\"https:\\\/\\\/schema.org\",\"@graph\":[{\"@type\":\"Article\",\"@id\":\"https:\\\/\\\/digidem-bayern.de\\\/pressemitteilung-400-teilnehmende-in-digidem-bayern-eingeschlossen\\\/#article\",\"isPartOf\":{\"@id\":\"https:\\\/\\\/digidem-bayern.de\\\/pressemitteilung-400-teilnehmende-in-digidem-bayern-eingeschlossen\\\/\"},\"author\":{\"name\":\"Ilona H\u00f6rath\",\"@id\":\"\\\/#\\\/schema\\\/person\\\/0bc1494f46fc2a051c761322a80e0941\"},\"headline\":\"400 Teilnehmende in digiDEM Bayern eingeschlossen\",\"datePublished\":\"2021-12-09T13:02:00+00:00\",\"dateModified\":\"2022-11-09T14:04:03+00:00\",\"mainEntityOfPage\":{\"@id\":\"https:\\\/\\\/digidem-bayern.de\\\/pressemitteilung-400-teilnehmende-in-digidem-bayern-eingeschlossen\\\/\"},\"wordCount\":433,\"commentCount\":0,\"publisher\":{\"@id\":\"\\\/#organization\"},\"image\":{\"@id\":\"https:\\\/\\\/digidem-bayern.de\\\/pressemitteilung-400-teilnehmende-in-digidem-bayern-eingeschlossen\\\/#primaryimage\"},\"thumbnailUrl\":\"https:\\\/\\\/digidem-bayern.de\\\/wp-content\\\/uploads\\\/2022\\\/04\\\/400-Teilnehmende_FINALJPG-1030x618.png\",\"keywords\":[\"Alzheimer\",\"Bayerisches Staatsministerium f\u00fcr Gesundheit und Pflege\",\"Demenz\",\"Demenzdiagnose\",\"digidem\",\"digidem Bayern\",\"Digitales Demenzregister Bayern\",\"kognitive Beeintr\u00e4chtigung\",\"Pressemitteilungen\",\"Senioren\"],\"articleSection\":[\"Pressemitteilungen\"],\"inLanguage\":\"en-US\",\"potentialAction\":[{\"@type\":\"CommentAction\",\"name\":\"Comment\",\"target\":[\"https:\\\/\\\/digidem-bayern.de\\\/pressemitteilung-400-teilnehmende-in-digidem-bayern-eingeschlossen\\\/#respond\"]}]},{\"@type\":\"WebPage\",\"@id\":\"https:\\\/\\\/digidem-bayern.de\\\/pressemitteilung-400-teilnehmende-in-digidem-bayern-eingeschlossen\\\/\",\"url\":\"https:\\\/\\\/digidem-bayern.de\\\/pressemitteilung-400-teilnehmende-in-digidem-bayern-eingeschlossen\\\/\",\"name\":\"400 Teilnehmende in digiDEM Bayern eingeschlossen - digiDEM Bayern\",\"isPartOf\":{\"@id\":\"\\\/#website\"},\"primaryImageOfPage\":{\"@id\":\"https:\\\/\\\/digidem-bayern.de\\\/pressemitteilung-400-teilnehmende-in-digidem-bayern-eingeschlossen\\\/#primaryimage\"},\"image\":{\"@id\":\"https:\\\/\\\/digidem-bayern.de\\\/pressemitteilung-400-teilnehmende-in-digidem-bayern-eingeschlossen\\\/#primaryimage\"},\"thumbnailUrl\":\"https:\\\/\\\/digidem-bayern.de\\\/wp-content\\\/uploads\\\/2022\\\/04\\\/400-Teilnehmende_FINALJPG-1030x618.png\",\"datePublished\":\"2021-12-09T13:02:00+00:00\",\"dateModified\":\"2022-11-09T14:04:03+00:00\",\"description\":\"Der Bayerische Landesapothekerkammer unterst\u00fctzt digiDEM Bayern mit Hilfe des Netzwerks \\\"Demenzfreundliche Apotheken\\\".\",\"breadcrumb\":{\"@id\":\"https:\\\/\\\/digidem-bayern.de\\\/pressemitteilung-400-teilnehmende-in-digidem-bayern-eingeschlossen\\\/#breadcrumb\"},\"inLanguage\":\"en-US\",\"potentialAction\":[{\"@type\":\"ReadAction\",\"target\":[\"https:\\\/\\\/digidem-bayern.de\\\/pressemitteilung-400-teilnehmende-in-digidem-bayern-eingeschlossen\\\/\"]}]},{\"@type\":\"ImageObject\",\"inLanguage\":\"en-US\",\"@id\":\"https:\\\/\\\/digidem-bayern.de\\\/pressemitteilung-400-teilnehmende-in-digidem-bayern-eingeschlossen\\\/#primaryimage\",\"url\":\"https:\\\/\\\/digidem-bayern.de\\\/wp-content\\\/uploads\\\/2022\\\/04\\\/400-Teilnehmende_FINALJPG-1030x618.png\",\"contentUrl\":\"https:\\\/\\\/digidem-bayern.de\\\/wp-content\\\/uploads\\\/2022\\\/04\\\/400-Teilnehmende_FINALJPG-1030x618.png\"},{\"@type\":\"BreadcrumbList\",\"@id\":\"https:\\\/\\\/digidem-bayern.de\\\/pressemitteilung-400-teilnehmende-in-digidem-bayern-eingeschlossen\\\/#breadcrumb\",\"itemListElement\":[{\"@type\":\"ListItem\",\"position\":1,\"name\":\"Startseite\",\"item\":\"https:\\\/\\\/digidem-bayern.de\\\/\"},{\"@type\":\"ListItem\",\"position\":2,\"name\":\"400 Teilnehmende in digiDEM Bayern eingeschlossen\"}]},{\"@type\":\"WebSite\",\"@id\":\"\\\/#website\",\"url\":\"\\\/\",\"name\":\"digiDEM Bayern\",\"description\":\"Das digitale Demenzregister Bayern erforscht und verbessert die Angebotsstuktur f\u00fcr Menschen mit Demenz und deren Angeh\u00f6rige\",\"publisher\":{\"@id\":\"\\\/#organization\"},\"potentialAction\":[{\"@type\":\"SearchAction\",\"target\":{\"@type\":\"EntryPoint\",\"urlTemplate\":\"\\\/?s={search_term_string}\"},\"query-input\":{\"@type\":\"PropertyValueSpecification\",\"valueRequired\":true,\"valueName\":\"search_term_string\"}}],\"inLanguage\":\"en-US\"},{\"@type\":\"Organization\",\"@id\":\"\\\/#organization\",\"name\":\"digiDEM Bayern\",\"url\":\"\\\/\",\"logo\":{\"@type\":\"ImageObject\",\"inLanguage\":\"en-US\",\"@id\":\"\\\/#\\\/schema\\\/logo\\\/image\\\/\",\"url\":\"https:\\\/\\\/digidem-bayern.de\\\/wp-content\\\/uploads\\\/2022\\\/03\\\/cropped-Allgemeines_digiDEMLOGO-removebg-preview.png\",\"contentUrl\":\"https:\\\/\\\/digidem-bayern.de\\\/wp-content\\\/uploads\\\/2022\\\/03\\\/cropped-Allgemeines_digiDEMLOGO-removebg-preview.png\",\"width\":612,\"height\":357,\"caption\":\"digiDEM Bayern\"},\"image\":{\"@id\":\"\\\/#\\\/schema\\\/logo\\\/image\\\/\"},\"sameAs\":[\"https:\\\/\\\/www.facebook.com\\\/digiDEMBayern\\\/\",\"https:\\\/\\\/x.com\\\/digidem_bayern\",\"https:\\\/\\\/www.instagram.com\\\/digidem.bayern\",\"https:\\\/\\\/www.linkedin.com\\\/company\\\/digidem-bayern\\\/\"]},{\"@type\":\"Person\",\"@id\":\"\\\/#\\\/schema\\\/person\\\/0bc1494f46fc2a051c761322a80e0941\",\"name\":\"Ilona H\u00f6rath\",\"url\":\"https:\\\/\\\/digidem-bayern.de\\\/en\\\/author\\\/hoeratia\\\/\"}]}<\/script>\n<!-- \/ Yoast SEO plugin. -->","yoast_head_json":{"title":"400 Teilnehmende in digiDEM Bayern eingeschlossen - digiDEM Bayern","description":"Der Bayerische Landesapothekerkammer unterst\u00fctzt digiDEM Bayern mit Hilfe des Netzwerks \"Demenzfreundliche Apotheken\".","robots":{"index":"index","follow":"follow","max-snippet":"max-snippet:-1","max-image-preview":"max-image-preview:large","max-video-preview":"max-video-preview:-1"},"canonical":"https:\/\/digidem-bayern.de\/en\/pressemitteilung-400-teilnehmende-in-digidem-bayern-eingeschlossen\/","og_locale":"en_US","og_type":"article","og_title":"400 Teilnehmende in digiDEM Bayern eingeschlossen - digiDEM Bayern","og_description":"Der Bayerische Landesapothekerkammer unterst\u00fctzt digiDEM Bayern mit Hilfe des Netzwerks \"Demenzfreundliche Apotheken\".","og_url":"https:\/\/digidem-bayern.de\/en\/pressemitteilung-400-teilnehmende-in-digidem-bayern-eingeschlossen\/","og_site_name":"digiDEM Bayern","article_publisher":"https:\/\/www.facebook.com\/digiDEMBayern\/","article_published_time":"2021-12-09T13:02:00+00:00","article_modified_time":"2022-11-09T14:04:03+00:00","og_image":[{"width":1237,"height":742,"url":"https:\/\/digidem-bayern.de\/wp-content\/uploads\/2022\/04\/400-Teilnehmende_FINALJPG.png","type":"image\/png"}],"author":"Ilona H\u00f6rath","twitter_misc":{"Written by":"Ilona H\u00f6rath","Est. reading time":"2 minutes"},"schema":{"@context":"https:\/\/schema.org","@graph":[{"@type":"Article","@id":"https:\/\/digidem-bayern.de\/pressemitteilung-400-teilnehmende-in-digidem-bayern-eingeschlossen\/#article","isPartOf":{"@id":"https:\/\/digidem-bayern.de\/pressemitteilung-400-teilnehmende-in-digidem-bayern-eingeschlossen\/"},"author":{"name":"Ilona H\u00f6rath","@id":"\/#\/schema\/person\/0bc1494f46fc2a051c761322a80e0941"},"headline":"400 Teilnehmende in digiDEM Bayern eingeschlossen","datePublished":"2021-12-09T13:02:00+00:00","dateModified":"2022-11-09T14:04:03+00:00","mainEntityOfPage":{"@id":"https:\/\/digidem-bayern.de\/pressemitteilung-400-teilnehmende-in-digidem-bayern-eingeschlossen\/"},"wordCount":433,"commentCount":0,"publisher":{"@id":"\/#organization"},"image":{"@id":"https:\/\/digidem-bayern.de\/pressemitteilung-400-teilnehmende-in-digidem-bayern-eingeschlossen\/#primaryimage"},"thumbnailUrl":"https:\/\/digidem-bayern.de\/wp-content\/uploads\/2022\/04\/400-Teilnehmende_FINALJPG-1030x618.png","keywords":["Alzheimer","Bayerisches Staatsministerium f\u00fcr Gesundheit und Pflege","Demenz","Demenzdiagnose","digidem","digidem Bayern","Digitales Demenzregister Bayern","kognitive Beeintr\u00e4chtigung","Pressemitteilungen","Senioren"],"articleSection":["Pressemitteilungen"],"inLanguage":"en-US","potentialAction":[{"@type":"CommentAction","name":"Comment","target":["https:\/\/digidem-bayern.de\/pressemitteilung-400-teilnehmende-in-digidem-bayern-eingeschlossen\/#respond"]}]},{"@type":"WebPage","@id":"https:\/\/digidem-bayern.de\/pressemitteilung-400-teilnehmende-in-digidem-bayern-eingeschlossen\/","url":"https:\/\/digidem-bayern.de\/pressemitteilung-400-teilnehmende-in-digidem-bayern-eingeschlossen\/","name":"400 Teilnehmende in digiDEM Bayern eingeschlossen - digiDEM Bayern","isPartOf":{"@id":"\/#website"},"primaryImageOfPage":{"@id":"https:\/\/digidem-bayern.de\/pressemitteilung-400-teilnehmende-in-digidem-bayern-eingeschlossen\/#primaryimage"},"image":{"@id":"https:\/\/digidem-bayern.de\/pressemitteilung-400-teilnehmende-in-digidem-bayern-eingeschlossen\/#primaryimage"},"thumbnailUrl":"https:\/\/digidem-bayern.de\/wp-content\/uploads\/2022\/04\/400-Teilnehmende_FINALJPG-1030x618.png","datePublished":"2021-12-09T13:02:00+00:00","dateModified":"2022-11-09T14:04:03+00:00","description":"Der Bayerische Landesapothekerkammer unterst\u00fctzt digiDEM Bayern mit Hilfe des Netzwerks \"Demenzfreundliche Apotheken\".","breadcrumb":{"@id":"https:\/\/digidem-bayern.de\/pressemitteilung-400-teilnehmende-in-digidem-bayern-eingeschlossen\/#breadcrumb"},"inLanguage":"en-US","potentialAction":[{"@type":"ReadAction","target":["https:\/\/digidem-bayern.de\/pressemitteilung-400-teilnehmende-in-digidem-bayern-eingeschlossen\/"]}]},{"@type":"ImageObject","inLanguage":"en-US","@id":"https:\/\/digidem-bayern.de\/pressemitteilung-400-teilnehmende-in-digidem-bayern-eingeschlossen\/#primaryimage","url":"https:\/\/digidem-bayern.de\/wp-content\/uploads\/2022\/04\/400-Teilnehmende_FINALJPG-1030x618.png","contentUrl":"https:\/\/digidem-bayern.de\/wp-content\/uploads\/2022\/04\/400-Teilnehmende_FINALJPG-1030x618.png"},{"@type":"BreadcrumbList","@id":"https:\/\/digidem-bayern.de\/pressemitteilung-400-teilnehmende-in-digidem-bayern-eingeschlossen\/#breadcrumb","itemListElement":[{"@type":"ListItem","position":1,"name":"Startseite","item":"https:\/\/digidem-bayern.de\/"},{"@type":"ListItem","position":2,"name":"400 Teilnehmende in digiDEM Bayern eingeschlossen"}]},{"@type":"WebSite","@id":"\/#website","url":"\/","name":"digiDEM Bavaria","description":"The digital dementia register in Bavaria researches and improves the structure of services for people with dementia and their relatives","publisher":{"@id":"\/#organization"},"potentialAction":[{"@type":"SearchAction","target":{"@type":"EntryPoint","urlTemplate":"\/?s={search_term_string}"},"query-input":{"@type":"PropertyValueSpecification","valueRequired":true,"valueName":"search_term_string"}}],"inLanguage":"en-US"},{"@type":"Organization","@id":"\/#organization","name":"digiDEM Bavaria","url":"\/","logo":{"@type":"ImageObject","inLanguage":"en-US","@id":"\/#\/schema\/logo\/image\/","url":"https:\/\/digidem-bayern.de\/wp-content\/uploads\/2022\/03\/cropped-Allgemeines_digiDEMLOGO-removebg-preview.png","contentUrl":"https:\/\/digidem-bayern.de\/wp-content\/uploads\/2022\/03\/cropped-Allgemeines_digiDEMLOGO-removebg-preview.png","width":612,"height":357,"caption":"digiDEM Bayern"},"image":{"@id":"\/#\/schema\/logo\/image\/"},"sameAs":["https:\/\/www.facebook.com\/digiDEMBayern\/","https:\/\/x.com\/digidem_bayern","https:\/\/www.instagram.com\/digidem.bayern","https:\/\/www.linkedin.com\/company\/digidem-bayern\/"]},{"@type":"Person","@id":"\/#\/schema\/person\/0bc1494f46fc2a051c761322a80e0941","name":"Ilona H\u00f6rath","url":"https:\/\/digidem-bayern.de\/en\/author\/hoeratia\/"}]}},"uagb_featured_image_src":{"full":false,"thumbnail":false,"medium":false,"medium_large":false,"large":false,"1536x1536":false,"2048x2048":false,"trp-custom-language-flag":false,"qubely_landscape":false,"qubely_portrait":false,"qubely_thumbnail":false,"post-thumbnail":false,"kahuna-featured":false,"kahuna-featured-lp":false,"kahuna-featured-half":false,"kahuna-featured-third":false,"kahuna-lpbox-1":false,"kahuna-lpbox-2":false,"demand-language-flag":false,"dddkt-language-flag":false,"ddiqc-language-flag":false,"ddtl-language-flag":false,"mailpoet_newsletter_max":false,"kahuna-lpbox-3":false,"kahuna-featured-square":false,"kahuna-featured-square-large":false},"uagb_author_info":{"display_name":"Ilona H\u00f6rath","author_link":"https:\/\/digidem-bayern.de\/en\/author\/hoeratia\/"},"uagb_comment_info":0,"uagb_excerpt":"Am 08.12.2021 konnte der 400. Teilnehmende f\u00fcr das Projekt digiDEM Bayern gewonnen und befragt werden. Die Projektphase von digiDEM Bayern startete am 01.01.2021. Innerhalb eines Jahres wurden bislang 400 Menschen mit leichten kognitiven Einschr\u00e4nkungen (MCI) und Menschen mit Demenz sowie ihre pflegenden Angeh\u00f6rigen zu ihrer Versorgungssituation befragt. Trotz erschwerter Bedingungen &hellip;","_links":{"self":[{"href":"https:\/\/digidem-bayern.de\/en\/wp-json\/wp\/v2\/posts\/20565","targetHints":{"allow":["GET"]}}],"collection":[{"href":"https:\/\/digidem-bayern.de\/en\/wp-json\/wp\/v2\/posts"}],"about":[{"href":"https:\/\/digidem-bayern.de\/en\/wp-json\/wp\/v2\/types\/post"}],"author":[{"embeddable":true,"href":"https:\/\/digidem-bayern.de\/en\/wp-json\/wp\/v2\/users\/12"}],"replies":[{"embeddable":true,"href":"https:\/\/digidem-bayern.de\/en\/wp-json\/wp\/v2\/comments?post=20565"}],"version-history":[{"count":6,"href":"https:\/\/digidem-bayern.de\/en\/wp-json\/wp\/v2\/posts\/20565\/revisions"}],"predecessor-version":[{"id":24421,"href":"https:\/\/digidem-bayern.de\/en\/wp-json\/wp\/v2\/posts\/20565\/revisions\/24421"}],"wp:attachment":[{"href":"https:\/\/digidem-bayern.de\/en\/wp-json\/wp\/v2\/media?parent=20565"}],"wp:term":[{"taxonomy":"category","embeddable":true,"href":"https:\/\/digidem-bayern.de\/en\/wp-json\/wp\/v2\/categories?post=20565"},{"taxonomy":"post_tag","embeddable":true,"href":"https:\/\/digidem-bayern.de\/en\/wp-json\/wp\/v2\/tags?post=20565"}],"curies":[{"name":"wp","href":"https:\/\/api.w.org\/{rel}","templated":true}]}}